{"id":4486,"date":"2021-12-23T10:38:53","date_gmt":"2021-12-23T09:38:53","guid":{"rendered":"https:\/\/blog.ccc.eu\/sk\/?p=4486"},"modified":"2023-01-27T11:45:34","modified_gmt":"2023-01-27T10:45:34","slug":"adventny-kalendar-upratovanie-satnika-podla-marie-kondo","status":"publish","type":"post","link":"https:\/\/blog.ccc.eu\/sk\/adventny-kalendar-upratovanie-satnika-podla-marie-kondo\/","title":{"rendered":"Adventn\u00fd kalend\u00e1r \u2013 upratovanie \u0161atn\u00edka pod\u013ea Marie Kondo"},"content":{"rendered":"\n<p><b>V niektor\u00fdch oblastiach u\u017e napadol prv\u00fd sneh a mnoh\u00fdch \u013eud\u00ed u\u017e&nbsp;prepadla&nbsp;vesel\u00e1 viano\u010dn\u00e1 n\u00e1lada. Aj vy milujete t\u00fa ka\u017edoro\u010dn\u00fa \u010darovn\u00fa atmosf\u00e9ru, tradi\u010dn\u00e9 viano\u010dn\u00e9 piesne, dekor\u00e1cie, v\u00f4\u0148u&nbsp;mandariniek, chutn\u00e9 jedlo a jedine\u010dn\u00e9 momenty s rodinou? Vianoce sa bl\u00ed\u017eia nezadr\u017eate\u013enou r\u00fdchlos\u0165ou a teraz je ide\u00e1lny \u010das sa na&nbsp;ne&nbsp;pripravi\u0165. Okrem nakupovania&nbsp;dar\u010dekov&nbsp;\u010di pr\u00edpravy&nbsp;medovn\u00ed\u010dkov&nbsp;a lineck\u00e9ho pe\u010diva v\u00e1s \u010dak\u00e1 aj menej ob\u013e\u00faben\u00e1 \u010dinnos\u0165 &#8211;&nbsp;predviano\u010dn\u00e9 upratovanie.<\/b><\/p>\n\n\n\n<figure class=\"wp-block-gallery has-nested-images columns-default is-cropped wp-block-gallery-1 is-layout-flex wp-block-gallery-is-layout-flex\">\n<figure class=\"wp-block-image size-large\"><img loading=\"lazy\" decoding=\"async\" width=\"683\" height=\"1024\" data-id=\"4568\" src=\"https:\/\/blog.ccc.eu\/sk\/wp-content\/uploads\/2021\/12\/pexels-sarah-chai-7282447-683x1024.jpg\" alt=\"\" class=\"wp-image-4568\" srcset=\"https:\/\/blog.ccc.eu\/sk\/wp-content\/uploads\/2021\/12\/pexels-sarah-chai-7282447-683x1024.jpg 683w, https:\/\/blog.ccc.eu\/sk\/wp-content\/uploads\/2021\/12\/pexels-sarah-chai-7282447-200x300.jpg 200w, https:\/\/blog.ccc.eu\/sk\/wp-content\/uploads\/2021\/12\/pexels-sarah-chai-7282447-768x1152.jpg 768w, https:\/\/blog.ccc.eu\/sk\/wp-content\/uploads\/2021\/12\/pexels-sarah-chai-7282447-100x150.jpg 100w, https:\/\/blog.ccc.eu\/sk\/wp-content\/uploads\/2021\/12\/pexels-sarah-chai-7282447.jpg 1000w\" sizes=\"auto, (max-width: 683px) 100vw, 683px\" \/><\/figure>\n\n\n\n<figure class=\"wp-block-image size-large\"><img loading=\"lazy\" decoding=\"async\" width=\"589\" height=\"750\" data-id=\"4569\" src=\"https:\/\/blog.ccc.eu\/sk\/wp-content\/uploads\/2021\/12\/pexels-victoria-borodinova-3315286.jpg\" alt=\"\" class=\"wp-image-4569\" srcset=\"https:\/\/blog.ccc.eu\/sk\/wp-content\/uploads\/2021\/12\/pexels-victoria-borodinova-3315286.jpg 589w, https:\/\/blog.ccc.eu\/sk\/wp-content\/uploads\/2021\/12\/pexels-victoria-borodinova-3315286-236x300.jpg 236w, https:\/\/blog.ccc.eu\/sk\/wp-content\/uploads\/2021\/12\/pexels-victoria-borodinova-3315286-100x127.jpg 100w\" sizes=\"auto, (max-width: 589px) 100vw, 589px\" \/><\/figure>\n<\/figure>\n\n\n\n<p>Ak vo va\u0161ej dom\u00e1cnosti vl\u00e1dne chaos a<b>&nbsp;mnoh\u00fdm veciam&nbsp;nedok\u00e1\u017eete&nbsp;n\u00e1js\u0165 miesto<\/b>, vedzte, \u017ee nie ste sami. V takmer ka\u017edej rodine sa n\u00e1jde aspo\u0148 jeden \u010dlovek, ktor\u00fd v\u0161etko r\u00e1d hromad\u00ed. \u010ci u\u017e ide o&nbsp;<a href=\"https:\/\/ccc.eu\/sk\/oblecenie\/damske\" target=\"_blank\" rel=\"noreferrer noopener\"><b>oble\u010denie<\/b><\/a>,&nbsp;<a href=\"https:\/\/ccc.eu\/sk\/damske\/topanky\" target=\"_blank\" rel=\"noreferrer noopener\"><b>top\u00e1nky<\/b><\/a>, staro\u017eitnosti, n\u00e1bytok, so\u0161ky z dovoleniek, typickou vetou je:<em>&nbsp;\u201e\u010co ak to e\u0161te niekedy vyu\u017eijeme?\u201d<\/em><\/p>\n\n\n\n<p>Mo\u017eno v\u00e1m je \u013e\u00fato vyhodi\u0165 obrus od starej mamy, ale treba si uvedomi\u0165, \u017ee&nbsp;<b>hromaden\u00edm sa z va\u0161ej dom\u00e1cnosti stane smetisko<\/b>. Pred Vianocami teda m\u00f4\u017eete zisti\u0165, \u017ee tie haldy zbyto\u010dnost\u00ed nem\u00e1te kam umiestni\u0165. To znamen\u00e1, \u017ee je \u010das na gener\u00e1lne upratovanie.<\/p>\n\n\n\n<h2 class=\"wp-block-heading\"><b>In\u0161pirujte sa tipmi na upratovanie pod\u013ea&nbsp;Marie&nbsp;Kondo&nbsp;<\/b><\/h2>\n\n\n\n<p>Ak neviete, ako sa z toho chaosu vymota\u0165, m\u00f4\u017eu v\u00e1m pom\u00f4c\u0165&nbsp;<b>u\u017eito\u010dn\u00e9 tipy od japonskej spisovate\u013eky a odborn\u00ed\u010dky na organiz\u00e1ciu a poriadok &#8211;&nbsp;Marie&nbsp;Kondo<\/b>, ktor\u00e1 vymyslela revolu\u010dn\u00fa met\u00f3du&nbsp;<a href=\"https:\/\/konmari.com\/\" target=\"_blank\" rel=\"noreferrer noopener\"><b>KonMari<\/b><\/a>.&nbsp;Marie&nbsp;\u0161\u00edri my\u0161lienku, \u017ee upratovanie by malo by\u0165 z\u00e1bava, nie utrpenie, dokonca nap\u00edsala dve knihy, v ktor\u00fdch sa tejto t\u00e9me podrobne venuje.&nbsp;&nbsp;<\/p>\n\n\n\n<p>Jej filozofia je postaven\u00e1 na dvoch princ\u00edpoch &#8211;<b>&nbsp;vyradi\u0165 veci, ktor\u00e9 nepotrebujete<\/b>&nbsp;a t\u00fdm&nbsp;<b>ostatn\u00fdm n\u00e1js\u0165 priestor<\/b>. Znie to jednoducho, ale v praxi to m\u00f4\u017ee by\u0165 boj.&nbsp;Marie&nbsp;sa riadi minimalizmom a je presved\u010den\u00e1 o tom, \u017ee&nbsp;<b>\u013eudia by sa mali obklopi\u0165 len t\u00fdmi vecami, ktor\u00e9 im robia rados\u0165<\/b>. Met\u00f3da&nbsp;KonMari&nbsp;je in\u0161pirovan\u00e1&nbsp;\u0161intoizmom&nbsp;a zameriava sa na to, \u010do si ponecha\u0165 a nie na to, \u010do vyhodi\u0165. U\u010d\u00ed \u013eud\u00ed v\u00e1\u017ei\u0165 si v\u0161etko, \u010do maj\u00fa.&nbsp;&nbsp;<\/p>\n\n\n\n<p>\u013dudia sa net\u00fa\u017eia c\u00edti\u0165 dobre len na Vianoce, ale celoro\u010dne, preto sa in\u0161pirujte praktick\u00fdmi radami, ktor\u00e9 v\u00e1m pom\u00f4\u017eu uprata\u0165 a udr\u017ea\u0165 v poriadku v\u00e1\u0161 \u0161atn\u00edk.&nbsp;&nbsp;<\/p>\n\n\n\n<h2 class=\"wp-block-heading\"><b>Rozde\u013ete svoje veci pod\u013ea kateg\u00f3ri\u00ed&nbsp;<\/b><\/h2>\n\n\n\n<p>V dne\u0161nom \u010dl\u00e1nku sa zameriame na upratovanie&nbsp;<a href=\"https:\/\/ccc.eu\/sk\/oblecenie\/damske\" target=\"_blank\" rel=\"noreferrer noopener\"><b>oble\u010denia<\/b><\/a><b>&nbsp;<\/b>a<b>&nbsp;<\/b><a href=\"https:\/\/ccc.eu\/sk\/damske\/topanky\" target=\"_blank\" rel=\"noreferrer noopener\"><b>obuvi<\/b><\/a><b>,&nbsp;<\/b>preto\u017ee vieme, \u017ee ve\u013ea \u013eud\u00ed m\u00e1 probl\u00e9m udr\u017eiava\u0165 vo svojom \u0161atn\u00edku poriadok. Vyberte svoje veci zo v\u0161etk\u00fdch skr\u00ed\u0148, ktor\u00e9 sa u v\u00e1s doma nach\u00e1dzaj\u00fa. Polo\u017ete ich na jednu ve\u013ek\u00fa kopu a rozde\u013ete ich pod\u013ea kateg\u00f3ri\u00ed na:&nbsp;<\/p>\n\n\n\n<ul class=\"wp-block-list\">\n<li><b>bielize\u0148<\/b>&nbsp;(<a href=\"https:\/\/ccc.eu\/sk\/doplnky\/damske\/ponozky\" target=\"_blank\" rel=\"noreferrer noopener\"><b>pono\u017eky<\/b><\/a>,&nbsp;<a href=\"https:\/\/ccc.eu\/sk\/oblecenie\/damske\/spodna-bielizen\" target=\"_blank\" rel=\"noreferrer noopener\"><b>spodn\u00e9 pr\u00e1dlo<\/b><\/a>,&nbsp;<b>podprsenky<\/b>, <a href=\"https:\/\/ccc.eu\/sk\/doplnky\/damske\/pancuchy\"><b>pan\u010duchy<\/b><\/a>)&nbsp;<\/li>\n\n\n\n<li><b>spodn\u00e9 \u010dasti oble\u010denia<\/b>&nbsp;(<a href=\"https:\/\/ccc.eu\/sk\/oblecenie\/damske\/nohavice\" target=\"_blank\" rel=\"noreferrer noopener\"><b>nohavice<\/b><\/a>,&nbsp;<a href=\"https:\/\/ccc.eu\/sk\/oblecenie\/damske\/tricka\" target=\"_blank\" rel=\"noreferrer noopener\"><b>tri\u010dk\u00e1<\/b><\/a>,&nbsp;<b>ten\u0161ie<\/b>&nbsp;<b>mikiny a svetre<\/b>)&nbsp;<\/li>\n\n\n\n<li><b>vrchn\u00e9 \u010dasti oble\u010denia<\/b>&nbsp;<b>(bundy<\/b>,&nbsp;<a href=\"https:\/\/ccc.eu\/sk\/oblecenie\/damske\/mikiny\" target=\"_blank\" rel=\"noreferrer noopener\"><b>hrub\u00e9 mikin<\/b><\/a>y, kab\u00e1ty, tren\u010dkoty)&nbsp;<\/li>\n\n\n\n<li><a href=\"https:\/\/ccc.eu\/sk\/damske\/topanky\" target=\"_blank\" rel=\"noreferrer noopener\"><b>obuv<\/b><\/a>&nbsp;<\/li>\n<\/ul>\n\n\n\n<p>Marie&nbsp;zd\u00f4raz\u0148uje, aby ste<b>&nbsp;ve\u0161ali \u010do najmenej oble\u010denia<\/b>, preto\u017ee inak by ste zbyto\u010dne zabrali ve\u013ea priestoru. Na ve\u0161iaky si&nbsp;<b>zaveste len hrub\u00e9 oble\u010denie<\/b>, ktor\u00e9 sa \u0165a\u017eko sklad\u00e1 a&nbsp;<b>k\u00fasky z \u013eahk\u00e9ho&nbsp;kr\u010div\u00e9ho&nbsp;materi\u00e1lu<\/b>. Expertka na organiz\u00e1ciu a upratovanie vo svojich knih\u00e1ch a YouTube vide\u00e1ch u\u010d\u00ed aj to, ako na efekt\u00edvne&nbsp;<a href=\"https:\/\/www.youtube.com\/watch?v=yXQt6aXME7s\" target=\"_blank\" rel=\"noreferrer noopener\"><b>skladanie oble\u010denia<\/b><\/a>.&nbsp;&nbsp;<\/p>\n\n\n\n\n\n<h2 class=\"wp-block-heading\"><b>Nau\u010dte sa sklada\u0165 vertik\u00e1lne&nbsp;<\/b><\/h2>\n\n\n\n<p>Kvant\u00e1 oble\u010denia maj\u00fa najm\u00e4 \u017eeny a \u010dasto rie\u0161ia probl\u00e9m s nedostatkom \u00falo\u017en\u00e9ho priestoru. Prv\u00fdm sl\u00e1vnym tipom od&nbsp;Marie&nbsp;Kondo&nbsp;je&nbsp;<b>vertik\u00e1lne skladanie oble\u010denia<\/b>&nbsp;<b>do obd\u013a\u017enikov,<\/b>&nbsp;v\u010faka ktor\u00e9mu u\u0161etr\u00edte v skrini naozaj ve\u013ea miesta a pred\u00eddete pokr\u010deniu \u010eal\u0161ou v\u00fdhodou je, \u017ee budete ma\u0165 preh\u013ead o tom, \u010do sa kde nach\u00e1dza a nebudete musie\u0165 prevr\u00e1ti\u0165 cel\u00fd \u0161atn\u00edk hore nohami len preto, aby ste na\u0161li svoje ob\u013e\u00faben\u00e9 tri\u010dko. Tento sp\u00f4sob m\u00f4\u017eete uk\u00e1za\u0165 aj svojim de\u0165om. Ke\u010f sa to&nbsp;nau\u010dia, bez ob\u00e1v si zvl\u00e1dnu uprata\u0165 svoju skri\u0148u.&nbsp;<\/p>\n\n\n\n<p>Ak sa rozhodnete pre vertik\u00e1lne skladanie,&nbsp;<b>Marie&nbsp;Kondo&nbsp;odpor\u00fa\u010da zadov\u00e1\u017ei\u0165 si boxy \u010di priehradky<\/b>. Jedna priehradka = jeden druh oble\u010denia. Do jednej ulo\u017ete tri\u010dk\u00e1 na dom\u00e1ce nosenie, do druhej pracovn\u00e9 tri\u010dk\u00e1, do tretej tepl\u00e1ky a tak \u010falej.&nbsp;&nbsp;<\/p>\n\n\n\n<h2 class=\"wp-block-heading\"><b>Zbavte sa star\u00e9ho a nepotrebn\u00e9ho&nbsp;<\/b><\/h2>\n\n\n\n<p>Pri gener\u00e1lnom upratovan\u00ed&nbsp;<b>je nevyhnutn\u00e9 vyhodi\u0165 star\u00e9 veci<\/b>, na ktor\u00e9 u\u017e dlh\u00e9 roky sad\u00e1 prach. Nemus\u00ed v\u00e1m to by\u0165 v\u00f4bec \u013e\u00fato. Veci, ktor\u00e9 v\u00e1m dosl\u00fa\u017eili u\u017e pred p\u00e1r rokmi bu\u010f&nbsp;predajte&nbsp;za symbolick\u00e9 sumy, darujte alebo vyho\u010fte. Nielen, \u017ee t\u00fdm&nbsp;uvo\u013en\u00edte&nbsp;priestor na nov\u00e9, ale u\u013eav\u00ed sa v\u00e1m aj na du\u0161i. Typick\u00fdm pr\u00edkladom je preplnen\u00fd&nbsp;botn\u00edk. Mo\u017eno sa v\u00e1m tam v\u00e1\u013eaj\u00fa svadobn\u00e9 top\u00e1nky spred desiatich rokov, \u010di\u017emy, ktor\u00e9 ste mali na prvom rande a zbyto\u010dne ve\u013ea star\u00fdch pap\u00fa\u010d.&nbsp;&nbsp;<\/p>\n\n\n\n\n\n<p>Bez pocitu viny&nbsp;<b>odstr\u00e1\u0148te v\u0161etky nepotrebn\u00e9 top\u00e1nky<\/b>. V\u00e1\u0161&nbsp;botn\u00edk&nbsp;si zorganizujte pod\u013ea kateg\u00f3ri\u00ed. \u010co nevidie\u0165&nbsp;<b>je tu zima, a preto si poruke nechajte to, \u010do aktu\u00e1lne nos\u00edte<\/b>&nbsp;&#8211; teda&nbsp;<a href=\"https:\/\/ccc.eu\/sk\/damske\/topanky\/cizmy\" target=\"_blank\" rel=\"noreferrer noopener\"><b>\u010di\u017emy<\/b><\/a>&nbsp;a in\u00fa&nbsp;<a href=\"https:\/\/ccc.eu\/sk\/damske-zimne-topanky\" target=\"_blank\" rel=\"noreferrer noopener\"><b>zimn\u00fa obuv<\/b><\/a>. Na ka\u017ed\u00fd typ obuvi (<a href=\"https:\/\/ccc.eu\/sk\/damske\/topanky\/lodicky\"><b>lodi\u010dky<\/b><\/a>,&nbsp;<b>turistick\u00e1 obuv<\/b>,&nbsp;<a href=\"https:\/\/ccc.eu\/sk\/damske\/topanky\/papuce\" target=\"_blank\" rel=\"noreferrer noopener\"><b>papu\u010de<\/b><\/a>,<b>&nbsp;<\/b><a href=\"https:\/\/ccc.eu\/sk\/damske\/topanky\/tenisky\" target=\"_blank\" rel=\"noreferrer noopener\"><b>tenisky<\/b><\/a>,&nbsp;<a href=\"https:\/\/ccc.eu\/sk\/damske\/topanky\/sportove\" target=\"_blank\" rel=\"noreferrer noopener\"><b>\u0161portov\u00e1 obuv<\/b><\/a>) si vyhra\u010fte jednu&nbsp;poli\u010dku.&nbsp;&nbsp;&nbsp;<\/p>\n\n\n\n<p>Ver\u00edme, \u017ee sme v\u00e1s dostato\u010dne in\u0161pirovali a ve\u013ek\u00e9 upratovanie a&nbsp;reorganiz\u00e1ciu&nbsp;\u0161atn\u00edka zvl\u00e1dnete \u013eavou zadnou.&nbsp;&nbsp;<\/p>\n","protected":false},"excerpt":{"rendered":"<p>V niektor\u00fdch oblastiach u\u017e napadol prv\u00fd sneh a mnoh\u00fdch \u013eud\u00ed u\u017e&nbsp;prepadla&nbsp;vesel\u00e1 viano\u010dn\u00e1 n\u00e1lada. Aj vy milujete t\u00fa ka\u017edoro\u010dn\u00fa \u010darovn\u00fa atmosf\u00e9ru, tradi\u010dn\u00e9 viano\u010dn\u00e9 piesne, dekor\u00e1cie, v\u00f4\u0148u&nbsp;mandariniek, chutn\u00e9 jedlo a jedine\u010dn\u00e9 momenty s rodinou? Vianoce sa bl\u00ed\u017eia nezadr\u017eate\u013enou r\u00fdchlos\u0165ou a teraz je ide\u00e1lny \u010das sa na&nbsp;ne&nbsp;pripravi\u0165. Okrem nakupovania&nbsp;dar\u010dekov&nbsp;\u010di pr\u00edpravy&nbsp;medovn\u00ed\u010dkov&nbsp;a lineck\u00e9ho pe\u010diva v\u00e1s \u010dak\u00e1 aj menej ob\u013e\u00faben\u00e1 \u010dinnos\u0165 [&hellip;]<\/p>\n","protected":false},"author":7,"featured_media":4568,"comment_status":"open","ping_status":"open","sticky":false,"template":"","format":"standard","meta":{"_acf_changed":false,"footnotes":""},"categories":[4],"tags":[563,562,560],"class_list":["post-4486","post","type-post","status-publish","format-standard","has-post-thumbnail","hentry","category-modne-tipy","tag-marie-kondo","tag-organizacia-satnika","tag-vianocne"],"acf":[],"yoast_head":"<!-- This site is optimized with the Yoast SEO plugin v26.9 - https:\/\/yoast.com\/product\/yoast-seo-wordpress\/ -->\n<title>Adventn\u00fd kalend\u00e1r \u2013 upratovanie \u0161atn\u00edka pod\u013ea Marie Kondo - blog.ccc.eu\/sk<\/title>\n<meta name=\"description\" content=\"V niektor\u00fdch oblastiach u\u017e napadol prv\u00fd sneh a mnoh\u00fdch \u013eud\u00ed u\u017e\u00a0prepadla\u00a0vesel\u00e1 viano\u010dn\u00e1 n\u00e1lada. Aj vy milujete t\u00fa ka\u017edoro\u010dn\u00fa \u010darovn\u00fa atmosf\u00e9ru, tradi\u010dn\u00e9 viano\u010dn\u00e9 piesne, dekor\u00e1cie, v\u00f4\u0148u\u00a0mandariniek, chutn\u00e9 jedlo a jedine\u010dn\u00e9 momenty s rodinou? Vianoce sa bl\u00ed\u017eia nezadr\u017eate\u013enou r\u00fdchlos\u0165ou a teraz je ide\u00e1lny \u010das sa na\u00a0ne\u00a0pripravi\u0165. Okrem nakupovania\u00a0dar\u010dekov\u00a0\u010di pr\u00edpravy\u00a0medovn\u00ed\u010dkov\u00a0a lineck\u00e9ho pe\u010diva v\u00e1s \u010dak\u00e1 aj menej ob\u013e\u00faben\u00e1 \u010dinnos\u0165 -\u00a0predviano\u010dn\u00e9 upratovanie. 2026\" \/>\n<meta name=\"robots\" content=\"index, follow, max-snippet:-1, max-image-preview:large, max-video-preview:-1\" \/>\n<link rel=\"canonical\" href=\"https:\/\/blog.ccc.eu\/sk\/adventny-kalendar-upratovanie-satnika-podla-marie-kondo\/\" \/>\n<meta property=\"og:locale\" content=\"sk_SK\" \/>\n<meta property=\"og:type\" content=\"article\" \/>\n<meta property=\"og:title\" content=\"Adventn\u00fd kalend\u00e1r \u2013 upratovanie \u0161atn\u00edka pod\u013ea Marie Kondo - blog.ccc.eu\/sk\" \/>\n<meta property=\"og:description\" content=\"V niektor\u00fdch oblastiach u\u017e napadol prv\u00fd sneh a mnoh\u00fdch \u013eud\u00ed u\u017e\u00a0prepadla\u00a0vesel\u00e1 viano\u010dn\u00e1 n\u00e1lada. Aj vy milujete t\u00fa ka\u017edoro\u010dn\u00fa \u010darovn\u00fa atmosf\u00e9ru, tradi\u010dn\u00e9 viano\u010dn\u00e9 piesne, dekor\u00e1cie, v\u00f4\u0148u\u00a0mandariniek, chutn\u00e9 jedlo a jedine\u010dn\u00e9 momenty s rodinou? Vianoce sa bl\u00ed\u017eia nezadr\u017eate\u013enou r\u00fdchlos\u0165ou a teraz je ide\u00e1lny \u010das sa na\u00a0ne\u00a0pripravi\u0165. Okrem nakupovania\u00a0dar\u010dekov\u00a0\u010di pr\u00edpravy\u00a0medovn\u00ed\u010dkov\u00a0a lineck\u00e9ho pe\u010diva v\u00e1s \u010dak\u00e1 aj menej ob\u013e\u00faben\u00e1 \u010dinnos\u0165 -\u00a0predviano\u010dn\u00e9 upratovanie.\" \/>\n<meta property=\"og:url\" content=\"https:\/\/blog.ccc.eu\/sk\/adventny-kalendar-upratovanie-satnika-podla-marie-kondo\/\" \/>\n<meta property=\"og:site_name\" content=\"blog.ccc.eu\/sk\" \/>\n<meta property=\"article:published_time\" content=\"2021-12-23T09:38:53+00:00\" \/>\n<meta property=\"article:modified_time\" content=\"2023-01-27T10:45:34+00:00\" \/>\n<meta property=\"og:image\" content=\"https:\/\/blog.ccc.eu\/sk\/wp-content\/uploads\/2021\/12\/pexels-sarah-chai-7282447.jpg\" \/>\n\t<meta property=\"og:image:width\" content=\"1000\" \/>\n\t<meta property=\"og:image:height\" content=\"1500\" \/>\n\t<meta property=\"og:image:type\" content=\"image\/jpeg\" \/>\n<meta name=\"author\" content=\"Zuzka Feriancov\u00e1\" \/>\n<meta name=\"twitter:card\" content=\"summary_large_image\" \/>\n<meta name=\"twitter:label1\" content=\"Autor\" \/>\n\t<meta name=\"twitter:data1\" content=\"Zuzka Feriancov\u00e1\" \/>\n\t<meta name=\"twitter:label2\" content=\"Predpokladan\u00fd \u010das \u010d\u00edtania\" \/>\n\t<meta name=\"twitter:data2\" content=\"5 min\u00fat\" \/>\n<script type=\"application\/ld+json\" class=\"yoast-schema-graph\">{\"@context\":\"https:\/\/schema.org\",\"@graph\":[{\"@type\":\"Article\",\"@id\":\"https:\/\/blog.ccc.eu\/sk\/adventny-kalendar-upratovanie-satnika-podla-marie-kondo\/#article\",\"isPartOf\":{\"@id\":\"https:\/\/blog.ccc.eu\/sk\/adventny-kalendar-upratovanie-satnika-podla-marie-kondo\/\"},\"author\":{\"name\":\"Zuzka Feriancov\u00e1\",\"@id\":\"https:\/\/blog.ccc.eu\/sk\/#\/schema\/person\/0ee80e7562d03e7528637c42622d7773\"},\"headline\":\"Adventn\u00fd kalend\u00e1r \u2013 upratovanie \u0161atn\u00edka pod\u013ea Marie Kondo\",\"datePublished\":\"2021-12-23T09:38:53+00:00\",\"dateModified\":\"2023-01-27T10:45:34+00:00\",\"mainEntityOfPage\":{\"@id\":\"https:\/\/blog.ccc.eu\/sk\/adventny-kalendar-upratovanie-satnika-podla-marie-kondo\/\"},\"wordCount\":1070,\"commentCount\":0,\"publisher\":{\"@id\":\"https:\/\/blog.ccc.eu\/sk\/#organization\"},\"image\":{\"@id\":\"https:\/\/blog.ccc.eu\/sk\/adventny-kalendar-upratovanie-satnika-podla-marie-kondo\/#primaryimage\"},\"thumbnailUrl\":\"https:\/\/blog.ccc.eu\/sk\/wp-content\/uploads\/2021\/12\/pexels-sarah-chai-7282447.jpg\",\"keywords\":[\"marie kondo\",\"organiz\u00e1cia \u0161atn\u00edka\",\"viano\u010dn\u00e9\"],\"articleSection\":[\"M\u00d3DNE TIPY\"],\"inLanguage\":\"sk-SK\",\"potentialAction\":[{\"@type\":\"CommentAction\",\"name\":\"Comment\",\"target\":[\"https:\/\/blog.ccc.eu\/sk\/adventny-kalendar-upratovanie-satnika-podla-marie-kondo\/#respond\"]}]},{\"@type\":\"WebPage\",\"@id\":\"https:\/\/blog.ccc.eu\/sk\/adventny-kalendar-upratovanie-satnika-podla-marie-kondo\/\",\"url\":\"https:\/\/blog.ccc.eu\/sk\/adventny-kalendar-upratovanie-satnika-podla-marie-kondo\/\",\"name\":\"Adventn\u00fd kalend\u00e1r \u2013 upratovanie \u0161atn\u00edka pod\u013ea Marie Kondo - blog.ccc.eu\/sk\",\"isPartOf\":{\"@id\":\"https:\/\/blog.ccc.eu\/sk\/#website\"},\"primaryImageOfPage\":{\"@id\":\"https:\/\/blog.ccc.eu\/sk\/adventny-kalendar-upratovanie-satnika-podla-marie-kondo\/#primaryimage\"},\"image\":{\"@id\":\"https:\/\/blog.ccc.eu\/sk\/adventny-kalendar-upratovanie-satnika-podla-marie-kondo\/#primaryimage\"},\"thumbnailUrl\":\"https:\/\/blog.ccc.eu\/sk\/wp-content\/uploads\/2021\/12\/pexels-sarah-chai-7282447.jpg\",\"datePublished\":\"2021-12-23T09:38:53+00:00\",\"dateModified\":\"2023-01-27T10:45:34+00:00\",\"description\":\"V niektor\u00fdch oblastiach u\u017e napadol prv\u00fd sneh a mnoh\u00fdch \u013eud\u00ed u\u017e\u00a0prepadla\u00a0vesel\u00e1 viano\u010dn\u00e1 n\u00e1lada. Aj vy milujete t\u00fa ka\u017edoro\u010dn\u00fa \u010darovn\u00fa atmosf\u00e9ru, tradi\u010dn\u00e9 viano\u010dn\u00e9 piesne, dekor\u00e1cie, v\u00f4\u0148u\u00a0mandariniek, chutn\u00e9 jedlo a jedine\u010dn\u00e9 momenty s rodinou? Vianoce sa bl\u00ed\u017eia nezadr\u017eate\u013enou r\u00fdchlos\u0165ou a teraz je ide\u00e1lny \u010das sa na\u00a0ne\u00a0pripravi\u0165. Okrem nakupovania\u00a0dar\u010dekov\u00a0\u010di pr\u00edpravy\u00a0medovn\u00ed\u010dkov\u00a0a lineck\u00e9ho pe\u010diva v\u00e1s \u010dak\u00e1 aj menej ob\u013e\u00faben\u00e1 \u010dinnos\u0165 -\u00a0predviano\u010dn\u00e9 upratovanie.\",\"breadcrumb\":{\"@id\":\"https:\/\/blog.ccc.eu\/sk\/adventny-kalendar-upratovanie-satnika-podla-marie-kondo\/#breadcrumb\"},\"inLanguage\":\"sk-SK\",\"potentialAction\":[{\"@type\":\"ReadAction\",\"target\":[\"https:\/\/blog.ccc.eu\/sk\/adventny-kalendar-upratovanie-satnika-podla-marie-kondo\/\"]}]},{\"@type\":\"ImageObject\",\"inLanguage\":\"sk-SK\",\"@id\":\"https:\/\/blog.ccc.eu\/sk\/adventny-kalendar-upratovanie-satnika-podla-marie-kondo\/#primaryimage\",\"url\":\"https:\/\/blog.ccc.eu\/sk\/wp-content\/uploads\/2021\/12\/pexels-sarah-chai-7282447.jpg\",\"contentUrl\":\"https:\/\/blog.ccc.eu\/sk\/wp-content\/uploads\/2021\/12\/pexels-sarah-chai-7282447.jpg\",\"width\":1000,\"height\":1500,\"caption\":\"upratovanie \u0161atn\u00edku\"},{\"@type\":\"BreadcrumbList\",\"@id\":\"https:\/\/blog.ccc.eu\/sk\/adventny-kalendar-upratovanie-satnika-podla-marie-kondo\/#breadcrumb\",\"itemListElement\":[{\"@type\":\"ListItem\",\"position\":1,\"name\":\"Strona g\u0142\u00f3wna\",\"item\":\"https:\/\/blog.ccc.eu\/sk\/\"},{\"@type\":\"ListItem\",\"position\":2,\"name\":\"Adventn\u00fd kalend\u00e1r \u2013 upratovanie \u0161atn\u00edka pod\u013ea Marie Kondo\"}]},{\"@type\":\"WebSite\",\"@id\":\"https:\/\/blog.ccc.eu\/sk\/#website\",\"url\":\"https:\/\/blog.ccc.eu\/sk\/\",\"name\":\"blog.ccc.eu\/sk\",\"description\":\"Va\u0161e miesto pln\u00e9 m\u00f3dnych in\u0161pir\u00e1ci\u00ed\",\"publisher\":{\"@id\":\"https:\/\/blog.ccc.eu\/sk\/#organization\"},\"potentialAction\":[{\"@type\":\"SearchAction\",\"target\":{\"@type\":\"EntryPoint\",\"urlTemplate\":\"https:\/\/blog.ccc.eu\/sk\/?s={search_term_string}\"},\"query-input\":{\"@type\":\"PropertyValueSpecification\",\"valueRequired\":true,\"valueName\":\"search_term_string\"}}],\"inLanguage\":\"sk-SK\"},{\"@type\":\"Organization\",\"@id\":\"https:\/\/blog.ccc.eu\/sk\/#organization\",\"name\":\"CCC S.A.\",\"url\":\"https:\/\/blog.ccc.eu\/sk\/\",\"logo\":{\"@type\":\"ImageObject\",\"inLanguage\":\"sk-SK\",\"@id\":\"https:\/\/blog.ccc.eu\/sk\/#\/schema\/logo\/image\/\",\"url\":\"https:\/\/blog.ccc.eu\/sk\/wp-content\/uploads\/2021\/11\/logo_ccc.png\",\"contentUrl\":\"https:\/\/blog.ccc.eu\/sk\/wp-content\/uploads\/2021\/11\/logo_ccc.png\",\"width\":730,\"height\":270,\"caption\":\"CCC S.A.\"},\"image\":{\"@id\":\"https:\/\/blog.ccc.eu\/sk\/#\/schema\/logo\/image\/\"}},{\"@type\":\"Person\",\"@id\":\"https:\/\/blog.ccc.eu\/sk\/#\/schema\/person\/0ee80e7562d03e7528637c42622d7773\",\"name\":\"Zuzka Feriancov\u00e1\",\"image\":{\"@type\":\"ImageObject\",\"inLanguage\":\"sk-SK\",\"@id\":\"https:\/\/blog.ccc.eu\/sk\/#\/schema\/person\/image\/\",\"url\":\"https:\/\/blog.ccc.eu\/sk\/wp-content\/uploads\/2022\/02\/zuzka-copy-Cropped-100x100.jpg\",\"contentUrl\":\"https:\/\/blog.ccc.eu\/sk\/wp-content\/uploads\/2022\/02\/zuzka-copy-Cropped-100x100.jpg\",\"caption\":\"Zuzka Feriancov\u00e1\"},\"description\":\"V\u017edy som svoje my\u0161lienky vyjadrovala rad\u0161ej p\u00edsmom ne\u017e hovoren\u00fdm slovom. K pr\u00e1ci pristupujem intuit\u00edvne, na t\u00e9mu sa pozer\u00e1m \u013eudsky, o\u010dami potenci\u00e1lneho spotrebite\u013ea a sna\u017e\u00edm sa n\u00e1js\u0165 rie\u0161enia na jeho probl\u00e9my. V r\u00e1mci copywritingu m\u00e1m bohat\u00e9 sk\u00fasenosti z mnoh\u00fdch oblast\u00ed, no najviac mi u\u010darovali t\u00e9my ako dizajn, m\u00f3da, kr\u00e1sa, zdrav\u00fd \u017eivotn\u00fd \u0161t\u00fdl, investovanie \u010di modern\u00e9 technol\u00f3gie.\",\"url\":\"https:\/\/blog.ccc.eu\/sk\/author\/marlena-celinska\/\"}]}<\/script>\n<!-- \/ Yoast SEO plugin. -->","yoast_head_json":{"title":"Adventn\u00fd kalend\u00e1r \u2013 upratovanie \u0161atn\u00edka pod\u013ea Marie Kondo - blog.ccc.eu\/sk","description":"V niektor\u00fdch oblastiach u\u017e napadol prv\u00fd sneh a mnoh\u00fdch \u013eud\u00ed u\u017e\u00a0prepadla\u00a0vesel\u00e1 viano\u010dn\u00e1 n\u00e1lada. Aj vy milujete t\u00fa ka\u017edoro\u010dn\u00fa \u010darovn\u00fa atmosf\u00e9ru, tradi\u010dn\u00e9 viano\u010dn\u00e9 piesne, dekor\u00e1cie, v\u00f4\u0148u\u00a0mandariniek, chutn\u00e9 jedlo a jedine\u010dn\u00e9 momenty s rodinou? Vianoce sa bl\u00ed\u017eia nezadr\u017eate\u013enou r\u00fdchlos\u0165ou a teraz je ide\u00e1lny \u010das sa na\u00a0ne\u00a0pripravi\u0165. Okrem nakupovania\u00a0dar\u010dekov\u00a0\u010di pr\u00edpravy\u00a0medovn\u00ed\u010dkov\u00a0a lineck\u00e9ho pe\u010diva v\u00e1s \u010dak\u00e1 aj menej ob\u013e\u00faben\u00e1 \u010dinnos\u0165 -\u00a0predviano\u010dn\u00e9 upratovanie. 2026","robots":{"index":"index","follow":"follow","max-snippet":"max-snippet:-1","max-image-preview":"max-image-preview:large","max-video-preview":"max-video-preview:-1"},"canonical":"https:\/\/blog.ccc.eu\/sk\/adventny-kalendar-upratovanie-satnika-podla-marie-kondo\/","og_locale":"sk_SK","og_type":"article","og_title":"Adventn\u00fd kalend\u00e1r \u2013 upratovanie \u0161atn\u00edka pod\u013ea Marie Kondo - blog.ccc.eu\/sk","og_description":"V niektor\u00fdch oblastiach u\u017e napadol prv\u00fd sneh a mnoh\u00fdch \u013eud\u00ed u\u017e\u00a0prepadla\u00a0vesel\u00e1 viano\u010dn\u00e1 n\u00e1lada. Aj vy milujete t\u00fa ka\u017edoro\u010dn\u00fa \u010darovn\u00fa atmosf\u00e9ru, tradi\u010dn\u00e9 viano\u010dn\u00e9 piesne, dekor\u00e1cie, v\u00f4\u0148u\u00a0mandariniek, chutn\u00e9 jedlo a jedine\u010dn\u00e9 momenty s rodinou? Vianoce sa bl\u00ed\u017eia nezadr\u017eate\u013enou r\u00fdchlos\u0165ou a teraz je ide\u00e1lny \u010das sa na\u00a0ne\u00a0pripravi\u0165. Okrem nakupovania\u00a0dar\u010dekov\u00a0\u010di pr\u00edpravy\u00a0medovn\u00ed\u010dkov\u00a0a lineck\u00e9ho pe\u010diva v\u00e1s \u010dak\u00e1 aj menej ob\u013e\u00faben\u00e1 \u010dinnos\u0165 -\u00a0predviano\u010dn\u00e9 upratovanie.","og_url":"https:\/\/blog.ccc.eu\/sk\/adventny-kalendar-upratovanie-satnika-podla-marie-kondo\/","og_site_name":"blog.ccc.eu\/sk","article_published_time":"2021-12-23T09:38:53+00:00","article_modified_time":"2023-01-27T10:45:34+00:00","og_image":[{"width":1000,"height":1500,"url":"https:\/\/blog.ccc.eu\/sk\/wp-content\/uploads\/2021\/12\/pexels-sarah-chai-7282447.jpg","type":"image\/jpeg"}],"author":"Zuzka Feriancov\u00e1","twitter_card":"summary_large_image","twitter_misc":{"Autor":"Zuzka Feriancov\u00e1","Predpokladan\u00fd \u010das \u010d\u00edtania":"5 min\u00fat"},"schema":{"@context":"https:\/\/schema.org","@graph":[{"@type":"Article","@id":"https:\/\/blog.ccc.eu\/sk\/adventny-kalendar-upratovanie-satnika-podla-marie-kondo\/#article","isPartOf":{"@id":"https:\/\/blog.ccc.eu\/sk\/adventny-kalendar-upratovanie-satnika-podla-marie-kondo\/"},"author":{"name":"Zuzka Feriancov\u00e1","@id":"https:\/\/blog.ccc.eu\/sk\/#\/schema\/person\/0ee80e7562d03e7528637c42622d7773"},"headline":"Adventn\u00fd kalend\u00e1r \u2013 upratovanie \u0161atn\u00edka pod\u013ea Marie Kondo","datePublished":"2021-12-23T09:38:53+00:00","dateModified":"2023-01-27T10:45:34+00:00","mainEntityOfPage":{"@id":"https:\/\/blog.ccc.eu\/sk\/adventny-kalendar-upratovanie-satnika-podla-marie-kondo\/"},"wordCount":1070,"commentCount":0,"publisher":{"@id":"https:\/\/blog.ccc.eu\/sk\/#organization"},"image":{"@id":"https:\/\/blog.ccc.eu\/sk\/adventny-kalendar-upratovanie-satnika-podla-marie-kondo\/#primaryimage"},"thumbnailUrl":"https:\/\/blog.ccc.eu\/sk\/wp-content\/uploads\/2021\/12\/pexels-sarah-chai-7282447.jpg","keywords":["marie kondo","organiz\u00e1cia \u0161atn\u00edka","viano\u010dn\u00e9"],"articleSection":["M\u00d3DNE TIPY"],"inLanguage":"sk-SK","potentialAction":[{"@type":"CommentAction","name":"Comment","target":["https:\/\/blog.ccc.eu\/sk\/adventny-kalendar-upratovanie-satnika-podla-marie-kondo\/#respond"]}]},{"@type":"WebPage","@id":"https:\/\/blog.ccc.eu\/sk\/adventny-kalendar-upratovanie-satnika-podla-marie-kondo\/","url":"https:\/\/blog.ccc.eu\/sk\/adventny-kalendar-upratovanie-satnika-podla-marie-kondo\/","name":"Adventn\u00fd kalend\u00e1r \u2013 upratovanie \u0161atn\u00edka pod\u013ea Marie Kondo - blog.ccc.eu\/sk","isPartOf":{"@id":"https:\/\/blog.ccc.eu\/sk\/#website"},"primaryImageOfPage":{"@id":"https:\/\/blog.ccc.eu\/sk\/adventny-kalendar-upratovanie-satnika-podla-marie-kondo\/#primaryimage"},"image":{"@id":"https:\/\/blog.ccc.eu\/sk\/adventny-kalendar-upratovanie-satnika-podla-marie-kondo\/#primaryimage"},"thumbnailUrl":"https:\/\/blog.ccc.eu\/sk\/wp-content\/uploads\/2021\/12\/pexels-sarah-chai-7282447.jpg","datePublished":"2021-12-23T09:38:53+00:00","dateModified":"2023-01-27T10:45:34+00:00","description":"V niektor\u00fdch oblastiach u\u017e napadol prv\u00fd sneh a mnoh\u00fdch \u013eud\u00ed u\u017e\u00a0prepadla\u00a0vesel\u00e1 viano\u010dn\u00e1 n\u00e1lada. Aj vy milujete t\u00fa ka\u017edoro\u010dn\u00fa \u010darovn\u00fa atmosf\u00e9ru, tradi\u010dn\u00e9 viano\u010dn\u00e9 piesne, dekor\u00e1cie, v\u00f4\u0148u\u00a0mandariniek, chutn\u00e9 jedlo a jedine\u010dn\u00e9 momenty s rodinou? Vianoce sa bl\u00ed\u017eia nezadr\u017eate\u013enou r\u00fdchlos\u0165ou a teraz je ide\u00e1lny \u010das sa na\u00a0ne\u00a0pripravi\u0165. Okrem nakupovania\u00a0dar\u010dekov\u00a0\u010di pr\u00edpravy\u00a0medovn\u00ed\u010dkov\u00a0a lineck\u00e9ho pe\u010diva v\u00e1s \u010dak\u00e1 aj menej ob\u013e\u00faben\u00e1 \u010dinnos\u0165 -\u00a0predviano\u010dn\u00e9 upratovanie.","breadcrumb":{"@id":"https:\/\/blog.ccc.eu\/sk\/adventny-kalendar-upratovanie-satnika-podla-marie-kondo\/#breadcrumb"},"inLanguage":"sk-SK","potentialAction":[{"@type":"ReadAction","target":["https:\/\/blog.ccc.eu\/sk\/adventny-kalendar-upratovanie-satnika-podla-marie-kondo\/"]}]},{"@type":"ImageObject","inLanguage":"sk-SK","@id":"https:\/\/blog.ccc.eu\/sk\/adventny-kalendar-upratovanie-satnika-podla-marie-kondo\/#primaryimage","url":"https:\/\/blog.ccc.eu\/sk\/wp-content\/uploads\/2021\/12\/pexels-sarah-chai-7282447.jpg","contentUrl":"https:\/\/blog.ccc.eu\/sk\/wp-content\/uploads\/2021\/12\/pexels-sarah-chai-7282447.jpg","width":1000,"height":1500,"caption":"upratovanie \u0161atn\u00edku"},{"@type":"BreadcrumbList","@id":"https:\/\/blog.ccc.eu\/sk\/adventny-kalendar-upratovanie-satnika-podla-marie-kondo\/#breadcrumb","itemListElement":[{"@type":"ListItem","position":1,"name":"Strona g\u0142\u00f3wna","item":"https:\/\/blog.ccc.eu\/sk\/"},{"@type":"ListItem","position":2,"name":"Adventn\u00fd kalend\u00e1r \u2013 upratovanie \u0161atn\u00edka pod\u013ea Marie Kondo"}]},{"@type":"WebSite","@id":"https:\/\/blog.ccc.eu\/sk\/#website","url":"https:\/\/blog.ccc.eu\/sk\/","name":"blog.ccc.eu\/sk","description":"Va\u0161e miesto pln\u00e9 m\u00f3dnych in\u0161pir\u00e1ci\u00ed","publisher":{"@id":"https:\/\/blog.ccc.eu\/sk\/#organization"},"potentialAction":[{"@type":"SearchAction","target":{"@type":"EntryPoint","urlTemplate":"https:\/\/blog.ccc.eu\/sk\/?s={search_term_string}"},"query-input":{"@type":"PropertyValueSpecification","valueRequired":true,"valueName":"search_term_string"}}],"inLanguage":"sk-SK"},{"@type":"Organization","@id":"https:\/\/blog.ccc.eu\/sk\/#organization","name":"CCC S.A.","url":"https:\/\/blog.ccc.eu\/sk\/","logo":{"@type":"ImageObject","inLanguage":"sk-SK","@id":"https:\/\/blog.ccc.eu\/sk\/#\/schema\/logo\/image\/","url":"https:\/\/blog.ccc.eu\/sk\/wp-content\/uploads\/2021\/11\/logo_ccc.png","contentUrl":"https:\/\/blog.ccc.eu\/sk\/wp-content\/uploads\/2021\/11\/logo_ccc.png","width":730,"height":270,"caption":"CCC S.A."},"image":{"@id":"https:\/\/blog.ccc.eu\/sk\/#\/schema\/logo\/image\/"}},{"@type":"Person","@id":"https:\/\/blog.ccc.eu\/sk\/#\/schema\/person\/0ee80e7562d03e7528637c42622d7773","name":"Zuzka Feriancov\u00e1","image":{"@type":"ImageObject","inLanguage":"sk-SK","@id":"https:\/\/blog.ccc.eu\/sk\/#\/schema\/person\/image\/","url":"https:\/\/blog.ccc.eu\/sk\/wp-content\/uploads\/2022\/02\/zuzka-copy-Cropped-100x100.jpg","contentUrl":"https:\/\/blog.ccc.eu\/sk\/wp-content\/uploads\/2022\/02\/zuzka-copy-Cropped-100x100.jpg","caption":"Zuzka Feriancov\u00e1"},"description":"V\u017edy som svoje my\u0161lienky vyjadrovala rad\u0161ej p\u00edsmom ne\u017e hovoren\u00fdm slovom. K pr\u00e1ci pristupujem intuit\u00edvne, na t\u00e9mu sa pozer\u00e1m \u013eudsky, o\u010dami potenci\u00e1lneho spotrebite\u013ea a sna\u017e\u00edm sa n\u00e1js\u0165 rie\u0161enia na jeho probl\u00e9my. V r\u00e1mci copywritingu m\u00e1m bohat\u00e9 sk\u00fasenosti z mnoh\u00fdch oblast\u00ed, no najviac mi u\u010darovali t\u00e9my ako dizajn, m\u00f3da, kr\u00e1sa, zdrav\u00fd \u017eivotn\u00fd \u0161t\u00fdl, investovanie \u010di modern\u00e9 technol\u00f3gie.","url":"https:\/\/blog.ccc.eu\/sk\/author\/marlena-celinska\/"}]}},"_links":{"self":[{"href":"https:\/\/blog.ccc.eu\/sk\/wp-json\/wp\/v2\/posts\/4486","targetHints":{"allow":["GET"]}}],"collection":[{"href":"https:\/\/blog.ccc.eu\/sk\/wp-json\/wp\/v2\/posts"}],"about":[{"href":"https:\/\/blog.ccc.eu\/sk\/wp-json\/wp\/v2\/types\/post"}],"author":[{"embeddable":true,"href":"https:\/\/blog.ccc.eu\/sk\/wp-json\/wp\/v2\/users\/7"}],"replies":[{"embeddable":true,"href":"https:\/\/blog.ccc.eu\/sk\/wp-json\/wp\/v2\/comments?post=4486"}],"version-history":[{"count":10,"href":"https:\/\/blog.ccc.eu\/sk\/wp-json\/wp\/v2\/posts\/4486\/revisions"}],"predecessor-version":[{"id":6228,"href":"https:\/\/blog.ccc.eu\/sk\/wp-json\/wp\/v2\/posts\/4486\/revisions\/6228"}],"wp:featuredmedia":[{"embeddable":true,"href":"https:\/\/blog.ccc.eu\/sk\/wp-json\/wp\/v2\/media\/4568"}],"wp:attachment":[{"href":"https:\/\/blog.ccc.eu\/sk\/wp-json\/wp\/v2\/media?parent=4486"}],"wp:term":[{"taxonomy":"category","embeddable":true,"href":"https:\/\/blog.ccc.eu\/sk\/wp-json\/wp\/v2\/categories?post=4486"},{"taxonomy":"post_tag","embeddable":true,"href":"https:\/\/blog.ccc.eu\/sk\/wp-json\/wp\/v2\/tags?post=4486"}],"curies":[{"name":"wp","href":"https:\/\/api.w.org\/{rel}","templated":true}]}}