{"id":4512,"date":"2021-12-23T10:53:33","date_gmt":"2021-12-23T09:53:33","guid":{"rendered":"https:\/\/blog.ccc.eu\/sk\/?p=4512"},"modified":"2023-01-27T11:43:58","modified_gmt":"2023-01-27T10:43:58","slug":"stastne-a-vesele-najkrajsie-vianocne-tradicie","status":"publish","type":"post","link":"https:\/\/blog.ccc.eu\/sk\/stastne-a-vesele-najkrajsie-vianocne-tradicie\/","title":{"rendered":"\u0160\u0165astn\u00e9 a vesel\u00e9 \u2013 najkraj\u0161ie viano\u010dn\u00e9 trad\u00edcie: Pozn\u00e1te zvyky na\u0161ich predkov i tie s\u00fa\u010dasn\u00e9?"},"content":{"rendered":"\n<p><b>Pozrime sa spolu bli\u017e\u0161ie na viano\u010dn\u00e9 trad\u00edcie. Zvyklost\u00ed, ktor\u00e9 sa rozmohli v r\u00f4znych k\u00fatoch na\u0161ej krajiny, je ne\u00farekom. Posvie\u0165me si v\u0161ak najm\u00e4 na tie, ktor\u00e9 s\u00fa sp\u00e4t\u00e9 s na\u0161imi kore\u0148mi, s oble\u010den\u00edm \u010di obuvou.<\/b><\/p>\n\n\n\n<p> <\/p>\n\n\n\n<figure class=\"wp-block-gallery has-nested-images columns-default is-cropped wp-block-gallery-1 is-layout-flex wp-block-gallery-is-layout-flex\">\n<figure class=\"wp-block-image size-large\"><img loading=\"lazy\" decoding=\"async\" width=\"384\" height=\"512\" data-id=\"4163\" src=\"https:\/\/blog.ccc.eu\/sk\/wp-content\/uploads\/2021\/12\/CCC-XMAS-2930_F.jpg\" alt=\"stylizacje-na-sylwestra\" class=\"wp-image-4163\" srcset=\"https:\/\/blog.ccc.eu\/sk\/wp-content\/uploads\/2021\/12\/CCC-XMAS-2930_F.jpg 384w, https:\/\/blog.ccc.eu\/sk\/wp-content\/uploads\/2021\/12\/CCC-XMAS-2930_F-225x300.jpg 225w, https:\/\/blog.ccc.eu\/sk\/wp-content\/uploads\/2021\/12\/CCC-XMAS-2930_F-100x133.jpg 100w\" sizes=\"auto, (max-width: 384px) 100vw, 384px\" \/><\/figure>\n\n\n\n<figure class=\"wp-block-image size-large\"><img loading=\"lazy\" decoding=\"async\" width=\"384\" height=\"512\" data-id=\"4162\" src=\"https:\/\/blog.ccc.eu\/sk\/wp-content\/uploads\/2021\/12\/CCC-XMAS-2921_2_F.jpg\" alt=\"top\u00e1nky a doplnky na ve\u010dierok\" class=\"wp-image-4162\" srcset=\"https:\/\/blog.ccc.eu\/sk\/wp-content\/uploads\/2021\/12\/CCC-XMAS-2921_2_F.jpg 384w, https:\/\/blog.ccc.eu\/sk\/wp-content\/uploads\/2021\/12\/CCC-XMAS-2921_2_F-225x300.jpg 225w, https:\/\/blog.ccc.eu\/sk\/wp-content\/uploads\/2021\/12\/CCC-XMAS-2921_2_F-100x133.jpg 100w\" sizes=\"auto, (max-width: 384px) 100vw, 384px\" \/><\/figure>\n<\/figure>\n\n\n\n<p>Vianoce ako najv\u00e4\u010d\u0161ie a najkraj\u0161ie kres\u0165ansk\u00e9 sviatky v roku sa sl\u00e1via v mnoh\u00fdch krajin\u00e1ch po celom svete, s\u00fa spojen\u00e9 s r\u00f4znymi \u013eudov\u00fdmi zvykmi a trad\u00edciami. Ak\u00e9 s\u00fa Vianoce na Slovensku, a ktor\u00e9 zvyky sa via\u017eu k doplnkom \u010di oble\u010deniu? U\u017e d\u00e1vno neplat\u00ed, \u017ee ka\u017ed\u00fd regi\u00f3n sp\u00e1ja rovnak\u00e1 strava na \u0161tedrove\u010dernom stole.&nbsp;&nbsp;<\/p>\n\n\n\n<p>Viano\u010dn\u00e9 zvyklosti u \u013eud\u00ed z rozli\u010dn\u00fdch k\u00fatov na\u0161ej krajiny sa po\u010das sviato\u010dn\u00fdch ve\u010der\u00ed za\u010d\u00ednaj\u00fa i kon\u010dia pri obl\u00e1tkach, no dokonca i tie sa konzumuj\u00fa r\u00f4znymi sp\u00f4sobmi. \u010co v\u0161ak plat\u00ed bez rozdielu, je bohato zdoben\u00fd&nbsp;<b>\u0161tedrove\u010dern\u00fd st\u00f4l<\/b>, od ktor\u00e9ho sa nem\u00e1 za \u017eiadnu cenu odch\u00e1dza\u0165. Traduje sa tie\u017e, \u017ee symbol spolupatri\u010dnosti a milosrdenstva&nbsp;predstavuje jeden prestret\u00fd tanier navy\u0161e.&nbsp;&nbsp;<\/p>\n\n\n\n<p>Cesnak na stole je synonymom pevn\u00e9ho zdravia, orechy rozh\u00e1dzan\u00e9 v k\u00fatoch miestnosti prin\u00e1\u0161aj\u00fa vraj hojnos\u0165 a prosperitu, \u0161upina z kapra patr\u00ed jednozna\u010dne pod obrus \u2013 m\u00e1 vraj \u010darovn\u00fa moc \u201erozmno\u017ei\u0165\u201c peniaze v rodine. Synonymom Vianoc je aj <b>ozdoben\u00fd strom\u010dek<\/b> a <b>adventn\u00fd veniec,<\/b> na ktorom sa zapa\u013euje ka\u017ed\u00fa adventn\u00fa nede\u013eu jedna svie\u010dka. <\/p>\n\n\n\n<h2 class=\"wp-block-heading\"><b>Viano\u010dn\u00e9 pono\u017eky nielen na Vianoce <\/b><\/h2>\n\n\n\n<p>Viano\u010dn\u00e9 \u201esviatkovanie\u201c sa u \u013eud\u00ed zo z\u00e1padnej, strednej a v\u00fdchodnej \u010dasti Slovenska l\u00ed\u0161i, no sme presved\u010den\u00ed, \u017ee ste boli nieko\u013ekokr\u00e1t svedkami toho, ako niekto vo va\u0161om okol\u00ed alebo priamo vo va\u0161ej rodine vyslovil star\u00e9 zn\u00e1me: \u201eKe\u010f nedostanem pod strom\u010dek pono\u017eky, to akoby ani Vianoce neboli!\u201c&nbsp;&nbsp;<\/p>\n\n\n\n<p>Ur\u010dite s\u00fahlas\u00edte, \u017ee pono\u017eky s\u00fa jedn\u00fdm z najuniverz\u00e1lnej\u0161\u00edch novodob\u00fdch viano\u010dn\u00fdch symbolov, ktor\u00e9 n\u00e1s sp\u00e1jaj\u00fa. Pono\u017eky sa ako v\u00fdznamn\u00e1 drobnos\u0165 \u010dasto nach\u00e1dzaj\u00fa pod viano\u010dn\u00fdm strom\u010dekom. D\u00f4vod je jednozna\u010dn\u00fd. Pono\u017eky pote\u0161ia mal\u00fdch i ve\u013ek\u00fdch, s\u00fa symbolom pohodlia, oddychu i tepla domova.&nbsp;<\/p>\n\n\n\n\n\n<p>Nov\u00fd v\u00fdznam pono\u017ek\u00e1m v poslednej dobe dod\u00e1vaj\u00fa<b>&nbsp;mikul\u00e1\u0161ske bal\u00ed\u010dky<\/b>, ktor\u00e9 nie s\u00fa pln\u00e9 sladkost\u00ed ale praktick\u00fdch drobnost\u00ed.&nbsp;Predviano\u010dn\u00e9 obdobie a sviatok sv. Mikul\u00e1\u0161a oslavuj\u00fa deti na celom svete, rovnako tak u n\u00e1s. Sprev\u00e1dza ho odpo\u010d\u00edtavanie prv\u00fdch dn\u00ed adventu a\u017e do 6. decembra, kedy si deti le\u0161tia svoje \u010di\u017emi\u010dky a \u010dakaj\u00fa drobn\u00e9 prekvapenia v podobe sladkost\u00ed, ovocia i praktick\u00fdch&nbsp;<a href=\"https:\/\/ccc.eu\/sk\/doplnky\/detske\" target=\"_blank\" rel=\"noreferrer noopener\"><b>detsk\u00fdch doplnkov<\/b><\/a>&nbsp;\u2013 pono\u017eiek, pan\u010d\u00fach, rukav\u00edc, \u010diapok \u010di \u0161\u00e1lov.&nbsp;&nbsp;<\/p>\n\n\n\n<p><a href=\"https:\/\/ccc.eu\/sk\/detske-zimne-topanky\" target=\"_blank\" rel=\"noreferrer noopener\"><b>Zimn\u00fa detsk\u00fa obuv<\/b><\/a>, do ktorej Mikul\u00e1\u0161 svoje dary ratolestiam odovzd\u00e1, v\u0161ak musia pripravi\u0165 u\u017e v podve\u010der predch\u00e1dzaj\u00faceho d\u0148a. Vy\u010disten\u00e9 \u010di\u017emy vylo\u017eia do obloka, aby si v nich r\u00e1no na\u0161li o\u010dak\u00e1van\u00e9 ma\u0161krty alebo in\u00e9 mal\u00e9 prekvapenie. In\u00fd zvyk sa zas udom\u00e1cnil po\u010das \u201estrid\u017e\u00edch dn\u00ed\u201c, konkr\u00e9tne&nbsp;<b>13. decembra<\/b>&nbsp;na Luciu, kedy diev\u010dat\u00e1 chodili po dome zahalen\u00e9 len do&nbsp;bielej plachty, ich tv\u00e1r bola ukryt\u00e1 za n\u00e1nosom m\u00faky, aby ich nikto nespoznal.&nbsp;<\/p>\n\n\n\n\n\n<p>Vedeli ste, \u017ee po\u010das \u0160tedr\u00e9ho d\u0148a sa vraj nesmie ve\u0161a\u0165 oprat\u00e1 bielize\u0148, aby nenastala v rodine trag\u00e9dia? Najviac zvykov t\u00fdkaj\u00facich sa Vianoc, sa v\u0161ak st\u00e1le sp\u00e1ja najm\u00e4 s jedlom a \u0161tedrou ve\u010derou. <\/p>\n\n\n\n<h2 class=\"wp-block-heading\"><b>D\u017e\u00ednsy a oble\u010denie b\u00fdvali vz\u00e1cnos\u0165ou <\/b><\/h2>\n\n\n\n<p>Pod\u013ea viacer\u00fdch prieskumov dar\u010deky za posledn\u00e9 desa\u0165ro\u010dia zmenili svoju \u201etv\u00e1r\u201c. Bl\u00edzkym v minulosti vy\u010darovali \u00fasmev kvalitn\u00e9 d\u017e\u00ednsy a oble\u010denie, dnes nie je probl\u00e9m dosta\u0165 pod strom\u010dek napr\u00edklad auto. Protip\u00f3lom ku konzumu je trend \u201ejeden dar\u010dek a dos\u0165\u201c, cen\u00ed sa najviac spolo\u010dne str\u00e1ven\u00fd \u010das s rodinou a vlastnoru\u010dne vyroben\u00e9 dar\u010deky.&nbsp;<\/p>\n\n\n\n<p>Men\u00ed sa aj viano\u010dn\u00e1 m\u00f3da. K\u00fdm kedysi boli \u013eudia za \u0161tedrove\u010dern\u00fdm stolom \u201enahoden\u00ed\u201c od&nbsp; hlavy a\u017e po p\u00e4ty v t\u00fdch najlep\u0161\u00edch k\u00faskoch z ich \u0161atn\u00edka, dnes mnoh\u00e9 rodiny stavia sk\u00f4r na&nbsp;<b>oble\u010denie s viano\u010dn\u00fdmi mot\u00edvmi.<\/b>&nbsp;Vtipn\u00e9 potla\u010de s Dedom Mr\u00e1zom, sobmi, ligotav\u00fdmi aplik\u00e1ciami, hviezdami \u010di viano\u010dn\u00fdm strom\u010dekom, sa nes\u00fa cel\u00fdm adventom, \u013eudia nakupuj\u00fa viano\u010dn\u00e9 oble\u010denie nielen svojim de\u0165om, ale aj sebe a \u010fal\u0161\u00edm \u010dlenom rodiny. Vo viano\u010dn\u00fdch n\u00e1kupoch nech\u00fdbaj\u00fa ani&nbsp;<a href=\"https:\/\/ccc.eu\/sk\/doplnky\/panske\/ponozky\" target=\"_blank\" rel=\"noreferrer noopener\"><b>viano\u010dn\u00e9 pono\u017eky<\/b><\/a>&nbsp;\u010di viano\u010dn\u00e9&nbsp;<a href=\"https:\/\/ccc.eu\/sk\/oblecenie\/panske\/spodna-bielizen\" target=\"_blank\" rel=\"noreferrer noopener\"><b>spodn\u00e9 pr\u00e1dlo<\/b><\/a>.&nbsp;&nbsp;<\/p>\n\n\n\n<p>\u013dudia Vianoce jednoducho miluj\u00fa, pripravuj\u00fa sa na nich prakticky hne\u010f po skon\u010den\u00ed ponur\u00e9ho obdobia s\u00favisiaceho s Pamiatkou zosnul\u00fdch. Aj preto s\u00fa sviatky zimy pln\u00e9 farieb, lesku, jasu a ligotu. V&nbsp;<b>CCC&nbsp;<\/b>n\u00e1jdete mnoho viano\u010dn\u00fdch doplnkov pre tie najkraj\u0161ie Vianoce. Doprajte si \u0161t\u00fdlov\u00e9 viano\u010dn\u00e9 oble\u010denie a za\u017eiarte pri strom\u010deku v n\u00e1padit\u00fdch k\u00faskoch prvotriednej kvality!&nbsp;<\/p>\n","protected":false},"excerpt":{"rendered":"<p>Pozrime sa spolu bli\u017e\u0161ie na viano\u010dn\u00e9 trad\u00edcie. Zvyklost\u00ed, ktor\u00e9 sa rozmohli v r\u00f4znych k\u00fatoch na\u0161ej krajiny, je ne\u00farekom. Posvie\u0165me si v\u0161ak najm\u00e4 na tie, ktor\u00e9 s\u00fa sp\u00e4t\u00e9 s na\u0161imi kore\u0148mi, s oble\u010den\u00edm \u010di obuvou. Vianoce ako najv\u00e4\u010d\u0161ie a najkraj\u0161ie kres\u0165ansk\u00e9 sviatky v roku sa sl\u00e1via v mnoh\u00fdch krajin\u00e1ch po celom svete, s\u00fa spojen\u00e9 s r\u00f4znymi [&hellip;]<\/p>\n","protected":false},"author":15,"featured_media":4163,"comment_status":"open","ping_status":"open","sticky":false,"template":"","format":"standard","meta":{"_acf_changed":false,"footnotes":""},"categories":[4],"tags":[560],"class_list":["post-4512","post","type-post","status-publish","format-standard","has-post-thumbnail","hentry","category-modne-tipy","tag-vianocne"],"acf":[],"yoast_head":"<!-- This site is optimized with the Yoast SEO plugin v26.9 - https:\/\/yoast.com\/product\/yoast-seo-wordpress\/ -->\n<title>\u0160\u0165astn\u00e9 a vesel\u00e9 \u2013 najkraj\u0161ie viano\u010dn\u00e9 trad\u00edcie: Pozn\u00e1te zvyky na\u0161ich predkov i tie s\u00fa\u010dasn\u00e9? - blog.ccc.eu\/sk<\/title>\n<meta name=\"description\" content=\"Pozrime sa spolu bli\u017e\u0161ie na viano\u010dn\u00e9 trad\u00edcie. Zvyklost\u00ed, ktor\u00e9 sa rozmohli v r\u00f4znych k\u00fatoch na\u0161ej krajiny, je ne\u00farekom. Posvie\u0165me si v\u0161ak najm\u00e4 na tie, ktor\u00e9 s\u00fa sp\u00e4t\u00e9 s na\u0161imi kore\u0148mi, s oble\u010den\u00edm \u010di obuvou. 2026\" \/>\n<meta name=\"robots\" content=\"index, follow, max-snippet:-1, max-image-preview:large, max-video-preview:-1\" \/>\n<link rel=\"canonical\" href=\"https:\/\/blog.ccc.eu\/sk\/stastne-a-vesele-najkrajsie-vianocne-tradicie\/\" \/>\n<meta property=\"og:locale\" content=\"sk_SK\" \/>\n<meta property=\"og:type\" content=\"article\" \/>\n<meta property=\"og:title\" content=\"\u0160\u0165astn\u00e9 a vesel\u00e9 \u2013 najkraj\u0161ie viano\u010dn\u00e9 trad\u00edcie: Pozn\u00e1te zvyky na\u0161ich predkov i tie s\u00fa\u010dasn\u00e9? - blog.ccc.eu\/sk\" \/>\n<meta property=\"og:description\" content=\"Pozrime sa spolu bli\u017e\u0161ie na viano\u010dn\u00e9 trad\u00edcie. Zvyklost\u00ed, ktor\u00e9 sa rozmohli v r\u00f4znych k\u00fatoch na\u0161ej krajiny, je ne\u00farekom. Posvie\u0165me si v\u0161ak najm\u00e4 na tie, ktor\u00e9 s\u00fa sp\u00e4t\u00e9 s na\u0161imi kore\u0148mi, s oble\u010den\u00edm \u010di obuvou.\" \/>\n<meta property=\"og:url\" content=\"https:\/\/blog.ccc.eu\/sk\/stastne-a-vesele-najkrajsie-vianocne-tradicie\/\" \/>\n<meta property=\"og:site_name\" content=\"blog.ccc.eu\/sk\" \/>\n<meta property=\"article:published_time\" content=\"2021-12-23T09:53:33+00:00\" \/>\n<meta property=\"article:modified_time\" content=\"2023-01-27T10:43:58+00:00\" \/>\n<meta property=\"og:image\" content=\"https:\/\/blog.ccc.eu\/sk\/wp-content\/uploads\/2021\/12\/CCC-XMAS-2930_F.jpg\" \/>\n\t<meta property=\"og:image:width\" content=\"384\" \/>\n\t<meta property=\"og:image:height\" content=\"512\" \/>\n\t<meta property=\"og:image:type\" content=\"image\/jpeg\" \/>\n<meta name=\"author\" content=\"Barbora Voln\u00e1\" \/>\n<meta name=\"twitter:card\" content=\"summary_large_image\" \/>\n<meta name=\"twitter:label1\" content=\"Autor\" \/>\n\t<meta name=\"twitter:data1\" content=\"Barbora Voln\u00e1\" \/>\n\t<meta name=\"twitter:label2\" content=\"Predpokladan\u00fd \u010das \u010d\u00edtania\" \/>\n\t<meta name=\"twitter:data2\" content=\"4 min\u00faty\" \/>\n<script type=\"application\/ld+json\" class=\"yoast-schema-graph\">{\"@context\":\"https:\/\/schema.org\",\"@graph\":[{\"@type\":\"Article\",\"@id\":\"https:\/\/blog.ccc.eu\/sk\/stastne-a-vesele-najkrajsie-vianocne-tradicie\/#article\",\"isPartOf\":{\"@id\":\"https:\/\/blog.ccc.eu\/sk\/stastne-a-vesele-najkrajsie-vianocne-tradicie\/\"},\"author\":{\"name\":\"Barbora Voln\u00e1\",\"@id\":\"https:\/\/blog.ccc.eu\/sk\/#\/schema\/person\/68ec00164afac44a148fa05f790da26e\"},\"headline\":\"\u0160\u0165astn\u00e9 a vesel\u00e9 \u2013 najkraj\u0161ie viano\u010dn\u00e9 trad\u00edcie: Pozn\u00e1te zvyky na\u0161ich predkov i tie s\u00fa\u010dasn\u00e9?\",\"datePublished\":\"2021-12-23T09:53:33+00:00\",\"dateModified\":\"2023-01-27T10:43:58+00:00\",\"mainEntityOfPage\":{\"@id\":\"https:\/\/blog.ccc.eu\/sk\/stastne-a-vesele-najkrajsie-vianocne-tradicie\/\"},\"wordCount\":908,\"commentCount\":0,\"publisher\":{\"@id\":\"https:\/\/blog.ccc.eu\/sk\/#organization\"},\"image\":{\"@id\":\"https:\/\/blog.ccc.eu\/sk\/stastne-a-vesele-najkrajsie-vianocne-tradicie\/#primaryimage\"},\"thumbnailUrl\":\"https:\/\/blog.ccc.eu\/sk\/wp-content\/uploads\/2021\/12\/CCC-XMAS-2930_F.jpg\",\"keywords\":[\"viano\u010dn\u00e9\"],\"articleSection\":[\"M\u00d3DNE TIPY\"],\"inLanguage\":\"sk-SK\",\"potentialAction\":[{\"@type\":\"CommentAction\",\"name\":\"Comment\",\"target\":[\"https:\/\/blog.ccc.eu\/sk\/stastne-a-vesele-najkrajsie-vianocne-tradicie\/#respond\"]}]},{\"@type\":\"WebPage\",\"@id\":\"https:\/\/blog.ccc.eu\/sk\/stastne-a-vesele-najkrajsie-vianocne-tradicie\/\",\"url\":\"https:\/\/blog.ccc.eu\/sk\/stastne-a-vesele-najkrajsie-vianocne-tradicie\/\",\"name\":\"\u0160\u0165astn\u00e9 a vesel\u00e9 \u2013 najkraj\u0161ie viano\u010dn\u00e9 trad\u00edcie: Pozn\u00e1te zvyky na\u0161ich predkov i tie s\u00fa\u010dasn\u00e9? - blog.ccc.eu\/sk\",\"isPartOf\":{\"@id\":\"https:\/\/blog.ccc.eu\/sk\/#website\"},\"primaryImageOfPage\":{\"@id\":\"https:\/\/blog.ccc.eu\/sk\/stastne-a-vesele-najkrajsie-vianocne-tradicie\/#primaryimage\"},\"image\":{\"@id\":\"https:\/\/blog.ccc.eu\/sk\/stastne-a-vesele-najkrajsie-vianocne-tradicie\/#primaryimage\"},\"thumbnailUrl\":\"https:\/\/blog.ccc.eu\/sk\/wp-content\/uploads\/2021\/12\/CCC-XMAS-2930_F.jpg\",\"datePublished\":\"2021-12-23T09:53:33+00:00\",\"dateModified\":\"2023-01-27T10:43:58+00:00\",\"description\":\"Pozrime sa spolu bli\u017e\u0161ie na viano\u010dn\u00e9 trad\u00edcie. Zvyklost\u00ed, ktor\u00e9 sa rozmohli v r\u00f4znych k\u00fatoch na\u0161ej krajiny, je ne\u00farekom. Posvie\u0165me si v\u0161ak najm\u00e4 na tie, ktor\u00e9 s\u00fa sp\u00e4t\u00e9 s na\u0161imi kore\u0148mi, s oble\u010den\u00edm \u010di obuvou.\",\"breadcrumb\":{\"@id\":\"https:\/\/blog.ccc.eu\/sk\/stastne-a-vesele-najkrajsie-vianocne-tradicie\/#breadcrumb\"},\"inLanguage\":\"sk-SK\",\"potentialAction\":[{\"@type\":\"ReadAction\",\"target\":[\"https:\/\/blog.ccc.eu\/sk\/stastne-a-vesele-najkrajsie-vianocne-tradicie\/\"]}]},{\"@type\":\"ImageObject\",\"inLanguage\":\"sk-SK\",\"@id\":\"https:\/\/blog.ccc.eu\/sk\/stastne-a-vesele-najkrajsie-vianocne-tradicie\/#primaryimage\",\"url\":\"https:\/\/blog.ccc.eu\/sk\/wp-content\/uploads\/2021\/12\/CCC-XMAS-2930_F.jpg\",\"contentUrl\":\"https:\/\/blog.ccc.eu\/sk\/wp-content\/uploads\/2021\/12\/CCC-XMAS-2930_F.jpg\",\"width\":384,\"height\":512,\"caption\":\"zlat\u00e9 d\u00e1mske hodinky\"},{\"@type\":\"BreadcrumbList\",\"@id\":\"https:\/\/blog.ccc.eu\/sk\/stastne-a-vesele-najkrajsie-vianocne-tradicie\/#breadcrumb\",\"itemListElement\":[{\"@type\":\"ListItem\",\"position\":1,\"name\":\"Strona g\u0142\u00f3wna\",\"item\":\"https:\/\/blog.ccc.eu\/sk\/\"},{\"@type\":\"ListItem\",\"position\":2,\"name\":\"\u0160\u0165astn\u00e9 a vesel\u00e9 \u2013 najkraj\u0161ie viano\u010dn\u00e9 trad\u00edcie: Pozn\u00e1te zvyky na\u0161ich predkov i tie s\u00fa\u010dasn\u00e9?\"}]},{\"@type\":\"WebSite\",\"@id\":\"https:\/\/blog.ccc.eu\/sk\/#website\",\"url\":\"https:\/\/blog.ccc.eu\/sk\/\",\"name\":\"blog.ccc.eu\/sk\",\"description\":\"Va\u0161e miesto pln\u00e9 m\u00f3dnych in\u0161pir\u00e1ci\u00ed\",\"publisher\":{\"@id\":\"https:\/\/blog.ccc.eu\/sk\/#organization\"},\"potentialAction\":[{\"@type\":\"SearchAction\",\"target\":{\"@type\":\"EntryPoint\",\"urlTemplate\":\"https:\/\/blog.ccc.eu\/sk\/?s={search_term_string}\"},\"query-input\":{\"@type\":\"PropertyValueSpecification\",\"valueRequired\":true,\"valueName\":\"search_term_string\"}}],\"inLanguage\":\"sk-SK\"},{\"@type\":\"Organization\",\"@id\":\"https:\/\/blog.ccc.eu\/sk\/#organization\",\"name\":\"CCC S.A.\",\"url\":\"https:\/\/blog.ccc.eu\/sk\/\",\"logo\":{\"@type\":\"ImageObject\",\"inLanguage\":\"sk-SK\",\"@id\":\"https:\/\/blog.ccc.eu\/sk\/#\/schema\/logo\/image\/\",\"url\":\"https:\/\/blog.ccc.eu\/sk\/wp-content\/uploads\/2021\/11\/logo_ccc.png\",\"contentUrl\":\"https:\/\/blog.ccc.eu\/sk\/wp-content\/uploads\/2021\/11\/logo_ccc.png\",\"width\":730,\"height\":270,\"caption\":\"CCC S.A.\"},\"image\":{\"@id\":\"https:\/\/blog.ccc.eu\/sk\/#\/schema\/logo\/image\/\"}},{\"@type\":\"Person\",\"@id\":\"https:\/\/blog.ccc.eu\/sk\/#\/schema\/person\/68ec00164afac44a148fa05f790da26e\",\"name\":\"Barbora Voln\u00e1\",\"image\":{\"@type\":\"ImageObject\",\"inLanguage\":\"sk-SK\",\"@id\":\"https:\/\/blog.ccc.eu\/sk\/#\/schema\/person\/image\/\",\"url\":\"https:\/\/blog.ccc.eu\/sk\/wp-content\/uploads\/2022\/02\/bibi-final-Cropped-100x100.jpg\",\"contentUrl\":\"https:\/\/blog.ccc.eu\/sk\/wp-content\/uploads\/2022\/02\/bibi-final-Cropped-100x100.jpg\",\"caption\":\"Barbora Voln\u00e1\"},\"description\":\"B\u00fdval\u00e1 \u0161\u00e9fredaktorka \u017eensk\u00e9ho magaz\u00ednu sa moment\u00e1lne venuje copywritingu, ktor\u00fd jej poskytuje \u0161irok\u00e9 pole p\u00f4sobnosti a slobodu slova. Napriek tomu, \u017ee m\u00e1 vy\u0161tudovan\u00fa environmentalistiku, tvorila u\u017e po\u010das strednej \u0161koly a nesk\u00f4r po\u010das vysokej \u0161koly prispievala \u010dl\u00e1nkami do mnoh\u00fdch \u017eensk\u00fdch magaz\u00ednov. Ak pr\u00e1ve nep\u00ed\u0161e, venuje v\u0161etok vo\u013en\u00fd \u010das rodine. Bl\u00edzko m\u00e1 najm\u00e4 k textom o kr\u00e1se, dom\u00e1cnosti, vz\u0165ahoch a zdravom \u017eivotnom \u0161t\u00fdle, porad\u00ed si v\u0161ak aj s technick\u00fdmi term\u00ednmi a ekonomickou problematikou.\",\"url\":\"https:\/\/blog.ccc.eu\/sk\/author\/ariel-zagorski\/\"}]}<\/script>\n<!-- \/ Yoast SEO plugin. -->","yoast_head_json":{"title":"\u0160\u0165astn\u00e9 a vesel\u00e9 \u2013 najkraj\u0161ie viano\u010dn\u00e9 trad\u00edcie: Pozn\u00e1te zvyky na\u0161ich predkov i tie s\u00fa\u010dasn\u00e9? - blog.ccc.eu\/sk","description":"Pozrime sa spolu bli\u017e\u0161ie na viano\u010dn\u00e9 trad\u00edcie. Zvyklost\u00ed, ktor\u00e9 sa rozmohli v r\u00f4znych k\u00fatoch na\u0161ej krajiny, je ne\u00farekom. Posvie\u0165me si v\u0161ak najm\u00e4 na tie, ktor\u00e9 s\u00fa sp\u00e4t\u00e9 s na\u0161imi kore\u0148mi, s oble\u010den\u00edm \u010di obuvou. 2026","robots":{"index":"index","follow":"follow","max-snippet":"max-snippet:-1","max-image-preview":"max-image-preview:large","max-video-preview":"max-video-preview:-1"},"canonical":"https:\/\/blog.ccc.eu\/sk\/stastne-a-vesele-najkrajsie-vianocne-tradicie\/","og_locale":"sk_SK","og_type":"article","og_title":"\u0160\u0165astn\u00e9 a vesel\u00e9 \u2013 najkraj\u0161ie viano\u010dn\u00e9 trad\u00edcie: Pozn\u00e1te zvyky na\u0161ich predkov i tie s\u00fa\u010dasn\u00e9? - blog.ccc.eu\/sk","og_description":"Pozrime sa spolu bli\u017e\u0161ie na viano\u010dn\u00e9 trad\u00edcie. Zvyklost\u00ed, ktor\u00e9 sa rozmohli v r\u00f4znych k\u00fatoch na\u0161ej krajiny, je ne\u00farekom. Posvie\u0165me si v\u0161ak najm\u00e4 na tie, ktor\u00e9 s\u00fa sp\u00e4t\u00e9 s na\u0161imi kore\u0148mi, s oble\u010den\u00edm \u010di obuvou.","og_url":"https:\/\/blog.ccc.eu\/sk\/stastne-a-vesele-najkrajsie-vianocne-tradicie\/","og_site_name":"blog.ccc.eu\/sk","article_published_time":"2021-12-23T09:53:33+00:00","article_modified_time":"2023-01-27T10:43:58+00:00","og_image":[{"width":384,"height":512,"url":"https:\/\/blog.ccc.eu\/sk\/wp-content\/uploads\/2021\/12\/CCC-XMAS-2930_F.jpg","type":"image\/jpeg"}],"author":"Barbora Voln\u00e1","twitter_card":"summary_large_image","twitter_misc":{"Autor":"Barbora Voln\u00e1","Predpokladan\u00fd \u010das \u010d\u00edtania":"4 min\u00faty"},"schema":{"@context":"https:\/\/schema.org","@graph":[{"@type":"Article","@id":"https:\/\/blog.ccc.eu\/sk\/stastne-a-vesele-najkrajsie-vianocne-tradicie\/#article","isPartOf":{"@id":"https:\/\/blog.ccc.eu\/sk\/stastne-a-vesele-najkrajsie-vianocne-tradicie\/"},"author":{"name":"Barbora Voln\u00e1","@id":"https:\/\/blog.ccc.eu\/sk\/#\/schema\/person\/68ec00164afac44a148fa05f790da26e"},"headline":"\u0160\u0165astn\u00e9 a vesel\u00e9 \u2013 najkraj\u0161ie viano\u010dn\u00e9 trad\u00edcie: Pozn\u00e1te zvyky na\u0161ich predkov i tie s\u00fa\u010dasn\u00e9?","datePublished":"2021-12-23T09:53:33+00:00","dateModified":"2023-01-27T10:43:58+00:00","mainEntityOfPage":{"@id":"https:\/\/blog.ccc.eu\/sk\/stastne-a-vesele-najkrajsie-vianocne-tradicie\/"},"wordCount":908,"commentCount":0,"publisher":{"@id":"https:\/\/blog.ccc.eu\/sk\/#organization"},"image":{"@id":"https:\/\/blog.ccc.eu\/sk\/stastne-a-vesele-najkrajsie-vianocne-tradicie\/#primaryimage"},"thumbnailUrl":"https:\/\/blog.ccc.eu\/sk\/wp-content\/uploads\/2021\/12\/CCC-XMAS-2930_F.jpg","keywords":["viano\u010dn\u00e9"],"articleSection":["M\u00d3DNE TIPY"],"inLanguage":"sk-SK","potentialAction":[{"@type":"CommentAction","name":"Comment","target":["https:\/\/blog.ccc.eu\/sk\/stastne-a-vesele-najkrajsie-vianocne-tradicie\/#respond"]}]},{"@type":"WebPage","@id":"https:\/\/blog.ccc.eu\/sk\/stastne-a-vesele-najkrajsie-vianocne-tradicie\/","url":"https:\/\/blog.ccc.eu\/sk\/stastne-a-vesele-najkrajsie-vianocne-tradicie\/","name":"\u0160\u0165astn\u00e9 a vesel\u00e9 \u2013 najkraj\u0161ie viano\u010dn\u00e9 trad\u00edcie: Pozn\u00e1te zvyky na\u0161ich predkov i tie s\u00fa\u010dasn\u00e9? - blog.ccc.eu\/sk","isPartOf":{"@id":"https:\/\/blog.ccc.eu\/sk\/#website"},"primaryImageOfPage":{"@id":"https:\/\/blog.ccc.eu\/sk\/stastne-a-vesele-najkrajsie-vianocne-tradicie\/#primaryimage"},"image":{"@id":"https:\/\/blog.ccc.eu\/sk\/stastne-a-vesele-najkrajsie-vianocne-tradicie\/#primaryimage"},"thumbnailUrl":"https:\/\/blog.ccc.eu\/sk\/wp-content\/uploads\/2021\/12\/CCC-XMAS-2930_F.jpg","datePublished":"2021-12-23T09:53:33+00:00","dateModified":"2023-01-27T10:43:58+00:00","description":"Pozrime sa spolu bli\u017e\u0161ie na viano\u010dn\u00e9 trad\u00edcie. Zvyklost\u00ed, ktor\u00e9 sa rozmohli v r\u00f4znych k\u00fatoch na\u0161ej krajiny, je ne\u00farekom. Posvie\u0165me si v\u0161ak najm\u00e4 na tie, ktor\u00e9 s\u00fa sp\u00e4t\u00e9 s na\u0161imi kore\u0148mi, s oble\u010den\u00edm \u010di obuvou.","breadcrumb":{"@id":"https:\/\/blog.ccc.eu\/sk\/stastne-a-vesele-najkrajsie-vianocne-tradicie\/#breadcrumb"},"inLanguage":"sk-SK","potentialAction":[{"@type":"ReadAction","target":["https:\/\/blog.ccc.eu\/sk\/stastne-a-vesele-najkrajsie-vianocne-tradicie\/"]}]},{"@type":"ImageObject","inLanguage":"sk-SK","@id":"https:\/\/blog.ccc.eu\/sk\/stastne-a-vesele-najkrajsie-vianocne-tradicie\/#primaryimage","url":"https:\/\/blog.ccc.eu\/sk\/wp-content\/uploads\/2021\/12\/CCC-XMAS-2930_F.jpg","contentUrl":"https:\/\/blog.ccc.eu\/sk\/wp-content\/uploads\/2021\/12\/CCC-XMAS-2930_F.jpg","width":384,"height":512,"caption":"zlat\u00e9 d\u00e1mske hodinky"},{"@type":"BreadcrumbList","@id":"https:\/\/blog.ccc.eu\/sk\/stastne-a-vesele-najkrajsie-vianocne-tradicie\/#breadcrumb","itemListElement":[{"@type":"ListItem","position":1,"name":"Strona g\u0142\u00f3wna","item":"https:\/\/blog.ccc.eu\/sk\/"},{"@type":"ListItem","position":2,"name":"\u0160\u0165astn\u00e9 a vesel\u00e9 \u2013 najkraj\u0161ie viano\u010dn\u00e9 trad\u00edcie: Pozn\u00e1te zvyky na\u0161ich predkov i tie s\u00fa\u010dasn\u00e9?"}]},{"@type":"WebSite","@id":"https:\/\/blog.ccc.eu\/sk\/#website","url":"https:\/\/blog.ccc.eu\/sk\/","name":"blog.ccc.eu\/sk","description":"Va\u0161e miesto pln\u00e9 m\u00f3dnych in\u0161pir\u00e1ci\u00ed","publisher":{"@id":"https:\/\/blog.ccc.eu\/sk\/#organization"},"potentialAction":[{"@type":"SearchAction","target":{"@type":"EntryPoint","urlTemplate":"https:\/\/blog.ccc.eu\/sk\/?s={search_term_string}"},"query-input":{"@type":"PropertyValueSpecification","valueRequired":true,"valueName":"search_term_string"}}],"inLanguage":"sk-SK"},{"@type":"Organization","@id":"https:\/\/blog.ccc.eu\/sk\/#organization","name":"CCC S.A.","url":"https:\/\/blog.ccc.eu\/sk\/","logo":{"@type":"ImageObject","inLanguage":"sk-SK","@id":"https:\/\/blog.ccc.eu\/sk\/#\/schema\/logo\/image\/","url":"https:\/\/blog.ccc.eu\/sk\/wp-content\/uploads\/2021\/11\/logo_ccc.png","contentUrl":"https:\/\/blog.ccc.eu\/sk\/wp-content\/uploads\/2021\/11\/logo_ccc.png","width":730,"height":270,"caption":"CCC S.A."},"image":{"@id":"https:\/\/blog.ccc.eu\/sk\/#\/schema\/logo\/image\/"}},{"@type":"Person","@id":"https:\/\/blog.ccc.eu\/sk\/#\/schema\/person\/68ec00164afac44a148fa05f790da26e","name":"Barbora Voln\u00e1","image":{"@type":"ImageObject","inLanguage":"sk-SK","@id":"https:\/\/blog.ccc.eu\/sk\/#\/schema\/person\/image\/","url":"https:\/\/blog.ccc.eu\/sk\/wp-content\/uploads\/2022\/02\/bibi-final-Cropped-100x100.jpg","contentUrl":"https:\/\/blog.ccc.eu\/sk\/wp-content\/uploads\/2022\/02\/bibi-final-Cropped-100x100.jpg","caption":"Barbora Voln\u00e1"},"description":"B\u00fdval\u00e1 \u0161\u00e9fredaktorka \u017eensk\u00e9ho magaz\u00ednu sa moment\u00e1lne venuje copywritingu, ktor\u00fd jej poskytuje \u0161irok\u00e9 pole p\u00f4sobnosti a slobodu slova. Napriek tomu, \u017ee m\u00e1 vy\u0161tudovan\u00fa environmentalistiku, tvorila u\u017e po\u010das strednej \u0161koly a nesk\u00f4r po\u010das vysokej \u0161koly prispievala \u010dl\u00e1nkami do mnoh\u00fdch \u017eensk\u00fdch magaz\u00ednov. Ak pr\u00e1ve nep\u00ed\u0161e, venuje v\u0161etok vo\u013en\u00fd \u010das rodine. Bl\u00edzko m\u00e1 najm\u00e4 k textom o kr\u00e1se, dom\u00e1cnosti, vz\u0165ahoch a zdravom \u017eivotnom \u0161t\u00fdle, porad\u00ed si v\u0161ak aj s technick\u00fdmi term\u00ednmi a ekonomickou problematikou.","url":"https:\/\/blog.ccc.eu\/sk\/author\/ariel-zagorski\/"}]}},"_links":{"self":[{"href":"https:\/\/blog.ccc.eu\/sk\/wp-json\/wp\/v2\/posts\/4512","targetHints":{"allow":["GET"]}}],"collection":[{"href":"https:\/\/blog.ccc.eu\/sk\/wp-json\/wp\/v2\/posts"}],"about":[{"href":"https:\/\/blog.ccc.eu\/sk\/wp-json\/wp\/v2\/types\/post"}],"author":[{"embeddable":true,"href":"https:\/\/blog.ccc.eu\/sk\/wp-json\/wp\/v2\/users\/15"}],"replies":[{"embeddable":true,"href":"https:\/\/blog.ccc.eu\/sk\/wp-json\/wp\/v2\/comments?post=4512"}],"version-history":[{"count":6,"href":"https:\/\/blog.ccc.eu\/sk\/wp-json\/wp\/v2\/posts\/4512\/revisions"}],"predecessor-version":[{"id":6221,"href":"https:\/\/blog.ccc.eu\/sk\/wp-json\/wp\/v2\/posts\/4512\/revisions\/6221"}],"wp:featuredmedia":[{"embeddable":true,"href":"https:\/\/blog.ccc.eu\/sk\/wp-json\/wp\/v2\/media\/4163"}],"wp:attachment":[{"href":"https:\/\/blog.ccc.eu\/sk\/wp-json\/wp\/v2\/media?parent=4512"}],"wp:term":[{"taxonomy":"category","embeddable":true,"href":"https:\/\/blog.ccc.eu\/sk\/wp-json\/wp\/v2\/categories?post=4512"},{"taxonomy":"post_tag","embeddable":true,"href":"https:\/\/blog.ccc.eu\/sk\/wp-json\/wp\/v2\/tags?post=4512"}],"curies":[{"name":"wp","href":"https:\/\/api.w.org\/{rel}","templated":true}]}}