{"id":4530,"date":"2021-12-23T12:08:01","date_gmt":"2021-12-23T11:08:01","guid":{"rendered":"https:\/\/blog.ccc.eu\/sk\/?p=4530"},"modified":"2023-01-27T11:36:24","modified_gmt":"2023-01-27T10:36:24","slug":"darceky-darceky-darceky-co-ste-nestihli-doteraz-mozete-stihnut-este-dnes","status":"publish","type":"post","link":"https:\/\/blog.ccc.eu\/sk\/darceky-darceky-darceky-co-ste-nestihli-doteraz-mozete-stihnut-este-dnes\/","title":{"rendered":"Dar\u010deky, dar\u010deky, dar\u010deky! \u010co ste nestihli doteraz, m\u00f4\u017eete stihn\u00fa\u0165 e\u0161te dnes"},"content":{"rendered":"\n<p><b>Aj v\u00e1m sa tieto noci \u0165a\u017e\u0161ie zasp\u00e1va? Ur\u010dite za to m\u00f4\u017eete aj predviano\u010dn\u00fd stres. V\u0161etci u\u017e maj\u00fa nape\u010den\u00e9 cukrovinky, umyt\u00e9 okn\u00e1 a zabalen\u00e9 dar\u010deky, len vy sa st\u00e1le nedok\u00e1\u017eete zorientova\u0165 v \u010dase. Nemus\u00edte nikde h\u013eada\u0165 gomb\u00edk na spomalenie \u010dasu. E\u0161te st\u00e1le m\u00e1te \u0161ancu nak\u00fapi\u0165 dar\u010deky online a kr\u00e1sne ich zabali\u0165. <\/b><\/p>\n\n\n\n<figure class=\"wp-block-gallery has-nested-images columns-default is-cropped wp-block-gallery-1 is-layout-flex wp-block-gallery-is-layout-flex\">\n<figure class=\"wp-block-image size-large\"><img loading=\"lazy\" decoding=\"async\" width=\"684\" height=\"1024\" data-id=\"4589\" src=\"https:\/\/blog.ccc.eu\/sk\/wp-content\/uploads\/2021\/12\/pexels-cottonbro-3402358-684x1024.jpg\" alt=\"Viano\u010dn\u00fd strom\u010dek\" class=\"wp-image-4589\" srcset=\"https:\/\/blog.ccc.eu\/sk\/wp-content\/uploads\/2021\/12\/pexels-cottonbro-3402358-684x1024.jpg 684w, https:\/\/blog.ccc.eu\/sk\/wp-content\/uploads\/2021\/12\/pexels-cottonbro-3402358-200x300.jpg 200w, https:\/\/blog.ccc.eu\/sk\/wp-content\/uploads\/2021\/12\/pexels-cottonbro-3402358-100x150.jpg 100w, https:\/\/blog.ccc.eu\/sk\/wp-content\/uploads\/2021\/12\/pexels-cottonbro-3402358.jpg 686w\" sizes=\"auto, (max-width: 684px) 100vw, 684px\" \/><\/figure>\n\n\n\n<figure class=\"wp-block-image size-large\"><img loading=\"lazy\" decoding=\"async\" width=\"683\" height=\"1024\" data-id=\"4590\" src=\"https:\/\/blog.ccc.eu\/sk\/wp-content\/uploads\/2021\/12\/pexels-irina-iriser-1734437-683x1024.jpg\" alt=\"dar\u010deky pod viano\u010dn\u00fd strom\u010dek\" class=\"wp-image-4590\" srcset=\"https:\/\/blog.ccc.eu\/sk\/wp-content\/uploads\/2021\/12\/pexels-irina-iriser-1734437-683x1024.jpg 683w, https:\/\/blog.ccc.eu\/sk\/wp-content\/uploads\/2021\/12\/pexels-irina-iriser-1734437-200x300.jpg 200w, https:\/\/blog.ccc.eu\/sk\/wp-content\/uploads\/2021\/12\/pexels-irina-iriser-1734437-768x1152.jpg 768w, https:\/\/blog.ccc.eu\/sk\/wp-content\/uploads\/2021\/12\/pexels-irina-iriser-1734437-100x150.jpg 100w, https:\/\/blog.ccc.eu\/sk\/wp-content\/uploads\/2021\/12\/pexels-irina-iriser-1734437.jpg 1000w\" sizes=\"auto, (max-width: 683px) 100vw, 683px\" \/><\/figure>\n<\/figure>\n\n\n\n<h2 class=\"wp-block-heading\"><b>Do jednej ruky tepl\u00fd pun\u010d a do druhej PC my\u0161 <\/b><\/h2>\n\n\n\n<p>Podstatn\u00e9 je nenecha\u0165 sa rozhodi\u0165. No a \u010do, \u017ee ste trochu pozadu a \u017ee slovo dar\u010deky vylieza u\u017e aj z va\u0161ej z\u00e1suvky s pono\u017ekami?! Vianoce s\u00fa sviatky pokoja, teda si ten zhon pred nimi m\u00f4\u017eete pokojne odpusti\u0165. St\u00e1le je tu niekto, kto v\u00e1m r\u00e1d nape\u010die alebo uprace dom\u00e1cnos\u0165, av\u0161ak n\u00e1kup dar\u010dekov pre va\u0161ich bl\u00edzkych je \u00faloha ako stvoren\u00e1 pre v\u00e1s.&nbsp;&nbsp;<\/p>\n\n\n\n<p>Ve\u010f kto ich pozn\u00e1 lep\u0161ie ako vy? Mo\u017eno v\u00e1m cel\u00fd rok d\u00e1vali ind\u00edcie, \u010do by ich pri<b>&nbsp;viano\u010dnom strom\u010deku pote\u0161ilo<\/b>, tak budete ma\u0165 \u013eahk\u00fa \u00falohu. Ak to v\u0161ak nechali \u00faplne na v\u00e1s, d\u00f4le\u017eit\u00e9 je sadn\u00fa\u0165 si, viano\u010dne sa naladi\u0165 (pripravi\u0165 si varen\u00e9 v\u00edno, pun\u010d, zap\u00e1li\u0165 svie\u010dku s v\u00f4\u0148ou \u0161korice, pusti\u0165 si koledy) a&#8230; Zapn\u00fa\u0165 po\u010d\u00edta\u010d!&nbsp;&nbsp;<\/p>\n\n\n\n<p>\u00c1no, pr\u00e1ve online nakupovanie pred Vianocami je cesta, ako sa vyhn\u00fa\u0165 stresu a u\u0161etri\u0165 mno\u017estvo \u010dasu. Kedy naposledy nak\u00fapi\u0165, aby v\u00e1m tovar stihol pr\u00eds\u0165 do Vianoc, a ak\u00e9 dar\u010deky vybra\u0165, aby mali univerz\u00e1lny charakter a ka\u017ed\u00e9mu presne sadli? <\/p>\n\n\n\n<h2 class=\"wp-block-heading\"><b>Stavte na m\u00f3dne doplnky ako&nbsp;ta\u0161ky \u010di kabelky<\/b>&nbsp;<\/h2>\n\n\n\n<p>D\u00e1tumy v kalend\u00e1ri sa u\u017e neodvratne bl\u00ed\u017eia k 24. decembru, ale vy ost\u00e1vate v pohode, ako sme sa dohodli. Ak nem\u00e1te po\u0148atia, \u010d\u00edm druh\u00fdch pote\u0161i\u0165, stavte na d\u00e1mske, p\u00e1nske \u010di&nbsp;<a href=\"https:\/\/ccc.eu\/sk\/doplnky\/detske\" target=\"_blank\" rel=\"noreferrer noopener\"><b>detsk\u00e9 doplnky<\/b><\/a>. S\u00fa to ob\u013e\u00faben\u00e9 druhy dar\u010dekov, preto\u017ee s nimi nem\u00f4\u017eete ni\u010d pokazi\u0165.&nbsp;&nbsp;<\/p>\n\n\n\n\n\n<p>Ke\u010f niekomu toti\u017e k\u00fapite sveter alebo top\u00e1nky, ve\u013ekos\u0165 by nemusela sadn\u00fa\u0165, \u010do m\u00f4\u017ee pokojne vies\u0165 aj k nepeknej zvade (\u201eTy si mysl\u00ed\u0161, \u017ee som tak\u00e1 \u0161irok\u00e1?\u201c) \u010co zl\u00e9 v\u0161ak m\u00f4\u017ee by\u0165 napr\u00edklad na <a href=\"https:\/\/ccc.eu\/sk\/kabelky\/panske-tasky\" target=\"_blank\" rel=\"noreferrer noopener\"><b>p\u00e1nskej ta\u0161ke<\/b><\/a>? Sta\u010d\u00ed ma\u0165 pred o\u010dami \u0161atn\u00edk osoby, ktor\u00fa chceme obdarova\u0165 \u2013 \u010di to bude n\u00e1\u0161 otec, partner, alebo brat \u2013 a zladi\u0165 k nemu <a href=\"https:\/\/ccc.eu\/sk\/doplnky\/panske\" target=\"_blank\" rel=\"noreferrer noopener\"><b>ta\u0161ku a in\u00e9 p\u00e1nske doplnky<\/b><\/a> ako <a href=\"https:\/\/ccc.eu\/sk\/doplnky\/panske\/opasky\" target=\"_blank\" rel=\"noreferrer noopener\"><b>opasky<\/b><\/a> alebo <a href=\"https:\/\/ccc.eu\/sk\/doplnky\/panske\/penazenky\" target=\"_blank\" rel=\"noreferrer noopener\"><b>pe\u0148a\u017eenky<\/b><\/a>.  <\/p>\n\n\n\n\n\n<p>Navy\u0161e, ak\u00e1 by to bola \u017eena, ktor\u00e1 by sa nepote\u0161ila&nbsp;<b>kabelke<\/b>? \u017diadnej d\u00e1me neprek\u00e1\u017ea, \u017ee ich m\u00e1 v \u0161atn\u00edku zavesen\u00fdch \u010fal\u0161\u00edch desa\u0165.&nbsp;<a href=\"https:\/\/ccc.eu\/sk\/damske\/tasky-a-doplnky\" target=\"_blank\" rel=\"noreferrer noopener\"><b>D\u00e1mske ta\u0161ky a doplnky<\/b><\/a>&nbsp;sa \u013eahko vyberaj\u00fa \u017een\u00e1m, no ani p\u00e1ni nemusia z\u00fafa\u0165. Sta\u010d\u00ed si prezrie\u0165 \u0161t\u00fdl alebo ve\u013ekos\u0165 ostatn\u00fdch kabeliek, ktor\u00e9 d\u00e1ma vlastn\u00ed, alebo si zoradi\u0165 tovar v online ponuke pod\u013ea ob\u013e\u00fabenosti.&nbsp;&nbsp;<\/p>\n\n\n\n\n\n<p>M\u00e1te v rodine deti? Neupierajte im mo\u017enos\u0165 c\u00edti\u0165 sa d\u00f4le\u017eito a dospelo! U\u017e mal\u00e9 sle\u010dny chodia na prech\u00e1dzky s kabelkou a chlapci neprekro\u010dia prah domu bez ob\u013e\u00faben\u00e9ho batohu. Ta\u0161ky a doplnky skr\u00e1tka pote\u0161ia d\u00e1my, p\u00e1nov i deti, a to bez oh\u013eadu na vek. <\/p>\n\n\n\n<figure class=\"wp-block-image size-large\"><img loading=\"lazy\" decoding=\"async\" width=\"1024\" height=\"679\" src=\"https:\/\/blog.ccc.eu\/sk\/wp-content\/uploads\/2021\/12\/pexels-inga-seliverstova-3394779-1024x679.jpg\" alt=\"\" class=\"wp-image-4592\" srcset=\"https:\/\/blog.ccc.eu\/sk\/wp-content\/uploads\/2021\/12\/pexels-inga-seliverstova-3394779-1024x679.jpg 1024w, https:\/\/blog.ccc.eu\/sk\/wp-content\/uploads\/2021\/12\/pexels-inga-seliverstova-3394779-300x199.jpg 300w, https:\/\/blog.ccc.eu\/sk\/wp-content\/uploads\/2021\/12\/pexels-inga-seliverstova-3394779-768x509.jpg 768w, https:\/\/blog.ccc.eu\/sk\/wp-content\/uploads\/2021\/12\/pexels-inga-seliverstova-3394779-1536x1018.jpg 1536w, https:\/\/blog.ccc.eu\/sk\/wp-content\/uploads\/2021\/12\/pexels-inga-seliverstova-3394779-100x66.jpg 100w, https:\/\/blog.ccc.eu\/sk\/wp-content\/uploads\/2021\/12\/pexels-inga-seliverstova-3394779.jpg 1694w\" sizes=\"auto, (max-width: 1024px) 100vw, 1024px\" \/><\/figure>\n\n\n\n<h2 class=\"wp-block-heading\"><b>Last&nbsp;minute&nbsp;nakupovanie a va\u0161e istoty<\/b>&nbsp;<\/h2>\n\n\n\n<p>\u010ci si predviano\u010dn\u00fdm nakupovan\u00edm sprav\u00edte&nbsp;<b>zoznam univerz\u00e1lnych dar\u010dekov<\/b>&nbsp;pre va\u0161ich bl\u00edzkych, alebo budete nakupova\u0165 \u201enaostro\u201c, ur\u010dite si aspo\u0148 niekde zap\u00ed\u0161te, ko\u013eko dar\u010dekov h\u013ead\u00e1te pre mu\u017eov, \u017eeny a deti. Nakupujte s rozvahou, aby v\u00e1m ni\u010d nezvy\u0161ovalo ani nech\u00fdbalo. Ke\u010f\u017ee ste sa zverili<b>&nbsp;last&nbsp;minute&nbsp;n\u00e1kupom<\/b>, m\u00f4\u017ee sa sta\u0165, \u017ee ide o posledn\u00e9 dar\u010deky, ktor\u00e9 v\u00e1m do Vianoc stihn\u00fa pr\u00eds\u0165. Spome\u0148me si hlavn\u00e9 z\u00e1sady&nbsp;last&nbsp;minute&nbsp;nakupovania.&nbsp;<\/p>\n\n\n\n<ol class=\"wp-block-list\">\n<li>Nakupujem v takom \u010dase, aby mi dar\u010deky do Vianoc stihli aj re\u00e1lne doda\u0165. Najoptim\u00e1lnej\u0161ie je objedna\u0165 naposledy <b>19. decembra<\/b>. Tam je e\u0161te ve\u013ek\u00e1 \u0161anca, \u017ee mi dar\u010deky dorazia. Sledujem garancie e-shopov. Nakupova\u0165 dva dni pred Vianocami, to u\u017e je risk, preto\u017ee nie som s\u00e1m, komu bud\u00fa kuri\u00e9ri bal\u00edky doru\u010dova\u0165. Mnoh\u00e9 kuri\u00e9rske spolo\u010dnosti <b>doru\u010duj\u00fa tovar aj cez v\u00edkend.<\/b> E\u0161te je tu mo\u017enos\u0165 dar\u010deky objedna\u0165 a vyzdvihn\u00fa\u0165 osobne v predajni, treb\u00e1rs aj na \u0160tedr\u00fd de\u0148, len si treba overi\u0165, \u010di dan\u00e1 predaj\u0148a bude ma\u0165 otvoren\u00fa v\u00fddaj\u0148u tovaru. <\/li>\n\n\n\n<li>Poruke m\u00e1m <b>zoznam mien, pr\u00edpadne aj dar\u010dekov<\/b>, aby bolo moje nakupovanie preh\u013eadn\u00e9. Aj v obchode aj v e-shope. <\/li>\n\n\n\n<li>V e-shope si vyber\u00e1m iba tovar, ktor\u00fd je <b>dostupn\u00fd skladom<\/b>. Ten mi dok\u00e1\u017ee internetov\u00fd obchod <b>ihne\u010f odosla\u0165.<\/b> <\/li>\n\n\n\n<li>Ak nem\u00e1m po\u0148atia, ak\u00fd dar\u010dek by spravil rados\u0165 mojim bl\u00edzkym, vyberiem pre nich univerz\u00e1lne dar\u010deky, ako s\u00fa m\u00f3dne doplnky (p\u00e1nske ta\u0161ky, doplnky, d\u00e1mske kabelky, detsk\u00e9 ta\u0161ky s rozpr\u00e1vkov\u00fdmi mot\u00edvmi a pod.). <\/li>\n\n\n\n<li>Over\u00edm si u obchodn\u00edka, ak\u00e1 je lehota na vr\u00e1tenie tovaru v pr\u00edpade, \u017ee dar\u010dek druh\u00e9mu nesadne. Fakt\u00faru si pre tieto pr\u00edpady uchov\u00e1m. V <a href=\"https:\/\/ccc.eu\/sk\/klub-ccc\" target=\"_blank\" rel=\"noreferrer noopener\"><b>Klube CCC<\/b><\/a><b> <\/b>m\u00e1m garantovan\u00fa mo\u017enos\u0165 vr\u00e1tenia tovaru do 120 dn\u00ed od jeho objednania. Hne\u010f o vr\u00e1sku menej! <\/li>\n\n\n\n<li>Pre e\u0161te v\u00e4\u010d\u0161ie v\u00fdhody a z\u013eavy je dobr\u00e9 vyu\u017ei\u0165 ponuku e-shopov na registr\u00e1ciu. <b>Klub CCC<\/b> pon\u00faka svojim vern\u00fdm z\u00e1kazn\u00edkom okrem <a href=\"https:\/\/ccc.eu\/sk\/sposoby-dodavky\" target=\"_blank\" rel=\"noreferrer noopener\"><b>doru\u010denia zdarma nad 15 eur<\/b><\/a> \u010di spomenutej mo\u017enosti <a href=\"https:\/\/ccc.eu\/sk\/vratenie-tovaru\" target=\"_blank\" rel=\"noreferrer noopener\"><b>vr\u00e1tenia tovaru do 120 dn\u00ed<\/b><\/a> aj \u010fal\u0161ie v\u00fdhody. \u010cakaj\u00fa na v\u00e1s <a href=\"https:\/\/ccc.eu\/sk\/aktualne-akcie-v-ccc\" target=\"_blank\" rel=\"noreferrer noopener\"><b>extra z\u013eavy a dar\u010deky<\/b><\/a>, ktor\u00e9 sa odv\u00edjaj\u00fa od hodnoty va\u0161ich n\u00e1kupov. <\/li>\n<\/ol>\n\n\n\n<h2 class=\"wp-block-heading\"><b>Ak\u00e9 s\u00fa \u010fal\u0161ie v\u00fdhody \u010dlenstva v CCC klube?<\/b>&nbsp;<\/h2>\n\n\n\n<p><b>Klub CCC<\/b>&nbsp;pod\u013ea va\u0161ej ro\u010dnej hodnoty n\u00e1kupov vyhodnot\u00ed, na ak\u00e9&nbsp;<b>v\u00fdhody \u010dlenstva<\/b>&nbsp; m\u00e1te ako vern\u00fd z\u00e1kazn\u00edk n\u00e1rok.&nbsp;&nbsp;<\/p>\n\n\n\n<p>Okrem&nbsp;<b>bal\u00ed\u010dka zliav u partnerov<\/b>&nbsp;sa m\u00f4\u017eete te\u0161i\u0165 na<b>&nbsp;dar\u010deky k narodenin\u00e1m<\/b>,&nbsp;<b>prednostn\u00fd n\u00e1kup vybran\u00fdch kolekci\u00ed<\/b>, vr\u00e1tenie tovaru bez pokladni\u010dn\u00e9ho dokladu (do 30, 60 alebo 120 dn\u00ed od n\u00e1kupu) \u010di&nbsp;<b>doru\u010denie tovaru zdarma pri ur\u010ditej hodnote<\/b>. Nakupujte s rados\u0165ou nielen na Vianoce, ale po cel\u00fd rok.&nbsp;<\/p>\n","protected":false},"excerpt":{"rendered":"<p>Aj v\u00e1m sa tieto noci \u0165a\u017e\u0161ie zasp\u00e1va? Ur\u010dite za to m\u00f4\u017eete aj predviano\u010dn\u00fd stres. V\u0161etci u\u017e maj\u00fa nape\u010den\u00e9 cukrovinky, umyt\u00e9 okn\u00e1 a zabalen\u00e9 dar\u010deky, len vy sa st\u00e1le nedok\u00e1\u017eete zorientova\u0165 v \u010dase. Nemus\u00edte nikde h\u013eada\u0165 gomb\u00edk na spomalenie \u010dasu. E\u0161te st\u00e1le m\u00e1te \u0161ancu nak\u00fapi\u0165 dar\u010deky online a kr\u00e1sne ich zabali\u0165. Do jednej ruky tepl\u00fd pun\u010d [&hellip;]<\/p>\n","protected":false},"author":16,"featured_media":4589,"comment_status":"open","ping_status":"open","sticky":false,"template":"","format":"standard","meta":{"_acf_changed":false,"footnotes":""},"categories":[4],"tags":[559,574,573,560,555],"class_list":["post-4530","post","type-post","status-publish","format-standard","has-post-thumbnail","hentry","category-modne-tipy","tag-doplnky","tag-kabelky","tag-tasky","tag-vianocne","tag-vianocne-darceky"],"acf":[],"yoast_head":"<!-- This site is optimized with the Yoast SEO plugin v26.9 - https:\/\/yoast.com\/product\/yoast-seo-wordpress\/ -->\n<title>Dar\u010deky, dar\u010deky, dar\u010deky! \u010co ste nestihli doteraz, m\u00f4\u017eete stihn\u00fa\u0165 e\u0161te dnes - blog.ccc.eu\/sk<\/title>\n<meta name=\"description\" content=\"Aj v\u00e1m sa tieto noci \u0165a\u017e\u0161ie zasp\u00e1va? Ur\u010dite za to m\u00f4\u017eete aj predviano\u010dn\u00fd stres. V\u0161etci u\u017e maj\u00fa nape\u010den\u00e9 cukrovinky, umyt\u00e9 okn\u00e1 a zabalen\u00e9 dar\u010deky, len vy sa st\u00e1le nedok\u00e1\u017eete zorientova\u0165 v \u010dase. Nemus\u00edte nikde h\u013eada\u0165 gomb\u00edk na spomalenie \u010dasu. E\u0161te st\u00e1le m\u00e1te \u0161ancu nak\u00fapi\u0165 dar\u010deky online a kr\u00e1sne ich zabali\u0165. 2026\" \/>\n<meta name=\"robots\" content=\"index, follow, max-snippet:-1, max-image-preview:large, max-video-preview:-1\" \/>\n<link rel=\"canonical\" href=\"https:\/\/blog.ccc.eu\/sk\/darceky-darceky-darceky-co-ste-nestihli-doteraz-mozete-stihnut-este-dnes\/\" \/>\n<meta property=\"og:locale\" content=\"sk_SK\" \/>\n<meta property=\"og:type\" content=\"article\" \/>\n<meta property=\"og:title\" content=\"Dar\u010deky, dar\u010deky, dar\u010deky! \u010co ste nestihli doteraz, m\u00f4\u017eete stihn\u00fa\u0165 e\u0161te dnes - blog.ccc.eu\/sk\" \/>\n<meta property=\"og:description\" content=\"Aj v\u00e1m sa tieto noci \u0165a\u017e\u0161ie zasp\u00e1va? Ur\u010dite za to m\u00f4\u017eete aj predviano\u010dn\u00fd stres. V\u0161etci u\u017e maj\u00fa nape\u010den\u00e9 cukrovinky, umyt\u00e9 okn\u00e1 a zabalen\u00e9 dar\u010deky, len vy sa st\u00e1le nedok\u00e1\u017eete zorientova\u0165 v \u010dase. Nemus\u00edte nikde h\u013eada\u0165 gomb\u00edk na spomalenie \u010dasu. E\u0161te st\u00e1le m\u00e1te \u0161ancu nak\u00fapi\u0165 dar\u010deky online a kr\u00e1sne ich zabali\u0165.\" \/>\n<meta property=\"og:url\" content=\"https:\/\/blog.ccc.eu\/sk\/darceky-darceky-darceky-co-ste-nestihli-doteraz-mozete-stihnut-este-dnes\/\" \/>\n<meta property=\"og:site_name\" content=\"blog.ccc.eu\/sk\" \/>\n<meta property=\"article:published_time\" content=\"2021-12-23T11:08:01+00:00\" \/>\n<meta property=\"article:modified_time\" content=\"2023-01-27T10:36:24+00:00\" \/>\n<meta property=\"og:image\" content=\"https:\/\/blog.ccc.eu\/sk\/wp-content\/uploads\/2021\/12\/pexels-cottonbro-3402358.jpg\" \/>\n\t<meta property=\"og:image:width\" content=\"686\" \/>\n\t<meta property=\"og:image:height\" content=\"1027\" \/>\n\t<meta property=\"og:image:type\" content=\"image\/jpeg\" \/>\n<meta name=\"author\" content=\"Monika Dreschnerov\u00e1\" \/>\n<meta name=\"twitter:card\" content=\"summary_large_image\" \/>\n<meta name=\"twitter:label1\" content=\"Autor\" \/>\n\t<meta name=\"twitter:data1\" content=\"Monika Dreschnerov\u00e1\" \/>\n\t<meta name=\"twitter:label2\" content=\"Predpokladan\u00fd \u010das \u010d\u00edtania\" \/>\n\t<meta name=\"twitter:data2\" content=\"6 min\u00fat\" \/>\n<script type=\"application\/ld+json\" class=\"yoast-schema-graph\">{\"@context\":\"https:\/\/schema.org\",\"@graph\":[{\"@type\":\"Article\",\"@id\":\"https:\/\/blog.ccc.eu\/sk\/darceky-darceky-darceky-co-ste-nestihli-doteraz-mozete-stihnut-este-dnes\/#article\",\"isPartOf\":{\"@id\":\"https:\/\/blog.ccc.eu\/sk\/darceky-darceky-darceky-co-ste-nestihli-doteraz-mozete-stihnut-este-dnes\/\"},\"author\":{\"name\":\"Monika Dreschnerov\u00e1\",\"@id\":\"https:\/\/blog.ccc.eu\/sk\/#\/schema\/person\/7bacd9004d20c7c022a809fb0fdbd94e\"},\"headline\":\"Dar\u010deky, dar\u010deky, dar\u010deky! \u010co ste nestihli doteraz, m\u00f4\u017eete stihn\u00fa\u0165 e\u0161te dnes\",\"datePublished\":\"2021-12-23T11:08:01+00:00\",\"dateModified\":\"2023-01-27T10:36:24+00:00\",\"mainEntityOfPage\":{\"@id\":\"https:\/\/blog.ccc.eu\/sk\/darceky-darceky-darceky-co-ste-nestihli-doteraz-mozete-stihnut-este-dnes\/\"},\"wordCount\":1115,\"commentCount\":0,\"publisher\":{\"@id\":\"https:\/\/blog.ccc.eu\/sk\/#organization\"},\"image\":{\"@id\":\"https:\/\/blog.ccc.eu\/sk\/darceky-darceky-darceky-co-ste-nestihli-doteraz-mozete-stihnut-este-dnes\/#primaryimage\"},\"thumbnailUrl\":\"https:\/\/blog.ccc.eu\/sk\/wp-content\/uploads\/2021\/12\/pexels-cottonbro-3402358.jpg\",\"keywords\":[\"doplnky\",\"kabelky\",\"ta\u0161ky\",\"viano\u010dn\u00e9\",\"viano\u010dn\u00e9 dar\u010deky\"],\"articleSection\":[\"M\u00d3DNE TIPY\"],\"inLanguage\":\"sk-SK\",\"potentialAction\":[{\"@type\":\"CommentAction\",\"name\":\"Comment\",\"target\":[\"https:\/\/blog.ccc.eu\/sk\/darceky-darceky-darceky-co-ste-nestihli-doteraz-mozete-stihnut-este-dnes\/#respond\"]}]},{\"@type\":\"WebPage\",\"@id\":\"https:\/\/blog.ccc.eu\/sk\/darceky-darceky-darceky-co-ste-nestihli-doteraz-mozete-stihnut-este-dnes\/\",\"url\":\"https:\/\/blog.ccc.eu\/sk\/darceky-darceky-darceky-co-ste-nestihli-doteraz-mozete-stihnut-este-dnes\/\",\"name\":\"Dar\u010deky, dar\u010deky, dar\u010deky! \u010co ste nestihli doteraz, m\u00f4\u017eete stihn\u00fa\u0165 e\u0161te dnes - blog.ccc.eu\/sk\",\"isPartOf\":{\"@id\":\"https:\/\/blog.ccc.eu\/sk\/#website\"},\"primaryImageOfPage\":{\"@id\":\"https:\/\/blog.ccc.eu\/sk\/darceky-darceky-darceky-co-ste-nestihli-doteraz-mozete-stihnut-este-dnes\/#primaryimage\"},\"image\":{\"@id\":\"https:\/\/blog.ccc.eu\/sk\/darceky-darceky-darceky-co-ste-nestihli-doteraz-mozete-stihnut-este-dnes\/#primaryimage\"},\"thumbnailUrl\":\"https:\/\/blog.ccc.eu\/sk\/wp-content\/uploads\/2021\/12\/pexels-cottonbro-3402358.jpg\",\"datePublished\":\"2021-12-23T11:08:01+00:00\",\"dateModified\":\"2023-01-27T10:36:24+00:00\",\"description\":\"Aj v\u00e1m sa tieto noci \u0165a\u017e\u0161ie zasp\u00e1va? Ur\u010dite za to m\u00f4\u017eete aj predviano\u010dn\u00fd stres. V\u0161etci u\u017e maj\u00fa nape\u010den\u00e9 cukrovinky, umyt\u00e9 okn\u00e1 a zabalen\u00e9 dar\u010deky, len vy sa st\u00e1le nedok\u00e1\u017eete zorientova\u0165 v \u010dase. Nemus\u00edte nikde h\u013eada\u0165 gomb\u00edk na spomalenie \u010dasu. E\u0161te st\u00e1le m\u00e1te \u0161ancu nak\u00fapi\u0165 dar\u010deky online a kr\u00e1sne ich zabali\u0165.\",\"breadcrumb\":{\"@id\":\"https:\/\/blog.ccc.eu\/sk\/darceky-darceky-darceky-co-ste-nestihli-doteraz-mozete-stihnut-este-dnes\/#breadcrumb\"},\"inLanguage\":\"sk-SK\",\"potentialAction\":[{\"@type\":\"ReadAction\",\"target\":[\"https:\/\/blog.ccc.eu\/sk\/darceky-darceky-darceky-co-ste-nestihli-doteraz-mozete-stihnut-este-dnes\/\"]}]},{\"@type\":\"ImageObject\",\"inLanguage\":\"sk-SK\",\"@id\":\"https:\/\/blog.ccc.eu\/sk\/darceky-darceky-darceky-co-ste-nestihli-doteraz-mozete-stihnut-este-dnes\/#primaryimage\",\"url\":\"https:\/\/blog.ccc.eu\/sk\/wp-content\/uploads\/2021\/12\/pexels-cottonbro-3402358.jpg\",\"contentUrl\":\"https:\/\/blog.ccc.eu\/sk\/wp-content\/uploads\/2021\/12\/pexels-cottonbro-3402358.jpg\",\"width\":686,\"height\":1027,\"caption\":\"Viano\u010dn\u00fd strom\u010dek\"},{\"@type\":\"BreadcrumbList\",\"@id\":\"https:\/\/blog.ccc.eu\/sk\/darceky-darceky-darceky-co-ste-nestihli-doteraz-mozete-stihnut-este-dnes\/#breadcrumb\",\"itemListElement\":[{\"@type\":\"ListItem\",\"position\":1,\"name\":\"Strona g\u0142\u00f3wna\",\"item\":\"https:\/\/blog.ccc.eu\/sk\/\"},{\"@type\":\"ListItem\",\"position\":2,\"name\":\"Dar\u010deky, dar\u010deky, dar\u010deky! \u010co ste nestihli doteraz, m\u00f4\u017eete stihn\u00fa\u0165 e\u0161te dnes\"}]},{\"@type\":\"WebSite\",\"@id\":\"https:\/\/blog.ccc.eu\/sk\/#website\",\"url\":\"https:\/\/blog.ccc.eu\/sk\/\",\"name\":\"blog.ccc.eu\/sk\",\"description\":\"Va\u0161e miesto pln\u00e9 m\u00f3dnych in\u0161pir\u00e1ci\u00ed\",\"publisher\":{\"@id\":\"https:\/\/blog.ccc.eu\/sk\/#organization\"},\"potentialAction\":[{\"@type\":\"SearchAction\",\"target\":{\"@type\":\"EntryPoint\",\"urlTemplate\":\"https:\/\/blog.ccc.eu\/sk\/?s={search_term_string}\"},\"query-input\":{\"@type\":\"PropertyValueSpecification\",\"valueRequired\":true,\"valueName\":\"search_term_string\"}}],\"inLanguage\":\"sk-SK\"},{\"@type\":\"Organization\",\"@id\":\"https:\/\/blog.ccc.eu\/sk\/#organization\",\"name\":\"CCC S.A.\",\"url\":\"https:\/\/blog.ccc.eu\/sk\/\",\"logo\":{\"@type\":\"ImageObject\",\"inLanguage\":\"sk-SK\",\"@id\":\"https:\/\/blog.ccc.eu\/sk\/#\/schema\/logo\/image\/\",\"url\":\"https:\/\/blog.ccc.eu\/sk\/wp-content\/uploads\/2021\/11\/logo_ccc.png\",\"contentUrl\":\"https:\/\/blog.ccc.eu\/sk\/wp-content\/uploads\/2021\/11\/logo_ccc.png\",\"width\":730,\"height\":270,\"caption\":\"CCC S.A.\"},\"image\":{\"@id\":\"https:\/\/blog.ccc.eu\/sk\/#\/schema\/logo\/image\/\"}},{\"@type\":\"Person\",\"@id\":\"https:\/\/blog.ccc.eu\/sk\/#\/schema\/person\/7bacd9004d20c7c022a809fb0fdbd94e\",\"name\":\"Monika Dreschnerov\u00e1\",\"image\":{\"@type\":\"ImageObject\",\"inLanguage\":\"sk-SK\",\"@id\":\"https:\/\/blog.ccc.eu\/sk\/#\/schema\/person\/image\/\",\"url\":\"https:\/\/blog.ccc.eu\/sk\/wp-content\/uploads\/2022\/01\/pexels-andrea-piacquadio-774909-150x150.jpg\",\"contentUrl\":\"https:\/\/blog.ccc.eu\/sk\/wp-content\/uploads\/2022\/01\/pexels-andrea-piacquadio-774909-150x150.jpg\",\"caption\":\"Monika Dreschnerov\u00e1\"},\"url\":\"https:\/\/blog.ccc.eu\/sk\/author\/alena-langova\/\"}]}<\/script>\n<!-- \/ Yoast SEO plugin. -->","yoast_head_json":{"title":"Dar\u010deky, dar\u010deky, dar\u010deky! \u010co ste nestihli doteraz, m\u00f4\u017eete stihn\u00fa\u0165 e\u0161te dnes - blog.ccc.eu\/sk","description":"Aj v\u00e1m sa tieto noci \u0165a\u017e\u0161ie zasp\u00e1va? Ur\u010dite za to m\u00f4\u017eete aj predviano\u010dn\u00fd stres. V\u0161etci u\u017e maj\u00fa nape\u010den\u00e9 cukrovinky, umyt\u00e9 okn\u00e1 a zabalen\u00e9 dar\u010deky, len vy sa st\u00e1le nedok\u00e1\u017eete zorientova\u0165 v \u010dase. Nemus\u00edte nikde h\u013eada\u0165 gomb\u00edk na spomalenie \u010dasu. E\u0161te st\u00e1le m\u00e1te \u0161ancu nak\u00fapi\u0165 dar\u010deky online a kr\u00e1sne ich zabali\u0165. 2026","robots":{"index":"index","follow":"follow","max-snippet":"max-snippet:-1","max-image-preview":"max-image-preview:large","max-video-preview":"max-video-preview:-1"},"canonical":"https:\/\/blog.ccc.eu\/sk\/darceky-darceky-darceky-co-ste-nestihli-doteraz-mozete-stihnut-este-dnes\/","og_locale":"sk_SK","og_type":"article","og_title":"Dar\u010deky, dar\u010deky, dar\u010deky! \u010co ste nestihli doteraz, m\u00f4\u017eete stihn\u00fa\u0165 e\u0161te dnes - blog.ccc.eu\/sk","og_description":"Aj v\u00e1m sa tieto noci \u0165a\u017e\u0161ie zasp\u00e1va? Ur\u010dite za to m\u00f4\u017eete aj predviano\u010dn\u00fd stres. V\u0161etci u\u017e maj\u00fa nape\u010den\u00e9 cukrovinky, umyt\u00e9 okn\u00e1 a zabalen\u00e9 dar\u010deky, len vy sa st\u00e1le nedok\u00e1\u017eete zorientova\u0165 v \u010dase. Nemus\u00edte nikde h\u013eada\u0165 gomb\u00edk na spomalenie \u010dasu. E\u0161te st\u00e1le m\u00e1te \u0161ancu nak\u00fapi\u0165 dar\u010deky online a kr\u00e1sne ich zabali\u0165.","og_url":"https:\/\/blog.ccc.eu\/sk\/darceky-darceky-darceky-co-ste-nestihli-doteraz-mozete-stihnut-este-dnes\/","og_site_name":"blog.ccc.eu\/sk","article_published_time":"2021-12-23T11:08:01+00:00","article_modified_time":"2023-01-27T10:36:24+00:00","og_image":[{"width":686,"height":1027,"url":"https:\/\/blog.ccc.eu\/sk\/wp-content\/uploads\/2021\/12\/pexels-cottonbro-3402358.jpg","type":"image\/jpeg"}],"author":"Monika Dreschnerov\u00e1","twitter_card":"summary_large_image","twitter_misc":{"Autor":"Monika Dreschnerov\u00e1","Predpokladan\u00fd \u010das \u010d\u00edtania":"6 min\u00fat"},"schema":{"@context":"https:\/\/schema.org","@graph":[{"@type":"Article","@id":"https:\/\/blog.ccc.eu\/sk\/darceky-darceky-darceky-co-ste-nestihli-doteraz-mozete-stihnut-este-dnes\/#article","isPartOf":{"@id":"https:\/\/blog.ccc.eu\/sk\/darceky-darceky-darceky-co-ste-nestihli-doteraz-mozete-stihnut-este-dnes\/"},"author":{"name":"Monika Dreschnerov\u00e1","@id":"https:\/\/blog.ccc.eu\/sk\/#\/schema\/person\/7bacd9004d20c7c022a809fb0fdbd94e"},"headline":"Dar\u010deky, dar\u010deky, dar\u010deky! \u010co ste nestihli doteraz, m\u00f4\u017eete stihn\u00fa\u0165 e\u0161te dnes","datePublished":"2021-12-23T11:08:01+00:00","dateModified":"2023-01-27T10:36:24+00:00","mainEntityOfPage":{"@id":"https:\/\/blog.ccc.eu\/sk\/darceky-darceky-darceky-co-ste-nestihli-doteraz-mozete-stihnut-este-dnes\/"},"wordCount":1115,"commentCount":0,"publisher":{"@id":"https:\/\/blog.ccc.eu\/sk\/#organization"},"image":{"@id":"https:\/\/blog.ccc.eu\/sk\/darceky-darceky-darceky-co-ste-nestihli-doteraz-mozete-stihnut-este-dnes\/#primaryimage"},"thumbnailUrl":"https:\/\/blog.ccc.eu\/sk\/wp-content\/uploads\/2021\/12\/pexels-cottonbro-3402358.jpg","keywords":["doplnky","kabelky","ta\u0161ky","viano\u010dn\u00e9","viano\u010dn\u00e9 dar\u010deky"],"articleSection":["M\u00d3DNE TIPY"],"inLanguage":"sk-SK","potentialAction":[{"@type":"CommentAction","name":"Comment","target":["https:\/\/blog.ccc.eu\/sk\/darceky-darceky-darceky-co-ste-nestihli-doteraz-mozete-stihnut-este-dnes\/#respond"]}]},{"@type":"WebPage","@id":"https:\/\/blog.ccc.eu\/sk\/darceky-darceky-darceky-co-ste-nestihli-doteraz-mozete-stihnut-este-dnes\/","url":"https:\/\/blog.ccc.eu\/sk\/darceky-darceky-darceky-co-ste-nestihli-doteraz-mozete-stihnut-este-dnes\/","name":"Dar\u010deky, dar\u010deky, dar\u010deky! \u010co ste nestihli doteraz, m\u00f4\u017eete stihn\u00fa\u0165 e\u0161te dnes - blog.ccc.eu\/sk","isPartOf":{"@id":"https:\/\/blog.ccc.eu\/sk\/#website"},"primaryImageOfPage":{"@id":"https:\/\/blog.ccc.eu\/sk\/darceky-darceky-darceky-co-ste-nestihli-doteraz-mozete-stihnut-este-dnes\/#primaryimage"},"image":{"@id":"https:\/\/blog.ccc.eu\/sk\/darceky-darceky-darceky-co-ste-nestihli-doteraz-mozete-stihnut-este-dnes\/#primaryimage"},"thumbnailUrl":"https:\/\/blog.ccc.eu\/sk\/wp-content\/uploads\/2021\/12\/pexels-cottonbro-3402358.jpg","datePublished":"2021-12-23T11:08:01+00:00","dateModified":"2023-01-27T10:36:24+00:00","description":"Aj v\u00e1m sa tieto noci \u0165a\u017e\u0161ie zasp\u00e1va? Ur\u010dite za to m\u00f4\u017eete aj predviano\u010dn\u00fd stres. V\u0161etci u\u017e maj\u00fa nape\u010den\u00e9 cukrovinky, umyt\u00e9 okn\u00e1 a zabalen\u00e9 dar\u010deky, len vy sa st\u00e1le nedok\u00e1\u017eete zorientova\u0165 v \u010dase. Nemus\u00edte nikde h\u013eada\u0165 gomb\u00edk na spomalenie \u010dasu. E\u0161te st\u00e1le m\u00e1te \u0161ancu nak\u00fapi\u0165 dar\u010deky online a kr\u00e1sne ich zabali\u0165.","breadcrumb":{"@id":"https:\/\/blog.ccc.eu\/sk\/darceky-darceky-darceky-co-ste-nestihli-doteraz-mozete-stihnut-este-dnes\/#breadcrumb"},"inLanguage":"sk-SK","potentialAction":[{"@type":"ReadAction","target":["https:\/\/blog.ccc.eu\/sk\/darceky-darceky-darceky-co-ste-nestihli-doteraz-mozete-stihnut-este-dnes\/"]}]},{"@type":"ImageObject","inLanguage":"sk-SK","@id":"https:\/\/blog.ccc.eu\/sk\/darceky-darceky-darceky-co-ste-nestihli-doteraz-mozete-stihnut-este-dnes\/#primaryimage","url":"https:\/\/blog.ccc.eu\/sk\/wp-content\/uploads\/2021\/12\/pexels-cottonbro-3402358.jpg","contentUrl":"https:\/\/blog.ccc.eu\/sk\/wp-content\/uploads\/2021\/12\/pexels-cottonbro-3402358.jpg","width":686,"height":1027,"caption":"Viano\u010dn\u00fd strom\u010dek"},{"@type":"BreadcrumbList","@id":"https:\/\/blog.ccc.eu\/sk\/darceky-darceky-darceky-co-ste-nestihli-doteraz-mozete-stihnut-este-dnes\/#breadcrumb","itemListElement":[{"@type":"ListItem","position":1,"name":"Strona g\u0142\u00f3wna","item":"https:\/\/blog.ccc.eu\/sk\/"},{"@type":"ListItem","position":2,"name":"Dar\u010deky, dar\u010deky, dar\u010deky! \u010co ste nestihli doteraz, m\u00f4\u017eete stihn\u00fa\u0165 e\u0161te dnes"}]},{"@type":"WebSite","@id":"https:\/\/blog.ccc.eu\/sk\/#website","url":"https:\/\/blog.ccc.eu\/sk\/","name":"blog.ccc.eu\/sk","description":"Va\u0161e miesto pln\u00e9 m\u00f3dnych in\u0161pir\u00e1ci\u00ed","publisher":{"@id":"https:\/\/blog.ccc.eu\/sk\/#organization"},"potentialAction":[{"@type":"SearchAction","target":{"@type":"EntryPoint","urlTemplate":"https:\/\/blog.ccc.eu\/sk\/?s={search_term_string}"},"query-input":{"@type":"PropertyValueSpecification","valueRequired":true,"valueName":"search_term_string"}}],"inLanguage":"sk-SK"},{"@type":"Organization","@id":"https:\/\/blog.ccc.eu\/sk\/#organization","name":"CCC S.A.","url":"https:\/\/blog.ccc.eu\/sk\/","logo":{"@type":"ImageObject","inLanguage":"sk-SK","@id":"https:\/\/blog.ccc.eu\/sk\/#\/schema\/logo\/image\/","url":"https:\/\/blog.ccc.eu\/sk\/wp-content\/uploads\/2021\/11\/logo_ccc.png","contentUrl":"https:\/\/blog.ccc.eu\/sk\/wp-content\/uploads\/2021\/11\/logo_ccc.png","width":730,"height":270,"caption":"CCC S.A."},"image":{"@id":"https:\/\/blog.ccc.eu\/sk\/#\/schema\/logo\/image\/"}},{"@type":"Person","@id":"https:\/\/blog.ccc.eu\/sk\/#\/schema\/person\/7bacd9004d20c7c022a809fb0fdbd94e","name":"Monika Dreschnerov\u00e1","image":{"@type":"ImageObject","inLanguage":"sk-SK","@id":"https:\/\/blog.ccc.eu\/sk\/#\/schema\/person\/image\/","url":"https:\/\/blog.ccc.eu\/sk\/wp-content\/uploads\/2022\/01\/pexels-andrea-piacquadio-774909-150x150.jpg","contentUrl":"https:\/\/blog.ccc.eu\/sk\/wp-content\/uploads\/2022\/01\/pexels-andrea-piacquadio-774909-150x150.jpg","caption":"Monika Dreschnerov\u00e1"},"url":"https:\/\/blog.ccc.eu\/sk\/author\/alena-langova\/"}]}},"_links":{"self":[{"href":"https:\/\/blog.ccc.eu\/sk\/wp-json\/wp\/v2\/posts\/4530","targetHints":{"allow":["GET"]}}],"collection":[{"href":"https:\/\/blog.ccc.eu\/sk\/wp-json\/wp\/v2\/posts"}],"about":[{"href":"https:\/\/blog.ccc.eu\/sk\/wp-json\/wp\/v2\/types\/post"}],"author":[{"embeddable":true,"href":"https:\/\/blog.ccc.eu\/sk\/wp-json\/wp\/v2\/users\/16"}],"replies":[{"embeddable":true,"href":"https:\/\/blog.ccc.eu\/sk\/wp-json\/wp\/v2\/comments?post=4530"}],"version-history":[{"count":5,"href":"https:\/\/blog.ccc.eu\/sk\/wp-json\/wp\/v2\/posts\/4530\/revisions"}],"predecessor-version":[{"id":6208,"href":"https:\/\/blog.ccc.eu\/sk\/wp-json\/wp\/v2\/posts\/4530\/revisions\/6208"}],"wp:featuredmedia":[{"embeddable":true,"href":"https:\/\/blog.ccc.eu\/sk\/wp-json\/wp\/v2\/media\/4589"}],"wp:attachment":[{"href":"https:\/\/blog.ccc.eu\/sk\/wp-json\/wp\/v2\/media?parent=4530"}],"wp:term":[{"taxonomy":"category","embeddable":true,"href":"https:\/\/blog.ccc.eu\/sk\/wp-json\/wp\/v2\/categories?post=4530"},{"taxonomy":"post_tag","embeddable":true,"href":"https:\/\/blog.ccc.eu\/sk\/wp-json\/wp\/v2\/tags?post=4530"}],"curies":[{"name":"wp","href":"https:\/\/api.w.org\/{rel}","templated":true}]}}