{"id":4545,"date":"2021-12-23T12:30:23","date_gmt":"2021-12-23T11:30:23","guid":{"rendered":"https:\/\/blog.ccc.eu\/sk\/?p=4545"},"modified":"2023-01-27T11:32:52","modified_gmt":"2023-01-27T10:32:52","slug":"ako-si-skombinovat-sezonne-oblecenie-a-vytvorit-kapsulu-z-toho-co-mate","status":"publish","type":"post","link":"https:\/\/blog.ccc.eu\/sk\/ako-si-skombinovat-sezonne-oblecenie-a-vytvorit-kapsulu-z-toho-co-mate\/","title":{"rendered":"Ako si skombinova\u0165 sez\u00f3nne oble\u010denie a vytvori\u0165 \u201ekapsulu\u201c z toho \u010do m\u00e1te? Stavte na zauj\u00edmav\u00e9 doplnky!"},"content":{"rendered":"\n<p><b>T\u00fa\u017eite po tom, aby bol v\u00e1\u0161 \u0161atn\u00edk preh\u013eadn\u00fd a jednoducho kombinovate\u013en\u00fd? Nev\u00e1hajte a vytvorte si s nami kapsulu z toho, \u010do m\u00e1te k dispoz\u00edcii doma. Nebude to tak\u00e9 zlo\u017eit\u00e9, len mus\u00edte urobi\u0165 p\u00e1r z\u00e1sadn\u00fdch rozhodnut\u00ed a mo\u017eno dok\u00fapi\u0165 nieko\u013eko zvr\u0161kov a doplnkov. V\u00fdsledok v\u0161ak bude st\u00e1\u0165 za to!<\/b> <\/p>\n\n\n\n<figure class=\"wp-block-image size-large\"><img loading=\"lazy\" decoding=\"async\" width=\"1024\" height=\"683\" src=\"https:\/\/blog.ccc.eu\/sk\/wp-content\/uploads\/2021\/12\/pexels-liza-summer-6347888-1024x683.jpg\" alt=\"\" class=\"wp-image-4602\" srcset=\"https:\/\/blog.ccc.eu\/sk\/wp-content\/uploads\/2021\/12\/pexels-liza-summer-6347888-1024x683.jpg 1024w, https:\/\/blog.ccc.eu\/sk\/wp-content\/uploads\/2021\/12\/pexels-liza-summer-6347888-300x200.jpg 300w, https:\/\/blog.ccc.eu\/sk\/wp-content\/uploads\/2021\/12\/pexels-liza-summer-6347888-768x512.jpg 768w, https:\/\/blog.ccc.eu\/sk\/wp-content\/uploads\/2021\/12\/pexels-liza-summer-6347888-100x67.jpg 100w, https:\/\/blog.ccc.eu\/sk\/wp-content\/uploads\/2021\/12\/pexels-liza-summer-6347888.jpg 1500w\" sizes=\"auto, (max-width: 1024px) 100vw, 1024px\" \/><\/figure>\n\n\n\n<p><\/p>\n\n\n\n<p><b>Slow\u00a0fashion<\/b>\u00a0a\u00a0<b>minimalizmus<\/b>\u00a0sa stali trendami, ktor\u00e9 sa pomaly rozm\u00e1haj\u00fa aj u n\u00e1s. Nielen vo svete, ale aj doma na Slovensku za\u010d\u00edna by\u0165 recyklovanie oble\u010denia v kurze. Niet divu, udr\u017eate\u013enos\u0165 ako celosvetov\u00e1 t\u00e9ma sa dot\u00fdka v\u0161etk\u00fdch. Je v na\u0161ich ruk\u00e1ch, ako bude vyzera\u0165 m\u00f3dny priemysel, svoj\u00edm v\u00fdberom m\u00e1me mo\u017enos\u0165 ovplyvni\u0165 trend \u201efast\u00a0fashion\u201c \u2013 plytvanie prostriedkami na nekvalitn\u00e9, no lacn\u00e9 oble\u010denie, ktor\u00e9 \u010dasto vznik\u00e1 vo ve\u013emi nespravodliv\u00fdch podmienkach.\u00a0\u00a0<\/p>\n\n\n\n<p>Vedeli ste, \u017ee jeho tvorba produkuje<b>&nbsp;nadmern\u00e9 mno\u017estvo zbyto\u010dn\u00e9ho odpadu<\/b>? Ot\u00e1zka je, \u010di pri kupovan\u00ed t\u00fdchto k\u00faskov ide o rozmar alebo potrebu vlastni\u0165 neust\u00e1le nov\u00e9 a nov\u00e9 oble\u010denie. \u0160tylisti i n\u00e1vrh\u00e1ri ve\u013emi dobre vedia, \u017ee kvalitn\u00e9 oble\u010denie v\u00e1m bude robi\u0165 spolo\u010dnos\u0165 cel\u00e9 gener\u00e1cie, prepracovan\u00e9 k\u00fasky sa dokonca zvykn\u00fa dedi\u0165. Menej je viac \u2013 rad\u0161ej si zadov\u00e1\u017ei\u0165 menej k\u00faskov oble\u010denia, no kvalitn\u00e9ho.&nbsp;<\/p>\n\n\n\n<p>Ak pr\u00e1ve prem\u00fd\u0161\u013eate nad sez\u00f3nnym oble\u010den\u00edm a <b>tvorbou kapsulov\u00e9ho \u0161atn\u00edka<\/b>, pom\u00f4\u017eeme v\u00e1m vytvori\u0165 si <b>zimn\u00fa kapsulu<\/b>, v\u010faka ktorej u\u0161etr\u00edte \u010das a budete zladen\u00e9 doslova od hlavy po p\u00e4ty. <\/p>\n\n\n\n<p><\/p>\n\n\n\n<h2 class=\"wp-block-heading\"><b>Roztrie\u010fte si zimn\u00e9 oble\u010denie <\/b><\/h2>\n\n\n\n<p>Tvorenie kapsule \u2013 kolekcie z va\u0161ej skrine, bude vyzera\u0165 nasledovne: vypr\u00e1zdnite cel\u00fd \u0161atn\u00edk tak, aby ostali police \u00faplne pr\u00e1zdne. T\u00fdm, \u017ee v na\u0161ich podmienkach s\u00fa \u0161tyri ro\u010dn\u00e9 obdobia, mali by ste si vytvori\u0165 \u0161tyri kapsule. Nie naraz, postupne. So zmenou ro\u010dn\u00e9ho obdobia vymen\u00edte aj svoju kapsulu, \u010d\u00edm si z\u00e1rove\u0148 pretriedite \u0161atn\u00edk.&nbsp;&nbsp;<\/p>\n\n\n\n\n\n<p>Niektor\u00e9 k\u00fasky je mo\u017en\u00e9 pou\u017e\u00edva\u0165 cel\u00fd rok \u2013 napr\u00edklad bielu ko\u0161e\u013eu alebo d\u017e\u00ednsy, rovnako tak&nbsp;<a href=\"https:\/\/ccc.eu\/sk\/oblecenie\/damske\/tricka\" target=\"_blank\" rel=\"noreferrer noopener\"><b>basic tri\u010dk\u00e1<\/b><\/a>. Z mno\u017estva oble\u010denia, ktor\u00e9 ste vybrali z v\u00e1\u0161ho \u0161atn\u00edka, uchovajte len to, \u010do re\u00e1lne nos\u00edte, \u010do sa v\u00e1m naozaj p\u00e1\u010di. Ak vytv\u00e1rate zimn\u00fa kapsulu, vyberte v\u0161etko zimn\u00e9 oble\u010denie a predstavte si, \u017ee vytv\u00e1rate va\u0161u vlastn\u00fa kolekciu na dan\u00e9 obdobie.&nbsp;<\/p>\n\n\n\n<p>Prineste si aj<a href=\"https:\/\/ccc.eu\/sk\/damske-zimne-topanky\" target=\"_blank\" rel=\"noreferrer noopener\"><b> zimn\u00e9 top\u00e1nky<\/b><\/a> a kabelky. Kapsula by mala by\u0165 v jednom \u0161t\u00fdle a jednotliv\u00e9 k\u00fasky by mali spolu ladi\u0165. Oble\u010denie typu \u2013 toto si oble\u010diem, ke\u010f schudnem, alebo toto s\u00edce nenos\u00edm, ale mo\u017eno raz budem, do skrine rozhodne ned\u00e1vajte. Pokia\u013e ho nechcete vyhodi\u0165 alebo posun\u00fa\u0165 \u010falej, odlo\u017ete ho napr\u00edklad do krabice. Ak z nej ni\u010d po\u010das roka ni\u010d nevytiahnete, m\u00f4\u017eete ju niekomu darova\u0165, je ve\u013emi pravdepodobn\u00e9, \u017ee oble\u010denie z nej u\u017e nosi\u0165 nebudete. <\/p>\n\n\n\n<h2 class=\"wp-block-heading\"><b>Ak\u00e9 k\u00fasky patria do zimn\u00e9ho kapsulov\u00e9ho \u0161atn\u00edka? <\/b><\/h2>\n\n\n\n<p>Ko\u013eko kusov oble\u010denia v\u00e1m ostalo? P\u00e4tn\u00e1s\u0165, dvadsa\u0165? Nechajte si naozaj len klasiku \u2013 d\u00e1mske nohavice a \u010dierne sako, jednofarebn\u00e9 tri\u010dk\u00e1, rol\u00e1ky,&nbsp;midi&nbsp;le\u017e\u00e9rnu suk\u0148u,&nbsp;<a href=\"https:\/\/ccc.eu\/sk\/oblecenie\/damske\/saty\" target=\"_blank\" rel=\"noreferrer noopener\"><b>jednofarebn\u00e9 \u0161aty&nbsp;<\/b><\/a>a dobre&nbsp;padn\u00face&nbsp;d\u017e\u00ednsy, pr\u00edpadne k\u00fasky, ktor\u00e9 naozaj nos\u00edte \u010dasto a kombinujete ich medzi sebou.&nbsp;<\/p>\n\n\n\n<p>Do skrine vlo\u017ete nasp\u00e4\u0165 maxim\u00e1lne 40 k\u00faskov, samy \u010dasom uvid\u00edte, ko\u013eko v\u00e1m bude vyhovova\u0165. Viac v\u0161ak neprid\u00e1vajte,&nbsp;kapsulov\u00fd&nbsp;\u0161atn\u00edk m\u00e1 by\u0165 jednoduch\u00fd a preh\u013eadn\u00fd. V skuto\u010dnosti naozaj nenos\u00edte viac ako 40 kusov oble\u010denia za jednu sez\u00f3nu.&nbsp;&nbsp;<\/p>\n\n\n\n<p>Z top\u00e1nok by v\u00e1m nemali ch\u00fdba\u0165&nbsp;<a href=\"https:\/\/ccc.eu\/sk\/damske\/topanky\/cizmy\" target=\"_blank\" rel=\"noreferrer noopener\"><b>\u010di\u017emy<\/b><\/a><b>&nbsp;<\/b>na vysokom a n\u00edzkom op\u00e4tku v zemit\u00fdch t\u00f3noch, pr\u00edpadne v klasickej \u010diernej. Kvalitn\u00e1&nbsp;<a href=\"https:\/\/ccc.eu\/sk\/kabelky\/damske-kabelky\/kozene-kabelky\" target=\"_blank\" rel=\"noreferrer noopener\"><b>kabelka do pr\u00e1ce<\/b><\/a>&nbsp;a&nbsp;<a href=\"https:\/\/ccc.eu\/sk\/kabelky\/damske-kabelky\/listove-kabelky\" target=\"_blank\" rel=\"noreferrer noopener\"><b>listov\u00e1 kabelka<\/b><\/a>&nbsp;by takisto mali tvori\u0165 va\u0161u&nbsp;kapsulov\u00fa&nbsp;v\u00fdbavu.&nbsp;&nbsp;<\/p>\n\n\n\n\n\n<p>Zo zvr\u0161kov je to tren\u010dkot, tepl\u00e1 bunda, vlnen\u00fd kab\u00e1t v \u0165avej alebo hor\u010dicovej farbe. Ni\u010d viac, ni\u010d menej \u2013 v\u017edy v\u0161ak zv\u00e1\u017ete, \u010do re\u00e1lne nos\u00edte a pod\u013ea toho si dokupujte \u201eessentials\u201c v neutr\u00e1lnych farb\u00e1ch. Vybrali ste oble\u010denie do v\u00e1\u0161ho kapsulov\u00e9ho \u0161atn\u00edka? Prezrite si e\u0161te raz jednotliv\u00e9 k\u00fasky a pravdivo si odpovedzte, \u010di re\u00e1lne zodpovedaj\u00fa va\u0161im preferenci\u00e1m. Rozhodujte sa v\u017edy pod\u013ea va\u0161ich potrieb a \u017eivotn\u00e9ho \u0161t\u00fdlu. <\/p>\n\n\n\n<h2 class=\"wp-block-heading\"><b>Kapsula v osobitnom \u0161t\u00fdle? D\u00e1 sa to! <\/b><\/h2>\n\n\n\n<p>Gratulujeme, vytvorili ste si&nbsp;kapsulov\u00fd&nbsp;\u0161atn\u00edk!&nbsp;S\u00fa farby a vzory medzi sebou kombinovate\u013en\u00e9? Ak nie, vyme\u0148te ich. Ladia medzi sebou jednotliv\u00e9 farby? Ak nie, vyme\u0148te ich. V zimnom \u0161atn\u00edku by nemali ch\u00fdba\u0165 jednoduch\u00e9 zvr\u0161ky v neutr\u00e1lnych farb\u00e1ch ako je biela, \u010dierna, siv\u00e1, tmavomodr\u00e1, hned\u00e1 alebo b\u00e9\u017eov\u00e1. Samozrejme, m\u00f4\u017eete k nim prida\u0165 jednu a\u017e dve ob\u013e\u00faben\u00e9 farby, napr\u00edklad&nbsp;p\u00fadrovo&nbsp;ru\u017eov\u00fa alebo \u010derven\u00fa.&nbsp;<\/p>\n\n\n\n<p>Ak vol\u00edte sez\u00f3nne oble\u010denie, e\u0161te raz skontrolujte jednotliv\u00e9 k\u00fasky a nap\u00ed\u0161te si na papier, \u010do v\u00e1m ch\u00fdba. V\u00e4\u010d\u0161inou je to biela ko\u0161e\u013ea, \u010dierne nohavice a jednoduch\u00e9&nbsp;basic&nbsp;tri\u010dk\u00e1, ktor\u00e9 sa z\u00eddu v\u017edy. Prehodno\u0165te aj kabelky a top\u00e1nky, \u010di ladia k v\u00e1\u0161mu \u0161atn\u00edku. Mali by ste vybra\u0165 k\u00fasky, ktor\u00e9 naozaj nos\u00edte.&nbsp;&nbsp;<\/p>\n\n\n\n\n\n<p>Ako ozvl\u00e1\u0161tni\u0165 va\u0161u kapsulu? O\u017eivia ju vhodne a n\u00e1padito zvolen\u00e9 doplnky!&nbsp;<b>\u010ciapky<\/b>,<b>&nbsp;<\/b><a href=\"https:\/\/ccc.eu\/sk\/doplnky\/damske\/saly\" target=\"_blank\" rel=\"noreferrer noopener\"><b>\u0161\u00e1ly<\/b><\/a><b>, <\/b><a href=\"https:\/\/ccc.eu\/sk\/doplnky\/damske\/saly\" target=\"_blank\" rel=\"noreferrer noopener\"><b>\u0161atky<\/b><\/a>,&nbsp;<a href=\"https:\/\/ccc.eu\/sk\/doplnky\/damske\/opasky\" target=\"_blank\" rel=\"noreferrer noopener\"><b>opasky<\/b><\/a>,&nbsp;<a href=\"https:\/\/ccc.eu\/sk\/doplnky\/damske\/pancuchy\"><b>pan\u010duchy<\/b><\/a>&nbsp;a<a href=\"https:\/\/ccc.eu\/sk\/doplnky\/damske\/bizuteria\" target=\"_blank\" rel=\"noreferrer noopener\"><b>&nbsp;efektn\u00e1 bi\u017eut\u00e9ria<\/b><\/a>&nbsp;\u010di&nbsp;<a href=\"https:\/\/ccc.eu\/sk\/doplnky\/damske\/slnecne-okuliare\" target=\"_blank\" rel=\"noreferrer noopener\"><b>slne\u010dn\u00e9 okuliare<\/b><\/a>. Tieto doplnky m\u00f4\u017eu by\u0165, naopak, v\u00fdrazn\u00e9, odv\u00e1\u017ene d\u00e1my m\u00f4\u017eu siahnu\u0165 po dominantn\u00fdch a extravagantn\u00fdch variantoch, ktor\u00e9 skvelo spestria neutr\u00e1lne laden\u00e9 outfity.&nbsp;<\/p>\n","protected":false},"excerpt":{"rendered":"<p>T\u00fa\u017eite po tom, aby bol v\u00e1\u0161 \u0161atn\u00edk preh\u013eadn\u00fd a jednoducho kombinovate\u013en\u00fd? Nev\u00e1hajte a vytvorte si s nami kapsulu z toho, \u010do m\u00e1te k dispoz\u00edcii doma. Nebude to tak\u00e9 zlo\u017eit\u00e9, len mus\u00edte urobi\u0165 p\u00e1r z\u00e1sadn\u00fdch rozhodnut\u00ed a mo\u017eno dok\u00fapi\u0165 nieko\u013eko zvr\u0161kov a doplnkov. V\u00fdsledok v\u0161ak bude st\u00e1\u0165 za to! Slow\u00a0fashion\u00a0a\u00a0minimalizmus\u00a0sa stali trendami, ktor\u00e9 sa pomaly rozm\u00e1haj\u00fa [&hellip;]<\/p>\n","protected":false},"author":15,"featured_media":4603,"comment_status":"open","ping_status":"open","sticky":false,"template":"","format":"standard","meta":{"_acf_changed":false,"footnotes":""},"categories":[4],"tags":[553,558],"class_list":["post-4545","post","type-post","status-publish","format-standard","has-post-thumbnail","hentry","category-modne-tipy","tag-kapsulovy-satnik","tag-minimalizmus"],"acf":[],"yoast_head":"<!-- This site is optimized with the Yoast SEO plugin v26.9 - https:\/\/yoast.com\/product\/yoast-seo-wordpress\/ -->\n<title>Ako si skombinova\u0165 sez\u00f3nne oble\u010denie a vytvori\u0165 \u201ekapsulu\u201c z toho \u010do m\u00e1te? Stavte na zauj\u00edmav\u00e9 doplnky! - blog.ccc.eu\/sk<\/title>\n<meta name=\"description\" content=\"T\u00fa\u017eite po tom, aby bol v\u00e1\u0161 \u0161atn\u00edk preh\u013eadn\u00fd a jednoducho kombinovate\u013en\u00fd? Nev\u00e1hajte a vytvorte si s nami kapsulu z toho, \u010do m\u00e1te k dispoz\u00edcii doma. Nebude to tak\u00e9 zlo\u017eit\u00e9, len mus\u00edte urobi\u0165 p\u00e1r z\u00e1sadn\u00fdch rozhodnut\u00ed a mo\u017eno dok\u00fapi\u0165 nieko\u013eko zvr\u0161kov a doplnkov. V\u00fdsledok v\u0161ak bude st\u00e1\u0165 za to! 2026\" \/>\n<meta name=\"robots\" content=\"index, follow, max-snippet:-1, max-image-preview:large, max-video-preview:-1\" \/>\n<link rel=\"canonical\" href=\"https:\/\/blog.ccc.eu\/sk\/ako-si-skombinovat-sezonne-oblecenie-a-vytvorit-kapsulu-z-toho-co-mate\/\" \/>\n<meta property=\"og:locale\" content=\"sk_SK\" \/>\n<meta property=\"og:type\" content=\"article\" \/>\n<meta property=\"og:title\" content=\"Ako si skombinova\u0165 sez\u00f3nne oble\u010denie a vytvori\u0165 \u201ekapsulu\u201c z toho \u010do m\u00e1te? Stavte na zauj\u00edmav\u00e9 doplnky! - blog.ccc.eu\/sk\" \/>\n<meta property=\"og:description\" content=\"T\u00fa\u017eite po tom, aby bol v\u00e1\u0161 \u0161atn\u00edk preh\u013eadn\u00fd a jednoducho kombinovate\u013en\u00fd? Nev\u00e1hajte a vytvorte si s nami kapsulu z toho, \u010do m\u00e1te k dispoz\u00edcii doma. Nebude to tak\u00e9 zlo\u017eit\u00e9, len mus\u00edte urobi\u0165 p\u00e1r z\u00e1sadn\u00fdch rozhodnut\u00ed a mo\u017eno dok\u00fapi\u0165 nieko\u013eko zvr\u0161kov a doplnkov. V\u00fdsledok v\u0161ak bude st\u00e1\u0165 za to!\" \/>\n<meta property=\"og:url\" content=\"https:\/\/blog.ccc.eu\/sk\/ako-si-skombinovat-sezonne-oblecenie-a-vytvorit-kapsulu-z-toho-co-mate\/\" \/>\n<meta property=\"og:site_name\" content=\"blog.ccc.eu\/sk\" \/>\n<meta property=\"article:published_time\" content=\"2021-12-23T11:30:23+00:00\" \/>\n<meta property=\"article:modified_time\" content=\"2023-01-27T10:32:52+00:00\" \/>\n<meta property=\"og:image\" content=\"https:\/\/blog.ccc.eu\/sk\/wp-content\/uploads\/2021\/12\/pexels-victoria-borodinova-3315286-1.jpg\" \/>\n\t<meta property=\"og:image:width\" content=\"589\" \/>\n\t<meta property=\"og:image:height\" content=\"750\" \/>\n\t<meta property=\"og:image:type\" content=\"image\/jpeg\" \/>\n<meta name=\"author\" content=\"Barbora Voln\u00e1\" \/>\n<meta name=\"twitter:card\" content=\"summary_large_image\" \/>\n<meta name=\"twitter:label1\" content=\"Autor\" \/>\n\t<meta name=\"twitter:data1\" content=\"Barbora Voln\u00e1\" \/>\n\t<meta name=\"twitter:label2\" content=\"Predpokladan\u00fd \u010das \u010d\u00edtania\" \/>\n\t<meta name=\"twitter:data2\" content=\"5 min\u00fat\" \/>\n<script type=\"application\/ld+json\" class=\"yoast-schema-graph\">{\"@context\":\"https:\/\/schema.org\",\"@graph\":[{\"@type\":\"Article\",\"@id\":\"https:\/\/blog.ccc.eu\/sk\/ako-si-skombinovat-sezonne-oblecenie-a-vytvorit-kapsulu-z-toho-co-mate\/#article\",\"isPartOf\":{\"@id\":\"https:\/\/blog.ccc.eu\/sk\/ako-si-skombinovat-sezonne-oblecenie-a-vytvorit-kapsulu-z-toho-co-mate\/\"},\"author\":{\"name\":\"Barbora Voln\u00e1\",\"@id\":\"https:\/\/blog.ccc.eu\/sk\/#\/schema\/person\/68ec00164afac44a148fa05f790da26e\"},\"headline\":\"Ako si skombinova\u0165 sez\u00f3nne oble\u010denie a vytvori\u0165 \u201ekapsulu\u201c z toho \u010do m\u00e1te? Stavte na zauj\u00edmav\u00e9 doplnky!\",\"datePublished\":\"2021-12-23T11:30:23+00:00\",\"dateModified\":\"2023-01-27T10:32:52+00:00\",\"mainEntityOfPage\":{\"@id\":\"https:\/\/blog.ccc.eu\/sk\/ako-si-skombinovat-sezonne-oblecenie-a-vytvorit-kapsulu-z-toho-co-mate\/\"},\"wordCount\":1037,\"commentCount\":0,\"publisher\":{\"@id\":\"https:\/\/blog.ccc.eu\/sk\/#organization\"},\"image\":{\"@id\":\"https:\/\/blog.ccc.eu\/sk\/ako-si-skombinovat-sezonne-oblecenie-a-vytvorit-kapsulu-z-toho-co-mate\/#primaryimage\"},\"thumbnailUrl\":\"https:\/\/blog.ccc.eu\/sk\/wp-content\/uploads\/2021\/12\/pexels-victoria-borodinova-3315286-1.jpg\",\"keywords\":[\"kapsulov\u00fd \u0161atn\u00edk\",\"minimalizmus\"],\"articleSection\":[\"M\u00d3DNE TIPY\"],\"inLanguage\":\"sk-SK\",\"potentialAction\":[{\"@type\":\"CommentAction\",\"name\":\"Comment\",\"target\":[\"https:\/\/blog.ccc.eu\/sk\/ako-si-skombinovat-sezonne-oblecenie-a-vytvorit-kapsulu-z-toho-co-mate\/#respond\"]}]},{\"@type\":\"WebPage\",\"@id\":\"https:\/\/blog.ccc.eu\/sk\/ako-si-skombinovat-sezonne-oblecenie-a-vytvorit-kapsulu-z-toho-co-mate\/\",\"url\":\"https:\/\/blog.ccc.eu\/sk\/ako-si-skombinovat-sezonne-oblecenie-a-vytvorit-kapsulu-z-toho-co-mate\/\",\"name\":\"Ako si skombinova\u0165 sez\u00f3nne oble\u010denie a vytvori\u0165 \u201ekapsulu\u201c z toho \u010do m\u00e1te? Stavte na zauj\u00edmav\u00e9 doplnky! - blog.ccc.eu\/sk\",\"isPartOf\":{\"@id\":\"https:\/\/blog.ccc.eu\/sk\/#website\"},\"primaryImageOfPage\":{\"@id\":\"https:\/\/blog.ccc.eu\/sk\/ako-si-skombinovat-sezonne-oblecenie-a-vytvorit-kapsulu-z-toho-co-mate\/#primaryimage\"},\"image\":{\"@id\":\"https:\/\/blog.ccc.eu\/sk\/ako-si-skombinovat-sezonne-oblecenie-a-vytvorit-kapsulu-z-toho-co-mate\/#primaryimage\"},\"thumbnailUrl\":\"https:\/\/blog.ccc.eu\/sk\/wp-content\/uploads\/2021\/12\/pexels-victoria-borodinova-3315286-1.jpg\",\"datePublished\":\"2021-12-23T11:30:23+00:00\",\"dateModified\":\"2023-01-27T10:32:52+00:00\",\"description\":\"T\u00fa\u017eite po tom, aby bol v\u00e1\u0161 \u0161atn\u00edk preh\u013eadn\u00fd a jednoducho kombinovate\u013en\u00fd? Nev\u00e1hajte a vytvorte si s nami kapsulu z toho, \u010do m\u00e1te k dispoz\u00edcii doma. Nebude to tak\u00e9 zlo\u017eit\u00e9, len mus\u00edte urobi\u0165 p\u00e1r z\u00e1sadn\u00fdch rozhodnut\u00ed a mo\u017eno dok\u00fapi\u0165 nieko\u013eko zvr\u0161kov a doplnkov. V\u00fdsledok v\u0161ak bude st\u00e1\u0165 za to!\",\"breadcrumb\":{\"@id\":\"https:\/\/blog.ccc.eu\/sk\/ako-si-skombinovat-sezonne-oblecenie-a-vytvorit-kapsulu-z-toho-co-mate\/#breadcrumb\"},\"inLanguage\":\"sk-SK\",\"potentialAction\":[{\"@type\":\"ReadAction\",\"target\":[\"https:\/\/blog.ccc.eu\/sk\/ako-si-skombinovat-sezonne-oblecenie-a-vytvorit-kapsulu-z-toho-co-mate\/\"]}]},{\"@type\":\"ImageObject\",\"inLanguage\":\"sk-SK\",\"@id\":\"https:\/\/blog.ccc.eu\/sk\/ako-si-skombinovat-sezonne-oblecenie-a-vytvorit-kapsulu-z-toho-co-mate\/#primaryimage\",\"url\":\"https:\/\/blog.ccc.eu\/sk\/wp-content\/uploads\/2021\/12\/pexels-victoria-borodinova-3315286-1.jpg\",\"contentUrl\":\"https:\/\/blog.ccc.eu\/sk\/wp-content\/uploads\/2021\/12\/pexels-victoria-borodinova-3315286-1.jpg\",\"width\":589,\"height\":750,\"caption\":\"\u0161atn\u00edk na oble\u010denie a obuv\"},{\"@type\":\"BreadcrumbList\",\"@id\":\"https:\/\/blog.ccc.eu\/sk\/ako-si-skombinovat-sezonne-oblecenie-a-vytvorit-kapsulu-z-toho-co-mate\/#breadcrumb\",\"itemListElement\":[{\"@type\":\"ListItem\",\"position\":1,\"name\":\"Strona g\u0142\u00f3wna\",\"item\":\"https:\/\/blog.ccc.eu\/sk\/\"},{\"@type\":\"ListItem\",\"position\":2,\"name\":\"Ako si skombinova\u0165 sez\u00f3nne oble\u010denie a vytvori\u0165 \u201ekapsulu\u201c z toho \u010do m\u00e1te? Stavte na zauj\u00edmav\u00e9 doplnky!\"}]},{\"@type\":\"WebSite\",\"@id\":\"https:\/\/blog.ccc.eu\/sk\/#website\",\"url\":\"https:\/\/blog.ccc.eu\/sk\/\",\"name\":\"blog.ccc.eu\/sk\",\"description\":\"Va\u0161e miesto pln\u00e9 m\u00f3dnych in\u0161pir\u00e1ci\u00ed\",\"publisher\":{\"@id\":\"https:\/\/blog.ccc.eu\/sk\/#organization\"},\"potentialAction\":[{\"@type\":\"SearchAction\",\"target\":{\"@type\":\"EntryPoint\",\"urlTemplate\":\"https:\/\/blog.ccc.eu\/sk\/?s={search_term_string}\"},\"query-input\":{\"@type\":\"PropertyValueSpecification\",\"valueRequired\":true,\"valueName\":\"search_term_string\"}}],\"inLanguage\":\"sk-SK\"},{\"@type\":\"Organization\",\"@id\":\"https:\/\/blog.ccc.eu\/sk\/#organization\",\"name\":\"CCC S.A.\",\"url\":\"https:\/\/blog.ccc.eu\/sk\/\",\"logo\":{\"@type\":\"ImageObject\",\"inLanguage\":\"sk-SK\",\"@id\":\"https:\/\/blog.ccc.eu\/sk\/#\/schema\/logo\/image\/\",\"url\":\"https:\/\/blog.ccc.eu\/sk\/wp-content\/uploads\/2021\/11\/logo_ccc.png\",\"contentUrl\":\"https:\/\/blog.ccc.eu\/sk\/wp-content\/uploads\/2021\/11\/logo_ccc.png\",\"width\":730,\"height\":270,\"caption\":\"CCC S.A.\"},\"image\":{\"@id\":\"https:\/\/blog.ccc.eu\/sk\/#\/schema\/logo\/image\/\"}},{\"@type\":\"Person\",\"@id\":\"https:\/\/blog.ccc.eu\/sk\/#\/schema\/person\/68ec00164afac44a148fa05f790da26e\",\"name\":\"Barbora Voln\u00e1\",\"image\":{\"@type\":\"ImageObject\",\"inLanguage\":\"sk-SK\",\"@id\":\"https:\/\/blog.ccc.eu\/sk\/#\/schema\/person\/image\/\",\"url\":\"https:\/\/blog.ccc.eu\/sk\/wp-content\/uploads\/2022\/02\/bibi-final-Cropped-100x100.jpg\",\"contentUrl\":\"https:\/\/blog.ccc.eu\/sk\/wp-content\/uploads\/2022\/02\/bibi-final-Cropped-100x100.jpg\",\"caption\":\"Barbora Voln\u00e1\"},\"description\":\"B\u00fdval\u00e1 \u0161\u00e9fredaktorka \u017eensk\u00e9ho magaz\u00ednu sa moment\u00e1lne venuje copywritingu, ktor\u00fd jej poskytuje \u0161irok\u00e9 pole p\u00f4sobnosti a slobodu slova. Napriek tomu, \u017ee m\u00e1 vy\u0161tudovan\u00fa environmentalistiku, tvorila u\u017e po\u010das strednej \u0161koly a nesk\u00f4r po\u010das vysokej \u0161koly prispievala \u010dl\u00e1nkami do mnoh\u00fdch \u017eensk\u00fdch magaz\u00ednov. Ak pr\u00e1ve nep\u00ed\u0161e, venuje v\u0161etok vo\u013en\u00fd \u010das rodine. Bl\u00edzko m\u00e1 najm\u00e4 k textom o kr\u00e1se, dom\u00e1cnosti, vz\u0165ahoch a zdravom \u017eivotnom \u0161t\u00fdle, porad\u00ed si v\u0161ak aj s technick\u00fdmi term\u00ednmi a ekonomickou problematikou.\",\"url\":\"https:\/\/blog.ccc.eu\/sk\/author\/ariel-zagorski\/\"}]}<\/script>\n<!-- \/ Yoast SEO plugin. -->","yoast_head_json":{"title":"Ako si skombinova\u0165 sez\u00f3nne oble\u010denie a vytvori\u0165 \u201ekapsulu\u201c z toho \u010do m\u00e1te? Stavte na zauj\u00edmav\u00e9 doplnky! - blog.ccc.eu\/sk","description":"T\u00fa\u017eite po tom, aby bol v\u00e1\u0161 \u0161atn\u00edk preh\u013eadn\u00fd a jednoducho kombinovate\u013en\u00fd? Nev\u00e1hajte a vytvorte si s nami kapsulu z toho, \u010do m\u00e1te k dispoz\u00edcii doma. Nebude to tak\u00e9 zlo\u017eit\u00e9, len mus\u00edte urobi\u0165 p\u00e1r z\u00e1sadn\u00fdch rozhodnut\u00ed a mo\u017eno dok\u00fapi\u0165 nieko\u013eko zvr\u0161kov a doplnkov. V\u00fdsledok v\u0161ak bude st\u00e1\u0165 za to! 2026","robots":{"index":"index","follow":"follow","max-snippet":"max-snippet:-1","max-image-preview":"max-image-preview:large","max-video-preview":"max-video-preview:-1"},"canonical":"https:\/\/blog.ccc.eu\/sk\/ako-si-skombinovat-sezonne-oblecenie-a-vytvorit-kapsulu-z-toho-co-mate\/","og_locale":"sk_SK","og_type":"article","og_title":"Ako si skombinova\u0165 sez\u00f3nne oble\u010denie a vytvori\u0165 \u201ekapsulu\u201c z toho \u010do m\u00e1te? Stavte na zauj\u00edmav\u00e9 doplnky! - blog.ccc.eu\/sk","og_description":"T\u00fa\u017eite po tom, aby bol v\u00e1\u0161 \u0161atn\u00edk preh\u013eadn\u00fd a jednoducho kombinovate\u013en\u00fd? Nev\u00e1hajte a vytvorte si s nami kapsulu z toho, \u010do m\u00e1te k dispoz\u00edcii doma. Nebude to tak\u00e9 zlo\u017eit\u00e9, len mus\u00edte urobi\u0165 p\u00e1r z\u00e1sadn\u00fdch rozhodnut\u00ed a mo\u017eno dok\u00fapi\u0165 nieko\u013eko zvr\u0161kov a doplnkov. V\u00fdsledok v\u0161ak bude st\u00e1\u0165 za to!","og_url":"https:\/\/blog.ccc.eu\/sk\/ako-si-skombinovat-sezonne-oblecenie-a-vytvorit-kapsulu-z-toho-co-mate\/","og_site_name":"blog.ccc.eu\/sk","article_published_time":"2021-12-23T11:30:23+00:00","article_modified_time":"2023-01-27T10:32:52+00:00","og_image":[{"width":589,"height":750,"url":"https:\/\/blog.ccc.eu\/sk\/wp-content\/uploads\/2021\/12\/pexels-victoria-borodinova-3315286-1.jpg","type":"image\/jpeg"}],"author":"Barbora Voln\u00e1","twitter_card":"summary_large_image","twitter_misc":{"Autor":"Barbora Voln\u00e1","Predpokladan\u00fd \u010das \u010d\u00edtania":"5 min\u00fat"},"schema":{"@context":"https:\/\/schema.org","@graph":[{"@type":"Article","@id":"https:\/\/blog.ccc.eu\/sk\/ako-si-skombinovat-sezonne-oblecenie-a-vytvorit-kapsulu-z-toho-co-mate\/#article","isPartOf":{"@id":"https:\/\/blog.ccc.eu\/sk\/ako-si-skombinovat-sezonne-oblecenie-a-vytvorit-kapsulu-z-toho-co-mate\/"},"author":{"name":"Barbora Voln\u00e1","@id":"https:\/\/blog.ccc.eu\/sk\/#\/schema\/person\/68ec00164afac44a148fa05f790da26e"},"headline":"Ako si skombinova\u0165 sez\u00f3nne oble\u010denie a vytvori\u0165 \u201ekapsulu\u201c z toho \u010do m\u00e1te? Stavte na zauj\u00edmav\u00e9 doplnky!","datePublished":"2021-12-23T11:30:23+00:00","dateModified":"2023-01-27T10:32:52+00:00","mainEntityOfPage":{"@id":"https:\/\/blog.ccc.eu\/sk\/ako-si-skombinovat-sezonne-oblecenie-a-vytvorit-kapsulu-z-toho-co-mate\/"},"wordCount":1037,"commentCount":0,"publisher":{"@id":"https:\/\/blog.ccc.eu\/sk\/#organization"},"image":{"@id":"https:\/\/blog.ccc.eu\/sk\/ako-si-skombinovat-sezonne-oblecenie-a-vytvorit-kapsulu-z-toho-co-mate\/#primaryimage"},"thumbnailUrl":"https:\/\/blog.ccc.eu\/sk\/wp-content\/uploads\/2021\/12\/pexels-victoria-borodinova-3315286-1.jpg","keywords":["kapsulov\u00fd \u0161atn\u00edk","minimalizmus"],"articleSection":["M\u00d3DNE TIPY"],"inLanguage":"sk-SK","potentialAction":[{"@type":"CommentAction","name":"Comment","target":["https:\/\/blog.ccc.eu\/sk\/ako-si-skombinovat-sezonne-oblecenie-a-vytvorit-kapsulu-z-toho-co-mate\/#respond"]}]},{"@type":"WebPage","@id":"https:\/\/blog.ccc.eu\/sk\/ako-si-skombinovat-sezonne-oblecenie-a-vytvorit-kapsulu-z-toho-co-mate\/","url":"https:\/\/blog.ccc.eu\/sk\/ako-si-skombinovat-sezonne-oblecenie-a-vytvorit-kapsulu-z-toho-co-mate\/","name":"Ako si skombinova\u0165 sez\u00f3nne oble\u010denie a vytvori\u0165 \u201ekapsulu\u201c z toho \u010do m\u00e1te? Stavte na zauj\u00edmav\u00e9 doplnky! - blog.ccc.eu\/sk","isPartOf":{"@id":"https:\/\/blog.ccc.eu\/sk\/#website"},"primaryImageOfPage":{"@id":"https:\/\/blog.ccc.eu\/sk\/ako-si-skombinovat-sezonne-oblecenie-a-vytvorit-kapsulu-z-toho-co-mate\/#primaryimage"},"image":{"@id":"https:\/\/blog.ccc.eu\/sk\/ako-si-skombinovat-sezonne-oblecenie-a-vytvorit-kapsulu-z-toho-co-mate\/#primaryimage"},"thumbnailUrl":"https:\/\/blog.ccc.eu\/sk\/wp-content\/uploads\/2021\/12\/pexels-victoria-borodinova-3315286-1.jpg","datePublished":"2021-12-23T11:30:23+00:00","dateModified":"2023-01-27T10:32:52+00:00","description":"T\u00fa\u017eite po tom, aby bol v\u00e1\u0161 \u0161atn\u00edk preh\u013eadn\u00fd a jednoducho kombinovate\u013en\u00fd? Nev\u00e1hajte a vytvorte si s nami kapsulu z toho, \u010do m\u00e1te k dispoz\u00edcii doma. Nebude to tak\u00e9 zlo\u017eit\u00e9, len mus\u00edte urobi\u0165 p\u00e1r z\u00e1sadn\u00fdch rozhodnut\u00ed a mo\u017eno dok\u00fapi\u0165 nieko\u013eko zvr\u0161kov a doplnkov. V\u00fdsledok v\u0161ak bude st\u00e1\u0165 za to!","breadcrumb":{"@id":"https:\/\/blog.ccc.eu\/sk\/ako-si-skombinovat-sezonne-oblecenie-a-vytvorit-kapsulu-z-toho-co-mate\/#breadcrumb"},"inLanguage":"sk-SK","potentialAction":[{"@type":"ReadAction","target":["https:\/\/blog.ccc.eu\/sk\/ako-si-skombinovat-sezonne-oblecenie-a-vytvorit-kapsulu-z-toho-co-mate\/"]}]},{"@type":"ImageObject","inLanguage":"sk-SK","@id":"https:\/\/blog.ccc.eu\/sk\/ako-si-skombinovat-sezonne-oblecenie-a-vytvorit-kapsulu-z-toho-co-mate\/#primaryimage","url":"https:\/\/blog.ccc.eu\/sk\/wp-content\/uploads\/2021\/12\/pexels-victoria-borodinova-3315286-1.jpg","contentUrl":"https:\/\/blog.ccc.eu\/sk\/wp-content\/uploads\/2021\/12\/pexels-victoria-borodinova-3315286-1.jpg","width":589,"height":750,"caption":"\u0161atn\u00edk na oble\u010denie a obuv"},{"@type":"BreadcrumbList","@id":"https:\/\/blog.ccc.eu\/sk\/ako-si-skombinovat-sezonne-oblecenie-a-vytvorit-kapsulu-z-toho-co-mate\/#breadcrumb","itemListElement":[{"@type":"ListItem","position":1,"name":"Strona g\u0142\u00f3wna","item":"https:\/\/blog.ccc.eu\/sk\/"},{"@type":"ListItem","position":2,"name":"Ako si skombinova\u0165 sez\u00f3nne oble\u010denie a vytvori\u0165 \u201ekapsulu\u201c z toho \u010do m\u00e1te? Stavte na zauj\u00edmav\u00e9 doplnky!"}]},{"@type":"WebSite","@id":"https:\/\/blog.ccc.eu\/sk\/#website","url":"https:\/\/blog.ccc.eu\/sk\/","name":"blog.ccc.eu\/sk","description":"Va\u0161e miesto pln\u00e9 m\u00f3dnych in\u0161pir\u00e1ci\u00ed","publisher":{"@id":"https:\/\/blog.ccc.eu\/sk\/#organization"},"potentialAction":[{"@type":"SearchAction","target":{"@type":"EntryPoint","urlTemplate":"https:\/\/blog.ccc.eu\/sk\/?s={search_term_string}"},"query-input":{"@type":"PropertyValueSpecification","valueRequired":true,"valueName":"search_term_string"}}],"inLanguage":"sk-SK"},{"@type":"Organization","@id":"https:\/\/blog.ccc.eu\/sk\/#organization","name":"CCC S.A.","url":"https:\/\/blog.ccc.eu\/sk\/","logo":{"@type":"ImageObject","inLanguage":"sk-SK","@id":"https:\/\/blog.ccc.eu\/sk\/#\/schema\/logo\/image\/","url":"https:\/\/blog.ccc.eu\/sk\/wp-content\/uploads\/2021\/11\/logo_ccc.png","contentUrl":"https:\/\/blog.ccc.eu\/sk\/wp-content\/uploads\/2021\/11\/logo_ccc.png","width":730,"height":270,"caption":"CCC S.A."},"image":{"@id":"https:\/\/blog.ccc.eu\/sk\/#\/schema\/logo\/image\/"}},{"@type":"Person","@id":"https:\/\/blog.ccc.eu\/sk\/#\/schema\/person\/68ec00164afac44a148fa05f790da26e","name":"Barbora Voln\u00e1","image":{"@type":"ImageObject","inLanguage":"sk-SK","@id":"https:\/\/blog.ccc.eu\/sk\/#\/schema\/person\/image\/","url":"https:\/\/blog.ccc.eu\/sk\/wp-content\/uploads\/2022\/02\/bibi-final-Cropped-100x100.jpg","contentUrl":"https:\/\/blog.ccc.eu\/sk\/wp-content\/uploads\/2022\/02\/bibi-final-Cropped-100x100.jpg","caption":"Barbora Voln\u00e1"},"description":"B\u00fdval\u00e1 \u0161\u00e9fredaktorka \u017eensk\u00e9ho magaz\u00ednu sa moment\u00e1lne venuje copywritingu, ktor\u00fd jej poskytuje \u0161irok\u00e9 pole p\u00f4sobnosti a slobodu slova. Napriek tomu, \u017ee m\u00e1 vy\u0161tudovan\u00fa environmentalistiku, tvorila u\u017e po\u010das strednej \u0161koly a nesk\u00f4r po\u010das vysokej \u0161koly prispievala \u010dl\u00e1nkami do mnoh\u00fdch \u017eensk\u00fdch magaz\u00ednov. Ak pr\u00e1ve nep\u00ed\u0161e, venuje v\u0161etok vo\u013en\u00fd \u010das rodine. Bl\u00edzko m\u00e1 najm\u00e4 k textom o kr\u00e1se, dom\u00e1cnosti, vz\u0165ahoch a zdravom \u017eivotnom \u0161t\u00fdle, porad\u00ed si v\u0161ak aj s technick\u00fdmi term\u00ednmi a ekonomickou problematikou.","url":"https:\/\/blog.ccc.eu\/sk\/author\/ariel-zagorski\/"}]}},"_links":{"self":[{"href":"https:\/\/blog.ccc.eu\/sk\/wp-json\/wp\/v2\/posts\/4545","targetHints":{"allow":["GET"]}}],"collection":[{"href":"https:\/\/blog.ccc.eu\/sk\/wp-json\/wp\/v2\/posts"}],"about":[{"href":"https:\/\/blog.ccc.eu\/sk\/wp-json\/wp\/v2\/types\/post"}],"author":[{"embeddable":true,"href":"https:\/\/blog.ccc.eu\/sk\/wp-json\/wp\/v2\/users\/15"}],"replies":[{"embeddable":true,"href":"https:\/\/blog.ccc.eu\/sk\/wp-json\/wp\/v2\/comments?post=4545"}],"version-history":[{"count":8,"href":"https:\/\/blog.ccc.eu\/sk\/wp-json\/wp\/v2\/posts\/4545\/revisions"}],"predecessor-version":[{"id":6197,"href":"https:\/\/blog.ccc.eu\/sk\/wp-json\/wp\/v2\/posts\/4545\/revisions\/6197"}],"wp:featuredmedia":[{"embeddable":true,"href":"https:\/\/blog.ccc.eu\/sk\/wp-json\/wp\/v2\/media\/4603"}],"wp:attachment":[{"href":"https:\/\/blog.ccc.eu\/sk\/wp-json\/wp\/v2\/media?parent=4545"}],"wp:term":[{"taxonomy":"category","embeddable":true,"href":"https:\/\/blog.ccc.eu\/sk\/wp-json\/wp\/v2\/categories?post=4545"},{"taxonomy":"post_tag","embeddable":true,"href":"https:\/\/blog.ccc.eu\/sk\/wp-json\/wp\/v2\/tags?post=4545"}],"curies":[{"name":"wp","href":"https:\/\/api.w.org\/{rel}","templated":true}]}}