{"id":4873,"date":"2022-02-28T11:12:53","date_gmt":"2022-02-28T10:12:53","guid":{"rendered":"https:\/\/blog.ccc.eu\/sk\/?p=4873"},"modified":"2023-01-27T11:05:27","modified_gmt":"2023-01-27T10:05:27","slug":"jarne-clenkove-cizmy-ktore-vam-vyrazia-dych-za-tymito-sa-budu-otacat-vsetci","status":"publish","type":"post","link":"https:\/\/blog.ccc.eu\/sk\/jarne-clenkove-cizmy-ktore-vam-vyrazia-dych-za-tymito-sa-budu-otacat-vsetci\/","title":{"rendered":"Jarn\u00e9 \u010dlenkov\u00e9 \u010di\u017emy, ktor\u00e9 v\u00e1m vyrazia dych: Za t\u00fdmito sa bud\u00fa ot\u00e1\u010da\u0165 v\u0161etci!"},"content":{"rendered":"\n<p><b>Prezrite si najnov\u0161iu ponuku extravagantn\u00fdch a z\u00e1rove\u0148 elegantn\u00fdch jarn\u00fdch \u010dlenkov\u00fdch top\u00e1nok. Za\u017eiarte na uliciach s\u202fCCC!<\/b> <\/p>\n\n\n\n<p>Je najvy\u0161\u0161\u00ed \u010das poobzera\u0165 sa po nov\u00fdch jarn\u00fdch k\u00faskoch do v\u00e1\u0161ho \u0161atn\u00edka. Pomaly ale isto odlo\u017ete snehule i\u202ftepl\u00e9 \u010di\u017emy a <b>k\u00fapte si \u013eahk\u00e9 <\/b><a href=\"https:\/\/ccc.eu\/sk\/damske\/topanky\" target=\"_blank\" rel=\"noreferrer noopener\"><b>jarn\u00e9 top\u00e1nky<\/b><\/a>, v ktor\u00fdch sa budete c\u00edti\u0165 ako ryba vo vode. Na v\u00fdber m\u00e1te z nieko\u013ek\u00fdch mo\u017enost\u00ed, \u010di u\u017e preferujete <b>elegantn\u00fd alebo \u0161portov\u00fd \u0161t\u00fdl,<\/b> tento rok nebude probl\u00e9m zohna\u0165 v\u202fponuke CCC ani kombin\u00e1ciu oboch \u0161t\u00fdlov. Po\u010fme sa pozrie\u0165, \u010do sa pre n\u00e1s ukr\u00fdva v jarnej ponuke od CCC. <b>Ak\u00e9 typy top\u00e1nok s\u00fa v\u202fkurze? <\/b> <\/p>\n\n\n\n<figure class=\"wp-block-image size-large\"><img loading=\"lazy\" decoding=\"async\" width=\"1024\" height=\"768\" src=\"https:\/\/blog.ccc.eu\/sk\/wp-content\/uploads\/2022\/02\/imgonline-com-ua-CompressToSize-rbFeILah1XZzd-1024x768.jpg\" alt=\"bordov\u00e9 lakovan\u00e9 \u010di\u017emy a bordov\u00e1 kabelka \" class=\"wp-image-4877\" srcset=\"https:\/\/blog.ccc.eu\/sk\/wp-content\/uploads\/2022\/02\/imgonline-com-ua-CompressToSize-rbFeILah1XZzd-1024x768.jpg 1024w, https:\/\/blog.ccc.eu\/sk\/wp-content\/uploads\/2022\/02\/imgonline-com-ua-CompressToSize-rbFeILah1XZzd-300x225.jpg 300w, https:\/\/blog.ccc.eu\/sk\/wp-content\/uploads\/2022\/02\/imgonline-com-ua-CompressToSize-rbFeILah1XZzd-768x576.jpg 768w, https:\/\/blog.ccc.eu\/sk\/wp-content\/uploads\/2022\/02\/imgonline-com-ua-CompressToSize-rbFeILah1XZzd-100x75.jpg 100w, https:\/\/blog.ccc.eu\/sk\/wp-content\/uploads\/2022\/02\/imgonline-com-ua-CompressToSize-rbFeILah1XZzd.jpg 1035w\" sizes=\"auto, (max-width: 1024px) 100vw, 1024px\" \/><\/figure>\n\n\n\n<h2 class=\"wp-block-heading\"><b>\u010co sa nos\u00ed t\u00fato jar?<\/b>&nbsp;<\/h2>\n\n\n\n<p>M\u00f3dne trendy s\u00fa k\u202fn\u00e1m ve\u013ekorys\u00e9. <b>Hitom je \u010dlenkov\u00e1 obuv, poltop\u00e1nky,  mokas\u00edny,\u202f\u0161portov\u00e9 k\u00fasky i\u202ftop\u00e1nky na podp\u00e4tku<\/b>, ktor\u00e9 patria st\u00e1le medzi najob\u013e\u00fabenej\u0161iu d\u00e1msku obuv v\u00f4bec. <a href=\"https:\/\/ccc.eu\/sk\/damske\/topanky\/clenkove-topanky\" target=\"_blank\" rel=\"noreferrer noopener\">\u010clenkov\u00e9 \u010di\u017emy<\/a> s\u00fa po\u010das\u202fjari, ktor\u00e1 je premenliv\u00fdm ro\u010dn\u00fdm obdob\u00edm, ide\u00e1lne, nako\u013eko siahaj\u00fa a\u017e k\u202f\u010dlenku a\u202fposkytuj\u00fa noh\u00e1m potrebn\u00e9 tepeln\u00e9 z\u00e1zemie. <b>Perfektne ich skombinujete nielen s\u202fnohavicami, ale aj so \u0161atami a\u202fsuk\u0148ami. <\/b>V\u202fpestrom v\u00fdbere CCC si m\u00f4\u017eete zvoli\u0165 \u010dlenkov\u00fa obuv na podp\u00e4tku, platforme alebo v\u202fn\u00edzkom variante. <a href=\"https:\/\/ccc.eu\/sk\/damske\/topanky\/clenkove-topanky\" target=\"_blank\" rel=\"noreferrer noopener\"><b>\u010ci\u017emy na podp\u00e4tku<\/b><\/a><b> sa te\u0161ia ve\u013ekej popularite, CCC ich pon\u00faka v\u202fdesiatkach r\u00f4znych preveden\u00ed. <\/b>Ak h\u013ead\u00e1te k\u00fasky, ktor\u00e9 v\u00e1m vy\u010daruj\u00fa atrakt\u00edvne nohy, nev\u00e1hajte a\u202fvyberte si z\u202fbohatej ponuky CCC top\u00e1nky, ktor\u00e9 v\u00e1m bud\u00fa vyhovova\u0165 najviac. Poltop\u00e1nky s\u00fa u\u017e nieko\u013eko sez\u00f3n na pomyselnom prvom mieste,\u202fa niet sa \u010domu divi\u0165. S\u00fa trendy, elegantn\u00e9 a z\u00e1rove\u0148 ve\u013emi pohodln\u00e9. Hodia sa k nohaviciam i\u202fk sukniam a v\u010faka ve\u013ekej popularite ich dnes n\u00e1jdeme v najr\u00f4znej\u0161\u00edch dizajnoch. Ak\u00fako\u013evek farbu alebo \u0161t\u00fdl si vyberiete, st\u00e1le budete IN, preto\u017ee <b>t\u00fato <\/b><a href=\"https:\/\/ccc.eu\/sk\/damske\/topanky\" target=\"_blank\" rel=\"noreferrer noopener\"><b>d\u00e1msku obuv<\/b><\/a><b> vynos\u00edte nielen na jar, ale aj v lete a na jese\u0148.<\/b> Prisp\u00f4sobte ich v\u00fdber v\u00e1\u0161mu \u0161atn\u00edku alebo ich naopak nechajte vynikn\u00fa\u0165 v\u202fplnej kr\u00e1se. Ak si vyberiete extravagantn\u00fd k\u00fasok, m\u00f4\u017eete si by\u0165 ist\u00e9, \u017ee na seba va\u0161e top\u00e1nky strhn\u00fa v\u0161etku pozornos\u0165.  <\/p>\n\n\n\n\n\n<p><\/p>\n\n\n\n<h2 class=\"wp-block-heading\"><b>Trendy praj\u00fa pohodln\u00fdm \u0161portov\u00fdm top\u00e1nkam<\/b>\u00a0<\/h2>\n\n\n\n<p>U\u017e d\u00e1vno neplat\u00ed, \u017ee \u0161portov\u00e1 obuv patr\u00ed iba do fitnes centier alebo do lesa. \u010c\u00edm \u010falej, t\u00fdm viac sa stret\u00e1vame s kombin\u00e1ciami, ktor\u00e9 m\u00f4\u017eu by\u0165 pre star\u0161ie gener\u00e1cie nepochopite\u013en\u00e9, no v\u202fdne\u0161nej dobe s\u00fa modern\u00e9. Nie je ni\u010d\u00edm neobvykl\u00fdm vzia\u0165 si k\u202f\u0161at\u00e1m alebo k saku tenisky. Samozrejme, nehovor\u00edme o\u202fak\u00fdchko\u013evek tenisk\u00e1ch, ale o \u0161t\u00fdlov\u00fdch k\u00faskoch, ktor\u00e9 s\u00fa vytvoren\u00e9 na nosenie do mesta. <b>Ich obrovsk\u00fdm benefitom je pohodlie, ktor\u00e9 v\u0161eobecne \u0161portov\u00e1 obuv prin\u00e1\u0161a.<\/b> Aj tenisky typu \u201eslip-on\u201c bez \u0161n\u00farok \u010di zipsov v\u00e1m urobia ve\u013ek\u00fa slu\u017ebu. Napriek tomu, \u017ee najv\u00e4\u010d\u0161\u00ed boom maj\u00fa za sebou, s\u00fa st\u00e1le popul\u00e1rne a\u202ftento rok by ste si ich mali zaobstara\u0165 aj vy. Sta\u010d\u00ed ich toti\u017e obu\u0165 a\u202fvyrazi\u0165! Je n\u00e1s \u010di sa rozhodnete pre \u0161portov\u00e9 alebo elegantn\u00e9 \u201eslip-ony\u201c, praktick\u00e9 je v\u0161ak zaobstara\u0165 si neutr\u00e1lne \u010dierne alebo biele tenisky tohto typu. <\/p>\n\n\n\n<h2 class=\"wp-block-heading\"><b>Elegancia nikdy nevyjde z\u202fm\u00f3dy<\/b>&nbsp;<\/h2>\n\n\n\n<p>Aj ke\u010f milujete pohodlie, ktor\u00e9 pon\u00fakaj\u00fa \u0161portov\u00e9 k\u00fasky, tohtoro\u010dn\u00fdm hitom s\u00fa tie\u017e n\u00edzke lodi\u010dky. <b>Ak m\u00f4\u017eete, prezrite si ponuku top\u00e1nok Jenny Fairy, z\u202fktorej si vyberie ka\u017ed\u00fd.<\/b> Na svoje si pr\u00eddu v\u0161etky d\u00e1my \u2013 milovn\u00ed\u010dky jarn\u00fdch \u0161portov\u00fdch top\u00e1nok, klasick\u00fdch k\u00faskov s\u202fprackou v\u202f\u0161t\u00fdle mokas\u00edn i fan\u00fa\u0161i\u010dky lodi\u010diek so \u0161picatou \u0161pi\u010dkou na n\u00edzkom \u0161irokom podp\u00e4tku, v\u202fktor\u00fdch vydr\u017e\u00edte chodi\u0165 cel\u00fd de\u0148, pr\u00edpadne pretancova\u0165 noc. Mokas\u00edny s\u00fa takisto hitom, s ktor\u00fdm zabodujete! <b>Zna\u010dka Jenny Fairy pon\u00faka desiatky zauj\u00edmav\u00fdch k\u00faskov, ktor\u00e9 s\u00fa pohodlnej\u0161ie ako ich konkurencia \u2013 baler\u00ednky.<\/b> Ko\u017een\u00e9 mokas\u00edny s\u00fa modern\u00fdm a elegantn\u00fdm typom obuvi, ktor\u00fd sa v\u0161ak hod\u00ed aj k nohaviciam. Nosi\u0165 ich m\u00f4\u017eete do kancel\u00e1rie, na k\u00e1vu s priate\u013emi i na ve\u010dern\u00fa prech\u00e1dzku mestom. Ak stav\u00edte na leskl\u00fd \u010dierny variant, m\u00f4\u017eete si by\u0165 ist\u00e9, \u017ee m\u00e1te na noh\u00e1ch hor\u00faci trend. V\u202fkurze s\u00fa tie\u017e pastelov\u00e9 farby, jemn\u00e9 spestrenie v\u202fpodobe kamienkov a\u202fchromatick\u00fdch detailov sa r\u00e1ta aj t\u00fato jar. <b>S\u202fcool mokas\u00ednkami jednoducho nikdy ne\u0161liapnete ved\u013ea!<\/b>&nbsp;&nbsp;<\/p>\n","protected":false},"excerpt":{"rendered":"<p>Prezrite si najnov\u0161iu ponuku extravagantn\u00fdch a z\u00e1rove\u0148 elegantn\u00fdch jarn\u00fdch \u010dlenkov\u00fdch top\u00e1nok. Za\u017eiarte na uliciach s\u202fCCC! Je najvy\u0161\u0161\u00ed \u010das poobzera\u0165 sa po nov\u00fdch jarn\u00fdch k\u00faskoch do v\u00e1\u0161ho \u0161atn\u00edka. Pomaly ale isto odlo\u017ete snehule i\u202ftepl\u00e9 \u010di\u017emy a k\u00fapte si \u013eahk\u00e9 jarn\u00e9 top\u00e1nky, v ktor\u00fdch sa budete c\u00edti\u0165 ako ryba vo vode. Na v\u00fdber m\u00e1te z nieko\u013ek\u00fdch mo\u017enost\u00ed, [&hellip;]<\/p>\n","protected":false},"author":15,"featured_media":4878,"comment_status":"open","ping_status":"open","sticky":false,"template":"","format":"standard","meta":{"_acf_changed":false,"footnotes":""},"categories":[6],"tags":[635,557,634,418],"class_list":["post-4873","post","type-post","status-publish","format-standard","has-post-thumbnail","hentry","category-trendy","tag-clenkove-cizmy","tag-damske-topanky","tag-jarna-obuv","tag-jenny-fairy"],"acf":[],"yoast_head":"<!-- This site is optimized with the Yoast SEO plugin v26.9 - https:\/\/yoast.com\/product\/yoast-seo-wordpress\/ -->\n<title>Jarn\u00e9 \u010dlenkov\u00e9 \u010di\u017emy, ktor\u00e9 v\u00e1m vyrazia dych: Za t\u00fdmito sa bud\u00fa ot\u00e1\u010da\u0165 v\u0161etci! - blog.ccc.eu\/sk<\/title>\n<meta name=\"description\" content=\"Pomaly ale isto odlo\u017ete snehule i tepl\u00e9 \u010di\u017emy a k\u00fapte si \u013eahk\u00e9 jarn\u00e9 top\u00e1nky, v ktor\u00fdch sa budete c\u00edti\u0165 pohodlne. \u010cl\u00e1nky od odborn\u00edkov z CCC Slovakia. 2026\" \/>\n<meta name=\"robots\" content=\"index, follow, max-snippet:-1, max-image-preview:large, max-video-preview:-1\" \/>\n<link rel=\"canonical\" href=\"https:\/\/blog.ccc.eu\/sk\/jarne-clenkove-cizmy-ktore-vam-vyrazia-dych-za-tymito-sa-budu-otacat-vsetci\/\" \/>\n<meta property=\"og:locale\" content=\"sk_SK\" \/>\n<meta property=\"og:type\" content=\"article\" \/>\n<meta property=\"og:title\" content=\"Jarn\u00e9 \u010dlenkov\u00e9 \u010di\u017emy, ktor\u00e9 v\u00e1m vyrazia dych: Za t\u00fdmito sa bud\u00fa ot\u00e1\u010da\u0165 v\u0161etci! - blog.ccc.eu\/sk\" \/>\n<meta property=\"og:description\" content=\"Pomaly ale isto odlo\u017ete snehule i tepl\u00e9 \u010di\u017emy a k\u00fapte si \u013eahk\u00e9 jarn\u00e9 top\u00e1nky, v ktor\u00fdch sa budete c\u00edti\u0165 pohodlne. \u010cl\u00e1nky od odborn\u00edkov z CCC Slovakia.\" \/>\n<meta property=\"og:url\" content=\"https:\/\/blog.ccc.eu\/sk\/jarne-clenkove-cizmy-ktore-vam-vyrazia-dych-za-tymito-sa-budu-otacat-vsetci\/\" \/>\n<meta property=\"og:site_name\" content=\"blog.ccc.eu\/sk\" \/>\n<meta property=\"article:published_time\" content=\"2022-02-28T10:12:53+00:00\" \/>\n<meta property=\"article:modified_time\" content=\"2023-01-27T10:05:27+00:00\" \/>\n<meta property=\"og:image\" content=\"https:\/\/blog.ccc.eu\/sk\/wp-content\/uploads\/2022\/02\/DC_JF_SH04_091_26m.jpg\" \/>\n\t<meta property=\"og:image:width\" content=\"1035\" \/>\n\t<meta property=\"og:image:height\" content=\"776\" \/>\n\t<meta property=\"og:image:type\" content=\"image\/jpeg\" \/>\n<meta name=\"author\" content=\"Barbora Voln\u00e1\" \/>\n<meta name=\"twitter:card\" content=\"summary_large_image\" \/>\n<meta name=\"twitter:label1\" content=\"Autor\" \/>\n\t<meta name=\"twitter:data1\" content=\"Barbora Voln\u00e1\" \/>\n\t<meta name=\"twitter:label2\" content=\"Predpokladan\u00fd \u010das \u010d\u00edtania\" \/>\n\t<meta name=\"twitter:data2\" content=\"4 min\u00faty\" \/>\n<script type=\"application\/ld+json\" class=\"yoast-schema-graph\">{\"@context\":\"https:\/\/schema.org\",\"@graph\":[{\"@type\":\"Article\",\"@id\":\"https:\/\/blog.ccc.eu\/sk\/jarne-clenkove-cizmy-ktore-vam-vyrazia-dych-za-tymito-sa-budu-otacat-vsetci\/#article\",\"isPartOf\":{\"@id\":\"https:\/\/blog.ccc.eu\/sk\/jarne-clenkove-cizmy-ktore-vam-vyrazia-dych-za-tymito-sa-budu-otacat-vsetci\/\"},\"author\":{\"name\":\"Barbora Voln\u00e1\",\"@id\":\"https:\/\/blog.ccc.eu\/sk\/#\/schema\/person\/68ec00164afac44a148fa05f790da26e\"},\"headline\":\"Jarn\u00e9 \u010dlenkov\u00e9 \u010di\u017emy, ktor\u00e9 v\u00e1m vyrazia dych: Za t\u00fdmito sa bud\u00fa ot\u00e1\u010da\u0165 v\u0161etci!\",\"datePublished\":\"2022-02-28T10:12:53+00:00\",\"dateModified\":\"2023-01-27T10:05:27+00:00\",\"mainEntityOfPage\":{\"@id\":\"https:\/\/blog.ccc.eu\/sk\/jarne-clenkove-cizmy-ktore-vam-vyrazia-dych-za-tymito-sa-budu-otacat-vsetci\/\"},\"wordCount\":825,\"commentCount\":0,\"publisher\":{\"@id\":\"https:\/\/blog.ccc.eu\/sk\/#organization\"},\"image\":{\"@id\":\"https:\/\/blog.ccc.eu\/sk\/jarne-clenkove-cizmy-ktore-vam-vyrazia-dych-za-tymito-sa-budu-otacat-vsetci\/#primaryimage\"},\"thumbnailUrl\":\"https:\/\/blog.ccc.eu\/sk\/wp-content\/uploads\/2022\/02\/DC_JF_SH04_091_26m.jpg\",\"keywords\":[\"\u010dlenkov\u00e9 \u010di\u017emy\",\"d\u00e1mske top\u00e1nky\",\"jarn\u00e1 obuv\",\"Jenny Fairy\"],\"articleSection\":[\"trendy\"],\"inLanguage\":\"sk-SK\",\"potentialAction\":[{\"@type\":\"CommentAction\",\"name\":\"Comment\",\"target\":[\"https:\/\/blog.ccc.eu\/sk\/jarne-clenkove-cizmy-ktore-vam-vyrazia-dych-za-tymito-sa-budu-otacat-vsetci\/#respond\"]}]},{\"@type\":\"WebPage\",\"@id\":\"https:\/\/blog.ccc.eu\/sk\/jarne-clenkove-cizmy-ktore-vam-vyrazia-dych-za-tymito-sa-budu-otacat-vsetci\/\",\"url\":\"https:\/\/blog.ccc.eu\/sk\/jarne-clenkove-cizmy-ktore-vam-vyrazia-dych-za-tymito-sa-budu-otacat-vsetci\/\",\"name\":\"Jarn\u00e9 \u010dlenkov\u00e9 \u010di\u017emy, ktor\u00e9 v\u00e1m vyrazia dych: Za t\u00fdmito sa bud\u00fa ot\u00e1\u010da\u0165 v\u0161etci! - blog.ccc.eu\/sk\",\"isPartOf\":{\"@id\":\"https:\/\/blog.ccc.eu\/sk\/#website\"},\"primaryImageOfPage\":{\"@id\":\"https:\/\/blog.ccc.eu\/sk\/jarne-clenkove-cizmy-ktore-vam-vyrazia-dych-za-tymito-sa-budu-otacat-vsetci\/#primaryimage\"},\"image\":{\"@id\":\"https:\/\/blog.ccc.eu\/sk\/jarne-clenkove-cizmy-ktore-vam-vyrazia-dych-za-tymito-sa-budu-otacat-vsetci\/#primaryimage\"},\"thumbnailUrl\":\"https:\/\/blog.ccc.eu\/sk\/wp-content\/uploads\/2022\/02\/DC_JF_SH04_091_26m.jpg\",\"datePublished\":\"2022-02-28T10:12:53+00:00\",\"dateModified\":\"2023-01-27T10:05:27+00:00\",\"description\":\"Pomaly ale isto odlo\u017ete snehule i tepl\u00e9 \u010di\u017emy a k\u00fapte si \u013eahk\u00e9 jarn\u00e9 top\u00e1nky, v ktor\u00fdch sa budete c\u00edti\u0165 pohodlne. \u010cl\u00e1nky od odborn\u00edkov z CCC Slovakia.\",\"breadcrumb\":{\"@id\":\"https:\/\/blog.ccc.eu\/sk\/jarne-clenkove-cizmy-ktore-vam-vyrazia-dych-za-tymito-sa-budu-otacat-vsetci\/#breadcrumb\"},\"inLanguage\":\"sk-SK\",\"potentialAction\":[{\"@type\":\"ReadAction\",\"target\":[\"https:\/\/blog.ccc.eu\/sk\/jarne-clenkove-cizmy-ktore-vam-vyrazia-dych-za-tymito-sa-budu-otacat-vsetci\/\"]}]},{\"@type\":\"ImageObject\",\"inLanguage\":\"sk-SK\",\"@id\":\"https:\/\/blog.ccc.eu\/sk\/jarne-clenkove-cizmy-ktore-vam-vyrazia-dych-za-tymito-sa-budu-otacat-vsetci\/#primaryimage\",\"url\":\"https:\/\/blog.ccc.eu\/sk\/wp-content\/uploads\/2022\/02\/DC_JF_SH04_091_26m.jpg\",\"contentUrl\":\"https:\/\/blog.ccc.eu\/sk\/wp-content\/uploads\/2022\/02\/DC_JF_SH04_091_26m.jpg\",\"width\":1035,\"height\":776,\"caption\":\"lakovan\u00e9 top\u00e1nky na vysokom podp\u00e4tku\"},{\"@type\":\"BreadcrumbList\",\"@id\":\"https:\/\/blog.ccc.eu\/sk\/jarne-clenkove-cizmy-ktore-vam-vyrazia-dych-za-tymito-sa-budu-otacat-vsetci\/#breadcrumb\",\"itemListElement\":[{\"@type\":\"ListItem\",\"position\":1,\"name\":\"Strona g\u0142\u00f3wna\",\"item\":\"https:\/\/blog.ccc.eu\/sk\/\"},{\"@type\":\"ListItem\",\"position\":2,\"name\":\"Jarn\u00e9 \u010dlenkov\u00e9 \u010di\u017emy, ktor\u00e9 v\u00e1m vyrazia dych: Za t\u00fdmito sa bud\u00fa ot\u00e1\u010da\u0165 v\u0161etci!\"}]},{\"@type\":\"WebSite\",\"@id\":\"https:\/\/blog.ccc.eu\/sk\/#website\",\"url\":\"https:\/\/blog.ccc.eu\/sk\/\",\"name\":\"blog.ccc.eu\/sk\",\"description\":\"Va\u0161e miesto pln\u00e9 m\u00f3dnych in\u0161pir\u00e1ci\u00ed\",\"publisher\":{\"@id\":\"https:\/\/blog.ccc.eu\/sk\/#organization\"},\"potentialAction\":[{\"@type\":\"SearchAction\",\"target\":{\"@type\":\"EntryPoint\",\"urlTemplate\":\"https:\/\/blog.ccc.eu\/sk\/?s={search_term_string}\"},\"query-input\":{\"@type\":\"PropertyValueSpecification\",\"valueRequired\":true,\"valueName\":\"search_term_string\"}}],\"inLanguage\":\"sk-SK\"},{\"@type\":\"Organization\",\"@id\":\"https:\/\/blog.ccc.eu\/sk\/#organization\",\"name\":\"CCC S.A.\",\"url\":\"https:\/\/blog.ccc.eu\/sk\/\",\"logo\":{\"@type\":\"ImageObject\",\"inLanguage\":\"sk-SK\",\"@id\":\"https:\/\/blog.ccc.eu\/sk\/#\/schema\/logo\/image\/\",\"url\":\"https:\/\/blog.ccc.eu\/sk\/wp-content\/uploads\/2021\/11\/logo_ccc.png\",\"contentUrl\":\"https:\/\/blog.ccc.eu\/sk\/wp-content\/uploads\/2021\/11\/logo_ccc.png\",\"width\":730,\"height\":270,\"caption\":\"CCC S.A.\"},\"image\":{\"@id\":\"https:\/\/blog.ccc.eu\/sk\/#\/schema\/logo\/image\/\"}},{\"@type\":\"Person\",\"@id\":\"https:\/\/blog.ccc.eu\/sk\/#\/schema\/person\/68ec00164afac44a148fa05f790da26e\",\"name\":\"Barbora Voln\u00e1\",\"image\":{\"@type\":\"ImageObject\",\"inLanguage\":\"sk-SK\",\"@id\":\"https:\/\/blog.ccc.eu\/sk\/#\/schema\/person\/image\/\",\"url\":\"https:\/\/blog.ccc.eu\/sk\/wp-content\/uploads\/2022\/02\/bibi-final-Cropped-100x100.jpg\",\"contentUrl\":\"https:\/\/blog.ccc.eu\/sk\/wp-content\/uploads\/2022\/02\/bibi-final-Cropped-100x100.jpg\",\"caption\":\"Barbora Voln\u00e1\"},\"description\":\"B\u00fdval\u00e1 \u0161\u00e9fredaktorka \u017eensk\u00e9ho magaz\u00ednu sa moment\u00e1lne venuje copywritingu, ktor\u00fd jej poskytuje \u0161irok\u00e9 pole p\u00f4sobnosti a slobodu slova. Napriek tomu, \u017ee m\u00e1 vy\u0161tudovan\u00fa environmentalistiku, tvorila u\u017e po\u010das strednej \u0161koly a nesk\u00f4r po\u010das vysokej \u0161koly prispievala \u010dl\u00e1nkami do mnoh\u00fdch \u017eensk\u00fdch magaz\u00ednov. Ak pr\u00e1ve nep\u00ed\u0161e, venuje v\u0161etok vo\u013en\u00fd \u010das rodine. Bl\u00edzko m\u00e1 najm\u00e4 k textom o kr\u00e1se, dom\u00e1cnosti, vz\u0165ahoch a zdravom \u017eivotnom \u0161t\u00fdle, porad\u00ed si v\u0161ak aj s technick\u00fdmi term\u00ednmi a ekonomickou problematikou.\",\"url\":\"https:\/\/blog.ccc.eu\/sk\/author\/ariel-zagorski\/\"}]}<\/script>\n<!-- \/ Yoast SEO plugin. -->","yoast_head_json":{"title":"Jarn\u00e9 \u010dlenkov\u00e9 \u010di\u017emy, ktor\u00e9 v\u00e1m vyrazia dych: Za t\u00fdmito sa bud\u00fa ot\u00e1\u010da\u0165 v\u0161etci! - blog.ccc.eu\/sk","description":"Pomaly ale isto odlo\u017ete snehule i tepl\u00e9 \u010di\u017emy a k\u00fapte si \u013eahk\u00e9 jarn\u00e9 top\u00e1nky, v ktor\u00fdch sa budete c\u00edti\u0165 pohodlne. \u010cl\u00e1nky od odborn\u00edkov z CCC Slovakia. 2026","robots":{"index":"index","follow":"follow","max-snippet":"max-snippet:-1","max-image-preview":"max-image-preview:large","max-video-preview":"max-video-preview:-1"},"canonical":"https:\/\/blog.ccc.eu\/sk\/jarne-clenkove-cizmy-ktore-vam-vyrazia-dych-za-tymito-sa-budu-otacat-vsetci\/","og_locale":"sk_SK","og_type":"article","og_title":"Jarn\u00e9 \u010dlenkov\u00e9 \u010di\u017emy, ktor\u00e9 v\u00e1m vyrazia dych: Za t\u00fdmito sa bud\u00fa ot\u00e1\u010da\u0165 v\u0161etci! - blog.ccc.eu\/sk","og_description":"Pomaly ale isto odlo\u017ete snehule i tepl\u00e9 \u010di\u017emy a k\u00fapte si \u013eahk\u00e9 jarn\u00e9 top\u00e1nky, v ktor\u00fdch sa budete c\u00edti\u0165 pohodlne. \u010cl\u00e1nky od odborn\u00edkov z CCC Slovakia.","og_url":"https:\/\/blog.ccc.eu\/sk\/jarne-clenkove-cizmy-ktore-vam-vyrazia-dych-za-tymito-sa-budu-otacat-vsetci\/","og_site_name":"blog.ccc.eu\/sk","article_published_time":"2022-02-28T10:12:53+00:00","article_modified_time":"2023-01-27T10:05:27+00:00","og_image":[{"width":1035,"height":776,"url":"https:\/\/blog.ccc.eu\/sk\/wp-content\/uploads\/2022\/02\/DC_JF_SH04_091_26m.jpg","type":"image\/jpeg"}],"author":"Barbora Voln\u00e1","twitter_card":"summary_large_image","twitter_misc":{"Autor":"Barbora Voln\u00e1","Predpokladan\u00fd \u010das \u010d\u00edtania":"4 min\u00faty"},"schema":{"@context":"https:\/\/schema.org","@graph":[{"@type":"Article","@id":"https:\/\/blog.ccc.eu\/sk\/jarne-clenkove-cizmy-ktore-vam-vyrazia-dych-za-tymito-sa-budu-otacat-vsetci\/#article","isPartOf":{"@id":"https:\/\/blog.ccc.eu\/sk\/jarne-clenkove-cizmy-ktore-vam-vyrazia-dych-za-tymito-sa-budu-otacat-vsetci\/"},"author":{"name":"Barbora Voln\u00e1","@id":"https:\/\/blog.ccc.eu\/sk\/#\/schema\/person\/68ec00164afac44a148fa05f790da26e"},"headline":"Jarn\u00e9 \u010dlenkov\u00e9 \u010di\u017emy, ktor\u00e9 v\u00e1m vyrazia dych: Za t\u00fdmito sa bud\u00fa ot\u00e1\u010da\u0165 v\u0161etci!","datePublished":"2022-02-28T10:12:53+00:00","dateModified":"2023-01-27T10:05:27+00:00","mainEntityOfPage":{"@id":"https:\/\/blog.ccc.eu\/sk\/jarne-clenkove-cizmy-ktore-vam-vyrazia-dych-za-tymito-sa-budu-otacat-vsetci\/"},"wordCount":825,"commentCount":0,"publisher":{"@id":"https:\/\/blog.ccc.eu\/sk\/#organization"},"image":{"@id":"https:\/\/blog.ccc.eu\/sk\/jarne-clenkove-cizmy-ktore-vam-vyrazia-dych-za-tymito-sa-budu-otacat-vsetci\/#primaryimage"},"thumbnailUrl":"https:\/\/blog.ccc.eu\/sk\/wp-content\/uploads\/2022\/02\/DC_JF_SH04_091_26m.jpg","keywords":["\u010dlenkov\u00e9 \u010di\u017emy","d\u00e1mske top\u00e1nky","jarn\u00e1 obuv","Jenny Fairy"],"articleSection":["trendy"],"inLanguage":"sk-SK","potentialAction":[{"@type":"CommentAction","name":"Comment","target":["https:\/\/blog.ccc.eu\/sk\/jarne-clenkove-cizmy-ktore-vam-vyrazia-dych-za-tymito-sa-budu-otacat-vsetci\/#respond"]}]},{"@type":"WebPage","@id":"https:\/\/blog.ccc.eu\/sk\/jarne-clenkove-cizmy-ktore-vam-vyrazia-dych-za-tymito-sa-budu-otacat-vsetci\/","url":"https:\/\/blog.ccc.eu\/sk\/jarne-clenkove-cizmy-ktore-vam-vyrazia-dych-za-tymito-sa-budu-otacat-vsetci\/","name":"Jarn\u00e9 \u010dlenkov\u00e9 \u010di\u017emy, ktor\u00e9 v\u00e1m vyrazia dych: Za t\u00fdmito sa bud\u00fa ot\u00e1\u010da\u0165 v\u0161etci! - blog.ccc.eu\/sk","isPartOf":{"@id":"https:\/\/blog.ccc.eu\/sk\/#website"},"primaryImageOfPage":{"@id":"https:\/\/blog.ccc.eu\/sk\/jarne-clenkove-cizmy-ktore-vam-vyrazia-dych-za-tymito-sa-budu-otacat-vsetci\/#primaryimage"},"image":{"@id":"https:\/\/blog.ccc.eu\/sk\/jarne-clenkove-cizmy-ktore-vam-vyrazia-dych-za-tymito-sa-budu-otacat-vsetci\/#primaryimage"},"thumbnailUrl":"https:\/\/blog.ccc.eu\/sk\/wp-content\/uploads\/2022\/02\/DC_JF_SH04_091_26m.jpg","datePublished":"2022-02-28T10:12:53+00:00","dateModified":"2023-01-27T10:05:27+00:00","description":"Pomaly ale isto odlo\u017ete snehule i tepl\u00e9 \u010di\u017emy a k\u00fapte si \u013eahk\u00e9 jarn\u00e9 top\u00e1nky, v ktor\u00fdch sa budete c\u00edti\u0165 pohodlne. \u010cl\u00e1nky od odborn\u00edkov z CCC Slovakia.","breadcrumb":{"@id":"https:\/\/blog.ccc.eu\/sk\/jarne-clenkove-cizmy-ktore-vam-vyrazia-dych-za-tymito-sa-budu-otacat-vsetci\/#breadcrumb"},"inLanguage":"sk-SK","potentialAction":[{"@type":"ReadAction","target":["https:\/\/blog.ccc.eu\/sk\/jarne-clenkove-cizmy-ktore-vam-vyrazia-dych-za-tymito-sa-budu-otacat-vsetci\/"]}]},{"@type":"ImageObject","inLanguage":"sk-SK","@id":"https:\/\/blog.ccc.eu\/sk\/jarne-clenkove-cizmy-ktore-vam-vyrazia-dych-za-tymito-sa-budu-otacat-vsetci\/#primaryimage","url":"https:\/\/blog.ccc.eu\/sk\/wp-content\/uploads\/2022\/02\/DC_JF_SH04_091_26m.jpg","contentUrl":"https:\/\/blog.ccc.eu\/sk\/wp-content\/uploads\/2022\/02\/DC_JF_SH04_091_26m.jpg","width":1035,"height":776,"caption":"lakovan\u00e9 top\u00e1nky na vysokom podp\u00e4tku"},{"@type":"BreadcrumbList","@id":"https:\/\/blog.ccc.eu\/sk\/jarne-clenkove-cizmy-ktore-vam-vyrazia-dych-za-tymito-sa-budu-otacat-vsetci\/#breadcrumb","itemListElement":[{"@type":"ListItem","position":1,"name":"Strona g\u0142\u00f3wna","item":"https:\/\/blog.ccc.eu\/sk\/"},{"@type":"ListItem","position":2,"name":"Jarn\u00e9 \u010dlenkov\u00e9 \u010di\u017emy, ktor\u00e9 v\u00e1m vyrazia dych: Za t\u00fdmito sa bud\u00fa ot\u00e1\u010da\u0165 v\u0161etci!"}]},{"@type":"WebSite","@id":"https:\/\/blog.ccc.eu\/sk\/#website","url":"https:\/\/blog.ccc.eu\/sk\/","name":"blog.ccc.eu\/sk","description":"Va\u0161e miesto pln\u00e9 m\u00f3dnych in\u0161pir\u00e1ci\u00ed","publisher":{"@id":"https:\/\/blog.ccc.eu\/sk\/#organization"},"potentialAction":[{"@type":"SearchAction","target":{"@type":"EntryPoint","urlTemplate":"https:\/\/blog.ccc.eu\/sk\/?s={search_term_string}"},"query-input":{"@type":"PropertyValueSpecification","valueRequired":true,"valueName":"search_term_string"}}],"inLanguage":"sk-SK"},{"@type":"Organization","@id":"https:\/\/blog.ccc.eu\/sk\/#organization","name":"CCC S.A.","url":"https:\/\/blog.ccc.eu\/sk\/","logo":{"@type":"ImageObject","inLanguage":"sk-SK","@id":"https:\/\/blog.ccc.eu\/sk\/#\/schema\/logo\/image\/","url":"https:\/\/blog.ccc.eu\/sk\/wp-content\/uploads\/2021\/11\/logo_ccc.png","contentUrl":"https:\/\/blog.ccc.eu\/sk\/wp-content\/uploads\/2021\/11\/logo_ccc.png","width":730,"height":270,"caption":"CCC S.A."},"image":{"@id":"https:\/\/blog.ccc.eu\/sk\/#\/schema\/logo\/image\/"}},{"@type":"Person","@id":"https:\/\/blog.ccc.eu\/sk\/#\/schema\/person\/68ec00164afac44a148fa05f790da26e","name":"Barbora Voln\u00e1","image":{"@type":"ImageObject","inLanguage":"sk-SK","@id":"https:\/\/blog.ccc.eu\/sk\/#\/schema\/person\/image\/","url":"https:\/\/blog.ccc.eu\/sk\/wp-content\/uploads\/2022\/02\/bibi-final-Cropped-100x100.jpg","contentUrl":"https:\/\/blog.ccc.eu\/sk\/wp-content\/uploads\/2022\/02\/bibi-final-Cropped-100x100.jpg","caption":"Barbora Voln\u00e1"},"description":"B\u00fdval\u00e1 \u0161\u00e9fredaktorka \u017eensk\u00e9ho magaz\u00ednu sa moment\u00e1lne venuje copywritingu, ktor\u00fd jej poskytuje \u0161irok\u00e9 pole p\u00f4sobnosti a slobodu slova. Napriek tomu, \u017ee m\u00e1 vy\u0161tudovan\u00fa environmentalistiku, tvorila u\u017e po\u010das strednej \u0161koly a nesk\u00f4r po\u010das vysokej \u0161koly prispievala \u010dl\u00e1nkami do mnoh\u00fdch \u017eensk\u00fdch magaz\u00ednov. Ak pr\u00e1ve nep\u00ed\u0161e, venuje v\u0161etok vo\u013en\u00fd \u010das rodine. Bl\u00edzko m\u00e1 najm\u00e4 k textom o kr\u00e1se, dom\u00e1cnosti, vz\u0165ahoch a zdravom \u017eivotnom \u0161t\u00fdle, porad\u00ed si v\u0161ak aj s technick\u00fdmi term\u00ednmi a ekonomickou problematikou.","url":"https:\/\/blog.ccc.eu\/sk\/author\/ariel-zagorski\/"}]}},"_links":{"self":[{"href":"https:\/\/blog.ccc.eu\/sk\/wp-json\/wp\/v2\/posts\/4873","targetHints":{"allow":["GET"]}}],"collection":[{"href":"https:\/\/blog.ccc.eu\/sk\/wp-json\/wp\/v2\/posts"}],"about":[{"href":"https:\/\/blog.ccc.eu\/sk\/wp-json\/wp\/v2\/types\/post"}],"author":[{"embeddable":true,"href":"https:\/\/blog.ccc.eu\/sk\/wp-json\/wp\/v2\/users\/15"}],"replies":[{"embeddable":true,"href":"https:\/\/blog.ccc.eu\/sk\/wp-json\/wp\/v2\/comments?post=4873"}],"version-history":[{"count":7,"href":"https:\/\/blog.ccc.eu\/sk\/wp-json\/wp\/v2\/posts\/4873\/revisions"}],"predecessor-version":[{"id":6135,"href":"https:\/\/blog.ccc.eu\/sk\/wp-json\/wp\/v2\/posts\/4873\/revisions\/6135"}],"wp:featuredmedia":[{"embeddable":true,"href":"https:\/\/blog.ccc.eu\/sk\/wp-json\/wp\/v2\/media\/4878"}],"wp:attachment":[{"href":"https:\/\/blog.ccc.eu\/sk\/wp-json\/wp\/v2\/media?parent=4873"}],"wp:term":[{"taxonomy":"category","embeddable":true,"href":"https:\/\/blog.ccc.eu\/sk\/wp-json\/wp\/v2\/categories?post=4873"},{"taxonomy":"post_tag","embeddable":true,"href":"https:\/\/blog.ccc.eu\/sk\/wp-json\/wp\/v2\/tags?post=4873"}],"curies":[{"name":"wp","href":"https:\/\/api.w.org\/{rel}","templated":true}]}}