{"id":4962,"date":"2022-03-24T09:43:25","date_gmt":"2022-03-24T08:43:25","guid":{"rendered":"https:\/\/blog.ccc.eu\/sk\/?p=4962"},"modified":"2023-09-01T12:00:58","modified_gmt":"2023-09-01T10:00:58","slug":"kozena-obuv-na-leto-samozrejme-sprievodca-vyberom","status":"publish","type":"post","link":"https:\/\/blog.ccc.eu\/sk\/kozena-obuv-na-leto-samozrejme-sprievodca-vyberom\/","title":{"rendered":"Ko\u017een\u00e1 obuv na leto? Samozrejme! Sprievodca v\u00fdberom\u00a0"},"content":{"rendered":"\n<p><b>Tak ako mnoh\u00ed nedaj\u00fa dopusti\u0165 na mas\u00edvny n\u00e1bytok z\u202fkvalitn\u00e9ho dreva, je \u00faplne be\u017en\u00e9, \u017ee \u010fal\u0161\u00ed nesiahne po inej ako ko\u017eenej obuvi. D\u00f4vody s\u00fa jasn\u00e9. Ko\u017ea m\u00e1 svoju charakteristick\u00fa v\u00f4\u0148u, m\u00e4kkos\u0165, \u0161trukt\u00faru, a\u202f\u010do je najd\u00f4le\u017eitej\u0161ie, pri spr\u00e1vnej starostlivosti aj odolnos\u0165. Ak m\u00e1te radi pr\u00edrodn\u00e9 materi\u00e1ly na obuvi, potom v\u00e1s ko\u017een\u00e9 top\u00e1nky presved\u010dia v\u202fakomko\u013evek ro\u010dnom obdob\u00ed.&nbsp;&nbsp;<\/b><\/p>\n\n\n\n<figure class=\"wp-block-gallery has-nested-images columns-default is-cropped wp-block-gallery-1 is-layout-flex wp-block-gallery-is-layout-flex\">\n<figure class=\"wp-block-image size-large\"><img loading=\"lazy\" decoding=\"async\" width=\"692\" height=\"1024\" data-id=\"4963\" src=\"https:\/\/blog.ccc.eu\/sk\/wp-content\/uploads\/2022\/03\/LukaszPukowiecBaduraII-13-692x1024.jpg\" alt=\"\" class=\"wp-image-4963\" srcset=\"https:\/\/blog.ccc.eu\/sk\/wp-content\/uploads\/2022\/03\/LukaszPukowiecBaduraII-13-692x1024.jpg 692w, https:\/\/blog.ccc.eu\/sk\/wp-content\/uploads\/2022\/03\/LukaszPukowiecBaduraII-13-203x300.jpg 203w, https:\/\/blog.ccc.eu\/sk\/wp-content\/uploads\/2022\/03\/LukaszPukowiecBaduraII-13-768x1137.jpg 768w, https:\/\/blog.ccc.eu\/sk\/wp-content\/uploads\/2022\/03\/LukaszPukowiecBaduraII-13-1038x1536.jpg 1038w, https:\/\/blog.ccc.eu\/sk\/wp-content\/uploads\/2022\/03\/LukaszPukowiecBaduraII-13-1384x2048.jpg 1384w, https:\/\/blog.ccc.eu\/sk\/wp-content\/uploads\/2022\/03\/LukaszPukowiecBaduraII-13-100x148.jpg 100w, https:\/\/blog.ccc.eu\/sk\/wp-content\/uploads\/2022\/03\/LukaszPukowiecBaduraII-13.jpg 1425w\" sizes=\"auto, (max-width: 692px) 100vw, 692px\" \/><\/figure>\n\n\n\n<figure class=\"wp-block-image size-large\"><img loading=\"lazy\" decoding=\"async\" width=\"693\" height=\"1024\" data-id=\"4964\" src=\"https:\/\/blog.ccc.eu\/sk\/wp-content\/uploads\/2022\/03\/LukaszPukowiecBaduraII-14-693x1024.jpg\" alt=\"\" class=\"wp-image-4964\" srcset=\"https:\/\/blog.ccc.eu\/sk\/wp-content\/uploads\/2022\/03\/LukaszPukowiecBaduraII-14-693x1024.jpg 693w, https:\/\/blog.ccc.eu\/sk\/wp-content\/uploads\/2022\/03\/LukaszPukowiecBaduraII-14-203x300.jpg 203w, https:\/\/blog.ccc.eu\/sk\/wp-content\/uploads\/2022\/03\/LukaszPukowiecBaduraII-14-768x1135.jpg 768w, https:\/\/blog.ccc.eu\/sk\/wp-content\/uploads\/2022\/03\/LukaszPukowiecBaduraII-14-1039x1536.jpg 1039w, https:\/\/blog.ccc.eu\/sk\/wp-content\/uploads\/2022\/03\/LukaszPukowiecBaduraII-14-1386x2048.jpg 1386w, https:\/\/blog.ccc.eu\/sk\/wp-content\/uploads\/2022\/03\/LukaszPukowiecBaduraII-14-100x148.jpg 100w, https:\/\/blog.ccc.eu\/sk\/wp-content\/uploads\/2022\/03\/LukaszPukowiecBaduraII-14.jpg 1436w\" sizes=\"auto, (max-width: 693px) 100vw, 693px\" \/><\/figure>\n<\/figure>\n\n\n\n<p><\/p>\n\n\n\n<h2 class=\"wp-block-heading\"><strong>Nie je ko\u017ea ako ko\u017ea&nbsp;<\/strong><\/h2>\n\n\n\n<p>Viete, ako rozl\u00ed\u0161ite prav\u00fa ko\u017eu od syntetick\u00fdch materi\u00e1lov? Okrem toho, \u017ee ko\u017een\u00e9 top\u00e1nky s\u00fa \u010dasto ozna\u010den\u00e9 \u0161t\u00edtkom, si nabud\u00face pozorne prezrite ich spracovanie. Ko\u017ea na rozdiel od umelej ko\u017ee m\u00e1 jedine\u010dn\u00fa \u0161trukt\u00faru po celej d\u013a\u017eke top\u00e1nok, nezap\u00e1cha ako syntetika, a\u202fke\u010f ju v\u202fruke dr\u017e\u00edte dlh\u0161ie, neost\u00e1va na nej mokr\u00fd odtla\u010dok prsta. Dan\u00e9 miesto m\u00f4\u017ee trocha stmavn\u00fa\u0165. Rozdiel je tie\u017e v\u202fpru\u017enosti materi\u00e1lu. <strong>Zatia\u013e \u010do obuv z\u202fumelej ko\u017ee \u013eahko pr\u00edde k \u201ejazv\u00e1m\u201c, na ko\u017eenej obuvi ani pri dlhotrvaj\u00facom zahnut\u00ed nijak\u00e1 ryha neostane.<\/strong> \u010eal\u0161\u00edm znakom je hmotnos\u0165 ko\u017een\u00fdch top\u00e1nok \u2013 v\u202fporovnan\u00ed s\u202ft\u00fdmi \u201eumel\u00fdmi\u201c s\u00fa o\u202fnie\u010do \u0165a\u017e\u0161ie.&nbsp;&nbsp;<\/p>\n\n\n\n<p>Ak v\u00e1s to fascinovalo, m\u00f4\u017eete sa pri v\u00fdbere top\u00e1nok orientova\u0165 aj na z\u00e1klade toho, na ak\u00fdch miestach je ko\u017ea pou\u017eit\u00e1. Napr\u00edklad tak\u00e9 <a href=\"https:\/\/ccc.eu\/sk\/panske\/odporucane\/kozene-topanky\" target=\"_blank\" rel=\"noreferrer noopener\"><strong>p\u00e1nske ko\u017een\u00e9 top\u00e1nky<\/strong><\/a><strong>, ktor\u00e9 sa nosia k\u202foblekom, s\u00fa zhotoven\u00e9 cel\u00e9 z\u202fko\u017ee, <\/strong>ale n\u00e1jdete aj tak\u00e9 typy ko\u017eenej obuvi, kde je tento odoln\u00fd materi\u00e1l vyu\u017eit\u00fd len na konkr\u00e9tnych miestach, v\u202f\u0161pi\u010dke, pri p\u00e4te alebo po bokoch top\u00e1nok. Plat\u00ed z\u00e1sada, \u017ee \u010d\u00edm viac ozdobn\u00fdch prvkov p\u00e1nske poltop\u00e1nky obsahuj\u00fa, t\u00fdm viac s\u00fa vhodn\u00e9 na menej form\u00e1lne pr\u00edle\u017eitosti, napr. na be\u017en\u00fd de\u0148 v\u202fpr\u00e1ci.&nbsp;&nbsp;<\/p>\n\n\n\n<shortcode prop-material=\"Ko\u017ea\" prop-gender=\"male\" prop-load-num=\"7\" prop-display-num=\"4\" prop-sku=\"5904248321826, 5904248351434, 5904248462505, 5903419128127, 5904248734763, 2221061730004&nbsp;\" prop-view=\"slider\"><\/shortcode>        <div\r\n            class=\"eob-pf-shortcode\"\r\n            id=\"eobpf69f1e014ee60f\"\r\n        >\r\n            <shortcode prop-material=\"Ko\u017ea\" prop-gender=\"male\" prop-load-num=\"7\" prop-display-num=\"4\" prop-sku=\"5904248321826, 5904248351434, 5904248462505, 5903419128127, 5904248734763, 2221061730004&nbsp;\" prop-view=\"slider\"><\/shortcode>        <\/div>\r\n\t\t<script>\r\n\t\t\tjQuery(document).ready(() => {\r\n\t\t\t    const root = document.getElementById('eobpf69f1e014ee60f');\r\n                Vue.createApp({\r\n\t                components: {\r\n\t                    shortcode\r\n\t                }\r\n                }).mount(root);\r\n\t\t\t});\r\n\t\t<\/script>\r\n\t\t\r\n\t\t\n\n\n\n<p><\/p>\n\n\n\n<h2 class=\"wp-block-heading\"><strong>Typy ko\u017een\u00fdch top\u00e1nok&nbsp;<\/strong><\/h2>\n\n\n\n<p>Skvel\u00e9 je, \u017ee si milovn\u00edci ko\u017een\u00fdch top\u00e1nok dok\u00e1\u017eu vybra\u0165 obuv pre ka\u017ed\u00fa pr\u00edle\u017eitos\u0165 a\u202fdo ka\u017ed\u00e9ho po\u010dasia. <a href=\"https:\/\/ccc.eu\/sk\/damske\/odporucane\/kozene-topanky\" target=\"_blank\" rel=\"noreferrer noopener\"><strong>D\u00e1mska ko\u017een\u00e1 obuv<\/strong><\/a><strong> sr\u0161\u00ed r\u00f4znorodos\u0165ou. N\u00e1jdete tam \u010di\u017emy, turistick\u00fa obuv, tenisky, poltop\u00e1nky, sand\u00e1le i\u202flodi\u010dky. <\/strong>P\u00e1ni z\u202fv\u00fdberu tie\u017e neostan\u00fa sklaman\u00ed. <strong>Vybera\u0165 si m\u00f4\u017eu zo \u0161portovej obuvi, neform\u00e1lnej obuvi do zamestnania \u010di elegantn\u00fdch poltop\u00e1nok r\u00f4znych farieb.<\/strong> Na v\u00fdrobu ko\u017een\u00fdch top\u00e1nok sa vyu\u017e\u00edva naj\u010dastej\u0161ie hov\u00e4dzia alebo ov\u010dia ko\u017ea. Pri spracovan\u00ed jej m\u00f4\u017eu darova\u0165 \u00faplne hladk\u00fd alebo reli\u00e9fny povrch, pr\u00edpadne sa pomocou \u0161peci\u00e1lnych farieb dod\u00e1 ko\u017ei star\u00fd vzh\u013ead. Semi\u0161 je ko\u017ea s\u202fjemn\u00fdm zamatov\u00fdm vzh\u013eadom, ve\u013emi dobre prep\u00fa\u0161\u0165a vzduch aj vodu. Nubuk je mu ve\u013emi podobn\u00fd, ale je ove\u013ea n\u00e1chylnej\u0161\u00ed na nasiaknutie ne\u010dist\u00f4t a\u202fvlhkosti.&nbsp;&nbsp;<\/p>\n\n\n\n<p>Pri v\u00fdbere ko\u017een\u00fdch top\u00e1nok sa m\u00f4\u017eete orientova\u0165 aj pod\u013ea toho, \u010di maj\u00fa podr\u00e1\u017eku lepen\u00fa alebo zo\u0161\u00edvan\u00fa, \u010di je takisto ko\u017een\u00e1, rovnako ako pod\u0161\u00edvka obuvi. Cie\u013eom mnoh\u00fdch, ktor\u00ed si ko\u017een\u00e9 top\u00e1nky kupuj\u00fa, je, aby sa im v\u202fnich nohy nepotili a\u202fpoko\u017eka v\u202fobuvi d\u00fdchala. Ve\u010f u\u017e sme sa dozvedeli, ak\u00e1 je ko\u017ea priedu\u0161n\u00e1, pr\u00e1ve preto sa <strong>netreba b\u00e1\u0165 ko\u017eenej letnej obuvi<\/strong>. Nohy sa v\u202fnej bud\u00fa \u0161m\u00fdka\u0165 ani poti\u0165. Samozrejme, po vyzut\u00ed top\u00e1nok je d\u00f4le\u017eit\u00e9 necha\u0165 ich odpo\u010din\u00fa\u0165 a\u202fvysu\u0161i\u0165. N\u00e1jdite si vz\u0165ah k\u202fnapin\u00e1kom. C\u00e9drov\u00e9 drevo pou\u017eit\u00e9 pri ich v\u00fdrobe, z\u202ftop\u00e1nok vysaje prebyto\u010dn\u00fa vlhkos\u0165 a\u202fva\u0161e top\u00e1nky si v\u010faka nemu <strong>zachovaj\u00fa p\u00f4vodn\u00fd tvar ve\u013emi dlho<\/strong>. Ke\u010f\u017ee je d\u00f4le\u017eit\u00e9, aby obuv odpo\u010d\u00edvala aspo\u0148 24 hod\u00edn, majte v\u017edy po ruke alternat\u00edvny model top\u00e1nok.\u00a0\u00a0<\/p>\n\n\n<shortcode prop-category=\"Sand\u00e1le\" prop-material=\"Ko\u017ea\" prop-gender=\"D\u00e1mske\" prop-load-num=\"7\" prop-display-num=\"4\" prop-sku=\"5904248626792, 5904248606558, 5904248650483, 5903698539430, 5903698393063, 5904248390198 \" prop-view=\"slider\"><\/shortcode>        <div\r\n            class=\"eob-pf-shortcode\"\r\n            id=\"eobpf69f1e014ee715\"\r\n        >\r\n            <shortcode prop-category=\"Sand\u00e1le\" prop-material=\"Ko\u017ea\" prop-gender=\"D\u00e1mske\" prop-load-num=\"7\" prop-display-num=\"4\" prop-sku=\"5904248626792, 5904248606558, 5904248650483, 5903698539430, 5903698393063, 5904248390198 \" prop-view=\"slider\"><\/shortcode>        <\/div>\r\n\t\t<script>\r\n\t\t\tjQuery(document).ready(() => {\r\n\t\t\t    const root = document.getElementById('eobpf69f1e014ee715');\r\n                Vue.createApp({\r\n\t                components: {\r\n\t                    shortcode\r\n\t                }\r\n                }).mount(root);\r\n\t\t\t});\r\n\t\t<\/script>\r\n\t\t\r\n\t\t\n\n\n\n<p><\/p>\n\n\n\n<h2 class=\"wp-block-heading\"><strong>Starajte sa o\u202fsvoje ko\u017een\u00e9 top\u00e1nky spr\u00e1vne&nbsp;<\/strong><\/h2>\n\n\n\n<p>Nov\u00e9 ko\u017een\u00e9 top\u00e1nky nikdy neimpregnujte. Ak chcete materi\u00e1l o\u0161etri\u0165 kr\u00e9mom, kv\u00f4li impregna\u010dn\u00e9mu spreju by do top\u00e1nok spr\u00e1vne nevsiakol. Najsk\u00f4r ich prejdite kefou na \u010distenie, pr\u00edpadne navlh\u010denou handri\u010dkou. (Na top\u00e1nky z\u202fdrsnej ko\u017ee nepou\u017e\u00edvajte pri \u010disten\u00ed navlh\u010den\u00fa handri\u010dku, iba na to ur\u010den\u00fa kefu.) <strong>Po vyschnut\u00ed prejdite po ko\u017ei vhodn\u00fdm pr\u00edpravkom<\/strong>. Hladk\u00e1 l\u00edcov\u00e1 ko\u017ea si napr\u00edklad rozumie s\u202fvoskovou impregn\u00e1ciou, k\u00fdm lakov\u00e1 ko\u017ea nie. Pre dosiahnutie v\u00e4\u010d\u0161ieho lesku je vhodn\u00e9 ko\u017een\u00e9 top\u00e1nky e\u0161te raz prejs\u0165 navlh\u010denou handri\u010dkou. Top\u00e1nky v\u017edy kr\u00e9mujte a\u017e po d\u00f4kladnom vy\u010disten\u00ed a\u202fvyschnut\u00ed na napin\u00e1ku. Su\u0161i\u0165 ich priamo pri radi\u00e1tore alebo dokonca kozube ich m\u00f4\u017ee po\u0161kodi\u0165. <strong>Ko\u017een\u00e9 top\u00e1nky si takisto nerozumej\u00fa s\u202fkrabicami<\/strong>. Neodkladajte ich v\u202f\u0161katuliach, v\u202fktor\u00fdch ste ich k\u00fapili, potrebuj\u00fa toti\u017e d\u00fdcha\u0165. Ob\u00favajte sa a\u202fvyz\u00favajte \u0161etrne.&nbsp;&nbsp;<\/p>\n\n\n\n<p><strong>Pl\u00e1nujete si k\u00fapi\u0165 na leto <\/strong><a href=\"https:\/\/ccc.eu\/sk\/damske\/topanky\/sandale\" target=\"_blank\" rel=\"noreferrer noopener\"><strong>ko\u017een\u00e9 sand\u00e1le<\/strong><\/a><strong>? <\/strong>Na trhu s\u00fa impregna\u010dn\u00e9 spreje, ktor\u00e9 obuv nechr\u00e1nia len pred vlhkos\u0165ou, ale aj ne\u010distotami. A\u202fke\u010f\u017ee vieme, ak\u00fdmi pra\u0161n\u00fdmi povrchmi v\u202flete ob\u010das prech\u00e1dzame, n\u00e1s tento nevidite\u013en\u00fd ochrann\u00fd \u0161t\u00edt pote\u0161\u00ed. Obuv impregnujte v\u017edy trikr\u00e1t, ale a\u017e po zaschnut\u00ed predo\u0161l\u00fdch vrstiev. D\u00e1my aj p\u00e1ni, starajte sa o\u202fsvoju ko\u017een\u00fa obuv spr\u00e1vne, a\u202fm\u00f4\u017eete si by\u0165 ist\u00ed, \u017ee v\u00e1m okrem pohodlia zaru\u010d\u00ed aj dokonal\u00fd vzh\u013ead!&nbsp;&nbsp;<\/p>\n","protected":false},"excerpt":{"rendered":"<p>Tak ako mnoh\u00ed nedaj\u00fa dopusti\u0165 na mas\u00edvny n\u00e1bytok z\u202fkvalitn\u00e9ho dreva, je \u00faplne be\u017en\u00e9, \u017ee \u010fal\u0161\u00ed nesiahne po inej ako ko\u017eenej obuvi. D\u00f4vody s\u00fa jasn\u00e9. Ko\u017ea m\u00e1 svoju charakteristick\u00fa v\u00f4\u0148u, m\u00e4kkos\u0165, \u0161trukt\u00faru, a\u202f\u010do je najd\u00f4le\u017eitej\u0161ie, pri spr\u00e1vnej starostlivosti aj odolnos\u0165. Ak m\u00e1te radi pr\u00edrodn\u00e9 materi\u00e1ly na obuvi, potom v\u00e1s ko\u017een\u00e9 top\u00e1nky presved\u010dia v\u202fakomko\u013evek ro\u010dnom obdob\u00ed.&nbsp;&nbsp; Nie [&hellip;]<\/p>\n","protected":false},"author":17,"featured_media":4963,"comment_status":"open","ping_status":"open","sticky":false,"template":"","format":"standard","meta":{"_acf_changed":false,"footnotes":""},"categories":[4],"tags":[658,638,649],"class_list":["post-4962","post","type-post","status-publish","format-standard","has-post-thumbnail","hentry","category-modne-tipy","tag-kozena-obuv","tag-panska-obuv","tag-trendy-obuv"],"acf":[],"yoast_head":"<!-- This site is optimized with the Yoast SEO plugin v26.9 - https:\/\/yoast.com\/product\/yoast-seo-wordpress\/ -->\n<title>Ko\u017een\u00e1 obuv na leto? Samozrejme! Sprievodca v\u00fdberom\u00a0 - blog.ccc.eu\/sk<\/title>\n<meta name=\"description\" content=\"Ak m\u00e1te radi pr\u00edrodn\u00e9 materi\u00e1ly na obuvi, potom v\u00e1s ko\u017een\u00e9 top\u00e1nky presved\u010dia v akomko\u013evek ro\u010dnom obdob\u00ed. Pre\u010d\u00edtajte si rady od odborn\u00edkov z CCC! 2026\" \/>\n<meta name=\"robots\" content=\"index, follow, max-snippet:-1, max-image-preview:large, max-video-preview:-1\" \/>\n<link rel=\"canonical\" href=\"https:\/\/blog.ccc.eu\/sk\/kozena-obuv-na-leto-samozrejme-sprievodca-vyberom\/\" \/>\n<meta property=\"og:locale\" content=\"sk_SK\" \/>\n<meta property=\"og:type\" content=\"article\" \/>\n<meta property=\"og:title\" content=\"Ko\u017een\u00e1 obuv na leto? Samozrejme! Sprievodca v\u00fdberom\u00a0 - blog.ccc.eu\/sk\" \/>\n<meta property=\"og:description\" content=\"Ak m\u00e1te radi pr\u00edrodn\u00e9 materi\u00e1ly na obuvi, potom v\u00e1s ko\u017een\u00e9 top\u00e1nky presved\u010dia v akomko\u013evek ro\u010dnom obdob\u00ed. Pre\u010d\u00edtajte si rady od odborn\u00edkov z CCC!\" \/>\n<meta property=\"og:url\" content=\"https:\/\/blog.ccc.eu\/sk\/kozena-obuv-na-leto-samozrejme-sprievodca-vyberom\/\" \/>\n<meta property=\"og:site_name\" content=\"blog.ccc.eu\/sk\" \/>\n<meta property=\"article:published_time\" content=\"2022-03-24T08:43:25+00:00\" \/>\n<meta property=\"article:modified_time\" content=\"2023-09-01T10:00:58+00:00\" \/>\n<meta property=\"og:image\" content=\"https:\/\/blog.ccc.eu\/sk\/wp-content\/uploads\/2022\/03\/LukaszPukowiecBaduraII-13.jpg\" \/>\n\t<meta property=\"og:image:width\" content=\"1425\" \/>\n\t<meta property=\"og:image:height\" content=\"2109\" \/>\n\t<meta property=\"og:image:type\" content=\"image\/jpeg\" \/>\n<meta name=\"author\" content=\"Monika Bajlov\u00e1\" \/>\n<meta name=\"twitter:card\" content=\"summary_large_image\" \/>\n<meta name=\"twitter:label1\" content=\"Autor\" \/>\n\t<meta name=\"twitter:data1\" content=\"Monika Bajlov\u00e1\" \/>\n\t<meta name=\"twitter:label2\" content=\"Predpokladan\u00fd \u010das \u010d\u00edtania\" \/>\n\t<meta name=\"twitter:data2\" content=\"5 min\u00fat\" \/>\n<script type=\"application\/ld+json\" class=\"yoast-schema-graph\">{\"@context\":\"https:\/\/schema.org\",\"@graph\":[{\"@type\":\"Article\",\"@id\":\"https:\/\/blog.ccc.eu\/sk\/kozena-obuv-na-leto-samozrejme-sprievodca-vyberom\/#article\",\"isPartOf\":{\"@id\":\"https:\/\/blog.ccc.eu\/sk\/kozena-obuv-na-leto-samozrejme-sprievodca-vyberom\/\"},\"author\":{\"name\":\"Monika Bajlov\u00e1\",\"@id\":\"https:\/\/blog.ccc.eu\/sk\/#\/schema\/person\/5a2d58cf7a55bf34d31eef952155b961\"},\"headline\":\"Ko\u017een\u00e1 obuv na leto? Samozrejme! Sprievodca v\u00fdberom\u00a0\",\"datePublished\":\"2022-03-24T08:43:25+00:00\",\"dateModified\":\"2023-09-01T10:00:58+00:00\",\"mainEntityOfPage\":{\"@id\":\"https:\/\/blog.ccc.eu\/sk\/kozena-obuv-na-leto-samozrejme-sprievodca-vyberom\/\"},\"wordCount\":1015,\"commentCount\":0,\"publisher\":{\"@id\":\"https:\/\/blog.ccc.eu\/sk\/#organization\"},\"image\":{\"@id\":\"https:\/\/blog.ccc.eu\/sk\/kozena-obuv-na-leto-samozrejme-sprievodca-vyberom\/#primaryimage\"},\"thumbnailUrl\":\"https:\/\/blog.ccc.eu\/sk\/wp-content\/uploads\/2022\/03\/LukaszPukowiecBaduraII-13.jpg\",\"keywords\":[\"ko\u017een\u00e1 obuv\",\"p\u00e1nska obuv\",\"trendy obuv\"],\"articleSection\":[\"M\u00d3DNE TIPY\"],\"inLanguage\":\"sk-SK\",\"potentialAction\":[{\"@type\":\"CommentAction\",\"name\":\"Comment\",\"target\":[\"https:\/\/blog.ccc.eu\/sk\/kozena-obuv-na-leto-samozrejme-sprievodca-vyberom\/#respond\"]}]},{\"@type\":\"WebPage\",\"@id\":\"https:\/\/blog.ccc.eu\/sk\/kozena-obuv-na-leto-samozrejme-sprievodca-vyberom\/\",\"url\":\"https:\/\/blog.ccc.eu\/sk\/kozena-obuv-na-leto-samozrejme-sprievodca-vyberom\/\",\"name\":\"Ko\u017een\u00e1 obuv na leto? Samozrejme! Sprievodca v\u00fdberom\u00a0 - blog.ccc.eu\/sk\",\"isPartOf\":{\"@id\":\"https:\/\/blog.ccc.eu\/sk\/#website\"},\"primaryImageOfPage\":{\"@id\":\"https:\/\/blog.ccc.eu\/sk\/kozena-obuv-na-leto-samozrejme-sprievodca-vyberom\/#primaryimage\"},\"image\":{\"@id\":\"https:\/\/blog.ccc.eu\/sk\/kozena-obuv-na-leto-samozrejme-sprievodca-vyberom\/#primaryimage\"},\"thumbnailUrl\":\"https:\/\/blog.ccc.eu\/sk\/wp-content\/uploads\/2022\/03\/LukaszPukowiecBaduraII-13.jpg\",\"datePublished\":\"2022-03-24T08:43:25+00:00\",\"dateModified\":\"2023-09-01T10:00:58+00:00\",\"description\":\"Ak m\u00e1te radi pr\u00edrodn\u00e9 materi\u00e1ly na obuvi, potom v\u00e1s ko\u017een\u00e9 top\u00e1nky presved\u010dia v akomko\u013evek ro\u010dnom obdob\u00ed. Pre\u010d\u00edtajte si rady od odborn\u00edkov z CCC!\",\"breadcrumb\":{\"@id\":\"https:\/\/blog.ccc.eu\/sk\/kozena-obuv-na-leto-samozrejme-sprievodca-vyberom\/#breadcrumb\"},\"inLanguage\":\"sk-SK\",\"potentialAction\":[{\"@type\":\"ReadAction\",\"target\":[\"https:\/\/blog.ccc.eu\/sk\/kozena-obuv-na-leto-samozrejme-sprievodca-vyberom\/\"]}]},{\"@type\":\"ImageObject\",\"inLanguage\":\"sk-SK\",\"@id\":\"https:\/\/blog.ccc.eu\/sk\/kozena-obuv-na-leto-samozrejme-sprievodca-vyberom\/#primaryimage\",\"url\":\"https:\/\/blog.ccc.eu\/sk\/wp-content\/uploads\/2022\/03\/LukaszPukowiecBaduraII-13.jpg\",\"contentUrl\":\"https:\/\/blog.ccc.eu\/sk\/wp-content\/uploads\/2022\/03\/LukaszPukowiecBaduraII-13.jpg\",\"width\":1425,\"height\":2109,\"caption\":\"d\u00e1msky \u010dierny outfit\"},{\"@type\":\"BreadcrumbList\",\"@id\":\"https:\/\/blog.ccc.eu\/sk\/kozena-obuv-na-leto-samozrejme-sprievodca-vyberom\/#breadcrumb\",\"itemListElement\":[{\"@type\":\"ListItem\",\"position\":1,\"name\":\"Strona g\u0142\u00f3wna\",\"item\":\"https:\/\/blog.ccc.eu\/sk\/\"},{\"@type\":\"ListItem\",\"position\":2,\"name\":\"Ko\u017een\u00e1 obuv na leto? Samozrejme! Sprievodca v\u00fdberom\u00a0\"}]},{\"@type\":\"WebSite\",\"@id\":\"https:\/\/blog.ccc.eu\/sk\/#website\",\"url\":\"https:\/\/blog.ccc.eu\/sk\/\",\"name\":\"blog.ccc.eu\/sk\",\"description\":\"Va\u0161e miesto pln\u00e9 m\u00f3dnych in\u0161pir\u00e1ci\u00ed\",\"publisher\":{\"@id\":\"https:\/\/blog.ccc.eu\/sk\/#organization\"},\"potentialAction\":[{\"@type\":\"SearchAction\",\"target\":{\"@type\":\"EntryPoint\",\"urlTemplate\":\"https:\/\/blog.ccc.eu\/sk\/?s={search_term_string}\"},\"query-input\":{\"@type\":\"PropertyValueSpecification\",\"valueRequired\":true,\"valueName\":\"search_term_string\"}}],\"inLanguage\":\"sk-SK\"},{\"@type\":\"Organization\",\"@id\":\"https:\/\/blog.ccc.eu\/sk\/#organization\",\"name\":\"CCC S.A.\",\"url\":\"https:\/\/blog.ccc.eu\/sk\/\",\"logo\":{\"@type\":\"ImageObject\",\"inLanguage\":\"sk-SK\",\"@id\":\"https:\/\/blog.ccc.eu\/sk\/#\/schema\/logo\/image\/\",\"url\":\"https:\/\/blog.ccc.eu\/sk\/wp-content\/uploads\/2021\/11\/logo_ccc.png\",\"contentUrl\":\"https:\/\/blog.ccc.eu\/sk\/wp-content\/uploads\/2021\/11\/logo_ccc.png\",\"width\":730,\"height\":270,\"caption\":\"CCC S.A.\"},\"image\":{\"@id\":\"https:\/\/blog.ccc.eu\/sk\/#\/schema\/logo\/image\/\"}},{\"@type\":\"Person\",\"@id\":\"https:\/\/blog.ccc.eu\/sk\/#\/schema\/person\/5a2d58cf7a55bf34d31eef952155b961\",\"name\":\"Monika Bajlov\u00e1\",\"image\":{\"@type\":\"ImageObject\",\"inLanguage\":\"sk-SK\",\"@id\":\"https:\/\/blog.ccc.eu\/sk\/#\/schema\/person\/image\/\",\"url\":\"https:\/\/blog.ccc.eu\/sk\/wp-content\/uploads\/2022\/02\/Bez-tytulu-Cropped-100x100.png\",\"contentUrl\":\"https:\/\/blog.ccc.eu\/sk\/wp-content\/uploads\/2022\/02\/Bez-tytulu-Cropped-100x100.png\",\"caption\":\"Monika Bajlov\u00e1\"},\"description\":\"M\u00e1m bohat\u00e9 sk\u00fasenosti z copywritingu, ktor\u00e9 zbieram u\u017e od roku 2015, teda u\u017e 7. rok. Na ka\u017ed\u00fa t\u00e9mu sa pozer\u00e1m individu\u00e1lne a pon\u00edmam ju \u013eudsky. V r\u00e1mci m\u00f4jho zamerania sa rovnako ako o m\u00f3du, zdravie a n\u00e1bytok dok\u00e1\u017eem nadchn\u00fa\u0165 pre p\u00edsanie t\u00e9m o modern\u00fdch technol\u00f3gi\u00e1ch \u010di stavebnin\u00e1ch a nehnute\u013enostiach.\",\"url\":\"https:\/\/blog.ccc.eu\/sk\/author\/katarzyna-martyn\/\"}]}<\/script>\n<!-- \/ Yoast SEO plugin. -->","yoast_head_json":{"title":"Ko\u017een\u00e1 obuv na leto? Samozrejme! Sprievodca v\u00fdberom\u00a0 - blog.ccc.eu\/sk","description":"Ak m\u00e1te radi pr\u00edrodn\u00e9 materi\u00e1ly na obuvi, potom v\u00e1s ko\u017een\u00e9 top\u00e1nky presved\u010dia v akomko\u013evek ro\u010dnom obdob\u00ed. Pre\u010d\u00edtajte si rady od odborn\u00edkov z CCC! 2026","robots":{"index":"index","follow":"follow","max-snippet":"max-snippet:-1","max-image-preview":"max-image-preview:large","max-video-preview":"max-video-preview:-1"},"canonical":"https:\/\/blog.ccc.eu\/sk\/kozena-obuv-na-leto-samozrejme-sprievodca-vyberom\/","og_locale":"sk_SK","og_type":"article","og_title":"Ko\u017een\u00e1 obuv na leto? Samozrejme! Sprievodca v\u00fdberom\u00a0 - blog.ccc.eu\/sk","og_description":"Ak m\u00e1te radi pr\u00edrodn\u00e9 materi\u00e1ly na obuvi, potom v\u00e1s ko\u017een\u00e9 top\u00e1nky presved\u010dia v akomko\u013evek ro\u010dnom obdob\u00ed. Pre\u010d\u00edtajte si rady od odborn\u00edkov z CCC!","og_url":"https:\/\/blog.ccc.eu\/sk\/kozena-obuv-na-leto-samozrejme-sprievodca-vyberom\/","og_site_name":"blog.ccc.eu\/sk","article_published_time":"2022-03-24T08:43:25+00:00","article_modified_time":"2023-09-01T10:00:58+00:00","og_image":[{"width":1425,"height":2109,"url":"https:\/\/blog.ccc.eu\/sk\/wp-content\/uploads\/2022\/03\/LukaszPukowiecBaduraII-13.jpg","type":"image\/jpeg"}],"author":"Monika Bajlov\u00e1","twitter_card":"summary_large_image","twitter_misc":{"Autor":"Monika Bajlov\u00e1","Predpokladan\u00fd \u010das \u010d\u00edtania":"5 min\u00fat"},"schema":{"@context":"https:\/\/schema.org","@graph":[{"@type":"Article","@id":"https:\/\/blog.ccc.eu\/sk\/kozena-obuv-na-leto-samozrejme-sprievodca-vyberom\/#article","isPartOf":{"@id":"https:\/\/blog.ccc.eu\/sk\/kozena-obuv-na-leto-samozrejme-sprievodca-vyberom\/"},"author":{"name":"Monika Bajlov\u00e1","@id":"https:\/\/blog.ccc.eu\/sk\/#\/schema\/person\/5a2d58cf7a55bf34d31eef952155b961"},"headline":"Ko\u017een\u00e1 obuv na leto? Samozrejme! Sprievodca v\u00fdberom\u00a0","datePublished":"2022-03-24T08:43:25+00:00","dateModified":"2023-09-01T10:00:58+00:00","mainEntityOfPage":{"@id":"https:\/\/blog.ccc.eu\/sk\/kozena-obuv-na-leto-samozrejme-sprievodca-vyberom\/"},"wordCount":1015,"commentCount":0,"publisher":{"@id":"https:\/\/blog.ccc.eu\/sk\/#organization"},"image":{"@id":"https:\/\/blog.ccc.eu\/sk\/kozena-obuv-na-leto-samozrejme-sprievodca-vyberom\/#primaryimage"},"thumbnailUrl":"https:\/\/blog.ccc.eu\/sk\/wp-content\/uploads\/2022\/03\/LukaszPukowiecBaduraII-13.jpg","keywords":["ko\u017een\u00e1 obuv","p\u00e1nska obuv","trendy obuv"],"articleSection":["M\u00d3DNE TIPY"],"inLanguage":"sk-SK","potentialAction":[{"@type":"CommentAction","name":"Comment","target":["https:\/\/blog.ccc.eu\/sk\/kozena-obuv-na-leto-samozrejme-sprievodca-vyberom\/#respond"]}]},{"@type":"WebPage","@id":"https:\/\/blog.ccc.eu\/sk\/kozena-obuv-na-leto-samozrejme-sprievodca-vyberom\/","url":"https:\/\/blog.ccc.eu\/sk\/kozena-obuv-na-leto-samozrejme-sprievodca-vyberom\/","name":"Ko\u017een\u00e1 obuv na leto? Samozrejme! Sprievodca v\u00fdberom\u00a0 - blog.ccc.eu\/sk","isPartOf":{"@id":"https:\/\/blog.ccc.eu\/sk\/#website"},"primaryImageOfPage":{"@id":"https:\/\/blog.ccc.eu\/sk\/kozena-obuv-na-leto-samozrejme-sprievodca-vyberom\/#primaryimage"},"image":{"@id":"https:\/\/blog.ccc.eu\/sk\/kozena-obuv-na-leto-samozrejme-sprievodca-vyberom\/#primaryimage"},"thumbnailUrl":"https:\/\/blog.ccc.eu\/sk\/wp-content\/uploads\/2022\/03\/LukaszPukowiecBaduraII-13.jpg","datePublished":"2022-03-24T08:43:25+00:00","dateModified":"2023-09-01T10:00:58+00:00","description":"Ak m\u00e1te radi pr\u00edrodn\u00e9 materi\u00e1ly na obuvi, potom v\u00e1s ko\u017een\u00e9 top\u00e1nky presved\u010dia v akomko\u013evek ro\u010dnom obdob\u00ed. Pre\u010d\u00edtajte si rady od odborn\u00edkov z CCC!","breadcrumb":{"@id":"https:\/\/blog.ccc.eu\/sk\/kozena-obuv-na-leto-samozrejme-sprievodca-vyberom\/#breadcrumb"},"inLanguage":"sk-SK","potentialAction":[{"@type":"ReadAction","target":["https:\/\/blog.ccc.eu\/sk\/kozena-obuv-na-leto-samozrejme-sprievodca-vyberom\/"]}]},{"@type":"ImageObject","inLanguage":"sk-SK","@id":"https:\/\/blog.ccc.eu\/sk\/kozena-obuv-na-leto-samozrejme-sprievodca-vyberom\/#primaryimage","url":"https:\/\/blog.ccc.eu\/sk\/wp-content\/uploads\/2022\/03\/LukaszPukowiecBaduraII-13.jpg","contentUrl":"https:\/\/blog.ccc.eu\/sk\/wp-content\/uploads\/2022\/03\/LukaszPukowiecBaduraII-13.jpg","width":1425,"height":2109,"caption":"d\u00e1msky \u010dierny outfit"},{"@type":"BreadcrumbList","@id":"https:\/\/blog.ccc.eu\/sk\/kozena-obuv-na-leto-samozrejme-sprievodca-vyberom\/#breadcrumb","itemListElement":[{"@type":"ListItem","position":1,"name":"Strona g\u0142\u00f3wna","item":"https:\/\/blog.ccc.eu\/sk\/"},{"@type":"ListItem","position":2,"name":"Ko\u017een\u00e1 obuv na leto? Samozrejme! Sprievodca v\u00fdberom\u00a0"}]},{"@type":"WebSite","@id":"https:\/\/blog.ccc.eu\/sk\/#website","url":"https:\/\/blog.ccc.eu\/sk\/","name":"blog.ccc.eu\/sk","description":"Va\u0161e miesto pln\u00e9 m\u00f3dnych in\u0161pir\u00e1ci\u00ed","publisher":{"@id":"https:\/\/blog.ccc.eu\/sk\/#organization"},"potentialAction":[{"@type":"SearchAction","target":{"@type":"EntryPoint","urlTemplate":"https:\/\/blog.ccc.eu\/sk\/?s={search_term_string}"},"query-input":{"@type":"PropertyValueSpecification","valueRequired":true,"valueName":"search_term_string"}}],"inLanguage":"sk-SK"},{"@type":"Organization","@id":"https:\/\/blog.ccc.eu\/sk\/#organization","name":"CCC S.A.","url":"https:\/\/blog.ccc.eu\/sk\/","logo":{"@type":"ImageObject","inLanguage":"sk-SK","@id":"https:\/\/blog.ccc.eu\/sk\/#\/schema\/logo\/image\/","url":"https:\/\/blog.ccc.eu\/sk\/wp-content\/uploads\/2021\/11\/logo_ccc.png","contentUrl":"https:\/\/blog.ccc.eu\/sk\/wp-content\/uploads\/2021\/11\/logo_ccc.png","width":730,"height":270,"caption":"CCC S.A."},"image":{"@id":"https:\/\/blog.ccc.eu\/sk\/#\/schema\/logo\/image\/"}},{"@type":"Person","@id":"https:\/\/blog.ccc.eu\/sk\/#\/schema\/person\/5a2d58cf7a55bf34d31eef952155b961","name":"Monika Bajlov\u00e1","image":{"@type":"ImageObject","inLanguage":"sk-SK","@id":"https:\/\/blog.ccc.eu\/sk\/#\/schema\/person\/image\/","url":"https:\/\/blog.ccc.eu\/sk\/wp-content\/uploads\/2022\/02\/Bez-tytulu-Cropped-100x100.png","contentUrl":"https:\/\/blog.ccc.eu\/sk\/wp-content\/uploads\/2022\/02\/Bez-tytulu-Cropped-100x100.png","caption":"Monika Bajlov\u00e1"},"description":"M\u00e1m bohat\u00e9 sk\u00fasenosti z copywritingu, ktor\u00e9 zbieram u\u017e od roku 2015, teda u\u017e 7. rok. Na ka\u017ed\u00fa t\u00e9mu sa pozer\u00e1m individu\u00e1lne a pon\u00edmam ju \u013eudsky. V r\u00e1mci m\u00f4jho zamerania sa rovnako ako o m\u00f3du, zdravie a n\u00e1bytok dok\u00e1\u017eem nadchn\u00fa\u0165 pre p\u00edsanie t\u00e9m o modern\u00fdch technol\u00f3gi\u00e1ch \u010di stavebnin\u00e1ch a nehnute\u013enostiach.","url":"https:\/\/blog.ccc.eu\/sk\/author\/katarzyna-martyn\/"}]}},"_links":{"self":[{"href":"https:\/\/blog.ccc.eu\/sk\/wp-json\/wp\/v2\/posts\/4962","targetHints":{"allow":["GET"]}}],"collection":[{"href":"https:\/\/blog.ccc.eu\/sk\/wp-json\/wp\/v2\/posts"}],"about":[{"href":"https:\/\/blog.ccc.eu\/sk\/wp-json\/wp\/v2\/types\/post"}],"author":[{"embeddable":true,"href":"https:\/\/blog.ccc.eu\/sk\/wp-json\/wp\/v2\/users\/17"}],"replies":[{"embeddable":true,"href":"https:\/\/blog.ccc.eu\/sk\/wp-json\/wp\/v2\/comments?post=4962"}],"version-history":[{"count":3,"href":"https:\/\/blog.ccc.eu\/sk\/wp-json\/wp\/v2\/posts\/4962\/revisions"}],"predecessor-version":[{"id":6989,"href":"https:\/\/blog.ccc.eu\/sk\/wp-json\/wp\/v2\/posts\/4962\/revisions\/6989"}],"wp:featuredmedia":[{"embeddable":true,"href":"https:\/\/blog.ccc.eu\/sk\/wp-json\/wp\/v2\/media\/4963"}],"wp:attachment":[{"href":"https:\/\/blog.ccc.eu\/sk\/wp-json\/wp\/v2\/media?parent=4962"}],"wp:term":[{"taxonomy":"category","embeddable":true,"href":"https:\/\/blog.ccc.eu\/sk\/wp-json\/wp\/v2\/categories?post=4962"},{"taxonomy":"post_tag","embeddable":true,"href":"https:\/\/blog.ccc.eu\/sk\/wp-json\/wp\/v2\/tags?post=4962"}],"curies":[{"name":"wp","href":"https:\/\/api.w.org\/{rel}","templated":true}]}}