{"id":4966,"date":"2022-03-24T10:12:59","date_gmt":"2022-03-24T09:12:59","guid":{"rendered":"https:\/\/blog.ccc.eu\/sk\/?p=4966"},"modified":"2023-01-27T10:57:40","modified_gmt":"2023-01-27T09:57:40","slug":"nova-kolekcia-od-lasocki-je-tu","status":"publish","type":"post","link":"https:\/\/blog.ccc.eu\/sk\/nova-kolekcia-od-lasocki-je-tu\/","title":{"rendered":"Nov\u00e1 kolekcia od Lasocki je tu!\u00a0"},"content":{"rendered":"\n<p><b>Uk\u00e1\u017eeme v\u00e1m, ak\u00e9 top\u00e1nky a kabelky vznikli v\u010faka spolupr\u00e1ci CCC s\u202fLasocki! Ich jednoduchos\u0165 a\u202f\u0161t\u00fdl si v\u00e1s z\u00edskaj\u00fa na prv\u00fd poh\u013ead. Ktor\u00e9 k\u00fasky by ste si mali uchmatn\u00fa\u0165 t\u00fato sez\u00f3nu? Zbystrite pozornos\u0165.<\/b>&nbsp;<\/p>\n\n\n\n<p>Zam\u00fd\u0161\u013eate sa pr\u00e1ve teraz nad t\u00fdm, ak\u00e9 doplnky si zaobstara\u0165 na tohtoro\u010dn\u00fa jar? M\u00f3dne trendy hovoria jasnou re\u010dou. <strong>Dominuj\u00fa kvalitn\u00e9 materi\u00e1ly v\u202fznamen\u00ed udr\u017eate\u013enosti v\u202fkombin\u00e1cii s\u202fn\u00e1padit\u00fdm preveden\u00edm.&nbsp;<\/strong> Elegantn\u00e9 a\u202fpredsa \u0161t\u00fdlov\u00e9 \u2013 tak\u00e9 s\u00fa prvky jarnej sez\u00f3ny v\u202f<a href=\"https:\/\/ccc.eu\/sk\/novinky\/damske\/kolekcia-jar-22\/znacka:lasocki?sort=nowosci_4&amp;page=1\" target=\"_blank\" rel=\"noreferrer noopener\">novej kolekcii Lasocki<\/a>.&nbsp;&nbsp;<\/p>\n\n\n\n<figure class=\"wp-block-gallery has-nested-images columns-default is-cropped wp-block-gallery-1 is-layout-flex wp-block-gallery-is-layout-flex\">\n<figure class=\"wp-block-image size-large\"><img loading=\"lazy\" decoding=\"async\" width=\"1020\" height=\"771\" data-id=\"4967\" src=\"https:\/\/blog.ccc.eu\/sk\/wp-content\/uploads\/2022\/03\/CCC_Lasocki_021.jpg\" alt=\"\" class=\"wp-image-4967\" srcset=\"https:\/\/blog.ccc.eu\/sk\/wp-content\/uploads\/2022\/03\/CCC_Lasocki_021.jpg 1020w, https:\/\/blog.ccc.eu\/sk\/wp-content\/uploads\/2022\/03\/CCC_Lasocki_021-300x227.jpg 300w, https:\/\/blog.ccc.eu\/sk\/wp-content\/uploads\/2022\/03\/CCC_Lasocki_021-768x581.jpg 768w, https:\/\/blog.ccc.eu\/sk\/wp-content\/uploads\/2022\/03\/CCC_Lasocki_021-100x76.jpg 100w\" sizes=\"auto, (max-width: 1020px) 100vw, 1020px\" \/><\/figure>\n<\/figure>\n\n\n\n<p>\u010c\u00edm \u010falej, t\u00fdm viac si uvedomujeme silu pr\u00edrody, m\u00e1me k nej v\u00e4\u010d\u0161\u00ed re\u0161pekt a pochopili sme, \u017ee sme jej priamou s\u00fa\u010das\u0165ou. V\u00fdberom kabeliek, ktor\u00e9 maj\u00fa v\u010faka prvotriednemu prevedeniu a\u202fprec\u00edznemu spracovaniu <strong>dlh\u00fa \u017eivotnos\u0165, samy prispievate k\u202fspomaleniu m\u00f3dneho priemyslu<\/strong>. Vneste k\u00fasky, ktor\u00e9 s\u00fa IN aj do v\u00e1\u0161ho \u0161atn\u00edka! V\u010faka jarnej kolekcii Lasocki v\u202fspolupr\u00e1ci s CCC si m\u00f4\u017eete dopria\u0165 trendy k\u00fasky svetovej kvality za prijate\u013en\u00e9 ceny. <strong>Kabelky, poltop\u00e1nky alebo lodi\u010dky<\/strong>? Zaobstarajte si m\u00f3dne hity z\u202fdielne CCC &amp; Lasocki a\u202fovl\u00e1dnite v\u0161etky ulice!&nbsp;<\/p>\n\n\n\n<h2 class=\"wp-block-heading\"><strong>Kabelka \u2013 kr\u00e1\u013eovn\u00e1 ka\u017ed\u00e9ho outfitu<\/strong>&nbsp;<\/h2>\n\n\n\n<shortcode prop-category=\"D\u00e1msk\u00e9 kabelky\" prop-gender=\"D\u00e1mske\" prop-manufacturer=\"Lasocki\" prop-load-num=\"6\" prop-display-num=\"4\" prop-sku=\"5904248434670, 5904248434779, 5904248429393, 5904248271930, 5904248429690, 5904248429720&nbsp;\" prop-view=\"slider\"><\/shortcode>        <div\r\n            class=\"eob-pf-shortcode\"\r\n            id=\"eobpf69f4112779a68\"\r\n        >\r\n            <shortcode prop-category=\"D\u00e1msk\u00e9 kabelky\" prop-gender=\"D\u00e1mske\" prop-manufacturer=\"Lasocki\" prop-load-num=\"6\" prop-display-num=\"4\" prop-sku=\"5904248434670, 5904248434779, 5904248429393, 5904248271930, 5904248429690, 5904248429720&nbsp;\" prop-view=\"slider\"><\/shortcode>        <\/div>\r\n\t\t<script>\r\n\t\t\tjQuery(document).ready(() => {\r\n\t\t\t    const root = document.getElementById('eobpf69f4112779a68');\r\n                Vue.createApp({\r\n\t                components: {\r\n\t                    shortcode\r\n\t                }\r\n                }).mount(root);\r\n\t\t\t});\r\n\t\t<\/script>\r\n\t\t\r\n\t\t\n\n\n\n<p><\/p>\n\n\n\n<p>N\u00e1m \u017een\u00e1m ve\u013eakr\u00e1t urob\u00ed rados\u0165 doplnok v\u202fpodobe kabelky viac, ne\u017e samotn\u00fd odev. Schv\u00e1lne, priznajte d\u00e1my, ko\u013eko sa ich ukr\u00fdva vo va\u0161ej garder\u00f3be? Ak sa v\u00e1m za\u017eiadalo nov\u00e9ho k\u00fasku aj t\u00fato jar, urobte si rados\u0165 <strong>\u0161t\u00fdlovou kabelkou a nechajte sa in\u0161pirova\u0165 aktu\u00e1lnymi trendmi<\/strong>. \u010ci u\u017e m\u00e1te rady decentn\u00e9 <strong>b\u00e9\u017eov\u00e9 t\u00f3ny alebo romantick\u00fd pastel, pr\u00edpadne vol\u00edte v\u017edy klasick\u00fa \u010diernu, <\/strong><a href=\"https:\/\/ccc.eu\/sk\/novinky\/damske\/kolekcia-jar-22\/kategorie:kabelka\/znacka:lasocki?sort=nowosci_4\" target=\"_blank\" rel=\"noreferrer noopener\"><strong>kabelky Lasocki<\/strong><\/a><strong> sa pri va\u0161ich outfitoch bud\u00fa vyn\u00edma\u0165<\/strong> v akomko\u013evek dizajne. Maj\u00fa toti\u017e \u201e\u010darovn\u00fa\u201c moc pod\u010diarknu\u0165 aj nen\u00e1padn\u00e9 oble\u010denie a roz\u017eiari\u0165 v\u00e1\u0161 jarn\u00fd \u0161atn\u00edk. Svoje neodmyslite\u013en\u00e9 miesto by mala ma\u0165 vo va\u0161ej jarnej v\u00fdbave ve\u013ek\u00e1 kabelka, do ktorej sa v\u00e1m zmest\u00ed ove\u013ea viac ako len telef\u00f3n a\u202fk\u013e\u00fa\u010de. Tieto ve\u013ekoryso rie\u0161en\u00e9 k\u00fasky sa v\u00e1m z\u00eddu najm\u00e4 v\u202ft\u00fdch d\u0148och, kedy si neviete pom\u00f4c\u0165 a potrebujete so sebou odnies\u0165 viac vec\u00ed. Kabelky v \u0161t\u00fdle \u201eshopper\u201c bud\u00fa praktick\u00fdm pomocn\u00edkom pri n\u00e1kupe potrav\u00edn alebo po\u010das dn\u00ed, kedy z\u202fpr\u00e1ce nesiete d\u00f4le\u017eit\u00e9 dokumenty alebo in\u00e9 nevyhnutnosti.\u00a0\u00a0<\/p>\n\n\n\n<figure class=\"wp-block-gallery has-nested-images columns-default is-cropped wp-block-gallery-2 is-layout-flex wp-block-gallery-is-layout-flex\">\n<figure class=\"wp-block-image size-large\"><img loading=\"lazy\" decoding=\"async\" width=\"1024\" height=\"683\" data-id=\"4968\" src=\"https:\/\/blog.ccc.eu\/sk\/wp-content\/uploads\/2022\/03\/CCC_Lasocki_001-1-1024x683.jpg\" alt=\"\" class=\"wp-image-4968\" srcset=\"https:\/\/blog.ccc.eu\/sk\/wp-content\/uploads\/2022\/03\/CCC_Lasocki_001-1-1024x683.jpg 1024w, https:\/\/blog.ccc.eu\/sk\/wp-content\/uploads\/2022\/03\/CCC_Lasocki_001-1-300x200.jpg 300w, https:\/\/blog.ccc.eu\/sk\/wp-content\/uploads\/2022\/03\/CCC_Lasocki_001-1-768x512.jpg 768w, https:\/\/blog.ccc.eu\/sk\/wp-content\/uploads\/2022\/03\/CCC_Lasocki_001-1-1536x1024.jpg 1536w, https:\/\/blog.ccc.eu\/sk\/wp-content\/uploads\/2022\/03\/CCC_Lasocki_001-1-100x67.jpg 100w, https:\/\/blog.ccc.eu\/sk\/wp-content\/uploads\/2022\/03\/CCC_Lasocki_001-1.jpg 2040w\" sizes=\"auto, (max-width: 1024px) 100vw, 1024px\" \/><\/figure>\n<\/figure>\n\n\n\n<p><\/p>\n\n\n\n<p>Pokia\u013e nedb\u00e1te pr\u00edli\u0161 na praktickos\u0165, ako sk\u00f4r na to, aby ste boli \u201ein\u201c, pr\u00e1ve pre v\u00e1s s\u00fa ur\u010den\u00e9 <strong>kabelky na retiazku<\/strong>, ktor\u00e9 s\u00edce nepon\u00fakaj\u00fa to\u013eko miesta, av\u0161ak, s\u00fa <strong>mimoriadne efektn\u00e9 a\u202fna svetov\u00fdch t\u00fd\u017ed\u0148och m\u00f3dy ovl\u00e1dli predv\u00e1dzacie m\u00f3la!<\/strong> M\u00f4\u017eete sa spo\u013eahn\u00fa\u0165, \u017ee typicky \u017eensk\u00e9 veci ako r\u00fa\u017e, p\u00fader, kartu\u202f\u010di k\u013e\u00fa\u010de, dok\u00e1\u017eu schova\u0165 bez ak\u00fdchko\u013evek probl\u00e9mov. V\u010faka tomuto typu kabelky m\u00e1te v\u017edy vo\u013en\u00e9 ruky, dok\u00e1\u017eete ju nosi\u0165 cez rameno v\u010faka dlhej retiazke. V\u00e4\u010d\u0161\u00ed rozmer \u201en\u00e1kupn\u00fdch\u201c ta\u0161iek kompenzuj\u00fa men\u0161ie kabelky, ktor\u00e9 pon\u00fakaj\u00fa m\u00e4kk\u00fd materi\u00e1l, zauj\u00edmav\u00e9 prevedenie, magnetick\u00e9 zap\u00ednanie a\u202fzipsy. <strong>V\u202fkolekcii kabeliek CCC n\u00e1jdete aj kabelky v\u202fstrednej ve\u013ekosti<\/strong>, ktor\u00e9 s\u00fa skvel\u00fdm kompromisom medzi ve\u013ekou a\u202fpr\u00edli\u0161 malou kabelkou.\u00a0\u00a0<\/p>\n\n\n\n<h2 class=\"wp-block-heading\"><strong>Top\u00e1nky Lasocki pre v\u00e1\u0161 \u201espr\u00e1vny krok\u201c<\/strong>&nbsp;<\/h2>\n\n\n<shortcode prop-category=\"Poltop\u00e1nky\" prop-gender=\"D\u00e1mske\" prop-manufacturer=\"Lasocki\" prop-load-num=\"6\" prop-display-num=\"4\" prop-sku=\"5904248329884, 5904248404048, 5904248338152, 5904248259167, 5904248359768, 5904248168285 \" prop-view=\"slider\"><\/shortcode>        <div\r\n            class=\"eob-pf-shortcode\"\r\n            id=\"eobpf69f4112779b77\"\r\n        >\r\n            <shortcode prop-category=\"Poltop\u00e1nky\" prop-gender=\"D\u00e1mske\" prop-manufacturer=\"Lasocki\" prop-load-num=\"6\" prop-display-num=\"4\" prop-sku=\"5904248329884, 5904248404048, 5904248338152, 5904248259167, 5904248359768, 5904248168285 \" prop-view=\"slider\"><\/shortcode>        <\/div>\r\n\t\t<script>\r\n\t\t\tjQuery(document).ready(() => {\r\n\t\t\t    const root = document.getElementById('eobpf69f4112779b77');\r\n                Vue.createApp({\r\n\t                components: {\r\n\t                    shortcode\r\n\t                }\r\n                }).mount(root);\r\n\t\t\t});\r\n\t\t<\/script>\r\n\t\t\r\n\t\t\n\n\n\n<p><\/p>\n\n\n\n<p>Ak chcete by\u0165, mil\u00e9 d\u00e1my, t\u00fato sez\u00f3nu neodolate\u013en\u00e9, mali by ste sa obu\u0165 do pr\u00edjemn\u00fdch kr\u00e9mov\u00fdch alebo zemit\u00fdch farieb. <a href=\"https:\/\/ccc.eu\/sk\/novinky\/damske\/kolekcia-jar-22\/kategorie:poltopanka\/znacka:lasocki?sort=nowosci_4\" target=\"_blank\" rel=\"noreferrer noopener\"><strong>Poltop\u00e1nky Lasocki<\/strong><\/a><strong> a mokas\u00edny vo farbe svetlo b\u00e9\u017eovej, modrej, ru\u017eovej a tie\u017e zlatej<\/strong> a striebornej, s\u00fa t\u00fato jar hitom. V\u00fdrazn\u00fdm trendom je aj metalick\u00e1 a perle\u0165ov\u00e1 \u00faprava, ne\u0161liapnete ved\u013ea ani poltop\u00e1nkami v\u202fteniskovom preveden\u00ed, pr\u00edpadne aj samotn\u00fdmi teniskami \u2013 stavte pri nich na nesmrte\u013en\u00fa bielu. <strong>V\u202fkurze s\u00fa aj klasick\u00e9 farby ako je \u010dierna, \u010derven\u00e1 a modr\u00e1<\/strong>. Na v\u00fdrazne krik\u013eav\u00e9 farby v\u0161ak zabudnite, tento rok s\u00fa out. V\u00e1\u0161 jarn\u00fd outfit dopl\u0148te o top\u00e1nky jemn\u00fdch farieb, pr\u00edpadne ich kombin\u00e1cie. <strong>Z\u00e1sahom do \u010dierneho v\u017edy bude napr\u00edklad \u010dierna s bielou<\/strong>, hned\u00e1 s\u202fkr\u00e9movou alebo svetlo ru\u017eov\u00e1 s kontrastnou tmav\u0161ou ru\u017eovou, to plat\u00ed aj <strong>pri <\/strong><a href=\"https:\/\/ccc.eu\/sk\/novinky\/damske\/kolekcia-jar-22\/kategorie:lodicky\/znacka:lasocki?sort=nowosci_4\" target=\"_blank\" rel=\"noreferrer noopener\"><strong>lodi\u010dk\u00e1ch Lasocki<\/strong><\/a>.\u00a0<\/p>\n\n\n\n<shortcode prop-category=\"Poltop\u00e1nky\" prop-gender=\"D\u00e1mske\" prop-sole-type=\"Na podp\u00e4tku\" prop-manufacturer=\"Lasocki\" prop-load-num=\"6\" prop-display-num=\"4\" prop-sku=\"5904248372309, 5904248272456, 5904248390037, 5904248528218, 5904248358631, 5904248281809&nbsp;\" prop-view=\"slider\"><\/shortcode>        <div\r\n            class=\"eob-pf-shortcode\"\r\n            id=\"eobpf69f4112779bb2\"\r\n        >\r\n            <shortcode prop-category=\"Poltop\u00e1nky\" prop-gender=\"D\u00e1mske\" prop-sole-type=\"Na podp\u00e4tku\" prop-manufacturer=\"Lasocki\" prop-load-num=\"6\" prop-display-num=\"4\" prop-sku=\"5904248372309, 5904248272456, 5904248390037, 5904248528218, 5904248358631, 5904248281809&nbsp;\" prop-view=\"slider\"><\/shortcode>        <\/div>\r\n\t\t<script>\r\n\t\t\tjQuery(document).ready(() => {\r\n\t\t\t    const root = document.getElementById('eobpf69f4112779bb2');\r\n                Vue.createApp({\r\n\t                components: {\r\n\t                    shortcode\r\n\t                }\r\n                }).mount(root);\r\n\t\t\t});\r\n\t\t<\/script>\r\n\t\t\r\n\t\t\n\n\n\n<p><\/p>\n\n\n\n<h2 class=\"wp-block-heading\"><strong>Tepl\u00e9 dni praj\u00fa \u201eotvorenej\u201c klasike<\/strong>\u00a0<\/h2>\n\n\n\n<p>Ke\u010f sa ortu\u0165 teplomera za\u010d\u00edna \u0161plha\u0165 vy\u0161\u0161ie, viete si predstavi\u0165 nie\u010do in\u00e9 ako \u201eotvoren\u00e9\u201c top\u00e1nky? <a href=\"https:\/\/ccc.eu\/sk\/novinky\/damske\/kolekcia-jar-22\/kategorie:slapky\/znacka:lasocki?sort=nowosci_4\" target=\"_blank\" rel=\"noreferrer noopener\"><strong>\u0160\u013eapky Lasocki<\/strong><\/a><strong> s\u00fa st\u00e1vkou na istotu. <\/strong>Podp\u00e4tok vo v\u00fd\u0161ke, ktor\u00e1 praje pohodlnej ch\u00f4dzi, je t\u00fdm prav\u00fdm orechov\u00fdm v\u202fdne\u0161nej upon\u00e1h\u013eanej dobe, kedy sa premiest\u0148ujeme doslova ako \u0161ibnut\u00edm \u010darovn\u00e9ho pr\u00fatika z\u202fmiesta na miesto. Vyberte si \u0161\u013eapky, ktor\u00e9 v\u00e1m do\u017ei\u010dia pohodlie i\u202f\u0161t\u00fdl! <strong>V\u202f<\/strong><a href=\"https:\/\/ccc.eu\/sk\/novinky\/damske\/kolekcia-jar-22\/znacka:lasocki?sort=nowosci_4&amp;page=1\" target=\"_blank\" rel=\"noreferrer noopener\"><strong>novej kolekcii Lasocki<\/strong><\/a><strong> n\u00e1jdete prepracovan\u00e9 k\u00fasky, ktor\u00e9 si zamiluj\u00fa v\u0161etky milovn\u00ed\u010dky m\u00f3dnej klasiky<\/strong>. Nech\u00fdba ko\u017ea, platforma, op\u00e4tok i\u202fhladk\u00e1 podr\u00e1\u017eka. Tak \u010do, u\u017e viete, v\u202fktor\u00fdch vykro\u010d\u00edte do jarn\u00fdch dn\u00ed?&nbsp;&nbsp;<\/p>\n","protected":false},"excerpt":{"rendered":"<p>Uk\u00e1\u017eeme v\u00e1m, ak\u00e9 top\u00e1nky a kabelky vznikli v\u010faka spolupr\u00e1ci CCC s\u202fLasocki! Ich jednoduchos\u0165 a\u202f\u0161t\u00fdl si v\u00e1s z\u00edskaj\u00fa na prv\u00fd poh\u013ead. Ktor\u00e9 k\u00fasky by ste si mali uchmatn\u00fa\u0165 t\u00fato sez\u00f3nu? Zbystrite pozornos\u0165.&nbsp; Zam\u00fd\u0161\u013eate sa pr\u00e1ve teraz nad t\u00fdm, ak\u00e9 doplnky si zaobstara\u0165 na tohtoro\u010dn\u00fa jar? M\u00f3dne trendy hovoria jasnou re\u010dou. Dominuj\u00fa kvalitn\u00e9 materi\u00e1ly v\u202fznamen\u00ed udr\u017eate\u013enosti v\u202fkombin\u00e1cii [&hellip;]<\/p>\n","protected":false},"author":15,"featured_media":4967,"comment_status":"open","ping_status":"open","sticky":false,"template":"","format":"standard","meta":{"_acf_changed":false,"footnotes":""},"categories":[432],"tags":[559,660,22,659],"class_list":["post-4966","post","type-post","status-publish","format-standard","has-post-thumbnail","hentry","category-novinky","tag-doplnky","tag-kolekcia-jar-2022","tag-lasocki-2","tag-topanky"],"acf":[],"yoast_head":"<!-- This site is optimized with the Yoast SEO plugin v26.9 - https:\/\/yoast.com\/product\/yoast-seo-wordpress\/ -->\n<title>Nov\u00e1 kolekcia od Lasocki je tu!\u00a0 - blog.ccc.eu\/sk<\/title>\n<meta name=\"description\" content=\"Jednoduchos\u0165 a \u0161t\u00fdl novej kolekcie Lasocki si v\u00e1s z\u00edskaj\u00fa na prv\u00fd poh\u013ead. Ktor\u00e9 k\u00fasky by ste si mali uchmatn\u00fa\u0165 t\u00fato sez\u00f3nu? Zbystrite pozornos\u0165. 2026\" \/>\n<meta name=\"robots\" content=\"index, follow, max-snippet:-1, max-image-preview:large, max-video-preview:-1\" \/>\n<link rel=\"canonical\" href=\"https:\/\/blog.ccc.eu\/sk\/nova-kolekcia-od-lasocki-je-tu\/\" \/>\n<meta property=\"og:locale\" content=\"sk_SK\" \/>\n<meta property=\"og:type\" content=\"article\" \/>\n<meta property=\"og:title\" content=\"Nov\u00e1 kolekcia od Lasocki je tu!\u00a0 - blog.ccc.eu\/sk\" \/>\n<meta property=\"og:description\" content=\"Jednoduchos\u0165 a \u0161t\u00fdl novej kolekcie Lasocki si v\u00e1s z\u00edskaj\u00fa na prv\u00fd poh\u013ead. Ktor\u00e9 k\u00fasky by ste si mali uchmatn\u00fa\u0165 t\u00fato sez\u00f3nu? Zbystrite pozornos\u0165.\" \/>\n<meta property=\"og:url\" content=\"https:\/\/blog.ccc.eu\/sk\/nova-kolekcia-od-lasocki-je-tu\/\" \/>\n<meta property=\"og:site_name\" content=\"blog.ccc.eu\/sk\" \/>\n<meta property=\"article:published_time\" content=\"2022-03-24T09:12:59+00:00\" \/>\n<meta property=\"article:modified_time\" content=\"2023-01-27T09:57:40+00:00\" \/>\n<meta property=\"og:image\" content=\"https:\/\/blog.ccc.eu\/sk\/wp-content\/uploads\/2022\/03\/CCC_Lasocki_021.jpg\" \/>\n\t<meta property=\"og:image:width\" content=\"1020\" \/>\n\t<meta property=\"og:image:height\" content=\"771\" \/>\n\t<meta property=\"og:image:type\" content=\"image\/jpeg\" \/>\n<meta name=\"author\" content=\"Barbora Voln\u00e1\" \/>\n<meta name=\"twitter:card\" content=\"summary_large_image\" \/>\n<meta name=\"twitter:label1\" content=\"Autor\" \/>\n\t<meta name=\"twitter:data1\" content=\"Barbora Voln\u00e1\" \/>\n\t<meta name=\"twitter:label2\" content=\"Predpokladan\u00fd \u010das \u010d\u00edtania\" \/>\n\t<meta name=\"twitter:data2\" content=\"5 min\u00fat\" \/>\n<script type=\"application\/ld+json\" class=\"yoast-schema-graph\">{\"@context\":\"https:\/\/schema.org\",\"@graph\":[{\"@type\":\"Article\",\"@id\":\"https:\/\/blog.ccc.eu\/sk\/nova-kolekcia-od-lasocki-je-tu\/#article\",\"isPartOf\":{\"@id\":\"https:\/\/blog.ccc.eu\/sk\/nova-kolekcia-od-lasocki-je-tu\/\"},\"author\":{\"name\":\"Barbora Voln\u00e1\",\"@id\":\"https:\/\/blog.ccc.eu\/sk\/#\/schema\/person\/68ec00164afac44a148fa05f790da26e\"},\"headline\":\"Nov\u00e1 kolekcia od Lasocki je tu!\u00a0\",\"datePublished\":\"2022-03-24T09:12:59+00:00\",\"dateModified\":\"2023-01-27T09:57:40+00:00\",\"mainEntityOfPage\":{\"@id\":\"https:\/\/blog.ccc.eu\/sk\/nova-kolekcia-od-lasocki-je-tu\/\"},\"wordCount\":949,\"commentCount\":0,\"publisher\":{\"@id\":\"https:\/\/blog.ccc.eu\/sk\/#organization\"},\"image\":{\"@id\":\"https:\/\/blog.ccc.eu\/sk\/nova-kolekcia-od-lasocki-je-tu\/#primaryimage\"},\"thumbnailUrl\":\"https:\/\/blog.ccc.eu\/sk\/wp-content\/uploads\/2022\/03\/CCC_Lasocki_021.jpg\",\"keywords\":[\"doplnky\",\"kolekcia jar 2022\",\"lasocki\",\"top\u00e1nky\"],\"articleSection\":[\"NOVINKY\"],\"inLanguage\":\"sk-SK\",\"potentialAction\":[{\"@type\":\"CommentAction\",\"name\":\"Comment\",\"target\":[\"https:\/\/blog.ccc.eu\/sk\/nova-kolekcia-od-lasocki-je-tu\/#respond\"]}]},{\"@type\":\"WebPage\",\"@id\":\"https:\/\/blog.ccc.eu\/sk\/nova-kolekcia-od-lasocki-je-tu\/\",\"url\":\"https:\/\/blog.ccc.eu\/sk\/nova-kolekcia-od-lasocki-je-tu\/\",\"name\":\"Nov\u00e1 kolekcia od Lasocki je tu!\u00a0 - blog.ccc.eu\/sk\",\"isPartOf\":{\"@id\":\"https:\/\/blog.ccc.eu\/sk\/#website\"},\"primaryImageOfPage\":{\"@id\":\"https:\/\/blog.ccc.eu\/sk\/nova-kolekcia-od-lasocki-je-tu\/#primaryimage\"},\"image\":{\"@id\":\"https:\/\/blog.ccc.eu\/sk\/nova-kolekcia-od-lasocki-je-tu\/#primaryimage\"},\"thumbnailUrl\":\"https:\/\/blog.ccc.eu\/sk\/wp-content\/uploads\/2022\/03\/CCC_Lasocki_021.jpg\",\"datePublished\":\"2022-03-24T09:12:59+00:00\",\"dateModified\":\"2023-01-27T09:57:40+00:00\",\"description\":\"Jednoduchos\u0165 a \u0161t\u00fdl novej kolekcie Lasocki si v\u00e1s z\u00edskaj\u00fa na prv\u00fd poh\u013ead. Ktor\u00e9 k\u00fasky by ste si mali uchmatn\u00fa\u0165 t\u00fato sez\u00f3nu? Zbystrite pozornos\u0165.\",\"breadcrumb\":{\"@id\":\"https:\/\/blog.ccc.eu\/sk\/nova-kolekcia-od-lasocki-je-tu\/#breadcrumb\"},\"inLanguage\":\"sk-SK\",\"potentialAction\":[{\"@type\":\"ReadAction\",\"target\":[\"https:\/\/blog.ccc.eu\/sk\/nova-kolekcia-od-lasocki-je-tu\/\"]}]},{\"@type\":\"ImageObject\",\"inLanguage\":\"sk-SK\",\"@id\":\"https:\/\/blog.ccc.eu\/sk\/nova-kolekcia-od-lasocki-je-tu\/#primaryimage\",\"url\":\"https:\/\/blog.ccc.eu\/sk\/wp-content\/uploads\/2022\/03\/CCC_Lasocki_021.jpg\",\"contentUrl\":\"https:\/\/blog.ccc.eu\/sk\/wp-content\/uploads\/2022\/03\/CCC_Lasocki_021.jpg\",\"width\":1020,\"height\":771,\"caption\":\"kabelky\"},{\"@type\":\"BreadcrumbList\",\"@id\":\"https:\/\/blog.ccc.eu\/sk\/nova-kolekcia-od-lasocki-je-tu\/#breadcrumb\",\"itemListElement\":[{\"@type\":\"ListItem\",\"position\":1,\"name\":\"Strona g\u0142\u00f3wna\",\"item\":\"https:\/\/blog.ccc.eu\/sk\/\"},{\"@type\":\"ListItem\",\"position\":2,\"name\":\"Nov\u00e1 kolekcia od Lasocki je tu!\u00a0\"}]},{\"@type\":\"WebSite\",\"@id\":\"https:\/\/blog.ccc.eu\/sk\/#website\",\"url\":\"https:\/\/blog.ccc.eu\/sk\/\",\"name\":\"blog.ccc.eu\/sk\",\"description\":\"Va\u0161e miesto pln\u00e9 m\u00f3dnych in\u0161pir\u00e1ci\u00ed\",\"publisher\":{\"@id\":\"https:\/\/blog.ccc.eu\/sk\/#organization\"},\"potentialAction\":[{\"@type\":\"SearchAction\",\"target\":{\"@type\":\"EntryPoint\",\"urlTemplate\":\"https:\/\/blog.ccc.eu\/sk\/?s={search_term_string}\"},\"query-input\":{\"@type\":\"PropertyValueSpecification\",\"valueRequired\":true,\"valueName\":\"search_term_string\"}}],\"inLanguage\":\"sk-SK\"},{\"@type\":\"Organization\",\"@id\":\"https:\/\/blog.ccc.eu\/sk\/#organization\",\"name\":\"CCC S.A.\",\"url\":\"https:\/\/blog.ccc.eu\/sk\/\",\"logo\":{\"@type\":\"ImageObject\",\"inLanguage\":\"sk-SK\",\"@id\":\"https:\/\/blog.ccc.eu\/sk\/#\/schema\/logo\/image\/\",\"url\":\"https:\/\/blog.ccc.eu\/sk\/wp-content\/uploads\/2021\/11\/logo_ccc.png\",\"contentUrl\":\"https:\/\/blog.ccc.eu\/sk\/wp-content\/uploads\/2021\/11\/logo_ccc.png\",\"width\":730,\"height\":270,\"caption\":\"CCC S.A.\"},\"image\":{\"@id\":\"https:\/\/blog.ccc.eu\/sk\/#\/schema\/logo\/image\/\"}},{\"@type\":\"Person\",\"@id\":\"https:\/\/blog.ccc.eu\/sk\/#\/schema\/person\/68ec00164afac44a148fa05f790da26e\",\"name\":\"Barbora Voln\u00e1\",\"image\":{\"@type\":\"ImageObject\",\"inLanguage\":\"sk-SK\",\"@id\":\"https:\/\/blog.ccc.eu\/sk\/#\/schema\/person\/image\/\",\"url\":\"https:\/\/blog.ccc.eu\/sk\/wp-content\/uploads\/2022\/02\/bibi-final-Cropped-100x100.jpg\",\"contentUrl\":\"https:\/\/blog.ccc.eu\/sk\/wp-content\/uploads\/2022\/02\/bibi-final-Cropped-100x100.jpg\",\"caption\":\"Barbora Voln\u00e1\"},\"description\":\"B\u00fdval\u00e1 \u0161\u00e9fredaktorka \u017eensk\u00e9ho magaz\u00ednu sa moment\u00e1lne venuje copywritingu, ktor\u00fd jej poskytuje \u0161irok\u00e9 pole p\u00f4sobnosti a slobodu slova. Napriek tomu, \u017ee m\u00e1 vy\u0161tudovan\u00fa environmentalistiku, tvorila u\u017e po\u010das strednej \u0161koly a nesk\u00f4r po\u010das vysokej \u0161koly prispievala \u010dl\u00e1nkami do mnoh\u00fdch \u017eensk\u00fdch magaz\u00ednov. Ak pr\u00e1ve nep\u00ed\u0161e, venuje v\u0161etok vo\u013en\u00fd \u010das rodine. Bl\u00edzko m\u00e1 najm\u00e4 k textom o kr\u00e1se, dom\u00e1cnosti, vz\u0165ahoch a zdravom \u017eivotnom \u0161t\u00fdle, porad\u00ed si v\u0161ak aj s technick\u00fdmi term\u00ednmi a ekonomickou problematikou.\",\"url\":\"https:\/\/blog.ccc.eu\/sk\/author\/ariel-zagorski\/\"}]}<\/script>\n<!-- \/ Yoast SEO plugin. -->","yoast_head_json":{"title":"Nov\u00e1 kolekcia od Lasocki je tu!\u00a0 - blog.ccc.eu\/sk","description":"Jednoduchos\u0165 a \u0161t\u00fdl novej kolekcie Lasocki si v\u00e1s z\u00edskaj\u00fa na prv\u00fd poh\u013ead. Ktor\u00e9 k\u00fasky by ste si mali uchmatn\u00fa\u0165 t\u00fato sez\u00f3nu? Zbystrite pozornos\u0165. 2026","robots":{"index":"index","follow":"follow","max-snippet":"max-snippet:-1","max-image-preview":"max-image-preview:large","max-video-preview":"max-video-preview:-1"},"canonical":"https:\/\/blog.ccc.eu\/sk\/nova-kolekcia-od-lasocki-je-tu\/","og_locale":"sk_SK","og_type":"article","og_title":"Nov\u00e1 kolekcia od Lasocki je tu!\u00a0 - blog.ccc.eu\/sk","og_description":"Jednoduchos\u0165 a \u0161t\u00fdl novej kolekcie Lasocki si v\u00e1s z\u00edskaj\u00fa na prv\u00fd poh\u013ead. Ktor\u00e9 k\u00fasky by ste si mali uchmatn\u00fa\u0165 t\u00fato sez\u00f3nu? Zbystrite pozornos\u0165.","og_url":"https:\/\/blog.ccc.eu\/sk\/nova-kolekcia-od-lasocki-je-tu\/","og_site_name":"blog.ccc.eu\/sk","article_published_time":"2022-03-24T09:12:59+00:00","article_modified_time":"2023-01-27T09:57:40+00:00","og_image":[{"width":1020,"height":771,"url":"https:\/\/blog.ccc.eu\/sk\/wp-content\/uploads\/2022\/03\/CCC_Lasocki_021.jpg","type":"image\/jpeg"}],"author":"Barbora Voln\u00e1","twitter_card":"summary_large_image","twitter_misc":{"Autor":"Barbora Voln\u00e1","Predpokladan\u00fd \u010das \u010d\u00edtania":"5 min\u00fat"},"schema":{"@context":"https:\/\/schema.org","@graph":[{"@type":"Article","@id":"https:\/\/blog.ccc.eu\/sk\/nova-kolekcia-od-lasocki-je-tu\/#article","isPartOf":{"@id":"https:\/\/blog.ccc.eu\/sk\/nova-kolekcia-od-lasocki-je-tu\/"},"author":{"name":"Barbora Voln\u00e1","@id":"https:\/\/blog.ccc.eu\/sk\/#\/schema\/person\/68ec00164afac44a148fa05f790da26e"},"headline":"Nov\u00e1 kolekcia od Lasocki je tu!\u00a0","datePublished":"2022-03-24T09:12:59+00:00","dateModified":"2023-01-27T09:57:40+00:00","mainEntityOfPage":{"@id":"https:\/\/blog.ccc.eu\/sk\/nova-kolekcia-od-lasocki-je-tu\/"},"wordCount":949,"commentCount":0,"publisher":{"@id":"https:\/\/blog.ccc.eu\/sk\/#organization"},"image":{"@id":"https:\/\/blog.ccc.eu\/sk\/nova-kolekcia-od-lasocki-je-tu\/#primaryimage"},"thumbnailUrl":"https:\/\/blog.ccc.eu\/sk\/wp-content\/uploads\/2022\/03\/CCC_Lasocki_021.jpg","keywords":["doplnky","kolekcia jar 2022","lasocki","top\u00e1nky"],"articleSection":["NOVINKY"],"inLanguage":"sk-SK","potentialAction":[{"@type":"CommentAction","name":"Comment","target":["https:\/\/blog.ccc.eu\/sk\/nova-kolekcia-od-lasocki-je-tu\/#respond"]}]},{"@type":"WebPage","@id":"https:\/\/blog.ccc.eu\/sk\/nova-kolekcia-od-lasocki-je-tu\/","url":"https:\/\/blog.ccc.eu\/sk\/nova-kolekcia-od-lasocki-je-tu\/","name":"Nov\u00e1 kolekcia od Lasocki je tu!\u00a0 - blog.ccc.eu\/sk","isPartOf":{"@id":"https:\/\/blog.ccc.eu\/sk\/#website"},"primaryImageOfPage":{"@id":"https:\/\/blog.ccc.eu\/sk\/nova-kolekcia-od-lasocki-je-tu\/#primaryimage"},"image":{"@id":"https:\/\/blog.ccc.eu\/sk\/nova-kolekcia-od-lasocki-je-tu\/#primaryimage"},"thumbnailUrl":"https:\/\/blog.ccc.eu\/sk\/wp-content\/uploads\/2022\/03\/CCC_Lasocki_021.jpg","datePublished":"2022-03-24T09:12:59+00:00","dateModified":"2023-01-27T09:57:40+00:00","description":"Jednoduchos\u0165 a \u0161t\u00fdl novej kolekcie Lasocki si v\u00e1s z\u00edskaj\u00fa na prv\u00fd poh\u013ead. Ktor\u00e9 k\u00fasky by ste si mali uchmatn\u00fa\u0165 t\u00fato sez\u00f3nu? Zbystrite pozornos\u0165.","breadcrumb":{"@id":"https:\/\/blog.ccc.eu\/sk\/nova-kolekcia-od-lasocki-je-tu\/#breadcrumb"},"inLanguage":"sk-SK","potentialAction":[{"@type":"ReadAction","target":["https:\/\/blog.ccc.eu\/sk\/nova-kolekcia-od-lasocki-je-tu\/"]}]},{"@type":"ImageObject","inLanguage":"sk-SK","@id":"https:\/\/blog.ccc.eu\/sk\/nova-kolekcia-od-lasocki-je-tu\/#primaryimage","url":"https:\/\/blog.ccc.eu\/sk\/wp-content\/uploads\/2022\/03\/CCC_Lasocki_021.jpg","contentUrl":"https:\/\/blog.ccc.eu\/sk\/wp-content\/uploads\/2022\/03\/CCC_Lasocki_021.jpg","width":1020,"height":771,"caption":"kabelky"},{"@type":"BreadcrumbList","@id":"https:\/\/blog.ccc.eu\/sk\/nova-kolekcia-od-lasocki-je-tu\/#breadcrumb","itemListElement":[{"@type":"ListItem","position":1,"name":"Strona g\u0142\u00f3wna","item":"https:\/\/blog.ccc.eu\/sk\/"},{"@type":"ListItem","position":2,"name":"Nov\u00e1 kolekcia od Lasocki je tu!\u00a0"}]},{"@type":"WebSite","@id":"https:\/\/blog.ccc.eu\/sk\/#website","url":"https:\/\/blog.ccc.eu\/sk\/","name":"blog.ccc.eu\/sk","description":"Va\u0161e miesto pln\u00e9 m\u00f3dnych in\u0161pir\u00e1ci\u00ed","publisher":{"@id":"https:\/\/blog.ccc.eu\/sk\/#organization"},"potentialAction":[{"@type":"SearchAction","target":{"@type":"EntryPoint","urlTemplate":"https:\/\/blog.ccc.eu\/sk\/?s={search_term_string}"},"query-input":{"@type":"PropertyValueSpecification","valueRequired":true,"valueName":"search_term_string"}}],"inLanguage":"sk-SK"},{"@type":"Organization","@id":"https:\/\/blog.ccc.eu\/sk\/#organization","name":"CCC S.A.","url":"https:\/\/blog.ccc.eu\/sk\/","logo":{"@type":"ImageObject","inLanguage":"sk-SK","@id":"https:\/\/blog.ccc.eu\/sk\/#\/schema\/logo\/image\/","url":"https:\/\/blog.ccc.eu\/sk\/wp-content\/uploads\/2021\/11\/logo_ccc.png","contentUrl":"https:\/\/blog.ccc.eu\/sk\/wp-content\/uploads\/2021\/11\/logo_ccc.png","width":730,"height":270,"caption":"CCC S.A."},"image":{"@id":"https:\/\/blog.ccc.eu\/sk\/#\/schema\/logo\/image\/"}},{"@type":"Person","@id":"https:\/\/blog.ccc.eu\/sk\/#\/schema\/person\/68ec00164afac44a148fa05f790da26e","name":"Barbora Voln\u00e1","image":{"@type":"ImageObject","inLanguage":"sk-SK","@id":"https:\/\/blog.ccc.eu\/sk\/#\/schema\/person\/image\/","url":"https:\/\/blog.ccc.eu\/sk\/wp-content\/uploads\/2022\/02\/bibi-final-Cropped-100x100.jpg","contentUrl":"https:\/\/blog.ccc.eu\/sk\/wp-content\/uploads\/2022\/02\/bibi-final-Cropped-100x100.jpg","caption":"Barbora Voln\u00e1"},"description":"B\u00fdval\u00e1 \u0161\u00e9fredaktorka \u017eensk\u00e9ho magaz\u00ednu sa moment\u00e1lne venuje copywritingu, ktor\u00fd jej poskytuje \u0161irok\u00e9 pole p\u00f4sobnosti a slobodu slova. Napriek tomu, \u017ee m\u00e1 vy\u0161tudovan\u00fa environmentalistiku, tvorila u\u017e po\u010das strednej \u0161koly a nesk\u00f4r po\u010das vysokej \u0161koly prispievala \u010dl\u00e1nkami do mnoh\u00fdch \u017eensk\u00fdch magaz\u00ednov. Ak pr\u00e1ve nep\u00ed\u0161e, venuje v\u0161etok vo\u013en\u00fd \u010das rodine. Bl\u00edzko m\u00e1 najm\u00e4 k textom o kr\u00e1se, dom\u00e1cnosti, vz\u0165ahoch a zdravom \u017eivotnom \u0161t\u00fdle, porad\u00ed si v\u0161ak aj s technick\u00fdmi term\u00ednmi a ekonomickou problematikou.","url":"https:\/\/blog.ccc.eu\/sk\/author\/ariel-zagorski\/"}]}},"_links":{"self":[{"href":"https:\/\/blog.ccc.eu\/sk\/wp-json\/wp\/v2\/posts\/4966","targetHints":{"allow":["GET"]}}],"collection":[{"href":"https:\/\/blog.ccc.eu\/sk\/wp-json\/wp\/v2\/posts"}],"about":[{"href":"https:\/\/blog.ccc.eu\/sk\/wp-json\/wp\/v2\/types\/post"}],"author":[{"embeddable":true,"href":"https:\/\/blog.ccc.eu\/sk\/wp-json\/wp\/v2\/users\/15"}],"replies":[{"embeddable":true,"href":"https:\/\/blog.ccc.eu\/sk\/wp-json\/wp\/v2\/comments?post=4966"}],"version-history":[{"count":3,"href":"https:\/\/blog.ccc.eu\/sk\/wp-json\/wp\/v2\/posts\/4966\/revisions"}],"predecessor-version":[{"id":6108,"href":"https:\/\/blog.ccc.eu\/sk\/wp-json\/wp\/v2\/posts\/4966\/revisions\/6108"}],"wp:featuredmedia":[{"embeddable":true,"href":"https:\/\/blog.ccc.eu\/sk\/wp-json\/wp\/v2\/media\/4967"}],"wp:attachment":[{"href":"https:\/\/blog.ccc.eu\/sk\/wp-json\/wp\/v2\/media?parent=4966"}],"wp:term":[{"taxonomy":"category","embeddable":true,"href":"https:\/\/blog.ccc.eu\/sk\/wp-json\/wp\/v2\/categories?post=4966"},{"taxonomy":"post_tag","embeddable":true,"href":"https:\/\/blog.ccc.eu\/sk\/wp-json\/wp\/v2\/tags?post=4966"}],"curies":[{"name":"wp","href":"https:\/\/api.w.org\/{rel}","templated":true}]}}