{"id":5024,"date":"2022-05-04T10:52:03","date_gmt":"2022-05-04T08:52:03","guid":{"rendered":"https:\/\/blog.ccc.eu\/sk\/?p=5024"},"modified":"2023-01-27T10:48:53","modified_gmt":"2023-01-27T09:48:53","slug":"chyba-vam-v-skrini-kvalitna-kozena-kabelka-inspirujte-sa-nasim-vyberom","status":"publish","type":"post","link":"https:\/\/blog.ccc.eu\/sk\/chyba-vam-v-skrini-kvalitna-kozena-kabelka-inspirujte-sa-nasim-vyberom\/","title":{"rendered":"Ch\u00fdba v\u00e1m v skrini kvalitn\u00e1 ko\u017een\u00e1 kabelka? In\u0161pirujte sa na\u0161\u00edm v\u00fdberom\u00a0"},"content":{"rendered":"\n<p><b>Pre\u010do by ste mali vyhadzova\u0165 peniaze za mno\u017estvo nekvalitn\u00fdch kabeliek, ktor\u00e9 sa po nieko\u013ek\u00fdch pou\u017eitiach o\u0161\u00fachaj\u00fa, po\u0161kodia a bud\u00fa akur\u00e1t tak s\u00face na vyhodenie, ke\u010f m\u00f4\u017eete investova\u0165 do jednej poriadnej? V tomto \u010dl\u00e1nku si povieme viac o tom, pre\u010do by mala by\u0165 ko\u017een\u00e1 kabelka s\u00fa\u010das\u0165ou v\u00e1\u0161ho \u0161atn\u00edka.&nbsp;<\/b>&nbsp;<\/p>\n\n\n\n<figure class=\"wp-block-gallery has-nested-images columns-default is-cropped wp-block-gallery-1 is-layout-flex wp-block-gallery-is-layout-flex\">\n<figure class=\"wp-block-image size-large\"><img loading=\"lazy\" decoding=\"async\" width=\"683\" height=\"1024\" data-id=\"5028\" src=\"https:\/\/blog.ccc.eu\/sk\/wp-content\/uploads\/2022\/05\/CCC_5904248040741_02M-683x1024.jpg\" alt=\"\" class=\"wp-image-5028\" srcset=\"https:\/\/blog.ccc.eu\/sk\/wp-content\/uploads\/2022\/05\/CCC_5904248040741_02M-683x1024.jpg 683w, https:\/\/blog.ccc.eu\/sk\/wp-content\/uploads\/2022\/05\/CCC_5904248040741_02M-200x300.jpg 200w, https:\/\/blog.ccc.eu\/sk\/wp-content\/uploads\/2022\/05\/CCC_5904248040741_02M-768x1152.jpg 768w, https:\/\/blog.ccc.eu\/sk\/wp-content\/uploads\/2022\/05\/CCC_5904248040741_02M-100x150.jpg 100w, https:\/\/blog.ccc.eu\/sk\/wp-content\/uploads\/2022\/05\/CCC_5904248040741_02M.jpg 876w\" sizes=\"auto, (max-width: 683px) 100vw, 683px\" \/><\/figure>\n\n\n\n<figure class=\"wp-block-image size-large\"><img loading=\"lazy\" decoding=\"async\" width=\"683\" height=\"1024\" data-id=\"5029\" src=\"https:\/\/blog.ccc.eu\/sk\/wp-content\/uploads\/2022\/05\/CCC_5904248095857_02M-1-683x1024.jpg\" alt=\"\" class=\"wp-image-5029\" srcset=\"https:\/\/blog.ccc.eu\/sk\/wp-content\/uploads\/2022\/05\/CCC_5904248095857_02M-1-683x1024.jpg 683w, https:\/\/blog.ccc.eu\/sk\/wp-content\/uploads\/2022\/05\/CCC_5904248095857_02M-1-200x300.jpg 200w, https:\/\/blog.ccc.eu\/sk\/wp-content\/uploads\/2022\/05\/CCC_5904248095857_02M-1-768x1152.jpg 768w, https:\/\/blog.ccc.eu\/sk\/wp-content\/uploads\/2022\/05\/CCC_5904248095857_02M-1-100x150.jpg 100w, https:\/\/blog.ccc.eu\/sk\/wp-content\/uploads\/2022\/05\/CCC_5904248095857_02M-1.jpg 876w\" sizes=\"auto, (max-width: 683px) 100vw, 683px\" \/><\/figure>\n<\/figure>\n\n\n\n<h2 class=\"wp-block-heading\"><strong>Invest\u00edcia, ktor\u00e1 vydr\u017e\u00ed nieko\u013eko desiatok rokov<\/strong>&nbsp;<\/h2>\n\n\n\n<p><a href=\"https:\/\/ccc.eu\/sk\/kabelky\/damske-kabelky\/kozene-kabelky\" target=\"_blank\" rel=\"noreferrer noopener\">Ko\u017een\u00e9 kabelky<\/a> sa vyzna\u010duj\u00fa <strong>eleganciou, \u0161pi\u010dkov\u00fdm spracovan\u00edm, nad\u010dasov\u00fdm dizajnom<\/strong> a <strong>excelentnou kvalitou<\/strong>. A to je to, \u010do \u017eeny v\u00e4\u010d\u0161inou vy\u017eaduj\u00fa od kabeliek. \u010co z toho, \u017ee je va\u0161a skri\u0148a pln\u00e1 tak\u00fdch, na ktor\u00fdch sa za kr\u00e1tky \u010das pretrhn\u00fa retiazky, natrh\u00fa p\u00fatka, poprask\u00e1 vonkaj\u0161\u00ed materi\u00e1l, pr\u00edpadne sa ned\u00e1 vy\u010disti\u0165? Potom u\u017e len z\u00fafalo p\u00ed\u0161ete kamar\u00e1tke, \u010di v\u00e1m m\u00f4\u017ee na d\u00f4le\u017eit\u00e9 stretnutie po\u017ei\u010da\u0165 t\u00fa svoju.&nbsp;&nbsp;<\/p>\n\n\n\n<p><strong>Kvalitn\u00e9 kabelky p\u00f4sobia reprezentat\u00edvne<\/strong>, \u010disto, nad\u010dasovo a m\u00f4\u017eete nimi doplni\u0165 ak\u00fdko\u013evek outfit. V CCC m\u00e1me bohat\u00fd v\u00fdber ko\u017een\u00fdch kabeliek, \u010di u\u017e na ka\u017edodenn\u00e9 nosenie do pr\u00e1ce, na prech\u00e1dzku, ke\u010f si potrebujete zobra\u0165 so sebou len to najd\u00f4le\u017eitej\u0161ie, na obchodn\u00e9 stretnutia, rande \u010di ve\u010dierok. Ka\u017ed\u00e1 \u017eena m\u00e1 in\u00e9 potreby a preferencie, <strong>preto sme na\u0161u ponuku prisp\u00f4sobili tak, aby v\u0161etky d\u00e1my na\u0161li to svoje.&nbsp;<\/strong>&nbsp;<\/p>\n\n\n\n<p><\/p>\n\n\n\n<h2 class=\"wp-block-heading\"><strong>Ko\u017een\u00e1 kabelka sa stane rodinn\u00fdm dedi\u010dstvom<\/strong>&nbsp;<\/h2>\n\n\n\n<p>Ni\u010d nie je kraj\u0161ie, ako ke\u010f v\u00e1m mamka alebo star\u00e1 mama zanech\u00e1 oble\u010denie, \u0161perky a kabelky, ktor\u00e9 nosila ako mlad\u00e1 d\u00e1ma. <strong>Vintage k\u00fasky bud\u00fa v\u017edy ob\u013e\u00faben\u00e9<\/strong> a po nieko\u013ek\u00fdch rokoch z nich c\u00edti\u0165 nie\u010do \u0161peci\u00e1lne, akoby mali du\u0161u. T\u00fdmto sp\u00f4sobom m\u00f4\u017eete zanecha\u0165 n\u00e1dhern\u00fd k\u00fasok aj svojej dc\u00e9re a rozpoveda\u0165 pr\u00edbeh, ktor\u00fd sa s kabelkou sp\u00e1ja.&nbsp;&nbsp;<\/p>\n\n\n\n<p>Jedn\u00e9ho d\u0148a va\u0161e deti a vn\u00fa\u010dat\u00e1 ocenia a bud\u00fa si v\u00e1\u017ei\u0165 zbierku \u0161pi\u010dkov\u00fdch doplnkov, ktor\u00e9 \u00faspe\u0161ne odolali zubu \u010dasu. Pr\u00e9miov\u00e1 kvalita pr\u00edrodnej ko\u017ee je nestarn\u00faca a <strong>univerz\u00e1lne kabelky bud\u00fa ma\u0165 v\u00e4\u010d\u0161iu hodnotu, ako lacn\u00e9 dizajnov\u00e9 k\u00fasky, ktor\u00e9 sa menia ka\u017ed\u00fd rok<\/strong> a postupne vych\u00e1dzaj\u00fa z m\u00f3dy. Po\u010fte si vybra\u0165 svoj vlastn\u00fd \u0161t\u00fdl a vyberte si kabelku, ktor\u00e1 v\u00e1s ihne\u010f chyt\u00ed za srdce.&nbsp;&nbsp;<\/p>\n\n\n\n<h2 class=\"wp-block-heading\"><strong>Gino Rossi<\/strong>&nbsp;<\/h2>\n\n\n\n<p><a href=\"https:\/\/ccc.eu\/sk\/kabelky\/damske-kabelky\/kozene-kabelky\/znacka:gino_rossi\" target=\"_blank\" rel=\"noreferrer noopener\"><strong>Kabelky Gino Rossi<\/strong><\/a><strong> <\/strong>u\u017e na prv\u00fd poh\u013ead p\u00f4sobia ve\u013emi elegantne, luxusne a nemo\u017eno opomen\u00fa\u0165 ich jedine\u010dn\u00fd dizajn. Za zna\u010dkou Gino Rossi stoja po\u013esk\u00ed a talianski partneri, ktor\u00ed sa rozhodli vyu\u017ei\u0165 svoje dlhoro\u010dn\u00e9 sk\u00fasenosti na tvorbu obuvi a kabeliek pre t\u00fdch najn\u00e1ro\u010dnej\u0161\u00edch z\u00e1kazn\u00edkov, ktor\u00ed si potrpia na exkluz\u00edvne k\u00fasky.&nbsp;&nbsp;<\/p>\n\n\n\n<p>Spolo\u010dnos\u0165 je na po\u013eskom trhu u\u017e 30 rokov a za ten \u010das si jej sortiment ob\u013e\u00fabili desa\u0165tis\u00edce z\u00e1kazn\u00edkov, medzi ktor\u00fdmi s\u00fa aj bloggeri, stylisti a influenceri z cel\u00e9ho sveta. Ke\u010f sa na ko\u017een\u00e9 kabelky Gino Rossi pozriete bli\u017e\u0161ie, zaujme v\u00e1s <strong>\u010dist\u00fd vzh\u013ead<\/strong>, minimalistick\u00fd dizajn a \u0161pi\u010dkov\u00fd materi\u00e1l, ktor\u00fd d\u00e1va kabelk\u00e1m punc luxusu.&nbsp;&nbsp;<\/p>\n\n\n<shortcode prop-category=\"D\u00e1msk\u00e9 kabelky\" prop-manufacturer=\"Gino Rossi\" prop-load-num=\"12\" prop-display-num=\"4\" prop-sku=\"2&nbsp;\" prop-view=\"slider\"><\/shortcode>        <div\r\n            class=\"eob-pf-shortcode\"\r\n            id=\"eobpf69f4fabf38a1d\"\r\n        >\r\n            <shortcode prop-category=\"D\u00e1msk\u00e9 kabelky\" prop-manufacturer=\"Gino Rossi\" prop-load-num=\"12\" prop-display-num=\"4\" prop-sku=\"2&nbsp;\" prop-view=\"slider\"><\/shortcode>        <\/div>\r\n\t\t<script>\r\n\t\t\tjQuery(document).ready(() => {\r\n\t\t\t    const root = document.getElementById('eobpf69f4fabf38a1d');\r\n                Vue.createApp({\r\n\t                components: {\r\n\t                    shortcode\r\n\t                }\r\n                }).mount(root);\r\n\t\t\t});\r\n\t\t<\/script>\r\n\t\t\r\n\t\t\n\n\n\n<p><\/p>\n\n\n\n<h2 class=\"wp-block-heading\"><strong>Lasocki<\/strong>\u00a0<\/h2>\n\n\n\n<p>Zna\u010dka Lasocki je taktie\u017e po\u013eskou klasikou a jej hist\u00f3ria siaha a\u017e do roku 1954. V CCC ju m\u00f4\u017eete vidie\u0165 u\u017e dlho, ko\u017een\u00e1 obuv a <a href=\"https:\/\/ccc.eu\/sk\/kabelky\/damske-kabelky\/kozene-kabelky\/znacka:sergio_bardi\" target=\"_blank\" rel=\"noreferrer noopener\"><strong>kabelky Lasocki<\/strong><\/a> predstavuj\u00fa nad\u010dasov\u00fa eleganciu, ktor\u00e1 bude v trendoch aj o 10 rokov. A o tom to je. Investova\u0165 do univerz\u00e1lnych k\u00faskov, ktor\u00e9 <strong>okam\u017eite zapadn\u00fa do kapsulov\u00e9ho \u0161atn\u00edka<\/strong> a vy u\u017e viac nebudete ma\u0165 stresy z toho, \u017ee si nem\u00e1te \u010do obu\u0165 a obliec\u0165.&nbsp;&nbsp;<\/p>\n\n\n\n<p>N\u00e1jdete u n\u00e1s r\u00f4zne druhy kabeliek, ktor\u00e9 sa perfektne kombinuj\u00fa s le\u017e\u00e9rnym outfitom na vo\u013en\u00fd \u010das i form\u00e1lnym \u0161t\u00fdlom. Okrem klasickej \u010diernej a hnedej m\u00f4\u017eete siahnu\u0165 aj po v\u00fdraznej\u0161\u00edch farb\u00e1ch, aby ste neutr\u00e1lny look pozdvihli na \u00faplne in\u00fd level. <strong>S exkluz\u00edvnymi k\u00faskami sa z v\u00e1s okam\u017eite stane m\u00f3dna ikona.<\/strong>&nbsp;<\/p>\n\n\n\n<shortcode prop-category=\"D\u00e1msk\u00e9 kabelky\" prop-manufacturer=\"Lasocki\" prop-load-num=\"12\" prop-display-num=\"4\" prop-sku=\"5904248088071, 5903698506890, 5904248087746, 5904248088095, 5904248088156, 5904248087593, 5904248088385&nbsp;\" prop-view=\"slider\"><\/shortcode>        <div\r\n            class=\"eob-pf-shortcode\"\r\n            id=\"eobpf69f4fabf38b32\"\r\n        >\r\n            <shortcode prop-category=\"D\u00e1msk\u00e9 kabelky\" prop-manufacturer=\"Lasocki\" prop-load-num=\"12\" prop-display-num=\"4\" prop-sku=\"5904248088071, 5903698506890, 5904248087746, 5904248088095, 5904248088156, 5904248087593, 5904248088385&nbsp;\" prop-view=\"slider\"><\/shortcode>        <\/div>\r\n\t\t<script>\r\n\t\t\tjQuery(document).ready(() => {\r\n\t\t\t    const root = document.getElementById('eobpf69f4fabf38b32');\r\n                Vue.createApp({\r\n\t                components: {\r\n\t                    shortcode\r\n\t                }\r\n                }).mount(root);\r\n\t\t\t});\r\n\t\t<\/script>\r\n\t\t\r\n\t\t\n\n\n\n<p><\/p>\n\n\n\n<h2 class=\"wp-block-heading\"><strong>Badura<\/strong>\u00a0<\/h2>\n\n\n\n<p>Na CCC n\u00e1jdete aj jedine\u010dn\u00e9 kabelky zna\u010dky <a href=\"https:\/\/ccc.eu\/sk\/kabelky\/damske-kabelky\/kozene-kabelky\/znacka:badura\" target=\"_blank\" rel=\"noreferrer noopener\"><strong>Badura<\/strong><\/a>, ktor\u00e1 m\u00e1 viac ako 40-ro\u010dn\u00fa trad\u00edciu a zameriava sa na v\u00fdrobu ko\u017eenej obuvi pre mu\u017eov a \u017eeny a tie\u017e ko\u017een\u00fdch kabeliek. Od predo\u0161l\u00fdch dvoch zna\u010diek sa kabelky Badura l\u00ed\u0161ia najm\u00e4<strong> farebnou variabilitou a taktie\u017e v\u00fdraznej\u0161ou text\u00farou<\/strong>. Pokia\u013e m\u00e1te rady neoby\u010dajn\u00e9 k\u00fasky, ktor\u00e9 st\u00e1le m\u00f4\u017eeme zaradi\u0165 k nad\u010dasov\u00fdm modelom, t\u00e1to zna\u010dka je stvoren\u00e1 priamo pre v\u00e1s. Spolo\u010dnos\u0165 sa pri jednotliv\u00fdch dizajnoch sna\u017e\u00ed <strong>sp\u00e1ja\u0165 univerz\u00e1lnos\u0165 s aktu\u00e1lnymi trendmi<\/strong>. Moment\u00e1lne patria medzi top vychyt\u00e1vky napr\u00edklad kabelky s jemn\u00fdmi i mohutnej\u0161\u00edmi retiazkami.&nbsp;&nbsp;<\/p>\n\n\n\n<shortcode prop-category=\"D\u00e1msk\u00e9 kabelky\" prop-manufacturer=\"Badura\" prop-load-num=\"12\" prop-display-num=\"4\" prop-sku=\"5904248532437, 5904248534943, 5904248533977, 5904248781187, 5904248533403, 5904248533229&nbsp;\" prop-view=\"slider\"><\/shortcode>        <div\r\n            class=\"eob-pf-shortcode\"\r\n            id=\"eobpf69f4fabf38b6d\"\r\n        >\r\n            <shortcode prop-category=\"D\u00e1msk\u00e9 kabelky\" prop-manufacturer=\"Badura\" prop-load-num=\"12\" prop-display-num=\"4\" prop-sku=\"5904248532437, 5904248534943, 5904248533977, 5904248781187, 5904248533403, 5904248533229&nbsp;\" prop-view=\"slider\"><\/shortcode>        <\/div>\r\n\t\t<script>\r\n\t\t\tjQuery(document).ready(() => {\r\n\t\t\t    const root = document.getElementById('eobpf69f4fabf38b6d');\r\n                Vue.createApp({\r\n\t                components: {\r\n\t                    shortcode\r\n\t                }\r\n                }).mount(root);\r\n\t\t\t});\r\n\t\t<\/script>\r\n\t\t\r\n\t\t\n\n\n\n<p><\/p>\n\n\n\n<h2 class=\"wp-block-heading\"><strong>Sergio Bardi<\/strong>&nbsp;<\/h2>\n\n\n\n<p>Alebo patr\u00edte medzi \u017eeny, ktor\u00e9 chytia za srdce vesel\u0161ie fancy k\u00fasky? Talianska zna\u010dka <a href=\"https:\/\/ccc.eu\/sk\/kabelky\/damske-kabelky\/kozene-kabelky\/znacka:sergio_bardi\" target=\"_blank\" rel=\"noreferrer noopener\"><strong>Sergio Bardi<\/strong><\/a> spln\u00ed va\u0161e o\u010dak\u00e1vania, preto\u017ee pri svojich modeloch kombinuje vysok\u00fa kvalitu spracovania, zauj\u00edmav\u00fd a origin\u00e1lny dizajn a funk\u010dnos\u0165.<strong> Ka\u017ed\u00fd k\u00fasok je jedine\u010dn\u00fd<\/strong> a u n\u00e1s n\u00e1jdete z ka\u017ed\u00e9ho ro\u017eku tro\u0161ku &#8211; r\u00f4zne tvary, farby, ve\u013ekosti, pracky a detaily.&nbsp;&nbsp;<\/p>\n\n\n<shortcode prop-category=\"D\u00e1msk\u00e9 kabelky\" prop-manufacturer=\"Sergio Bardi\" prop-load-num=\"12\" prop-display-num=\"4\" prop-sku=\"5904248800369, 5904248800505, 5904248800789, 5904248800529, 5904248680497, 5904248678661&nbsp;\" prop-view=\"slider\"><\/shortcode>        <div\r\n            class=\"eob-pf-shortcode\"\r\n            id=\"eobpf69f4fabf38b98\"\r\n        >\r\n            <shortcode prop-category=\"D\u00e1msk\u00e9 kabelky\" prop-manufacturer=\"Sergio Bardi\" prop-load-num=\"12\" prop-display-num=\"4\" prop-sku=\"5904248800369, 5904248800505, 5904248800789, 5904248800529, 5904248680497, 5904248678661&nbsp;\" prop-view=\"slider\"><\/shortcode>        <\/div>\r\n\t\t<script>\r\n\t\t\tjQuery(document).ready(() => {\r\n\t\t\t    const root = document.getElementById('eobpf69f4fabf38b98');\r\n                Vue.createApp({\r\n\t                components: {\r\n\t                    shortcode\r\n\t                }\r\n                }).mount(root);\r\n\t\t\t});\r\n\t\t<\/script>\r\n\t\t\r\n\t\t\n\n\n\n<p><\/p>\n\n\n\n<p>Pokia\u013e u\u017e dlh\u0161ie h\u013ead\u00e1te ko\u017een\u00fa kabelku, ver\u00edme, \u017ee sme v\u00e1s in\u0161pirovali a n\u00e1jdete presne t\u00fa, ktor\u00e1 vystihne v\u00e1\u0161 vkus a \u017eivotn\u00fd \u0161t\u00fdl!&nbsp;&nbsp;<\/p>\n","protected":false},"excerpt":{"rendered":"<p>Pre\u010do by ste mali vyhadzova\u0165 peniaze za mno\u017estvo nekvalitn\u00fdch kabeliek, ktor\u00e9 sa po nieko\u013ek\u00fdch pou\u017eitiach o\u0161\u00fachaj\u00fa, po\u0161kodia a bud\u00fa akur\u00e1t tak s\u00face na vyhodenie, ke\u010f m\u00f4\u017eete investova\u0165 do jednej poriadnej? V tomto \u010dl\u00e1nku si povieme viac o tom, pre\u010do by mala by\u0165 ko\u017een\u00e1 kabelka s\u00fa\u010das\u0165ou v\u00e1\u0161ho \u0161atn\u00edka.&nbsp;&nbsp; Invest\u00edcia, ktor\u00e1 vydr\u017e\u00ed nieko\u013eko desiatok rokov&nbsp; Ko\u017een\u00e9 kabelky [&hellip;]<\/p>\n","protected":false},"author":7,"featured_media":5029,"comment_status":"open","ping_status":"open","sticky":false,"template":"","format":"standard","meta":{"_acf_changed":false,"footnotes":""},"categories":[6],"tags":[498,229,679,22,680],"class_list":["post-5024","post","type-post","status-publish","format-standard","has-post-thumbnail","hentry","category-trendy","tag-badura","tag-gino-rossi","tag-kozene-kabelky","tag-lasocki-2","tag-sergio-bardi"],"acf":[],"yoast_head":"<!-- This site is optimized with the Yoast SEO plugin v26.9 - https:\/\/yoast.com\/product\/yoast-seo-wordpress\/ -->\n<title>Ch\u00fdba v\u00e1m v skrini kvalitn\u00e1 ko\u017een\u00e1 kabelka? In\u0161pirujte sa na\u0161\u00edm v\u00fdberom\u00a0 - blog.ccc.eu\/sk<\/title>\n<meta name=\"description\" content=\"Kvalitn\u00e9 kabelky p\u00f4sobia reprezentat\u00edvne, \u010disto, nad\u010dasovo a m\u00f4\u017eete nimi doplni\u0165 ak\u00fdko\u013evek outfit. Pre\u010d\u00edtajte si viac na blogu CCC.eu 2026\" \/>\n<meta name=\"robots\" content=\"index, follow, max-snippet:-1, max-image-preview:large, max-video-preview:-1\" \/>\n<link rel=\"canonical\" href=\"https:\/\/blog.ccc.eu\/sk\/chyba-vam-v-skrini-kvalitna-kozena-kabelka-inspirujte-sa-nasim-vyberom\/\" \/>\n<meta property=\"og:locale\" content=\"sk_SK\" \/>\n<meta property=\"og:type\" content=\"article\" \/>\n<meta property=\"og:title\" content=\"Ch\u00fdba v\u00e1m v skrini kvalitn\u00e1 ko\u017een\u00e1 kabelka? In\u0161pirujte sa na\u0161\u00edm v\u00fdberom\u00a0 - blog.ccc.eu\/sk\" \/>\n<meta property=\"og:description\" content=\"Kvalitn\u00e9 kabelky p\u00f4sobia reprezentat\u00edvne, \u010disto, nad\u010dasovo a m\u00f4\u017eete nimi doplni\u0165 ak\u00fdko\u013evek outfit. Pre\u010d\u00edtajte si viac na blogu CCC.eu\" \/>\n<meta property=\"og:url\" content=\"https:\/\/blog.ccc.eu\/sk\/chyba-vam-v-skrini-kvalitna-kozena-kabelka-inspirujte-sa-nasim-vyberom\/\" \/>\n<meta property=\"og:site_name\" content=\"blog.ccc.eu\/sk\" \/>\n<meta property=\"article:published_time\" content=\"2022-05-04T08:52:03+00:00\" \/>\n<meta property=\"article:modified_time\" content=\"2023-01-27T09:48:53+00:00\" \/>\n<meta property=\"og:image\" content=\"https:\/\/blog.ccc.eu\/sk\/wp-content\/uploads\/2022\/05\/CCC_5904248095857_02M-1.jpg\" \/>\n\t<meta property=\"og:image:width\" content=\"876\" \/>\n\t<meta property=\"og:image:height\" content=\"1314\" \/>\n\t<meta property=\"og:image:type\" content=\"image\/jpeg\" \/>\n<meta name=\"author\" content=\"Zuzka Feriancov\u00e1\" \/>\n<meta name=\"twitter:card\" content=\"summary_large_image\" \/>\n<meta name=\"twitter:label1\" content=\"Autor\" \/>\n\t<meta name=\"twitter:data1\" content=\"Zuzka Feriancov\u00e1\" \/>\n\t<meta name=\"twitter:label2\" content=\"Predpokladan\u00fd \u010das \u010d\u00edtania\" \/>\n\t<meta name=\"twitter:data2\" content=\"5 min\u00fat\" \/>\n<script type=\"application\/ld+json\" class=\"yoast-schema-graph\">{\"@context\":\"https:\/\/schema.org\",\"@graph\":[{\"@type\":\"Article\",\"@id\":\"https:\/\/blog.ccc.eu\/sk\/chyba-vam-v-skrini-kvalitna-kozena-kabelka-inspirujte-sa-nasim-vyberom\/#article\",\"isPartOf\":{\"@id\":\"https:\/\/blog.ccc.eu\/sk\/chyba-vam-v-skrini-kvalitna-kozena-kabelka-inspirujte-sa-nasim-vyberom\/\"},\"author\":{\"name\":\"Zuzka Feriancov\u00e1\",\"@id\":\"https:\/\/blog.ccc.eu\/sk\/#\/schema\/person\/0ee80e7562d03e7528637c42622d7773\"},\"headline\":\"Ch\u00fdba v\u00e1m v skrini kvalitn\u00e1 ko\u017een\u00e1 kabelka? In\u0161pirujte sa na\u0161\u00edm v\u00fdberom\u00a0\",\"datePublished\":\"2022-05-04T08:52:03+00:00\",\"dateModified\":\"2023-01-27T09:48:53+00:00\",\"mainEntityOfPage\":{\"@id\":\"https:\/\/blog.ccc.eu\/sk\/chyba-vam-v-skrini-kvalitna-kozena-kabelka-inspirujte-sa-nasim-vyberom\/\"},\"wordCount\":1042,\"commentCount\":0,\"publisher\":{\"@id\":\"https:\/\/blog.ccc.eu\/sk\/#organization\"},\"image\":{\"@id\":\"https:\/\/blog.ccc.eu\/sk\/chyba-vam-v-skrini-kvalitna-kozena-kabelka-inspirujte-sa-nasim-vyberom\/#primaryimage\"},\"thumbnailUrl\":\"https:\/\/blog.ccc.eu\/sk\/wp-content\/uploads\/2022\/05\/CCC_5904248095857_02M-1.jpg\",\"keywords\":[\"badura\",\"gino rossi\",\"ko\u017een\u00e9 kabelky\",\"lasocki\",\"Sergio Bardi\"],\"articleSection\":[\"trendy\"],\"inLanguage\":\"sk-SK\",\"potentialAction\":[{\"@type\":\"CommentAction\",\"name\":\"Comment\",\"target\":[\"https:\/\/blog.ccc.eu\/sk\/chyba-vam-v-skrini-kvalitna-kozena-kabelka-inspirujte-sa-nasim-vyberom\/#respond\"]}]},{\"@type\":\"WebPage\",\"@id\":\"https:\/\/blog.ccc.eu\/sk\/chyba-vam-v-skrini-kvalitna-kozena-kabelka-inspirujte-sa-nasim-vyberom\/\",\"url\":\"https:\/\/blog.ccc.eu\/sk\/chyba-vam-v-skrini-kvalitna-kozena-kabelka-inspirujte-sa-nasim-vyberom\/\",\"name\":\"Ch\u00fdba v\u00e1m v skrini kvalitn\u00e1 ko\u017een\u00e1 kabelka? In\u0161pirujte sa na\u0161\u00edm v\u00fdberom\u00a0 - blog.ccc.eu\/sk\",\"isPartOf\":{\"@id\":\"https:\/\/blog.ccc.eu\/sk\/#website\"},\"primaryImageOfPage\":{\"@id\":\"https:\/\/blog.ccc.eu\/sk\/chyba-vam-v-skrini-kvalitna-kozena-kabelka-inspirujte-sa-nasim-vyberom\/#primaryimage\"},\"image\":{\"@id\":\"https:\/\/blog.ccc.eu\/sk\/chyba-vam-v-skrini-kvalitna-kozena-kabelka-inspirujte-sa-nasim-vyberom\/#primaryimage\"},\"thumbnailUrl\":\"https:\/\/blog.ccc.eu\/sk\/wp-content\/uploads\/2022\/05\/CCC_5904248095857_02M-1.jpg\",\"datePublished\":\"2022-05-04T08:52:03+00:00\",\"dateModified\":\"2023-01-27T09:48:53+00:00\",\"description\":\"Kvalitn\u00e9 kabelky p\u00f4sobia reprezentat\u00edvne, \u010disto, nad\u010dasovo a m\u00f4\u017eete nimi doplni\u0165 ak\u00fdko\u013evek outfit. Pre\u010d\u00edtajte si viac na blogu CCC.eu\",\"breadcrumb\":{\"@id\":\"https:\/\/blog.ccc.eu\/sk\/chyba-vam-v-skrini-kvalitna-kozena-kabelka-inspirujte-sa-nasim-vyberom\/#breadcrumb\"},\"inLanguage\":\"sk-SK\",\"potentialAction\":[{\"@type\":\"ReadAction\",\"target\":[\"https:\/\/blog.ccc.eu\/sk\/chyba-vam-v-skrini-kvalitna-kozena-kabelka-inspirujte-sa-nasim-vyberom\/\"]}]},{\"@type\":\"ImageObject\",\"inLanguage\":\"sk-SK\",\"@id\":\"https:\/\/blog.ccc.eu\/sk\/chyba-vam-v-skrini-kvalitna-kozena-kabelka-inspirujte-sa-nasim-vyberom\/#primaryimage\",\"url\":\"https:\/\/blog.ccc.eu\/sk\/wp-content\/uploads\/2022\/05\/CCC_5904248095857_02M-1.jpg\",\"contentUrl\":\"https:\/\/blog.ccc.eu\/sk\/wp-content\/uploads\/2022\/05\/CCC_5904248095857_02M-1.jpg\",\"width\":876,\"height\":1314,\"caption\":\"ko\u017een\u00e1 kabelka\"},{\"@type\":\"BreadcrumbList\",\"@id\":\"https:\/\/blog.ccc.eu\/sk\/chyba-vam-v-skrini-kvalitna-kozena-kabelka-inspirujte-sa-nasim-vyberom\/#breadcrumb\",\"itemListElement\":[{\"@type\":\"ListItem\",\"position\":1,\"name\":\"Strona g\u0142\u00f3wna\",\"item\":\"https:\/\/blog.ccc.eu\/sk\/\"},{\"@type\":\"ListItem\",\"position\":2,\"name\":\"Ch\u00fdba v\u00e1m v skrini kvalitn\u00e1 ko\u017een\u00e1 kabelka? In\u0161pirujte sa na\u0161\u00edm v\u00fdberom\u00a0\"}]},{\"@type\":\"WebSite\",\"@id\":\"https:\/\/blog.ccc.eu\/sk\/#website\",\"url\":\"https:\/\/blog.ccc.eu\/sk\/\",\"name\":\"blog.ccc.eu\/sk\",\"description\":\"Va\u0161e miesto pln\u00e9 m\u00f3dnych in\u0161pir\u00e1ci\u00ed\",\"publisher\":{\"@id\":\"https:\/\/blog.ccc.eu\/sk\/#organization\"},\"potentialAction\":[{\"@type\":\"SearchAction\",\"target\":{\"@type\":\"EntryPoint\",\"urlTemplate\":\"https:\/\/blog.ccc.eu\/sk\/?s={search_term_string}\"},\"query-input\":{\"@type\":\"PropertyValueSpecification\",\"valueRequired\":true,\"valueName\":\"search_term_string\"}}],\"inLanguage\":\"sk-SK\"},{\"@type\":\"Organization\",\"@id\":\"https:\/\/blog.ccc.eu\/sk\/#organization\",\"name\":\"CCC S.A.\",\"url\":\"https:\/\/blog.ccc.eu\/sk\/\",\"logo\":{\"@type\":\"ImageObject\",\"inLanguage\":\"sk-SK\",\"@id\":\"https:\/\/blog.ccc.eu\/sk\/#\/schema\/logo\/image\/\",\"url\":\"https:\/\/blog.ccc.eu\/sk\/wp-content\/uploads\/2021\/11\/logo_ccc.png\",\"contentUrl\":\"https:\/\/blog.ccc.eu\/sk\/wp-content\/uploads\/2021\/11\/logo_ccc.png\",\"width\":730,\"height\":270,\"caption\":\"CCC S.A.\"},\"image\":{\"@id\":\"https:\/\/blog.ccc.eu\/sk\/#\/schema\/logo\/image\/\"}},{\"@type\":\"Person\",\"@id\":\"https:\/\/blog.ccc.eu\/sk\/#\/schema\/person\/0ee80e7562d03e7528637c42622d7773\",\"name\":\"Zuzka Feriancov\u00e1\",\"image\":{\"@type\":\"ImageObject\",\"inLanguage\":\"sk-SK\",\"@id\":\"https:\/\/blog.ccc.eu\/sk\/#\/schema\/person\/image\/\",\"url\":\"https:\/\/blog.ccc.eu\/sk\/wp-content\/uploads\/2022\/02\/zuzka-copy-Cropped-100x100.jpg\",\"contentUrl\":\"https:\/\/blog.ccc.eu\/sk\/wp-content\/uploads\/2022\/02\/zuzka-copy-Cropped-100x100.jpg\",\"caption\":\"Zuzka Feriancov\u00e1\"},\"description\":\"V\u017edy som svoje my\u0161lienky vyjadrovala rad\u0161ej p\u00edsmom ne\u017e hovoren\u00fdm slovom. K pr\u00e1ci pristupujem intuit\u00edvne, na t\u00e9mu sa pozer\u00e1m \u013eudsky, o\u010dami potenci\u00e1lneho spotrebite\u013ea a sna\u017e\u00edm sa n\u00e1js\u0165 rie\u0161enia na jeho probl\u00e9my. V r\u00e1mci copywritingu m\u00e1m bohat\u00e9 sk\u00fasenosti z mnoh\u00fdch oblast\u00ed, no najviac mi u\u010darovali t\u00e9my ako dizajn, m\u00f3da, kr\u00e1sa, zdrav\u00fd \u017eivotn\u00fd \u0161t\u00fdl, investovanie \u010di modern\u00e9 technol\u00f3gie.\",\"url\":\"https:\/\/blog.ccc.eu\/sk\/author\/marlena-celinska\/\"}]}<\/script>\n<!-- \/ Yoast SEO plugin. -->","yoast_head_json":{"title":"Ch\u00fdba v\u00e1m v skrini kvalitn\u00e1 ko\u017een\u00e1 kabelka? In\u0161pirujte sa na\u0161\u00edm v\u00fdberom\u00a0 - blog.ccc.eu\/sk","description":"Kvalitn\u00e9 kabelky p\u00f4sobia reprezentat\u00edvne, \u010disto, nad\u010dasovo a m\u00f4\u017eete nimi doplni\u0165 ak\u00fdko\u013evek outfit. Pre\u010d\u00edtajte si viac na blogu CCC.eu 2026","robots":{"index":"index","follow":"follow","max-snippet":"max-snippet:-1","max-image-preview":"max-image-preview:large","max-video-preview":"max-video-preview:-1"},"canonical":"https:\/\/blog.ccc.eu\/sk\/chyba-vam-v-skrini-kvalitna-kozena-kabelka-inspirujte-sa-nasim-vyberom\/","og_locale":"sk_SK","og_type":"article","og_title":"Ch\u00fdba v\u00e1m v skrini kvalitn\u00e1 ko\u017een\u00e1 kabelka? In\u0161pirujte sa na\u0161\u00edm v\u00fdberom\u00a0 - blog.ccc.eu\/sk","og_description":"Kvalitn\u00e9 kabelky p\u00f4sobia reprezentat\u00edvne, \u010disto, nad\u010dasovo a m\u00f4\u017eete nimi doplni\u0165 ak\u00fdko\u013evek outfit. Pre\u010d\u00edtajte si viac na blogu CCC.eu","og_url":"https:\/\/blog.ccc.eu\/sk\/chyba-vam-v-skrini-kvalitna-kozena-kabelka-inspirujte-sa-nasim-vyberom\/","og_site_name":"blog.ccc.eu\/sk","article_published_time":"2022-05-04T08:52:03+00:00","article_modified_time":"2023-01-27T09:48:53+00:00","og_image":[{"width":876,"height":1314,"url":"https:\/\/blog.ccc.eu\/sk\/wp-content\/uploads\/2022\/05\/CCC_5904248095857_02M-1.jpg","type":"image\/jpeg"}],"author":"Zuzka Feriancov\u00e1","twitter_card":"summary_large_image","twitter_misc":{"Autor":"Zuzka Feriancov\u00e1","Predpokladan\u00fd \u010das \u010d\u00edtania":"5 min\u00fat"},"schema":{"@context":"https:\/\/schema.org","@graph":[{"@type":"Article","@id":"https:\/\/blog.ccc.eu\/sk\/chyba-vam-v-skrini-kvalitna-kozena-kabelka-inspirujte-sa-nasim-vyberom\/#article","isPartOf":{"@id":"https:\/\/blog.ccc.eu\/sk\/chyba-vam-v-skrini-kvalitna-kozena-kabelka-inspirujte-sa-nasim-vyberom\/"},"author":{"name":"Zuzka Feriancov\u00e1","@id":"https:\/\/blog.ccc.eu\/sk\/#\/schema\/person\/0ee80e7562d03e7528637c42622d7773"},"headline":"Ch\u00fdba v\u00e1m v skrini kvalitn\u00e1 ko\u017een\u00e1 kabelka? In\u0161pirujte sa na\u0161\u00edm v\u00fdberom\u00a0","datePublished":"2022-05-04T08:52:03+00:00","dateModified":"2023-01-27T09:48:53+00:00","mainEntityOfPage":{"@id":"https:\/\/blog.ccc.eu\/sk\/chyba-vam-v-skrini-kvalitna-kozena-kabelka-inspirujte-sa-nasim-vyberom\/"},"wordCount":1042,"commentCount":0,"publisher":{"@id":"https:\/\/blog.ccc.eu\/sk\/#organization"},"image":{"@id":"https:\/\/blog.ccc.eu\/sk\/chyba-vam-v-skrini-kvalitna-kozena-kabelka-inspirujte-sa-nasim-vyberom\/#primaryimage"},"thumbnailUrl":"https:\/\/blog.ccc.eu\/sk\/wp-content\/uploads\/2022\/05\/CCC_5904248095857_02M-1.jpg","keywords":["badura","gino rossi","ko\u017een\u00e9 kabelky","lasocki","Sergio Bardi"],"articleSection":["trendy"],"inLanguage":"sk-SK","potentialAction":[{"@type":"CommentAction","name":"Comment","target":["https:\/\/blog.ccc.eu\/sk\/chyba-vam-v-skrini-kvalitna-kozena-kabelka-inspirujte-sa-nasim-vyberom\/#respond"]}]},{"@type":"WebPage","@id":"https:\/\/blog.ccc.eu\/sk\/chyba-vam-v-skrini-kvalitna-kozena-kabelka-inspirujte-sa-nasim-vyberom\/","url":"https:\/\/blog.ccc.eu\/sk\/chyba-vam-v-skrini-kvalitna-kozena-kabelka-inspirujte-sa-nasim-vyberom\/","name":"Ch\u00fdba v\u00e1m v skrini kvalitn\u00e1 ko\u017een\u00e1 kabelka? In\u0161pirujte sa na\u0161\u00edm v\u00fdberom\u00a0 - blog.ccc.eu\/sk","isPartOf":{"@id":"https:\/\/blog.ccc.eu\/sk\/#website"},"primaryImageOfPage":{"@id":"https:\/\/blog.ccc.eu\/sk\/chyba-vam-v-skrini-kvalitna-kozena-kabelka-inspirujte-sa-nasim-vyberom\/#primaryimage"},"image":{"@id":"https:\/\/blog.ccc.eu\/sk\/chyba-vam-v-skrini-kvalitna-kozena-kabelka-inspirujte-sa-nasim-vyberom\/#primaryimage"},"thumbnailUrl":"https:\/\/blog.ccc.eu\/sk\/wp-content\/uploads\/2022\/05\/CCC_5904248095857_02M-1.jpg","datePublished":"2022-05-04T08:52:03+00:00","dateModified":"2023-01-27T09:48:53+00:00","description":"Kvalitn\u00e9 kabelky p\u00f4sobia reprezentat\u00edvne, \u010disto, nad\u010dasovo a m\u00f4\u017eete nimi doplni\u0165 ak\u00fdko\u013evek outfit. Pre\u010d\u00edtajte si viac na blogu CCC.eu","breadcrumb":{"@id":"https:\/\/blog.ccc.eu\/sk\/chyba-vam-v-skrini-kvalitna-kozena-kabelka-inspirujte-sa-nasim-vyberom\/#breadcrumb"},"inLanguage":"sk-SK","potentialAction":[{"@type":"ReadAction","target":["https:\/\/blog.ccc.eu\/sk\/chyba-vam-v-skrini-kvalitna-kozena-kabelka-inspirujte-sa-nasim-vyberom\/"]}]},{"@type":"ImageObject","inLanguage":"sk-SK","@id":"https:\/\/blog.ccc.eu\/sk\/chyba-vam-v-skrini-kvalitna-kozena-kabelka-inspirujte-sa-nasim-vyberom\/#primaryimage","url":"https:\/\/blog.ccc.eu\/sk\/wp-content\/uploads\/2022\/05\/CCC_5904248095857_02M-1.jpg","contentUrl":"https:\/\/blog.ccc.eu\/sk\/wp-content\/uploads\/2022\/05\/CCC_5904248095857_02M-1.jpg","width":876,"height":1314,"caption":"ko\u017een\u00e1 kabelka"},{"@type":"BreadcrumbList","@id":"https:\/\/blog.ccc.eu\/sk\/chyba-vam-v-skrini-kvalitna-kozena-kabelka-inspirujte-sa-nasim-vyberom\/#breadcrumb","itemListElement":[{"@type":"ListItem","position":1,"name":"Strona g\u0142\u00f3wna","item":"https:\/\/blog.ccc.eu\/sk\/"},{"@type":"ListItem","position":2,"name":"Ch\u00fdba v\u00e1m v skrini kvalitn\u00e1 ko\u017een\u00e1 kabelka? In\u0161pirujte sa na\u0161\u00edm v\u00fdberom\u00a0"}]},{"@type":"WebSite","@id":"https:\/\/blog.ccc.eu\/sk\/#website","url":"https:\/\/blog.ccc.eu\/sk\/","name":"blog.ccc.eu\/sk","description":"Va\u0161e miesto pln\u00e9 m\u00f3dnych in\u0161pir\u00e1ci\u00ed","publisher":{"@id":"https:\/\/blog.ccc.eu\/sk\/#organization"},"potentialAction":[{"@type":"SearchAction","target":{"@type":"EntryPoint","urlTemplate":"https:\/\/blog.ccc.eu\/sk\/?s={search_term_string}"},"query-input":{"@type":"PropertyValueSpecification","valueRequired":true,"valueName":"search_term_string"}}],"inLanguage":"sk-SK"},{"@type":"Organization","@id":"https:\/\/blog.ccc.eu\/sk\/#organization","name":"CCC S.A.","url":"https:\/\/blog.ccc.eu\/sk\/","logo":{"@type":"ImageObject","inLanguage":"sk-SK","@id":"https:\/\/blog.ccc.eu\/sk\/#\/schema\/logo\/image\/","url":"https:\/\/blog.ccc.eu\/sk\/wp-content\/uploads\/2021\/11\/logo_ccc.png","contentUrl":"https:\/\/blog.ccc.eu\/sk\/wp-content\/uploads\/2021\/11\/logo_ccc.png","width":730,"height":270,"caption":"CCC S.A."},"image":{"@id":"https:\/\/blog.ccc.eu\/sk\/#\/schema\/logo\/image\/"}},{"@type":"Person","@id":"https:\/\/blog.ccc.eu\/sk\/#\/schema\/person\/0ee80e7562d03e7528637c42622d7773","name":"Zuzka Feriancov\u00e1","image":{"@type":"ImageObject","inLanguage":"sk-SK","@id":"https:\/\/blog.ccc.eu\/sk\/#\/schema\/person\/image\/","url":"https:\/\/blog.ccc.eu\/sk\/wp-content\/uploads\/2022\/02\/zuzka-copy-Cropped-100x100.jpg","contentUrl":"https:\/\/blog.ccc.eu\/sk\/wp-content\/uploads\/2022\/02\/zuzka-copy-Cropped-100x100.jpg","caption":"Zuzka Feriancov\u00e1"},"description":"V\u017edy som svoje my\u0161lienky vyjadrovala rad\u0161ej p\u00edsmom ne\u017e hovoren\u00fdm slovom. K pr\u00e1ci pristupujem intuit\u00edvne, na t\u00e9mu sa pozer\u00e1m \u013eudsky, o\u010dami potenci\u00e1lneho spotrebite\u013ea a sna\u017e\u00edm sa n\u00e1js\u0165 rie\u0161enia na jeho probl\u00e9my. V r\u00e1mci copywritingu m\u00e1m bohat\u00e9 sk\u00fasenosti z mnoh\u00fdch oblast\u00ed, no najviac mi u\u010darovali t\u00e9my ako dizajn, m\u00f3da, kr\u00e1sa, zdrav\u00fd \u017eivotn\u00fd \u0161t\u00fdl, investovanie \u010di modern\u00e9 technol\u00f3gie.","url":"https:\/\/blog.ccc.eu\/sk\/author\/marlena-celinska\/"}]}},"_links":{"self":[{"href":"https:\/\/blog.ccc.eu\/sk\/wp-json\/wp\/v2\/posts\/5024","targetHints":{"allow":["GET"]}}],"collection":[{"href":"https:\/\/blog.ccc.eu\/sk\/wp-json\/wp\/v2\/posts"}],"about":[{"href":"https:\/\/blog.ccc.eu\/sk\/wp-json\/wp\/v2\/types\/post"}],"author":[{"embeddable":true,"href":"https:\/\/blog.ccc.eu\/sk\/wp-json\/wp\/v2\/users\/7"}],"replies":[{"embeddable":true,"href":"https:\/\/blog.ccc.eu\/sk\/wp-json\/wp\/v2\/comments?post=5024"}],"version-history":[{"count":3,"href":"https:\/\/blog.ccc.eu\/sk\/wp-json\/wp\/v2\/posts\/5024\/revisions"}],"predecessor-version":[{"id":6086,"href":"https:\/\/blog.ccc.eu\/sk\/wp-json\/wp\/v2\/posts\/5024\/revisions\/6086"}],"wp:featuredmedia":[{"embeddable":true,"href":"https:\/\/blog.ccc.eu\/sk\/wp-json\/wp\/v2\/media\/5029"}],"wp:attachment":[{"href":"https:\/\/blog.ccc.eu\/sk\/wp-json\/wp\/v2\/media?parent=5024"}],"wp:term":[{"taxonomy":"category","embeddable":true,"href":"https:\/\/blog.ccc.eu\/sk\/wp-json\/wp\/v2\/categories?post=5024"},{"taxonomy":"post_tag","embeddable":true,"href":"https:\/\/blog.ccc.eu\/sk\/wp-json\/wp\/v2\/tags?post=5024"}],"curies":[{"name":"wp","href":"https:\/\/api.w.org\/{rel}","templated":true}]}}