{"id":5104,"date":"2022-06-08T14:38:59","date_gmt":"2022-06-08T12:38:59","guid":{"rendered":"https:\/\/blog.ccc.eu\/sk\/?p=5104"},"modified":"2023-01-27T10:35:11","modified_gmt":"2023-01-27T09:35:11","slug":"podpatky-ako-stelesnenie-zenskosti-ihlicky-platformy-alebo-klin-v-ccc-mame-vsetko","status":"publish","type":"post","link":"https:\/\/blog.ccc.eu\/sk\/podpatky-ako-stelesnenie-zenskosti-ihlicky-platformy-alebo-klin-v-ccc-mame-vsetko\/","title":{"rendered":"Podp\u00e4tky ako stelesnenie \u017eenskosti: Ihli\u010dky, platformy alebo klin? V CCC m\u00e1me v\u0161etko!\u00a0"},"content":{"rendered":"\n<p><b>N\u00edzke lodi\u010dky, st\u013apov\u00e9 alebo mas\u00edvne podp\u00e4tky&#8230; Napriek tomu, \u017ee vysok\u00e9 top\u00e1nky boli kedysi dom\u00e9nou mu\u017esk\u00e9ho pokolenia, dnes s\u00fa symbolom rafinovanej \u017eenskosti a elegancie. Sme si ist\u00ed, \u017ee dominuj\u00fa aj v\u00e1\u0161mu \u0161atn\u00edku a zbo\u017e\u0148ujete ich minim\u00e1lne tak ako my v CCC!&nbsp;<\/b><\/p>\n\n\n\n<figure class=\"wp-block-gallery has-nested-images columns-default is-cropped wp-block-gallery-1 is-layout-flex wp-block-gallery-is-layout-flex\">\n<figure class=\"wp-block-image size-large\"><img loading=\"lazy\" decoding=\"async\" width=\"823\" height=\"1024\" data-id=\"5105\" src=\"https:\/\/blog.ccc.eu\/sk\/wp-content\/uploads\/2022\/06\/22112021_ZUZA_JENNY_FAIRY_0023.jpg\" alt=\"\" class=\"wp-image-5105\" srcset=\"https:\/\/blog.ccc.eu\/sk\/wp-content\/uploads\/2022\/06\/22112021_ZUZA_JENNY_FAIRY_0023.jpg 823w, https:\/\/blog.ccc.eu\/sk\/wp-content\/uploads\/2022\/06\/22112021_ZUZA_JENNY_FAIRY_0023-241x300.jpg 241w, https:\/\/blog.ccc.eu\/sk\/wp-content\/uploads\/2022\/06\/22112021_ZUZA_JENNY_FAIRY_0023-768x956.jpg 768w, https:\/\/blog.ccc.eu\/sk\/wp-content\/uploads\/2022\/06\/22112021_ZUZA_JENNY_FAIRY_0023-100x124.jpg 100w\" sizes=\"auto, (max-width: 823px) 100vw, 823px\" \/><\/figure>\n\n\n\n<figure class=\"wp-block-image size-large\"><img loading=\"lazy\" decoding=\"async\" width=\"819\" height=\"1024\" data-id=\"5106\" src=\"https:\/\/blog.ccc.eu\/sk\/wp-content\/uploads\/2022\/06\/22112021_ZUZA_JENNY_FAIRY_0239.jpg\" alt=\"\" class=\"wp-image-5106\" srcset=\"https:\/\/blog.ccc.eu\/sk\/wp-content\/uploads\/2022\/06\/22112021_ZUZA_JENNY_FAIRY_0239.jpg 819w, https:\/\/blog.ccc.eu\/sk\/wp-content\/uploads\/2022\/06\/22112021_ZUZA_JENNY_FAIRY_0239-240x300.jpg 240w, https:\/\/blog.ccc.eu\/sk\/wp-content\/uploads\/2022\/06\/22112021_ZUZA_JENNY_FAIRY_0239-768x960.jpg 768w, https:\/\/blog.ccc.eu\/sk\/wp-content\/uploads\/2022\/06\/22112021_ZUZA_JENNY_FAIRY_0239-100x125.jpg 100w\" sizes=\"auto, (max-width: 819px) 100vw, 819px\" \/><\/figure>\n<\/figure>\n\n\n\n<p><a href=\"https:\/\/ccc.eu\/sk\/damske\/topanky\/lodicky\"><strong>D\u00e1mske lodi\u010dky<\/strong><\/a><strong> s\u00fa synonymom zmyselnosti<\/strong>, sta\u010d\u00ed ich obu\u0165 a v momente va\u0161e sebavedomie st\u00fapa smerom k nebes\u00e1m. Dok\u00e1\u017eete v\u010faka nim klama\u0165 telom, zlad\u00edte ich bez probl\u00e9mov k \u0161at\u00e1m, d\u017e\u00ednsom, nohaviciam, sukniam \u010di \u0161ortk\u00e1m. Ruku na srdce, lodi\u010dky nesm\u00fa ch\u00fdba\u0165 \u017eiadnej \u017eene, v kurze s\u00fa v\u0161etky \u2013 vysok\u00e9, n\u00edzke, <a href=\"https:\/\/ccc.eu\/sk\/damske\/topanky\/lodicky-avysoke-podpatky\/vyska-podpatku:viac_ako_10_cm\" target=\"_blank\" rel=\"noreferrer noopener\">ihli\u010dky<\/a>, mas\u00edvne i na vysokej podr\u00e1\u017eke.&nbsp;&nbsp;<\/p>\n\n\n\n<p>A nie sme to len my \u017eeny, komu vysok\u00e9 top\u00e1nky u\u010darovali. Sta\u010d\u00ed sa prenies\u0165 do roku 3500 pred na\u0161\u00edm letopo\u010dtom \u2013 star\u00e9 ma\u013eby hovoria jasnou re\u010dou \u2013 <strong>podp\u00e4tkom kedysi neprepadli len d\u00e1my ale dokonca i mu\u017ei!<\/strong> Aj o nieko\u013eko storo\u010d\u00ed nesk\u00f4r, garder\u00f3ba Kr\u00e1\u013ea Slnko a stvorite\u013ea Versailles \u2013 \u013dudov\u00edta XIV \u2013 obsahovala \u00factyhodn\u00fa zbierku vysok\u00fdch top\u00e1nok. Legendy hovoria, \u017ee si nimi kompenzoval svoju v\u00fd\u0161ku 1,63 m. Podobne ako spev\u00e1k Prince a mnoh\u00ed \u010fal\u0161\u00ed po \u0148om. Tak \u010di onak, jedno je ist\u00e9 \u2013 podp\u00e4tky s\u00fa mocnou zbra\u0148ou v ruk\u00e1ch t\u00fdch, ktor\u00ed ich nosia. Len si spome\u0148te, ako \u010drievi\u010dky zmenili \u017eivot Popolu\u0161ke&#8230;&nbsp;<\/p>\n\n\n\n<h2 class=\"wp-block-heading\"><strong>Top\u00e1nky na podp\u00e4tku prep\u00edsali hist\u00f3riu m\u00f3dy<\/strong>&nbsp;<\/h2>\n\n\n\n<p>\u010c\u00edsla, \u010d\u00edsla, \u010d\u00edsla! Vl\u00e1dnu aj svetu top\u00e1nok. \u010co by ste povedali na to, keby v\u00e1s niekto nechal obu\u0165 top\u00e1nky na 27 centimetrovej platforme a ako bonus by bol podp\u00e4tok vo v\u00fd\u0161ke 40,6 centimetrov? Wow efekt zaru\u010den\u00fd, no o ch\u00f4dzi v\u0161ak u\u017e pri t\u00fdchto najvy\u0161\u0161\u00edch top\u00e1nkach sveta re\u010d by\u0165 asi ve\u013emi nem\u00f4\u017ee. S\u00e1nka v\u00e1m padne aj pri sume, ktor\u00fa maj\u00fa dizajn\u00e9rske ihli\u010dky Moon Star Shoes. Ich tvorca \u2013 dizajn\u00e9r Antonia Vietri si ich cen\u00ed takmer na 20 mili\u00f3nov dol\u00e1rov. Ak by v\u00e1s zauj\u00edmalo ako vyzeraj\u00fa, na YouTube k t\u00fdmto zlat\u00fdm skvostom n\u00e1jdete mnoho vide\u00ed. V\u0161imnite si najm\u00e4 <strong>podp\u00e4tok in\u0161pirovan\u00fd najvy\u0161\u0161ou budovou sveta <\/strong>\u2013 dubajsk\u00fdm mrakodrapom Burj Khalifa. Psst, vo vn\u00fatri p\u00f4sobiv\u00e9ho podp\u00e4tku je vsaden\u00fd meteorit. Bl\u00e1znovstvo, \u010do poviete?&nbsp;<\/p>\n\n\n\n<h2 class=\"wp-block-heading\"><strong>A \u010do vy, ktor\u00fd typ nos\u00edte najviac?<\/strong>&nbsp;<\/h2>\n\n\n\n<p>Chcete by\u0165 elegantn\u00e1 ale t\u00fa\u017eite po tom, aby v\u00e1s neboleli nohy \u2013 preto naj\u010dastej\u0161ie siahate po n\u00edzkych \u201ekitten heels\u201c. <strong>S\u00fa roztomil\u00e9 a dokonale plnia svoju funkciu.<\/strong> V kolekcii top\u00e1nok od CCC ich n\u00e1jdete viacero \u2013 nev\u00e1hajte a nazrite do bohatej ponuky. Ak chcete zap\u00f4sobi\u0165, rozhodne stavte na nie\u010do vy\u0161\u0161ie \u2013 na<a href=\"https:\/\/ccc.eu\/sk\/damske\/topanky\/lodicky-avysoke-podpatky\/vyska-podpatku:viac_ako_10_cm\" target=\"_blank\" rel=\"noreferrer noopener\"> <\/a><a href=\"https:\/\/ccc.eu\/sk\/damske\/topanky\/lodicky-avysoke-podpatky\/vyska-podpatku:viac_ako_10_cm\" target=\"_blank\" rel=\"noreferrer noopener\">ihli\u010dky<\/a>. Ide o \u017eensk\u00fa klasiku \u2013 preto je to must have aj v\u00e1\u0161ho top\u00e1nkovn\u00edka. <strong>V CCC n\u00e1jdete ide\u00e1lne k\u00fasky, predstavuj\u00fa ich<\/strong><a href=\"https:\/\/ccc.eu\/sk\/damske\/topanky\/lodicky-avysoke-podpatky\/znacka:deezee\" target=\"_blank\" rel=\"noreferrer noopener\"><strong> <\/strong><\/a><a href=\"https:\/\/ccc.eu\/sk\/damske\/topanky\/lodicky-avysoke-podpatky\/znacka:deezee\" target=\"_blank\" rel=\"noreferrer noopener\"><strong>lodi\u010dky Deezee<\/strong><\/a><strong>.&nbsp;<\/strong>&nbsp;<\/p>\n\n\n\n<p>Z pestr\u00e9ho portf\u00f3lia vysok\u00fdch modelov si vyberie ka\u017ed\u00e1 \u2013 aj vy! Ak m\u00e1te pred podobn\u00fdmi top\u00e1nkami re\u0161pekt, <strong>vyberte si st\u013apov\u00e9 podp\u00e4tky<\/strong> \u2013 s\u00fa \u0161ir\u0161ie, tak\u017ee chodidl\u00e1m pon\u00fakaj\u00fa v\u00e4\u010d\u0161iu stabilitu i pohodlie. Rozmer podp\u00e4tku im neuber\u00e1 na elegancii, tak\u017ee si p\u00e1r ur\u010dite vyberte aj do svojej top\u00e1nkovej v\u00fdbavy. V kurze s\u00fa u\u017e nieko\u013eko sez\u00f3n <strong>mimoriadne<\/strong> <strong>pohodln\u00e9 klinov\u00e9 podp\u00e4tky, ktor\u00e9 kedysi predstavovali ortopedick\u00fa obuv.<\/strong> Paradoxne, dnes ich nosia najv\u00e4\u010d\u0161ie trendsetterky.<a href=\"https:\/\/ccc.eu\/sk\/damske\/topanky\/lodicky-avysoke-podpatky\/znacka:gino_rossi\" target=\"_blank\" rel=\"noreferrer noopener\"> <\/a><a href=\"https:\/\/ccc.eu\/sk\/damske\/topanky\/lodicky-avysoke-podpatky\/znacka:gino_rossi\" target=\"_blank\" rel=\"noreferrer noopener\">Lodi\u010dky Gino Rossi<\/a> bud\u00fa perfektnou vo\u013ebou, ak m\u00e1te rady modern\u00e9 prevedenie a komfort v jednom.&nbsp;<\/p>\n\n\n\n<shortcode prop-category=\"Lodi\u010dky\" prop-gender=\"D\u00e1mske\" prop-manufacturer=\"DeeZee\" prop-load-num=\"12\" prop-display-num=\"4\" prop-sku=\"5904248752835, 5904248612689, 5903698287249, 5904248190705, 5904248307271, 5904248336233 \" prop-view=\"slider\"><\/shortcode>        <div\r\n            class=\"eob-pf-shortcode\"\r\n            id=\"eobpf69f4b7f72ac0b\"\r\n        >\r\n            <shortcode prop-category=\"Lodi\u010dky\" prop-gender=\"D\u00e1mske\" prop-manufacturer=\"DeeZee\" prop-load-num=\"12\" prop-display-num=\"4\" prop-sku=\"5904248752835, 5904248612689, 5903698287249, 5904248190705, 5904248307271, 5904248336233 \" prop-view=\"slider\"><\/shortcode>        <\/div>\r\n\t\t<script>\r\n\t\t\tjQuery(document).ready(() => {\r\n\t\t\t    const root = document.getElementById('eobpf69f4b7f72ac0b');\r\n                Vue.createApp({\r\n\t                components: {\r\n\t                    shortcode\r\n\t                }\r\n                }).mount(root);\r\n\t\t\t});\r\n\t\t<\/script>\r\n\t\t\r\n\t\t\n\n\n\n<p><\/p>\n\n\n\n<h2 class=\"wp-block-heading\"><strong>Platformy a mas\u00edvne podp\u00e4tky oslovia v\u00fdrazn\u00e9 \u017eeny<\/strong>\u00a0<\/h2>\n\n\n\n<p>&#8230;a nielen tie. S\u00fa tie\u017e perfektn\u00fdm rie\u0161en\u00edm, ak preferujete pohodlie a z\u00e1rove\u0148 si chcete prida\u0165 nieko\u013eko centimetrov navy\u0161e. Vysok\u00e1 podr\u00e1\u017eka sved\u010d\u00ed najm\u00e4 \u017een\u00e1m, ktor\u00e9 maj\u00fa \u0161t\u00edhle nohy a \u017eij\u00fa akt\u00edvne. V\u00fd\u0161ka podr\u00e1\u017eky ich v\u00f4bec nelimituje a st\u00e1le maj\u00fa na noh\u00e1ch \u201evysok\u00e9 top\u00e1nky\u201c. <strong>Platforma alebo mas\u00edvny podp\u00e4tok<\/strong> \u2013 to je dilema v\u0161etk\u00fdch d\u00e1m, ktor\u00e9 rady vybo\u010dia z davu. Dominantn\u00e9 top\u00e1nky na seba obvykle strhn\u00fa v\u0161etku pozornos\u0165, preto bu\u010fte pripraven\u00e9 na to, \u017ee s mas\u00edvnymi k\u00faskami na noh\u00e1ch sa premen\u00edte na magnet na poh\u013eady. <strong>Top\u00e1nky maj\u00fa jednu nezamenite\u013en\u00fa vlastnos\u0165 \u2013 dok\u00e1\u017eu \u201eto\u201c poveda\u0165 za v\u00e1s.&nbsp;<\/strong>&nbsp;<\/p>\n\n\n\n<p>Len si spome\u0148te ako za\u010d\u00ednala Lady Gaga v krkolomn\u00fdch <strong>mas\u00edvnych ihl\u00e1ch Armadillo z dielne Alexandra Mcqueena.<\/strong> Tieto legend\u00e1rne top\u00e1nky presl\u00e1vila. Alebo naopak \u2013 ony ju? Dnes n\u00e1jdete na trhu top\u00e1nky doslova od v\u00fdmyslu sveta \u2013 podp\u00e4tok v tvare p\u00edsmen ikonickej zna\u010dky YSL, vo forme \u017eensk\u00e9ho r\u00fa\u017eu, plame\u0148a alebo mot\u00fdl\u00edch kr\u00eddel \u010di kvetu? Ak neviete, kde a ako extravagantn\u00e9 typy zh\u00e1\u0148a\u0165, do vyh\u013ead\u00e1va\u010da zadajte \u201esculptural heels\u201c.&nbsp;&nbsp;<\/p>\n\n\n\n<p>Budete prekvapen\u00e9, kam a\u017e siaha \u013eudsk\u00e1 fant\u00e1zia. Ak v\u0161ak t\u00fa\u017eite po klasick\u00fdch lodi\u010dk\u00e1ch, ktor\u00e9 budete m\u00f4c\u0165 nosi\u0165 medzi \u013eud\u00ed \u2013 <strong>u n\u00e1s v CCC n\u00e1jdete stovky dychber\u00facich modelov,<\/strong> ktor\u00e9 si v\u00e1s z\u00edskaj\u00fa. Po\u010fte sa presved\u010di\u0165!\u00a0<\/p>\n","protected":false},"excerpt":{"rendered":"<p>N\u00edzke lodi\u010dky, st\u013apov\u00e9 alebo mas\u00edvne podp\u00e4tky&#8230; Napriek tomu, \u017ee vysok\u00e9 top\u00e1nky boli kedysi dom\u00e9nou mu\u017esk\u00e9ho pokolenia, dnes s\u00fa symbolom rafinovanej \u017eenskosti a elegancie. Sme si ist\u00ed, \u017ee dominuj\u00fa aj v\u00e1\u0161mu \u0161atn\u00edku a zbo\u017e\u0148ujete ich minim\u00e1lne tak ako my v CCC!&nbsp; D\u00e1mske lodi\u010dky s\u00fa synonymom zmyselnosti, sta\u010d\u00ed ich obu\u0165 a v momente va\u0161e sebavedomie st\u00fapa smerom [&hellip;]<\/p>\n","protected":false},"author":15,"featured_media":5106,"comment_status":"open","ping_status":"open","sticky":false,"template":"","format":"standard","meta":{"_acf_changed":false,"footnotes":""},"categories":[6],"tags":[631,703,630],"class_list":["post-5104","post","type-post","status-publish","format-standard","has-post-thumbnail","hentry","category-trendy","tag-damska-obuv","tag-ihlicky","tag-lodicky"],"acf":[],"yoast_head":"<!-- This site is optimized with the Yoast SEO plugin v26.9 - https:\/\/yoast.com\/product\/yoast-seo-wordpress\/ -->\n<title>Podp\u00e4tky ako stelesnenie \u017eenskosti: Ihli\u010dky, platformy alebo klin? V CCC m\u00e1me v\u0161etko!\u00a0 - blog.ccc.eu\/sk<\/title>\n<meta name=\"description\" content=\"Sme si ist\u00ed, \u017ee n\u00edzke lodi\u010dky, st\u013apov\u00e9 alebo mas\u00edvne podp\u00e4tky dominuj\u00fa aj v\u00e1\u0161mu \u0161atn\u00edku a zbo\u017e\u0148ujete ich minim\u00e1lne tak ako my v CCC! 2026\" \/>\n<meta name=\"robots\" content=\"index, follow, max-snippet:-1, max-image-preview:large, max-video-preview:-1\" \/>\n<link rel=\"canonical\" href=\"https:\/\/blog.ccc.eu\/sk\/podpatky-ako-stelesnenie-zenskosti-ihlicky-platformy-alebo-klin-v-ccc-mame-vsetko\/\" \/>\n<meta property=\"og:locale\" content=\"sk_SK\" \/>\n<meta property=\"og:type\" content=\"article\" \/>\n<meta property=\"og:title\" content=\"Podp\u00e4tky ako stelesnenie \u017eenskosti: Ihli\u010dky, platformy alebo klin? V CCC m\u00e1me v\u0161etko!\u00a0 - blog.ccc.eu\/sk\" \/>\n<meta property=\"og:description\" content=\"Sme si ist\u00ed, \u017ee n\u00edzke lodi\u010dky, st\u013apov\u00e9 alebo mas\u00edvne podp\u00e4tky dominuj\u00fa aj v\u00e1\u0161mu \u0161atn\u00edku a zbo\u017e\u0148ujete ich minim\u00e1lne tak ako my v CCC!\" \/>\n<meta property=\"og:url\" content=\"https:\/\/blog.ccc.eu\/sk\/podpatky-ako-stelesnenie-zenskosti-ihlicky-platformy-alebo-klin-v-ccc-mame-vsetko\/\" \/>\n<meta property=\"og:site_name\" content=\"blog.ccc.eu\/sk\" \/>\n<meta property=\"article:published_time\" content=\"2022-06-08T12:38:59+00:00\" \/>\n<meta property=\"article:modified_time\" content=\"2023-01-27T09:35:11+00:00\" \/>\n<meta property=\"og:image\" content=\"https:\/\/blog.ccc.eu\/sk\/wp-content\/uploads\/2022\/06\/22112021_ZUZA_JENNY_FAIRY_0239.jpg\" \/>\n\t<meta property=\"og:image:width\" content=\"819\" \/>\n\t<meta property=\"og:image:height\" content=\"1024\" \/>\n\t<meta property=\"og:image:type\" content=\"image\/jpeg\" \/>\n<meta name=\"author\" content=\"Barbora Voln\u00e1\" \/>\n<meta name=\"twitter:card\" content=\"summary_large_image\" \/>\n<meta name=\"twitter:label1\" content=\"Autor\" \/>\n\t<meta name=\"twitter:data1\" content=\"Barbora Voln\u00e1\" \/>\n\t<meta name=\"twitter:label2\" content=\"Predpokladan\u00fd \u010das \u010d\u00edtania\" \/>\n\t<meta name=\"twitter:data2\" content=\"5 min\u00fat\" \/>\n<script type=\"application\/ld+json\" class=\"yoast-schema-graph\">{\"@context\":\"https:\/\/schema.org\",\"@graph\":[{\"@type\":\"Article\",\"@id\":\"https:\/\/blog.ccc.eu\/sk\/podpatky-ako-stelesnenie-zenskosti-ihlicky-platformy-alebo-klin-v-ccc-mame-vsetko\/#article\",\"isPartOf\":{\"@id\":\"https:\/\/blog.ccc.eu\/sk\/podpatky-ako-stelesnenie-zenskosti-ihlicky-platformy-alebo-klin-v-ccc-mame-vsetko\/\"},\"author\":{\"name\":\"Barbora Voln\u00e1\",\"@id\":\"https:\/\/blog.ccc.eu\/sk\/#\/schema\/person\/68ec00164afac44a148fa05f790da26e\"},\"headline\":\"Podp\u00e4tky ako stelesnenie \u017eenskosti: Ihli\u010dky, platformy alebo klin? V CCC m\u00e1me v\u0161etko!\u00a0\",\"datePublished\":\"2022-06-08T12:38:59+00:00\",\"dateModified\":\"2023-01-27T09:35:11+00:00\",\"mainEntityOfPage\":{\"@id\":\"https:\/\/blog.ccc.eu\/sk\/podpatky-ako-stelesnenie-zenskosti-ihlicky-platformy-alebo-klin-v-ccc-mame-vsetko\/\"},\"wordCount\":926,\"commentCount\":0,\"publisher\":{\"@id\":\"https:\/\/blog.ccc.eu\/sk\/#organization\"},\"image\":{\"@id\":\"https:\/\/blog.ccc.eu\/sk\/podpatky-ako-stelesnenie-zenskosti-ihlicky-platformy-alebo-klin-v-ccc-mame-vsetko\/#primaryimage\"},\"thumbnailUrl\":\"https:\/\/blog.ccc.eu\/sk\/wp-content\/uploads\/2022\/06\/22112021_ZUZA_JENNY_FAIRY_0239.jpg\",\"keywords\":[\"d\u00e1mska obuv\",\"Ihli\u010dky\",\"lodi\u010dky\"],\"articleSection\":[\"trendy\"],\"inLanguage\":\"sk-SK\",\"potentialAction\":[{\"@type\":\"CommentAction\",\"name\":\"Comment\",\"target\":[\"https:\/\/blog.ccc.eu\/sk\/podpatky-ako-stelesnenie-zenskosti-ihlicky-platformy-alebo-klin-v-ccc-mame-vsetko\/#respond\"]}]},{\"@type\":\"WebPage\",\"@id\":\"https:\/\/blog.ccc.eu\/sk\/podpatky-ako-stelesnenie-zenskosti-ihlicky-platformy-alebo-klin-v-ccc-mame-vsetko\/\",\"url\":\"https:\/\/blog.ccc.eu\/sk\/podpatky-ako-stelesnenie-zenskosti-ihlicky-platformy-alebo-klin-v-ccc-mame-vsetko\/\",\"name\":\"Podp\u00e4tky ako stelesnenie \u017eenskosti: Ihli\u010dky, platformy alebo klin? V CCC m\u00e1me v\u0161etko!\u00a0 - blog.ccc.eu\/sk\",\"isPartOf\":{\"@id\":\"https:\/\/blog.ccc.eu\/sk\/#website\"},\"primaryImageOfPage\":{\"@id\":\"https:\/\/blog.ccc.eu\/sk\/podpatky-ako-stelesnenie-zenskosti-ihlicky-platformy-alebo-klin-v-ccc-mame-vsetko\/#primaryimage\"},\"image\":{\"@id\":\"https:\/\/blog.ccc.eu\/sk\/podpatky-ako-stelesnenie-zenskosti-ihlicky-platformy-alebo-klin-v-ccc-mame-vsetko\/#primaryimage\"},\"thumbnailUrl\":\"https:\/\/blog.ccc.eu\/sk\/wp-content\/uploads\/2022\/06\/22112021_ZUZA_JENNY_FAIRY_0239.jpg\",\"datePublished\":\"2022-06-08T12:38:59+00:00\",\"dateModified\":\"2023-01-27T09:35:11+00:00\",\"description\":\"Sme si ist\u00ed, \u017ee n\u00edzke lodi\u010dky, st\u013apov\u00e9 alebo mas\u00edvne podp\u00e4tky dominuj\u00fa aj v\u00e1\u0161mu \u0161atn\u00edku a zbo\u017e\u0148ujete ich minim\u00e1lne tak ako my v CCC!\",\"breadcrumb\":{\"@id\":\"https:\/\/blog.ccc.eu\/sk\/podpatky-ako-stelesnenie-zenskosti-ihlicky-platformy-alebo-klin-v-ccc-mame-vsetko\/#breadcrumb\"},\"inLanguage\":\"sk-SK\",\"potentialAction\":[{\"@type\":\"ReadAction\",\"target\":[\"https:\/\/blog.ccc.eu\/sk\/podpatky-ako-stelesnenie-zenskosti-ihlicky-platformy-alebo-klin-v-ccc-mame-vsetko\/\"]}]},{\"@type\":\"ImageObject\",\"inLanguage\":\"sk-SK\",\"@id\":\"https:\/\/blog.ccc.eu\/sk\/podpatky-ako-stelesnenie-zenskosti-ihlicky-platformy-alebo-klin-v-ccc-mame-vsetko\/#primaryimage\",\"url\":\"https:\/\/blog.ccc.eu\/sk\/wp-content\/uploads\/2022\/06\/22112021_ZUZA_JENNY_FAIRY_0239.jpg\",\"contentUrl\":\"https:\/\/blog.ccc.eu\/sk\/wp-content\/uploads\/2022\/06\/22112021_ZUZA_JENNY_FAIRY_0239.jpg\",\"width\":819,\"height\":1024,\"caption\":\"d\u00e1mske zlat\u00e9 lodi\u010dky\"},{\"@type\":\"BreadcrumbList\",\"@id\":\"https:\/\/blog.ccc.eu\/sk\/podpatky-ako-stelesnenie-zenskosti-ihlicky-platformy-alebo-klin-v-ccc-mame-vsetko\/#breadcrumb\",\"itemListElement\":[{\"@type\":\"ListItem\",\"position\":1,\"name\":\"Strona g\u0142\u00f3wna\",\"item\":\"https:\/\/blog.ccc.eu\/sk\/\"},{\"@type\":\"ListItem\",\"position\":2,\"name\":\"Podp\u00e4tky ako stelesnenie \u017eenskosti: Ihli\u010dky, platformy alebo klin? V CCC m\u00e1me v\u0161etko!\u00a0\"}]},{\"@type\":\"WebSite\",\"@id\":\"https:\/\/blog.ccc.eu\/sk\/#website\",\"url\":\"https:\/\/blog.ccc.eu\/sk\/\",\"name\":\"blog.ccc.eu\/sk\",\"description\":\"Va\u0161e miesto pln\u00e9 m\u00f3dnych in\u0161pir\u00e1ci\u00ed\",\"publisher\":{\"@id\":\"https:\/\/blog.ccc.eu\/sk\/#organization\"},\"potentialAction\":[{\"@type\":\"SearchAction\",\"target\":{\"@type\":\"EntryPoint\",\"urlTemplate\":\"https:\/\/blog.ccc.eu\/sk\/?s={search_term_string}\"},\"query-input\":{\"@type\":\"PropertyValueSpecification\",\"valueRequired\":true,\"valueName\":\"search_term_string\"}}],\"inLanguage\":\"sk-SK\"},{\"@type\":\"Organization\",\"@id\":\"https:\/\/blog.ccc.eu\/sk\/#organization\",\"name\":\"CCC S.A.\",\"url\":\"https:\/\/blog.ccc.eu\/sk\/\",\"logo\":{\"@type\":\"ImageObject\",\"inLanguage\":\"sk-SK\",\"@id\":\"https:\/\/blog.ccc.eu\/sk\/#\/schema\/logo\/image\/\",\"url\":\"https:\/\/blog.ccc.eu\/sk\/wp-content\/uploads\/2021\/11\/logo_ccc.png\",\"contentUrl\":\"https:\/\/blog.ccc.eu\/sk\/wp-content\/uploads\/2021\/11\/logo_ccc.png\",\"width\":730,\"height\":270,\"caption\":\"CCC S.A.\"},\"image\":{\"@id\":\"https:\/\/blog.ccc.eu\/sk\/#\/schema\/logo\/image\/\"}},{\"@type\":\"Person\",\"@id\":\"https:\/\/blog.ccc.eu\/sk\/#\/schema\/person\/68ec00164afac44a148fa05f790da26e\",\"name\":\"Barbora Voln\u00e1\",\"image\":{\"@type\":\"ImageObject\",\"inLanguage\":\"sk-SK\",\"@id\":\"https:\/\/blog.ccc.eu\/sk\/#\/schema\/person\/image\/\",\"url\":\"https:\/\/blog.ccc.eu\/sk\/wp-content\/uploads\/2022\/02\/bibi-final-Cropped-100x100.jpg\",\"contentUrl\":\"https:\/\/blog.ccc.eu\/sk\/wp-content\/uploads\/2022\/02\/bibi-final-Cropped-100x100.jpg\",\"caption\":\"Barbora Voln\u00e1\"},\"description\":\"B\u00fdval\u00e1 \u0161\u00e9fredaktorka \u017eensk\u00e9ho magaz\u00ednu sa moment\u00e1lne venuje copywritingu, ktor\u00fd jej poskytuje \u0161irok\u00e9 pole p\u00f4sobnosti a slobodu slova. Napriek tomu, \u017ee m\u00e1 vy\u0161tudovan\u00fa environmentalistiku, tvorila u\u017e po\u010das strednej \u0161koly a nesk\u00f4r po\u010das vysokej \u0161koly prispievala \u010dl\u00e1nkami do mnoh\u00fdch \u017eensk\u00fdch magaz\u00ednov. Ak pr\u00e1ve nep\u00ed\u0161e, venuje v\u0161etok vo\u013en\u00fd \u010das rodine. Bl\u00edzko m\u00e1 najm\u00e4 k textom o kr\u00e1se, dom\u00e1cnosti, vz\u0165ahoch a zdravom \u017eivotnom \u0161t\u00fdle, porad\u00ed si v\u0161ak aj s technick\u00fdmi term\u00ednmi a ekonomickou problematikou.\",\"url\":\"https:\/\/blog.ccc.eu\/sk\/author\/ariel-zagorski\/\"}]}<\/script>\n<!-- \/ Yoast SEO plugin. -->","yoast_head_json":{"title":"Podp\u00e4tky ako stelesnenie \u017eenskosti: Ihli\u010dky, platformy alebo klin? V CCC m\u00e1me v\u0161etko!\u00a0 - blog.ccc.eu\/sk","description":"Sme si ist\u00ed, \u017ee n\u00edzke lodi\u010dky, st\u013apov\u00e9 alebo mas\u00edvne podp\u00e4tky dominuj\u00fa aj v\u00e1\u0161mu \u0161atn\u00edku a zbo\u017e\u0148ujete ich minim\u00e1lne tak ako my v CCC! 2026","robots":{"index":"index","follow":"follow","max-snippet":"max-snippet:-1","max-image-preview":"max-image-preview:large","max-video-preview":"max-video-preview:-1"},"canonical":"https:\/\/blog.ccc.eu\/sk\/podpatky-ako-stelesnenie-zenskosti-ihlicky-platformy-alebo-klin-v-ccc-mame-vsetko\/","og_locale":"sk_SK","og_type":"article","og_title":"Podp\u00e4tky ako stelesnenie \u017eenskosti: Ihli\u010dky, platformy alebo klin? V CCC m\u00e1me v\u0161etko!\u00a0 - blog.ccc.eu\/sk","og_description":"Sme si ist\u00ed, \u017ee n\u00edzke lodi\u010dky, st\u013apov\u00e9 alebo mas\u00edvne podp\u00e4tky dominuj\u00fa aj v\u00e1\u0161mu \u0161atn\u00edku a zbo\u017e\u0148ujete ich minim\u00e1lne tak ako my v CCC!","og_url":"https:\/\/blog.ccc.eu\/sk\/podpatky-ako-stelesnenie-zenskosti-ihlicky-platformy-alebo-klin-v-ccc-mame-vsetko\/","og_site_name":"blog.ccc.eu\/sk","article_published_time":"2022-06-08T12:38:59+00:00","article_modified_time":"2023-01-27T09:35:11+00:00","og_image":[{"width":819,"height":1024,"url":"https:\/\/blog.ccc.eu\/sk\/wp-content\/uploads\/2022\/06\/22112021_ZUZA_JENNY_FAIRY_0239.jpg","type":"image\/jpeg"}],"author":"Barbora Voln\u00e1","twitter_card":"summary_large_image","twitter_misc":{"Autor":"Barbora Voln\u00e1","Predpokladan\u00fd \u010das \u010d\u00edtania":"5 min\u00fat"},"schema":{"@context":"https:\/\/schema.org","@graph":[{"@type":"Article","@id":"https:\/\/blog.ccc.eu\/sk\/podpatky-ako-stelesnenie-zenskosti-ihlicky-platformy-alebo-klin-v-ccc-mame-vsetko\/#article","isPartOf":{"@id":"https:\/\/blog.ccc.eu\/sk\/podpatky-ako-stelesnenie-zenskosti-ihlicky-platformy-alebo-klin-v-ccc-mame-vsetko\/"},"author":{"name":"Barbora Voln\u00e1","@id":"https:\/\/blog.ccc.eu\/sk\/#\/schema\/person\/68ec00164afac44a148fa05f790da26e"},"headline":"Podp\u00e4tky ako stelesnenie \u017eenskosti: Ihli\u010dky, platformy alebo klin? V CCC m\u00e1me v\u0161etko!\u00a0","datePublished":"2022-06-08T12:38:59+00:00","dateModified":"2023-01-27T09:35:11+00:00","mainEntityOfPage":{"@id":"https:\/\/blog.ccc.eu\/sk\/podpatky-ako-stelesnenie-zenskosti-ihlicky-platformy-alebo-klin-v-ccc-mame-vsetko\/"},"wordCount":926,"commentCount":0,"publisher":{"@id":"https:\/\/blog.ccc.eu\/sk\/#organization"},"image":{"@id":"https:\/\/blog.ccc.eu\/sk\/podpatky-ako-stelesnenie-zenskosti-ihlicky-platformy-alebo-klin-v-ccc-mame-vsetko\/#primaryimage"},"thumbnailUrl":"https:\/\/blog.ccc.eu\/sk\/wp-content\/uploads\/2022\/06\/22112021_ZUZA_JENNY_FAIRY_0239.jpg","keywords":["d\u00e1mska obuv","Ihli\u010dky","lodi\u010dky"],"articleSection":["trendy"],"inLanguage":"sk-SK","potentialAction":[{"@type":"CommentAction","name":"Comment","target":["https:\/\/blog.ccc.eu\/sk\/podpatky-ako-stelesnenie-zenskosti-ihlicky-platformy-alebo-klin-v-ccc-mame-vsetko\/#respond"]}]},{"@type":"WebPage","@id":"https:\/\/blog.ccc.eu\/sk\/podpatky-ako-stelesnenie-zenskosti-ihlicky-platformy-alebo-klin-v-ccc-mame-vsetko\/","url":"https:\/\/blog.ccc.eu\/sk\/podpatky-ako-stelesnenie-zenskosti-ihlicky-platformy-alebo-klin-v-ccc-mame-vsetko\/","name":"Podp\u00e4tky ako stelesnenie \u017eenskosti: Ihli\u010dky, platformy alebo klin? V CCC m\u00e1me v\u0161etko!\u00a0 - blog.ccc.eu\/sk","isPartOf":{"@id":"https:\/\/blog.ccc.eu\/sk\/#website"},"primaryImageOfPage":{"@id":"https:\/\/blog.ccc.eu\/sk\/podpatky-ako-stelesnenie-zenskosti-ihlicky-platformy-alebo-klin-v-ccc-mame-vsetko\/#primaryimage"},"image":{"@id":"https:\/\/blog.ccc.eu\/sk\/podpatky-ako-stelesnenie-zenskosti-ihlicky-platformy-alebo-klin-v-ccc-mame-vsetko\/#primaryimage"},"thumbnailUrl":"https:\/\/blog.ccc.eu\/sk\/wp-content\/uploads\/2022\/06\/22112021_ZUZA_JENNY_FAIRY_0239.jpg","datePublished":"2022-06-08T12:38:59+00:00","dateModified":"2023-01-27T09:35:11+00:00","description":"Sme si ist\u00ed, \u017ee n\u00edzke lodi\u010dky, st\u013apov\u00e9 alebo mas\u00edvne podp\u00e4tky dominuj\u00fa aj v\u00e1\u0161mu \u0161atn\u00edku a zbo\u017e\u0148ujete ich minim\u00e1lne tak ako my v CCC!","breadcrumb":{"@id":"https:\/\/blog.ccc.eu\/sk\/podpatky-ako-stelesnenie-zenskosti-ihlicky-platformy-alebo-klin-v-ccc-mame-vsetko\/#breadcrumb"},"inLanguage":"sk-SK","potentialAction":[{"@type":"ReadAction","target":["https:\/\/blog.ccc.eu\/sk\/podpatky-ako-stelesnenie-zenskosti-ihlicky-platformy-alebo-klin-v-ccc-mame-vsetko\/"]}]},{"@type":"ImageObject","inLanguage":"sk-SK","@id":"https:\/\/blog.ccc.eu\/sk\/podpatky-ako-stelesnenie-zenskosti-ihlicky-platformy-alebo-klin-v-ccc-mame-vsetko\/#primaryimage","url":"https:\/\/blog.ccc.eu\/sk\/wp-content\/uploads\/2022\/06\/22112021_ZUZA_JENNY_FAIRY_0239.jpg","contentUrl":"https:\/\/blog.ccc.eu\/sk\/wp-content\/uploads\/2022\/06\/22112021_ZUZA_JENNY_FAIRY_0239.jpg","width":819,"height":1024,"caption":"d\u00e1mske zlat\u00e9 lodi\u010dky"},{"@type":"BreadcrumbList","@id":"https:\/\/blog.ccc.eu\/sk\/podpatky-ako-stelesnenie-zenskosti-ihlicky-platformy-alebo-klin-v-ccc-mame-vsetko\/#breadcrumb","itemListElement":[{"@type":"ListItem","position":1,"name":"Strona g\u0142\u00f3wna","item":"https:\/\/blog.ccc.eu\/sk\/"},{"@type":"ListItem","position":2,"name":"Podp\u00e4tky ako stelesnenie \u017eenskosti: Ihli\u010dky, platformy alebo klin? V CCC m\u00e1me v\u0161etko!\u00a0"}]},{"@type":"WebSite","@id":"https:\/\/blog.ccc.eu\/sk\/#website","url":"https:\/\/blog.ccc.eu\/sk\/","name":"blog.ccc.eu\/sk","description":"Va\u0161e miesto pln\u00e9 m\u00f3dnych in\u0161pir\u00e1ci\u00ed","publisher":{"@id":"https:\/\/blog.ccc.eu\/sk\/#organization"},"potentialAction":[{"@type":"SearchAction","target":{"@type":"EntryPoint","urlTemplate":"https:\/\/blog.ccc.eu\/sk\/?s={search_term_string}"},"query-input":{"@type":"PropertyValueSpecification","valueRequired":true,"valueName":"search_term_string"}}],"inLanguage":"sk-SK"},{"@type":"Organization","@id":"https:\/\/blog.ccc.eu\/sk\/#organization","name":"CCC S.A.","url":"https:\/\/blog.ccc.eu\/sk\/","logo":{"@type":"ImageObject","inLanguage":"sk-SK","@id":"https:\/\/blog.ccc.eu\/sk\/#\/schema\/logo\/image\/","url":"https:\/\/blog.ccc.eu\/sk\/wp-content\/uploads\/2021\/11\/logo_ccc.png","contentUrl":"https:\/\/blog.ccc.eu\/sk\/wp-content\/uploads\/2021\/11\/logo_ccc.png","width":730,"height":270,"caption":"CCC S.A."},"image":{"@id":"https:\/\/blog.ccc.eu\/sk\/#\/schema\/logo\/image\/"}},{"@type":"Person","@id":"https:\/\/blog.ccc.eu\/sk\/#\/schema\/person\/68ec00164afac44a148fa05f790da26e","name":"Barbora Voln\u00e1","image":{"@type":"ImageObject","inLanguage":"sk-SK","@id":"https:\/\/blog.ccc.eu\/sk\/#\/schema\/person\/image\/","url":"https:\/\/blog.ccc.eu\/sk\/wp-content\/uploads\/2022\/02\/bibi-final-Cropped-100x100.jpg","contentUrl":"https:\/\/blog.ccc.eu\/sk\/wp-content\/uploads\/2022\/02\/bibi-final-Cropped-100x100.jpg","caption":"Barbora Voln\u00e1"},"description":"B\u00fdval\u00e1 \u0161\u00e9fredaktorka \u017eensk\u00e9ho magaz\u00ednu sa moment\u00e1lne venuje copywritingu, ktor\u00fd jej poskytuje \u0161irok\u00e9 pole p\u00f4sobnosti a slobodu slova. Napriek tomu, \u017ee m\u00e1 vy\u0161tudovan\u00fa environmentalistiku, tvorila u\u017e po\u010das strednej \u0161koly a nesk\u00f4r po\u010das vysokej \u0161koly prispievala \u010dl\u00e1nkami do mnoh\u00fdch \u017eensk\u00fdch magaz\u00ednov. Ak pr\u00e1ve nep\u00ed\u0161e, venuje v\u0161etok vo\u013en\u00fd \u010das rodine. Bl\u00edzko m\u00e1 najm\u00e4 k textom o kr\u00e1se, dom\u00e1cnosti, vz\u0165ahoch a zdravom \u017eivotnom \u0161t\u00fdle, porad\u00ed si v\u0161ak aj s technick\u00fdmi term\u00ednmi a ekonomickou problematikou.","url":"https:\/\/blog.ccc.eu\/sk\/author\/ariel-zagorski\/"}]}},"_links":{"self":[{"href":"https:\/\/blog.ccc.eu\/sk\/wp-json\/wp\/v2\/posts\/5104","targetHints":{"allow":["GET"]}}],"collection":[{"href":"https:\/\/blog.ccc.eu\/sk\/wp-json\/wp\/v2\/posts"}],"about":[{"href":"https:\/\/blog.ccc.eu\/sk\/wp-json\/wp\/v2\/types\/post"}],"author":[{"embeddable":true,"href":"https:\/\/blog.ccc.eu\/sk\/wp-json\/wp\/v2\/users\/15"}],"replies":[{"embeddable":true,"href":"https:\/\/blog.ccc.eu\/sk\/wp-json\/wp\/v2\/comments?post=5104"}],"version-history":[{"count":3,"href":"https:\/\/blog.ccc.eu\/sk\/wp-json\/wp\/v2\/posts\/5104\/revisions"}],"predecessor-version":[{"id":6057,"href":"https:\/\/blog.ccc.eu\/sk\/wp-json\/wp\/v2\/posts\/5104\/revisions\/6057"}],"wp:featuredmedia":[{"embeddable":true,"href":"https:\/\/blog.ccc.eu\/sk\/wp-json\/wp\/v2\/media\/5106"}],"wp:attachment":[{"href":"https:\/\/blog.ccc.eu\/sk\/wp-json\/wp\/v2\/media?parent=5104"}],"wp:term":[{"taxonomy":"category","embeddable":true,"href":"https:\/\/blog.ccc.eu\/sk\/wp-json\/wp\/v2\/categories?post=5104"},{"taxonomy":"post_tag","embeddable":true,"href":"https:\/\/blog.ccc.eu\/sk\/wp-json\/wp\/v2\/tags?post=5104"}],"curies":[{"name":"wp","href":"https:\/\/api.w.org\/{rel}","templated":true}]}}