{"id":5119,"date":"2022-06-10T12:43:37","date_gmt":"2022-06-10T10:43:37","guid":{"rendered":"https:\/\/blog.ccc.eu\/sk\/?p=5119"},"modified":"2023-01-26T10:38:56","modified_gmt":"2023-01-26T09:38:56","slug":"stylove-tasky-nielen-do-fitka-na-plaz-len-pohodlne-a-v-lezernom","status":"publish","type":"post","link":"https:\/\/blog.ccc.eu\/sk\/stylove-tasky-nielen-do-fitka-na-plaz-len-pohodlne-a-v-lezernom\/","title":{"rendered":"\u0160t\u00fdlov\u00e9 ta\u0161ky nielen do fitka: na pl\u00e1\u017e len pohodlne a v le\u017e\u00e9rnom\u00a0"},"content":{"rendered":"\n<p><strong>Leto sa bl\u00ed\u017ei nezadr\u017eate\u013enou r\u00fdchlos\u0165ou a v\u0161etci za\u010d\u00edname poci\u0165ova\u0165 n\u00e1val energie a vitality. Komu by sa chcelo sedie\u0165 doma, ke\u010f vonku pra\u017e\u00ed slnko, \u013eudia sa sch\u00e1dzaj\u00fa pri vode na osvie\u017euj\u00facom drinku a vychutn\u00e1vaj\u00fa si pr\u00edjemn\u00fa letn\u00fa hudbu?&nbsp;&nbsp;<\/strong><\/p>\n\n\n\n<figure class=\"wp-block-image size-large\"><img loading=\"lazy\" decoding=\"async\" width=\"1024\" height=\"623\" src=\"https:\/\/blog.ccc.eu\/sk\/wp-content\/uploads\/2022\/06\/tenisice-za-trcanje-zeny-1024x623.jpg\" alt=\"d\u00e1mska \u0161portov\u00e1 ta\u0161ka\" class=\"wp-image-5122\" srcset=\"https:\/\/blog.ccc.eu\/sk\/wp-content\/uploads\/2022\/06\/tenisice-za-trcanje-zeny-1024x623.jpg 1024w, https:\/\/blog.ccc.eu\/sk\/wp-content\/uploads\/2022\/06\/tenisice-za-trcanje-zeny-300x183.jpg 300w, https:\/\/blog.ccc.eu\/sk\/wp-content\/uploads\/2022\/06\/tenisice-za-trcanje-zeny-768x468.jpg 768w, https:\/\/blog.ccc.eu\/sk\/wp-content\/uploads\/2022\/06\/tenisice-za-trcanje-zeny-1536x935.jpg 1536w, https:\/\/blog.ccc.eu\/sk\/wp-content\/uploads\/2022\/06\/tenisice-za-trcanje-zeny-100x61.jpg 100w, https:\/\/blog.ccc.eu\/sk\/wp-content\/uploads\/2022\/06\/tenisice-za-trcanje-zeny.jpg 1920w\" sizes=\"auto, (max-width: 1024px) 100vw, 1024px\" \/><\/figure>\n\n\n\n<p>Ve\u013ea \u013eud\u00ed dobieha aj \u0161portov\u00e9 tr\u00e9ningy, predsa chc\u00fa by\u0165 po\u010das najenergickej\u0161ieho obdobia roka v super forme! M\u00e1te na to v\u0161etko potrebn\u00e9? Ak aj nie ste \u0161portov\u00fd typ, ur\u010dite v\u00e1m odpor\u00fa\u010dame zadov\u00e1\u017ei\u0165 si le\u017e\u00e9rne \u0161portov\u00e9 oble\u010denie a doplnky, ktor\u00e9 si okrem posil\u0148ovne m\u00f4\u017eete zobra\u0165 so sebou aj k jazeru, na dovolenku alebo do aquaparku.&nbsp;&nbsp;<\/p>\n\n\n\n<p>CCC pon\u00faka okrem kvalitnej elegantnej a \u0161portovej obuvi na cel\u00fd rok aj <strong>ta\u0161ky \u010di f\u013ea\u0161e na cvi\u010denie<\/strong>. V tomto \u010dl\u00e1nku v\u00e1m predstav\u00edme nieko\u013eko k\u00faskov, o ktor\u00fdch si mysl\u00edme, \u017ee sa z\u00eddu ka\u017ed\u00e9mu. \u010ci u\u017e pravidelne nav\u0161tevujete fitness centrum, plav\u00e1re\u0148, preferujete skupinov\u00e9 cvi\u010denia, alebo ste tzv. domased, nasleduj\u00face veci ur\u010dite vyu\u017eijete aj mimo fitko.&nbsp;&nbsp;<\/p>\n\n\n\n\n\n<h2 class=\"wp-block-heading\"><strong>M\u00e1te v \u0161atn\u00edku praktick\u00e9 k\u00fasky?&nbsp;<\/strong><\/h2>\n\n\n\n<p>Predsalen, trendov\u00e1 elegantn\u00e1 kabelka v\u00e1m bude na ni\u010d, ke\u010f sa potrebujete nar\u00fdchlo zbali\u0165 a vyrazi\u0165 s priate\u013emi na letn\u00fa stanova\u010dku do pr\u00edrody. V \u0161atn\u00edku treba ma\u0165 aj praktick\u00e9 k\u00fasky.&nbsp;&nbsp;<\/p>\n\n\n\n<h2 class=\"wp-block-heading\"><strong>\u0160portov\u00e1 ta\u0161ka je nevyhnutnos\u0165&nbsp;<\/strong><\/h2>\n\n\n\n<p>Jedn\u00fdm z d\u00f4le\u017eit\u00fdch doplnkov je <a href=\"https:\/\/ccc.eu\/sk\/panske\/sport\/doplnky-na-cvicenie\" target=\"_blank\" rel=\"noreferrer noopener\"><strong>ta\u0161ka na cvi\u010denie<\/strong><\/a>, ktor\u00e1 v ka\u017edej rodine n\u00e1jde v\u017edy vyu\u017eitie &#8211; do fitness centra, na tr\u00e9ning, jogu, stanova\u010dku, do aquaparku i na intern\u00e1t po\u010das akademick\u00e9ho roka. Spr\u00e1vna <strong>\u0161portov\u00e1 ta\u0161ka<\/strong> by mala by\u0165 dostato\u010dne priestrann\u00e1, aby sa do nej zmestilo v\u0161etko potrebn\u00e9 oble\u010denie, obuv, uter\u00e1ky, ob\u010derstvenie, fitness pom\u00f4cky.&nbsp;&nbsp;<\/p>\n\n\n\n<p>Skvelou a overenou vo\u013ebou bude <strong>pre mu\u017eov i \u017eeny jednozna\u010dne <\/strong><a href=\"https:\/\/ccc.eu\/sk\/panske\/sport\/doplnky-na-cvicenie\/znacka:adidas\" target=\"_blank\" rel=\"noreferrer noopener\"><strong>Adidas ta\u0161ka<\/strong><\/a>. Je to invest\u00edcia, s ktorou budete ma\u0165 vystaran\u00e9 na nieko\u013eko rokov dopredu. Zna\u010dka Adidas je na trhu u\u017e takmer 100 rokov a nosia ju takmer v\u0161etci &#8211; svetozn\u00e1mi \u0161portovci i oby\u010dajn\u00ed \u013eudia na ulici. Ta\u0161ky, ktor\u00e9 n\u00e1jdete v CCC s\u00fa vhodn\u00e9 pre profesion\u00e1lnych, rekrea\u010dn\u00fdch \u0161portovcov i oby\u010dajn\u00fdch \u013eud\u00ed, ktor\u00fdm sa jednoducho p\u00e1\u010di \u0161portov\u00e1 zna\u010dkov\u00e1 m\u00f3da.&nbsp;&nbsp;<\/p>\n\n\n\n<h2 class=\"wp-block-heading\"><strong>Kedy ta\u0161ka a kedy naopak \u0161portov\u00e9 vrecko?&nbsp;<\/strong><\/h2>\n\n\n\n<p>Ve\u013ekos\u0165 ta\u0161ky na cvi\u010denie si vyberajte pod\u013ea \u00fa\u010delu. <strong>Na jogu, kde v\u00e1m sta\u010d\u00ed len \u0161portov\u00e9 oble\u010denie v\u00e1m posl\u00fa\u017ei aj oby\u010dajn\u00e9 <\/strong><a href=\"https:\/\/ccc.eu\/sk\/panske\/sport\/doplnky-na-cvicenie\/kategorie:skolske_vrecko_na_obuv\" target=\"_blank\" rel=\"noreferrer noopener\"><strong>\u0161portov\u00e9 vrecko<\/strong><\/a>. Na nieko\u013eko d\u0148ov\u00fd v\u00fdlet v bl\u00edzkosti Liptovskej Mary alebo Zempl\u00ednskej \u0161\u00edravy v\u00e1m to s ve\u013ekou pravdepodobnos\u0165ou nebude sta\u010di\u0165. Jedine, \u017ee patr\u00edte medzi nen\u00e1ro\u010dn\u00fdch \u013eud\u00ed, ktor\u00ed podnikaj\u00fa \u010dast\u00e9 v\u00fdlety do h\u00f4r a nau\u010dili sa \u017ei\u0165 bez ist\u00e9ho komfortu a v\u0161elijak\u00fdch vymo\u017eenost\u00ed.&nbsp;<\/p>\n\n\n\n<p>\u0160portov\u00e9 vreck\u00e1 s\u00fa zase \u010doraz viac ob\u013e\u00faben\u00e9 u t\u00edned\u017eerov. V minulosti i\u0161lo \u010disto o z\u00e1le\u017eitos\u0165 na telesn\u00fa v\u00fdchovu, dnes u\u017e tieto vreck\u00e1 nahr\u00e1dzaj\u00fa klasick\u00e9 kabelky \u010di batohy. Okrem toho s\u00fa <strong>maxim\u00e1lne pohodln\u00e9 na nosenie<\/strong> a dostato\u010dne ve\u013ek\u00e9 na ulo\u017eenie potrebn\u00fdch vec\u00ed. Ak niekam cestujete na dlh\u0161ie, \u0161portov\u00e9 vrecko si m\u00f4\u017eete zbali\u0165 do cestovnej ta\u0161ky, nezaber\u00e1 toti\u017e ve\u013ea miesta.&nbsp;&nbsp;<\/p>\n\n\n\n\n\n<p><strong>CCC pon\u00faka bohat\u00fd v\u00fdber vreciek ob\u013e\u00faben\u00fdch zna\u010diek Champion, Adidas, Reebok, Puma \u010di Sprandi. <\/strong>Neodmyslite\u013enou s\u00fa\u010das\u0165ou hor\u00faceho leta s\u00fa <strong>\u017eiariv\u00e9 farby<\/strong>. Vyjdite na chv\u00ed\u013eu z komfortnej z\u00f3ny a stavte napr\u00edklad na krik\u013eav\u00e9 oran\u017eov\u00e9, fialov\u00e9, viacfarebn\u00e9 \u010di metalick\u00e9 vrecko. Vyu\u017eijete ho na plavky, uter\u00e1k, \u0161\u013eapky, opa\u013eovac\u00ed kr\u00e9m a osobn\u00e9 doklady.&nbsp;<\/p>\n\n\n\n<h2 class=\"wp-block-heading\"><strong>Bez f\u013ea\u0161e ani na krok!&nbsp;&nbsp;<\/strong><\/h2>\n\n\n\n<p>Tak jasn\u00e1 vec a napriek tomu na \u0148u ve\u013ea \u013eud\u00ed zab\u00fada. V lete je potrebn\u00e9 zv\u00fd\u0161i\u0165 pr\u00edsun tekut\u00edn, ke\u010f\u017ee teploty s\u00fa \u010doraz vy\u0161\u0161ie a vy\u010derp\u00e1vaj\u00facej\u0161ie. O to viac, ak pravidelne cvi\u010d\u00edte a nam\u00e1hate organizmus. To, \u010do by v\u00e1m nemalo ch\u00fdba\u0165 pri ceste do fitka alebo na pl\u00e1\u017e, je <strong>f\u013ea\u0161a alebo<\/strong> <a href=\"https:\/\/ccc.eu\/sk\/panske\/sport\/doplnky-na-cvicenie\/kategorie:termoska\" target=\"_blank\" rel=\"noreferrer noopener\"><strong>termoska<\/strong><\/a> <strong>s vodou<\/strong>.&nbsp;<\/p>\n\n\n\n<p>Nez\u00e1le\u017e\u00ed na tom, \u017ee v bl\u00edzkom okol\u00ed sa nach\u00e1dza bar. \u013dudia v lete ob\u013eubuj\u00fa pitie sladk\u00fdch mie\u0161an\u00fdch n\u00e1pojov a neodpustia si ani alko-drinky. Pivko sem, pivko tam, no toto sa do pitn\u00e9ho re\u017eimu ner\u00e1ta. Z\u00e1kladom je \u010dist\u00e1 voda. Ke\u010f u\u017e si budete chcie\u0165 zaobstara\u0165 letn\u00fa \u0161portov\u00fa v\u00fdbavu, nezabudnite si pozrie\u0165 ponuku kvalitn\u00fdch termosiek Sprandi z termo materi\u00e1lu, ktor\u00fd v lete udr\u017eiava teplotu osvie\u017euj\u00faceho n\u00e1poja a v zime ju zas vyu\u017eijete na hor\u00faci \u010daj alebo k\u00e1vu.&nbsp;&nbsp;<\/p>\n\n\n\n<p><strong>Tak \u010do, u\u017e ste vybaven\u00ed na letn\u00fa sez\u00f3nu?<\/strong> S CCC to p\u00f4jde ove\u013ea \u013eah\u0161ie, nakupujte online z pohodlia domova.&nbsp;<\/p>\n","protected":false},"excerpt":{"rendered":"<p>Leto sa bl\u00ed\u017ei nezadr\u017eate\u013enou r\u00fdchlos\u0165ou a v\u0161etci za\u010d\u00edname poci\u0165ova\u0165 n\u00e1val energie a vitality. Komu by sa chcelo sedie\u0165 doma, ke\u010f vonku pra\u017e\u00ed slnko, \u013eudia sa sch\u00e1dzaj\u00fa pri vode na osvie\u017euj\u00facom drinku a vychutn\u00e1vaj\u00fa si pr\u00edjemn\u00fa letn\u00fa hudbu?&nbsp;&nbsp; Ve\u013ea \u013eud\u00ed dobieha aj \u0161portov\u00e9 tr\u00e9ningy, predsa chc\u00fa by\u0165 po\u010das najenergickej\u0161ieho obdobia roka v super forme! M\u00e1te na [&hellip;]<\/p>\n","protected":false},"author":7,"featured_media":5123,"comment_status":"open","ping_status":"open","sticky":false,"template":"","format":"standard","meta":{"_acf_changed":false,"footnotes":""},"categories":[4],"tags":[710,709,708,711,712],"class_list":["post-5119","post","type-post","status-publish","format-standard","has-post-thumbnail","hentry","category-modne-tipy","tag-adidas","tag-fitness","tag-sportova-taska","tag-termoska","tag-vrecko-na-topanky"],"acf":[],"yoast_head":"<!-- This site is optimized with the Yoast SEO plugin v26.9 - https:\/\/yoast.com\/product\/yoast-seo-wordpress\/ -->\n<title>\u0160t\u00fdlov\u00e9 ta\u0161ky nielen do fitka: na pl\u00e1\u017e len pohodlne a v le\u017e\u00e9rnom\u00a0 - blog.ccc.eu\/sk<\/title>\n<meta name=\"description\" content=\"CCC pon\u00faka okrem kvalitnej elegantnej a \u0161portovej obuvi na cel\u00fd rok aj ta\u0161ky \u010di f\u013ea\u0161e na cvi\u010denie. Tak \u010do, u\u017e ste vybaven\u00ed na letn\u00fa sez\u00f3nu? 2026\" \/>\n<meta name=\"robots\" content=\"index, follow, max-snippet:-1, max-image-preview:large, max-video-preview:-1\" \/>\n<link rel=\"canonical\" href=\"https:\/\/blog.ccc.eu\/sk\/stylove-tasky-nielen-do-fitka-na-plaz-len-pohodlne-a-v-lezernom\/\" \/>\n<meta property=\"og:locale\" content=\"sk_SK\" \/>\n<meta property=\"og:type\" content=\"article\" \/>\n<meta property=\"og:title\" content=\"\u0160t\u00fdlov\u00e9 ta\u0161ky nielen do fitka: na pl\u00e1\u017e len pohodlne a v le\u017e\u00e9rnom\u00a0 - blog.ccc.eu\/sk\" \/>\n<meta property=\"og:description\" content=\"CCC pon\u00faka okrem kvalitnej elegantnej a \u0161portovej obuvi na cel\u00fd rok aj ta\u0161ky \u010di f\u013ea\u0161e na cvi\u010denie. Tak \u010do, u\u017e ste vybaven\u00ed na letn\u00fa sez\u00f3nu?\" \/>\n<meta property=\"og:url\" content=\"https:\/\/blog.ccc.eu\/sk\/stylove-tasky-nielen-do-fitka-na-plaz-len-pohodlne-a-v-lezernom\/\" \/>\n<meta property=\"og:site_name\" content=\"blog.ccc.eu\/sk\" \/>\n<meta property=\"article:published_time\" content=\"2022-06-10T10:43:37+00:00\" \/>\n<meta property=\"article:modified_time\" content=\"2023-01-26T09:38:56+00:00\" \/>\n<meta property=\"og:image\" content=\"https:\/\/blog.ccc.eu\/sk\/wp-content\/uploads\/2022\/06\/imgonline-com-ua-CompressToSize-LH5BqSTgYhlpFy.jpg\" \/>\n\t<meta property=\"og:image:width\" content=\"889\" \/>\n\t<meta property=\"og:image:height\" content=\"960\" \/>\n\t<meta property=\"og:image:type\" content=\"image\/jpeg\" \/>\n<meta name=\"author\" content=\"Zuzka Feriancov\u00e1\" \/>\n<meta name=\"twitter:card\" content=\"summary_large_image\" \/>\n<meta name=\"twitter:label1\" content=\"Autor\" \/>\n\t<meta name=\"twitter:data1\" content=\"Zuzka Feriancov\u00e1\" \/>\n\t<meta name=\"twitter:label2\" content=\"Predpokladan\u00fd \u010das \u010d\u00edtania\" \/>\n\t<meta name=\"twitter:data2\" content=\"4 min\u00faty\" \/>\n<script type=\"application\/ld+json\" class=\"yoast-schema-graph\">{\"@context\":\"https:\/\/schema.org\",\"@graph\":[{\"@type\":\"Article\",\"@id\":\"https:\/\/blog.ccc.eu\/sk\/stylove-tasky-nielen-do-fitka-na-plaz-len-pohodlne-a-v-lezernom\/#article\",\"isPartOf\":{\"@id\":\"https:\/\/blog.ccc.eu\/sk\/stylove-tasky-nielen-do-fitka-na-plaz-len-pohodlne-a-v-lezernom\/\"},\"author\":{\"name\":\"Zuzka Feriancov\u00e1\",\"@id\":\"https:\/\/blog.ccc.eu\/sk\/#\/schema\/person\/0ee80e7562d03e7528637c42622d7773\"},\"headline\":\"\u0160t\u00fdlov\u00e9 ta\u0161ky nielen do fitka: na pl\u00e1\u017e len pohodlne a v le\u017e\u00e9rnom\u00a0\",\"datePublished\":\"2022-06-10T10:43:37+00:00\",\"dateModified\":\"2023-01-26T09:38:56+00:00\",\"mainEntityOfPage\":{\"@id\":\"https:\/\/blog.ccc.eu\/sk\/stylove-tasky-nielen-do-fitka-na-plaz-len-pohodlne-a-v-lezernom\/\"},\"wordCount\":880,\"commentCount\":0,\"publisher\":{\"@id\":\"https:\/\/blog.ccc.eu\/sk\/#organization\"},\"image\":{\"@id\":\"https:\/\/blog.ccc.eu\/sk\/stylove-tasky-nielen-do-fitka-na-plaz-len-pohodlne-a-v-lezernom\/#primaryimage\"},\"thumbnailUrl\":\"https:\/\/blog.ccc.eu\/sk\/wp-content\/uploads\/2022\/06\/imgonline-com-ua-CompressToSize-LH5BqSTgYhlpFy.jpg\",\"keywords\":[\"Adidas\",\"fitness\",\"\u0161portov\u00e1 ta\u0161ka\",\"termoska\",\"vrecko na top\u00e1nky\"],\"articleSection\":[\"M\u00d3DNE TIPY\"],\"inLanguage\":\"sk-SK\",\"potentialAction\":[{\"@type\":\"CommentAction\",\"name\":\"Comment\",\"target\":[\"https:\/\/blog.ccc.eu\/sk\/stylove-tasky-nielen-do-fitka-na-plaz-len-pohodlne-a-v-lezernom\/#respond\"]}]},{\"@type\":\"WebPage\",\"@id\":\"https:\/\/blog.ccc.eu\/sk\/stylove-tasky-nielen-do-fitka-na-plaz-len-pohodlne-a-v-lezernom\/\",\"url\":\"https:\/\/blog.ccc.eu\/sk\/stylove-tasky-nielen-do-fitka-na-plaz-len-pohodlne-a-v-lezernom\/\",\"name\":\"\u0160t\u00fdlov\u00e9 ta\u0161ky nielen do fitka: na pl\u00e1\u017e len pohodlne a v le\u017e\u00e9rnom\u00a0 - blog.ccc.eu\/sk\",\"isPartOf\":{\"@id\":\"https:\/\/blog.ccc.eu\/sk\/#website\"},\"primaryImageOfPage\":{\"@id\":\"https:\/\/blog.ccc.eu\/sk\/stylove-tasky-nielen-do-fitka-na-plaz-len-pohodlne-a-v-lezernom\/#primaryimage\"},\"image\":{\"@id\":\"https:\/\/blog.ccc.eu\/sk\/stylove-tasky-nielen-do-fitka-na-plaz-len-pohodlne-a-v-lezernom\/#primaryimage\"},\"thumbnailUrl\":\"https:\/\/blog.ccc.eu\/sk\/wp-content\/uploads\/2022\/06\/imgonline-com-ua-CompressToSize-LH5BqSTgYhlpFy.jpg\",\"datePublished\":\"2022-06-10T10:43:37+00:00\",\"dateModified\":\"2023-01-26T09:38:56+00:00\",\"description\":\"CCC pon\u00faka okrem kvalitnej elegantnej a \u0161portovej obuvi na cel\u00fd rok aj ta\u0161ky \u010di f\u013ea\u0161e na cvi\u010denie. Tak \u010do, u\u017e ste vybaven\u00ed na letn\u00fa sez\u00f3nu?\",\"breadcrumb\":{\"@id\":\"https:\/\/blog.ccc.eu\/sk\/stylove-tasky-nielen-do-fitka-na-plaz-len-pohodlne-a-v-lezernom\/#breadcrumb\"},\"inLanguage\":\"sk-SK\",\"potentialAction\":[{\"@type\":\"ReadAction\",\"target\":[\"https:\/\/blog.ccc.eu\/sk\/stylove-tasky-nielen-do-fitka-na-plaz-len-pohodlne-a-v-lezernom\/\"]}]},{\"@type\":\"ImageObject\",\"inLanguage\":\"sk-SK\",\"@id\":\"https:\/\/blog.ccc.eu\/sk\/stylove-tasky-nielen-do-fitka-na-plaz-len-pohodlne-a-v-lezernom\/#primaryimage\",\"url\":\"https:\/\/blog.ccc.eu\/sk\/wp-content\/uploads\/2022\/06\/imgonline-com-ua-CompressToSize-LH5BqSTgYhlpFy.jpg\",\"contentUrl\":\"https:\/\/blog.ccc.eu\/sk\/wp-content\/uploads\/2022\/06\/imgonline-com-ua-CompressToSize-LH5BqSTgYhlpFy.jpg\",\"width\":889,\"height\":960,\"caption\":\"d\u00e1mska \u0161portov\u00e1 ta\u0161ka\"},{\"@type\":\"BreadcrumbList\",\"@id\":\"https:\/\/blog.ccc.eu\/sk\/stylove-tasky-nielen-do-fitka-na-plaz-len-pohodlne-a-v-lezernom\/#breadcrumb\",\"itemListElement\":[{\"@type\":\"ListItem\",\"position\":1,\"name\":\"Strona g\u0142\u00f3wna\",\"item\":\"https:\/\/blog.ccc.eu\/sk\/\"},{\"@type\":\"ListItem\",\"position\":2,\"name\":\"\u0160t\u00fdlov\u00e9 ta\u0161ky nielen do fitka: na pl\u00e1\u017e len pohodlne a v le\u017e\u00e9rnom\u00a0\"}]},{\"@type\":\"WebSite\",\"@id\":\"https:\/\/blog.ccc.eu\/sk\/#website\",\"url\":\"https:\/\/blog.ccc.eu\/sk\/\",\"name\":\"blog.ccc.eu\/sk\",\"description\":\"Va\u0161e miesto pln\u00e9 m\u00f3dnych in\u0161pir\u00e1ci\u00ed\",\"publisher\":{\"@id\":\"https:\/\/blog.ccc.eu\/sk\/#organization\"},\"potentialAction\":[{\"@type\":\"SearchAction\",\"target\":{\"@type\":\"EntryPoint\",\"urlTemplate\":\"https:\/\/blog.ccc.eu\/sk\/?s={search_term_string}\"},\"query-input\":{\"@type\":\"PropertyValueSpecification\",\"valueRequired\":true,\"valueName\":\"search_term_string\"}}],\"inLanguage\":\"sk-SK\"},{\"@type\":\"Organization\",\"@id\":\"https:\/\/blog.ccc.eu\/sk\/#organization\",\"name\":\"CCC S.A.\",\"url\":\"https:\/\/blog.ccc.eu\/sk\/\",\"logo\":{\"@type\":\"ImageObject\",\"inLanguage\":\"sk-SK\",\"@id\":\"https:\/\/blog.ccc.eu\/sk\/#\/schema\/logo\/image\/\",\"url\":\"https:\/\/blog.ccc.eu\/sk\/wp-content\/uploads\/2021\/11\/logo_ccc.png\",\"contentUrl\":\"https:\/\/blog.ccc.eu\/sk\/wp-content\/uploads\/2021\/11\/logo_ccc.png\",\"width\":730,\"height\":270,\"caption\":\"CCC S.A.\"},\"image\":{\"@id\":\"https:\/\/blog.ccc.eu\/sk\/#\/schema\/logo\/image\/\"}},{\"@type\":\"Person\",\"@id\":\"https:\/\/blog.ccc.eu\/sk\/#\/schema\/person\/0ee80e7562d03e7528637c42622d7773\",\"name\":\"Zuzka Feriancov\u00e1\",\"image\":{\"@type\":\"ImageObject\",\"inLanguage\":\"sk-SK\",\"@id\":\"https:\/\/blog.ccc.eu\/sk\/#\/schema\/person\/image\/\",\"url\":\"https:\/\/blog.ccc.eu\/sk\/wp-content\/uploads\/2022\/02\/zuzka-copy-Cropped-100x100.jpg\",\"contentUrl\":\"https:\/\/blog.ccc.eu\/sk\/wp-content\/uploads\/2022\/02\/zuzka-copy-Cropped-100x100.jpg\",\"caption\":\"Zuzka Feriancov\u00e1\"},\"description\":\"V\u017edy som svoje my\u0161lienky vyjadrovala rad\u0161ej p\u00edsmom ne\u017e hovoren\u00fdm slovom. K pr\u00e1ci pristupujem intuit\u00edvne, na t\u00e9mu sa pozer\u00e1m \u013eudsky, o\u010dami potenci\u00e1lneho spotrebite\u013ea a sna\u017e\u00edm sa n\u00e1js\u0165 rie\u0161enia na jeho probl\u00e9my. V r\u00e1mci copywritingu m\u00e1m bohat\u00e9 sk\u00fasenosti z mnoh\u00fdch oblast\u00ed, no najviac mi u\u010darovali t\u00e9my ako dizajn, m\u00f3da, kr\u00e1sa, zdrav\u00fd \u017eivotn\u00fd \u0161t\u00fdl, investovanie \u010di modern\u00e9 technol\u00f3gie.\",\"url\":\"https:\/\/blog.ccc.eu\/sk\/author\/marlena-celinska\/\"}]}<\/script>\n<!-- \/ Yoast SEO plugin. -->","yoast_head_json":{"title":"\u0160t\u00fdlov\u00e9 ta\u0161ky nielen do fitka: na pl\u00e1\u017e len pohodlne a v le\u017e\u00e9rnom\u00a0 - blog.ccc.eu\/sk","description":"CCC pon\u00faka okrem kvalitnej elegantnej a \u0161portovej obuvi na cel\u00fd rok aj ta\u0161ky \u010di f\u013ea\u0161e na cvi\u010denie. Tak \u010do, u\u017e ste vybaven\u00ed na letn\u00fa sez\u00f3nu? 2026","robots":{"index":"index","follow":"follow","max-snippet":"max-snippet:-1","max-image-preview":"max-image-preview:large","max-video-preview":"max-video-preview:-1"},"canonical":"https:\/\/blog.ccc.eu\/sk\/stylove-tasky-nielen-do-fitka-na-plaz-len-pohodlne-a-v-lezernom\/","og_locale":"sk_SK","og_type":"article","og_title":"\u0160t\u00fdlov\u00e9 ta\u0161ky nielen do fitka: na pl\u00e1\u017e len pohodlne a v le\u017e\u00e9rnom\u00a0 - blog.ccc.eu\/sk","og_description":"CCC pon\u00faka okrem kvalitnej elegantnej a \u0161portovej obuvi na cel\u00fd rok aj ta\u0161ky \u010di f\u013ea\u0161e na cvi\u010denie. Tak \u010do, u\u017e ste vybaven\u00ed na letn\u00fa sez\u00f3nu?","og_url":"https:\/\/blog.ccc.eu\/sk\/stylove-tasky-nielen-do-fitka-na-plaz-len-pohodlne-a-v-lezernom\/","og_site_name":"blog.ccc.eu\/sk","article_published_time":"2022-06-10T10:43:37+00:00","article_modified_time":"2023-01-26T09:38:56+00:00","og_image":[{"width":889,"height":960,"url":"https:\/\/blog.ccc.eu\/sk\/wp-content\/uploads\/2022\/06\/imgonline-com-ua-CompressToSize-LH5BqSTgYhlpFy.jpg","type":"image\/jpeg"}],"author":"Zuzka Feriancov\u00e1","twitter_card":"summary_large_image","twitter_misc":{"Autor":"Zuzka Feriancov\u00e1","Predpokladan\u00fd \u010das \u010d\u00edtania":"4 min\u00faty"},"schema":{"@context":"https:\/\/schema.org","@graph":[{"@type":"Article","@id":"https:\/\/blog.ccc.eu\/sk\/stylove-tasky-nielen-do-fitka-na-plaz-len-pohodlne-a-v-lezernom\/#article","isPartOf":{"@id":"https:\/\/blog.ccc.eu\/sk\/stylove-tasky-nielen-do-fitka-na-plaz-len-pohodlne-a-v-lezernom\/"},"author":{"name":"Zuzka Feriancov\u00e1","@id":"https:\/\/blog.ccc.eu\/sk\/#\/schema\/person\/0ee80e7562d03e7528637c42622d7773"},"headline":"\u0160t\u00fdlov\u00e9 ta\u0161ky nielen do fitka: na pl\u00e1\u017e len pohodlne a v le\u017e\u00e9rnom\u00a0","datePublished":"2022-06-10T10:43:37+00:00","dateModified":"2023-01-26T09:38:56+00:00","mainEntityOfPage":{"@id":"https:\/\/blog.ccc.eu\/sk\/stylove-tasky-nielen-do-fitka-na-plaz-len-pohodlne-a-v-lezernom\/"},"wordCount":880,"commentCount":0,"publisher":{"@id":"https:\/\/blog.ccc.eu\/sk\/#organization"},"image":{"@id":"https:\/\/blog.ccc.eu\/sk\/stylove-tasky-nielen-do-fitka-na-plaz-len-pohodlne-a-v-lezernom\/#primaryimage"},"thumbnailUrl":"https:\/\/blog.ccc.eu\/sk\/wp-content\/uploads\/2022\/06\/imgonline-com-ua-CompressToSize-LH5BqSTgYhlpFy.jpg","keywords":["Adidas","fitness","\u0161portov\u00e1 ta\u0161ka","termoska","vrecko na top\u00e1nky"],"articleSection":["M\u00d3DNE TIPY"],"inLanguage":"sk-SK","potentialAction":[{"@type":"CommentAction","name":"Comment","target":["https:\/\/blog.ccc.eu\/sk\/stylove-tasky-nielen-do-fitka-na-plaz-len-pohodlne-a-v-lezernom\/#respond"]}]},{"@type":"WebPage","@id":"https:\/\/blog.ccc.eu\/sk\/stylove-tasky-nielen-do-fitka-na-plaz-len-pohodlne-a-v-lezernom\/","url":"https:\/\/blog.ccc.eu\/sk\/stylove-tasky-nielen-do-fitka-na-plaz-len-pohodlne-a-v-lezernom\/","name":"\u0160t\u00fdlov\u00e9 ta\u0161ky nielen do fitka: na pl\u00e1\u017e len pohodlne a v le\u017e\u00e9rnom\u00a0 - blog.ccc.eu\/sk","isPartOf":{"@id":"https:\/\/blog.ccc.eu\/sk\/#website"},"primaryImageOfPage":{"@id":"https:\/\/blog.ccc.eu\/sk\/stylove-tasky-nielen-do-fitka-na-plaz-len-pohodlne-a-v-lezernom\/#primaryimage"},"image":{"@id":"https:\/\/blog.ccc.eu\/sk\/stylove-tasky-nielen-do-fitka-na-plaz-len-pohodlne-a-v-lezernom\/#primaryimage"},"thumbnailUrl":"https:\/\/blog.ccc.eu\/sk\/wp-content\/uploads\/2022\/06\/imgonline-com-ua-CompressToSize-LH5BqSTgYhlpFy.jpg","datePublished":"2022-06-10T10:43:37+00:00","dateModified":"2023-01-26T09:38:56+00:00","description":"CCC pon\u00faka okrem kvalitnej elegantnej a \u0161portovej obuvi na cel\u00fd rok aj ta\u0161ky \u010di f\u013ea\u0161e na cvi\u010denie. Tak \u010do, u\u017e ste vybaven\u00ed na letn\u00fa sez\u00f3nu?","breadcrumb":{"@id":"https:\/\/blog.ccc.eu\/sk\/stylove-tasky-nielen-do-fitka-na-plaz-len-pohodlne-a-v-lezernom\/#breadcrumb"},"inLanguage":"sk-SK","potentialAction":[{"@type":"ReadAction","target":["https:\/\/blog.ccc.eu\/sk\/stylove-tasky-nielen-do-fitka-na-plaz-len-pohodlne-a-v-lezernom\/"]}]},{"@type":"ImageObject","inLanguage":"sk-SK","@id":"https:\/\/blog.ccc.eu\/sk\/stylove-tasky-nielen-do-fitka-na-plaz-len-pohodlne-a-v-lezernom\/#primaryimage","url":"https:\/\/blog.ccc.eu\/sk\/wp-content\/uploads\/2022\/06\/imgonline-com-ua-CompressToSize-LH5BqSTgYhlpFy.jpg","contentUrl":"https:\/\/blog.ccc.eu\/sk\/wp-content\/uploads\/2022\/06\/imgonline-com-ua-CompressToSize-LH5BqSTgYhlpFy.jpg","width":889,"height":960,"caption":"d\u00e1mska \u0161portov\u00e1 ta\u0161ka"},{"@type":"BreadcrumbList","@id":"https:\/\/blog.ccc.eu\/sk\/stylove-tasky-nielen-do-fitka-na-plaz-len-pohodlne-a-v-lezernom\/#breadcrumb","itemListElement":[{"@type":"ListItem","position":1,"name":"Strona g\u0142\u00f3wna","item":"https:\/\/blog.ccc.eu\/sk\/"},{"@type":"ListItem","position":2,"name":"\u0160t\u00fdlov\u00e9 ta\u0161ky nielen do fitka: na pl\u00e1\u017e len pohodlne a v le\u017e\u00e9rnom\u00a0"}]},{"@type":"WebSite","@id":"https:\/\/blog.ccc.eu\/sk\/#website","url":"https:\/\/blog.ccc.eu\/sk\/","name":"blog.ccc.eu\/sk","description":"Va\u0161e miesto pln\u00e9 m\u00f3dnych in\u0161pir\u00e1ci\u00ed","publisher":{"@id":"https:\/\/blog.ccc.eu\/sk\/#organization"},"potentialAction":[{"@type":"SearchAction","target":{"@type":"EntryPoint","urlTemplate":"https:\/\/blog.ccc.eu\/sk\/?s={search_term_string}"},"query-input":{"@type":"PropertyValueSpecification","valueRequired":true,"valueName":"search_term_string"}}],"inLanguage":"sk-SK"},{"@type":"Organization","@id":"https:\/\/blog.ccc.eu\/sk\/#organization","name":"CCC S.A.","url":"https:\/\/blog.ccc.eu\/sk\/","logo":{"@type":"ImageObject","inLanguage":"sk-SK","@id":"https:\/\/blog.ccc.eu\/sk\/#\/schema\/logo\/image\/","url":"https:\/\/blog.ccc.eu\/sk\/wp-content\/uploads\/2021\/11\/logo_ccc.png","contentUrl":"https:\/\/blog.ccc.eu\/sk\/wp-content\/uploads\/2021\/11\/logo_ccc.png","width":730,"height":270,"caption":"CCC S.A."},"image":{"@id":"https:\/\/blog.ccc.eu\/sk\/#\/schema\/logo\/image\/"}},{"@type":"Person","@id":"https:\/\/blog.ccc.eu\/sk\/#\/schema\/person\/0ee80e7562d03e7528637c42622d7773","name":"Zuzka Feriancov\u00e1","image":{"@type":"ImageObject","inLanguage":"sk-SK","@id":"https:\/\/blog.ccc.eu\/sk\/#\/schema\/person\/image\/","url":"https:\/\/blog.ccc.eu\/sk\/wp-content\/uploads\/2022\/02\/zuzka-copy-Cropped-100x100.jpg","contentUrl":"https:\/\/blog.ccc.eu\/sk\/wp-content\/uploads\/2022\/02\/zuzka-copy-Cropped-100x100.jpg","caption":"Zuzka Feriancov\u00e1"},"description":"V\u017edy som svoje my\u0161lienky vyjadrovala rad\u0161ej p\u00edsmom ne\u017e hovoren\u00fdm slovom. K pr\u00e1ci pristupujem intuit\u00edvne, na t\u00e9mu sa pozer\u00e1m \u013eudsky, o\u010dami potenci\u00e1lneho spotrebite\u013ea a sna\u017e\u00edm sa n\u00e1js\u0165 rie\u0161enia na jeho probl\u00e9my. V r\u00e1mci copywritingu m\u00e1m bohat\u00e9 sk\u00fasenosti z mnoh\u00fdch oblast\u00ed, no najviac mi u\u010darovali t\u00e9my ako dizajn, m\u00f3da, kr\u00e1sa, zdrav\u00fd \u017eivotn\u00fd \u0161t\u00fdl, investovanie \u010di modern\u00e9 technol\u00f3gie.","url":"https:\/\/blog.ccc.eu\/sk\/author\/marlena-celinska\/"}]}},"_links":{"self":[{"href":"https:\/\/blog.ccc.eu\/sk\/wp-json\/wp\/v2\/posts\/5119","targetHints":{"allow":["GET"]}}],"collection":[{"href":"https:\/\/blog.ccc.eu\/sk\/wp-json\/wp\/v2\/posts"}],"about":[{"href":"https:\/\/blog.ccc.eu\/sk\/wp-json\/wp\/v2\/types\/post"}],"author":[{"embeddable":true,"href":"https:\/\/blog.ccc.eu\/sk\/wp-json\/wp\/v2\/users\/7"}],"replies":[{"embeddable":true,"href":"https:\/\/blog.ccc.eu\/sk\/wp-json\/wp\/v2\/comments?post=5119"}],"version-history":[{"count":4,"href":"https:\/\/blog.ccc.eu\/sk\/wp-json\/wp\/v2\/posts\/5119\/revisions"}],"predecessor-version":[{"id":6049,"href":"https:\/\/blog.ccc.eu\/sk\/wp-json\/wp\/v2\/posts\/5119\/revisions\/6049"}],"wp:featuredmedia":[{"embeddable":true,"href":"https:\/\/blog.ccc.eu\/sk\/wp-json\/wp\/v2\/media\/5123"}],"wp:attachment":[{"href":"https:\/\/blog.ccc.eu\/sk\/wp-json\/wp\/v2\/media?parent=5119"}],"wp:term":[{"taxonomy":"category","embeddable":true,"href":"https:\/\/blog.ccc.eu\/sk\/wp-json\/wp\/v2\/categories?post=5119"},{"taxonomy":"post_tag","embeddable":true,"href":"https:\/\/blog.ccc.eu\/sk\/wp-json\/wp\/v2\/tags?post=5119"}],"curies":[{"name":"wp","href":"https:\/\/api.w.org\/{rel}","templated":true}]}}