{"id":5125,"date":"2022-06-10T13:19:17","date_gmt":"2022-06-10T11:19:17","guid":{"rendered":"https:\/\/blog.ccc.eu\/sk\/?p=5125"},"modified":"2023-09-01T12:03:05","modified_gmt":"2023-09-01T10:03:05","slug":"inspo-ako-spravne-kombinovat-hodinky-so-sperkami","status":"publish","type":"post","link":"https:\/\/blog.ccc.eu\/sk\/inspo-ako-spravne-kombinovat-hodinky-so-sperkami\/","title":{"rendered":"INSPO! Ako kombinova\u0165 hodinky so \u0161perkami?\u00a0"},"content":{"rendered":"\n<p><strong>Zo v\u0161etk\u00fdch doplnkov s\u00fa pr\u00e1ve hodinky nestarn\u00facou klasikou, ktor\u00e1 bude v m\u00f3de asi nav\u017edy. I ke\u010f \u017eijeme v pokrokovej dobe, kedy ich u\u017e len zriedka niekto nos\u00ed na kontrolu \u010dasu, st\u00e1le ich m\u00f4\u017eeme vidie\u0165 na z\u00e1p\u00e4stiach nejedn\u00e9ho \u010dloveka. A nie, re\u010d nie je o smart hodink\u00e1ch. Klasick\u00e9 hodinky s\u00fa nielen praktick\u00fdm, ale aj vkusn\u00fdm doplnkom ku ak\u00e9muko\u013evek outfitu. Viete, ako ich nosi\u0165 so \u0161t\u00fdlom?&nbsp;<\/strong><\/p>\n\n\n\n<figure class=\"wp-block-gallery has-nested-images columns-default is-cropped wp-block-gallery-1 is-layout-flex wp-block-gallery-is-layout-flex\">\n<figure class=\"wp-block-image size-large\"><img loading=\"lazy\" decoding=\"async\" width=\"768\" height=\"1023\" data-id=\"5130\" src=\"https:\/\/blog.ccc.eu\/sk\/wp-content\/uploads\/2022\/06\/zegarki-1.jpg\" alt=\"r\u00f4zne modely hodiniek\" class=\"wp-image-5130\" srcset=\"https:\/\/blog.ccc.eu\/sk\/wp-content\/uploads\/2022\/06\/zegarki-1.jpg 768w, https:\/\/blog.ccc.eu\/sk\/wp-content\/uploads\/2022\/06\/zegarki-1-225x300.jpg 225w, https:\/\/blog.ccc.eu\/sk\/wp-content\/uploads\/2022\/06\/zegarki-1-100x133.jpg 100w\" sizes=\"auto, (max-width: 768px) 100vw, 768px\" \/><\/figure>\n\n\n\n<figure class=\"wp-block-image size-large\"><img loading=\"lazy\" decoding=\"async\" width=\"768\" height=\"1024\" data-id=\"5131\" src=\"https:\/\/blog.ccc.eu\/sk\/wp-content\/uploads\/2022\/06\/zegarki1-768x1024.jpg\" alt=\"zlat\u00e9 d\u00e1mske hodinky \" class=\"wp-image-5131\" srcset=\"https:\/\/blog.ccc.eu\/sk\/wp-content\/uploads\/2022\/06\/zegarki1-768x1023.jpg 768w, https:\/\/blog.ccc.eu\/sk\/wp-content\/uploads\/2022\/06\/zegarki1-225x300.jpg 225w, https:\/\/blog.ccc.eu\/sk\/wp-content\/uploads\/2022\/06\/zegarki1-100x133.jpg 100w, https:\/\/blog.ccc.eu\/sk\/wp-content\/uploads\/2022\/06\/zegarki1.jpg 938w\" sizes=\"auto, (max-width: 768px) 100vw, 768px\" \/><\/figure>\n<\/figure>\n\n\n\n<h2 class=\"wp-block-heading\"><strong>Doplnky k \u017een\u00e1m jednoducho patria&nbsp;<\/strong><\/h2>\n\n\n\n<p>\u0160perky a hodinky maj\u00fa pre mnoho \u017eien <strong>\u0161peci\u00e1lnu a sentiment\u00e1lnu hodnotu<\/strong>. Nejde len o oby\u010dajn\u00e9 such\u00e9 doplnky. Za ka\u017ed\u00fdm k\u00faskom sa skr\u00fdva ur\u010dit\u00fd pr\u00edbeh, preto maj\u00fa v z\u00e1sobe aj tak\u00e9, ktor\u00e9 vytiahnu len v pr\u00edpade v\u00fdnimo\u010dnej udalosti.&nbsp;&nbsp;<\/p>\n\n\n\n<p>\u010casto je n\u00e1ro\u010dn\u00e9 n\u00e1js\u0165 tie spr\u00e1vne k\u00fasky, ktor\u00e9 by dokonale kop\u00edrovali v\u00e1\u0161 \u0161t\u00fdl a osobnos\u0165. Kombin\u00e1cia hodiniek a \u0161perkov nie je \u017eiadnou v\u00fdnimkou. Popredn\u00e9 zna\u010dky Louis Vuitton \u010di Marc Jacobs pova\u017euj\u00fa obidve veci za nevyhnutn\u00fa s\u00fa\u010das\u0165 ich kolekci\u00ed.&nbsp;&nbsp;<\/p>\n\n\n\n<p>V s\u00favislosti s kombinovan\u00edm doplnkov a hodiniek ste si mo\u017eno polo\u017eili ot\u00e1zku, \u010di je v poriadku nosi\u0165 na jednej ruke aj hodinky aj n\u00e1ramok. V skratke &#8211; je, ale ak to chcete po\u0148a\u0165 so \u0161t\u00fdlom, mus\u00edte vedie\u0165, ako na to. Na chv\u00ed\u013eu odbo\u010d\u00edme k p\u00e1nom, ktor\u00ed radi nosia r\u00f4zne doplnky a bi\u017eut\u00e9riu. <a href=\"https:\/\/ccc.eu\/sk\/doplnky\/panske\/hodinky\" target=\"_blank\" rel=\"noreferrer noopener\"><strong>P\u00e1nske hodinky<\/strong><\/a><strong> je vhodn\u00e9 kombinova\u0165 len s jedn\u00fdm, maxim\u00e1lne dvomi n\u00e1ramkami<\/strong>, aby dosiahli vyv\u00e1\u017een\u00fd a efektn\u00fd look.&nbsp;&nbsp;<\/p>\n\n\n<shortcode prop-load-num=\"3\" prop-display-num=\"4\" prop-sku=\"5904248834203, 5904248771614, 5904248834159, 5904248834241, 5904248834258, 5904248834142, \" prop-view=\"slider\"><\/shortcode>        <div\r\n            class=\"eob-pf-shortcode\"\r\n            id=\"eobpf69f2378086b43\"\r\n        >\r\n            <shortcode prop-load-num=\"3\" prop-display-num=\"4\" prop-sku=\"5904248834203, 5904248771614, 5904248834159, 5904248834241, 5904248834258, 5904248834142, \" prop-view=\"slider\"><\/shortcode>        <\/div>\r\n\t\t<script>\r\n\t\t\tjQuery(document).ready(() => {\r\n\t\t\t    const root = document.getElementById('eobpf69f2378086b43');\r\n                Vue.createApp({\r\n\t                components: {\r\n\t                    shortcode\r\n\t                }\r\n                }).mount(root);\r\n\t\t\t});\r\n\t\t<\/script>\r\n\t\t\r\n\t\t\n\n\n\n<p><\/p>\n\n\n\n<p>Vo v\u0161eobecnosti pre obe pohlavia plat\u00ed, \u017ee neexistuje na ka\u017ed\u00e9ho jeden a ten ist\u00fd meter. Ka\u017ed\u00fd m\u00e1 predsa svoj vlastn\u00fd \u0161t\u00fdl a na niekom bud\u00fa doplnky vyzera\u0165 zvl\u00e1\u0161tne, ak ich be\u017ene nenos\u00ed.&nbsp;<\/p>\n\n\n\n<h2 class=\"wp-block-heading\"><strong>\u010comu sa vyvarova\u0165?&nbsp;<\/strong><\/h2>\n\n\n\n<p>\u010casto sa st\u00e1va, \u017ee hodinky s\u00fa samy o sebe posta\u010duj\u00face a zasl\u00fa\u017eia si \u0161peci\u00e1lnu pozornos\u0165. Mno\u017estvo prste\u0148ov \u010di n\u00e1ramkov by p\u00f4sobili ru\u0161iv\u00fdm dojmom a unik\u00e1tny doplnok by tak stratil svoju esenciu. Pri kombin\u00e1cii skr\u00e1tka nevynikne.&nbsp;&nbsp;<\/p>\n\n\n\n<p>\u010eal\u0161\u00edm probl\u00e9mom je mo\u017en\u00e9 po\u0161kodenie. Ak nos\u00edte n\u00e1ramky osaden\u00e9 kamienkami a drah\u00e9 hodinky na jednej ruke, riskujete ich po\u0161kriabanie a po\u0161kodenie, ku ktor\u00e9mu m\u00f4\u017ee d\u00f4js\u0165 vz\u00e1jomn\u00fdm tren\u00edm. Pri podobnom type n\u00e1ramkov sa tie\u017e m\u00f4\u017ee sta\u0165, \u017ee kamienky m\u00f4\u017eu vypadn\u00fa\u0165, ak sa zvykn\u00fa zachyt\u00e1va\u0165 do spony hodiniek.&nbsp;<\/p>\n\n\n\n<h2 class=\"wp-block-heading\"><strong>Kombin\u00e1cie zlatej a striebornej: faux pas alebo \u0161t\u00fdl?&nbsp;<\/strong><\/h2>\n\n\n\n<p>Stopercentne ste u\u017e zapo\u010duli, \u017ee strieborn\u00e1 a zlat\u00e1 sa k sebe nehodia, a \u017ee ak nos\u00edte strieborn\u00e9 n\u00e1u\u0161nice a n\u00e1ramok, zlat\u00fd prste\u0148 by ste mali necha\u0165 doma v \u0161perkovnici. Ktovie, kde sa vzalo toto zvl\u00e1\u0161tne pravidlo, no po\u010fme zb\u00fara\u0165 m\u00fdty! M\u00f4\u017eete spolu kombinova\u0165 v\u0161etko, po \u010dom t\u00fa\u017ei va\u0161e srdce.&nbsp;&nbsp;<\/p>\n\n\n\n<p>Ako spolu nosi\u0165 napr\u00edklad <strong>strieborn\u00e9 <\/strong><a href=\"https:\/\/ccc.eu\/sk\/doplnky\/damske\/hodinky\" target=\"_blank\" rel=\"noreferrer noopener\"><strong>d\u00e1mske hodinky<\/strong><\/a><strong> a zlat\u00fa bi\u017eut\u00e9riu<\/strong>? Jednoducho noste svoje ob\u013e\u00faben\u00e9 k\u00fasky bez zbyto\u010dn\u00fdch pochybnost\u00ed o tom, \u017ee by ste ich nemali ma\u0165 na sebe, ak nie s\u00fa z rovnak\u00e9ho kovu. Teraz je v m\u00f3de nosi\u0165 <strong>hodinky spolu s minimalistick\u00fdm n\u00e1ramkom<\/strong>. V online obchode CCC n\u00e1jdete bohat\u00fa ponuku hodiniek, medzi ktor\u00fdmi sa nach\u00e1dzaj\u00fa napr\u00edklad aj strieborn\u00e9 hodinky so zlat\u00fdmi detailmi na cifern\u00edku. Pokojne k nim m\u00f4\u017eete zvoli\u0165 tenk\u00fd zlat\u00fd n\u00e1ramok.&nbsp;&nbsp;<\/p>\n\n\n<shortcode prop-load-num=\"3\" prop-display-num=\"4\" prop-sku=\"5904248836436, 5904248771607, 5904248836122, 5904248836313, 5904248834173, 5904248771638,\" prop-view=\"slider\"><\/shortcode>        <div\r\n            class=\"eob-pf-shortcode\"\r\n            id=\"eobpf69f2378086c41\"\r\n        >\r\n            <shortcode prop-load-num=\"3\" prop-display-num=\"4\" prop-sku=\"5904248836436, 5904248771607, 5904248836122, 5904248836313, 5904248834173, 5904248771638,\" prop-view=\"slider\"><\/shortcode>        <\/div>\r\n\t\t<script>\r\n\t\t\tjQuery(document).ready(() => {\r\n\t\t\t    const root = document.getElementById('eobpf69f2378086c41');\r\n                Vue.createApp({\r\n\t                components: {\r\n\t                    shortcode\r\n\t                }\r\n                }).mount(root);\r\n\t\t\t});\r\n\t\t<\/script>\r\n\t\t\r\n\t\t\n\n\n\n<p><\/p>\n\n\n\n<p>Pri kombin\u00e1cii dvoch odli\u0161n\u00fdch kovov sa dr\u017ete pravidla <strong>\u201emenej je viac\u201d<\/strong>. Myslite na rovnov\u00e1hu a jeden z nich spravte dominantnej\u0161\u00edm. Nesna\u017ete sa nasilu vyv\u00e1\u017ei\u0165 strieborn\u00fa a zlat\u00fa a vyhnite sa v\u00fdrazn\u00fdm doplnkom. Mohlo by to p\u00f4sobi\u0165 lacno a prvopl\u00e1novo. Stavte na rafinovanos\u0165 a minimalizmus. Vo\u013eba doplnkov v\u0161ak z\u00e1vis\u00ed pod\u013ea outfitu a pr\u00edle\u017eitosti. U\u017e vy viete, \u010do je v poriadku a \u010do \u201etoo much<strong>\u201d. Bi\u017eut\u00e9ria vie kr\u00e1sne doplni\u0165 look<\/strong>, ale pozor na to, aby ste to neprekombinovali.\u00a0\u00a0<\/p>\n\n\n\n<h2 class=\"wp-block-heading\"><strong>U\u017eito\u010dn\u00e9 tipy v kocke&nbsp;<\/strong><\/h2>\n\n\n\n<ul class=\"wp-block-list\">\n<li>Vyhnite sa noseniu pr\u00edli\u0161 mnoh\u00fdch n\u00e1ramkov.&nbsp;<\/li>\n\n\n\n<li>Neprekombinujte to s farbami.&nbsp;<\/li>\n\n\n\n<li>Medzi n\u00e1ramkom a hodinkami dodr\u017ete rozostupy a nechajte im dostato\u010dn\u00fd priestor na to, aby vynikli.&nbsp;&nbsp;<\/li>\n\n\n\n<li>\u00c1no tenk\u00fdm n\u00e1ramkom, nie hrub\u00fdm a g\u00fd\u010dov\u00fdm k\u00faskom. Zabudnite tie\u017e na pr\u00edli\u0161 tesn\u00e9 n\u00e1ramky.&nbsp;<\/li>\n\n\n\n<li>Nekombinujte dva extravagantn\u00e9 k\u00fasky. Nechajte za\u017eiari\u0165 len jeden.&nbsp;&nbsp;<\/li>\n<\/ul>\n\n\n\n<p>Ver\u00edme, \u017ee sme v\u00e1m problematiku kombin\u00e1cie hodiniek a doplnkov dostato\u010dne objasnili a u\u017e budete vedie\u0165, ako ich spolu nosi\u0165. Pokia\u013e h\u013ead\u00e1te <strong>vkusn\u00e9, elegantn\u00e9 a kvalitn\u00e9 doplnky <\/strong>na ka\u017edodenn\u00e9 nosenie, prezrite si na\u0161u str\u00e1nku. Garantujeme v\u00e1m, \u017ee v\u00e1m okam\u017eite nie\u010do padne do oka!&nbsp;&nbsp;<\/p>\n","protected":false},"excerpt":{"rendered":"<p>Zo v\u0161etk\u00fdch doplnkov s\u00fa pr\u00e1ve hodinky nestarn\u00facou klasikou, ktor\u00e1 bude v m\u00f3de asi nav\u017edy. I ke\u010f \u017eijeme v pokrokovej dobe, kedy ich u\u017e len zriedka niekto nos\u00ed na kontrolu \u010dasu, st\u00e1le ich m\u00f4\u017eeme vidie\u0165 na z\u00e1p\u00e4stiach nejedn\u00e9ho \u010dloveka. A nie, re\u010d nie je o smart hodink\u00e1ch. Klasick\u00e9 hodinky s\u00fa nielen praktick\u00fdm, ale aj vkusn\u00fdm doplnkom [&hellip;]<\/p>\n","protected":false},"author":7,"featured_media":5131,"comment_status":"open","ping_status":"open","sticky":false,"template":"","format":"standard","meta":{"_acf_changed":false,"footnotes":""},"categories":[4],"tags":[713,697,715,714,716],"class_list":["post-5125","post","type-post","status-publish","format-standard","has-post-thumbnail","hentry","category-modne-tipy","tag-bizuteria-2","tag-ccc","tag-damske-hodinky","tag-hodinky","tag-panske-hodinky"],"acf":[],"yoast_head":"<!-- This site is optimized with the Yoast SEO plugin v26.9 - https:\/\/yoast.com\/product\/yoast-seo-wordpress\/ -->\n<title>INSPO! Ako kombinova\u0165 hodinky so \u0161perkami?\u00a0 - blog.ccc.eu\/sk<\/title>\n<meta name=\"description\" content=\"Klasick\u00e9 hodinky s\u00fa nielen praktick\u00fdm, ale aj vkusn\u00fdm doplnkom ku ak\u00e9muko\u013evek outfitu. Viete, ako ich nosi\u0165 so \u0161t\u00fdlom? V CCC v\u00e1m porad\u00edme! 2026\" \/>\n<meta name=\"robots\" content=\"index, follow, max-snippet:-1, max-image-preview:large, max-video-preview:-1\" \/>\n<link rel=\"canonical\" href=\"https:\/\/blog.ccc.eu\/sk\/inspo-ako-spravne-kombinovat-hodinky-so-sperkami\/\" \/>\n<meta property=\"og:locale\" content=\"sk_SK\" \/>\n<meta property=\"og:type\" content=\"article\" \/>\n<meta property=\"og:title\" content=\"INSPO! Ako kombinova\u0165 hodinky so \u0161perkami?\u00a0 - blog.ccc.eu\/sk\" \/>\n<meta property=\"og:description\" content=\"Klasick\u00e9 hodinky s\u00fa nielen praktick\u00fdm, ale aj vkusn\u00fdm doplnkom ku ak\u00e9muko\u013evek outfitu. Viete, ako ich nosi\u0165 so \u0161t\u00fdlom? V CCC v\u00e1m porad\u00edme!\" \/>\n<meta property=\"og:url\" content=\"https:\/\/blog.ccc.eu\/sk\/inspo-ako-spravne-kombinovat-hodinky-so-sperkami\/\" \/>\n<meta property=\"og:site_name\" content=\"blog.ccc.eu\/sk\" \/>\n<meta property=\"article:published_time\" content=\"2022-06-10T11:19:17+00:00\" \/>\n<meta property=\"article:modified_time\" content=\"2023-09-01T10:03:05+00:00\" \/>\n<meta property=\"og:image\" content=\"https:\/\/blog.ccc.eu\/sk\/wp-content\/uploads\/2022\/06\/zegarki1.jpg\" \/>\n\t<meta property=\"og:image:width\" content=\"938\" \/>\n\t<meta property=\"og:image:height\" content=\"1250\" \/>\n\t<meta property=\"og:image:type\" content=\"image\/jpeg\" \/>\n<meta name=\"author\" content=\"Zuzka Feriancov\u00e1\" \/>\n<meta name=\"twitter:card\" content=\"summary_large_image\" \/>\n<meta name=\"twitter:label1\" content=\"Autor\" \/>\n\t<meta name=\"twitter:data1\" content=\"Zuzka Feriancov\u00e1\" \/>\n\t<meta name=\"twitter:label2\" content=\"Predpokladan\u00fd \u010das \u010d\u00edtania\" \/>\n\t<meta name=\"twitter:data2\" content=\"4 min\u00faty\" \/>\n<script type=\"application\/ld+json\" class=\"yoast-schema-graph\">{\"@context\":\"https:\/\/schema.org\",\"@graph\":[{\"@type\":\"Article\",\"@id\":\"https:\/\/blog.ccc.eu\/sk\/inspo-ako-spravne-kombinovat-hodinky-so-sperkami\/#article\",\"isPartOf\":{\"@id\":\"https:\/\/blog.ccc.eu\/sk\/inspo-ako-spravne-kombinovat-hodinky-so-sperkami\/\"},\"author\":{\"name\":\"Zuzka Feriancov\u00e1\",\"@id\":\"https:\/\/blog.ccc.eu\/sk\/#\/schema\/person\/0ee80e7562d03e7528637c42622d7773\"},\"headline\":\"INSPO! Ako kombinova\u0165 hodinky so \u0161perkami?\u00a0\",\"datePublished\":\"2022-06-10T11:19:17+00:00\",\"dateModified\":\"2023-09-01T10:03:05+00:00\",\"mainEntityOfPage\":{\"@id\":\"https:\/\/blog.ccc.eu\/sk\/inspo-ako-spravne-kombinovat-hodinky-so-sperkami\/\"},\"wordCount\":867,\"commentCount\":0,\"publisher\":{\"@id\":\"https:\/\/blog.ccc.eu\/sk\/#organization\"},\"image\":{\"@id\":\"https:\/\/blog.ccc.eu\/sk\/inspo-ako-spravne-kombinovat-hodinky-so-sperkami\/#primaryimage\"},\"thumbnailUrl\":\"https:\/\/blog.ccc.eu\/sk\/wp-content\/uploads\/2022\/06\/zegarki1.jpg\",\"keywords\":[\"bi\u017eut\u00e9ria\",\"CCC\",\"d\u00e1mske hodinky\",\"hodinky\",\"p\u00e1nske hodinky\"],\"articleSection\":[\"M\u00d3DNE TIPY\"],\"inLanguage\":\"sk-SK\",\"potentialAction\":[{\"@type\":\"CommentAction\",\"name\":\"Comment\",\"target\":[\"https:\/\/blog.ccc.eu\/sk\/inspo-ako-spravne-kombinovat-hodinky-so-sperkami\/#respond\"]}]},{\"@type\":\"WebPage\",\"@id\":\"https:\/\/blog.ccc.eu\/sk\/inspo-ako-spravne-kombinovat-hodinky-so-sperkami\/\",\"url\":\"https:\/\/blog.ccc.eu\/sk\/inspo-ako-spravne-kombinovat-hodinky-so-sperkami\/\",\"name\":\"INSPO! Ako kombinova\u0165 hodinky so \u0161perkami?\u00a0 - blog.ccc.eu\/sk\",\"isPartOf\":{\"@id\":\"https:\/\/blog.ccc.eu\/sk\/#website\"},\"primaryImageOfPage\":{\"@id\":\"https:\/\/blog.ccc.eu\/sk\/inspo-ako-spravne-kombinovat-hodinky-so-sperkami\/#primaryimage\"},\"image\":{\"@id\":\"https:\/\/blog.ccc.eu\/sk\/inspo-ako-spravne-kombinovat-hodinky-so-sperkami\/#primaryimage\"},\"thumbnailUrl\":\"https:\/\/blog.ccc.eu\/sk\/wp-content\/uploads\/2022\/06\/zegarki1.jpg\",\"datePublished\":\"2022-06-10T11:19:17+00:00\",\"dateModified\":\"2023-09-01T10:03:05+00:00\",\"description\":\"Klasick\u00e9 hodinky s\u00fa nielen praktick\u00fdm, ale aj vkusn\u00fdm doplnkom ku ak\u00e9muko\u013evek outfitu. Viete, ako ich nosi\u0165 so \u0161t\u00fdlom? V CCC v\u00e1m porad\u00edme!\",\"breadcrumb\":{\"@id\":\"https:\/\/blog.ccc.eu\/sk\/inspo-ako-spravne-kombinovat-hodinky-so-sperkami\/#breadcrumb\"},\"inLanguage\":\"sk-SK\",\"potentialAction\":[{\"@type\":\"ReadAction\",\"target\":[\"https:\/\/blog.ccc.eu\/sk\/inspo-ako-spravne-kombinovat-hodinky-so-sperkami\/\"]}]},{\"@type\":\"ImageObject\",\"inLanguage\":\"sk-SK\",\"@id\":\"https:\/\/blog.ccc.eu\/sk\/inspo-ako-spravne-kombinovat-hodinky-so-sperkami\/#primaryimage\",\"url\":\"https:\/\/blog.ccc.eu\/sk\/wp-content\/uploads\/2022\/06\/zegarki1.jpg\",\"contentUrl\":\"https:\/\/blog.ccc.eu\/sk\/wp-content\/uploads\/2022\/06\/zegarki1.jpg\",\"width\":938,\"height\":1250,\"caption\":\"d\u00e1mske hodinky so zlat\u00fdm remienkom\"},{\"@type\":\"BreadcrumbList\",\"@id\":\"https:\/\/blog.ccc.eu\/sk\/inspo-ako-spravne-kombinovat-hodinky-so-sperkami\/#breadcrumb\",\"itemListElement\":[{\"@type\":\"ListItem\",\"position\":1,\"name\":\"Strona g\u0142\u00f3wna\",\"item\":\"https:\/\/blog.ccc.eu\/sk\/\"},{\"@type\":\"ListItem\",\"position\":2,\"name\":\"INSPO! Ako kombinova\u0165 hodinky so \u0161perkami?\u00a0\"}]},{\"@type\":\"WebSite\",\"@id\":\"https:\/\/blog.ccc.eu\/sk\/#website\",\"url\":\"https:\/\/blog.ccc.eu\/sk\/\",\"name\":\"blog.ccc.eu\/sk\",\"description\":\"Va\u0161e miesto pln\u00e9 m\u00f3dnych in\u0161pir\u00e1ci\u00ed\",\"publisher\":{\"@id\":\"https:\/\/blog.ccc.eu\/sk\/#organization\"},\"potentialAction\":[{\"@type\":\"SearchAction\",\"target\":{\"@type\":\"EntryPoint\",\"urlTemplate\":\"https:\/\/blog.ccc.eu\/sk\/?s={search_term_string}\"},\"query-input\":{\"@type\":\"PropertyValueSpecification\",\"valueRequired\":true,\"valueName\":\"search_term_string\"}}],\"inLanguage\":\"sk-SK\"},{\"@type\":\"Organization\",\"@id\":\"https:\/\/blog.ccc.eu\/sk\/#organization\",\"name\":\"CCC S.A.\",\"url\":\"https:\/\/blog.ccc.eu\/sk\/\",\"logo\":{\"@type\":\"ImageObject\",\"inLanguage\":\"sk-SK\",\"@id\":\"https:\/\/blog.ccc.eu\/sk\/#\/schema\/logo\/image\/\",\"url\":\"https:\/\/blog.ccc.eu\/sk\/wp-content\/uploads\/2021\/11\/logo_ccc.png\",\"contentUrl\":\"https:\/\/blog.ccc.eu\/sk\/wp-content\/uploads\/2021\/11\/logo_ccc.png\",\"width\":730,\"height\":270,\"caption\":\"CCC S.A.\"},\"image\":{\"@id\":\"https:\/\/blog.ccc.eu\/sk\/#\/schema\/logo\/image\/\"}},{\"@type\":\"Person\",\"@id\":\"https:\/\/blog.ccc.eu\/sk\/#\/schema\/person\/0ee80e7562d03e7528637c42622d7773\",\"name\":\"Zuzka Feriancov\u00e1\",\"image\":{\"@type\":\"ImageObject\",\"inLanguage\":\"sk-SK\",\"@id\":\"https:\/\/blog.ccc.eu\/sk\/#\/schema\/person\/image\/\",\"url\":\"https:\/\/blog.ccc.eu\/sk\/wp-content\/uploads\/2022\/02\/zuzka-copy-Cropped-100x100.jpg\",\"contentUrl\":\"https:\/\/blog.ccc.eu\/sk\/wp-content\/uploads\/2022\/02\/zuzka-copy-Cropped-100x100.jpg\",\"caption\":\"Zuzka Feriancov\u00e1\"},\"description\":\"V\u017edy som svoje my\u0161lienky vyjadrovala rad\u0161ej p\u00edsmom ne\u017e hovoren\u00fdm slovom. K pr\u00e1ci pristupujem intuit\u00edvne, na t\u00e9mu sa pozer\u00e1m \u013eudsky, o\u010dami potenci\u00e1lneho spotrebite\u013ea a sna\u017e\u00edm sa n\u00e1js\u0165 rie\u0161enia na jeho probl\u00e9my. V r\u00e1mci copywritingu m\u00e1m bohat\u00e9 sk\u00fasenosti z mnoh\u00fdch oblast\u00ed, no najviac mi u\u010darovali t\u00e9my ako dizajn, m\u00f3da, kr\u00e1sa, zdrav\u00fd \u017eivotn\u00fd \u0161t\u00fdl, investovanie \u010di modern\u00e9 technol\u00f3gie.\",\"url\":\"https:\/\/blog.ccc.eu\/sk\/author\/marlena-celinska\/\"}]}<\/script>\n<!-- \/ Yoast SEO plugin. -->","yoast_head_json":{"title":"INSPO! Ako kombinova\u0165 hodinky so \u0161perkami?\u00a0 - blog.ccc.eu\/sk","description":"Klasick\u00e9 hodinky s\u00fa nielen praktick\u00fdm, ale aj vkusn\u00fdm doplnkom ku ak\u00e9muko\u013evek outfitu. Viete, ako ich nosi\u0165 so \u0161t\u00fdlom? V CCC v\u00e1m porad\u00edme! 2026","robots":{"index":"index","follow":"follow","max-snippet":"max-snippet:-1","max-image-preview":"max-image-preview:large","max-video-preview":"max-video-preview:-1"},"canonical":"https:\/\/blog.ccc.eu\/sk\/inspo-ako-spravne-kombinovat-hodinky-so-sperkami\/","og_locale":"sk_SK","og_type":"article","og_title":"INSPO! Ako kombinova\u0165 hodinky so \u0161perkami?\u00a0 - blog.ccc.eu\/sk","og_description":"Klasick\u00e9 hodinky s\u00fa nielen praktick\u00fdm, ale aj vkusn\u00fdm doplnkom ku ak\u00e9muko\u013evek outfitu. Viete, ako ich nosi\u0165 so \u0161t\u00fdlom? V CCC v\u00e1m porad\u00edme!","og_url":"https:\/\/blog.ccc.eu\/sk\/inspo-ako-spravne-kombinovat-hodinky-so-sperkami\/","og_site_name":"blog.ccc.eu\/sk","article_published_time":"2022-06-10T11:19:17+00:00","article_modified_time":"2023-09-01T10:03:05+00:00","og_image":[{"width":938,"height":1250,"url":"https:\/\/blog.ccc.eu\/sk\/wp-content\/uploads\/2022\/06\/zegarki1.jpg","type":"image\/jpeg"}],"author":"Zuzka Feriancov\u00e1","twitter_card":"summary_large_image","twitter_misc":{"Autor":"Zuzka Feriancov\u00e1","Predpokladan\u00fd \u010das \u010d\u00edtania":"4 min\u00faty"},"schema":{"@context":"https:\/\/schema.org","@graph":[{"@type":"Article","@id":"https:\/\/blog.ccc.eu\/sk\/inspo-ako-spravne-kombinovat-hodinky-so-sperkami\/#article","isPartOf":{"@id":"https:\/\/blog.ccc.eu\/sk\/inspo-ako-spravne-kombinovat-hodinky-so-sperkami\/"},"author":{"name":"Zuzka Feriancov\u00e1","@id":"https:\/\/blog.ccc.eu\/sk\/#\/schema\/person\/0ee80e7562d03e7528637c42622d7773"},"headline":"INSPO! Ako kombinova\u0165 hodinky so \u0161perkami?\u00a0","datePublished":"2022-06-10T11:19:17+00:00","dateModified":"2023-09-01T10:03:05+00:00","mainEntityOfPage":{"@id":"https:\/\/blog.ccc.eu\/sk\/inspo-ako-spravne-kombinovat-hodinky-so-sperkami\/"},"wordCount":867,"commentCount":0,"publisher":{"@id":"https:\/\/blog.ccc.eu\/sk\/#organization"},"image":{"@id":"https:\/\/blog.ccc.eu\/sk\/inspo-ako-spravne-kombinovat-hodinky-so-sperkami\/#primaryimage"},"thumbnailUrl":"https:\/\/blog.ccc.eu\/sk\/wp-content\/uploads\/2022\/06\/zegarki1.jpg","keywords":["bi\u017eut\u00e9ria","CCC","d\u00e1mske hodinky","hodinky","p\u00e1nske hodinky"],"articleSection":["M\u00d3DNE TIPY"],"inLanguage":"sk-SK","potentialAction":[{"@type":"CommentAction","name":"Comment","target":["https:\/\/blog.ccc.eu\/sk\/inspo-ako-spravne-kombinovat-hodinky-so-sperkami\/#respond"]}]},{"@type":"WebPage","@id":"https:\/\/blog.ccc.eu\/sk\/inspo-ako-spravne-kombinovat-hodinky-so-sperkami\/","url":"https:\/\/blog.ccc.eu\/sk\/inspo-ako-spravne-kombinovat-hodinky-so-sperkami\/","name":"INSPO! Ako kombinova\u0165 hodinky so \u0161perkami?\u00a0 - blog.ccc.eu\/sk","isPartOf":{"@id":"https:\/\/blog.ccc.eu\/sk\/#website"},"primaryImageOfPage":{"@id":"https:\/\/blog.ccc.eu\/sk\/inspo-ako-spravne-kombinovat-hodinky-so-sperkami\/#primaryimage"},"image":{"@id":"https:\/\/blog.ccc.eu\/sk\/inspo-ako-spravne-kombinovat-hodinky-so-sperkami\/#primaryimage"},"thumbnailUrl":"https:\/\/blog.ccc.eu\/sk\/wp-content\/uploads\/2022\/06\/zegarki1.jpg","datePublished":"2022-06-10T11:19:17+00:00","dateModified":"2023-09-01T10:03:05+00:00","description":"Klasick\u00e9 hodinky s\u00fa nielen praktick\u00fdm, ale aj vkusn\u00fdm doplnkom ku ak\u00e9muko\u013evek outfitu. Viete, ako ich nosi\u0165 so \u0161t\u00fdlom? V CCC v\u00e1m porad\u00edme!","breadcrumb":{"@id":"https:\/\/blog.ccc.eu\/sk\/inspo-ako-spravne-kombinovat-hodinky-so-sperkami\/#breadcrumb"},"inLanguage":"sk-SK","potentialAction":[{"@type":"ReadAction","target":["https:\/\/blog.ccc.eu\/sk\/inspo-ako-spravne-kombinovat-hodinky-so-sperkami\/"]}]},{"@type":"ImageObject","inLanguage":"sk-SK","@id":"https:\/\/blog.ccc.eu\/sk\/inspo-ako-spravne-kombinovat-hodinky-so-sperkami\/#primaryimage","url":"https:\/\/blog.ccc.eu\/sk\/wp-content\/uploads\/2022\/06\/zegarki1.jpg","contentUrl":"https:\/\/blog.ccc.eu\/sk\/wp-content\/uploads\/2022\/06\/zegarki1.jpg","width":938,"height":1250,"caption":"d\u00e1mske hodinky so zlat\u00fdm remienkom"},{"@type":"BreadcrumbList","@id":"https:\/\/blog.ccc.eu\/sk\/inspo-ako-spravne-kombinovat-hodinky-so-sperkami\/#breadcrumb","itemListElement":[{"@type":"ListItem","position":1,"name":"Strona g\u0142\u00f3wna","item":"https:\/\/blog.ccc.eu\/sk\/"},{"@type":"ListItem","position":2,"name":"INSPO! Ako kombinova\u0165 hodinky so \u0161perkami?\u00a0"}]},{"@type":"WebSite","@id":"https:\/\/blog.ccc.eu\/sk\/#website","url":"https:\/\/blog.ccc.eu\/sk\/","name":"blog.ccc.eu\/sk","description":"Va\u0161e miesto pln\u00e9 m\u00f3dnych in\u0161pir\u00e1ci\u00ed","publisher":{"@id":"https:\/\/blog.ccc.eu\/sk\/#organization"},"potentialAction":[{"@type":"SearchAction","target":{"@type":"EntryPoint","urlTemplate":"https:\/\/blog.ccc.eu\/sk\/?s={search_term_string}"},"query-input":{"@type":"PropertyValueSpecification","valueRequired":true,"valueName":"search_term_string"}}],"inLanguage":"sk-SK"},{"@type":"Organization","@id":"https:\/\/blog.ccc.eu\/sk\/#organization","name":"CCC S.A.","url":"https:\/\/blog.ccc.eu\/sk\/","logo":{"@type":"ImageObject","inLanguage":"sk-SK","@id":"https:\/\/blog.ccc.eu\/sk\/#\/schema\/logo\/image\/","url":"https:\/\/blog.ccc.eu\/sk\/wp-content\/uploads\/2021\/11\/logo_ccc.png","contentUrl":"https:\/\/blog.ccc.eu\/sk\/wp-content\/uploads\/2021\/11\/logo_ccc.png","width":730,"height":270,"caption":"CCC S.A."},"image":{"@id":"https:\/\/blog.ccc.eu\/sk\/#\/schema\/logo\/image\/"}},{"@type":"Person","@id":"https:\/\/blog.ccc.eu\/sk\/#\/schema\/person\/0ee80e7562d03e7528637c42622d7773","name":"Zuzka Feriancov\u00e1","image":{"@type":"ImageObject","inLanguage":"sk-SK","@id":"https:\/\/blog.ccc.eu\/sk\/#\/schema\/person\/image\/","url":"https:\/\/blog.ccc.eu\/sk\/wp-content\/uploads\/2022\/02\/zuzka-copy-Cropped-100x100.jpg","contentUrl":"https:\/\/blog.ccc.eu\/sk\/wp-content\/uploads\/2022\/02\/zuzka-copy-Cropped-100x100.jpg","caption":"Zuzka Feriancov\u00e1"},"description":"V\u017edy som svoje my\u0161lienky vyjadrovala rad\u0161ej p\u00edsmom ne\u017e hovoren\u00fdm slovom. K pr\u00e1ci pristupujem intuit\u00edvne, na t\u00e9mu sa pozer\u00e1m \u013eudsky, o\u010dami potenci\u00e1lneho spotrebite\u013ea a sna\u017e\u00edm sa n\u00e1js\u0165 rie\u0161enia na jeho probl\u00e9my. V r\u00e1mci copywritingu m\u00e1m bohat\u00e9 sk\u00fasenosti z mnoh\u00fdch oblast\u00ed, no najviac mi u\u010darovali t\u00e9my ako dizajn, m\u00f3da, kr\u00e1sa, zdrav\u00fd \u017eivotn\u00fd \u0161t\u00fdl, investovanie \u010di modern\u00e9 technol\u00f3gie.","url":"https:\/\/blog.ccc.eu\/sk\/author\/marlena-celinska\/"}]}},"_links":{"self":[{"href":"https:\/\/blog.ccc.eu\/sk\/wp-json\/wp\/v2\/posts\/5125","targetHints":{"allow":["GET"]}}],"collection":[{"href":"https:\/\/blog.ccc.eu\/sk\/wp-json\/wp\/v2\/posts"}],"about":[{"href":"https:\/\/blog.ccc.eu\/sk\/wp-json\/wp\/v2\/types\/post"}],"author":[{"embeddable":true,"href":"https:\/\/blog.ccc.eu\/sk\/wp-json\/wp\/v2\/users\/7"}],"replies":[{"embeddable":true,"href":"https:\/\/blog.ccc.eu\/sk\/wp-json\/wp\/v2\/comments?post=5125"}],"version-history":[{"count":4,"href":"https:\/\/blog.ccc.eu\/sk\/wp-json\/wp\/v2\/posts\/5125\/revisions"}],"predecessor-version":[{"id":6995,"href":"https:\/\/blog.ccc.eu\/sk\/wp-json\/wp\/v2\/posts\/5125\/revisions\/6995"}],"wp:featuredmedia":[{"embeddable":true,"href":"https:\/\/blog.ccc.eu\/sk\/wp-json\/wp\/v2\/media\/5131"}],"wp:attachment":[{"href":"https:\/\/blog.ccc.eu\/sk\/wp-json\/wp\/v2\/media?parent=5125"}],"wp:term":[{"taxonomy":"category","embeddable":true,"href":"https:\/\/blog.ccc.eu\/sk\/wp-json\/wp\/v2\/categories?post=5125"},{"taxonomy":"post_tag","embeddable":true,"href":"https:\/\/blog.ccc.eu\/sk\/wp-json\/wp\/v2\/tags?post=5125"}],"curies":[{"name":"wp","href":"https:\/\/api.w.org\/{rel}","templated":true}]}}