{"id":5202,"date":"2022-07-06T11:27:01","date_gmt":"2022-07-06T09:27:01","guid":{"rendered":"https:\/\/blog.ccc.eu\/sk\/?p=5202"},"modified":"2023-09-01T12:00:17","modified_gmt":"2023-09-01T10:00:17","slug":"zlata-kabelka-luxusna-bodka-outfitu","status":"publish","type":"post","link":"https:\/\/blog.ccc.eu\/sk\/zlata-kabelka-luxusna-bodka-outfitu\/","title":{"rendered":"Zlat\u00e1 kabelka \u2013 luxusn\u00e1 bodka outfitu"},"content":{"rendered":"\n<p><b>H\u013ead\u00e1te ozvl\u00e1\u0161tnenie v\u00e1\u0161ho ve\u010dern\u00e9ho, ale aj be\u017en\u00e9ho outfitu? Kabelka vo farbe zlat\u00e9ho kovu, s metalick\u00fdmi odleskami m\u00f4\u017ee by\u0165 to prav\u00e9. Zlat\u00e1 kabelka je doplnok, ktor\u00fd vo va\u0161om \u0161atn\u00edku ur\u010dite nezapadne prachom. P\u00f4sob\u00ed luxusn\u00fdm a&nbsp;drah\u00fdm dojmom. M\u00f4\u017eete ju vytiahnu\u0165 na v\u00fdnimo\u010dn\u00e9 spolo\u010densk\u00e9 udalosti, ale aj na ve\u010dern\u00fa babsk\u00fa jazdu. Zlat\u00e1 kabelka zapadne na honosn\u00fa akciu, aj do svetla p\u00e1rty reflektorov. &nbsp;<\/b><\/p>\n\n\n\n<figure class=\"wp-block-gallery has-nested-images columns-default is-cropped wp-block-gallery-1 is-layout-flex wp-block-gallery-is-layout-flex\">\n<figure class=\"wp-block-image size-large\"><img loading=\"lazy\" decoding=\"async\" width=\"823\" height=\"1024\" data-id=\"5203\" src=\"https:\/\/blog.ccc.eu\/sk\/wp-content\/uploads\/2022\/07\/22112021_ZUZA_JENNY_FAIRY_0023.jpg\" alt=\"\" class=\"wp-image-5203\" srcset=\"https:\/\/blog.ccc.eu\/sk\/wp-content\/uploads\/2022\/07\/22112021_ZUZA_JENNY_FAIRY_0023.jpg 823w, https:\/\/blog.ccc.eu\/sk\/wp-content\/uploads\/2022\/07\/22112021_ZUZA_JENNY_FAIRY_0023-241x300.jpg 241w, https:\/\/blog.ccc.eu\/sk\/wp-content\/uploads\/2022\/07\/22112021_ZUZA_JENNY_FAIRY_0023-768x956.jpg 768w, https:\/\/blog.ccc.eu\/sk\/wp-content\/uploads\/2022\/07\/22112021_ZUZA_JENNY_FAIRY_0023-100x124.jpg 100w\" sizes=\"auto, (max-width: 823px) 100vw, 823px\" \/><\/figure>\n\n\n\n<figure class=\"wp-block-image size-large\"><img loading=\"lazy\" decoding=\"async\" width=\"820\" height=\"1024\" data-id=\"5204\" src=\"https:\/\/blog.ccc.eu\/sk\/wp-content\/uploads\/2022\/07\/22112021_ZUZA_JENNY_FAIRY_0112.jpg\" alt=\"\" class=\"wp-image-5204\" srcset=\"https:\/\/blog.ccc.eu\/sk\/wp-content\/uploads\/2022\/07\/22112021_ZUZA_JENNY_FAIRY_0112.jpg 820w, https:\/\/blog.ccc.eu\/sk\/wp-content\/uploads\/2022\/07\/22112021_ZUZA_JENNY_FAIRY_0112-240x300.jpg 240w, https:\/\/blog.ccc.eu\/sk\/wp-content\/uploads\/2022\/07\/22112021_ZUZA_JENNY_FAIRY_0112-768x959.jpg 768w, https:\/\/blog.ccc.eu\/sk\/wp-content\/uploads\/2022\/07\/22112021_ZUZA_JENNY_FAIRY_0112-100x125.jpg 100w\" sizes=\"auto, (max-width: 820px) 100vw, 820px\" \/><\/figure>\n<\/figure>\n\n\n\n<h2 class=\"wp-block-heading\"><strong>Ako kombinova\u0165 zlat\u00fa kabelku?<\/strong><\/h2>\n\n\n\n<p><a href=\"https:\/\/ccc.eu\/sk\/kabelky\/damske-kabelky\/farba:zlta-zlata\">Zlat\u00e1 kabelka<\/a> sa m\u00f4\u017ee zda\u0165 ako n\u00e1ro\u010dn\u00fd doplnok na kombin\u00e1ciu. Nemus\u00ed to tak by\u0165. Ak t\u00fa\u017eite po tomto k\u00fasku <strong>v&nbsp;prepychovej farbe<\/strong>, pr\u00edpadne ju u\u017e m\u00e1te v&nbsp;\u0161atn\u00edku, <strong>porad\u00edme v\u00e1m, ako s&nbsp;\u0148ou vytvori\u0165 dokonal\u00fd outfit. <\/strong>Najprv sa v\u0161ak pozrieme na&nbsp;<strong>zlat\u00fa farbu<\/strong> tro\u0161ku bli\u017e\u0161ie.<\/p>\n\n\n\n<h3 class=\"wp-block-heading\"><strong>Zlat\u00e1 farba \u2013 symbol luxusu aj priate\u013estva<\/strong><\/h3>\n\n\n\n<p>Zlat\u00e1 sa v&nbsp;pr\u00edrode vyskytuje v\u00fdnimo\u010dne. Je to kombin\u00e1cia oran\u017eovej a&nbsp;\u017eltej farby. Zlat\u00e1 farba, pomenovan\u00e1 pod\u013ea drah\u00e9ho kovu, je farbou <strong>luxusu, prepychu, \u00faspechu a&nbsp;v\u00ed\u0165azstva.<\/strong> Nie n\u00e1hodou je v\u00ed\u0165azn\u00e1 medaila pr\u00e1ve zo zlata. Asociuje kr\u00e1\u013eovsk\u00fa rodinu, bohatstvo, peniaze, ale aj priate\u013estvo a&nbsp;detskos\u0165. Z\u00e1vis\u00ed od kombin\u00e1cie s&nbsp;\u010fal\u0161\u00edmi farbami.&nbsp;<\/p>\n\n\n\n<p>Podobne, ako in\u00e9 oran\u017eov\u00e9 a&nbsp;\u017elt\u00e9 odtiene farieb, aj <strong>zlat\u00e1 dobre lad\u00ed s&nbsp;in\u00fdmi pr\u00edrodn\u00fdmi farbami<\/strong> \u2013 modrou a&nbsp;zelenou. Zlat\u00e1 a&nbsp;modr\u00e1 farba s\u00fa spolu dokonal\u00e9. A&nbsp;to v&nbsp;akomko\u013evek odtieni \u2013 od tmavomodrej, starej modrej, n\u00e1morn\u00edckej, kr\u00e1\u013eovskej, a\u017e po \u201ebaby blue.\u201c Zlat\u00e1 so zelenou p\u00f4sobia retro dojmom s&nbsp;pr\u00edrodn\u00fdm n\u00e1dychom.<\/p>\n\n\n\n<shortcode prop-category=\"D\u00e1msk\u00e9 kabelky\" prop-color=\"ZLAT\u00c1\" prop-load-num=\"12\" prop-display-num=\"4\" prop-sku=\"5904248833008, 590424852664, 5904248579258, 5904248569396, 5904248391775, 5903698656946, 5903698268422\" prop-view=\"slider\"><\/shortcode>        <div\r\n            class=\"eob-pf-shortcode\"\r\n            id=\"eobpf69f3fd8110e45\"\r\n        >\r\n            <shortcode prop-category=\"D\u00e1msk\u00e9 kabelky\" prop-color=\"ZLAT\u00c1\" prop-load-num=\"12\" prop-display-num=\"4\" prop-sku=\"5904248833008, 590424852664, 5904248579258, 5904248569396, 5904248391775, 5903698656946, 5903698268422\" prop-view=\"slider\"><\/shortcode>        <\/div>\r\n\t\t<script>\r\n\t\t\tjQuery(document).ready(() => {\r\n\t\t\t    const root = document.getElementById('eobpf69f3fd8110e45');\r\n                Vue.createApp({\r\n\t                components: {\r\n\t                    shortcode\r\n\t                }\r\n                }).mount(root);\r\n\t\t\t});\r\n\t\t<\/script>\r\n\t\t\r\n\t\t\n\n\n\n<p><\/p>\n\n\n\n<p><strong>V&nbsp;kombin\u00e1cii s&nbsp;\u010diernou p\u00f4sob\u00ed luxusne.<\/strong> T\u00fato kombin\u00e1ciu m\u00f4\u017eeme \u010dasto vidie\u0165 v&nbsp;bytovom aj m\u00f3dnom&nbsp;dizajne, tvor\u00ed pr\u00edjemn\u00fd kontrast. Zlat\u00e1 a&nbsp;biela spolu tie\u017e ni\u010d nepokazia. P\u00f4sobia jemnej\u0161\u00edm dojmom ako napr\u00edklad spom\u00ednan\u00e1 zlat\u00e1 a&nbsp;\u010dierna.<\/p>\n\n\n\n<p>Ak si prajete dosiahnu\u0165 \u010do najprepychovej\u0161\u00ed efekt, <em>\u00e0 la<\/em> kr\u00e1\u013eovsk\u00e1 rodina, sk\u00faste zlat\u00fa a&nbsp;fialov\u00fa alebo \u010derven\u00fa. Nie n\u00e1hodou sa tieto farebn\u00e9 kombin\u00e1cie vn\u00edmaj\u00fa ako \u201eurodzen\u00e9.\u201c<\/p>\n\n\n\n<h2 class=\"wp-block-heading\"><strong>Zlat\u00e1 spolo\u010densk\u00e1 kabelka \u2013 dokonal\u00e9 ozvl\u00e1\u0161tnenie ve\u010dern\u00fdch \u0161iat<\/strong><\/h2>\n\n\n\n<p><strong>Kabelka v\u00a0zlatom odtieni sa na v\u00fdnimo\u010dn\u00e9 a sl\u00e1vnostn\u00e9 udalosti priam p\u00fdta.<\/strong> M\u00f4\u017eete ju doplni\u0165 k\u00a0jednofarebn\u00fdm \u010diernym \u0161at\u00e1m v\u00a0jednoduchom strihu, jednofarebn\u00fdm lodi\u010dk\u00e1m a\u00a0<strong>zlat\u00fdm doplnkom.<\/strong> Kombin\u00e1cia \u010diernej a\u00a0zlatej vzbud\u00ed spom\u00ednan\u00fd luxusn\u00fd a\u00a0drah\u00fd dojem.<\/p>\n\n\n\n<p><strong>Zlat\u00e1 kabelka na ples<\/strong> je vhodn\u00e1 aj k&nbsp;in\u00fdm ako len klasick\u00fdm \u010diernym \u0161at\u00e1m. Ak m\u00e1te chu\u0165 na v\u00e4\u010d\u0161ie experimentovanie a&nbsp;prajete si outfit ozvl\u00e1\u0161tni\u0165, sk\u00faste <strong>zlat\u00fa kabelku skombinova\u0165 k&nbsp;\u0161at\u00e1m v&nbsp;smotanovom, oran\u017eovom alebo \u017eltom odtieni.<\/strong> K&nbsp;tomu u\u017e len nude lodi\u010dky a&nbsp;m\u00f4\u017ee sa \u00eds\u0165 tancova\u0165.<\/p>\n\n\n\n<p>V\u00e4\u010d\u0161\u00ed kontrast dosiahnete kombin\u00e1ciou kabelky v&nbsp;tejto prepychovej farbe a&nbsp;<strong>tmavomodr\u00fdch, kr\u00e1\u013eovsky modr\u00fdch, tyrkysov\u00fdch, bordov\u00fdch alebo smaragdov\u00fdch \u0161iat.<\/strong><\/p>\n\n\n\n<shortcode prop-category=\"D\u00e1msk\u00e9 kabelky\" prop-color=\"ZLAT\u00c1\" prop-load-num=\"12\" prop-display-num=\"4\" prop-sku=\"5903698306315, 5903698221878, 5904248392529, 5903698333748, 5904248709211, 5904248445188, 5904248214678\" prop-view=\"slider\"><\/shortcode>        <div\r\n            class=\"eob-pf-shortcode\"\r\n            id=\"eobpf69f3fd8110f48\"\r\n        >\r\n            <shortcode prop-category=\"D\u00e1msk\u00e9 kabelky\" prop-color=\"ZLAT\u00c1\" prop-load-num=\"12\" prop-display-num=\"4\" prop-sku=\"5903698306315, 5903698221878, 5904248392529, 5903698333748, 5904248709211, 5904248445188, 5904248214678\" prop-view=\"slider\"><\/shortcode>        <\/div>\r\n\t\t<script>\r\n\t\t\tjQuery(document).ready(() => {\r\n\t\t\t    const root = document.getElementById('eobpf69f3fd8110f48');\r\n                Vue.createApp({\r\n\t                components: {\r\n\t                    shortcode\r\n\t                }\r\n                }).mount(root);\r\n\t\t\t});\r\n\t\t<\/script>\r\n\t\t\r\n\t\t\n\n\n\n<p><\/p>\n\n\n\n<h2 class=\"wp-block-heading\"><strong>Zlat\u00e1 kabelka \u2013 ak\u00fa si len vybra\u0165?<\/strong><\/h2>\n\n\n\n<p><strong>Ve\u013ek\u00e1 a zlat\u00e1, crossbody alebo zlat\u00e1 listov\u00e1 kabelka? <\/strong>Ak t\u00fa\u017eite po zlatej kabelke, ale nie ste si ist\u00e9, ak\u00fd typ zvoli\u0165, sk\u00faste sa zamyslie\u0165 nad udalos\u0165ou a&nbsp;outfitmi, ku ktor\u00fdm ju budete naj\u010dastej\u0161ie nosi\u0165.<\/p>\n\n\n\n<p><a href=\"https:\/\/ccc.eu\/sk\/kabelky\/damske-kabelky\/farba:zlta-zlata\/material:prirodna_koza_usen_-prirodna_koza_usen_koza_usen__licova\"><strong>Zlat\u00e1 ko\u017een\u00e1 kabelka<\/strong><\/a> je naozajstn\u00fdm znamen\u00edm luxusu. A&nbsp;to u\u017e len nie na prv\u00fd poh\u013ead, ale skuto\u010dne. Tak\u00e1to kabelka je kvalitn\u00e1 a&nbsp;trv\u00e1cna. M\u00f4\u017eete ju kombinova\u0165 ku ka\u017edodenn\u00e9mu outfitu, ak ho chcete okoreni\u0165 a&nbsp;dopria\u0165 mu posledn\u00fa \u201ezlat\u00fa bodku.\u201c Alebo zlat\u00fa \u010dere\u0161\u0148u? Hod\u00ed sa k&nbsp;rifliam, bielej ko\u0161eli a&nbsp;nude lodi\u010dk\u00e1m alebo jednoduch\u00fdm \u0161at\u00e1m v&nbsp;\u010diernej, modrej \u010di \u010dervenej farbe.<\/p>\n\n\n\n<p><strong>Zlat\u00e1 crossbody kabelka <\/strong>je vhodn\u00e1 na p\u00e1rty. So zlat\u00fdmi doplnkami sa s&nbsp;\u0148ou stanete kr\u00e1\u013eovnou noci! Sk\u00faste ju vhodne doplni\u0165 \u0161atami alebo overale v&nbsp;kr\u00e1\u013eovskej modrej \u010di to naopak tot\u00e1lne \u201eprehna\u0165\u201c v&nbsp;celozlatom flitrovanom outfite a&nbsp;vysok\u00fdch, zlat\u00fdch sand\u00e1loch.<\/p>\n\n\n\n<p><strong>Listov\u00e1 kabelka v&nbsp;zlatej farbe<\/strong> je ide\u00e1lny doplnok na ples. Vyu\u017eijete ju k&nbsp;jednoduch\u00fdm spolo\u010densk\u00fdm \u0161at\u00e1m, ak budete chcie\u0165 v\u00e1\u0161 outfit tro\u0161ku farebne \u201erozbi\u0165,\u201c rovnako sa stane pr\u00edjemn\u00fdm doplnkom k&nbsp;zdobenej\u0161\u00edm sl\u00e1vnostn\u00fdm \u0161at\u00e1m.<\/p>\n","protected":false},"excerpt":{"rendered":"<p>H\u013ead\u00e1te ozvl\u00e1\u0161tnenie v\u00e1\u0161ho ve\u010dern\u00e9ho, ale aj be\u017en\u00e9ho outfitu? Kabelka vo farbe zlat\u00e9ho kovu, s metalick\u00fdmi odleskami m\u00f4\u017ee by\u0165 to prav\u00e9. Zlat\u00e1 kabelka je doplnok, ktor\u00fd vo va\u0161om \u0161atn\u00edku ur\u010dite nezapadne prachom. P\u00f4sob\u00ed luxusn\u00fdm a&nbsp;drah\u00fdm dojmom. M\u00f4\u017eete ju vytiahnu\u0165 na v\u00fdnimo\u010dn\u00e9 spolo\u010densk\u00e9 udalosti, ale aj na ve\u010dern\u00fa babsk\u00fa jazdu. Zlat\u00e1 kabelka zapadne na honosn\u00fa akciu, aj [&hellip;]<\/p>\n","protected":false},"author":9,"featured_media":5203,"comment_status":"open","ping_status":"open","sticky":false,"template":"","format":"standard","meta":{"_acf_changed":false,"footnotes":""},"categories":[6],"tags":[574,733],"class_list":["post-5202","post","type-post","status-publish","format-standard","has-post-thumbnail","hentry","category-trendy","tag-kabelky","tag-party-2"],"acf":[],"yoast_head":"<!-- This site is optimized with the Yoast SEO plugin v26.9 - https:\/\/yoast.com\/product\/yoast-seo-wordpress\/ -->\n<title>Zlat\u00e1 kabelka \u2013 luxusn\u00e1 bodka outfitu - blog.ccc.eu\/sk<\/title>\n<meta name=\"description\" content=\"Zlat\u00e1 kabelka je luxusn\u00fd doplnok, ktor\u00fd sa hod\u00ed na spolo\u010densk\u00e9 udalosti, k ve\u010dern\u00fdm \u0161at\u00e1m, aj na p\u00e1rty. Neviete ako ju kombinova\u0165? Pre\u010d\u00edtajte si v \u010dl\u00e1nku! 2026\" \/>\n<meta name=\"robots\" content=\"index, follow, max-snippet:-1, max-image-preview:large, max-video-preview:-1\" \/>\n<link rel=\"canonical\" href=\"https:\/\/blog.ccc.eu\/sk\/zlata-kabelka-luxusna-bodka-outfitu\/\" \/>\n<meta property=\"og:locale\" content=\"sk_SK\" \/>\n<meta property=\"og:type\" content=\"article\" \/>\n<meta property=\"og:title\" content=\"Zlat\u00e1 kabelka \u2013 luxusn\u00e1 bodka outfitu - blog.ccc.eu\/sk\" \/>\n<meta property=\"og:description\" content=\"Zlat\u00e1 kabelka je luxusn\u00fd doplnok, ktor\u00fd sa hod\u00ed na spolo\u010densk\u00e9 udalosti, k ve\u010dern\u00fdm \u0161at\u00e1m, aj na p\u00e1rty. Neviete ako ju kombinova\u0165? Pre\u010d\u00edtajte si v \u010dl\u00e1nku!\" \/>\n<meta property=\"og:url\" content=\"https:\/\/blog.ccc.eu\/sk\/zlata-kabelka-luxusna-bodka-outfitu\/\" \/>\n<meta property=\"og:site_name\" content=\"blog.ccc.eu\/sk\" \/>\n<meta property=\"article:published_time\" content=\"2022-07-06T09:27:01+00:00\" \/>\n<meta property=\"article:modified_time\" content=\"2023-09-01T10:00:17+00:00\" \/>\n<meta property=\"og:image\" content=\"https:\/\/blog.ccc.eu\/sk\/wp-content\/uploads\/2022\/07\/22112021_ZUZA_JENNY_FAIRY_0023.jpg\" \/>\n\t<meta property=\"og:image:width\" content=\"823\" \/>\n\t<meta property=\"og:image:height\" content=\"1024\" \/>\n\t<meta property=\"og:image:type\" content=\"image\/jpeg\" \/>\n<meta name=\"author\" content=\"Lena\" \/>\n<meta name=\"twitter:card\" content=\"summary_large_image\" \/>\n<meta name=\"twitter:label1\" content=\"Autor\" \/>\n\t<meta name=\"twitter:data1\" content=\"Lena\" \/>\n\t<meta name=\"twitter:label2\" content=\"Predpokladan\u00fd \u010das \u010d\u00edtania\" \/>\n\t<meta name=\"twitter:data2\" content=\"4 min\u00faty\" \/>\n<script type=\"application\/ld+json\" class=\"yoast-schema-graph\">{\"@context\":\"https:\/\/schema.org\",\"@graph\":[{\"@type\":\"Article\",\"@id\":\"https:\/\/blog.ccc.eu\/sk\/zlata-kabelka-luxusna-bodka-outfitu\/#article\",\"isPartOf\":{\"@id\":\"https:\/\/blog.ccc.eu\/sk\/zlata-kabelka-luxusna-bodka-outfitu\/\"},\"author\":{\"name\":\"Lena\",\"@id\":\"https:\/\/blog.ccc.eu\/sk\/#\/schema\/person\/3fe23f84d7cc2af51f6f5ff134b1fcc1\"},\"headline\":\"Zlat\u00e1 kabelka \u2013 luxusn\u00e1 bodka outfitu\",\"datePublished\":\"2022-07-06T09:27:01+00:00\",\"dateModified\":\"2023-09-01T10:00:17+00:00\",\"mainEntityOfPage\":{\"@id\":\"https:\/\/blog.ccc.eu\/sk\/zlata-kabelka-luxusna-bodka-outfitu\/\"},\"wordCount\":800,\"commentCount\":0,\"publisher\":{\"@id\":\"https:\/\/blog.ccc.eu\/sk\/#organization\"},\"image\":{\"@id\":\"https:\/\/blog.ccc.eu\/sk\/zlata-kabelka-luxusna-bodka-outfitu\/#primaryimage\"},\"thumbnailUrl\":\"https:\/\/blog.ccc.eu\/sk\/wp-content\/uploads\/2022\/07\/22112021_ZUZA_JENNY_FAIRY_0023.jpg\",\"keywords\":[\"kabelky\",\"p\u00e1rty\"],\"articleSection\":[\"trendy\"],\"inLanguage\":\"sk-SK\",\"potentialAction\":[{\"@type\":\"CommentAction\",\"name\":\"Comment\",\"target\":[\"https:\/\/blog.ccc.eu\/sk\/zlata-kabelka-luxusna-bodka-outfitu\/#respond\"]}]},{\"@type\":\"WebPage\",\"@id\":\"https:\/\/blog.ccc.eu\/sk\/zlata-kabelka-luxusna-bodka-outfitu\/\",\"url\":\"https:\/\/blog.ccc.eu\/sk\/zlata-kabelka-luxusna-bodka-outfitu\/\",\"name\":\"Zlat\u00e1 kabelka \u2013 luxusn\u00e1 bodka outfitu - blog.ccc.eu\/sk\",\"isPartOf\":{\"@id\":\"https:\/\/blog.ccc.eu\/sk\/#website\"},\"primaryImageOfPage\":{\"@id\":\"https:\/\/blog.ccc.eu\/sk\/zlata-kabelka-luxusna-bodka-outfitu\/#primaryimage\"},\"image\":{\"@id\":\"https:\/\/blog.ccc.eu\/sk\/zlata-kabelka-luxusna-bodka-outfitu\/#primaryimage\"},\"thumbnailUrl\":\"https:\/\/blog.ccc.eu\/sk\/wp-content\/uploads\/2022\/07\/22112021_ZUZA_JENNY_FAIRY_0023.jpg\",\"datePublished\":\"2022-07-06T09:27:01+00:00\",\"dateModified\":\"2023-09-01T10:00:17+00:00\",\"description\":\"Zlat\u00e1 kabelka je luxusn\u00fd doplnok, ktor\u00fd sa hod\u00ed na spolo\u010densk\u00e9 udalosti, k ve\u010dern\u00fdm \u0161at\u00e1m, aj na p\u00e1rty. Neviete ako ju kombinova\u0165? Pre\u010d\u00edtajte si v \u010dl\u00e1nku!\",\"breadcrumb\":{\"@id\":\"https:\/\/blog.ccc.eu\/sk\/zlata-kabelka-luxusna-bodka-outfitu\/#breadcrumb\"},\"inLanguage\":\"sk-SK\",\"potentialAction\":[{\"@type\":\"ReadAction\",\"target\":[\"https:\/\/blog.ccc.eu\/sk\/zlata-kabelka-luxusna-bodka-outfitu\/\"]}]},{\"@type\":\"ImageObject\",\"inLanguage\":\"sk-SK\",\"@id\":\"https:\/\/blog.ccc.eu\/sk\/zlata-kabelka-luxusna-bodka-outfitu\/#primaryimage\",\"url\":\"https:\/\/blog.ccc.eu\/sk\/wp-content\/uploads\/2022\/07\/22112021_ZUZA_JENNY_FAIRY_0023.jpg\",\"contentUrl\":\"https:\/\/blog.ccc.eu\/sk\/wp-content\/uploads\/2022\/07\/22112021_ZUZA_JENNY_FAIRY_0023.jpg\",\"width\":823,\"height\":1024,\"caption\":\"zlat\u00e1 kabelka\"},{\"@type\":\"BreadcrumbList\",\"@id\":\"https:\/\/blog.ccc.eu\/sk\/zlata-kabelka-luxusna-bodka-outfitu\/#breadcrumb\",\"itemListElement\":[{\"@type\":\"ListItem\",\"position\":1,\"name\":\"Strona g\u0142\u00f3wna\",\"item\":\"https:\/\/blog.ccc.eu\/sk\/\"},{\"@type\":\"ListItem\",\"position\":2,\"name\":\"Zlat\u00e1 kabelka \u2013 luxusn\u00e1 bodka outfitu\"}]},{\"@type\":\"WebSite\",\"@id\":\"https:\/\/blog.ccc.eu\/sk\/#website\",\"url\":\"https:\/\/blog.ccc.eu\/sk\/\",\"name\":\"blog.ccc.eu\/sk\",\"description\":\"Va\u0161e miesto pln\u00e9 m\u00f3dnych in\u0161pir\u00e1ci\u00ed\",\"publisher\":{\"@id\":\"https:\/\/blog.ccc.eu\/sk\/#organization\"},\"potentialAction\":[{\"@type\":\"SearchAction\",\"target\":{\"@type\":\"EntryPoint\",\"urlTemplate\":\"https:\/\/blog.ccc.eu\/sk\/?s={search_term_string}\"},\"query-input\":{\"@type\":\"PropertyValueSpecification\",\"valueRequired\":true,\"valueName\":\"search_term_string\"}}],\"inLanguage\":\"sk-SK\"},{\"@type\":\"Organization\",\"@id\":\"https:\/\/blog.ccc.eu\/sk\/#organization\",\"name\":\"CCC S.A.\",\"url\":\"https:\/\/blog.ccc.eu\/sk\/\",\"logo\":{\"@type\":\"ImageObject\",\"inLanguage\":\"sk-SK\",\"@id\":\"https:\/\/blog.ccc.eu\/sk\/#\/schema\/logo\/image\/\",\"url\":\"https:\/\/blog.ccc.eu\/sk\/wp-content\/uploads\/2021\/11\/logo_ccc.png\",\"contentUrl\":\"https:\/\/blog.ccc.eu\/sk\/wp-content\/uploads\/2021\/11\/logo_ccc.png\",\"width\":730,\"height\":270,\"caption\":\"CCC S.A.\"},\"image\":{\"@id\":\"https:\/\/blog.ccc.eu\/sk\/#\/schema\/logo\/image\/\"}},{\"@type\":\"Person\",\"@id\":\"https:\/\/blog.ccc.eu\/sk\/#\/schema\/person\/3fe23f84d7cc2af51f6f5ff134b1fcc1\",\"name\":\"Lena\",\"image\":{\"@type\":\"ImageObject\",\"inLanguage\":\"sk-SK\",\"@id\":\"https:\/\/blog.ccc.eu\/sk\/#\/schema\/person\/image\/\",\"url\":\"https:\/\/blog.ccc.eu\/sk\/wp-content\/uploads\/2022\/06\/MicrosoftTeams-image-2-100x100.jpg\",\"contentUrl\":\"https:\/\/blog.ccc.eu\/sk\/wp-content\/uploads\/2022\/06\/MicrosoftTeams-image-2-100x100.jpg\",\"caption\":\"Lena\"},\"description\":\"Absolventka digit\u00e1lneho marketingu so sk\u00fasenos\u0165ami s content marketingom a (ve\u013emi prekvapivo) copywritingom. Vo vo\u013enom \u010dase rada nos\u00ed platformy a sna\u017e\u00ed sa n\u00e1kupy vo fast-fashion re\u0165azcoch vyva\u017eova\u0165 t\u00fdmi sek\u00e1\u010dov\u00fdmi a swapov\u00fdmi.\",\"url\":\"https:\/\/blog.ccc.eu\/sk\/author\/paulina-jarmul\/\"}]}<\/script>\n<!-- \/ Yoast SEO plugin. -->","yoast_head_json":{"title":"Zlat\u00e1 kabelka \u2013 luxusn\u00e1 bodka outfitu - blog.ccc.eu\/sk","description":"Zlat\u00e1 kabelka je luxusn\u00fd doplnok, ktor\u00fd sa hod\u00ed na spolo\u010densk\u00e9 udalosti, k ve\u010dern\u00fdm \u0161at\u00e1m, aj na p\u00e1rty. Neviete ako ju kombinova\u0165? Pre\u010d\u00edtajte si v \u010dl\u00e1nku! 2026","robots":{"index":"index","follow":"follow","max-snippet":"max-snippet:-1","max-image-preview":"max-image-preview:large","max-video-preview":"max-video-preview:-1"},"canonical":"https:\/\/blog.ccc.eu\/sk\/zlata-kabelka-luxusna-bodka-outfitu\/","og_locale":"sk_SK","og_type":"article","og_title":"Zlat\u00e1 kabelka \u2013 luxusn\u00e1 bodka outfitu - blog.ccc.eu\/sk","og_description":"Zlat\u00e1 kabelka je luxusn\u00fd doplnok, ktor\u00fd sa hod\u00ed na spolo\u010densk\u00e9 udalosti, k ve\u010dern\u00fdm \u0161at\u00e1m, aj na p\u00e1rty. Neviete ako ju kombinova\u0165? Pre\u010d\u00edtajte si v \u010dl\u00e1nku!","og_url":"https:\/\/blog.ccc.eu\/sk\/zlata-kabelka-luxusna-bodka-outfitu\/","og_site_name":"blog.ccc.eu\/sk","article_published_time":"2022-07-06T09:27:01+00:00","article_modified_time":"2023-09-01T10:00:17+00:00","og_image":[{"width":823,"height":1024,"url":"https:\/\/blog.ccc.eu\/sk\/wp-content\/uploads\/2022\/07\/22112021_ZUZA_JENNY_FAIRY_0023.jpg","type":"image\/jpeg"}],"author":"Lena","twitter_card":"summary_large_image","twitter_misc":{"Autor":"Lena","Predpokladan\u00fd \u010das \u010d\u00edtania":"4 min\u00faty"},"schema":{"@context":"https:\/\/schema.org","@graph":[{"@type":"Article","@id":"https:\/\/blog.ccc.eu\/sk\/zlata-kabelka-luxusna-bodka-outfitu\/#article","isPartOf":{"@id":"https:\/\/blog.ccc.eu\/sk\/zlata-kabelka-luxusna-bodka-outfitu\/"},"author":{"name":"Lena","@id":"https:\/\/blog.ccc.eu\/sk\/#\/schema\/person\/3fe23f84d7cc2af51f6f5ff134b1fcc1"},"headline":"Zlat\u00e1 kabelka \u2013 luxusn\u00e1 bodka outfitu","datePublished":"2022-07-06T09:27:01+00:00","dateModified":"2023-09-01T10:00:17+00:00","mainEntityOfPage":{"@id":"https:\/\/blog.ccc.eu\/sk\/zlata-kabelka-luxusna-bodka-outfitu\/"},"wordCount":800,"commentCount":0,"publisher":{"@id":"https:\/\/blog.ccc.eu\/sk\/#organization"},"image":{"@id":"https:\/\/blog.ccc.eu\/sk\/zlata-kabelka-luxusna-bodka-outfitu\/#primaryimage"},"thumbnailUrl":"https:\/\/blog.ccc.eu\/sk\/wp-content\/uploads\/2022\/07\/22112021_ZUZA_JENNY_FAIRY_0023.jpg","keywords":["kabelky","p\u00e1rty"],"articleSection":["trendy"],"inLanguage":"sk-SK","potentialAction":[{"@type":"CommentAction","name":"Comment","target":["https:\/\/blog.ccc.eu\/sk\/zlata-kabelka-luxusna-bodka-outfitu\/#respond"]}]},{"@type":"WebPage","@id":"https:\/\/blog.ccc.eu\/sk\/zlata-kabelka-luxusna-bodka-outfitu\/","url":"https:\/\/blog.ccc.eu\/sk\/zlata-kabelka-luxusna-bodka-outfitu\/","name":"Zlat\u00e1 kabelka \u2013 luxusn\u00e1 bodka outfitu - blog.ccc.eu\/sk","isPartOf":{"@id":"https:\/\/blog.ccc.eu\/sk\/#website"},"primaryImageOfPage":{"@id":"https:\/\/blog.ccc.eu\/sk\/zlata-kabelka-luxusna-bodka-outfitu\/#primaryimage"},"image":{"@id":"https:\/\/blog.ccc.eu\/sk\/zlata-kabelka-luxusna-bodka-outfitu\/#primaryimage"},"thumbnailUrl":"https:\/\/blog.ccc.eu\/sk\/wp-content\/uploads\/2022\/07\/22112021_ZUZA_JENNY_FAIRY_0023.jpg","datePublished":"2022-07-06T09:27:01+00:00","dateModified":"2023-09-01T10:00:17+00:00","description":"Zlat\u00e1 kabelka je luxusn\u00fd doplnok, ktor\u00fd sa hod\u00ed na spolo\u010densk\u00e9 udalosti, k ve\u010dern\u00fdm \u0161at\u00e1m, aj na p\u00e1rty. Neviete ako ju kombinova\u0165? Pre\u010d\u00edtajte si v \u010dl\u00e1nku!","breadcrumb":{"@id":"https:\/\/blog.ccc.eu\/sk\/zlata-kabelka-luxusna-bodka-outfitu\/#breadcrumb"},"inLanguage":"sk-SK","potentialAction":[{"@type":"ReadAction","target":["https:\/\/blog.ccc.eu\/sk\/zlata-kabelka-luxusna-bodka-outfitu\/"]}]},{"@type":"ImageObject","inLanguage":"sk-SK","@id":"https:\/\/blog.ccc.eu\/sk\/zlata-kabelka-luxusna-bodka-outfitu\/#primaryimage","url":"https:\/\/blog.ccc.eu\/sk\/wp-content\/uploads\/2022\/07\/22112021_ZUZA_JENNY_FAIRY_0023.jpg","contentUrl":"https:\/\/blog.ccc.eu\/sk\/wp-content\/uploads\/2022\/07\/22112021_ZUZA_JENNY_FAIRY_0023.jpg","width":823,"height":1024,"caption":"zlat\u00e1 kabelka"},{"@type":"BreadcrumbList","@id":"https:\/\/blog.ccc.eu\/sk\/zlata-kabelka-luxusna-bodka-outfitu\/#breadcrumb","itemListElement":[{"@type":"ListItem","position":1,"name":"Strona g\u0142\u00f3wna","item":"https:\/\/blog.ccc.eu\/sk\/"},{"@type":"ListItem","position":2,"name":"Zlat\u00e1 kabelka \u2013 luxusn\u00e1 bodka outfitu"}]},{"@type":"WebSite","@id":"https:\/\/blog.ccc.eu\/sk\/#website","url":"https:\/\/blog.ccc.eu\/sk\/","name":"blog.ccc.eu\/sk","description":"Va\u0161e miesto pln\u00e9 m\u00f3dnych in\u0161pir\u00e1ci\u00ed","publisher":{"@id":"https:\/\/blog.ccc.eu\/sk\/#organization"},"potentialAction":[{"@type":"SearchAction","target":{"@type":"EntryPoint","urlTemplate":"https:\/\/blog.ccc.eu\/sk\/?s={search_term_string}"},"query-input":{"@type":"PropertyValueSpecification","valueRequired":true,"valueName":"search_term_string"}}],"inLanguage":"sk-SK"},{"@type":"Organization","@id":"https:\/\/blog.ccc.eu\/sk\/#organization","name":"CCC S.A.","url":"https:\/\/blog.ccc.eu\/sk\/","logo":{"@type":"ImageObject","inLanguage":"sk-SK","@id":"https:\/\/blog.ccc.eu\/sk\/#\/schema\/logo\/image\/","url":"https:\/\/blog.ccc.eu\/sk\/wp-content\/uploads\/2021\/11\/logo_ccc.png","contentUrl":"https:\/\/blog.ccc.eu\/sk\/wp-content\/uploads\/2021\/11\/logo_ccc.png","width":730,"height":270,"caption":"CCC S.A."},"image":{"@id":"https:\/\/blog.ccc.eu\/sk\/#\/schema\/logo\/image\/"}},{"@type":"Person","@id":"https:\/\/blog.ccc.eu\/sk\/#\/schema\/person\/3fe23f84d7cc2af51f6f5ff134b1fcc1","name":"Lena","image":{"@type":"ImageObject","inLanguage":"sk-SK","@id":"https:\/\/blog.ccc.eu\/sk\/#\/schema\/person\/image\/","url":"https:\/\/blog.ccc.eu\/sk\/wp-content\/uploads\/2022\/06\/MicrosoftTeams-image-2-100x100.jpg","contentUrl":"https:\/\/blog.ccc.eu\/sk\/wp-content\/uploads\/2022\/06\/MicrosoftTeams-image-2-100x100.jpg","caption":"Lena"},"description":"Absolventka digit\u00e1lneho marketingu so sk\u00fasenos\u0165ami s content marketingom a (ve\u013emi prekvapivo) copywritingom. Vo vo\u013enom \u010dase rada nos\u00ed platformy a sna\u017e\u00ed sa n\u00e1kupy vo fast-fashion re\u0165azcoch vyva\u017eova\u0165 t\u00fdmi sek\u00e1\u010dov\u00fdmi a swapov\u00fdmi.","url":"https:\/\/blog.ccc.eu\/sk\/author\/paulina-jarmul\/"}]}},"_links":{"self":[{"href":"https:\/\/blog.ccc.eu\/sk\/wp-json\/wp\/v2\/posts\/5202","targetHints":{"allow":["GET"]}}],"collection":[{"href":"https:\/\/blog.ccc.eu\/sk\/wp-json\/wp\/v2\/posts"}],"about":[{"href":"https:\/\/blog.ccc.eu\/sk\/wp-json\/wp\/v2\/types\/post"}],"author":[{"embeddable":true,"href":"https:\/\/blog.ccc.eu\/sk\/wp-json\/wp\/v2\/users\/9"}],"replies":[{"embeddable":true,"href":"https:\/\/blog.ccc.eu\/sk\/wp-json\/wp\/v2\/comments?post=5202"}],"version-history":[{"count":2,"href":"https:\/\/blog.ccc.eu\/sk\/wp-json\/wp\/v2\/posts\/5202\/revisions"}],"predecessor-version":[{"id":6987,"href":"https:\/\/blog.ccc.eu\/sk\/wp-json\/wp\/v2\/posts\/5202\/revisions\/6987"}],"wp:featuredmedia":[{"embeddable":true,"href":"https:\/\/blog.ccc.eu\/sk\/wp-json\/wp\/v2\/media\/5203"}],"wp:attachment":[{"href":"https:\/\/blog.ccc.eu\/sk\/wp-json\/wp\/v2\/media?parent=5202"}],"wp:term":[{"taxonomy":"category","embeddable":true,"href":"https:\/\/blog.ccc.eu\/sk\/wp-json\/wp\/v2\/categories?post=5202"},{"taxonomy":"post_tag","embeddable":true,"href":"https:\/\/blog.ccc.eu\/sk\/wp-json\/wp\/v2\/tags?post=5202"}],"curies":[{"name":"wp","href":"https:\/\/api.w.org\/{rel}","templated":true}]}}