{"id":5273,"date":"2022-07-26T09:00:56","date_gmt":"2022-07-26T07:00:56","guid":{"rendered":"https:\/\/blog.ccc.eu\/sk\/?p=5273"},"modified":"2023-01-26T10:35:26","modified_gmt":"2023-01-26T09:35:26","slug":"9-jesennych-trendov-priamo-z-modnych-prehliadok","status":"publish","type":"post","link":"https:\/\/blog.ccc.eu\/sk\/9-jesennych-trendov-priamo-z-modnych-prehliadok\/","title":{"rendered":"9 jesenn\u00fdch trendov priamo z\u00a0m\u00f3dnych prehliadok"},"content":{"rendered":"\n<p><b>Plavky sme do skrine e\u0161te neschovali a&nbsp;leto vrchol\u00ed. My v\u00e1s mo\u017eno tro\u0161ku schlad\u00edme (alebo osvie\u017eime?) my\u0161lienkami na prich\u00e1dzaj\u00facu jese\u0148. A&nbsp;jesenn\u00e9 trendy, samozrejme! Zapnite si ventil\u00e1tor alebo klimatiz\u00e1ciu, do ob\u013e\u00faben\u00e9ho studen\u00e9ho n\u00e1poja si pridajte o&nbsp;dve kocky \u013eadu naviac a&nbsp;pozrime sa spolu na m\u00f3dne k\u00fasky tejto jesene.<\/b><\/p>\n\n\n\n<figure class=\"wp-block-gallery has-nested-images columns-default is-cropped wp-block-gallery-1 is-layout-flex wp-block-gallery-is-layout-flex\">\n<figure class=\"wp-block-image size-large\"><img loading=\"lazy\" decoding=\"async\" width=\"1024\" height=\"683\" data-id=\"5274\" src=\"https:\/\/blog.ccc.eu\/sk\/wp-content\/uploads\/2022\/07\/SPRANDI-AW22-KAMPANIA-8-1024x683.jpg\" alt=\"\" class=\"wp-image-5274\" srcset=\"https:\/\/blog.ccc.eu\/sk\/wp-content\/uploads\/2022\/07\/SPRANDI-AW22-KAMPANIA-8-1024x683.jpg 1024w, https:\/\/blog.ccc.eu\/sk\/wp-content\/uploads\/2022\/07\/SPRANDI-AW22-KAMPANIA-8-300x200.jpg 300w, https:\/\/blog.ccc.eu\/sk\/wp-content\/uploads\/2022\/07\/SPRANDI-AW22-KAMPANIA-8-768x512.jpg 768w, https:\/\/blog.ccc.eu\/sk\/wp-content\/uploads\/2022\/07\/SPRANDI-AW22-KAMPANIA-8-1536x1024.jpg 1536w, https:\/\/blog.ccc.eu\/sk\/wp-content\/uploads\/2022\/07\/SPRANDI-AW22-KAMPANIA-8-100x67.jpg 100w, https:\/\/blog.ccc.eu\/sk\/wp-content\/uploads\/2022\/07\/SPRANDI-AW22-KAMPANIA-8.jpg 1548w\" sizes=\"auto, (max-width: 1024px) 100vw, 1024px\" \/><\/figure>\n<\/figure>\n\n\n\n<h2 class=\"wp-block-heading\"><strong>N\u00e1vrat k&nbsp;bielej jednoduchosti<\/strong><\/h2>\n\n\n\n<p>Spom\u00ednate si e\u0161te na <em>star\u00e9-dobr\u00e9-biele tielka<\/em> (alebo n\u00e1teln\u00edky), ktor\u00e9 v\u00e1s mamina n\u00fatila nosi\u0165 pod oble\u010denie \u2013 akon\u00e1hle teplomer uk\u00e1zal menej ako 10 \u00b0C? S\u00fa sp\u00e4\u0165! Samozrejme, v&nbsp;tro\u0161ku aktualizovanej podobe. <a href=\"https:\/\/ccc.eu\/sk\/damske\/oblecenie\/kategorie\/tricka\/farba:biela\"><strong>Biele oby\u010dajn\u00e9 tielko<\/strong><\/a> m\u00f4\u017eete zladi\u0165 k&nbsp;minimalistick\u00e9mu outfitu \u2013 <strong>modr\u00fdm jeansom a&nbsp;tenisk\u00e1m <\/strong>alebo si s&nbsp;n\u00edm u\u017ei\u0165 trochu viac z\u00e1bavy a&nbsp;pou\u017ei\u0165 ho ako doplnkov\u00fd prvok k&nbsp;statement k\u00faskom.<\/p>\n\n\n\n<h2 class=\"wp-block-heading\"><strong>Zv\u00fdraz\u0148ova\u010dky nielen v&nbsp;\u0161kolskom pera\u010dn\u00edku<\/strong><\/h2>\n\n\n\n<p>N\u00e1vrat do \u0161koly sa sp\u00e1ja s&nbsp;k\u00fapou novej v\u00fdbavy. Zo\u0161itov, pier, kn\u00edh a&nbsp;<strong>ne\u00f3nov\u00fdch farebn\u00fdch zv\u00fdraz\u0148ova\u010diek.<\/strong> Tie po\u010das jesene 2022 neuvid\u00edme len v&nbsp;pera\u010dn\u00edku, ale zrejme aj v mestsk\u00fdch uliciach. Jasn\u00e1 a&nbsp;v\u00fdrazn\u00e1 <em>barbie ru\u017eov\u00e1, magenta, ne\u00f3nov\u00e1 \u017elt\u00e1 aj hr\u00e1\u0161kov\u00e1 zelen\u00e1.<\/em> Vytvorte <strong>monochromatick\u00fd look pou\u017eit\u00edm jednej z&nbsp;v\u00fdrazn\u00fdch farieb<\/strong> alebo ju dopl\u0148te k&nbsp;tlmenej\u0161\u00edm (napr\u00edklad bielej \u010di sivej).<\/p>\n\n\n\n<h2 class=\"wp-block-heading\"><strong>Pokr\u00faten\u00fd tren\u010dkot<\/strong><\/h2>\n\n\n\n<p><strong>Tren\u010dkot patr\u00ed k&nbsp;esenci\u00e1lnym k\u00faskom \u0161atn\u00edka.<\/strong> Znamen\u00e1 to v\u0161ak, \u017ee m\u00e1me ma\u0165 len jeden jedin\u00fd \u2013 univerz\u00e1lny a&nbsp;dos\u0165? To je samozrejme na v\u00e1s. Ak chcete posun\u00fa\u0165 va\u0161u <em>jesenn\u00fa \u201efashion game,\u201c <\/em>sk\u00faste sa poobzera\u0165 po netypickom tren\u010dkote. Napr\u00edklad <strong>atypickom a&nbsp;nesymetrickom.<\/strong> S&nbsp;extra hrub\u00fdm opaskom. Alebo tren\u010dkotov\u00fdch \u0161at\u00e1ch.<\/p>\n\n\n\n<h2 class=\"wp-block-heading\"><strong>\u010cierna je nov\u00e1&#8230; \u010dierna<\/strong><\/h2>\n\n\n\n<p><em>\u010ciernu prestanem nosi\u0165, a\u017e ke\u010f vymyslia tmav\u0161iu farbu. <\/em>Tie\u017e sa stoto\u017e\u0148ujete s&nbsp;touto my\u0161lienkou? Po\u010das leta sa jej zvykneme vyh\u00fdba\u0165 a&nbsp;nahr\u00e1dza\u0165 ju farbami, ktor\u00e9 slnko pri\u0165ahuj\u00fa o&nbsp;nie\u010do menej. Preto je jese\u0148 najvhodnej\u0161ie obdobie, kedy po nej op\u00e4\u0165 siahnu\u0165 a&nbsp;poriadne si ju u\u017ei\u0165.<\/p>\n\n\n\n<p><strong>\u010cierna farba<\/strong> m\u00e1 mno\u017estvo benefitov, vizu\u00e1lne zo\u0161t\u00edh\u013euje a&nbsp;ka\u017ed\u00fd v&nbsp;nej jednoducho vyzer\u00e1 skvele. M\u00f4\u017eete \u00eds\u0165 do celo\u010dierneho outfitu (len pozor na r\u00f4zne odtiene \u010diernej). Ak chcete by\u0165 trendy, k&nbsp;\u010diernej jednoduchosti pridajte zop\u00e1r <em>\u201eblinky \u2013 blinky\u201c prvkov<\/em>. Trblieta\u0165 sa m\u00f4\u017eete v&nbsp;<strong>\u010diernych magick\u00fdch \u0161at\u00e1ch<\/strong> na tane\u010dnom parkete aj v&nbsp;<strong>\u010diernom overale<\/strong> na ve\u010deri s&nbsp;priate\u013emi.<\/p>\n\n\n\n<h2 class=\"wp-block-heading\"><strong>Bombastick\u00e1 bomb\u00e9ra<\/strong><\/h2>\n\n\n\n<p><a href=\"https:\/\/ccc.eu\/sk\/oblecenie\/damske\/zimne-bundy\"><strong>Bomb\u00e9ry<\/strong><\/a> s\u00fa jednoducho cool. <strong>Ko\u017een\u00e9 s&nbsp;hnedou pod\u0161\u00edvkou<\/strong>, celo\u010dierne, obrovsk\u00e9 oversized alebo origin\u00e1lne s&nbsp;farebnou n\u00e1\u0161ivkou \u010di inou aplik\u00e1ciou? Zlad\u00edte ich k&nbsp;va\u0161im ob\u013e\u00faben\u00fdm jeansom, \u0161irok\u00fdm nohaviciam alebo m\u00f4\u017eete prekvapi\u0165 va\u0161e neskor\u00e9 letn\u00e9 a romantick\u00e9 \u0161aty.&nbsp;<\/p>\n\n\n\n<h2 class=\"wp-block-heading\"><strong>Predefinovanie \u017eenskosti<\/strong><\/h2>\n\n\n\n<p>M\u00f3dny n\u00e1vrh\u00e1ri vo svojich kolekci\u00e1ch \u010dasto odkazuj\u00fa na aktu\u00e1lnu situ\u00e1ciu v&nbsp;spolo\u010dnosti. \u010co je dnes <em>\u017eensk\u00e9 a&nbsp;mu\u017esk\u00e9<\/em> je \u0165a\u017eko definovate\u013en\u00e9, hranice sa stieraj\u00fa a&nbsp;mie\u0161aj\u00fa. Vidie\u0165 <strong>mu\u017ea v&nbsp;sukni<\/strong> \u2013 spome\u0148me Brada Pitta na premi\u00e9re filmu v&nbsp;Berl\u00edne alebo Harry Stylesa (hmm, vo v\u0161eobecnosti?) \u2013 u\u017e nikoho zo stoli\u010dky len tak nepostav\u00ed. Popul\u00e1rne s\u00fa v&nbsp;s\u00fa\u010dasnosti aj <strong>\u017eensk\u00e9 smokingy.<\/strong><\/p>\n\n\n\n<p>Vn\u00edmanie \u017eenskosti je <em>subjekt\u00edvne<\/em>, no na m\u00f3dnych m\u00f3lach sme mohli vidie\u0165 typicky oldschool femin\u00edne k\u00fasky: <strong>pastelov\u00e9, jemn\u00e9 farby <\/strong>\u2013 staroru\u017eov\u00fa, babyblue, fialov\u00fa a&nbsp;bielu,<strong> pierka, priesvitn\u00e9 oble\u010denie, korzetov\u00e9 strihy a \u010dipku.<\/strong><\/p>\n\n\n\n<h2 class=\"wp-block-heading\"><strong>\u017divot v&nbsp;\u017eupane&nbsp;<\/strong><\/h2>\n\n\n\n<p>Sme si v&nbsp;minul\u00fdch rokoch u\u017eili viac ako dos\u0165. Preto n\u00e1m mo\u017eno chc\u00fa m\u00f3dny n\u00e1vrh\u00e1ri u\u013eah\u010di\u0165 prechod z&nbsp;postele priamo do ul\u00edc. A&nbsp;to v&nbsp;m\u00e4kkom, chlpatom <strong>ko\u017euchu<\/strong>. Veg\u00e1nskom, samozrejme. S&nbsp;tak\u00fdmto outfitom sa pracuje ve\u013emi jednoducho \u2013 sta\u010d\u00ed len doplni\u0165 <strong>\u010di\u017emami, kabelkou a&nbsp;ob\u013e\u00faben\u00fdm ka\u017edodenn\u00fdm outfitom.<\/strong><\/p>\n\n\n\n<h2 class=\"wp-block-heading\"><strong>Milovan\u00e9 aj nen\u00e1viden\u00e9 osemdesiatky<\/strong><\/h2>\n\n\n\n<p>Odv\u00e1\u017ene, v\u00fdrazn\u00e9 a&#8230; <em>\u010derven\u00e9!<\/em> <strong>Ko\u017ea, krik\u013eav\u00e9 odtiene \u010dervenej, \u017eensk\u00e1 silueta aj objemn\u00e9 proporcie. <\/strong><em>Glam look<\/em> sa bude nosi\u0165.<\/p>\n\n\n\n<h2 class=\"wp-block-heading\"><strong>Dlh\u00e1 namiesto \u0161irokej<\/strong><\/h2>\n\n\n\n<p>\u017de by sa \u010dasy <em>oversized <\/em>oble\u010denia na \u0161t\u00fdl <em>Billie Eilish<\/em> ch\u00fdlili ku koncu? Jasn\u00e9 je, \u017ee na m\u00f3lach sme viac mohli vidie\u0165 <em>pred\u013a\u017een\u00fa a&nbsp;obtiahnut\u00fa siluetu.<\/em> <strong>\u010cierne a ve\u013emi dlh\u00e9 rol\u00e1ky, obtiahnut\u00e9 priliehav\u00e9 \u0161aty a\u017e po zem, dlh\u00e9 jednofarebn\u00e9 sak\u00e1 <\/strong>\u2013 v&nbsp;t\u00fdchto k\u00faskoch v&nbsp;nasleduj\u00facej sez\u00f3ne jednozna\u010dne nesprav\u00edte krok ved\u013ea.<\/p>\n","protected":false},"excerpt":{"rendered":"<p>Plavky sme do skrine e\u0161te neschovali a&nbsp;leto vrchol\u00ed. My v\u00e1s mo\u017eno tro\u0161ku schlad\u00edme (alebo osvie\u017eime?) my\u0161lienkami na prich\u00e1dzaj\u00facu jese\u0148. A&nbsp;jesenn\u00e9 trendy, samozrejme! Zapnite si ventil\u00e1tor alebo klimatiz\u00e1ciu, do ob\u013e\u00faben\u00e9ho studen\u00e9ho n\u00e1poja si pridajte o&nbsp;dve kocky \u013eadu naviac a&nbsp;pozrime sa spolu na m\u00f3dne k\u00fasky tejto jesene. N\u00e1vrat k&nbsp;bielej jednoduchosti Spom\u00ednate si e\u0161te na star\u00e9-dobr\u00e9-biele tielka (alebo [&hellip;]<\/p>\n","protected":false},"author":9,"featured_media":5274,"comment_status":"open","ping_status":"open","sticky":false,"template":"","format":"standard","meta":{"_acf_changed":false,"footnotes":""},"categories":[6],"tags":[755,756,9],"class_list":["post-5273","post","type-post","status-publish","format-standard","has-post-thumbnail","hentry","category-trendy","tag-jesen","tag-jesenne-trendy","tag-trendy"],"acf":[],"yoast_head":"<!-- This site is optimized with the Yoast SEO plugin v26.9 - https:\/\/yoast.com\/product\/yoast-seo-wordpress\/ -->\n<title>9 jesenn\u00fdch trendov priamo z\u00a0m\u00f3dnych prehliadok - blog.ccc.eu\/sk<\/title>\n<meta name=\"description\" content=\"Leto je v plnom pr\u00fade, no my v\u00e1s osvie\u017eime prich\u00e1dzaj\u00facimi jesenn\u00fdmi trendami na rok 2022! Zapnite si ventil\u00e1tor a po\u010fme na to. 2026\" \/>\n<meta name=\"robots\" content=\"index, follow, max-snippet:-1, max-image-preview:large, max-video-preview:-1\" \/>\n<link rel=\"canonical\" href=\"https:\/\/blog.ccc.eu\/sk\/9-jesennych-trendov-priamo-z-modnych-prehliadok\/\" \/>\n<meta property=\"og:locale\" content=\"sk_SK\" \/>\n<meta property=\"og:type\" content=\"article\" \/>\n<meta property=\"og:title\" content=\"9 jesenn\u00fdch trendov priamo z\u00a0m\u00f3dnych prehliadok - blog.ccc.eu\/sk\" \/>\n<meta property=\"og:description\" content=\"Leto je v plnom pr\u00fade, no my v\u00e1s osvie\u017eime prich\u00e1dzaj\u00facimi jesenn\u00fdmi trendami na rok 2022! Zapnite si ventil\u00e1tor a po\u010fme na to.\" \/>\n<meta property=\"og:url\" content=\"https:\/\/blog.ccc.eu\/sk\/9-jesennych-trendov-priamo-z-modnych-prehliadok\/\" \/>\n<meta property=\"og:site_name\" content=\"blog.ccc.eu\/sk\" \/>\n<meta property=\"article:published_time\" content=\"2022-07-26T07:00:56+00:00\" \/>\n<meta property=\"article:modified_time\" content=\"2023-01-26T09:35:26+00:00\" \/>\n<meta property=\"og:image\" content=\"https:\/\/blog.ccc.eu\/sk\/wp-content\/uploads\/2022\/07\/SPRANDI-AW22-KAMPANIA-8.jpg\" \/>\n\t<meta property=\"og:image:width\" content=\"1548\" \/>\n\t<meta property=\"og:image:height\" content=\"1032\" \/>\n\t<meta property=\"og:image:type\" content=\"image\/jpeg\" \/>\n<meta name=\"author\" content=\"Lena\" \/>\n<meta name=\"twitter:card\" content=\"summary_large_image\" \/>\n<meta name=\"twitter:label1\" content=\"Autor\" \/>\n\t<meta name=\"twitter:data1\" content=\"Lena\" \/>\n\t<meta name=\"twitter:label2\" content=\"Predpokladan\u00fd \u010das \u010d\u00edtania\" \/>\n\t<meta name=\"twitter:data2\" content=\"4 min\u00faty\" \/>\n<script type=\"application\/ld+json\" class=\"yoast-schema-graph\">{\"@context\":\"https:\/\/schema.org\",\"@graph\":[{\"@type\":\"Article\",\"@id\":\"https:\/\/blog.ccc.eu\/sk\/9-jesennych-trendov-priamo-z-modnych-prehliadok\/#article\",\"isPartOf\":{\"@id\":\"https:\/\/blog.ccc.eu\/sk\/9-jesennych-trendov-priamo-z-modnych-prehliadok\/\"},\"author\":{\"name\":\"Lena\",\"@id\":\"https:\/\/blog.ccc.eu\/sk\/#\/schema\/person\/3fe23f84d7cc2af51f6f5ff134b1fcc1\"},\"headline\":\"9 jesenn\u00fdch trendov priamo z\u00a0m\u00f3dnych prehliadok\",\"datePublished\":\"2022-07-26T07:00:56+00:00\",\"dateModified\":\"2023-01-26T09:35:26+00:00\",\"mainEntityOfPage\":{\"@id\":\"https:\/\/blog.ccc.eu\/sk\/9-jesennych-trendov-priamo-z-modnych-prehliadok\/\"},\"wordCount\":837,\"commentCount\":0,\"publisher\":{\"@id\":\"https:\/\/blog.ccc.eu\/sk\/#organization\"},\"image\":{\"@id\":\"https:\/\/blog.ccc.eu\/sk\/9-jesennych-trendov-priamo-z-modnych-prehliadok\/#primaryimage\"},\"thumbnailUrl\":\"https:\/\/blog.ccc.eu\/sk\/wp-content\/uploads\/2022\/07\/SPRANDI-AW22-KAMPANIA-8.jpg\",\"keywords\":[\"jese\u0148\",\"jesenn\u00e9 trendy\",\"trendy\"],\"articleSection\":[\"trendy\"],\"inLanguage\":\"sk-SK\",\"potentialAction\":[{\"@type\":\"CommentAction\",\"name\":\"Comment\",\"target\":[\"https:\/\/blog.ccc.eu\/sk\/9-jesennych-trendov-priamo-z-modnych-prehliadok\/#respond\"]}]},{\"@type\":\"WebPage\",\"@id\":\"https:\/\/blog.ccc.eu\/sk\/9-jesennych-trendov-priamo-z-modnych-prehliadok\/\",\"url\":\"https:\/\/blog.ccc.eu\/sk\/9-jesennych-trendov-priamo-z-modnych-prehliadok\/\",\"name\":\"9 jesenn\u00fdch trendov priamo z\u00a0m\u00f3dnych prehliadok - blog.ccc.eu\/sk\",\"isPartOf\":{\"@id\":\"https:\/\/blog.ccc.eu\/sk\/#website\"},\"primaryImageOfPage\":{\"@id\":\"https:\/\/blog.ccc.eu\/sk\/9-jesennych-trendov-priamo-z-modnych-prehliadok\/#primaryimage\"},\"image\":{\"@id\":\"https:\/\/blog.ccc.eu\/sk\/9-jesennych-trendov-priamo-z-modnych-prehliadok\/#primaryimage\"},\"thumbnailUrl\":\"https:\/\/blog.ccc.eu\/sk\/wp-content\/uploads\/2022\/07\/SPRANDI-AW22-KAMPANIA-8.jpg\",\"datePublished\":\"2022-07-26T07:00:56+00:00\",\"dateModified\":\"2023-01-26T09:35:26+00:00\",\"description\":\"Leto je v plnom pr\u00fade, no my v\u00e1s osvie\u017eime prich\u00e1dzaj\u00facimi jesenn\u00fdmi trendami na rok 2022! Zapnite si ventil\u00e1tor a po\u010fme na to.\",\"breadcrumb\":{\"@id\":\"https:\/\/blog.ccc.eu\/sk\/9-jesennych-trendov-priamo-z-modnych-prehliadok\/#breadcrumb\"},\"inLanguage\":\"sk-SK\",\"potentialAction\":[{\"@type\":\"ReadAction\",\"target\":[\"https:\/\/blog.ccc.eu\/sk\/9-jesennych-trendov-priamo-z-modnych-prehliadok\/\"]}]},{\"@type\":\"ImageObject\",\"inLanguage\":\"sk-SK\",\"@id\":\"https:\/\/blog.ccc.eu\/sk\/9-jesennych-trendov-priamo-z-modnych-prehliadok\/#primaryimage\",\"url\":\"https:\/\/blog.ccc.eu\/sk\/wp-content\/uploads\/2022\/07\/SPRANDI-AW22-KAMPANIA-8.jpg\",\"contentUrl\":\"https:\/\/blog.ccc.eu\/sk\/wp-content\/uploads\/2022\/07\/SPRANDI-AW22-KAMPANIA-8.jpg\",\"width\":1548,\"height\":1032,\"caption\":\"jesenn\u00e9 trendy\"},{\"@type\":\"BreadcrumbList\",\"@id\":\"https:\/\/blog.ccc.eu\/sk\/9-jesennych-trendov-priamo-z-modnych-prehliadok\/#breadcrumb\",\"itemListElement\":[{\"@type\":\"ListItem\",\"position\":1,\"name\":\"Strona g\u0142\u00f3wna\",\"item\":\"https:\/\/blog.ccc.eu\/sk\/\"},{\"@type\":\"ListItem\",\"position\":2,\"name\":\"9 jesenn\u00fdch trendov priamo z\u00a0m\u00f3dnych prehliadok\"}]},{\"@type\":\"WebSite\",\"@id\":\"https:\/\/blog.ccc.eu\/sk\/#website\",\"url\":\"https:\/\/blog.ccc.eu\/sk\/\",\"name\":\"blog.ccc.eu\/sk\",\"description\":\"Va\u0161e miesto pln\u00e9 m\u00f3dnych in\u0161pir\u00e1ci\u00ed\",\"publisher\":{\"@id\":\"https:\/\/blog.ccc.eu\/sk\/#organization\"},\"potentialAction\":[{\"@type\":\"SearchAction\",\"target\":{\"@type\":\"EntryPoint\",\"urlTemplate\":\"https:\/\/blog.ccc.eu\/sk\/?s={search_term_string}\"},\"query-input\":{\"@type\":\"PropertyValueSpecification\",\"valueRequired\":true,\"valueName\":\"search_term_string\"}}],\"inLanguage\":\"sk-SK\"},{\"@type\":\"Organization\",\"@id\":\"https:\/\/blog.ccc.eu\/sk\/#organization\",\"name\":\"CCC S.A.\",\"url\":\"https:\/\/blog.ccc.eu\/sk\/\",\"logo\":{\"@type\":\"ImageObject\",\"inLanguage\":\"sk-SK\",\"@id\":\"https:\/\/blog.ccc.eu\/sk\/#\/schema\/logo\/image\/\",\"url\":\"https:\/\/blog.ccc.eu\/sk\/wp-content\/uploads\/2021\/11\/logo_ccc.png\",\"contentUrl\":\"https:\/\/blog.ccc.eu\/sk\/wp-content\/uploads\/2021\/11\/logo_ccc.png\",\"width\":730,\"height\":270,\"caption\":\"CCC S.A.\"},\"image\":{\"@id\":\"https:\/\/blog.ccc.eu\/sk\/#\/schema\/logo\/image\/\"}},{\"@type\":\"Person\",\"@id\":\"https:\/\/blog.ccc.eu\/sk\/#\/schema\/person\/3fe23f84d7cc2af51f6f5ff134b1fcc1\",\"name\":\"Lena\",\"image\":{\"@type\":\"ImageObject\",\"inLanguage\":\"sk-SK\",\"@id\":\"https:\/\/blog.ccc.eu\/sk\/#\/schema\/person\/image\/\",\"url\":\"https:\/\/blog.ccc.eu\/sk\/wp-content\/uploads\/2022\/06\/MicrosoftTeams-image-2-100x100.jpg\",\"contentUrl\":\"https:\/\/blog.ccc.eu\/sk\/wp-content\/uploads\/2022\/06\/MicrosoftTeams-image-2-100x100.jpg\",\"caption\":\"Lena\"},\"description\":\"Absolventka digit\u00e1lneho marketingu so sk\u00fasenos\u0165ami s content marketingom a (ve\u013emi prekvapivo) copywritingom. Vo vo\u013enom \u010dase rada nos\u00ed platformy a sna\u017e\u00ed sa n\u00e1kupy vo fast-fashion re\u0165azcoch vyva\u017eova\u0165 t\u00fdmi sek\u00e1\u010dov\u00fdmi a swapov\u00fdmi.\",\"url\":\"https:\/\/blog.ccc.eu\/sk\/author\/paulina-jarmul\/\"}]}<\/script>\n<!-- \/ Yoast SEO plugin. -->","yoast_head_json":{"title":"9 jesenn\u00fdch trendov priamo z\u00a0m\u00f3dnych prehliadok - blog.ccc.eu\/sk","description":"Leto je v plnom pr\u00fade, no my v\u00e1s osvie\u017eime prich\u00e1dzaj\u00facimi jesenn\u00fdmi trendami na rok 2022! Zapnite si ventil\u00e1tor a po\u010fme na to. 2026","robots":{"index":"index","follow":"follow","max-snippet":"max-snippet:-1","max-image-preview":"max-image-preview:large","max-video-preview":"max-video-preview:-1"},"canonical":"https:\/\/blog.ccc.eu\/sk\/9-jesennych-trendov-priamo-z-modnych-prehliadok\/","og_locale":"sk_SK","og_type":"article","og_title":"9 jesenn\u00fdch trendov priamo z\u00a0m\u00f3dnych prehliadok - blog.ccc.eu\/sk","og_description":"Leto je v plnom pr\u00fade, no my v\u00e1s osvie\u017eime prich\u00e1dzaj\u00facimi jesenn\u00fdmi trendami na rok 2022! Zapnite si ventil\u00e1tor a po\u010fme na to.","og_url":"https:\/\/blog.ccc.eu\/sk\/9-jesennych-trendov-priamo-z-modnych-prehliadok\/","og_site_name":"blog.ccc.eu\/sk","article_published_time":"2022-07-26T07:00:56+00:00","article_modified_time":"2023-01-26T09:35:26+00:00","og_image":[{"width":1548,"height":1032,"url":"https:\/\/blog.ccc.eu\/sk\/wp-content\/uploads\/2022\/07\/SPRANDI-AW22-KAMPANIA-8.jpg","type":"image\/jpeg"}],"author":"Lena","twitter_card":"summary_large_image","twitter_misc":{"Autor":"Lena","Predpokladan\u00fd \u010das \u010d\u00edtania":"4 min\u00faty"},"schema":{"@context":"https:\/\/schema.org","@graph":[{"@type":"Article","@id":"https:\/\/blog.ccc.eu\/sk\/9-jesennych-trendov-priamo-z-modnych-prehliadok\/#article","isPartOf":{"@id":"https:\/\/blog.ccc.eu\/sk\/9-jesennych-trendov-priamo-z-modnych-prehliadok\/"},"author":{"name":"Lena","@id":"https:\/\/blog.ccc.eu\/sk\/#\/schema\/person\/3fe23f84d7cc2af51f6f5ff134b1fcc1"},"headline":"9 jesenn\u00fdch trendov priamo z\u00a0m\u00f3dnych prehliadok","datePublished":"2022-07-26T07:00:56+00:00","dateModified":"2023-01-26T09:35:26+00:00","mainEntityOfPage":{"@id":"https:\/\/blog.ccc.eu\/sk\/9-jesennych-trendov-priamo-z-modnych-prehliadok\/"},"wordCount":837,"commentCount":0,"publisher":{"@id":"https:\/\/blog.ccc.eu\/sk\/#organization"},"image":{"@id":"https:\/\/blog.ccc.eu\/sk\/9-jesennych-trendov-priamo-z-modnych-prehliadok\/#primaryimage"},"thumbnailUrl":"https:\/\/blog.ccc.eu\/sk\/wp-content\/uploads\/2022\/07\/SPRANDI-AW22-KAMPANIA-8.jpg","keywords":["jese\u0148","jesenn\u00e9 trendy","trendy"],"articleSection":["trendy"],"inLanguage":"sk-SK","potentialAction":[{"@type":"CommentAction","name":"Comment","target":["https:\/\/blog.ccc.eu\/sk\/9-jesennych-trendov-priamo-z-modnych-prehliadok\/#respond"]}]},{"@type":"WebPage","@id":"https:\/\/blog.ccc.eu\/sk\/9-jesennych-trendov-priamo-z-modnych-prehliadok\/","url":"https:\/\/blog.ccc.eu\/sk\/9-jesennych-trendov-priamo-z-modnych-prehliadok\/","name":"9 jesenn\u00fdch trendov priamo z\u00a0m\u00f3dnych prehliadok - blog.ccc.eu\/sk","isPartOf":{"@id":"https:\/\/blog.ccc.eu\/sk\/#website"},"primaryImageOfPage":{"@id":"https:\/\/blog.ccc.eu\/sk\/9-jesennych-trendov-priamo-z-modnych-prehliadok\/#primaryimage"},"image":{"@id":"https:\/\/blog.ccc.eu\/sk\/9-jesennych-trendov-priamo-z-modnych-prehliadok\/#primaryimage"},"thumbnailUrl":"https:\/\/blog.ccc.eu\/sk\/wp-content\/uploads\/2022\/07\/SPRANDI-AW22-KAMPANIA-8.jpg","datePublished":"2022-07-26T07:00:56+00:00","dateModified":"2023-01-26T09:35:26+00:00","description":"Leto je v plnom pr\u00fade, no my v\u00e1s osvie\u017eime prich\u00e1dzaj\u00facimi jesenn\u00fdmi trendami na rok 2022! Zapnite si ventil\u00e1tor a po\u010fme na to.","breadcrumb":{"@id":"https:\/\/blog.ccc.eu\/sk\/9-jesennych-trendov-priamo-z-modnych-prehliadok\/#breadcrumb"},"inLanguage":"sk-SK","potentialAction":[{"@type":"ReadAction","target":["https:\/\/blog.ccc.eu\/sk\/9-jesennych-trendov-priamo-z-modnych-prehliadok\/"]}]},{"@type":"ImageObject","inLanguage":"sk-SK","@id":"https:\/\/blog.ccc.eu\/sk\/9-jesennych-trendov-priamo-z-modnych-prehliadok\/#primaryimage","url":"https:\/\/blog.ccc.eu\/sk\/wp-content\/uploads\/2022\/07\/SPRANDI-AW22-KAMPANIA-8.jpg","contentUrl":"https:\/\/blog.ccc.eu\/sk\/wp-content\/uploads\/2022\/07\/SPRANDI-AW22-KAMPANIA-8.jpg","width":1548,"height":1032,"caption":"jesenn\u00e9 trendy"},{"@type":"BreadcrumbList","@id":"https:\/\/blog.ccc.eu\/sk\/9-jesennych-trendov-priamo-z-modnych-prehliadok\/#breadcrumb","itemListElement":[{"@type":"ListItem","position":1,"name":"Strona g\u0142\u00f3wna","item":"https:\/\/blog.ccc.eu\/sk\/"},{"@type":"ListItem","position":2,"name":"9 jesenn\u00fdch trendov priamo z\u00a0m\u00f3dnych prehliadok"}]},{"@type":"WebSite","@id":"https:\/\/blog.ccc.eu\/sk\/#website","url":"https:\/\/blog.ccc.eu\/sk\/","name":"blog.ccc.eu\/sk","description":"Va\u0161e miesto pln\u00e9 m\u00f3dnych in\u0161pir\u00e1ci\u00ed","publisher":{"@id":"https:\/\/blog.ccc.eu\/sk\/#organization"},"potentialAction":[{"@type":"SearchAction","target":{"@type":"EntryPoint","urlTemplate":"https:\/\/blog.ccc.eu\/sk\/?s={search_term_string}"},"query-input":{"@type":"PropertyValueSpecification","valueRequired":true,"valueName":"search_term_string"}}],"inLanguage":"sk-SK"},{"@type":"Organization","@id":"https:\/\/blog.ccc.eu\/sk\/#organization","name":"CCC S.A.","url":"https:\/\/blog.ccc.eu\/sk\/","logo":{"@type":"ImageObject","inLanguage":"sk-SK","@id":"https:\/\/blog.ccc.eu\/sk\/#\/schema\/logo\/image\/","url":"https:\/\/blog.ccc.eu\/sk\/wp-content\/uploads\/2021\/11\/logo_ccc.png","contentUrl":"https:\/\/blog.ccc.eu\/sk\/wp-content\/uploads\/2021\/11\/logo_ccc.png","width":730,"height":270,"caption":"CCC S.A."},"image":{"@id":"https:\/\/blog.ccc.eu\/sk\/#\/schema\/logo\/image\/"}},{"@type":"Person","@id":"https:\/\/blog.ccc.eu\/sk\/#\/schema\/person\/3fe23f84d7cc2af51f6f5ff134b1fcc1","name":"Lena","image":{"@type":"ImageObject","inLanguage":"sk-SK","@id":"https:\/\/blog.ccc.eu\/sk\/#\/schema\/person\/image\/","url":"https:\/\/blog.ccc.eu\/sk\/wp-content\/uploads\/2022\/06\/MicrosoftTeams-image-2-100x100.jpg","contentUrl":"https:\/\/blog.ccc.eu\/sk\/wp-content\/uploads\/2022\/06\/MicrosoftTeams-image-2-100x100.jpg","caption":"Lena"},"description":"Absolventka digit\u00e1lneho marketingu so sk\u00fasenos\u0165ami s content marketingom a (ve\u013emi prekvapivo) copywritingom. Vo vo\u013enom \u010dase rada nos\u00ed platformy a sna\u017e\u00ed sa n\u00e1kupy vo fast-fashion re\u0165azcoch vyva\u017eova\u0165 t\u00fdmi sek\u00e1\u010dov\u00fdmi a swapov\u00fdmi.","url":"https:\/\/blog.ccc.eu\/sk\/author\/paulina-jarmul\/"}]}},"_links":{"self":[{"href":"https:\/\/blog.ccc.eu\/sk\/wp-json\/wp\/v2\/posts\/5273","targetHints":{"allow":["GET"]}}],"collection":[{"href":"https:\/\/blog.ccc.eu\/sk\/wp-json\/wp\/v2\/posts"}],"about":[{"href":"https:\/\/blog.ccc.eu\/sk\/wp-json\/wp\/v2\/types\/post"}],"author":[{"embeddable":true,"href":"https:\/\/blog.ccc.eu\/sk\/wp-json\/wp\/v2\/users\/9"}],"replies":[{"embeddable":true,"href":"https:\/\/blog.ccc.eu\/sk\/wp-json\/wp\/v2\/comments?post=5273"}],"version-history":[{"count":4,"href":"https:\/\/blog.ccc.eu\/sk\/wp-json\/wp\/v2\/posts\/5273\/revisions"}],"predecessor-version":[{"id":5982,"href":"https:\/\/blog.ccc.eu\/sk\/wp-json\/wp\/v2\/posts\/5273\/revisions\/5982"}],"wp:featuredmedia":[{"embeddable":true,"href":"https:\/\/blog.ccc.eu\/sk\/wp-json\/wp\/v2\/media\/5274"}],"wp:attachment":[{"href":"https:\/\/blog.ccc.eu\/sk\/wp-json\/wp\/v2\/media?parent=5273"}],"wp:term":[{"taxonomy":"category","embeddable":true,"href":"https:\/\/blog.ccc.eu\/sk\/wp-json\/wp\/v2\/categories?post=5273"},{"taxonomy":"post_tag","embeddable":true,"href":"https:\/\/blog.ccc.eu\/sk\/wp-json\/wp\/v2\/tags?post=5273"}],"curies":[{"name":"wp","href":"https:\/\/api.w.org\/{rel}","templated":true}]}}