{"id":5365,"date":"2022-08-29T09:58:22","date_gmt":"2022-08-29T07:58:22","guid":{"rendered":"https:\/\/blog.ccc.eu\/sk\/?p=5365"},"modified":"2023-05-18T15:35:41","modified_gmt":"2023-05-18T13:35:41","slug":"jesenne-outfity-aktualnej-sezony-2022-ake-kusky-vam-nesmu-chybat","status":"publish","type":"post","link":"https:\/\/blog.ccc.eu\/sk\/jesenne-outfity-aktualnej-sezony-2022-ake-kusky-vam-nesmu-chybat\/","title":{"rendered":"Jesenn\u00e9 outfity aktu\u00e1lnej sez\u00f3ny 2022. Ak\u00e9 k\u00fasky v\u00e1m nesm\u00fa ch\u00fdba\u0165?"},"content":{"rendered":"\n<p><b>Leto sa pomaly ch\u00fdli ku koncu. Ale nie je \u017eiadny d\u00f4vod na sm\u00fatok. Jese\u0148 znamen\u00e1 farebn\u00fa pr\u00edrodu, lacnej\u0161ie dovolenky do tepla, chailatte a&nbsp;hlavne! N\u00e1paditej\u0161ie jesenn\u00e9 outfity. Ak ste poriadna m\u00f3dna mania\u010dka ur\u010dite viete, \u017ee pr\u00e1ve takzvan\u00e9 \u201emedzi\u201c prechodn\u00e9 obdobia \u2013 jese\u0148 a&nbsp;jar s\u00fa na m\u00f3dne kre\u00e1cie ide\u00e1lne. E\u0161te nemus\u00edme by\u0165 kv\u00f4li m\u00ednusov\u00fdm teplot\u00e1m zakuklen\u00e9 od hlavy a\u017e po p\u00e4ty, ani sa u\u017e nejdeme roztopi\u0165 vo vlastnom pote, ako po\u010das najhor\u00facej\u0161\u00edch letn\u00fdch dn\u00ed. Kone\u010dne m\u00f4\u017eeme vytiahnu\u0165 n\u00e1\u0161 najob\u013e\u00fabenej\u0161\u00ed tren\u010dkot, jesenn\u00e9 \u0161aty, mokas\u00edny a&nbsp;in\u00e9 sez\u00f3nne doplnky. V&nbsp;ak\u00fdch outfitoch budeme kr\u00e1\u010da\u0165 ulicami t\u00fato jese\u0148? Po\u010fte sa na jesenn\u00e9 \u201emust-have\u201c 2022 pozrie\u0165 spolu s&nbsp;nami.<\/b><\/p>\n\n\n\n<figure class=\"wp-block-gallery has-nested-images columns-default is-cropped wp-block-gallery-1 is-layout-flex wp-block-gallery-is-layout-flex\">\n<figure class=\"wp-block-image size-large\"><img loading=\"lazy\" decoding=\"async\" width=\"745\" height=\"1000\" data-id=\"5366\" src=\"https:\/\/blog.ccc.eu\/sk\/wp-content\/uploads\/2022\/08\/untitled-4432_Lasocki_AW22.jpg\" alt=\"\" class=\"wp-image-5366\" srcset=\"https:\/\/blog.ccc.eu\/sk\/wp-content\/uploads\/2022\/08\/untitled-4432_Lasocki_AW22.jpg 745w, https:\/\/blog.ccc.eu\/sk\/wp-content\/uploads\/2022\/08\/untitled-4432_Lasocki_AW22-224x300.jpg 224w, https:\/\/blog.ccc.eu\/sk\/wp-content\/uploads\/2022\/08\/untitled-4432_Lasocki_AW22-100x134.jpg 100w\" sizes=\"auto, (max-width: 745px) 100vw, 745px\" \/><\/figure>\n\n\n\n<figure class=\"wp-block-image size-large\"><img loading=\"lazy\" decoding=\"async\" width=\"745\" height=\"1000\" data-id=\"5367\" src=\"https:\/\/blog.ccc.eu\/sk\/wp-content\/uploads\/2022\/08\/untitled-4433_Lasocki_AW22.jpg\" alt=\"\" class=\"wp-image-5367\" srcset=\"https:\/\/blog.ccc.eu\/sk\/wp-content\/uploads\/2022\/08\/untitled-4433_Lasocki_AW22.jpg 745w, https:\/\/blog.ccc.eu\/sk\/wp-content\/uploads\/2022\/08\/untitled-4433_Lasocki_AW22-224x300.jpg 224w, https:\/\/blog.ccc.eu\/sk\/wp-content\/uploads\/2022\/08\/untitled-4433_Lasocki_AW22-100x134.jpg 100w\" sizes=\"auto, (max-width: 745px) 100vw, 745px\" \/><\/figure>\n<\/figure>\n\n\n\n<h2 class=\"wp-block-heading\"><strong>D\u00e1msky tren\u010dkot \u2013 hlavn\u00fd stavebn\u00fd prvok jesenn\u00e9ho \u0161atn\u00edka &nbsp;<\/strong><\/h2>\n\n\n\n<p>\u010co v\u00e1m pri slovnom spojen\u00ed \u2013 <em>jesenn\u00e9 oble\u010denie<\/em> \u2013 napadne ako prv\u00e9? Vrstvenie, poltop\u00e1nky a&nbsp;\u010do takto&#8230; <strong>tren\u010dkot!<\/strong> Ikonick\u00fd a&nbsp;nad\u010dasov\u00fd k\u00fasok, ktor\u00fd nepodlieha v\u00fdrazn\u00fdm trendom a&nbsp;ka\u017ed\u00fa sez\u00f3nu sa vracia. Ur\u010den\u00fd p\u00f4vodne pre funkcion\u00e1rov po\u010das prvej svetovej vojny, symbol <em>sl\u00e1vneho detekt\u00edva<\/em> <em>Columba<\/em>, zvodn\u00fdch <em>femme fatale<\/em> i&nbsp;filmov\u00fdch <em>gangsterov<\/em>. Klasick\u00fd <strong>b\u00e9\u017eov\u00fd tren\u010dkot<\/strong> je skuto\u010dne ve\u013emi univerz\u00e1lny a&nbsp;variabiln\u00fd k\u00fasok, ktor\u00fd v&nbsp;\u017eiadnom \u0161atn\u00edku nezapadne prachom. &nbsp;&nbsp;<\/p>\n\n\n\n<p>Tren\u010dkot je odvoden\u00fd od slova <em>\u201etrench,\u201c<\/em> \u010do znamen\u00e1 anglicky z\u00e1kop. Koluje historka, \u017ee dvaja Briti kv\u00f4li pl\u00e1\u0161\u0165u splynuli s&nbsp;ruskou arm\u00e1dou po\u010das krymskej vojny. V\u010faka kab\u00e1tom podobn\u00fdm rusk\u00fdm vojakom chv\u00ed\u013eu pochodovali s&nbsp;ruskou arm\u00e1dou, vz\u00e1p\u00e4t\u00ed sa oddelili a bezpe\u010dne vr\u00e1tili nasp\u00e4\u0165 k&nbsp;britsk\u00fdm vojsk\u00e1m.<\/p>\n\n\n\n<p>Zn\u00e1ma britsk\u00e1 firma <em>Burberry <\/em>si dala sl\u00e1vny <strong>k\u00e1rovan\u00fd vzor na tren\u010dkote patentova\u0165<\/strong> a t\u00e1to popul\u00e1rna \u010das\u0165 odevu sa tak dostala medzi be\u017en\u00fdch \u013eud\u00ed. Tren\u010dkot sa tak stal ob\u013e\u00fabenou s\u00fa\u010das\u0165ou d\u00e1mskych aj p\u00e1nskych \u0161atn\u00edkov.<\/p>\n\n\n\n<p><strong>D\u00e1msky tren\u010dkot skombinujete ve\u013emi jednoducho k&nbsp;elegantn\u00fdm aj \u0161portov\u00fdm outfitom.<\/strong> Hod\u00ed sa k&nbsp;jesenn\u00fdm \u0161at\u00e1m a&nbsp;lodi\u010dk\u00e1m \u010di poltop\u00e1nkam, rovnako rifliam a&nbsp;ko\u0161eli. Ak v\u00e1s omrz\u00ed oversized tren\u010dkot, m\u00f4\u017eete ho stiahnu\u0165 p\u00e1skom a&nbsp;budete vyzera\u0165 st\u00e1le dobre.<\/p>\n\n\n\n<p>Zauj\u00edmaj\u00fa v\u00e1s <a href=\"https:\/\/blog.ccc.eu\/sk\/9-jesennych-trendov-priamo-z-modnych-prehliadok\/\"><strong>najnov\u0161ie jesenn\u00e9 trendy z&nbsp;m\u00f3dnych prehliadok? <\/strong><\/a>V&nbsp;tom pr\u00edpade ur\u010dite neprehliadnite n\u00e1\u0161 \u010dl\u00e1nok!<\/p>\n\n\n\n<p><\/p>\n\n\n\n<h2 class=\"wp-block-heading\"><strong>D\u00e1mske bundy na jese\u0148 nemo\u017eno vynecha\u0165<\/strong><\/h2>\n\n\n\n<p>Bunda verzus tren\u010dkot. Odvek\u00fd boj o&nbsp;hlavn\u00e9 miesto v&nbsp;jesennom \u0161atn\u00edku. Vybera\u0165 si medzi nimi v\u0161ak netreba, oba k\u00fasky jesenn\u00e9ho oble\u010denia si vo va\u0161om \u0161atn\u00edku rozhodne n\u00e1jdu svoje miesto. Bunda je o&nbsp;nie\u010do \u0161portovej\u0161ia, ale rozhodne sa nemus\u00edte b\u00e1\u0165 s&nbsp;\u0148ou experimentova\u0165.<\/p>\n\n\n\n<p>Napr\u00edklad \u00eds\u0165 do <strong>elegantnej\u0161\u00edch \u010diernych nohav\u00edc s&nbsp;poloko\u0161e\u013eou a&nbsp;<a href=\"https:\/\/ccc.eu\/sk\/oblecenie\/damske\/zimne-bundy\">cool bomb\u00e9rovou bundou<\/a><\/strong> do p\u00e1su a&nbsp;<strong>mas\u00edvnej\u0161\u00edch top\u00e1nok.<\/strong> Alebo <strong>krat\u0161\u00edch rif\u013eov\u00fdch \u0161iat \u010di sukne, pan\u010duch\u00e1\u010dov a&nbsp;\u010di\u017eiem.<\/strong><\/p>\n\n\n\n<h2 class=\"wp-block-heading\"><strong>Jesenn\u00e9 \u0161aty<\/strong><\/h2>\n\n\n\n<p>Nie s\u00fa tak popul\u00e1rne ako tie letn\u00e9, no \u013eahko sa m\u00f4\u017eu sta\u0165 ob\u013e\u00faben\u00fdm k\u00faskom v\u00e1\u0161ho jesenn\u00e9ho \u0161atn\u00edka. <strong>\u0160aty bez ruk\u00e1vov<\/strong>, pod nimi <strong>navrstvi\u0165 tri\u010dko alebo rol\u00e1k, hrub\u0161ie pan\u010duch\u00e1\u010de s&nbsp;mokas\u00ednami alebo \u010di\u017emi\u010dkami<\/strong> a&nbsp;m\u00f4\u017ee sa \u00eds\u0165 do mesta alebo do pr\u00e1ce. D\u00e1mske jesenn\u00e9 \u0161aty sa rovnako skvele hodia doplnen\u00e9 <strong>d\u00e1mskym tren\u010dkotom alebo bundou.<\/strong><\/p>\n\n\n\n<p><em>Jesenn\u00e9 \u0161aty do pr\u00e1ce<\/em> s\u00fa ide\u00e1lny a&nbsp;jednoduch\u00fd outfit. Iste to pozn\u00e1te, ak v&nbsp;lete nevie \u010do na seba, sta\u010d\u00ed siahnu\u0165 po ob\u013e\u00faben\u00fdch \u0161at\u00e1ch a&nbsp;sand\u00e1loch \u010di \u0161\u013eapk\u00e1ch. Po\u010das jesene sta\u010d\u00ed len prida\u0165 jednu vrstvu navy\u0161e. <strong>Rif\u013eov\u00fa bundi\u010dku \u010di sako,<\/strong> pr\u00edpadne navrstvi\u0165 dlh\u0161\u00edm tri\u010dkom. Pri upr\u0161anom po\u010das\u00ed sand\u00e1le a&nbsp;\u0161\u013eapky len nahradi\u0165 <strong>teniskami \u010di poltop\u00e1nkami.<\/strong><\/p>\n\n\n\n<p><\/p>\n\n\n\n<shortcode prop-category=\"Poltop\u00e1nky\" prop-manufacturer=\"Gino Rossi\" prop-load-num=\"12\" prop-display-num=\"4\" prop-sku=\"5904248474522, 5904248290535, 5904248381370, 5904248499105, 5904248728472, 5904248511333, 5904248341183, 5904248289935, 5904248458416\" prop-view=\"slider\"><\/shortcode>        <div\r\n            class=\"eob-pf-shortcode\"\r\n            id=\"eobpf69f3d5c973467\"\r\n        >\r\n            <shortcode prop-category=\"Poltop\u00e1nky\" prop-manufacturer=\"Gino Rossi\" prop-load-num=\"12\" prop-display-num=\"4\" prop-sku=\"5904248474522, 5904248290535, 5904248381370, 5904248499105, 5904248728472, 5904248511333, 5904248341183, 5904248289935, 5904248458416\" prop-view=\"slider\"><\/shortcode>        <\/div>\r\n\t\t<script>\r\n\t\t\tjQuery(document).ready(() => {\r\n\t\t\t    const root = document.getElementById('eobpf69f3d5c973467');\r\n                Vue.createApp({\r\n\t                components: {\r\n\t                    shortcode\r\n\t                }\r\n                }).mount(root);\r\n\t\t\t});\r\n\t\t<\/script>\r\n\t\t\r\n\t\t\n\n\n\n<p><\/p>\n\n\n\n<h2 class=\"wp-block-heading\"><strong>Top\u00e1nky na jese\u0148<\/strong><\/h2>\n\n\n\n<p>\u010co si obu\u0165 na jese\u0148? Na sand\u00e1le a&nbsp;\u017eabky za\u010d\u00edna by\u0165 prichladno, je \u010das vytiahnu\u0165 <a href=\"https:\/\/ccc.eu\/sk\/damske\/topanky\/tenisky\"><strong>tenisky<\/strong><\/a><strong> a&nbsp;poltop\u00e1nky!<\/strong> Tenisky s\u00fa najob\u013e\u00fabenej\u0161\u00ed a&nbsp;najuniverz\u00e1lnej\u0161\u00ed k\u00fasok v&nbsp;\u0161atn\u00edku. Obujete si ich, ke\u010f sa pon\u00e1h\u013eate do mesta alebo na r\u00fdchly n\u00e1kup, k&nbsp;rifliam, oby\u010dajnom tri\u010dku a&nbsp;bunde, ale pokojne aj na elegantnej\u0161ie udalosti. K&nbsp;plisovanej dlhej sukni a&nbsp;topu, mini rif\u013eov\u00fdm \u0161at\u00e1m a&nbsp;hrub\u0161\u00edm silonk\u00e1m.<\/p>\n\n\n\n<p><strong>Oxfordky a\u00a0<\/strong><a href=\"https:\/\/ccc.eu\/sk\/damske\/topanky\/poltopanky\/mokasiny\"><strong>mokas\u00edny<\/strong><\/a> s\u00fa v\u00a0jesennom \u0161atn\u00edku viac ako v\u00edtan\u00e9. \u010cierne, s\u00a0pr\u00edjemnou p\u00e1r centimetrovou platformou zlad\u00edte takmer ku ka\u017ed\u00e9mu jesenn\u00e9mu outfitu a\u00a0hroz\u00ed, \u017ee ich po\u010das celej jesene nebudete chcie\u0165 vyzu\u0165.<\/p>\n\n\n\n<p>Posledn\u00e9 z&nbsp;trojice, ale rozhodne nie na poslednom mieste s\u00fa <strong>jazdeck\u00e9 \u010di\u017emy.<\/strong> Samozrejme, nie doslova, ale in\u0161pirovan\u00e9 jazdeckou m\u00f3dou. \u010cierne \u010di hned\u00e9 skombinujete k&nbsp;v\u00e4\u010d\u0161ine jesenn\u00fdch outfitov. S\u00fa pohodln\u00e9, \u0161t\u00fdlov\u00e9 a&nbsp;neprekvap\u00ed v\u00e1s v&nbsp;nich ani \u017eiadna jesenn\u00e1 preh\u00e1nka. <strong><\/strong><\/p>\n\n\n\n<h2 class=\"wp-block-heading\"><strong>Doplnky outfit pos\u00favaj\u00fa na celkom in\u00fa \u00farove\u0148<\/strong><\/h2>\n\n\n\n<p>Jesenn\u00fd outfit by bol bez doplnkov ako stromy bez listov. Na jese\u0148 vy\u0165ahujeme <strong>\u0161atky, \u010diapky, ko\u017een\u00e9 rukavice a&nbsp;hrub\u0161ie podkolienky \u010di pan\u010duchy.<\/strong> Najtypickej\u0161ie farby, po ktor\u00fdch siahame na jese\u0148, s\u00fa zv\u00e4\u010d\u0161a neutr\u00e1lna hned\u00e1, b\u00e9\u017eov\u00e1, siv\u00e1, \u010dierna; odtiene teplej oran\u017eovej a \u010dervenej \u010di kontrastnej zelenej a&nbsp;fialovej. &nbsp;<\/p>\n\n\n\n<p>Ak ste aj vy zvyknut\u00e1 nosi\u0165 neutr\u00e1lnej\u0161ie doplnky, \u010dierne a&nbsp;hned\u00e9, sk\u00faste da\u0165 \u0161ancu aj in\u00fdm farebn\u00fdm akcentom. Napr\u00edklad <strong>biela kabelka<\/strong> k&nbsp;jesenn\u00fdm outfitom, napr\u00edklad v&nbsp;hnedej a&nbsp;bordovej farbe, vytvor\u00ed mraziv\u00fd efekt, ktor\u00fd je vhodn\u00fd pr\u00e1ve do sychravej\u0161ieho po\u010dasia.<\/p>\n\n\n\n<p>Pred chladnej\u0161\u00edm po\u010das\u00edm i&nbsp;da\u017e\u010fom n\u00e1s zachr\u00e1ni <strong>bucket hat,<\/strong> tzv. <em>ryb\u00e1rsky klob\u00fak<\/em>. Na zimn\u00e9 \u010diapky e\u0161te m\u00f4\u017ee by\u0165 skoro, na tenu\u010dk\u00e9 premokav\u00e9 l\u00e1tky zase prichladno. Trendy bucket hat dostanete aj v&nbsp;netypickej <strong>men\u017eestrovine alebo ozdoben\u00fd ko\u017eu\u0161inou.<\/strong><\/p>\n\n\n\n<p>\u010co roz\u017eiari sychrav\u00fa jese\u0148 viac ako farby? Oh\u013eadom doplnkov a&nbsp;\u0161perkov sa netreba dr\u017ea\u0165 na uzde. Pri zjesenievan\u00ed sa nemus\u00edte do skrine odklada\u0165 ani <strong>slne\u010dn\u00e9 okuliare.<\/strong> Aktu\u00e1lne s\u00fa trendy men\u0161ie ov\u00e1lne, ale aj ikonick\u00e9 a&nbsp;statement v\u00fdrazn\u00e9 r\u00e1my. Vyberte si tak\u00e9, ktor\u00e9 pristan\u00fa va\u0161ej tv\u00e1ri aj vkusu. <strong><\/strong><\/p>\n","protected":false},"excerpt":{"rendered":"<p>Leto sa pomaly ch\u00fdli ku koncu. Ale nie je \u017eiadny d\u00f4vod na sm\u00fatok. Jese\u0148 znamen\u00e1 farebn\u00fa pr\u00edrodu, lacnej\u0161ie dovolenky do tepla, chailatte a&nbsp;hlavne! N\u00e1paditej\u0161ie jesenn\u00e9 outfity. Ak ste poriadna m\u00f3dna mania\u010dka ur\u010dite viete, \u017ee pr\u00e1ve takzvan\u00e9 \u201emedzi\u201c prechodn\u00e9 obdobia \u2013 jese\u0148 a&nbsp;jar s\u00fa na m\u00f3dne kre\u00e1cie ide\u00e1lne. E\u0161te nemus\u00edme by\u0165 kv\u00f4li m\u00ednusov\u00fdm teplot\u00e1m zakuklen\u00e9 od [&hellip;]<\/p>\n","protected":false},"author":9,"featured_media":5366,"comment_status":"open","ping_status":"open","sticky":false,"template":"","format":"standard","meta":{"_acf_changed":false,"footnotes":""},"categories":[6],"tags":[755,775],"class_list":["post-5365","post","type-post","status-publish","format-standard","has-post-thumbnail","hentry","category-trendy","tag-jesen","tag-jesenne-outfity"],"acf":[],"yoast_head":"<!-- This site is optimized with the Yoast SEO plugin v26.9 - https:\/\/yoast.com\/product\/yoast-seo-wordpress\/ -->\n<title>Jesenn\u00e9 outfity aktu\u00e1lnej sez\u00f3ny 2022. Ak\u00e9 k\u00fasky v\u00e1m nesm\u00fa ch\u00fdba\u0165? - blog.ccc.eu\/sk<\/title>\n<meta name=\"description\" content=\"Jese\u0148 2022 je tu! To znamen\u00e1 farebn\u00e9 listy, chailatte &amp; trendy outfity. Ak\u00e9 jesenn\u00e9 k\u00fasky v\u00e1m t\u00fato sez\u00f3nu nesm\u00fa ch\u00fdba\u0165? 2026\" \/>\n<meta name=\"robots\" content=\"index, follow, max-snippet:-1, max-image-preview:large, max-video-preview:-1\" \/>\n<link rel=\"canonical\" href=\"https:\/\/blog.ccc.eu\/sk\/jesenne-outfity-aktualnej-sezony-2022-ake-kusky-vam-nesmu-chybat\/\" \/>\n<meta property=\"og:locale\" content=\"sk_SK\" \/>\n<meta property=\"og:type\" content=\"article\" \/>\n<meta property=\"og:title\" content=\"Jesenn\u00e9 outfity aktu\u00e1lnej sez\u00f3ny 2022. Ak\u00e9 k\u00fasky v\u00e1m nesm\u00fa ch\u00fdba\u0165? - blog.ccc.eu\/sk\" \/>\n<meta property=\"og:description\" content=\"Jese\u0148 2022 je tu! To znamen\u00e1 farebn\u00e9 listy, chailatte &amp; trendy outfity. Ak\u00e9 jesenn\u00e9 k\u00fasky v\u00e1m t\u00fato sez\u00f3nu nesm\u00fa ch\u00fdba\u0165?\" \/>\n<meta property=\"og:url\" content=\"https:\/\/blog.ccc.eu\/sk\/jesenne-outfity-aktualnej-sezony-2022-ake-kusky-vam-nesmu-chybat\/\" \/>\n<meta property=\"og:site_name\" content=\"blog.ccc.eu\/sk\" \/>\n<meta property=\"article:published_time\" content=\"2022-08-29T07:58:22+00:00\" \/>\n<meta property=\"article:modified_time\" content=\"2023-05-18T13:35:41+00:00\" \/>\n<meta property=\"og:image\" content=\"https:\/\/blog.ccc.eu\/sk\/wp-content\/uploads\/2022\/08\/untitled-4432_Lasocki_AW22.jpg\" \/>\n\t<meta property=\"og:image:width\" content=\"745\" \/>\n\t<meta property=\"og:image:height\" content=\"1000\" \/>\n\t<meta property=\"og:image:type\" content=\"image\/jpeg\" \/>\n<meta name=\"author\" content=\"Lena\" \/>\n<meta name=\"twitter:card\" content=\"summary_large_image\" \/>\n<meta name=\"twitter:label1\" content=\"Autor\" \/>\n\t<meta name=\"twitter:data1\" content=\"Lena\" \/>\n\t<meta name=\"twitter:label2\" content=\"Predpokladan\u00fd \u010das \u010d\u00edtania\" \/>\n\t<meta name=\"twitter:data2\" content=\"5 min\u00fat\" \/>\n<script type=\"application\/ld+json\" class=\"yoast-schema-graph\">{\"@context\":\"https:\/\/schema.org\",\"@graph\":[{\"@type\":\"Article\",\"@id\":\"https:\/\/blog.ccc.eu\/sk\/jesenne-outfity-aktualnej-sezony-2022-ake-kusky-vam-nesmu-chybat\/#article\",\"isPartOf\":{\"@id\":\"https:\/\/blog.ccc.eu\/sk\/jesenne-outfity-aktualnej-sezony-2022-ake-kusky-vam-nesmu-chybat\/\"},\"author\":{\"name\":\"Lena\",\"@id\":\"https:\/\/blog.ccc.eu\/sk\/#\/schema\/person\/3fe23f84d7cc2af51f6f5ff134b1fcc1\"},\"headline\":\"Jesenn\u00e9 outfity aktu\u00e1lnej sez\u00f3ny 2022. Ak\u00e9 k\u00fasky v\u00e1m nesm\u00fa ch\u00fdba\u0165?\",\"datePublished\":\"2022-08-29T07:58:22+00:00\",\"dateModified\":\"2023-05-18T13:35:41+00:00\",\"mainEntityOfPage\":{\"@id\":\"https:\/\/blog.ccc.eu\/sk\/jesenne-outfity-aktualnej-sezony-2022-ake-kusky-vam-nesmu-chybat\/\"},\"wordCount\":1166,\"commentCount\":0,\"publisher\":{\"@id\":\"https:\/\/blog.ccc.eu\/sk\/#organization\"},\"image\":{\"@id\":\"https:\/\/blog.ccc.eu\/sk\/jesenne-outfity-aktualnej-sezony-2022-ake-kusky-vam-nesmu-chybat\/#primaryimage\"},\"thumbnailUrl\":\"https:\/\/blog.ccc.eu\/sk\/wp-content\/uploads\/2022\/08\/untitled-4432_Lasocki_AW22.jpg\",\"keywords\":[\"jese\u0148\",\"jesenn\u00e9 outfity\"],\"articleSection\":[\"trendy\"],\"inLanguage\":\"sk-SK\",\"potentialAction\":[{\"@type\":\"CommentAction\",\"name\":\"Comment\",\"target\":[\"https:\/\/blog.ccc.eu\/sk\/jesenne-outfity-aktualnej-sezony-2022-ake-kusky-vam-nesmu-chybat\/#respond\"]}]},{\"@type\":\"WebPage\",\"@id\":\"https:\/\/blog.ccc.eu\/sk\/jesenne-outfity-aktualnej-sezony-2022-ake-kusky-vam-nesmu-chybat\/\",\"url\":\"https:\/\/blog.ccc.eu\/sk\/jesenne-outfity-aktualnej-sezony-2022-ake-kusky-vam-nesmu-chybat\/\",\"name\":\"Jesenn\u00e9 outfity aktu\u00e1lnej sez\u00f3ny 2022. Ak\u00e9 k\u00fasky v\u00e1m nesm\u00fa ch\u00fdba\u0165? - blog.ccc.eu\/sk\",\"isPartOf\":{\"@id\":\"https:\/\/blog.ccc.eu\/sk\/#website\"},\"primaryImageOfPage\":{\"@id\":\"https:\/\/blog.ccc.eu\/sk\/jesenne-outfity-aktualnej-sezony-2022-ake-kusky-vam-nesmu-chybat\/#primaryimage\"},\"image\":{\"@id\":\"https:\/\/blog.ccc.eu\/sk\/jesenne-outfity-aktualnej-sezony-2022-ake-kusky-vam-nesmu-chybat\/#primaryimage\"},\"thumbnailUrl\":\"https:\/\/blog.ccc.eu\/sk\/wp-content\/uploads\/2022\/08\/untitled-4432_Lasocki_AW22.jpg\",\"datePublished\":\"2022-08-29T07:58:22+00:00\",\"dateModified\":\"2023-05-18T13:35:41+00:00\",\"description\":\"Jese\u0148 2022 je tu! To znamen\u00e1 farebn\u00e9 listy, chailatte & trendy outfity. Ak\u00e9 jesenn\u00e9 k\u00fasky v\u00e1m t\u00fato sez\u00f3nu nesm\u00fa ch\u00fdba\u0165?\",\"breadcrumb\":{\"@id\":\"https:\/\/blog.ccc.eu\/sk\/jesenne-outfity-aktualnej-sezony-2022-ake-kusky-vam-nesmu-chybat\/#breadcrumb\"},\"inLanguage\":\"sk-SK\",\"potentialAction\":[{\"@type\":\"ReadAction\",\"target\":[\"https:\/\/blog.ccc.eu\/sk\/jesenne-outfity-aktualnej-sezony-2022-ake-kusky-vam-nesmu-chybat\/\"]}]},{\"@type\":\"ImageObject\",\"inLanguage\":\"sk-SK\",\"@id\":\"https:\/\/blog.ccc.eu\/sk\/jesenne-outfity-aktualnej-sezony-2022-ake-kusky-vam-nesmu-chybat\/#primaryimage\",\"url\":\"https:\/\/blog.ccc.eu\/sk\/wp-content\/uploads\/2022\/08\/untitled-4432_Lasocki_AW22.jpg\",\"contentUrl\":\"https:\/\/blog.ccc.eu\/sk\/wp-content\/uploads\/2022\/08\/untitled-4432_Lasocki_AW22.jpg\",\"width\":745,\"height\":1000,\"caption\":\"jesenn\u00e1 ta\u0161ka\"},{\"@type\":\"BreadcrumbList\",\"@id\":\"https:\/\/blog.ccc.eu\/sk\/jesenne-outfity-aktualnej-sezony-2022-ake-kusky-vam-nesmu-chybat\/#breadcrumb\",\"itemListElement\":[{\"@type\":\"ListItem\",\"position\":1,\"name\":\"Strona g\u0142\u00f3wna\",\"item\":\"https:\/\/blog.ccc.eu\/sk\/\"},{\"@type\":\"ListItem\",\"position\":2,\"name\":\"Jesenn\u00e9 outfity aktu\u00e1lnej sez\u00f3ny 2022. Ak\u00e9 k\u00fasky v\u00e1m nesm\u00fa ch\u00fdba\u0165?\"}]},{\"@type\":\"WebSite\",\"@id\":\"https:\/\/blog.ccc.eu\/sk\/#website\",\"url\":\"https:\/\/blog.ccc.eu\/sk\/\",\"name\":\"blog.ccc.eu\/sk\",\"description\":\"Va\u0161e miesto pln\u00e9 m\u00f3dnych in\u0161pir\u00e1ci\u00ed\",\"publisher\":{\"@id\":\"https:\/\/blog.ccc.eu\/sk\/#organization\"},\"potentialAction\":[{\"@type\":\"SearchAction\",\"target\":{\"@type\":\"EntryPoint\",\"urlTemplate\":\"https:\/\/blog.ccc.eu\/sk\/?s={search_term_string}\"},\"query-input\":{\"@type\":\"PropertyValueSpecification\",\"valueRequired\":true,\"valueName\":\"search_term_string\"}}],\"inLanguage\":\"sk-SK\"},{\"@type\":\"Organization\",\"@id\":\"https:\/\/blog.ccc.eu\/sk\/#organization\",\"name\":\"CCC S.A.\",\"url\":\"https:\/\/blog.ccc.eu\/sk\/\",\"logo\":{\"@type\":\"ImageObject\",\"inLanguage\":\"sk-SK\",\"@id\":\"https:\/\/blog.ccc.eu\/sk\/#\/schema\/logo\/image\/\",\"url\":\"https:\/\/blog.ccc.eu\/sk\/wp-content\/uploads\/2021\/11\/logo_ccc.png\",\"contentUrl\":\"https:\/\/blog.ccc.eu\/sk\/wp-content\/uploads\/2021\/11\/logo_ccc.png\",\"width\":730,\"height\":270,\"caption\":\"CCC S.A.\"},\"image\":{\"@id\":\"https:\/\/blog.ccc.eu\/sk\/#\/schema\/logo\/image\/\"}},{\"@type\":\"Person\",\"@id\":\"https:\/\/blog.ccc.eu\/sk\/#\/schema\/person\/3fe23f84d7cc2af51f6f5ff134b1fcc1\",\"name\":\"Lena\",\"image\":{\"@type\":\"ImageObject\",\"inLanguage\":\"sk-SK\",\"@id\":\"https:\/\/blog.ccc.eu\/sk\/#\/schema\/person\/image\/\",\"url\":\"https:\/\/blog.ccc.eu\/sk\/wp-content\/uploads\/2022\/06\/MicrosoftTeams-image-2-100x100.jpg\",\"contentUrl\":\"https:\/\/blog.ccc.eu\/sk\/wp-content\/uploads\/2022\/06\/MicrosoftTeams-image-2-100x100.jpg\",\"caption\":\"Lena\"},\"description\":\"Absolventka digit\u00e1lneho marketingu so sk\u00fasenos\u0165ami s content marketingom a (ve\u013emi prekvapivo) copywritingom. Vo vo\u013enom \u010dase rada nos\u00ed platformy a sna\u017e\u00ed sa n\u00e1kupy vo fast-fashion re\u0165azcoch vyva\u017eova\u0165 t\u00fdmi sek\u00e1\u010dov\u00fdmi a swapov\u00fdmi.\",\"url\":\"https:\/\/blog.ccc.eu\/sk\/author\/paulina-jarmul\/\"}]}<\/script>\n<!-- \/ Yoast SEO plugin. -->","yoast_head_json":{"title":"Jesenn\u00e9 outfity aktu\u00e1lnej sez\u00f3ny 2022. Ak\u00e9 k\u00fasky v\u00e1m nesm\u00fa ch\u00fdba\u0165? - blog.ccc.eu\/sk","description":"Jese\u0148 2022 je tu! To znamen\u00e1 farebn\u00e9 listy, chailatte & trendy outfity. Ak\u00e9 jesenn\u00e9 k\u00fasky v\u00e1m t\u00fato sez\u00f3nu nesm\u00fa ch\u00fdba\u0165? 2026","robots":{"index":"index","follow":"follow","max-snippet":"max-snippet:-1","max-image-preview":"max-image-preview:large","max-video-preview":"max-video-preview:-1"},"canonical":"https:\/\/blog.ccc.eu\/sk\/jesenne-outfity-aktualnej-sezony-2022-ake-kusky-vam-nesmu-chybat\/","og_locale":"sk_SK","og_type":"article","og_title":"Jesenn\u00e9 outfity aktu\u00e1lnej sez\u00f3ny 2022. Ak\u00e9 k\u00fasky v\u00e1m nesm\u00fa ch\u00fdba\u0165? - blog.ccc.eu\/sk","og_description":"Jese\u0148 2022 je tu! To znamen\u00e1 farebn\u00e9 listy, chailatte & trendy outfity. Ak\u00e9 jesenn\u00e9 k\u00fasky v\u00e1m t\u00fato sez\u00f3nu nesm\u00fa ch\u00fdba\u0165?","og_url":"https:\/\/blog.ccc.eu\/sk\/jesenne-outfity-aktualnej-sezony-2022-ake-kusky-vam-nesmu-chybat\/","og_site_name":"blog.ccc.eu\/sk","article_published_time":"2022-08-29T07:58:22+00:00","article_modified_time":"2023-05-18T13:35:41+00:00","og_image":[{"width":745,"height":1000,"url":"https:\/\/blog.ccc.eu\/sk\/wp-content\/uploads\/2022\/08\/untitled-4432_Lasocki_AW22.jpg","type":"image\/jpeg"}],"author":"Lena","twitter_card":"summary_large_image","twitter_misc":{"Autor":"Lena","Predpokladan\u00fd \u010das \u010d\u00edtania":"5 min\u00fat"},"schema":{"@context":"https:\/\/schema.org","@graph":[{"@type":"Article","@id":"https:\/\/blog.ccc.eu\/sk\/jesenne-outfity-aktualnej-sezony-2022-ake-kusky-vam-nesmu-chybat\/#article","isPartOf":{"@id":"https:\/\/blog.ccc.eu\/sk\/jesenne-outfity-aktualnej-sezony-2022-ake-kusky-vam-nesmu-chybat\/"},"author":{"name":"Lena","@id":"https:\/\/blog.ccc.eu\/sk\/#\/schema\/person\/3fe23f84d7cc2af51f6f5ff134b1fcc1"},"headline":"Jesenn\u00e9 outfity aktu\u00e1lnej sez\u00f3ny 2022. Ak\u00e9 k\u00fasky v\u00e1m nesm\u00fa ch\u00fdba\u0165?","datePublished":"2022-08-29T07:58:22+00:00","dateModified":"2023-05-18T13:35:41+00:00","mainEntityOfPage":{"@id":"https:\/\/blog.ccc.eu\/sk\/jesenne-outfity-aktualnej-sezony-2022-ake-kusky-vam-nesmu-chybat\/"},"wordCount":1166,"commentCount":0,"publisher":{"@id":"https:\/\/blog.ccc.eu\/sk\/#organization"},"image":{"@id":"https:\/\/blog.ccc.eu\/sk\/jesenne-outfity-aktualnej-sezony-2022-ake-kusky-vam-nesmu-chybat\/#primaryimage"},"thumbnailUrl":"https:\/\/blog.ccc.eu\/sk\/wp-content\/uploads\/2022\/08\/untitled-4432_Lasocki_AW22.jpg","keywords":["jese\u0148","jesenn\u00e9 outfity"],"articleSection":["trendy"],"inLanguage":"sk-SK","potentialAction":[{"@type":"CommentAction","name":"Comment","target":["https:\/\/blog.ccc.eu\/sk\/jesenne-outfity-aktualnej-sezony-2022-ake-kusky-vam-nesmu-chybat\/#respond"]}]},{"@type":"WebPage","@id":"https:\/\/blog.ccc.eu\/sk\/jesenne-outfity-aktualnej-sezony-2022-ake-kusky-vam-nesmu-chybat\/","url":"https:\/\/blog.ccc.eu\/sk\/jesenne-outfity-aktualnej-sezony-2022-ake-kusky-vam-nesmu-chybat\/","name":"Jesenn\u00e9 outfity aktu\u00e1lnej sez\u00f3ny 2022. Ak\u00e9 k\u00fasky v\u00e1m nesm\u00fa ch\u00fdba\u0165? - blog.ccc.eu\/sk","isPartOf":{"@id":"https:\/\/blog.ccc.eu\/sk\/#website"},"primaryImageOfPage":{"@id":"https:\/\/blog.ccc.eu\/sk\/jesenne-outfity-aktualnej-sezony-2022-ake-kusky-vam-nesmu-chybat\/#primaryimage"},"image":{"@id":"https:\/\/blog.ccc.eu\/sk\/jesenne-outfity-aktualnej-sezony-2022-ake-kusky-vam-nesmu-chybat\/#primaryimage"},"thumbnailUrl":"https:\/\/blog.ccc.eu\/sk\/wp-content\/uploads\/2022\/08\/untitled-4432_Lasocki_AW22.jpg","datePublished":"2022-08-29T07:58:22+00:00","dateModified":"2023-05-18T13:35:41+00:00","description":"Jese\u0148 2022 je tu! To znamen\u00e1 farebn\u00e9 listy, chailatte & trendy outfity. Ak\u00e9 jesenn\u00e9 k\u00fasky v\u00e1m t\u00fato sez\u00f3nu nesm\u00fa ch\u00fdba\u0165?","breadcrumb":{"@id":"https:\/\/blog.ccc.eu\/sk\/jesenne-outfity-aktualnej-sezony-2022-ake-kusky-vam-nesmu-chybat\/#breadcrumb"},"inLanguage":"sk-SK","potentialAction":[{"@type":"ReadAction","target":["https:\/\/blog.ccc.eu\/sk\/jesenne-outfity-aktualnej-sezony-2022-ake-kusky-vam-nesmu-chybat\/"]}]},{"@type":"ImageObject","inLanguage":"sk-SK","@id":"https:\/\/blog.ccc.eu\/sk\/jesenne-outfity-aktualnej-sezony-2022-ake-kusky-vam-nesmu-chybat\/#primaryimage","url":"https:\/\/blog.ccc.eu\/sk\/wp-content\/uploads\/2022\/08\/untitled-4432_Lasocki_AW22.jpg","contentUrl":"https:\/\/blog.ccc.eu\/sk\/wp-content\/uploads\/2022\/08\/untitled-4432_Lasocki_AW22.jpg","width":745,"height":1000,"caption":"jesenn\u00e1 ta\u0161ka"},{"@type":"BreadcrumbList","@id":"https:\/\/blog.ccc.eu\/sk\/jesenne-outfity-aktualnej-sezony-2022-ake-kusky-vam-nesmu-chybat\/#breadcrumb","itemListElement":[{"@type":"ListItem","position":1,"name":"Strona g\u0142\u00f3wna","item":"https:\/\/blog.ccc.eu\/sk\/"},{"@type":"ListItem","position":2,"name":"Jesenn\u00e9 outfity aktu\u00e1lnej sez\u00f3ny 2022. Ak\u00e9 k\u00fasky v\u00e1m nesm\u00fa ch\u00fdba\u0165?"}]},{"@type":"WebSite","@id":"https:\/\/blog.ccc.eu\/sk\/#website","url":"https:\/\/blog.ccc.eu\/sk\/","name":"blog.ccc.eu\/sk","description":"Va\u0161e miesto pln\u00e9 m\u00f3dnych in\u0161pir\u00e1ci\u00ed","publisher":{"@id":"https:\/\/blog.ccc.eu\/sk\/#organization"},"potentialAction":[{"@type":"SearchAction","target":{"@type":"EntryPoint","urlTemplate":"https:\/\/blog.ccc.eu\/sk\/?s={search_term_string}"},"query-input":{"@type":"PropertyValueSpecification","valueRequired":true,"valueName":"search_term_string"}}],"inLanguage":"sk-SK"},{"@type":"Organization","@id":"https:\/\/blog.ccc.eu\/sk\/#organization","name":"CCC S.A.","url":"https:\/\/blog.ccc.eu\/sk\/","logo":{"@type":"ImageObject","inLanguage":"sk-SK","@id":"https:\/\/blog.ccc.eu\/sk\/#\/schema\/logo\/image\/","url":"https:\/\/blog.ccc.eu\/sk\/wp-content\/uploads\/2021\/11\/logo_ccc.png","contentUrl":"https:\/\/blog.ccc.eu\/sk\/wp-content\/uploads\/2021\/11\/logo_ccc.png","width":730,"height":270,"caption":"CCC S.A."},"image":{"@id":"https:\/\/blog.ccc.eu\/sk\/#\/schema\/logo\/image\/"}},{"@type":"Person","@id":"https:\/\/blog.ccc.eu\/sk\/#\/schema\/person\/3fe23f84d7cc2af51f6f5ff134b1fcc1","name":"Lena","image":{"@type":"ImageObject","inLanguage":"sk-SK","@id":"https:\/\/blog.ccc.eu\/sk\/#\/schema\/person\/image\/","url":"https:\/\/blog.ccc.eu\/sk\/wp-content\/uploads\/2022\/06\/MicrosoftTeams-image-2-100x100.jpg","contentUrl":"https:\/\/blog.ccc.eu\/sk\/wp-content\/uploads\/2022\/06\/MicrosoftTeams-image-2-100x100.jpg","caption":"Lena"},"description":"Absolventka digit\u00e1lneho marketingu so sk\u00fasenos\u0165ami s content marketingom a (ve\u013emi prekvapivo) copywritingom. Vo vo\u013enom \u010dase rada nos\u00ed platformy a sna\u017e\u00ed sa n\u00e1kupy vo fast-fashion re\u0165azcoch vyva\u017eova\u0165 t\u00fdmi sek\u00e1\u010dov\u00fdmi a swapov\u00fdmi.","url":"https:\/\/blog.ccc.eu\/sk\/author\/paulina-jarmul\/"}]}},"_links":{"self":[{"href":"https:\/\/blog.ccc.eu\/sk\/wp-json\/wp\/v2\/posts\/5365","targetHints":{"allow":["GET"]}}],"collection":[{"href":"https:\/\/blog.ccc.eu\/sk\/wp-json\/wp\/v2\/posts"}],"about":[{"href":"https:\/\/blog.ccc.eu\/sk\/wp-json\/wp\/v2\/types\/post"}],"author":[{"embeddable":true,"href":"https:\/\/blog.ccc.eu\/sk\/wp-json\/wp\/v2\/users\/9"}],"replies":[{"embeddable":true,"href":"https:\/\/blog.ccc.eu\/sk\/wp-json\/wp\/v2\/comments?post=5365"}],"version-history":[{"count":7,"href":"https:\/\/blog.ccc.eu\/sk\/wp-json\/wp\/v2\/posts\/5365\/revisions"}],"predecessor-version":[{"id":6563,"href":"https:\/\/blog.ccc.eu\/sk\/wp-json\/wp\/v2\/posts\/5365\/revisions\/6563"}],"wp:featuredmedia":[{"embeddable":true,"href":"https:\/\/blog.ccc.eu\/sk\/wp-json\/wp\/v2\/media\/5366"}],"wp:attachment":[{"href":"https:\/\/blog.ccc.eu\/sk\/wp-json\/wp\/v2\/media?parent=5365"}],"wp:term":[{"taxonomy":"category","embeddable":true,"href":"https:\/\/blog.ccc.eu\/sk\/wp-json\/wp\/v2\/categories?post=5365"},{"taxonomy":"post_tag","embeddable":true,"href":"https:\/\/blog.ccc.eu\/sk\/wp-json\/wp\/v2\/tags?post=5365"}],"curies":[{"name":"wp","href":"https:\/\/api.w.org\/{rel}","templated":true}]}}