{"id":5460,"date":"2022-10-11T09:01:03","date_gmt":"2022-10-11T07:01:03","guid":{"rendered":"https:\/\/blog.ccc.eu\/sk\/?p=5460"},"modified":"2023-01-27T08:52:01","modified_gmt":"2023-01-27T07:52:01","slug":"kombinovanie-farieb-je-umenie-i-veda-s-nasim-navodom-ho-ovladnete","status":"publish","type":"post","link":"https:\/\/blog.ccc.eu\/sk\/kombinovanie-farieb-je-umenie-i-veda-s-nasim-navodom-ho-ovladnete\/","title":{"rendered":"Kombinovanie farieb je umenie i\u00a0veda. S\u00a0na\u0161\u00edm n\u00e1vodom ho ovl\u00e1dnete!"},"content":{"rendered":"\n<p><b>Schopnos\u0165 vhodne zladi\u0165 farby je umenie a&nbsp;cel\u00e1 veda. Ale akon\u00e1hle sa farebn\u00fa kombinatoriku nau\u010d\u00edte a&nbsp;osvoj\u00edte si ju, m\u00f4\u017eete ju vyu\u017e\u00edva\u0165 po cel\u00fd \u017eivot. Ur\u010dite sa v\u00e1m z\u00edde v&nbsp;pracovnom aj osobnom \u017eivote. A&nbsp;to nielen v&nbsp;m\u00f3de. Ak je pre v\u00e1s ladenie farieb v&nbsp;obliekan\u00ed ve\u013ek\u00e1 nezn\u00e1ma, sn\u00e1\u010f v\u00e1s pote\u0161\u00ed teoretick\u00fd a&nbsp;n\u00e1sledne aj praktick\u00fd n\u00e1vod. Ten odhal\u00ed po ak\u00fdch farebn\u00fdch kombin\u00e1ci\u00e1ch je vhodn\u00e9 stiahnu\u0165. Ak si mysl\u00edte, \u017ee m\u00e1te te\u00f3riu farieb v&nbsp;mal\u00ed\u010dku, m\u00f4\u017eete si svoje znalosti overi\u0165. Opakovanie je predsa matka m\u00fadrosti. A&nbsp;to aj vo farebnom svete. <\/b><\/p>\n\n\n\n<figure class=\"wp-block-gallery has-nested-images columns-default is-cropped wp-block-gallery-1 is-layout-flex wp-block-gallery-is-layout-flex\">\n<figure class=\"wp-block-image size-large\"><img loading=\"lazy\" decoding=\"async\" width=\"1024\" height=\"522\" data-id=\"5461\" src=\"https:\/\/blog.ccc.eu\/sk\/wp-content\/uploads\/2022\/10\/d007_gino_rossi_AW22_100x51_dpi120-Copy-1024x522.jpg\" alt=\"\" class=\"wp-image-5461\" srcset=\"https:\/\/blog.ccc.eu\/sk\/wp-content\/uploads\/2022\/10\/d007_gino_rossi_AW22_100x51_dpi120-Copy-1024x522.jpg 1024w, https:\/\/blog.ccc.eu\/sk\/wp-content\/uploads\/2022\/10\/d007_gino_rossi_AW22_100x51_dpi120-Copy-300x153.jpg 300w, https:\/\/blog.ccc.eu\/sk\/wp-content\/uploads\/2022\/10\/d007_gino_rossi_AW22_100x51_dpi120-Copy-768x392.jpg 768w, https:\/\/blog.ccc.eu\/sk\/wp-content\/uploads\/2022\/10\/d007_gino_rossi_AW22_100x51_dpi120-Copy-100x51.jpg 100w, https:\/\/blog.ccc.eu\/sk\/wp-content\/uploads\/2022\/10\/d007_gino_rossi_AW22_100x51_dpi120-Copy.jpg 1400w\" sizes=\"auto, (max-width: 1024px) 100vw, 1024px\" \/><\/figure>\n<\/figure>\n\n\n\n<h2 class=\"wp-block-heading\">Neviete, ak\u00e9 farby sa k\u00a0sebe hodia? <em>Farebn\u00fd kruh<\/em> <em>v\u00e1s zachr\u00e1ni<\/em>!<\/h2>\n\n\n\n<p>Hlavn\u00fd par\u0165\u00e1k, ktor\u00fd v\u00e1m v\u017edy pom\u00f4\u017ee vybra\u0165 t\u00fa najlep\u0161iu farebn\u00fa kombin\u00e1ciu je <a href=\"https:\/\/upload.wikimedia.org\/wikipedia\/commons\/c\/c5\/Colorwheel.svg\"><strong>farebn\u00fd kruh.<\/strong><\/a>Je to diagram, ktor\u00fd v&nbsp;roku 1666 vytvoril <em>g\u00e9nius Isaac Newton.<\/em> Rozl\u00ed\u0161il v&nbsp;\u0148om <strong>7 hlavn\u00fdch farieb<\/strong> <em>\u2013 \u010derven\u00fa, oran\u017eov\u00fa, \u017elt\u00fa, zelen\u00fa, svetlomodr\u00fa, tmavomodr\u00fa (indigo) a&nbsp;fialov\u00fa.<\/em><\/p>\n\n\n\n<p>Farebn\u00fd kruh p\u00f4vodne sl\u00fa\u017eil vo svete fyziky k&nbsp;\u0161t\u00fadiu svetla a&nbsp;jeho lomu. Ka\u017edop\u00e1dne, o&nbsp;nieko\u013eko storo\u010d\u00ed nesk\u00f4r ho za\u010dali pou\u017e\u00edva\u0165 aj <strong>maliari, dizajn\u00e9ri a m\u00f3dny n\u00e1vrh\u00e1ri.<\/strong> A&nbsp;to pr\u00e1ve za \u00fa\u010delom ur\u010dovania atrakt\u00edvnych farebn\u00fdch kombin\u00e1cii.<\/p>\n\n\n\n<p><em>Vedeli ste? <strong>\u010c<\/strong><\/em><strong>ierna a&nbsp;biela<\/strong> sa v&nbsp;m\u00f3de a&nbsp;dizajne definuj\u00fa ako <em>farby, <\/em>to v\u0161ak neplat\u00ed z&nbsp;h\u013eadiska fyziky a&nbsp;svetla. Ka\u017ed\u00e1 farba m\u00e1 svoju vlnov\u00fa d\u013a\u017eku, \u010dierna a&nbsp;biela v\u0161ak nie, preto sa v&nbsp;tomto svete ako <em>farby nevn\u00edmaj\u00fa.&nbsp;<\/em><\/p>\n\n\n\n<p>Na farby m\u00f4\u017eete ma\u0165 cit, takzvan\u00e9 <em>vizu\u00e1lne c\u00edtenie.<\/em> No farebn\u00e1 paleta vytvoren\u00e1 pod\u013ea pravidiel farebn\u00e9ho kruhu bude p\u00f4sobi\u0165 omnoho harmonickej\u0161ie ako len na z\u00e1klade \u201epocitov.\u201c<\/p>\n\n\n\n<h3 class=\"wp-block-heading\">Isaac Newton v diagrame farby rozdelil do 3 hlavn\u00fdch kateg\u00f3rii:<\/h3>\n\n\n\n<p><strong>Prim\u00e1rne farby<\/strong> \u2013 sem patr\u00ed <em>\u010derven\u00e1, modr\u00e1 a&nbsp;\u017elt\u00e1.<\/em> S\u00fa z\u00e1kladom cel\u00e9ho diagramu. Jedn\u00e1 sa o&nbsp;z\u00e1kladn\u00fd farebn\u00fd set, ktor\u00e9 nejde vytvori\u0165 zmie\u0161an\u00fdm \u010fal\u0161\u00edch farieb;<\/p>\n\n\n\n<p><strong>Sekund\u00e1rne farby <\/strong>\u2013 <em>zelen\u00e1, oran\u017eov\u00e1 a&nbsp;fialov\u00e1.<\/em> Farby, ktor\u00e9 s\u00fa z\u00edskan\u00e9 mixovan\u00edm prim\u00e1rnych farieb;<\/p>\n\n\n\n<p><strong>Sekund\u00e1rne a&nbsp;terci\u00e1rne farby <\/strong>\u2013 nakoniec kombin\u00e1cie prim\u00e1rnych a&nbsp;sekund\u00e1rnych farieb: <em>\u017elto-oran\u017eov\u00e1, \u010derveno-oran\u017eov\u00e1, \u010derveno-fialov\u00e1, modro-fialov\u00e1, modro-zelen\u00e1 a&nbsp;\u017elto-zelen\u00e1.<\/em><\/p>\n\n\n\n<p>Problematika delenia prim\u00e1rnych a&nbsp;sekund\u00e1rnych farieb je tro\u0161ku zapeklit\u00e1. Z&nbsp;h\u013eadiska vn\u00edmania farieb v&nbsp;m\u00f3de \u010di maliarstve sa za prim\u00e1rne farby pova\u017euje <strong>\u010derven\u00e1, modr\u00e1, \u017elt\u00e1.<\/strong> Nie v\u0161ak z&nbsp;h\u013eadiska fyziky a svetla. V&nbsp;tomto pr\u00edpade za prim\u00e1rne farby pova\u017eujeme \u010derven\u00fa, modr\u00fa <em>a&nbsp;zelen\u00fa.<\/em><\/p>\n\n\n\n<shortcode prop-category=\"Poltop\u00e1nky\" prop-gender=\"female\" prop-load-num=\"12\" prop-display-num=\"4\" prop-sku=\"5904862179322, 5904862184982, 2230029795078, 5904862182919, 5904862159171, 5904862218939, 5904248812089, 2230029795009, 5904862407395, 5904862221045, 2230029795115, 5904862252834\" prop-view=\"slider\"><\/shortcode>        <div\r\n            class=\"eob-pf-shortcode\"\r\n            id=\"eobpf69f1fd80a9d33\"\r\n        >\r\n            <shortcode prop-category=\"Poltop\u00e1nky\" prop-gender=\"female\" prop-load-num=\"12\" prop-display-num=\"4\" prop-sku=\"5904862179322, 5904862184982, 2230029795078, 5904862182919, 5904862159171, 5904862218939, 5904248812089, 2230029795009, 5904862407395, 5904862221045, 2230029795115, 5904862252834\" prop-view=\"slider\"><\/shortcode>        <\/div>\r\n\t\t<script>\r\n\t\t\tjQuery(document).ready(() => {\r\n\t\t\t    const root = document.getElementById('eobpf69f1fd80a9d33');\r\n                Vue.createApp({\r\n\t                components: {\r\n\t                    shortcode\r\n\t                }\r\n                }).mount(root);\r\n\t\t\t});\r\n\t\t<\/script>\r\n\t\t\r\n\t\t\n\n\n\n<p><\/p>\n\n\n\n<h2 class=\"wp-block-heading\">Color blocking a&nbsp;\u010fal\u0161ie tipy ako vyu\u017ei\u0165 farebn\u00fd kruh<\/h2>\n\n\n\n<p>U\u017e m\u00e1te <em>ak\u00fa-tak\u00fa<\/em> predstavu ako vyzer\u00e1 legend\u00e1rny farebn\u00fd kruh? Skvele! V&nbsp;\u010fal\u0161\u00edch riadkoch sa dozviete ako sa pou\u017e\u00edva a&nbsp;ako kombinova\u0165 farby. Predch\u00e1dzaj\u00face teoretizmy spolu prenesieme do praktick\u00e9ho praxe, \u010do sa outfitov t\u00fdka. S&nbsp;l\u00e1skavou pomocou farebn\u00e9ho kruhu.<\/p>\n\n\n\n<p><\/p>\n\n\n\n<h3 class=\"wp-block-heading\">Kombin\u00e1cia prim\u00e1rnych farieb<\/h3>\n\n\n\n<p><em>\u010cerven\u00e1, modr\u00e1 a&nbsp;\u017elt\u00e1.<\/em> Vhodn\u00e1 pre odv\u00e1\u017enych a&nbsp;extravagantn\u00e9. Kombinova\u0165 prim\u00e1rne farby pritiahne pozornos\u0165. Je vesel\u00e9, ve\u013emi farebn\u00e9 a&nbsp;m\u00f4\u017ee pripom\u00edna\u0165 detsk\u00fa hravos\u0165. Na prv\u00fd poh\u013ead t\u00e1to kombin\u00e1cia farieb prekvap\u00ed, na druh\u00fd zaujme. Je neopozeran\u00e1, svie\u017ea a\u017e bl\u00e1zniv\u00e1.<\/p>\n\n\n\n<p><em>Ako teda vyzer\u00e1 kombinovanie prim\u00e1rnych farieb v&nbsp;praxi?<\/em><\/p>\n\n\n\n<ul class=\"wp-block-list\">\n<li>Napr\u00edklad <strong>\u010derven\u00e9 lodi\u010dky a&nbsp;\u017elt\u00e1 kabelka;<\/strong><\/li>\n\n\n\n<li><strong>Modr\u00e9 rifle a&nbsp;\u017elt\u00e1 bunda;<\/strong><\/li>\n\n\n\n<li><strong>\u010cerven\u00e9 \u0161aty s&nbsp;modr\u00fdm opaskom.<\/strong><\/li>\n<\/ul>\n\n\n\n<p><\/p>\n\n\n\n<h3 class=\"wp-block-heading\">Kombin\u00e1cia monochromatick\u00fdch farieb<\/h3>\n\n\n\n<p>Farebn\u00e1 sch\u00e9ma je zalo\u017een\u00e1 na pou\u017eit\u00ed <em>jedinej farby.<\/em> Z&nbsp;prostredia m\u00f3dy je v\u00e1m mo\u017eno v\u00fdraz <em>monochromatick\u00fd<\/em> dobre zn\u00e1my. <strong>Monochromatick\u00fd look <\/strong>je postaven\u00fd len na z\u00e1klade jednej farby a&nbsp;\u010falej sa pracuje s&nbsp;jej farebn\u00fdmi odtie\u0148mi. Je ide\u00e1lny, ak m\u00e1te v&nbsp;dan\u00fd de\u0148 chu\u0165 na jednu \u0161pecifick\u00fa farbu alebo m\u00e1te jednu ve\u013emi ob\u013e\u00faben\u00fa, ktor\u00fa nos\u00edte najrad\u0161ej. Pr\u00edpadne chcete vytvori\u0165 harmonick\u00fd a&nbsp;jemnej\u0161\u00ed outfit t\u00f3n v t\u00f3ne, bez v\u00fdrazn\u00fdch kontrastov.<\/p>\n\n\n\n<p><em>V&nbsp;praxi tak\u00fdto outfit m\u00f4\u017ee vyzera\u0165 napr\u00edklad ako:<\/em><\/p>\n\n\n\n<ul class=\"wp-block-list\">\n<li><strong>Klasick\u00e9 modr\u00e9 rifle s&nbsp;baby blue topom a&nbsp;tmavomodr\u00fdmi teniskami;<\/strong><\/li>\n\n\n\n<li><strong>Bordov\u00e9 \u0161aty s&nbsp;\u010derven\u00fdmi lodi\u010dkami a&nbsp;kabelkou;<\/strong><\/li>\n\n\n\n<li><strong>Smaragdovo zelen\u00e1 suk\u0148a, o&nbsp;p\u00e1r odtie\u0148ov tmav\u0161\u00ed top a&nbsp;pist\u00e1ciov\u00e9 sand\u00e1le.<\/strong><\/li>\n<\/ul>\n\n\n\n<p>Monochromatick\u00fd look nie je vytvoren\u00fd len z&nbsp;jednej farby v&nbsp;toto\u017enom odtieni. Kombin\u00e1cie odtie\u0148ov konkr\u00e9tnej farby sa medzi sebou m\u00f4\u017eu v&nbsp;jednom outfite r\u00f4zne mie\u0161a\u0165.<\/p>\n\n\n\n<p><\/p>\n\n\n\n<h3 class=\"wp-block-heading\">Kombin\u00e1cia komplement\u00e1rnych farieb<\/h3>\n\n\n\n<p>Je to kombin\u00e1cia <em>2 najkontrastnej\u0161\u00edch farieb.<\/em> Tie le\u017eia na farebnom kruhu presne oproti sebe. To tie\u017e znamen\u00e1, \u017ee ide v\u017edy o&nbsp;pou\u017eitie <em>jednej teplej a&nbsp;jednej studenej farby.<\/em> Extra v\u00fdrazn\u00fd vzh\u013ead dosiahnete pou\u017eit\u00edm t\u00fdchto farieb v&nbsp;maxim\u00e1lnej s\u00fdtosti. Je to napr\u00edklad <em>kombin\u00e1cia zelenej a&nbsp;\u010dervenej, modrej a&nbsp;\u017eltej, ru\u017eovej a&nbsp;zelenej, modrej a&nbsp;hnedej \u010di oran\u017eovej a&nbsp;tyrkysovej.<\/em> Kombin\u00e1cia komplement\u00e1rnych farieb je ide\u00e1lna, ak chcete by\u0165 v&nbsp;dan\u00fd de\u0148 v\u00fdrazn\u00e1 a&nbsp;dosiahnu\u0165 extravagantn\u00fd efekt.<\/p>\n\n\n\n<p><em>V&nbsp;praktickom vyu\u017eit\u00ed m\u00f4\u017ee tak\u00fdto outfit vyzera\u0165 ako:<\/em><\/p>\n\n\n\n<ul class=\"wp-block-list\">\n<li><strong>\u0160aty v&nbsp;pomaran\u010dovej farbe a&nbsp;tyrkysov\u00e1 kabelka;<\/strong><\/li>\n\n\n\n<li><strong>Hned\u00fd kab\u00e1t a&nbsp;modr\u00fd \u0161\u00e1l;<\/strong><\/li>\n\n\n\n<li><strong>Zelen\u00e9 nohavice a&nbsp;cyklamenov\u00e1 farba lodi\u010diek.<\/strong><\/li>\n<\/ul>\n\n\n\n<p><\/p>\n\n\n\n<h3 class=\"wp-block-heading\">Kombin\u00e1cia analogick\u00fdch farieb<\/h3>\n\n\n\n<p>T\u00e1to farebn\u00e1 sch\u00e9ma pou\u017e\u00edva <em>3 <\/em>farby, ktor\u00e9 sa na farebnom kruhu nach\u00e1dzaj\u00fa ved\u013ea seba. <strong>Analogick\u00e9 farby <\/strong>p\u00f4sobia ve\u013emi prirodzene a&nbsp;harmonicky, preto\u017ee sa \u010dasto vyskytuj\u00fa aj v&nbsp;pr\u00edrode. Farby v&nbsp;analogickom zlo\u017een\u00ed s\u00fa napr\u00edklad <em>bledozelen\u00e1, zelen\u00e1 a&nbsp;bledomodr\u00e1; tmavomodr\u00e1, fialov\u00e1 a&nbsp;ru\u017eov\u00e1; \u017elt\u00e1, hor\u010dicov\u00e1 a&nbsp;oran\u017eov\u00e1.<\/em><\/p>\n\n\n\n<p><em>Kombin\u00e1cia analogick\u00fdch farieb v&nbsp;outfitoch m\u00f4\u017ee vyzera\u0165 ako:<\/em><\/p>\n\n\n\n<ul class=\"wp-block-list\">\n<li><strong>Tmavomodr\u00e9 nohavice, bledomodr\u00fd top a&nbsp;ru\u017eov\u00e1 kabelka;<\/strong><\/li>\n\n\n\n<li><strong>B\u00e9\u017eov\u00e9 \u0161aty, ru\u017eov\u00e9 lodi\u010dky a&nbsp;bledomodr\u00e1 kabelka;<\/strong><\/li>\n\n\n\n<li><strong>Staroru\u017eov\u00e1 suk\u0148a, lila sand\u00e1le a&nbsp;hned\u00fd top.<\/strong><\/li>\n<\/ul>\n\n\n\n<p><\/p>\n\n\n\n<h3 class=\"wp-block-heading\">Kombin\u00e1cia triadick\u00fdch farieb<\/h3>\n\n\n\n<p><strong>Triadick\u00e1 sch\u00e9ma<\/strong> u\u017e z&nbsp;n\u00e1zvu evokuje <em>tri\u00e1du \u2013 teda 3 farby.<\/em> A&nbsp;to rovnomerne rozmiestnen\u00fdch na farebnom kruhu oproti sebe. \u010ci u\u017e pou\u017eijete farby v&nbsp;plnom odtieni alebo v&nbsp;pastelov\u00fdch farb\u00e1ch, dan\u00e9 kombo bude budi\u0165 pozornos\u0165. Je to napr\u00edklad kombin\u00e1cia <em>\u010dervenej, modrej a&nbsp;\u017eltej; fialovej, zelenej a&nbsp;oran\u017eovej alebo bordovej, sivej a&nbsp;\u017eltej. <\/em>Najv\u00e4\u010d\u0161iu rovnov\u00e1hu dosiahnete pri kombin\u00e1cii jednej v\u00fdraznej farby a&nbsp;dvoch doplnkov\u00fdch v&nbsp;jemnej\u0161\u00edch odtie\u0148och.<\/p>\n\n\n\n<p><em>V&nbsp;praxi to vyzer\u00e1 ako:<\/em><\/p>\n\n\n\n<ul class=\"wp-block-list\">\n<li><strong>Nude nohavice, fialov\u00fd top a&nbsp;mentolov\u00e9 lodi\u010dky;<\/strong><\/li>\n\n\n\n<li><strong>Bordov\u00e9 \u0161aty, siv\u00e9 sand\u00e1le a&nbsp;zlat\u00e9 doplnky;<\/strong><\/li>\n\n\n\n<li><strong>Fialov\u00fd overal, tmavozelen\u00e9 top\u00e1nky a&nbsp;hned\u00e1 ta\u0161ka.<\/strong><\/li>\n<\/ul>\n\n\n\n<p><\/p>\n\n\n\n<h3 class=\"wp-block-heading\">Kombin\u00e1cia tetradick\u00fdch farieb<\/h3>\n\n\n\n<p>Znamen\u00e1 <em>pou\u017eitie \u0161tyroch farieb<\/em> na farebnom kruhu do \u0161tvorca. Kombin\u00e1cia \u0161tyroch farieb m\u00f4\u017ee by\u0165 n\u00e1ro\u010dn\u00e1. Skrot\u00edte ju vytvoren\u00edm farebnej kombin\u00e1cie s&nbsp;jednou dominantnou farbou a&nbsp;zvy\u0161n\u00fdmi jemnej\u0161\u00edmi \u2013 doplnkov\u00fdmi. Pr\u00edpadne farbami v&nbsp;tlmen\u00fdch alebo pastelov\u00fdch odtie\u0148och.<\/p>\n\n\n\n<p><em>In\u0161pir\u00e1cia na outfity m\u00f4\u017ee vyzera\u0165 ako:<\/em><\/p>\n\n\n\n<ul class=\"wp-block-list\">\n<li><strong>Pastelov\u00e1, zeleno-fialov\u00e1 skladan\u00e1 suk\u0148a, top v&nbsp;bledej koralovej a&nbsp;jemn\u00e9, \u017eltozlat\u00e9 sand\u00e1le;<\/strong><\/li>\n\n\n\n<li><strong>\u0160aty z&nbsp;bledej rif\u013eoviny, lodi\u010dky vo v\u00fdraznej cykl\u00e1menovej s&nbsp;bledo\u017eltou podr\u00e1\u017ekou a&nbsp;mal\u00e1 kabelka v&nbsp;jemnej zelenej;<\/strong><\/li>\n\n\n\n<li><strong>Hned\u00e9 nohavice, nude top, fialov\u00e9 top\u00e1nky a&nbsp;\u017elt\u00e9 sako.<\/strong><\/li>\n<\/ul>\n\n\n\n<p><\/p>\n\n\n\n<h3 class=\"wp-block-heading\">Color blocking<\/h3>\n\n\n\n<p>Farebn\u00e1 sch\u00e9ma steles\u0148uje vyhl\u00e1senie: <em>\u201eprotiklady sa pri\u0165ahuj\u00fa.\u201c<\/em> \u010ci u\u017e s&nbsp;t\u00fdm s\u00fahlas\u00edte alebo nie, pri laden\u00ed farieb sa v\u00fdrok d\u00e1 kr\u00e1sne naplni\u0165. Hist\u00f3ria <strong>color blockingu<\/strong> siaha u\u017e do roku <em>1929.<\/em> Pri tejto farebnej taktike sa \u010dasto odkazuje na holandsk\u00e9ho maliara <strong>Mondriana<\/strong> a&nbsp;jeho sl\u00e1vne dielo: <a href=\"https:\/\/commons.wikimedia.org\/wiki\/File:Piet_Mondrian_-_Composition_No._III,_with_red,_blue,_yellow_and_black,_1929.jpg\">Kompoz\u00edciu \u010d. III s&nbsp;\u010dervenou, modrou, \u017eltou a&nbsp;\u010diernou.<\/a><\/p>\n\n\n\n<p><strong>Color blocking<\/strong> znamen\u00e1 pou\u017eitie viacer\u00fdch farieb na jednej ploche. V&nbsp;r\u00e1mci m\u00f3dy to znamen\u00e1 v&nbsp;jednom outfite. Farby s\u00fa navz\u00e1jom kontrastn\u00e9, no rovnocenn\u00e9 vo svojej intenzite. V\u010faka trendy color blockingu dosiahnete zauj\u00edmav\u00e9, v\u00fdrazn\u00e9 a&nbsp;ne\u010dakan\u00e9 kombin\u00e1cie.<\/p>\n\n\n\n<p><\/p>\n\n\n\n<shortcode prop-category=\"D\u00e1msk\u00e9 kabelky\" prop-gender=\"female\" prop-load-num=\"12\" prop-display-num=\"4\" prop-sku=\"5904862392073, 5904862069319, 5904862025025, 5904248926342, 5904862371856, 5904248927219, 5904248927172, 5904862067988, 5904862152660, 5904862127453, 5904862152677, 5904862134383\" prop-view=\"slider\"><\/shortcode>        <div\r\n            class=\"eob-pf-shortcode\"\r\n            id=\"eobpf69f1fd80a9e47\"\r\n        >\r\n            <shortcode prop-category=\"D\u00e1msk\u00e9 kabelky\" prop-gender=\"female\" prop-load-num=\"12\" prop-display-num=\"4\" prop-sku=\"5904862392073, 5904862069319, 5904862025025, 5904248926342, 5904862371856, 5904248927219, 5904248927172, 5904862067988, 5904862152660, 5904862127453, 5904862152677, 5904862134383\" prop-view=\"slider\"><\/shortcode>        <\/div>\r\n\t\t<script>\r\n\t\t\tjQuery(document).ready(() => {\r\n\t\t\t    const root = document.getElementById('eobpf69f1fd80a9e47');\r\n                Vue.createApp({\r\n\t                components: {\r\n\t                    shortcode\r\n\t                }\r\n                }).mount(root);\r\n\t\t\t});\r\n\t\t<\/script>\r\n\t\t\r\n\t\t\n\n\n\n<p><\/p>\n\n\n\n<p>Kr\u00e1sne farebn\u00e9 palety a&nbsp;kombin\u00e1cie si m\u00f4\u017eete vysk\u00fa\u0161a\u0165 vo viacer\u00fdch online softv\u00e9roch. Jedn\u00fdm z&nbsp;nich je napr\u00edklad <a href=\"https:\/\/color.adobe.com\/create\/color-wheel\"><strong>Adobe Color Wheel.<\/strong><\/a>N\u00e1jdete tam v\u0161etky spomenut\u00e9 mo\u017enosti farebn\u00fdch kombin\u00e1cii a&nbsp;dokonca aj mo\u017enosti naviac.<\/p>\n\n\n\n<p>S&nbsp;farebnou te\u00f3riou si&nbsp;m\u00f4\u017eete pom\u00f4c\u0165 pri kombin\u00e1cii farieb u vytv\u00e1ran\u00ed va\u0161ich outfitov. Ale aj pri dekorovan\u00ed izby, tvoren\u00ed make-up looku \u010di jednoduchej grafiky na pozv\u00e1nke.<\/p>\n\n\n\n<h2 class=\"wp-block-heading\">Osved\u010den\u00e9 kombin\u00e1cie farieb, ktor\u00e9 v\u00e1s nezradia<\/h2>\n\n\n\n<p>Chcete stavi\u0165 na istotu, pr\u00edpadne sa v\u00e1m&nbsp;nechce rie\u0161i\u0165 farebn\u00fd kruh a&nbsp;riskova\u0165? M\u00e1me pre v\u00e1s osved\u010den\u00e9 farebn\u00e9 kombin\u00e1cie, s&nbsp;ktor\u00fdmi sa ned\u00e1 \u0161liapnu\u0165 ved\u013ea.<\/p>\n\n\n\n<ul class=\"wp-block-list\">\n<li><em>\u010cierna a&nbsp;biela;<\/em><\/li>\n\n\n\n<li><em>Biela a&nbsp;b\u00e9\u017eov\u00e1;<\/em><\/li>\n\n\n\n<li><em>\u010cierna a&nbsp;ak\u00e1ko\u013evek in\u00e1 farba;<\/em><\/li>\n\n\n\n<li><em>Biela a&nbsp;ak\u00e1ko\u013evek in\u00e1 farba;<\/em><\/li>\n\n\n\n<li><em>Nude a&nbsp;ak\u00e1ko\u013evek in\u00e1 farba;<\/em><\/li>\n\n\n\n<li><em>Siv\u00e1 a&nbsp;\u017elt\u00e1;<\/em><\/li>\n\n\n\n<li><em>Modr\u00e1 a&nbsp;hned\u00e1;<\/em><\/li>\n\n\n\n<li><em>Ru\u017eov\u00e1 a&nbsp;zelen\u00e1;<\/em><\/li>\n<\/ul>\n\n\n\n<p>Neutr\u00e1lne odtiene farieb: <strong>\u010dierna, biela, siv\u00e1 a&nbsp;b\u00e9\u017eov\u00e1<\/strong> sa ve\u013emi jednoducho kombinuj\u00fa k&nbsp;ostatn\u00fdm farb\u00e1m. Preto sa oplat\u00ed ma\u0165 z\u00e1kladn\u00e9 k\u00fasky \u0161atn\u00edka pr\u00e1ve v&nbsp;t\u00fdchto farb\u00e1ch.<\/p>\n\n\n\n<p><\/p>\n\n\n\n<h2 class=\"wp-block-heading\">Top farebn\u00e9 trendy s\u00fa\u010dasnosti<\/h2>\n\n\n\n<p>Ak chcete by\u0165 trendy, bude sa v\u00e1m hodi\u0165 aj pozna\u0165 aktu\u00e1lne farebn\u00e9 trendy. In\u0161pirova\u0165 sa m\u00f4\u017eete napr\u00edklad na <strong>Pantone Color Institute.<\/strong> Ten pravidelne publikuje <a href=\"https:\/\/www.pantone.com\/articles\/fashion-color-trend-report\">Fashion Color Report.<\/a> Dozviete sa tam napr\u00edklad o&nbsp;posledn\u00fdch farebn\u00fdch trendoch z&nbsp;m\u00f3dnych prehliadok aktu\u00e1lnej sez\u00f3ny. A to&nbsp;konkr\u00e9tnych m\u00f3dnych metropol.<\/p>\n\n\n\n<p><strong>Pantone ka\u017ed\u00fd rok aj vyhlasuje farbu roka.<\/strong> Je to ve\u013emi popul\u00e1rna udalos\u0165, ktor\u00e1 sa berie v\u00e1\u017ene. Farbu roka Pantone ur\u010duje ako reakciu na aktu\u00e1lnu situ\u00e1ciu v&nbsp;spolo\u010dnosti, m\u00f3dne trendy, ale aj probl\u00e9my \u010di politick\u00fa kl\u00edmu. A&nbsp;to v&nbsp;spolupr\u00e1ci so sl\u00e1vnymi dizajn\u00e9rmi, umelcami a&nbsp;teoretikmi farieb. Aktu\u00e1lna farba roka <strong>2022 je Very Peri<\/strong> \u2013 modr\u00e1 s&nbsp;podt\u00f3nom fialovej a&nbsp;\u010dervenej. Na \u010fal\u0161\u00ed rok 2023 e\u0161te farbu nepozn\u00e1me. Predpoved\u00e1 sa, \u017ee by mohlo \u00eds\u0165 o&nbsp;odtie\u0148 <em>Digital Lavender. <\/em>Farby k&nbsp;m\u00f3de neodmyslite\u013ene patria. Preto to budeme pozorne sledova\u0165 a&nbsp;s&nbsp;rados\u0165ou v\u00e1s&nbsp;informova\u0165!&nbsp;<\/p>\n","protected":false},"excerpt":{"rendered":"<p>Schopnos\u0165 vhodne zladi\u0165 farby je umenie a&nbsp;cel\u00e1 veda. Ale akon\u00e1hle sa farebn\u00fa kombinatoriku nau\u010d\u00edte a&nbsp;osvoj\u00edte si ju, m\u00f4\u017eete ju vyu\u017e\u00edva\u0165 po cel\u00fd \u017eivot. Ur\u010dite sa v\u00e1m z\u00edde v&nbsp;pracovnom aj osobnom \u017eivote. A&nbsp;to nielen v&nbsp;m\u00f3de. Ak je pre v\u00e1s ladenie farieb v&nbsp;obliekan\u00ed ve\u013ek\u00e1 nezn\u00e1ma, sn\u00e1\u010f v\u00e1s pote\u0161\u00ed teoretick\u00fd a&nbsp;n\u00e1sledne aj praktick\u00fd n\u00e1vod. Ten odhal\u00ed po ak\u00fdch [&hellip;]<\/p>\n","protected":false},"author":9,"featured_media":5462,"comment_status":"open","ping_status":"open","sticky":false,"template":"","format":"standard","meta":{"_acf_changed":false,"footnotes":""},"categories":[4,6],"tags":[798,766],"class_list":["post-5460","post","type-post","status-publish","format-standard","has-post-thumbnail","hentry","category-modne-tipy","category-trendy","tag-farby","tag-moda-2"],"acf":[],"yoast_head":"<!-- This site is optimized with the Yoast SEO plugin v26.9 - https:\/\/yoast.com\/product\/yoast-seo-wordpress\/ -->\n<title>Kombinovanie farieb je umenie i\u00a0veda. S\u00a0na\u0161\u00edm n\u00e1vodom ho ovl\u00e1dnete! - blog.ccc.eu\/sk<\/title>\n<meta name=\"description\" content=\"Vo svete farieb je \u013eahk\u00e9 sa strati\u0165. Schopnos\u0165 kombinova\u0165 farby je veda i umenie. Ak si problematiku osvoj\u00edte, m\u00f4\u017eete ju vyu\u017e\u00edva\u0165 donekone\u010dna. A nielen v m\u00f3de. 2026\" \/>\n<meta name=\"robots\" content=\"index, follow, max-snippet:-1, max-image-preview:large, max-video-preview:-1\" \/>\n<link rel=\"canonical\" href=\"https:\/\/blog.ccc.eu\/sk\/kombinovanie-farieb-je-umenie-i-veda-s-nasim-navodom-ho-ovladnete\/\" \/>\n<meta property=\"og:locale\" content=\"sk_SK\" \/>\n<meta property=\"og:type\" content=\"article\" \/>\n<meta property=\"og:title\" content=\"Kombinovanie farieb je umenie i\u00a0veda. S\u00a0na\u0161\u00edm n\u00e1vodom ho ovl\u00e1dnete! - blog.ccc.eu\/sk\" \/>\n<meta property=\"og:description\" content=\"Vo svete farieb je \u013eahk\u00e9 sa strati\u0165. Schopnos\u0165 kombinova\u0165 farby je veda i umenie. Ak si problematiku osvoj\u00edte, m\u00f4\u017eete ju vyu\u017e\u00edva\u0165 donekone\u010dna. A nielen v m\u00f3de.\" \/>\n<meta property=\"og:url\" content=\"https:\/\/blog.ccc.eu\/sk\/kombinovanie-farieb-je-umenie-i-veda-s-nasim-navodom-ho-ovladnete\/\" \/>\n<meta property=\"og:site_name\" content=\"blog.ccc.eu\/sk\" \/>\n<meta property=\"article:published_time\" content=\"2022-10-11T07:01:03+00:00\" \/>\n<meta property=\"article:modified_time\" content=\"2023-01-27T07:52:01+00:00\" \/>\n<meta property=\"og:image\" content=\"https:\/\/blog.ccc.eu\/sk\/wp-content\/uploads\/2022\/10\/0808_gino_rossi_AW22_3x4_dpi120-Copy.jpg\" \/>\n\t<meta property=\"og:image:width\" content=\"1400\" \/>\n\t<meta property=\"og:image:height\" content=\"1867\" \/>\n\t<meta property=\"og:image:type\" content=\"image\/jpeg\" \/>\n<meta name=\"author\" content=\"Lena\" \/>\n<meta name=\"twitter:card\" content=\"summary_large_image\" \/>\n<meta name=\"twitter:label1\" content=\"Autor\" \/>\n\t<meta name=\"twitter:data1\" content=\"Lena\" \/>\n\t<meta name=\"twitter:label2\" content=\"Predpokladan\u00fd \u010das \u010d\u00edtania\" \/>\n\t<meta name=\"twitter:data2\" content=\"8 min\u00fat\" \/>\n<script type=\"application\/ld+json\" class=\"yoast-schema-graph\">{\"@context\":\"https:\/\/schema.org\",\"@graph\":[{\"@type\":\"Article\",\"@id\":\"https:\/\/blog.ccc.eu\/sk\/kombinovanie-farieb-je-umenie-i-veda-s-nasim-navodom-ho-ovladnete\/#article\",\"isPartOf\":{\"@id\":\"https:\/\/blog.ccc.eu\/sk\/kombinovanie-farieb-je-umenie-i-veda-s-nasim-navodom-ho-ovladnete\/\"},\"author\":{\"name\":\"Lena\",\"@id\":\"https:\/\/blog.ccc.eu\/sk\/#\/schema\/person\/3fe23f84d7cc2af51f6f5ff134b1fcc1\"},\"headline\":\"Kombinovanie farieb je umenie i\u00a0veda. S\u00a0na\u0161\u00edm n\u00e1vodom ho ovl\u00e1dnete!\",\"datePublished\":\"2022-10-11T07:01:03+00:00\",\"dateModified\":\"2023-01-27T07:52:01+00:00\",\"mainEntityOfPage\":{\"@id\":\"https:\/\/blog.ccc.eu\/sk\/kombinovanie-farieb-je-umenie-i-veda-s-nasim-navodom-ho-ovladnete\/\"},\"wordCount\":1906,\"commentCount\":0,\"publisher\":{\"@id\":\"https:\/\/blog.ccc.eu\/sk\/#organization\"},\"image\":{\"@id\":\"https:\/\/blog.ccc.eu\/sk\/kombinovanie-farieb-je-umenie-i-veda-s-nasim-navodom-ho-ovladnete\/#primaryimage\"},\"thumbnailUrl\":\"https:\/\/blog.ccc.eu\/sk\/wp-content\/uploads\/2022\/10\/0808_gino_rossi_AW22_3x4_dpi120-Copy.jpg\",\"keywords\":[\"farby\",\"m\u00f3da\"],\"articleSection\":[\"M\u00d3DNE TIPY\",\"trendy\"],\"inLanguage\":\"sk-SK\",\"potentialAction\":[{\"@type\":\"CommentAction\",\"name\":\"Comment\",\"target\":[\"https:\/\/blog.ccc.eu\/sk\/kombinovanie-farieb-je-umenie-i-veda-s-nasim-navodom-ho-ovladnete\/#respond\"]}]},{\"@type\":\"WebPage\",\"@id\":\"https:\/\/blog.ccc.eu\/sk\/kombinovanie-farieb-je-umenie-i-veda-s-nasim-navodom-ho-ovladnete\/\",\"url\":\"https:\/\/blog.ccc.eu\/sk\/kombinovanie-farieb-je-umenie-i-veda-s-nasim-navodom-ho-ovladnete\/\",\"name\":\"Kombinovanie farieb je umenie i\u00a0veda. S\u00a0na\u0161\u00edm n\u00e1vodom ho ovl\u00e1dnete! - blog.ccc.eu\/sk\",\"isPartOf\":{\"@id\":\"https:\/\/blog.ccc.eu\/sk\/#website\"},\"primaryImageOfPage\":{\"@id\":\"https:\/\/blog.ccc.eu\/sk\/kombinovanie-farieb-je-umenie-i-veda-s-nasim-navodom-ho-ovladnete\/#primaryimage\"},\"image\":{\"@id\":\"https:\/\/blog.ccc.eu\/sk\/kombinovanie-farieb-je-umenie-i-veda-s-nasim-navodom-ho-ovladnete\/#primaryimage\"},\"thumbnailUrl\":\"https:\/\/blog.ccc.eu\/sk\/wp-content\/uploads\/2022\/10\/0808_gino_rossi_AW22_3x4_dpi120-Copy.jpg\",\"datePublished\":\"2022-10-11T07:01:03+00:00\",\"dateModified\":\"2023-01-27T07:52:01+00:00\",\"description\":\"Vo svete farieb je \u013eahk\u00e9 sa strati\u0165. Schopnos\u0165 kombinova\u0165 farby je veda i umenie. Ak si problematiku osvoj\u00edte, m\u00f4\u017eete ju vyu\u017e\u00edva\u0165 donekone\u010dna. A nielen v m\u00f3de.\",\"breadcrumb\":{\"@id\":\"https:\/\/blog.ccc.eu\/sk\/kombinovanie-farieb-je-umenie-i-veda-s-nasim-navodom-ho-ovladnete\/#breadcrumb\"},\"inLanguage\":\"sk-SK\",\"potentialAction\":[{\"@type\":\"ReadAction\",\"target\":[\"https:\/\/blog.ccc.eu\/sk\/kombinovanie-farieb-je-umenie-i-veda-s-nasim-navodom-ho-ovladnete\/\"]}]},{\"@type\":\"ImageObject\",\"inLanguage\":\"sk-SK\",\"@id\":\"https:\/\/blog.ccc.eu\/sk\/kombinovanie-farieb-je-umenie-i-veda-s-nasim-navodom-ho-ovladnete\/#primaryimage\",\"url\":\"https:\/\/blog.ccc.eu\/sk\/wp-content\/uploads\/2022\/10\/0808_gino_rossi_AW22_3x4_dpi120-Copy.jpg\",\"contentUrl\":\"https:\/\/blog.ccc.eu\/sk\/wp-content\/uploads\/2022\/10\/0808_gino_rossi_AW22_3x4_dpi120-Copy.jpg\",\"width\":1400,\"height\":1867,\"caption\":\"\u010dierna kabelka\"},{\"@type\":\"BreadcrumbList\",\"@id\":\"https:\/\/blog.ccc.eu\/sk\/kombinovanie-farieb-je-umenie-i-veda-s-nasim-navodom-ho-ovladnete\/#breadcrumb\",\"itemListElement\":[{\"@type\":\"ListItem\",\"position\":1,\"name\":\"Strona g\u0142\u00f3wna\",\"item\":\"https:\/\/blog.ccc.eu\/sk\/\"},{\"@type\":\"ListItem\",\"position\":2,\"name\":\"Kombinovanie farieb je umenie i\u00a0veda. S\u00a0na\u0161\u00edm n\u00e1vodom ho ovl\u00e1dnete!\"}]},{\"@type\":\"WebSite\",\"@id\":\"https:\/\/blog.ccc.eu\/sk\/#website\",\"url\":\"https:\/\/blog.ccc.eu\/sk\/\",\"name\":\"blog.ccc.eu\/sk\",\"description\":\"Va\u0161e miesto pln\u00e9 m\u00f3dnych in\u0161pir\u00e1ci\u00ed\",\"publisher\":{\"@id\":\"https:\/\/blog.ccc.eu\/sk\/#organization\"},\"potentialAction\":[{\"@type\":\"SearchAction\",\"target\":{\"@type\":\"EntryPoint\",\"urlTemplate\":\"https:\/\/blog.ccc.eu\/sk\/?s={search_term_string}\"},\"query-input\":{\"@type\":\"PropertyValueSpecification\",\"valueRequired\":true,\"valueName\":\"search_term_string\"}}],\"inLanguage\":\"sk-SK\"},{\"@type\":\"Organization\",\"@id\":\"https:\/\/blog.ccc.eu\/sk\/#organization\",\"name\":\"CCC S.A.\",\"url\":\"https:\/\/blog.ccc.eu\/sk\/\",\"logo\":{\"@type\":\"ImageObject\",\"inLanguage\":\"sk-SK\",\"@id\":\"https:\/\/blog.ccc.eu\/sk\/#\/schema\/logo\/image\/\",\"url\":\"https:\/\/blog.ccc.eu\/sk\/wp-content\/uploads\/2021\/11\/logo_ccc.png\",\"contentUrl\":\"https:\/\/blog.ccc.eu\/sk\/wp-content\/uploads\/2021\/11\/logo_ccc.png\",\"width\":730,\"height\":270,\"caption\":\"CCC S.A.\"},\"image\":{\"@id\":\"https:\/\/blog.ccc.eu\/sk\/#\/schema\/logo\/image\/\"}},{\"@type\":\"Person\",\"@id\":\"https:\/\/blog.ccc.eu\/sk\/#\/schema\/person\/3fe23f84d7cc2af51f6f5ff134b1fcc1\",\"name\":\"Lena\",\"image\":{\"@type\":\"ImageObject\",\"inLanguage\":\"sk-SK\",\"@id\":\"https:\/\/blog.ccc.eu\/sk\/#\/schema\/person\/image\/\",\"url\":\"https:\/\/blog.ccc.eu\/sk\/wp-content\/uploads\/2022\/06\/MicrosoftTeams-image-2-100x100.jpg\",\"contentUrl\":\"https:\/\/blog.ccc.eu\/sk\/wp-content\/uploads\/2022\/06\/MicrosoftTeams-image-2-100x100.jpg\",\"caption\":\"Lena\"},\"description\":\"Absolventka digit\u00e1lneho marketingu so sk\u00fasenos\u0165ami s content marketingom a (ve\u013emi prekvapivo) copywritingom. Vo vo\u013enom \u010dase rada nos\u00ed platformy a sna\u017e\u00ed sa n\u00e1kupy vo fast-fashion re\u0165azcoch vyva\u017eova\u0165 t\u00fdmi sek\u00e1\u010dov\u00fdmi a swapov\u00fdmi.\",\"url\":\"https:\/\/blog.ccc.eu\/sk\/author\/paulina-jarmul\/\"}]}<\/script>\n<!-- \/ Yoast SEO plugin. -->","yoast_head_json":{"title":"Kombinovanie farieb je umenie i\u00a0veda. S\u00a0na\u0161\u00edm n\u00e1vodom ho ovl\u00e1dnete! - blog.ccc.eu\/sk","description":"Vo svete farieb je \u013eahk\u00e9 sa strati\u0165. Schopnos\u0165 kombinova\u0165 farby je veda i umenie. Ak si problematiku osvoj\u00edte, m\u00f4\u017eete ju vyu\u017e\u00edva\u0165 donekone\u010dna. A nielen v m\u00f3de. 2026","robots":{"index":"index","follow":"follow","max-snippet":"max-snippet:-1","max-image-preview":"max-image-preview:large","max-video-preview":"max-video-preview:-1"},"canonical":"https:\/\/blog.ccc.eu\/sk\/kombinovanie-farieb-je-umenie-i-veda-s-nasim-navodom-ho-ovladnete\/","og_locale":"sk_SK","og_type":"article","og_title":"Kombinovanie farieb je umenie i\u00a0veda. S\u00a0na\u0161\u00edm n\u00e1vodom ho ovl\u00e1dnete! - blog.ccc.eu\/sk","og_description":"Vo svete farieb je \u013eahk\u00e9 sa strati\u0165. Schopnos\u0165 kombinova\u0165 farby je veda i umenie. Ak si problematiku osvoj\u00edte, m\u00f4\u017eete ju vyu\u017e\u00edva\u0165 donekone\u010dna. A nielen v m\u00f3de.","og_url":"https:\/\/blog.ccc.eu\/sk\/kombinovanie-farieb-je-umenie-i-veda-s-nasim-navodom-ho-ovladnete\/","og_site_name":"blog.ccc.eu\/sk","article_published_time":"2022-10-11T07:01:03+00:00","article_modified_time":"2023-01-27T07:52:01+00:00","og_image":[{"width":1400,"height":1867,"url":"https:\/\/blog.ccc.eu\/sk\/wp-content\/uploads\/2022\/10\/0808_gino_rossi_AW22_3x4_dpi120-Copy.jpg","type":"image\/jpeg"}],"author":"Lena","twitter_card":"summary_large_image","twitter_misc":{"Autor":"Lena","Predpokladan\u00fd \u010das \u010d\u00edtania":"8 min\u00fat"},"schema":{"@context":"https:\/\/schema.org","@graph":[{"@type":"Article","@id":"https:\/\/blog.ccc.eu\/sk\/kombinovanie-farieb-je-umenie-i-veda-s-nasim-navodom-ho-ovladnete\/#article","isPartOf":{"@id":"https:\/\/blog.ccc.eu\/sk\/kombinovanie-farieb-je-umenie-i-veda-s-nasim-navodom-ho-ovladnete\/"},"author":{"name":"Lena","@id":"https:\/\/blog.ccc.eu\/sk\/#\/schema\/person\/3fe23f84d7cc2af51f6f5ff134b1fcc1"},"headline":"Kombinovanie farieb je umenie i\u00a0veda. S\u00a0na\u0161\u00edm n\u00e1vodom ho ovl\u00e1dnete!","datePublished":"2022-10-11T07:01:03+00:00","dateModified":"2023-01-27T07:52:01+00:00","mainEntityOfPage":{"@id":"https:\/\/blog.ccc.eu\/sk\/kombinovanie-farieb-je-umenie-i-veda-s-nasim-navodom-ho-ovladnete\/"},"wordCount":1906,"commentCount":0,"publisher":{"@id":"https:\/\/blog.ccc.eu\/sk\/#organization"},"image":{"@id":"https:\/\/blog.ccc.eu\/sk\/kombinovanie-farieb-je-umenie-i-veda-s-nasim-navodom-ho-ovladnete\/#primaryimage"},"thumbnailUrl":"https:\/\/blog.ccc.eu\/sk\/wp-content\/uploads\/2022\/10\/0808_gino_rossi_AW22_3x4_dpi120-Copy.jpg","keywords":["farby","m\u00f3da"],"articleSection":["M\u00d3DNE TIPY","trendy"],"inLanguage":"sk-SK","potentialAction":[{"@type":"CommentAction","name":"Comment","target":["https:\/\/blog.ccc.eu\/sk\/kombinovanie-farieb-je-umenie-i-veda-s-nasim-navodom-ho-ovladnete\/#respond"]}]},{"@type":"WebPage","@id":"https:\/\/blog.ccc.eu\/sk\/kombinovanie-farieb-je-umenie-i-veda-s-nasim-navodom-ho-ovladnete\/","url":"https:\/\/blog.ccc.eu\/sk\/kombinovanie-farieb-je-umenie-i-veda-s-nasim-navodom-ho-ovladnete\/","name":"Kombinovanie farieb je umenie i\u00a0veda. S\u00a0na\u0161\u00edm n\u00e1vodom ho ovl\u00e1dnete! - blog.ccc.eu\/sk","isPartOf":{"@id":"https:\/\/blog.ccc.eu\/sk\/#website"},"primaryImageOfPage":{"@id":"https:\/\/blog.ccc.eu\/sk\/kombinovanie-farieb-je-umenie-i-veda-s-nasim-navodom-ho-ovladnete\/#primaryimage"},"image":{"@id":"https:\/\/blog.ccc.eu\/sk\/kombinovanie-farieb-je-umenie-i-veda-s-nasim-navodom-ho-ovladnete\/#primaryimage"},"thumbnailUrl":"https:\/\/blog.ccc.eu\/sk\/wp-content\/uploads\/2022\/10\/0808_gino_rossi_AW22_3x4_dpi120-Copy.jpg","datePublished":"2022-10-11T07:01:03+00:00","dateModified":"2023-01-27T07:52:01+00:00","description":"Vo svete farieb je \u013eahk\u00e9 sa strati\u0165. Schopnos\u0165 kombinova\u0165 farby je veda i umenie. Ak si problematiku osvoj\u00edte, m\u00f4\u017eete ju vyu\u017e\u00edva\u0165 donekone\u010dna. A nielen v m\u00f3de.","breadcrumb":{"@id":"https:\/\/blog.ccc.eu\/sk\/kombinovanie-farieb-je-umenie-i-veda-s-nasim-navodom-ho-ovladnete\/#breadcrumb"},"inLanguage":"sk-SK","potentialAction":[{"@type":"ReadAction","target":["https:\/\/blog.ccc.eu\/sk\/kombinovanie-farieb-je-umenie-i-veda-s-nasim-navodom-ho-ovladnete\/"]}]},{"@type":"ImageObject","inLanguage":"sk-SK","@id":"https:\/\/blog.ccc.eu\/sk\/kombinovanie-farieb-je-umenie-i-veda-s-nasim-navodom-ho-ovladnete\/#primaryimage","url":"https:\/\/blog.ccc.eu\/sk\/wp-content\/uploads\/2022\/10\/0808_gino_rossi_AW22_3x4_dpi120-Copy.jpg","contentUrl":"https:\/\/blog.ccc.eu\/sk\/wp-content\/uploads\/2022\/10\/0808_gino_rossi_AW22_3x4_dpi120-Copy.jpg","width":1400,"height":1867,"caption":"\u010dierna kabelka"},{"@type":"BreadcrumbList","@id":"https:\/\/blog.ccc.eu\/sk\/kombinovanie-farieb-je-umenie-i-veda-s-nasim-navodom-ho-ovladnete\/#breadcrumb","itemListElement":[{"@type":"ListItem","position":1,"name":"Strona g\u0142\u00f3wna","item":"https:\/\/blog.ccc.eu\/sk\/"},{"@type":"ListItem","position":2,"name":"Kombinovanie farieb je umenie i\u00a0veda. S\u00a0na\u0161\u00edm n\u00e1vodom ho ovl\u00e1dnete!"}]},{"@type":"WebSite","@id":"https:\/\/blog.ccc.eu\/sk\/#website","url":"https:\/\/blog.ccc.eu\/sk\/","name":"blog.ccc.eu\/sk","description":"Va\u0161e miesto pln\u00e9 m\u00f3dnych in\u0161pir\u00e1ci\u00ed","publisher":{"@id":"https:\/\/blog.ccc.eu\/sk\/#organization"},"potentialAction":[{"@type":"SearchAction","target":{"@type":"EntryPoint","urlTemplate":"https:\/\/blog.ccc.eu\/sk\/?s={search_term_string}"},"query-input":{"@type":"PropertyValueSpecification","valueRequired":true,"valueName":"search_term_string"}}],"inLanguage":"sk-SK"},{"@type":"Organization","@id":"https:\/\/blog.ccc.eu\/sk\/#organization","name":"CCC S.A.","url":"https:\/\/blog.ccc.eu\/sk\/","logo":{"@type":"ImageObject","inLanguage":"sk-SK","@id":"https:\/\/blog.ccc.eu\/sk\/#\/schema\/logo\/image\/","url":"https:\/\/blog.ccc.eu\/sk\/wp-content\/uploads\/2021\/11\/logo_ccc.png","contentUrl":"https:\/\/blog.ccc.eu\/sk\/wp-content\/uploads\/2021\/11\/logo_ccc.png","width":730,"height":270,"caption":"CCC S.A."},"image":{"@id":"https:\/\/blog.ccc.eu\/sk\/#\/schema\/logo\/image\/"}},{"@type":"Person","@id":"https:\/\/blog.ccc.eu\/sk\/#\/schema\/person\/3fe23f84d7cc2af51f6f5ff134b1fcc1","name":"Lena","image":{"@type":"ImageObject","inLanguage":"sk-SK","@id":"https:\/\/blog.ccc.eu\/sk\/#\/schema\/person\/image\/","url":"https:\/\/blog.ccc.eu\/sk\/wp-content\/uploads\/2022\/06\/MicrosoftTeams-image-2-100x100.jpg","contentUrl":"https:\/\/blog.ccc.eu\/sk\/wp-content\/uploads\/2022\/06\/MicrosoftTeams-image-2-100x100.jpg","caption":"Lena"},"description":"Absolventka digit\u00e1lneho marketingu so sk\u00fasenos\u0165ami s content marketingom a (ve\u013emi prekvapivo) copywritingom. Vo vo\u013enom \u010dase rada nos\u00ed platformy a sna\u017e\u00ed sa n\u00e1kupy vo fast-fashion re\u0165azcoch vyva\u017eova\u0165 t\u00fdmi sek\u00e1\u010dov\u00fdmi a swapov\u00fdmi.","url":"https:\/\/blog.ccc.eu\/sk\/author\/paulina-jarmul\/"}]}},"_links":{"self":[{"href":"https:\/\/blog.ccc.eu\/sk\/wp-json\/wp\/v2\/posts\/5460","targetHints":{"allow":["GET"]}}],"collection":[{"href":"https:\/\/blog.ccc.eu\/sk\/wp-json\/wp\/v2\/posts"}],"about":[{"href":"https:\/\/blog.ccc.eu\/sk\/wp-json\/wp\/v2\/types\/post"}],"author":[{"embeddable":true,"href":"https:\/\/blog.ccc.eu\/sk\/wp-json\/wp\/v2\/users\/9"}],"replies":[{"embeddable":true,"href":"https:\/\/blog.ccc.eu\/sk\/wp-json\/wp\/v2\/comments?post=5460"}],"version-history":[{"count":7,"href":"https:\/\/blog.ccc.eu\/sk\/wp-json\/wp\/v2\/posts\/5460\/revisions"}],"predecessor-version":[{"id":5931,"href":"https:\/\/blog.ccc.eu\/sk\/wp-json\/wp\/v2\/posts\/5460\/revisions\/5931"}],"wp:featuredmedia":[{"embeddable":true,"href":"https:\/\/blog.ccc.eu\/sk\/wp-json\/wp\/v2\/media\/5462"}],"wp:attachment":[{"href":"https:\/\/blog.ccc.eu\/sk\/wp-json\/wp\/v2\/media?parent=5460"}],"wp:term":[{"taxonomy":"category","embeddable":true,"href":"https:\/\/blog.ccc.eu\/sk\/wp-json\/wp\/v2\/categories?post=5460"},{"taxonomy":"post_tag","embeddable":true,"href":"https:\/\/blog.ccc.eu\/sk\/wp-json\/wp\/v2\/tags?post=5460"}],"curies":[{"name":"wp","href":"https:\/\/api.w.org\/{rel}","templated":true}]}}