{"id":5474,"date":"2022-10-18T15:05:36","date_gmt":"2022-10-18T13:05:36","guid":{"rendered":"https:\/\/blog.ccc.eu\/sk\/?p=5474"},"modified":"2023-01-26T16:53:17","modified_gmt":"2023-01-26T15:53:17","slug":"farebna-typologia-vam-zachrani-zivot-minimalne-ten-modny","status":"publish","type":"post","link":"https:\/\/blog.ccc.eu\/sk\/farebna-typologia-vam-zachrani-zivot-minimalne-ten-modny\/","title":{"rendered":"Farebn\u00e1 typol\u00f3gia v\u00e1m zachr\u00e1ni \u017eivot. Minim\u00e1lne ten m\u00f3dny"},"content":{"rendered":"\n<p><b>Te\u00f3ria farieb je cel\u00e1 veda. Ka\u017ed\u00fd vyzer\u00e1me dobre v&nbsp;in\u00fdch farb\u00e1ch. V&nbsp;niektor\u00fdch p\u00f4sob\u00edme nev\u00fdrazne, in\u00e9 n\u00e1s naopak vizu\u00e1lne prekri\u010dia. Za v\u0161etko m\u00f4\u017ee farebn\u00e1 typol\u00f3gia. Farebn\u00e1 typol\u00f3gia je ako \u0161aty na mieru. Viete, ak\u00e9 farby sa hodia pr\u00e1ve v\u00e1m? Po pre\u010d\u00edtan\u00ed \u010dl\u00e1nku budete ma\u0165 jasno!<\/b><\/p>\n\n\n\n<figure class=\"wp-block-gallery has-nested-images columns-default is-cropped wp-block-gallery-1 is-layout-flex wp-block-gallery-is-layout-flex\">\n<figure class=\"wp-block-image size-large\"><img loading=\"lazy\" decoding=\"async\" width=\"683\" height=\"1024\" data-id=\"5476\" src=\"https:\/\/blog.ccc.eu\/sk\/wp-content\/uploads\/2022\/10\/220802_Simple0456-683x1024.jpg\" alt=\"\" class=\"wp-image-5476\" srcset=\"https:\/\/blog.ccc.eu\/sk\/wp-content\/uploads\/2022\/10\/220802_Simple0456-683x1024.jpg 683w, https:\/\/blog.ccc.eu\/sk\/wp-content\/uploads\/2022\/10\/220802_Simple0456-200x300.jpg 200w, https:\/\/blog.ccc.eu\/sk\/wp-content\/uploads\/2022\/10\/220802_Simple0456-768x1152.jpg 768w, https:\/\/blog.ccc.eu\/sk\/wp-content\/uploads\/2022\/10\/220802_Simple0456-1024x1536.jpg 1024w, https:\/\/blog.ccc.eu\/sk\/wp-content\/uploads\/2022\/10\/220802_Simple0456-1365x2048.jpg 1365w, https:\/\/blog.ccc.eu\/sk\/wp-content\/uploads\/2022\/10\/220802_Simple0456-100x150.jpg 100w, https:\/\/blog.ccc.eu\/sk\/wp-content\/uploads\/2022\/10\/220802_Simple0456.jpg 1376w\" sizes=\"auto, (max-width: 683px) 100vw, 683px\" \/><\/figure>\n\n\n\n<figure class=\"wp-block-image size-large\"><img loading=\"lazy\" decoding=\"async\" width=\"683\" height=\"1024\" data-id=\"5475\" src=\"https:\/\/blog.ccc.eu\/sk\/wp-content\/uploads\/2022\/10\/220802_Simple0512-683x1024.jpg\" alt=\"\" class=\"wp-image-5475\" srcset=\"https:\/\/blog.ccc.eu\/sk\/wp-content\/uploads\/2022\/10\/220802_Simple0512-683x1024.jpg 683w, https:\/\/blog.ccc.eu\/sk\/wp-content\/uploads\/2022\/10\/220802_Simple0512-200x300.jpg 200w, https:\/\/blog.ccc.eu\/sk\/wp-content\/uploads\/2022\/10\/220802_Simple0512-768x1152.jpg 768w, https:\/\/blog.ccc.eu\/sk\/wp-content\/uploads\/2022\/10\/220802_Simple0512-1024x1536.jpg 1024w, https:\/\/blog.ccc.eu\/sk\/wp-content\/uploads\/2022\/10\/220802_Simple0512-1365x2048.jpg 1365w, https:\/\/blog.ccc.eu\/sk\/wp-content\/uploads\/2022\/10\/220802_Simple0512-100x150.jpg 100w, https:\/\/blog.ccc.eu\/sk\/wp-content\/uploads\/2022\/10\/220802_Simple0512.jpg 1376w\" sizes=\"auto, (max-width: 683px) 100vw, 683px\" \/><\/figure>\n<\/figure>\n\n\n\n<h3 class=\"wp-block-heading\">Ako sa vyhn\u00fa\u0165 m\u00f3dnemu hororu<\/h3>\n\n\n\n<p><strong>Zrazu ich zbad\u00e1te.<\/strong> <em>Online na Instagrame, Pintereste alebo v m\u00f3dnej aplik\u00e1cii.<\/em> Zr\u00fdchli sa v\u00e1m tep a&nbsp;prepadne v\u00e1s vzru\u0161enie. To s\u00fa presne ony! <strong>Tie dokonal\u00e9 a&nbsp;vysnen\u00e9 \u0161aty,<\/strong> suk\u0148a, \u010di\u017emy&#8230; (dosa\u010fte si). S\u00fa presne pod\u013ea va\u0161ich predst\u00e1v. H\u013eadali ste ich tak dlho. D\u00f4kladne si skontrolujete rozmery, riadite sa star\u00fdm zn\u00e1mym \u2013 <em>dvakr\u00e1t meraj a&nbsp;raz re\u017e.<\/em> Online n\u00e1kupom d\u00f4verujete, v\u0161ak \u010do by sa u\u017e len mohlo pokazi\u0165? Objedn\u00e1te ich a&nbsp;netrpezlivo \u010dak\u00e1te na SMS od kuri\u00e9ra.<\/p>\n\n\n\n<p>Nedo\u010dkavo bal\u00ed\u010dek rozbal\u00edte, vyt\u00fa\u017een\u00fd k\u00fasok si&nbsp;oble\u010diete, pozriete sa do zrkadla a&nbsp;zrazu zist\u00edte \u017ee&#8230; <strong>v\u00e1m v\u00f4bec nesed\u00ed!<\/strong> Sklamane ho h\u00e1d\u017eete na dno skrine a&nbsp;je v\u00e1m do pla\u010du. \u010co sa len mohlo sta\u0165? Ve\u013ekos\u0165 v\u00e1m sed\u00ed, \u0161t\u00fdl je presne pod\u013ea v\u00e1\u0161ho gusta. \u017dia\u013e, <strong>farba oble\u010denia sa v\u00e1m absol\u00fatne nehod\u00ed. Odtie\u0148 je nespr\u00e1vne zvolen\u00fd a&nbsp;v\u00f4bec nie je pre v\u00e1s. Nelichot\u00ed v\u00e1m. Pr\u00e1ve naopak.<\/strong><\/p>\n\n\n\n<p>Ak pozn\u00e1te <strong>farebn\u00fa typol\u00f3giu,<\/strong> tejto nepr\u00edjemnej sk\u00fasenosti sa m\u00f4\u017eete ve\u013emi \u013eahko vyvarova\u0165. Ka\u017ed\u00e1 ple\u0165, vlasy, o\u010di a&nbsp;n\u00e1\u0161 celkov\u00fd vzh\u013ead \u2013 <em>kombin\u00e1cia predch\u00e1dzaj\u00facich<\/em> \u2013 je ve\u013emi <strong>odli\u0161n\u00e1.<\/strong> Preto sa skuto\u010dne m\u00f4\u017ee sta\u0165, \u017ee farba v\u00e1\u0161ho vysnen\u00e9ho k\u00fasku sa v\u00e1m jednoducho nehod\u00ed k&nbsp;\u010drt\u00e1m, ktor\u00e9 v\u00e1m nadelila pr\u00edroda. S&nbsp;na\u0161\u00edm \u010dl\u00e1nkom porozumiete te\u00f3rii farieb a farebnej typol\u00f3gii. V\u010faka vhodne zvolen\u00fdm farebn\u00fdm odtie\u0148om, ktor\u00e9 s\u00fa presne na mieru pre v\u00e1s, budete vyzera\u0165 u\u017e len \u00fa\u017easne. Tak po\u010fme na to!<\/p>\n\n\n\n<h2 class=\"wp-block-heading\">Kr\u00e1tka te\u00f3ria farieb<\/h2>\n\n\n\n<p>O\u00a0te\u00f3rii farieb sme u\u017e p\u00edsali v\u00a0\u010dl\u00e1nku <a href=\"https:\/\/blog.ccc.eu\/sk\/kombinovanie-farieb-je-umenie-i-veda-s-nasim-navodom-ho-ovladnete\/\"><em>Kombinovanie farieb je umenie i\u00a0veda. S\u00a0na\u0161\u00edm n\u00e1vodom ho ovl\u00e1dnete!<\/em><\/a> Ak v\u00e1s t\u00e1to tematika zauj\u00edma viac, ur\u010dite ho nenechajte nepov\u0161imnut\u00fd. \u00a0\u00a0<\/p>\n\n\n\n<p>V&nbsp;te\u00f3rii farieb, ktorej sa budeme venova\u0165 s\u00fa d\u00f4le\u017eit\u00e9 vlastnosti farieb: <strong>farebn\u00fd t\u00f3n, s\u00fdtos\u0165, svetlos\u0165 a&nbsp;kontrast.<\/strong> Vo v\u00fdsledku nie s\u00fa d\u00f4le\u017eit\u00e9 v\u00fdhradn\u00e9 jednotliv\u00e9 farby, ale aj to, ako ich pou\u017eijete \u2013 ich vz\u00e1jomn\u00e1 harm\u00f3nia \u010di pr\u00e1ve kontrast.<\/p>\n\n\n\n<p><strong>Odtie\u0148 farby<\/strong> je jednoducho farba samotn\u00e1: staroru\u017eov\u00e1, kr\u00e1\u013eovsk\u00e1 modr\u00e1, lila \u010di citr\u00f3novo \u017elt\u00e1. Hlavn\u00e1 vlastnos\u0165 danej farby. \u010ealej m\u00f4\u017eeme rozl\u00ed\u0161i\u0165 \u010di je dan\u00fd <em>odtie\u0148 studen\u00fd alebo tepl\u00fd.<\/em> <strong>S\u00fdtos\u0165 farby<\/strong> znamen\u00e1 obsah jeho pigmentu \u2013 ak\u00e1 je v\u00fdrazn\u00e1. \u010c\u00edm viac ho obsahuje, t\u00fdm je v\u00fdraznej\u0161ia. <strong>Svetlos\u0165 farby <\/strong>znamen\u00e1 mno\u017estvo svetla, ktor\u00e9 farba odr\u00e1\u017ea. Tmav\u00e9 farby svetlo pohlcuj\u00fa, svetl\u00e9 naopak odr\u00e1\u017eaj\u00fa. <strong>Farebn\u00fd kontrast<\/strong> je v\u00fdsledkom p\u00f4sobenia dvoch alebo viacer\u00fdch farieb. Farby, ktor\u00e9 medzi sebou maj\u00fa v\u00e4\u010d\u0161\u00ed kontrast p\u00f4sobia v\u00fdraznej\u0161ie, men\u0161\u00ed kontrast p\u00f4sob\u00ed jemnej\u0161ie.<\/p>\n\n\n\n<shortcode prop-category=\"D\u00e1msk\u00e9 kabelky\" prop-manufacturer=\"DeeZee\" prop-load-num=\"12\" prop-display-num=\"4\" prop-sku=\"5904248956493, 5904248997564, 5904862050973, 5904862415611, 5904862445359, 5904248927219, 5904248927202, 5904862277431, 5904862067988, &nbsp;5904862127453, 5904248927172, 5904862127415\" prop-view=\"slider\"><\/shortcode>        <div\r\n            class=\"eob-pf-shortcode\"\r\n            id=\"eobpf69f3bc40b0aac\"\r\n        >\r\n            <shortcode prop-category=\"D\u00e1msk\u00e9 kabelky\" prop-manufacturer=\"DeeZee\" prop-load-num=\"12\" prop-display-num=\"4\" prop-sku=\"5904248956493, 5904248997564, 5904862050973, 5904862415611, 5904862445359, 5904248927219, 5904248927202, 5904862277431, 5904862067988, &nbsp;5904862127453, 5904248927172, 5904862127415\" prop-view=\"slider\"><\/shortcode>        <\/div>\r\n\t\t<script>\r\n\t\t\tjQuery(document).ready(() => {\r\n\t\t\t    const root = document.getElementById('eobpf69f3bc40b0aac');\r\n                Vue.createApp({\r\n\t                components: {\r\n\t                    shortcode\r\n\t                }\r\n                }).mount(root);\r\n\t\t\t});\r\n\t\t<\/script>\r\n\t\t\r\n\t\t\n\n\n\n<p><\/p>\n\n\n\n<p><strong>Farebn\u00fd kontrast je d\u00f4le\u017eit\u00fd pr\u00e1ve aj pri ur\u010dovan\u00ed farebn\u00fdch typov.<\/strong> \u010c\u00edm je v\u00e4\u010d\u0161\u00ed kontrast medzi napr\u00edklad ple\u0165ou, vlasmi a&nbsp;o\u010dami, t\u00fdm \u010dlovek vyzer\u00e1 v\u00fdraznej\u0161ie. Men\u0161\u00ed kontrast medzi spomenut\u00fdmi sp\u00f4sobuje, \u017ee \u010dlovek vyzer\u00e1 jemnej\u0161ie.<\/p>\n\n\n\n<p>Farby v\u00e1m m\u00f4\u017eu lichoti\u0165, no rovnako ubra\u0165 z&nbsp;tv\u00e1re \u017eivot. Ak si na \u010dloveku v\u0161imnete sk\u00f4r farbu oble\u010denia ako \u010dloveka samotn\u00e9ho, nie je to dobre. A&nbsp;znamen\u00e1 to, \u017ee dan\u00e9 farby \u010di farebn\u00e9 kombin\u00e1cie \u010dloveka \u201epreb\u00edjaj\u00fa\u201c a&nbsp;tak \u00faplne mu nesedia. Ak sa v\u00e1m zd\u00e1, \u017ee \u010dlovek p\u00f4sob\u00ed v&nbsp;oble\u010den\u00ed mdlo, nev\u00fdrazne a\u017e chorobn\u00fdm dojmom, m\u00f4\u017ee tak by\u0165 rovnako kv\u00f4li zle zvolen\u00fdm farb\u00e1m.<\/p>\n\n\n\n<p><strong>Jednoduch\u00fd trik ako zisti\u0165, \u017ee v\u00e1m farba pristane je, \u017ee na v\u00e1s vyzer\u00e1 prirodzene.<\/strong> \u013dudia v\u00e1m nevravia: <em>M\u00e1\u0161 pekn\u00e9 \u0161aty \u010di tri\u010dko, ale: Dnes ti to fakt pristane!<\/em> M\u00f4\u017ee tak by\u0165 pr\u00e1ve v\u010faka vhodne zvolenej farbe. T\u00e1 z&nbsp;v\u00e1s nevys\u00e1va \u017eivot ani v\u00e1s vizu\u00e1lne nepreb\u00edja. Zv\u00fdraz\u0148uje a&nbsp;pr\u00edjemne harmonizuje s&nbsp;va\u0161ou poko\u017ekou, vlasmi, o\u010dami a&nbsp;va\u0161\u00edm celkov\u00fdm v\u00fdzorom.<\/p>\n\n\n\n<h2 class=\"wp-block-heading\">4 z\u00e1kladn\u00e9 farebn\u00e9 typy<\/h2>\n\n\n\n<p>Tak po\u010fme kone\u010dne na to. Predstav\u00edme si <strong>z\u00e1kladn\u00e9 farebn\u00e9 typy, sl\u00e1vne celebritn\u00e9 pr\u00edklady a&nbsp;k nim&nbsp;vhodne zvolen\u00e9 farby.<\/strong> Farebn\u00e9 typy sa nerozli\u0161uj\u00fa pod\u013ea teploty ro\u010dn\u00e9ho obdobia, ale farieb, ktor\u00e9 pr\u00edroda dan\u00e9ho ro\u010dn\u00e9ho obdobia prin\u00e1\u0161a. Pozn\u00e1me \u0161tyri z\u00e1kladn\u00e9 typy: <strong>jar, leto, jese\u0148 a&nbsp;zima.<\/strong> Tie sa delia na <em>\u010fal\u0161ie tri pod kateg\u00f3rie<\/em>, o&nbsp;ktor\u00fdch si povieme nesk\u00f4r v&nbsp;\u010dl\u00e1nku. Ak sa v&nbsp;dan\u00fdch charakteristik\u00e1ch neviete n\u00e1js\u0165, m\u00f4\u017eete pou\u017ei\u0165 takzvan\u00fa \u0161atkov\u00fa met\u00f3du.<\/p>\n\n\n\n<h3 class=\"wp-block-heading\">Ako zisti\u0165 svoj farebn\u00fd typ?<\/h3>\n\n\n\n<p>Farebn\u00fd typ sa najlep\u0161ie zis\u0165uje pod\u013ea v\u00e1\u0161ho prirodzen\u00e9ho, teda <em>odl\u00ed\u010den\u00e9ho t\u00f3nu poko\u017eky.<\/em> <em>P\u00f4vodnej farby vlasov a&nbsp;o\u010d\u00ed bez make-upu \u010di farebn\u00fdch kontaktn\u00fdch \u0161o\u0161oviek.<\/em> Pri dennom svetle a&nbsp;neutr\u00e1lnom sivom pozad\u00ed. Ak chcete ma\u0165 farebn\u00fa typol\u00f3giu <em>\u201eofiko,\u201c<\/em> m\u00f4\u017eete z\u00e1js\u0165 \u0161pecialistovi, \u0161tylistke. Sam\u00e9 sa m\u00f4\u017eete zorientova\u0165 a&nbsp;n\u00e1js\u0165 vo farebn\u00fdch typoch, ktor\u00e9 v\u00e1m predstav\u00edme ni\u017e\u0161ie.<\/p>\n\n\n\n<p><\/p>\n\n\n\n<h2 class=\"wp-block-heading\"><strong><em>JAR<\/em><\/strong><\/h2>\n\n\n\n<ul class=\"wp-block-list\">\n<li><strong>Poko\u017eka<\/strong> je svetl\u00e1 s&nbsp;tepl\u00fdm podt\u00f3nom;<\/li>\n\n\n\n<li>Ple\u0165 m\u00e1 brosky\u0148ov\u00fd n\u00e1dych, m\u00f4\u017eu sa objavi\u0165 aj bled\u00e9 pehy;<\/li>\n\n\n\n<li><strong>Vlasy<\/strong> s\u00fa zlatisto plav\u00e9, blond, medov\u00e9, \u010dervenkasto plav\u00e9 alebo zlatohned\u00e9, s&nbsp;meden\u00fdm n\u00e1dychom;<\/li>\n\n\n\n<li><strong>O\u010di<\/strong> s\u00fa svetl\u00e9 a&nbsp;\u010d\u00edre;<\/li>\n\n\n\n<li>Farba o\u010d\u00ed m\u00f4\u017ee by\u0165 zelen\u00e1, modr\u00e1, tyrkysov\u00e1, jant\u00e1rov\u00e1, zlatohned\u00e1;<\/li>\n<\/ul>\n\n\n\n<p><strong>Jarn\u00fd typ sa \u010falej del\u00ed na tri typy:<\/strong><\/p>\n\n\n\n<ul class=\"wp-block-list\">\n<li><em>Tepl\u00e1 jar;<\/em><\/li>\n<\/ul>\n\n\n\n<ul class=\"wp-block-list\">\n<li><em>Jasn\u00e1 jar;<\/em><\/li>\n<\/ul>\n\n\n\n<ul class=\"wp-block-list\">\n<li><em>Svetl\u00e1 jar;<\/em><\/li>\n<\/ul>\n\n\n\n<p><strong>Sl\u00e1vne pr\u00edklady: <\/strong><em>Blake Lively, Cameron Diaz, Nicole Kidman, Brad Pitt, Hayden Panettiere, Amy Schumer, Kristen Bell, Owen Wilson, Kylie Minogue, Cynthia Nixon.<\/em><\/p>\n\n\n\n<h3 class=\"wp-block-heading\">Ak\u00e9 farby \u00e1no:<\/h3>\n\n\n\n<ul class=\"wp-block-list\">\n<li><strong>Svetl\u00e9 a pastelovo&nbsp;jemn\u00e9:<\/strong> <em>slonovinov\u00e1, medov\u00e1, svetl\u00e1 zelen\u00e1, marhu\u013eov\u00e1, brosky\u0148ov\u00e1, fialovo modr\u00e1, s\u00fdta koralov\u00e1, nev\u00e4dzovo modr\u00e1.<\/em><\/li>\n<\/ul>\n\n\n\n<h3 class=\"wp-block-heading\">Ak\u00e9 farby nie:<\/h3>\n\n\n\n<ul class=\"wp-block-list\">\n<li><strong>\u010cierna a&nbsp;biela v&nbsp;plnej s\u00fdtosti,<\/strong> <em>v\u0161etky studen\u00e9 farby.<\/em><\/li>\n<\/ul>\n\n\n\n<p><\/p>\n\n\n\n<h2 class=\"wp-block-heading\"><strong><em>LETO<\/em><\/strong><\/h2>\n\n\n\n<ul class=\"wp-block-list\">\n<li><strong>Poko\u017eka<\/strong> m\u00e1 chladn\u00fd podt\u00f3n;<\/li>\n\n\n\n<li>Ple\u0165 b\u00fdva svetl\u00e1, nenal\u00ed\u010den\u00e1 ple\u0165 p\u00f4sob\u00ed bezfarebne;<\/li>\n\n\n\n<li>Na l\u00edcach m\u00f4\u017ee by\u0165 jemne ru\u017eov\u00e1;<\/li>\n\n\n\n<li><strong>\u013dahko sa opa\u013euje<\/strong> a&nbsp;n\u00e1sledne ple\u0165 z\u00edska orie\u0161kovohned\u00e9 sfarbenie;<\/li>\n\n\n\n<li>Medzi poko\u017ekou a&nbsp;vlasmi je <strong>ve\u013emi slab\u00fd kontrast<\/strong>;<\/li>\n\n\n\n<li><strong>Vlasy <\/strong>b\u00fdvaj\u00fa plav\u00e9, v&nbsp;detstve \u010dasto a\u017e biele a&nbsp;nesk\u00f4r stmavn\u00fa do popolavej alebo \u201emy\u0161acej blond\u201c farby, na slnku zvykn\u00fa ve\u013emi vybledn\u00fa\u0165;<\/li>\n\n\n\n<li>Vlasy m\u00f4\u017eu by\u0165 tie\u017e stredne a\u017e tmavohned\u00e9 s&nbsp;ry\u0161av\u00fdm podt\u00f3nom;<\/li>\n\n\n\n<li><strong>O\u010di<\/strong> s\u00fa modr\u00e9 a\u017e \u0161edo modr\u00e9, zelen\u00e9 a\u017e \u0161edo zelen\u00e9.<\/li>\n<\/ul>\n\n\n\n<p><strong>Letn\u00fd typ sa \u010falej del\u00ed na tri typy:<\/strong><\/p>\n\n\n\n<ul class=\"wp-block-list\">\n<li><em>Chladn\u00e9 leto;<\/em><\/li>\n<\/ul>\n\n\n\n<ul class=\"wp-block-list\">\n<li><em>Jemn\u00e9 leto;<\/em><\/li>\n<\/ul>\n\n\n\n<ul class=\"wp-block-list\">\n<li><em>Svetl\u00e9 leto;<\/em><\/li>\n<\/ul>\n\n\n\n<ul class=\"wp-block-list\">\n<li><strong>Sl\u00e1vne pr\u00edklady: <\/strong><em>Bella Hadid, Emily Deschanel, Olivia Wilde, Dakota Johnson, Maisie Williams, Rami Malek, Miranda Kerr, Kate Middleton, Kristen Stewart, Irina Shayk.<\/em><\/li>\n<\/ul>\n\n\n\n<h3 class=\"wp-block-heading\">Ak\u00e9 farby \u00e1no:<\/h3>\n\n\n\n<ul class=\"wp-block-list\">\n<li><strong>Chladn\u00e9 a&nbsp;pudrov\u00e9 farby<\/strong> <strong>s&nbsp;modr\u00fdm n\u00e1dychom:<\/strong> <em>modrast\u00e1 ru\u017eov\u00e1, chladn\u00e1 nebesk\u00e1 modr\u00e1, v\u00ednovo \u010derven\u00e1, modrozelen\u00e1, pastelovo zelen\u00e1, jemn\u00e1 \u017elt\u00e1 a&nbsp;biela.<\/em><\/li>\n<\/ul>\n\n\n\n<h3 class=\"wp-block-heading\">Ak\u00e9 farby nie:<\/h3>\n\n\n\n<ul class=\"wp-block-list\">\n<li><strong>\u010cisto biela, \u010dierna a&nbsp;\u017elto hned\u00e1.<\/strong><\/li>\n<\/ul>\n\n\n\n<p><\/p>\n\n\n\n<shortcode prop-category=\"Top\u00e1nky\" prop-color=\"RU\u017dOV\u00c1\" prop-load-num=\"12\" prop-display-num=\"4\" prop-sku=\"5904862179322, 5904862217932, 5904862182919, 5904862179315, 5904862184982, 5904862146966, 5904862218939, 5904862069616, 5904862207780, 5904862410777, 2230029794774, 5904862212029\" prop-view=\"slider\"><\/shortcode>        <div\r\n            class=\"eob-pf-shortcode\"\r\n            id=\"eobpf69f3bc40b0bcf\"\r\n        >\r\n            <shortcode prop-category=\"Top\u00e1nky\" prop-color=\"RU\u017dOV\u00c1\" prop-load-num=\"12\" prop-display-num=\"4\" prop-sku=\"5904862179322, 5904862217932, 5904862182919, 5904862179315, 5904862184982, 5904862146966, 5904862218939, 5904862069616, 5904862207780, 5904862410777, 2230029794774, 5904862212029\" prop-view=\"slider\"><\/shortcode>        <\/div>\r\n\t\t<script>\r\n\t\t\tjQuery(document).ready(() => {\r\n\t\t\t    const root = document.getElementById('eobpf69f3bc40b0bcf');\r\n                Vue.createApp({\r\n\t                components: {\r\n\t                    shortcode\r\n\t                }\r\n                }).mount(root);\r\n\t\t\t});\r\n\t\t<\/script>\r\n\t\t\r\n\t\t\n\n\n\n<p><\/p>\n\n\n\n<h2 class=\"wp-block-heading\"><strong><em>JESE\u0147<\/em><\/strong><\/h2>\n\n\n\n<ul class=\"wp-block-list\">\n<li><strong>Poko\u017eka<\/strong> m\u00e1 tepl\u00fd odtie\u0148 so zlatist\u00fdm podt\u00f3nom;<\/li>\n\n\n\n<li>Sfarbenie pleti m\u00f4\u017ee by\u0165 svetlo slonovinov\u00e9 a\u017e ru\u017eov\u00e9 cez zlato b\u00e9\u017eov\u00fa a\u017e bronzov\u00fa;<\/li>\n\n\n\n<li>Pehy sa m\u00f4\u017eu objavi\u0165, ru\u017eov\u00e9 l\u00edca nie, ple\u0165 je sk\u00f4r bled\u00e1;<\/li>\n\n\n\n<li>Opa\u013euje sa pomaly a&nbsp;\u013eahko sa sp\u00e1li;<\/li>\n\n\n\n<li>Medzi poko\u017ekou, vlasmi a&nbsp;o\u010dami je <strong>slab\u00fd kontrast<\/strong>;<\/li>\n\n\n\n<li><strong>Vlasy<\/strong> s\u00fa ry\u0161av\u00e9, ga\u0161tanovo hned\u00e9, meden\u00e9 alebo a\u017e do \u010dervena;<\/li>\n\n\n\n<li>M\u00f4\u017eu by\u0165 aj tmav\u0161ie zlato plav\u00e9 a\u017e tmavohned\u00e9;<\/li>\n\n\n\n<li><strong>O\u010di, <\/strong>rovnako ako vlasy, maj\u00fa tepl\u00fa farbu;<\/li>\n\n\n\n<li>B\u00fdvaj\u00fa zlatohned\u00e9, tmavohned\u00e9, orie\u0161kovohned\u00e9 alebo jant\u00e1rov\u00e9;<\/li>\n\n\n\n<li>Niekedy m\u00f4\u017eu by\u0165 aj v&nbsp;\u010d\u00edrej farbe, bledomodrej, tyrkysovej, modrej alebo olivovo zelenej.<\/li>\n<\/ul>\n\n\n\n<h3 class=\"wp-block-heading\">\u00a0<strong>Jesenn\u00fd typ sa \u010falej del\u00ed na tri typy:<\/strong><\/h3>\n\n\n\n<ul class=\"wp-block-list\">\n<li><em>Tepl\u00e1 jese\u0148;<\/em><\/li>\n<\/ul>\n\n\n\n<ul class=\"wp-block-list\">\n<li><em>Jemn\u00e1 jese\u0148;<\/em><\/li>\n<\/ul>\n\n\n\n<ul class=\"wp-block-list\">\n<li><em>V\u00fdrazn\u00e1 jese\u0148;<\/em><\/li>\n<\/ul>\n\n\n\n<p><strong>Sl\u00e1vne pr\u00edklady: <\/strong><em>Drew Barrymore, Adele, Robert Pattinson, Angelina Jolie, Gisele B\u00fcndchen, Meryl Streep, Matt Damon, Emily Browning, Elizabeth Olsen, Kate Moss.<\/em><\/p>\n\n\n\n<h3 class=\"wp-block-heading\">Ak\u00e9 farby \u00e1no:<\/h3>\n\n\n\n<ul class=\"wp-block-list\">\n<li><strong>Zemit\u00e9 a&nbsp;zlat\u00e9 t\u00f3ny:<\/strong> <em>smotanov\u00e1, tepl\u00e1 marhu\u013eov\u00e1, oran\u017eovo\u010derven\u00e1, zelen\u00e1, petrolejov\u00e1, oran\u017eov\u00e1, kukuricovo \u017elt\u00e1.<\/em><\/li>\n<\/ul>\n\n\n\n<h3 class=\"wp-block-heading\">Ak\u00e9 farby nie:<\/h3>\n\n\n\n<ul class=\"wp-block-list\">\n<li><strong>Farby s&nbsp;modr\u00fdm n\u00e1dychom, studen\u00e1 svetlo ru\u017eov\u00e1 <\/strong><em>a&nbsp;krik\u013eav\u00e9, v\u00fdrazn\u00e9 farby.<\/em><\/li>\n<\/ul>\n\n\n\n<p><\/p>\n\n\n\n<h2 class=\"wp-block-heading\"><strong><em>ZIMA<\/em><\/strong><\/h2>\n\n\n\n<ul class=\"wp-block-list\">\n<li><strong>Stelesnenie Snehulienky:<\/strong> <em>ple\u0165 biela ako sneh, pery \u010derven\u00e9 ako krv a&nbsp;vlasy \u010dierne ako ebenov\u00e9 drevo;<\/em><\/li>\n\n\n\n<li><strong>Poko\u017eka<\/strong><strong> <\/strong>m\u00e1 modrast\u00fd podt\u00f3n, p\u00f4sob\u00ed chladn\u00fdm dojmom ako z&nbsp;porcel\u00e1nu, je ve\u013emi bled\u00e1;<\/li>\n\n\n\n<li>Farba pleti kol\u00ed\u0161e medzi jasne bielou, bledo \u017eltkastou a&nbsp;svetlo olivovou;<\/li>\n\n\n\n<li>Tv\u00e1r je a\u017e priesvitn\u00e1, bez farby;<\/li>\n\n\n\n<li>Nikdy sa poriadne neop\u00e1li;<\/li>\n\n\n\n<li>Medzi farbou pleti a&nbsp;farbou vlasov je <strong>v\u00fdrazn\u00fd kontrast;<\/strong><\/li>\n\n\n\n<li><strong>Vlasy <\/strong>s\u00fa zv\u00e4\u010d\u0161a tmav\u00e9, \u010dierne, tmavohned\u00e9 s&nbsp;\u010derven\u00fdm podt\u00f3nom, zvykn\u00fa skoro \u0161edivie\u0165;<\/li>\n\n\n\n<li>Vlasy maj\u00fa n\u00e1slednej strieborn\u00fa a\u017e bielu farbu;<\/li>\n\n\n\n<li><strong>O\u010di<\/strong> s\u00fa jasn\u00e9, modr\u00e9 alebo tmavozelen\u00e9, \u010diernohned\u00e9, orie\u0161kovohned\u00e9 alebo siv\u00e9.<\/li>\n<\/ul>\n\n\n\n<h3 class=\"wp-block-heading\"><strong>Zimn\u00fd typ sa \u010falej del\u00ed na tri typy:<\/strong><\/h3>\n\n\n\n<ul class=\"wp-block-list\">\n<li><em>Chladn\u00e1 zima;<\/em><\/li>\n<\/ul>\n\n\n\n<ul class=\"wp-block-list\">\n<li><em>Jasn\u00e1 zima;<\/em><\/li>\n<\/ul>\n\n\n\n<ul class=\"wp-block-list\">\n<li><em>V\u00fdrazn\u00e1 zima;<\/em><\/li>\n<\/ul>\n\n\n\n<p><strong>Sl\u00e1vne pr\u00edklady: <\/strong><em>Selena Gomez, Kendall Jenner, Katy Perry, Liv Tyler, Lily Collins, Zooey Deschanel, Ian Somerhalder, Coco Rocha, Iwan Rheon, Anne Hathaway.<\/em><em><\/em><\/p>\n\n\n\n<h3 class=\"wp-block-heading\">Ak\u00e9 farby \u00e1no:<\/h3>\n\n\n\n<ul class=\"wp-block-list\">\n<li><strong>Chladn\u00e9 a&nbsp;jasn\u00e9 t\u00f3ny:<\/strong> <em>\u013eadovo modr\u00e1, ru\u017eov\u00e1, strieborn\u00e1, \u0161ed\u00e1, prav\u00e1 \u010dierna a&nbsp;snehobiela, s\u00fdta modr\u00e1, jasn\u00e1 \u010derven\u00e1, zelen\u00e1, citr\u00f3novo \u017elt\u00e1.<\/em><\/li>\n<\/ul>\n\n\n\n<h3 class=\"wp-block-heading\">Ak\u00e9 farby nie:<\/h3>\n\n\n\n<ul class=\"wp-block-list\">\n<li><strong>Zemit\u00e9 farby, oran\u017eov\u00e1.<\/strong><\/li>\n<\/ul>\n","protected":false},"excerpt":{"rendered":"<p>Te\u00f3ria farieb je cel\u00e1 veda. Ka\u017ed\u00fd vyzer\u00e1me dobre v&nbsp;in\u00fdch farb\u00e1ch. V&nbsp;niektor\u00fdch p\u00f4sob\u00edme nev\u00fdrazne, in\u00e9 n\u00e1s naopak vizu\u00e1lne prekri\u010dia. Za v\u0161etko m\u00f4\u017ee farebn\u00e1 typol\u00f3gia. Farebn\u00e1 typol\u00f3gia je ako \u0161aty na mieru. Viete, ak\u00e9 farby sa hodia pr\u00e1ve v\u00e1m? Po pre\u010d\u00edtan\u00ed \u010dl\u00e1nku budete ma\u0165 jasno! Ako sa vyhn\u00fa\u0165 m\u00f3dnemu hororu Zrazu ich zbad\u00e1te. Online na Instagrame, Pintereste [&hellip;]<\/p>\n","protected":false},"author":9,"featured_media":5475,"comment_status":"open","ping_status":"open","sticky":false,"template":"","format":"standard","meta":{"_acf_changed":false,"footnotes":""},"categories":[4],"tags":[795,798,800],"class_list":["post-5474","post","type-post","status-publish","format-standard","has-post-thumbnail","hentry","category-modne-tipy","tag-ako-sa-obliect","tag-farby","tag-farebna-typologia"],"acf":[],"yoast_head":"<!-- This site is optimized with the Yoast SEO plugin v26.9 - https:\/\/yoast.com\/product\/yoast-seo-wordpress\/ -->\n<title>Farebn\u00e1 typol\u00f3gia v\u00e1m zachr\u00e1ni \u017eivot. Minim\u00e1lne ten m\u00f3dny - blog.ccc.eu\/sk<\/title>\n<meta name=\"description\" content=\"Jemn\u00e9 leto alebo v\u00fdrazn\u00e1 jese\u0148.Farebn\u00e1 typol\u00f3gia je sv\u00e4t\u00fd gr\u00e1l pri v\u00fdbere farieb. Viete, ktor\u00e9 s\u00fa dokonal\u00e9 a na mieru presne pre v\u00e1s? 2026\" \/>\n<meta name=\"robots\" content=\"index, follow, max-snippet:-1, max-image-preview:large, max-video-preview:-1\" \/>\n<link rel=\"canonical\" href=\"https:\/\/blog.ccc.eu\/sk\/farebna-typologia-vam-zachrani-zivot-minimalne-ten-modny\/\" \/>\n<meta property=\"og:locale\" content=\"sk_SK\" \/>\n<meta property=\"og:type\" content=\"article\" \/>\n<meta property=\"og:title\" content=\"Farebn\u00e1 typol\u00f3gia v\u00e1m zachr\u00e1ni \u017eivot. Minim\u00e1lne ten m\u00f3dny - blog.ccc.eu\/sk\" \/>\n<meta property=\"og:description\" content=\"Jemn\u00e9 leto alebo v\u00fdrazn\u00e1 jese\u0148.Farebn\u00e1 typol\u00f3gia je sv\u00e4t\u00fd gr\u00e1l pri v\u00fdbere farieb. Viete, ktor\u00e9 s\u00fa dokonal\u00e9 a na mieru presne pre v\u00e1s?\" \/>\n<meta property=\"og:url\" content=\"https:\/\/blog.ccc.eu\/sk\/farebna-typologia-vam-zachrani-zivot-minimalne-ten-modny\/\" \/>\n<meta property=\"og:site_name\" content=\"blog.ccc.eu\/sk\" \/>\n<meta property=\"article:published_time\" content=\"2022-10-18T13:05:36+00:00\" \/>\n<meta property=\"article:modified_time\" content=\"2023-01-26T15:53:17+00:00\" \/>\n<meta property=\"og:image\" content=\"https:\/\/blog.ccc.eu\/sk\/wp-content\/uploads\/2022\/10\/220802_Simple0512.jpg\" \/>\n\t<meta property=\"og:image:width\" content=\"1376\" \/>\n\t<meta property=\"og:image:height\" content=\"2064\" \/>\n\t<meta property=\"og:image:type\" content=\"image\/jpeg\" \/>\n<meta name=\"author\" content=\"Lena\" \/>\n<meta name=\"twitter:card\" content=\"summary_large_image\" \/>\n<meta name=\"twitter:label1\" content=\"Autor\" \/>\n\t<meta name=\"twitter:data1\" content=\"Lena\" \/>\n\t<meta name=\"twitter:label2\" content=\"Predpokladan\u00fd \u010das \u010d\u00edtania\" \/>\n\t<meta name=\"twitter:data2\" content=\"8 min\u00fat\" \/>\n<script type=\"application\/ld+json\" class=\"yoast-schema-graph\">{\"@context\":\"https:\/\/schema.org\",\"@graph\":[{\"@type\":\"Article\",\"@id\":\"https:\/\/blog.ccc.eu\/sk\/farebna-typologia-vam-zachrani-zivot-minimalne-ten-modny\/#article\",\"isPartOf\":{\"@id\":\"https:\/\/blog.ccc.eu\/sk\/farebna-typologia-vam-zachrani-zivot-minimalne-ten-modny\/\"},\"author\":{\"name\":\"Lena\",\"@id\":\"https:\/\/blog.ccc.eu\/sk\/#\/schema\/person\/3fe23f84d7cc2af51f6f5ff134b1fcc1\"},\"headline\":\"Farebn\u00e1 typol\u00f3gia v\u00e1m zachr\u00e1ni \u017eivot. Minim\u00e1lne ten m\u00f3dny\",\"datePublished\":\"2022-10-18T13:05:36+00:00\",\"dateModified\":\"2023-01-26T15:53:17+00:00\",\"mainEntityOfPage\":{\"@id\":\"https:\/\/blog.ccc.eu\/sk\/farebna-typologia-vam-zachrani-zivot-minimalne-ten-modny\/\"},\"wordCount\":1734,\"commentCount\":1,\"publisher\":{\"@id\":\"https:\/\/blog.ccc.eu\/sk\/#organization\"},\"image\":{\"@id\":\"https:\/\/blog.ccc.eu\/sk\/farebna-typologia-vam-zachrani-zivot-minimalne-ten-modny\/#primaryimage\"},\"thumbnailUrl\":\"https:\/\/blog.ccc.eu\/sk\/wp-content\/uploads\/2022\/10\/220802_Simple0512.jpg\",\"keywords\":[\"ako sa obliec\u0165\",\"farby\",\"farebn\u00e1 typol\u00f3gia\"],\"articleSection\":[\"M\u00d3DNE TIPY\"],\"inLanguage\":\"sk-SK\",\"potentialAction\":[{\"@type\":\"CommentAction\",\"name\":\"Comment\",\"target\":[\"https:\/\/blog.ccc.eu\/sk\/farebna-typologia-vam-zachrani-zivot-minimalne-ten-modny\/#respond\"]}]},{\"@type\":\"WebPage\",\"@id\":\"https:\/\/blog.ccc.eu\/sk\/farebna-typologia-vam-zachrani-zivot-minimalne-ten-modny\/\",\"url\":\"https:\/\/blog.ccc.eu\/sk\/farebna-typologia-vam-zachrani-zivot-minimalne-ten-modny\/\",\"name\":\"Farebn\u00e1 typol\u00f3gia v\u00e1m zachr\u00e1ni \u017eivot. Minim\u00e1lne ten m\u00f3dny - blog.ccc.eu\/sk\",\"isPartOf\":{\"@id\":\"https:\/\/blog.ccc.eu\/sk\/#website\"},\"primaryImageOfPage\":{\"@id\":\"https:\/\/blog.ccc.eu\/sk\/farebna-typologia-vam-zachrani-zivot-minimalne-ten-modny\/#primaryimage\"},\"image\":{\"@id\":\"https:\/\/blog.ccc.eu\/sk\/farebna-typologia-vam-zachrani-zivot-minimalne-ten-modny\/#primaryimage\"},\"thumbnailUrl\":\"https:\/\/blog.ccc.eu\/sk\/wp-content\/uploads\/2022\/10\/220802_Simple0512.jpg\",\"datePublished\":\"2022-10-18T13:05:36+00:00\",\"dateModified\":\"2023-01-26T15:53:17+00:00\",\"description\":\"Jemn\u00e9 leto alebo v\u00fdrazn\u00e1 jese\u0148.Farebn\u00e1 typol\u00f3gia je sv\u00e4t\u00fd gr\u00e1l pri v\u00fdbere farieb. Viete, ktor\u00e9 s\u00fa dokonal\u00e9 a na mieru presne pre v\u00e1s?\",\"breadcrumb\":{\"@id\":\"https:\/\/blog.ccc.eu\/sk\/farebna-typologia-vam-zachrani-zivot-minimalne-ten-modny\/#breadcrumb\"},\"inLanguage\":\"sk-SK\",\"potentialAction\":[{\"@type\":\"ReadAction\",\"target\":[\"https:\/\/blog.ccc.eu\/sk\/farebna-typologia-vam-zachrani-zivot-minimalne-ten-modny\/\"]}]},{\"@type\":\"ImageObject\",\"inLanguage\":\"sk-SK\",\"@id\":\"https:\/\/blog.ccc.eu\/sk\/farebna-typologia-vam-zachrani-zivot-minimalne-ten-modny\/#primaryimage\",\"url\":\"https:\/\/blog.ccc.eu\/sk\/wp-content\/uploads\/2022\/10\/220802_Simple0512.jpg\",\"contentUrl\":\"https:\/\/blog.ccc.eu\/sk\/wp-content\/uploads\/2022\/10\/220802_Simple0512.jpg\",\"width\":1376,\"height\":2064,\"caption\":\"\u010derven\u00fd kost\u00fdm\"},{\"@type\":\"BreadcrumbList\",\"@id\":\"https:\/\/blog.ccc.eu\/sk\/farebna-typologia-vam-zachrani-zivot-minimalne-ten-modny\/#breadcrumb\",\"itemListElement\":[{\"@type\":\"ListItem\",\"position\":1,\"name\":\"Strona g\u0142\u00f3wna\",\"item\":\"https:\/\/blog.ccc.eu\/sk\/\"},{\"@type\":\"ListItem\",\"position\":2,\"name\":\"Farebn\u00e1 typol\u00f3gia v\u00e1m zachr\u00e1ni \u017eivot. Minim\u00e1lne ten m\u00f3dny\"}]},{\"@type\":\"WebSite\",\"@id\":\"https:\/\/blog.ccc.eu\/sk\/#website\",\"url\":\"https:\/\/blog.ccc.eu\/sk\/\",\"name\":\"blog.ccc.eu\/sk\",\"description\":\"Va\u0161e miesto pln\u00e9 m\u00f3dnych in\u0161pir\u00e1ci\u00ed\",\"publisher\":{\"@id\":\"https:\/\/blog.ccc.eu\/sk\/#organization\"},\"potentialAction\":[{\"@type\":\"SearchAction\",\"target\":{\"@type\":\"EntryPoint\",\"urlTemplate\":\"https:\/\/blog.ccc.eu\/sk\/?s={search_term_string}\"},\"query-input\":{\"@type\":\"PropertyValueSpecification\",\"valueRequired\":true,\"valueName\":\"search_term_string\"}}],\"inLanguage\":\"sk-SK\"},{\"@type\":\"Organization\",\"@id\":\"https:\/\/blog.ccc.eu\/sk\/#organization\",\"name\":\"CCC S.A.\",\"url\":\"https:\/\/blog.ccc.eu\/sk\/\",\"logo\":{\"@type\":\"ImageObject\",\"inLanguage\":\"sk-SK\",\"@id\":\"https:\/\/blog.ccc.eu\/sk\/#\/schema\/logo\/image\/\",\"url\":\"https:\/\/blog.ccc.eu\/sk\/wp-content\/uploads\/2021\/11\/logo_ccc.png\",\"contentUrl\":\"https:\/\/blog.ccc.eu\/sk\/wp-content\/uploads\/2021\/11\/logo_ccc.png\",\"width\":730,\"height\":270,\"caption\":\"CCC S.A.\"},\"image\":{\"@id\":\"https:\/\/blog.ccc.eu\/sk\/#\/schema\/logo\/image\/\"}},{\"@type\":\"Person\",\"@id\":\"https:\/\/blog.ccc.eu\/sk\/#\/schema\/person\/3fe23f84d7cc2af51f6f5ff134b1fcc1\",\"name\":\"Lena\",\"image\":{\"@type\":\"ImageObject\",\"inLanguage\":\"sk-SK\",\"@id\":\"https:\/\/blog.ccc.eu\/sk\/#\/schema\/person\/image\/\",\"url\":\"https:\/\/blog.ccc.eu\/sk\/wp-content\/uploads\/2022\/06\/MicrosoftTeams-image-2-100x100.jpg\",\"contentUrl\":\"https:\/\/blog.ccc.eu\/sk\/wp-content\/uploads\/2022\/06\/MicrosoftTeams-image-2-100x100.jpg\",\"caption\":\"Lena\"},\"description\":\"Absolventka digit\u00e1lneho marketingu so sk\u00fasenos\u0165ami s content marketingom a (ve\u013emi prekvapivo) copywritingom. Vo vo\u013enom \u010dase rada nos\u00ed platformy a sna\u017e\u00ed sa n\u00e1kupy vo fast-fashion re\u0165azcoch vyva\u017eova\u0165 t\u00fdmi sek\u00e1\u010dov\u00fdmi a swapov\u00fdmi.\",\"url\":\"https:\/\/blog.ccc.eu\/sk\/author\/paulina-jarmul\/\"}]}<\/script>\n<!-- \/ Yoast SEO plugin. -->","yoast_head_json":{"title":"Farebn\u00e1 typol\u00f3gia v\u00e1m zachr\u00e1ni \u017eivot. Minim\u00e1lne ten m\u00f3dny - blog.ccc.eu\/sk","description":"Jemn\u00e9 leto alebo v\u00fdrazn\u00e1 jese\u0148.Farebn\u00e1 typol\u00f3gia je sv\u00e4t\u00fd gr\u00e1l pri v\u00fdbere farieb. Viete, ktor\u00e9 s\u00fa dokonal\u00e9 a na mieru presne pre v\u00e1s? 2026","robots":{"index":"index","follow":"follow","max-snippet":"max-snippet:-1","max-image-preview":"max-image-preview:large","max-video-preview":"max-video-preview:-1"},"canonical":"https:\/\/blog.ccc.eu\/sk\/farebna-typologia-vam-zachrani-zivot-minimalne-ten-modny\/","og_locale":"sk_SK","og_type":"article","og_title":"Farebn\u00e1 typol\u00f3gia v\u00e1m zachr\u00e1ni \u017eivot. Minim\u00e1lne ten m\u00f3dny - blog.ccc.eu\/sk","og_description":"Jemn\u00e9 leto alebo v\u00fdrazn\u00e1 jese\u0148.Farebn\u00e1 typol\u00f3gia je sv\u00e4t\u00fd gr\u00e1l pri v\u00fdbere farieb. Viete, ktor\u00e9 s\u00fa dokonal\u00e9 a na mieru presne pre v\u00e1s?","og_url":"https:\/\/blog.ccc.eu\/sk\/farebna-typologia-vam-zachrani-zivot-minimalne-ten-modny\/","og_site_name":"blog.ccc.eu\/sk","article_published_time":"2022-10-18T13:05:36+00:00","article_modified_time":"2023-01-26T15:53:17+00:00","og_image":[{"width":1376,"height":2064,"url":"https:\/\/blog.ccc.eu\/sk\/wp-content\/uploads\/2022\/10\/220802_Simple0512.jpg","type":"image\/jpeg"}],"author":"Lena","twitter_card":"summary_large_image","twitter_misc":{"Autor":"Lena","Predpokladan\u00fd \u010das \u010d\u00edtania":"8 min\u00fat"},"schema":{"@context":"https:\/\/schema.org","@graph":[{"@type":"Article","@id":"https:\/\/blog.ccc.eu\/sk\/farebna-typologia-vam-zachrani-zivot-minimalne-ten-modny\/#article","isPartOf":{"@id":"https:\/\/blog.ccc.eu\/sk\/farebna-typologia-vam-zachrani-zivot-minimalne-ten-modny\/"},"author":{"name":"Lena","@id":"https:\/\/blog.ccc.eu\/sk\/#\/schema\/person\/3fe23f84d7cc2af51f6f5ff134b1fcc1"},"headline":"Farebn\u00e1 typol\u00f3gia v\u00e1m zachr\u00e1ni \u017eivot. Minim\u00e1lne ten m\u00f3dny","datePublished":"2022-10-18T13:05:36+00:00","dateModified":"2023-01-26T15:53:17+00:00","mainEntityOfPage":{"@id":"https:\/\/blog.ccc.eu\/sk\/farebna-typologia-vam-zachrani-zivot-minimalne-ten-modny\/"},"wordCount":1734,"commentCount":1,"publisher":{"@id":"https:\/\/blog.ccc.eu\/sk\/#organization"},"image":{"@id":"https:\/\/blog.ccc.eu\/sk\/farebna-typologia-vam-zachrani-zivot-minimalne-ten-modny\/#primaryimage"},"thumbnailUrl":"https:\/\/blog.ccc.eu\/sk\/wp-content\/uploads\/2022\/10\/220802_Simple0512.jpg","keywords":["ako sa obliec\u0165","farby","farebn\u00e1 typol\u00f3gia"],"articleSection":["M\u00d3DNE TIPY"],"inLanguage":"sk-SK","potentialAction":[{"@type":"CommentAction","name":"Comment","target":["https:\/\/blog.ccc.eu\/sk\/farebna-typologia-vam-zachrani-zivot-minimalne-ten-modny\/#respond"]}]},{"@type":"WebPage","@id":"https:\/\/blog.ccc.eu\/sk\/farebna-typologia-vam-zachrani-zivot-minimalne-ten-modny\/","url":"https:\/\/blog.ccc.eu\/sk\/farebna-typologia-vam-zachrani-zivot-minimalne-ten-modny\/","name":"Farebn\u00e1 typol\u00f3gia v\u00e1m zachr\u00e1ni \u017eivot. Minim\u00e1lne ten m\u00f3dny - blog.ccc.eu\/sk","isPartOf":{"@id":"https:\/\/blog.ccc.eu\/sk\/#website"},"primaryImageOfPage":{"@id":"https:\/\/blog.ccc.eu\/sk\/farebna-typologia-vam-zachrani-zivot-minimalne-ten-modny\/#primaryimage"},"image":{"@id":"https:\/\/blog.ccc.eu\/sk\/farebna-typologia-vam-zachrani-zivot-minimalne-ten-modny\/#primaryimage"},"thumbnailUrl":"https:\/\/blog.ccc.eu\/sk\/wp-content\/uploads\/2022\/10\/220802_Simple0512.jpg","datePublished":"2022-10-18T13:05:36+00:00","dateModified":"2023-01-26T15:53:17+00:00","description":"Jemn\u00e9 leto alebo v\u00fdrazn\u00e1 jese\u0148.Farebn\u00e1 typol\u00f3gia je sv\u00e4t\u00fd gr\u00e1l pri v\u00fdbere farieb. Viete, ktor\u00e9 s\u00fa dokonal\u00e9 a na mieru presne pre v\u00e1s?","breadcrumb":{"@id":"https:\/\/blog.ccc.eu\/sk\/farebna-typologia-vam-zachrani-zivot-minimalne-ten-modny\/#breadcrumb"},"inLanguage":"sk-SK","potentialAction":[{"@type":"ReadAction","target":["https:\/\/blog.ccc.eu\/sk\/farebna-typologia-vam-zachrani-zivot-minimalne-ten-modny\/"]}]},{"@type":"ImageObject","inLanguage":"sk-SK","@id":"https:\/\/blog.ccc.eu\/sk\/farebna-typologia-vam-zachrani-zivot-minimalne-ten-modny\/#primaryimage","url":"https:\/\/blog.ccc.eu\/sk\/wp-content\/uploads\/2022\/10\/220802_Simple0512.jpg","contentUrl":"https:\/\/blog.ccc.eu\/sk\/wp-content\/uploads\/2022\/10\/220802_Simple0512.jpg","width":1376,"height":2064,"caption":"\u010derven\u00fd kost\u00fdm"},{"@type":"BreadcrumbList","@id":"https:\/\/blog.ccc.eu\/sk\/farebna-typologia-vam-zachrani-zivot-minimalne-ten-modny\/#breadcrumb","itemListElement":[{"@type":"ListItem","position":1,"name":"Strona g\u0142\u00f3wna","item":"https:\/\/blog.ccc.eu\/sk\/"},{"@type":"ListItem","position":2,"name":"Farebn\u00e1 typol\u00f3gia v\u00e1m zachr\u00e1ni \u017eivot. Minim\u00e1lne ten m\u00f3dny"}]},{"@type":"WebSite","@id":"https:\/\/blog.ccc.eu\/sk\/#website","url":"https:\/\/blog.ccc.eu\/sk\/","name":"blog.ccc.eu\/sk","description":"Va\u0161e miesto pln\u00e9 m\u00f3dnych in\u0161pir\u00e1ci\u00ed","publisher":{"@id":"https:\/\/blog.ccc.eu\/sk\/#organization"},"potentialAction":[{"@type":"SearchAction","target":{"@type":"EntryPoint","urlTemplate":"https:\/\/blog.ccc.eu\/sk\/?s={search_term_string}"},"query-input":{"@type":"PropertyValueSpecification","valueRequired":true,"valueName":"search_term_string"}}],"inLanguage":"sk-SK"},{"@type":"Organization","@id":"https:\/\/blog.ccc.eu\/sk\/#organization","name":"CCC S.A.","url":"https:\/\/blog.ccc.eu\/sk\/","logo":{"@type":"ImageObject","inLanguage":"sk-SK","@id":"https:\/\/blog.ccc.eu\/sk\/#\/schema\/logo\/image\/","url":"https:\/\/blog.ccc.eu\/sk\/wp-content\/uploads\/2021\/11\/logo_ccc.png","contentUrl":"https:\/\/blog.ccc.eu\/sk\/wp-content\/uploads\/2021\/11\/logo_ccc.png","width":730,"height":270,"caption":"CCC S.A."},"image":{"@id":"https:\/\/blog.ccc.eu\/sk\/#\/schema\/logo\/image\/"}},{"@type":"Person","@id":"https:\/\/blog.ccc.eu\/sk\/#\/schema\/person\/3fe23f84d7cc2af51f6f5ff134b1fcc1","name":"Lena","image":{"@type":"ImageObject","inLanguage":"sk-SK","@id":"https:\/\/blog.ccc.eu\/sk\/#\/schema\/person\/image\/","url":"https:\/\/blog.ccc.eu\/sk\/wp-content\/uploads\/2022\/06\/MicrosoftTeams-image-2-100x100.jpg","contentUrl":"https:\/\/blog.ccc.eu\/sk\/wp-content\/uploads\/2022\/06\/MicrosoftTeams-image-2-100x100.jpg","caption":"Lena"},"description":"Absolventka digit\u00e1lneho marketingu so sk\u00fasenos\u0165ami s content marketingom a (ve\u013emi prekvapivo) copywritingom. Vo vo\u013enom \u010dase rada nos\u00ed platformy a sna\u017e\u00ed sa n\u00e1kupy vo fast-fashion re\u0165azcoch vyva\u017eova\u0165 t\u00fdmi sek\u00e1\u010dov\u00fdmi a swapov\u00fdmi.","url":"https:\/\/blog.ccc.eu\/sk\/author\/paulina-jarmul\/"}]}},"_links":{"self":[{"href":"https:\/\/blog.ccc.eu\/sk\/wp-json\/wp\/v2\/posts\/5474","targetHints":{"allow":["GET"]}}],"collection":[{"href":"https:\/\/blog.ccc.eu\/sk\/wp-json\/wp\/v2\/posts"}],"about":[{"href":"https:\/\/blog.ccc.eu\/sk\/wp-json\/wp\/v2\/types\/post"}],"author":[{"embeddable":true,"href":"https:\/\/blog.ccc.eu\/sk\/wp-json\/wp\/v2\/users\/9"}],"replies":[{"embeddable":true,"href":"https:\/\/blog.ccc.eu\/sk\/wp-json\/wp\/v2\/comments?post=5474"}],"version-history":[{"count":4,"href":"https:\/\/blog.ccc.eu\/sk\/wp-json\/wp\/v2\/posts\/5474\/revisions"}],"predecessor-version":[{"id":5927,"href":"https:\/\/blog.ccc.eu\/sk\/wp-json\/wp\/v2\/posts\/5474\/revisions\/5927"}],"wp:featuredmedia":[{"embeddable":true,"href":"https:\/\/blog.ccc.eu\/sk\/wp-json\/wp\/v2\/media\/5475"}],"wp:attachment":[{"href":"https:\/\/blog.ccc.eu\/sk\/wp-json\/wp\/v2\/media?parent=5474"}],"wp:term":[{"taxonomy":"category","embeddable":true,"href":"https:\/\/blog.ccc.eu\/sk\/wp-json\/wp\/v2\/categories?post=5474"},{"taxonomy":"post_tag","embeddable":true,"href":"https:\/\/blog.ccc.eu\/sk\/wp-json\/wp\/v2\/tags?post=5474"}],"curies":[{"name":"wp","href":"https:\/\/api.w.org\/{rel}","templated":true}]}}