{"id":5563,"date":"2022-11-09T08:28:20","date_gmt":"2022-11-09T07:28:20","guid":{"rendered":"https:\/\/blog.ccc.eu\/sk\/?p=5563"},"modified":"2022-11-09T08:28:21","modified_gmt":"2022-11-09T07:28:21","slug":"overal-na-zimu-ako-ho-nosit-a-stylovo-kombinovat-aj-pocas-chladneho-obdobia","status":"publish","type":"post","link":"https:\/\/blog.ccc.eu\/sk\/overal-na-zimu-ako-ho-nosit-a-stylovo-kombinovat-aj-pocas-chladneho-obdobia\/","title":{"rendered":"Overal na zimu \u2013 ako ho nosi\u0165 a\u00a0\u0161t\u00fdlovo kombinova\u0165 aj po\u010das chladn\u00e9ho obdobia?"},"content":{"rendered":"\n<p><b>D\u00e1msky overal je univerz\u00e1lny k\u00fasok, ktor\u00fd vynos\u00edte v&nbsp;ka\u017edom ro\u010dnom obdob\u00ed. Ako ho kombinova\u0165 v&nbsp;zime? Len jedno z\u00e1zra\u010dn\u00e9 slov\u00ed\u010dko. Vrstvenie. Ak v\u00e1s u\u017e nud\u00ed nosi\u0165 svetre a&nbsp;rifle st\u00e1le dookola, vytiahnu\u0165 zo skrine overal na zimu je skvel\u00fd n\u00e1pad, ako si t\u00fdmto k\u00faskom ozvl\u00e1\u0161tni\u0165 be\u017en\u00fd de\u0148. Medzi najv\u00e4\u010d\u0161ie v\u00fdhody overalu rozhodne patr\u00ed jeho \u013eahkos\u0165 a&nbsp;jednoduchos\u0165, \u010do sa t\u00fdka kombinovania. Ako v\u0161etko, m\u00e1 aj svoje nev\u00fdhody. Tie sa za\u010dn\u00fa ukazova\u0165, akon\u00e1hle budete potrebova\u0165 \u00eds\u0165 na toaletu. Preto na to myslite pri v\u00fdbere k\u00faskov outfitu a charakteru&nbsp;podujatia, na ktor\u00e9 sa chyst\u00e1te. Inak si ho pokojne m\u00f4\u017eete dopria\u0165 aj po\u010das zimn\u00fdch mesiacov.<\/b><\/p>\n\n\n\n<p>K\u00fasky ako \u0161aty a\u00a0overal patria medzi ob\u013e\u00faben\u00e9 najm\u00e4 v\u010faka svojej <strong>jednoduchosti, \u010do sa t\u00fdka kombinovania. <\/strong>K\u00fdm po\u010das tepl\u00e9ho leta, neskorej jari \u010di jesenn\u00e9ho babieho leta v\u00e1m ku \u0161at\u00e1m a\u00a0overalu sta\u010d\u00ed len doladi\u0165 doplnky, obu\u0165 sa a\u00a0m\u00f4\u017eete \u00eds\u0165 \u2013 po\u010das zimy je potrebn\u00e9 by\u0165 kreat\u00edvnej\u0161ie. Ak sa teda nechceme <em>klepa\u0165 od zimy.<\/em> Ako na to?<\/p>\n\n\n\n<figure class=\"wp-block-gallery has-nested-images columns-default is-cropped wp-block-gallery-1 is-layout-flex wp-block-gallery-is-layout-flex\">\n<figure class=\"wp-block-image size-large\"><img loading=\"lazy\" decoding=\"async\" width=\"700\" height=\"1024\" data-id=\"5565\" src=\"https:\/\/blog.ccc.eu\/sk\/wp-content\/uploads\/2022\/11\/BADURA_AW22-38-Copy-700x1024.jpg\" alt=\"\" class=\"wp-image-5565\" srcset=\"https:\/\/blog.ccc.eu\/sk\/wp-content\/uploads\/2022\/11\/BADURA_AW22-38-Copy-700x1024.jpg 700w, https:\/\/blog.ccc.eu\/sk\/wp-content\/uploads\/2022\/11\/BADURA_AW22-38-Copy-205x300.jpg 205w, https:\/\/blog.ccc.eu\/sk\/wp-content\/uploads\/2022\/11\/BADURA_AW22-38-Copy-768x1124.jpg 768w, https:\/\/blog.ccc.eu\/sk\/wp-content\/uploads\/2022\/11\/BADURA_AW22-38-Copy-1050x1536.jpg 1050w, https:\/\/blog.ccc.eu\/sk\/wp-content\/uploads\/2022\/11\/BADURA_AW22-38-Copy-100x146.jpg 100w, https:\/\/blog.ccc.eu\/sk\/wp-content\/uploads\/2022\/11\/BADURA_AW22-38-Copy.jpg 1276w\" sizes=\"auto, (max-width: 700px) 100vw, 700px\" \/><\/figure>\n\n\n\n<figure class=\"wp-block-image size-large\"><img loading=\"lazy\" decoding=\"async\" width=\"693\" height=\"1024\" data-id=\"5566\" src=\"https:\/\/blog.ccc.eu\/sk\/wp-content\/uploads\/2022\/11\/BADURA_AW22-41-Copy-693x1024.jpg\" alt=\"\" class=\"wp-image-5566\" srcset=\"https:\/\/blog.ccc.eu\/sk\/wp-content\/uploads\/2022\/11\/BADURA_AW22-41-Copy-693x1024.jpg 693w, https:\/\/blog.ccc.eu\/sk\/wp-content\/uploads\/2022\/11\/BADURA_AW22-41-Copy-203x300.jpg 203w, https:\/\/blog.ccc.eu\/sk\/wp-content\/uploads\/2022\/11\/BADURA_AW22-41-Copy-768x1134.jpg 768w, https:\/\/blog.ccc.eu\/sk\/wp-content\/uploads\/2022\/11\/BADURA_AW22-41-Copy-1040x1536.jpg 1040w, https:\/\/blog.ccc.eu\/sk\/wp-content\/uploads\/2022\/11\/BADURA_AW22-41-Copy-100x148.jpg 100w, https:\/\/blog.ccc.eu\/sk\/wp-content\/uploads\/2022\/11\/BADURA_AW22-41-Copy.jpg 1264w\" sizes=\"auto, (max-width: 693px) 100vw, 693px\" \/><\/figure>\n<\/figure>\n\n\n\n<h3 class=\"wp-block-heading\">Vrstvenie od hora a\u017e po spodok&nbsp;&nbsp;<\/h3>\n\n\n\n<p>Aj po\u010das chladnej\u0161ieho obdobia m\u00f4\u017eete pokojne vytiahnu\u0165 ob\u013e\u00faben\u00fd <em>overal na ramienka z&nbsp;leta.<\/em> Sta\u010d\u00ed si pod dlh\u00fd overal obliec\u0165 <strong>hrub\u0161\u00ed rol\u00e1k, sveter alebo tri\u010dko s&nbsp;dlh\u00fdm ruk\u00e1vom. <\/strong>V&nbsp;pr\u00edpade, \u017ee si prajete vytvori\u0165 elegantnej\u0161\u00ed look, m\u00f4\u017eete zvoli\u0165 ko\u0161e\u013eu alebo bl\u00fazku s&nbsp;dlh\u00fdm ruk\u00e1vom. Pod zimn\u00fd overal nesm\u00fa tie\u017e ch\u00fdba\u0165 <strong>pan\u010du\u0161ky alebo hrub\u0161ie podkolienky.<\/strong> A&nbsp;vo vrstven\u00ed budeme pokra\u010dova\u0165 \u010falej.<\/p>\n\n\n\n<p>Navrch si m\u00f4\u017eete obliec\u0165 <strong>dlh\u00fd, elegantn\u00fd kab\u00e1t \u010di sa zabali\u0165 do zimnej bundy.<\/strong> Ak nem\u00e1 overal definovan\u00fd p\u00e1s, m\u00f4\u017eete ho zv\u00fdrazni\u0165 pomocou opasku alebo saka \u010di bundy do p\u00e1su.<\/p>\n\n\n\n<h3 class=\"wp-block-heading\">Obujte sa do tepla<\/h3>\n\n\n\n<p>Ak to e\u0161te po\u010dasie (a d\u013a\u017eka overalu) dovo\u013euje, m\u00f4\u017eete si k&nbsp;nemu pokojne obliec\u0165 aj <strong>tenisky, poltop\u00e1nky \u010di mokas\u00edny. <\/strong>V&nbsp;chladnej\u0161om po\u010das\u00ed zvo\u013ete <a href=\"https:\/\/ccc.eu\/sk\/damske\/topanky\/clenkove-topanky\"><strong>\u010dlenkov\u00e9 \u010di\u017emy.<\/strong><\/a> V&nbsp;pr\u00edpade \u010di\u017eiem nad kolen\u00e1 si m\u00f4\u017eete sk\u00fasi\u0165 overal <em>\u201ezapravi\u0165\u201c<\/em> dovn\u00fatra. Z\u00e1le\u017e\u00ed od strihu overalu a&nbsp;ostatn\u00fdch k\u00faskov, ktor\u00e9 si pl\u00e1nujete obliec\u0165.<\/p>\n\n\n\n<p>K&nbsp;overalu so \u0161ir\u0161\u00edmi nohavicami sa hodia obtiahnut\u00e9 \u010di\u017emy, pr\u00edpadne krat\u0161ie \u010di\u017emy, ktor\u00e9 si obujte pod neho. Ak vlastn\u00edte overal s&nbsp;rovn\u00fdmi nohavicami \u2013 pr\u00edpadne je obtiahnut\u00fd v&nbsp;oblasti n\u00f4h, vy\u0161\u0161ie \u010di\u017emy, do ktor\u00fdch overal <em>nas\u00fakate<\/em>, s\u00fa to prav\u00e9.<\/p>\n\n\n\n<p>Ak sa chyst\u00e1te do pr\u00e1ce a mus\u00edte dodr\u017eiava\u0165 pr\u00edsnej\u0161\u00ed dresscode alebo outfit pl\u00e1nujete na spolo\u010densk\u00fa udalos\u0165, prezujte sa do <strong>lodi\u010diek alebo in\u00fdch elegantnej\u0161\u00edch a uzavret\u00fdch top\u00e1nok.<\/strong> <strong>\u0160picat\u00fdch \u010di\u017eiem na ihli\u010dkovom op\u00e4tku, pr\u00edpadne leskl\u00fdch mokas\u00edn na platforme.<\/strong><\/p>\n\n\n\n<shortcode prop-category=\"\u010ciapky a \u0161\u00e1ly\" prop-gender=\"female\" prop-load-num=\"12\" prop-display-num=\"4\" prop-sku=\"5904862096735, 5904862061016, 5904862061061, 5904862061054, 5904248995263, 5904248987954, 5904248976118, 5904248976132, 5904248976101, 5904862096742, 5904862061061, 5904862061023, 5904248906887, 5904248864934\" prop-view=\"slider\"><\/shortcode>        <div\r\n            class=\"eob-pf-shortcode\"\r\n            id=\"eobpf69f40ccb593bc\"\r\n        >\r\n            <shortcode prop-category=\"\u010ciapky a \u0161\u00e1ly\" prop-gender=\"female\" prop-load-num=\"12\" prop-display-num=\"4\" prop-sku=\"5904862096735, 5904862061016, 5904862061061, 5904862061054, 5904248995263, 5904248987954, 5904248976118, 5904248976132, 5904248976101, 5904862096742, 5904862061061, 5904862061023, 5904248906887, 5904248864934\" prop-view=\"slider\"><\/shortcode>        <\/div>\r\n\t\t<script>\r\n\t\t\tjQuery(document).ready(() => {\r\n\t\t\t    const root = document.getElementById('eobpf69f40ccb593bc');\r\n                Vue.createApp({\r\n\t                components: {\r\n\t                    shortcode\r\n\t                }\r\n                }).mount(root);\r\n\t\t\t});\r\n\t\t<\/script>\r\n\t\t\r\n\t\t\n\n\n\n<p><\/p>\n\n\n\n<h3 class=\"wp-block-heading\">Nezab\u00fadajte na doplnky<\/h3>\n\n\n\n<p>Ak by v\u00e1m e\u0161te bola zima, outfit e\u0161te m\u00f4\u017eete navy\u0161e navrchu navrstvi\u0165 ve\u013ekou \u2013 <em>fluffy<\/em> \u0161atkou. A&nbsp;doplni\u0165 rukavicami, teplou \u010delenkou \u010di \u010diapkou. Rovnako sa m\u00f4\u017eete zabali\u0165 do st\u00e1le aktu\u00e1lnej, takzvanej <em>\u201ebabushka hat.\u201c<\/em><\/p>\n\n\n\n<p>K&nbsp;overalu s\u00fa ide\u00e1lne <a href=\"https:\/\/ccc.eu\/sk\/kabelky\/damske-kabelky\/male-kabelky\"><strong>men\u0161ie kabelky,<\/strong><\/a><strong> kabelka na retiazke, listov\u00e9 kabelky do ruky, \u013eadvinky.<\/strong> Rovnako ni\u010d nepokaz\u00edte ani v\u00e4\u010d\u0161ou <strong>shopping bag alebo inou ta\u0161kou na rameno,<\/strong> ak tie\u017e patr\u00edte k&nbsp;\u013eudom, ktor\u00ed so sebou radi nosia cel\u00fa dom\u00e1cnos\u0165.<\/p>\n\n\n\n<h3 class=\"wp-block-heading\">Dajte pozor na materi\u00e1l<\/h3>\n\n\n\n<p>Po\u010das zimy je ide\u00e1lne voli\u0165 hrub\u0161ie, nepriedu\u0161n\u00e9 materi\u00e1ly. \u013dahk\u00e9, priesvitn\u00e9 a&nbsp;vzdu\u0161n\u00e9 si rad\u0161ej odlo\u017ete na leto. Ide\u00e1lny overal na zimu je z&nbsp;hrejivej\u0161\u00edch materi\u00e1lov, ako napr\u00edklad z <strong>vlny, bavlny, ka\u0161m\u00edru alebo denimu.<\/strong><\/p>\n\n\n\n<h3 class=\"wp-block-heading\">\u00a0<\/h3>\n\n\n\n<shortcode prop-category=\"\u010ci\u017emy\" prop-gender=\"female\" prop-load-num=\"12\" prop-display-num=\"4\" prop-sku=\"2230029794835, 2230031461930, 5904862079035, 2230031461800, 5904862161525, 2230031462593, 5904862413648, 5904862277097, 5904862218267, 5904862218724, 5904862160559, 5904862177359, 5904862208763, 5904248892968, 5904862544052, 5904862247540, 5904862237299, 5904862182919\" prop-view=\"slider\"><\/shortcode>        <div\r\n            class=\"eob-pf-shortcode\"\r\n            id=\"eobpf69f40ccb59532\"\r\n        >\r\n            <shortcode prop-category=\"\u010ci\u017emy\" prop-gender=\"female\" prop-load-num=\"12\" prop-display-num=\"4\" prop-sku=\"2230029794835, 2230031461930, 5904862079035, 2230031461800, 5904862161525, 2230031462593, 5904862413648, 5904862277097, 5904862218267, 5904862218724, 5904862160559, 5904862177359, 5904862208763, 5904248892968, 5904862544052, 5904862247540, 5904862237299, 5904862182919\" prop-view=\"slider\"><\/shortcode>        <\/div>\r\n\t\t<script>\r\n\t\t\tjQuery(document).ready(() => {\r\n\t\t\t    const root = document.getElementById('eobpf69f40ccb59532');\r\n                Vue.createApp({\r\n\t                components: {\r\n\t                    shortcode\r\n\t                }\r\n                }).mount(root);\r\n\t\t\t});\r\n\t\t<\/script>\r\n\t\t\r\n\t\t\n\n\n\n<p><\/p>\n\n\n\n<h2 class=\"wp-block-heading\">5 tipov, ako stylova\u0165 overal po\u010das zimy<\/h2>\n\n\n\n<p>Najjednoduch\u0161ie na kombin\u00e1ciu s\u00fa samozrejme <em>jednofarebn\u00e9 overaly v&nbsp;tmav\u0161\u00edch farb\u00e1ch.<\/em> Tie zlad\u00edte prakticky ku v\u0161etk\u00e9mu. M\u00f4\u017eete ich doplni\u0165 vzorovan\u00fdmi k\u00faskami alebo vytvori\u0165 zauj\u00edmav\u00fd, farebn\u00fd akcent napr\u00edklad v\u00fdberom v\u00fdrazn\u00fdch \u010di\u017eiem \u010di kabelky. Alebo na to m\u00f4\u017eete \u00eds\u0165 naopak \u2013 a&nbsp;to tak, \u017ee&nbsp; vzorovan\u00fd overal zlad\u00edte k&nbsp;jednofarebn\u00fdm vrstv\u00e1m oble\u010denia. T\u00ed najodv\u00e1\u017enej\u0161\u00ed m\u00f4\u017eu sk\u00fasi\u0165 skombinova\u0165 aj viacero vzorov z\u00e1rove\u0148. Vytvorte <em>pr\u00edjemn\u00fd kontrast<\/em> pomocou tmavomodr\u00e9ho overalu a&nbsp;nude kab\u00e1tu alebo zachovajte minimalizmus a&nbsp;zaba\u013ete sa len do monochromatick\u00fdch k\u00faskov \u2013 t\u00f3n v&nbsp;t\u00f3ne.&nbsp;<\/p>\n\n\n\n<p>Ak nos\u00edte radi overaly, no nem\u00e1te konkr\u00e9tnu predstavu ako ich kombinova\u0165 po\u010das zimy, len \u010falej \u010d\u00edtajte. <strong>M\u00e1me pre v\u00e1s 5 tipov, ako m\u00f4\u017eete jednoducho skombinova\u0165 overal na r\u00f4zne sp\u00f4soby a&nbsp;\u0161t\u00fdly, aj po\u010das zimy.<\/strong><\/p>\n\n\n\n<h3 class=\"wp-block-heading\">Jednoduch\u00fd overal + oversized kab\u00e1t + tenisky&nbsp;<\/h3>\n\n\n\n<p>Ak ste radi v&nbsp;teple, svoj overalov\u00fd outfit zaba\u013ete do ve\u013ek\u00e9ho <strong>oversized kab\u00e1tu.<\/strong> Ak e\u0161te nemrzne, nazujte si <strong>tenisky.<\/strong> Ak je u\u017e ve\u013ek\u00e1 zima, m\u00f4\u017eete ich nahradi\u0165 zateplenou verziou alebo \u010dlenkov\u00fdmi \u010di\u017emami. Navrch <strong>ve\u013ek\u00fd \u0161\u00e1l alebo \u0161atka,<\/strong> ktor\u00e1 sa nos\u00ed cez hlavu a&nbsp;s\u00fa\u010dasne v\u00e1m v&nbsp;nej nebude ani zima na krk \u2013 u\u017e spom\u00ednan\u00e1, <em>babushka hat.<\/em><\/p>\n\n\n\n<h3 class=\"wp-block-heading\">Overal + \u010dierna biker bunda do p\u00e1su + grunge boots<\/h3>\n\n\n\n<p>M\u00e1te v&nbsp;sl\u00fachadl\u00e1ch aj v&nbsp;srdci v\u00fdhradne <em>rock\u00b4n\u00b4roll?<\/em> V&nbsp;tom pr\u00edpade pre v\u00e1s kombin\u00e1cia overalu <strong>s&nbsp;\u010diernou biker bundou a&nbsp;mas\u00edvnych top\u00e1nok na platforme <\/strong>bude to prav\u00e9 orechov\u00e9. Outfit m\u00f4\u017eete doplni\u0165 kabelkou na retiazke, vyb\u00edjan\u00fdmi prvkami, cvo\u010dkami \u010di strieborn\u00fdmi re\u0165azami.<\/p>\n\n\n\n<p>K&nbsp;outfitu s&nbsp;rockov\u00fdm n\u00e1dychom sa hod\u00ed \u010dierny obtiahnut\u00fd overal, ale k\u013eudne aj verzia v&nbsp;tmav\u0161ej sivej alebo tmavomodrej. \u010cierna by v\u0161ak v&nbsp;outfite mala dominova\u0165. Farebn\u00e9 akcenty by mali by\u0165 len striedme. Ozvl\u00e1\u0161tnenie m\u00f4\u017eete dosiahnu\u0165 leskom kovu.<\/p>\n\n\n\n<h3 class=\"wp-block-heading\">Jednofarebn\u00fd overal + dlh\u00fd kab\u00e1t s&nbsp;opaskom + \u010di\u017emy nad kolen\u00e1<\/h3>\n\n\n\n<p>Tro\u0161ku elegantnej\u0161ia verzia ako stylova\u0165 zimn\u00fd overal. Ak v\u00e1\u0161 overal nem\u00e1 definovan\u00fd p\u00e1s, m\u00f4\u017eete si pom\u00f4c\u0165 kab\u00e1tom s&nbsp;opaskom. <strong>\u010ci\u017emy nad kolen\u00e1<\/strong> je ide\u00e1lne zladi\u0165 k&nbsp;dlh\u0161iemu kab\u00e1tu, ak nechcete p\u00f4sobi\u0165 prive\u013emi extravagantne. Sta\u010d\u00ed doplni\u0165 <strong>kabelkou na rameno.<\/strong><\/p>\n\n\n\n<p>Jednofarebn\u00fd overal m\u00f4\u017eete o\u017eivi\u0165 vzorovan\u00fdm kab\u00e1tom alebo zauj\u00edmav\u00fdmi \u010di\u017emami i&nbsp;doplnkami, napr\u00edklad kabelkou.<\/p>\n\n\n\n<h3 class=\"wp-block-heading\">Rif\u013eov\u00fd overal + obrovsk\u00fd sveter + mokas\u00edny<\/h3>\n\n\n\n<p>Overal z&nbsp;denimu m\u00f4\u017ee pripom\u00edna\u0165 detsk\u00e9 \u010dasy, no v&nbsp;skuto\u010dnosti vhodne skombinovan\u00fd, m\u00f4\u017ee vytvori\u0165 ve\u013emi trendy outfit. <strong>Denimov\u00fd overal na traky<\/strong> m\u00f4\u017eete navrstvi\u0165 tri\u010dkom s&nbsp;dlh\u00fdm ruk\u00e1vom, pr\u00edpadne obrovsk\u00fdm svetrom. K&nbsp;tejto kombin\u00e1cii si m\u00f4\u017eete obu\u0165 mokas\u00edny, oxfordky alebo \u010dlenkov\u00e9 \u010di\u017emy.<\/p>\n\n\n\n<p>Hod\u00ed sa k&nbsp;nemu aj <strong>ko\u0161e\u013ea s&nbsp;dlh\u00fdm ruk\u00e1vom a&nbsp;klasick\u00fdm lim\u010dekom.<\/strong> Je potrebn\u00e9 v\u0161ak tento outfit navrstvi\u0165 teplej\u0161ou vrstvou navrch, aby v\u00e1m nebola zima.<\/p>\n\n\n\n<h3 class=\"wp-block-heading\">Elegantn\u00fd overal + kvalitn\u00fd ko\u017e\u00fa\u0161ok + lodi\u010dky<\/h3>\n\n\n\n<p>Outfit vhodn\u00fd na spolo\u010densk\u00e9 udalosti. Ak v\u00e1s u\u017e nudia klasick\u00e9 mal\u00e9 \u010dierne \u010di spolo\u010densk\u00e9 \u0161aty, overal je ide\u00e1lny k\u00fasok ako vykro\u010di\u0165 z&nbsp;nudy. Dopl\u0148te <strong>elegantnou ta\u0161kou<\/strong>, listovou alebo inou malou kabelkou. Na vrch elegantn\u00fd<strong> ko\u017e\u00fa\u0161ok<\/strong> alebo in\u00fd kab\u00e1t a&nbsp;m\u00f4\u017ee sa vyrazi\u0165.<\/p>\n","protected":false},"excerpt":{"rendered":"<p>D\u00e1msky overal je univerz\u00e1lny k\u00fasok, ktor\u00fd vynos\u00edte v&nbsp;ka\u017edom ro\u010dnom obdob\u00ed. Ako ho kombinova\u0165 v&nbsp;zime? Len jedno z\u00e1zra\u010dn\u00e9 slov\u00ed\u010dko. Vrstvenie. Ak v\u00e1s u\u017e nud\u00ed nosi\u0165 svetre a&nbsp;rifle st\u00e1le dookola, vytiahnu\u0165 zo skrine overal na zimu je skvel\u00fd n\u00e1pad, ako si t\u00fdmto k\u00faskom ozvl\u00e1\u0161tni\u0165 be\u017en\u00fd de\u0148. Medzi najv\u00e4\u010d\u0161ie v\u00fdhody overalu rozhodne patr\u00ed jeho \u013eahkos\u0165 a&nbsp;jednoduchos\u0165, \u010do sa [&hellip;]<\/p>\n","protected":false},"author":9,"featured_media":5566,"comment_status":"open","ping_status":"open","sticky":false,"template":"","format":"standard","meta":{"_acf_changed":false,"footnotes":""},"categories":[4],"tags":[556,544,804],"class_list":["post-5563","post","type-post","status-publish","format-standard","has-post-thumbnail","hentry","category-modne-tipy","tag-damske-oblecenie","tag-zima","tag-zimne-trendy"],"acf":[],"yoast_head":"<!-- This site is optimized with the Yoast SEO plugin v26.9 - https:\/\/yoast.com\/product\/yoast-seo-wordpress\/ -->\n<title>Overal na zimu \u2013 ako ho nosi\u0165 a\u00a0\u0161t\u00fdlovo kombinova\u0165 aj po\u010das chladn\u00e9ho obdobia? - blog.ccc.eu\/sk<\/title>\n<meta name=\"description\" content=\"Overal a n\u00e1v\u0161teva toalety sa pr\u00edli\u0161 nekamar\u00e1tia. Inak si ho pokojne m\u00f4\u017eete dopria\u0165 aj po\u010das zimn\u00fdch mesiacov. Ako na to? 2026\" \/>\n<meta name=\"robots\" content=\"index, follow, max-snippet:-1, max-image-preview:large, max-video-preview:-1\" \/>\n<link rel=\"canonical\" href=\"https:\/\/blog.ccc.eu\/sk\/overal-na-zimu-ako-ho-nosit-a-stylovo-kombinovat-aj-pocas-chladneho-obdobia\/\" \/>\n<meta property=\"og:locale\" content=\"sk_SK\" \/>\n<meta property=\"og:type\" content=\"article\" \/>\n<meta property=\"og:title\" content=\"Overal na zimu \u2013 ako ho nosi\u0165 a\u00a0\u0161t\u00fdlovo kombinova\u0165 aj po\u010das chladn\u00e9ho obdobia? - blog.ccc.eu\/sk\" \/>\n<meta property=\"og:description\" content=\"Overal a n\u00e1v\u0161teva toalety sa pr\u00edli\u0161 nekamar\u00e1tia. Inak si ho pokojne m\u00f4\u017eete dopria\u0165 aj po\u010das zimn\u00fdch mesiacov. Ako na to?\" \/>\n<meta property=\"og:url\" content=\"https:\/\/blog.ccc.eu\/sk\/overal-na-zimu-ako-ho-nosit-a-stylovo-kombinovat-aj-pocas-chladneho-obdobia\/\" \/>\n<meta property=\"og:site_name\" content=\"blog.ccc.eu\/sk\" \/>\n<meta property=\"article:published_time\" content=\"2022-11-09T07:28:20+00:00\" \/>\n<meta property=\"article:modified_time\" content=\"2022-11-09T07:28:21+00:00\" \/>\n<meta property=\"og:image\" content=\"https:\/\/blog.ccc.eu\/sk\/wp-content\/uploads\/2022\/11\/BADURA_AW22-41-Copy.jpg\" \/>\n\t<meta property=\"og:image:width\" content=\"1264\" \/>\n\t<meta property=\"og:image:height\" content=\"1867\" \/>\n\t<meta property=\"og:image:type\" content=\"image\/jpeg\" \/>\n<meta name=\"author\" content=\"Lena\" \/>\n<meta name=\"twitter:card\" content=\"summary_large_image\" \/>\n<meta name=\"twitter:label1\" content=\"Autor\" \/>\n\t<meta name=\"twitter:data1\" content=\"Lena\" \/>\n\t<meta name=\"twitter:label2\" content=\"Predpokladan\u00fd \u010das \u010d\u00edtania\" \/>\n\t<meta name=\"twitter:data2\" content=\"6 min\u00fat\" \/>\n<script type=\"application\/ld+json\" class=\"yoast-schema-graph\">{\"@context\":\"https:\/\/schema.org\",\"@graph\":[{\"@type\":\"Article\",\"@id\":\"https:\/\/blog.ccc.eu\/sk\/overal-na-zimu-ako-ho-nosit-a-stylovo-kombinovat-aj-pocas-chladneho-obdobia\/#article\",\"isPartOf\":{\"@id\":\"https:\/\/blog.ccc.eu\/sk\/overal-na-zimu-ako-ho-nosit-a-stylovo-kombinovat-aj-pocas-chladneho-obdobia\/\"},\"author\":{\"name\":\"Lena\",\"@id\":\"https:\/\/blog.ccc.eu\/sk\/#\/schema\/person\/3fe23f84d7cc2af51f6f5ff134b1fcc1\"},\"headline\":\"Overal na zimu \u2013 ako ho nosi\u0165 a\u00a0\u0161t\u00fdlovo kombinova\u0165 aj po\u010das chladn\u00e9ho obdobia?\",\"datePublished\":\"2022-11-09T07:28:20+00:00\",\"dateModified\":\"2022-11-09T07:28:21+00:00\",\"mainEntityOfPage\":{\"@id\":\"https:\/\/blog.ccc.eu\/sk\/overal-na-zimu-ako-ho-nosit-a-stylovo-kombinovat-aj-pocas-chladneho-obdobia\/\"},\"wordCount\":1330,\"commentCount\":0,\"publisher\":{\"@id\":\"https:\/\/blog.ccc.eu\/sk\/#organization\"},\"image\":{\"@id\":\"https:\/\/blog.ccc.eu\/sk\/overal-na-zimu-ako-ho-nosit-a-stylovo-kombinovat-aj-pocas-chladneho-obdobia\/#primaryimage\"},\"thumbnailUrl\":\"https:\/\/blog.ccc.eu\/sk\/wp-content\/uploads\/2022\/11\/BADURA_AW22-41-Copy.jpg\",\"keywords\":[\"d\u00e1mske oble\u010denie\",\"zima\",\"zimn\u00e9 trendy\"],\"articleSection\":[\"M\u00d3DNE TIPY\"],\"inLanguage\":\"sk-SK\",\"potentialAction\":[{\"@type\":\"CommentAction\",\"name\":\"Comment\",\"target\":[\"https:\/\/blog.ccc.eu\/sk\/overal-na-zimu-ako-ho-nosit-a-stylovo-kombinovat-aj-pocas-chladneho-obdobia\/#respond\"]}]},{\"@type\":\"WebPage\",\"@id\":\"https:\/\/blog.ccc.eu\/sk\/overal-na-zimu-ako-ho-nosit-a-stylovo-kombinovat-aj-pocas-chladneho-obdobia\/\",\"url\":\"https:\/\/blog.ccc.eu\/sk\/overal-na-zimu-ako-ho-nosit-a-stylovo-kombinovat-aj-pocas-chladneho-obdobia\/\",\"name\":\"Overal na zimu \u2013 ako ho nosi\u0165 a\u00a0\u0161t\u00fdlovo kombinova\u0165 aj po\u010das chladn\u00e9ho obdobia? - blog.ccc.eu\/sk\",\"isPartOf\":{\"@id\":\"https:\/\/blog.ccc.eu\/sk\/#website\"},\"primaryImageOfPage\":{\"@id\":\"https:\/\/blog.ccc.eu\/sk\/overal-na-zimu-ako-ho-nosit-a-stylovo-kombinovat-aj-pocas-chladneho-obdobia\/#primaryimage\"},\"image\":{\"@id\":\"https:\/\/blog.ccc.eu\/sk\/overal-na-zimu-ako-ho-nosit-a-stylovo-kombinovat-aj-pocas-chladneho-obdobia\/#primaryimage\"},\"thumbnailUrl\":\"https:\/\/blog.ccc.eu\/sk\/wp-content\/uploads\/2022\/11\/BADURA_AW22-41-Copy.jpg\",\"datePublished\":\"2022-11-09T07:28:20+00:00\",\"dateModified\":\"2022-11-09T07:28:21+00:00\",\"description\":\"Overal a n\u00e1v\u0161teva toalety sa pr\u00edli\u0161 nekamar\u00e1tia. Inak si ho pokojne m\u00f4\u017eete dopria\u0165 aj po\u010das zimn\u00fdch mesiacov. Ako na to?\",\"breadcrumb\":{\"@id\":\"https:\/\/blog.ccc.eu\/sk\/overal-na-zimu-ako-ho-nosit-a-stylovo-kombinovat-aj-pocas-chladneho-obdobia\/#breadcrumb\"},\"inLanguage\":\"sk-SK\",\"potentialAction\":[{\"@type\":\"ReadAction\",\"target\":[\"https:\/\/blog.ccc.eu\/sk\/overal-na-zimu-ako-ho-nosit-a-stylovo-kombinovat-aj-pocas-chladneho-obdobia\/\"]}]},{\"@type\":\"ImageObject\",\"inLanguage\":\"sk-SK\",\"@id\":\"https:\/\/blog.ccc.eu\/sk\/overal-na-zimu-ako-ho-nosit-a-stylovo-kombinovat-aj-pocas-chladneho-obdobia\/#primaryimage\",\"url\":\"https:\/\/blog.ccc.eu\/sk\/wp-content\/uploads\/2022\/11\/BADURA_AW22-41-Copy.jpg\",\"contentUrl\":\"https:\/\/blog.ccc.eu\/sk\/wp-content\/uploads\/2022\/11\/BADURA_AW22-41-Copy.jpg\",\"width\":1264,\"height\":1867,\"caption\":\"ru\u017eov\u00fd overal\"},{\"@type\":\"BreadcrumbList\",\"@id\":\"https:\/\/blog.ccc.eu\/sk\/overal-na-zimu-ako-ho-nosit-a-stylovo-kombinovat-aj-pocas-chladneho-obdobia\/#breadcrumb\",\"itemListElement\":[{\"@type\":\"ListItem\",\"position\":1,\"name\":\"Strona g\u0142\u00f3wna\",\"item\":\"https:\/\/blog.ccc.eu\/sk\/\"},{\"@type\":\"ListItem\",\"position\":2,\"name\":\"Overal na zimu \u2013 ako ho nosi\u0165 a\u00a0\u0161t\u00fdlovo kombinova\u0165 aj po\u010das chladn\u00e9ho obdobia?\"}]},{\"@type\":\"WebSite\",\"@id\":\"https:\/\/blog.ccc.eu\/sk\/#website\",\"url\":\"https:\/\/blog.ccc.eu\/sk\/\",\"name\":\"blog.ccc.eu\/sk\",\"description\":\"Va\u0161e miesto pln\u00e9 m\u00f3dnych in\u0161pir\u00e1ci\u00ed\",\"publisher\":{\"@id\":\"https:\/\/blog.ccc.eu\/sk\/#organization\"},\"potentialAction\":[{\"@type\":\"SearchAction\",\"target\":{\"@type\":\"EntryPoint\",\"urlTemplate\":\"https:\/\/blog.ccc.eu\/sk\/?s={search_term_string}\"},\"query-input\":{\"@type\":\"PropertyValueSpecification\",\"valueRequired\":true,\"valueName\":\"search_term_string\"}}],\"inLanguage\":\"sk-SK\"},{\"@type\":\"Organization\",\"@id\":\"https:\/\/blog.ccc.eu\/sk\/#organization\",\"name\":\"CCC S.A.\",\"url\":\"https:\/\/blog.ccc.eu\/sk\/\",\"logo\":{\"@type\":\"ImageObject\",\"inLanguage\":\"sk-SK\",\"@id\":\"https:\/\/blog.ccc.eu\/sk\/#\/schema\/logo\/image\/\",\"url\":\"https:\/\/blog.ccc.eu\/sk\/wp-content\/uploads\/2021\/11\/logo_ccc.png\",\"contentUrl\":\"https:\/\/blog.ccc.eu\/sk\/wp-content\/uploads\/2021\/11\/logo_ccc.png\",\"width\":730,\"height\":270,\"caption\":\"CCC S.A.\"},\"image\":{\"@id\":\"https:\/\/blog.ccc.eu\/sk\/#\/schema\/logo\/image\/\"}},{\"@type\":\"Person\",\"@id\":\"https:\/\/blog.ccc.eu\/sk\/#\/schema\/person\/3fe23f84d7cc2af51f6f5ff134b1fcc1\",\"name\":\"Lena\",\"image\":{\"@type\":\"ImageObject\",\"inLanguage\":\"sk-SK\",\"@id\":\"https:\/\/blog.ccc.eu\/sk\/#\/schema\/person\/image\/\",\"url\":\"https:\/\/blog.ccc.eu\/sk\/wp-content\/uploads\/2022\/06\/MicrosoftTeams-image-2-100x100.jpg\",\"contentUrl\":\"https:\/\/blog.ccc.eu\/sk\/wp-content\/uploads\/2022\/06\/MicrosoftTeams-image-2-100x100.jpg\",\"caption\":\"Lena\"},\"description\":\"Absolventka digit\u00e1lneho marketingu so sk\u00fasenos\u0165ami s content marketingom a (ve\u013emi prekvapivo) copywritingom. Vo vo\u013enom \u010dase rada nos\u00ed platformy a sna\u017e\u00ed sa n\u00e1kupy vo fast-fashion re\u0165azcoch vyva\u017eova\u0165 t\u00fdmi sek\u00e1\u010dov\u00fdmi a swapov\u00fdmi.\",\"url\":\"https:\/\/blog.ccc.eu\/sk\/author\/paulina-jarmul\/\"}]}<\/script>\n<!-- \/ Yoast SEO plugin. -->","yoast_head_json":{"title":"Overal na zimu \u2013 ako ho nosi\u0165 a\u00a0\u0161t\u00fdlovo kombinova\u0165 aj po\u010das chladn\u00e9ho obdobia? - blog.ccc.eu\/sk","description":"Overal a n\u00e1v\u0161teva toalety sa pr\u00edli\u0161 nekamar\u00e1tia. Inak si ho pokojne m\u00f4\u017eete dopria\u0165 aj po\u010das zimn\u00fdch mesiacov. Ako na to? 2026","robots":{"index":"index","follow":"follow","max-snippet":"max-snippet:-1","max-image-preview":"max-image-preview:large","max-video-preview":"max-video-preview:-1"},"canonical":"https:\/\/blog.ccc.eu\/sk\/overal-na-zimu-ako-ho-nosit-a-stylovo-kombinovat-aj-pocas-chladneho-obdobia\/","og_locale":"sk_SK","og_type":"article","og_title":"Overal na zimu \u2013 ako ho nosi\u0165 a\u00a0\u0161t\u00fdlovo kombinova\u0165 aj po\u010das chladn\u00e9ho obdobia? - blog.ccc.eu\/sk","og_description":"Overal a n\u00e1v\u0161teva toalety sa pr\u00edli\u0161 nekamar\u00e1tia. Inak si ho pokojne m\u00f4\u017eete dopria\u0165 aj po\u010das zimn\u00fdch mesiacov. Ako na to?","og_url":"https:\/\/blog.ccc.eu\/sk\/overal-na-zimu-ako-ho-nosit-a-stylovo-kombinovat-aj-pocas-chladneho-obdobia\/","og_site_name":"blog.ccc.eu\/sk","article_published_time":"2022-11-09T07:28:20+00:00","article_modified_time":"2022-11-09T07:28:21+00:00","og_image":[{"width":1264,"height":1867,"url":"https:\/\/blog.ccc.eu\/sk\/wp-content\/uploads\/2022\/11\/BADURA_AW22-41-Copy.jpg","type":"image\/jpeg"}],"author":"Lena","twitter_card":"summary_large_image","twitter_misc":{"Autor":"Lena","Predpokladan\u00fd \u010das \u010d\u00edtania":"6 min\u00fat"},"schema":{"@context":"https:\/\/schema.org","@graph":[{"@type":"Article","@id":"https:\/\/blog.ccc.eu\/sk\/overal-na-zimu-ako-ho-nosit-a-stylovo-kombinovat-aj-pocas-chladneho-obdobia\/#article","isPartOf":{"@id":"https:\/\/blog.ccc.eu\/sk\/overal-na-zimu-ako-ho-nosit-a-stylovo-kombinovat-aj-pocas-chladneho-obdobia\/"},"author":{"name":"Lena","@id":"https:\/\/blog.ccc.eu\/sk\/#\/schema\/person\/3fe23f84d7cc2af51f6f5ff134b1fcc1"},"headline":"Overal na zimu \u2013 ako ho nosi\u0165 a\u00a0\u0161t\u00fdlovo kombinova\u0165 aj po\u010das chladn\u00e9ho obdobia?","datePublished":"2022-11-09T07:28:20+00:00","dateModified":"2022-11-09T07:28:21+00:00","mainEntityOfPage":{"@id":"https:\/\/blog.ccc.eu\/sk\/overal-na-zimu-ako-ho-nosit-a-stylovo-kombinovat-aj-pocas-chladneho-obdobia\/"},"wordCount":1330,"commentCount":0,"publisher":{"@id":"https:\/\/blog.ccc.eu\/sk\/#organization"},"image":{"@id":"https:\/\/blog.ccc.eu\/sk\/overal-na-zimu-ako-ho-nosit-a-stylovo-kombinovat-aj-pocas-chladneho-obdobia\/#primaryimage"},"thumbnailUrl":"https:\/\/blog.ccc.eu\/sk\/wp-content\/uploads\/2022\/11\/BADURA_AW22-41-Copy.jpg","keywords":["d\u00e1mske oble\u010denie","zima","zimn\u00e9 trendy"],"articleSection":["M\u00d3DNE TIPY"],"inLanguage":"sk-SK","potentialAction":[{"@type":"CommentAction","name":"Comment","target":["https:\/\/blog.ccc.eu\/sk\/overal-na-zimu-ako-ho-nosit-a-stylovo-kombinovat-aj-pocas-chladneho-obdobia\/#respond"]}]},{"@type":"WebPage","@id":"https:\/\/blog.ccc.eu\/sk\/overal-na-zimu-ako-ho-nosit-a-stylovo-kombinovat-aj-pocas-chladneho-obdobia\/","url":"https:\/\/blog.ccc.eu\/sk\/overal-na-zimu-ako-ho-nosit-a-stylovo-kombinovat-aj-pocas-chladneho-obdobia\/","name":"Overal na zimu \u2013 ako ho nosi\u0165 a\u00a0\u0161t\u00fdlovo kombinova\u0165 aj po\u010das chladn\u00e9ho obdobia? - blog.ccc.eu\/sk","isPartOf":{"@id":"https:\/\/blog.ccc.eu\/sk\/#website"},"primaryImageOfPage":{"@id":"https:\/\/blog.ccc.eu\/sk\/overal-na-zimu-ako-ho-nosit-a-stylovo-kombinovat-aj-pocas-chladneho-obdobia\/#primaryimage"},"image":{"@id":"https:\/\/blog.ccc.eu\/sk\/overal-na-zimu-ako-ho-nosit-a-stylovo-kombinovat-aj-pocas-chladneho-obdobia\/#primaryimage"},"thumbnailUrl":"https:\/\/blog.ccc.eu\/sk\/wp-content\/uploads\/2022\/11\/BADURA_AW22-41-Copy.jpg","datePublished":"2022-11-09T07:28:20+00:00","dateModified":"2022-11-09T07:28:21+00:00","description":"Overal a n\u00e1v\u0161teva toalety sa pr\u00edli\u0161 nekamar\u00e1tia. Inak si ho pokojne m\u00f4\u017eete dopria\u0165 aj po\u010das zimn\u00fdch mesiacov. Ako na to?","breadcrumb":{"@id":"https:\/\/blog.ccc.eu\/sk\/overal-na-zimu-ako-ho-nosit-a-stylovo-kombinovat-aj-pocas-chladneho-obdobia\/#breadcrumb"},"inLanguage":"sk-SK","potentialAction":[{"@type":"ReadAction","target":["https:\/\/blog.ccc.eu\/sk\/overal-na-zimu-ako-ho-nosit-a-stylovo-kombinovat-aj-pocas-chladneho-obdobia\/"]}]},{"@type":"ImageObject","inLanguage":"sk-SK","@id":"https:\/\/blog.ccc.eu\/sk\/overal-na-zimu-ako-ho-nosit-a-stylovo-kombinovat-aj-pocas-chladneho-obdobia\/#primaryimage","url":"https:\/\/blog.ccc.eu\/sk\/wp-content\/uploads\/2022\/11\/BADURA_AW22-41-Copy.jpg","contentUrl":"https:\/\/blog.ccc.eu\/sk\/wp-content\/uploads\/2022\/11\/BADURA_AW22-41-Copy.jpg","width":1264,"height":1867,"caption":"ru\u017eov\u00fd overal"},{"@type":"BreadcrumbList","@id":"https:\/\/blog.ccc.eu\/sk\/overal-na-zimu-ako-ho-nosit-a-stylovo-kombinovat-aj-pocas-chladneho-obdobia\/#breadcrumb","itemListElement":[{"@type":"ListItem","position":1,"name":"Strona g\u0142\u00f3wna","item":"https:\/\/blog.ccc.eu\/sk\/"},{"@type":"ListItem","position":2,"name":"Overal na zimu \u2013 ako ho nosi\u0165 a\u00a0\u0161t\u00fdlovo kombinova\u0165 aj po\u010das chladn\u00e9ho obdobia?"}]},{"@type":"WebSite","@id":"https:\/\/blog.ccc.eu\/sk\/#website","url":"https:\/\/blog.ccc.eu\/sk\/","name":"blog.ccc.eu\/sk","description":"Va\u0161e miesto pln\u00e9 m\u00f3dnych in\u0161pir\u00e1ci\u00ed","publisher":{"@id":"https:\/\/blog.ccc.eu\/sk\/#organization"},"potentialAction":[{"@type":"SearchAction","target":{"@type":"EntryPoint","urlTemplate":"https:\/\/blog.ccc.eu\/sk\/?s={search_term_string}"},"query-input":{"@type":"PropertyValueSpecification","valueRequired":true,"valueName":"search_term_string"}}],"inLanguage":"sk-SK"},{"@type":"Organization","@id":"https:\/\/blog.ccc.eu\/sk\/#organization","name":"CCC S.A.","url":"https:\/\/blog.ccc.eu\/sk\/","logo":{"@type":"ImageObject","inLanguage":"sk-SK","@id":"https:\/\/blog.ccc.eu\/sk\/#\/schema\/logo\/image\/","url":"https:\/\/blog.ccc.eu\/sk\/wp-content\/uploads\/2021\/11\/logo_ccc.png","contentUrl":"https:\/\/blog.ccc.eu\/sk\/wp-content\/uploads\/2021\/11\/logo_ccc.png","width":730,"height":270,"caption":"CCC S.A."},"image":{"@id":"https:\/\/blog.ccc.eu\/sk\/#\/schema\/logo\/image\/"}},{"@type":"Person","@id":"https:\/\/blog.ccc.eu\/sk\/#\/schema\/person\/3fe23f84d7cc2af51f6f5ff134b1fcc1","name":"Lena","image":{"@type":"ImageObject","inLanguage":"sk-SK","@id":"https:\/\/blog.ccc.eu\/sk\/#\/schema\/person\/image\/","url":"https:\/\/blog.ccc.eu\/sk\/wp-content\/uploads\/2022\/06\/MicrosoftTeams-image-2-100x100.jpg","contentUrl":"https:\/\/blog.ccc.eu\/sk\/wp-content\/uploads\/2022\/06\/MicrosoftTeams-image-2-100x100.jpg","caption":"Lena"},"description":"Absolventka digit\u00e1lneho marketingu so sk\u00fasenos\u0165ami s content marketingom a (ve\u013emi prekvapivo) copywritingom. Vo vo\u013enom \u010dase rada nos\u00ed platformy a sna\u017e\u00ed sa n\u00e1kupy vo fast-fashion re\u0165azcoch vyva\u017eova\u0165 t\u00fdmi sek\u00e1\u010dov\u00fdmi a swapov\u00fdmi.","url":"https:\/\/blog.ccc.eu\/sk\/author\/paulina-jarmul\/"}]}},"_links":{"self":[{"href":"https:\/\/blog.ccc.eu\/sk\/wp-json\/wp\/v2\/posts\/5563","targetHints":{"allow":["GET"]}}],"collection":[{"href":"https:\/\/blog.ccc.eu\/sk\/wp-json\/wp\/v2\/posts"}],"about":[{"href":"https:\/\/blog.ccc.eu\/sk\/wp-json\/wp\/v2\/types\/post"}],"author":[{"embeddable":true,"href":"https:\/\/blog.ccc.eu\/sk\/wp-json\/wp\/v2\/users\/9"}],"replies":[{"embeddable":true,"href":"https:\/\/blog.ccc.eu\/sk\/wp-json\/wp\/v2\/comments?post=5563"}],"version-history":[{"count":1,"href":"https:\/\/blog.ccc.eu\/sk\/wp-json\/wp\/v2\/posts\/5563\/revisions"}],"predecessor-version":[{"id":5567,"href":"https:\/\/blog.ccc.eu\/sk\/wp-json\/wp\/v2\/posts\/5563\/revisions\/5567"}],"wp:featuredmedia":[{"embeddable":true,"href":"https:\/\/blog.ccc.eu\/sk\/wp-json\/wp\/v2\/media\/5566"}],"wp:attachment":[{"href":"https:\/\/blog.ccc.eu\/sk\/wp-json\/wp\/v2\/media?parent=5563"}],"wp:term":[{"taxonomy":"category","embeddable":true,"href":"https:\/\/blog.ccc.eu\/sk\/wp-json\/wp\/v2\/categories?post=5563"},{"taxonomy":"post_tag","embeddable":true,"href":"https:\/\/blog.ccc.eu\/sk\/wp-json\/wp\/v2\/tags?post=5563"}],"curies":[{"name":"wp","href":"https:\/\/api.w.org\/{rel}","templated":true}]}}