{"id":5667,"date":"2022-12-13T12:44:42","date_gmt":"2022-12-13T11:44:42","guid":{"rendered":"https:\/\/blog.ccc.eu\/sk\/?p=5667"},"modified":"2023-01-26T11:48:58","modified_gmt":"2023-01-26T10:48:58","slug":"bye-2022-vitaj-2023-oslavte-silvester-v-najstylovejsom-outfite-roka","status":"publish","type":"post","link":"https:\/\/blog.ccc.eu\/sk\/bye-2022-vitaj-2023-oslavte-silvester-v-najstylovejsom-outfite-roka\/","title":{"rendered":"Bye 2022, vitaj 2023! Osl\u00e1vte Silvester v naj\u0161t\u00fdlovej\u0161om outfite roka"},"content":{"rendered":"\n<p><b>Silvester 2022 si m\u00f4\u017eeme bez ob\u00e1v u\u017ei\u0165 vo v\u0161etkej par\u00e1de. Aj vy sa chyst\u00e1te na silvestrovsk\u00fd ve\u010dierok a h\u013ead\u00e1te in\u0161pir\u00e1ciu na outfit? Najvy\u0161\u0161\u00ed \u010das! V \u010dl\u00e1nku v\u00e1m porad\u00edme, ako sa rozl\u00fa\u010di\u0165 s koncom roka a sl\u00e1vnostne priv\u00edta\u0165 ten nov\u00fd. Samozrejme v tom naj\u0161t\u00fdlovej\u0161om outfite, ak\u00fd len budete ma\u0165 tento rok na sebe.<\/b><\/p>\n\n\n\n<p>Sn\u00e1\u010f \u017eiadne in\u00e9 obdobie sa n\u00e1m nesp\u00e1ja s ve\u010dierkami tak ve\u013emi, ako to zimn\u00e9. <a href=\"https:\/\/blog.ccc.eu\/sk\/vyberte-si-vhodne-saty-na-vianocny-vecierok-trblietky-vela-cervenej-aj-roztomile-soby\/\">Viano\u010dn\u00e9 ve\u010dierky<\/a> v pr\u00e1ci, \u0161kole \u010di len tak neform\u00e1lne s priate\u013emi. N\u00e1v\u0161teva viano\u010dn\u00fdch trhov, pri\u010dom n\u00e1s tepl\u00fd n\u00e1poj povzbud\u00ed a spont\u00e1nne vtiahne na nejak\u00fa t\u00fa viano\u010dn\u00fa p\u00e1rty. Potom je tu netrpezlivo o\u010dak\u00e1van\u00e1 \u0160tedr\u00e1 ve\u010dera a n\u00e1v\u0161tevy rodiny. A samozrejme Silvester! \u00c1no, silvestrovsk\u00e9 p\u00e1rty s\u00fa tro\u0161ku prece\u0148ovan\u00e9. Ak v\u0161ak m\u00e1te chu\u0165 sa nastroji\u0165 a priv\u00edta\u0165 Nov\u00fd rok ve\u013ekolepo, ste tu spr\u00e1vne. Zn\u00e1me pr\u00edslovie: Ako na Nov\u00fd rok \u2013 tak po cel\u00fd rok \u2013 v\u00e1m bude hra\u0165 do kar\u00e1t, minim\u00e1lne \u010do sa t\u00fdka v\u00e1\u0161ho skvel\u00e9ho outfitu.<\/p>\n\n\n\n<figure class=\"wp-block-gallery has-nested-images columns-default is-cropped wp-block-gallery-1 is-layout-flex wp-block-gallery-is-layout-flex\">\n<figure class=\"wp-block-image size-large\"><img loading=\"lazy\" decoding=\"async\" width=\"768\" height=\"1024\" data-id=\"5669\" src=\"https:\/\/blog.ccc.eu\/sk\/wp-content\/uploads\/2022\/12\/CCC-XMAS-2918_F.jpg\" alt=\"\" class=\"wp-image-5669\" srcset=\"https:\/\/blog.ccc.eu\/sk\/wp-content\/uploads\/2022\/12\/CCC-XMAS-2918_F.jpg 768w, https:\/\/blog.ccc.eu\/sk\/wp-content\/uploads\/2022\/12\/CCC-XMAS-2918_F-225x300.jpg 225w, https:\/\/blog.ccc.eu\/sk\/wp-content\/uploads\/2022\/12\/CCC-XMAS-2918_F-100x133.jpg 100w\" sizes=\"auto, (max-width: 768px) 100vw, 768px\" \/><\/figure>\n\n\n\n<figure class=\"wp-block-image size-large\"><img loading=\"lazy\" decoding=\"async\" width=\"384\" height=\"512\" data-id=\"5668\" src=\"https:\/\/blog.ccc.eu\/sk\/wp-content\/uploads\/2022\/12\/CCC-XMAS-2927_F.jpg\" alt=\"\" class=\"wp-image-5668\" srcset=\"https:\/\/blog.ccc.eu\/sk\/wp-content\/uploads\/2022\/12\/CCC-XMAS-2927_F.jpg 384w, https:\/\/blog.ccc.eu\/sk\/wp-content\/uploads\/2022\/12\/CCC-XMAS-2927_F-225x300.jpg 225w, https:\/\/blog.ccc.eu\/sk\/wp-content\/uploads\/2022\/12\/CCC-XMAS-2927_F-100x133.jpg 100w\" sizes=\"auto, (max-width: 384px) 100vw, 384px\" \/><\/figure>\n<\/figure>\n\n\n\n<h2 class=\"wp-block-heading\">\u0160aty, \u0161aty, ach tie \u0161aty<\/h2>\n\n\n\n<p>Ak sa povie silvestrovsk\u00fd outfit, zrejme aj v\u00e1m napadn\u00fa v prvom rade<em> \u0161aty. <\/em>Minim\u00e1lne suk\u0148a s ladiacim topom. Dlh\u00e9 a obtiahnut\u00e9 s vysok\u00fdm rozparkom, s hlbok\u00fdm v\u00fdstrihom. S rol\u00e1kom a mini alebo klasick\u00e9, mal\u00e9 \u2013 \u010dierne. Jednofarebn\u00e9 a jednoduch\u00e9, aj maximalistick\u00e9 a pln\u00e9 ozd\u00f4b.<\/p>\n\n\n\n<p>Silvestrovsk\u00e1 party je ide\u00e1lna pr\u00edle\u017eitos\u0165, kedy vytiahnu\u0165 tie va\u0161e jedny v\u00fdrazn\u00e9 a extravagantn\u00e9 \u0161aty zo \u0161atn\u00edka. Presne viete ktor\u00e9, v\u0161ak? \u00c1no tie, ktor\u00e9 v\u00e1m tam u\u017e le\u017eia nejak\u00fd \u010das a inokedy by ste ich zrejme nemali kam obliec\u0165.<\/p>\n\n\n\n<h2 class=\"wp-block-heading\">Trblietky v\u0161ade<\/h2>\n\n\n\n<p>\u0160aty na Silvestra sa maj\u00fa trblieta\u0165. Kde vznikla t\u00e1to idea? Mo\u017eno ste u\u017e po\u010duli slovn\u00e9 spojenie <em>\u201cShiny New Year\u201d<\/em> (trblietav\u00fd Nov\u00fd rok). Znamen\u00e1 to, \u017ee oble\u010denie s jagav\u00fdmi trblietkami v\u00e1m symbolicky m\u00e1 prinies\u0165 vzru\u0161uj\u00face pr\u00edle\u017eitosti do Nov\u00e9ho roka. \u010ci u\u017e tomu ver\u00edte alebo nie, silvestrovsk\u00fd outfit v ktorom budete \u017eiari\u0165 u\u017e pri vstupe do dver\u00ed, si rozhodne vzia\u0165 m\u00f4\u017eete.<\/p>\n\n\n\n<p>Perle\u0165ov\u00e9 prvky, mal\u00e9 jagav\u00e9 kamienky a jemn\u00e9 trblietky m\u00f4\u017eete pou\u017ei\u0165 aj ako s\u00fa\u010das\u0165 make-upu alebo \u00fa\u010desu. Ak sa nec\u00edtite na to sa cel\u00e1 trblieta\u0165, m\u00f4\u017eete jagav\u00e9 prvky zvoli\u0165 len ako detail. Vezmite si leskl\u00e9 lodi\u010dky, sand\u00e1le s kamienkami alebo trblietkami, \u010di perli\u010dkami vykladan\u00fa kabelku.<\/p>\n\n\n\n<shortcode prop-category=\"D\u00e1msk\u00e9 kabelky\" prop-manufacturer=\"Jenny Fairy\" prop-load-num=\"12\" prop-display-num=\"4\" prop-sku=\"5904862544823, 5904862441771, 5904862137711, 5904862137513, 5904248637811, 5904862137483, 5904862137520, 5904248662240, 5904862419565, 5904862544830\" prop-view=\"slider\"><\/shortcode>        <div\r\n            class=\"eob-pf-shortcode\"\r\n            id=\"eobpf69f4227f7ac63\"\r\n        >\r\n            <shortcode prop-category=\"D\u00e1msk\u00e9 kabelky\" prop-manufacturer=\"Jenny Fairy\" prop-load-num=\"12\" prop-display-num=\"4\" prop-sku=\"5904862544823, 5904862441771, 5904862137711, 5904862137513, 5904248637811, 5904862137483, 5904862137520, 5904248662240, 5904862419565, 5904862544830\" prop-view=\"slider\"><\/shortcode>        <\/div>\r\n\t\t<script>\r\n\t\t\tjQuery(document).ready(() => {\r\n\t\t\t    const root = document.getElementById('eobpf69f4227f7ac63');\r\n                Vue.createApp({\r\n\t                components: {\r\n\t                    shortcode\r\n\t                }\r\n                }).mount(root);\r\n\t\t\t});\r\n\t\t<\/script>\r\n\t\t\r\n\t\t\n\n\n\n<h2 class=\"wp-block-heading\">M\u00f3dna diva<\/h2>\n\n\n\n<p>N\u00e1kup a v\u00fdber outfitu na Silvestrovsk\u00fa party je \u0161pecifick\u00fd. \u010castokr\u00e1t siahame po k\u00faskoch, ktor\u00e9 by sme si inokedy nevzali. A je to tak spr\u00e1vne. Ve\u010f kedy je lep\u0161\u00ed \u010das sa odviaza\u0165 ako na konci roka? Vezmite si kratu\u010dk\u00e9 \u0161aty, tie najvy\u0161\u0161ie op\u00e4tky zo \u0161atn\u00edka, umel\u00fd ko\u017euch, ove\u0161ajte sa \u0161perkami, mixujte farby a vzory, trblietajte sa na cel\u00fd priestor! Zasl\u00fa\u017eite si by\u0165 stredobodom pozornosti. A ak na to n\u00e1hodou akur\u00e1t nem\u00e1te n\u00e1ladu&#8230;<\/p>\n\n\n\n<h2 class=\"wp-block-heading\">Casual Silvester <strong><\/strong><\/h2>\n\n\n\n<p>V pr\u00edpade, \u017ee sa rozl\u00fa\u010dku s rokom 2022 chyst\u00e1te str\u00e1vi\u0165 v pohodl\u00ed domova, nie je \u017eiadna hanba sa nijako v\u00fdrazne nenastroji\u0165. A venova\u0165 viac \u010dasu a energie napr\u00edklad pr\u00edprave (\u010di jedeniu) sl\u00e1vnostn\u00e9ho ob\u010derstvenia, ako sebe.<\/p>\n\n\n\n<p>Silvester m\u00f4\u017eete str\u00e1vi\u0165 aj vo va\u0161om be\u017enom a pohodlnom oble\u010den\u00ed. Zamatov\u00fdch tepl\u00e1koch, vo\u013enom svetri a fluffy pono\u017ek\u00e1ch. \u017diadne vysok\u00e9 top\u00e1nky a nepohodln\u00e9, obtiahnut\u00e9 oble\u010denie na Silvestra! Ak v\u00e1s zauj\u00edmaj\u00fa \u0161pecifik\u00e1 <em>Causal dress code,<\/em> m\u00f4\u017eete sa o \u0148om dozvedie\u0165 viac v \u010dl\u00e1nku: <a href=\"https:\/\/blog.ccc.eu\/sk\/ako-nosit-casual-dress-code-poradime-vam\/\">Ako nosi\u0165 casual dress code? Porad\u00edme v\u00e1m!<\/a> Dozviete sa v \u0148om ako vyzer\u00e1 dokonal\u00fd causal outfit pre mu\u017eov a \u017eeny. Rovnako ako vyzeraj\u00fa v praxi dress codes Smart causal a Business casual.<\/p>\n\n\n\n<h2 class=\"wp-block-heading\">Dom\u00e1ca silvestrovsk\u00e1 party<\/h2>\n\n\n\n<p>Chyst\u00e1te silvestrovsk\u00fa oslavu u v\u00e1s doma? Ako hostite\u013eka sa budete ur\u010dite chcie\u0165 uk\u00e1za\u0165 v tom najlep\u0161om svetle. Silvestrovsk\u00e9 \u0161aty v\u0161ak m\u00f4\u017eu by\u0165 aj pohodln\u00e9. Oble\u010dte si va\u0161u ob\u013e\u00faben\u00fa suk\u0148u v strihu do A s ladiacim \u010dipkovan\u00fdm topom. Vo\u013en\u00e9 \u0161aty, ktor\u00e9 v\u00e1s nikde ne\u0161krtia. Alebo elegantn\u00fd, nohavicov\u00fd kost\u00fdm \u010di vzorovan\u00fd overal.<\/p>\n\n\n\n<p>V\u00fdhodou je, \u017ee v dom\u00e1com prostred\u00ed budete m\u00f4c\u0165 necha\u0165 lodi\u010dky na vysok\u00e1nskom op\u00e4tku v skrinke na top\u00e1nky.<\/p>\n\n\n\n<h2 class=\"wp-block-heading\">Minimalistick\u00fd Silvester<\/h2>\n\n\n\n<p>E\u0161te netu\u0161\u00edte, kde str\u00e1vite tohtoro\u010dn\u00fd Silvester? Ur\u010dite nie ste sam\u00e9. V tomto pr\u00edpade je v\u0161ak vym\u00fd\u0161\u013eanie outfitu o nie\u010do n\u00e1ro\u010dnej\u0161ie. Mal\u00e9 \u010dierne v\u00e1s ur\u010dite zachr\u00e1nia. M\u00f4\u017eete da\u0165 aspo\u0148 priestor vynikn\u00fa\u0165 va\u0161\u00edm lodi\u010dk\u00e1m s v\u00fdrazn\u00fdm vzorom alebo novej kabelke na zauj\u00edmavej retiazke.<\/p>\n\n\n\n<p>Ak ste sk\u00f4r t\u00edm nohavice \u2013&nbsp; m\u00f4\u017eete zvoli\u0165 elegantn\u00fd k\u00fasok v zauj\u00edmavom materi\u00e1ly a zladi\u0165 ich k jednofarebn\u00e9mu topu a pohodln\u00fdm top\u00e1nkam.<\/p>\n\n\n\n<shortcode prop-category=\"Lodi\u010dky\" prop-manufacturer=\"DeeZee\" prop-load-num=\"12\" prop-display-num=\"4\" prop-sku=\"5904862407302, 5904862443232, 5904862410906, 5904862413785, 5904862020679, 5904248997595, 5904862410777, 5904862443683, 5904862447773, 5904862441894, 5904862442372, 5904862443386, 5904862442747, 5904862443690, 5904862407746, 5904248738129, 5904248379025, 5904248882860\" prop-view=\"slider\"><\/shortcode>        <div\r\n            class=\"eob-pf-shortcode\"\r\n            id=\"eobpf69f4227f7ad6d\"\r\n        >\r\n            <shortcode prop-category=\"Lodi\u010dky\" prop-manufacturer=\"DeeZee\" prop-load-num=\"12\" prop-display-num=\"4\" prop-sku=\"5904862407302, 5904862443232, 5904862410906, 5904862413785, 5904862020679, 5904248997595, 5904862410777, 5904862443683, 5904862447773, 5904862441894, 5904862442372, 5904862443386, 5904862442747, 5904862443690, 5904862407746, 5904248738129, 5904248379025, 5904248882860\" prop-view=\"slider\"><\/shortcode>        <\/div>\r\n\t\t<script>\r\n\t\t\tjQuery(document).ready(() => {\r\n\t\t\t    const root = document.getElementById('eobpf69f4227f7ad6d');\r\n                Vue.createApp({\r\n\t                components: {\r\n\t                    shortcode\r\n\t                }\r\n                }).mount(root);\r\n\t\t\t});\r\n\t\t<\/script>\r\n\t\t\r\n\t\t\n\n\n\n<h2 class=\"wp-block-heading\">Silvester s extra porciou elegancie<\/h2>\n\n\n\n<p>\u010cak\u00e1 v\u00e1s tento rok extra sl\u00e1vnostn\u00e1 rozl\u00fa\u010dka so star\u00fdm rokom? Naho\u010fte sa! Ak ste si pr\u00edpadne v pozv\u00e1nke na\u0161li \u0161pecifick\u00fd, ve\u013emi elegantn\u00fd dress code ako <em>Black tie<\/em>, ni\u010d nenechajte na n\u00e1hodu a pre\u010d\u00edtajte si v\u0161etky jeho pravidl\u00e1 v \u010dl\u00e1nku: <a href=\"https:\/\/blog.ccc.eu\/sk\/black-tie-dress-code-neznamena-cierna-kravata-viete-ako-sa-obliect-v-tomto-formalnom-style\/\">Black tie dress code neznamen\u00e1 \u010dierna kravata. Viete, ako sa obliec\u0165 v tomto form\u00e1lnom \u0161t\u00fdle?<\/a><\/p>\n\n\n\n<p>D\u00e1my maj\u00fa s\u00edce prednos\u0165, ale prezrad\u00edme, \u017ee p\u00e1ni bud\u00fa musie\u0165 vytiahnu\u0165 \u010dierny smoking, \u010dierny mot\u00fdlik a nale\u0161ten\u00e9 oxford top\u00e1nky. V tomto zmysle to maj\u00fa tentokr\u00e1t o nie\u010do zlo\u017eitej\u0161ie ako d\u00e1my. Tie by zo \u0161atn\u00edka mali vytiahnu\u0165 elegantn\u00e9, dlh\u00e9 \u0161aty a top\u00e1nky na op\u00e4tku s uzavretou \u0161pi\u010dkou.<\/p>\n\n\n\n<p>U\u017eite si silvestrovsk\u00e9 oslavy a rozl\u00fa\u010dku s minul\u00fdm rokom. <em>Vid\u00edme sa v 2023!<\/em><\/p>\n","protected":false},"excerpt":{"rendered":"<p>Silvester 2022 si m\u00f4\u017eeme bez ob\u00e1v u\u017ei\u0165 vo v\u0161etkej par\u00e1de. Aj vy sa chyst\u00e1te na silvestrovsk\u00fd ve\u010dierok a h\u013ead\u00e1te in\u0161pir\u00e1ciu na outfit? Najvy\u0161\u0161\u00ed \u010das! V \u010dl\u00e1nku v\u00e1m porad\u00edme, ako sa rozl\u00fa\u010di\u0165 s koncom roka a sl\u00e1vnostne priv\u00edta\u0165 ten nov\u00fd. Samozrejme v tom naj\u0161t\u00fdlovej\u0161om outfite, ak\u00fd len budete ma\u0165 tento rok na sebe. Sn\u00e1\u010f \u017eiadne in\u00e9 [&hellip;]<\/p>\n","protected":false},"author":9,"featured_media":5669,"comment_status":"open","ping_status":"open","sticky":false,"template":"","format":"standard","meta":{"_acf_changed":false,"footnotes":""},"categories":[6],"tags":[556,557,561,815],"class_list":["post-5667","post","type-post","status-publish","format-standard","has-post-thumbnail","hentry","category-trendy","tag-damske-oblecenie","tag-damske-topanky","tag-silvester","tag-vianoce"],"acf":[],"yoast_head":"<!-- This site is optimized with the Yoast SEO plugin v26.9 - https:\/\/yoast.com\/product\/yoast-seo-wordpress\/ -->\n<title>Bye 2022, vitaj 2023! Osl\u00e1vte Silvester v naj\u0161t\u00fdlovej\u0161om outfite roka - blog.ccc.eu\/sk<\/title>\n<meta name=\"description\" content=\"Silvester 2022 si m\u00f4\u017eeme bez ob\u00e1v u\u017ei\u0165 vo v\u0161etkej par\u00e1de. A samozrejme v naj\u0161t\u00fdlovej\u0161om outfite, ak\u00fd budeme ma\u0165 tento rok na sebe. 2026\" \/>\n<meta name=\"robots\" content=\"index, follow, max-snippet:-1, max-image-preview:large, max-video-preview:-1\" \/>\n<link rel=\"canonical\" href=\"https:\/\/blog.ccc.eu\/sk\/bye-2022-vitaj-2023-oslavte-silvester-v-najstylovejsom-outfite-roka\/\" \/>\n<meta property=\"og:locale\" content=\"sk_SK\" \/>\n<meta property=\"og:type\" content=\"article\" \/>\n<meta property=\"og:title\" content=\"Bye 2022, vitaj 2023! Osl\u00e1vte Silvester v naj\u0161t\u00fdlovej\u0161om outfite roka - blog.ccc.eu\/sk\" \/>\n<meta property=\"og:description\" content=\"Silvester 2022 si m\u00f4\u017eeme bez ob\u00e1v u\u017ei\u0165 vo v\u0161etkej par\u00e1de. A samozrejme v naj\u0161t\u00fdlovej\u0161om outfite, ak\u00fd budeme ma\u0165 tento rok na sebe.\" \/>\n<meta property=\"og:url\" content=\"https:\/\/blog.ccc.eu\/sk\/bye-2022-vitaj-2023-oslavte-silvester-v-najstylovejsom-outfite-roka\/\" \/>\n<meta property=\"og:site_name\" content=\"blog.ccc.eu\/sk\" \/>\n<meta property=\"article:published_time\" content=\"2022-12-13T11:44:42+00:00\" \/>\n<meta property=\"article:modified_time\" content=\"2023-01-26T10:48:58+00:00\" \/>\n<meta property=\"og:image\" content=\"https:\/\/blog.ccc.eu\/sk\/wp-content\/uploads\/2022\/12\/CCC-XMAS-2918_F.jpg\" \/>\n\t<meta property=\"og:image:width\" content=\"768\" \/>\n\t<meta property=\"og:image:height\" content=\"1024\" \/>\n\t<meta property=\"og:image:type\" content=\"image\/jpeg\" \/>\n<meta name=\"author\" content=\"Lena\" \/>\n<meta name=\"twitter:card\" content=\"summary_large_image\" \/>\n<meta name=\"twitter:label1\" content=\"Autor\" \/>\n\t<meta name=\"twitter:data1\" content=\"Lena\" \/>\n\t<meta name=\"twitter:label2\" content=\"Predpokladan\u00fd \u010das \u010d\u00edtania\" \/>\n\t<meta name=\"twitter:data2\" content=\"5 min\u00fat\" \/>\n<script type=\"application\/ld+json\" class=\"yoast-schema-graph\">{\"@context\":\"https:\/\/schema.org\",\"@graph\":[{\"@type\":\"Article\",\"@id\":\"https:\/\/blog.ccc.eu\/sk\/bye-2022-vitaj-2023-oslavte-silvester-v-najstylovejsom-outfite-roka\/#article\",\"isPartOf\":{\"@id\":\"https:\/\/blog.ccc.eu\/sk\/bye-2022-vitaj-2023-oslavte-silvester-v-najstylovejsom-outfite-roka\/\"},\"author\":{\"name\":\"Lena\",\"@id\":\"https:\/\/blog.ccc.eu\/sk\/#\/schema\/person\/3fe23f84d7cc2af51f6f5ff134b1fcc1\"},\"headline\":\"Bye 2022, vitaj 2023! Osl\u00e1vte Silvester v naj\u0161t\u00fdlovej\u0161om outfite roka\",\"datePublished\":\"2022-12-13T11:44:42+00:00\",\"dateModified\":\"2023-01-26T10:48:58+00:00\",\"mainEntityOfPage\":{\"@id\":\"https:\/\/blog.ccc.eu\/sk\/bye-2022-vitaj-2023-oslavte-silvester-v-najstylovejsom-outfite-roka\/\"},\"wordCount\":1049,\"commentCount\":0,\"publisher\":{\"@id\":\"https:\/\/blog.ccc.eu\/sk\/#organization\"},\"image\":{\"@id\":\"https:\/\/blog.ccc.eu\/sk\/bye-2022-vitaj-2023-oslavte-silvester-v-najstylovejsom-outfite-roka\/#primaryimage\"},\"thumbnailUrl\":\"https:\/\/blog.ccc.eu\/sk\/wp-content\/uploads\/2022\/12\/CCC-XMAS-2918_F.jpg\",\"keywords\":[\"d\u00e1mske oble\u010denie\",\"d\u00e1mske top\u00e1nky\",\"silvester\",\"Vianoce\"],\"articleSection\":[\"trendy\"],\"inLanguage\":\"sk-SK\",\"potentialAction\":[{\"@type\":\"CommentAction\",\"name\":\"Comment\",\"target\":[\"https:\/\/blog.ccc.eu\/sk\/bye-2022-vitaj-2023-oslavte-silvester-v-najstylovejsom-outfite-roka\/#respond\"]}]},{\"@type\":\"WebPage\",\"@id\":\"https:\/\/blog.ccc.eu\/sk\/bye-2022-vitaj-2023-oslavte-silvester-v-najstylovejsom-outfite-roka\/\",\"url\":\"https:\/\/blog.ccc.eu\/sk\/bye-2022-vitaj-2023-oslavte-silvester-v-najstylovejsom-outfite-roka\/\",\"name\":\"Bye 2022, vitaj 2023! Osl\u00e1vte Silvester v naj\u0161t\u00fdlovej\u0161om outfite roka - blog.ccc.eu\/sk\",\"isPartOf\":{\"@id\":\"https:\/\/blog.ccc.eu\/sk\/#website\"},\"primaryImageOfPage\":{\"@id\":\"https:\/\/blog.ccc.eu\/sk\/bye-2022-vitaj-2023-oslavte-silvester-v-najstylovejsom-outfite-roka\/#primaryimage\"},\"image\":{\"@id\":\"https:\/\/blog.ccc.eu\/sk\/bye-2022-vitaj-2023-oslavte-silvester-v-najstylovejsom-outfite-roka\/#primaryimage\"},\"thumbnailUrl\":\"https:\/\/blog.ccc.eu\/sk\/wp-content\/uploads\/2022\/12\/CCC-XMAS-2918_F.jpg\",\"datePublished\":\"2022-12-13T11:44:42+00:00\",\"dateModified\":\"2023-01-26T10:48:58+00:00\",\"description\":\"Silvester 2022 si m\u00f4\u017eeme bez ob\u00e1v u\u017ei\u0165 vo v\u0161etkej par\u00e1de. A samozrejme v naj\u0161t\u00fdlovej\u0161om outfite, ak\u00fd budeme ma\u0165 tento rok na sebe.\",\"breadcrumb\":{\"@id\":\"https:\/\/blog.ccc.eu\/sk\/bye-2022-vitaj-2023-oslavte-silvester-v-najstylovejsom-outfite-roka\/#breadcrumb\"},\"inLanguage\":\"sk-SK\",\"potentialAction\":[{\"@type\":\"ReadAction\",\"target\":[\"https:\/\/blog.ccc.eu\/sk\/bye-2022-vitaj-2023-oslavte-silvester-v-najstylovejsom-outfite-roka\/\"]}]},{\"@type\":\"ImageObject\",\"inLanguage\":\"sk-SK\",\"@id\":\"https:\/\/blog.ccc.eu\/sk\/bye-2022-vitaj-2023-oslavte-silvester-v-najstylovejsom-outfite-roka\/#primaryimage\",\"url\":\"https:\/\/blog.ccc.eu\/sk\/wp-content\/uploads\/2022\/12\/CCC-XMAS-2918_F.jpg\",\"contentUrl\":\"https:\/\/blog.ccc.eu\/sk\/wp-content\/uploads\/2022\/12\/CCC-XMAS-2918_F.jpg\",\"width\":768,\"height\":1024,\"caption\":\"\u010dlenkov\u00e9 \u010di\u017emy\"},{\"@type\":\"BreadcrumbList\",\"@id\":\"https:\/\/blog.ccc.eu\/sk\/bye-2022-vitaj-2023-oslavte-silvester-v-najstylovejsom-outfite-roka\/#breadcrumb\",\"itemListElement\":[{\"@type\":\"ListItem\",\"position\":1,\"name\":\"Strona g\u0142\u00f3wna\",\"item\":\"https:\/\/blog.ccc.eu\/sk\/\"},{\"@type\":\"ListItem\",\"position\":2,\"name\":\"Bye 2022, vitaj 2023! Osl\u00e1vte Silvester v naj\u0161t\u00fdlovej\u0161om outfite roka\"}]},{\"@type\":\"WebSite\",\"@id\":\"https:\/\/blog.ccc.eu\/sk\/#website\",\"url\":\"https:\/\/blog.ccc.eu\/sk\/\",\"name\":\"blog.ccc.eu\/sk\",\"description\":\"Va\u0161e miesto pln\u00e9 m\u00f3dnych in\u0161pir\u00e1ci\u00ed\",\"publisher\":{\"@id\":\"https:\/\/blog.ccc.eu\/sk\/#organization\"},\"potentialAction\":[{\"@type\":\"SearchAction\",\"target\":{\"@type\":\"EntryPoint\",\"urlTemplate\":\"https:\/\/blog.ccc.eu\/sk\/?s={search_term_string}\"},\"query-input\":{\"@type\":\"PropertyValueSpecification\",\"valueRequired\":true,\"valueName\":\"search_term_string\"}}],\"inLanguage\":\"sk-SK\"},{\"@type\":\"Organization\",\"@id\":\"https:\/\/blog.ccc.eu\/sk\/#organization\",\"name\":\"CCC S.A.\",\"url\":\"https:\/\/blog.ccc.eu\/sk\/\",\"logo\":{\"@type\":\"ImageObject\",\"inLanguage\":\"sk-SK\",\"@id\":\"https:\/\/blog.ccc.eu\/sk\/#\/schema\/logo\/image\/\",\"url\":\"https:\/\/blog.ccc.eu\/sk\/wp-content\/uploads\/2021\/11\/logo_ccc.png\",\"contentUrl\":\"https:\/\/blog.ccc.eu\/sk\/wp-content\/uploads\/2021\/11\/logo_ccc.png\",\"width\":730,\"height\":270,\"caption\":\"CCC S.A.\"},\"image\":{\"@id\":\"https:\/\/blog.ccc.eu\/sk\/#\/schema\/logo\/image\/\"}},{\"@type\":\"Person\",\"@id\":\"https:\/\/blog.ccc.eu\/sk\/#\/schema\/person\/3fe23f84d7cc2af51f6f5ff134b1fcc1\",\"name\":\"Lena\",\"image\":{\"@type\":\"ImageObject\",\"inLanguage\":\"sk-SK\",\"@id\":\"https:\/\/blog.ccc.eu\/sk\/#\/schema\/person\/image\/\",\"url\":\"https:\/\/blog.ccc.eu\/sk\/wp-content\/uploads\/2022\/06\/MicrosoftTeams-image-2-100x100.jpg\",\"contentUrl\":\"https:\/\/blog.ccc.eu\/sk\/wp-content\/uploads\/2022\/06\/MicrosoftTeams-image-2-100x100.jpg\",\"caption\":\"Lena\"},\"description\":\"Absolventka digit\u00e1lneho marketingu so sk\u00fasenos\u0165ami s content marketingom a (ve\u013emi prekvapivo) copywritingom. Vo vo\u013enom \u010dase rada nos\u00ed platformy a sna\u017e\u00ed sa n\u00e1kupy vo fast-fashion re\u0165azcoch vyva\u017eova\u0165 t\u00fdmi sek\u00e1\u010dov\u00fdmi a swapov\u00fdmi.\",\"url\":\"https:\/\/blog.ccc.eu\/sk\/author\/paulina-jarmul\/\"}]}<\/script>\n<!-- \/ Yoast SEO plugin. -->","yoast_head_json":{"title":"Bye 2022, vitaj 2023! Osl\u00e1vte Silvester v naj\u0161t\u00fdlovej\u0161om outfite roka - blog.ccc.eu\/sk","description":"Silvester 2022 si m\u00f4\u017eeme bez ob\u00e1v u\u017ei\u0165 vo v\u0161etkej par\u00e1de. A samozrejme v naj\u0161t\u00fdlovej\u0161om outfite, ak\u00fd budeme ma\u0165 tento rok na sebe. 2026","robots":{"index":"index","follow":"follow","max-snippet":"max-snippet:-1","max-image-preview":"max-image-preview:large","max-video-preview":"max-video-preview:-1"},"canonical":"https:\/\/blog.ccc.eu\/sk\/bye-2022-vitaj-2023-oslavte-silvester-v-najstylovejsom-outfite-roka\/","og_locale":"sk_SK","og_type":"article","og_title":"Bye 2022, vitaj 2023! Osl\u00e1vte Silvester v naj\u0161t\u00fdlovej\u0161om outfite roka - blog.ccc.eu\/sk","og_description":"Silvester 2022 si m\u00f4\u017eeme bez ob\u00e1v u\u017ei\u0165 vo v\u0161etkej par\u00e1de. A samozrejme v naj\u0161t\u00fdlovej\u0161om outfite, ak\u00fd budeme ma\u0165 tento rok na sebe.","og_url":"https:\/\/blog.ccc.eu\/sk\/bye-2022-vitaj-2023-oslavte-silvester-v-najstylovejsom-outfite-roka\/","og_site_name":"blog.ccc.eu\/sk","article_published_time":"2022-12-13T11:44:42+00:00","article_modified_time":"2023-01-26T10:48:58+00:00","og_image":[{"width":768,"height":1024,"url":"https:\/\/blog.ccc.eu\/sk\/wp-content\/uploads\/2022\/12\/CCC-XMAS-2918_F.jpg","type":"image\/jpeg"}],"author":"Lena","twitter_card":"summary_large_image","twitter_misc":{"Autor":"Lena","Predpokladan\u00fd \u010das \u010d\u00edtania":"5 min\u00fat"},"schema":{"@context":"https:\/\/schema.org","@graph":[{"@type":"Article","@id":"https:\/\/blog.ccc.eu\/sk\/bye-2022-vitaj-2023-oslavte-silvester-v-najstylovejsom-outfite-roka\/#article","isPartOf":{"@id":"https:\/\/blog.ccc.eu\/sk\/bye-2022-vitaj-2023-oslavte-silvester-v-najstylovejsom-outfite-roka\/"},"author":{"name":"Lena","@id":"https:\/\/blog.ccc.eu\/sk\/#\/schema\/person\/3fe23f84d7cc2af51f6f5ff134b1fcc1"},"headline":"Bye 2022, vitaj 2023! Osl\u00e1vte Silvester v naj\u0161t\u00fdlovej\u0161om outfite roka","datePublished":"2022-12-13T11:44:42+00:00","dateModified":"2023-01-26T10:48:58+00:00","mainEntityOfPage":{"@id":"https:\/\/blog.ccc.eu\/sk\/bye-2022-vitaj-2023-oslavte-silvester-v-najstylovejsom-outfite-roka\/"},"wordCount":1049,"commentCount":0,"publisher":{"@id":"https:\/\/blog.ccc.eu\/sk\/#organization"},"image":{"@id":"https:\/\/blog.ccc.eu\/sk\/bye-2022-vitaj-2023-oslavte-silvester-v-najstylovejsom-outfite-roka\/#primaryimage"},"thumbnailUrl":"https:\/\/blog.ccc.eu\/sk\/wp-content\/uploads\/2022\/12\/CCC-XMAS-2918_F.jpg","keywords":["d\u00e1mske oble\u010denie","d\u00e1mske top\u00e1nky","silvester","Vianoce"],"articleSection":["trendy"],"inLanguage":"sk-SK","potentialAction":[{"@type":"CommentAction","name":"Comment","target":["https:\/\/blog.ccc.eu\/sk\/bye-2022-vitaj-2023-oslavte-silvester-v-najstylovejsom-outfite-roka\/#respond"]}]},{"@type":"WebPage","@id":"https:\/\/blog.ccc.eu\/sk\/bye-2022-vitaj-2023-oslavte-silvester-v-najstylovejsom-outfite-roka\/","url":"https:\/\/blog.ccc.eu\/sk\/bye-2022-vitaj-2023-oslavte-silvester-v-najstylovejsom-outfite-roka\/","name":"Bye 2022, vitaj 2023! Osl\u00e1vte Silvester v naj\u0161t\u00fdlovej\u0161om outfite roka - blog.ccc.eu\/sk","isPartOf":{"@id":"https:\/\/blog.ccc.eu\/sk\/#website"},"primaryImageOfPage":{"@id":"https:\/\/blog.ccc.eu\/sk\/bye-2022-vitaj-2023-oslavte-silvester-v-najstylovejsom-outfite-roka\/#primaryimage"},"image":{"@id":"https:\/\/blog.ccc.eu\/sk\/bye-2022-vitaj-2023-oslavte-silvester-v-najstylovejsom-outfite-roka\/#primaryimage"},"thumbnailUrl":"https:\/\/blog.ccc.eu\/sk\/wp-content\/uploads\/2022\/12\/CCC-XMAS-2918_F.jpg","datePublished":"2022-12-13T11:44:42+00:00","dateModified":"2023-01-26T10:48:58+00:00","description":"Silvester 2022 si m\u00f4\u017eeme bez ob\u00e1v u\u017ei\u0165 vo v\u0161etkej par\u00e1de. A samozrejme v naj\u0161t\u00fdlovej\u0161om outfite, ak\u00fd budeme ma\u0165 tento rok na sebe.","breadcrumb":{"@id":"https:\/\/blog.ccc.eu\/sk\/bye-2022-vitaj-2023-oslavte-silvester-v-najstylovejsom-outfite-roka\/#breadcrumb"},"inLanguage":"sk-SK","potentialAction":[{"@type":"ReadAction","target":["https:\/\/blog.ccc.eu\/sk\/bye-2022-vitaj-2023-oslavte-silvester-v-najstylovejsom-outfite-roka\/"]}]},{"@type":"ImageObject","inLanguage":"sk-SK","@id":"https:\/\/blog.ccc.eu\/sk\/bye-2022-vitaj-2023-oslavte-silvester-v-najstylovejsom-outfite-roka\/#primaryimage","url":"https:\/\/blog.ccc.eu\/sk\/wp-content\/uploads\/2022\/12\/CCC-XMAS-2918_F.jpg","contentUrl":"https:\/\/blog.ccc.eu\/sk\/wp-content\/uploads\/2022\/12\/CCC-XMAS-2918_F.jpg","width":768,"height":1024,"caption":"\u010dlenkov\u00e9 \u010di\u017emy"},{"@type":"BreadcrumbList","@id":"https:\/\/blog.ccc.eu\/sk\/bye-2022-vitaj-2023-oslavte-silvester-v-najstylovejsom-outfite-roka\/#breadcrumb","itemListElement":[{"@type":"ListItem","position":1,"name":"Strona g\u0142\u00f3wna","item":"https:\/\/blog.ccc.eu\/sk\/"},{"@type":"ListItem","position":2,"name":"Bye 2022, vitaj 2023! Osl\u00e1vte Silvester v naj\u0161t\u00fdlovej\u0161om outfite roka"}]},{"@type":"WebSite","@id":"https:\/\/blog.ccc.eu\/sk\/#website","url":"https:\/\/blog.ccc.eu\/sk\/","name":"blog.ccc.eu\/sk","description":"Va\u0161e miesto pln\u00e9 m\u00f3dnych in\u0161pir\u00e1ci\u00ed","publisher":{"@id":"https:\/\/blog.ccc.eu\/sk\/#organization"},"potentialAction":[{"@type":"SearchAction","target":{"@type":"EntryPoint","urlTemplate":"https:\/\/blog.ccc.eu\/sk\/?s={search_term_string}"},"query-input":{"@type":"PropertyValueSpecification","valueRequired":true,"valueName":"search_term_string"}}],"inLanguage":"sk-SK"},{"@type":"Organization","@id":"https:\/\/blog.ccc.eu\/sk\/#organization","name":"CCC S.A.","url":"https:\/\/blog.ccc.eu\/sk\/","logo":{"@type":"ImageObject","inLanguage":"sk-SK","@id":"https:\/\/blog.ccc.eu\/sk\/#\/schema\/logo\/image\/","url":"https:\/\/blog.ccc.eu\/sk\/wp-content\/uploads\/2021\/11\/logo_ccc.png","contentUrl":"https:\/\/blog.ccc.eu\/sk\/wp-content\/uploads\/2021\/11\/logo_ccc.png","width":730,"height":270,"caption":"CCC S.A."},"image":{"@id":"https:\/\/blog.ccc.eu\/sk\/#\/schema\/logo\/image\/"}},{"@type":"Person","@id":"https:\/\/blog.ccc.eu\/sk\/#\/schema\/person\/3fe23f84d7cc2af51f6f5ff134b1fcc1","name":"Lena","image":{"@type":"ImageObject","inLanguage":"sk-SK","@id":"https:\/\/blog.ccc.eu\/sk\/#\/schema\/person\/image\/","url":"https:\/\/blog.ccc.eu\/sk\/wp-content\/uploads\/2022\/06\/MicrosoftTeams-image-2-100x100.jpg","contentUrl":"https:\/\/blog.ccc.eu\/sk\/wp-content\/uploads\/2022\/06\/MicrosoftTeams-image-2-100x100.jpg","caption":"Lena"},"description":"Absolventka digit\u00e1lneho marketingu so sk\u00fasenos\u0165ami s content marketingom a (ve\u013emi prekvapivo) copywritingom. Vo vo\u013enom \u010dase rada nos\u00ed platformy a sna\u017e\u00ed sa n\u00e1kupy vo fast-fashion re\u0165azcoch vyva\u017eova\u0165 t\u00fdmi sek\u00e1\u010dov\u00fdmi a swapov\u00fdmi.","url":"https:\/\/blog.ccc.eu\/sk\/author\/paulina-jarmul\/"}]}},"_links":{"self":[{"href":"https:\/\/blog.ccc.eu\/sk\/wp-json\/wp\/v2\/posts\/5667","targetHints":{"allow":["GET"]}}],"collection":[{"href":"https:\/\/blog.ccc.eu\/sk\/wp-json\/wp\/v2\/posts"}],"about":[{"href":"https:\/\/blog.ccc.eu\/sk\/wp-json\/wp\/v2\/types\/post"}],"author":[{"embeddable":true,"href":"https:\/\/blog.ccc.eu\/sk\/wp-json\/wp\/v2\/users\/9"}],"replies":[{"embeddable":true,"href":"https:\/\/blog.ccc.eu\/sk\/wp-json\/wp\/v2\/comments?post=5667"}],"version-history":[{"count":2,"href":"https:\/\/blog.ccc.eu\/sk\/wp-json\/wp\/v2\/posts\/5667\/revisions"}],"predecessor-version":[{"id":5877,"href":"https:\/\/blog.ccc.eu\/sk\/wp-json\/wp\/v2\/posts\/5667\/revisions\/5877"}],"wp:featuredmedia":[{"embeddable":true,"href":"https:\/\/blog.ccc.eu\/sk\/wp-json\/wp\/v2\/media\/5669"}],"wp:attachment":[{"href":"https:\/\/blog.ccc.eu\/sk\/wp-json\/wp\/v2\/media?parent=5667"}],"wp:term":[{"taxonomy":"category","embeddable":true,"href":"https:\/\/blog.ccc.eu\/sk\/wp-json\/wp\/v2\/categories?post=5667"},{"taxonomy":"post_tag","embeddable":true,"href":"https:\/\/blog.ccc.eu\/sk\/wp-json\/wp\/v2\/tags?post=5667"}],"curies":[{"name":"wp","href":"https:\/\/api.w.org\/{rel}","templated":true}]}}