{"id":5691,"date":"2023-01-09T12:59:20","date_gmt":"2023-01-09T11:59:20","guid":{"rendered":"https:\/\/blog.ccc.eu\/sk\/?p=5691"},"modified":"2023-09-01T12:01:18","modified_gmt":"2023-09-01T10:01:18","slug":"nenasli-ste-pod-stromcekom-vas-vytuzeny-darcek-doprajte-si-novy-kusok-teraz-navyse-s-extra-zlavou","status":"publish","type":"post","link":"https:\/\/blog.ccc.eu\/sk\/nenasli-ste-pod-stromcekom-vas-vytuzeny-darcek-doprajte-si-novy-kusok-teraz-navyse-s-extra-zlavou\/","title":{"rendered":"Nena\u0161li ste pod strom\u010dekom v\u00e1\u0161 vyt\u00fa\u017een\u00fd dar\u010dek? Doprajte si nov\u00fd k\u00fasok, teraz navy\u0161e s extra z\u013eavou!"},"content":{"rendered":"\n<p><b>Sviatky op\u00e4\u0165 zbehli r\u00fdchlos\u0165ou svetla. Ani sme sa nenazdali a op\u00e4\u0165 v\u00edtame nov\u00fd rok. Nena\u0161li ste si pod strom\u010dekom v\u00e1\u0161 vyt\u00fa\u017een\u00fd dar\u010dek? M\u00e1me pre v\u00e1s skvel\u00fa spr\u00e1vu! Aktu\u00e1lne si m\u00f4\u017eete dopria\u0165 <\/strong><a href=\"https:\/\/ccc.eu\/sk\/sezonny-vypredaj\"><strong>nov\u00e9 k\u00fasky do v\u00e1\u0161ho \u0161atn\u00edku<\/strong><\/a><strong> a to navy\u0161e so z\u013eavou a\u017e do v\u00fd\u0161ky -70 %. Objavte u n\u00e1s dokonal\u00e9 doplnky, nenahradite\u013en\u00e9 a esenci\u00e1lne zimn\u00e9 must-haves. Party top\u00e1nky a jagav\u00e9 kabelky, bez ktor\u00fdch sa nezaob\u00edde \u017eiadna plesov\u00e1 sez\u00f3na. No tie\u017e nad\u010dasov\u00e9 k\u00fasky, ktor\u00e9 v\u00e1m na hlavnom reg\u00e1li skrine bud\u00fa le\u017ea\u0165 e\u0161te dlh\u00e9 roky.<\/b><\/p>\n\n\n\n<p>Nezab\u00fadajte na seba a doprajte si ten vysnen\u00fd k\u00fasok, o ktorom u\u017e rozm\u00fd\u0161\u013eate nejak\u00fa t\u00fa chv\u00ed\u013eu. Aktu\u00e1lne ho mo\u017eno objav\u00edte lacnej\u0161\u00ed, k\u013eudne aj o tretinu! &nbsp;<\/p>\n\n\n\n<figure class=\"wp-block-gallery has-nested-images columns-default is-cropped wp-block-gallery-1 is-layout-flex wp-block-gallery-is-layout-flex\">\n<figure class=\"wp-block-image size-large\"><img loading=\"lazy\" decoding=\"async\" width=\"768\" height=\"1024\" data-id=\"5692\" src=\"https:\/\/blog.ccc.eu\/sk\/wp-content\/uploads\/2023\/01\/1664_gino_rossi_AW22_1_dpi120-Copy-768x1024.jpg\" alt=\"\" class=\"wp-image-5692\" srcset=\"https:\/\/blog.ccc.eu\/sk\/wp-content\/uploads\/2023\/01\/1664_gino_rossi_AW22_1_dpi120-Copy-768x1024.jpg 768w, https:\/\/blog.ccc.eu\/sk\/wp-content\/uploads\/2023\/01\/1664_gino_rossi_AW22_1_dpi120-Copy-225x300.jpg 225w, https:\/\/blog.ccc.eu\/sk\/wp-content\/uploads\/2023\/01\/1664_gino_rossi_AW22_1_dpi120-Copy-1152x1536.jpg 1152w, https:\/\/blog.ccc.eu\/sk\/wp-content\/uploads\/2023\/01\/1664_gino_rossi_AW22_1_dpi120-Copy-100x133.jpg 100w, https:\/\/blog.ccc.eu\/sk\/wp-content\/uploads\/2023\/01\/1664_gino_rossi_AW22_1_dpi120-Copy.jpg 1400w\" sizes=\"auto, (max-width: 768px) 100vw, 768px\" \/><\/figure>\n\n\n\n<figure class=\"wp-block-image size-large\"><img loading=\"lazy\" decoding=\"async\" width=\"768\" height=\"1024\" data-id=\"5693\" src=\"https:\/\/blog.ccc.eu\/sk\/wp-content\/uploads\/2023\/01\/1673_gino_rossi_AW22_1_dpi120-Copy-768x1024.jpg\" alt=\"\" class=\"wp-image-5693\" srcset=\"https:\/\/blog.ccc.eu\/sk\/wp-content\/uploads\/2023\/01\/1673_gino_rossi_AW22_1_dpi120-Copy-768x1024.jpg 768w, https:\/\/blog.ccc.eu\/sk\/wp-content\/uploads\/2023\/01\/1673_gino_rossi_AW22_1_dpi120-Copy-225x300.jpg 225w, https:\/\/blog.ccc.eu\/sk\/wp-content\/uploads\/2023\/01\/1673_gino_rossi_AW22_1_dpi120-Copy-1152x1536.jpg 1152w, https:\/\/blog.ccc.eu\/sk\/wp-content\/uploads\/2023\/01\/1673_gino_rossi_AW22_1_dpi120-Copy-100x133.jpg 100w, https:\/\/blog.ccc.eu\/sk\/wp-content\/uploads\/2023\/01\/1673_gino_rossi_AW22_1_dpi120-Copy.jpg 1400w\" sizes=\"auto, (max-width: 768px) 100vw, 768px\" \/><\/figure>\n<\/figure>\n\n\n\n<h2 class=\"wp-block-heading\">Novoro\u010dn\u00e9 &amp; zimn\u00e9 nevyhnutnosti<\/h2>\n\n\n\n<p>Zima n\u00e1s spolu s Vianocami neop\u00fa\u0161\u0165a. Prv\u00e9 mesiace nov\u00e9ho roku n\u00e1s e\u0161te m\u00f4\u017eu prekvapi\u0165 poriadnymi mrazmi. Preto je potrebn\u00e9 sa poriadne zababu\u0161i\u0165! Do tepl\u00fdch \u010diapok a hrejiv\u00fdch rukav\u00edc, minimalistick\u00fdch, ale aj farebn\u00fdch \u0161\u00e1lov. N\u00e1jdete i n\u00e1s elegantn\u00e9 k\u00fasky ako klasick\u00e9 \u010dierne ko\u017een\u00e9 rukavice, ale aj najnov\u0161ie m\u00f3dne trendy ako balaklava <em>(alebo inak kukla).<\/em><\/p>\n\n\n\n<p>Ak aj v\u00e1m je na ruky st\u00e1le zima, namiesto chladivej ko\u017ee m\u00f4\u017eete siahnu\u0165 po mil\u00fdch, vlnen\u00fdch pal\u010diakoch. Zaobstarajte si \u0161\u00e1ly vo vesel\u00fdch farb\u00e1ch, ktor\u00e9 rozveselia aj ten najsychravej\u0161\u00ed zimn\u00fd de\u0148. Tunelov\u00e9 \u0161\u00e1ly v pastelov\u00fdch farb\u00e1ch a univerz\u00e1lne \u010diapky. N\u00e1jdete u n\u00e1s aj st\u00e1le popul\u00e1rne bucket hats \u010di tepl\u00e9 chr\u00e1ni\u010de u\u0161\u00ed.<\/p>\n\n\n\n<shortcode prop-category=\"\u010ciapky a \u0161\u00e1ly\" prop-gender=\"female\" prop-load-num=\"12\" prop-display-num=\"4\" prop-sku=\"5904862096735, 5904248986797, 5904862023229, 5904248987947, 5904248977474, 5904248986896, 5904248987954, 5904248986858, 5904862061009, 5904862061061, 5904248976132, 5904248961282, 5904862061030, 5904248786830, 5904862158655, 5904248850777\" prop-view=\"slider\"><\/shortcode>        <div\r\n            class=\"eob-pf-shortcode\"\r\n            id=\"eobpf69f5b5a4f165f\"\r\n        >\r\n            <shortcode prop-category=\"\u010ciapky a \u0161\u00e1ly\" prop-gender=\"female\" prop-load-num=\"12\" prop-display-num=\"4\" prop-sku=\"5904862096735, 5904248986797, 5904862023229, 5904248987947, 5904248977474, 5904248986896, 5904248987954, 5904248986858, 5904862061009, 5904862061061, 5904248976132, 5904248961282, 5904862061030, 5904248786830, 5904862158655, 5904248850777\" prop-view=\"slider\"><\/shortcode>        <\/div>\r\n\t\t<script>\r\n\t\t\tjQuery(document).ready(() => {\r\n\t\t\t    const root = document.getElementById('eobpf69f5b5a4f165f');\r\n                Vue.createApp({\r\n\t                components: {\r\n\t                    shortcode\r\n\t                }\r\n                }).mount(root);\r\n\t\t\t});\r\n\t\t<\/script>\r\n\t\t\r\n\t\t\n\n\n\n<p><\/p>\n\n\n\n<h2 class=\"wp-block-heading\">Plesov\u00e1 sez\u00f3na<\/h2>\n\n\n\n<p>Ak ste va\u0161e trblietav\u00e9 doplnky, extravagantn\u00e9 \u0161perky, jagav\u00e9 kabelky a lodi\u010dky na platforme ihne\u010f po silvestrovskej noci schovali do skrine \u2013 <em>chyba! <\/em>Plesov\u00e1 sez\u00f3na sa n\u00e1m u\u017e pomaly bl\u00ed\u017ei. A dobr\u00e1 spr\u00e1va je, \u017ee ak v\u00e1m ch\u00fdba nejak\u00fd z va\u0161ich nutn\u00fdch k\u00faskov outfitu, m\u00f4\u017eete si ho do garder\u00f3by doplni\u0165 pr\u00e1ve teraz. A za zlomok ceny! Ale psst, od n\u00e1s to nem\u00e1te.<\/p>\n\n\n\n<h2 class=\"wp-block-heading\">Nad\u010dasov\u00e9 top\u00e1nky<\/h2>\n\n\n\n<p>Doprajte si kvalitn\u00fd p\u00e1r nov\u00fdch top\u00e1nok. Po\u010das chladnej\u0161ieho obdobia sa v\u00e1m e\u0161te st\u00e1le z\u00eddu zateplen\u00e9 \u010dlenkov\u00e9 top\u00e1nky, trendy moon boots, vysok\u00e9 koza\u010dky a in\u00e9 trendy \u010di\u017emy. U n\u00e1s objav\u00edte ten dokonal\u00fd k\u00fasok kombinuj\u00faci praktickos\u0165 s najnov\u0161\u00edmi trendami. Siahnete po pohodln\u00fdch na jemnej platforme alebo extravagantn\u00fdch na vysokom op\u00e4tku a nad kolen\u00e1?<\/p>\n\n\n\n<p>Prv\u00e9 mesiace roka s\u00fa jednozna\u010dne <em>p\u00e1rty obdobie.<\/em> Ani v\u00e1s u\u017e nebavia tie star\u00e9 nudn\u00e9 \u010dierne lodi\u010dky, ktor\u00e9 nos\u00edte st\u00e1le dookola? Siahnite po trblietavom k\u00fasku, ktor\u00fd roz\u017eiari v\u00e1s a aj cel\u00fa miestnos\u0165. Medzi trendom a pohodl\u00edm si viac vybera\u0165 nemus\u00edte. Bez<em> kompromisov!<\/em><\/p>\n\n\n\n<p>Ste na love po nov\u00fdch top\u00e1nkach, ale mierne mimo sez\u00f3ny? Nevad\u00ed! Vlastne, teraz je ten spr\u00e1vny \u010das. Objavte u&nbsp;n\u00e1s perfektn\u00e9 poltop\u00e1nky, mokas\u00edny aj \u0161t\u00fdlov\u00e9 tenisky. Top\u00e1nky, po ak\u00fdch u\u017e dlh\u0161ie t\u00fa\u017eite. Najlep\u0161ie je, \u017ee si ich teraz zadov\u00e1\u017eite s&nbsp;ohromnou z\u013eavou. A&nbsp;to od t\u00fdch najlep\u0161\u00edch zna\u010diek <em>Badura, Lasocki, Fila, SIMPLE \u010di Gino Rossi.&nbsp;<\/em><\/p>\n\n\n\n<shortcode prop-category=\"Top\u00e1nky\" prop-gender=\"female\" prop-load-num=\"12\" prop-display-num=\"4\" prop-sku=\"5904862186887, 5904862188980, 5904862185293, 5904862214948, 5904862246253, 5904862015590, 5904862158037, 5904862187624, 5904862281094, 5904862267258, 2230032343396, 2230031461657\" prop-view=\"slider\"><\/shortcode>        <div\r\n            class=\"eob-pf-shortcode\"\r\n            id=\"eobpf69f5b5a4f177a\"\r\n        >\r\n            <shortcode prop-category=\"Top\u00e1nky\" prop-gender=\"female\" prop-load-num=\"12\" prop-display-num=\"4\" prop-sku=\"5904862186887, 5904862188980, 5904862185293, 5904862214948, 5904862246253, 5904862015590, 5904862158037, 5904862187624, 5904862281094, 5904862267258, 2230032343396, 2230031461657\" prop-view=\"slider\"><\/shortcode>        <\/div>\r\n\t\t<script>\r\n\t\t\tjQuery(document).ready(() => {\r\n\t\t\t    const root = document.getElementById('eobpf69f5b5a4f177a');\r\n                Vue.createApp({\r\n\t                components: {\r\n\t                    shortcode\r\n\t                }\r\n                }).mount(root);\r\n\t\t\t});\r\n\t\t<\/script>\r\n\t\t\r\n\t\t\n\n\n\n<p><\/p>\n\n\n\n<h2 class=\"wp-block-heading\">Roztomil\u00e9 ta\u0161ky<\/h2>\n\n\n\n<p>Pes je mo\u017eno najlep\u0161\u00ed, <em>\u017eiv\u00fd <\/em>priate\u013e \u010dloveka, no tak\u00e1 d\u00e1mska ta\u0161ka&#8230; t\u00e1 mu mierne \u0161liape na p\u00e4ty. Je s vami ka\u017ed\u00fd de\u0148, cel\u00fd de\u0148 a schov\u00e1 v\u0161etky va\u0161e tajomstv\u00e1. A naozaj <em>nikdy<\/em> sa nes\u0165a\u017euje. Navy\u0161e dokonalo dotv\u00e1ra ka\u017ed\u00fd v\u00e1\u0161 outfit. E\u0161te st\u00e1le nem\u00e1te t\u00fa dokonal\u00fa?<\/p>\n\n\n\n<p>Zvo\u013ete ve\u013ek\u00fa a&nbsp;praktick\u00fa, do ktorej sa v\u00e1m zmest\u00ed v\u00e1\u0161 laptop aj poriadna&nbsp;kozmetick\u00e1 ta\u0161ti\u010dka. Ak m\u00e1te chu\u0165 na men\u0161ie m\u00f3dne v\u00fdstrelky, teraz si ich m\u00f4\u017eete dopria\u0165 vo v\u00fdraznej z\u013eave. Pote\u0161\u00edte tak nielen seba, ale aj va\u0161u pe\u0148a\u017eenku.<\/p>\n\n\n\n<p>Hitom roka toti\u017e boli a st\u00e1le s\u00fa mali\u010dk\u00e9 kabelky. Niektor\u00e9 dokonca men\u0161ie ako va\u0161a najv\u00e4\u010d\u0161ia pe\u0148a\u017eenka. Ultra roztomil\u00e9, no<em>&nbsp;tie\u017e mierne nepraktick\u00e9. <\/em>Ale i&nbsp;tak sme ich chceli! Ak ste do nich neinvestovali minul\u00fd rok, ale v h\u013abke du\u0161e ste po nich predsa t\u00fa\u017eili, teraz m\u00e1te skvel\u00fa pr\u00edle\u017eitos\u0165 po nich siahnu\u0165 takzvane za babku.<\/p>\n\n\n\n<shortcode prop-category=\"D\u00e1msk\u00e9 kabelky\" prop-gender=\"female\" prop-load-num=\"12\" prop-display-num=\"4\" prop-sku=\"5904248552916, 5904862445359, 5904862376172, 5904248532451, 5904248709228, 5904862399133, 5904862242897, 5904862134833, 5904862069265, 5904862069302, 5904862376189, 5904248927141, 5904248927202, 5904862375786\" prop-view=\"slider\"><\/shortcode>        <div\r\n            class=\"eob-pf-shortcode\"\r\n            id=\"eobpf69f5b5a4f17b4\"\r\n        >\r\n            <shortcode prop-category=\"D\u00e1msk\u00e9 kabelky\" prop-gender=\"female\" prop-load-num=\"12\" prop-display-num=\"4\" prop-sku=\"5904248552916, 5904862445359, 5904862376172, 5904248532451, 5904248709228, 5904862399133, 5904862242897, 5904862134833, 5904862069265, 5904862069302, 5904862376189, 5904248927141, 5904248927202, 5904862375786\" prop-view=\"slider\"><\/shortcode>        <\/div>\r\n\t\t<script>\r\n\t\t\tjQuery(document).ready(() => {\r\n\t\t\t    const root = document.getElementById('eobpf69f5b5a4f17b4');\r\n                Vue.createApp({\r\n\t                components: {\r\n\t                    shortcode\r\n\t                }\r\n                }).mount(root);\r\n\t\t\t});\r\n\t\t<\/script>\r\n\t\t\r\n\t\t\n\n\n\n<p><\/p>\n\n\n\n<h2 class=\"wp-block-heading\">Nenahradite\u013en\u00e9 doplnky<\/h2>\n\n\n\n<p>Ak\u00fd by to bol outfit bez doplnkov? Nudn\u00fd, nemastn\u00fd-neslan\u00fd a tak nejak&#8230; nedokon\u010den\u00fd. E\u0161te\u017ee u n\u00e1s objav\u00edte more dokonal\u00fdch doplnkov. Vylep\u0161ite svoj zimn\u00fd, nev\u00fdrazn\u00fd outfit nov\u00fdmi \u0161perkami, n\u00e1u\u0161nicami, opaskami aj hodinkami. N\u00e1jdete u n\u00e1s aj in\u00e9 drobnosti ako okuliare, gumi\u010dky, \u010delenky a pe\u0148a\u017eenky.<\/p>\n\n\n\n<p>Aj s&nbsp;men\u0161\u00edm rozpo\u010dtom sa d\u00e1 zahra\u0165 ve\u013ek\u00e9 divadlo! Cenovo dostupn\u00e9 a&nbsp;kr\u00e1sne \u0161perky s\u00fa toho d\u00f4kazom.<\/p>\n","protected":false},"excerpt":{"rendered":"<p>Sviatky op\u00e4\u0165 zbehli r\u00fdchlos\u0165ou svetla. Ani sme sa nenazdali a op\u00e4\u0165 v\u00edtame nov\u00fd rok. Nena\u0161li ste si pod strom\u010dekom v\u00e1\u0161 vyt\u00fa\u017een\u00fd dar\u010dek? M\u00e1me pre v\u00e1s skvel\u00fa spr\u00e1vu! Aktu\u00e1lne si m\u00f4\u017eete dopria\u0165 nov\u00e9 k\u00fasky do v\u00e1\u0161ho \u0161atn\u00edku a to navy\u0161e so z\u013eavou a\u017e do v\u00fd\u0161ky -70 %. Objavte u n\u00e1s dokonal\u00e9 doplnky, nenahradite\u013en\u00e9 a esenci\u00e1lne zimn\u00e9 [&hellip;]<\/p>\n","protected":false},"author":9,"featured_media":5692,"comment_status":"open","ping_status":"open","sticky":false,"template":"","format":"standard","meta":{"_acf_changed":false,"footnotes":""},"categories":[4],"tags":[707,818,556,557,544],"class_list":["post-5691","post","type-post","status-publish","format-standard","has-post-thumbnail","hentry","category-modne-tipy","tag-damske-doplnky","tag-damske-kabelky","tag-damske-oblecenie","tag-damske-topanky","tag-zima"],"acf":[],"yoast_head":"<!-- This site is optimized with the Yoast SEO plugin v26.9 - https:\/\/yoast.com\/product\/yoast-seo-wordpress\/ -->\n<title>Nena\u0161li ste pod strom\u010dekom v\u00e1\u0161 vyt\u00fa\u017een\u00fd dar\u010dek? Doprajte si nov\u00fd k\u00fasok, teraz navy\u0161e s extra z\u013eavou! - blog.ccc.eu\/sk<\/title>\n<meta name=\"description\" content=\"Nena\u0161li ste si pod strom\u010dekom v\u00e1\u0161 vyt\u00fa\u017een\u00fd dar\u010dek? Aktu\u00e1lne si m\u00f4\u017eete dopria\u0165 nov\u00e9 k\u00fasky do \u0161atn\u00edku a to navy\u0161e so z\u013eavou a\u017e do v\u00fd\u0161ky -70 %. 2026\" \/>\n<meta name=\"robots\" content=\"index, follow, max-snippet:-1, max-image-preview:large, max-video-preview:-1\" \/>\n<link rel=\"canonical\" href=\"https:\/\/blog.ccc.eu\/sk\/nenasli-ste-pod-stromcekom-vas-vytuzeny-darcek-doprajte-si-novy-kusok-teraz-navyse-s-extra-zlavou\/\" \/>\n<meta property=\"og:locale\" content=\"sk_SK\" \/>\n<meta property=\"og:type\" content=\"article\" \/>\n<meta property=\"og:title\" content=\"Nena\u0161li ste pod strom\u010dekom v\u00e1\u0161 vyt\u00fa\u017een\u00fd dar\u010dek? Doprajte si nov\u00fd k\u00fasok, teraz navy\u0161e s extra z\u013eavou! - blog.ccc.eu\/sk\" \/>\n<meta property=\"og:description\" content=\"Nena\u0161li ste si pod strom\u010dekom v\u00e1\u0161 vyt\u00fa\u017een\u00fd dar\u010dek? Aktu\u00e1lne si m\u00f4\u017eete dopria\u0165 nov\u00e9 k\u00fasky do \u0161atn\u00edku a to navy\u0161e so z\u013eavou a\u017e do v\u00fd\u0161ky -70 %.\" \/>\n<meta property=\"og:url\" content=\"https:\/\/blog.ccc.eu\/sk\/nenasli-ste-pod-stromcekom-vas-vytuzeny-darcek-doprajte-si-novy-kusok-teraz-navyse-s-extra-zlavou\/\" \/>\n<meta property=\"og:site_name\" content=\"blog.ccc.eu\/sk\" \/>\n<meta property=\"article:published_time\" content=\"2023-01-09T11:59:20+00:00\" \/>\n<meta property=\"article:modified_time\" content=\"2023-09-01T10:01:18+00:00\" \/>\n<meta property=\"og:image\" content=\"https:\/\/blog.ccc.eu\/sk\/wp-content\/uploads\/2023\/01\/1664_gino_rossi_AW22_1_dpi120-Copy.jpg\" \/>\n\t<meta property=\"og:image:width\" content=\"1400\" \/>\n\t<meta property=\"og:image:height\" content=\"1867\" \/>\n\t<meta property=\"og:image:type\" content=\"image\/jpeg\" \/>\n<meta name=\"author\" content=\"Lena\" \/>\n<meta name=\"twitter:card\" content=\"summary_large_image\" \/>\n<meta name=\"twitter:label1\" content=\"Autor\" \/>\n\t<meta name=\"twitter:data1\" content=\"Lena\" \/>\n\t<meta name=\"twitter:label2\" content=\"Predpokladan\u00fd \u010das \u010d\u00edtania\" \/>\n\t<meta name=\"twitter:data2\" content=\"5 min\u00fat\" \/>\n<script type=\"application\/ld+json\" class=\"yoast-schema-graph\">{\"@context\":\"https:\/\/schema.org\",\"@graph\":[{\"@type\":\"Article\",\"@id\":\"https:\/\/blog.ccc.eu\/sk\/nenasli-ste-pod-stromcekom-vas-vytuzeny-darcek-doprajte-si-novy-kusok-teraz-navyse-s-extra-zlavou\/#article\",\"isPartOf\":{\"@id\":\"https:\/\/blog.ccc.eu\/sk\/nenasli-ste-pod-stromcekom-vas-vytuzeny-darcek-doprajte-si-novy-kusok-teraz-navyse-s-extra-zlavou\/\"},\"author\":{\"name\":\"Lena\",\"@id\":\"https:\/\/blog.ccc.eu\/sk\/#\/schema\/person\/3fe23f84d7cc2af51f6f5ff134b1fcc1\"},\"headline\":\"Nena\u0161li ste pod strom\u010dekom v\u00e1\u0161 vyt\u00fa\u017een\u00fd dar\u010dek? Doprajte si nov\u00fd k\u00fasok, teraz navy\u0161e s extra z\u013eavou!\",\"datePublished\":\"2023-01-09T11:59:20+00:00\",\"dateModified\":\"2023-09-01T10:01:18+00:00\",\"mainEntityOfPage\":{\"@id\":\"https:\/\/blog.ccc.eu\/sk\/nenasli-ste-pod-stromcekom-vas-vytuzeny-darcek-doprajte-si-novy-kusok-teraz-navyse-s-extra-zlavou\/\"},\"wordCount\":913,\"commentCount\":0,\"publisher\":{\"@id\":\"https:\/\/blog.ccc.eu\/sk\/#organization\"},\"image\":{\"@id\":\"https:\/\/blog.ccc.eu\/sk\/nenasli-ste-pod-stromcekom-vas-vytuzeny-darcek-doprajte-si-novy-kusok-teraz-navyse-s-extra-zlavou\/#primaryimage\"},\"thumbnailUrl\":\"https:\/\/blog.ccc.eu\/sk\/wp-content\/uploads\/2023\/01\/1664_gino_rossi_AW22_1_dpi120-Copy.jpg\",\"keywords\":[\"d\u00e1mske doplnky\",\"d\u00e1mske kabelky\",\"d\u00e1mske oble\u010denie\",\"d\u00e1mske top\u00e1nky\",\"zima\"],\"articleSection\":[\"M\u00d3DNE TIPY\"],\"inLanguage\":\"sk-SK\",\"potentialAction\":[{\"@type\":\"CommentAction\",\"name\":\"Comment\",\"target\":[\"https:\/\/blog.ccc.eu\/sk\/nenasli-ste-pod-stromcekom-vas-vytuzeny-darcek-doprajte-si-novy-kusok-teraz-navyse-s-extra-zlavou\/#respond\"]}]},{\"@type\":\"WebPage\",\"@id\":\"https:\/\/blog.ccc.eu\/sk\/nenasli-ste-pod-stromcekom-vas-vytuzeny-darcek-doprajte-si-novy-kusok-teraz-navyse-s-extra-zlavou\/\",\"url\":\"https:\/\/blog.ccc.eu\/sk\/nenasli-ste-pod-stromcekom-vas-vytuzeny-darcek-doprajte-si-novy-kusok-teraz-navyse-s-extra-zlavou\/\",\"name\":\"Nena\u0161li ste pod strom\u010dekom v\u00e1\u0161 vyt\u00fa\u017een\u00fd dar\u010dek? Doprajte si nov\u00fd k\u00fasok, teraz navy\u0161e s extra z\u013eavou! - blog.ccc.eu\/sk\",\"isPartOf\":{\"@id\":\"https:\/\/blog.ccc.eu\/sk\/#website\"},\"primaryImageOfPage\":{\"@id\":\"https:\/\/blog.ccc.eu\/sk\/nenasli-ste-pod-stromcekom-vas-vytuzeny-darcek-doprajte-si-novy-kusok-teraz-navyse-s-extra-zlavou\/#primaryimage\"},\"image\":{\"@id\":\"https:\/\/blog.ccc.eu\/sk\/nenasli-ste-pod-stromcekom-vas-vytuzeny-darcek-doprajte-si-novy-kusok-teraz-navyse-s-extra-zlavou\/#primaryimage\"},\"thumbnailUrl\":\"https:\/\/blog.ccc.eu\/sk\/wp-content\/uploads\/2023\/01\/1664_gino_rossi_AW22_1_dpi120-Copy.jpg\",\"datePublished\":\"2023-01-09T11:59:20+00:00\",\"dateModified\":\"2023-09-01T10:01:18+00:00\",\"description\":\"Nena\u0161li ste si pod strom\u010dekom v\u00e1\u0161 vyt\u00fa\u017een\u00fd dar\u010dek? Aktu\u00e1lne si m\u00f4\u017eete dopria\u0165 nov\u00e9 k\u00fasky do \u0161atn\u00edku a to navy\u0161e so z\u013eavou a\u017e do v\u00fd\u0161ky -70 %.\",\"breadcrumb\":{\"@id\":\"https:\/\/blog.ccc.eu\/sk\/nenasli-ste-pod-stromcekom-vas-vytuzeny-darcek-doprajte-si-novy-kusok-teraz-navyse-s-extra-zlavou\/#breadcrumb\"},\"inLanguage\":\"sk-SK\",\"potentialAction\":[{\"@type\":\"ReadAction\",\"target\":[\"https:\/\/blog.ccc.eu\/sk\/nenasli-ste-pod-stromcekom-vas-vytuzeny-darcek-doprajte-si-novy-kusok-teraz-navyse-s-extra-zlavou\/\"]}]},{\"@type\":\"ImageObject\",\"inLanguage\":\"sk-SK\",\"@id\":\"https:\/\/blog.ccc.eu\/sk\/nenasli-ste-pod-stromcekom-vas-vytuzeny-darcek-doprajte-si-novy-kusok-teraz-navyse-s-extra-zlavou\/#primaryimage\",\"url\":\"https:\/\/blog.ccc.eu\/sk\/wp-content\/uploads\/2023\/01\/1664_gino_rossi_AW22_1_dpi120-Copy.jpg\",\"contentUrl\":\"https:\/\/blog.ccc.eu\/sk\/wp-content\/uploads\/2023\/01\/1664_gino_rossi_AW22_1_dpi120-Copy.jpg\",\"width\":1400,\"height\":1867,\"caption\":\"mal\u00e9 nude ta\u0161ky\"},{\"@type\":\"BreadcrumbList\",\"@id\":\"https:\/\/blog.ccc.eu\/sk\/nenasli-ste-pod-stromcekom-vas-vytuzeny-darcek-doprajte-si-novy-kusok-teraz-navyse-s-extra-zlavou\/#breadcrumb\",\"itemListElement\":[{\"@type\":\"ListItem\",\"position\":1,\"name\":\"Strona g\u0142\u00f3wna\",\"item\":\"https:\/\/blog.ccc.eu\/sk\/\"},{\"@type\":\"ListItem\",\"position\":2,\"name\":\"Nena\u0161li ste pod strom\u010dekom v\u00e1\u0161 vyt\u00fa\u017een\u00fd dar\u010dek? Doprajte si nov\u00fd k\u00fasok, teraz navy\u0161e s extra z\u013eavou!\"}]},{\"@type\":\"WebSite\",\"@id\":\"https:\/\/blog.ccc.eu\/sk\/#website\",\"url\":\"https:\/\/blog.ccc.eu\/sk\/\",\"name\":\"blog.ccc.eu\/sk\",\"description\":\"Va\u0161e miesto pln\u00e9 m\u00f3dnych in\u0161pir\u00e1ci\u00ed\",\"publisher\":{\"@id\":\"https:\/\/blog.ccc.eu\/sk\/#organization\"},\"potentialAction\":[{\"@type\":\"SearchAction\",\"target\":{\"@type\":\"EntryPoint\",\"urlTemplate\":\"https:\/\/blog.ccc.eu\/sk\/?s={search_term_string}\"},\"query-input\":{\"@type\":\"PropertyValueSpecification\",\"valueRequired\":true,\"valueName\":\"search_term_string\"}}],\"inLanguage\":\"sk-SK\"},{\"@type\":\"Organization\",\"@id\":\"https:\/\/blog.ccc.eu\/sk\/#organization\",\"name\":\"CCC S.A.\",\"url\":\"https:\/\/blog.ccc.eu\/sk\/\",\"logo\":{\"@type\":\"ImageObject\",\"inLanguage\":\"sk-SK\",\"@id\":\"https:\/\/blog.ccc.eu\/sk\/#\/schema\/logo\/image\/\",\"url\":\"https:\/\/blog.ccc.eu\/sk\/wp-content\/uploads\/2021\/11\/logo_ccc.png\",\"contentUrl\":\"https:\/\/blog.ccc.eu\/sk\/wp-content\/uploads\/2021\/11\/logo_ccc.png\",\"width\":730,\"height\":270,\"caption\":\"CCC S.A.\"},\"image\":{\"@id\":\"https:\/\/blog.ccc.eu\/sk\/#\/schema\/logo\/image\/\"}},{\"@type\":\"Person\",\"@id\":\"https:\/\/blog.ccc.eu\/sk\/#\/schema\/person\/3fe23f84d7cc2af51f6f5ff134b1fcc1\",\"name\":\"Lena\",\"image\":{\"@type\":\"ImageObject\",\"inLanguage\":\"sk-SK\",\"@id\":\"https:\/\/blog.ccc.eu\/sk\/#\/schema\/person\/image\/\",\"url\":\"https:\/\/blog.ccc.eu\/sk\/wp-content\/uploads\/2022\/06\/MicrosoftTeams-image-2-100x100.jpg\",\"contentUrl\":\"https:\/\/blog.ccc.eu\/sk\/wp-content\/uploads\/2022\/06\/MicrosoftTeams-image-2-100x100.jpg\",\"caption\":\"Lena\"},\"description\":\"Absolventka digit\u00e1lneho marketingu so sk\u00fasenos\u0165ami s content marketingom a (ve\u013emi prekvapivo) copywritingom. Vo vo\u013enom \u010dase rada nos\u00ed platformy a sna\u017e\u00ed sa n\u00e1kupy vo fast-fashion re\u0165azcoch vyva\u017eova\u0165 t\u00fdmi sek\u00e1\u010dov\u00fdmi a swapov\u00fdmi.\",\"url\":\"https:\/\/blog.ccc.eu\/sk\/author\/paulina-jarmul\/\"}]}<\/script>\n<!-- \/ Yoast SEO plugin. -->","yoast_head_json":{"title":"Nena\u0161li ste pod strom\u010dekom v\u00e1\u0161 vyt\u00fa\u017een\u00fd dar\u010dek? Doprajte si nov\u00fd k\u00fasok, teraz navy\u0161e s extra z\u013eavou! - blog.ccc.eu\/sk","description":"Nena\u0161li ste si pod strom\u010dekom v\u00e1\u0161 vyt\u00fa\u017een\u00fd dar\u010dek? Aktu\u00e1lne si m\u00f4\u017eete dopria\u0165 nov\u00e9 k\u00fasky do \u0161atn\u00edku a to navy\u0161e so z\u013eavou a\u017e do v\u00fd\u0161ky -70 %. 2026","robots":{"index":"index","follow":"follow","max-snippet":"max-snippet:-1","max-image-preview":"max-image-preview:large","max-video-preview":"max-video-preview:-1"},"canonical":"https:\/\/blog.ccc.eu\/sk\/nenasli-ste-pod-stromcekom-vas-vytuzeny-darcek-doprajte-si-novy-kusok-teraz-navyse-s-extra-zlavou\/","og_locale":"sk_SK","og_type":"article","og_title":"Nena\u0161li ste pod strom\u010dekom v\u00e1\u0161 vyt\u00fa\u017een\u00fd dar\u010dek? Doprajte si nov\u00fd k\u00fasok, teraz navy\u0161e s extra z\u013eavou! - blog.ccc.eu\/sk","og_description":"Nena\u0161li ste si pod strom\u010dekom v\u00e1\u0161 vyt\u00fa\u017een\u00fd dar\u010dek? Aktu\u00e1lne si m\u00f4\u017eete dopria\u0165 nov\u00e9 k\u00fasky do \u0161atn\u00edku a to navy\u0161e so z\u013eavou a\u017e do v\u00fd\u0161ky -70 %.","og_url":"https:\/\/blog.ccc.eu\/sk\/nenasli-ste-pod-stromcekom-vas-vytuzeny-darcek-doprajte-si-novy-kusok-teraz-navyse-s-extra-zlavou\/","og_site_name":"blog.ccc.eu\/sk","article_published_time":"2023-01-09T11:59:20+00:00","article_modified_time":"2023-09-01T10:01:18+00:00","og_image":[{"width":1400,"height":1867,"url":"https:\/\/blog.ccc.eu\/sk\/wp-content\/uploads\/2023\/01\/1664_gino_rossi_AW22_1_dpi120-Copy.jpg","type":"image\/jpeg"}],"author":"Lena","twitter_card":"summary_large_image","twitter_misc":{"Autor":"Lena","Predpokladan\u00fd \u010das \u010d\u00edtania":"5 min\u00fat"},"schema":{"@context":"https:\/\/schema.org","@graph":[{"@type":"Article","@id":"https:\/\/blog.ccc.eu\/sk\/nenasli-ste-pod-stromcekom-vas-vytuzeny-darcek-doprajte-si-novy-kusok-teraz-navyse-s-extra-zlavou\/#article","isPartOf":{"@id":"https:\/\/blog.ccc.eu\/sk\/nenasli-ste-pod-stromcekom-vas-vytuzeny-darcek-doprajte-si-novy-kusok-teraz-navyse-s-extra-zlavou\/"},"author":{"name":"Lena","@id":"https:\/\/blog.ccc.eu\/sk\/#\/schema\/person\/3fe23f84d7cc2af51f6f5ff134b1fcc1"},"headline":"Nena\u0161li ste pod strom\u010dekom v\u00e1\u0161 vyt\u00fa\u017een\u00fd dar\u010dek? Doprajte si nov\u00fd k\u00fasok, teraz navy\u0161e s extra z\u013eavou!","datePublished":"2023-01-09T11:59:20+00:00","dateModified":"2023-09-01T10:01:18+00:00","mainEntityOfPage":{"@id":"https:\/\/blog.ccc.eu\/sk\/nenasli-ste-pod-stromcekom-vas-vytuzeny-darcek-doprajte-si-novy-kusok-teraz-navyse-s-extra-zlavou\/"},"wordCount":913,"commentCount":0,"publisher":{"@id":"https:\/\/blog.ccc.eu\/sk\/#organization"},"image":{"@id":"https:\/\/blog.ccc.eu\/sk\/nenasli-ste-pod-stromcekom-vas-vytuzeny-darcek-doprajte-si-novy-kusok-teraz-navyse-s-extra-zlavou\/#primaryimage"},"thumbnailUrl":"https:\/\/blog.ccc.eu\/sk\/wp-content\/uploads\/2023\/01\/1664_gino_rossi_AW22_1_dpi120-Copy.jpg","keywords":["d\u00e1mske doplnky","d\u00e1mske kabelky","d\u00e1mske oble\u010denie","d\u00e1mske top\u00e1nky","zima"],"articleSection":["M\u00d3DNE TIPY"],"inLanguage":"sk-SK","potentialAction":[{"@type":"CommentAction","name":"Comment","target":["https:\/\/blog.ccc.eu\/sk\/nenasli-ste-pod-stromcekom-vas-vytuzeny-darcek-doprajte-si-novy-kusok-teraz-navyse-s-extra-zlavou\/#respond"]}]},{"@type":"WebPage","@id":"https:\/\/blog.ccc.eu\/sk\/nenasli-ste-pod-stromcekom-vas-vytuzeny-darcek-doprajte-si-novy-kusok-teraz-navyse-s-extra-zlavou\/","url":"https:\/\/blog.ccc.eu\/sk\/nenasli-ste-pod-stromcekom-vas-vytuzeny-darcek-doprajte-si-novy-kusok-teraz-navyse-s-extra-zlavou\/","name":"Nena\u0161li ste pod strom\u010dekom v\u00e1\u0161 vyt\u00fa\u017een\u00fd dar\u010dek? Doprajte si nov\u00fd k\u00fasok, teraz navy\u0161e s extra z\u013eavou! - blog.ccc.eu\/sk","isPartOf":{"@id":"https:\/\/blog.ccc.eu\/sk\/#website"},"primaryImageOfPage":{"@id":"https:\/\/blog.ccc.eu\/sk\/nenasli-ste-pod-stromcekom-vas-vytuzeny-darcek-doprajte-si-novy-kusok-teraz-navyse-s-extra-zlavou\/#primaryimage"},"image":{"@id":"https:\/\/blog.ccc.eu\/sk\/nenasli-ste-pod-stromcekom-vas-vytuzeny-darcek-doprajte-si-novy-kusok-teraz-navyse-s-extra-zlavou\/#primaryimage"},"thumbnailUrl":"https:\/\/blog.ccc.eu\/sk\/wp-content\/uploads\/2023\/01\/1664_gino_rossi_AW22_1_dpi120-Copy.jpg","datePublished":"2023-01-09T11:59:20+00:00","dateModified":"2023-09-01T10:01:18+00:00","description":"Nena\u0161li ste si pod strom\u010dekom v\u00e1\u0161 vyt\u00fa\u017een\u00fd dar\u010dek? Aktu\u00e1lne si m\u00f4\u017eete dopria\u0165 nov\u00e9 k\u00fasky do \u0161atn\u00edku a to navy\u0161e so z\u013eavou a\u017e do v\u00fd\u0161ky -70 %.","breadcrumb":{"@id":"https:\/\/blog.ccc.eu\/sk\/nenasli-ste-pod-stromcekom-vas-vytuzeny-darcek-doprajte-si-novy-kusok-teraz-navyse-s-extra-zlavou\/#breadcrumb"},"inLanguage":"sk-SK","potentialAction":[{"@type":"ReadAction","target":["https:\/\/blog.ccc.eu\/sk\/nenasli-ste-pod-stromcekom-vas-vytuzeny-darcek-doprajte-si-novy-kusok-teraz-navyse-s-extra-zlavou\/"]}]},{"@type":"ImageObject","inLanguage":"sk-SK","@id":"https:\/\/blog.ccc.eu\/sk\/nenasli-ste-pod-stromcekom-vas-vytuzeny-darcek-doprajte-si-novy-kusok-teraz-navyse-s-extra-zlavou\/#primaryimage","url":"https:\/\/blog.ccc.eu\/sk\/wp-content\/uploads\/2023\/01\/1664_gino_rossi_AW22_1_dpi120-Copy.jpg","contentUrl":"https:\/\/blog.ccc.eu\/sk\/wp-content\/uploads\/2023\/01\/1664_gino_rossi_AW22_1_dpi120-Copy.jpg","width":1400,"height":1867,"caption":"mal\u00e9 nude ta\u0161ky"},{"@type":"BreadcrumbList","@id":"https:\/\/blog.ccc.eu\/sk\/nenasli-ste-pod-stromcekom-vas-vytuzeny-darcek-doprajte-si-novy-kusok-teraz-navyse-s-extra-zlavou\/#breadcrumb","itemListElement":[{"@type":"ListItem","position":1,"name":"Strona g\u0142\u00f3wna","item":"https:\/\/blog.ccc.eu\/sk\/"},{"@type":"ListItem","position":2,"name":"Nena\u0161li ste pod strom\u010dekom v\u00e1\u0161 vyt\u00fa\u017een\u00fd dar\u010dek? Doprajte si nov\u00fd k\u00fasok, teraz navy\u0161e s extra z\u013eavou!"}]},{"@type":"WebSite","@id":"https:\/\/blog.ccc.eu\/sk\/#website","url":"https:\/\/blog.ccc.eu\/sk\/","name":"blog.ccc.eu\/sk","description":"Va\u0161e miesto pln\u00e9 m\u00f3dnych in\u0161pir\u00e1ci\u00ed","publisher":{"@id":"https:\/\/blog.ccc.eu\/sk\/#organization"},"potentialAction":[{"@type":"SearchAction","target":{"@type":"EntryPoint","urlTemplate":"https:\/\/blog.ccc.eu\/sk\/?s={search_term_string}"},"query-input":{"@type":"PropertyValueSpecification","valueRequired":true,"valueName":"search_term_string"}}],"inLanguage":"sk-SK"},{"@type":"Organization","@id":"https:\/\/blog.ccc.eu\/sk\/#organization","name":"CCC S.A.","url":"https:\/\/blog.ccc.eu\/sk\/","logo":{"@type":"ImageObject","inLanguage":"sk-SK","@id":"https:\/\/blog.ccc.eu\/sk\/#\/schema\/logo\/image\/","url":"https:\/\/blog.ccc.eu\/sk\/wp-content\/uploads\/2021\/11\/logo_ccc.png","contentUrl":"https:\/\/blog.ccc.eu\/sk\/wp-content\/uploads\/2021\/11\/logo_ccc.png","width":730,"height":270,"caption":"CCC S.A."},"image":{"@id":"https:\/\/blog.ccc.eu\/sk\/#\/schema\/logo\/image\/"}},{"@type":"Person","@id":"https:\/\/blog.ccc.eu\/sk\/#\/schema\/person\/3fe23f84d7cc2af51f6f5ff134b1fcc1","name":"Lena","image":{"@type":"ImageObject","inLanguage":"sk-SK","@id":"https:\/\/blog.ccc.eu\/sk\/#\/schema\/person\/image\/","url":"https:\/\/blog.ccc.eu\/sk\/wp-content\/uploads\/2022\/06\/MicrosoftTeams-image-2-100x100.jpg","contentUrl":"https:\/\/blog.ccc.eu\/sk\/wp-content\/uploads\/2022\/06\/MicrosoftTeams-image-2-100x100.jpg","caption":"Lena"},"description":"Absolventka digit\u00e1lneho marketingu so sk\u00fasenos\u0165ami s content marketingom a (ve\u013emi prekvapivo) copywritingom. Vo vo\u013enom \u010dase rada nos\u00ed platformy a sna\u017e\u00ed sa n\u00e1kupy vo fast-fashion re\u0165azcoch vyva\u017eova\u0165 t\u00fdmi sek\u00e1\u010dov\u00fdmi a swapov\u00fdmi.","url":"https:\/\/blog.ccc.eu\/sk\/author\/paulina-jarmul\/"}]}},"_links":{"self":[{"href":"https:\/\/blog.ccc.eu\/sk\/wp-json\/wp\/v2\/posts\/5691","targetHints":{"allow":["GET"]}}],"collection":[{"href":"https:\/\/blog.ccc.eu\/sk\/wp-json\/wp\/v2\/posts"}],"about":[{"href":"https:\/\/blog.ccc.eu\/sk\/wp-json\/wp\/v2\/types\/post"}],"author":[{"embeddable":true,"href":"https:\/\/blog.ccc.eu\/sk\/wp-json\/wp\/v2\/users\/9"}],"replies":[{"embeddable":true,"href":"https:\/\/blog.ccc.eu\/sk\/wp-json\/wp\/v2\/comments?post=5691"}],"version-history":[{"count":2,"href":"https:\/\/blog.ccc.eu\/sk\/wp-json\/wp\/v2\/posts\/5691\/revisions"}],"predecessor-version":[{"id":6990,"href":"https:\/\/blog.ccc.eu\/sk\/wp-json\/wp\/v2\/posts\/5691\/revisions\/6990"}],"wp:featuredmedia":[{"embeddable":true,"href":"https:\/\/blog.ccc.eu\/sk\/wp-json\/wp\/v2\/media\/5692"}],"wp:attachment":[{"href":"https:\/\/blog.ccc.eu\/sk\/wp-json\/wp\/v2\/media?parent=5691"}],"wp:term":[{"taxonomy":"category","embeddable":true,"href":"https:\/\/blog.ccc.eu\/sk\/wp-json\/wp\/v2\/categories?post=5691"},{"taxonomy":"post_tag","embeddable":true,"href":"https:\/\/blog.ccc.eu\/sk\/wp-json\/wp\/v2\/tags?post=5691"}],"curies":[{"name":"wp","href":"https:\/\/api.w.org\/{rel}","templated":true}]}}