{"id":6247,"date":"2023-01-31T11:29:00","date_gmt":"2023-01-31T10:29:00","guid":{"rendered":"https:\/\/blog.ccc.eu\/sk\/?p=6247"},"modified":"2023-01-31T11:29:01","modified_gmt":"2023-01-31T10:29:01","slug":"najtrendy-damske-tasky-jar-leto-2023","status":"publish","type":"post","link":"https:\/\/blog.ccc.eu\/sk\/najtrendy-damske-tasky-jar-leto-2023\/","title":{"rendered":"Najtrendy d\u00e1mske ta\u0161ky jar\/leto 2023"},"content":{"rendered":"\n<p><b>Kabelka \u2013 najlep\u0161ia ne\u017eiv\u00e1 kamar\u00e1tka ka\u017edej \u017eeny. S\u00fahlas\u00edte? Srdce ka\u017edej kabelkovej mania\u010dky pri \u010d\u00edtan\u00ed nasleduj\u00facich riadkoch pookreje. M\u00f3dni dizajn\u00e9ri a&nbsp;kabelkov\u00e9 trendy sa odr\u00e1\u017eaj\u00fa z&nbsp;t\u00fdch minuloro\u010dn\u00fdch, ale nebojte sa. St\u00e1le nebude ch\u00fdba\u0165 mno\u017estvo in\u0161pirat\u00edvnych noviniek. Maximalistick\u00e9 ta\u0161ky, kabelky, ktor\u00e9 by ste si pom\u00fdlili so \u0161perkom, aj jednoduch\u00e9 a praktick\u00e9, prisp\u00f4soben\u00e9 na v\u00e1\u0161 ka\u017edodenn\u00fd \u017eivot.<\/b><\/p>\n\n\n\n<p><strong>Pre\u010d\u00edtajte si tie\u017e: <\/strong><a href=\"https:\/\/blog.ccc.eu\/sk\/pozname-najnovsie-modne-trendy-na-jar-leto-2023\/\">Pozn\u00e1me najnov\u0161ie m\u00f3dne trendy na jar\/leto 2023!<\/a><\/p>\n\n\n\n<p><em>V pr\u00edpade, \u017ee najnov\u0161ie m\u00f3dne trendy sledujete pozorne, ur\u010dite ste si v\u0161imli, \u017ee dizajn\u00e9ri nadv\u00e4zuj\u00fa na ikonick\u00e9 modely, ktor\u00fdm d\u00e1vaj\u00fa s\u00fa\u010dasn\u00fd 2023 rozmer.<\/em><\/p>\n\n\n\n<figure class=\"wp-block-gallery has-nested-images columns-default is-cropped wp-block-gallery-1 is-layout-flex wp-block-gallery-is-layout-flex\">\n<figure class=\"wp-block-image size-large\"><img loading=\"lazy\" decoding=\"async\" width=\"1024\" height=\"683\" data-id=\"6248\" src=\"https:\/\/blog.ccc.eu\/sk\/wp-content\/uploads\/2023\/01\/Jenny-Fairy-LB-AW22_Shot-19_4135-Copy-1024x683.jpg\" alt=\"\" class=\"wp-image-6248\" srcset=\"https:\/\/blog.ccc.eu\/sk\/wp-content\/uploads\/2023\/01\/Jenny-Fairy-LB-AW22_Shot-19_4135-Copy-1024x683.jpg 1024w, https:\/\/blog.ccc.eu\/sk\/wp-content\/uploads\/2023\/01\/Jenny-Fairy-LB-AW22_Shot-19_4135-Copy-300x200.jpg 300w, https:\/\/blog.ccc.eu\/sk\/wp-content\/uploads\/2023\/01\/Jenny-Fairy-LB-AW22_Shot-19_4135-Copy-768x512.jpg 768w, https:\/\/blog.ccc.eu\/sk\/wp-content\/uploads\/2023\/01\/Jenny-Fairy-LB-AW22_Shot-19_4135-Copy-100x67.jpg 100w, https:\/\/blog.ccc.eu\/sk\/wp-content\/uploads\/2023\/01\/Jenny-Fairy-LB-AW22_Shot-19_4135-Copy.jpg 1200w\" sizes=\"auto, (max-width: 1024px) 100vw, 1024px\" \/><\/figure>\n<\/figure>\n\n\n\n<h2 class=\"wp-block-heading\">XXL ta\u0161ky<\/h2>\n\n\n\n<p>Nov\u00e1 sez\u00f3na hl\u00e1si <em>Big Bag Energy!<\/em> T\u00fa minul\u00fa boli na vrchole miniat\u00farne kabelky, vyzeraj\u00face sk\u00f4r ako pre b\u00e1biku. Netvrd\u00edme, \u017ee im nadobro odzvonilo. No kone\u010dne si so sebou m\u00f4\u017eete zobra\u0165 v\u0161etko potrebn\u00e9, aj nepotrebn\u00e9, trendy s\u00fa toti\u017eto obrovit\u00e1nske ta\u0161ky!<\/p>\n\n\n\n<p>S\u00fa ve\u013ek\u00e9, trendy viac ako kedyko\u013evek predt\u00fdm a hlavne s\u00fa sp\u00e4\u0165. Do\u010dkali sa a predieraj\u00fa sa na v\u00fdslnie \u010fal\u0161ej sez\u00f3ny. Predstavuj\u00fa protip\u00f3l k drobn\u00fdm baguette ta\u0161k\u00e1m z 90. rokov.<\/p>\n\n\n\n<p>Ve\u013ek\u00e9 ta\u0161ky m\u00e1me radi. To nebudeme klama\u0165. Ve\u013ek\u00e9 ta\u0161ky ovl\u00e1dli m\u00f3la zna\u010diek Ala\u00efa, Bottega a Herm\u00e9s <em>(a netreba zab\u00fada\u0165 na neskuto\u010dne ve\u013ek\u00e9 m\u00f3dne \u201cvrecia\u201d zna\u010diek Balenciaga a Sportmax). <\/em>Je jasn\u00e9, \u017ee trend sa zmenil. Pokia\u013e ide o ta\u0161ky na t\u00fato sez\u00f3nu, plat\u00ed: <em>\u010d\u00edm v\u00e4\u010d\u0161ie, t\u00fdm lep\u0161ie.<\/em><\/p>\n\n\n\n<p>A \u00faprimne, my jednoducho milujeme ta\u0161ky, ktor\u00e9 n\u00e1m umo\u017e\u0148uje nosi\u0165 so sebou cel\u00fa dom\u00e1cnos\u0165. V pr\u00edpade, \u017ee potrebujete priestor na v\u0161etky va\u0161e drobnosti <em>(aj v\u00e4\u010d\u0161ie nevyhnutnosti)<\/em> po\u010das d\u0148a, m\u00e1te vyhrat\u00e9. T\u00fato jar budeme ma\u0165 priestor navy\u0161e.<\/p>\n\n\n\n<shortcode prop-category=\"D\u00e1msk\u00e9 kabelky\" prop-manufacturer=\"DeeZee\" prop-load-num=\"12\" prop-display-num=\"4\" prop-sku=\"5904862426266, 5904862189185, 5904862072050, 5904862426273, 5904862436975, 5904862071855, 5904862415673, 5904862050652, 5904862277455, 5904862162737, 5904862134437, 5904862082073, 5904862072715, 5904862073576, 5903698547534\" prop-view=\"slider\"><\/shortcode>        <div\r\n            class=\"eob-pf-shortcode\"\r\n            id=\"eobpf69f202fe76a01\"\r\n        >\r\n            <shortcode prop-category=\"D\u00e1msk\u00e9 kabelky\" prop-manufacturer=\"DeeZee\" prop-load-num=\"12\" prop-display-num=\"4\" prop-sku=\"5904862426266, 5904862189185, 5904862072050, 5904862426273, 5904862436975, 5904862071855, 5904862415673, 5904862050652, 5904862277455, 5904862162737, 5904862134437, 5904862082073, 5904862072715, 5904862073576, 5903698547534\" prop-view=\"slider\"><\/shortcode>        <\/div>\r\n\t\t<script>\r\n\t\t\tjQuery(document).ready(() => {\r\n\t\t\t    const root = document.getElementById('eobpf69f202fe76a01');\r\n                Vue.createApp({\r\n\t                components: {\r\n\t                    shortcode\r\n\t                }\r\n                }).mount(root);\r\n\t\t\t});\r\n\t\t<\/script>\r\n\t\t\r\n\t\t\n\n\n\n<p><\/p>\n\n\n\n<h2 class=\"wp-block-heading\">Ikonick\u00e9 bagetky<\/h2>\n\n\n\n<p>Akoby <em>bagetky<\/em> niekedy vy\u0161li z m\u00f3dy&#8230; tieto podlhovast\u00e9 ta\u0161ky s\u00fa st\u00e1le rovnako \u0161t\u00fdlov\u00e9 ako kedyko\u013evek predt\u00fdm. Fendi dokonca za\u0161la tak \u010faleko, \u017ee na nieko\u013eko ta\u0161iek z najnov\u0161ej kolekcie doslova nap\u00edsala <em>&#8222;Baguette.\u201d <\/em>Tomu hovor\u00edme \u00facta a poklona k m\u00f3de!<\/p>\n\n\n\n<p>Je jednoduch\u00e9 pochopi\u0165, pre\u010do je tento \u0161t\u00fdl st\u00e1le tak\u00fd ob\u013e\u00faben\u00fd. Univerz\u00e1lny tvar bagetiek je presne akur\u00e1t. Zatia\u013e \u010do popruh sa d\u00e1 pou\u017ei\u0165 ako ta\u0161ka cez rameno alebo ako kabelka do ruky.<\/p>\n\n\n\n<p>Baguette ta\u0161ky m\u00f4\u017eu by\u0165 zberate\u013esk\u00e9 k\u00fasky od \u0161pi\u010dkov\u00fdch dizajn\u00e9rov, ktor\u00e9 sl\u00fa\u017eia ako invest\u00edcia. Rovnako fast fashion k\u00fasky, popul\u00e1rne na TikToku. To znamen\u00e1, \u017ee svoju baguette ta\u0161ku si n\u00e1jde a m\u00f4\u017ee dopria\u0165 skuto\u010dne ka\u017ed\u00fd.<\/p>\n\n\n\n<p>Na rok 2023 s\u00fa\u010dasn\u00ed dizajn\u00e9ri predstavili bagetky vo ve\u013emi jednoduchej a minimalistickej verzii, ako aj v o\u010daruj\u00facom a v\u00fdraznom lesku. V CCC n\u00e1jdete kr\u00e1sne baguette ta\u0161ky od zna\u010diek Jenny Fairy a Gino Rossi. Dokonal\u00e9 ta\u0161ky, ktor\u00e9 poskytuj\u00fa praktick\u00e9 a z\u00e1rove\u0148 \u0161t\u00fdlov\u00e9 rie\u0161enie na v\u00e1\u0161 ka\u017edodenn\u00fd \u017eivot.<\/p>\n\n\n\n<shortcode prop-category=\"D\u00e1msk\u00e9 kabelky\" prop-manufacturer=\"Jenny Fairy\" prop-load-num=\"12\" prop-display-num=\"4\" prop-sku=\"5904862376172, 5904862445359, 5904862050775, 5904862376189, 5904862050973,  5904862445342, 5904862012827, 5904248997564, 5904248956523, 5904248822446\" prop-view=\"slider\"><\/shortcode>        <div\r\n            class=\"eob-pf-shortcode\"\r\n            id=\"eobpf69f202fe76b17\"\r\n        >\r\n            <shortcode prop-category=\"D\u00e1msk\u00e9 kabelky\" prop-manufacturer=\"Jenny Fairy\" prop-load-num=\"12\" prop-display-num=\"4\" prop-sku=\"5904862376172, 5904862445359, 5904862050775, 5904862376189, 5904862050973,  5904862445342, 5904862012827, 5904248997564, 5904248956523, 5904248822446\" prop-view=\"slider\"><\/shortcode>        <\/div>\r\n\t\t<script>\r\n\t\t\tjQuery(document).ready(() => {\r\n\t\t\t    const root = document.getElementById('eobpf69f202fe76b17');\r\n                Vue.createApp({\r\n\t                components: {\r\n\t                    shortcode\r\n\t                }\r\n                }).mount(root);\r\n\t\t\t});\r\n\t\t<\/script>\r\n\t\t\r\n\t\t\n\n\n\n<p><\/p>\n\n\n\n<h2 class=\"wp-block-heading\">Metalick\u00fd lesk<\/h2>\n\n\n\n<p>Na jar sa budeme trblieta\u0165! Nasajte poriadnu ligotav\u00fa atmosf\u00e9ru. Kabelky v metalickom odtieni s\u00fa st\u00e1le v kurze, to zaru\u010duje m\u00f3dny dom Fendi. Na\u0161e doplnky sa bud\u00fa nadch\u00e1dzaj\u00facu sez\u00f3nu poriadne leskn\u00fa\u0165, najm\u00e4 ak kone\u010dne vykukn\u00fa prv\u00e9 letn\u00e9 l\u00fa\u010de.<\/p>\n\n\n\n<p>Metalick\u00e9 ta\u0161ky od <em>LaQuan Smith a Fendi <\/em>maj\u00fa radostn\u00fa podobu a trendy vzh\u013ead ako flitre, ale s\u00fa o nie\u010do elegantnej\u0161ie. Oble\u010dte sa do \u017eiariv\u00fdch farieb, mno\u017estva potla\u010d\u00ed a metalick\u00fdch doplnkov, aby na v\u00e1s v\u0161etci mohli o\u010di necha\u0165. Alebo tento trend vysk\u00fa\u0161ajte, aby ste o\u017eivili inak minimalistick\u00fd look.<\/p>\n\n\n\n<shortcode prop-category=\"D\u00e1msk\u00e9 kabelky\" prop-color=\"Strieborn\u00e1\" prop-load-num=\"12\" prop-display-num=\"4\" prop-sku=\"5904862011264, 5904862399133, 5904862398044, 5904248369248, 5904248579258, 5904248670726, 5904248667719, 5904248283858, 5904862398037, 5904248369255, 5904862399140, 5904248579418\" prop-view=\"slider\"><\/shortcode>        <div\r\n            class=\"eob-pf-shortcode\"\r\n            id=\"eobpf69f202fe76b53\"\r\n        >\r\n            <shortcode prop-category=\"D\u00e1msk\u00e9 kabelky\" prop-color=\"Strieborn\u00e1\" prop-load-num=\"12\" prop-display-num=\"4\" prop-sku=\"5904862011264, 5904862399133, 5904862398044, 5904248369248, 5904248579258, 5904248670726, 5904248667719, 5904248283858, 5904862398037, 5904248369255, 5904862399140, 5904248579418\" prop-view=\"slider\"><\/shortcode>        <\/div>\r\n\t\t<script>\r\n\t\t\tjQuery(document).ready(() => {\r\n\t\t\t    const root = document.getElementById('eobpf69f202fe76b53');\r\n                Vue.createApp({\r\n\t                components: {\r\n\t                    shortcode\r\n\t                }\r\n                }).mount(root);\r\n\t\t\t});\r\n\t\t<\/script>\r\n\t\t\r\n\t\t\n\n\n\n<p><\/p>\n\n\n\n<h2 class=\"wp-block-heading\">Dvojit\u00e1 kabelkov\u00e1 hra<\/h2>\n\n\n\n<p>Pre\u010do nosi\u0165 len jednu kabelku, ke\u010f m\u00f4\u017eeme nosi\u0165 dve? Ak ste r\u00e1no nerozhodn\u00e9, neplytvajte viac svoju energiou&#8230; Mal\u00e1 \u010dierna alebo ov\u00e1lna s trblietkami? Obe!<\/p>\n\n\n\n<p>Nejak takto sa museli t\u00fato sez\u00f3nu zam\u00fd\u0161\u013ea\u0165 mnoh\u00ed n\u00e1vrh\u00e1ri. Zna\u010dky od <em>Salvatore Ferragamo, Peter Do a The Row<\/em> n\u00e1m dali vedie\u0165, \u017ee jedna ta\u0161ka nesta\u010d\u00ed. A e\u0161te aj va\u0161a ikonick\u00e1 ta\u0161ka potrebuje svoju vlastn\u00fa.<\/p>\n\n\n\n<p>Jednou z najv\u00fdraznej\u0161\u00edch rpehliadok sez\u00f3ny bola rozhodne kolekcia Fendi Resort 2023 Collection. Tam sa vzdala pocta ikonickej ta\u0161ke <em>Fendi baguette<\/em>, z roku 1997. Na modelke sme mohli vidie\u0165 hne\u010f nieko\u013eko mal\u00fdch, ikonick\u00fdch k\u00faskov s\u00fa\u010dasne. &nbsp;<\/p>\n\n\n\n<p><strong>Pre\u010d\u00edtajte si tie\u017e: <\/strong><a href=\"https:\/\/blog.ccc.eu\/sk\/najtrendy-damske-topanky-jar-leto-2023\/\">Najtrendy d\u00e1mske top\u00e1nky jar\/leto 2023<\/a><\/p>\n\n\n\n<h2 class=\"wp-block-heading\">Ta\u0161ka namiesto \u0161perku&nbsp;<\/h2>\n\n\n\n<p>Od per\u00e1l cez flitre a\u017e po jemn\u00e9 detaily z peria. Kabelky bud\u00faceho roka si pod\u013ea mnoh\u00fdch n\u00e1vrh\u00e1rov zasl\u00fa\u017eia jemn\u00fd glamour n\u00e1dych. Ob\u010das je samotn\u00e1 kabelka tak v\u00fdrazn\u00e1 a ozdobn\u00e1, \u017ee plnohodnotne nahrad\u00ed \u0161perk. Mal\u00fd maximalizmus.<\/p>\n\n\n\n<p>J. W. Anderson vytvoril bl\u00fdskav\u00fa verziu svojej bumper bag. Chanel sa rozhodla ve\u013ek\u00fd po\u010det svojich kabeliek ozdobi\u0165 roztomil\u00fdmi, sladkovodn\u00fdmi perlami. Na prehliadke jar\/leto 2023 sa dokonca objavila aj mal\u00e1 Herm\u00e8s ta\u0161ka Kelly, ozdoben\u00e1 farebn\u00fdm per\u00edm. Taliansky m\u00f3dny dom Valentino dal klasickej aktovke \u0161mrnc jemn\u00fdmi a trblietav\u00fdmi flitrami. Mysl\u00edme si, \u017ee v\u0161etci v \u017eivote potrebujeme aspo\u0148 jednu poriadne trblietav\u00fa kabelku! Lep\u0161\u00ed doplnok na zlep\u0161enie n\u00e1lady si ani nevieme predstavi\u0165.<\/p>\n\n\n\n<p>Trblietky a \u017eiaru reflektorov si nemus\u00edme u\u017e\u00edva\u0165 len na Silvestra! Doprajte si ich po cel\u00fd rok. Pokojne v jemnej\u0161ej a decentnej verzii ako kabelky od Dries van Noten. Ale aj poriadne <em>vizu\u00e1lne hlasn\u00e9 verzie, <\/em>ozdoben\u00e9 na maximum, ako od Roger Vivier. V CCC si rovnako n\u00e1jdete svoju kabelku \u00e0 la \u0161perk od zna\u010diek Jenny Fairy a DeeZee.<\/p>\n\n\n\n<shortcode prop-category=\"D\u00e1msk\u00e9 kabelky\" prop-manufacturer=\"Jenny Fairy\" prop-load-num=\"12\" prop-display-num=\"4\" prop-sku=\"5904862444079, 5904862372532, 5904862185248, 5904862137711, 5904862137513, 5904862137698, 5904862137476, 5904248956554, 5904862137483\" prop-view=\"slider\"><\/shortcode>        <div\r\n            class=\"eob-pf-shortcode\"\r\n            id=\"eobpf69f202fe76b7f\"\r\n        >\r\n            <shortcode prop-category=\"D\u00e1msk\u00e9 kabelky\" prop-manufacturer=\"Jenny Fairy\" prop-load-num=\"12\" prop-display-num=\"4\" prop-sku=\"5904862444079, 5904862372532, 5904862185248, 5904862137711, 5904862137513, 5904862137698, 5904862137476, 5904248956554, 5904862137483\" prop-view=\"slider\"><\/shortcode>        <\/div>\r\n\t\t<script>\r\n\t\t\tjQuery(document).ready(() => {\r\n\t\t\t    const root = document.getElementById('eobpf69f202fe76b7f');\r\n                Vue.createApp({\r\n\t                components: {\r\n\t                    shortcode\r\n\t                }\r\n                }).mount(root);\r\n\t\t\t});\r\n\t\t<\/script>\r\n\t\t\r\n\t\t\n\n\n\n<h2 class=\"wp-block-heading\">Strieborn\u00e1 kra\u013euje<\/h2>\n\n\n\n<p>Strieborn\u00e1 je zv\u00e4\u010d\u0161a zvyknut\u00e1 by\u0165 a\u017e t\u00e1 druh\u00e1 v&nbsp;porad\u00ed, no nie v&nbsp;tomto pr\u00edpade. Striebro za\u017e\u00edva svoje obdobie. Nielen \u0161perky a top\u00e1nky, ale aj kabelky s\u00fa te\u0161ia odet\u00e9 v tomto lesklom odtieni.<\/p>\n\n\n\n<p>Mo\u017eno je to v\u0161eobecnou chu\u0165ou po jemnom p\u00f4vabe. Alebo sp\u00f4sob ako urobi\u0165 vidite\u013en\u00e9, ale rafinovan\u00e9 vyhl\u00e1senie. Zna\u010dky ako Diesel, JW Anderson a Proenza Schouler s\u00fa na \u010dele s n\u00e1vrhmi v modernom a metalickom odtieni kabeliek, ktor\u00e9 m\u00f4\u017eeme nosi\u0165 od p\u00e1rty, a\u017e po be\u017en\u00fd de\u0148.<\/p>\n\n\n\n<p>Hoci ide o v\u00fdrazn\u00fd doplnok, ktor\u00fd pos\u00fava minimalistick\u00fd vzh\u013ead na nov\u00fa \u00farove\u0148, strieborn\u00e9 ta\u0161ky definuje jasn\u00e1 elegancia a nad\u010dasovos\u0165.<\/p>\n\n\n\n<shortcode prop-category=\"D\u00e1msk\u00e9 kabelky\" prop-color=\"Strieborn\u00e1\" prop-manufacturer=\"Jenny Fairy\" prop-load-num=\"12\" prop-display-num=\"4\" prop-sku=\"5904862544823, 5904862442976, 5904862443034, 5904248670726, 5904248450885, 5904248283858, 5904248671693\" prop-view=\"slider\"><\/shortcode>        <div\r\n            class=\"eob-pf-shortcode\"\r\n            id=\"eobpf69f202fe76ba6\"\r\n        >\r\n            <shortcode prop-category=\"D\u00e1msk\u00e9 kabelky\" prop-color=\"Strieborn\u00e1\" prop-manufacturer=\"Jenny Fairy\" prop-load-num=\"12\" prop-display-num=\"4\" prop-sku=\"5904862544823, 5904862442976, 5904862443034, 5904248670726, 5904248450885, 5904248283858, 5904248671693\" prop-view=\"slider\"><\/shortcode>        <\/div>\r\n\t\t<script>\r\n\t\t\tjQuery(document).ready(() => {\r\n\t\t\t    const root = document.getElementById('eobpf69f202fe76ba6');\r\n                Vue.createApp({\r\n\t                components: {\r\n\t                    shortcode\r\n\t                }\r\n                }).mount(root);\r\n\t\t\t});\r\n\t\t<\/script>\r\n\t\t\r\n\t\t\n\n\n\n<h2 class=\"wp-block-heading\">Striktn\u00fd minimalizmus<\/h2>\n\n\n\n<p>Mo\u017eno v roku 2023 pri\u0161iel \u010das na poriadny prievan v \u0161atn\u00edku. Zbyto\u010dn\u00e9 vyradi\u0165 a vr\u00e1ti\u0165 sa sp\u00e4\u0165 ku kore\u0148om. Minimalizmus v\u0161ak neznamen\u00e1 nudu. Ultraminimalistick\u00e1 estetika je jednoduch\u00e1, \u010dist\u00e1 a ak je uroben\u00e1 spr\u00e1vne, p\u00f4sob\u00ed luxusne a draho aj bez v\u00e4\u010d\u0161ej n\u00e1mahy.\u00a0<\/p>\n\n\n\n<shortcode prop-category=\"D\u00e1msk\u00e9 kabelky\" prop-manufacturer=\"Gino Rossi\" prop-load-num=\"12\" prop-display-num=\"4\" prop-sku=\"5904248833015, 5904248832971, 5904248833091, 5904248800727, 5904248574017, 5904248664282, 5904248666729, 5904248568672, 5904248568856\" prop-view=\"slider\"><\/shortcode>        <div\r\n            class=\"eob-pf-shortcode\"\r\n            id=\"eobpf69f202fe76bca\"\r\n        >\r\n            <shortcode prop-category=\"D\u00e1msk\u00e9 kabelky\" prop-manufacturer=\"Gino Rossi\" prop-load-num=\"12\" prop-display-num=\"4\" prop-sku=\"5904248833015, 5904248832971, 5904248833091, 5904248800727, 5904248574017, 5904248664282, 5904248666729, 5904248568672, 5904248568856\" prop-view=\"slider\"><\/shortcode>        <\/div>\r\n\t\t<script>\r\n\t\t\tjQuery(document).ready(() => {\r\n\t\t\t    const root = document.getElementById('eobpf69f202fe76bca');\r\n                Vue.createApp({\r\n\t                components: {\r\n\t                    shortcode\r\n\t                }\r\n                }).mount(root);\r\n\t\t\t});\r\n\t\t<\/script>\r\n\t\t\r\n\t\t\n\n\n\n<h2 class=\"wp-block-heading\">Na retiazke<\/h2>\n\n\n\n<p>Prav\u00fd milovn\u00edk y2k estetiky vie, \u017ee kabelka na retiazke je ide\u00e1lna na ve\u010dern\u00e9 prech\u00e1dzky i pracovn\u00e9 obedy. Tieto ta\u0161ky s\u00fa mierne edgy, zato diev\u010densk\u00e9 a hodia sa takmer ku v\u0161etk\u00e9mu. Ta\u0161ky na retiazke s\u00fa zlat\u00fd stred medzi ta\u0161kami cez rameno a do ruky. Ak sa v\u00e1m ve\u013ek\u00e9 ta\u0161ky nep\u00e1\u010dia a rovnako nechcete nosi\u0165 len puzdro na karty, s\u00fa nie\u010do pre v\u00e1s.<\/p>\n\n\n\n<shortcode prop-category=\"D\u00e1msk\u00e9 kabelky\" prop-manufacturer=\"Badura\" prop-load-num=\"12\" prop-display-num=\"4\" prop-sku=\"5904862051598, 5904248927189, 5904862067988, 5904248393076, 5904248637811, 5904248391751, 5904248533984, 5904248532482, 5904248553265\" prop-view=\"slider\"><\/shortcode>        <div\r\n            class=\"eob-pf-shortcode\"\r\n            id=\"eobpf69f202fe76bed\"\r\n        >\r\n            <shortcode prop-category=\"D\u00e1msk\u00e9 kabelky\" prop-manufacturer=\"Badura\" prop-load-num=\"12\" prop-display-num=\"4\" prop-sku=\"5904862051598, 5904248927189, 5904862067988, 5904248393076, 5904248637811, 5904248391751, 5904248533984, 5904248532482, 5904248553265\" prop-view=\"slider\"><\/shortcode>        <\/div>\r\n\t\t<script>\r\n\t\t\tjQuery(document).ready(() => {\r\n\t\t\t    const root = document.getElementById('eobpf69f202fe76bed');\r\n                Vue.createApp({\r\n\t                components: {\r\n\t                    shortcode\r\n\t                }\r\n                }).mount(root);\r\n\t\t\t});\r\n\t\t<\/script>\r\n\t\t\r\n\t\t\n\n\n\n<h2 class=\"wp-block-heading\">Rozkvitnut\u00e9 a vo\u0148av\u00e9<\/h2>\n\n\n\n<p>Kvety na jarn\u00fa a letn\u00fa sez\u00f3nu? Ak\u00e9 prelomov\u00e9. Je to kli\u0161\u00e9? \u00c1no. M\u00e1me ho radi? \u00c1no! Od akcentov kvetov zna\u010dky Loewe na&#8230; no, <em>na v\u0161etkom, <\/em>a\u017e po \u017eiariv\u00e9 kvetinov\u00e9 potla\u010de u Valentino. Fl\u00f3ra bude op\u00e4\u0165 \u010fal\u0161iu sez\u00f3nu trendy. Kr\u00e1sne kvitn\u00face kabelky n\u00e1jdete napr\u00edklad od zna\u010dky Jenny Fairy. Wow!<\/p>\n\n\n\n<p><strong>Carousel: <\/strong><strong><\/strong><\/p>\n\n\n\n<shortcode prop-category=\"D\u00e1msk\u00e9 kabelky\" prop-manufacturer=\"Jenny Fairy\" prop-load-num=\"12\" prop-display-num=\"4\" prop-sku=\"5904248793777, 5904248670764, 5904248670788\" prop-view=\"slider\"><\/shortcode>        <div\r\n            class=\"eob-pf-shortcode\"\r\n            id=\"eobpf69f202fe76c0f\"\r\n        >\r\n            <shortcode prop-category=\"D\u00e1msk\u00e9 kabelky\" prop-manufacturer=\"Jenny Fairy\" prop-load-num=\"12\" prop-display-num=\"4\" prop-sku=\"5904248793777, 5904248670764, 5904248670788\" prop-view=\"slider\"><\/shortcode>        <\/div>\r\n\t\t<script>\r\n\t\t\tjQuery(document).ready(() => {\r\n\t\t\t    const root = document.getElementById('eobpf69f202fe76c0f');\r\n                Vue.createApp({\r\n\t                components: {\r\n\t                    shortcode\r\n\t                }\r\n                }).mount(root);\r\n\t\t\t});\r\n\t\t<\/script>\r\n\t\t\r\n\t\t\n\n\n\n<h2 class=\"wp-block-heading\">Kufr\u00edkov\u00e1 m\u00e1nia<\/h2>\n\n\n\n<p>\u010co tak kabelka v geometrickom tvare kufr\u00edka? Na jednej strane t\u00fdm odkazujeme na retro \u0161t\u00fdl, na druhej predvedieme z\u00e1klady modernizmu, ktor\u00fd miluje mas\u00edvne a v\u00fdrazn\u00e9 tvary. Modern\u00e9 kufr\u00edky na jar\/leto 2023 s\u00fa mal\u00e9, s kr\u00e1tkou rukov\u00e4\u0165ou a p\u00f4sobivo intenz\u00edvnymi farbami. V\u00fdrazn\u00e9, ale aj biele. Ve\u013emi svetl\u00e1 farba sa hod\u00ed k zemit\u00fdm farb\u00e1m a tlmen\u00fdm odtie\u0148om, \u010do dod\u00e1 cel\u00e9mu outfitu origin\u00e1lny, monochromatick\u00fd efekt. V tomto pr\u00edpade plat\u00ed: <em>Think inside the box!<\/em><\/p>\n","protected":false},"excerpt":{"rendered":"<p>Kabelka \u2013 najlep\u0161ia ne\u017eiv\u00e1 kamar\u00e1tka ka\u017edej \u017eeny. S\u00fahlas\u00edte? Srdce ka\u017edej kabelkovej mania\u010dky pri \u010d\u00edtan\u00ed nasleduj\u00facich riadkoch pookreje. M\u00f3dni dizajn\u00e9ri a&nbsp;kabelkov\u00e9 trendy sa odr\u00e1\u017eaj\u00fa z&nbsp;t\u00fdch minuloro\u010dn\u00fdch, ale nebojte sa. St\u00e1le nebude ch\u00fdba\u0165 mno\u017estvo in\u0161pirat\u00edvnych noviniek. Maximalistick\u00e9 ta\u0161ky, kabelky, ktor\u00e9 by ste si pom\u00fdlili so \u0161perkom, aj jednoduch\u00e9 a praktick\u00e9, prisp\u00f4soben\u00e9 na v\u00e1\u0161 ka\u017edodenn\u00fd \u017eivot. Pre\u010d\u00edtajte si [&hellip;]<\/p>\n","protected":false},"author":9,"featured_media":6248,"comment_status":"open","ping_status":"open","sticky":false,"template":"","format":"standard","meta":{"_acf_changed":false,"footnotes":""},"categories":[6],"tags":[818,9,823,827],"class_list":["post-6247","post","type-post","status-publish","format-standard","has-post-thumbnail","hentry","category-trendy","tag-damske-kabelky","tag-trendy","tag-trendy-2023","tag-trendy-jar-leto"],"acf":[],"yoast_head":"<!-- This site is optimized with the Yoast SEO plugin v26.9 - https:\/\/yoast.com\/product\/yoast-seo-wordpress\/ -->\n<title>Najtrendy d\u00e1mske ta\u0161ky jar\/leto 2023 - blog.ccc.eu\/sk<\/title>\n<meta name=\"description\" content=\"Kabelka je najlep\u0161ia ne\u017eiv\u00e1 kamar\u00e1tka ka\u017edej \u017eeny. S\u00fahlas\u00edte? Srdce ka\u017edej kabelkovej mania\u010dky pri \u010d\u00edtan\u00ed nasleduj\u00facich riadkoch pookreje. 2026\" \/>\n<meta name=\"robots\" content=\"index, follow, max-snippet:-1, max-image-preview:large, max-video-preview:-1\" \/>\n<link rel=\"canonical\" href=\"https:\/\/blog.ccc.eu\/sk\/najtrendy-damske-tasky-jar-leto-2023\/\" \/>\n<meta property=\"og:locale\" content=\"sk_SK\" \/>\n<meta property=\"og:type\" content=\"article\" \/>\n<meta property=\"og:title\" content=\"Najtrendy d\u00e1mske ta\u0161ky jar\/leto 2023 - blog.ccc.eu\/sk\" \/>\n<meta property=\"og:description\" content=\"Kabelka je najlep\u0161ia ne\u017eiv\u00e1 kamar\u00e1tka ka\u017edej \u017eeny. S\u00fahlas\u00edte? Srdce ka\u017edej kabelkovej mania\u010dky pri \u010d\u00edtan\u00ed nasleduj\u00facich riadkoch pookreje.\" \/>\n<meta property=\"og:url\" content=\"https:\/\/blog.ccc.eu\/sk\/najtrendy-damske-tasky-jar-leto-2023\/\" \/>\n<meta property=\"og:site_name\" content=\"blog.ccc.eu\/sk\" \/>\n<meta property=\"article:published_time\" content=\"2023-01-31T10:29:00+00:00\" \/>\n<meta property=\"article:modified_time\" content=\"2023-01-31T10:29:01+00:00\" \/>\n<meta property=\"og:image\" content=\"https:\/\/blog.ccc.eu\/sk\/wp-content\/uploads\/2023\/01\/Jenny-Fairy-LB-AW22_Shot-19_4135-Copy.jpg\" \/>\n\t<meta property=\"og:image:width\" content=\"1200\" \/>\n\t<meta property=\"og:image:height\" content=\"800\" \/>\n\t<meta property=\"og:image:type\" content=\"image\/jpeg\" \/>\n<meta name=\"author\" content=\"Lena\" \/>\n<meta name=\"twitter:card\" content=\"summary_large_image\" \/>\n<meta name=\"twitter:label1\" content=\"Autor\" \/>\n\t<meta name=\"twitter:data1\" content=\"Lena\" \/>\n\t<meta name=\"twitter:label2\" content=\"Predpokladan\u00fd \u010das \u010d\u00edtania\" \/>\n\t<meta name=\"twitter:data2\" content=\"7 min\u00fat\" \/>\n<script type=\"application\/ld+json\" class=\"yoast-schema-graph\">{\"@context\":\"https:\/\/schema.org\",\"@graph\":[{\"@type\":\"Article\",\"@id\":\"https:\/\/blog.ccc.eu\/sk\/najtrendy-damske-tasky-jar-leto-2023\/#article\",\"isPartOf\":{\"@id\":\"https:\/\/blog.ccc.eu\/sk\/najtrendy-damske-tasky-jar-leto-2023\/\"},\"author\":{\"name\":\"Lena\",\"@id\":\"https:\/\/blog.ccc.eu\/sk\/#\/schema\/person\/3fe23f84d7cc2af51f6f5ff134b1fcc1\"},\"headline\":\"Najtrendy d\u00e1mske ta\u0161ky jar\/leto 2023\",\"datePublished\":\"2023-01-31T10:29:00+00:00\",\"dateModified\":\"2023-01-31T10:29:01+00:00\",\"mainEntityOfPage\":{\"@id\":\"https:\/\/blog.ccc.eu\/sk\/najtrendy-damske-tasky-jar-leto-2023\/\"},\"wordCount\":1514,\"commentCount\":0,\"publisher\":{\"@id\":\"https:\/\/blog.ccc.eu\/sk\/#organization\"},\"image\":{\"@id\":\"https:\/\/blog.ccc.eu\/sk\/najtrendy-damske-tasky-jar-leto-2023\/#primaryimage\"},\"thumbnailUrl\":\"https:\/\/blog.ccc.eu\/sk\/wp-content\/uploads\/2023\/01\/Jenny-Fairy-LB-AW22_Shot-19_4135-Copy.jpg\",\"keywords\":[\"d\u00e1mske kabelky\",\"trendy\",\"trendy 2023\",\"trendy jar\/leto\"],\"articleSection\":[\"trendy\"],\"inLanguage\":\"sk-SK\",\"potentialAction\":[{\"@type\":\"CommentAction\",\"name\":\"Comment\",\"target\":[\"https:\/\/blog.ccc.eu\/sk\/najtrendy-damske-tasky-jar-leto-2023\/#respond\"]}]},{\"@type\":\"WebPage\",\"@id\":\"https:\/\/blog.ccc.eu\/sk\/najtrendy-damske-tasky-jar-leto-2023\/\",\"url\":\"https:\/\/blog.ccc.eu\/sk\/najtrendy-damske-tasky-jar-leto-2023\/\",\"name\":\"Najtrendy d\u00e1mske ta\u0161ky jar\/leto 2023 - blog.ccc.eu\/sk\",\"isPartOf\":{\"@id\":\"https:\/\/blog.ccc.eu\/sk\/#website\"},\"primaryImageOfPage\":{\"@id\":\"https:\/\/blog.ccc.eu\/sk\/najtrendy-damske-tasky-jar-leto-2023\/#primaryimage\"},\"image\":{\"@id\":\"https:\/\/blog.ccc.eu\/sk\/najtrendy-damske-tasky-jar-leto-2023\/#primaryimage\"},\"thumbnailUrl\":\"https:\/\/blog.ccc.eu\/sk\/wp-content\/uploads\/2023\/01\/Jenny-Fairy-LB-AW22_Shot-19_4135-Copy.jpg\",\"datePublished\":\"2023-01-31T10:29:00+00:00\",\"dateModified\":\"2023-01-31T10:29:01+00:00\",\"description\":\"Kabelka je najlep\u0161ia ne\u017eiv\u00e1 kamar\u00e1tka ka\u017edej \u017eeny. S\u00fahlas\u00edte? Srdce ka\u017edej kabelkovej mania\u010dky pri \u010d\u00edtan\u00ed nasleduj\u00facich riadkoch pookreje.\",\"breadcrumb\":{\"@id\":\"https:\/\/blog.ccc.eu\/sk\/najtrendy-damske-tasky-jar-leto-2023\/#breadcrumb\"},\"inLanguage\":\"sk-SK\",\"potentialAction\":[{\"@type\":\"ReadAction\",\"target\":[\"https:\/\/blog.ccc.eu\/sk\/najtrendy-damske-tasky-jar-leto-2023\/\"]}]},{\"@type\":\"ImageObject\",\"inLanguage\":\"sk-SK\",\"@id\":\"https:\/\/blog.ccc.eu\/sk\/najtrendy-damske-tasky-jar-leto-2023\/#primaryimage\",\"url\":\"https:\/\/blog.ccc.eu\/sk\/wp-content\/uploads\/2023\/01\/Jenny-Fairy-LB-AW22_Shot-19_4135-Copy.jpg\",\"contentUrl\":\"https:\/\/blog.ccc.eu\/sk\/wp-content\/uploads\/2023\/01\/Jenny-Fairy-LB-AW22_Shot-19_4135-Copy.jpg\",\"width\":1200,\"height\":800,\"caption\":\"mal\u00e9 kabelky\"},{\"@type\":\"BreadcrumbList\",\"@id\":\"https:\/\/blog.ccc.eu\/sk\/najtrendy-damske-tasky-jar-leto-2023\/#breadcrumb\",\"itemListElement\":[{\"@type\":\"ListItem\",\"position\":1,\"name\":\"Strona g\u0142\u00f3wna\",\"item\":\"https:\/\/blog.ccc.eu\/sk\/\"},{\"@type\":\"ListItem\",\"position\":2,\"name\":\"Najtrendy d\u00e1mske ta\u0161ky jar\/leto 2023\"}]},{\"@type\":\"WebSite\",\"@id\":\"https:\/\/blog.ccc.eu\/sk\/#website\",\"url\":\"https:\/\/blog.ccc.eu\/sk\/\",\"name\":\"blog.ccc.eu\/sk\",\"description\":\"Va\u0161e miesto pln\u00e9 m\u00f3dnych in\u0161pir\u00e1ci\u00ed\",\"publisher\":{\"@id\":\"https:\/\/blog.ccc.eu\/sk\/#organization\"},\"potentialAction\":[{\"@type\":\"SearchAction\",\"target\":{\"@type\":\"EntryPoint\",\"urlTemplate\":\"https:\/\/blog.ccc.eu\/sk\/?s={search_term_string}\"},\"query-input\":{\"@type\":\"PropertyValueSpecification\",\"valueRequired\":true,\"valueName\":\"search_term_string\"}}],\"inLanguage\":\"sk-SK\"},{\"@type\":\"Organization\",\"@id\":\"https:\/\/blog.ccc.eu\/sk\/#organization\",\"name\":\"CCC S.A.\",\"url\":\"https:\/\/blog.ccc.eu\/sk\/\",\"logo\":{\"@type\":\"ImageObject\",\"inLanguage\":\"sk-SK\",\"@id\":\"https:\/\/blog.ccc.eu\/sk\/#\/schema\/logo\/image\/\",\"url\":\"https:\/\/blog.ccc.eu\/sk\/wp-content\/uploads\/2021\/11\/logo_ccc.png\",\"contentUrl\":\"https:\/\/blog.ccc.eu\/sk\/wp-content\/uploads\/2021\/11\/logo_ccc.png\",\"width\":730,\"height\":270,\"caption\":\"CCC S.A.\"},\"image\":{\"@id\":\"https:\/\/blog.ccc.eu\/sk\/#\/schema\/logo\/image\/\"}},{\"@type\":\"Person\",\"@id\":\"https:\/\/blog.ccc.eu\/sk\/#\/schema\/person\/3fe23f84d7cc2af51f6f5ff134b1fcc1\",\"name\":\"Lena\",\"image\":{\"@type\":\"ImageObject\",\"inLanguage\":\"sk-SK\",\"@id\":\"https:\/\/blog.ccc.eu\/sk\/#\/schema\/person\/image\/\",\"url\":\"https:\/\/blog.ccc.eu\/sk\/wp-content\/uploads\/2022\/06\/MicrosoftTeams-image-2-100x100.jpg\",\"contentUrl\":\"https:\/\/blog.ccc.eu\/sk\/wp-content\/uploads\/2022\/06\/MicrosoftTeams-image-2-100x100.jpg\",\"caption\":\"Lena\"},\"description\":\"Absolventka digit\u00e1lneho marketingu so sk\u00fasenos\u0165ami s content marketingom a (ve\u013emi prekvapivo) copywritingom. Vo vo\u013enom \u010dase rada nos\u00ed platformy a sna\u017e\u00ed sa n\u00e1kupy vo fast-fashion re\u0165azcoch vyva\u017eova\u0165 t\u00fdmi sek\u00e1\u010dov\u00fdmi a swapov\u00fdmi.\",\"url\":\"https:\/\/blog.ccc.eu\/sk\/author\/paulina-jarmul\/\"}]}<\/script>\n<!-- \/ Yoast SEO plugin. -->","yoast_head_json":{"title":"Najtrendy d\u00e1mske ta\u0161ky jar\/leto 2023 - blog.ccc.eu\/sk","description":"Kabelka je najlep\u0161ia ne\u017eiv\u00e1 kamar\u00e1tka ka\u017edej \u017eeny. S\u00fahlas\u00edte? Srdce ka\u017edej kabelkovej mania\u010dky pri \u010d\u00edtan\u00ed nasleduj\u00facich riadkoch pookreje. 2026","robots":{"index":"index","follow":"follow","max-snippet":"max-snippet:-1","max-image-preview":"max-image-preview:large","max-video-preview":"max-video-preview:-1"},"canonical":"https:\/\/blog.ccc.eu\/sk\/najtrendy-damske-tasky-jar-leto-2023\/","og_locale":"sk_SK","og_type":"article","og_title":"Najtrendy d\u00e1mske ta\u0161ky jar\/leto 2023 - blog.ccc.eu\/sk","og_description":"Kabelka je najlep\u0161ia ne\u017eiv\u00e1 kamar\u00e1tka ka\u017edej \u017eeny. S\u00fahlas\u00edte? Srdce ka\u017edej kabelkovej mania\u010dky pri \u010d\u00edtan\u00ed nasleduj\u00facich riadkoch pookreje.","og_url":"https:\/\/blog.ccc.eu\/sk\/najtrendy-damske-tasky-jar-leto-2023\/","og_site_name":"blog.ccc.eu\/sk","article_published_time":"2023-01-31T10:29:00+00:00","article_modified_time":"2023-01-31T10:29:01+00:00","og_image":[{"width":1200,"height":800,"url":"https:\/\/blog.ccc.eu\/sk\/wp-content\/uploads\/2023\/01\/Jenny-Fairy-LB-AW22_Shot-19_4135-Copy.jpg","type":"image\/jpeg"}],"author":"Lena","twitter_card":"summary_large_image","twitter_misc":{"Autor":"Lena","Predpokladan\u00fd \u010das \u010d\u00edtania":"7 min\u00fat"},"schema":{"@context":"https:\/\/schema.org","@graph":[{"@type":"Article","@id":"https:\/\/blog.ccc.eu\/sk\/najtrendy-damske-tasky-jar-leto-2023\/#article","isPartOf":{"@id":"https:\/\/blog.ccc.eu\/sk\/najtrendy-damske-tasky-jar-leto-2023\/"},"author":{"name":"Lena","@id":"https:\/\/blog.ccc.eu\/sk\/#\/schema\/person\/3fe23f84d7cc2af51f6f5ff134b1fcc1"},"headline":"Najtrendy d\u00e1mske ta\u0161ky jar\/leto 2023","datePublished":"2023-01-31T10:29:00+00:00","dateModified":"2023-01-31T10:29:01+00:00","mainEntityOfPage":{"@id":"https:\/\/blog.ccc.eu\/sk\/najtrendy-damske-tasky-jar-leto-2023\/"},"wordCount":1514,"commentCount":0,"publisher":{"@id":"https:\/\/blog.ccc.eu\/sk\/#organization"},"image":{"@id":"https:\/\/blog.ccc.eu\/sk\/najtrendy-damske-tasky-jar-leto-2023\/#primaryimage"},"thumbnailUrl":"https:\/\/blog.ccc.eu\/sk\/wp-content\/uploads\/2023\/01\/Jenny-Fairy-LB-AW22_Shot-19_4135-Copy.jpg","keywords":["d\u00e1mske kabelky","trendy","trendy 2023","trendy jar\/leto"],"articleSection":["trendy"],"inLanguage":"sk-SK","potentialAction":[{"@type":"CommentAction","name":"Comment","target":["https:\/\/blog.ccc.eu\/sk\/najtrendy-damske-tasky-jar-leto-2023\/#respond"]}]},{"@type":"WebPage","@id":"https:\/\/blog.ccc.eu\/sk\/najtrendy-damske-tasky-jar-leto-2023\/","url":"https:\/\/blog.ccc.eu\/sk\/najtrendy-damske-tasky-jar-leto-2023\/","name":"Najtrendy d\u00e1mske ta\u0161ky jar\/leto 2023 - blog.ccc.eu\/sk","isPartOf":{"@id":"https:\/\/blog.ccc.eu\/sk\/#website"},"primaryImageOfPage":{"@id":"https:\/\/blog.ccc.eu\/sk\/najtrendy-damske-tasky-jar-leto-2023\/#primaryimage"},"image":{"@id":"https:\/\/blog.ccc.eu\/sk\/najtrendy-damske-tasky-jar-leto-2023\/#primaryimage"},"thumbnailUrl":"https:\/\/blog.ccc.eu\/sk\/wp-content\/uploads\/2023\/01\/Jenny-Fairy-LB-AW22_Shot-19_4135-Copy.jpg","datePublished":"2023-01-31T10:29:00+00:00","dateModified":"2023-01-31T10:29:01+00:00","description":"Kabelka je najlep\u0161ia ne\u017eiv\u00e1 kamar\u00e1tka ka\u017edej \u017eeny. S\u00fahlas\u00edte? Srdce ka\u017edej kabelkovej mania\u010dky pri \u010d\u00edtan\u00ed nasleduj\u00facich riadkoch pookreje.","breadcrumb":{"@id":"https:\/\/blog.ccc.eu\/sk\/najtrendy-damske-tasky-jar-leto-2023\/#breadcrumb"},"inLanguage":"sk-SK","potentialAction":[{"@type":"ReadAction","target":["https:\/\/blog.ccc.eu\/sk\/najtrendy-damske-tasky-jar-leto-2023\/"]}]},{"@type":"ImageObject","inLanguage":"sk-SK","@id":"https:\/\/blog.ccc.eu\/sk\/najtrendy-damske-tasky-jar-leto-2023\/#primaryimage","url":"https:\/\/blog.ccc.eu\/sk\/wp-content\/uploads\/2023\/01\/Jenny-Fairy-LB-AW22_Shot-19_4135-Copy.jpg","contentUrl":"https:\/\/blog.ccc.eu\/sk\/wp-content\/uploads\/2023\/01\/Jenny-Fairy-LB-AW22_Shot-19_4135-Copy.jpg","width":1200,"height":800,"caption":"mal\u00e9 kabelky"},{"@type":"BreadcrumbList","@id":"https:\/\/blog.ccc.eu\/sk\/najtrendy-damske-tasky-jar-leto-2023\/#breadcrumb","itemListElement":[{"@type":"ListItem","position":1,"name":"Strona g\u0142\u00f3wna","item":"https:\/\/blog.ccc.eu\/sk\/"},{"@type":"ListItem","position":2,"name":"Najtrendy d\u00e1mske ta\u0161ky jar\/leto 2023"}]},{"@type":"WebSite","@id":"https:\/\/blog.ccc.eu\/sk\/#website","url":"https:\/\/blog.ccc.eu\/sk\/","name":"blog.ccc.eu\/sk","description":"Va\u0161e miesto pln\u00e9 m\u00f3dnych in\u0161pir\u00e1ci\u00ed","publisher":{"@id":"https:\/\/blog.ccc.eu\/sk\/#organization"},"potentialAction":[{"@type":"SearchAction","target":{"@type":"EntryPoint","urlTemplate":"https:\/\/blog.ccc.eu\/sk\/?s={search_term_string}"},"query-input":{"@type":"PropertyValueSpecification","valueRequired":true,"valueName":"search_term_string"}}],"inLanguage":"sk-SK"},{"@type":"Organization","@id":"https:\/\/blog.ccc.eu\/sk\/#organization","name":"CCC S.A.","url":"https:\/\/blog.ccc.eu\/sk\/","logo":{"@type":"ImageObject","inLanguage":"sk-SK","@id":"https:\/\/blog.ccc.eu\/sk\/#\/schema\/logo\/image\/","url":"https:\/\/blog.ccc.eu\/sk\/wp-content\/uploads\/2021\/11\/logo_ccc.png","contentUrl":"https:\/\/blog.ccc.eu\/sk\/wp-content\/uploads\/2021\/11\/logo_ccc.png","width":730,"height":270,"caption":"CCC S.A."},"image":{"@id":"https:\/\/blog.ccc.eu\/sk\/#\/schema\/logo\/image\/"}},{"@type":"Person","@id":"https:\/\/blog.ccc.eu\/sk\/#\/schema\/person\/3fe23f84d7cc2af51f6f5ff134b1fcc1","name":"Lena","image":{"@type":"ImageObject","inLanguage":"sk-SK","@id":"https:\/\/blog.ccc.eu\/sk\/#\/schema\/person\/image\/","url":"https:\/\/blog.ccc.eu\/sk\/wp-content\/uploads\/2022\/06\/MicrosoftTeams-image-2-100x100.jpg","contentUrl":"https:\/\/blog.ccc.eu\/sk\/wp-content\/uploads\/2022\/06\/MicrosoftTeams-image-2-100x100.jpg","caption":"Lena"},"description":"Absolventka digit\u00e1lneho marketingu so sk\u00fasenos\u0165ami s content marketingom a (ve\u013emi prekvapivo) copywritingom. Vo vo\u013enom \u010dase rada nos\u00ed platformy a sna\u017e\u00ed sa n\u00e1kupy vo fast-fashion re\u0165azcoch vyva\u017eova\u0165 t\u00fdmi sek\u00e1\u010dov\u00fdmi a swapov\u00fdmi.","url":"https:\/\/blog.ccc.eu\/sk\/author\/paulina-jarmul\/"}]}},"_links":{"self":[{"href":"https:\/\/blog.ccc.eu\/sk\/wp-json\/wp\/v2\/posts\/6247","targetHints":{"allow":["GET"]}}],"collection":[{"href":"https:\/\/blog.ccc.eu\/sk\/wp-json\/wp\/v2\/posts"}],"about":[{"href":"https:\/\/blog.ccc.eu\/sk\/wp-json\/wp\/v2\/types\/post"}],"author":[{"embeddable":true,"href":"https:\/\/blog.ccc.eu\/sk\/wp-json\/wp\/v2\/users\/9"}],"replies":[{"embeddable":true,"href":"https:\/\/blog.ccc.eu\/sk\/wp-json\/wp\/v2\/comments?post=6247"}],"version-history":[{"count":2,"href":"https:\/\/blog.ccc.eu\/sk\/wp-json\/wp\/v2\/posts\/6247\/revisions"}],"predecessor-version":[{"id":6392,"href":"https:\/\/blog.ccc.eu\/sk\/wp-json\/wp\/v2\/posts\/6247\/revisions\/6392"}],"wp:featuredmedia":[{"embeddable":true,"href":"https:\/\/blog.ccc.eu\/sk\/wp-json\/wp\/v2\/media\/6248"}],"wp:attachment":[{"href":"https:\/\/blog.ccc.eu\/sk\/wp-json\/wp\/v2\/media?parent=6247"}],"wp:term":[{"taxonomy":"category","embeddable":true,"href":"https:\/\/blog.ccc.eu\/sk\/wp-json\/wp\/v2\/categories?post=6247"},{"taxonomy":"post_tag","embeddable":true,"href":"https:\/\/blog.ccc.eu\/sk\/wp-json\/wp\/v2\/tags?post=6247"}],"curies":[{"name":"wp","href":"https:\/\/api.w.org\/{rel}","templated":true}]}}