{"id":6261,"date":"2023-02-02T13:43:50","date_gmt":"2023-02-02T12:43:50","guid":{"rendered":"https:\/\/blog.ccc.eu\/sk\/?p=6261"},"modified":"2023-02-02T13:44:12","modified_gmt":"2023-02-02T12:44:12","slug":"nemrznite-zababuste-sa-do-trendy-zimnych-doplnkov","status":"publish","type":"post","link":"https:\/\/blog.ccc.eu\/sk\/nemrznite-zababuste-sa-do-trendy-zimnych-doplnkov\/","title":{"rendered":"<strong>Nemrznite! Zababu\u0161te sa do trendy zimn\u00fdch doplnkov<\/strong>"},"content":{"rendered":"\n<p><b>Ako jednoducho obnovi\u0165 zimn\u00fd \u0161atn\u00edk? <a href=\"https:\/\/ccc.eu\/sk\/zimne-doplnky\"><strong>Pomocou doplnkov,<\/strong><\/a><strong> samozrejme. Ve\u010f ak\u00e1 by to bola zima bez nich. So zimn\u00fdm obdob\u00edm prich\u00e1dza chlad a&nbsp;potreba sa poriadne zababu\u0161i\u0165 do hrejiv\u00fdch materi\u00e1lov. Myslite na va\u0161e ruky, krk i&nbsp;hlavu! Objavte u&nbsp;n\u00e1s d\u00e1mske, p\u00e1nske aj detsk\u00e9 \u010diapky, trendy balaclava, klapky na u\u0161i, ko\u017een\u00e9 rukavice a&nbsp;farebn\u00e9 \u0161\u00e1ly.<\/strong><\/b><\/p>\n\n\n\n<figure class=\"wp-block-gallery has-nested-images columns-default is-cropped wp-block-gallery-1 is-layout-flex wp-block-gallery-is-layout-flex\">\n<figure class=\"wp-block-image size-large\"><img loading=\"lazy\" decoding=\"async\" width=\"724\" height=\"483\" data-id=\"6264\" src=\"https:\/\/blog.ccc.eu\/sk\/wp-content\/uploads\/2023\/02\/GettyImages-1285045033.jpg\" alt=\"\" class=\"wp-image-6264\" srcset=\"https:\/\/blog.ccc.eu\/sk\/wp-content\/uploads\/2023\/02\/GettyImages-1285045033.jpg 724w, https:\/\/blog.ccc.eu\/sk\/wp-content\/uploads\/2023\/02\/GettyImages-1285045033-300x200.jpg 300w, https:\/\/blog.ccc.eu\/sk\/wp-content\/uploads\/2023\/02\/GettyImages-1285045033-100x67.jpg 100w\" sizes=\"auto, (max-width: 724px) 100vw, 724px\" \/><\/figure>\n<\/figure>\n\n\n\n<h2 class=\"wp-block-heading\">Univerz\u00e1lne d\u00e1mske \u010diapky<\/h2>\n\n\n\n<p>Klasick\u00e1 \u010diapka je z\u00e1kladom ka\u017ed\u00e9ho zimn\u00e9ho \u0161atn\u00edka. Ak to nie je v\u00e1\u0161 \u0161t\u00fdl, m\u00f4\u017eete siahnu\u0165 po \u010delenke, klapke na u\u0161i alebo poslednom v\u00fdstrelku m\u00f3dy, balaclava.<\/p>\n\n\n\n<p>Zimn\u00e1 \u010diapka je v\u0161ak osved\u010den\u00e1 klasika, ktor\u00e1 sa hod\u00ed ku ka\u017ed\u00e9mu oble\u010deniu. Najm\u00e4 jednoduch\u00fd k\u00fasok bez vzorov, v&nbsp;neutr\u00e1lnej farbe. M\u00f4\u017eete ju kombinova\u0165 s oversized bundou, d\u017e\u00ednsami, rol\u00e1kom, teniskami a&nbsp;vytvori\u0165 tak le\u017e\u00e9rny, zimn\u00fd outfit. S&nbsp;kab\u00e1tom, vysok\u00fdmi \u010di\u017emami a&nbsp;svetrom dosiahnete elegantnej\u0161\u00ed look.<\/p>\n\n\n\n<shortcode prop-category=\"\u010ciapky a \u0161\u00e1ly\" prop-load-num=\"12\" prop-display-num=\"4\" prop-sku=\"5904248956332, 5904248906870, 5904248977467, 5903698921624, 5904248987947, 5904248906900, 5904248854959, 5904248850760, 5904248786830, 5904248371036\" prop-view=\"slider\"><\/shortcode>        <div\r\n            class=\"eob-pf-shortcode\"\r\n            id=\"eobpf69f1b0f721cf8\"\r\n        >\r\n            <shortcode prop-category=\"\u010ciapky a \u0161\u00e1ly\" prop-load-num=\"12\" prop-display-num=\"4\" prop-sku=\"5904248956332, 5904248906870, 5904248977467, 5903698921624, 5904248987947, 5904248906900, 5904248854959, 5904248850760, 5904248786830, 5904248371036\" prop-view=\"slider\"><\/shortcode>        <\/div>\r\n\t\t<script>\r\n\t\t\tjQuery(document).ready(() => {\r\n\t\t\t    const root = document.getElementById('eobpf69f1b0f721cf8');\r\n                Vue.createApp({\r\n\t                components: {\r\n\t                    shortcode\r\n\t                }\r\n                }).mount(root);\r\n\t\t\t});\r\n\t\t<\/script>\r\n\t\t\r\n\t\t\n\n\n\n<p><\/p>\n\n\n\n<h2 class=\"wp-block-heading\">Trendy bucket hats sa st\u00e1le nosia<\/h2>\n\n\n\n<p>Chlpat\u00e9 \u010diapky a&nbsp;bucket hats s\u00fa v\u00fdrazn\u00fd statement doplnok, ktor\u00fd vynos\u00edte po cel\u00fa zimu. Namiesto neutr\u00e1lnej \u010diernej a&nbsp;bielej, sk\u00faste v&nbsp;tomto pr\u00edpade zvoli\u0165 odv\u00e1\u017enu \u017eiariv\u00fa farbu alebo potla\u010d. Pokojne zebrovan\u00fa \u010di bodkovan\u00fa. Alebo siahnite po neobvyklom lesklom, ko\u017eenom \u010di poriadne fluffy materi\u00e1ly.<\/p>\n\n\n\n<p>Bucket hat skombinujte s&nbsp;ka\u0161m\u00edrov\u00fdm kab\u00e1tom alebo kr\u00e1tkej bunde. Dopl\u0148te d\u017e\u00ednsami alebo rovn\u00fdmi nohavicami, rol\u00e1kom a&nbsp;\u010di\u017emami. Vytvor\u00edte tak perfektn\u00fd zimn\u00fd outfit, na be\u017en\u00fd de\u0148. Na ve\u010der je v\u00fdrazn\u00e1 \u010diapka dokonal\u00fdm doplnkom k jednoduch\u00fdm \u0161at\u00e1m a&nbsp;dlh\u00e9mu kab\u00e1tu. V kombin\u00e1cii s&nbsp;dlh\u00fdmi a&nbsp;zamatov\u00fdmi rukavicami po lakte a&nbsp;\u010di\u017emami na op\u00e4tkoch vytvor\u00edte outfit, ktor\u00fd zaujme.<\/p>\n\n\n\n<h2 class=\"wp-block-heading\">D\u00e1mske klapky na u\u0161i s&nbsp;n\u00e1dychom minulosti<\/h2>\n\n\n\n<p>Chr\u00e1ni\u010de sluchu s\u00fa mierne retro vychyt\u00e1vka. S\u00fa\u010dasne&nbsp;osved\u010den\u00e1 zimn\u00e1 klasika. S\u00fa perfektn\u00e9 na dni, ke\u010f sa in\u00e1 pokr\u00fdvka hlavy jednoducho nehod\u00ed. A&nbsp;na \u010delenku je e\u0161te pr\u00edli\u0161 zima. V kombin\u00e1cii s&nbsp;puffy bundou, zateplen\u00fdmi leg\u00ednami alebo nohavicami a&nbsp;moon boots vytvor\u00edte dokonal\u00fd ly\u017eiarsky look. So sakom, nohavicami a svetrom s&nbsp;v\u00fdstrihom do V dosiahnete elegantnej\u0161\u00ed vzh\u013ead.<\/p>\n\n\n\n<h2 class=\"wp-block-heading\">Balaclavas<\/h2>\n\n\n\n<p>Balaclava si t\u00fato zimu z\u00edskala v\u0161etku sl\u00e1vu. A&nbsp;rovnako miernu kontroverziu. Pripom\u00edna toti\u017e hid\u017e\u00e1b, tradi\u010dn\u00fd k\u00fasok odevu, ktor\u00fd sa sp\u00e1ja s&nbsp;islamskou kult\u00farou. Rovnako sa asociuje s&nbsp;ukrajinsk\u00fdm mestom Balaklava, po ktorom nesie svoj n\u00e1zov. &nbsp;<\/p>\n\n\n\n<figure class=\"wp-block-gallery has-nested-images columns-default is-cropped wp-block-gallery-2 is-layout-flex wp-block-gallery-is-layout-flex\">\n<figure class=\"wp-block-image size-large\"><a href=\"https:\/\/ccc.eu\/sk\/doplnky\/damske\/ciapky-a-saly\/damska-ciapka-acccessories-1w4-027-aw21-bezova\"><img loading=\"lazy\" decoding=\"async\" width=\"683\" height=\"1024\" data-id=\"6263\" src=\"https:\/\/blog.ccc.eu\/sk\/wp-content\/uploads\/2023\/02\/CCC_5903698880181_01_TS-683x1024.jpg\" alt=\"\" class=\"wp-image-6263\" srcset=\"https:\/\/blog.ccc.eu\/sk\/wp-content\/uploads\/2023\/02\/CCC_5903698880181_01_TS-683x1024.jpg 683w, https:\/\/blog.ccc.eu\/sk\/wp-content\/uploads\/2023\/02\/CCC_5903698880181_01_TS-200x300.jpg 200w, https:\/\/blog.ccc.eu\/sk\/wp-content\/uploads\/2023\/02\/CCC_5903698880181_01_TS-768x1152.jpg 768w, https:\/\/blog.ccc.eu\/sk\/wp-content\/uploads\/2023\/02\/CCC_5903698880181_01_TS-100x150.jpg 100w, https:\/\/blog.ccc.eu\/sk\/wp-content\/uploads\/2023\/02\/CCC_5903698880181_01_TS.jpg 876w\" sizes=\"auto, (max-width: 683px) 100vw, 683px\" \/><\/a><\/figure>\n\n\n\n<figure class=\"wp-block-image size-large\"><a href=\"https:\/\/ccc.eu\/sk\/doplnky\/damske\/ciapky-a-saly\/damska-ciapka-acccessories-1w4-028-aw21-cierna\"><img loading=\"lazy\" decoding=\"async\" width=\"683\" height=\"1024\" data-id=\"6262\" src=\"https:\/\/blog.ccc.eu\/sk\/wp-content\/uploads\/2023\/02\/CCC_5903698880198_01_TS-683x1024.jpg\" alt=\"\" class=\"wp-image-6262\" srcset=\"https:\/\/blog.ccc.eu\/sk\/wp-content\/uploads\/2023\/02\/CCC_5903698880198_01_TS-683x1024.jpg 683w, https:\/\/blog.ccc.eu\/sk\/wp-content\/uploads\/2023\/02\/CCC_5903698880198_01_TS-200x300.jpg 200w, https:\/\/blog.ccc.eu\/sk\/wp-content\/uploads\/2023\/02\/CCC_5903698880198_01_TS-768x1152.jpg 768w, https:\/\/blog.ccc.eu\/sk\/wp-content\/uploads\/2023\/02\/CCC_5903698880198_01_TS-100x150.jpg 100w, https:\/\/blog.ccc.eu\/sk\/wp-content\/uploads\/2023\/02\/CCC_5903698880198_01_TS.jpg 876w\" sizes=\"auto, (max-width: 683px) 100vw, 683px\" \/><\/a><\/figure>\n<\/figure>\n\n\n\n<p><\/p>\n\n\n\n<p>Ak je v\u00e1\u0161 v\u00fdber tohto zimn\u00e9ho doplnku \u010disto m\u00f3dny, problematick\u00fd nie je. Balaclava je toti\u017e ve\u013emi praktick\u00fd zimn\u00fd doplnok. Pred mrazom v\u00e1m toti\u017e chr\u00e1ni nielen hlavu, ale aj krk a&nbsp;v&nbsp;niektor\u00fdch pr\u00edpadoch v\u00e4\u010d\u0161inu tv\u00e1re. Je v\u00fdrazn\u00e1 a&nbsp;ako doplnok v\u00e1\u0161ho zimn\u00e9ho outfitu jednozna\u010dne vzbud\u00ed z\u00e1ujem.&nbsp;<\/p>\n\n\n\n<p>Balaclava je ide\u00e1lny doplnok k&nbsp;ak\u00e9muko\u013evek zimn\u00e9mu oble\u010deniu. Najlep\u0161ie sa hod\u00ed v kombin\u00e1cii s nadrozmernou alebo dlhou bundou \u010di kab\u00e1tom. Outfit dopl\u0148te d\u017e\u00ednsami, \u0161irok\u00fdmi nohavicami, \u0161trikovan\u00fdm svetrom alebo rol\u00e1kom. Nezabudnite na tepl\u00e9 rukavice! Ak sa chcete c\u00edti\u0165 ako hviezda, m\u00f4\u017eete prida\u0165 slne\u010dn\u00e9 okuliare. Nikdy neviete, kedy sa na v\u00e1s usmeje zimn\u00e9, zubat\u00e9 slnko.<\/p>\n\n\n\n<p><strong>Viete, \u017ee trendy balaclava si viete jednoducho vytvori\u0165 aj z&nbsp;dlh\u00e9ho \u0161\u00e1lu? Postup je jednoduch\u00fd:<\/strong><\/p>\n\n\n\n<ul class=\"wp-block-list\">\n<li>\u0160\u00e1l chyt\u00edte do oboch r\u00fak a&nbsp;prilo\u017e\u00edte si ho smerom k&nbsp;tv\u00e1ri tak, aby oba konce kon\u010dili vzadu, za va\u0161\u00edm krkom;<\/li>\n\n\n\n<li>Oba konce za krkom oto\u010d\u00edte a&nbsp;d\u00e1te smerom dopredu;<\/li>\n\n\n\n<li>Jeden koniec vezmete a&nbsp;vlo\u017e\u00edte ho pod l\u00e1tku;<\/li>\n\n\n\n<li>S&nbsp;druh\u00fdm koncom postup zopakujete;<\/li>\n\n\n\n<li>L\u00e1tku \u0161\u00e1lu, ktor\u00fa m\u00e1te za krkom si prevle\u010diete na hlavu ako \u010diapku;<\/li>\n\n\n\n<li>Hotovo!<\/li>\n<\/ul>\n\n\n\n<h2 class=\"wp-block-heading\">D\u00e1mske dlh\u00e9 \u0161\u00e1ly<\/h2>\n\n\n\n<p>Ak balaclava nie je ni\u010d pre v\u00e1s a&nbsp;m\u00e1te rad\u0161ej klasick\u00e9 \u0161\u00e1ly \u2013 nehovorte viac! \u0160\u00e1ly s\u00fa ide\u00e1lne na chladn\u00e9 zimn\u00e9 noci a&nbsp;schov\u00e1vanie sa pred mrazom \u010di snehov\u00fdmi vlo\u010dkami. V\u017edy bude patri\u0165 medzi z\u00e1kladn\u00e9 zimn\u00e9 doplnky.<\/p>\n\n\n\n<shortcode prop-category=\"\u010ciapky a \u0161\u00e1ly\" prop-gender=\"female\" prop-load-num=\"12\" prop-display-num=\"4\" prop-sku=\"5904862061061, 5904248836894, 5904862023236, 5904248961282, 5903698846736, 5904248850609\" prop-view=\"slider\"><\/shortcode>        <div\r\n            class=\"eob-pf-shortcode\"\r\n            id=\"eobpf69f1b0f721e1f\"\r\n        >\r\n            <shortcode prop-category=\"\u010ciapky a \u0161\u00e1ly\" prop-gender=\"female\" prop-load-num=\"12\" prop-display-num=\"4\" prop-sku=\"5904862061061, 5904248836894, 5904862023236, 5904248961282, 5903698846736, 5904248850609\" prop-view=\"slider\"><\/shortcode>        <\/div>\r\n\t\t<script>\r\n\t\t\tjQuery(document).ready(() => {\r\n\t\t\t    const root = document.getElementById('eobpf69f1b0f721e1f');\r\n                Vue.createApp({\r\n\t                components: {\r\n\t                    shortcode\r\n\t                }\r\n                }).mount(root);\r\n\t\t\t});\r\n\t\t<\/script>\r\n\t\t\r\n\t\t\n\n\n\n<p><\/p>\n\n\n\n<p>V&nbsp;z\u00e1vislosti od v\u00e1\u0161ho outfitu, s\u00fa \u0161\u00e1ly skvel\u00fd sp\u00f4sob ako o\u017eivi\u0165 v\u00e1\u0161 jednoduch\u00fd look, v\u010faka farebn\u00e9mu akcentu alebo zauj\u00edmav\u00e9mu vzoru. Ak na sebe m\u00e1te jednoduch\u00fd outfit: rovn\u00e9 d\u017e\u00ednsy, tri\u010dko, kab\u00e1t a&nbsp;t\u00fa\u017eite po o\u017eiven\u00ed, pridajte statement \u0161\u00e1l.<\/p>\n\n\n\n<h2 class=\"wp-block-heading\">D\u00e1mske rukavice<\/h2>\n\n\n\n<p>Zimu bez rukav\u00edc v&nbsp;na\u0161om podnebnom p\u00e1sme pre\u017eijete len \u0165a\u017eko. Rozhodne sa v\u00e1m z\u00edde minim\u00e1lne jeden p\u00e1r jednoduch\u00fdch rukav\u00edc. Najuniverz\u00e1lnej\u0161ie s\u00fa rozhodne jednofarebn\u00e9, s&nbsp;prstami prisp\u00f4soben\u00fdmi na dotykov\u00fd displej. V pr\u00edpade, ak m\u00e1te aj vy v\u00e1\u0161 mobiln\u00fd telef\u00f3n prakticky prirasten\u00fd k&nbsp;ruke.<\/p>\n\n\n\n<p>Druh\u00fdm variantom s\u00fa bezprst\u00e9 rukavice, no v&nbsp;tomto pr\u00edpade riskujete preniknutie mraziv\u00e9ho chladu a\u017e do ko\u017ee. Pr\u00edpadne m\u00f4\u017eete zvoli\u0165 rukavice, ktor\u00e9 maj\u00fa vo\u013en\u00e9 prsty a&nbsp;s\u00fa\u010dasne ochrann\u00fa l\u00e1tku cez prsty. T\u00e1 sa d\u00e1 \u013eubovo\u013ene navlieka\u0165 a&nbsp;zvlieka\u0165. Pripom\u00edna rukavice, takzvan\u00e9 pal\u010diaky, po ktor\u00fdch m\u00f4\u017eete siahnu\u0165 rovnako. Vyberte si jednoduch\u00fd k\u00fasok v&nbsp;neutr\u00e1lnej farbe, zauj\u00edmav\u00fd a&nbsp;farebn\u00fd, zdoben\u00fd retiazkami, ko\u017een\u00fd, hu\u0148at\u00fd&#8230; Len sa pozrite!<\/p>\n\n\n\n<shortcode prop-category=\"Rukavice\" prop-gender=\"female\" prop-load-num=\"12\" prop-display-num=\"4\" prop-sku=\"5904862061009, 5904248936389, 5904248986766, 5904248936327, 5904862408798, 5904862408781, 5904248936396\" prop-view=\"slider\"><\/shortcode>        <div\r\n            class=\"eob-pf-shortcode\"\r\n            id=\"eobpf69f1b0f721e6f\"\r\n        >\r\n            <shortcode prop-category=\"Rukavice\" prop-gender=\"female\" prop-load-num=\"12\" prop-display-num=\"4\" prop-sku=\"5904862061009, 5904248936389, 5904248986766, 5904248936327, 5904862408798, 5904862408781, 5904248936396\" prop-view=\"slider\"><\/shortcode>        <\/div>\r\n\t\t<script>\r\n\t\t\tjQuery(document).ready(() => {\r\n\t\t\t    const root = document.getElementById('eobpf69f1b0f721e6f');\r\n                Vue.createApp({\r\n\t                components: {\r\n\t                    shortcode\r\n\t                }\r\n                }).mount(root);\r\n\t\t\t});\r\n\t\t<\/script>\r\n\t\t\r\n\t\t\n\n\n\n<p><\/p>\n\n\n\n<h2 class=\"wp-block-heading\">P\u00e1nske \u010diapky a&nbsp;rukavice<\/h2>\n\n\n\n<p>\u017diadna hlava po\u010das zimy nem\u00e1 mrzn\u00fa\u0165. Jednoduch\u00e1, \u010dierna \u010diapka je z\u00e1klad a&nbsp;klasika, ktor\u00e1 sa hod\u00ed ku ka\u017ed\u00e9mu outfitu. Ak radi experimentujete, pokojne siahnite po farebnej\u0161\u00edch k\u00faskoch.<\/p>\n\n\n\n<shortcode prop-category=\"Rukavice\" prop-gender=\"male\" prop-load-num=\"12\" prop-display-num=\"4\" prop-sku=\"5904248907150, 5904248907181, 5904862144641, 5904248983697, 5904248995256, 5904248956370, 5904248592769\" prop-view=\"slider\"><\/shortcode>        <div\r\n            class=\"eob-pf-shortcode\"\r\n            id=\"eobpf69f1b0f721e9c\"\r\n        >\r\n            <shortcode prop-category=\"Rukavice\" prop-gender=\"male\" prop-load-num=\"12\" prop-display-num=\"4\" prop-sku=\"5904248907150, 5904248907181, 5904862144641, 5904248983697, 5904248995256, 5904248956370, 5904248592769\" prop-view=\"slider\"><\/shortcode>        <\/div>\r\n\t\t<script>\r\n\t\t\tjQuery(document).ready(() => {\r\n\t\t\t    const root = document.getElementById('eobpf69f1b0f721e9c');\r\n                Vue.createApp({\r\n\t                components: {\r\n\t                    shortcode\r\n\t                }\r\n                }).mount(root);\r\n\t\t\t});\r\n\t\t<\/script>\r\n\t\t\r\n\t\t\n\n\n\n<p><\/p>\n\n\n\n<p>E\u0161te st\u00e1le nos\u00edte namiesto rukav\u00edc ruky vo vreck\u00e1ch? Rukavice s\u00fa must-have doplnkom na zimn\u00e9 obdobie, ktor\u00fd udr\u017e\u00ed va\u0161e ruky v teple a prid\u00e1 \u010fal\u0161\u00ed prvok na spestrenie outfitu. \u010ci u\u017e s\u00fa ko\u017een\u00e9, ka\u0161m\u00edrov\u00e9 alebo pleten\u00e9, rukavice sa daj\u00fa nosi\u0165 s ak\u00fdmko\u013evek oble\u010den\u00edm.<\/p>\n\n\n\n<p>Ak si prajete vyzera\u0165 le\u017e\u00e9rne, noste ich s&nbsp;bundou, d\u017e\u00ednsami a svetrom. \u017del\u00e1te si p\u00f4sobi\u0165 sofistikovanej\u0161ie? Vyberte si ko\u017een\u00e9 rukavice, ktor\u00e9 skombinujete s dlh\u00fdm kab\u00e1tom!<\/p>\n\n\n\n<h2 class=\"wp-block-heading\">Detsk\u00e9 \u010diapky a&nbsp;rukavice<\/h2>\n\n\n\n<shortcode prop-category=\"\u010ciapky a \u0161\u00e1ly\" prop-gender=\"male\" prop-load-num=\"12\" prop-display-num=\"4\" prop-sku=\"5904862341170, 5904862262895, 5904248850500, 5904248987978, 5903698817668, 5904862262949, 5903698560380, 5903698817637, 5904248837136, 5904248988012, 5904862063904, 5904862097336, 5904248863647\" prop-view=\"slider\"><\/shortcode>        <div\r\n            class=\"eob-pf-shortcode\"\r\n            id=\"eobpf69f1b0f721ec1\"\r\n        >\r\n            <shortcode prop-category=\"\u010ciapky a \u0161\u00e1ly\" prop-gender=\"male\" prop-load-num=\"12\" prop-display-num=\"4\" prop-sku=\"5904862341170, 5904862262895, 5904248850500, 5904248987978, 5903698817668, 5904862262949, 5903698560380, 5903698817637, 5904248837136, 5904248988012, 5904862063904, 5904862097336, 5904248863647\" prop-view=\"slider\"><\/shortcode>        <\/div>\r\n\t\t<script>\r\n\t\t\tjQuery(document).ready(() => {\r\n\t\t\t    const root = document.getElementById('eobpf69f1b0f721ec1');\r\n                Vue.createApp({\r\n\t                components: {\r\n\t                    shortcode\r\n\t                }\r\n                }).mount(root);\r\n\t\t\t});\r\n\t\t<\/script>\r\n\t\t\r\n\t\t\n\n\n\n<p>Objavte roztomil\u00e9 doplnky na zimu aj pre va\u0161e ratolesti. Pal\u010diaky s\u00fa skvel\u00e9 pre deti, ktor\u00e9 si nevedia bez pomoci nasadi\u0165 a vyzliec\u0165 rukavice. Kruhov\u00e9 \u0161\u00e1ly s\u00fa v\u017edy praktickej\u0161ie ako tie klasick\u00e9 \u0161atky. Rovnako je menej pravdepodobn\u00e9, \u017ee sa stratia. Pridajte p\u00e1r termo vrstiev, n\u00e1vleky na nohy a&nbsp;vytvorte tak dokonal\u00fd zimn\u00fd outfit pre va\u0161e die\u0165a.<\/p>\n","protected":false},"excerpt":{"rendered":"<p>Ako jednoducho obnovi\u0165 zimn\u00fd \u0161atn\u00edk? Pomocou doplnkov, samozrejme. Ve\u010f ak\u00e1 by to bola zima bez nich. So zimn\u00fdm obdob\u00edm prich\u00e1dza chlad a&nbsp;potreba sa poriadne zababu\u0161i\u0165 do hrejiv\u00fdch materi\u00e1lov. Myslite na va\u0161e ruky, krk i&nbsp;hlavu! Objavte u&nbsp;n\u00e1s d\u00e1mske, p\u00e1nske aj detsk\u00e9 \u010diapky, trendy balaclava, klapky na u\u0161i, ko\u017een\u00e9 rukavice a&nbsp;farebn\u00e9 \u0161\u00e1ly. Univerz\u00e1lne d\u00e1mske \u010diapky Klasick\u00e1 \u010diapka [&hellip;]<\/p>\n","protected":false},"author":9,"featured_media":6264,"comment_status":"open","ping_status":"open","sticky":false,"template":"","format":"standard","meta":{"_acf_changed":false,"footnotes":""},"categories":[4],"tags":[834,831,833,835,832,830],"class_list":["post-6261","post","type-post","status-publish","format-standard","has-post-thumbnail","hentry","category-modne-tipy","tag-damske-ciapky","tag-damske-rukavice","tag-damske-saly","tag-panske-ciapky","tag-panske-rukavice","tag-zimne-doplnky"],"acf":[],"yoast_head":"<!-- This site is optimized with the Yoast SEO plugin v26.9 - https:\/\/yoast.com\/product\/yoast-seo-wordpress\/ -->\n<title>Nemrznite! Zababu\u0161te sa do trendy zimn\u00fdch doplnkov - blog.ccc.eu\/sk<\/title>\n<meta name=\"description\" content=\"Ako obnovi\u0165 zimn\u00fd \u0161atn\u00edk? Pomocou doplnkov! Objavte u n\u00e1s nad\u010dasov\u00e9 \u010diapky, trendy balaclavas, klapky na u\u0161i, ko\u017een\u00e9 rukavice a farebn\u00e9 \u0161\u00e1ly. 2026\" \/>\n<meta name=\"robots\" content=\"index, follow, max-snippet:-1, max-image-preview:large, max-video-preview:-1\" \/>\n<link rel=\"canonical\" href=\"https:\/\/blog.ccc.eu\/sk\/nemrznite-zababuste-sa-do-trendy-zimnych-doplnkov\/\" \/>\n<meta property=\"og:locale\" content=\"sk_SK\" \/>\n<meta property=\"og:type\" content=\"article\" \/>\n<meta property=\"og:title\" content=\"Nemrznite! Zababu\u0161te sa do trendy zimn\u00fdch doplnkov - blog.ccc.eu\/sk\" \/>\n<meta property=\"og:description\" content=\"Ako obnovi\u0165 zimn\u00fd \u0161atn\u00edk? Pomocou doplnkov! Objavte u n\u00e1s nad\u010dasov\u00e9 \u010diapky, trendy balaclavas, klapky na u\u0161i, ko\u017een\u00e9 rukavice a farebn\u00e9 \u0161\u00e1ly.\" \/>\n<meta property=\"og:url\" content=\"https:\/\/blog.ccc.eu\/sk\/nemrznite-zababuste-sa-do-trendy-zimnych-doplnkov\/\" \/>\n<meta property=\"og:site_name\" content=\"blog.ccc.eu\/sk\" \/>\n<meta property=\"article:published_time\" content=\"2023-02-02T12:43:50+00:00\" \/>\n<meta property=\"article:modified_time\" content=\"2023-02-02T12:44:12+00:00\" \/>\n<meta property=\"og:image\" content=\"https:\/\/blog.ccc.eu\/sk\/wp-content\/uploads\/2023\/02\/GettyImages-1285045033.jpg\" \/>\n\t<meta property=\"og:image:width\" content=\"724\" \/>\n\t<meta property=\"og:image:height\" content=\"483\" \/>\n\t<meta property=\"og:image:type\" content=\"image\/jpeg\" \/>\n<meta name=\"author\" content=\"Lena\" \/>\n<meta name=\"twitter:card\" content=\"summary_large_image\" \/>\n<meta name=\"twitter:label1\" content=\"Autor\" \/>\n\t<meta name=\"twitter:data1\" content=\"Lena\" \/>\n\t<meta name=\"twitter:label2\" content=\"Predpokladan\u00fd \u010das \u010d\u00edtania\" \/>\n\t<meta name=\"twitter:data2\" content=\"6 min\u00fat\" \/>\n<script type=\"application\/ld+json\" class=\"yoast-schema-graph\">{\"@context\":\"https:\/\/schema.org\",\"@graph\":[{\"@type\":\"Article\",\"@id\":\"https:\/\/blog.ccc.eu\/sk\/nemrznite-zababuste-sa-do-trendy-zimnych-doplnkov\/#article\",\"isPartOf\":{\"@id\":\"https:\/\/blog.ccc.eu\/sk\/nemrznite-zababuste-sa-do-trendy-zimnych-doplnkov\/\"},\"author\":{\"name\":\"Lena\",\"@id\":\"https:\/\/blog.ccc.eu\/sk\/#\/schema\/person\/3fe23f84d7cc2af51f6f5ff134b1fcc1\"},\"headline\":\"Nemrznite! Zababu\u0161te sa do trendy zimn\u00fdch doplnkov\",\"datePublished\":\"2023-02-02T12:43:50+00:00\",\"dateModified\":\"2023-02-02T12:44:12+00:00\",\"mainEntityOfPage\":{\"@id\":\"https:\/\/blog.ccc.eu\/sk\/nemrznite-zababuste-sa-do-trendy-zimnych-doplnkov\/\"},\"wordCount\":1215,\"commentCount\":0,\"publisher\":{\"@id\":\"https:\/\/blog.ccc.eu\/sk\/#organization\"},\"image\":{\"@id\":\"https:\/\/blog.ccc.eu\/sk\/nemrznite-zababuste-sa-do-trendy-zimnych-doplnkov\/#primaryimage\"},\"thumbnailUrl\":\"https:\/\/blog.ccc.eu\/sk\/wp-content\/uploads\/2023\/02\/GettyImages-1285045033.jpg\",\"keywords\":[\"d\u00e1mske \u010diapky\",\"d\u00e1mske rukavice\",\"d\u00e1mske \u0161\u00e1ly\",\"p\u00e1nske \u010diapky\",\"p\u00e1nske rukavice\",\"zimn\u00e9 doplnky\"],\"articleSection\":[\"M\u00d3DNE TIPY\"],\"inLanguage\":\"sk-SK\",\"potentialAction\":[{\"@type\":\"CommentAction\",\"name\":\"Comment\",\"target\":[\"https:\/\/blog.ccc.eu\/sk\/nemrznite-zababuste-sa-do-trendy-zimnych-doplnkov\/#respond\"]}]},{\"@type\":\"WebPage\",\"@id\":\"https:\/\/blog.ccc.eu\/sk\/nemrznite-zababuste-sa-do-trendy-zimnych-doplnkov\/\",\"url\":\"https:\/\/blog.ccc.eu\/sk\/nemrznite-zababuste-sa-do-trendy-zimnych-doplnkov\/\",\"name\":\"Nemrznite! Zababu\u0161te sa do trendy zimn\u00fdch doplnkov - blog.ccc.eu\/sk\",\"isPartOf\":{\"@id\":\"https:\/\/blog.ccc.eu\/sk\/#website\"},\"primaryImageOfPage\":{\"@id\":\"https:\/\/blog.ccc.eu\/sk\/nemrznite-zababuste-sa-do-trendy-zimnych-doplnkov\/#primaryimage\"},\"image\":{\"@id\":\"https:\/\/blog.ccc.eu\/sk\/nemrznite-zababuste-sa-do-trendy-zimnych-doplnkov\/#primaryimage\"},\"thumbnailUrl\":\"https:\/\/blog.ccc.eu\/sk\/wp-content\/uploads\/2023\/02\/GettyImages-1285045033.jpg\",\"datePublished\":\"2023-02-02T12:43:50+00:00\",\"dateModified\":\"2023-02-02T12:44:12+00:00\",\"description\":\"Ako obnovi\u0165 zimn\u00fd \u0161atn\u00edk? Pomocou doplnkov! Objavte u n\u00e1s nad\u010dasov\u00e9 \u010diapky, trendy balaclavas, klapky na u\u0161i, ko\u017een\u00e9 rukavice a farebn\u00e9 \u0161\u00e1ly.\",\"breadcrumb\":{\"@id\":\"https:\/\/blog.ccc.eu\/sk\/nemrznite-zababuste-sa-do-trendy-zimnych-doplnkov\/#breadcrumb\"},\"inLanguage\":\"sk-SK\",\"potentialAction\":[{\"@type\":\"ReadAction\",\"target\":[\"https:\/\/blog.ccc.eu\/sk\/nemrznite-zababuste-sa-do-trendy-zimnych-doplnkov\/\"]}]},{\"@type\":\"ImageObject\",\"inLanguage\":\"sk-SK\",\"@id\":\"https:\/\/blog.ccc.eu\/sk\/nemrznite-zababuste-sa-do-trendy-zimnych-doplnkov\/#primaryimage\",\"url\":\"https:\/\/blog.ccc.eu\/sk\/wp-content\/uploads\/2023\/02\/GettyImages-1285045033.jpg\",\"contentUrl\":\"https:\/\/blog.ccc.eu\/sk\/wp-content\/uploads\/2023\/02\/GettyImages-1285045033.jpg\",\"width\":724,\"height\":483,\"caption\":\"winter clothes mittens and knitted haton a Gray stone background\"},{\"@type\":\"BreadcrumbList\",\"@id\":\"https:\/\/blog.ccc.eu\/sk\/nemrznite-zababuste-sa-do-trendy-zimnych-doplnkov\/#breadcrumb\",\"itemListElement\":[{\"@type\":\"ListItem\",\"position\":1,\"name\":\"Strona g\u0142\u00f3wna\",\"item\":\"https:\/\/blog.ccc.eu\/sk\/\"},{\"@type\":\"ListItem\",\"position\":2,\"name\":\"Nemrznite! Zababu\u0161te sa do trendy zimn\u00fdch doplnkov\"}]},{\"@type\":\"WebSite\",\"@id\":\"https:\/\/blog.ccc.eu\/sk\/#website\",\"url\":\"https:\/\/blog.ccc.eu\/sk\/\",\"name\":\"blog.ccc.eu\/sk\",\"description\":\"Va\u0161e miesto pln\u00e9 m\u00f3dnych in\u0161pir\u00e1ci\u00ed\",\"publisher\":{\"@id\":\"https:\/\/blog.ccc.eu\/sk\/#organization\"},\"potentialAction\":[{\"@type\":\"SearchAction\",\"target\":{\"@type\":\"EntryPoint\",\"urlTemplate\":\"https:\/\/blog.ccc.eu\/sk\/?s={search_term_string}\"},\"query-input\":{\"@type\":\"PropertyValueSpecification\",\"valueRequired\":true,\"valueName\":\"search_term_string\"}}],\"inLanguage\":\"sk-SK\"},{\"@type\":\"Organization\",\"@id\":\"https:\/\/blog.ccc.eu\/sk\/#organization\",\"name\":\"CCC S.A.\",\"url\":\"https:\/\/blog.ccc.eu\/sk\/\",\"logo\":{\"@type\":\"ImageObject\",\"inLanguage\":\"sk-SK\",\"@id\":\"https:\/\/blog.ccc.eu\/sk\/#\/schema\/logo\/image\/\",\"url\":\"https:\/\/blog.ccc.eu\/sk\/wp-content\/uploads\/2021\/11\/logo_ccc.png\",\"contentUrl\":\"https:\/\/blog.ccc.eu\/sk\/wp-content\/uploads\/2021\/11\/logo_ccc.png\",\"width\":730,\"height\":270,\"caption\":\"CCC S.A.\"},\"image\":{\"@id\":\"https:\/\/blog.ccc.eu\/sk\/#\/schema\/logo\/image\/\"}},{\"@type\":\"Person\",\"@id\":\"https:\/\/blog.ccc.eu\/sk\/#\/schema\/person\/3fe23f84d7cc2af51f6f5ff134b1fcc1\",\"name\":\"Lena\",\"image\":{\"@type\":\"ImageObject\",\"inLanguage\":\"sk-SK\",\"@id\":\"https:\/\/blog.ccc.eu\/sk\/#\/schema\/person\/image\/\",\"url\":\"https:\/\/blog.ccc.eu\/sk\/wp-content\/uploads\/2022\/06\/MicrosoftTeams-image-2-100x100.jpg\",\"contentUrl\":\"https:\/\/blog.ccc.eu\/sk\/wp-content\/uploads\/2022\/06\/MicrosoftTeams-image-2-100x100.jpg\",\"caption\":\"Lena\"},\"description\":\"Absolventka digit\u00e1lneho marketingu so sk\u00fasenos\u0165ami s content marketingom a (ve\u013emi prekvapivo) copywritingom. Vo vo\u013enom \u010dase rada nos\u00ed platformy a sna\u017e\u00ed sa n\u00e1kupy vo fast-fashion re\u0165azcoch vyva\u017eova\u0165 t\u00fdmi sek\u00e1\u010dov\u00fdmi a swapov\u00fdmi.\",\"url\":\"https:\/\/blog.ccc.eu\/sk\/author\/paulina-jarmul\/\"}]}<\/script>\n<!-- \/ Yoast SEO plugin. -->","yoast_head_json":{"title":"Nemrznite! Zababu\u0161te sa do trendy zimn\u00fdch doplnkov - blog.ccc.eu\/sk","description":"Ako obnovi\u0165 zimn\u00fd \u0161atn\u00edk? Pomocou doplnkov! Objavte u n\u00e1s nad\u010dasov\u00e9 \u010diapky, trendy balaclavas, klapky na u\u0161i, ko\u017een\u00e9 rukavice a farebn\u00e9 \u0161\u00e1ly. 2026","robots":{"index":"index","follow":"follow","max-snippet":"max-snippet:-1","max-image-preview":"max-image-preview:large","max-video-preview":"max-video-preview:-1"},"canonical":"https:\/\/blog.ccc.eu\/sk\/nemrznite-zababuste-sa-do-trendy-zimnych-doplnkov\/","og_locale":"sk_SK","og_type":"article","og_title":"Nemrznite! Zababu\u0161te sa do trendy zimn\u00fdch doplnkov - blog.ccc.eu\/sk","og_description":"Ako obnovi\u0165 zimn\u00fd \u0161atn\u00edk? Pomocou doplnkov! Objavte u n\u00e1s nad\u010dasov\u00e9 \u010diapky, trendy balaclavas, klapky na u\u0161i, ko\u017een\u00e9 rukavice a farebn\u00e9 \u0161\u00e1ly.","og_url":"https:\/\/blog.ccc.eu\/sk\/nemrznite-zababuste-sa-do-trendy-zimnych-doplnkov\/","og_site_name":"blog.ccc.eu\/sk","article_published_time":"2023-02-02T12:43:50+00:00","article_modified_time":"2023-02-02T12:44:12+00:00","og_image":[{"width":724,"height":483,"url":"https:\/\/blog.ccc.eu\/sk\/wp-content\/uploads\/2023\/02\/GettyImages-1285045033.jpg","type":"image\/jpeg"}],"author":"Lena","twitter_card":"summary_large_image","twitter_misc":{"Autor":"Lena","Predpokladan\u00fd \u010das \u010d\u00edtania":"6 min\u00fat"},"schema":{"@context":"https:\/\/schema.org","@graph":[{"@type":"Article","@id":"https:\/\/blog.ccc.eu\/sk\/nemrznite-zababuste-sa-do-trendy-zimnych-doplnkov\/#article","isPartOf":{"@id":"https:\/\/blog.ccc.eu\/sk\/nemrznite-zababuste-sa-do-trendy-zimnych-doplnkov\/"},"author":{"name":"Lena","@id":"https:\/\/blog.ccc.eu\/sk\/#\/schema\/person\/3fe23f84d7cc2af51f6f5ff134b1fcc1"},"headline":"Nemrznite! Zababu\u0161te sa do trendy zimn\u00fdch doplnkov","datePublished":"2023-02-02T12:43:50+00:00","dateModified":"2023-02-02T12:44:12+00:00","mainEntityOfPage":{"@id":"https:\/\/blog.ccc.eu\/sk\/nemrznite-zababuste-sa-do-trendy-zimnych-doplnkov\/"},"wordCount":1215,"commentCount":0,"publisher":{"@id":"https:\/\/blog.ccc.eu\/sk\/#organization"},"image":{"@id":"https:\/\/blog.ccc.eu\/sk\/nemrznite-zababuste-sa-do-trendy-zimnych-doplnkov\/#primaryimage"},"thumbnailUrl":"https:\/\/blog.ccc.eu\/sk\/wp-content\/uploads\/2023\/02\/GettyImages-1285045033.jpg","keywords":["d\u00e1mske \u010diapky","d\u00e1mske rukavice","d\u00e1mske \u0161\u00e1ly","p\u00e1nske \u010diapky","p\u00e1nske rukavice","zimn\u00e9 doplnky"],"articleSection":["M\u00d3DNE TIPY"],"inLanguage":"sk-SK","potentialAction":[{"@type":"CommentAction","name":"Comment","target":["https:\/\/blog.ccc.eu\/sk\/nemrznite-zababuste-sa-do-trendy-zimnych-doplnkov\/#respond"]}]},{"@type":"WebPage","@id":"https:\/\/blog.ccc.eu\/sk\/nemrznite-zababuste-sa-do-trendy-zimnych-doplnkov\/","url":"https:\/\/blog.ccc.eu\/sk\/nemrznite-zababuste-sa-do-trendy-zimnych-doplnkov\/","name":"Nemrznite! Zababu\u0161te sa do trendy zimn\u00fdch doplnkov - blog.ccc.eu\/sk","isPartOf":{"@id":"https:\/\/blog.ccc.eu\/sk\/#website"},"primaryImageOfPage":{"@id":"https:\/\/blog.ccc.eu\/sk\/nemrznite-zababuste-sa-do-trendy-zimnych-doplnkov\/#primaryimage"},"image":{"@id":"https:\/\/blog.ccc.eu\/sk\/nemrznite-zababuste-sa-do-trendy-zimnych-doplnkov\/#primaryimage"},"thumbnailUrl":"https:\/\/blog.ccc.eu\/sk\/wp-content\/uploads\/2023\/02\/GettyImages-1285045033.jpg","datePublished":"2023-02-02T12:43:50+00:00","dateModified":"2023-02-02T12:44:12+00:00","description":"Ako obnovi\u0165 zimn\u00fd \u0161atn\u00edk? Pomocou doplnkov! Objavte u n\u00e1s nad\u010dasov\u00e9 \u010diapky, trendy balaclavas, klapky na u\u0161i, ko\u017een\u00e9 rukavice a farebn\u00e9 \u0161\u00e1ly.","breadcrumb":{"@id":"https:\/\/blog.ccc.eu\/sk\/nemrznite-zababuste-sa-do-trendy-zimnych-doplnkov\/#breadcrumb"},"inLanguage":"sk-SK","potentialAction":[{"@type":"ReadAction","target":["https:\/\/blog.ccc.eu\/sk\/nemrznite-zababuste-sa-do-trendy-zimnych-doplnkov\/"]}]},{"@type":"ImageObject","inLanguage":"sk-SK","@id":"https:\/\/blog.ccc.eu\/sk\/nemrznite-zababuste-sa-do-trendy-zimnych-doplnkov\/#primaryimage","url":"https:\/\/blog.ccc.eu\/sk\/wp-content\/uploads\/2023\/02\/GettyImages-1285045033.jpg","contentUrl":"https:\/\/blog.ccc.eu\/sk\/wp-content\/uploads\/2023\/02\/GettyImages-1285045033.jpg","width":724,"height":483,"caption":"winter clothes mittens and knitted haton a Gray stone background"},{"@type":"BreadcrumbList","@id":"https:\/\/blog.ccc.eu\/sk\/nemrznite-zababuste-sa-do-trendy-zimnych-doplnkov\/#breadcrumb","itemListElement":[{"@type":"ListItem","position":1,"name":"Strona g\u0142\u00f3wna","item":"https:\/\/blog.ccc.eu\/sk\/"},{"@type":"ListItem","position":2,"name":"Nemrznite! Zababu\u0161te sa do trendy zimn\u00fdch doplnkov"}]},{"@type":"WebSite","@id":"https:\/\/blog.ccc.eu\/sk\/#website","url":"https:\/\/blog.ccc.eu\/sk\/","name":"blog.ccc.eu\/sk","description":"Va\u0161e miesto pln\u00e9 m\u00f3dnych in\u0161pir\u00e1ci\u00ed","publisher":{"@id":"https:\/\/blog.ccc.eu\/sk\/#organization"},"potentialAction":[{"@type":"SearchAction","target":{"@type":"EntryPoint","urlTemplate":"https:\/\/blog.ccc.eu\/sk\/?s={search_term_string}"},"query-input":{"@type":"PropertyValueSpecification","valueRequired":true,"valueName":"search_term_string"}}],"inLanguage":"sk-SK"},{"@type":"Organization","@id":"https:\/\/blog.ccc.eu\/sk\/#organization","name":"CCC S.A.","url":"https:\/\/blog.ccc.eu\/sk\/","logo":{"@type":"ImageObject","inLanguage":"sk-SK","@id":"https:\/\/blog.ccc.eu\/sk\/#\/schema\/logo\/image\/","url":"https:\/\/blog.ccc.eu\/sk\/wp-content\/uploads\/2021\/11\/logo_ccc.png","contentUrl":"https:\/\/blog.ccc.eu\/sk\/wp-content\/uploads\/2021\/11\/logo_ccc.png","width":730,"height":270,"caption":"CCC S.A."},"image":{"@id":"https:\/\/blog.ccc.eu\/sk\/#\/schema\/logo\/image\/"}},{"@type":"Person","@id":"https:\/\/blog.ccc.eu\/sk\/#\/schema\/person\/3fe23f84d7cc2af51f6f5ff134b1fcc1","name":"Lena","image":{"@type":"ImageObject","inLanguage":"sk-SK","@id":"https:\/\/blog.ccc.eu\/sk\/#\/schema\/person\/image\/","url":"https:\/\/blog.ccc.eu\/sk\/wp-content\/uploads\/2022\/06\/MicrosoftTeams-image-2-100x100.jpg","contentUrl":"https:\/\/blog.ccc.eu\/sk\/wp-content\/uploads\/2022\/06\/MicrosoftTeams-image-2-100x100.jpg","caption":"Lena"},"description":"Absolventka digit\u00e1lneho marketingu so sk\u00fasenos\u0165ami s content marketingom a (ve\u013emi prekvapivo) copywritingom. Vo vo\u013enom \u010dase rada nos\u00ed platformy a sna\u017e\u00ed sa n\u00e1kupy vo fast-fashion re\u0165azcoch vyva\u017eova\u0165 t\u00fdmi sek\u00e1\u010dov\u00fdmi a swapov\u00fdmi.","url":"https:\/\/blog.ccc.eu\/sk\/author\/paulina-jarmul\/"}]}},"_links":{"self":[{"href":"https:\/\/blog.ccc.eu\/sk\/wp-json\/wp\/v2\/posts\/6261","targetHints":{"allow":["GET"]}}],"collection":[{"href":"https:\/\/blog.ccc.eu\/sk\/wp-json\/wp\/v2\/posts"}],"about":[{"href":"https:\/\/blog.ccc.eu\/sk\/wp-json\/wp\/v2\/types\/post"}],"author":[{"embeddable":true,"href":"https:\/\/blog.ccc.eu\/sk\/wp-json\/wp\/v2\/users\/9"}],"replies":[{"embeddable":true,"href":"https:\/\/blog.ccc.eu\/sk\/wp-json\/wp\/v2\/comments?post=6261"}],"version-history":[{"count":2,"href":"https:\/\/blog.ccc.eu\/sk\/wp-json\/wp\/v2\/posts\/6261\/revisions"}],"predecessor-version":[{"id":6266,"href":"https:\/\/blog.ccc.eu\/sk\/wp-json\/wp\/v2\/posts\/6261\/revisions\/6266"}],"wp:featuredmedia":[{"embeddable":true,"href":"https:\/\/blog.ccc.eu\/sk\/wp-json\/wp\/v2\/media\/6264"}],"wp:attachment":[{"href":"https:\/\/blog.ccc.eu\/sk\/wp-json\/wp\/v2\/media?parent=6261"}],"wp:term":[{"taxonomy":"category","embeddable":true,"href":"https:\/\/blog.ccc.eu\/sk\/wp-json\/wp\/v2\/categories?post=6261"},{"taxonomy":"post_tag","embeddable":true,"href":"https:\/\/blog.ccc.eu\/sk\/wp-json\/wp\/v2\/tags?post=6261"}],"curies":[{"name":"wp","href":"https:\/\/api.w.org\/{rel}","templated":true}]}}