{"id":6529,"date":"2023-05-15T09:47:21","date_gmt":"2023-05-15T07:47:21","guid":{"rendered":"https:\/\/blog.ccc.eu\/sk\/?p=6529"},"modified":"2023-05-15T09:47:22","modified_gmt":"2023-05-15T07:47:22","slug":"letna-kolekcia-jenny-fairy-x-emily-ratajkowski-vonia-po-kvetoch","status":"publish","type":"post","link":"https:\/\/blog.ccc.eu\/sk\/letna-kolekcia-jenny-fairy-x-emily-ratajkowski-vonia-po-kvetoch\/","title":{"rendered":"Letn\u00e1 kolekcia Jenny Fairy x Emily Ratajkowski vonia po kvetoch"},"content":{"rendered":"\n<p><b>U\u017e to c\u00edtite? Kvitn\u00face \u010dere\u0161ne, svie\u017ei v\u00e1nok a hrejiv\u00e9 l\u00fa\u010de. Vo vzduchu je c\u00edti\u0165 leto! Preneste sa s nami na franc\u00fazsku rivi\u00e9ru, spolu s <\/strong><a href=\"https:\/\/ccc.eu\/sk\/jenny-fairy\"><strong>kr\u00e1snou Emily Ratajkowski a trendy Jenny Fairy.<\/strong><\/a><strong> Najnov\u0161ia kolekcia je pln\u00e1 farieb, \u0161t\u00fdlov\u00fdch dizajnov a letn\u00fdch mot\u00edvov.<\/b><\/p>\n\n\n\n<figure class=\"wp-block-embed is-type-video is-provider-youtube wp-block-embed-youtube wp-embed-aspect-16-9 wp-has-aspect-ratio\"><div class=\"wp-block-embed__wrapper\">\n<iframe loading=\"lazy\" title=\"CCC I Jenny Fairy x Emily Ratajkowski l slot 2 l Kampania SS23\" width=\"500\" height=\"281\" src=\"https:\/\/www.youtube.com\/embed\/XkIS2nHtrb4?feature=oembed\" frameborder=\"0\" allow=\"accelerometer; autoplay; clipboard-write; encrypted-media; gyroscope; picture-in-picture; web-share\" referrerpolicy=\"strict-origin-when-cross-origin\" allowfullscreen><\/iframe>\n<\/div><\/figure>\n\n\n\n<p><em>Emily Ratajkowski nie je potrebn\u00e9 siahodlho predstavova\u0165. Je to autorka bestselleru My body (Moje telo), supermodelka, here\u010dka a aktu\u00e1lne aj podcasterka. Na Instagrame ju sleduje 30 mili\u00f3nov o\u010d\u00ed. Svoju sl\u00e1vu Emily Ratajkowski vyu\u017e\u00edva aj na aktivizmus, boj za pr\u00e1va \u017eien. Ako napoved\u00e1 jej priezvisko, m\u00e1 po\u013esk\u00e9 korene, no narodila sa v Lond\u00fdne, n\u00e1sledne \u017eila v Kalifornii a aktu\u00e1lne je v New Yorku. A teraz m\u00e1me mo\u017enos\u0165 ju vidie\u0165 v najnov\u0161\u00edch kampaniach zna\u010dky Jenny Fairy! Pozrite sa s nami, \u010do v\u0161etko n\u00e1jdete v novej letnej kolekcii.<\/em><\/p>\n\n\n\n<figure class=\"wp-block-gallery has-nested-images columns-default is-cropped wp-block-gallery-1 is-layout-flex wp-block-gallery-is-layout-flex\">\n<figure class=\"wp-block-image size-large\"><img loading=\"lazy\" decoding=\"async\" width=\"1024\" height=\"683\" data-id=\"6530\" src=\"https:\/\/blog.ccc.eu\/sk\/wp-content\/uploads\/2023\/05\/JF_SS23_08_0049_LBX_300dpi-1024x683.jpg\" alt=\"\" class=\"wp-image-6530\" srcset=\"https:\/\/blog.ccc.eu\/sk\/wp-content\/uploads\/2023\/05\/JF_SS23_08_0049_LBX_300dpi-1024x683.jpg 1024w, https:\/\/blog.ccc.eu\/sk\/wp-content\/uploads\/2023\/05\/JF_SS23_08_0049_LBX_300dpi-300x200.jpg 300w, https:\/\/blog.ccc.eu\/sk\/wp-content\/uploads\/2023\/05\/JF_SS23_08_0049_LBX_300dpi-768x512.jpg 768w, https:\/\/blog.ccc.eu\/sk\/wp-content\/uploads\/2023\/05\/JF_SS23_08_0049_LBX_300dpi-1536x1024.jpg 1536w, https:\/\/blog.ccc.eu\/sk\/wp-content\/uploads\/2023\/05\/JF_SS23_08_0049_LBX_300dpi-100x67.jpg 100w, https:\/\/blog.ccc.eu\/sk\/wp-content\/uploads\/2023\/05\/JF_SS23_08_0049_LBX_300dpi.jpg 1750w\" sizes=\"auto, (max-width: 1024px) 100vw, 1024px\" \/><\/figure>\n<\/figure>\n\n\n\n<h2 class=\"wp-block-heading\">Emily Ratajkowski + Jenny Fairy = letn\u00e1 bomba<\/h2>\n\n\n\n<p>V najnov\u0161ej letnej kolekcii objav\u00edte elegantn\u00fa, letn\u00fa obuv, extravagantn\u00e9 sand\u00e1le na platforme, vkusn\u00e9 a roztomilo drobn\u00e9 kabelky, rovnako pohodln\u00fa obuv na ni\u017e\u0161ej podr\u00e1\u017eke. V\u0161etky k\u00fasky s\u00fa supertrendy a v letn\u00fdch, svie\u017eich farb\u00e1ch.<\/p>\n\n\n\n<shortcode prop-category=\"Sand\u00e1le\" prop-gender=\"female\" prop-manufacturer=\"Jenny Fairy\" prop-load-num=\"12\" prop-display-num=\"4\" prop-sku=\"5904862780412, 5904862828671, 5904862744070, 5904862835853, 5904862852164, 5904862852171, 5904862744087\" prop-view=\"slider\"><\/shortcode>        <div\r\n            class=\"eob-pf-shortcode\"\r\n            id=\"eobpf69f0df510fad4\"\r\n        >\r\n            <shortcode prop-category=\"Sand\u00e1le\" prop-gender=\"female\" prop-manufacturer=\"Jenny Fairy\" prop-load-num=\"12\" prop-display-num=\"4\" prop-sku=\"5904862780412, 5904862828671, 5904862744070, 5904862835853, 5904862852164, 5904862852171, 5904862744087\" prop-view=\"slider\"><\/shortcode>        <\/div>\r\n\t\t<script>\r\n\t\t\tjQuery(document).ready(() => {\r\n\t\t\t    const root = document.getElementById('eobpf69f0df510fad4');\r\n                Vue.createApp({\r\n\t                components: {\r\n\t                    shortcode\r\n\t                }\r\n                }).mount(root);\r\n\t\t\t});\r\n\t\t<\/script>\r\n\t\t\r\n\t\t\n\n\n\n<p><\/p>\n\n\n\n<p>Vizu\u00e1l kampane pripom\u00edna dovolenkov\u00e9 letovisk\u00e1. \u010cerveno-biele pruhy ako pozadie, lemuj\u00face najnov\u0161ie k\u00fasky kolekcie spolu s Emily, rozhodne neprehliadnete. Je v\u00fdrazn\u00e9 a ikonick\u00e9, rovnako ako nov\u00e1, letn\u00e1 kolekcia Jenny Fairy.<\/p>\n\n\n\n<figure class=\"wp-block-gallery has-nested-images columns-default is-cropped wp-block-gallery-2 is-layout-flex wp-block-gallery-is-layout-flex\">\n<figure class=\"wp-block-image size-large\"><img loading=\"lazy\" decoding=\"async\" width=\"683\" height=\"1024\" data-id=\"6532\" src=\"https:\/\/blog.ccc.eu\/sk\/wp-content\/uploads\/2023\/05\/JF_SS23_06_0124_300dpi-683x1024.jpg\" alt=\"\" class=\"wp-image-6532\" srcset=\"https:\/\/blog.ccc.eu\/sk\/wp-content\/uploads\/2023\/05\/JF_SS23_06_0124_300dpi-683x1024.jpg 683w, https:\/\/blog.ccc.eu\/sk\/wp-content\/uploads\/2023\/05\/JF_SS23_06_0124_300dpi-200x300.jpg 200w, https:\/\/blog.ccc.eu\/sk\/wp-content\/uploads\/2023\/05\/JF_SS23_06_0124_300dpi-768x1152.jpg 768w, https:\/\/blog.ccc.eu\/sk\/wp-content\/uploads\/2023\/05\/JF_SS23_06_0124_300dpi-1024x1536.jpg 1024w, https:\/\/blog.ccc.eu\/sk\/wp-content\/uploads\/2023\/05\/JF_SS23_06_0124_300dpi-100x150.jpg 100w, https:\/\/blog.ccc.eu\/sk\/wp-content\/uploads\/2023\/05\/JF_SS23_06_0124_300dpi.jpg 1167w\" sizes=\"auto, (max-width: 683px) 100vw, 683px\" \/><\/figure>\n\n\n\n<figure class=\"wp-block-image size-large\"><img loading=\"lazy\" decoding=\"async\" width=\"683\" height=\"1024\" data-id=\"6531\" src=\"https:\/\/blog.ccc.eu\/sk\/wp-content\/uploads\/2023\/05\/JF_SS23_11_0061_LBX_crop_300dpi-683x1024.jpg\" alt=\"\" class=\"wp-image-6531\" srcset=\"https:\/\/blog.ccc.eu\/sk\/wp-content\/uploads\/2023\/05\/JF_SS23_11_0061_LBX_crop_300dpi-683x1024.jpg 683w, https:\/\/blog.ccc.eu\/sk\/wp-content\/uploads\/2023\/05\/JF_SS23_11_0061_LBX_crop_300dpi-200x300.jpg 200w, https:\/\/blog.ccc.eu\/sk\/wp-content\/uploads\/2023\/05\/JF_SS23_11_0061_LBX_crop_300dpi-768x1152.jpg 768w, https:\/\/blog.ccc.eu\/sk\/wp-content\/uploads\/2023\/05\/JF_SS23_11_0061_LBX_crop_300dpi-1024x1536.jpg 1024w, https:\/\/blog.ccc.eu\/sk\/wp-content\/uploads\/2023\/05\/JF_SS23_11_0061_LBX_crop_300dpi-100x150.jpg 100w, https:\/\/blog.ccc.eu\/sk\/wp-content\/uploads\/2023\/05\/JF_SS23_11_0061_LBX_crop_300dpi.jpg 1167w\" sizes=\"auto, (max-width: 683px) 100vw, 683px\" \/><\/figure>\n<\/figure>\n\n\n\n<h2 class=\"wp-block-heading\">\u010co objav\u00edte v letnej kolekcii?<\/h2>\n\n\n\n<p>Nov\u00e1 kolekcia vonia ako leto. Nesie sa v pastelov\u00fdch farb\u00e1ch. Objav\u00edte u n\u00e1s sand\u00e1le v cukr\u00edkovo ru\u017eovej, kr\u00e1\u013eovskej modrej a smotanovej. Na v\u00fdrazn\u00fdch platform\u00e1ch, rovnako na pohodlnej, ni\u017e\u0161ej podr\u00e1\u017eke. Kolekcia obsahuje drobn\u00e9 kabelky v baguette, aj v kufr\u00edkovom \u0161t\u00fdle. Ide\u00e1lne na leto. V\u0161etky v kr\u00e1snych, svie\u017eich farb\u00e1ch. Vyberiete si napr\u00edklad z jemnej limetkovej, Barbie ru\u017eovej, pastelovej fialovej. Kolekcia sa nesie v t\u00f3noch najtrendy farieb leta 2023. Rovnako v kolekcii n\u00e1jdete neutr\u00e1lnu nude, bielu a \u010diernu. Ide\u00e1lne pre celoro\u010dn\u00e9 milovn\u00ed\u010dky minimalizmu.<\/p>\n\n\n\n<p>Rozhodne neprehliadnete bielu kabelku, ozdoben\u00fa kvetmi. Ak t\u00e1 k v\u00e1m po\u010das letn\u00e9ho pikniku nepril\u00e1ka pestrofarebn\u00e9 mot\u00fdle, tak zrejme \u017eiadna. Ak by ste si priali nosi\u0165 mot\u00fdle ako svoj doplnok, va\u0161e prianie je n\u00e1m rozkazom! V kolekcii objav\u00edte ru\u017eov\u00e9 sand\u00e1le na platforme, ozdoben\u00e9 jemn\u00fdmi mot\u00fdlikmi na viazan\u00ed nohy. \u00a0<\/p>\n\n\n\n<shortcode prop-category=\"Sand\u00e1le\" prop-gender=\"female\" prop-manufacturer=\"Jenny Fairy\" prop-load-num=\"12\" prop-display-num=\"4\" prop-sku=\"5904862781204, 5904862781259, 5904862781983, 5904862782010\" prop-view=\"slider\"><\/shortcode>        <div\r\n            class=\"eob-pf-shortcode\"\r\n            id=\"eobpf69f0df510fc56\"\r\n        >\r\n            <shortcode prop-category=\"Sand\u00e1le\" prop-gender=\"female\" prop-manufacturer=\"Jenny Fairy\" prop-load-num=\"12\" prop-display-num=\"4\" prop-sku=\"5904862781204, 5904862781259, 5904862781983, 5904862782010\" prop-view=\"slider\"><\/shortcode>        <\/div>\r\n\t\t<script>\r\n\t\t\tjQuery(document).ready(() => {\r\n\t\t\t    const root = document.getElementById('eobpf69f0df510fc56');\r\n                Vue.createApp({\r\n\t                components: {\r\n\t                    shortcode\r\n\t                }\r\n                }).mount(root);\r\n\t\t\t});\r\n\t\t<\/script>\r\n\t\t\r\n\t\t\n\n\n\n<p><\/p>\n\n\n\n<h2 class=\"wp-block-heading\">Sand\u00e1le a kabelky ako z Totally Spies<\/h2>\n\n\n\n<p>Ak si e\u0161te spom\u00ednate na detsk\u00e9 animovan\u00e9 rozpr\u00e1vky, napr\u00edklad Totally Spies \u2013 \u0161pi\u00f3nky, je mo\u017en\u00e9, \u017ee ste zat\u00fa\u017eili po ich trendy a rozmanitom \u0161atn\u00edku (v\u0161etka \u010des\u0165 anim\u00e1torom).<\/p>\n\n\n\n<p>A viete \u010do? V najnov\u0161ej kolekcii sa im m\u00f4\u017eete pripodobni\u0165. N\u00e1jdete tam sand\u00e1le na platforme v kvetinovej potla\u010di, v jemne retro \u0161t\u00fdle. Modr\u00e9 pozadie, s ru\u017eovo-\u017elt\u00fdmi kvetmi, prinesie svie\u017ei letn\u00fd v\u00e1nok aj do v\u00e1\u0161ho \u0161atn\u00edka. Sand\u00e1le na platforme pripom\u00ednaj\u00fa nielen Barbie, ale tie\u017e kedysi ve\u013emi popul\u00e1rne Bratz dolls. A to nielen v\u00fdraznou ru\u017eovou. Preneste sa v\u010faka novej Jenny Fairy kolekcii za kr\u00e1snou nostalgiou, nasp\u00e4\u0165 do detstva.<\/p>\n\n\n\n<figure class=\"wp-block-gallery has-nested-images columns-default is-cropped wp-block-gallery-3 is-layout-flex wp-block-gallery-is-layout-flex\">\n<figure class=\"wp-block-image size-large\"><img loading=\"lazy\" decoding=\"async\" width=\"683\" height=\"1024\" data-id=\"6534\" src=\"https:\/\/blog.ccc.eu\/sk\/wp-content\/uploads\/2023\/05\/JF_SS23_08_0173_LBX_300dpi-683x1024.jpg\" alt=\"\" class=\"wp-image-6534\" srcset=\"https:\/\/blog.ccc.eu\/sk\/wp-content\/uploads\/2023\/05\/JF_SS23_08_0173_LBX_300dpi-683x1024.jpg 683w, https:\/\/blog.ccc.eu\/sk\/wp-content\/uploads\/2023\/05\/JF_SS23_08_0173_LBX_300dpi-200x300.jpg 200w, https:\/\/blog.ccc.eu\/sk\/wp-content\/uploads\/2023\/05\/JF_SS23_08_0173_LBX_300dpi-768x1151.jpg 768w, https:\/\/blog.ccc.eu\/sk\/wp-content\/uploads\/2023\/05\/JF_SS23_08_0173_LBX_300dpi-1025x1536.jpg 1025w, https:\/\/blog.ccc.eu\/sk\/wp-content\/uploads\/2023\/05\/JF_SS23_08_0173_LBX_300dpi-100x150.jpg 100w, https:\/\/blog.ccc.eu\/sk\/wp-content\/uploads\/2023\/05\/JF_SS23_08_0173_LBX_300dpi.jpg 1168w\" sizes=\"auto, (max-width: 683px) 100vw, 683px\" \/><\/figure>\n\n\n\n<figure class=\"wp-block-image size-large\"><img loading=\"lazy\" decoding=\"async\" width=\"683\" height=\"1024\" data-id=\"6533\" src=\"https:\/\/blog.ccc.eu\/sk\/wp-content\/uploads\/2023\/05\/JF_SS23_230131_JennyFairy_0005-683x1024.jpg\" alt=\"\" class=\"wp-image-6533\" srcset=\"https:\/\/blog.ccc.eu\/sk\/wp-content\/uploads\/2023\/05\/JF_SS23_230131_JennyFairy_0005-683x1024.jpg 683w, https:\/\/blog.ccc.eu\/sk\/wp-content\/uploads\/2023\/05\/JF_SS23_230131_JennyFairy_0005-200x300.jpg 200w, https:\/\/blog.ccc.eu\/sk\/wp-content\/uploads\/2023\/05\/JF_SS23_230131_JennyFairy_0005-100x150.jpg 100w, https:\/\/blog.ccc.eu\/sk\/wp-content\/uploads\/2023\/05\/JF_SS23_230131_JennyFairy_0005.jpg 750w\" sizes=\"auto, (max-width: 683px) 100vw, 683px\" \/><\/figure>\n<\/figure>\n\n\n\n<h2 class=\"wp-block-heading\">Doplnky \u2013 neodmyslite\u013en\u00e1 s\u00fa\u010das\u0165 letn\u00fdch outfitov<\/h2>\n\n\n\n<p>Nov\u00fa kolekciu sprev\u00e1dzaj\u00fa aj o\u010daruj\u00face doplnky, ktor\u00e9 odkazuj\u00fa na m\u00f3du, zo za\u010diatku tohto storo\u010dia. Plastov\u00e9 prstene, mal\u00e9 farebn\u00e9 kor\u00e1lky v podobe n\u00e1hrdeln\u00edkov alebo n\u00e1ramkov s\u00fa op\u00e4\u0165 ve\u013emi ob\u013e\u00faben\u00e9 (nevieme ako vy, no my tam zase c\u00edtime tie Totally Spies). Rovnako pripom\u00ednaj\u00fa sladk\u00e9 n\u00e1ramky, ktor\u00e9 sa tie\u017e dali nielen nosi\u0165, ale aj zjes\u0165. Doslova na (z)jedenie!<\/p>\n\n\n\n<p>Diev\u010densk\u00e1 estetika n\u00e1m umo\u017e\u0148uje vr\u00e1ti\u0165 sa k nostalgick\u00fdm spomienkam na detstvo. S\u00fa\u010dasne s\u00fa tieto \u0161perky origin\u00e1lnym doplnkom letn\u00e9ho stylingu. Okrem \u0161perkov je kolekcia obohaten\u00e1 o slamen\u00e9 klob\u00faky \u2013 must have ka\u017ed\u00e9ho leta.<\/p>\n\n\n\n<shortcode prop-category=\"Bi\u017eut\u00e9ria\" prop-gender=\"female\" prop-manufacturer=\"Jenny Fairy\" prop-load-num=\"12\" prop-display-num=\"4\" prop-sku=\"5904862550220, 5904862550268, 5904862550244, 5904862550213, 5904862550251, 5904862550237, 5904248323202, 5904248323134, 5904248323196, 5904862624389, 5904862551395, 5904862624471, 5904862551388, 5904862551401\" prop-view=\"slider\"><\/shortcode>        <div\r\n            class=\"eob-pf-shortcode\"\r\n            id=\"eobpf69f0df510fca9\"\r\n        >\r\n            <shortcode prop-category=\"Bi\u017eut\u00e9ria\" prop-gender=\"female\" prop-manufacturer=\"Jenny Fairy\" prop-load-num=\"12\" prop-display-num=\"4\" prop-sku=\"5904862550220, 5904862550268, 5904862550244, 5904862550213, 5904862550251, 5904862550237, 5904248323202, 5904248323134, 5904248323196, 5904862624389, 5904862551395, 5904862624471, 5904862551388, 5904862551401\" prop-view=\"slider\"><\/shortcode>        <\/div>\r\n\t\t<script>\r\n\t\t\tjQuery(document).ready(() => {\r\n\t\t\t    const root = document.getElementById('eobpf69f0df510fca9');\r\n                Vue.createApp({\r\n\t                components: {\r\n\t                    shortcode\r\n\t                }\r\n                }).mount(root);\r\n\t\t\t});\r\n\t\t<\/script>\r\n\t\t\r\n\t\t\n\n\n\n<p><\/p>\n\n\n\n<h2 class=\"wp-block-heading\">Vyzerajte v novej kolekcii ako Emily Ratajkowski<\/h2>\n\n\n\n<p>Jenny Fairy v novej letnej kolekcii pon\u00faka z\u00e1plavu farieb, ktor\u00e9 sa bud\u00fa dokonale hodi\u0165 k va\u0161im letn\u00fdm outfitom. K svetl\u00fdm, rozviatym \u0161at\u00e1m, zvo\u013ete sand\u00e1le na platforme v ru\u017eovej alebo modrej farbe. Kombinujte ich s kabelkou v podobne cukr\u00edkovej farbe.<\/p>\n\n\n\n<p>K mestskej\u0161iemu outfitu, \u0161ortk\u00e1m alebo mum jeans zvo\u013ete sand\u00e1le na ni\u017e\u0161ej platforme. Tie sa dokonale hodia k s\u00fa\u010dasnej m\u00f3de a skvele pod\u010diarknu letn\u00fa atmosf\u00e9ru. Svoj look dopl\u0148te farebn\u00fdmi doplnkami a drobnou kabelkou.<\/p>\n\n\n\n<p>Nechajte sa unies\u0165 farbami a dovolenkov\u00fdmi vzormi novej kolekcie Jenny Fairy. Vyberte si origin\u00e1lne top\u00e1nky a ta\u0161ky, ktor\u00e9 premenia v\u00e1\u0161 dovolenkov\u00fd look. Nov\u00e1 kolekcia zna\u010dky Jenny Fairy je k dispoz\u00edcii v na\u0161ich predajniach CCC, <a href=\"https:\/\/ccc.eu\/sk\/jenny-fairy\">na ccc.eu<\/a> a v aplik\u00e1cii.<\/p>\n","protected":false},"excerpt":{"rendered":"<p>U\u017e to c\u00edtite? Kvitn\u00face \u010dere\u0161ne, svie\u017ei v\u00e1nok a hrejiv\u00e9 l\u00fa\u010de. Vo vzduchu je c\u00edti\u0165 leto! Preneste sa s nami na franc\u00fazsku rivi\u00e9ru, spolu s kr\u00e1snou Emily Ratajkowski a trendy Jenny Fairy. Najnov\u0161ia kolekcia je pln\u00e1 farieb, \u0161t\u00fdlov\u00fdch dizajnov a letn\u00fdch mot\u00edvov. Emily Ratajkowski nie je potrebn\u00e9 siahodlho predstavova\u0165. Je to autorka bestselleru My body (Moje [&hellip;]<\/p>\n","protected":false},"author":9,"featured_media":6534,"comment_status":"open","ping_status":"open","sticky":false,"template":"","format":"standard","meta":{"_acf_changed":false,"footnotes":""},"categories":[432],"tags":[850,418,574,695,687,659],"class_list":["post-6529","post","type-post","status-publish","format-standard","has-post-thumbnail","hentry","category-novinky","tag-emily-ratajkowski","tag-jenny-fairy","tag-kabelky","tag-leto","tag-sandale","tag-topanky"],"acf":[],"yoast_head":"<!-- This site is optimized with the Yoast SEO plugin v26.9 - https:\/\/yoast.com\/product\/yoast-seo-wordpress\/ -->\n<title>Letn\u00e1 kolekcia Jenny Fairy x Emily Ratajkowski vonia po kvetoch - blog.ccc.eu\/sk<\/title>\n<meta name=\"description\" content=\"\u010cere\u0161ne, svie\u017eos\u0165 a slnko. Vo vzduchu c\u00edti\u0165 leto! Preneste sa na franc\u00fazsku rivi\u00e9ru, spolu s kr\u00e1snou Emily Ratajkowski a trendy Jenny Fairy. 2026\" \/>\n<meta name=\"robots\" content=\"index, follow, max-snippet:-1, max-image-preview:large, max-video-preview:-1\" \/>\n<link rel=\"canonical\" href=\"https:\/\/blog.ccc.eu\/sk\/letna-kolekcia-jenny-fairy-x-emily-ratajkowski-vonia-po-kvetoch\/\" \/>\n<meta property=\"og:locale\" content=\"sk_SK\" \/>\n<meta property=\"og:type\" content=\"article\" \/>\n<meta property=\"og:title\" content=\"Letn\u00e1 kolekcia Jenny Fairy x Emily Ratajkowski vonia po kvetoch - blog.ccc.eu\/sk\" \/>\n<meta property=\"og:description\" content=\"\u010cere\u0161ne, svie\u017eos\u0165 a slnko. Vo vzduchu c\u00edti\u0165 leto! Preneste sa na franc\u00fazsku rivi\u00e9ru, spolu s kr\u00e1snou Emily Ratajkowski a trendy Jenny Fairy.\" \/>\n<meta property=\"og:url\" content=\"https:\/\/blog.ccc.eu\/sk\/letna-kolekcia-jenny-fairy-x-emily-ratajkowski-vonia-po-kvetoch\/\" \/>\n<meta property=\"og:site_name\" content=\"blog.ccc.eu\/sk\" \/>\n<meta property=\"article:published_time\" content=\"2023-05-15T07:47:21+00:00\" \/>\n<meta property=\"article:modified_time\" content=\"2023-05-15T07:47:22+00:00\" \/>\n<meta property=\"og:image\" content=\"https:\/\/blog.ccc.eu\/sk\/wp-content\/uploads\/2023\/05\/JF_SS23_08_0173_LBX_300dpi.jpg\" \/>\n\t<meta property=\"og:image:width\" content=\"1168\" \/>\n\t<meta property=\"og:image:height\" content=\"1750\" \/>\n\t<meta property=\"og:image:type\" content=\"image\/jpeg\" \/>\n<meta name=\"author\" content=\"Lena\" \/>\n<meta name=\"twitter:card\" content=\"summary_large_image\" \/>\n<meta name=\"twitter:label1\" content=\"Autor\" \/>\n\t<meta name=\"twitter:data1\" content=\"Lena\" \/>\n\t<meta name=\"twitter:label2\" content=\"Predpokladan\u00fd \u010das \u010d\u00edtania\" \/>\n\t<meta name=\"twitter:data2\" content=\"4 min\u00faty\" \/>\n<script type=\"application\/ld+json\" class=\"yoast-schema-graph\">{\"@context\":\"https:\/\/schema.org\",\"@graph\":[{\"@type\":\"Article\",\"@id\":\"https:\/\/blog.ccc.eu\/sk\/letna-kolekcia-jenny-fairy-x-emily-ratajkowski-vonia-po-kvetoch\/#article\",\"isPartOf\":{\"@id\":\"https:\/\/blog.ccc.eu\/sk\/letna-kolekcia-jenny-fairy-x-emily-ratajkowski-vonia-po-kvetoch\/\"},\"author\":{\"name\":\"Lena\",\"@id\":\"https:\/\/blog.ccc.eu\/sk\/#\/schema\/person\/3fe23f84d7cc2af51f6f5ff134b1fcc1\"},\"headline\":\"Letn\u00e1 kolekcia Jenny Fairy x Emily Ratajkowski vonia po kvetoch\",\"datePublished\":\"2023-05-15T07:47:21+00:00\",\"dateModified\":\"2023-05-15T07:47:22+00:00\",\"mainEntityOfPage\":{\"@id\":\"https:\/\/blog.ccc.eu\/sk\/letna-kolekcia-jenny-fairy-x-emily-ratajkowski-vonia-po-kvetoch\/\"},\"wordCount\":878,\"commentCount\":0,\"publisher\":{\"@id\":\"https:\/\/blog.ccc.eu\/sk\/#organization\"},\"image\":{\"@id\":\"https:\/\/blog.ccc.eu\/sk\/letna-kolekcia-jenny-fairy-x-emily-ratajkowski-vonia-po-kvetoch\/#primaryimage\"},\"thumbnailUrl\":\"https:\/\/blog.ccc.eu\/sk\/wp-content\/uploads\/2023\/05\/JF_SS23_08_0173_LBX_300dpi.jpg\",\"keywords\":[\"Emily Ratajkowski\",\"Jenny Fairy\",\"kabelky\",\"leto\",\"sand\u00e1le\",\"top\u00e1nky\"],\"articleSection\":[\"NOVINKY\"],\"inLanguage\":\"sk-SK\",\"potentialAction\":[{\"@type\":\"CommentAction\",\"name\":\"Comment\",\"target\":[\"https:\/\/blog.ccc.eu\/sk\/letna-kolekcia-jenny-fairy-x-emily-ratajkowski-vonia-po-kvetoch\/#respond\"]}]},{\"@type\":\"WebPage\",\"@id\":\"https:\/\/blog.ccc.eu\/sk\/letna-kolekcia-jenny-fairy-x-emily-ratajkowski-vonia-po-kvetoch\/\",\"url\":\"https:\/\/blog.ccc.eu\/sk\/letna-kolekcia-jenny-fairy-x-emily-ratajkowski-vonia-po-kvetoch\/\",\"name\":\"Letn\u00e1 kolekcia Jenny Fairy x Emily Ratajkowski vonia po kvetoch - blog.ccc.eu\/sk\",\"isPartOf\":{\"@id\":\"https:\/\/blog.ccc.eu\/sk\/#website\"},\"primaryImageOfPage\":{\"@id\":\"https:\/\/blog.ccc.eu\/sk\/letna-kolekcia-jenny-fairy-x-emily-ratajkowski-vonia-po-kvetoch\/#primaryimage\"},\"image\":{\"@id\":\"https:\/\/blog.ccc.eu\/sk\/letna-kolekcia-jenny-fairy-x-emily-ratajkowski-vonia-po-kvetoch\/#primaryimage\"},\"thumbnailUrl\":\"https:\/\/blog.ccc.eu\/sk\/wp-content\/uploads\/2023\/05\/JF_SS23_08_0173_LBX_300dpi.jpg\",\"datePublished\":\"2023-05-15T07:47:21+00:00\",\"dateModified\":\"2023-05-15T07:47:22+00:00\",\"description\":\"\u010cere\u0161ne, svie\u017eos\u0165 a slnko. Vo vzduchu c\u00edti\u0165 leto! Preneste sa na franc\u00fazsku rivi\u00e9ru, spolu s kr\u00e1snou Emily Ratajkowski a trendy Jenny Fairy.\",\"breadcrumb\":{\"@id\":\"https:\/\/blog.ccc.eu\/sk\/letna-kolekcia-jenny-fairy-x-emily-ratajkowski-vonia-po-kvetoch\/#breadcrumb\"},\"inLanguage\":\"sk-SK\",\"potentialAction\":[{\"@type\":\"ReadAction\",\"target\":[\"https:\/\/blog.ccc.eu\/sk\/letna-kolekcia-jenny-fairy-x-emily-ratajkowski-vonia-po-kvetoch\/\"]}]},{\"@type\":\"ImageObject\",\"inLanguage\":\"sk-SK\",\"@id\":\"https:\/\/blog.ccc.eu\/sk\/letna-kolekcia-jenny-fairy-x-emily-ratajkowski-vonia-po-kvetoch\/#primaryimage\",\"url\":\"https:\/\/blog.ccc.eu\/sk\/wp-content\/uploads\/2023\/05\/JF_SS23_08_0173_LBX_300dpi.jpg\",\"contentUrl\":\"https:\/\/blog.ccc.eu\/sk\/wp-content\/uploads\/2023\/05\/JF_SS23_08_0173_LBX_300dpi.jpg\",\"width\":1168,\"height\":1750,\"caption\":\"ru\u017eov\u00e1 kabelka\"},{\"@type\":\"BreadcrumbList\",\"@id\":\"https:\/\/blog.ccc.eu\/sk\/letna-kolekcia-jenny-fairy-x-emily-ratajkowski-vonia-po-kvetoch\/#breadcrumb\",\"itemListElement\":[{\"@type\":\"ListItem\",\"position\":1,\"name\":\"Strona g\u0142\u00f3wna\",\"item\":\"https:\/\/blog.ccc.eu\/sk\/\"},{\"@type\":\"ListItem\",\"position\":2,\"name\":\"Letn\u00e1 kolekcia Jenny Fairy x Emily Ratajkowski vonia po kvetoch\"}]},{\"@type\":\"WebSite\",\"@id\":\"https:\/\/blog.ccc.eu\/sk\/#website\",\"url\":\"https:\/\/blog.ccc.eu\/sk\/\",\"name\":\"blog.ccc.eu\/sk\",\"description\":\"Va\u0161e miesto pln\u00e9 m\u00f3dnych in\u0161pir\u00e1ci\u00ed\",\"publisher\":{\"@id\":\"https:\/\/blog.ccc.eu\/sk\/#organization\"},\"potentialAction\":[{\"@type\":\"SearchAction\",\"target\":{\"@type\":\"EntryPoint\",\"urlTemplate\":\"https:\/\/blog.ccc.eu\/sk\/?s={search_term_string}\"},\"query-input\":{\"@type\":\"PropertyValueSpecification\",\"valueRequired\":true,\"valueName\":\"search_term_string\"}}],\"inLanguage\":\"sk-SK\"},{\"@type\":\"Organization\",\"@id\":\"https:\/\/blog.ccc.eu\/sk\/#organization\",\"name\":\"CCC S.A.\",\"url\":\"https:\/\/blog.ccc.eu\/sk\/\",\"logo\":{\"@type\":\"ImageObject\",\"inLanguage\":\"sk-SK\",\"@id\":\"https:\/\/blog.ccc.eu\/sk\/#\/schema\/logo\/image\/\",\"url\":\"https:\/\/blog.ccc.eu\/sk\/wp-content\/uploads\/2021\/11\/logo_ccc.png\",\"contentUrl\":\"https:\/\/blog.ccc.eu\/sk\/wp-content\/uploads\/2021\/11\/logo_ccc.png\",\"width\":730,\"height\":270,\"caption\":\"CCC S.A.\"},\"image\":{\"@id\":\"https:\/\/blog.ccc.eu\/sk\/#\/schema\/logo\/image\/\"}},{\"@type\":\"Person\",\"@id\":\"https:\/\/blog.ccc.eu\/sk\/#\/schema\/person\/3fe23f84d7cc2af51f6f5ff134b1fcc1\",\"name\":\"Lena\",\"image\":{\"@type\":\"ImageObject\",\"inLanguage\":\"sk-SK\",\"@id\":\"https:\/\/blog.ccc.eu\/sk\/#\/schema\/person\/image\/\",\"url\":\"https:\/\/blog.ccc.eu\/sk\/wp-content\/uploads\/2022\/06\/MicrosoftTeams-image-2-100x100.jpg\",\"contentUrl\":\"https:\/\/blog.ccc.eu\/sk\/wp-content\/uploads\/2022\/06\/MicrosoftTeams-image-2-100x100.jpg\",\"caption\":\"Lena\"},\"description\":\"Absolventka digit\u00e1lneho marketingu so sk\u00fasenos\u0165ami s content marketingom a (ve\u013emi prekvapivo) copywritingom. Vo vo\u013enom \u010dase rada nos\u00ed platformy a sna\u017e\u00ed sa n\u00e1kupy vo fast-fashion re\u0165azcoch vyva\u017eova\u0165 t\u00fdmi sek\u00e1\u010dov\u00fdmi a swapov\u00fdmi.\",\"url\":\"https:\/\/blog.ccc.eu\/sk\/author\/paulina-jarmul\/\"}]}<\/script>\n<!-- \/ Yoast SEO plugin. -->","yoast_head_json":{"title":"Letn\u00e1 kolekcia Jenny Fairy x Emily Ratajkowski vonia po kvetoch - blog.ccc.eu\/sk","description":"\u010cere\u0161ne, svie\u017eos\u0165 a slnko. Vo vzduchu c\u00edti\u0165 leto! Preneste sa na franc\u00fazsku rivi\u00e9ru, spolu s kr\u00e1snou Emily Ratajkowski a trendy Jenny Fairy. 2026","robots":{"index":"index","follow":"follow","max-snippet":"max-snippet:-1","max-image-preview":"max-image-preview:large","max-video-preview":"max-video-preview:-1"},"canonical":"https:\/\/blog.ccc.eu\/sk\/letna-kolekcia-jenny-fairy-x-emily-ratajkowski-vonia-po-kvetoch\/","og_locale":"sk_SK","og_type":"article","og_title":"Letn\u00e1 kolekcia Jenny Fairy x Emily Ratajkowski vonia po kvetoch - blog.ccc.eu\/sk","og_description":"\u010cere\u0161ne, svie\u017eos\u0165 a slnko. Vo vzduchu c\u00edti\u0165 leto! Preneste sa na franc\u00fazsku rivi\u00e9ru, spolu s kr\u00e1snou Emily Ratajkowski a trendy Jenny Fairy.","og_url":"https:\/\/blog.ccc.eu\/sk\/letna-kolekcia-jenny-fairy-x-emily-ratajkowski-vonia-po-kvetoch\/","og_site_name":"blog.ccc.eu\/sk","article_published_time":"2023-05-15T07:47:21+00:00","article_modified_time":"2023-05-15T07:47:22+00:00","og_image":[{"width":1168,"height":1750,"url":"https:\/\/blog.ccc.eu\/sk\/wp-content\/uploads\/2023\/05\/JF_SS23_08_0173_LBX_300dpi.jpg","type":"image\/jpeg"}],"author":"Lena","twitter_card":"summary_large_image","twitter_misc":{"Autor":"Lena","Predpokladan\u00fd \u010das \u010d\u00edtania":"4 min\u00faty"},"schema":{"@context":"https:\/\/schema.org","@graph":[{"@type":"Article","@id":"https:\/\/blog.ccc.eu\/sk\/letna-kolekcia-jenny-fairy-x-emily-ratajkowski-vonia-po-kvetoch\/#article","isPartOf":{"@id":"https:\/\/blog.ccc.eu\/sk\/letna-kolekcia-jenny-fairy-x-emily-ratajkowski-vonia-po-kvetoch\/"},"author":{"name":"Lena","@id":"https:\/\/blog.ccc.eu\/sk\/#\/schema\/person\/3fe23f84d7cc2af51f6f5ff134b1fcc1"},"headline":"Letn\u00e1 kolekcia Jenny Fairy x Emily Ratajkowski vonia po kvetoch","datePublished":"2023-05-15T07:47:21+00:00","dateModified":"2023-05-15T07:47:22+00:00","mainEntityOfPage":{"@id":"https:\/\/blog.ccc.eu\/sk\/letna-kolekcia-jenny-fairy-x-emily-ratajkowski-vonia-po-kvetoch\/"},"wordCount":878,"commentCount":0,"publisher":{"@id":"https:\/\/blog.ccc.eu\/sk\/#organization"},"image":{"@id":"https:\/\/blog.ccc.eu\/sk\/letna-kolekcia-jenny-fairy-x-emily-ratajkowski-vonia-po-kvetoch\/#primaryimage"},"thumbnailUrl":"https:\/\/blog.ccc.eu\/sk\/wp-content\/uploads\/2023\/05\/JF_SS23_08_0173_LBX_300dpi.jpg","keywords":["Emily Ratajkowski","Jenny Fairy","kabelky","leto","sand\u00e1le","top\u00e1nky"],"articleSection":["NOVINKY"],"inLanguage":"sk-SK","potentialAction":[{"@type":"CommentAction","name":"Comment","target":["https:\/\/blog.ccc.eu\/sk\/letna-kolekcia-jenny-fairy-x-emily-ratajkowski-vonia-po-kvetoch\/#respond"]}]},{"@type":"WebPage","@id":"https:\/\/blog.ccc.eu\/sk\/letna-kolekcia-jenny-fairy-x-emily-ratajkowski-vonia-po-kvetoch\/","url":"https:\/\/blog.ccc.eu\/sk\/letna-kolekcia-jenny-fairy-x-emily-ratajkowski-vonia-po-kvetoch\/","name":"Letn\u00e1 kolekcia Jenny Fairy x Emily Ratajkowski vonia po kvetoch - blog.ccc.eu\/sk","isPartOf":{"@id":"https:\/\/blog.ccc.eu\/sk\/#website"},"primaryImageOfPage":{"@id":"https:\/\/blog.ccc.eu\/sk\/letna-kolekcia-jenny-fairy-x-emily-ratajkowski-vonia-po-kvetoch\/#primaryimage"},"image":{"@id":"https:\/\/blog.ccc.eu\/sk\/letna-kolekcia-jenny-fairy-x-emily-ratajkowski-vonia-po-kvetoch\/#primaryimage"},"thumbnailUrl":"https:\/\/blog.ccc.eu\/sk\/wp-content\/uploads\/2023\/05\/JF_SS23_08_0173_LBX_300dpi.jpg","datePublished":"2023-05-15T07:47:21+00:00","dateModified":"2023-05-15T07:47:22+00:00","description":"\u010cere\u0161ne, svie\u017eos\u0165 a slnko. Vo vzduchu c\u00edti\u0165 leto! Preneste sa na franc\u00fazsku rivi\u00e9ru, spolu s kr\u00e1snou Emily Ratajkowski a trendy Jenny Fairy.","breadcrumb":{"@id":"https:\/\/blog.ccc.eu\/sk\/letna-kolekcia-jenny-fairy-x-emily-ratajkowski-vonia-po-kvetoch\/#breadcrumb"},"inLanguage":"sk-SK","potentialAction":[{"@type":"ReadAction","target":["https:\/\/blog.ccc.eu\/sk\/letna-kolekcia-jenny-fairy-x-emily-ratajkowski-vonia-po-kvetoch\/"]}]},{"@type":"ImageObject","inLanguage":"sk-SK","@id":"https:\/\/blog.ccc.eu\/sk\/letna-kolekcia-jenny-fairy-x-emily-ratajkowski-vonia-po-kvetoch\/#primaryimage","url":"https:\/\/blog.ccc.eu\/sk\/wp-content\/uploads\/2023\/05\/JF_SS23_08_0173_LBX_300dpi.jpg","contentUrl":"https:\/\/blog.ccc.eu\/sk\/wp-content\/uploads\/2023\/05\/JF_SS23_08_0173_LBX_300dpi.jpg","width":1168,"height":1750,"caption":"ru\u017eov\u00e1 kabelka"},{"@type":"BreadcrumbList","@id":"https:\/\/blog.ccc.eu\/sk\/letna-kolekcia-jenny-fairy-x-emily-ratajkowski-vonia-po-kvetoch\/#breadcrumb","itemListElement":[{"@type":"ListItem","position":1,"name":"Strona g\u0142\u00f3wna","item":"https:\/\/blog.ccc.eu\/sk\/"},{"@type":"ListItem","position":2,"name":"Letn\u00e1 kolekcia Jenny Fairy x Emily Ratajkowski vonia po kvetoch"}]},{"@type":"WebSite","@id":"https:\/\/blog.ccc.eu\/sk\/#website","url":"https:\/\/blog.ccc.eu\/sk\/","name":"blog.ccc.eu\/sk","description":"Va\u0161e miesto pln\u00e9 m\u00f3dnych in\u0161pir\u00e1ci\u00ed","publisher":{"@id":"https:\/\/blog.ccc.eu\/sk\/#organization"},"potentialAction":[{"@type":"SearchAction","target":{"@type":"EntryPoint","urlTemplate":"https:\/\/blog.ccc.eu\/sk\/?s={search_term_string}"},"query-input":{"@type":"PropertyValueSpecification","valueRequired":true,"valueName":"search_term_string"}}],"inLanguage":"sk-SK"},{"@type":"Organization","@id":"https:\/\/blog.ccc.eu\/sk\/#organization","name":"CCC S.A.","url":"https:\/\/blog.ccc.eu\/sk\/","logo":{"@type":"ImageObject","inLanguage":"sk-SK","@id":"https:\/\/blog.ccc.eu\/sk\/#\/schema\/logo\/image\/","url":"https:\/\/blog.ccc.eu\/sk\/wp-content\/uploads\/2021\/11\/logo_ccc.png","contentUrl":"https:\/\/blog.ccc.eu\/sk\/wp-content\/uploads\/2021\/11\/logo_ccc.png","width":730,"height":270,"caption":"CCC S.A."},"image":{"@id":"https:\/\/blog.ccc.eu\/sk\/#\/schema\/logo\/image\/"}},{"@type":"Person","@id":"https:\/\/blog.ccc.eu\/sk\/#\/schema\/person\/3fe23f84d7cc2af51f6f5ff134b1fcc1","name":"Lena","image":{"@type":"ImageObject","inLanguage":"sk-SK","@id":"https:\/\/blog.ccc.eu\/sk\/#\/schema\/person\/image\/","url":"https:\/\/blog.ccc.eu\/sk\/wp-content\/uploads\/2022\/06\/MicrosoftTeams-image-2-100x100.jpg","contentUrl":"https:\/\/blog.ccc.eu\/sk\/wp-content\/uploads\/2022\/06\/MicrosoftTeams-image-2-100x100.jpg","caption":"Lena"},"description":"Absolventka digit\u00e1lneho marketingu so sk\u00fasenos\u0165ami s content marketingom a (ve\u013emi prekvapivo) copywritingom. Vo vo\u013enom \u010dase rada nos\u00ed platformy a sna\u017e\u00ed sa n\u00e1kupy vo fast-fashion re\u0165azcoch vyva\u017eova\u0165 t\u00fdmi sek\u00e1\u010dov\u00fdmi a swapov\u00fdmi.","url":"https:\/\/blog.ccc.eu\/sk\/author\/paulina-jarmul\/"}]}},"_links":{"self":[{"href":"https:\/\/blog.ccc.eu\/sk\/wp-json\/wp\/v2\/posts\/6529","targetHints":{"allow":["GET"]}}],"collection":[{"href":"https:\/\/blog.ccc.eu\/sk\/wp-json\/wp\/v2\/posts"}],"about":[{"href":"https:\/\/blog.ccc.eu\/sk\/wp-json\/wp\/v2\/types\/post"}],"author":[{"embeddable":true,"href":"https:\/\/blog.ccc.eu\/sk\/wp-json\/wp\/v2\/users\/9"}],"replies":[{"embeddable":true,"href":"https:\/\/blog.ccc.eu\/sk\/wp-json\/wp\/v2\/comments?post=6529"}],"version-history":[{"count":1,"href":"https:\/\/blog.ccc.eu\/sk\/wp-json\/wp\/v2\/posts\/6529\/revisions"}],"predecessor-version":[{"id":6535,"href":"https:\/\/blog.ccc.eu\/sk\/wp-json\/wp\/v2\/posts\/6529\/revisions\/6535"}],"wp:featuredmedia":[{"embeddable":true,"href":"https:\/\/blog.ccc.eu\/sk\/wp-json\/wp\/v2\/media\/6534"}],"wp:attachment":[{"href":"https:\/\/blog.ccc.eu\/sk\/wp-json\/wp\/v2\/media?parent=6529"}],"wp:term":[{"taxonomy":"category","embeddable":true,"href":"https:\/\/blog.ccc.eu\/sk\/wp-json\/wp\/v2\/categories?post=6529"},{"taxonomy":"post_tag","embeddable":true,"href":"https:\/\/blog.ccc.eu\/sk\/wp-json\/wp\/v2\/tags?post=6529"}],"curies":[{"name":"wp","href":"https:\/\/api.w.org\/{rel}","templated":true}]}}