{"id":7327,"date":"2023-11-01T14:14:27","date_gmt":"2023-11-01T13:14:27","guid":{"rendered":"https:\/\/blog.ccc.eu\/sk\/?p=7327"},"modified":"2023-11-01T14:14:27","modified_gmt":"2023-11-01T13:14:27","slug":"znacka-marc-fisher-v-ccc-spoznajte-dokonalu-obuv-nielen-na-specialne-prilezitosti","status":"publish","type":"post","link":"https:\/\/blog.ccc.eu\/sk\/znacka-marc-fisher-v-ccc-spoznajte-dokonalu-obuv-nielen-na-specialne-prilezitosti\/","title":{"rendered":"Zna\u010dka Marc Fisher v CCC! Spoznajte dokonal\u00fa obuv, nielen na \u0161peci\u00e1lne pr\u00edle\u017eitosti\u00a0"},"content":{"rendered":"\n<p><\/p>\n\n\n\n<p><strong>H\u013ead\u00e1te top\u00e1nky, ktor\u00e9 sa hodia na be\u017en\u00e9 nosenie a rovnako na \u0161peci\u00e1lne pr\u00edle\u017eitosti? M\u00e1me nie\u010do pre v\u00e1s! Marc Fisher je americk\u00e1 zna\u010dka, ktor\u00e1 sa \u0161pecializuje na vytv\u00e1ranie origin\u00e1lnych modelov obuvi, ktor\u00e9 len tak neprehliadnete. Neobvykl\u00e9 detaily, sofistikovan\u00fd dizajn a vysok\u00e1 kvalita spracovania, robia z tejto obuvi&nbsp;ob\u013e\u00faben\u00fa vo\u013ebu pre \u017eeny na celom svete. Pozrite si, ak\u00e9 neodolate\u013en\u00e9 modely na v\u00e1s \u010dakaj\u00fa v predajniach CCC. <\/strong>&nbsp;<\/p>\n\n\n\n<p><\/p>\n\n\n\n<h2 class=\"wp-block-heading\">Marc Fisher \u2013 skvostn\u00e1 obuv s rodinnou hist\u00f3riou\u00a0<\/h2>\n\n\n\n<p>Marc Fisher je americk\u00e1 zna\u010dka, ktor\u00e1 sa \u0161pecializuje na dizajn a v\u00fdrobu d\u00e1mskej obuvi. Zna\u010dka je pomenovan\u00e1 pod\u013ea svojho zakladate\u013ea Marca Fishera. Marc sa narodil a vyrastal v rodine, ktor\u00e1 bola v\u00fdrobou obuvi u\u017e zn\u00e1ma. Marc je toti\u017e synom Jeroma Fishera \u2013 spoluzakladate\u013ea zna\u010dky Nine West.&nbsp;<\/p>\n\n\n\n<p>Viac ako tridsa\u0165 rokov svojej kari\u00e9ry sa Marc zameriaval na vytv\u00e1ranie najpred\u00e1vanej\u0161\u00edch kolekci\u00ed obuvi, pre popredn\u00fdch dizajn\u00e9rov. Po troch desa\u0165ro\u010diach takejto pr\u00e1ce sa rozhodol zalo\u017ei\u0165 vlastn\u00fa zna\u010dku. A pr\u00e1ve tu dosiahol \u00faspech. Top\u00e1nky Marc Fisher sa r\u00fdchlo stali ob\u013e\u00faben\u00fdmi v\u010faka tomu, \u017ee boli n\u00e1padn\u00e9, s\u00fa\u010dasne pohodln\u00e9 a vyroben\u00e9 z kvalitn\u00fdch materi\u00e1lov.&nbsp;<\/p>\n\n\n\n<p>Za zmienku stoj\u00ed, \u017ee Marcova obuvn\u00edcka firma je op\u00e4\u0165 rodinn\u00e1. Pracuje na nej nielen so svojou man\u017eelkou Jill, ale aj s ich tromi de\u0165mi. Potvrdzuje, \u017ee top\u00e1nky s\u00fa s\u00fa\u010das\u0165ou ich rodinnej DNA.&nbsp;<\/p>\n\n\n\n<figure class=\"wp-block-gallery has-nested-images columns-default is-cropped wp-block-gallery-1 is-layout-flex wp-block-gallery-is-layout-flex\">\n<figure class=\"wp-block-image size-large\"><a href=\"https:\/\/ccc.eu\/sk\/search?query[menu_item]=&amp;query[querystring]=marc\"><img loading=\"lazy\" decoding=\"async\" width=\"683\" height=\"1024\" data-id=\"7330\" src=\"https:\/\/blog.ccc.eu\/sk\/wp-content\/uploads\/2023\/11\/CCC_2230044944475_05-683x1024.jpg\" alt=\"\" class=\"wp-image-7330\" srcset=\"https:\/\/blog.ccc.eu\/sk\/wp-content\/uploads\/2023\/11\/CCC_2230044944475_05-683x1024.jpg 683w, https:\/\/blog.ccc.eu\/sk\/wp-content\/uploads\/2023\/11\/CCC_2230044944475_05-200x300.jpg 200w, https:\/\/blog.ccc.eu\/sk\/wp-content\/uploads\/2023\/11\/CCC_2230044944475_05-768x1152.jpg 768w, https:\/\/blog.ccc.eu\/sk\/wp-content\/uploads\/2023\/11\/CCC_2230044944475_05-100x150.jpg 100w, https:\/\/blog.ccc.eu\/sk\/wp-content\/uploads\/2023\/11\/CCC_2230044944475_05.jpg 876w\" sizes=\"auto, (max-width: 683px) 100vw, 683px\" \/><\/a><\/figure>\n\n\n\n<figure class=\"wp-block-image size-large\"><a href=\"https:\/\/ccc.eu\/sk\/search?query[menu_item]=&amp;query[querystring]=marc\"><img loading=\"lazy\" decoding=\"async\" width=\"683\" height=\"1024\" data-id=\"7329\" src=\"https:\/\/blog.ccc.eu\/sk\/wp-content\/uploads\/2023\/11\/CCC_2230044944475_06-683x1024.jpg\" alt=\"\" class=\"wp-image-7329\" srcset=\"https:\/\/blog.ccc.eu\/sk\/wp-content\/uploads\/2023\/11\/CCC_2230044944475_06-683x1024.jpg 683w, https:\/\/blog.ccc.eu\/sk\/wp-content\/uploads\/2023\/11\/CCC_2230044944475_06-200x300.jpg 200w, https:\/\/blog.ccc.eu\/sk\/wp-content\/uploads\/2023\/11\/CCC_2230044944475_06-768x1152.jpg 768w, https:\/\/blog.ccc.eu\/sk\/wp-content\/uploads\/2023\/11\/CCC_2230044944475_06-100x150.jpg 100w, https:\/\/blog.ccc.eu\/sk\/wp-content\/uploads\/2023\/11\/CCC_2230044944475_06.jpg 876w\" sizes=\"auto, (max-width: 683px) 100vw, 683px\" \/><\/a><\/figure>\n<\/figure>\n\n\n\n<p><\/p>\n\n\n\n<h2 class=\"wp-block-heading\">D\u00e1mske top\u00e1nky Marc Fisher\u00a0<\/h2>\n\n\n\n<p>Marc Fisher je zna\u010dka, ktor\u00e1 vyr\u00e1ba v\u00fdlu\u010dne d\u00e1msku obuv. Jej kolekcie steles\u0148uj\u00fa nad\u010dasov\u00fd \u0161t\u00fdl, ktor\u00fd je definovan\u00fd ako <em>&#8222;quiet luxury\u201d<\/em> (tich\u00fd luxus). O ktorom si m\u00f4\u017eete pre\u010d\u00edta\u0165 n\u00e1\u0161 \u010dl\u00e1nok. Od nudy m\u00e1 v\u0161ak \u010faleko. Marc m\u00e1 ako n\u00e1vrh\u00e1r jedine\u010dn\u00fd pr\u00edstup k nen\u00e1padnej klasike, ktor\u00fa kombinuje so svie\u017eimi detailmi, s\u00favisiace s aktu\u00e1lnymi trendami. On s\u00e1m oce\u0148uje veci, ktor\u00e9 s\u00fa kr\u00e1sne a z\u00e1rove\u0148 u\u017eito\u010dn\u00e9. A to je najjednoduch\u0161\u00ed sp\u00f4sob, ako op\u00edsa\u0165 obuv, ktor\u00fa vytv\u00e1ra. Niekedy v\u0161ak slov\u00e1 nie s\u00fa dostato\u010dn\u00e9. Presved\u010dte sa rad\u0161ej sam\u00e9, online v aplik\u00e1cii, na webstr\u00e1nke alebo na predajniach. Objavte ich v\u0161etky!&nbsp;<\/p>\n\n\n<shortcode prop-manufacturer=\"MARC FISHER\" prop-load-num=\"12\" prop-display-num=\"4\" prop-view=\"slider\"><\/shortcode>        <div\r\n            class=\"eob-pf-shortcode\"\r\n            id=\"eobpf69f40d0a94b4c\"\r\n        >\r\n            <shortcode prop-manufacturer=\"MARC FISHER\" prop-load-num=\"12\" prop-display-num=\"4\" prop-view=\"slider\"><\/shortcode>        <\/div>\r\n\t\t<script>\r\n\t\t\tjQuery(document).ready(() => {\r\n\t\t\t    const root = document.getElementById('eobpf69f40d0a94b4c');\r\n                Vue.createApp({\r\n\t                components: {\r\n\t                    shortcode\r\n\t                }\r\n                }).mount(root);\r\n\t\t\t});\r\n\t\t<\/script>\r\n\t\t\r\n\t\t\n\n\n\n<p><\/p>\n\n\n\n<h2 class=\"wp-block-heading\">Lodi\u010dky Marc Fisher\u00a0<\/h2>\n\n\n\n<p>Klasick\u00e1 forma lodi\u010diek sa stret\u00e1va s neobvykl\u00fdm spracovan\u00edm. Sta\u010d\u00ed sa pozrie\u0165 na ihli\u010dkov\u00e9 podp\u00e4tky, ktor\u00fdch zvr\u0161ok zdobia trblietav\u00e9 flitre alebo nad\u010dasovo trendy\u00a0\u010dipka. Okolo tak\u00fdchto top\u00e1nok rozhodne neprejdete bez pov\u0161imnutia! Ke\u010f vid\u00edte top\u00e1nky Marc Fisher, je \u013eahk\u00e9 uh\u00e1dnu\u0165 n\u00e1vrh\u00e1ra. Vytv\u00e1ra top\u00e1nky v nezamenite\u013enom \u0161t\u00fdle, v\u010faka ktor\u00fdm \u013eahko vytvor\u00edte neokukan\u00fd look.\u00a0<\/p>\n\n\n\n<figure class=\"wp-block-gallery has-nested-images columns-default is-cropped wp-block-gallery-2 is-layout-flex wp-block-gallery-is-layout-flex\">\n<figure class=\"wp-block-image size-large\"><a href=\"https:\/\/ccc.eu\/sk\/search?query[menu_item]=&amp;query[querystring]=marc\"><img loading=\"lazy\" decoding=\"async\" width=\"683\" height=\"1024\" data-id=\"7331\" src=\"https:\/\/blog.ccc.eu\/sk\/wp-content\/uploads\/2023\/11\/CCC_2230044837197_05-683x1024.jpg\" alt=\"\" class=\"wp-image-7331\" srcset=\"https:\/\/blog.ccc.eu\/sk\/wp-content\/uploads\/2023\/11\/CCC_2230044837197_05-683x1024.jpg 683w, https:\/\/blog.ccc.eu\/sk\/wp-content\/uploads\/2023\/11\/CCC_2230044837197_05-200x300.jpg 200w, https:\/\/blog.ccc.eu\/sk\/wp-content\/uploads\/2023\/11\/CCC_2230044837197_05-768x1152.jpg 768w, https:\/\/blog.ccc.eu\/sk\/wp-content\/uploads\/2023\/11\/CCC_2230044837197_05-100x150.jpg 100w, https:\/\/blog.ccc.eu\/sk\/wp-content\/uploads\/2023\/11\/CCC_2230044837197_05.jpg 876w\" sizes=\"auto, (max-width: 683px) 100vw, 683px\" \/><\/a><\/figure>\n\n\n\n<figure class=\"wp-block-image size-large\"><a href=\"https:\/\/ccc.eu\/sk\/search?query[menu_item]=&amp;query[querystring]=marc\"><img loading=\"lazy\" decoding=\"async\" width=\"683\" height=\"1024\" data-id=\"7332\" src=\"https:\/\/blog.ccc.eu\/sk\/wp-content\/uploads\/2023\/11\/CCC_2230044837197_06-683x1024.jpg\" alt=\"\" class=\"wp-image-7332\" srcset=\"https:\/\/blog.ccc.eu\/sk\/wp-content\/uploads\/2023\/11\/CCC_2230044837197_06-683x1024.jpg 683w, https:\/\/blog.ccc.eu\/sk\/wp-content\/uploads\/2023\/11\/CCC_2230044837197_06-200x300.jpg 200w, https:\/\/blog.ccc.eu\/sk\/wp-content\/uploads\/2023\/11\/CCC_2230044837197_06-768x1152.jpg 768w, https:\/\/blog.ccc.eu\/sk\/wp-content\/uploads\/2023\/11\/CCC_2230044837197_06-100x150.jpg 100w, https:\/\/blog.ccc.eu\/sk\/wp-content\/uploads\/2023\/11\/CCC_2230044837197_06.jpg 876w\" sizes=\"auto, (max-width: 683px) 100vw, 683px\" \/><\/a><\/figure>\n<\/figure>\n\n\n\n<h2 class=\"wp-block-heading\">Sand\u00e1le na podp\u00e4tku Marc Fisher\u00a0<\/h2>\n\n\n\n<p>V sortimente zna\u010dky Marc Fisher m\u00e1rne n\u00e1jdete minimalistick\u00e9 sand\u00e1le na podp\u00e4tku. Ka\u017ed\u00fd model je&nbsp;ozdoben\u00fd dekorat\u00edvnymi detailmi, medzi ktor\u00e9 patria zlat\u00e9 alebo strieborn\u00e9 retiazky, zirk\u00f3ny a pracky. V\u00e4\u010d\u0161ina sand\u00e1lov je navy\u0161e v kr\u00e1snych, intenz\u00edvnych farb\u00e1ch. Dokonale doplnia&nbsp;elegantn\u00e9, spolo\u010densk\u00e9 oble\u010denie. Samozrejme, daj\u00fa sa nosi\u0165 aj ka\u017ed\u00fd de\u0148. S\u00fa skuto\u010dne v\u0161estrann\u00e9!&nbsp;<\/p>\n\n\n\n<figure class=\"wp-block-gallery has-nested-images columns-default is-cropped wp-block-gallery-3 is-layout-flex wp-block-gallery-is-layout-flex\">\n<figure class=\"wp-block-image size-large\"><a href=\"https:\/\/ccc.eu\/sk\/search?query[menu_item]=&amp;query[querystring]=marc\"><img loading=\"lazy\" decoding=\"async\" width=\"683\" height=\"1024\" data-id=\"7335\" src=\"https:\/\/blog.ccc.eu\/sk\/wp-content\/uploads\/2023\/11\/CCC_2230045031815_03-683x1024.jpg\" alt=\"\" class=\"wp-image-7335\" srcset=\"https:\/\/blog.ccc.eu\/sk\/wp-content\/uploads\/2023\/11\/CCC_2230045031815_03-683x1024.jpg 683w, https:\/\/blog.ccc.eu\/sk\/wp-content\/uploads\/2023\/11\/CCC_2230045031815_03-200x300.jpg 200w, https:\/\/blog.ccc.eu\/sk\/wp-content\/uploads\/2023\/11\/CCC_2230045031815_03-768x1152.jpg 768w, https:\/\/blog.ccc.eu\/sk\/wp-content\/uploads\/2023\/11\/CCC_2230045031815_03-100x150.jpg 100w, https:\/\/blog.ccc.eu\/sk\/wp-content\/uploads\/2023\/11\/CCC_2230045031815_03.jpg 876w\" sizes=\"auto, (max-width: 683px) 100vw, 683px\" \/><\/a><\/figure>\n\n\n\n<figure class=\"wp-block-image size-large\"><a href=\"https:\/\/ccc.eu\/sk\/search?query[menu_item]=&amp;query[querystring]=marc\"><img loading=\"lazy\" decoding=\"async\" width=\"683\" height=\"1024\" data-id=\"7336\" src=\"https:\/\/blog.ccc.eu\/sk\/wp-content\/uploads\/2023\/11\/CCC_2230045031815_05-683x1024.jpg\" alt=\"\" class=\"wp-image-7336\" srcset=\"https:\/\/blog.ccc.eu\/sk\/wp-content\/uploads\/2023\/11\/CCC_2230045031815_05-683x1024.jpg 683w, https:\/\/blog.ccc.eu\/sk\/wp-content\/uploads\/2023\/11\/CCC_2230045031815_05-200x300.jpg 200w, https:\/\/blog.ccc.eu\/sk\/wp-content\/uploads\/2023\/11\/CCC_2230045031815_05-768x1152.jpg 768w, https:\/\/blog.ccc.eu\/sk\/wp-content\/uploads\/2023\/11\/CCC_2230045031815_05-100x150.jpg 100w, https:\/\/blog.ccc.eu\/sk\/wp-content\/uploads\/2023\/11\/CCC_2230045031815_05.jpg 876w\" sizes=\"auto, (max-width: 683px) 100vw, 683px\" \/><\/a><\/figure>\n<\/figure>\n\n\n\n<h2 class=\"wp-block-heading\">\u0160\u013eapky na podp\u00e4tku Marc Fisher\u00a0<\/h2>\n\n\n\n<p>Pohodlie je ruka v ruke s v\u00fdrazn\u00fdm vzh\u013eadom. \u0160\u013eapky s\u00fa podporen\u00e9 \u0161irok\u00fdmi, dobre tvarovan\u00fdmi podp\u00e4tkami, ktor\u00e9 s\u00fa navrhnut\u00e9 tak, aby sa v nich pohodlne chodilo. Okrem toho maj\u00fa \u0161irok\u00e9 remienky, navrhnut\u00e9, aby udr\u017eali nohy v top\u00e1nkach stabiln\u00e9. Oba tieto prvky s\u00fa z\u00e1rove\u0148 dostato\u010dne dekorat\u00edvne, aby sa obuv stala ozdobn\u00fdm k\u00faskom. Ide o premyslen\u00e9 vzory, s ktor\u00fdmi sa na jar a v lete nebudete chcie\u0165 rozl\u00fa\u010di\u0165. &nbsp;<\/p>\n\n\n\n<figure class=\"wp-block-gallery has-nested-images columns-default is-cropped wp-block-gallery-4 is-layout-flex wp-block-gallery-is-layout-flex\">\n<figure class=\"wp-block-image size-large\"><a href=\"https:\/\/ccc.eu\/sk\/search?query[menu_item]=&amp;query[querystring]=marc\"><img loading=\"lazy\" decoding=\"async\" width=\"683\" height=\"1024\" data-id=\"7333\" src=\"https:\/\/blog.ccc.eu\/sk\/wp-content\/uploads\/2023\/11\/CCC_2230045031792_05-683x1024.jpg\" alt=\"\" class=\"wp-image-7333\" srcset=\"https:\/\/blog.ccc.eu\/sk\/wp-content\/uploads\/2023\/11\/CCC_2230045031792_05-683x1024.jpg 683w, https:\/\/blog.ccc.eu\/sk\/wp-content\/uploads\/2023\/11\/CCC_2230045031792_05-200x300.jpg 200w, https:\/\/blog.ccc.eu\/sk\/wp-content\/uploads\/2023\/11\/CCC_2230045031792_05-768x1152.jpg 768w, https:\/\/blog.ccc.eu\/sk\/wp-content\/uploads\/2023\/11\/CCC_2230045031792_05-100x150.jpg 100w, https:\/\/blog.ccc.eu\/sk\/wp-content\/uploads\/2023\/11\/CCC_2230045031792_05.jpg 876w\" sizes=\"auto, (max-width: 683px) 100vw, 683px\" \/><\/a><\/figure>\n\n\n\n<figure class=\"wp-block-image size-large\"><a href=\"https:\/\/ccc.eu\/sk\/search?query[menu_item]=&amp;query[querystring]=marc\"><img loading=\"lazy\" decoding=\"async\" width=\"683\" height=\"1024\" data-id=\"7334\" src=\"https:\/\/blog.ccc.eu\/sk\/wp-content\/uploads\/2023\/11\/CCC_2230045031792_06-683x1024.jpg\" alt=\"\" class=\"wp-image-7334\" srcset=\"https:\/\/blog.ccc.eu\/sk\/wp-content\/uploads\/2023\/11\/CCC_2230045031792_06-683x1024.jpg 683w, https:\/\/blog.ccc.eu\/sk\/wp-content\/uploads\/2023\/11\/CCC_2230045031792_06-200x300.jpg 200w, https:\/\/blog.ccc.eu\/sk\/wp-content\/uploads\/2023\/11\/CCC_2230045031792_06-768x1152.jpg 768w, https:\/\/blog.ccc.eu\/sk\/wp-content\/uploads\/2023\/11\/CCC_2230045031792_06-100x150.jpg 100w, https:\/\/blog.ccc.eu\/sk\/wp-content\/uploads\/2023\/11\/CCC_2230045031792_06.jpg 876w\" sizes=\"auto, (max-width: 683px) 100vw, 683px\" \/><\/a><\/figure>\n<\/figure>\n\n\n\n<h2 class=\"wp-block-heading\">Dopl\u0148te\u00a0svoj \u0161atn\u00edk n\u00e1dhern\u00fdmi k\u00faskami od Marc Fisher\u00a0<\/h2>\n\n\n\n<p>D\u00e1mske top\u00e1nky Marc Fisher sa vyzna\u010duj\u00fa origin\u00e1lnym dizajnom. Stoj\u00ed za to ma\u0165 vo svojom \u0161atn\u00edku tak\u00fdto p\u00e1r top\u00e1nok, ktor\u00fd obohat\u00ed aj ten najjednoduch\u0161\u00ed styling. V\u010faka nej si m\u00f4\u017eete vytvori\u0165 origin\u00e1lny vzh\u013ead r\u00fdchlo a jednoducho.&nbsp;<\/p>\n\n\n\n<p>N\u00e1vrhy top\u00e1nok Marc Fisher na v\u00e1s \u010dakaj\u00fa v predajniach CCC a na ccc.eu, ako aj v aplik\u00e1cii CCC. Ak ste \u010dlenom klubu CCC, skontrolujte, \u010di na v\u00e1s za nazbieran\u00e9 body ne\u010dak\u00e1 \u0161peci\u00e1lna z\u013eava, s ktorou si k\u00fapite v\u00fdnimo\u010dn\u00fd p\u00e1r top\u00e1nok, od americkej zna\u010dky, za ove\u013ea v\u00fdhodnej\u0161iu cenu. Pr\u00edjemn\u00e9 nakupovanie!&nbsp;<\/p>\n","protected":false},"excerpt":{"rendered":"<p>H\u013ead\u00e1te top\u00e1nky, ktor\u00e9 sa hodia na be\u017en\u00e9 nosenie a rovnako na \u0161peci\u00e1lne pr\u00edle\u017eitosti? M\u00e1me nie\u010do pre v\u00e1s! Marc Fisher je americk\u00e1 zna\u010dka, ktor\u00e1 sa \u0161pecializuje na vytv\u00e1ranie origin\u00e1lnych modelov obuvi, ktor\u00e9 len tak neprehliadnete. Neobvykl\u00e9 detaily, sofistikovan\u00fd dizajn a vysok\u00e1 kvalita spracovania, robia z tejto obuvi&nbsp;ob\u013e\u00faben\u00fa vo\u013ebu pre \u017eeny na celom svete. Pozrite si, ak\u00e9 [&hellip;]<\/p>\n","protected":false},"author":9,"featured_media":7332,"comment_status":"open","ping_status":"open","sticky":false,"template":"","format":"standard","meta":{"_acf_changed":false,"footnotes":""},"categories":[432],"tags":[557,924,925],"class_list":["post-7327","post","type-post","status-publish","format-standard","has-post-thumbnail","hentry","category-novinky","tag-damske-topanky","tag-marc-fisher","tag-novinky"],"acf":[],"yoast_head":"<!-- This site is optimized with the Yoast SEO plugin v26.9 - https:\/\/yoast.com\/product\/yoast-seo-wordpress\/ -->\n<title>Zna\u010dka Marc Fisher v CCC! Spoznajte dokonal\u00fa obuv, nielen na \u0161peci\u00e1lne pr\u00edle\u017eitosti\u00a0 - blog.ccc.eu\/sk<\/title>\n<meta name=\"description\" content=\"2026\" \/>\n<meta name=\"robots\" content=\"index, follow, max-snippet:-1, max-image-preview:large, max-video-preview:-1\" \/>\n<link rel=\"canonical\" href=\"https:\/\/blog.ccc.eu\/sk\/znacka-marc-fisher-v-ccc-spoznajte-dokonalu-obuv-nielen-na-specialne-prilezitosti\/\" \/>\n<meta property=\"og:locale\" content=\"sk_SK\" \/>\n<meta property=\"og:type\" content=\"article\" \/>\n<meta property=\"og:title\" content=\"Zna\u010dka Marc Fisher v CCC! Spoznajte dokonal\u00fa obuv, nielen na \u0161peci\u00e1lne pr\u00edle\u017eitosti\u00a0 - blog.ccc.eu\/sk\" \/>\n<meta property=\"og:description\" content=\"H\u013ead\u00e1te top\u00e1nky, ktor\u00e9 sa hodia na be\u017en\u00e9 nosenie a rovnako na \u0161peci\u00e1lne pr\u00edle\u017eitosti? M\u00e1me nie\u010do pre v\u00e1s! Marc Fisher je americk\u00e1 zna\u010dka, ktor\u00e1 sa \u0161pecializuje na vytv\u00e1ranie origin\u00e1lnych modelov obuvi, ktor\u00e9 len tak neprehliadnete. Neobvykl\u00e9 detaily, sofistikovan\u00fd dizajn a vysok\u00e1 kvalita spracovania, robia z tejto obuvi&nbsp;ob\u013e\u00faben\u00fa vo\u013ebu pre \u017eeny na celom svete. Pozrite si, ak\u00e9 [&hellip;]\" \/>\n<meta property=\"og:url\" content=\"https:\/\/blog.ccc.eu\/sk\/znacka-marc-fisher-v-ccc-spoznajte-dokonalu-obuv-nielen-na-specialne-prilezitosti\/\" \/>\n<meta property=\"og:site_name\" content=\"blog.ccc.eu\/sk\" \/>\n<meta property=\"article:published_time\" content=\"2023-11-01T13:14:27+00:00\" \/>\n<meta property=\"og:image\" content=\"https:\/\/blog.ccc.eu\/sk\/wp-content\/uploads\/2023\/11\/CCC_2230044837197_06.jpg\" \/>\n\t<meta property=\"og:image:width\" content=\"876\" \/>\n\t<meta property=\"og:image:height\" content=\"1314\" \/>\n\t<meta property=\"og:image:type\" content=\"image\/jpeg\" \/>\n<meta name=\"author\" content=\"Lena\" \/>\n<meta name=\"twitter:card\" content=\"summary_large_image\" \/>\n<meta name=\"twitter:label1\" content=\"Autor\" \/>\n\t<meta name=\"twitter:data1\" content=\"Lena\" \/>\n\t<meta name=\"twitter:label2\" content=\"Predpokladan\u00fd \u010das \u010d\u00edtania\" \/>\n\t<meta name=\"twitter:data2\" content=\"4 min\u00faty\" \/>\n<script type=\"application\/ld+json\" class=\"yoast-schema-graph\">{\"@context\":\"https:\/\/schema.org\",\"@graph\":[{\"@type\":\"Article\",\"@id\":\"https:\/\/blog.ccc.eu\/sk\/znacka-marc-fisher-v-ccc-spoznajte-dokonalu-obuv-nielen-na-specialne-prilezitosti\/#article\",\"isPartOf\":{\"@id\":\"https:\/\/blog.ccc.eu\/sk\/znacka-marc-fisher-v-ccc-spoznajte-dokonalu-obuv-nielen-na-specialne-prilezitosti\/\"},\"author\":{\"name\":\"Lena\",\"@id\":\"https:\/\/blog.ccc.eu\/sk\/#\/schema\/person\/3fe23f84d7cc2af51f6f5ff134b1fcc1\"},\"headline\":\"Zna\u010dka Marc Fisher v CCC! Spoznajte dokonal\u00fa obuv, nielen na \u0161peci\u00e1lne pr\u00edle\u017eitosti\u00a0\",\"datePublished\":\"2023-11-01T13:14:27+00:00\",\"mainEntityOfPage\":{\"@id\":\"https:\/\/blog.ccc.eu\/sk\/znacka-marc-fisher-v-ccc-spoznajte-dokonalu-obuv-nielen-na-specialne-prilezitosti\/\"},\"wordCount\":795,\"commentCount\":0,\"publisher\":{\"@id\":\"https:\/\/blog.ccc.eu\/sk\/#organization\"},\"image\":{\"@id\":\"https:\/\/blog.ccc.eu\/sk\/znacka-marc-fisher-v-ccc-spoznajte-dokonalu-obuv-nielen-na-specialne-prilezitosti\/#primaryimage\"},\"thumbnailUrl\":\"https:\/\/blog.ccc.eu\/sk\/wp-content\/uploads\/2023\/11\/CCC_2230044837197_06.jpg\",\"keywords\":[\"d\u00e1mske top\u00e1nky\",\"marc fisher\",\"novinky\"],\"articleSection\":[\"NOVINKY\"],\"inLanguage\":\"sk-SK\",\"potentialAction\":[{\"@type\":\"CommentAction\",\"name\":\"Comment\",\"target\":[\"https:\/\/blog.ccc.eu\/sk\/znacka-marc-fisher-v-ccc-spoznajte-dokonalu-obuv-nielen-na-specialne-prilezitosti\/#respond\"]}]},{\"@type\":\"WebPage\",\"@id\":\"https:\/\/blog.ccc.eu\/sk\/znacka-marc-fisher-v-ccc-spoznajte-dokonalu-obuv-nielen-na-specialne-prilezitosti\/\",\"url\":\"https:\/\/blog.ccc.eu\/sk\/znacka-marc-fisher-v-ccc-spoznajte-dokonalu-obuv-nielen-na-specialne-prilezitosti\/\",\"name\":\"Zna\u010dka Marc Fisher v CCC! Spoznajte dokonal\u00fa obuv, nielen na \u0161peci\u00e1lne pr\u00edle\u017eitosti\u00a0 - blog.ccc.eu\/sk\",\"isPartOf\":{\"@id\":\"https:\/\/blog.ccc.eu\/sk\/#website\"},\"primaryImageOfPage\":{\"@id\":\"https:\/\/blog.ccc.eu\/sk\/znacka-marc-fisher-v-ccc-spoznajte-dokonalu-obuv-nielen-na-specialne-prilezitosti\/#primaryimage\"},\"image\":{\"@id\":\"https:\/\/blog.ccc.eu\/sk\/znacka-marc-fisher-v-ccc-spoznajte-dokonalu-obuv-nielen-na-specialne-prilezitosti\/#primaryimage\"},\"thumbnailUrl\":\"https:\/\/blog.ccc.eu\/sk\/wp-content\/uploads\/2023\/11\/CCC_2230044837197_06.jpg\",\"datePublished\":\"2023-11-01T13:14:27+00:00\",\"breadcrumb\":{\"@id\":\"https:\/\/blog.ccc.eu\/sk\/znacka-marc-fisher-v-ccc-spoznajte-dokonalu-obuv-nielen-na-specialne-prilezitosti\/#breadcrumb\"},\"inLanguage\":\"sk-SK\",\"potentialAction\":[{\"@type\":\"ReadAction\",\"target\":[\"https:\/\/blog.ccc.eu\/sk\/znacka-marc-fisher-v-ccc-spoznajte-dokonalu-obuv-nielen-na-specialne-prilezitosti\/\"]}]},{\"@type\":\"ImageObject\",\"inLanguage\":\"sk-SK\",\"@id\":\"https:\/\/blog.ccc.eu\/sk\/znacka-marc-fisher-v-ccc-spoznajte-dokonalu-obuv-nielen-na-specialne-prilezitosti\/#primaryimage\",\"url\":\"https:\/\/blog.ccc.eu\/sk\/wp-content\/uploads\/2023\/11\/CCC_2230044837197_06.jpg\",\"contentUrl\":\"https:\/\/blog.ccc.eu\/sk\/wp-content\/uploads\/2023\/11\/CCC_2230044837197_06.jpg\",\"width\":876,\"height\":1314},{\"@type\":\"BreadcrumbList\",\"@id\":\"https:\/\/blog.ccc.eu\/sk\/znacka-marc-fisher-v-ccc-spoznajte-dokonalu-obuv-nielen-na-specialne-prilezitosti\/#breadcrumb\",\"itemListElement\":[{\"@type\":\"ListItem\",\"position\":1,\"name\":\"Strona g\u0142\u00f3wna\",\"item\":\"https:\/\/blog.ccc.eu\/sk\/\"},{\"@type\":\"ListItem\",\"position\":2,\"name\":\"Zna\u010dka Marc Fisher v CCC! Spoznajte dokonal\u00fa obuv, nielen na \u0161peci\u00e1lne pr\u00edle\u017eitosti\u00a0\"}]},{\"@type\":\"WebSite\",\"@id\":\"https:\/\/blog.ccc.eu\/sk\/#website\",\"url\":\"https:\/\/blog.ccc.eu\/sk\/\",\"name\":\"blog.ccc.eu\/sk\",\"description\":\"Va\u0161e miesto pln\u00e9 m\u00f3dnych in\u0161pir\u00e1ci\u00ed\",\"publisher\":{\"@id\":\"https:\/\/blog.ccc.eu\/sk\/#organization\"},\"potentialAction\":[{\"@type\":\"SearchAction\",\"target\":{\"@type\":\"EntryPoint\",\"urlTemplate\":\"https:\/\/blog.ccc.eu\/sk\/?s={search_term_string}\"},\"query-input\":{\"@type\":\"PropertyValueSpecification\",\"valueRequired\":true,\"valueName\":\"search_term_string\"}}],\"inLanguage\":\"sk-SK\"},{\"@type\":\"Organization\",\"@id\":\"https:\/\/blog.ccc.eu\/sk\/#organization\",\"name\":\"CCC S.A.\",\"url\":\"https:\/\/blog.ccc.eu\/sk\/\",\"logo\":{\"@type\":\"ImageObject\",\"inLanguage\":\"sk-SK\",\"@id\":\"https:\/\/blog.ccc.eu\/sk\/#\/schema\/logo\/image\/\",\"url\":\"https:\/\/blog.ccc.eu\/sk\/wp-content\/uploads\/2021\/11\/logo_ccc.png\",\"contentUrl\":\"https:\/\/blog.ccc.eu\/sk\/wp-content\/uploads\/2021\/11\/logo_ccc.png\",\"width\":730,\"height\":270,\"caption\":\"CCC S.A.\"},\"image\":{\"@id\":\"https:\/\/blog.ccc.eu\/sk\/#\/schema\/logo\/image\/\"}},{\"@type\":\"Person\",\"@id\":\"https:\/\/blog.ccc.eu\/sk\/#\/schema\/person\/3fe23f84d7cc2af51f6f5ff134b1fcc1\",\"name\":\"Lena\",\"image\":{\"@type\":\"ImageObject\",\"inLanguage\":\"sk-SK\",\"@id\":\"https:\/\/blog.ccc.eu\/sk\/#\/schema\/person\/image\/\",\"url\":\"https:\/\/blog.ccc.eu\/sk\/wp-content\/uploads\/2022\/06\/MicrosoftTeams-image-2-100x100.jpg\",\"contentUrl\":\"https:\/\/blog.ccc.eu\/sk\/wp-content\/uploads\/2022\/06\/MicrosoftTeams-image-2-100x100.jpg\",\"caption\":\"Lena\"},\"description\":\"Absolventka digit\u00e1lneho marketingu so sk\u00fasenos\u0165ami s content marketingom a (ve\u013emi prekvapivo) copywritingom. Vo vo\u013enom \u010dase rada nos\u00ed platformy a sna\u017e\u00ed sa n\u00e1kupy vo fast-fashion re\u0165azcoch vyva\u017eova\u0165 t\u00fdmi sek\u00e1\u010dov\u00fdmi a swapov\u00fdmi.\",\"url\":\"https:\/\/blog.ccc.eu\/sk\/author\/paulina-jarmul\/\"}]}<\/script>\n<!-- \/ Yoast SEO plugin. -->","yoast_head_json":{"title":"Zna\u010dka Marc Fisher v CCC! Spoznajte dokonal\u00fa obuv, nielen na \u0161peci\u00e1lne pr\u00edle\u017eitosti\u00a0 - blog.ccc.eu\/sk","description":"2026","robots":{"index":"index","follow":"follow","max-snippet":"max-snippet:-1","max-image-preview":"max-image-preview:large","max-video-preview":"max-video-preview:-1"},"canonical":"https:\/\/blog.ccc.eu\/sk\/znacka-marc-fisher-v-ccc-spoznajte-dokonalu-obuv-nielen-na-specialne-prilezitosti\/","og_locale":"sk_SK","og_type":"article","og_title":"Zna\u010dka Marc Fisher v CCC! Spoznajte dokonal\u00fa obuv, nielen na \u0161peci\u00e1lne pr\u00edle\u017eitosti\u00a0 - blog.ccc.eu\/sk","og_description":"H\u013ead\u00e1te top\u00e1nky, ktor\u00e9 sa hodia na be\u017en\u00e9 nosenie a rovnako na \u0161peci\u00e1lne pr\u00edle\u017eitosti? M\u00e1me nie\u010do pre v\u00e1s! Marc Fisher je americk\u00e1 zna\u010dka, ktor\u00e1 sa \u0161pecializuje na vytv\u00e1ranie origin\u00e1lnych modelov obuvi, ktor\u00e9 len tak neprehliadnete. Neobvykl\u00e9 detaily, sofistikovan\u00fd dizajn a vysok\u00e1 kvalita spracovania, robia z tejto obuvi&nbsp;ob\u013e\u00faben\u00fa vo\u013ebu pre \u017eeny na celom svete. Pozrite si, ak\u00e9 [&hellip;]","og_url":"https:\/\/blog.ccc.eu\/sk\/znacka-marc-fisher-v-ccc-spoznajte-dokonalu-obuv-nielen-na-specialne-prilezitosti\/","og_site_name":"blog.ccc.eu\/sk","article_published_time":"2023-11-01T13:14:27+00:00","og_image":[{"width":876,"height":1314,"url":"https:\/\/blog.ccc.eu\/sk\/wp-content\/uploads\/2023\/11\/CCC_2230044837197_06.jpg","type":"image\/jpeg"}],"author":"Lena","twitter_card":"summary_large_image","twitter_misc":{"Autor":"Lena","Predpokladan\u00fd \u010das \u010d\u00edtania":"4 min\u00faty"},"schema":{"@context":"https:\/\/schema.org","@graph":[{"@type":"Article","@id":"https:\/\/blog.ccc.eu\/sk\/znacka-marc-fisher-v-ccc-spoznajte-dokonalu-obuv-nielen-na-specialne-prilezitosti\/#article","isPartOf":{"@id":"https:\/\/blog.ccc.eu\/sk\/znacka-marc-fisher-v-ccc-spoznajte-dokonalu-obuv-nielen-na-specialne-prilezitosti\/"},"author":{"name":"Lena","@id":"https:\/\/blog.ccc.eu\/sk\/#\/schema\/person\/3fe23f84d7cc2af51f6f5ff134b1fcc1"},"headline":"Zna\u010dka Marc Fisher v CCC! Spoznajte dokonal\u00fa obuv, nielen na \u0161peci\u00e1lne pr\u00edle\u017eitosti\u00a0","datePublished":"2023-11-01T13:14:27+00:00","mainEntityOfPage":{"@id":"https:\/\/blog.ccc.eu\/sk\/znacka-marc-fisher-v-ccc-spoznajte-dokonalu-obuv-nielen-na-specialne-prilezitosti\/"},"wordCount":795,"commentCount":0,"publisher":{"@id":"https:\/\/blog.ccc.eu\/sk\/#organization"},"image":{"@id":"https:\/\/blog.ccc.eu\/sk\/znacka-marc-fisher-v-ccc-spoznajte-dokonalu-obuv-nielen-na-specialne-prilezitosti\/#primaryimage"},"thumbnailUrl":"https:\/\/blog.ccc.eu\/sk\/wp-content\/uploads\/2023\/11\/CCC_2230044837197_06.jpg","keywords":["d\u00e1mske top\u00e1nky","marc fisher","novinky"],"articleSection":["NOVINKY"],"inLanguage":"sk-SK","potentialAction":[{"@type":"CommentAction","name":"Comment","target":["https:\/\/blog.ccc.eu\/sk\/znacka-marc-fisher-v-ccc-spoznajte-dokonalu-obuv-nielen-na-specialne-prilezitosti\/#respond"]}]},{"@type":"WebPage","@id":"https:\/\/blog.ccc.eu\/sk\/znacka-marc-fisher-v-ccc-spoznajte-dokonalu-obuv-nielen-na-specialne-prilezitosti\/","url":"https:\/\/blog.ccc.eu\/sk\/znacka-marc-fisher-v-ccc-spoznajte-dokonalu-obuv-nielen-na-specialne-prilezitosti\/","name":"Zna\u010dka Marc Fisher v CCC! Spoznajte dokonal\u00fa obuv, nielen na \u0161peci\u00e1lne pr\u00edle\u017eitosti\u00a0 - blog.ccc.eu\/sk","isPartOf":{"@id":"https:\/\/blog.ccc.eu\/sk\/#website"},"primaryImageOfPage":{"@id":"https:\/\/blog.ccc.eu\/sk\/znacka-marc-fisher-v-ccc-spoznajte-dokonalu-obuv-nielen-na-specialne-prilezitosti\/#primaryimage"},"image":{"@id":"https:\/\/blog.ccc.eu\/sk\/znacka-marc-fisher-v-ccc-spoznajte-dokonalu-obuv-nielen-na-specialne-prilezitosti\/#primaryimage"},"thumbnailUrl":"https:\/\/blog.ccc.eu\/sk\/wp-content\/uploads\/2023\/11\/CCC_2230044837197_06.jpg","datePublished":"2023-11-01T13:14:27+00:00","breadcrumb":{"@id":"https:\/\/blog.ccc.eu\/sk\/znacka-marc-fisher-v-ccc-spoznajte-dokonalu-obuv-nielen-na-specialne-prilezitosti\/#breadcrumb"},"inLanguage":"sk-SK","potentialAction":[{"@type":"ReadAction","target":["https:\/\/blog.ccc.eu\/sk\/znacka-marc-fisher-v-ccc-spoznajte-dokonalu-obuv-nielen-na-specialne-prilezitosti\/"]}]},{"@type":"ImageObject","inLanguage":"sk-SK","@id":"https:\/\/blog.ccc.eu\/sk\/znacka-marc-fisher-v-ccc-spoznajte-dokonalu-obuv-nielen-na-specialne-prilezitosti\/#primaryimage","url":"https:\/\/blog.ccc.eu\/sk\/wp-content\/uploads\/2023\/11\/CCC_2230044837197_06.jpg","contentUrl":"https:\/\/blog.ccc.eu\/sk\/wp-content\/uploads\/2023\/11\/CCC_2230044837197_06.jpg","width":876,"height":1314},{"@type":"BreadcrumbList","@id":"https:\/\/blog.ccc.eu\/sk\/znacka-marc-fisher-v-ccc-spoznajte-dokonalu-obuv-nielen-na-specialne-prilezitosti\/#breadcrumb","itemListElement":[{"@type":"ListItem","position":1,"name":"Strona g\u0142\u00f3wna","item":"https:\/\/blog.ccc.eu\/sk\/"},{"@type":"ListItem","position":2,"name":"Zna\u010dka Marc Fisher v CCC! Spoznajte dokonal\u00fa obuv, nielen na \u0161peci\u00e1lne pr\u00edle\u017eitosti\u00a0"}]},{"@type":"WebSite","@id":"https:\/\/blog.ccc.eu\/sk\/#website","url":"https:\/\/blog.ccc.eu\/sk\/","name":"blog.ccc.eu\/sk","description":"Va\u0161e miesto pln\u00e9 m\u00f3dnych in\u0161pir\u00e1ci\u00ed","publisher":{"@id":"https:\/\/blog.ccc.eu\/sk\/#organization"},"potentialAction":[{"@type":"SearchAction","target":{"@type":"EntryPoint","urlTemplate":"https:\/\/blog.ccc.eu\/sk\/?s={search_term_string}"},"query-input":{"@type":"PropertyValueSpecification","valueRequired":true,"valueName":"search_term_string"}}],"inLanguage":"sk-SK"},{"@type":"Organization","@id":"https:\/\/blog.ccc.eu\/sk\/#organization","name":"CCC S.A.","url":"https:\/\/blog.ccc.eu\/sk\/","logo":{"@type":"ImageObject","inLanguage":"sk-SK","@id":"https:\/\/blog.ccc.eu\/sk\/#\/schema\/logo\/image\/","url":"https:\/\/blog.ccc.eu\/sk\/wp-content\/uploads\/2021\/11\/logo_ccc.png","contentUrl":"https:\/\/blog.ccc.eu\/sk\/wp-content\/uploads\/2021\/11\/logo_ccc.png","width":730,"height":270,"caption":"CCC S.A."},"image":{"@id":"https:\/\/blog.ccc.eu\/sk\/#\/schema\/logo\/image\/"}},{"@type":"Person","@id":"https:\/\/blog.ccc.eu\/sk\/#\/schema\/person\/3fe23f84d7cc2af51f6f5ff134b1fcc1","name":"Lena","image":{"@type":"ImageObject","inLanguage":"sk-SK","@id":"https:\/\/blog.ccc.eu\/sk\/#\/schema\/person\/image\/","url":"https:\/\/blog.ccc.eu\/sk\/wp-content\/uploads\/2022\/06\/MicrosoftTeams-image-2-100x100.jpg","contentUrl":"https:\/\/blog.ccc.eu\/sk\/wp-content\/uploads\/2022\/06\/MicrosoftTeams-image-2-100x100.jpg","caption":"Lena"},"description":"Absolventka digit\u00e1lneho marketingu so sk\u00fasenos\u0165ami s content marketingom a (ve\u013emi prekvapivo) copywritingom. Vo vo\u013enom \u010dase rada nos\u00ed platformy a sna\u017e\u00ed sa n\u00e1kupy vo fast-fashion re\u0165azcoch vyva\u017eova\u0165 t\u00fdmi sek\u00e1\u010dov\u00fdmi a swapov\u00fdmi.","url":"https:\/\/blog.ccc.eu\/sk\/author\/paulina-jarmul\/"}]}},"_links":{"self":[{"href":"https:\/\/blog.ccc.eu\/sk\/wp-json\/wp\/v2\/posts\/7327","targetHints":{"allow":["GET"]}}],"collection":[{"href":"https:\/\/blog.ccc.eu\/sk\/wp-json\/wp\/v2\/posts"}],"about":[{"href":"https:\/\/blog.ccc.eu\/sk\/wp-json\/wp\/v2\/types\/post"}],"author":[{"embeddable":true,"href":"https:\/\/blog.ccc.eu\/sk\/wp-json\/wp\/v2\/users\/9"}],"replies":[{"embeddable":true,"href":"https:\/\/blog.ccc.eu\/sk\/wp-json\/wp\/v2\/comments?post=7327"}],"version-history":[{"count":2,"href":"https:\/\/blog.ccc.eu\/sk\/wp-json\/wp\/v2\/posts\/7327\/revisions"}],"predecessor-version":[{"id":7338,"href":"https:\/\/blog.ccc.eu\/sk\/wp-json\/wp\/v2\/posts\/7327\/revisions\/7338"}],"wp:featuredmedia":[{"embeddable":true,"href":"https:\/\/blog.ccc.eu\/sk\/wp-json\/wp\/v2\/media\/7332"}],"wp:attachment":[{"href":"https:\/\/blog.ccc.eu\/sk\/wp-json\/wp\/v2\/media?parent=7327"}],"wp:term":[{"taxonomy":"category","embeddable":true,"href":"https:\/\/blog.ccc.eu\/sk\/wp-json\/wp\/v2\/categories?post=7327"},{"taxonomy":"post_tag","embeddable":true,"href":"https:\/\/blog.ccc.eu\/sk\/wp-json\/wp\/v2\/tags?post=7327"}],"curies":[{"name":"wp","href":"https:\/\/api.w.org\/{rel}","templated":true}]}}