{"id":7725,"date":"2024-02-02T12:52:15","date_gmt":"2024-02-02T11:52:15","guid":{"rendered":"https:\/\/blog.ccc.eu\/sk\/?p=7725"},"modified":"2024-02-07T10:17:54","modified_gmt":"2024-02-07T09:17:54","slug":"co-nosit-vo-februari-po-najdlhsom-januari-v-historii-ludstva","status":"publish","type":"post","link":"https:\/\/blog.ccc.eu\/sk\/co-nosit-vo-februari-po-najdlhsom-januari-v-historii-ludstva\/","title":{"rendered":"\u010co nosi\u0165 vo febru\u00e1ri, po najdlh\u0161om janu\u00e1ri v hist\u00f3rii \u013eudstva\u00a0\u00a0"},"content":{"rendered":"\n<p><\/p>\n\n\n\n<p><strong>Janu\u00e1r sa skon\u010dil. Zrejme sa zhodneme, \u017ee si mnoh\u00ed z n\u00e1s m\u00f4\u017eu zhlboka vyd\u00fdchnu\u0165. N\u00e1dejne o\u010dak\u00e1vame a te\u0161\u00edme sa na prv\u00e9 n\u00e1znaky jari. A \u010das, kedy budeme kone\u010dne m\u00f4c\u0165 nosi\u0165 aj nie\u010do in\u00e9, okrem nadrozmern\u00fdch zateplen\u00fdch b\u00fand, kab\u00e1tov a tepl\u00fdch \u010di\u017eiem. V na\u0161ich podnebn\u00fdch podmienkach s\u00edce budeme musie\u0165 pre\u010dka\u0165 e\u0161te zop\u00e1r chladn\u00fdch mesiacov. No berme to pozit\u00edvne, \u010d\u00edm \u010falej, t\u00fdm viac sa m\u00f4\u017eeme te\u0161i\u0165 na priaznivej\u0161ie po\u010dasie.&nbsp;<\/strong>&nbsp;<\/p>\n\n\n\n<figure class=\"wp-block-embed\"><div class=\"wp-block-embed__wrapper\">\n    <blockquote class=\"instagram-media\" data-instgrm-permalink=\"https:\/\/www.instagram.com\/p\/C2mQ_GwN9Xz\/\" data-instgrm-version=\"12\"\n                style=\" background:#FFF; border:0; border-radius:3px; box-shadow:0 0 1px 0 rgba(0,0,0,0.5),0 1px 10px 0 rgba(0,0,0,0.15); margin: 1px; max-width:540px; min-width:326px; padding:0; width:99.375%; width:-webkit-calc(100% - 2px); width:calc(100% - 2px);\">\n        <div style=\"padding:16px;\"><a href=\"https:\/\/www.instagram.com\/p\/C2mQ_GwN9Xz\/\"\n                                      style=\" background:#FFFFFF; line-height:0; padding:0 0; text-align:center; text-decoration:none; width:100%;\"\n                                      target=\"_blank\">\n                <div style=\" display: flex; flex-direction: row; align-items: center;\">\n                    <div\n                        style=\"background-color: #F4F4F4; border-radius: 50%; flex-grow: 0; height: 40px; margin-right: 14px; width: 40px;\"><\/div>\n                    <div style=\"display: flex; flex-direction: column; flex-grow: 1; justify-content: center;\">\n                        <div\n                            style=\" background-color: #F4F4F4; border-radius: 4px; flex-grow: 0; height: 14px; margin-bottom: 6px; width: 100px;\"><\/div>\n                        <div\n                            style=\" background-color: #F4F4F4; border-radius: 4px; flex-grow: 0; height: 14px; width: 60px;\"><\/div>\n                    <\/div>\n                <\/div>\n                <div style=\"padding: 19% 0;\"><\/div>\n                <div style=\"display:block; height:50px; margin:0 auto 12px; width:50px;\">\n                    <svg width=\"50px\" height=\"50px\" viewBox=\"0 0 60 60\" version=\"1.1\"\n                         xmlns=\"https:\/\/www.w3.org\/2000\/svg\">\n                        <g stroke=\"none\" stroke-width=\"1\" fill=\"none\" fill-rule=\"evenodd\">\n                            <g transform=\"translate(-511.000000, -20.000000)\" fill=\"#000000\">\n                                <g>\n                                    <path\n                                        d=\"M556.869,30.41 C554.814,30.41 553.148,32.076 553.148,34.131 C553.148,36.186 554.814,37.852 556.869,37.852 C558.924,37.852 560.59,36.186 560.59,34.131 C560.59,32.076 558.924,30.41 556.869,30.41 M541,60.657 C535.114,60.657 530.342,55.887 530.342,50 C530.342,44.114 535.114,39.342 541,39.342 C546.887,39.342 551.658,44.114 551.658,50 C551.658,55.887 546.887,60.657 541,60.657 M541,33.886 C532.1,33.886 524.886,41.1 524.886,50 C524.886,58.899 532.1,66.113 541,66.113 C549.9,66.113 557.115,58.899 557.115,50 C557.115,41.1 549.9,33.886 541,33.886 M565.378,62.101 C565.244,65.022 564.756,66.606 564.346,67.663 C563.803,69.06 563.154,70.057 562.106,71.106 C561.058,72.155 560.06,72.803 558.662,73.347 C557.607,73.757 556.021,74.244 553.102,74.378 C549.944,74.521 548.997,74.552 541,74.552 C533.003,74.552 532.056,74.521 528.898,74.378 C525.979,74.244 524.393,73.757 523.338,73.347 C521.94,72.803 520.942,72.155 519.894,71.106 C518.846,70.057 518.197,69.06 517.654,67.663 C517.244,66.606 516.755,65.022 516.623,62.101 C516.479,58.943 516.448,57.996 516.448,50 C516.448,42.003 516.479,41.056 516.623,37.899 C516.755,34.978 517.244,33.391 517.654,32.338 C518.197,30.938 518.846,29.942 519.894,28.894 C520.942,27.846 521.94,27.196 523.338,26.654 C524.393,26.244 525.979,25.756 528.898,25.623 C532.057,25.479 533.004,25.448 541,25.448 C548.997,25.448 549.943,25.479 553.102,25.623 C556.021,25.756 557.607,26.244 558.662,26.654 C560.06,27.196 561.058,27.846 562.106,28.894 C563.154,29.942 563.803,30.938 564.346,32.338 C564.756,33.391 565.244,34.978 565.378,37.899 C565.522,41.056 565.552,42.003 565.552,50 C565.552,57.996 565.522,58.943 565.378,62.101 M570.82,37.631 C570.674,34.438 570.167,32.258 569.425,30.349 C568.659,28.377 567.633,26.702 565.965,25.035 C564.297,23.368 562.623,22.342 560.652,21.575 C558.743,20.834 556.562,20.326 553.369,20.18 C550.169,20.033 549.148,20 541,20 C532.853,20 531.831,20.033 528.631,20.18 C525.438,20.326 523.257,20.834 521.349,21.575 C519.376,22.342 517.703,23.368 516.035,25.035 C514.368,26.702 513.342,28.377 512.574,30.349 C511.834,32.258 511.326,34.438 511.181,37.631 C511.035,40.831 511,41.851 511,50 C511,58.147 511.035,59.17 511.181,62.369 C511.326,65.562 511.834,67.743 512.574,69.651 C513.342,71.625 514.368,73.296 516.035,74.965 C517.703,76.634 519.376,77.658 521.349,78.425 C523.257,79.167 525.438,79.673 528.631,79.82 C531.831,79.965 532.853,80.001 541,80.001 C549.148,80.001 550.169,79.965 553.369,79.82 C556.562,79.673 558.743,79.167 560.652,78.425 C562.623,77.658 564.297,76.634 565.965,74.965 C567.633,73.296 568.659,71.625 569.425,69.651 C570.167,67.743 570.674,65.562 570.82,62.369 C570.966,59.17 571,58.147 571,50 C571,41.851 570.966,40.831 570.82,37.631\"><\/path>\n                                <\/g>\n                            <\/g>\n                        <\/g>\n                    <\/svg>\n                <\/div>\n                <div style=\"padding: 12.5% 0;\"><\/div>\n                <div style=\"display: flex; flex-direction: row; margin-bottom: 14px; align-items: center;\">\n                    <div>\n                        <div\n                            style=\"background-color: #F4F4F4; border-radius: 50%; height: 12.5px; width: 12.5px; transform: translateX(0px) translateY(7px);\"><\/div>\n                        <div\n                            style=\"background-color: #F4F4F4; height: 12.5px; transform: rotate(-45deg) translateX(3px) translateY(1px); width: 12.5px; flex-grow: 0; margin-right: 14px; margin-left: 2px;\"><\/div>\n                        <div\n                            style=\"background-color: #F4F4F4; border-radius: 50%; height: 12.5px; width: 12.5px; transform: translateX(9px) translateY(-18px);\"><\/div>\n                    <\/div>\n                    <div style=\"margin-left: 8px;\">\n                        <div\n                            style=\" background-color: #F4F4F4; border-radius: 50%; flex-grow: 0; height: 20px; width: 20px;\"><\/div>\n                        <div\n                            style=\" width: 0; height: 0; border-top: 2px solid transparent; border-left: 6px solid #f4f4f4; border-bottom: 2px solid transparent; transform: translateX(16px) translateY(-4px) rotate(30deg)\"><\/div>\n                    <\/div>\n                    <div style=\"margin-left: auto;\">\n                        <div\n                            style=\" width: 0; border-top: 8px solid #F4F4F4; border-right: 8px solid transparent; transform: translateY(16px);\"><\/div>\n                        <div\n                            style=\" background-color: #F4F4F4; flex-grow: 0; height: 12px; width: 16px; transform: translateY(-4px);\"><\/div>\n                        <div\n                            style=\" width: 0; height: 0; border-top: 8px solid #F4F4F4; border-left: 8px solid transparent; transform: translateY(-4px) translateX(8px);\"><\/div>\n                    <\/div>\n                <\/div>\n                <div\n                    style=\"display: flex; flex-direction: column; flex-grow: 1; justify-content: center; margin-bottom: 24px;\">\n                    <div\n                        style=\" background-color: #F4F4F4; border-radius: 4px; flex-grow: 0; height: 14px; margin-bottom: 6px; width: 224px;\"><\/div>\n                    <div\n                        style=\" background-color: #F4F4F4; border-radius: 4px; flex-grow: 0; height: 14px; width: 144px;\"><\/div>\n                <\/div>\n            <\/a><\/div>\n    <\/blockquote>\n    <script async=\"\" src=\"\/\/www.instagram.com\/embed.js\"><\/script>\n\n    \n<\/div><\/figure>\n\n\n\n<p><em>\u010co v\u00e1m evokuje mesiac febru\u00e1r? Je to mesiac l\u00e1sky, oslavujeme Valent\u00edn. Rovnako b\u00fdva najkrat\u0161\u00ed mesiac v roku, \u010do je pre mnoh\u00fdch pr\u00edle\u017eitos\u0165 na do\u010dasn\u00e9 abstinovanie \u010di sk\u00fa\u0161anie alternat\u00edvnych di\u00e9t. Febru\u00e1r b\u00fdva tie\u017e mesiac poru\u0161en\u00fdch, novoro\u010dn\u00fdch predsavzat\u00ed. Rovnako je mesiacom m\u00f3dy, prebiehaj\u00facich Fashion weeks, v hlavn\u00fdch mest\u00e1ch m\u00f3dy. Ak bude po\u010dasie pr\u00edvetiv\u00e9, rovnako to m\u00f4\u017ee by\u0165 ide\u00e1lny mesiac na sk\u00fa\u0161anie nov\u00fdch, prechodn\u00fdch outfitov.&nbsp;<\/em>&nbsp;<\/p>\n\n\n\n<p><em>Bohu\u017eia\u013e, je e\u0161te trochu priskoro na to, aby ste schov\u00e1vali pan\u010duch\u00e1\u010de, univerz\u00e1lne tepl\u00e9 svetre a vy\u0165ahovali \u013eahk\u00e9 pastelov\u00e9 \u0161aty a sand\u00e1le, na ktor\u00e9 sa v lete tak te\u0161\u00edme. U\u013eah\u010dite si to! Zvo\u013ete \u0161ikovn\u00e9 vrstvy, n\u00e1znaky svie\u017eich farieb a trendy alternat\u00edvne doplnky, k va\u0161im z\u00e1kladn\u00fdm k\u00faskom do chladn\u00e9ho po\u010dasia. Aby sme v\u00e1m poskytli nieko\u013eko n\u00e1padov, zozbierali sme 6 outfitov, ktor\u00e9 \u00faspe\u0161ne prep\u00e1jaj\u00fa obdobie medzi zimou a jarou. In\u0161pirujte sa s nami. \u2744\ud83c\udf1e\u2728<\/em>&nbsp;<\/p>\n\n\n\n<h2 class=\"wp-block-heading\">Statement kab\u00e1t + maxi suk\u0148a + \u010di\u017emy po kolen\u00e1&nbsp;<\/h2>\n\n\n\n<p>K\u00fdm ofici\u00e1lne neza\u010dne tren\u010dkotov\u00e1 sez\u00f3na, siahame po dlh\u00fdch kab\u00e1toch. Dlh\u00e9 a univerz\u00e1lne, tepl\u00e9 kab\u00e1ty, n\u00e1s sprev\u00e1dzaj\u00fa po\u010das celej chladnej zimy. Nielen\u017ee s\u00fa ide\u00e1lne na nepredv\u00eddate\u013en\u00e9 teploty, ale v\u00fdrazn\u00fd farebn\u00fd akcent alebo text\u00fara l\u00e1tky, vyzer\u00e1 dobre takmer so v\u0161etk\u00fdm. Statement k\u00e1b\u00e1t v neobvyklej farbe alebo materi\u00e1ly \u010di vzore sa m\u00f4\u017ee sta\u0165 hlavn\u00fdm prvkom v\u00e1\u0161ho<em> (st\u00e1le) <\/em>zimn\u00e9ho outfitu. Ako do outfitu prida\u0165 k\u00fasok jari? Dopl\u0148te dlh\u00fa suk\u0148u. Ale rovnako pan\u010duchy a \u010di\u017emy po kolen\u00e1, samozrejme. &nbsp;<\/p>\n\n\n\n<shortcode prop-category=\"\u010ci\u017emy\" prop-manufacturer=\"Lasocki\" prop-load-num=\"12\" prop-display-num=\"4\" prop-view=\"slider\"><\/shortcode>        <div\r\n            class=\"eob-pf-shortcode\"\r\n            id=\"eobpf69f3e70f0d3bb\"\r\n        >\r\n            <shortcode prop-category=\"\u010ci\u017emy\" prop-manufacturer=\"Lasocki\" prop-load-num=\"12\" prop-display-num=\"4\" prop-view=\"slider\"><\/shortcode>        <\/div>\r\n\t\t<script>\r\n\t\t\tjQuery(document).ready(() => {\r\n\t\t\t    const root = document.getElementById('eobpf69f3e70f0d3bb');\r\n                Vue.createApp({\r\n\t                components: {\r\n\t                    shortcode\r\n\t                }\r\n                }).mount(root);\r\n\t\t\t});\r\n\t\t<\/script>\r\n\t\t\r\n\t\t\n\n\n\n<p><\/p>\n\n\n\n<h2 class=\"wp-block-heading\">H\u00e1\u010dkovan\u00fd sveter + rovn\u00e9 d\u017e\u00ednsy + Mary Janes top\u00e1nky &nbsp;<\/h2>\n\n\n\n<p>Mysl\u00edme, \u017ee po janu\u00e1rovej poviano\u010dnej pochm\u00farnosti by sme v\u0161etci potrebovali trochu rozveseli\u0165. Preto vezmite vesel\u00fd sveter vo va\u0161ich ob\u013e\u00faben\u00fdch farb\u00e1ch a jeansy v rovnom strihu, ktor\u00e9 dopln\u00edte top\u00e1nkami v \u0161t\u00fdle Mary Janes. Samozrejme, nezabudnite rovnako na tepl\u00e9 pono\u017eky. &nbsp;<\/p>\n\n\n\n<shortcode prop-category=\"Poltop\u00e1nky\" prop-load-num=\"12\" prop-display-num=\"4\" prop-view=\"slider\"><\/shortcode>        <div\r\n            class=\"eob-pf-shortcode\"\r\n            id=\"eobpf69f3e70f0d4e1\"\r\n        >\r\n            <shortcode prop-category=\"Poltop\u00e1nky\" prop-load-num=\"12\" prop-display-num=\"4\" prop-view=\"slider\"><\/shortcode>        <\/div>\r\n\t\t<script>\r\n\t\t\tjQuery(document).ready(() => {\r\n\t\t\t    const root = document.getElementById('eobpf69f3e70f0d4e1');\r\n                Vue.createApp({\r\n\t                components: {\r\n\t                    shortcode\r\n\t                }\r\n                }).mount(root);\r\n\t\t\t});\r\n\t\t<\/script>\r\n\t\t\r\n\t\t\n\n\n\n<p><\/p>\n\n\n\n<h2 class=\"wp-block-heading\">Pleten\u00e9 \u0161aty + hrub\u00e9 pan\u010duchy + vysok\u00e9 \u010di\u017emy &nbsp;<\/h2>\n\n\n\n<p>Po farebn\u00fdch kab\u00e1toch a netradi\u010dn\u00fdch pletenin\u00e1ch je tu outfit\u00a0z opa\u010dn\u00e9ho, m\u00f3dneho spektra: neutr\u00e1lny a monochromatick\u00fd fit, od od hlavy po p\u00e4ty. Prekonajte chlad medzi ro\u010dn\u00fdmi obdobiami s pleten\u00fdmi \u0161atami, navrstven\u00fdmi v\u010faka zateplen\u00fdm pan\u010duch\u00e1m<em> (aktu\u00e1lne je na prvom mieste \u010derven\u00e1 a hne\u010f za \u0148ou biela farba)<\/em>. Na z\u00e1ver si obujte leskl\u00e9 \u010di\u017emy nad kolen\u00e1.\u00a0<\/p>\n\n\n\n<shortcode prop-category=\"\u010ci\u017emy\" prop-manufacturer=\"NINE WEST\" prop-load-num=\"12\" prop-display-num=\"4\" prop-view=\"slider\"><\/shortcode>        <div\r\n            class=\"eob-pf-shortcode\"\r\n            id=\"eobpf69f3e70f0d51a\"\r\n        >\r\n            <shortcode prop-category=\"\u010ci\u017emy\" prop-manufacturer=\"NINE WEST\" prop-load-num=\"12\" prop-display-num=\"4\" prop-view=\"slider\"><\/shortcode>        <\/div>\r\n\t\t<script>\r\n\t\t\tjQuery(document).ready(() => {\r\n\t\t\t    const root = document.getElementById('eobpf69f3e70f0d51a');\r\n                Vue.createApp({\r\n\t                components: {\r\n\t                    shortcode\r\n\t                }\r\n                }).mount(root);\r\n\t\t\t});\r\n\t\t<\/script>\r\n\t\t\r\n\t\t\n\n\n\n<p><\/p>\n\n\n\n<h2 class=\"wp-block-heading\">Nadrozmern\u00fd sveter + nohavice + ve\u013ek\u00e1 ta\u0161ka&nbsp;&nbsp;<\/h2>\n\n\n\n<p>Ak ste za\u010diatok roka rovnako tr\u00e1vili v py\u017eame \u010di \u017eupane a papu\u010diach, aktualizujte t\u00fato pr\u00edjemn\u00fa kombin\u00e1ciu nohavicami vo vo\u013enom strihu a pr\u00edjemnom materi\u00e1le. Samozrejme, rovnako nem\u00f4\u017ee ch\u00fdba\u0165 ani obrovsk\u00fd sveter. St\u00e1le rovnako pohodln\u00fd, ale nesporne o nie\u010do elegantnej\u0161\u00ed n\u00e1pad. Budete sa c\u00edti\u0165, akoby ste nikdy neopustili m\u00e4kk\u00fa poste\u013e.&nbsp;<\/p>\n\n\n\n<shortcode prop-category=\"D\u00e1msk\u00e9 kabelky\" prop-manufacturer=\"Lasocki\" prop-load-num=\"12\" prop-display-num=\"4\" prop-view=\"slider\"><\/shortcode>        <div\r\n            class=\"eob-pf-shortcode\"\r\n            id=\"eobpf69f3e70f0d542\"\r\n        >\r\n            <shortcode prop-category=\"D\u00e1msk\u00e9 kabelky\" prop-manufacturer=\"Lasocki\" prop-load-num=\"12\" prop-display-num=\"4\" prop-view=\"slider\"><\/shortcode>        <\/div>\r\n\t\t<script>\r\n\t\t\tjQuery(document).ready(() => {\r\n\t\t\t    const root = document.getElementById('eobpf69f3e70f0d542');\r\n                Vue.createApp({\r\n\t                components: {\r\n\t                    shortcode\r\n\t                }\r\n                }).mount(root);\r\n\t\t\t});\r\n\t\t<\/script>\r\n\t\t\r\n\t\t\n\n\n\n<p><\/p>\n\n\n\n<h2 class=\"wp-block-heading\">Vesta + d\u017e\u00ednsy + mokas\u00edny&nbsp;<\/h2>\n\n\n\n<p>Febru\u00e1r je ide\u00e1lny \u010das na vysk\u00fa\u0161anie nov\u00fdch trendov. Bomberov\u00e9 bundy, d\u017e\u00ednsov\u00e9 sukne a baler\u00ednky s\u00fa t\u00fato jar st\u00e1le trendy. \u010co takto look aktualizova\u0165 pomocou teplej vesty a tmavosiv\u00fdch alebo \u010diernych d\u017e\u00ednsov? Dopl\u0148te mokas\u00ednami a drobnou ta\u0161kou. &nbsp;<\/p>\n\n\n\n<shortcode prop-category=\"Mokas\u00edny\" prop-load-num=\"12\" prop-display-num=\"4\" prop-view=\"slider\"><\/shortcode>        <div\r\n            class=\"eob-pf-shortcode\"\r\n            id=\"eobpf69f3e70f0d566\"\r\n        >\r\n            <shortcode prop-category=\"Mokas\u00edny\" prop-load-num=\"12\" prop-display-num=\"4\" prop-view=\"slider\"><\/shortcode>        <\/div>\r\n\t\t<script>\r\n\t\t\tjQuery(document).ready(() => {\r\n\t\t\t    const root = document.getElementById('eobpf69f3e70f0d566');\r\n                Vue.createApp({\r\n\t                components: {\r\n\t                    shortcode\r\n\t                }\r\n                }).mount(root);\r\n\t\t\t});\r\n\t\t<\/script>\r\n\t\t\r\n\t\t\n\n\n\n<p><\/p>\n\n\n\n<h2 class=\"wp-block-heading\">Vlnen\u00e1 bunda + maxi \u0161aty + baler\u00ednky &nbsp;<\/h2>\n\n\n\n<p>Febru\u00e1r je u konca. Pr\u00edpadne m\u00e1 svetl\u00fa <em>(a tepl\u00fa) <\/em>chv\u00ed\u013eu a je u\u017e&nbsp;pr\u00edli\u0161 hor\u00faco&nbsp;na \u0165a\u017ek\u00fd sveter a kab\u00e1t, ale pr\u00edli\u0161 chladno na \u013eahk\u00fa bundu? Skombinujte vlnen\u00fa bundu, ktor\u00e1 v\u00e1s poriadne zahreje. Dopl\u0148te jednoduch\u00fdmi maxi \u0161atami. A v ta\u0161ke si v\u017edy m\u00f4\u017eete pre istotu schova\u0165 p\u00e1r n\u00fadzov\u00fdch pan\u010d\u00fach navy\u0161e.&nbsp;<\/p>\n\n\n\n<shortcode prop-category=\"Baler\u00ednky\" prop-load-num=\"12\" prop-display-num=\"4\" prop-view=\"slider\"><\/shortcode>        <div\r\n            class=\"eob-pf-shortcode\"\r\n            id=\"eobpf69f3e70f0d586\"\r\n        >\r\n            <shortcode prop-category=\"Baler\u00ednky\" prop-load-num=\"12\" prop-display-num=\"4\" prop-view=\"slider\"><\/shortcode>        <\/div>\r\n\t\t<script>\r\n\t\t\tjQuery(document).ready(() => {\r\n\t\t\t    const root = document.getElementById('eobpf69f3e70f0d586');\r\n                Vue.createApp({\r\n\t                components: {\r\n\t                    shortcode\r\n\t                }\r\n                }).mount(root);\r\n\t\t\t});\r\n\t\t<\/script>\r\n\t\t\r\n\t\t\n","protected":false},"excerpt":{"rendered":"<p>Janu\u00e1r sa skon\u010dil. Zrejme sa zhodneme, \u017ee si mnoh\u00ed z n\u00e1s m\u00f4\u017eu zhlboka vyd\u00fdchnu\u0165. N\u00e1dejne o\u010dak\u00e1vame a te\u0161\u00edme sa na prv\u00e9 n\u00e1znaky jari. A \u010das, kedy budeme kone\u010dne m\u00f4c\u0165 nosi\u0165 aj nie\u010do in\u00e9, okrem nadrozmern\u00fdch zateplen\u00fdch b\u00fand, kab\u00e1tov a tepl\u00fdch \u010di\u017eiem. V na\u0161ich podnebn\u00fdch podmienkach s\u00edce budeme musie\u0165 pre\u010dka\u0165 e\u0161te zop\u00e1r chladn\u00fdch mesiacov. No berme [&hellip;]<\/p>\n","protected":false},"author":9,"featured_media":7731,"comment_status":"open","ping_status":"open","sticky":false,"template":"","format":"standard","meta":{"_acf_changed":false,"footnotes":""},"categories":[4,6],"tags":[574,659,544],"class_list":["post-7725","post","type-post","status-publish","format-standard","has-post-thumbnail","hentry","category-modne-tipy","category-trendy","tag-kabelky","tag-topanky","tag-zima"],"acf":[],"yoast_head":"<!-- This site is optimized with the Yoast SEO plugin v26.9 - https:\/\/yoast.com\/product\/yoast-seo-wordpress\/ -->\n<title>\u010co nosi\u0165 vo febru\u00e1ri, po najdlh\u0161om janu\u00e1ri v hist\u00f3rii \u013eudstva\u00a0\u00a0 - blog.ccc.eu\/sk<\/title>\n<meta name=\"description\" content=\"\u010co evokuje febru\u00e1r? Je to mesiac\u00a0Fashion weeks. Ak bude po\u010dasie pr\u00edvetiv\u00e9, rovnako je to ide\u00e1lny \u010das na sk\u00fa\u0161anie nov\u00fdch, prechodn\u00fdch outfitov.\u00a0 2026\" \/>\n<meta name=\"robots\" content=\"index, follow, max-snippet:-1, max-image-preview:large, max-video-preview:-1\" \/>\n<link rel=\"canonical\" href=\"https:\/\/blog.ccc.eu\/sk\/co-nosit-vo-februari-po-najdlhsom-januari-v-historii-ludstva\/\" \/>\n<meta property=\"og:locale\" content=\"sk_SK\" \/>\n<meta property=\"og:type\" content=\"article\" \/>\n<meta property=\"og:title\" content=\"\u010co nosi\u0165 vo febru\u00e1ri, po najdlh\u0161om janu\u00e1ri v hist\u00f3rii \u013eudstva\u00a0\u00a0 - blog.ccc.eu\/sk\" \/>\n<meta property=\"og:description\" content=\"\u010co evokuje febru\u00e1r? Je to mesiac\u00a0Fashion weeks. Ak bude po\u010dasie pr\u00edvetiv\u00e9, rovnako je to ide\u00e1lny \u010das na sk\u00fa\u0161anie nov\u00fdch, prechodn\u00fdch outfitov.\u00a0\" \/>\n<meta property=\"og:url\" content=\"https:\/\/blog.ccc.eu\/sk\/co-nosit-vo-februari-po-najdlhsom-januari-v-historii-ludstva\/\" \/>\n<meta property=\"og:site_name\" content=\"blog.ccc.eu\/sk\" \/>\n<meta property=\"article:published_time\" content=\"2024-02-02T11:52:15+00:00\" \/>\n<meta property=\"article:modified_time\" content=\"2024-02-07T09:17:54+00:00\" \/>\n<meta property=\"og:image\" content=\"https:\/\/blog.ccc.eu\/sk\/wp-content\/uploads\/2024\/02\/Untitled-837-scaled.jpg\" \/>\n\t<meta property=\"og:image:width\" content=\"1920\" \/>\n\t<meta property=\"og:image:height\" content=\"2560\" \/>\n\t<meta property=\"og:image:type\" content=\"image\/jpeg\" \/>\n<meta name=\"author\" content=\"Lena\" \/>\n<meta name=\"twitter:card\" content=\"summary_large_image\" \/>\n<meta name=\"twitter:label1\" content=\"Autor\" \/>\n\t<meta name=\"twitter:data1\" content=\"Lena\" \/>\n\t<meta name=\"twitter:label2\" content=\"Predpokladan\u00fd \u010das \u010d\u00edtania\" \/>\n\t<meta name=\"twitter:data2\" content=\"4 min\u00faty\" \/>\n<script type=\"application\/ld+json\" class=\"yoast-schema-graph\">{\"@context\":\"https:\/\/schema.org\",\"@graph\":[{\"@type\":\"Article\",\"@id\":\"https:\/\/blog.ccc.eu\/sk\/co-nosit-vo-februari-po-najdlhsom-januari-v-historii-ludstva\/#article\",\"isPartOf\":{\"@id\":\"https:\/\/blog.ccc.eu\/sk\/co-nosit-vo-februari-po-najdlhsom-januari-v-historii-ludstva\/\"},\"author\":{\"name\":\"Lena\",\"@id\":\"https:\/\/blog.ccc.eu\/sk\/#\/schema\/person\/3fe23f84d7cc2af51f6f5ff134b1fcc1\"},\"headline\":\"\u010co nosi\u0165 vo febru\u00e1ri, po najdlh\u0161om janu\u00e1ri v hist\u00f3rii \u013eudstva\u00a0\u00a0\",\"datePublished\":\"2024-02-02T11:52:15+00:00\",\"dateModified\":\"2024-02-07T09:17:54+00:00\",\"mainEntityOfPage\":{\"@id\":\"https:\/\/blog.ccc.eu\/sk\/co-nosit-vo-februari-po-najdlhsom-januari-v-historii-ludstva\/\"},\"wordCount\":865,\"commentCount\":0,\"publisher\":{\"@id\":\"https:\/\/blog.ccc.eu\/sk\/#organization\"},\"image\":{\"@id\":\"https:\/\/blog.ccc.eu\/sk\/co-nosit-vo-februari-po-najdlhsom-januari-v-historii-ludstva\/#primaryimage\"},\"thumbnailUrl\":\"https:\/\/blog.ccc.eu\/sk\/wp-content\/uploads\/2024\/02\/Untitled-837-scaled.jpg\",\"keywords\":[\"kabelky\",\"top\u00e1nky\",\"zima\"],\"articleSection\":[\"M\u00d3DNE TIPY\",\"trendy\"],\"inLanguage\":\"sk-SK\",\"potentialAction\":[{\"@type\":\"CommentAction\",\"name\":\"Comment\",\"target\":[\"https:\/\/blog.ccc.eu\/sk\/co-nosit-vo-februari-po-najdlhsom-januari-v-historii-ludstva\/#respond\"]}]},{\"@type\":\"WebPage\",\"@id\":\"https:\/\/blog.ccc.eu\/sk\/co-nosit-vo-februari-po-najdlhsom-januari-v-historii-ludstva\/\",\"url\":\"https:\/\/blog.ccc.eu\/sk\/co-nosit-vo-februari-po-najdlhsom-januari-v-historii-ludstva\/\",\"name\":\"\u010co nosi\u0165 vo febru\u00e1ri, po najdlh\u0161om janu\u00e1ri v hist\u00f3rii \u013eudstva\u00a0\u00a0 - blog.ccc.eu\/sk\",\"isPartOf\":{\"@id\":\"https:\/\/blog.ccc.eu\/sk\/#website\"},\"primaryImageOfPage\":{\"@id\":\"https:\/\/blog.ccc.eu\/sk\/co-nosit-vo-februari-po-najdlhsom-januari-v-historii-ludstva\/#primaryimage\"},\"image\":{\"@id\":\"https:\/\/blog.ccc.eu\/sk\/co-nosit-vo-februari-po-najdlhsom-januari-v-historii-ludstva\/#primaryimage\"},\"thumbnailUrl\":\"https:\/\/blog.ccc.eu\/sk\/wp-content\/uploads\/2024\/02\/Untitled-837-scaled.jpg\",\"datePublished\":\"2024-02-02T11:52:15+00:00\",\"dateModified\":\"2024-02-07T09:17:54+00:00\",\"description\":\"\u010co evokuje febru\u00e1r? Je to mesiac\u00a0Fashion weeks. Ak bude po\u010dasie pr\u00edvetiv\u00e9, rovnako je to ide\u00e1lny \u010das na sk\u00fa\u0161anie nov\u00fdch, prechodn\u00fdch outfitov.\u00a0\",\"breadcrumb\":{\"@id\":\"https:\/\/blog.ccc.eu\/sk\/co-nosit-vo-februari-po-najdlhsom-januari-v-historii-ludstva\/#breadcrumb\"},\"inLanguage\":\"sk-SK\",\"potentialAction\":[{\"@type\":\"ReadAction\",\"target\":[\"https:\/\/blog.ccc.eu\/sk\/co-nosit-vo-februari-po-najdlhsom-januari-v-historii-ludstva\/\"]}]},{\"@type\":\"ImageObject\",\"inLanguage\":\"sk-SK\",\"@id\":\"https:\/\/blog.ccc.eu\/sk\/co-nosit-vo-februari-po-najdlhsom-januari-v-historii-ludstva\/#primaryimage\",\"url\":\"https:\/\/blog.ccc.eu\/sk\/wp-content\/uploads\/2024\/02\/Untitled-837-scaled.jpg\",\"contentUrl\":\"https:\/\/blog.ccc.eu\/sk\/wp-content\/uploads\/2024\/02\/Untitled-837-scaled.jpg\",\"width\":1920,\"height\":2560,\"caption\":\"hned\u00e9 lodi\u010dky\"},{\"@type\":\"BreadcrumbList\",\"@id\":\"https:\/\/blog.ccc.eu\/sk\/co-nosit-vo-februari-po-najdlhsom-januari-v-historii-ludstva\/#breadcrumb\",\"itemListElement\":[{\"@type\":\"ListItem\",\"position\":1,\"name\":\"Strona g\u0142\u00f3wna\",\"item\":\"https:\/\/blog.ccc.eu\/sk\/\"},{\"@type\":\"ListItem\",\"position\":2,\"name\":\"\u010co nosi\u0165 vo febru\u00e1ri, po najdlh\u0161om janu\u00e1ri v hist\u00f3rii \u013eudstva\u00a0\u00a0\"}]},{\"@type\":\"WebSite\",\"@id\":\"https:\/\/blog.ccc.eu\/sk\/#website\",\"url\":\"https:\/\/blog.ccc.eu\/sk\/\",\"name\":\"blog.ccc.eu\/sk\",\"description\":\"Va\u0161e miesto pln\u00e9 m\u00f3dnych in\u0161pir\u00e1ci\u00ed\",\"publisher\":{\"@id\":\"https:\/\/blog.ccc.eu\/sk\/#organization\"},\"potentialAction\":[{\"@type\":\"SearchAction\",\"target\":{\"@type\":\"EntryPoint\",\"urlTemplate\":\"https:\/\/blog.ccc.eu\/sk\/?s={search_term_string}\"},\"query-input\":{\"@type\":\"PropertyValueSpecification\",\"valueRequired\":true,\"valueName\":\"search_term_string\"}}],\"inLanguage\":\"sk-SK\"},{\"@type\":\"Organization\",\"@id\":\"https:\/\/blog.ccc.eu\/sk\/#organization\",\"name\":\"CCC S.A.\",\"url\":\"https:\/\/blog.ccc.eu\/sk\/\",\"logo\":{\"@type\":\"ImageObject\",\"inLanguage\":\"sk-SK\",\"@id\":\"https:\/\/blog.ccc.eu\/sk\/#\/schema\/logo\/image\/\",\"url\":\"https:\/\/blog.ccc.eu\/sk\/wp-content\/uploads\/2021\/11\/logo_ccc.png\",\"contentUrl\":\"https:\/\/blog.ccc.eu\/sk\/wp-content\/uploads\/2021\/11\/logo_ccc.png\",\"width\":730,\"height\":270,\"caption\":\"CCC S.A.\"},\"image\":{\"@id\":\"https:\/\/blog.ccc.eu\/sk\/#\/schema\/logo\/image\/\"}},{\"@type\":\"Person\",\"@id\":\"https:\/\/blog.ccc.eu\/sk\/#\/schema\/person\/3fe23f84d7cc2af51f6f5ff134b1fcc1\",\"name\":\"Lena\",\"image\":{\"@type\":\"ImageObject\",\"inLanguage\":\"sk-SK\",\"@id\":\"https:\/\/blog.ccc.eu\/sk\/#\/schema\/person\/image\/\",\"url\":\"https:\/\/blog.ccc.eu\/sk\/wp-content\/uploads\/2022\/06\/MicrosoftTeams-image-2-100x100.jpg\",\"contentUrl\":\"https:\/\/blog.ccc.eu\/sk\/wp-content\/uploads\/2022\/06\/MicrosoftTeams-image-2-100x100.jpg\",\"caption\":\"Lena\"},\"description\":\"Absolventka digit\u00e1lneho marketingu so sk\u00fasenos\u0165ami s content marketingom a (ve\u013emi prekvapivo) copywritingom. Vo vo\u013enom \u010dase rada nos\u00ed platformy a sna\u017e\u00ed sa n\u00e1kupy vo fast-fashion re\u0165azcoch vyva\u017eova\u0165 t\u00fdmi sek\u00e1\u010dov\u00fdmi a swapov\u00fdmi.\",\"url\":\"https:\/\/blog.ccc.eu\/sk\/author\/paulina-jarmul\/\"}]}<\/script>\n<!-- \/ Yoast SEO plugin. -->","yoast_head_json":{"title":"\u010co nosi\u0165 vo febru\u00e1ri, po najdlh\u0161om janu\u00e1ri v hist\u00f3rii \u013eudstva\u00a0\u00a0 - blog.ccc.eu\/sk","description":"\u010co evokuje febru\u00e1r? Je to mesiac\u00a0Fashion weeks. Ak bude po\u010dasie pr\u00edvetiv\u00e9, rovnako je to ide\u00e1lny \u010das na sk\u00fa\u0161anie nov\u00fdch, prechodn\u00fdch outfitov.\u00a0 2026","robots":{"index":"index","follow":"follow","max-snippet":"max-snippet:-1","max-image-preview":"max-image-preview:large","max-video-preview":"max-video-preview:-1"},"canonical":"https:\/\/blog.ccc.eu\/sk\/co-nosit-vo-februari-po-najdlhsom-januari-v-historii-ludstva\/","og_locale":"sk_SK","og_type":"article","og_title":"\u010co nosi\u0165 vo febru\u00e1ri, po najdlh\u0161om janu\u00e1ri v hist\u00f3rii \u013eudstva\u00a0\u00a0 - blog.ccc.eu\/sk","og_description":"\u010co evokuje febru\u00e1r? Je to mesiac\u00a0Fashion weeks. Ak bude po\u010dasie pr\u00edvetiv\u00e9, rovnako je to ide\u00e1lny \u010das na sk\u00fa\u0161anie nov\u00fdch, prechodn\u00fdch outfitov.\u00a0","og_url":"https:\/\/blog.ccc.eu\/sk\/co-nosit-vo-februari-po-najdlhsom-januari-v-historii-ludstva\/","og_site_name":"blog.ccc.eu\/sk","article_published_time":"2024-02-02T11:52:15+00:00","article_modified_time":"2024-02-07T09:17:54+00:00","og_image":[{"width":1920,"height":2560,"url":"https:\/\/blog.ccc.eu\/sk\/wp-content\/uploads\/2024\/02\/Untitled-837-scaled.jpg","type":"image\/jpeg"}],"author":"Lena","twitter_card":"summary_large_image","twitter_misc":{"Autor":"Lena","Predpokladan\u00fd \u010das \u010d\u00edtania":"4 min\u00faty"},"schema":{"@context":"https:\/\/schema.org","@graph":[{"@type":"Article","@id":"https:\/\/blog.ccc.eu\/sk\/co-nosit-vo-februari-po-najdlhsom-januari-v-historii-ludstva\/#article","isPartOf":{"@id":"https:\/\/blog.ccc.eu\/sk\/co-nosit-vo-februari-po-najdlhsom-januari-v-historii-ludstva\/"},"author":{"name":"Lena","@id":"https:\/\/blog.ccc.eu\/sk\/#\/schema\/person\/3fe23f84d7cc2af51f6f5ff134b1fcc1"},"headline":"\u010co nosi\u0165 vo febru\u00e1ri, po najdlh\u0161om janu\u00e1ri v hist\u00f3rii \u013eudstva\u00a0\u00a0","datePublished":"2024-02-02T11:52:15+00:00","dateModified":"2024-02-07T09:17:54+00:00","mainEntityOfPage":{"@id":"https:\/\/blog.ccc.eu\/sk\/co-nosit-vo-februari-po-najdlhsom-januari-v-historii-ludstva\/"},"wordCount":865,"commentCount":0,"publisher":{"@id":"https:\/\/blog.ccc.eu\/sk\/#organization"},"image":{"@id":"https:\/\/blog.ccc.eu\/sk\/co-nosit-vo-februari-po-najdlhsom-januari-v-historii-ludstva\/#primaryimage"},"thumbnailUrl":"https:\/\/blog.ccc.eu\/sk\/wp-content\/uploads\/2024\/02\/Untitled-837-scaled.jpg","keywords":["kabelky","top\u00e1nky","zima"],"articleSection":["M\u00d3DNE TIPY","trendy"],"inLanguage":"sk-SK","potentialAction":[{"@type":"CommentAction","name":"Comment","target":["https:\/\/blog.ccc.eu\/sk\/co-nosit-vo-februari-po-najdlhsom-januari-v-historii-ludstva\/#respond"]}]},{"@type":"WebPage","@id":"https:\/\/blog.ccc.eu\/sk\/co-nosit-vo-februari-po-najdlhsom-januari-v-historii-ludstva\/","url":"https:\/\/blog.ccc.eu\/sk\/co-nosit-vo-februari-po-najdlhsom-januari-v-historii-ludstva\/","name":"\u010co nosi\u0165 vo febru\u00e1ri, po najdlh\u0161om janu\u00e1ri v hist\u00f3rii \u013eudstva\u00a0\u00a0 - blog.ccc.eu\/sk","isPartOf":{"@id":"https:\/\/blog.ccc.eu\/sk\/#website"},"primaryImageOfPage":{"@id":"https:\/\/blog.ccc.eu\/sk\/co-nosit-vo-februari-po-najdlhsom-januari-v-historii-ludstva\/#primaryimage"},"image":{"@id":"https:\/\/blog.ccc.eu\/sk\/co-nosit-vo-februari-po-najdlhsom-januari-v-historii-ludstva\/#primaryimage"},"thumbnailUrl":"https:\/\/blog.ccc.eu\/sk\/wp-content\/uploads\/2024\/02\/Untitled-837-scaled.jpg","datePublished":"2024-02-02T11:52:15+00:00","dateModified":"2024-02-07T09:17:54+00:00","description":"\u010co evokuje febru\u00e1r? Je to mesiac\u00a0Fashion weeks. Ak bude po\u010dasie pr\u00edvetiv\u00e9, rovnako je to ide\u00e1lny \u010das na sk\u00fa\u0161anie nov\u00fdch, prechodn\u00fdch outfitov.\u00a0","breadcrumb":{"@id":"https:\/\/blog.ccc.eu\/sk\/co-nosit-vo-februari-po-najdlhsom-januari-v-historii-ludstva\/#breadcrumb"},"inLanguage":"sk-SK","potentialAction":[{"@type":"ReadAction","target":["https:\/\/blog.ccc.eu\/sk\/co-nosit-vo-februari-po-najdlhsom-januari-v-historii-ludstva\/"]}]},{"@type":"ImageObject","inLanguage":"sk-SK","@id":"https:\/\/blog.ccc.eu\/sk\/co-nosit-vo-februari-po-najdlhsom-januari-v-historii-ludstva\/#primaryimage","url":"https:\/\/blog.ccc.eu\/sk\/wp-content\/uploads\/2024\/02\/Untitled-837-scaled.jpg","contentUrl":"https:\/\/blog.ccc.eu\/sk\/wp-content\/uploads\/2024\/02\/Untitled-837-scaled.jpg","width":1920,"height":2560,"caption":"hned\u00e9 lodi\u010dky"},{"@type":"BreadcrumbList","@id":"https:\/\/blog.ccc.eu\/sk\/co-nosit-vo-februari-po-najdlhsom-januari-v-historii-ludstva\/#breadcrumb","itemListElement":[{"@type":"ListItem","position":1,"name":"Strona g\u0142\u00f3wna","item":"https:\/\/blog.ccc.eu\/sk\/"},{"@type":"ListItem","position":2,"name":"\u010co nosi\u0165 vo febru\u00e1ri, po najdlh\u0161om janu\u00e1ri v hist\u00f3rii \u013eudstva\u00a0\u00a0"}]},{"@type":"WebSite","@id":"https:\/\/blog.ccc.eu\/sk\/#website","url":"https:\/\/blog.ccc.eu\/sk\/","name":"blog.ccc.eu\/sk","description":"Va\u0161e miesto pln\u00e9 m\u00f3dnych in\u0161pir\u00e1ci\u00ed","publisher":{"@id":"https:\/\/blog.ccc.eu\/sk\/#organization"},"potentialAction":[{"@type":"SearchAction","target":{"@type":"EntryPoint","urlTemplate":"https:\/\/blog.ccc.eu\/sk\/?s={search_term_string}"},"query-input":{"@type":"PropertyValueSpecification","valueRequired":true,"valueName":"search_term_string"}}],"inLanguage":"sk-SK"},{"@type":"Organization","@id":"https:\/\/blog.ccc.eu\/sk\/#organization","name":"CCC S.A.","url":"https:\/\/blog.ccc.eu\/sk\/","logo":{"@type":"ImageObject","inLanguage":"sk-SK","@id":"https:\/\/blog.ccc.eu\/sk\/#\/schema\/logo\/image\/","url":"https:\/\/blog.ccc.eu\/sk\/wp-content\/uploads\/2021\/11\/logo_ccc.png","contentUrl":"https:\/\/blog.ccc.eu\/sk\/wp-content\/uploads\/2021\/11\/logo_ccc.png","width":730,"height":270,"caption":"CCC S.A."},"image":{"@id":"https:\/\/blog.ccc.eu\/sk\/#\/schema\/logo\/image\/"}},{"@type":"Person","@id":"https:\/\/blog.ccc.eu\/sk\/#\/schema\/person\/3fe23f84d7cc2af51f6f5ff134b1fcc1","name":"Lena","image":{"@type":"ImageObject","inLanguage":"sk-SK","@id":"https:\/\/blog.ccc.eu\/sk\/#\/schema\/person\/image\/","url":"https:\/\/blog.ccc.eu\/sk\/wp-content\/uploads\/2022\/06\/MicrosoftTeams-image-2-100x100.jpg","contentUrl":"https:\/\/blog.ccc.eu\/sk\/wp-content\/uploads\/2022\/06\/MicrosoftTeams-image-2-100x100.jpg","caption":"Lena"},"description":"Absolventka digit\u00e1lneho marketingu so sk\u00fasenos\u0165ami s content marketingom a (ve\u013emi prekvapivo) copywritingom. Vo vo\u013enom \u010dase rada nos\u00ed platformy a sna\u017e\u00ed sa n\u00e1kupy vo fast-fashion re\u0165azcoch vyva\u017eova\u0165 t\u00fdmi sek\u00e1\u010dov\u00fdmi a swapov\u00fdmi.","url":"https:\/\/blog.ccc.eu\/sk\/author\/paulina-jarmul\/"}]}},"_links":{"self":[{"href":"https:\/\/blog.ccc.eu\/sk\/wp-json\/wp\/v2\/posts\/7725","targetHints":{"allow":["GET"]}}],"collection":[{"href":"https:\/\/blog.ccc.eu\/sk\/wp-json\/wp\/v2\/posts"}],"about":[{"href":"https:\/\/blog.ccc.eu\/sk\/wp-json\/wp\/v2\/types\/post"}],"author":[{"embeddable":true,"href":"https:\/\/blog.ccc.eu\/sk\/wp-json\/wp\/v2\/users\/9"}],"replies":[{"embeddable":true,"href":"https:\/\/blog.ccc.eu\/sk\/wp-json\/wp\/v2\/comments?post=7725"}],"version-history":[{"count":4,"href":"https:\/\/blog.ccc.eu\/sk\/wp-json\/wp\/v2\/posts\/7725\/revisions"}],"predecessor-version":[{"id":7732,"href":"https:\/\/blog.ccc.eu\/sk\/wp-json\/wp\/v2\/posts\/7725\/revisions\/7732"}],"wp:featuredmedia":[{"embeddable":true,"href":"https:\/\/blog.ccc.eu\/sk\/wp-json\/wp\/v2\/media\/7731"}],"wp:attachment":[{"href":"https:\/\/blog.ccc.eu\/sk\/wp-json\/wp\/v2\/media?parent=7725"}],"wp:term":[{"taxonomy":"category","embeddable":true,"href":"https:\/\/blog.ccc.eu\/sk\/wp-json\/wp\/v2\/categories?post=7725"},{"taxonomy":"post_tag","embeddable":true,"href":"https:\/\/blog.ccc.eu\/sk\/wp-json\/wp\/v2\/tags?post=7725"}],"curies":[{"name":"wp","href":"https:\/\/api.w.org\/{rel}","templated":true}]}}