{"id":7979,"date":"2024-03-27T09:13:00","date_gmt":"2024-03-27T08:13:00","guid":{"rendered":"https:\/\/blog.ccc.eu\/sk\/?p=7979"},"modified":"2024-03-26T15:13:44","modified_gmt":"2024-03-26T14:13:44","slug":"ake-farebne-trendy-budeme-nosit-tuto-jar","status":"publish","type":"post","link":"https:\/\/blog.ccc.eu\/sk\/ake-farebne-trendy-budeme-nosit-tuto-jar\/","title":{"rendered":"Ak\u00e9 farebn\u00e9 trendy budeme nosi\u0165 t\u00fato jar? \u00a0"},"content":{"rendered":"\n<p><\/p>\n\n\n\n<p><strong><em>Jar 2024 je pln\u00e1 jasn\u00fdch farieb a osvie\u017euj\u00facich kombin\u00e1ci\u00ed, ktor\u00e9 n\u00e1m prin\u00e1\u0161aj\u00fa nov\u00fd dych do m\u00f3dy. Pastelov\u00e9 odtiene sa mie\u0161aj\u00fa s odv\u00e1\u017enymi farebn\u00fdmi akcentami, vytv\u00e1raj\u00fac dynamick\u00fd a \u017eiv\u00fd vzh\u013ead. Kvety a pr\u00edrodn\u00e9 vzory s\u00fa st\u00e1le v m\u00f3de, no tento rok sa vyzna\u010duj\u00fa netradi\u010dn\u00fdmi kombin\u00e1ciami a modern\u00fdm pr\u00edstupom. Nechajte sa in\u0161pirova\u0165 svetom jarn\u00fdch farebn\u00fdch trendov a dajte svojmu \u0161atn\u00edku nov\u00fa energiu a \u0161t\u00fdl!<\/em><\/strong>\u00a0<\/p>\n\n\n\n<figure class=\"wp-block-embed\"><div class=\"wp-block-embed__wrapper\">\n    <blockquote class=\"instagram-media\" data-instgrm-permalink=\"https:\/\/www.instagram.com\/p\/C4z4tNahJkh\/\" data-instgrm-version=\"12\"\n                style=\" background:#FFF; border:0; border-radius:3px; box-shadow:0 0 1px 0 rgba(0,0,0,0.5),0 1px 10px 0 rgba(0,0,0,0.15); margin: 1px; max-width:540px; min-width:326px; padding:0; width:99.375%; width:-webkit-calc(100% - 2px); width:calc(100% - 2px);\">\n        <div style=\"padding:16px;\"><a href=\"https:\/\/www.instagram.com\/p\/C4z4tNahJkh\/\"\n                                      style=\" background:#FFFFFF; line-height:0; padding:0 0; text-align:center; text-decoration:none; width:100%;\"\n                                      target=\"_blank\">\n                <div style=\" display: flex; flex-direction: row; align-items: center;\">\n                    <div\n                        style=\"background-color: #F4F4F4; border-radius: 50%; flex-grow: 0; height: 40px; margin-right: 14px; width: 40px;\"><\/div>\n                    <div style=\"display: flex; flex-direction: column; flex-grow: 1; justify-content: center;\">\n                        <div\n                            style=\" background-color: #F4F4F4; border-radius: 4px; flex-grow: 0; height: 14px; margin-bottom: 6px; width: 100px;\"><\/div>\n                        <div\n                            style=\" background-color: #F4F4F4; border-radius: 4px; flex-grow: 0; height: 14px; width: 60px;\"><\/div>\n                    <\/div>\n                <\/div>\n                <div style=\"padding: 19% 0;\"><\/div>\n                <div style=\"display:block; height:50px; margin:0 auto 12px; width:50px;\">\n                    <svg width=\"50px\" height=\"50px\" viewBox=\"0 0 60 60\" version=\"1.1\"\n                         xmlns=\"https:\/\/www.w3.org\/2000\/svg\">\n                        <g stroke=\"none\" stroke-width=\"1\" fill=\"none\" fill-rule=\"evenodd\">\n                            <g transform=\"translate(-511.000000, -20.000000)\" fill=\"#000000\">\n                                <g>\n                                    <path\n                                        d=\"M556.869,30.41 C554.814,30.41 553.148,32.076 553.148,34.131 C553.148,36.186 554.814,37.852 556.869,37.852 C558.924,37.852 560.59,36.186 560.59,34.131 C560.59,32.076 558.924,30.41 556.869,30.41 M541,60.657 C535.114,60.657 530.342,55.887 530.342,50 C530.342,44.114 535.114,39.342 541,39.342 C546.887,39.342 551.658,44.114 551.658,50 C551.658,55.887 546.887,60.657 541,60.657 M541,33.886 C532.1,33.886 524.886,41.1 524.886,50 C524.886,58.899 532.1,66.113 541,66.113 C549.9,66.113 557.115,58.899 557.115,50 C557.115,41.1 549.9,33.886 541,33.886 M565.378,62.101 C565.244,65.022 564.756,66.606 564.346,67.663 C563.803,69.06 563.154,70.057 562.106,71.106 C561.058,72.155 560.06,72.803 558.662,73.347 C557.607,73.757 556.021,74.244 553.102,74.378 C549.944,74.521 548.997,74.552 541,74.552 C533.003,74.552 532.056,74.521 528.898,74.378 C525.979,74.244 524.393,73.757 523.338,73.347 C521.94,72.803 520.942,72.155 519.894,71.106 C518.846,70.057 518.197,69.06 517.654,67.663 C517.244,66.606 516.755,65.022 516.623,62.101 C516.479,58.943 516.448,57.996 516.448,50 C516.448,42.003 516.479,41.056 516.623,37.899 C516.755,34.978 517.244,33.391 517.654,32.338 C518.197,30.938 518.846,29.942 519.894,28.894 C520.942,27.846 521.94,27.196 523.338,26.654 C524.393,26.244 525.979,25.756 528.898,25.623 C532.057,25.479 533.004,25.448 541,25.448 C548.997,25.448 549.943,25.479 553.102,25.623 C556.021,25.756 557.607,26.244 558.662,26.654 C560.06,27.196 561.058,27.846 562.106,28.894 C563.154,29.942 563.803,30.938 564.346,32.338 C564.756,33.391 565.244,34.978 565.378,37.899 C565.522,41.056 565.552,42.003 565.552,50 C565.552,57.996 565.522,58.943 565.378,62.101 M570.82,37.631 C570.674,34.438 570.167,32.258 569.425,30.349 C568.659,28.377 567.633,26.702 565.965,25.035 C564.297,23.368 562.623,22.342 560.652,21.575 C558.743,20.834 556.562,20.326 553.369,20.18 C550.169,20.033 549.148,20 541,20 C532.853,20 531.831,20.033 528.631,20.18 C525.438,20.326 523.257,20.834 521.349,21.575 C519.376,22.342 517.703,23.368 516.035,25.035 C514.368,26.702 513.342,28.377 512.574,30.349 C511.834,32.258 511.326,34.438 511.181,37.631 C511.035,40.831 511,41.851 511,50 C511,58.147 511.035,59.17 511.181,62.369 C511.326,65.562 511.834,67.743 512.574,69.651 C513.342,71.625 514.368,73.296 516.035,74.965 C517.703,76.634 519.376,77.658 521.349,78.425 C523.257,79.167 525.438,79.673 528.631,79.82 C531.831,79.965 532.853,80.001 541,80.001 C549.148,80.001 550.169,79.965 553.369,79.82 C556.562,79.673 558.743,79.167 560.652,78.425 C562.623,77.658 564.297,76.634 565.965,74.965 C567.633,73.296 568.659,71.625 569.425,69.651 C570.167,67.743 570.674,65.562 570.82,62.369 C570.966,59.17 571,58.147 571,50 C571,41.851 570.966,40.831 570.82,37.631\"><\/path>\n                                <\/g>\n                            <\/g>\n                        <\/g>\n                    <\/svg>\n                <\/div>\n                <div style=\"padding: 12.5% 0;\"><\/div>\n                <div style=\"display: flex; flex-direction: row; margin-bottom: 14px; align-items: center;\">\n                    <div>\n                        <div\n                            style=\"background-color: #F4F4F4; border-radius: 50%; height: 12.5px; width: 12.5px; transform: translateX(0px) translateY(7px);\"><\/div>\n                        <div\n                            style=\"background-color: #F4F4F4; height: 12.5px; transform: rotate(-45deg) translateX(3px) translateY(1px); width: 12.5px; flex-grow: 0; margin-right: 14px; margin-left: 2px;\"><\/div>\n                        <div\n                            style=\"background-color: #F4F4F4; border-radius: 50%; height: 12.5px; width: 12.5px; transform: translateX(9px) translateY(-18px);\"><\/div>\n                    <\/div>\n                    <div style=\"margin-left: 8px;\">\n                        <div\n                            style=\" background-color: #F4F4F4; border-radius: 50%; flex-grow: 0; height: 20px; width: 20px;\"><\/div>\n                        <div\n                            style=\" width: 0; height: 0; border-top: 2px solid transparent; border-left: 6px solid #f4f4f4; border-bottom: 2px solid transparent; transform: translateX(16px) translateY(-4px) rotate(30deg)\"><\/div>\n                    <\/div>\n                    <div style=\"margin-left: auto;\">\n                        <div\n                            style=\" width: 0; border-top: 8px solid #F4F4F4; border-right: 8px solid transparent; transform: translateY(16px);\"><\/div>\n                        <div\n                            style=\" background-color: #F4F4F4; flex-grow: 0; height: 12px; width: 16px; transform: translateY(-4px);\"><\/div>\n                        <div\n                            style=\" width: 0; height: 0; border-top: 8px solid #F4F4F4; border-left: 8px solid transparent; transform: translateY(-4px) translateX(8px);\"><\/div>\n                    <\/div>\n                <\/div>\n                <div\n                    style=\"display: flex; flex-direction: column; flex-grow: 1; justify-content: center; margin-bottom: 24px;\">\n                    <div\n                        style=\" background-color: #F4F4F4; border-radius: 4px; flex-grow: 0; height: 14px; margin-bottom: 6px; width: 224px;\"><\/div>\n                    <div\n                        style=\" background-color: #F4F4F4; border-radius: 4px; flex-grow: 0; height: 14px; width: 144px;\"><\/div>\n                <\/div>\n            <\/a><\/div>\n    <\/blockquote>\n    <script async=\"\" src=\"\/\/www.instagram.com\/embed.js\"><\/script>\n\n    \n<\/div><\/figure>\n\n\n\n<p><\/p>\n\n\n\n<h2 class=\"wp-block-heading\">Porcel\u00e1novo biela&nbsp;<\/h2>\n\n\n\n<p>Nosi\u0165 bielu v po\u010das tepl\u00fdch mesiacov je v\u017edy spr\u00e1vna a nad\u010dasov\u00e1 vo\u013eba. Vytv\u00e1ra svie\u017ei a \u013eahk\u00fd dojem, \u010do je ide\u00e1lne pre preb\u00fadzaj\u00facu sa pr\u00edrodu a st\u00fapaj\u00face teploty. Biela farba sa skvele kombinuje s jarn\u00fdmi pastelov\u00fdmi t\u00f3nmi, ako s\u00fa m\u00e4kk\u00e9 ru\u017eov\u00e9, nebov\u00e9 alebo modr\u00e9 odtiene, a vytv\u00e1ra harmonick\u00fd a elegantn\u00fd vzh\u013ead. Biela farba je univerz\u00e1lna a nad\u010dasov\u00e1 vo\u013eba, ktor\u00e1 sa nikdy v \u017eiadnom jarnom \u0161atn\u00edku nestrat\u00ed.&nbsp;<\/p>\n\n\n\n<shortcode prop-category=\"D\u00e1msk\u00e9 kabelky\" prop-color=\"BIELA\" prop-load-num=\"12\" prop-display-num=\"4\" prop-view=\"slider\"><\/shortcode>        <div\r\n            class=\"eob-pf-shortcode\"\r\n            id=\"eobpf69f1e7bae944d\"\r\n        >\r\n            <shortcode prop-category=\"D\u00e1msk\u00e9 kabelky\" prop-color=\"BIELA\" prop-load-num=\"12\" prop-display-num=\"4\" prop-view=\"slider\"><\/shortcode>        <\/div>\r\n\t\t<script>\r\n\t\t\tjQuery(document).ready(() => {\r\n\t\t\t    const root = document.getElementById('eobpf69f1e7bae944d');\r\n                Vue.createApp({\r\n\t                components: {\r\n\t                    shortcode\r\n\t                }\r\n                }).mount(root);\r\n\t\t\t});\r\n\t\t<\/script>\r\n\t\t\r\n\t\t\n\n\n\n<p><\/p>\n\n\n\n<h2 class=\"wp-block-heading\">Cherry red\u00a0<\/h2>\n\n\n\n<p>Posadnutos\u0165 m\u00f3dy jasnou \u010dervenou farbou bola v ned\u00e1vnych sez\u00f3nach nemo\u017en\u00e9 prehliadnu\u0165, vidite\u013en\u00e1 na m\u00f3lach, ale aj na \u010dervenom koberci. Jarn\u00e1 kolekcia 2024 priniesla v\u00fdrazn\u00fd posun smerom k hlb\u0161\u00edm a bohat\u0161\u00edm verzi\u00e1m tejto odtiene. Odtie\u0148 <em>cherry red <\/em>je vynikaj\u00facou vo\u013ebou pre jarn\u00e9 outfity, ke\u010f\u017ee prid\u00e1va do v\u00e1\u0161ho \u0161t\u00fdlu energiu a z\u00e1rove\u0148 dod\u00e1va jarn\u00e9mu oble\u010deniu \u0161mrnc. Tento jasn\u00fd a \u017eiariv\u00fd odtie\u0148 \u010dervenej farby pri\u0165ahuje pozornos\u0165 a je skvel\u00fdm sp\u00f4sobom, ako ozvl\u00e1\u0161tni\u0165 va\u0161e jarn\u00e9 outfity.&nbsp;<\/p>\n\n\n\n<p><em>Cherry red <\/em>top\u00e1nkami m\u00f4\u017ee prida\u0165 v\u00e1\u0161mu vzh\u013eadu \u0161mrnc a \u0161t\u00fdl. M\u00f4\u017eete zv\u00e1\u017ei\u0165 top\u00e1nky na podp\u00e4tku, baler\u00ednky alebo tenisky v tomto \u017eiarivom odtieni. Pr\u00edjemn\u00fd sp\u00f4sob, ako prida\u0165 trochu farby do v\u00e1\u0161ho outfity, je s <em>cherry red<\/em> kabelkou. Tento doplnok m\u00f4\u017ee okam\u017eite o\u017eivi\u0165 aj najjednoduch\u0161\u00ed outfit a dod\u00e1va mu \u0161t\u00fdlov\u00fd n\u00e1dych. Nez\u00e1le\u017e\u00ed na tom, ako sa rozhodnete integrova\u0165 <em>cherry red <\/em>farbu do svojich jarn\u00fdch outfitov, ur\u010dite prinesie do v\u00e1\u0161ho \u0161t\u00fdlu vitalitu a \u017eivos\u0165. Bu\u010fte odv\u00e1\u017eni a experimentujte s touto v\u00fdraznou farbou pre \u00fa\u017easn\u00fd jarn\u00fd vzh\u013ead!&nbsp;<\/p>\n\n\n\n<shortcode prop-category=\"Top\u00e1nky\" prop-color=\"\u010cERVEN\u00c1\" prop-manufacturer=\"NINE WEST\" prop-load-num=\"12\" prop-display-num=\"4\" prop-view=\"slider\"><\/shortcode>        <div\r\n            class=\"eob-pf-shortcode\"\r\n            id=\"eobpf69f1e7bae9591\"\r\n        >\r\n            <shortcode prop-category=\"Top\u00e1nky\" prop-color=\"\u010cERVEN\u00c1\" prop-manufacturer=\"NINE WEST\" prop-load-num=\"12\" prop-display-num=\"4\" prop-view=\"slider\"><\/shortcode>        <\/div>\r\n\t\t<script>\r\n\t\t\tjQuery(document).ready(() => {\r\n\t\t\t    const root = document.getElementById('eobpf69f1e7bae9591');\r\n                Vue.createApp({\r\n\t                components: {\r\n\t                    shortcode\r\n\t                }\r\n                }).mount(root);\r\n\t\t\t});\r\n\t\t<\/script>\r\n\t\t\r\n\t\t\n\n\n\n<p><\/p>\n\n\n\n<h2 class=\"wp-block-heading\">Nebesky modr\u00e1 \u00a0<\/h2>\n\n\n\n<p>Ako by sa dalo lep\u0161ie vyjadri\u0165 <em>\u201edopam\u00ednov\u00e9 obliekanie,\u201c<\/em> ne\u017e nosi\u0165 najupokojuj\u00facej\u0161\u00ed odtie\u0148 neba? Nebesk\u00e1 modr\u00e1 farba je ide\u00e1lnou vo\u013ebou pre jarn\u00e9 outfity, preto\u017ee evokuje pocit \u013eahkosti, \u010derstvosti a jasnej oblohy. Tento jemn\u00fd a svie\u017ei odtie\u0148 modrej m\u00f4\u017ee prida\u0165 do v\u00e1\u0161ho vzh\u013eadu pokojn\u00fa a romantick\u00fa atmosf\u00e9ru.&nbsp;&nbsp;<\/p>\n\n\n\n<p>Ak si \u017eel\u00e1te prida\u0165 do v\u00e1\u0161ho outfitu jemn\u00fd dotyk nebeskomodrej farby, m\u00f4\u017eete si zvoli\u0165 doplnky, ako s\u00fa napr\u00edklad \u0161atky, \u0161perky, opasky alebo kabelky v tomto odtieni. Tieto doplnky dok\u00e1\u017eu skvele doplni\u0165 v\u00e1\u0161 outfit a prida\u0165 mu \u0161t\u00fdlov\u00fd a sofistikovan\u00fd n\u00e1dych. Nebesk\u00e1 modr\u00e1 farba je vesel\u00e1 a osvie\u017euj\u00faca vo\u013eba pre jarn\u00e9 outfity a dok\u00e1\u017ee prispie\u0165 k vytvoreniu \u013eahk\u00e9ho a romantick\u00e9ho vzh\u013eadu. Bu\u010fte kreat\u00edvni a experimentujte s touto kr\u00e1snou farbou po\u010das tejto jari! &nbsp;<\/p>\n\n\n\n<shortcode prop-category=\"D\u00e1msk\u00e9 kabelky\" prop-color=\"BLANKYTNE MODR\u00c1\" prop-load-num=\"12\" prop-display-num=\"4\" prop-view=\"slider\"><\/shortcode>        <div\r\n            class=\"eob-pf-shortcode\"\r\n            id=\"eobpf69f1e7bae95cf\"\r\n        >\r\n            <shortcode prop-category=\"D\u00e1msk\u00e9 kabelky\" prop-color=\"BLANKYTNE MODR\u00c1\" prop-load-num=\"12\" prop-display-num=\"4\" prop-view=\"slider\"><\/shortcode>        <\/div>\r\n\t\t<script>\r\n\t\t\tjQuery(document).ready(() => {\r\n\t\t\t    const root = document.getElementById('eobpf69f1e7bae95cf');\r\n                Vue.createApp({\r\n\t                components: {\r\n\t                    shortcode\r\n\t                }\r\n                }).mount(root);\r\n\t\t\t});\r\n\t\t<\/script>\r\n\t\t\r\n\t\t\n\n\n\n<p><\/p>\n\n\n\n<h2 class=\"wp-block-heading\">Pastelov\u00e1 \u013ealia \u00a0<\/h2>\n\n\n\n<p>Pastelov\u00e9 farby boli k\u013e\u00fa\u010dov\u00fdm prvkom jarn\u00fdch kolekci\u00ed roku 2024, ale najv\u00fdraznej\u0161\u00edm odtie\u0148om medzi nimi bol bohat\u00fd \u013ealiov\u00fd odtie\u0148. Pastelovo \u013ealiov\u00e1 farba je n\u00e1dhern\u00fdm doplnkom do jarn\u00fdch outfitov, ke\u010f\u017ee prin\u00e1\u0161a do v\u00e1\u0161ho vzh\u013eadu jemnos\u0165, \u017eenskos\u0165 a romantiku. Tento svetl\u00fd a pokojn\u00fd odtie\u0148 fialovej je ide\u00e1lny pre jarn\u00e9 dni a prid\u00e1va do v\u00e1\u0161ho \u0161t\u00fdlu \u0161mrnc.&nbsp;<\/p>\n\n\n\n<p>Ak si \u017eel\u00e1te prida\u0165 do v\u00e1\u0161ho outfitu subt\u00edlny dotyk pastelovo \u013ealiovej farby, m\u00f4\u017eete si zvoli\u0165 doplnky, ako s\u00fa n\u00e1ramky, n\u00e1hrdeln\u00edky, \u0161atky alebo kabelky v tomto odtieni. Tieto doplnky dok\u00e1\u017eu skvele doplni\u0165 v\u00e1\u0161 outfit a prida\u0165 mu jemn\u00fd a \u0161t\u00fdlov\u00fd n\u00e1dych. Pastelovo \u013ealiov\u00e1 farba je ide\u00e1lnou vo\u013ebou pre jarn\u00e9 outfity, ke\u010f\u017ee prin\u00e1\u0161a do v\u00e1\u0161ho \u0161t\u00fdlu \u013eahkos\u0165, jemnos\u0165 a romantiku. \u00a0<\/p>\n\n\n\n<shortcode prop-color=\"FIALOV\u00c1\" prop-manufacturer=\"Mexx\" prop-load-num=\"12\" prop-display-num=\"4\" prop-view=\"slider\"><\/shortcode>        <div\r\n            class=\"eob-pf-shortcode\"\r\n            id=\"eobpf69f1e7bae95fd\"\r\n        >\r\n            <shortcode prop-color=\"FIALOV\u00c1\" prop-manufacturer=\"Mexx\" prop-load-num=\"12\" prop-display-num=\"4\" prop-view=\"slider\"><\/shortcode>        <\/div>\r\n\t\t<script>\r\n\t\t\tjQuery(document).ready(() => {\r\n\t\t\t    const root = document.getElementById('eobpf69f1e7bae95fd');\r\n                Vue.createApp({\r\n\t                components: {\r\n\t                    shortcode\r\n\t                }\r\n                }).mount(root);\r\n\t\t\t});\r\n\t\t<\/script>\r\n\t\t\r\n\t\t\n\n\n\n<p><\/p>\n\n\n\n<h2 class=\"wp-block-heading\">Tekut\u00e9 zlato \u00a0<\/h2>\n\n\n\n<p>Zlato sa na jarn\u00fdch prehliadkach m\u00f3dy roku 2024 prejavilo v elegantnej\u0161ej podobe. Zlat\u00e1 farba je vynikaj\u00facou vo\u013ebou pre jarn\u00e9 outfity, ke\u010f\u017ee prid\u00e1va do v\u00e1\u0161ho vzh\u013eadu tepl\u00fd a luxusn\u00fd dotyk. Tento odtie\u0148 zlat\u00e9ho sa skvele hod\u00ed k jarn\u00fdm slne\u010dn\u00fdm d\u0148om a m\u00f4\u017ee va\u0161e outfity ozvl\u00e1\u0161tni\u0165 elegantn\u00fdm a sofistikovan\u00fdm sp\u00f4sobom. \u00a0<\/p>\n\n\n\n<p>Ak si \u017eel\u00e1te prida\u0165 do v\u00e1\u0161ho outfitu subt\u00edlny dotyk zlatej farby, m\u00f4\u017eete si zvoli\u0165 doplnky, ako s\u00fa n\u00e1ramky, n\u00e1hrdeln\u00edky, opasky alebo kabelky v tomto odtieni. Tieto doplnky dok\u00e1\u017eu skvele doplni\u0165 v\u00e1\u0161 outfit a prida\u0165 mu luxusn\u00fd a elegantn\u00fd n\u00e1dych. Zlat\u00e1 farba je vynikaj\u00facou vo\u013ebou pre jarn\u00e9 outfity, ke\u010f\u017ee prid\u00e1va do v\u00e1\u0161ho \u0161t\u00fdlu tepl\u00fd a luxusn\u00fd dotyk. \u00a0<\/p>\n\n\n\n<shortcode prop-color=\"ZLAT\u00c1\" prop-manufacturer=\"EVA MINGE\" prop-load-num=\"12\" prop-display-num=\"4\" prop-view=\"slider\"><\/shortcode>        <div\r\n            class=\"eob-pf-shortcode\"\r\n            id=\"eobpf69f1e7bae9626\"\r\n        >\r\n            <shortcode prop-color=\"ZLAT\u00c1\" prop-manufacturer=\"EVA MINGE\" prop-load-num=\"12\" prop-display-num=\"4\" prop-view=\"slider\"><\/shortcode>        <\/div>\r\n\t\t<script>\r\n\t\t\tjQuery(document).ready(() => {\r\n\t\t\t    const root = document.getElementById('eobpf69f1e7bae9626');\r\n                Vue.createApp({\r\n\t                components: {\r\n\t                    shortcode\r\n\t                }\r\n                }).mount(root);\r\n\t\t\t});\r\n\t\t<\/script>\r\n\t\t\r\n\t\t\n\n\n\n<p><\/p>\n\n\n\n<p><strong>\u010eal\u0161ie trendy odtiene farieb, ktor\u00e9 predpoklad\u00e1me na rok 2024 s\u00fa: <\/strong>\u00a0<\/p>\n\n\n\n<p><em>Zemit\u00e9 odtiene s n\u00e1dychom moderny:<\/em> Hned\u00e9, hnedozelen\u00e9 a tepl\u00e9 odtiene hnedej bud\u00fa v m\u00f3de. Tieto farby sp\u00e1jaj\u00fa pr\u00edrodn\u00fd pocit s modernou eleganciou.&nbsp;<\/p>\n\n\n\n<p><em>Pastelov\u00e9 odtiene s v\u00fdrazn\u00fdm kontrastom:<\/em> Sladk\u00e9 pastelov\u00e9 farby ako m\u00e4ta, ru\u017eov\u00e1 a svetl\u00e1 modr\u00e1 farba bud\u00fa sprev\u00e1dzan\u00e9 v\u00fdrazn\u00fdmi kontrastmi, \u010d\u00edm vytvoria zauj\u00edmav\u00e9 a \u017eiv\u00e9 kombin\u00e1cie.&nbsp;<\/p>\n\n\n\n<p><em>Ne\u00f3ny: <\/em>Ne\u00f3nov\u00e9 odtiene ako ne\u00f3nov\u00e1 oran\u017eov\u00e1, zelen\u00e1 alebo ru\u017eov\u00e1 farba dodaj\u00fa outfitom z\u00e1bavn\u00fd a energick\u00fd \u0161t\u00fdl.&nbsp;<\/p>\n\n\n\n<p><em>Metalick\u00e9 akcenty:<\/em> Leskl\u00e9 a metalick\u00e9 farby ako striebro, zlato a bronz dod\u00e1vaj\u00fa m\u00f3dnym doplnkom luxusn\u00fd a sofistikovan\u00fd vzh\u013ead.&nbsp;<\/p>\n\n\n\n<p><em>Pr\u00edrodn\u00e9 odtiene<\/em>: Odtiene ako jemn\u00e1 olivov\u00e1, jant\u00e1rov\u00e1 farba bud\u00fa odr\u00e1\u017ea\u0165 t\u00fa\u017ebu po pokoji a harm\u00f3nii s pr\u00edrodou.\u00a0<\/p>\n\n\n\n<p><em>Farebn\u00e9 bloky a geometrick\u00e9 vzory: <\/em>Kombin\u00e1cie farebn\u00fdch blokov a geometrick\u00e9 vzory bud\u00fa dominova\u0165 v dizajne oble\u010denia, \u010d\u00edm vytvoria modern\u00e9 a grafick\u00e9 v\u00fdzvy.\u00a0<\/p>\n\n\n\n<figure class=\"wp-block-embed\"><div class=\"wp-block-embed__wrapper\">\n    <blockquote class=\"instagram-media\" data-instgrm-permalink=\"https:\/\/www.instagram.com\/p\/C42WqN3Ntrs\/\" data-instgrm-version=\"12\"\n                style=\" background:#FFF; border:0; border-radius:3px; box-shadow:0 0 1px 0 rgba(0,0,0,0.5),0 1px 10px 0 rgba(0,0,0,0.15); margin: 1px; max-width:540px; min-width:326px; padding:0; width:99.375%; width:-webkit-calc(100% - 2px); width:calc(100% - 2px);\">\n        <div style=\"padding:16px;\"><a href=\"https:\/\/www.instagram.com\/p\/C42WqN3Ntrs\/\"\n                                      style=\" background:#FFFFFF; line-height:0; padding:0 0; text-align:center; text-decoration:none; width:100%;\"\n                                      target=\"_blank\">\n                <div style=\" display: flex; flex-direction: row; align-items: center;\">\n                    <div\n                        style=\"background-color: #F4F4F4; border-radius: 50%; flex-grow: 0; height: 40px; margin-right: 14px; width: 40px;\"><\/div>\n                    <div style=\"display: flex; flex-direction: column; flex-grow: 1; justify-content: center;\">\n                        <div\n                            style=\" background-color: #F4F4F4; border-radius: 4px; flex-grow: 0; height: 14px; margin-bottom: 6px; width: 100px;\"><\/div>\n                        <div\n                            style=\" background-color: #F4F4F4; border-radius: 4px; flex-grow: 0; height: 14px; width: 60px;\"><\/div>\n                    <\/div>\n                <\/div>\n                <div style=\"padding: 19% 0;\"><\/div>\n                <div style=\"display:block; height:50px; margin:0 auto 12px; width:50px;\">\n                    <svg width=\"50px\" height=\"50px\" viewBox=\"0 0 60 60\" version=\"1.1\"\n                         xmlns=\"https:\/\/www.w3.org\/2000\/svg\">\n                        <g stroke=\"none\" stroke-width=\"1\" fill=\"none\" fill-rule=\"evenodd\">\n                            <g transform=\"translate(-511.000000, -20.000000)\" fill=\"#000000\">\n                                <g>\n                                    <path\n                                        d=\"M556.869,30.41 C554.814,30.41 553.148,32.076 553.148,34.131 C553.148,36.186 554.814,37.852 556.869,37.852 C558.924,37.852 560.59,36.186 560.59,34.131 C560.59,32.076 558.924,30.41 556.869,30.41 M541,60.657 C535.114,60.657 530.342,55.887 530.342,50 C530.342,44.114 535.114,39.342 541,39.342 C546.887,39.342 551.658,44.114 551.658,50 C551.658,55.887 546.887,60.657 541,60.657 M541,33.886 C532.1,33.886 524.886,41.1 524.886,50 C524.886,58.899 532.1,66.113 541,66.113 C549.9,66.113 557.115,58.899 557.115,50 C557.115,41.1 549.9,33.886 541,33.886 M565.378,62.101 C565.244,65.022 564.756,66.606 564.346,67.663 C563.803,69.06 563.154,70.057 562.106,71.106 C561.058,72.155 560.06,72.803 558.662,73.347 C557.607,73.757 556.021,74.244 553.102,74.378 C549.944,74.521 548.997,74.552 541,74.552 C533.003,74.552 532.056,74.521 528.898,74.378 C525.979,74.244 524.393,73.757 523.338,73.347 C521.94,72.803 520.942,72.155 519.894,71.106 C518.846,70.057 518.197,69.06 517.654,67.663 C517.244,66.606 516.755,65.022 516.623,62.101 C516.479,58.943 516.448,57.996 516.448,50 C516.448,42.003 516.479,41.056 516.623,37.899 C516.755,34.978 517.244,33.391 517.654,32.338 C518.197,30.938 518.846,29.942 519.894,28.894 C520.942,27.846 521.94,27.196 523.338,26.654 C524.393,26.244 525.979,25.756 528.898,25.623 C532.057,25.479 533.004,25.448 541,25.448 C548.997,25.448 549.943,25.479 553.102,25.623 C556.021,25.756 557.607,26.244 558.662,26.654 C560.06,27.196 561.058,27.846 562.106,28.894 C563.154,29.942 563.803,30.938 564.346,32.338 C564.756,33.391 565.244,34.978 565.378,37.899 C565.522,41.056 565.552,42.003 565.552,50 C565.552,57.996 565.522,58.943 565.378,62.101 M570.82,37.631 C570.674,34.438 570.167,32.258 569.425,30.349 C568.659,28.377 567.633,26.702 565.965,25.035 C564.297,23.368 562.623,22.342 560.652,21.575 C558.743,20.834 556.562,20.326 553.369,20.18 C550.169,20.033 549.148,20 541,20 C532.853,20 531.831,20.033 528.631,20.18 C525.438,20.326 523.257,20.834 521.349,21.575 C519.376,22.342 517.703,23.368 516.035,25.035 C514.368,26.702 513.342,28.377 512.574,30.349 C511.834,32.258 511.326,34.438 511.181,37.631 C511.035,40.831 511,41.851 511,50 C511,58.147 511.035,59.17 511.181,62.369 C511.326,65.562 511.834,67.743 512.574,69.651 C513.342,71.625 514.368,73.296 516.035,74.965 C517.703,76.634 519.376,77.658 521.349,78.425 C523.257,79.167 525.438,79.673 528.631,79.82 C531.831,79.965 532.853,80.001 541,80.001 C549.148,80.001 550.169,79.965 553.369,79.82 C556.562,79.673 558.743,79.167 560.652,78.425 C562.623,77.658 564.297,76.634 565.965,74.965 C567.633,73.296 568.659,71.625 569.425,69.651 C570.167,67.743 570.674,65.562 570.82,62.369 C570.966,59.17 571,58.147 571,50 C571,41.851 570.966,40.831 570.82,37.631\"><\/path>\n                                <\/g>\n                            <\/g>\n                        <\/g>\n                    <\/svg>\n                <\/div>\n                <div style=\"padding: 12.5% 0;\"><\/div>\n                <div style=\"display: flex; flex-direction: row; margin-bottom: 14px; align-items: center;\">\n                    <div>\n                        <div\n                            style=\"background-color: #F4F4F4; border-radius: 50%; height: 12.5px; width: 12.5px; transform: translateX(0px) translateY(7px);\"><\/div>\n                        <div\n                            style=\"background-color: #F4F4F4; height: 12.5px; transform: rotate(-45deg) translateX(3px) translateY(1px); width: 12.5px; flex-grow: 0; margin-right: 14px; margin-left: 2px;\"><\/div>\n                        <div\n                            style=\"background-color: #F4F4F4; border-radius: 50%; height: 12.5px; width: 12.5px; transform: translateX(9px) translateY(-18px);\"><\/div>\n                    <\/div>\n                    <div style=\"margin-left: 8px;\">\n                        <div\n                            style=\" background-color: #F4F4F4; border-radius: 50%; flex-grow: 0; height: 20px; width: 20px;\"><\/div>\n                        <div\n                            style=\" width: 0; height: 0; border-top: 2px solid transparent; border-left: 6px solid #f4f4f4; border-bottom: 2px solid transparent; transform: translateX(16px) translateY(-4px) rotate(30deg)\"><\/div>\n                    <\/div>\n                    <div style=\"margin-left: auto;\">\n                        <div\n                            style=\" width: 0; border-top: 8px solid #F4F4F4; border-right: 8px solid transparent; transform: translateY(16px);\"><\/div>\n                        <div\n                            style=\" background-color: #F4F4F4; flex-grow: 0; height: 12px; width: 16px; transform: translateY(-4px);\"><\/div>\n                        <div\n                            style=\" width: 0; height: 0; border-top: 8px solid #F4F4F4; border-left: 8px solid transparent; transform: translateY(-4px) translateX(8px);\"><\/div>\n                    <\/div>\n                <\/div>\n                <div\n                    style=\"display: flex; flex-direction: column; flex-grow: 1; justify-content: center; margin-bottom: 24px;\">\n                    <div\n                        style=\" background-color: #F4F4F4; border-radius: 4px; flex-grow: 0; height: 14px; margin-bottom: 6px; width: 224px;\"><\/div>\n                    <div\n                        style=\" background-color: #F4F4F4; border-radius: 4px; flex-grow: 0; height: 14px; width: 144px;\"><\/div>\n                <\/div>\n            <\/a><\/div>\n    <\/blockquote>\n    <script async=\"\" src=\"\/\/www.instagram.com\/embed.js\"><\/script>\n\n    \n<\/div><\/figure>\n","protected":false},"excerpt":{"rendered":"<p>Jar 2024 je pln\u00e1 jasn\u00fdch farieb a osvie\u017euj\u00facich kombin\u00e1ci\u00ed, ktor\u00e9 n\u00e1m prin\u00e1\u0161aj\u00fa nov\u00fd dych do m\u00f3dy. Pastelov\u00e9 odtiene sa mie\u0161aj\u00fa s odv\u00e1\u017enymi farebn\u00fdmi akcentami, vytv\u00e1raj\u00fac dynamick\u00fd a \u017eiv\u00fd vzh\u013ead. Kvety a pr\u00edrodn\u00e9 vzory s\u00fa st\u00e1le v m\u00f3de, no tento rok sa vyzna\u010duj\u00fa netradi\u010dn\u00fdmi kombin\u00e1ciami a modern\u00fdm pr\u00edstupom. Nechajte sa in\u0161pirova\u0165 svetom jarn\u00fdch farebn\u00fdch trendov a [&hellip;]<\/p>\n","protected":false},"author":9,"featured_media":7982,"comment_status":"open","ping_status":"open","sticky":false,"template":"","format":"standard","meta":{"_acf_changed":false,"footnotes":""},"categories":[6],"tags":[798,975,824,574,659],"class_list":["post-7979","post","type-post","status-publish","format-standard","has-post-thumbnail","hentry","category-trendy","tag-farby","tag-farebne-trendy","tag-jar","tag-kabelky","tag-topanky"],"acf":[],"yoast_head":"<!-- This site is optimized with the Yoast SEO plugin v26.9 - https:\/\/yoast.com\/product\/yoast-seo-wordpress\/ -->\n<title>Ak\u00e9 farebn\u00e9 trendy budeme nosi\u0165 t\u00fato jar? \u00a0 - blog.ccc.eu\/sk<\/title>\n<meta name=\"description\" content=\"Nechajte sa in\u0161pirova\u0165 svetom jarn\u00fdch farebn\u00fdch trendov a dajte svojmu \u0161atn\u00edku nov\u00fa energiu a \u0161t\u00fdl! \ud83d\ude0d\ud83d\udc96\ud83c\udf1e\u00a0 2026\" \/>\n<meta name=\"robots\" content=\"index, follow, max-snippet:-1, max-image-preview:large, max-video-preview:-1\" \/>\n<link rel=\"canonical\" href=\"https:\/\/blog.ccc.eu\/sk\/ake-farebne-trendy-budeme-nosit-tuto-jar\/\" \/>\n<meta property=\"og:locale\" content=\"sk_SK\" \/>\n<meta property=\"og:type\" content=\"article\" \/>\n<meta property=\"og:title\" content=\"Ak\u00e9 farebn\u00e9 trendy budeme nosi\u0165 t\u00fato jar? \u00a0 - blog.ccc.eu\/sk\" \/>\n<meta property=\"og:description\" content=\"Nechajte sa in\u0161pirova\u0165 svetom jarn\u00fdch farebn\u00fdch trendov a dajte svojmu \u0161atn\u00edku nov\u00fa energiu a \u0161t\u00fdl! \ud83d\ude0d\ud83d\udc96\ud83c\udf1e\u00a0\" \/>\n<meta property=\"og:url\" content=\"https:\/\/blog.ccc.eu\/sk\/ake-farebne-trendy-budeme-nosit-tuto-jar\/\" \/>\n<meta property=\"og:site_name\" content=\"blog.ccc.eu\/sk\" \/>\n<meta property=\"article:published_time\" content=\"2024-03-27T08:13:00+00:00\" \/>\n<meta property=\"og:image\" content=\"https:\/\/blog.ccc.eu\/sk\/wp-content\/uploads\/2024\/03\/221220_Jenny_Fairy1489.jpg\" \/>\n\t<meta property=\"og:image:width\" content=\"1024\" \/>\n\t<meta property=\"og:image:height\" content=\"683\" \/>\n\t<meta property=\"og:image:type\" content=\"image\/jpeg\" \/>\n<meta name=\"author\" content=\"Lena\" \/>\n<meta name=\"twitter:card\" content=\"summary_large_image\" \/>\n<meta name=\"twitter:label1\" content=\"Autor\" \/>\n\t<meta name=\"twitter:data1\" content=\"Lena\" \/>\n\t<meta name=\"twitter:label2\" content=\"Predpokladan\u00fd \u010das \u010d\u00edtania\" \/>\n\t<meta name=\"twitter:data2\" content=\"5 min\u00fat\" \/>\n<script type=\"application\/ld+json\" class=\"yoast-schema-graph\">{\"@context\":\"https:\/\/schema.org\",\"@graph\":[{\"@type\":\"Article\",\"@id\":\"https:\/\/blog.ccc.eu\/sk\/ake-farebne-trendy-budeme-nosit-tuto-jar\/#article\",\"isPartOf\":{\"@id\":\"https:\/\/blog.ccc.eu\/sk\/ake-farebne-trendy-budeme-nosit-tuto-jar\/\"},\"author\":{\"name\":\"Lena\",\"@id\":\"https:\/\/blog.ccc.eu\/sk\/#\/schema\/person\/3fe23f84d7cc2af51f6f5ff134b1fcc1\"},\"headline\":\"Ak\u00e9 farebn\u00e9 trendy budeme nosi\u0165 t\u00fato jar? \u00a0\",\"datePublished\":\"2024-03-27T08:13:00+00:00\",\"mainEntityOfPage\":{\"@id\":\"https:\/\/blog.ccc.eu\/sk\/ake-farebne-trendy-budeme-nosit-tuto-jar\/\"},\"wordCount\":1093,\"commentCount\":0,\"publisher\":{\"@id\":\"https:\/\/blog.ccc.eu\/sk\/#organization\"},\"image\":{\"@id\":\"https:\/\/blog.ccc.eu\/sk\/ake-farebne-trendy-budeme-nosit-tuto-jar\/#primaryimage\"},\"thumbnailUrl\":\"https:\/\/blog.ccc.eu\/sk\/wp-content\/uploads\/2024\/03\/221220_Jenny_Fairy1489.jpg\",\"keywords\":[\"farby\",\"farebn\u00e9 trendy\",\"jar\",\"kabelky\",\"top\u00e1nky\"],\"articleSection\":[\"trendy\"],\"inLanguage\":\"sk-SK\",\"potentialAction\":[{\"@type\":\"CommentAction\",\"name\":\"Comment\",\"target\":[\"https:\/\/blog.ccc.eu\/sk\/ake-farebne-trendy-budeme-nosit-tuto-jar\/#respond\"]}]},{\"@type\":\"WebPage\",\"@id\":\"https:\/\/blog.ccc.eu\/sk\/ake-farebne-trendy-budeme-nosit-tuto-jar\/\",\"url\":\"https:\/\/blog.ccc.eu\/sk\/ake-farebne-trendy-budeme-nosit-tuto-jar\/\",\"name\":\"Ak\u00e9 farebn\u00e9 trendy budeme nosi\u0165 t\u00fato jar? \u00a0 - blog.ccc.eu\/sk\",\"isPartOf\":{\"@id\":\"https:\/\/blog.ccc.eu\/sk\/#website\"},\"primaryImageOfPage\":{\"@id\":\"https:\/\/blog.ccc.eu\/sk\/ake-farebne-trendy-budeme-nosit-tuto-jar\/#primaryimage\"},\"image\":{\"@id\":\"https:\/\/blog.ccc.eu\/sk\/ake-farebne-trendy-budeme-nosit-tuto-jar\/#primaryimage\"},\"thumbnailUrl\":\"https:\/\/blog.ccc.eu\/sk\/wp-content\/uploads\/2024\/03\/221220_Jenny_Fairy1489.jpg\",\"datePublished\":\"2024-03-27T08:13:00+00:00\",\"description\":\"Nechajte sa in\u0161pirova\u0165 svetom jarn\u00fdch farebn\u00fdch trendov a dajte svojmu \u0161atn\u00edku nov\u00fa energiu a \u0161t\u00fdl! \ud83d\ude0d\ud83d\udc96\ud83c\udf1e\u00a0\",\"breadcrumb\":{\"@id\":\"https:\/\/blog.ccc.eu\/sk\/ake-farebne-trendy-budeme-nosit-tuto-jar\/#breadcrumb\"},\"inLanguage\":\"sk-SK\",\"potentialAction\":[{\"@type\":\"ReadAction\",\"target\":[\"https:\/\/blog.ccc.eu\/sk\/ake-farebne-trendy-budeme-nosit-tuto-jar\/\"]}]},{\"@type\":\"ImageObject\",\"inLanguage\":\"sk-SK\",\"@id\":\"https:\/\/blog.ccc.eu\/sk\/ake-farebne-trendy-budeme-nosit-tuto-jar\/#primaryimage\",\"url\":\"https:\/\/blog.ccc.eu\/sk\/wp-content\/uploads\/2024\/03\/221220_Jenny_Fairy1489.jpg\",\"contentUrl\":\"https:\/\/blog.ccc.eu\/sk\/wp-content\/uploads\/2024\/03\/221220_Jenny_Fairy1489.jpg\",\"width\":8256,\"height\":5504,\"caption\":\"\u010dierne mokas\u00edny\"},{\"@type\":\"BreadcrumbList\",\"@id\":\"https:\/\/blog.ccc.eu\/sk\/ake-farebne-trendy-budeme-nosit-tuto-jar\/#breadcrumb\",\"itemListElement\":[{\"@type\":\"ListItem\",\"position\":1,\"name\":\"Strona g\u0142\u00f3wna\",\"item\":\"https:\/\/blog.ccc.eu\/sk\/\"},{\"@type\":\"ListItem\",\"position\":2,\"name\":\"Ak\u00e9 farebn\u00e9 trendy budeme nosi\u0165 t\u00fato jar? \u00a0\"}]},{\"@type\":\"WebSite\",\"@id\":\"https:\/\/blog.ccc.eu\/sk\/#website\",\"url\":\"https:\/\/blog.ccc.eu\/sk\/\",\"name\":\"blog.ccc.eu\/sk\",\"description\":\"Va\u0161e miesto pln\u00e9 m\u00f3dnych in\u0161pir\u00e1ci\u00ed\",\"publisher\":{\"@id\":\"https:\/\/blog.ccc.eu\/sk\/#organization\"},\"potentialAction\":[{\"@type\":\"SearchAction\",\"target\":{\"@type\":\"EntryPoint\",\"urlTemplate\":\"https:\/\/blog.ccc.eu\/sk\/?s={search_term_string}\"},\"query-input\":{\"@type\":\"PropertyValueSpecification\",\"valueRequired\":true,\"valueName\":\"search_term_string\"}}],\"inLanguage\":\"sk-SK\"},{\"@type\":\"Organization\",\"@id\":\"https:\/\/blog.ccc.eu\/sk\/#organization\",\"name\":\"CCC S.A.\",\"url\":\"https:\/\/blog.ccc.eu\/sk\/\",\"logo\":{\"@type\":\"ImageObject\",\"inLanguage\":\"sk-SK\",\"@id\":\"https:\/\/blog.ccc.eu\/sk\/#\/schema\/logo\/image\/\",\"url\":\"https:\/\/blog.ccc.eu\/sk\/wp-content\/uploads\/2021\/11\/logo_ccc.png\",\"contentUrl\":\"https:\/\/blog.ccc.eu\/sk\/wp-content\/uploads\/2021\/11\/logo_ccc.png\",\"width\":730,\"height\":270,\"caption\":\"CCC S.A.\"},\"image\":{\"@id\":\"https:\/\/blog.ccc.eu\/sk\/#\/schema\/logo\/image\/\"}},{\"@type\":\"Person\",\"@id\":\"https:\/\/blog.ccc.eu\/sk\/#\/schema\/person\/3fe23f84d7cc2af51f6f5ff134b1fcc1\",\"name\":\"Lena\",\"image\":{\"@type\":\"ImageObject\",\"inLanguage\":\"sk-SK\",\"@id\":\"https:\/\/blog.ccc.eu\/sk\/#\/schema\/person\/image\/\",\"url\":\"https:\/\/blog.ccc.eu\/sk\/wp-content\/uploads\/2022\/06\/MicrosoftTeams-image-2-100x100.jpg\",\"contentUrl\":\"https:\/\/blog.ccc.eu\/sk\/wp-content\/uploads\/2022\/06\/MicrosoftTeams-image-2-100x100.jpg\",\"caption\":\"Lena\"},\"description\":\"Absolventka digit\u00e1lneho marketingu so sk\u00fasenos\u0165ami s content marketingom a (ve\u013emi prekvapivo) copywritingom. Vo vo\u013enom \u010dase rada nos\u00ed platformy a sna\u017e\u00ed sa n\u00e1kupy vo fast-fashion re\u0165azcoch vyva\u017eova\u0165 t\u00fdmi sek\u00e1\u010dov\u00fdmi a swapov\u00fdmi.\",\"url\":\"https:\/\/blog.ccc.eu\/sk\/author\/paulina-jarmul\/\"}]}<\/script>\n<!-- \/ Yoast SEO plugin. -->","yoast_head_json":{"title":"Ak\u00e9 farebn\u00e9 trendy budeme nosi\u0165 t\u00fato jar? \u00a0 - blog.ccc.eu\/sk","description":"Nechajte sa in\u0161pirova\u0165 svetom jarn\u00fdch farebn\u00fdch trendov a dajte svojmu \u0161atn\u00edku nov\u00fa energiu a \u0161t\u00fdl! \ud83d\ude0d\ud83d\udc96\ud83c\udf1e\u00a0 2026","robots":{"index":"index","follow":"follow","max-snippet":"max-snippet:-1","max-image-preview":"max-image-preview:large","max-video-preview":"max-video-preview:-1"},"canonical":"https:\/\/blog.ccc.eu\/sk\/ake-farebne-trendy-budeme-nosit-tuto-jar\/","og_locale":"sk_SK","og_type":"article","og_title":"Ak\u00e9 farebn\u00e9 trendy budeme nosi\u0165 t\u00fato jar? \u00a0 - blog.ccc.eu\/sk","og_description":"Nechajte sa in\u0161pirova\u0165 svetom jarn\u00fdch farebn\u00fdch trendov a dajte svojmu \u0161atn\u00edku nov\u00fa energiu a \u0161t\u00fdl! \ud83d\ude0d\ud83d\udc96\ud83c\udf1e\u00a0","og_url":"https:\/\/blog.ccc.eu\/sk\/ake-farebne-trendy-budeme-nosit-tuto-jar\/","og_site_name":"blog.ccc.eu\/sk","article_published_time":"2024-03-27T08:13:00+00:00","og_image":[{"url":"https:\/\/blog.ccc.eu\/sk\/wp-content\/uploads\/2024\/03\/221220_Jenny_Fairy1489.jpg","width":1024,"height":683,"type":"image\/jpeg"}],"author":"Lena","twitter_card":"summary_large_image","twitter_misc":{"Autor":"Lena","Predpokladan\u00fd \u010das \u010d\u00edtania":"5 min\u00fat"},"schema":{"@context":"https:\/\/schema.org","@graph":[{"@type":"Article","@id":"https:\/\/blog.ccc.eu\/sk\/ake-farebne-trendy-budeme-nosit-tuto-jar\/#article","isPartOf":{"@id":"https:\/\/blog.ccc.eu\/sk\/ake-farebne-trendy-budeme-nosit-tuto-jar\/"},"author":{"name":"Lena","@id":"https:\/\/blog.ccc.eu\/sk\/#\/schema\/person\/3fe23f84d7cc2af51f6f5ff134b1fcc1"},"headline":"Ak\u00e9 farebn\u00e9 trendy budeme nosi\u0165 t\u00fato jar? \u00a0","datePublished":"2024-03-27T08:13:00+00:00","mainEntityOfPage":{"@id":"https:\/\/blog.ccc.eu\/sk\/ake-farebne-trendy-budeme-nosit-tuto-jar\/"},"wordCount":1093,"commentCount":0,"publisher":{"@id":"https:\/\/blog.ccc.eu\/sk\/#organization"},"image":{"@id":"https:\/\/blog.ccc.eu\/sk\/ake-farebne-trendy-budeme-nosit-tuto-jar\/#primaryimage"},"thumbnailUrl":"https:\/\/blog.ccc.eu\/sk\/wp-content\/uploads\/2024\/03\/221220_Jenny_Fairy1489.jpg","keywords":["farby","farebn\u00e9 trendy","jar","kabelky","top\u00e1nky"],"articleSection":["trendy"],"inLanguage":"sk-SK","potentialAction":[{"@type":"CommentAction","name":"Comment","target":["https:\/\/blog.ccc.eu\/sk\/ake-farebne-trendy-budeme-nosit-tuto-jar\/#respond"]}]},{"@type":"WebPage","@id":"https:\/\/blog.ccc.eu\/sk\/ake-farebne-trendy-budeme-nosit-tuto-jar\/","url":"https:\/\/blog.ccc.eu\/sk\/ake-farebne-trendy-budeme-nosit-tuto-jar\/","name":"Ak\u00e9 farebn\u00e9 trendy budeme nosi\u0165 t\u00fato jar? \u00a0 - blog.ccc.eu\/sk","isPartOf":{"@id":"https:\/\/blog.ccc.eu\/sk\/#website"},"primaryImageOfPage":{"@id":"https:\/\/blog.ccc.eu\/sk\/ake-farebne-trendy-budeme-nosit-tuto-jar\/#primaryimage"},"image":{"@id":"https:\/\/blog.ccc.eu\/sk\/ake-farebne-trendy-budeme-nosit-tuto-jar\/#primaryimage"},"thumbnailUrl":"https:\/\/blog.ccc.eu\/sk\/wp-content\/uploads\/2024\/03\/221220_Jenny_Fairy1489.jpg","datePublished":"2024-03-27T08:13:00+00:00","description":"Nechajte sa in\u0161pirova\u0165 svetom jarn\u00fdch farebn\u00fdch trendov a dajte svojmu \u0161atn\u00edku nov\u00fa energiu a \u0161t\u00fdl! \ud83d\ude0d\ud83d\udc96\ud83c\udf1e\u00a0","breadcrumb":{"@id":"https:\/\/blog.ccc.eu\/sk\/ake-farebne-trendy-budeme-nosit-tuto-jar\/#breadcrumb"},"inLanguage":"sk-SK","potentialAction":[{"@type":"ReadAction","target":["https:\/\/blog.ccc.eu\/sk\/ake-farebne-trendy-budeme-nosit-tuto-jar\/"]}]},{"@type":"ImageObject","inLanguage":"sk-SK","@id":"https:\/\/blog.ccc.eu\/sk\/ake-farebne-trendy-budeme-nosit-tuto-jar\/#primaryimage","url":"https:\/\/blog.ccc.eu\/sk\/wp-content\/uploads\/2024\/03\/221220_Jenny_Fairy1489.jpg","contentUrl":"https:\/\/blog.ccc.eu\/sk\/wp-content\/uploads\/2024\/03\/221220_Jenny_Fairy1489.jpg","width":8256,"height":5504,"caption":"\u010dierne mokas\u00edny"},{"@type":"BreadcrumbList","@id":"https:\/\/blog.ccc.eu\/sk\/ake-farebne-trendy-budeme-nosit-tuto-jar\/#breadcrumb","itemListElement":[{"@type":"ListItem","position":1,"name":"Strona g\u0142\u00f3wna","item":"https:\/\/blog.ccc.eu\/sk\/"},{"@type":"ListItem","position":2,"name":"Ak\u00e9 farebn\u00e9 trendy budeme nosi\u0165 t\u00fato jar? \u00a0"}]},{"@type":"WebSite","@id":"https:\/\/blog.ccc.eu\/sk\/#website","url":"https:\/\/blog.ccc.eu\/sk\/","name":"blog.ccc.eu\/sk","description":"Va\u0161e miesto pln\u00e9 m\u00f3dnych in\u0161pir\u00e1ci\u00ed","publisher":{"@id":"https:\/\/blog.ccc.eu\/sk\/#organization"},"potentialAction":[{"@type":"SearchAction","target":{"@type":"EntryPoint","urlTemplate":"https:\/\/blog.ccc.eu\/sk\/?s={search_term_string}"},"query-input":{"@type":"PropertyValueSpecification","valueRequired":true,"valueName":"search_term_string"}}],"inLanguage":"sk-SK"},{"@type":"Organization","@id":"https:\/\/blog.ccc.eu\/sk\/#organization","name":"CCC S.A.","url":"https:\/\/blog.ccc.eu\/sk\/","logo":{"@type":"ImageObject","inLanguage":"sk-SK","@id":"https:\/\/blog.ccc.eu\/sk\/#\/schema\/logo\/image\/","url":"https:\/\/blog.ccc.eu\/sk\/wp-content\/uploads\/2021\/11\/logo_ccc.png","contentUrl":"https:\/\/blog.ccc.eu\/sk\/wp-content\/uploads\/2021\/11\/logo_ccc.png","width":730,"height":270,"caption":"CCC S.A."},"image":{"@id":"https:\/\/blog.ccc.eu\/sk\/#\/schema\/logo\/image\/"}},{"@type":"Person","@id":"https:\/\/blog.ccc.eu\/sk\/#\/schema\/person\/3fe23f84d7cc2af51f6f5ff134b1fcc1","name":"Lena","image":{"@type":"ImageObject","inLanguage":"sk-SK","@id":"https:\/\/blog.ccc.eu\/sk\/#\/schema\/person\/image\/","url":"https:\/\/blog.ccc.eu\/sk\/wp-content\/uploads\/2022\/06\/MicrosoftTeams-image-2-100x100.jpg","contentUrl":"https:\/\/blog.ccc.eu\/sk\/wp-content\/uploads\/2022\/06\/MicrosoftTeams-image-2-100x100.jpg","caption":"Lena"},"description":"Absolventka digit\u00e1lneho marketingu so sk\u00fasenos\u0165ami s content marketingom a (ve\u013emi prekvapivo) copywritingom. Vo vo\u013enom \u010dase rada nos\u00ed platformy a sna\u017e\u00ed sa n\u00e1kupy vo fast-fashion re\u0165azcoch vyva\u017eova\u0165 t\u00fdmi sek\u00e1\u010dov\u00fdmi a swapov\u00fdmi.","url":"https:\/\/blog.ccc.eu\/sk\/author\/paulina-jarmul\/"}]}},"_links":{"self":[{"href":"https:\/\/blog.ccc.eu\/sk\/wp-json\/wp\/v2\/posts\/7979","targetHints":{"allow":["GET"]}}],"collection":[{"href":"https:\/\/blog.ccc.eu\/sk\/wp-json\/wp\/v2\/posts"}],"about":[{"href":"https:\/\/blog.ccc.eu\/sk\/wp-json\/wp\/v2\/types\/post"}],"author":[{"embeddable":true,"href":"https:\/\/blog.ccc.eu\/sk\/wp-json\/wp\/v2\/users\/9"}],"replies":[{"embeddable":true,"href":"https:\/\/blog.ccc.eu\/sk\/wp-json\/wp\/v2\/comments?post=7979"}],"version-history":[{"count":4,"href":"https:\/\/blog.ccc.eu\/sk\/wp-json\/wp\/v2\/posts\/7979\/revisions"}],"predecessor-version":[{"id":7993,"href":"https:\/\/blog.ccc.eu\/sk\/wp-json\/wp\/v2\/posts\/7979\/revisions\/7993"}],"wp:featuredmedia":[{"embeddable":true,"href":"https:\/\/blog.ccc.eu\/sk\/wp-json\/wp\/v2\/media\/7982"}],"wp:attachment":[{"href":"https:\/\/blog.ccc.eu\/sk\/wp-json\/wp\/v2\/media?parent=7979"}],"wp:term":[{"taxonomy":"category","embeddable":true,"href":"https:\/\/blog.ccc.eu\/sk\/wp-json\/wp\/v2\/categories?post=7979"},{"taxonomy":"post_tag","embeddable":true,"href":"https:\/\/blog.ccc.eu\/sk\/wp-json\/wp\/v2\/tags?post=7979"}],"curies":[{"name":"wp","href":"https:\/\/api.w.org\/{rel}","templated":true}]}}