{"id":8458,"date":"2024-06-10T14:47:18","date_gmt":"2024-06-10T12:47:18","guid":{"rendered":"https:\/\/blog.ccc.eu\/sk\/?p=8458"},"modified":"2024-07-24T17:14:36","modified_gmt":"2024-07-24T15:14:36","slug":"chystate-sa-na-hudobny-festival-je-jedno-co-si-obleciete-dolezita-je-obuv","status":"publish","type":"post","link":"https:\/\/blog.ccc.eu\/sk\/chystate-sa-na-hudobny-festival-je-jedno-co-si-obleciete-dolezita-je-obuv\/","title":{"rendered":"Chyst\u00e1te sa na hudobn\u00fd festival? Je jedno, \u010do si oble\u010diete, d\u00f4le\u017eit\u00e1 je obuv\u00a0"},"content":{"rendered":"\n<p><\/p>\n\n\n\n<p><em>Povedzme si to \u201cz mosta do prosta,\u201d festivalov\u00e9 outfity s\u00fa kr\u00e1sne, n\u00e1dhern\u00e9, d\u00e1my zaujm\u00fa svojimi kre\u00e1ciami. Faktom ale je, \u017ee nie je ani tak ve\u013emi umenie na hudobn\u00fd festival sa obliec\u0165, ale sa obu\u0165! V t\u00fdchto top\u00e1nkach toti\u017e str\u00e1vite na noh\u00e1ch \u010dasto aj 14 hod\u00edn denne, niekedy v blate, niekedy v pr\u00edli\u0161nom suchu a teple, niekedy stojac, ale niekedy sk\u00e1\u010duc na nie dokonalom povrchu\u2026 Jednou vetou \u2013 na top\u00e1nkach na festivaloch z\u00e1le\u017e\u00ed!<\/em>&nbsp;<\/p>\n\n\n\n<figure class=\"wp-block-gallery has-nested-images columns-default is-cropped wp-block-gallery-1 is-layout-flex wp-block-gallery-is-layout-flex\">\n<figure class=\"wp-block-image size-large\"><a href=\"https:\/\/ccc.eu\/sk\/\"><img decoding=\"async\" data-id=\"8408\" src=\"https:\/\/blog.ccc.eu\/sk\/wp-content\/uploads\/2024\/05\/CCC_5905588319535_02M_0173-1024x683.jpg\" alt=\"\" class=\"wp-image-8408\"\/><\/a><\/figure>\n<\/figure>\n\n\n\n<p>Chyst\u00e1te sa vy alebo va\u0161a dc\u00e9ra na hudobn\u00fd festival? My \u00e1no, preto\u017ee toho roku sme i\u0161li do spolupr\u00e1ce s \u010desk\u00fdm Colours of Ostrava a ve\u013emi sa na to te\u0161\u00edme! S\u00edce e\u0161te m\u00e1me chv\u00ed\u013eku \u010das, u\u017e teraz sa ale zam\u00fd\u0161\u013eame, \u010do si zbali\u0165, obliec\u0165, obu\u0165. Najm\u00e4 obu\u0165\u2026!&nbsp;<\/p>\n\n\n\n<p>Hudobn\u00e9 festivaly toti\u017e nie s\u00fa pr\u00e1ve pr\u00edle\u017eitos\u0165ou na fancy top\u00e1no\u010dky. Niekedy blato, niekedy d\u00e1\u017e\u010f, niekedy, naopak, enormn\u00e9 teplo. V top\u00e1nkach kr\u00e1\u010date, tancujete, stoj\u00edte v rade na pivo, sk\u00e1\u010dete na bubny. Toto fakt nejde a nebudete sa c\u00edti\u0165 pohodlne, ak budete ma\u0165 leukoplast na p\u00e4te. Top\u00e1nky jednoducho musia sedie\u0165..&nbsp;<\/p>\n\n\n\n<p>Po\u010fme sa na to pozrie\u0165 pod\u013ea typu outfitov, na ktor\u00e9 m\u00f4\u017eete chcie\u0165 stavi\u0165.&nbsp;<\/p>\n\n\n\n<h2 class=\"wp-block-heading\"><strong>Sexi cowboyka<\/strong>&nbsp;<\/h2>\n\n\n\n<p>Country \u0161t\u00fdl je dlh\u00e9 roky jedn\u00fdm z najob\u013e\u00fabenej\u0161\u00edch. Je pohodln\u00fd, ako stvoren\u00fd pre \u0161\u00edru pl\u00e1\u0148, na ktorej sa v\u00e4\u010d\u0161inou festivaly odohr\u00e1vaj\u00fa. Diev\u010dat\u00e1m i star\u0161\u00edm d\u00e1mam navy\u0161e naozaj pristane, v country outfite s\u00fa sexi a mu\u017eov pri\u0165ahuje ich natur\u00e1lnos\u0165 a prepojenos\u0165 s divokou pr\u00edrodou americk\u00fdch pr\u00e9ri\u00ed.&nbsp;<\/p>\n\n\n\n<p>K tak\u00e9muto outfitu definit\u00edvne patria cowboy boots, teda kovbojsk\u00e9 \u010di\u017emi\u010dky, ktor\u00e9 s\u00fa aj na festival praktick\u00e9, preto\u017ee v pr\u00edpade, \u017ee by pr\u0161alo alebo bolo blato, pr\u00edpadne sa ve\u010der ochlad\u00ed, ich naozaj ocen\u00edte. Pri ich v\u00fdbere si ale dajte pozor na pohodl\u00ed! V tomto pr\u00edpade to znamen\u00e1 v\u00fd\u0161ka podp\u00e4tku. Rozhodne \u2013 i ke\u010f sa v\u00e1m to mo\u017eno zd\u00e1 by\u0165 sexi \u2013 nestavte na vysok\u00fd podp\u00e4tok, preto\u017ee po 5 hodin\u00e1ch budete ma\u0165 chu\u0165 vyzu\u0165 si ich.&nbsp;Odpor\u00fa\u010dame modely s ni\u017e\u0161\u00edmi podp\u00e4tkami, v ktor\u00fdch vydr\u017e\u00edte cel\u00fd de\u0148 (a ur\u010dite aj noc).&nbsp;<\/p>\n\n\n<shortcode prop-category=\"\u010ci\u017emy\" prop-gender=\"female\" prop-load-num=\"12\" prop-display-num=\"4\" prop-sku=\"5905588138594, 5905588222736, \" prop-view=\"slider\"><\/shortcode>        <div\r\n            class=\"eob-pf-shortcode\"\r\n            id=\"eobpf69f457b858ab8\"\r\n        >\r\n            <shortcode prop-category=\"\u010ci\u017emy\" prop-gender=\"female\" prop-load-num=\"12\" prop-display-num=\"4\" prop-sku=\"5905588138594, 5905588222736, \" prop-view=\"slider\"><\/shortcode>        <\/div>\r\n\t\t<script>\r\n\t\t\tjQuery(document).ready(() => {\r\n\t\t\t    const root = document.getElementById('eobpf69f457b858ab8');\r\n                Vue.createApp({\r\n\t                components: {\r\n\t                    shortcode\r\n\t                }\r\n                }).mount(root);\r\n\t\t\t});\r\n\t\t<\/script>\r\n\t\t\r\n\t\t\n\n\n\n<p><\/p>\n\n\n\n<h2 class=\"wp-block-heading\"><strong>Boho \u0161t\u00fdl<\/strong>&nbsp;<\/h2>\n\n\n\n<p>Hoci pojem boho \u0161t\u00fdl nie je odvoden\u00fd od slova bohy\u0148a, n\u00e1m sa to tak trochu sp\u00e1ja. Na festivale m\u00f4\u017eete by\u0165 v boho \u0161t\u00fdle ako bohy\u0148a. Kr\u00e1sne \u0161aty \u010di \u0161irok\u00e9 nohavice a top (pokojne len sexi vrch od bik\u00edn) a k nemu v\u00fdrazn\u00e9 alebo, naopak, minimalistick\u00e9 top\u00e1nky. A, samozrejme, doplnky! Ve\u013ea doplnkov. Boho \u0161t\u00fdl je na festivaloch mimoriadne ob\u013e\u00faben\u00fd a definit\u00edvne n\u00edm zaujmete.&nbsp;Potrebujete v\u0161ak op\u00e4\u0165 pohodln\u00fa obuv a naozaj \u0161t\u00fdlov\u00e9 doplnky.&nbsp;<\/p>\n\n\n<shortcode prop-category=\"Espadrilky\" prop-gender=\"female\" prop-manufacturer=\"DeeZee\" prop-load-num=\"12\" prop-display-num=\"4\" prop-view=\"slider\"><\/shortcode>        <div\r\n            class=\"eob-pf-shortcode\"\r\n            id=\"eobpf69f457b858bd0\"\r\n        >\r\n            <shortcode prop-category=\"Espadrilky\" prop-gender=\"female\" prop-manufacturer=\"DeeZee\" prop-load-num=\"12\" prop-display-num=\"4\" prop-view=\"slider\"><\/shortcode>        <\/div>\r\n\t\t<script>\r\n\t\t\tjQuery(document).ready(() => {\r\n\t\t\t    const root = document.getElementById('eobpf69f457b858bd0');\r\n                Vue.createApp({\r\n\t                components: {\r\n\t                    shortcode\r\n\t                }\r\n                }).mount(root);\r\n\t\t\t});\r\n\t\t<\/script>\r\n\t\t\r\n\t\t\n\n\n\n<p><\/p>\n\n\n\n<h2 class=\"wp-block-heading\"><strong>Takmer neodet\u00e1<\/strong>&nbsp;<\/h2>\n\n\n\n<p>Mnoh\u00e9 z n\u00e1s vn\u00edmaj\u00fa festivaly ako pr\u00edle\u017eitos\u0165 uk\u00e1za\u0165 zo seba \u010do najviac. T\u00fato mo\u017enos\u0165 pon\u00fakaj\u00fa sie\u0165ovan\u00e9 \u0161aty, pl\u00e1\u017eov\u00e9 topy, \u0161aty s ve\u013ek\u00fdmi dierami, h\u00e1\u010dkovan\u00e9 \u010di pleten\u00e9 modely, pod ktor\u00e9 je nutn\u00e9 da\u0165 si plavky a ktor\u00e9 uk\u00e1\u017eu naozaj v\u0161etko. Ve\u013emi l\u00e1kavo, ve\u013emi atrakt\u00edvne, ve\u013emi sexi. Tieto modely s\u00fa pre obuv ve\u013emi variabiln\u00e9, m\u00f4\u017eete stavi\u0165 na vy\u0161\u0161ie \u010dlenkov\u00e9 top\u00e1nky, ale aj sand\u00e1le \u010di \u0161t\u00fdlov\u00e9 poltop\u00e1nky. Pri ich k\u00fape dbajte najm\u00e4 na to, aby v\u00e1s nikde netla\u010dili a aby ste v nich dok\u00e1zali str\u00e1vi\u0165 naozaj dlh\u00fd \u010das.&nbsp;<\/p>\n\n\n<shortcode prop-category=\"Sand\u00e1le\" prop-gender=\"female\" prop-manufacturer=\"Badura\" prop-load-num=\"12\" prop-display-num=\"4\" prop-sku=\"2230070288253,  5905588639138\" prop-view=\"slider\"><\/shortcode>        <div\r\n            class=\"eob-pf-shortcode\"\r\n            id=\"eobpf69f457b858c0c\"\r\n        >\r\n            <shortcode prop-category=\"Sand\u00e1le\" prop-gender=\"female\" prop-manufacturer=\"Badura\" prop-load-num=\"12\" prop-display-num=\"4\" prop-sku=\"2230070288253,  5905588639138\" prop-view=\"slider\"><\/shortcode>        <\/div>\r\n\t\t<script>\r\n\t\t\tjQuery(document).ready(() => {\r\n\t\t\t    const root = document.getElementById('eobpf69f457b858c0c');\r\n                Vue.createApp({\r\n\t                components: {\r\n\t                    shortcode\r\n\t                }\r\n                }).mount(root);\r\n\t\t\t});\r\n\t\t<\/script>\r\n\t\t\r\n\t\t\n\n\n\n<p><\/p>\n\n\n\n<h2 class=\"wp-block-heading\"><strong>D\u017e\u00ednsy s ultra n\u00edzkym p\u00e1som<\/strong>&nbsp;<\/h2>\n\n\n\n<p>Tie s\u00fa teraz hitom celkovo, nielen na festivalov\u00e9 pr\u00edle\u017eitosti. Na ne sa ale ur\u010dite hodia, pozit\u00edvom je, \u017ee nemus\u00edte kupova\u0165 ni\u010d nov\u00e9, posta\u010d\u00ed iba pekn\u00e9 spodn\u00e9 pr\u00e1dielko, ktor\u00e9 bude z d\u017e\u00ednsov vyk\u00faka\u0165. Pozit\u00edvom je, \u017ee tu top\u00e1nky a\u017e tak nevidno, ak teda stav\u00edte na dlh\u00e9 d\u017e\u00ednsy, tak\u017ee nemus\u00edte a\u017e tak dba\u0165 na vzh\u013ead, ale m\u00f4\u017eete sa zamera\u0165 vyslovene na komfort. K d\u017e\u00ednsom m\u00f4\u017eete voli\u0165 sand\u00e1le, ale my by sme radili stavi\u0165 na poltop\u00e1nky \u010di sneakersy, ktor\u00e9 v\u00e1s aj ve\u010der v pr\u00edpade chladnej\u0161ieho po\u010dasia zahrej\u00fa.&nbsp;<\/p>\n\n\n<shortcode prop-category=\"Tenisky\" prop-gender=\"female\" prop-manufacturer=\"Reebok\" prop-load-num=\"12\" prop-display-num=\"4\" prop-view=\"slider\"><\/shortcode>        <div\r\n            class=\"eob-pf-shortcode\"\r\n            id=\"eobpf69f457b858c36\"\r\n        >\r\n            <shortcode prop-category=\"Tenisky\" prop-gender=\"female\" prop-manufacturer=\"Reebok\" prop-load-num=\"12\" prop-display-num=\"4\" prop-view=\"slider\"><\/shortcode>        <\/div>\r\n\t\t<script>\r\n\t\t\tjQuery(document).ready(() => {\r\n\t\t\t    const root = document.getElementById('eobpf69f457b858c36');\r\n                Vue.createApp({\r\n\t                components: {\r\n\t                    shortcode\r\n\t                }\r\n                }).mount(root);\r\n\t\t\t});\r\n\t\t<\/script>\r\n\t\t\r\n\t\t\n\n\n\n<p><\/p>\n\n\n\n<h2 class=\"wp-block-heading\"><strong>Korzetov\u00e9 topy<\/strong>&nbsp;<\/h2>\n\n\n\n<p>Ak chcete toho roku stavi\u0165 na korzet, zabudnite na romantiku! \u017diadne sladk\u00e9 romantick\u00e9 diev\u010da, siahnite po remienkoch, prack\u00e1ch a dr\u00e1\u017ediv\u00fdch materi\u00e1loch, napr\u00edklad latexe, ko\u017ei \u010di syntetike. Dopasova\u0165 m\u00f4\u017eete kra\u0165asy, minisukni\u010dku \u010di aj dlh\u00e9 nohavice. Odpor\u00fa\u010dame v tomto pr\u00edpade stavi\u0165 na farby! V \u010diernej by ste vzbudzovali dojem dominy, ale ak stav\u00edte na farby, v\u0161etk\u00fdm bude jasn\u00e9, \u017ee ste proste za ka\u017ed\u00fa srandu a pri\u0161li ste sa najm\u00e4 bavi\u0165!&nbsp;<\/p>\n\n\n<shortcode prop-category=\"Sand\u00e1le\" prop-gender=\"female\" prop-manufacturer=\"Jenny Fairy\" prop-load-num=\"12\" prop-display-num=\"4\" prop-view=\"slider\"><\/shortcode>        <div\r\n            class=\"eob-pf-shortcode\"\r\n            id=\"eobpf69f457b858c5d\"\r\n        >\r\n            <shortcode prop-category=\"Sand\u00e1le\" prop-gender=\"female\" prop-manufacturer=\"Jenny Fairy\" prop-load-num=\"12\" prop-display-num=\"4\" prop-view=\"slider\"><\/shortcode>        <\/div>\r\n\t\t<script>\r\n\t\t\tjQuery(document).ready(() => {\r\n\t\t\t    const root = document.getElementById('eobpf69f457b858c5d');\r\n                Vue.createApp({\r\n\t                components: {\r\n\t                    shortcode\r\n\t                }\r\n                }).mount(root);\r\n\t\t\t});\r\n\t\t<\/script>\r\n\t\t\r\n\t\t\n\n\n\n<p><\/p>\n\n\n\n<h2 class=\"wp-block-heading\"><strong>Mimochodom, kabelky!<\/strong>&nbsp;<\/h2>\n\n\n\n<p>Tak, ako? Viete u\u017e, \u010do si oble\u010diete? Posledn\u00e9, na \u010do nesmiete zabudn\u00fa\u0165 \u2013 a ani nezabudnete, ke\u010f\u017ee ju potrebujete \u2013 je kabelka! Tu je p\u00e1r tipov, ktor\u00e9 by mohli by\u0165 absol\u00fatne skvel\u00fdmi festivalov\u00fdmi par\u0165\u00e1\u010dkami.&nbsp;<\/p>\n\n\n<shortcode prop-category=\"D\u00e1msk\u00e9 kabelky\" prop-gender=\"female\" prop-load-num=\"12\" prop-display-num=\"4\" prop-view=\"slider\"><\/shortcode>        <div\r\n            class=\"eob-pf-shortcode\"\r\n            id=\"eobpf69f457b858c80\"\r\n        >\r\n            <shortcode prop-category=\"D\u00e1msk\u00e9 kabelky\" prop-gender=\"female\" prop-load-num=\"12\" prop-display-num=\"4\" prop-view=\"slider\"><\/shortcode>        <\/div>\r\n\t\t<script>\r\n\t\t\tjQuery(document).ready(() => {\r\n\t\t\t    const root = document.getElementById('eobpf69f457b858c80');\r\n                Vue.createApp({\r\n\t                components: {\r\n\t                    shortcode\r\n\t                }\r\n                }).mount(root);\r\n\t\t\t});\r\n\t\t<\/script>\r\n\t\t\r\n\t\t\n\n\n\n<p><\/p>\n\n\n\n<p>Ak m\u00e1te radi po ruke viac vec\u00ed, mohol by sa v\u00e1m z\u00eds\u0165 praktick\u00fd ruksak, ktor\u00fd nebude ani ve\u013ek\u00fd, ani mal\u00fd a bude sa hodi\u0165 prakticky ku v\u0161etk\u00e9mu.&nbsp;<\/p>\n\n\n\n<p>Pre boho \u0161t\u00fdl \u010di pl\u00e1\u017eov\u00fd \u0161t\u00fdl by sa v\u00e1m mohla hodi\u0165 napr\u00edklad t\u00e1to kabelka, do ktorej schov\u00e1te p\u00e1r potrebn\u00fdch drobnost\u00ed a ktor\u00e1 absol\u00fatne pod\u010diarkne v\u00e1\u0161 \u0161t\u00fdl.&nbsp;<\/p>\n\n\n\n<p>Kabelky \u013eadvinkov\u00e9ho typu s\u00fa super pohodln\u00e9, preto\u017ee ich m\u00f4\u017eete kombinova\u0165, m\u00f4\u017eete si ich da\u0165 cez plece alebo cez p\u00e1s a vytvor\u00edte dokonal\u00fd pocit pr\u00e1zdnych r\u00fak. Azda m\u00e1lo\u010do je na hudobn\u00fd festival praktickej\u0161ie.&nbsp;<\/p>\n\n\n\n<p>Podobne pohodln\u00e1 ale m\u00f4\u017ee by\u0165 aj cross-body kabelka, ktor\u00e1 tie\u017e odbremen\u00ed va\u0161e ruky a bude v podstate akoby zabudnut\u00e1. Teda, budete ju ma\u0165, ale nebudete vedie\u0165, \u017ee ju m\u00e1te, \u010do je pri festivaloch azda najd\u00f4le\u017eitej\u0161ie. \u017de ni\u010d nezavadzia.&nbsp;<\/p>\n\n\n\n<p>Tak teda, u\u017eite si a vysk\u00e1\u010dte sa, zabavte, na\u010derpajte energiu a najm\u00e4 \u2013 nemajte otlaky!&nbsp;<\/p>\n","protected":false},"excerpt":{"rendered":"<p>Povedzme si to \u201cz mosta do prosta,\u201d festivalov\u00e9 outfity s\u00fa kr\u00e1sne, n\u00e1dhern\u00e9, d\u00e1my zaujm\u00fa svojimi kre\u00e1ciami. Faktom ale je, \u017ee nie je ani tak ve\u013emi umenie na hudobn\u00fd festival sa obliec\u0165, ale sa obu\u0165! V t\u00fdchto top\u00e1nkach toti\u017e str\u00e1vite na noh\u00e1ch \u010dasto aj 14 hod\u00edn denne, niekedy v blate, niekedy v pr\u00edli\u0161nom suchu a teple, [&hellip;]<\/p>\n","protected":false},"author":22,"featured_media":8408,"comment_status":"open","ping_status":"open","sticky":false,"template":"","format":"standard","meta":{"_acf_changed":false,"footnotes":""},"categories":[4,6],"tags":[732,1002,875,1001],"class_list":["post-8458","post","type-post","status-publish","format-standard","has-post-thumbnail","hentry","category-modne-tipy","category-trendy","tag-festival","tag-kabelky-na-festival","tag-letne-festivaly","tag-topanky-na-festival"],"acf":[],"yoast_head":"<!-- This site is optimized with the Yoast SEO plugin v26.9 - https:\/\/yoast.com\/product\/yoast-seo-wordpress\/ -->\n<title>Chyst\u00e1te sa na hudobn\u00fd festival? Je jedno, \u010do si oble\u010diete, d\u00f4le\u017eit\u00e1 je obuv\u00a0 - blog.ccc.eu\/sk<\/title>\n<meta name=\"description\" content=\"Festivalov\u00e9 outfity s\u00fa kr\u00e1sne a zaujm\u00fa... Faktom ale je, \u017ee nie je ani tak ve\u013emi umenie sa na hudobn\u00fd festival obliec\u0165, ale obu\u0165! \ud83d\udc62\u2728 2026\" \/>\n<meta name=\"robots\" content=\"index, follow, max-snippet:-1, max-image-preview:large, max-video-preview:-1\" \/>\n<link rel=\"canonical\" href=\"https:\/\/blog.ccc.eu\/sk\/chystate-sa-na-hudobny-festival-je-jedno-co-si-obleciete-dolezita-je-obuv\/\" \/>\n<meta property=\"og:locale\" content=\"sk_SK\" \/>\n<meta property=\"og:type\" content=\"article\" \/>\n<meta property=\"og:title\" content=\"Chyst\u00e1te sa na hudobn\u00fd festival? Je jedno, \u010do si oble\u010diete, d\u00f4le\u017eit\u00e1 je obuv\u00a0 - blog.ccc.eu\/sk\" \/>\n<meta property=\"og:description\" content=\"Festivalov\u00e9 outfity s\u00fa kr\u00e1sne a zaujm\u00fa... Faktom ale je, \u017ee nie je ani tak ve\u013emi umenie sa na hudobn\u00fd festival obliec\u0165, ale obu\u0165! \ud83d\udc62\u2728\" \/>\n<meta property=\"og:url\" content=\"https:\/\/blog.ccc.eu\/sk\/chystate-sa-na-hudobny-festival-je-jedno-co-si-obleciete-dolezita-je-obuv\/\" \/>\n<meta property=\"og:site_name\" content=\"blog.ccc.eu\/sk\" \/>\n<meta property=\"article:published_time\" content=\"2024-06-10T12:47:18+00:00\" \/>\n<meta property=\"article:modified_time\" content=\"2024-07-24T15:14:36+00:00\" \/>\n<meta property=\"og:image\" content=\"https:\/\/blog.ccc.eu\/sk\/wp-content\/uploads\/2024\/05\/CCC_5905588319535_02M_0173-scaled-e1718704277271.jpg\" \/>\n\t<meta property=\"og:image:width\" content=\"2560\" \/>\n\t<meta property=\"og:image:height\" content=\"1536\" \/>\n\t<meta property=\"og:image:type\" content=\"image\/jpeg\" \/>\n<meta name=\"author\" content=\"Kaja\" \/>\n<meta name=\"twitter:card\" content=\"summary_large_image\" \/>\n<meta name=\"twitter:label1\" content=\"Autor\" \/>\n\t<meta name=\"twitter:data1\" content=\"Kaja\" \/>\n\t<meta name=\"twitter:label2\" content=\"Predpokladan\u00fd \u010das \u010d\u00edtania\" \/>\n\t<meta name=\"twitter:data2\" content=\"5 min\u00fat\" \/>\n<script type=\"application\/ld+json\" class=\"yoast-schema-graph\">{\"@context\":\"https:\/\/schema.org\",\"@graph\":[{\"@type\":\"Article\",\"@id\":\"https:\/\/blog.ccc.eu\/sk\/chystate-sa-na-hudobny-festival-je-jedno-co-si-obleciete-dolezita-je-obuv\/#article\",\"isPartOf\":{\"@id\":\"https:\/\/blog.ccc.eu\/sk\/chystate-sa-na-hudobny-festival-je-jedno-co-si-obleciete-dolezita-je-obuv\/\"},\"author\":{\"name\":\"Kaja\",\"@id\":\"https:\/\/blog.ccc.eu\/sk\/#\/schema\/person\/399beb3452b4976df83fb9268601a994\"},\"headline\":\"Chyst\u00e1te sa na hudobn\u00fd festival? Je jedno, \u010do si oble\u010diete, d\u00f4le\u017eit\u00e1 je obuv\u00a0\",\"datePublished\":\"2024-06-10T12:47:18+00:00\",\"dateModified\":\"2024-07-24T15:14:36+00:00\",\"mainEntityOfPage\":{\"@id\":\"https:\/\/blog.ccc.eu\/sk\/chystate-sa-na-hudobny-festival-je-jedno-co-si-obleciete-dolezita-je-obuv\/\"},\"wordCount\":1150,\"commentCount\":0,\"publisher\":{\"@id\":\"https:\/\/blog.ccc.eu\/sk\/#organization\"},\"image\":{\"@id\":\"https:\/\/blog.ccc.eu\/sk\/chystate-sa-na-hudobny-festival-je-jedno-co-si-obleciete-dolezita-je-obuv\/#primaryimage\"},\"thumbnailUrl\":\"https:\/\/blog.ccc.eu\/sk\/wp-content\/uploads\/2024\/05\/CCC_5905588319535_02M_0173-scaled-e1718704277271.jpg\",\"keywords\":[\"festival\",\"kabelky na festival\",\"letn\u00e9 festivaly\",\"top\u00e1nky na festival\"],\"articleSection\":[\"M\u00d3DNE TIPY\",\"trendy\"],\"inLanguage\":\"sk-SK\",\"potentialAction\":[{\"@type\":\"CommentAction\",\"name\":\"Comment\",\"target\":[\"https:\/\/blog.ccc.eu\/sk\/chystate-sa-na-hudobny-festival-je-jedno-co-si-obleciete-dolezita-je-obuv\/#respond\"]}]},{\"@type\":\"WebPage\",\"@id\":\"https:\/\/blog.ccc.eu\/sk\/chystate-sa-na-hudobny-festival-je-jedno-co-si-obleciete-dolezita-je-obuv\/\",\"url\":\"https:\/\/blog.ccc.eu\/sk\/chystate-sa-na-hudobny-festival-je-jedno-co-si-obleciete-dolezita-je-obuv\/\",\"name\":\"Chyst\u00e1te sa na hudobn\u00fd festival? Je jedno, \u010do si oble\u010diete, d\u00f4le\u017eit\u00e1 je obuv\u00a0 - blog.ccc.eu\/sk\",\"isPartOf\":{\"@id\":\"https:\/\/blog.ccc.eu\/sk\/#website\"},\"primaryImageOfPage\":{\"@id\":\"https:\/\/blog.ccc.eu\/sk\/chystate-sa-na-hudobny-festival-je-jedno-co-si-obleciete-dolezita-je-obuv\/#primaryimage\"},\"image\":{\"@id\":\"https:\/\/blog.ccc.eu\/sk\/chystate-sa-na-hudobny-festival-je-jedno-co-si-obleciete-dolezita-je-obuv\/#primaryimage\"},\"thumbnailUrl\":\"https:\/\/blog.ccc.eu\/sk\/wp-content\/uploads\/2024\/05\/CCC_5905588319535_02M_0173-scaled-e1718704277271.jpg\",\"datePublished\":\"2024-06-10T12:47:18+00:00\",\"dateModified\":\"2024-07-24T15:14:36+00:00\",\"description\":\"Festivalov\u00e9 outfity s\u00fa kr\u00e1sne a zaujm\u00fa... Faktom ale je, \u017ee nie je ani tak ve\u013emi umenie sa na hudobn\u00fd festival obliec\u0165, ale obu\u0165! \ud83d\udc62\u2728\",\"breadcrumb\":{\"@id\":\"https:\/\/blog.ccc.eu\/sk\/chystate-sa-na-hudobny-festival-je-jedno-co-si-obleciete-dolezita-je-obuv\/#breadcrumb\"},\"inLanguage\":\"sk-SK\",\"potentialAction\":[{\"@type\":\"ReadAction\",\"target\":[\"https:\/\/blog.ccc.eu\/sk\/chystate-sa-na-hudobny-festival-je-jedno-co-si-obleciete-dolezita-je-obuv\/\"]}]},{\"@type\":\"ImageObject\",\"inLanguage\":\"sk-SK\",\"@id\":\"https:\/\/blog.ccc.eu\/sk\/chystate-sa-na-hudobny-festival-je-jedno-co-si-obleciete-dolezita-je-obuv\/#primaryimage\",\"url\":\"https:\/\/blog.ccc.eu\/sk\/wp-content\/uploads\/2024\/05\/CCC_5905588319535_02M_0173-scaled-e1718704277271.jpg\",\"contentUrl\":\"https:\/\/blog.ccc.eu\/sk\/wp-content\/uploads\/2024\/05\/CCC_5905588319535_02M_0173-scaled-e1718704277271.jpg\",\"width\":2560,\"height\":1536,\"caption\":\"\u010dierna kabelka ccc\"},{\"@type\":\"BreadcrumbList\",\"@id\":\"https:\/\/blog.ccc.eu\/sk\/chystate-sa-na-hudobny-festival-je-jedno-co-si-obleciete-dolezita-je-obuv\/#breadcrumb\",\"itemListElement\":[{\"@type\":\"ListItem\",\"position\":1,\"name\":\"Strona g\u0142\u00f3wna\",\"item\":\"https:\/\/blog.ccc.eu\/sk\/\"},{\"@type\":\"ListItem\",\"position\":2,\"name\":\"Chyst\u00e1te sa na hudobn\u00fd festival? Je jedno, \u010do si oble\u010diete, d\u00f4le\u017eit\u00e1 je obuv\u00a0\"}]},{\"@type\":\"WebSite\",\"@id\":\"https:\/\/blog.ccc.eu\/sk\/#website\",\"url\":\"https:\/\/blog.ccc.eu\/sk\/\",\"name\":\"blog.ccc.eu\/sk\",\"description\":\"Va\u0161e miesto pln\u00e9 m\u00f3dnych in\u0161pir\u00e1ci\u00ed\",\"publisher\":{\"@id\":\"https:\/\/blog.ccc.eu\/sk\/#organization\"},\"potentialAction\":[{\"@type\":\"SearchAction\",\"target\":{\"@type\":\"EntryPoint\",\"urlTemplate\":\"https:\/\/blog.ccc.eu\/sk\/?s={search_term_string}\"},\"query-input\":{\"@type\":\"PropertyValueSpecification\",\"valueRequired\":true,\"valueName\":\"search_term_string\"}}],\"inLanguage\":\"sk-SK\"},{\"@type\":\"Organization\",\"@id\":\"https:\/\/blog.ccc.eu\/sk\/#organization\",\"name\":\"CCC S.A.\",\"url\":\"https:\/\/blog.ccc.eu\/sk\/\",\"logo\":{\"@type\":\"ImageObject\",\"inLanguage\":\"sk-SK\",\"@id\":\"https:\/\/blog.ccc.eu\/sk\/#\/schema\/logo\/image\/\",\"url\":\"https:\/\/blog.ccc.eu\/sk\/wp-content\/uploads\/2021\/11\/logo_ccc.png\",\"contentUrl\":\"https:\/\/blog.ccc.eu\/sk\/wp-content\/uploads\/2021\/11\/logo_ccc.png\",\"width\":730,\"height\":270,\"caption\":\"CCC S.A.\"},\"image\":{\"@id\":\"https:\/\/blog.ccc.eu\/sk\/#\/schema\/logo\/image\/\"}},{\"@type\":\"Person\",\"@id\":\"https:\/\/blog.ccc.eu\/sk\/#\/schema\/person\/399beb3452b4976df83fb9268601a994\",\"name\":\"Kaja\",\"image\":{\"@type\":\"ImageObject\",\"inLanguage\":\"sk-SK\",\"@id\":\"https:\/\/blog.ccc.eu\/sk\/#\/schema\/person\/image\/\",\"url\":\"https:\/\/blog.ccc.eu\/sk\/wp-content\/uploads\/2024\/06\/white-1-100x100.jpg\",\"contentUrl\":\"https:\/\/blog.ccc.eu\/sk\/wp-content\/uploads\/2024\/06\/white-1-100x100.jpg\",\"caption\":\"Kaja\"},\"description\":\"U\u017e od pubert\u00e1lnych \u010dias sa venuje pr\u00e1ci v m\u00e9di\u00e1ch a p\u00edsaniu. Z kon\u00ed\u010dka sa stalo \u017eivobytie, ktor\u00e9 jej z\u00e1rove\u0148 dalo dostatok slobody na to, aby mohla pomerne ve\u013ea cestova\u0165 a spozn\u00e1va\u0165 svet a rozli\u010dn\u00e9 kult\u00fary. Energiu jej dod\u00e1va \u010d\u00edtanie kn\u00edh, voda a hudba.\",\"url\":\"https:\/\/blog.ccc.eu\/sk\/author\/perlamakovienka-sk\/\"}]}<\/script>\n<!-- \/ Yoast SEO plugin. -->","yoast_head_json":{"title":"Chyst\u00e1te sa na hudobn\u00fd festival? Je jedno, \u010do si oble\u010diete, d\u00f4le\u017eit\u00e1 je obuv\u00a0 - blog.ccc.eu\/sk","description":"Festivalov\u00e9 outfity s\u00fa kr\u00e1sne a zaujm\u00fa... Faktom ale je, \u017ee nie je ani tak ve\u013emi umenie sa na hudobn\u00fd festival obliec\u0165, ale obu\u0165! \ud83d\udc62\u2728 2026","robots":{"index":"index","follow":"follow","max-snippet":"max-snippet:-1","max-image-preview":"max-image-preview:large","max-video-preview":"max-video-preview:-1"},"canonical":"https:\/\/blog.ccc.eu\/sk\/chystate-sa-na-hudobny-festival-je-jedno-co-si-obleciete-dolezita-je-obuv\/","og_locale":"sk_SK","og_type":"article","og_title":"Chyst\u00e1te sa na hudobn\u00fd festival? Je jedno, \u010do si oble\u010diete, d\u00f4le\u017eit\u00e1 je obuv\u00a0 - blog.ccc.eu\/sk","og_description":"Festivalov\u00e9 outfity s\u00fa kr\u00e1sne a zaujm\u00fa... Faktom ale je, \u017ee nie je ani tak ve\u013emi umenie sa na hudobn\u00fd festival obliec\u0165, ale obu\u0165! \ud83d\udc62\u2728","og_url":"https:\/\/blog.ccc.eu\/sk\/chystate-sa-na-hudobny-festival-je-jedno-co-si-obleciete-dolezita-je-obuv\/","og_site_name":"blog.ccc.eu\/sk","article_published_time":"2024-06-10T12:47:18+00:00","article_modified_time":"2024-07-24T15:14:36+00:00","og_image":[{"width":2560,"height":1536,"url":"https:\/\/blog.ccc.eu\/sk\/wp-content\/uploads\/2024\/05\/CCC_5905588319535_02M_0173-scaled-e1718704277271.jpg","type":"image\/jpeg"}],"author":"Kaja","twitter_card":"summary_large_image","twitter_misc":{"Autor":"Kaja","Predpokladan\u00fd \u010das \u010d\u00edtania":"5 min\u00fat"},"schema":{"@context":"https:\/\/schema.org","@graph":[{"@type":"Article","@id":"https:\/\/blog.ccc.eu\/sk\/chystate-sa-na-hudobny-festival-je-jedno-co-si-obleciete-dolezita-je-obuv\/#article","isPartOf":{"@id":"https:\/\/blog.ccc.eu\/sk\/chystate-sa-na-hudobny-festival-je-jedno-co-si-obleciete-dolezita-je-obuv\/"},"author":{"name":"Kaja","@id":"https:\/\/blog.ccc.eu\/sk\/#\/schema\/person\/399beb3452b4976df83fb9268601a994"},"headline":"Chyst\u00e1te sa na hudobn\u00fd festival? Je jedno, \u010do si oble\u010diete, d\u00f4le\u017eit\u00e1 je obuv\u00a0","datePublished":"2024-06-10T12:47:18+00:00","dateModified":"2024-07-24T15:14:36+00:00","mainEntityOfPage":{"@id":"https:\/\/blog.ccc.eu\/sk\/chystate-sa-na-hudobny-festival-je-jedno-co-si-obleciete-dolezita-je-obuv\/"},"wordCount":1150,"commentCount":0,"publisher":{"@id":"https:\/\/blog.ccc.eu\/sk\/#organization"},"image":{"@id":"https:\/\/blog.ccc.eu\/sk\/chystate-sa-na-hudobny-festival-je-jedno-co-si-obleciete-dolezita-je-obuv\/#primaryimage"},"thumbnailUrl":"https:\/\/blog.ccc.eu\/sk\/wp-content\/uploads\/2024\/05\/CCC_5905588319535_02M_0173-scaled-e1718704277271.jpg","keywords":["festival","kabelky na festival","letn\u00e9 festivaly","top\u00e1nky na festival"],"articleSection":["M\u00d3DNE TIPY","trendy"],"inLanguage":"sk-SK","potentialAction":[{"@type":"CommentAction","name":"Comment","target":["https:\/\/blog.ccc.eu\/sk\/chystate-sa-na-hudobny-festival-je-jedno-co-si-obleciete-dolezita-je-obuv\/#respond"]}]},{"@type":"WebPage","@id":"https:\/\/blog.ccc.eu\/sk\/chystate-sa-na-hudobny-festival-je-jedno-co-si-obleciete-dolezita-je-obuv\/","url":"https:\/\/blog.ccc.eu\/sk\/chystate-sa-na-hudobny-festival-je-jedno-co-si-obleciete-dolezita-je-obuv\/","name":"Chyst\u00e1te sa na hudobn\u00fd festival? Je jedno, \u010do si oble\u010diete, d\u00f4le\u017eit\u00e1 je obuv\u00a0 - blog.ccc.eu\/sk","isPartOf":{"@id":"https:\/\/blog.ccc.eu\/sk\/#website"},"primaryImageOfPage":{"@id":"https:\/\/blog.ccc.eu\/sk\/chystate-sa-na-hudobny-festival-je-jedno-co-si-obleciete-dolezita-je-obuv\/#primaryimage"},"image":{"@id":"https:\/\/blog.ccc.eu\/sk\/chystate-sa-na-hudobny-festival-je-jedno-co-si-obleciete-dolezita-je-obuv\/#primaryimage"},"thumbnailUrl":"https:\/\/blog.ccc.eu\/sk\/wp-content\/uploads\/2024\/05\/CCC_5905588319535_02M_0173-scaled-e1718704277271.jpg","datePublished":"2024-06-10T12:47:18+00:00","dateModified":"2024-07-24T15:14:36+00:00","description":"Festivalov\u00e9 outfity s\u00fa kr\u00e1sne a zaujm\u00fa... Faktom ale je, \u017ee nie je ani tak ve\u013emi umenie sa na hudobn\u00fd festival obliec\u0165, ale obu\u0165! \ud83d\udc62\u2728","breadcrumb":{"@id":"https:\/\/blog.ccc.eu\/sk\/chystate-sa-na-hudobny-festival-je-jedno-co-si-obleciete-dolezita-je-obuv\/#breadcrumb"},"inLanguage":"sk-SK","potentialAction":[{"@type":"ReadAction","target":["https:\/\/blog.ccc.eu\/sk\/chystate-sa-na-hudobny-festival-je-jedno-co-si-obleciete-dolezita-je-obuv\/"]}]},{"@type":"ImageObject","inLanguage":"sk-SK","@id":"https:\/\/blog.ccc.eu\/sk\/chystate-sa-na-hudobny-festival-je-jedno-co-si-obleciete-dolezita-je-obuv\/#primaryimage","url":"https:\/\/blog.ccc.eu\/sk\/wp-content\/uploads\/2024\/05\/CCC_5905588319535_02M_0173-scaled-e1718704277271.jpg","contentUrl":"https:\/\/blog.ccc.eu\/sk\/wp-content\/uploads\/2024\/05\/CCC_5905588319535_02M_0173-scaled-e1718704277271.jpg","width":2560,"height":1536,"caption":"\u010dierna kabelka ccc"},{"@type":"BreadcrumbList","@id":"https:\/\/blog.ccc.eu\/sk\/chystate-sa-na-hudobny-festival-je-jedno-co-si-obleciete-dolezita-je-obuv\/#breadcrumb","itemListElement":[{"@type":"ListItem","position":1,"name":"Strona g\u0142\u00f3wna","item":"https:\/\/blog.ccc.eu\/sk\/"},{"@type":"ListItem","position":2,"name":"Chyst\u00e1te sa na hudobn\u00fd festival? Je jedno, \u010do si oble\u010diete, d\u00f4le\u017eit\u00e1 je obuv\u00a0"}]},{"@type":"WebSite","@id":"https:\/\/blog.ccc.eu\/sk\/#website","url":"https:\/\/blog.ccc.eu\/sk\/","name":"blog.ccc.eu\/sk","description":"Va\u0161e miesto pln\u00e9 m\u00f3dnych in\u0161pir\u00e1ci\u00ed","publisher":{"@id":"https:\/\/blog.ccc.eu\/sk\/#organization"},"potentialAction":[{"@type":"SearchAction","target":{"@type":"EntryPoint","urlTemplate":"https:\/\/blog.ccc.eu\/sk\/?s={search_term_string}"},"query-input":{"@type":"PropertyValueSpecification","valueRequired":true,"valueName":"search_term_string"}}],"inLanguage":"sk-SK"},{"@type":"Organization","@id":"https:\/\/blog.ccc.eu\/sk\/#organization","name":"CCC S.A.","url":"https:\/\/blog.ccc.eu\/sk\/","logo":{"@type":"ImageObject","inLanguage":"sk-SK","@id":"https:\/\/blog.ccc.eu\/sk\/#\/schema\/logo\/image\/","url":"https:\/\/blog.ccc.eu\/sk\/wp-content\/uploads\/2021\/11\/logo_ccc.png","contentUrl":"https:\/\/blog.ccc.eu\/sk\/wp-content\/uploads\/2021\/11\/logo_ccc.png","width":730,"height":270,"caption":"CCC S.A."},"image":{"@id":"https:\/\/blog.ccc.eu\/sk\/#\/schema\/logo\/image\/"}},{"@type":"Person","@id":"https:\/\/blog.ccc.eu\/sk\/#\/schema\/person\/399beb3452b4976df83fb9268601a994","name":"Kaja","image":{"@type":"ImageObject","inLanguage":"sk-SK","@id":"https:\/\/blog.ccc.eu\/sk\/#\/schema\/person\/image\/","url":"https:\/\/blog.ccc.eu\/sk\/wp-content\/uploads\/2024\/06\/white-1-100x100.jpg","contentUrl":"https:\/\/blog.ccc.eu\/sk\/wp-content\/uploads\/2024\/06\/white-1-100x100.jpg","caption":"Kaja"},"description":"U\u017e od pubert\u00e1lnych \u010dias sa venuje pr\u00e1ci v m\u00e9di\u00e1ch a p\u00edsaniu. Z kon\u00ed\u010dka sa stalo \u017eivobytie, ktor\u00e9 jej z\u00e1rove\u0148 dalo dostatok slobody na to, aby mohla pomerne ve\u013ea cestova\u0165 a spozn\u00e1va\u0165 svet a rozli\u010dn\u00e9 kult\u00fary. Energiu jej dod\u00e1va \u010d\u00edtanie kn\u00edh, voda a hudba.","url":"https:\/\/blog.ccc.eu\/sk\/author\/perlamakovienka-sk\/"}]}},"_links":{"self":[{"href":"https:\/\/blog.ccc.eu\/sk\/wp-json\/wp\/v2\/posts\/8458","targetHints":{"allow":["GET"]}}],"collection":[{"href":"https:\/\/blog.ccc.eu\/sk\/wp-json\/wp\/v2\/posts"}],"about":[{"href":"https:\/\/blog.ccc.eu\/sk\/wp-json\/wp\/v2\/types\/post"}],"author":[{"embeddable":true,"href":"https:\/\/blog.ccc.eu\/sk\/wp-json\/wp\/v2\/users\/22"}],"replies":[{"embeddable":true,"href":"https:\/\/blog.ccc.eu\/sk\/wp-json\/wp\/v2\/comments?post=8458"}],"version-history":[{"count":6,"href":"https:\/\/blog.ccc.eu\/sk\/wp-json\/wp\/v2\/posts\/8458\/revisions"}],"predecessor-version":[{"id":8488,"href":"https:\/\/blog.ccc.eu\/sk\/wp-json\/wp\/v2\/posts\/8458\/revisions\/8488"}],"wp:featuredmedia":[{"embeddable":true,"href":"https:\/\/blog.ccc.eu\/sk\/wp-json\/wp\/v2\/media\/8408"}],"wp:attachment":[{"href":"https:\/\/blog.ccc.eu\/sk\/wp-json\/wp\/v2\/media?parent=8458"}],"wp:term":[{"taxonomy":"category","embeddable":true,"href":"https:\/\/blog.ccc.eu\/sk\/wp-json\/wp\/v2\/categories?post=8458"},{"taxonomy":"post_tag","embeddable":true,"href":"https:\/\/blog.ccc.eu\/sk\/wp-json\/wp\/v2\/tags?post=8458"}],"curies":[{"name":"wp","href":"https:\/\/api.w.org\/{rel}","templated":true}]}}