{"id":8489,"date":"2024-06-14T09:31:40","date_gmt":"2024-06-14T07:31:40","guid":{"rendered":"https:\/\/blog.ccc.eu\/sk\/?p=8489"},"modified":"2024-07-24T17:14:04","modified_gmt":"2024-07-24T15:14:04","slug":"leto-2024-na-plazi-praje-konecne-vsetkym-zenam","status":"publish","type":"post","link":"https:\/\/blog.ccc.eu\/sk\/leto-2024-na-plazi-praje-konecne-vsetkym-zenam\/","title":{"rendered":"Leto 2024 na pl\u00e1\u017ei praje (kone\u010dne) v\u0161etk\u00fdm \u017een\u00e1m"},"content":{"rendered":"\n<p><\/p>\n\n\n\n<p><strong><em>Je \u00fa\u017easn\u00e9, ako sa vyv\u00edja na\u0161a spolo\u010dnos\u0165. Z d\u00e1m \u2013 Venu\u0161\u00ed \u2013 pln\u00fdch tvarov sme prepadli kultu dokonal\u00fdch a mo\u017eno a\u017e pr\u00edli\u0161 chud\u00fdch \u017eien, aby sme sa kone\u010dne dostali na cestu prijatia toho, \u017ee ka\u017ed\u00e1 m\u00f4\u017eeme vyzera\u0165 inak a na ka\u017edej z n\u00e1s je jednoducho nie\u010do kr\u00e1sne. Tak\u017ee z\u00e1kladnou pou\u010dkou toto leta je <strong><em> \u2013<\/em><\/strong> v ak\u00fdchko\u013evek plavk\u00e1ch, ale vystavte svoje telo na obdiv!<\/em><\/strong><\/p>\n\n\n\n<figure class=\"wp-block-image size-large\"><a href=\"https:\/\/ccc.eu\/sk\/all\/damska-kolekcia-2024\"><img loading=\"lazy\" decoding=\"async\" width=\"1024\" height=\"683\" src=\"https:\/\/blog.ccc.eu\/sk\/wp-content\/uploads\/2024\/06\/CCC_5905588573104_02M_1209-1-1024x683.jpg\" alt=\"\" class=\"wp-image-8494\" srcset=\"https:\/\/blog.ccc.eu\/sk\/wp-content\/uploads\/2024\/06\/CCC_5905588573104_02M_1209-1-1024x683.jpg 1024w, https:\/\/blog.ccc.eu\/sk\/wp-content\/uploads\/2024\/06\/CCC_5905588573104_02M_1209-1-300x200.jpg 300w, https:\/\/blog.ccc.eu\/sk\/wp-content\/uploads\/2024\/06\/CCC_5905588573104_02M_1209-1-768x512.jpg 768w, https:\/\/blog.ccc.eu\/sk\/wp-content\/uploads\/2024\/06\/CCC_5905588573104_02M_1209-1-1536x1024.jpg 1536w, https:\/\/blog.ccc.eu\/sk\/wp-content\/uploads\/2024\/06\/CCC_5905588573104_02M_1209-1-2048x1365.jpg 2048w, https:\/\/blog.ccc.eu\/sk\/wp-content\/uploads\/2024\/06\/CCC_5905588573104_02M_1209-1-100x67.jpg 100w\" sizes=\"auto, (max-width: 1024px) 100vw, 1024px\" \/><\/a><\/figure>\n\n\n\n<p><em>Plaviek je naozaj extr\u00e9mne ve\u013ea. Ve\u013ea dizajnov, ve\u013ea farieb, obrovsk\u00e9 mno\u017estvo v\u00fdberu. Povedzme si to na rovinu, pr\u00eds\u0165 do obchodu alebo sa preklika\u0165 e-shopmi je niekedy tak \u00fanavn\u00e9, \u017ee sa na to aj vy&#8230; ehm&#8230; ka\u0161leme a zbal\u00edme si tie z minul\u00e9ho roka. A ani to nie je zl\u00e1 vo\u013eba!<\/em><\/p>\n\n\n\n<p><em>Ak ale predsa len chcete alebo u\u017e po rokoch potrebujete predsa len nov\u00e9 plavky, tak pre\u010do nejs\u0165 s dobou, v\u0161ak? Dom\u00e9nou tohto leta je prirodzenos\u0165. Mali by ste jednoducho stavi\u0165 na to, v \u010dom sa budete c\u00edti\u0165 prirodzene vy sami. A je \u00faplne jedno, ak\u00fd strih \u010di farebnos\u0165 plaviek si zvol\u00edte. Jasn\u00e9, dr\u017ete sa v trendoch, ale v prvom rade to bu\u010fte jednoducho vy.<\/em><\/p>\n\n\n\n<h2 class=\"wp-block-heading\">Ak\u00e9 s\u00fa trendy?<\/h2>\n\n\n\n<p>Z\u00e1kladom je vybra\u0165 si to, \u010do sa v\u00e1m bude p\u00e1\u010di\u0165 a v \u010dom sa budete c\u00edti\u0165 dobre. Jednoducho, na pl\u00e1\u017ei a pri baz\u00e9noch s\u00fa v\u00edtan\u00e9 v\u0161etky typy post\u00e1v a \u00faplne v\u0161etky kil\u00e1. Aj tie jemne navy\u0161e.<\/p>\n\n\n\n<figure class=\"wp-block-gallery has-nested-images columns-default is-cropped wp-block-gallery-1 is-layout-flex wp-block-gallery-is-layout-flex\">\n<figure class=\"wp-block-image size-large\"><a href=\"https:\/\/ccc.eu\/sk\/all\/damska-kolekcia-2024\"><img loading=\"lazy\" decoding=\"async\" width=\"683\" height=\"1024\" data-id=\"8493\" src=\"https:\/\/blog.ccc.eu\/sk\/wp-content\/uploads\/2024\/06\/CCC_5905588606697_02M_1597-683x1024.jpg\" alt=\"\" class=\"wp-image-8493\" srcset=\"https:\/\/blog.ccc.eu\/sk\/wp-content\/uploads\/2024\/06\/CCC_5905588606697_02M_1597-683x1024.jpg 683w, https:\/\/blog.ccc.eu\/sk\/wp-content\/uploads\/2024\/06\/CCC_5905588606697_02M_1597-200x300.jpg 200w, https:\/\/blog.ccc.eu\/sk\/wp-content\/uploads\/2024\/06\/CCC_5905588606697_02M_1597-768x1152.jpg 768w, https:\/\/blog.ccc.eu\/sk\/wp-content\/uploads\/2024\/06\/CCC_5905588606697_02M_1597-1024x1536.jpg 1024w, https:\/\/blog.ccc.eu\/sk\/wp-content\/uploads\/2024\/06\/CCC_5905588606697_02M_1597-1365x2048.jpg 1365w, https:\/\/blog.ccc.eu\/sk\/wp-content\/uploads\/2024\/06\/CCC_5905588606697_02M_1597-100x150.jpg 100w, https:\/\/blog.ccc.eu\/sk\/wp-content\/uploads\/2024\/06\/CCC_5905588606697_02M_1597-scaled.jpg 1707w\" sizes=\"auto, (max-width: 683px) 100vw, 683px\" \/><\/a><\/figure>\n<\/figure>\n\n\n\n<h2 class=\"wp-block-heading\">Farby, vzory, dizajn a TELO!<\/h2>\n\n\n\n<p>Farbami leta 2024 s\u00fa v\u0161etky odtiene oran\u017eovej, \u010dervenej, fuchsie a kobaltovej, ale aj pastelov\u00e9 farby, ktor\u00e9 spestria cel\u00e9 va\u0161e okolie. Ak ste za v\u00fdraznej\u0161ie outfity, stavi\u0165 m\u00f4\u017eete aj na ne\u00f3nov\u00e9 a \u017eiariv\u00e9 farby. A, samozrejme, \u010dierna je st\u00e1le in.<\/p>\n\n\n\n<p>Nestavte v\u0161ak na jednofarebn\u00e9, stavte na vzory! In s\u00fa zvieracie, pr\u00edrodn\u00e9 \u010di grafick\u00e9 vzory. A jednodzna\u010dne vyberajte pod\u013ea toho, \u010do sa v\u00e1m bude p\u00e1\u010di\u0165.<\/p>\n\n\n\n<p>No a \u010do sa \u0161t\u00fdlu t\u00fdka, in s\u00fa st\u00e1le bikini s vysok\u00fdm p\u00e1som a cel\u00e9 plavky, ktor\u00e9 s\u00fa pova\u017eovan\u00e9 za \u0161portov\u00e9. \u00daprimne, nemus\u00edte by\u0165 pr\u00e1ve plavky\u0148a na to, aby ste si dali cel\u00e9 plavky.<\/p>\n\n\n\n<h2 class=\"wp-block-heading\">Bikini, bikini, bikini s\u00fa&#8230; plnohodnotn\u00e9 oble\u010denie<\/h2>\n\n\n\n<p>Ale \u00e1no, st\u00e1le pl\u00e1\u017eam a k\u00fapalisk\u00e1m vl\u00e1dnu klasick\u00e9 bikini \u2013 s trojuholn\u00edkov\u00fdm vrchn\u00fdm dielom. S\u00fa fajn, preto\u017ee sa hodia ako d\u00e1mam obdaren\u00fdm bujn\u00fdm, tak aj d\u00e1mam obdaren\u00fdm menej bujn\u00fdm poprs\u00edm. Ich v\u00fdhodou je, \u017ee si ich m\u00f4\u017eete pekne dopasova\u0165 aj k \u0161ortk\u00e1m \u010di sukni, tak\u017ee je to v podstate plnohodnotn\u00e9 oble\u010denie! Na koncert, na bicykel, na kor\u010dule alebo aj na prech\u00e1dzku po pl\u00e1\u017ei.<\/p>\n\n\n\n<figure class=\"wp-block-image size-large\"><a href=\"https:\/\/ccc.eu\/sk\/all\/damska-kolekcia-2024\"><img loading=\"lazy\" decoding=\"async\" width=\"1024\" height=\"683\" src=\"https:\/\/blog.ccc.eu\/sk\/wp-content\/uploads\/2024\/06\/CCC_5905588591146_02M_1447-1024x683.jpg\" alt=\"\" class=\"wp-image-8492\" srcset=\"https:\/\/blog.ccc.eu\/sk\/wp-content\/uploads\/2024\/06\/CCC_5905588591146_02M_1447-1024x683.jpg 1024w, https:\/\/blog.ccc.eu\/sk\/wp-content\/uploads\/2024\/06\/CCC_5905588591146_02M_1447-300x200.jpg 300w, https:\/\/blog.ccc.eu\/sk\/wp-content\/uploads\/2024\/06\/CCC_5905588591146_02M_1447-768x512.jpg 768w, https:\/\/blog.ccc.eu\/sk\/wp-content\/uploads\/2024\/06\/CCC_5905588591146_02M_1447-1536x1024.jpg 1536w, https:\/\/blog.ccc.eu\/sk\/wp-content\/uploads\/2024\/06\/CCC_5905588591146_02M_1447-2048x1365.jpg 2048w, https:\/\/blog.ccc.eu\/sk\/wp-content\/uploads\/2024\/06\/CCC_5905588591146_02M_1447-100x67.jpg 100w\" sizes=\"auto, (max-width: 1024px) 100vw, 1024px\" \/><\/a><\/figure>\n\n\n\n<h2 class=\"wp-block-heading\">Rok 2024 mysl\u00ed aj na zdravie<\/h2>\n\n\n\n<p>Viete o tom, \u017ee slovensk\u00ed dermatol\u00f3govia predpokladaj\u00fa, \u017ee mno\u017estvo pr\u00edpadov rakoviny ko\u017ee bude u n\u00e1s do roku 2024 r\u00e1s\u0165? D\u00f4vodom je, \u017ee dospieva a starne gener\u00e1cia, ktor\u00e1 sa vystavovala slnku bez ochrany, bez opa\u013eovac\u00edch kr\u00e9mov a gener\u00e1cia, kedy by\u0165 op\u00e1len\u00ed bolo jednoducho must-have leta a nikto nerie\u0161il dopad na ko\u017eu. Ktor\u00e1 si za to berie dane s odstupom p\u00e1r rokov. Dnes sme u\u017e ale m\u00fadrej\u0161\u00ed a v\u00fdskumy a pozorovania n\u00e1s presvied\u010daj\u00fa o tom, \u017ee starostlivos\u0165 o ko\u017eu je nutn\u00e1 a potrebn\u00e1. A preto sa nikto na pl\u00e1\u017ei nebude \u010dudova\u0165, ak siahnete po plavk\u00e1ch, ktor\u00e9 v\u00e1s ochr\u00e1nia. Cel\u00e9, s dlh\u00fdm ruk\u00e1vom a \u2013 UV filtrom 50+. Mimochodom, obtiahnut\u00e9 cel\u00e9 plavky s dlh\u00fdm ruk\u00e1vom s\u00fa naozaj sexi.<\/p>\n\n\n\n<h2 class=\"wp-block-heading\">\u010c\u00edm doplni\u0165 outfit? Top\u00e1nkami!<\/h2>\n\n\n\n<p>A tie v\u00f4bec nie s\u00fa nepodstatn\u00e9! Ak pl\u00e1nujete aj re\u00e1lne pl\u00e1va\u0165 a nie len sa v plavk\u00e1ch prech\u00e1dza\u0165, ur\u010dite potrebujete top\u00e1nky, ktor\u00e9 si jednoducho na\u0161uchnete na nohy a m\u00f4\u017eete \u00eds\u0165. Je na v\u00e1s, \u010di preferujete sk\u00f4r dizajn, alebo praktickos\u0165. Toto leto jednozna\u010dne vl\u00e1dnu jednoduch\u00e9, minimalistick\u00e9 a najm\u00e4 pohodln\u00e9.<\/p>\n\n\n\n<p>Pozrime sa najprv na tie praktick\u00e9. Ur\u010dite v\u00e1s m\u00f4\u017eu pote\u0161i\u0165 praktick\u00e9 kau\u010dukov\u00e9 \u0161\u013eapky, ktor\u00e9 s\u00fa ide\u00e1lne do vody, pokojne ich m\u00f4\u017eete cel\u00e9 namo\u010di\u0165 a v\u00f4bec ni\u010d sa im nestane. Rovnako dobr\u00fa slu\u017ebu v\u00e1m poskytne aj syntetika.<\/p>\n\n\n<shortcode prop-category=\"\u0160\u013eapky\" prop-load-num=\"12\" prop-display-num=\"4\" prop-sku=\"2230070288055, 5905588627777, 5905588458883, 5905588487142\" prop-view=\"slider\"><\/shortcode>        <div\r\n            class=\"eob-pf-shortcode\"\r\n            id=\"eobpf69f2dee5458fc\"\r\n        >\r\n            <shortcode prop-category=\"\u0160\u013eapky\" prop-load-num=\"12\" prop-display-num=\"4\" prop-sku=\"2230070288055, 5905588627777, 5905588458883, 5905588487142\" prop-view=\"slider\"><\/shortcode>        <\/div>\r\n\t\t<script>\r\n\t\t\tjQuery(document).ready(() => {\r\n\t\t\t    const root = document.getElementById('eobpf69f2dee5458fc');\r\n                Vue.createApp({\r\n\t                components: {\r\n\t                    shortcode\r\n\t                }\r\n                }).mount(root);\r\n\t\t\t});\r\n\t\t<\/script>\r\n\t\t\r\n\t\t\n\n\n\n<p><\/p>\n\n\n\n<h3 class=\"wp-block-heading\">Flip-flopy<\/h3>\n\n\n\n<p>Samozrejme, ak preferujete menej robustn\u00e9, ale st\u00e1le h\u013ead\u00e1te nie\u010do praktick\u00e9, m\u00f4\u017eete siahnu\u0165 po flip-flopoch. Treba ale h\u013eadie\u0165 na kvalitu, preto\u017ee asi ka\u017ed\u00e1 z n\u00e1s pozn\u00e1 ten moment, kedy sa ramienka uvo\u013enia. Preto\u017ee flip-flopy dr\u017eia iba na tenk\u00fdch ramienkach \u2013 zv\u00e4\u010d\u0161a. Musia by\u0165 jednoducho kvalitne pripevnen\u00e9.<\/p>\n\n\n<shortcode prop-category=\"\u0160\u013eapky\" prop-manufacturer=\"DeeZee\" prop-load-num=\"12\" prop-display-num=\"4\" prop-sku=\"5905588419211, 2230070287768, 5905588429357\" prop-view=\"slider\"><\/shortcode>        <div\r\n            class=\"eob-pf-shortcode\"\r\n            id=\"eobpf69f2dee545a02\"\r\n        >\r\n            <shortcode prop-category=\"\u0160\u013eapky\" prop-manufacturer=\"DeeZee\" prop-load-num=\"12\" prop-display-num=\"4\" prop-sku=\"5905588419211, 2230070287768, 5905588429357\" prop-view=\"slider\"><\/shortcode>        <\/div>\r\n\t\t<script>\r\n\t\t\tjQuery(document).ready(() => {\r\n\t\t\t    const root = document.getElementById('eobpf69f2dee545a02');\r\n                Vue.createApp({\r\n\t                components: {\r\n\t                    shortcode\r\n\t                }\r\n                }).mount(root);\r\n\t\t\t});\r\n\t\t<\/script>\r\n\t\t\r\n\t\t\n\n\n\n<p><\/p>\n\n\n\n<h3 class=\"wp-block-heading\">Kvalitn\u00e9 \u0161\u013eapky<\/h3>\n\n\n\n<p>Mo\u017eno ale preferujete \u0161\u013eapky, ktor\u00e9 m\u00f4\u017eete nosi\u0165 variabilnej\u0161ie, pokojne aj k elegantnej\u0161\u00edm outfitom. V tom pr\u00edpade odpor\u00fa\u010dame stavi\u0165 na ko\u017eu a neutr\u00e1lne farby. Ak sa obliekate rad\u0161ej do tmav\u00e9ho, tak napr\u00edklad \u010dierne \u010di tmavohned\u00e9, ak preferujete svetlej\u0161ie odtiene na leto, \u0161\u013eapky by mali by\u0165 natur\u00e1lnej\u0161ie, svetlej\u0161ie, b\u00e9\u017eov\u00e9 \u010di napr\u00edklad svetlohned\u00e9.<\/p>\n\n\n<shortcode prop-category=\"\u0160\u013eapky\" prop-manufacturer=\"Gino Rossi\" prop-load-num=\"12\" prop-display-num=\"4\" prop-sku=\"5905588374596, 5905588427957, 5905588344193, 5905588369103\" prop-view=\"slider\"><\/shortcode>        <div\r\n            class=\"eob-pf-shortcode\"\r\n            id=\"eobpf69f2dee545a3a\"\r\n        >\r\n            <shortcode prop-category=\"\u0160\u013eapky\" prop-manufacturer=\"Gino Rossi\" prop-load-num=\"12\" prop-display-num=\"4\" prop-sku=\"5905588374596, 5905588427957, 5905588344193, 5905588369103\" prop-view=\"slider\"><\/shortcode>        <\/div>\r\n\t\t<script>\r\n\t\t\tjQuery(document).ready(() => {\r\n\t\t\t    const root = document.getElementById('eobpf69f2dee545a3a');\r\n                Vue.createApp({\r\n\t                components: {\r\n\t                    shortcode\r\n\t                }\r\n                }).mount(root);\r\n\t\t\t});\r\n\t\t<\/script>\r\n\t\t\r\n\t\t\n\n\n\n<p><\/p>\n\n\n\n<h3 class=\"wp-block-heading\">M\u00e1te rady vy\u0161\u0161ie podp\u00e4tky \u010di platformy?<\/h3>\n\n\n\n<p>Faktom je, \u017ee na piesok sa \u00faplne nehodia, k baz\u00e9nom s\u00fa ale \u00faplne v poriadku. A celkovo s\u00fa v poriadku, ak pl\u00e1nujete svoje plavky nosi\u0165 nielen k vode, ale aj napr\u00edklad na tie prech\u00e1dzky.<\/p>\n\n\n<shortcode prop-category=\"\u0160\u013eapky\" prop-manufacturer=\"Badura\" prop-load-num=\"12\" prop-display-num=\"4\" prop-sku=\"5905588708476, 5905588598992, 5905588552277, 5905588306672\" prop-view=\"slider\"><\/shortcode>        <div\r\n            class=\"eob-pf-shortcode\"\r\n            id=\"eobpf69f2dee545a61\"\r\n        >\r\n            <shortcode prop-category=\"\u0160\u013eapky\" prop-manufacturer=\"Badura\" prop-load-num=\"12\" prop-display-num=\"4\" prop-sku=\"5905588708476, 5905588598992, 5905588552277, 5905588306672\" prop-view=\"slider\"><\/shortcode>        <\/div>\r\n\t\t<script>\r\n\t\t\tjQuery(document).ready(() => {\r\n\t\t\t    const root = document.getElementById('eobpf69f2dee545a61');\r\n                Vue.createApp({\r\n\t                components: {\r\n\t                    shortcode\r\n\t                }\r\n                }).mount(root);\r\n\t\t\t});\r\n\t\t<\/script>\r\n\t\t\r\n\t\t\n\n\n\n<p><\/p>\n\n\n\n<h2 class=\"wp-block-heading\">A nezabudnite na kabelky!<\/h2>\n\n\n\n<p>Aby ste si mali kam vlo\u017ei\u0165 uter\u00e1k, opa\u013eovac\u00ed kr\u00e9m, knihu \u010di \u010dasopis a \u010fal\u0161\u00edch p\u00e1r drobnost\u00ed, ur\u010dite potrebujete ta\u0161ku. \u0160t\u00fdlov\u00fa, ale aj praktick\u00fa.<\/p>\n\n\n\n<p>No a na dokonal\u00e9 dotvorenie outfitu nezabudnite na doplnky. Bi\u017eut\u00e9ria, \u0161perky \u2013 je to na va\u0161ej preferencii. Ale kr\u00e1sne n\u00e1u\u0161nice a retiazka, n\u00e1ramok na ruke i na nohe s\u00fa ur\u010dite t\u00fdm, \u010d\u00edm kr\u00e1sne pod\u010diarknete vyjadrenie va\u0161ej vlastnej osobnosti.<\/p>\n\n\n<shortcode prop-category=\"D\u00e1msk\u00e9 kabelky\" prop-manufacturer=\"Badura\" prop-load-num=\"12\" prop-display-num=\"4\" prop-sku=\"5905588654339, 5905588525929, 5904248209100, 5904248731984\" prop-view=\"slider\"><\/shortcode>        <div\r\n            class=\"eob-pf-shortcode\"\r\n            id=\"eobpf69f2dee545a85\"\r\n        >\r\n            <shortcode prop-category=\"D\u00e1msk\u00e9 kabelky\" prop-manufacturer=\"Badura\" prop-load-num=\"12\" prop-display-num=\"4\" prop-sku=\"5905588654339, 5905588525929, 5904248209100, 5904248731984\" prop-view=\"slider\"><\/shortcode>        <\/div>\r\n\t\t<script>\r\n\t\t\tjQuery(document).ready(() => {\r\n\t\t\t    const root = document.getElementById('eobpf69f2dee545a85');\r\n                Vue.createApp({\r\n\t                components: {\r\n\t                    shortcode\r\n\t                }\r\n                }).mount(root);\r\n\t\t\t});\r\n\t\t<\/script>\r\n\t\t\r\n\t\t\n\n\n\n<p><\/p>\n\n\n\n<p>Tak do toho! U\u017eite si leto. U\u017eite si ho presne tak\u00e1, ak\u00e1 ste.<\/p>\n","protected":false},"excerpt":{"rendered":"<p>Je \u00fa\u017easn\u00e9, ako sa vyv\u00edja na\u0161a spolo\u010dnos\u0165. Z d\u00e1m \u2013 Venu\u0161\u00ed \u2013 pln\u00fdch tvarov sme prepadli kultu dokonal\u00fdch a mo\u017eno a\u017e pr\u00edli\u0161 chud\u00fdch \u017eien, aby sme sa kone\u010dne dostali na cestu prijatia toho, \u017ee ka\u017ed\u00e1 m\u00f4\u017eeme vyzera\u0165 inak a na ka\u017edej z n\u00e1s je jednoducho nie\u010do kr\u00e1sne. Tak\u017ee z\u00e1kladnou pou\u010dkou toto leta je \u2013 v [&hellip;]<\/p>\n","protected":false},"author":22,"featured_media":8491,"comment_status":"open","ping_status":"open","sticky":false,"template":"","format":"standard","meta":{"_acf_changed":false,"footnotes":""},"categories":[4,6],"tags":[1004,717,695,721,665],"class_list":["post-8489","post","type-post","status-publish","format-standard","has-post-thumbnail","hentry","category-modne-tipy","category-trendy","tag-letne-kabelky","tag-letne-topanky","tag-leto","tag-plavky","tag-slapky"],"acf":[],"yoast_head":"<!-- This site is optimized with the Yoast SEO plugin v26.9 - https:\/\/yoast.com\/product\/yoast-seo-wordpress\/ -->\n<title>Leto 2024 na pl\u00e1\u017ei praje (kone\u010dne) v\u0161etk\u00fdm \u017een\u00e1m - blog.ccc.eu\/sk<\/title>\n<meta name=\"description\" content=\"Z d\u00e1m \u2013 Venu\u0161\u00ed \u2013 pln\u00fdch tvarov sme prepadli kultu dokonal\u00fdch a mo\u017eno a\u017e pr\u00edli\u0161 chud\u00fdch \u017eien. \u010co je ist\u00e9: ka\u017ed\u00e9 telo je &quot;bikini body!&quot; \ud83e\udd70\ud83c\udf1e 2026\" \/>\n<meta name=\"robots\" content=\"index, follow, max-snippet:-1, max-image-preview:large, max-video-preview:-1\" \/>\n<link rel=\"canonical\" href=\"https:\/\/blog.ccc.eu\/sk\/leto-2024-na-plazi-praje-konecne-vsetkym-zenam\/\" \/>\n<meta property=\"og:locale\" content=\"sk_SK\" \/>\n<meta property=\"og:type\" content=\"article\" \/>\n<meta property=\"og:title\" content=\"Leto 2024 na pl\u00e1\u017ei praje (kone\u010dne) v\u0161etk\u00fdm \u017een\u00e1m - blog.ccc.eu\/sk\" \/>\n<meta property=\"og:description\" content=\"Z d\u00e1m \u2013 Venu\u0161\u00ed \u2013 pln\u00fdch tvarov sme prepadli kultu dokonal\u00fdch a mo\u017eno a\u017e pr\u00edli\u0161 chud\u00fdch \u017eien. \u010co je ist\u00e9: ka\u017ed\u00e9 telo je &quot;bikini body!&quot; \ud83e\udd70\ud83c\udf1e\" \/>\n<meta property=\"og:url\" content=\"https:\/\/blog.ccc.eu\/sk\/leto-2024-na-plazi-praje-konecne-vsetkym-zenam\/\" \/>\n<meta property=\"og:site_name\" content=\"blog.ccc.eu\/sk\" \/>\n<meta property=\"article:published_time\" content=\"2024-06-14T07:31:40+00:00\" \/>\n<meta property=\"article:modified_time\" content=\"2024-07-24T15:14:04+00:00\" \/>\n<meta property=\"og:image\" content=\"https:\/\/blog.ccc.eu\/sk\/wp-content\/uploads\/2024\/06\/CCC_5905588573104_02M_1209-scaled.jpg\" \/>\n\t<meta property=\"og:image:width\" content=\"2560\" \/>\n\t<meta property=\"og:image:height\" content=\"1707\" \/>\n\t<meta property=\"og:image:type\" content=\"image\/jpeg\" \/>\n<meta name=\"author\" content=\"Kaja\" \/>\n<meta name=\"twitter:card\" content=\"summary_large_image\" \/>\n<meta name=\"twitter:label1\" content=\"Autor\" \/>\n\t<meta name=\"twitter:data1\" content=\"Kaja\" \/>\n\t<meta name=\"twitter:label2\" content=\"Predpokladan\u00fd \u010das \u010d\u00edtania\" \/>\n\t<meta name=\"twitter:data2\" content=\"6 min\u00fat\" \/>\n<script type=\"application\/ld+json\" class=\"yoast-schema-graph\">{\"@context\":\"https:\/\/schema.org\",\"@graph\":[{\"@type\":\"Article\",\"@id\":\"https:\/\/blog.ccc.eu\/sk\/leto-2024-na-plazi-praje-konecne-vsetkym-zenam\/#article\",\"isPartOf\":{\"@id\":\"https:\/\/blog.ccc.eu\/sk\/leto-2024-na-plazi-praje-konecne-vsetkym-zenam\/\"},\"author\":{\"name\":\"Kaja\",\"@id\":\"https:\/\/blog.ccc.eu\/sk\/#\/schema\/person\/399beb3452b4976df83fb9268601a994\"},\"headline\":\"Leto 2024 na pl\u00e1\u017ei praje (kone\u010dne) v\u0161etk\u00fdm \u017een\u00e1m\",\"datePublished\":\"2024-06-14T07:31:40+00:00\",\"dateModified\":\"2024-07-24T15:14:04+00:00\",\"mainEntityOfPage\":{\"@id\":\"https:\/\/blog.ccc.eu\/sk\/leto-2024-na-plazi-praje-konecne-vsetkym-zenam\/\"},\"wordCount\":1089,\"commentCount\":0,\"publisher\":{\"@id\":\"https:\/\/blog.ccc.eu\/sk\/#organization\"},\"image\":{\"@id\":\"https:\/\/blog.ccc.eu\/sk\/leto-2024-na-plazi-praje-konecne-vsetkym-zenam\/#primaryimage\"},\"thumbnailUrl\":\"https:\/\/blog.ccc.eu\/sk\/wp-content\/uploads\/2024\/06\/CCC_5905588573104_02M_1209-scaled.jpg\",\"keywords\":[\"letn\u00e9 kabelky\",\"letn\u00e9 top\u00e1nky\",\"leto\",\"plavky\",\"\u0161\u013eapky\"],\"articleSection\":[\"M\u00d3DNE TIPY\",\"trendy\"],\"inLanguage\":\"sk-SK\",\"potentialAction\":[{\"@type\":\"CommentAction\",\"name\":\"Comment\",\"target\":[\"https:\/\/blog.ccc.eu\/sk\/leto-2024-na-plazi-praje-konecne-vsetkym-zenam\/#respond\"]}]},{\"@type\":\"WebPage\",\"@id\":\"https:\/\/blog.ccc.eu\/sk\/leto-2024-na-plazi-praje-konecne-vsetkym-zenam\/\",\"url\":\"https:\/\/blog.ccc.eu\/sk\/leto-2024-na-plazi-praje-konecne-vsetkym-zenam\/\",\"name\":\"Leto 2024 na pl\u00e1\u017ei praje (kone\u010dne) v\u0161etk\u00fdm \u017een\u00e1m - blog.ccc.eu\/sk\",\"isPartOf\":{\"@id\":\"https:\/\/blog.ccc.eu\/sk\/#website\"},\"primaryImageOfPage\":{\"@id\":\"https:\/\/blog.ccc.eu\/sk\/leto-2024-na-plazi-praje-konecne-vsetkym-zenam\/#primaryimage\"},\"image\":{\"@id\":\"https:\/\/blog.ccc.eu\/sk\/leto-2024-na-plazi-praje-konecne-vsetkym-zenam\/#primaryimage\"},\"thumbnailUrl\":\"https:\/\/blog.ccc.eu\/sk\/wp-content\/uploads\/2024\/06\/CCC_5905588573104_02M_1209-scaled.jpg\",\"datePublished\":\"2024-06-14T07:31:40+00:00\",\"dateModified\":\"2024-07-24T15:14:04+00:00\",\"description\":\"Z d\u00e1m \u2013 Venu\u0161\u00ed \u2013 pln\u00fdch tvarov sme prepadli kultu dokonal\u00fdch a mo\u017eno a\u017e pr\u00edli\u0161 chud\u00fdch \u017eien. \u010co je ist\u00e9: ka\u017ed\u00e9 telo je \\\"bikini body!\\\" \ud83e\udd70\ud83c\udf1e\",\"breadcrumb\":{\"@id\":\"https:\/\/blog.ccc.eu\/sk\/leto-2024-na-plazi-praje-konecne-vsetkym-zenam\/#breadcrumb\"},\"inLanguage\":\"sk-SK\",\"potentialAction\":[{\"@type\":\"ReadAction\",\"target\":[\"https:\/\/blog.ccc.eu\/sk\/leto-2024-na-plazi-praje-konecne-vsetkym-zenam\/\"]}]},{\"@type\":\"ImageObject\",\"inLanguage\":\"sk-SK\",\"@id\":\"https:\/\/blog.ccc.eu\/sk\/leto-2024-na-plazi-praje-konecne-vsetkym-zenam\/#primaryimage\",\"url\":\"https:\/\/blog.ccc.eu\/sk\/wp-content\/uploads\/2024\/06\/CCC_5905588573104_02M_1209-scaled.jpg\",\"contentUrl\":\"https:\/\/blog.ccc.eu\/sk\/wp-content\/uploads\/2024\/06\/CCC_5905588573104_02M_1209-scaled.jpg\",\"width\":2560,\"height\":1707,\"caption\":\"letn\u00e1 kolekcia ccc\"},{\"@type\":\"BreadcrumbList\",\"@id\":\"https:\/\/blog.ccc.eu\/sk\/leto-2024-na-plazi-praje-konecne-vsetkym-zenam\/#breadcrumb\",\"itemListElement\":[{\"@type\":\"ListItem\",\"position\":1,\"name\":\"Strona g\u0142\u00f3wna\",\"item\":\"https:\/\/blog.ccc.eu\/sk\/\"},{\"@type\":\"ListItem\",\"position\":2,\"name\":\"Leto 2024 na pl\u00e1\u017ei praje (kone\u010dne) v\u0161etk\u00fdm \u017een\u00e1m\"}]},{\"@type\":\"WebSite\",\"@id\":\"https:\/\/blog.ccc.eu\/sk\/#website\",\"url\":\"https:\/\/blog.ccc.eu\/sk\/\",\"name\":\"blog.ccc.eu\/sk\",\"description\":\"Va\u0161e miesto pln\u00e9 m\u00f3dnych in\u0161pir\u00e1ci\u00ed\",\"publisher\":{\"@id\":\"https:\/\/blog.ccc.eu\/sk\/#organization\"},\"potentialAction\":[{\"@type\":\"SearchAction\",\"target\":{\"@type\":\"EntryPoint\",\"urlTemplate\":\"https:\/\/blog.ccc.eu\/sk\/?s={search_term_string}\"},\"query-input\":{\"@type\":\"PropertyValueSpecification\",\"valueRequired\":true,\"valueName\":\"search_term_string\"}}],\"inLanguage\":\"sk-SK\"},{\"@type\":\"Organization\",\"@id\":\"https:\/\/blog.ccc.eu\/sk\/#organization\",\"name\":\"CCC S.A.\",\"url\":\"https:\/\/blog.ccc.eu\/sk\/\",\"logo\":{\"@type\":\"ImageObject\",\"inLanguage\":\"sk-SK\",\"@id\":\"https:\/\/blog.ccc.eu\/sk\/#\/schema\/logo\/image\/\",\"url\":\"https:\/\/blog.ccc.eu\/sk\/wp-content\/uploads\/2021\/11\/logo_ccc.png\",\"contentUrl\":\"https:\/\/blog.ccc.eu\/sk\/wp-content\/uploads\/2021\/11\/logo_ccc.png\",\"width\":730,\"height\":270,\"caption\":\"CCC S.A.\"},\"image\":{\"@id\":\"https:\/\/blog.ccc.eu\/sk\/#\/schema\/logo\/image\/\"}},{\"@type\":\"Person\",\"@id\":\"https:\/\/blog.ccc.eu\/sk\/#\/schema\/person\/399beb3452b4976df83fb9268601a994\",\"name\":\"Kaja\",\"image\":{\"@type\":\"ImageObject\",\"inLanguage\":\"sk-SK\",\"@id\":\"https:\/\/blog.ccc.eu\/sk\/#\/schema\/person\/image\/\",\"url\":\"https:\/\/blog.ccc.eu\/sk\/wp-content\/uploads\/2024\/06\/white-1-100x100.jpg\",\"contentUrl\":\"https:\/\/blog.ccc.eu\/sk\/wp-content\/uploads\/2024\/06\/white-1-100x100.jpg\",\"caption\":\"Kaja\"},\"description\":\"U\u017e od pubert\u00e1lnych \u010dias sa venuje pr\u00e1ci v m\u00e9di\u00e1ch a p\u00edsaniu. Z kon\u00ed\u010dka sa stalo \u017eivobytie, ktor\u00e9 jej z\u00e1rove\u0148 dalo dostatok slobody na to, aby mohla pomerne ve\u013ea cestova\u0165 a spozn\u00e1va\u0165 svet a rozli\u010dn\u00e9 kult\u00fary. Energiu jej dod\u00e1va \u010d\u00edtanie kn\u00edh, voda a hudba.\",\"url\":\"https:\/\/blog.ccc.eu\/sk\/author\/perlamakovienka-sk\/\"}]}<\/script>\n<!-- \/ Yoast SEO plugin. -->","yoast_head_json":{"title":"Leto 2024 na pl\u00e1\u017ei praje (kone\u010dne) v\u0161etk\u00fdm \u017een\u00e1m - blog.ccc.eu\/sk","description":"Z d\u00e1m \u2013 Venu\u0161\u00ed \u2013 pln\u00fdch tvarov sme prepadli kultu dokonal\u00fdch a mo\u017eno a\u017e pr\u00edli\u0161 chud\u00fdch \u017eien. \u010co je ist\u00e9: ka\u017ed\u00e9 telo je \"bikini body!\" \ud83e\udd70\ud83c\udf1e 2026","robots":{"index":"index","follow":"follow","max-snippet":"max-snippet:-1","max-image-preview":"max-image-preview:large","max-video-preview":"max-video-preview:-1"},"canonical":"https:\/\/blog.ccc.eu\/sk\/leto-2024-na-plazi-praje-konecne-vsetkym-zenam\/","og_locale":"sk_SK","og_type":"article","og_title":"Leto 2024 na pl\u00e1\u017ei praje (kone\u010dne) v\u0161etk\u00fdm \u017een\u00e1m - blog.ccc.eu\/sk","og_description":"Z d\u00e1m \u2013 Venu\u0161\u00ed \u2013 pln\u00fdch tvarov sme prepadli kultu dokonal\u00fdch a mo\u017eno a\u017e pr\u00edli\u0161 chud\u00fdch \u017eien. \u010co je ist\u00e9: ka\u017ed\u00e9 telo je \"bikini body!\" \ud83e\udd70\ud83c\udf1e","og_url":"https:\/\/blog.ccc.eu\/sk\/leto-2024-na-plazi-praje-konecne-vsetkym-zenam\/","og_site_name":"blog.ccc.eu\/sk","article_published_time":"2024-06-14T07:31:40+00:00","article_modified_time":"2024-07-24T15:14:04+00:00","og_image":[{"width":2560,"height":1707,"url":"https:\/\/blog.ccc.eu\/sk\/wp-content\/uploads\/2024\/06\/CCC_5905588573104_02M_1209-scaled.jpg","type":"image\/jpeg"}],"author":"Kaja","twitter_card":"summary_large_image","twitter_misc":{"Autor":"Kaja","Predpokladan\u00fd \u010das \u010d\u00edtania":"6 min\u00fat"},"schema":{"@context":"https:\/\/schema.org","@graph":[{"@type":"Article","@id":"https:\/\/blog.ccc.eu\/sk\/leto-2024-na-plazi-praje-konecne-vsetkym-zenam\/#article","isPartOf":{"@id":"https:\/\/blog.ccc.eu\/sk\/leto-2024-na-plazi-praje-konecne-vsetkym-zenam\/"},"author":{"name":"Kaja","@id":"https:\/\/blog.ccc.eu\/sk\/#\/schema\/person\/399beb3452b4976df83fb9268601a994"},"headline":"Leto 2024 na pl\u00e1\u017ei praje (kone\u010dne) v\u0161etk\u00fdm \u017een\u00e1m","datePublished":"2024-06-14T07:31:40+00:00","dateModified":"2024-07-24T15:14:04+00:00","mainEntityOfPage":{"@id":"https:\/\/blog.ccc.eu\/sk\/leto-2024-na-plazi-praje-konecne-vsetkym-zenam\/"},"wordCount":1089,"commentCount":0,"publisher":{"@id":"https:\/\/blog.ccc.eu\/sk\/#organization"},"image":{"@id":"https:\/\/blog.ccc.eu\/sk\/leto-2024-na-plazi-praje-konecne-vsetkym-zenam\/#primaryimage"},"thumbnailUrl":"https:\/\/blog.ccc.eu\/sk\/wp-content\/uploads\/2024\/06\/CCC_5905588573104_02M_1209-scaled.jpg","keywords":["letn\u00e9 kabelky","letn\u00e9 top\u00e1nky","leto","plavky","\u0161\u013eapky"],"articleSection":["M\u00d3DNE TIPY","trendy"],"inLanguage":"sk-SK","potentialAction":[{"@type":"CommentAction","name":"Comment","target":["https:\/\/blog.ccc.eu\/sk\/leto-2024-na-plazi-praje-konecne-vsetkym-zenam\/#respond"]}]},{"@type":"WebPage","@id":"https:\/\/blog.ccc.eu\/sk\/leto-2024-na-plazi-praje-konecne-vsetkym-zenam\/","url":"https:\/\/blog.ccc.eu\/sk\/leto-2024-na-plazi-praje-konecne-vsetkym-zenam\/","name":"Leto 2024 na pl\u00e1\u017ei praje (kone\u010dne) v\u0161etk\u00fdm \u017een\u00e1m - blog.ccc.eu\/sk","isPartOf":{"@id":"https:\/\/blog.ccc.eu\/sk\/#website"},"primaryImageOfPage":{"@id":"https:\/\/blog.ccc.eu\/sk\/leto-2024-na-plazi-praje-konecne-vsetkym-zenam\/#primaryimage"},"image":{"@id":"https:\/\/blog.ccc.eu\/sk\/leto-2024-na-plazi-praje-konecne-vsetkym-zenam\/#primaryimage"},"thumbnailUrl":"https:\/\/blog.ccc.eu\/sk\/wp-content\/uploads\/2024\/06\/CCC_5905588573104_02M_1209-scaled.jpg","datePublished":"2024-06-14T07:31:40+00:00","dateModified":"2024-07-24T15:14:04+00:00","description":"Z d\u00e1m \u2013 Venu\u0161\u00ed \u2013 pln\u00fdch tvarov sme prepadli kultu dokonal\u00fdch a mo\u017eno a\u017e pr\u00edli\u0161 chud\u00fdch \u017eien. \u010co je ist\u00e9: ka\u017ed\u00e9 telo je \"bikini body!\" \ud83e\udd70\ud83c\udf1e","breadcrumb":{"@id":"https:\/\/blog.ccc.eu\/sk\/leto-2024-na-plazi-praje-konecne-vsetkym-zenam\/#breadcrumb"},"inLanguage":"sk-SK","potentialAction":[{"@type":"ReadAction","target":["https:\/\/blog.ccc.eu\/sk\/leto-2024-na-plazi-praje-konecne-vsetkym-zenam\/"]}]},{"@type":"ImageObject","inLanguage":"sk-SK","@id":"https:\/\/blog.ccc.eu\/sk\/leto-2024-na-plazi-praje-konecne-vsetkym-zenam\/#primaryimage","url":"https:\/\/blog.ccc.eu\/sk\/wp-content\/uploads\/2024\/06\/CCC_5905588573104_02M_1209-scaled.jpg","contentUrl":"https:\/\/blog.ccc.eu\/sk\/wp-content\/uploads\/2024\/06\/CCC_5905588573104_02M_1209-scaled.jpg","width":2560,"height":1707,"caption":"letn\u00e1 kolekcia ccc"},{"@type":"BreadcrumbList","@id":"https:\/\/blog.ccc.eu\/sk\/leto-2024-na-plazi-praje-konecne-vsetkym-zenam\/#breadcrumb","itemListElement":[{"@type":"ListItem","position":1,"name":"Strona g\u0142\u00f3wna","item":"https:\/\/blog.ccc.eu\/sk\/"},{"@type":"ListItem","position":2,"name":"Leto 2024 na pl\u00e1\u017ei praje (kone\u010dne) v\u0161etk\u00fdm \u017een\u00e1m"}]},{"@type":"WebSite","@id":"https:\/\/blog.ccc.eu\/sk\/#website","url":"https:\/\/blog.ccc.eu\/sk\/","name":"blog.ccc.eu\/sk","description":"Va\u0161e miesto pln\u00e9 m\u00f3dnych in\u0161pir\u00e1ci\u00ed","publisher":{"@id":"https:\/\/blog.ccc.eu\/sk\/#organization"},"potentialAction":[{"@type":"SearchAction","target":{"@type":"EntryPoint","urlTemplate":"https:\/\/blog.ccc.eu\/sk\/?s={search_term_string}"},"query-input":{"@type":"PropertyValueSpecification","valueRequired":true,"valueName":"search_term_string"}}],"inLanguage":"sk-SK"},{"@type":"Organization","@id":"https:\/\/blog.ccc.eu\/sk\/#organization","name":"CCC S.A.","url":"https:\/\/blog.ccc.eu\/sk\/","logo":{"@type":"ImageObject","inLanguage":"sk-SK","@id":"https:\/\/blog.ccc.eu\/sk\/#\/schema\/logo\/image\/","url":"https:\/\/blog.ccc.eu\/sk\/wp-content\/uploads\/2021\/11\/logo_ccc.png","contentUrl":"https:\/\/blog.ccc.eu\/sk\/wp-content\/uploads\/2021\/11\/logo_ccc.png","width":730,"height":270,"caption":"CCC S.A."},"image":{"@id":"https:\/\/blog.ccc.eu\/sk\/#\/schema\/logo\/image\/"}},{"@type":"Person","@id":"https:\/\/blog.ccc.eu\/sk\/#\/schema\/person\/399beb3452b4976df83fb9268601a994","name":"Kaja","image":{"@type":"ImageObject","inLanguage":"sk-SK","@id":"https:\/\/blog.ccc.eu\/sk\/#\/schema\/person\/image\/","url":"https:\/\/blog.ccc.eu\/sk\/wp-content\/uploads\/2024\/06\/white-1-100x100.jpg","contentUrl":"https:\/\/blog.ccc.eu\/sk\/wp-content\/uploads\/2024\/06\/white-1-100x100.jpg","caption":"Kaja"},"description":"U\u017e od pubert\u00e1lnych \u010dias sa venuje pr\u00e1ci v m\u00e9di\u00e1ch a p\u00edsaniu. Z kon\u00ed\u010dka sa stalo \u017eivobytie, ktor\u00e9 jej z\u00e1rove\u0148 dalo dostatok slobody na to, aby mohla pomerne ve\u013ea cestova\u0165 a spozn\u00e1va\u0165 svet a rozli\u010dn\u00e9 kult\u00fary. Energiu jej dod\u00e1va \u010d\u00edtanie kn\u00edh, voda a hudba.","url":"https:\/\/blog.ccc.eu\/sk\/author\/perlamakovienka-sk\/"}]}},"_links":{"self":[{"href":"https:\/\/blog.ccc.eu\/sk\/wp-json\/wp\/v2\/posts\/8489","targetHints":{"allow":["GET"]}}],"collection":[{"href":"https:\/\/blog.ccc.eu\/sk\/wp-json\/wp\/v2\/posts"}],"about":[{"href":"https:\/\/blog.ccc.eu\/sk\/wp-json\/wp\/v2\/types\/post"}],"author":[{"embeddable":true,"href":"https:\/\/blog.ccc.eu\/sk\/wp-json\/wp\/v2\/users\/22"}],"replies":[{"embeddable":true,"href":"https:\/\/blog.ccc.eu\/sk\/wp-json\/wp\/v2\/comments?post=8489"}],"version-history":[{"count":11,"href":"https:\/\/blog.ccc.eu\/sk\/wp-json\/wp\/v2\/posts\/8489\/revisions"}],"predecessor-version":[{"id":8527,"href":"https:\/\/blog.ccc.eu\/sk\/wp-json\/wp\/v2\/posts\/8489\/revisions\/8527"}],"wp:featuredmedia":[{"embeddable":true,"href":"https:\/\/blog.ccc.eu\/sk\/wp-json\/wp\/v2\/media\/8491"}],"wp:attachment":[{"href":"https:\/\/blog.ccc.eu\/sk\/wp-json\/wp\/v2\/media?parent=8489"}],"wp:term":[{"taxonomy":"category","embeddable":true,"href":"https:\/\/blog.ccc.eu\/sk\/wp-json\/wp\/v2\/categories?post=8489"},{"taxonomy":"post_tag","embeddable":true,"href":"https:\/\/blog.ccc.eu\/sk\/wp-json\/wp\/v2\/tags?post=8489"}],"curies":[{"name":"wp","href":"https:\/\/api.w.org\/{rel}","templated":true}]}}