{"id":8504,"date":"2024-06-15T10:29:00","date_gmt":"2024-06-15T08:29:00","guid":{"rendered":"https:\/\/blog.ccc.eu\/sk\/?p=8504"},"modified":"2024-07-24T17:13:29","modified_gmt":"2024-07-24T15:13:29","slug":"budte-hrdinkami-leta-vasich-deti","status":"publish","type":"post","link":"https:\/\/blog.ccc.eu\/sk\/budte-hrdinkami-leta-vasich-deti\/","title":{"rendered":"Bu\u010fte hrdinkami leta va\u0161ich det\u00ed!"},"content":{"rendered":"\n<p><strong><em>Jasn\u00e9, v\u017edy ste ich hrdinkami, ale m\u00f4\u017eete si trochu \u201c\u0161plhn\u00fa\u0165\u201d a by\u0165 nimi e\u0161te viac. Kto by to nevyu\u017eil, no nie? A najlep\u0161ie na tom je, \u017ee jednou z mo\u017enost\u00ed, ako si z\u00edska\u0165 hrdinstvo v o\u010diach na\u0161ich mal\u00fdch-ve\u013ek\u00fdch l\u00e1sok je \u2013 napr\u00edklad aj cez top\u00e1nky!<\/em><\/strong><\/p>\n\n\n\n<figure class=\"wp-block-gallery has-nested-images columns-default is-cropped wp-block-gallery-1 is-layout-flex wp-block-gallery-is-layout-flex\">\n<figure class=\"wp-block-image size-large\"><a href=\"https:\/\/ccc.eu\/sk\/kabelky\/batohy\/ruksak-paw-patrol-acccs-ss24-412paw-tmavomodra\"><img loading=\"lazy\" decoding=\"async\" width=\"683\" height=\"1024\" data-id=\"8507\" src=\"https:\/\/blog.ccc.eu\/sk\/wp-content\/uploads\/2024\/06\/CCC_5905588590606_01-683x1024.jpg\" alt=\"\" class=\"wp-image-8507\" srcset=\"https:\/\/blog.ccc.eu\/sk\/wp-content\/uploads\/2024\/06\/CCC_5905588590606_01-683x1024.jpg 683w, https:\/\/blog.ccc.eu\/sk\/wp-content\/uploads\/2024\/06\/CCC_5905588590606_01-200x300.jpg 200w, https:\/\/blog.ccc.eu\/sk\/wp-content\/uploads\/2024\/06\/CCC_5905588590606_01-768x1152.jpg 768w, https:\/\/blog.ccc.eu\/sk\/wp-content\/uploads\/2024\/06\/CCC_5905588590606_01-100x150.jpg 100w, https:\/\/blog.ccc.eu\/sk\/wp-content\/uploads\/2024\/06\/CCC_5905588590606_01.jpg 876w\" sizes=\"auto, (max-width: 683px) 100vw, 683px\" \/><\/a><\/figure>\n\n\n\n<figure class=\"wp-block-image size-large\"><a href=\"https:\/\/ccc.eu\/sk\/kabelky\/kufre\/kufor-paw-patrol-acccs-ss24-230paw-s-ruzova\"><img loading=\"lazy\" decoding=\"async\" width=\"683\" height=\"1024\" data-id=\"8508\" src=\"https:\/\/blog.ccc.eu\/sk\/wp-content\/uploads\/2024\/06\/CCC_5905588600985_01-683x1024.jpg\" alt=\"\" class=\"wp-image-8508\" srcset=\"https:\/\/blog.ccc.eu\/sk\/wp-content\/uploads\/2024\/06\/CCC_5905588600985_01-683x1024.jpg 683w, https:\/\/blog.ccc.eu\/sk\/wp-content\/uploads\/2024\/06\/CCC_5905588600985_01-200x300.jpg 200w, https:\/\/blog.ccc.eu\/sk\/wp-content\/uploads\/2024\/06\/CCC_5905588600985_01-768x1152.jpg 768w, https:\/\/blog.ccc.eu\/sk\/wp-content\/uploads\/2024\/06\/CCC_5905588600985_01-100x150.jpg 100w, https:\/\/blog.ccc.eu\/sk\/wp-content\/uploads\/2024\/06\/CCC_5905588600985_01.jpg 876w\" sizes=\"auto, (max-width: 683px) 100vw, 683px\" \/><\/a><\/figure>\n<\/figure>\n\n\n\n<p><em>Mo\u017eno to znie \u00fasmevne, ale spome\u0148te si sami na seba, na svoje detstvo. Kto z n\u00e1s net\u00fa\u017eil po obr\u00e1zkoch, trblietkach a svojich ob\u013e\u00faben\u00fdch hrdinoch \u00faplne v\u0161ade? A s\u00edce sme my u\u017e na tieto t\u00fa\u017eby mo\u017eno zabudli, rovnako ich maj\u00fa na\u0161e deti. A s\u00edce my ich u\u017e za tak\u00e9 d\u00f4le\u017eit\u00e9 a naliehav\u00e9 ako v na\u0161om detstve nepova\u017eujeme, na\u0161e deti t\u00fato d\u00f4le\u017eitos\u0165 a naliehavos\u0165 pre\u017e\u00edvaj\u00fa.<\/em><\/p>\n\n\n\n<p><em>Tak sa po\u010fme pozrie\u0165 na to, \u010d\u00edm im m\u00f4\u017eeme urobi\u0165 rados\u0165.<\/em><\/p>\n\n\n\n<h2 class=\"wp-block-heading\">Labkov\u00e1 patrola!<\/h2>\n\n\n\n<p>Uzn\u00e1vame, asi ka\u017ed\u00fd rodi\u010d sa za\u017eil okamih, kedy mu mal\u00ed roztomil\u00ed ps\u00ed\u010dkovia i\u0161li poriadne na nervy. Ale na\u0161im de\u0165om nie, ony ich miluj\u00fa. Ma\u0165 top\u00e1nky so svoj\u00edm ps\u00edm mil\u00e1\u010dikom bude splnen\u00fd sen aj v\u00e1\u0161ho die\u0165a\u0165a. Mimochodom, vedeli ste, \u017ee minul\u00fd rok osl\u00e1vil tento p\u00f4vodne kanadsk\u00fd telev\u00edzny seri\u00e1l u\u017e 10 rokov? Teda, lep\u0161ie povedan\u00e9 \u2013 u\u017e je to cel\u00fdch 70 ps\u00edch rokov, resp. toho roku u\u017e 77 ps\u00edch rokov! Ako spr\u00e1vny rodi\u010d by ste ich mali v\u0161etk\u00fdch pozna\u0165, tak si to pekne zopakujme, aby ste va\u0161im de\u0165om rozumeli, ke\u010f v\u00e1m bud\u00fa vysvet\u013eova\u0165, koho konkr\u00e9tne na svojich tenisk\u00e1ch \u010di sand\u00e1lkach chc\u00fa.<\/p>\n\n\n\n<p><strong>Chase<\/strong> \u2013 nemeck\u00fd ov\u010diak, policajn\u00fd a dopravn\u00fd pes, ktor\u00fd je zodpovedn\u00fd a na misi\u00e1ch \u010dasto preber\u00e1 vedenie.<\/p>\n\n\n\n<p><strong>Everest<\/strong> \u2013 su\u010dka sib\u00edrskeho huskyho, ktorej hlavnou \u00falohou je odprat\u00e1vanie snehu.<\/p>\n\n\n\n<p><strong>Marshall<\/strong> \u2013 dalmat\u00ednec, hasi\u010d, ktor\u00fd z\u00e1rove\u0148 poskytuje prv\u00fa pomoc, ak je to potrebn\u00e9.<\/p>\n\n\n\n<p><strong>Skye<\/strong> \u2013 su\u010dka kr\u00ed\u017eenca pudl\u00edka a koker\u0161paniela, ktor\u00e1 ovl\u00e1da svoje mechanick\u00e9 kr\u00eddla a vrtu\u013en\u00edk.<\/p>\n\n\n\n<p><strong>Rocky<\/strong> \u2013 kr\u00ed\u017eenec, ktor\u00fd je dokonal\u00fdm oprav\u00e1rom a triedi\u010dom odpadkov.<\/p>\n\n\n\n<p><strong>Rubble<\/strong> \u2013 americk\u00fd buldog, ktor\u00fd vie v\u0161etko postavi\u0165, opravuje \u017eeleznice a prepravuje n\u00e1kladn\u00e9 z\u00e1soby.<\/p>\n\n\n\n<p><strong>Tracker<\/strong> \u2013 odv\u00e1\u017eny kr\u00ed\u017eenec s v\u00fdnimo\u010dne dobr\u00fdm sluchom.<\/p>\n\n\n\n<p><strong>Zuma<\/strong> \u2013 labrador, ktor\u00fd vynik\u00e1 najm\u00e4 pri vodn\u00fdch z\u00e1chrann\u00fdch akci\u00e1ch.<\/p>\n\n\n\n<p><strong>Liberty<\/strong> \u2013 najnov\u0161ia \u010dlenka patroly, ne\u00fanavn\u00e1, nevzd\u00e1vaj\u00faca sa a v\u00fdborn\u00e1 vodi\u010dka svojej perfektnej motorky.<\/p>\n\n\n\n<p>Top\u00e1no\u010dky s mil\u00fdmi ps\u00edmi z\u00e1chran\u00e1rmi zo\u017eeniete v dizajnoch, ktor\u00e9 v lete pote\u0161ia. Top\u00e1no\u010dky vhodn\u00e9 do vody i sand\u00e1lky na prech\u00e1dzky a behania. A, samozrejme, do tenisiek tematick\u00e9 pono\u017eky.<\/p>\n\n\n<shortcode prop-manufacturer=\"Paw Patrol\" prop-load-num=\"12\" prop-display-num=\"4\" prop-sku=\"5905588507147, 5905588573975, 5904862523712, 5905588650751, 5905588650782\" prop-view=\"slider\"><\/shortcode>        <div\r\n            class=\"eob-pf-shortcode\"\r\n            id=\"eobpf69f2c9a06769b\"\r\n        >\r\n            <shortcode prop-manufacturer=\"Paw Patrol\" prop-load-num=\"12\" prop-display-num=\"4\" prop-sku=\"5905588507147, 5905588573975, 5904862523712, 5905588650751, 5905588650782\" prop-view=\"slider\"><\/shortcode>        <\/div>\r\n\t\t<script>\r\n\t\t\tjQuery(document).ready(() => {\r\n\t\t\t    const root = document.getElementById('eobpf69f2c9a06769b');\r\n                Vue.createApp({\r\n\t                components: {\r\n\t                    shortcode\r\n\t                }\r\n                }).mount(root);\r\n\t\t\t});\r\n\t\t<\/script>\r\n\t\t\r\n\t\t\n\n\n\n<p><\/p>\n\n\n\n<h2 class=\"wp-block-heading\">Nesmrte\u013en\u00fd Mickey Mouse a jeho priatelia<\/h2>\n\n\n\n<p>\u010clovek by mo\u017eno aj \u010dakal, \u017ee postavi\u010dky, na ktor\u00fdch sme vyrastali my, s\u00fa u\u017e dnes out. Ale nie je to tak, Mickey a jeho priatelia s\u00fa, zd\u00e1 sa, naozaj nesmrte\u013en\u00ed. K\u00fdm ps\u00ed z\u00e1chran\u00e1ri s\u00fa mil\u00ed a a\u017e tak ve\u013emi nevystr\u00e1jaj\u00fa, Mickey a jeho kamo\u0161i s\u00fa ob\u010das aj poriadne vystr\u00e1jaj\u00faci a ich charaktery nie s\u00fa v\u017edy \u00faplne \u201c\u010dist\u00e9\u201d. Jednoducho, maj\u00fa aj svoje tienist\u00e9 str\u00e1nky a aj deti pripravuj\u00fa na to, \u017ee v \u017eivote stretn\u00fa rozli\u010dn\u00e9 charaktery.<\/p>\n\n\n\n<p>Tu je p\u00e1r piko\u0161iek, ktor\u00e9 v\u00e1m ur\u010dite pripomen\u00fa aj va\u0161e detstvo a vr\u00e1tia v\u00e1m pocit, \u017ee Mickey a jeho partia s\u00fa ozajstn\u00ed hrdinovia!<\/p>\n\n\n\n<ul class=\"wp-block-list\">\n<li>Mickey si \u201czahral\u201d vo viac ako 121 filmov\u00fdch tituloch, \u010di u\u017e kr\u00e1tkych, alebo aj celove\u010dern\u00fdch.<\/li>\n\n\n\n<li>Mickey sa stal prvou kreslenou postavi\u010dkou, ktor\u00e1 z\u00edskala vlastn\u00fa hviezdu na hollywoodskom Chodn\u00edku sl\u00e1vy, stalo sa tak 18. novembra 1978.<\/li>\n\n\n\n<li>V rozli\u010dn\u00fdch \u010dastiach sveta m\u00e1 Mickey rozli\u010dn\u00e9 men\u00e1, napr\u00edklad vo \u0160v\u00e9dsku ho poznaj\u00fa ako Musse Pigg, v \u010c\u00edne ako Mi Lao Shu a v Taliansku ako Topolino.<\/li>\n\n\n\n<li>Ako sa hovor\u00ed, za v\u0161etk\u00fdm h\u013eadaj \u017eenu a tak to bolo aj v rodine Disneyovcov, kedy Walt vymyslel pre my\u0161iaka meno Mortimer, ale jeho man\u017eelka Lillian mala pocit, \u017ee to nebude fungova\u0165 a navrhla Mickeyho.<\/li>\n\n\n\n<li>Prv\u00fdm, kto dal kreslenej postavi\u010dke hlas, bol jej samotn\u00fd autor Walt Disney.<\/li>\n\n\n\n<li>Mickey sa dokonca dvakr\u00e1t objavil aj na ude\u013eovan\u00ed Oscara\u00ae, a to v rokoch 1988 a 2003, v oboch pr\u00edpadoch odovzdal ocenenie za Najlep\u0161\u00ed kr\u00e1tky animovan\u00fd film.<\/li>\n\n\n\n<li>Mickeyho svet je pln\u00fd priate\u013estiev, a teda ob\u013e\u00faben\u00fdch postavi\u010diek, medzi ktor\u00e9 patria milovan\u00e1 Minnie Mouse, k\u00e1\u010der Donald Duck, jeho str\u00fdko Dr\u017egro\u0161 a synovcovia Hui, Dui a Lui a mil\u00e1 Daisy Duck, ale aj Pluto \u010di Goofy a mnoh\u00ed \u010fal\u0161\u00ed.<\/li>\n\n\n\n<li>Mimochodom, k\u00e1\u010der Donald toho roku oslavuje svoje 90. narodeniny!<\/li>\n<\/ul>\n\n\n<shortcode prop-manufacturer=\"Mickey&amp;Friends\" prop-load-num=\"12\" prop-display-num=\"4\" prop-sku=\"5905588560104, 5904862762944, 590486276894, 5905588391258, 5905588452775, 5905588106210\" prop-view=\"slider\"><\/shortcode>        <div\r\n            class=\"eob-pf-shortcode\"\r\n            id=\"eobpf69f2c9a0677b9\"\r\n        >\r\n            <shortcode prop-manufacturer=\"Mickey&amp;Friends\" prop-load-num=\"12\" prop-display-num=\"4\" prop-sku=\"5905588560104, 5904862762944, 590486276894, 5905588391258, 5905588452775, 5905588106210\" prop-view=\"slider\"><\/shortcode>        <\/div>\r\n\t\t<script>\r\n\t\t\tjQuery(document).ready(() => {\r\n\t\t\t    const root = document.getElementById('eobpf69f2c9a0677b9');\r\n                Vue.createApp({\r\n\t                components: {\r\n\t                    shortcode\r\n\t                }\r\n                }).mount(root);\r\n\t\t\t});\r\n\t\t<\/script>\r\n\t\t\r\n\t\t\n\n\n\n<p><\/p>\n\n\n\n<h2 class=\"wp-block-heading\">Milovan\u00fd svet Marvelu!<\/h2>\n\n\n\n<p>Marvel Universe. Zna\u010dka, ktor\u00e1 sa stala \u0161t\u00fdlom. Mo\u017eno ste na t\u00fdchto superhrdinoch vyrastali aj vy, preto\u017ee ve\u010f tie\u017e nie s\u00fa a\u017e tak mlad\u00ed \u010di nov\u00ed. Prv\u00fd Marvel komiks bol publikovan\u00fd v roku 1939 a v roku 2009 ich bolo u\u017e 32 000! \u00daprimne, orientova\u0165 sa vo svete Marvelu nie je v\u00f4bec jednoduch\u00e9 a ak chcete svojim de\u0165om sta\u010di\u0165, je potrebn\u00e9 si to jemne na\u0161tudova\u0165. Ale mo\u017eno v\u00e1m ve\u013ea zauj\u00edmavost\u00ed povedia aj samy, pr\u00edpadne si pam\u00e4t\u00e1te z detsk\u00fdch \u010dias. Ka\u017edop\u00e1dne, Marvelovky s\u00fa filmy, na ktor\u00e9 chodia cel\u00e9 rodiny s de\u0165mi od cca. teenage veku, komiksy v kn\u00edhkupectv\u00e1ch s\u00fa ale pre deti u\u017e od cca. 6 rokov a top\u00e1nky \u010di oble\u010denie chc\u00fa nosi\u0165 deti tie\u017e u\u017e na z\u00e1kladn\u00fdch \u0161kol\u00e1ch.<\/p>\n\n\n\n<p><\/p>\n\n\n\n<h2 class=\"wp-block-heading\">\u010co poveda\u0165 de\u0165om, aby zahviezdili medzi spolu\u017eiakmi?<\/h2>\n\n\n\n<p>Napr\u00edklad to, \u017ee prv\u00fdm superhrdinom Marvel sveta nebol Captain America, ako si to mnoh\u00ed myslia, ale Torch je o cel\u00e9 2 roky star\u0161\u00ed. Prv\u00fd Marvel film vznikol v roku 2008 a zarobil takmer 600 mili\u00f3nov dol\u00e1rov. Spider-Man by sa mal p\u00edsa\u0165 s poml\u010dkou a nie spolu. Jeho autori ho toti\u017e chceli aj takto odl\u00ed\u0161i\u0165 od Supermana.<\/p>\n\n\n\n<p>A tomuto asi neuver\u00edte: za\u010diatkom \u201990. rokov chcel Marvel Comics k\u00fapi\u0165 Michael Jackson, preto\u017ee si chcel Spider-Mana zahra\u0165! Pon\u00fakol 1 bili\u00f3n dol\u00e1rov, \u010do bolo v tom \u010dase ove\u013ea viac, ako spolo\u010dnos\u0165 \u010dakala. K dohode v\u0161ak napriek tomu nedo\u0161lo. Darmo, nie v\u0161etko sa d\u00e1 za peniaze k\u00fapi\u0165 a mo\u017eno je aj dobre, \u017ee sa tieto legendy nepomie\u0161ali.<\/p>\n\n\n\n<p>Mimochodom, toto leto bude Marvelom op\u00e4\u0165 \u017ei\u0165, koncom j\u00fala toti\u017e pr\u00edde do k\u00edn nov\u00e1 Marvelovka Deadpool &amp; Wolverine.<\/p>\n\n\n<shortcode prop-manufacturer=\"Spiderman\" prop-load-num=\"12\" prop-display-num=\"4\" prop-sku=\"5905588380221, 5905588488026, 5905588380405, 5904862771748, 5904862771670, 5905588628514\" prop-view=\"slider\"><\/shortcode>        <div\r\n            class=\"eob-pf-shortcode\"\r\n            id=\"eobpf69f2c9a0677f1\"\r\n        >\r\n            <shortcode prop-manufacturer=\"Spiderman\" prop-load-num=\"12\" prop-display-num=\"4\" prop-sku=\"5905588380221, 5905588488026, 5905588380405, 5904862771748, 5904862771670, 5905588628514\" prop-view=\"slider\"><\/shortcode>        <\/div>\r\n\t\t<script>\r\n\t\t\tjQuery(document).ready(() => {\r\n\t\t\t    const root = document.getElementById('eobpf69f2c9a0677f1');\r\n                Vue.createApp({\r\n\t                components: {\r\n\t                    shortcode\r\n\t                }\r\n                }).mount(root);\r\n\t\t\t});\r\n\t\t<\/script>\r\n\t\t\r\n\t\t\n\n\n\n<p><\/p>\n\n\n\n<h2 class=\"wp-block-heading\">Prispela aj Eur\u00f3pa, MOOMIN<\/h2>\n\n\n\n<p>Hoci sa zd\u00e1, \u017ee v\u0161etky milovan\u00e9 detsk\u00e9 postavi\u010dky poch\u00e1dzaj\u00fa z Ameriky, nie je to tak. Napr\u00edklad kr\u00e1sne estetick\u00ed MOOMINkovia poch\u00e1dzaj\u00fa zo \u0160v\u00e9dska a veru, ak by ste i\u0161li na v\u00fdlet napr\u00edklad do Stockholmu, stretnete ich na ka\u017edom kroku. \u0160v\u00e9di s\u00fa na tento po\u010din \u0161v\u00e9dsko-f\u00ednskej ilustr\u00e1torky a spisovate\u013eky Tove Jansson evidentne hrd\u00ed a jej dielo \u0161\u00edria na v\u0161etk\u00fdch mo\u017en\u00fdch suven\u00edroch, ale aj podstatne umeleckej\u0161\u00edch a estetickej\u0161\u00edch dielkach. <\/p>\n\n\n\n<p>Prv\u00e9ho MOOMINka Tove nakreslila po h\u00e1dke s jedn\u00fdm zo svojich bratov, ke\u010f chcela nakresli\u0165 \u010do naj\u0161kared\u0161iu kreat\u00farku. To e\u0161te netu\u0161ila, ak\u00e9 mil\u00e9 a nesmrte\u013en\u00e9 dielo sa jej podar\u00ed. Postavi\u010dka MOOMINa sa potom prv\u00fdkr\u00e1t objavila na verejnosti ako embl\u00e9m v protihitlerovskej karikat\u00fare, ktor\u00fa Tove uverejnila koncom 30. rokov 20. storo\u010dia. Medzin\u00e1rodn\u00fd \u00faspech pri\u0161iel v roku 1954, kedy MOOMIN komiks za\u010dali pravidelne vyd\u00e1va\u0165 lond\u00fdnske noviny Evening News. Kreslila ho Tove a nesk\u00f4r jej brat Lars. <\/p>\n\n\n\n<p>MOOMINkovia boli tak \u00faspe\u0161n\u00ed, \u017ee samotnej Tove i\u0161li niekedy na nervy. A\u017e tak, \u017ee si do svojho pozn\u00e1mkov\u00e9ho bloku nap\u00edsala, \u017ee o nich nechce u\u017e nikdy ni\u010d po\u010du\u0165. Zauj\u00edmavos\u0165ou ur\u010dite je, \u017ee v\u010faka MOOMINom sa jej darilo prekon\u00e1va\u0165 svoje \u017eivotn\u00e9 \u0165a\u017ekosti, vyrovn\u00e1va\u0165 sa s \u013eu\u010fmi. Pr\u00e1ve \u013eudia z jej okolia toti\u017e boli in\u0161pir\u00e1ciami pre jednotliv\u00e9 postavi\u010dky MOOMINov.<\/p>\n\n\n<shortcode prop-manufacturer=\"MOOMIN\" prop-load-num=\"12\" prop-display-num=\"4\" prop-sku=\"5905588594178, 5905588594048, 5905588555896, 5905588555261, 5905588106241\" prop-view=\"slider\"><\/shortcode>        <div\r\n            class=\"eob-pf-shortcode\"\r\n            id=\"eobpf69f2c9a067818\"\r\n        >\r\n            <shortcode prop-manufacturer=\"MOOMIN\" prop-load-num=\"12\" prop-display-num=\"4\" prop-sku=\"5905588594178, 5905588594048, 5905588555896, 5905588555261, 5905588106241\" prop-view=\"slider\"><\/shortcode>        <\/div>\r\n\t\t<script>\r\n\t\t\tjQuery(document).ready(() => {\r\n\t\t\t    const root = document.getElementById('eobpf69f2c9a067818');\r\n                Vue.createApp({\r\n\t                components: {\r\n\t                    shortcode\r\n\t                }\r\n                }).mount(root);\r\n\t\t\t});\r\n\t\t<\/script>\r\n\t\t\r\n\t\t\n\n\n\n<p><\/p>\n\n\n\n<p>Mo\u017eno ste si v\u0161imli, \u017ee k top\u00e1nkam sa kde-tu zat\u00falali aj kufre a ta\u0161ky. Preto\u017ee ve\u010f tie s\u00fa tie\u017e na leto potrebn\u00e9.<\/p>\n\n\n\n<p>\u010co je na t\u00fdchto postavi\u010dk\u00e1ch pod\u013ea n\u00e1s \u00faplne najviac \u201ccool,\u201d je to, \u017ee vyjadruj\u00fa aj osobnos\u0165 die\u0165a\u0165a. \u010ci je za srandi\u010dky, za superhrdinsk\u00e9 fantasy, za nejak\u00e9 hodnotnej\u0161ie v\u00edzie\u2026 to v\u0161etko sa d\u00e1 vy\u010d\u00edta\u0165 z toho, \u010do miluje, \u010do mu je bl\u00edzke. Ka\u017ed\u00e9 z toho je absol\u00fatne osobit\u00e9 a \u00fa\u017easn\u00e9, ni\u010d nie je viac a ni\u010d menej. Podporte deti v milovan\u00ed postavi\u010diek, ktor\u00e9 menia n\u00e1\u0161 svet u\u017e cel\u00e9 roky \u2013 a \u010dasto naozaj z\u00e1sadne.<\/p>\n","protected":false},"excerpt":{"rendered":"<p>Jasn\u00e9, v\u017edy ste ich hrdinkami, ale m\u00f4\u017eete si trochu \u201c\u0161plhn\u00fa\u0165\u201d a by\u0165 nimi e\u0161te viac. Kto by to nevyu\u017eil, no nie? A najlep\u0161ie na tom je, \u017ee jednou z mo\u017enost\u00ed, ako si z\u00edska\u0165 hrdinstvo v o\u010diach na\u0161ich mal\u00fdch-ve\u013ek\u00fdch l\u00e1sok je \u2013 napr\u00edklad aj cez top\u00e1nky! Mo\u017eno to znie \u00fasmevne, ale spome\u0148te si sami na seba, [&hellip;]<\/p>\n","protected":false},"author":22,"featured_media":8508,"comment_status":"open","ping_status":"open","sticky":false,"template":"","format":"standard","meta":{"_acf_changed":false,"footnotes":""},"categories":[4],"tags":[738,624,819,695],"class_list":["post-8504","post","type-post","status-publish","format-standard","has-post-thumbnail","hentry","category-modne-tipy","tag-deti","tag-detska-obuv","tag-detske-doplnky","tag-leto"],"acf":[],"yoast_head":"<!-- This site is optimized with the Yoast SEO plugin v26.9 - https:\/\/yoast.com\/product\/yoast-seo-wordpress\/ -->\n<title>Bu\u010fte hrdinkami leta va\u0161ich det\u00ed! - blog.ccc.eu\/sk<\/title>\n<meta name=\"description\" content=\"Jednou z mo\u017enost\u00ed, ako si z\u00edska\u0165 hrdinstvo v o\u010diach na\u0161ich mal\u00fdch-ve\u013ek\u00fdch l\u00e1sok je \u2013 napr\u00edklad aj cez detsk\u00e9 doplnky! \ud83c\udf1e\ud83e\uddd2 2026\" \/>\n<meta name=\"robots\" content=\"index, follow, max-snippet:-1, max-image-preview:large, max-video-preview:-1\" \/>\n<link rel=\"canonical\" href=\"https:\/\/blog.ccc.eu\/sk\/budte-hrdinkami-leta-vasich-deti\/\" \/>\n<meta property=\"og:locale\" content=\"sk_SK\" \/>\n<meta property=\"og:type\" content=\"article\" \/>\n<meta property=\"og:title\" content=\"Bu\u010fte hrdinkami leta va\u0161ich det\u00ed! - blog.ccc.eu\/sk\" \/>\n<meta property=\"og:description\" content=\"Jednou z mo\u017enost\u00ed, ako si z\u00edska\u0165 hrdinstvo v o\u010diach na\u0161ich mal\u00fdch-ve\u013ek\u00fdch l\u00e1sok je \u2013 napr\u00edklad aj cez detsk\u00e9 doplnky! \ud83c\udf1e\ud83e\uddd2\" \/>\n<meta property=\"og:url\" content=\"https:\/\/blog.ccc.eu\/sk\/budte-hrdinkami-leta-vasich-deti\/\" \/>\n<meta property=\"og:site_name\" content=\"blog.ccc.eu\/sk\" \/>\n<meta property=\"article:published_time\" content=\"2024-06-15T08:29:00+00:00\" \/>\n<meta property=\"article:modified_time\" content=\"2024-07-24T15:13:29+00:00\" \/>\n<meta property=\"og:image\" content=\"https:\/\/blog.ccc.eu\/sk\/wp-content\/uploads\/2024\/06\/CCC_5905588600985_01.jpg\" \/>\n\t<meta property=\"og:image:width\" content=\"876\" \/>\n\t<meta property=\"og:image:height\" content=\"1314\" \/>\n\t<meta property=\"og:image:type\" content=\"image\/jpeg\" \/>\n<meta name=\"author\" content=\"Kaja\" \/>\n<meta name=\"twitter:card\" content=\"summary_large_image\" \/>\n<meta name=\"twitter:label1\" content=\"Autor\" \/>\n\t<meta name=\"twitter:data1\" content=\"Kaja\" \/>\n\t<meta name=\"twitter:label2\" content=\"Predpokladan\u00fd \u010das \u010d\u00edtania\" \/>\n\t<meta name=\"twitter:data2\" content=\"8 min\u00fat\" \/>\n<script type=\"application\/ld+json\" class=\"yoast-schema-graph\">{\"@context\":\"https:\/\/schema.org\",\"@graph\":[{\"@type\":\"Article\",\"@id\":\"https:\/\/blog.ccc.eu\/sk\/budte-hrdinkami-leta-vasich-deti\/#article\",\"isPartOf\":{\"@id\":\"https:\/\/blog.ccc.eu\/sk\/budte-hrdinkami-leta-vasich-deti\/\"},\"author\":{\"name\":\"Kaja\",\"@id\":\"https:\/\/blog.ccc.eu\/sk\/#\/schema\/person\/399beb3452b4976df83fb9268601a994\"},\"headline\":\"Bu\u010fte hrdinkami leta va\u0161ich det\u00ed!\",\"datePublished\":\"2024-06-15T08:29:00+00:00\",\"dateModified\":\"2024-07-24T15:13:29+00:00\",\"mainEntityOfPage\":{\"@id\":\"https:\/\/blog.ccc.eu\/sk\/budte-hrdinkami-leta-vasich-deti\/\"},\"wordCount\":1532,\"commentCount\":0,\"publisher\":{\"@id\":\"https:\/\/blog.ccc.eu\/sk\/#organization\"},\"image\":{\"@id\":\"https:\/\/blog.ccc.eu\/sk\/budte-hrdinkami-leta-vasich-deti\/#primaryimage\"},\"thumbnailUrl\":\"https:\/\/blog.ccc.eu\/sk\/wp-content\/uploads\/2024\/06\/CCC_5905588600985_01.jpg\",\"keywords\":[\"deti\",\"detsk\u00e1 obuv\",\"detsk\u00e9 doplnky\",\"leto\"],\"articleSection\":[\"M\u00d3DNE TIPY\"],\"inLanguage\":\"sk-SK\",\"potentialAction\":[{\"@type\":\"CommentAction\",\"name\":\"Comment\",\"target\":[\"https:\/\/blog.ccc.eu\/sk\/budte-hrdinkami-leta-vasich-deti\/#respond\"]}]},{\"@type\":\"WebPage\",\"@id\":\"https:\/\/blog.ccc.eu\/sk\/budte-hrdinkami-leta-vasich-deti\/\",\"url\":\"https:\/\/blog.ccc.eu\/sk\/budte-hrdinkami-leta-vasich-deti\/\",\"name\":\"Bu\u010fte hrdinkami leta va\u0161ich det\u00ed! - blog.ccc.eu\/sk\",\"isPartOf\":{\"@id\":\"https:\/\/blog.ccc.eu\/sk\/#website\"},\"primaryImageOfPage\":{\"@id\":\"https:\/\/blog.ccc.eu\/sk\/budte-hrdinkami-leta-vasich-deti\/#primaryimage\"},\"image\":{\"@id\":\"https:\/\/blog.ccc.eu\/sk\/budte-hrdinkami-leta-vasich-deti\/#primaryimage\"},\"thumbnailUrl\":\"https:\/\/blog.ccc.eu\/sk\/wp-content\/uploads\/2024\/06\/CCC_5905588600985_01.jpg\",\"datePublished\":\"2024-06-15T08:29:00+00:00\",\"dateModified\":\"2024-07-24T15:13:29+00:00\",\"description\":\"Jednou z mo\u017enost\u00ed, ako si z\u00edska\u0165 hrdinstvo v o\u010diach na\u0161ich mal\u00fdch-ve\u013ek\u00fdch l\u00e1sok je \u2013 napr\u00edklad aj cez detsk\u00e9 doplnky! \ud83c\udf1e\ud83e\uddd2\",\"breadcrumb\":{\"@id\":\"https:\/\/blog.ccc.eu\/sk\/budte-hrdinkami-leta-vasich-deti\/#breadcrumb\"},\"inLanguage\":\"sk-SK\",\"potentialAction\":[{\"@type\":\"ReadAction\",\"target\":[\"https:\/\/blog.ccc.eu\/sk\/budte-hrdinkami-leta-vasich-deti\/\"]}]},{\"@type\":\"ImageObject\",\"inLanguage\":\"sk-SK\",\"@id\":\"https:\/\/blog.ccc.eu\/sk\/budte-hrdinkami-leta-vasich-deti\/#primaryimage\",\"url\":\"https:\/\/blog.ccc.eu\/sk\/wp-content\/uploads\/2024\/06\/CCC_5905588600985_01.jpg\",\"contentUrl\":\"https:\/\/blog.ccc.eu\/sk\/wp-content\/uploads\/2024\/06\/CCC_5905588600985_01.jpg\",\"width\":876,\"height\":1314,\"caption\":\"detsk\u00e1 ta\u0161ka ccc\"},{\"@type\":\"BreadcrumbList\",\"@id\":\"https:\/\/blog.ccc.eu\/sk\/budte-hrdinkami-leta-vasich-deti\/#breadcrumb\",\"itemListElement\":[{\"@type\":\"ListItem\",\"position\":1,\"name\":\"Strona g\u0142\u00f3wna\",\"item\":\"https:\/\/blog.ccc.eu\/sk\/\"},{\"@type\":\"ListItem\",\"position\":2,\"name\":\"Bu\u010fte hrdinkami leta va\u0161ich det\u00ed!\"}]},{\"@type\":\"WebSite\",\"@id\":\"https:\/\/blog.ccc.eu\/sk\/#website\",\"url\":\"https:\/\/blog.ccc.eu\/sk\/\",\"name\":\"blog.ccc.eu\/sk\",\"description\":\"Va\u0161e miesto pln\u00e9 m\u00f3dnych in\u0161pir\u00e1ci\u00ed\",\"publisher\":{\"@id\":\"https:\/\/blog.ccc.eu\/sk\/#organization\"},\"potentialAction\":[{\"@type\":\"SearchAction\",\"target\":{\"@type\":\"EntryPoint\",\"urlTemplate\":\"https:\/\/blog.ccc.eu\/sk\/?s={search_term_string}\"},\"query-input\":{\"@type\":\"PropertyValueSpecification\",\"valueRequired\":true,\"valueName\":\"search_term_string\"}}],\"inLanguage\":\"sk-SK\"},{\"@type\":\"Organization\",\"@id\":\"https:\/\/blog.ccc.eu\/sk\/#organization\",\"name\":\"CCC S.A.\",\"url\":\"https:\/\/blog.ccc.eu\/sk\/\",\"logo\":{\"@type\":\"ImageObject\",\"inLanguage\":\"sk-SK\",\"@id\":\"https:\/\/blog.ccc.eu\/sk\/#\/schema\/logo\/image\/\",\"url\":\"https:\/\/blog.ccc.eu\/sk\/wp-content\/uploads\/2021\/11\/logo_ccc.png\",\"contentUrl\":\"https:\/\/blog.ccc.eu\/sk\/wp-content\/uploads\/2021\/11\/logo_ccc.png\",\"width\":730,\"height\":270,\"caption\":\"CCC S.A.\"},\"image\":{\"@id\":\"https:\/\/blog.ccc.eu\/sk\/#\/schema\/logo\/image\/\"}},{\"@type\":\"Person\",\"@id\":\"https:\/\/blog.ccc.eu\/sk\/#\/schema\/person\/399beb3452b4976df83fb9268601a994\",\"name\":\"Kaja\",\"image\":{\"@type\":\"ImageObject\",\"inLanguage\":\"sk-SK\",\"@id\":\"https:\/\/blog.ccc.eu\/sk\/#\/schema\/person\/image\/\",\"url\":\"https:\/\/blog.ccc.eu\/sk\/wp-content\/uploads\/2024\/06\/white-1-100x100.jpg\",\"contentUrl\":\"https:\/\/blog.ccc.eu\/sk\/wp-content\/uploads\/2024\/06\/white-1-100x100.jpg\",\"caption\":\"Kaja\"},\"description\":\"U\u017e od pubert\u00e1lnych \u010dias sa venuje pr\u00e1ci v m\u00e9di\u00e1ch a p\u00edsaniu. Z kon\u00ed\u010dka sa stalo \u017eivobytie, ktor\u00e9 jej z\u00e1rove\u0148 dalo dostatok slobody na to, aby mohla pomerne ve\u013ea cestova\u0165 a spozn\u00e1va\u0165 svet a rozli\u010dn\u00e9 kult\u00fary. Energiu jej dod\u00e1va \u010d\u00edtanie kn\u00edh, voda a hudba.\",\"url\":\"https:\/\/blog.ccc.eu\/sk\/author\/perlamakovienka-sk\/\"}]}<\/script>\n<!-- \/ Yoast SEO plugin. -->","yoast_head_json":{"title":"Bu\u010fte hrdinkami leta va\u0161ich det\u00ed! - blog.ccc.eu\/sk","description":"Jednou z mo\u017enost\u00ed, ako si z\u00edska\u0165 hrdinstvo v o\u010diach na\u0161ich mal\u00fdch-ve\u013ek\u00fdch l\u00e1sok je \u2013 napr\u00edklad aj cez detsk\u00e9 doplnky! \ud83c\udf1e\ud83e\uddd2 2026","robots":{"index":"index","follow":"follow","max-snippet":"max-snippet:-1","max-image-preview":"max-image-preview:large","max-video-preview":"max-video-preview:-1"},"canonical":"https:\/\/blog.ccc.eu\/sk\/budte-hrdinkami-leta-vasich-deti\/","og_locale":"sk_SK","og_type":"article","og_title":"Bu\u010fte hrdinkami leta va\u0161ich det\u00ed! - blog.ccc.eu\/sk","og_description":"Jednou z mo\u017enost\u00ed, ako si z\u00edska\u0165 hrdinstvo v o\u010diach na\u0161ich mal\u00fdch-ve\u013ek\u00fdch l\u00e1sok je \u2013 napr\u00edklad aj cez detsk\u00e9 doplnky! \ud83c\udf1e\ud83e\uddd2","og_url":"https:\/\/blog.ccc.eu\/sk\/budte-hrdinkami-leta-vasich-deti\/","og_site_name":"blog.ccc.eu\/sk","article_published_time":"2024-06-15T08:29:00+00:00","article_modified_time":"2024-07-24T15:13:29+00:00","og_image":[{"width":876,"height":1314,"url":"https:\/\/blog.ccc.eu\/sk\/wp-content\/uploads\/2024\/06\/CCC_5905588600985_01.jpg","type":"image\/jpeg"}],"author":"Kaja","twitter_card":"summary_large_image","twitter_misc":{"Autor":"Kaja","Predpokladan\u00fd \u010das \u010d\u00edtania":"8 min\u00fat"},"schema":{"@context":"https:\/\/schema.org","@graph":[{"@type":"Article","@id":"https:\/\/blog.ccc.eu\/sk\/budte-hrdinkami-leta-vasich-deti\/#article","isPartOf":{"@id":"https:\/\/blog.ccc.eu\/sk\/budte-hrdinkami-leta-vasich-deti\/"},"author":{"name":"Kaja","@id":"https:\/\/blog.ccc.eu\/sk\/#\/schema\/person\/399beb3452b4976df83fb9268601a994"},"headline":"Bu\u010fte hrdinkami leta va\u0161ich det\u00ed!","datePublished":"2024-06-15T08:29:00+00:00","dateModified":"2024-07-24T15:13:29+00:00","mainEntityOfPage":{"@id":"https:\/\/blog.ccc.eu\/sk\/budte-hrdinkami-leta-vasich-deti\/"},"wordCount":1532,"commentCount":0,"publisher":{"@id":"https:\/\/blog.ccc.eu\/sk\/#organization"},"image":{"@id":"https:\/\/blog.ccc.eu\/sk\/budte-hrdinkami-leta-vasich-deti\/#primaryimage"},"thumbnailUrl":"https:\/\/blog.ccc.eu\/sk\/wp-content\/uploads\/2024\/06\/CCC_5905588600985_01.jpg","keywords":["deti","detsk\u00e1 obuv","detsk\u00e9 doplnky","leto"],"articleSection":["M\u00d3DNE TIPY"],"inLanguage":"sk-SK","potentialAction":[{"@type":"CommentAction","name":"Comment","target":["https:\/\/blog.ccc.eu\/sk\/budte-hrdinkami-leta-vasich-deti\/#respond"]}]},{"@type":"WebPage","@id":"https:\/\/blog.ccc.eu\/sk\/budte-hrdinkami-leta-vasich-deti\/","url":"https:\/\/blog.ccc.eu\/sk\/budte-hrdinkami-leta-vasich-deti\/","name":"Bu\u010fte hrdinkami leta va\u0161ich det\u00ed! - blog.ccc.eu\/sk","isPartOf":{"@id":"https:\/\/blog.ccc.eu\/sk\/#website"},"primaryImageOfPage":{"@id":"https:\/\/blog.ccc.eu\/sk\/budte-hrdinkami-leta-vasich-deti\/#primaryimage"},"image":{"@id":"https:\/\/blog.ccc.eu\/sk\/budte-hrdinkami-leta-vasich-deti\/#primaryimage"},"thumbnailUrl":"https:\/\/blog.ccc.eu\/sk\/wp-content\/uploads\/2024\/06\/CCC_5905588600985_01.jpg","datePublished":"2024-06-15T08:29:00+00:00","dateModified":"2024-07-24T15:13:29+00:00","description":"Jednou z mo\u017enost\u00ed, ako si z\u00edska\u0165 hrdinstvo v o\u010diach na\u0161ich mal\u00fdch-ve\u013ek\u00fdch l\u00e1sok je \u2013 napr\u00edklad aj cez detsk\u00e9 doplnky! \ud83c\udf1e\ud83e\uddd2","breadcrumb":{"@id":"https:\/\/blog.ccc.eu\/sk\/budte-hrdinkami-leta-vasich-deti\/#breadcrumb"},"inLanguage":"sk-SK","potentialAction":[{"@type":"ReadAction","target":["https:\/\/blog.ccc.eu\/sk\/budte-hrdinkami-leta-vasich-deti\/"]}]},{"@type":"ImageObject","inLanguage":"sk-SK","@id":"https:\/\/blog.ccc.eu\/sk\/budte-hrdinkami-leta-vasich-deti\/#primaryimage","url":"https:\/\/blog.ccc.eu\/sk\/wp-content\/uploads\/2024\/06\/CCC_5905588600985_01.jpg","contentUrl":"https:\/\/blog.ccc.eu\/sk\/wp-content\/uploads\/2024\/06\/CCC_5905588600985_01.jpg","width":876,"height":1314,"caption":"detsk\u00e1 ta\u0161ka ccc"},{"@type":"BreadcrumbList","@id":"https:\/\/blog.ccc.eu\/sk\/budte-hrdinkami-leta-vasich-deti\/#breadcrumb","itemListElement":[{"@type":"ListItem","position":1,"name":"Strona g\u0142\u00f3wna","item":"https:\/\/blog.ccc.eu\/sk\/"},{"@type":"ListItem","position":2,"name":"Bu\u010fte hrdinkami leta va\u0161ich det\u00ed!"}]},{"@type":"WebSite","@id":"https:\/\/blog.ccc.eu\/sk\/#website","url":"https:\/\/blog.ccc.eu\/sk\/","name":"blog.ccc.eu\/sk","description":"Va\u0161e miesto pln\u00e9 m\u00f3dnych in\u0161pir\u00e1ci\u00ed","publisher":{"@id":"https:\/\/blog.ccc.eu\/sk\/#organization"},"potentialAction":[{"@type":"SearchAction","target":{"@type":"EntryPoint","urlTemplate":"https:\/\/blog.ccc.eu\/sk\/?s={search_term_string}"},"query-input":{"@type":"PropertyValueSpecification","valueRequired":true,"valueName":"search_term_string"}}],"inLanguage":"sk-SK"},{"@type":"Organization","@id":"https:\/\/blog.ccc.eu\/sk\/#organization","name":"CCC S.A.","url":"https:\/\/blog.ccc.eu\/sk\/","logo":{"@type":"ImageObject","inLanguage":"sk-SK","@id":"https:\/\/blog.ccc.eu\/sk\/#\/schema\/logo\/image\/","url":"https:\/\/blog.ccc.eu\/sk\/wp-content\/uploads\/2021\/11\/logo_ccc.png","contentUrl":"https:\/\/blog.ccc.eu\/sk\/wp-content\/uploads\/2021\/11\/logo_ccc.png","width":730,"height":270,"caption":"CCC S.A."},"image":{"@id":"https:\/\/blog.ccc.eu\/sk\/#\/schema\/logo\/image\/"}},{"@type":"Person","@id":"https:\/\/blog.ccc.eu\/sk\/#\/schema\/person\/399beb3452b4976df83fb9268601a994","name":"Kaja","image":{"@type":"ImageObject","inLanguage":"sk-SK","@id":"https:\/\/blog.ccc.eu\/sk\/#\/schema\/person\/image\/","url":"https:\/\/blog.ccc.eu\/sk\/wp-content\/uploads\/2024\/06\/white-1-100x100.jpg","contentUrl":"https:\/\/blog.ccc.eu\/sk\/wp-content\/uploads\/2024\/06\/white-1-100x100.jpg","caption":"Kaja"},"description":"U\u017e od pubert\u00e1lnych \u010dias sa venuje pr\u00e1ci v m\u00e9di\u00e1ch a p\u00edsaniu. Z kon\u00ed\u010dka sa stalo \u017eivobytie, ktor\u00e9 jej z\u00e1rove\u0148 dalo dostatok slobody na to, aby mohla pomerne ve\u013ea cestova\u0165 a spozn\u00e1va\u0165 svet a rozli\u010dn\u00e9 kult\u00fary. Energiu jej dod\u00e1va \u010d\u00edtanie kn\u00edh, voda a hudba.","url":"https:\/\/blog.ccc.eu\/sk\/author\/perlamakovienka-sk\/"}]}},"_links":{"self":[{"href":"https:\/\/blog.ccc.eu\/sk\/wp-json\/wp\/v2\/posts\/8504","targetHints":{"allow":["GET"]}}],"collection":[{"href":"https:\/\/blog.ccc.eu\/sk\/wp-json\/wp\/v2\/posts"}],"about":[{"href":"https:\/\/blog.ccc.eu\/sk\/wp-json\/wp\/v2\/types\/post"}],"author":[{"embeddable":true,"href":"https:\/\/blog.ccc.eu\/sk\/wp-json\/wp\/v2\/users\/22"}],"replies":[{"embeddable":true,"href":"https:\/\/blog.ccc.eu\/sk\/wp-json\/wp\/v2\/comments?post=8504"}],"version-history":[{"count":7,"href":"https:\/\/blog.ccc.eu\/sk\/wp-json\/wp\/v2\/posts\/8504\/revisions"}],"predecessor-version":[{"id":8515,"href":"https:\/\/blog.ccc.eu\/sk\/wp-json\/wp\/v2\/posts\/8504\/revisions\/8515"}],"wp:featuredmedia":[{"embeddable":true,"href":"https:\/\/blog.ccc.eu\/sk\/wp-json\/wp\/v2\/media\/8508"}],"wp:attachment":[{"href":"https:\/\/blog.ccc.eu\/sk\/wp-json\/wp\/v2\/media?parent=8504"}],"wp:term":[{"taxonomy":"category","embeddable":true,"href":"https:\/\/blog.ccc.eu\/sk\/wp-json\/wp\/v2\/categories?post=8504"},{"taxonomy":"post_tag","embeddable":true,"href":"https:\/\/blog.ccc.eu\/sk\/wp-json\/wp\/v2\/tags?post=8504"}],"curies":[{"name":"wp","href":"https:\/\/api.w.org\/{rel}","templated":true}]}}