{"id":8516,"date":"2024-06-17T14:17:32","date_gmt":"2024-06-17T12:17:32","guid":{"rendered":"https:\/\/blog.ccc.eu\/sk\/?p=8516"},"modified":"2024-07-24T17:13:14","modified_gmt":"2024-07-24T15:13:14","slug":"pobalit-sa-na-letnu-dovolenku-je-skutocne-umenie-vy-to-date-aj-s-nasou-pomocou","status":"publish","type":"post","link":"https:\/\/blog.ccc.eu\/sk\/pobalit-sa-na-letnu-dovolenku-je-skutocne-umenie-vy-to-date-aj-s-nasou-pomocou\/","title":{"rendered":"Pobali\u0165 sa na letn\u00fa dovolenku je skuto\u010dn\u00e9 umenie. Vy to d\u00e1te! (aj s na\u0161ou pomocou)"},"content":{"rendered":"\n<p><\/p>\n\n\n\n<p><em><strong>D\u00e1my, ruka hore, ktor\u00e1 z v\u00e1s to pozn\u00e1? Zbal\u00edte veci partnerovi, de\u0165om, ale ke\u010f pr\u00edde rad na v\u00e1s, zrazu neviete, \u010do si zbali\u0165. Otvor\u00edte skri\u0148u a m\u00e1te pocit, \u017ee v nej ni\u010d nem\u00e1te. Po\u010fme sa pozrie\u0165 na na\u0161e odpor\u00fa\u010dania, ako sa spr\u00e1vne zbali\u0165 na dovolenku.<\/strong><\/em><\/p>\n\n\n\n<figure class=\"wp-block-gallery has-nested-images columns-default is-cropped wp-block-gallery-1 is-layout-flex wp-block-gallery-is-layout-flex\">\n<figure class=\"wp-block-image size-large\"><a href=\"https:\/\/ccc.eu\/sk\/all\/damska-kolekcia-2024\"><img loading=\"lazy\" decoding=\"async\" width=\"683\" height=\"1024\" data-id=\"8522\" src=\"https:\/\/blog.ccc.eu\/sk\/wp-content\/uploads\/2024\/06\/CCC_5905588606710_02M_0067-683x1024.jpg\" alt=\"\" class=\"wp-image-8522\" srcset=\"https:\/\/blog.ccc.eu\/sk\/wp-content\/uploads\/2024\/06\/CCC_5905588606710_02M_0067-683x1024.jpg 683w, https:\/\/blog.ccc.eu\/sk\/wp-content\/uploads\/2024\/06\/CCC_5905588606710_02M_0067-200x300.jpg 200w, https:\/\/blog.ccc.eu\/sk\/wp-content\/uploads\/2024\/06\/CCC_5905588606710_02M_0067-768x1152.jpg 768w, https:\/\/blog.ccc.eu\/sk\/wp-content\/uploads\/2024\/06\/CCC_5905588606710_02M_0067-1024x1536.jpg 1024w, https:\/\/blog.ccc.eu\/sk\/wp-content\/uploads\/2024\/06\/CCC_5905588606710_02M_0067-1365x2048.jpg 1365w, https:\/\/blog.ccc.eu\/sk\/wp-content\/uploads\/2024\/06\/CCC_5905588606710_02M_0067-100x150.jpg 100w, https:\/\/blog.ccc.eu\/sk\/wp-content\/uploads\/2024\/06\/CCC_5905588606710_02M_0067-scaled.jpg 1707w\" sizes=\"auto, (max-width: 683px) 100vw, 683px\" \/><\/a><\/figure>\n\n\n\n<figure class=\"wp-block-image size-large\"><a href=\"https:\/\/ccc.eu\/sk\/all\/damska-kolekcia-2024\"><img loading=\"lazy\" decoding=\"async\" width=\"683\" height=\"1024\" data-id=\"8523\" src=\"https:\/\/blog.ccc.eu\/sk\/wp-content\/uploads\/2024\/06\/CCC_5905588654346_02M_0044-683x1024.jpg\" alt=\"\" class=\"wp-image-8523\" srcset=\"https:\/\/blog.ccc.eu\/sk\/wp-content\/uploads\/2024\/06\/CCC_5905588654346_02M_0044-683x1024.jpg 683w, https:\/\/blog.ccc.eu\/sk\/wp-content\/uploads\/2024\/06\/CCC_5905588654346_02M_0044-200x300.jpg 200w, https:\/\/blog.ccc.eu\/sk\/wp-content\/uploads\/2024\/06\/CCC_5905588654346_02M_0044-768x1152.jpg 768w, https:\/\/blog.ccc.eu\/sk\/wp-content\/uploads\/2024\/06\/CCC_5905588654346_02M_0044-1024x1536.jpg 1024w, https:\/\/blog.ccc.eu\/sk\/wp-content\/uploads\/2024\/06\/CCC_5905588654346_02M_0044-1365x2048.jpg 1365w, https:\/\/blog.ccc.eu\/sk\/wp-content\/uploads\/2024\/06\/CCC_5905588654346_02M_0044-100x150.jpg 100w, https:\/\/blog.ccc.eu\/sk\/wp-content\/uploads\/2024\/06\/CCC_5905588654346_02M_0044-scaled.jpg 1707w\" sizes=\"auto, (max-width: 683px) 100vw, 683px\" \/><\/a><\/figure>\n<\/figure>\n\n\n\n<p>A za\u010dnime rovno z\u00e1kladn\u00fdm pravidlom: Nikdy si na dovolenku neberte veci, ktor\u00e9 s\u00fa nov\u00e9 a ktor\u00e9 nem\u00e1te odsk\u00fa\u0161an\u00e9! T\u00fdka sa to ako oble\u010denia, tak top\u00e1nok, ktor\u00e9 ak ste e\u0161te nemali obut\u00e9, rozhodne si ich neba\u013ete! Str\u00e1vi\u0165 dovolenku v top\u00e1nkach, ktor\u00e9 v\u00e1s tla\u010dia, je doslovne peklom, ktor\u00e9 ur\u010dite nechcete.<\/p>\n\n\n\n<p>Tak, a teraz, ke\u010f sme si povedali, \u010do ur\u010dite neurobi\u0165, po\u010fme sa pozrie\u0165 na to, \u010do urobi\u0165.<\/p>\n\n\n\n<h2 class=\"wp-block-heading\"><strong>Do \u010doho sa bal\u00edte?<\/strong><\/h2>\n\n\n\n<p>Neviem, ako vy, ale my sme to mali tak, \u017ee k\u00fdm sme boli mlad\u00ed, vyhovoval n\u00e1m ruksak, do ktor\u00e9ho sme poh\u00e1dzali veci a bolo. A vtedy n\u00e1m veru e\u0161te mo\u017eno aj bolo jedno, \u010di n\u00e1s tie top\u00e1nky tla\u010dia. S vekom ale pri\u0161iel pocit, \u017ee nosi\u0165 na ruk\u00e1ch die\u0165a a na chrbte ruksak nie je \u00faplne ide\u00e1lne a \u017ee aj tie veci by mohli osta\u0165 nepokr\u010den\u00e9. Kufor sa jednoducho stal ide\u00e1lnym!<\/p>\n\n\n\n<p>V\u00fdber kufra je pomerne ve\u013ek\u00e1 vec. Sk\u00fasen\u00fd cestovate\u013e povie, \u017ee nejde iba o to, ako je kvalitn\u00fd, ale aj o to, ako vyzer\u00e1. Mo\u017eno to znie malicherne, ale stavte na farby. \u010ciernych kufrov s\u00fa pln\u00e9 letisk\u00e1 a ke\u010f sa v\u00e1m ten v\u00e1\u0161 bude to\u010di\u0165 na be\u017eiacom p\u00e1se po vylo\u017een\u00ed z letiska, tak si farebne odl\u00ed\u0161en\u00fd kufor ove\u013ea \u013eah\u0161ie a r\u00fdchlej\u0161ie spozn\u00e1te. Tak\u017ee nie je to malichern\u00e9, je to praktick\u00e9.<\/p>\n\n\n<shortcode prop-category=\"Kufre\" prop-load-num=\"12\" prop-display-num=\"4\" prop-sku=\"5904862840956, 5905588092865, 5905588106043, 5905588579212, 5905588615248, 5905588627722\" prop-view=\"slider\"><\/shortcode>        <div\r\n            class=\"eob-pf-shortcode\"\r\n            id=\"eobpf69f25e399808d\"\r\n        >\r\n            <shortcode prop-category=\"Kufre\" prop-load-num=\"12\" prop-display-num=\"4\" prop-sku=\"5904862840956, 5905588092865, 5905588106043, 5905588579212, 5905588615248, 5905588627722\" prop-view=\"slider\"><\/shortcode>        <\/div>\r\n\t\t<script>\r\n\t\t\tjQuery(document).ready(() => {\r\n\t\t\t    const root = document.getElementById('eobpf69f25e399808d');\r\n                Vue.createApp({\r\n\t                components: {\r\n\t                    shortcode\r\n\t                }\r\n                }).mount(root);\r\n\t\t\t});\r\n\t\t<\/script>\r\n\t\t\r\n\t\t\n\n\n\n<p><\/p>\n\n\n\n<h2 class=\"wp-block-heading\"><strong>Tri z\u00e1kladn\u00e9 ot\u00e1zky<\/strong>!<\/h2>\n\n\n\n<p>Ke\u010f sa za\u010d\u00ednate bali\u0165, odpovedzte si na 3 z\u00e1kladn\u00e9 ot\u00e1zky:<\/p>\n\n\n\n<ol class=\"wp-block-list\">\n<li>Na ko\u013eko dn\u00ed idem?<\/li>\n\n\n\n<li>Ak\u00e9 bude po\u010dasie?<\/li>\n\n\n\n<li>Bude tam pr\u00e1\u010dka?<\/li>\n<\/ol>\n\n\n\n<p>Je jasn\u00e9, \u017ee na \u010d\u00edm viac dn\u00ed idete, t\u00fdm viac oble\u010denia m\u00f4\u017eete potrebova\u0165. Na druhej strane, ak je na mieste dovolenkovej destin\u00e1cie pr\u00e1\u010dka, m\u00f4\u017ee to mno\u017estvo vec\u00ed v\u00fdrazne zmen\u0161i\u0165. Tak\u017ee to s\u00fa naozaj z\u00e1va\u017en\u00e9 ot\u00e1zky, na ktor\u00e9 by ste e\u0161te predt\u00fdm, ako v\u00f4bec nie\u010do za\u010dnete zo skr\u00ed\u0148 \u0165aha\u0165, mali odpoveda\u0165. <\/p>\n\n\n\n<p>Mimochodom, ak m\u00e1te obavu z rozli\u010dn\u00fdch pr\u00e1\u010dovn\u00ed v zahrani\u010d\u00ed, najm\u00e4 v \u00e1zijsk\u00fdch krajin\u00e1ch, kde to m\u00f4\u017ee vzbudzova\u0165 obavy, nemajte. Pracie slu\u017eby s\u00fa \u00faplne geni\u00e1lne, k\u00fdm si vy urob\u00edte v\u00fdlet, veci v\u00e1m oper\u00fa a o\u017eehlia. Pod\u013ea destin\u00e1cie treba iba myslie\u0165 na to, \u017ee nie v\u017edy to mus\u00ed trva\u0165 iba p\u00e1r hod\u00edn. Ak toti\u017e nemaj\u00fa su\u0161i\u010dku a su\u0161ia na vzduchu, m\u00f4\u017ee sa sta\u0165, \u017ee v pr\u00edpade da\u017e\u010fa sa oble\u010denie nestihne vyschn\u00fa\u0165. Preto ned\u00e1vajte pra\u0165 veci tesne pred odchodom z jedn\u00e9ho miesta na miesto druh\u00e9.<\/p>\n\n\n\n<p>\u010co sa po\u010dasia t\u00fdka, tu asi netreba vysvet\u013eova\u0165, pre\u010do je d\u00f4le\u017eit\u00e9. Kl\u00edma sa n\u00e1m men\u00ed \u2014 o tom asi netreba vies\u0165 \u017eiadne debaty. M\u00f4\u017eete \u00eds\u0165 do destin\u00e1cie, kde bolo cel\u00e9 desa\u0165ro\u010dia iba teplo a slne\u010dno, no dnes naozaj nem\u00e1te z\u00e1ruku, \u017ee tam napr\u00edklad nezapr\u0161\u00ed. Bu\u010fte na to pripraven\u00e9, je dobr\u00e9 ma\u0165 aspo\u0148 jeden k\u00fasok, ktor\u00fd bude aj do ne\u010dasu.<\/p>\n\n\n\n<figure class=\"wp-block-gallery has-nested-images columns-default is-cropped wp-block-gallery-2 is-layout-flex wp-block-gallery-is-layout-flex\">\n<figure class=\"wp-block-image size-large\"><a href=\"https:\/\/ccc.eu\/sk\/all\/damska-kolekcia-2024\"><img loading=\"lazy\" decoding=\"async\" width=\"1024\" height=\"683\" data-id=\"8410\" src=\"https:\/\/blog.ccc.eu\/sk\/wp-content\/uploads\/2024\/05\/CCC_5905588568988_02M02_0448-1-1024x683.jpg\" alt=\"\" class=\"wp-image-8410\" srcset=\"https:\/\/blog.ccc.eu\/sk\/wp-content\/uploads\/2024\/05\/CCC_5905588568988_02M02_0448-1-1024x683.jpg 1024w, https:\/\/blog.ccc.eu\/sk\/wp-content\/uploads\/2024\/05\/CCC_5905588568988_02M02_0448-1-300x200.jpg 300w, https:\/\/blog.ccc.eu\/sk\/wp-content\/uploads\/2024\/05\/CCC_5905588568988_02M02_0448-1-768x512.jpg 768w, https:\/\/blog.ccc.eu\/sk\/wp-content\/uploads\/2024\/05\/CCC_5905588568988_02M02_0448-1-1536x1024.jpg 1536w, https:\/\/blog.ccc.eu\/sk\/wp-content\/uploads\/2024\/05\/CCC_5905588568988_02M02_0448-1-2048x1365.jpg 2048w, https:\/\/blog.ccc.eu\/sk\/wp-content\/uploads\/2024\/05\/CCC_5905588568988_02M02_0448-1-100x67.jpg 100w\" sizes=\"auto, (max-width: 1024px) 100vw, 1024px\" \/><\/a><\/figure>\n<\/figure>\n\n\n\n<h2 class=\"wp-block-heading\"><strong>Na \u010do pri balen\u00ed myslie\u0165?<\/strong><\/h2>\n\n\n\n<p>Ka\u017ed\u00fd m\u00e1 asi svoj vlastn\u00fd postup. N\u00e1m sa osved\u010dilo prejs\u0165 po zodpovedan\u00ed si na ot\u00e1zky vy\u0161\u0161ie na samotn\u00e9 balenie. U\u017e m\u00e1te kufor, m\u00e1te v hlave utrieden\u00e9, na ako dlho a na ak\u00e9 podmienky asi budete potrebova\u0165 veci. \u010co sa u\u017e konkr\u00e9tneho oble\u010denia t\u00fdka, odpor\u00fa\u010dame nachysta\u0165 si k\u00f4pky. K\u00f4pku nohav\u00edc \u010di \u0161ortiek, k\u00f4pku sukn\u00ed, k\u00f4pku v\u0155\u0161tekov, k\u00f4pku spodnej bielizne. Ke\u010f to m\u00e1te na k\u00f4pkach, op\u00e4\u0165 prich\u00e1dzaj\u00fa na rad ot\u00e1zky:<\/p>\n\n\n\n<p><em>Viem z tohto vytvori\u0165 nieko\u013eko kombinovate\u013en\u00fdch outfitov?<\/em><\/p>\n\n\n\n<p><em>M\u00e1 ka\u017ed\u00fd outfit mo\u017enosti vrstvenia?<\/em><\/p>\n\n\n\n<p><em>S\u00fa tieto veci kombinovate\u013en\u00e9 vz\u00e1jomne, aby sa nestalo, \u017ee nie\u010do si budem m\u00f4c\u0165 obliec\u0165 iba raz?<\/em><\/p>\n\n\n\n<p>Je d\u00f4le\u017eit\u00e9, aby ste veci mohli kombinova\u0165, aby ste si napr\u00edklad jedno vrchn\u00e9 oble\u010denie mohli dopasova\u0165 nielen k sukni, ale aj k \u0161ortk\u00e1m \u010di nohaviciam. Tie\u017e je ve\u013emi d\u00f4le\u017eit\u00e9 vrstvenie, aby ste vedeli prid\u00e1va\u0165 alebo odobera\u0165 vrstvy, pod\u013ea teplotnej situ\u00e1cie, ktor\u00e1 pr\u00e1ve nastane. Netreba toti\u017e myslie\u0165 iba na samotn\u00fa dovolenku, ktor\u00e1 mo\u017eno bude v teple. Do toho tepla sa treba nejako aj dosta\u0165, treba napr\u00edklad myslie\u0165 na pr\u00edpadn\u00fd chlad na letisku \u010di v lietadle.<\/p>\n\n\n\n<h2 class=\"wp-block-heading\"><strong>Top\u00e1nky!<\/strong><\/h2>\n\n\n\n<p>Ke\u010f u\u017e m\u00e1te pripraven\u00e9 oble\u010denie, prich\u00e1dzaj\u00fa na rad top\u00e1nky. Vo\u013ete v prvom rade nie \u00faplne nov\u00e9 a tak\u00e9, ktor\u00e9 budete vedie\u0165 dopasova\u0165 k oble\u010deniu, ktor\u00e9 ste si vybrali. Tie\u017e rozm\u00fd\u0161\u013eajte o tom, ak\u00fd program budete na v\u00fdlete ma\u0165. Ur\u010dite je d\u00f4le\u017eit\u00e9, aby ste na pr\u00edpadnom v\u00fdlete do vy\u0161\u0161\u00edch pol\u00f4h \u010di na pochod d\u017eung\u013eou mali pevnej\u0161iu a sk\u00f4r uzavret\u00fa obuv. Vhodn\u00e1 m\u00f4\u017ee by\u0165 aj tak\u00e1, ktor\u00e9 zvl\u00e1dne vlhkos\u0165. Toto je obuv, ktor\u00fa si m\u00f4\u017eete obu\u0165 aj na samotn\u00e9 cestovanie, do lietadla ap. Ke\u010f\u017ee je robustnej\u0161ia, bude super ma\u0165 ju obut\u00fa a neplni\u0165 \u0148ou zbyto\u010dne kufor.<\/p>\n\n\n\n<p>Samozrejme, d\u00f4le\u017eit\u00e1 je obuv k vode a obuv k letn\u00e9mu oble\u010deniu, ktor\u00e1 je men\u0161ia, skladnej\u0161ia, v pohode sa v\u00e1m zmest\u00ed do kufra a nezaberie ve\u013ea miesta. Ur\u010dite je vhodn\u00e9 ma\u0165 minim\u00e1lne dva p\u00e1ry.<\/p>\n\n\n<shortcode prop-category=\"Tenisky\" prop-manufacturer=\"Converse\" prop-load-num=\"12\" prop-display-num=\"4\" prop-view=\"slider\"><\/shortcode>        <div\r\n            class=\"eob-pf-shortcode\"\r\n            id=\"eobpf69f25e39981b1\"\r\n        >\r\n            <shortcode prop-category=\"Tenisky\" prop-manufacturer=\"Converse\" prop-load-num=\"12\" prop-display-num=\"4\" prop-view=\"slider\"><\/shortcode>        <\/div>\r\n\t\t<script>\r\n\t\t\tjQuery(document).ready(() => {\r\n\t\t\t    const root = document.getElementById('eobpf69f25e39981b1');\r\n                Vue.createApp({\r\n\t                components: {\r\n\t                    shortcode\r\n\t                }\r\n                }).mount(root);\r\n\t\t\t});\r\n\t\t<\/script>\r\n\t\t\r\n\t\t\n\n\n\n<p><\/p>\n\n\n\n<h2 class=\"wp-block-heading\"><strong>Kabelky!<\/strong><\/h2>\n\n\n\n<p>V z\u00e1ujme elimin\u00e1cie miesta v kufri je tie\u017e super, ak si vezmete kabelku, ktor\u00fa viete vyu\u017ei\u0165 v\u0161estrannej\u0161ie. Napr\u00edklad pr\u00edru\u010dnou bato\u017einou m\u00f4\u017ee by\u0165 pokojne pl\u00e1\u017eov\u00e1 ta\u0161ka, do ktorej sa v\u00e1m zmest\u00ed naozaj ve\u013ea vec\u00ed, ktor\u00e9 m\u00f4\u017eete na cestovanie potrebova\u0165. Knihy, \u010dasopisy, farbi\u010dky pre deti, sprej s osvie\u017euj\u00facou miner\u00e1lnou ple\u0165ovou vodou\u2026 Jednoducho kade\u010do a e\u0161te aj teplej\u0161ie vrchn\u00e9 oble\u010denie, ak by v\u00e1m bolo po\u010das cesty chladno.<\/p>\n\n\n\n<p>Ak by ste ale predsa len preferovali aj nejak\u00fa men\u0161iu kabelku napr\u00edklad na ve\u010dern\u00e9 prech\u00e1dzky, kedy nepotrebujete skladova\u0165 uter\u00e1k, vodu, n\u00e1hradn\u00e9 oble\u010denie\u2026, siahnite po takej, ktor\u00e1 bude v kufri skladn\u00e1 a z\u00e1rove\u0148 v\u00e1m uvo\u013en\u00ed ruky. Pozn\u00e1te to, pri ve\u010dern\u00fdch prech\u00e1dzkach suven\u00edrov\u00fdmi obchod\u00edkmi sa v\u00e1m oplat\u00ed ma\u0165 ruky vo\u013en\u00e9 a z\u00e1rove\u0148 ma\u0165 kabelku, ktorou z reg\u00e1lov ni\u010d nezhod\u00edte. S\u00fa to drobnosti, ale oplat\u00ed sa myslie\u0165 na ne.<\/p>\n\n\n<shortcode prop-category=\"D\u00e1msk\u00e9 kabelky\" prop-load-num=\"12\" prop-display-num=\"4\" prop-sku=\"5905588654346, 5905588510215, 5905588601722, 5905588510192, 5905588550396, 5905588500278, 5905588602767, 5905588568094\" prop-view=\"slider\"><\/shortcode>        <div\r\n            class=\"eob-pf-shortcode\"\r\n            id=\"eobpf69f25e39981eb\"\r\n        >\r\n            <shortcode prop-category=\"D\u00e1msk\u00e9 kabelky\" prop-load-num=\"12\" prop-display-num=\"4\" prop-sku=\"5905588654346, 5905588510215, 5905588601722, 5905588510192, 5905588550396, 5905588500278, 5905588602767, 5905588568094\" prop-view=\"slider\"><\/shortcode>        <\/div>\r\n\t\t<script>\r\n\t\t\tjQuery(document).ready(() => {\r\n\t\t\t    const root = document.getElementById('eobpf69f25e39981eb');\r\n                Vue.createApp({\r\n\t                components: {\r\n\t                    shortcode\r\n\t                }\r\n                }).mount(root);\r\n\t\t\t});\r\n\t\t<\/script>\r\n\t\t\r\n\t\t\n\n\n\n<p><\/p>\n\n\n\n<h2 class=\"wp-block-heading\"><strong>Doplnky!<\/strong><\/h2>\n\n\n\n<p>Za\u010dnime t\u00fdm najd\u00f4le\u017eitej\u0161\u00edm \u2014 <a href=\"https:\/\/ccc.eu\/sk\/doplnky\/damske\/penazenky\">pe\u0148a\u017eenka.<\/a> Ak patr\u00edte k t\u00fdm, ktor\u00ed v pe\u0148a\u017eenke nosia mno\u017estvo kariet, dokladov a niekedy aj pe\u0148az\u00ed, ur\u010dite je vhodn\u00e9 zaobstara\u0165 si men\u0161iu pe\u0148a\u017eenku, v ktorej budete ma\u0165 iba ob\u010diansky preukaz a p\u00e1r pe\u0148az\u00ed. Pri pohybovan\u00ed sa v uli\u010dk\u00e1ch pln\u00fdch \u013eud\u00ed m\u00f4\u017eete o pe\u0148a\u017eenku ve\u013emi r\u00fdchlo pr\u00eds\u0165 a bude lep\u0161ie, ak v nej budete ma\u0165 \u010do najmenej vec\u00ed. Stavte pri cestovan\u00ed na mal\u00e9 praktick\u00e9 pe\u0148a\u017eenky a noste v nich iba to nevyhnutn\u00e9.<\/p>\n\n\n\n<p>V lete azda netreba hovori\u0165, \u017ee je potrebn\u00e9 chr\u00e1ni\u0165 si pred slne\u010dn\u00fdm \u017eiaren\u00edm o\u010di. Hoci to niektor\u00ed z n\u00e1s podce\u0148uj\u00fa, faktom je, \u017ee lek\u00e1ri dv\u00edhaj\u00fa prst. \u010coraz viac melan\u00f3nov sa vytv\u00e1ra pr\u00e1ve v o\u010diach, \u010do je ve\u013emi nebezpe\u010dn\u00e9, preto\u017ee je dlho skryt\u00fd. Zachovajte teda vo\u010di svojmu zraku zodpovednos\u0165 a <a href=\"https:\/\/ccc.eu\/sk\/doplnky\/damske\/slnecne-okuliare\">slne\u010dn\u00e9 okuliare pri balen\u00ed rozhodne nezabudnite.<\/a> Ich dizajn a \u0161t\u00fdl si vyberte pod\u013ea svojho vkusu, v\u00fdber je naozaj ve\u013emi pestr\u00fd. Dbajte ale na kvalitu a na UV filter.<\/p>\n\n\n\n<p>Nezabudnite na n\u00e1u\u0161nice. Nemusia by\u0165 extr\u00e9mne v\u00fdrazn\u00e9, ale tak\u00e9, ktor\u00e9 sa z mora a baz\u00e9na tu a tam blisn\u00fa a daj\u00fa v\u0161etk\u00fdm na zn\u00e1mos\u0165, \u017ee nezab\u00fadate na detaily. Lep\u0161ie bud\u00fa nie dlh\u00e9 visiace, aby sa v\u00e1m niekde nezamotali, nezachytili. Vo\u013ete praktick\u00e9, ale vidite\u013en\u00e9. Mimochodom, pri letn\u00fdch radov\u00e1nkach je ur\u010dite vhodn\u00e9 ma\u0165 zopnut\u00e9 vlasy, bude sa v\u00e1m pr\u00edjemnej\u0161ie pot\u00e1pa\u0165, ale najm\u00e4 \u2014 op\u00e1li v\u00e1s v\u0161ade a nebudete ma\u0165 neop\u00e1len\u00e9 f\u013eaky na ramen\u00e1ch, \u0161iji \u010di krku.<\/p>\n\n\n\n<figure class=\"wp-block-gallery has-nested-images columns-default is-cropped wp-block-gallery-3 is-layout-flex wp-block-gallery-is-layout-flex\">\n<figure class=\"wp-block-image size-large\"><a href=\"https:\/\/ccc.eu\/sk\/all\/damska-kolekcia-2024\"><img loading=\"lazy\" decoding=\"async\" width=\"1024\" height=\"683\" data-id=\"8494\" src=\"https:\/\/blog.ccc.eu\/sk\/wp-content\/uploads\/2024\/06\/CCC_5905588573104_02M_1209-1-1024x683.jpg\" alt=\"\" class=\"wp-image-8494\" srcset=\"https:\/\/blog.ccc.eu\/sk\/wp-content\/uploads\/2024\/06\/CCC_5905588573104_02M_1209-1-1024x683.jpg 1024w, https:\/\/blog.ccc.eu\/sk\/wp-content\/uploads\/2024\/06\/CCC_5905588573104_02M_1209-1-300x200.jpg 300w, https:\/\/blog.ccc.eu\/sk\/wp-content\/uploads\/2024\/06\/CCC_5905588573104_02M_1209-1-768x512.jpg 768w, https:\/\/blog.ccc.eu\/sk\/wp-content\/uploads\/2024\/06\/CCC_5905588573104_02M_1209-1-1536x1024.jpg 1536w, https:\/\/blog.ccc.eu\/sk\/wp-content\/uploads\/2024\/06\/CCC_5905588573104_02M_1209-1-2048x1365.jpg 2048w, https:\/\/blog.ccc.eu\/sk\/wp-content\/uploads\/2024\/06\/CCC_5905588573104_02M_1209-1-100x67.jpg 100w\" sizes=\"auto, (max-width: 1024px) 100vw, 1024px\" \/><\/a><\/figure>\n<\/figure>\n\n\n\n<h2 class=\"wp-block-heading\"><strong>No a samozrejme \u2013 pokr\u00fdvky hlavy<\/strong><\/h2>\n\n\n\n<p>U\u017e sme na\u010drtli t\u00e9mu zdravia, ale e\u0161te ju spome\u0148me aspo\u0148 raz. Ochrana tv\u00e1re pred slne\u010dn\u00fdmi l\u00fa\u010dmi je nutn\u00e1. Nejde iba o ochranu pred sp\u00e1len\u00edm, ale konkr\u00e9tne tv\u00e1r m\u00e1 tenk\u00fa ple\u0165, je n\u00e1chyln\u00e1 na tvorbu vr\u00e1sok, ale tie\u017e na tvorbu pigmentov\u00fdch \u0161kv\u0155n, kde ve\u013ek\u00fa rolu zohr\u00e1va pr\u00e1ve slnko. M\u00f4\u017eete voli\u0165 medzi klob\u00fakmi a \u0161iltovkami, klob\u00faky odpor\u00fa\u010dame najm\u00e4 d\u00e1mam s kr\u00e1tkymi vlasmi, ktor\u00fdm vlasy nechr\u00e1nia u\u0161i. Na tie sa toti\u017e pri kr\u00e9movan\u00ed zv\u00e4\u010d\u0161a zab\u00fada a po pobyte na slnku ostan\u00fa \u010dasto \u010derven\u00e9 a nepr\u00edjemne \u0161t\u00edpaj\u00face. Dlhovlas\u00e9 z n\u00e1s m\u00f4\u017eu siahnu\u0165 po \u0161iltovk\u00e1ch a spo\u013eahn\u00fa\u0165 sa na to, \u017ee vlasy ochr\u00e1nia \u0161iju, krk a aj spomenut\u00e9 u\u0161i.<\/p>\n\n\n\n<p>Mimochodom, ak chcete, aby si klob\u00fak zachoval svoj tvar, neba\u013ete ho. Rad\u0161ej si ho dajte na hlavu a cestujte s n\u00edm, ale stla\u010denie v kufri by ho mohlo deformova\u0165 a mohol by sa pre v\u00e1s sta\u0165 nepohodln\u00fdm.<\/p>\n\n\n<shortcode prop-category=\"\u010ciapky a \u0161\u00e1ly\" prop-load-num=\"12\" prop-display-num=\"4\" prop-sku=\"5905588636663, 5905588634607, 5905588424260, 5905588650355\" prop-view=\"slider\"><\/shortcode>        <div\r\n            class=\"eob-pf-shortcode\"\r\n            id=\"eobpf69f25e3998215\"\r\n        >\r\n            <shortcode prop-category=\"\u010ciapky a \u0161\u00e1ly\" prop-load-num=\"12\" prop-display-num=\"4\" prop-sku=\"5905588636663, 5905588634607, 5905588424260, 5905588650355\" prop-view=\"slider\"><\/shortcode>        <\/div>\r\n\t\t<script>\r\n\t\t\tjQuery(document).ready(() => {\r\n\t\t\t    const root = document.getElementById('eobpf69f25e3998215');\r\n                Vue.createApp({\r\n\t                components: {\r\n\t                    shortcode\r\n\t                }\r\n                }).mount(root);\r\n\t\t\t});\r\n\t\t<\/script>\r\n\t\t\r\n\t\t\n\n\n\n<p><\/p>\n\n\n\n<p>Tak teda, pr\u00edjemn\u00e9 balenie, ale najm\u00e4 si u\u017eite a nad\u00fdchajte sa energie miesta, na ktor\u00e9 idete.<\/p>\n","protected":false},"excerpt":{"rendered":"<p>D\u00e1my, ruka hore, ktor\u00e1 z v\u00e1s to pozn\u00e1? Zbal\u00edte veci partnerovi, de\u0165om, ale ke\u010f pr\u00edde rad na v\u00e1s, zrazu neviete, \u010do si zbali\u0165. Otvor\u00edte skri\u0148u a m\u00e1te pocit, \u017ee v nej ni\u010d nem\u00e1te. Po\u010fme sa pozrie\u0165 na na\u0161e odpor\u00fa\u010dania, ako sa spr\u00e1vne zbali\u0165 na dovolenku. A za\u010dnime rovno z\u00e1kladn\u00fdm pravidlom: Nikdy si na dovolenku neberte [&hellip;]<\/p>\n","protected":false},"author":22,"featured_media":8493,"comment_status":"open","ping_status":"open","sticky":false,"template":"","format":"standard","meta":{"_acf_changed":false,"footnotes":""},"categories":[4],"tags":[848,1006,695],"class_list":["post-8516","post","type-post","status-publish","format-standard","has-post-thumbnail","hentry","category-modne-tipy","tag-kufre","tag-letna-dovolenka","tag-leto"],"acf":[],"yoast_head":"<!-- This site is optimized with the Yoast SEO plugin v26.9 - https:\/\/yoast.com\/product\/yoast-seo-wordpress\/ -->\n<title>Pobali\u0165 sa na letn\u00fa dovolenku je skuto\u010dn\u00e9 umenie. Vy to d\u00e1te! (aj s na\u0161ou pomocou) - blog.ccc.eu\/sk<\/title>\n<meta name=\"description\" content=\"2026\" \/>\n<meta name=\"robots\" content=\"index, follow, max-snippet:-1, max-image-preview:large, max-video-preview:-1\" \/>\n<link rel=\"canonical\" href=\"https:\/\/blog.ccc.eu\/sk\/pobalit-sa-na-letnu-dovolenku-je-skutocne-umenie-vy-to-date-aj-s-nasou-pomocou\/\" \/>\n<meta property=\"og:locale\" content=\"sk_SK\" \/>\n<meta property=\"og:type\" content=\"article\" \/>\n<meta property=\"og:title\" content=\"Pobali\u0165 sa na letn\u00fa dovolenku je skuto\u010dn\u00e9 umenie. Vy to d\u00e1te! (aj s na\u0161ou pomocou) - blog.ccc.eu\/sk\" \/>\n<meta property=\"og:description\" content=\"D\u00e1my, ruka hore, ktor\u00e1 z v\u00e1s to pozn\u00e1? Zbal\u00edte veci partnerovi, de\u0165om, ale ke\u010f pr\u00edde rad na v\u00e1s, zrazu neviete, \u010do si zbali\u0165. Otvor\u00edte skri\u0148u a m\u00e1te pocit, \u017ee v nej ni\u010d nem\u00e1te. Po\u010fme sa pozrie\u0165 na na\u0161e odpor\u00fa\u010dania, ako sa spr\u00e1vne zbali\u0165 na dovolenku. A za\u010dnime rovno z\u00e1kladn\u00fdm pravidlom: Nikdy si na dovolenku neberte [&hellip;]\" \/>\n<meta property=\"og:url\" content=\"https:\/\/blog.ccc.eu\/sk\/pobalit-sa-na-letnu-dovolenku-je-skutocne-umenie-vy-to-date-aj-s-nasou-pomocou\/\" \/>\n<meta property=\"og:site_name\" content=\"blog.ccc.eu\/sk\" \/>\n<meta property=\"article:published_time\" content=\"2024-06-17T12:17:32+00:00\" \/>\n<meta property=\"article:modified_time\" content=\"2024-07-24T15:13:14+00:00\" \/>\n<meta property=\"og:image\" content=\"https:\/\/blog.ccc.eu\/sk\/wp-content\/uploads\/2024\/06\/CCC_5905588606697_02M_1597-scaled.jpg\" \/>\n\t<meta property=\"og:image:width\" content=\"1707\" \/>\n\t<meta property=\"og:image:height\" content=\"2560\" \/>\n\t<meta property=\"og:image:type\" content=\"image\/jpeg\" \/>\n<meta name=\"author\" content=\"Kaja\" \/>\n<meta name=\"twitter:card\" content=\"summary_large_image\" \/>\n<meta name=\"twitter:label1\" content=\"Autor\" \/>\n\t<meta name=\"twitter:data1\" content=\"Kaja\" \/>\n\t<meta name=\"twitter:label2\" content=\"Predpokladan\u00fd \u010das \u010d\u00edtania\" \/>\n\t<meta name=\"twitter:data2\" content=\"9 min\u00fat\" \/>\n<script type=\"application\/ld+json\" class=\"yoast-schema-graph\">{\"@context\":\"https:\/\/schema.org\",\"@graph\":[{\"@type\":\"Article\",\"@id\":\"https:\/\/blog.ccc.eu\/sk\/pobalit-sa-na-letnu-dovolenku-je-skutocne-umenie-vy-to-date-aj-s-nasou-pomocou\/#article\",\"isPartOf\":{\"@id\":\"https:\/\/blog.ccc.eu\/sk\/pobalit-sa-na-letnu-dovolenku-je-skutocne-umenie-vy-to-date-aj-s-nasou-pomocou\/\"},\"author\":{\"name\":\"Kaja\",\"@id\":\"https:\/\/blog.ccc.eu\/sk\/#\/schema\/person\/399beb3452b4976df83fb9268601a994\"},\"headline\":\"Pobali\u0165 sa na letn\u00fa dovolenku je skuto\u010dn\u00e9 umenie. Vy to d\u00e1te! (aj s na\u0161ou pomocou)\",\"datePublished\":\"2024-06-17T12:17:32+00:00\",\"dateModified\":\"2024-07-24T15:13:14+00:00\",\"mainEntityOfPage\":{\"@id\":\"https:\/\/blog.ccc.eu\/sk\/pobalit-sa-na-letnu-dovolenku-je-skutocne-umenie-vy-to-date-aj-s-nasou-pomocou\/\"},\"wordCount\":1748,\"commentCount\":0,\"publisher\":{\"@id\":\"https:\/\/blog.ccc.eu\/sk\/#organization\"},\"image\":{\"@id\":\"https:\/\/blog.ccc.eu\/sk\/pobalit-sa-na-letnu-dovolenku-je-skutocne-umenie-vy-to-date-aj-s-nasou-pomocou\/#primaryimage\"},\"thumbnailUrl\":\"https:\/\/blog.ccc.eu\/sk\/wp-content\/uploads\/2024\/06\/CCC_5905588606697_02M_1597-scaled.jpg\",\"keywords\":[\"kufre\",\"letn\u00e1 dovolenka\",\"leto\"],\"articleSection\":[\"M\u00d3DNE TIPY\"],\"inLanguage\":\"sk-SK\",\"potentialAction\":[{\"@type\":\"CommentAction\",\"name\":\"Comment\",\"target\":[\"https:\/\/blog.ccc.eu\/sk\/pobalit-sa-na-letnu-dovolenku-je-skutocne-umenie-vy-to-date-aj-s-nasou-pomocou\/#respond\"]}]},{\"@type\":\"WebPage\",\"@id\":\"https:\/\/blog.ccc.eu\/sk\/pobalit-sa-na-letnu-dovolenku-je-skutocne-umenie-vy-to-date-aj-s-nasou-pomocou\/\",\"url\":\"https:\/\/blog.ccc.eu\/sk\/pobalit-sa-na-letnu-dovolenku-je-skutocne-umenie-vy-to-date-aj-s-nasou-pomocou\/\",\"name\":\"Pobali\u0165 sa na letn\u00fa dovolenku je skuto\u010dn\u00e9 umenie. Vy to d\u00e1te! (aj s na\u0161ou pomocou) - blog.ccc.eu\/sk\",\"isPartOf\":{\"@id\":\"https:\/\/blog.ccc.eu\/sk\/#website\"},\"primaryImageOfPage\":{\"@id\":\"https:\/\/blog.ccc.eu\/sk\/pobalit-sa-na-letnu-dovolenku-je-skutocne-umenie-vy-to-date-aj-s-nasou-pomocou\/#primaryimage\"},\"image\":{\"@id\":\"https:\/\/blog.ccc.eu\/sk\/pobalit-sa-na-letnu-dovolenku-je-skutocne-umenie-vy-to-date-aj-s-nasou-pomocou\/#primaryimage\"},\"thumbnailUrl\":\"https:\/\/blog.ccc.eu\/sk\/wp-content\/uploads\/2024\/06\/CCC_5905588606697_02M_1597-scaled.jpg\",\"datePublished\":\"2024-06-17T12:17:32+00:00\",\"dateModified\":\"2024-07-24T15:13:14+00:00\",\"breadcrumb\":{\"@id\":\"https:\/\/blog.ccc.eu\/sk\/pobalit-sa-na-letnu-dovolenku-je-skutocne-umenie-vy-to-date-aj-s-nasou-pomocou\/#breadcrumb\"},\"inLanguage\":\"sk-SK\",\"potentialAction\":[{\"@type\":\"ReadAction\",\"target\":[\"https:\/\/blog.ccc.eu\/sk\/pobalit-sa-na-letnu-dovolenku-je-skutocne-umenie-vy-to-date-aj-s-nasou-pomocou\/\"]}]},{\"@type\":\"ImageObject\",\"inLanguage\":\"sk-SK\",\"@id\":\"https:\/\/blog.ccc.eu\/sk\/pobalit-sa-na-letnu-dovolenku-je-skutocne-umenie-vy-to-date-aj-s-nasou-pomocou\/#primaryimage\",\"url\":\"https:\/\/blog.ccc.eu\/sk\/wp-content\/uploads\/2024\/06\/CCC_5905588606697_02M_1597-scaled.jpg\",\"contentUrl\":\"https:\/\/blog.ccc.eu\/sk\/wp-content\/uploads\/2024\/06\/CCC_5905588606697_02M_1597-scaled.jpg\",\"width\":1707,\"height\":2560,\"caption\":\"\u0161\u013eapky ccc\"},{\"@type\":\"BreadcrumbList\",\"@id\":\"https:\/\/blog.ccc.eu\/sk\/pobalit-sa-na-letnu-dovolenku-je-skutocne-umenie-vy-to-date-aj-s-nasou-pomocou\/#breadcrumb\",\"itemListElement\":[{\"@type\":\"ListItem\",\"position\":1,\"name\":\"Strona g\u0142\u00f3wna\",\"item\":\"https:\/\/blog.ccc.eu\/sk\/\"},{\"@type\":\"ListItem\",\"position\":2,\"name\":\"Pobali\u0165 sa na letn\u00fa dovolenku je skuto\u010dn\u00e9 umenie. Vy to d\u00e1te! (aj s na\u0161ou pomocou)\"}]},{\"@type\":\"WebSite\",\"@id\":\"https:\/\/blog.ccc.eu\/sk\/#website\",\"url\":\"https:\/\/blog.ccc.eu\/sk\/\",\"name\":\"blog.ccc.eu\/sk\",\"description\":\"Va\u0161e miesto pln\u00e9 m\u00f3dnych in\u0161pir\u00e1ci\u00ed\",\"publisher\":{\"@id\":\"https:\/\/blog.ccc.eu\/sk\/#organization\"},\"potentialAction\":[{\"@type\":\"SearchAction\",\"target\":{\"@type\":\"EntryPoint\",\"urlTemplate\":\"https:\/\/blog.ccc.eu\/sk\/?s={search_term_string}\"},\"query-input\":{\"@type\":\"PropertyValueSpecification\",\"valueRequired\":true,\"valueName\":\"search_term_string\"}}],\"inLanguage\":\"sk-SK\"},{\"@type\":\"Organization\",\"@id\":\"https:\/\/blog.ccc.eu\/sk\/#organization\",\"name\":\"CCC S.A.\",\"url\":\"https:\/\/blog.ccc.eu\/sk\/\",\"logo\":{\"@type\":\"ImageObject\",\"inLanguage\":\"sk-SK\",\"@id\":\"https:\/\/blog.ccc.eu\/sk\/#\/schema\/logo\/image\/\",\"url\":\"https:\/\/blog.ccc.eu\/sk\/wp-content\/uploads\/2021\/11\/logo_ccc.png\",\"contentUrl\":\"https:\/\/blog.ccc.eu\/sk\/wp-content\/uploads\/2021\/11\/logo_ccc.png\",\"width\":730,\"height\":270,\"caption\":\"CCC S.A.\"},\"image\":{\"@id\":\"https:\/\/blog.ccc.eu\/sk\/#\/schema\/logo\/image\/\"}},{\"@type\":\"Person\",\"@id\":\"https:\/\/blog.ccc.eu\/sk\/#\/schema\/person\/399beb3452b4976df83fb9268601a994\",\"name\":\"Kaja\",\"image\":{\"@type\":\"ImageObject\",\"inLanguage\":\"sk-SK\",\"@id\":\"https:\/\/blog.ccc.eu\/sk\/#\/schema\/person\/image\/\",\"url\":\"https:\/\/blog.ccc.eu\/sk\/wp-content\/uploads\/2024\/06\/white-1-100x100.jpg\",\"contentUrl\":\"https:\/\/blog.ccc.eu\/sk\/wp-content\/uploads\/2024\/06\/white-1-100x100.jpg\",\"caption\":\"Kaja\"},\"description\":\"U\u017e od pubert\u00e1lnych \u010dias sa venuje pr\u00e1ci v m\u00e9di\u00e1ch a p\u00edsaniu. Z kon\u00ed\u010dka sa stalo \u017eivobytie, ktor\u00e9 jej z\u00e1rove\u0148 dalo dostatok slobody na to, aby mohla pomerne ve\u013ea cestova\u0165 a spozn\u00e1va\u0165 svet a rozli\u010dn\u00e9 kult\u00fary. Energiu jej dod\u00e1va \u010d\u00edtanie kn\u00edh, voda a hudba.\",\"url\":\"https:\/\/blog.ccc.eu\/sk\/author\/perlamakovienka-sk\/\"}]}<\/script>\n<!-- \/ Yoast SEO plugin. -->","yoast_head_json":{"title":"Pobali\u0165 sa na letn\u00fa dovolenku je skuto\u010dn\u00e9 umenie. Vy to d\u00e1te! (aj s na\u0161ou pomocou) - blog.ccc.eu\/sk","description":"2026","robots":{"index":"index","follow":"follow","max-snippet":"max-snippet:-1","max-image-preview":"max-image-preview:large","max-video-preview":"max-video-preview:-1"},"canonical":"https:\/\/blog.ccc.eu\/sk\/pobalit-sa-na-letnu-dovolenku-je-skutocne-umenie-vy-to-date-aj-s-nasou-pomocou\/","og_locale":"sk_SK","og_type":"article","og_title":"Pobali\u0165 sa na letn\u00fa dovolenku je skuto\u010dn\u00e9 umenie. Vy to d\u00e1te! (aj s na\u0161ou pomocou) - blog.ccc.eu\/sk","og_description":"D\u00e1my, ruka hore, ktor\u00e1 z v\u00e1s to pozn\u00e1? Zbal\u00edte veci partnerovi, de\u0165om, ale ke\u010f pr\u00edde rad na v\u00e1s, zrazu neviete, \u010do si zbali\u0165. Otvor\u00edte skri\u0148u a m\u00e1te pocit, \u017ee v nej ni\u010d nem\u00e1te. Po\u010fme sa pozrie\u0165 na na\u0161e odpor\u00fa\u010dania, ako sa spr\u00e1vne zbali\u0165 na dovolenku. A za\u010dnime rovno z\u00e1kladn\u00fdm pravidlom: Nikdy si na dovolenku neberte [&hellip;]","og_url":"https:\/\/blog.ccc.eu\/sk\/pobalit-sa-na-letnu-dovolenku-je-skutocne-umenie-vy-to-date-aj-s-nasou-pomocou\/","og_site_name":"blog.ccc.eu\/sk","article_published_time":"2024-06-17T12:17:32+00:00","article_modified_time":"2024-07-24T15:13:14+00:00","og_image":[{"width":1707,"height":2560,"url":"https:\/\/blog.ccc.eu\/sk\/wp-content\/uploads\/2024\/06\/CCC_5905588606697_02M_1597-scaled.jpg","type":"image\/jpeg"}],"author":"Kaja","twitter_card":"summary_large_image","twitter_misc":{"Autor":"Kaja","Predpokladan\u00fd \u010das \u010d\u00edtania":"9 min\u00fat"},"schema":{"@context":"https:\/\/schema.org","@graph":[{"@type":"Article","@id":"https:\/\/blog.ccc.eu\/sk\/pobalit-sa-na-letnu-dovolenku-je-skutocne-umenie-vy-to-date-aj-s-nasou-pomocou\/#article","isPartOf":{"@id":"https:\/\/blog.ccc.eu\/sk\/pobalit-sa-na-letnu-dovolenku-je-skutocne-umenie-vy-to-date-aj-s-nasou-pomocou\/"},"author":{"name":"Kaja","@id":"https:\/\/blog.ccc.eu\/sk\/#\/schema\/person\/399beb3452b4976df83fb9268601a994"},"headline":"Pobali\u0165 sa na letn\u00fa dovolenku je skuto\u010dn\u00e9 umenie. Vy to d\u00e1te! (aj s na\u0161ou pomocou)","datePublished":"2024-06-17T12:17:32+00:00","dateModified":"2024-07-24T15:13:14+00:00","mainEntityOfPage":{"@id":"https:\/\/blog.ccc.eu\/sk\/pobalit-sa-na-letnu-dovolenku-je-skutocne-umenie-vy-to-date-aj-s-nasou-pomocou\/"},"wordCount":1748,"commentCount":0,"publisher":{"@id":"https:\/\/blog.ccc.eu\/sk\/#organization"},"image":{"@id":"https:\/\/blog.ccc.eu\/sk\/pobalit-sa-na-letnu-dovolenku-je-skutocne-umenie-vy-to-date-aj-s-nasou-pomocou\/#primaryimage"},"thumbnailUrl":"https:\/\/blog.ccc.eu\/sk\/wp-content\/uploads\/2024\/06\/CCC_5905588606697_02M_1597-scaled.jpg","keywords":["kufre","letn\u00e1 dovolenka","leto"],"articleSection":["M\u00d3DNE TIPY"],"inLanguage":"sk-SK","potentialAction":[{"@type":"CommentAction","name":"Comment","target":["https:\/\/blog.ccc.eu\/sk\/pobalit-sa-na-letnu-dovolenku-je-skutocne-umenie-vy-to-date-aj-s-nasou-pomocou\/#respond"]}]},{"@type":"WebPage","@id":"https:\/\/blog.ccc.eu\/sk\/pobalit-sa-na-letnu-dovolenku-je-skutocne-umenie-vy-to-date-aj-s-nasou-pomocou\/","url":"https:\/\/blog.ccc.eu\/sk\/pobalit-sa-na-letnu-dovolenku-je-skutocne-umenie-vy-to-date-aj-s-nasou-pomocou\/","name":"Pobali\u0165 sa na letn\u00fa dovolenku je skuto\u010dn\u00e9 umenie. Vy to d\u00e1te! (aj s na\u0161ou pomocou) - blog.ccc.eu\/sk","isPartOf":{"@id":"https:\/\/blog.ccc.eu\/sk\/#website"},"primaryImageOfPage":{"@id":"https:\/\/blog.ccc.eu\/sk\/pobalit-sa-na-letnu-dovolenku-je-skutocne-umenie-vy-to-date-aj-s-nasou-pomocou\/#primaryimage"},"image":{"@id":"https:\/\/blog.ccc.eu\/sk\/pobalit-sa-na-letnu-dovolenku-je-skutocne-umenie-vy-to-date-aj-s-nasou-pomocou\/#primaryimage"},"thumbnailUrl":"https:\/\/blog.ccc.eu\/sk\/wp-content\/uploads\/2024\/06\/CCC_5905588606697_02M_1597-scaled.jpg","datePublished":"2024-06-17T12:17:32+00:00","dateModified":"2024-07-24T15:13:14+00:00","breadcrumb":{"@id":"https:\/\/blog.ccc.eu\/sk\/pobalit-sa-na-letnu-dovolenku-je-skutocne-umenie-vy-to-date-aj-s-nasou-pomocou\/#breadcrumb"},"inLanguage":"sk-SK","potentialAction":[{"@type":"ReadAction","target":["https:\/\/blog.ccc.eu\/sk\/pobalit-sa-na-letnu-dovolenku-je-skutocne-umenie-vy-to-date-aj-s-nasou-pomocou\/"]}]},{"@type":"ImageObject","inLanguage":"sk-SK","@id":"https:\/\/blog.ccc.eu\/sk\/pobalit-sa-na-letnu-dovolenku-je-skutocne-umenie-vy-to-date-aj-s-nasou-pomocou\/#primaryimage","url":"https:\/\/blog.ccc.eu\/sk\/wp-content\/uploads\/2024\/06\/CCC_5905588606697_02M_1597-scaled.jpg","contentUrl":"https:\/\/blog.ccc.eu\/sk\/wp-content\/uploads\/2024\/06\/CCC_5905588606697_02M_1597-scaled.jpg","width":1707,"height":2560,"caption":"\u0161\u013eapky ccc"},{"@type":"BreadcrumbList","@id":"https:\/\/blog.ccc.eu\/sk\/pobalit-sa-na-letnu-dovolenku-je-skutocne-umenie-vy-to-date-aj-s-nasou-pomocou\/#breadcrumb","itemListElement":[{"@type":"ListItem","position":1,"name":"Strona g\u0142\u00f3wna","item":"https:\/\/blog.ccc.eu\/sk\/"},{"@type":"ListItem","position":2,"name":"Pobali\u0165 sa na letn\u00fa dovolenku je skuto\u010dn\u00e9 umenie. Vy to d\u00e1te! (aj s na\u0161ou pomocou)"}]},{"@type":"WebSite","@id":"https:\/\/blog.ccc.eu\/sk\/#website","url":"https:\/\/blog.ccc.eu\/sk\/","name":"blog.ccc.eu\/sk","description":"Va\u0161e miesto pln\u00e9 m\u00f3dnych in\u0161pir\u00e1ci\u00ed","publisher":{"@id":"https:\/\/blog.ccc.eu\/sk\/#organization"},"potentialAction":[{"@type":"SearchAction","target":{"@type":"EntryPoint","urlTemplate":"https:\/\/blog.ccc.eu\/sk\/?s={search_term_string}"},"query-input":{"@type":"PropertyValueSpecification","valueRequired":true,"valueName":"search_term_string"}}],"inLanguage":"sk-SK"},{"@type":"Organization","@id":"https:\/\/blog.ccc.eu\/sk\/#organization","name":"CCC S.A.","url":"https:\/\/blog.ccc.eu\/sk\/","logo":{"@type":"ImageObject","inLanguage":"sk-SK","@id":"https:\/\/blog.ccc.eu\/sk\/#\/schema\/logo\/image\/","url":"https:\/\/blog.ccc.eu\/sk\/wp-content\/uploads\/2021\/11\/logo_ccc.png","contentUrl":"https:\/\/blog.ccc.eu\/sk\/wp-content\/uploads\/2021\/11\/logo_ccc.png","width":730,"height":270,"caption":"CCC S.A."},"image":{"@id":"https:\/\/blog.ccc.eu\/sk\/#\/schema\/logo\/image\/"}},{"@type":"Person","@id":"https:\/\/blog.ccc.eu\/sk\/#\/schema\/person\/399beb3452b4976df83fb9268601a994","name":"Kaja","image":{"@type":"ImageObject","inLanguage":"sk-SK","@id":"https:\/\/blog.ccc.eu\/sk\/#\/schema\/person\/image\/","url":"https:\/\/blog.ccc.eu\/sk\/wp-content\/uploads\/2024\/06\/white-1-100x100.jpg","contentUrl":"https:\/\/blog.ccc.eu\/sk\/wp-content\/uploads\/2024\/06\/white-1-100x100.jpg","caption":"Kaja"},"description":"U\u017e od pubert\u00e1lnych \u010dias sa venuje pr\u00e1ci v m\u00e9di\u00e1ch a p\u00edsaniu. Z kon\u00ed\u010dka sa stalo \u017eivobytie, ktor\u00e9 jej z\u00e1rove\u0148 dalo dostatok slobody na to, aby mohla pomerne ve\u013ea cestova\u0165 a spozn\u00e1va\u0165 svet a rozli\u010dn\u00e9 kult\u00fary. Energiu jej dod\u00e1va \u010d\u00edtanie kn\u00edh, voda a hudba.","url":"https:\/\/blog.ccc.eu\/sk\/author\/perlamakovienka-sk\/"}]}},"_links":{"self":[{"href":"https:\/\/blog.ccc.eu\/sk\/wp-json\/wp\/v2\/posts\/8516","targetHints":{"allow":["GET"]}}],"collection":[{"href":"https:\/\/blog.ccc.eu\/sk\/wp-json\/wp\/v2\/posts"}],"about":[{"href":"https:\/\/blog.ccc.eu\/sk\/wp-json\/wp\/v2\/types\/post"}],"author":[{"embeddable":true,"href":"https:\/\/blog.ccc.eu\/sk\/wp-json\/wp\/v2\/users\/22"}],"replies":[{"embeddable":true,"href":"https:\/\/blog.ccc.eu\/sk\/wp-json\/wp\/v2\/comments?post=8516"}],"version-history":[{"count":8,"href":"https:\/\/blog.ccc.eu\/sk\/wp-json\/wp\/v2\/posts\/8516\/revisions"}],"predecessor-version":[{"id":8526,"href":"https:\/\/blog.ccc.eu\/sk\/wp-json\/wp\/v2\/posts\/8516\/revisions\/8526"}],"wp:featuredmedia":[{"embeddable":true,"href":"https:\/\/blog.ccc.eu\/sk\/wp-json\/wp\/v2\/media\/8493"}],"wp:attachment":[{"href":"https:\/\/blog.ccc.eu\/sk\/wp-json\/wp\/v2\/media?parent=8516"}],"wp:term":[{"taxonomy":"category","embeddable":true,"href":"https:\/\/blog.ccc.eu\/sk\/wp-json\/wp\/v2\/categories?post=8516"},{"taxonomy":"post_tag","embeddable":true,"href":"https:\/\/blog.ccc.eu\/sk\/wp-json\/wp\/v2\/tags?post=8516"}],"curies":[{"name":"wp","href":"https:\/\/api.w.org\/{rel}","templated":true}]}}