{"id":8558,"date":"2024-07-11T13:42:15","date_gmt":"2024-07-11T11:42:15","guid":{"rendered":"https:\/\/blog.ccc.eu\/sk\/?p=8558"},"modified":"2024-07-26T13:21:16","modified_gmt":"2024-07-26T11:21:16","slug":"ach-tie-roky-2010-a-tak-sme-sa-zacali-obliekat-na-instagram","status":"publish","type":"post","link":"https:\/\/blog.ccc.eu\/sk\/ach-tie-roky-2010-a-tak-sme-sa-zacali-obliekat-na-instagram\/","title":{"rendered":"Ach, tie roky 2010! A tak sme sa za\u010dali oblieka\u0165 na Instagram"},"content":{"rendered":"\n<p><\/p>\n\n\n\n<p><em><strong>Rok 2010 nie je tak d\u00e1vno, ve\u010f iba 14 rokov dozadu. Napriek tomu sa m\u00f3da diametr\u00e1lne zmenila a hoci sa trendy rokov 2010-tych ur\u010dite vr\u00e1tia (ako trendy ka\u017edej doby), dnes z nich ve\u013ea v m\u00f3de nem\u00e1me. Mimochodom, s\u00fa to presne tie roky, kedy sme sa za\u010dali oblieka\u0165 najm\u00e4 kv\u00f4li Instagramu.<\/strong><\/em><\/p>\n\n\n\n<p><\/p>\n\n\n\n<p><a href=\"https:\/\/www.instagram.com\/p\/Cm9vjGKvlmR\">    <blockquote class=\"instagram-media\" data-instgrm-permalink=\"https:\/\/www.instagram.com\/p\/Cm9vjGKvlmR\/\" data-instgrm-version=\"12\"\n                style=\" background:#FFF; border:0; border-radius:3px; box-shadow:0 0 1px 0 rgba(0,0,0,0.5),0 1px 10px 0 rgba(0,0,0,0.15); margin: 1px; max-width:540px; min-width:326px; padding:0; width:99.375%; width:-webkit-calc(100% - 2px); width:calc(100% - 2px);\">\n        <div style=\"padding:16px;\"><a href=\"https:\/\/www.instagram.com\/p\/Cm9vjGKvlmR\/\"\n                                      style=\" background:#FFFFFF; line-height:0; padding:0 0; text-align:center; text-decoration:none; width:100%;\"\n                                      target=\"_blank\">\n                <div style=\" display: flex; flex-direction: row; align-items: center;\">\n                    <div\n                        style=\"background-color: #F4F4F4; border-radius: 50%; flex-grow: 0; height: 40px; margin-right: 14px; width: 40px;\"><\/div>\n                    <div style=\"display: flex; flex-direction: column; flex-grow: 1; justify-content: center;\">\n                        <div\n                            style=\" background-color: #F4F4F4; border-radius: 4px; flex-grow: 0; height: 14px; margin-bottom: 6px; width: 100px;\"><\/div>\n                        <div\n                            style=\" background-color: #F4F4F4; border-radius: 4px; flex-grow: 0; height: 14px; width: 60px;\"><\/div>\n                    <\/div>\n                <\/div>\n                <div style=\"padding: 19% 0;\"><\/div>\n                <div style=\"display:block; height:50px; margin:0 auto 12px; width:50px;\">\n                    <svg width=\"50px\" height=\"50px\" viewBox=\"0 0 60 60\" version=\"1.1\"\n                         xmlns=\"https:\/\/www.w3.org\/2000\/svg\">\n                        <g stroke=\"none\" stroke-width=\"1\" fill=\"none\" fill-rule=\"evenodd\">\n                            <g transform=\"translate(-511.000000, -20.000000)\" fill=\"#000000\">\n                                <g>\n                                    <path\n                                        d=\"M556.869,30.41 C554.814,30.41 553.148,32.076 553.148,34.131 C553.148,36.186 554.814,37.852 556.869,37.852 C558.924,37.852 560.59,36.186 560.59,34.131 C560.59,32.076 558.924,30.41 556.869,30.41 M541,60.657 C535.114,60.657 530.342,55.887 530.342,50 C530.342,44.114 535.114,39.342 541,39.342 C546.887,39.342 551.658,44.114 551.658,50 C551.658,55.887 546.887,60.657 541,60.657 M541,33.886 C532.1,33.886 524.886,41.1 524.886,50 C524.886,58.899 532.1,66.113 541,66.113 C549.9,66.113 557.115,58.899 557.115,50 C557.115,41.1 549.9,33.886 541,33.886 M565.378,62.101 C565.244,65.022 564.756,66.606 564.346,67.663 C563.803,69.06 563.154,70.057 562.106,71.106 C561.058,72.155 560.06,72.803 558.662,73.347 C557.607,73.757 556.021,74.244 553.102,74.378 C549.944,74.521 548.997,74.552 541,74.552 C533.003,74.552 532.056,74.521 528.898,74.378 C525.979,74.244 524.393,73.757 523.338,73.347 C521.94,72.803 520.942,72.155 519.894,71.106 C518.846,70.057 518.197,69.06 517.654,67.663 C517.244,66.606 516.755,65.022 516.623,62.101 C516.479,58.943 516.448,57.996 516.448,50 C516.448,42.003 516.479,41.056 516.623,37.899 C516.755,34.978 517.244,33.391 517.654,32.338 C518.197,30.938 518.846,29.942 519.894,28.894 C520.942,27.846 521.94,27.196 523.338,26.654 C524.393,26.244 525.979,25.756 528.898,25.623 C532.057,25.479 533.004,25.448 541,25.448 C548.997,25.448 549.943,25.479 553.102,25.623 C556.021,25.756 557.607,26.244 558.662,26.654 C560.06,27.196 561.058,27.846 562.106,28.894 C563.154,29.942 563.803,30.938 564.346,32.338 C564.756,33.391 565.244,34.978 565.378,37.899 C565.522,41.056 565.552,42.003 565.552,50 C565.552,57.996 565.522,58.943 565.378,62.101 M570.82,37.631 C570.674,34.438 570.167,32.258 569.425,30.349 C568.659,28.377 567.633,26.702 565.965,25.035 C564.297,23.368 562.623,22.342 560.652,21.575 C558.743,20.834 556.562,20.326 553.369,20.18 C550.169,20.033 549.148,20 541,20 C532.853,20 531.831,20.033 528.631,20.18 C525.438,20.326 523.257,20.834 521.349,21.575 C519.376,22.342 517.703,23.368 516.035,25.035 C514.368,26.702 513.342,28.377 512.574,30.349 C511.834,32.258 511.326,34.438 511.181,37.631 C511.035,40.831 511,41.851 511,50 C511,58.147 511.035,59.17 511.181,62.369 C511.326,65.562 511.834,67.743 512.574,69.651 C513.342,71.625 514.368,73.296 516.035,74.965 C517.703,76.634 519.376,77.658 521.349,78.425 C523.257,79.167 525.438,79.673 528.631,79.82 C531.831,79.965 532.853,80.001 541,80.001 C549.148,80.001 550.169,79.965 553.369,79.82 C556.562,79.673 558.743,79.167 560.652,78.425 C562.623,77.658 564.297,76.634 565.965,74.965 C567.633,73.296 568.659,71.625 569.425,69.651 C570.167,67.743 570.674,65.562 570.82,62.369 C570.966,59.17 571,58.147 571,50 C571,41.851 570.966,40.831 570.82,37.631\"><\/path>\n                                <\/g>\n                            <\/g>\n                        <\/g>\n                    <\/svg>\n                <\/div>\n                <div style=\"padding: 12.5% 0;\"><\/div>\n                <div style=\"display: flex; flex-direction: row; margin-bottom: 14px; align-items: center;\">\n                    <div>\n                        <div\n                            style=\"background-color: #F4F4F4; border-radius: 50%; height: 12.5px; width: 12.5px; transform: translateX(0px) translateY(7px);\"><\/div>\n                        <div\n                            style=\"background-color: #F4F4F4; height: 12.5px; transform: rotate(-45deg) translateX(3px) translateY(1px); width: 12.5px; flex-grow: 0; margin-right: 14px; margin-left: 2px;\"><\/div>\n                        <div\n                            style=\"background-color: #F4F4F4; border-radius: 50%; height: 12.5px; width: 12.5px; transform: translateX(9px) translateY(-18px);\"><\/div>\n                    <\/div>\n                    <div style=\"margin-left: 8px;\">\n                        <div\n                            style=\" background-color: #F4F4F4; border-radius: 50%; flex-grow: 0; height: 20px; width: 20px;\"><\/div>\n                        <div\n                            style=\" width: 0; height: 0; border-top: 2px solid transparent; border-left: 6px solid #f4f4f4; border-bottom: 2px solid transparent; transform: translateX(16px) translateY(-4px) rotate(30deg)\"><\/div>\n                    <\/div>\n                    <div style=\"margin-left: auto;\">\n                        <div\n                            style=\" width: 0; border-top: 8px solid #F4F4F4; border-right: 8px solid transparent; transform: translateY(16px);\"><\/div>\n                        <div\n                            style=\" background-color: #F4F4F4; flex-grow: 0; height: 12px; width: 16px; transform: translateY(-4px);\"><\/div>\n                        <div\n                            style=\" width: 0; height: 0; border-top: 8px solid #F4F4F4; border-left: 8px solid transparent; transform: translateY(-4px) translateX(8px);\"><\/div>\n                    <\/div>\n                <\/div>\n                <div\n                    style=\"display: flex; flex-direction: column; flex-grow: 1; justify-content: center; margin-bottom: 24px;\">\n                    <div\n                        style=\" background-color: #F4F4F4; border-radius: 4px; flex-grow: 0; height: 14px; margin-bottom: 6px; width: 224px;\"><\/div>\n                    <div\n                        style=\" background-color: #F4F4F4; border-radius: 4px; flex-grow: 0; height: 14px; width: 144px;\"><\/div>\n                <\/div>\n            <\/a><\/div>\n    <\/blockquote>\n    <script async=\"\" src=\"\/\/www.instagram.com\/embed.js\"><\/script>\n\n    <\/a><\/p>\n\n\n\n<p><\/p>\n\n\n\n<p>Je to tak. Najv\u00e4\u010d\u0161\u00ed vplyv na m\u00f3du v rokoch 2010-tych nepri\u0161iel z Par\u00ed\u017ea, Mil\u00e1na \u010di z New Yorku, ale zo \u2013 Silicon Valley! Ak dnes povieme, \u017ee m\u00f3da je r\u00fdchla, pr\u00ed\u010dinou je pr\u00e1ve aj Instagram. Pozrite sa na to takto. Kedysi boli trendy jasn\u00e9 \u2013 v 40. rokoch 20. storo\u010dia pri\u0161li silonky, v 50. rokoch maximalistick\u00e9 podprsenky, v 60. rokoch minisukne v 70. rokoch stre\u010dov\u00e9 d\u017e\u00ednsy a v 80. rokoch vypch\u00e1vky na ramen\u00e1ch. <\/p>\n\n\n\n<p>No a roky 2010 priniesli to, \u017ee u\u017e nikto nechcel by\u0165 ako ostatn\u00ed. Na Instagram toti\u017e bolo potrebn\u00e9 tvori\u0165 st\u00e1le nov\u00e9 a nov\u00e9 fotky, \u010do znamenalo st\u00e1le nov\u00e9 a nov\u00e9 \u0161t\u00fdly, outfity, \u010d\u00edm prekvapivej\u0161ie, t\u00fdm lep\u0161ie. Prestali existova\u0165 univerz\u00e1lne trendy, preto\u017ee ka\u017ed\u00fd mal na Instagrame vlastn\u00e9 publikum a to publikum fandilo \u0161t\u00fdlu toho konkr\u00e9tneho influencera a nie v\u0161eobecn\u00e9mu \u0161t\u00fdlu. <\/p>\n\n\n\n<p>Viedlo to k n\u00e1rastu r\u00fdchlej m\u00f3dy, preto\u017ee na zverej\u0148ovanie st\u00e1le nov\u00fdch k\u00faskov a \u0161t\u00fdlov potrebujete naozaj ve\u013ea oble\u010denia, top\u00e1nok a doplnkov. Kvalita, \u017eia\u013e, i\u0161la dole, preto\u017ee \u2013 ak veci dobre vyzeraj\u00fa na fotografii, tr\u00e1pilo niekoho, \u017ee ich kvalita bola pofid\u00e9rna?\u2026 Ver\u00edme, \u017ee aspo\u0148 v tomto m\u00e1me roky 2010 za sebou!<\/p>\n\n\n\n<p>Bolo to desa\u0165ro\u010die, kedy sa m\u00f3da za\u010dala deformalizova\u0165, streetwear \u0161t\u00fdl upevnil svoje miesto v\u010faka spolupr\u00e1ci Louis Vuitton so Supreme.<\/p>\n\n\n\n<p>V rokoch 2010-tych jednoducho existovalo naozaj ve\u013ea sp\u00f4sobov, ako sa obliec\u0165, rozhoduj\u00facim trendom ale bolo \u2013 \u201chore.\u201d Vysok\u00e9 lodi\u010dky, top\u00e1nky na platform\u00e1ch, ktor\u00e9 v\u00e1s vydvihli a\u017e do nebies.<\/p>\n\n\n\n<h2 class=\"wp-block-heading\">Zna\u010dky id\u00fa dole<\/h2>\n\n\n\n<p>Pr\u00e1ve v\u010faka tomu, \u017ee sa m\u00f3da zr\u00fdchlila, komunik\u00e1cia medzi influencerom a publikom prebiehala r\u00fdchlos\u0165ou blesku a \u017eiadny outfit nemal dlh\u0161ie trvanie ako de\u0148, kl\u00e1dol sa ove\u013ea v\u00e4\u010d\u0161\u00ed d\u00f4raz na \u0161t\u00fdl a jeho prekvapiv\u00e9 prevedenie, ako na zna\u010dky. <\/p>\n\n\n\n<p>\u00c9ra m\u00f3dnych blogerov sa kon\u010dila, a tak t\u00edto r\u00fdchlo \u201cpresedlali\u201d na Instagram, \u010dasto pod \u00faplne nov\u00fdmi menami a za\u010dali \u0161\u00edri\u0165 svoj m\u00f3dny obsah s v\u00e4\u010d\u0161\u00edm mno\u017estvom obr\u00e1zkov, ale s menej textom. Nastal trend dokumentovania outfitov na ka\u017edodennej b\u00e1ze \u2013 maximalistick\u00fdch, farebn\u00fdch, prekvapiv\u00fdch.<\/p>\n\n\n\n<h2 class=\"wp-block-heading\">Obuv na platforme<\/h2>\n\n\n\n<p>Po \u00e9re, kedy boli preferovan\u00e9 lodi\u010dky, \u017eensk\u00e9, jemn\u00e9, decentn\u00e9, a ob\u00favali sa na ka\u017ed\u00fa pr\u00edle\u017eitos\u0165, pri\u0161la \u00e9ra, kedy sa za\u010dali nosi\u0165 top\u00e1nky na platform\u00e1ch. M\u00f3dni kritici z toho ve\u013ek\u00fa rados\u0165 nemali, napr\u00edklad Lynn Yaegerov\u00e1 pre magaz\u00edn Vogue v janu\u00e1ri 2013 nap\u00edsala: <\/p>\n\n\n\n<p><em>\u201cPosledn\u00e9 desa\u0165ro\u010die ste str\u00e1vili \u0161liapan\u00edm a nejako sa v\u00e1m podarilo presved\u010di\u0165 sam\u00fdch seba, \u017ee ke\u010f si obujete svoje cten\u00e9 platformy \u2013 tak\u00e9 spo\u013eahliv\u00e9, tak\u00e9 pohodln\u00e9 <\/em>\u2013 <em>svoj\u00edm sp\u00f4sobom sa tak trochu k\u013a\u017eete. Nie je to tak. Amazonsk\u00e1 obuv m\u00e1 s\u00edce svoje prednosti, ale jemnos\u0165 a p\u00f4vab medzi ne nepatria.\u201d<\/em><\/p>\n\n\n\n<p>My si dovol\u00edme nes\u00fahlasi\u0165, mysl\u00edme si, \u017ee obuv na platforme patr\u00ed do \u0161atn\u00edka mnoh\u00fdch z n\u00e1s. \u010casto po nej siahaj\u00fa najm\u00e4 tie ni\u017e\u0161ie z n\u00e1s a ak by ste i\u0161li do \u00c1zie, takmer by ste nena\u0161li sle\u010dnu, ktor\u00e1 by nemala svoje top\u00e1nky postaven\u00e9 na platforme. Jednoducho chc\u00fa by\u0165 vy\u0161\u0161ie. Ale, \u00e1no, s\u00fahlas\u00edme, s t\u00fdm, \u017ee tak\u00e9to top\u00e1nky \u00faplne nepatria na jemn\u00e9 decentn\u00e9 pr\u00edle\u017eitosti, kde sa hod\u00ed jemnos\u0165, p\u00f4vab, elegancia.<\/p>\n\n\n<shortcode prop-category=\"Top\u00e1nky\" prop-gender=\"female\" prop-load-num=\"4\" prop-display-num=\"4\" prop-sku=\"5905588513599, 5905588605478, 5905588438946, 5904862824772\" prop-view=\"slider\"><\/shortcode>        <div\r\n            class=\"eob-pf-shortcode\"\r\n            id=\"eobpf69f1cafa5e92f\"\r\n        >\r\n            <shortcode prop-category=\"Top\u00e1nky\" prop-gender=\"female\" prop-load-num=\"4\" prop-display-num=\"4\" prop-sku=\"5905588513599, 5905588605478, 5905588438946, 5904862824772\" prop-view=\"slider\"><\/shortcode>        <\/div>\r\n\t\t<script>\r\n\t\t\tjQuery(document).ready(() => {\r\n\t\t\t    const root = document.getElementById('eobpf69f1cafa5e92f');\r\n                Vue.createApp({\r\n\t                components: {\r\n\t                    shortcode\r\n\t                }\r\n                }).mount(root);\r\n\t\t\t});\r\n\t\t<\/script>\r\n\t\t\r\n\t\t\n\n\n\n<p><\/p>\n\n\n\n<h2 class=\"wp-block-heading\">\u2026a oble\u010denie \u00fazke<\/h2>\n\n\n\n<p>Slim fit u\u017e dnes nie je prv\u00e1 vo\u013eba, ale v 2010. rokoch bola. Kancel\u00e1rsky \u0161t\u00fdl, ktor\u00fd bol pomerne \u201c\u0161kroben\u00fd\u201d a nie \u00faplne pohodln\u00fd sa vo svojej ka\u017edodennej\u0161ej verzii preniesol do ul\u00edc. \u00dazke nohavice, mrkvov\u00e9 sukne, goliere vyk\u00fakaj\u00face spod svetr\u00edka, opaskov\u00e9 bundy, pruhovan\u00e9 tri\u010dk\u00e1, na mieru \u0161it\u00e9 sak\u00e1. V\u0161etko priliehaj\u00facej\u0161ieho charakteru.<\/p>\n\n\n\n<h2 class=\"wp-block-heading\">Subkult\u00fary sa stali mainstream<\/h2>\n\n\n\n<p>Ke\u010f\u017ee bolo treba siaha\u0165 st\u00e1le po nov\u00fdch a nov\u00fdch lookoch, pri\u0161li na rad aj tie \u0161t\u00fdly, ktor\u00e9 boli&nbsp; predt\u00fdm sk\u00f4r potieran\u00e9. Je to ten pr\u00edpad, ke\u010f sa z antitrendu stane trend a pr\u00edkladom je pr\u00e1ve streetwear, ktor\u00fd bol pova\u017eovan\u00fd \u2013 ako u\u017e n\u00e1zov nazna\u010duje \u2013 za \u0161t\u00fdl ulice, ktor\u00fd v ka\u017edodennom styku nemal \u010do robi\u0165. A ne\u0161lo pritom e\u0161te tak celkom o \u201ctepl\u00e1kov\u00fa kult\u00faru\u201d, ako ju pozn\u00e1me dnes, t\u00fdkalo sa to najm\u00e4 top\u00e1nok. Tenisky sa jednoducho za\u010dali nosi\u0165 nielen na t\u00fary a \u0161portov\u00e9 aktivity, ale aj na be\u017en\u00e9 prech\u00e1dzky do mesta. K nim jednoduch\u00e9 d\u017e\u00ednsy a mikinka, ko\u0161e\u013ea, rol\u00e1k \u010di svetr\u00edk. <\/p>\n\n\n\n<p>V roku 2014 dokonca Karl Lagerfeld na jarnej prehliadke Chanel preru\u0161il trad\u00edciu a v\u0161etky svoje modelky obul do tenisiek v jednofarebn\u00fdch odtie\u0148och. Zopakoval to aj v jesennej sez\u00f3ne, ale tentokr\u00e1t boli tenisky farebn\u00e9. Boom tenisiek za\u017e\u00edvame aj dnes, m\u00f4\u017eete si tak roky svojej mo\u017eno mladosti pekne pripomen\u00fa\u0165.<\/p>\n\n\n<shortcode prop-category=\"Tenisky\" prop-gender=\"female\" prop-load-num=\"8\" prop-display-num=\"4\" prop-sku=\"2230070287812, 5905588545828, 5905588557555, 5905588546948\" prop-view=\"slider\"><\/shortcode>        <div\r\n            class=\"eob-pf-shortcode\"\r\n            id=\"eobpf69f1cafa5ea5e\"\r\n        >\r\n            <shortcode prop-category=\"Tenisky\" prop-gender=\"female\" prop-load-num=\"8\" prop-display-num=\"4\" prop-sku=\"2230070287812, 5905588545828, 5905588557555, 5905588546948\" prop-view=\"slider\"><\/shortcode>        <\/div>\r\n\t\t<script>\r\n\t\t\tjQuery(document).ready(() => {\r\n\t\t\t    const root = document.getElementById('eobpf69f1cafa5ea5e');\r\n                Vue.createApp({\r\n\t                components: {\r\n\t                    shortcode\r\n\t                }\r\n                }).mount(root);\r\n\t\t\t});\r\n\t\t<\/script>\r\n\t\t\r\n\t\t\n\n\n\n<p><\/p>\n\n\n\n<h2 class=\"wp-block-heading\">Konzum s p\u00fdchou<\/h2>\n\n\n\n<p>Roky 2010-te priali log\u00e1m. Nosi\u0165 oble\u010denie s \u010do najvidite\u013enej\u0161\u00edm logom bola proste hrdos\u0165 a p\u00fdcha sama o sebe. \u010c\u00edm vidite\u013enej\u0161ie, t\u00fdm lep\u0161ie. Bola to naozajstn\u00e1 logom\u00e1nia, pri\u010dom \u013eudia si dali na seba aj tri\u010dk\u00e1 s logami kuri\u00e9rskych spolo\u010dnost\u00ed, prezidentsk\u00fdch kampan\u00ed ap. A, \u00e1no, aby pre\u017eili, na tento trend nasko\u010dili ve\u013emi r\u00fdchlo aj m\u00f3dne domy, ktor\u00e9 kedysi trendy ur\u010dovali. Teraz sa museli nau\u010di\u0165 prij\u00edma\u0165 ich a prv\u00fdm, ktor\u00e9 svoje logo pov\u00fd\u0161il do tejto logom\u00e1nie bola zna\u010dka Gucci, ktor\u00e1 ich zakomponovala na svoje kabelky.<\/p>\n\n\n<shortcode prop-category=\"Kabelky &amp; Kufre\" prop-gender=\"female\" prop-load-num=\"8\" prop-display-num=\"4\" prop-sku=\"5905588652809, 5905588629993, 5905588616184, 5905588599760\" prop-view=\"slider\"><\/shortcode>        <div\r\n            class=\"eob-pf-shortcode\"\r\n            id=\"eobpf69f1cafa5ea97\"\r\n        >\r\n            <shortcode prop-category=\"Kabelky &amp; Kufre\" prop-gender=\"female\" prop-load-num=\"8\" prop-display-num=\"4\" prop-sku=\"5905588652809, 5905588629993, 5905588616184, 5905588599760\" prop-view=\"slider\"><\/shortcode>        <\/div>\r\n\t\t<script>\r\n\t\t\tjQuery(document).ready(() => {\r\n\t\t\t    const root = document.getElementById('eobpf69f1cafa5ea97');\r\n                Vue.createApp({\r\n\t                components: {\r\n\t                    shortcode\r\n\t                }\r\n                }).mount(root);\r\n\t\t\t});\r\n\t\t<\/script>\r\n\t\t\r\n\t\t\n\n\n\n<p><\/p>\n\n\n\n<h2 class=\"wp-block-heading\">Obrovsk\u00fd vplyv britskej kr\u00e1\u013eovskej rodiny<\/h2>\n\n\n\n<p>Roky 2010-te priniesli do britskej kr\u00e1\u013eovskej rodiny dva ve\u013ek\u00e9 pr\u00edrastky v podobe neviest ob\u013e\u00faben\u00fdch princov. V roku 2011 sa \u017eenil princ William a v roku 2018 princ Harry. Ako Kate, tak Meghan u\u017e vtedy mali a dodnes maj\u00fa pre m\u00f3du svoje vlastn\u00e9 jedine\u010dn\u00e9 c\u00edtenie a podobne ako princezn\u00e1 Diana, obidve maj\u00fa obrovsk\u00fd vplyv na n\u00e1kupn\u00e9 spr\u00e1vanie d\u00e1m. Uk\u00e1zalo sa, \u017ee ak si nie\u010do oble\u010d\u00fa na verejnosti, tak podobn\u00e9 k\u00fasky s\u00fa do p\u00e1r hod\u00edn vypredan\u00e9. <\/p>\n\n\n\n<p>Meghan v m\u00f3de preferuje nov\u0161\u00edch a mlad\u0161\u00edch n\u00e1vrh\u00e1rov, ktor\u00ed s\u00fa \u010dasto aj cenovo dostupnej\u0161\u00ed a je u nej vidno vplyv aj americkej m\u00f3dy. Kate sa dr\u017e\u00ed viac-menej kr\u00e1\u013eovsk\u00fdch pravidiel obliekania sa, v jej \u0161atn\u00edku vl\u00e1dnu \u0161trukt\u00farovan\u00e9 kab\u00e1ty, \u0161aty s d\u013a\u017ekou po kolen\u00e1 a s dlh\u00fdm ruk\u00e1vom, nohavice s vysok\u00fdm p\u00e1som a lodi\u010dky s uzavretou \u0161pi\u010dkou. S\u00fa pr\u00edkladmi t\u00fdch, ktor\u00e9 nepodliehaj\u00fa m\u00f3dnym trendom, ale ur\u010duj\u00fa ich. A za\u010dali ich ur\u010dova\u0165 pr\u00e1ve v rokoch 2010-tych,<\/p>\n\n\n<shortcode prop-category=\"Lodi\u010dky\" prop-gender=\"female\" prop-load-num=\"8\" prop-display-num=\"4\" prop-sku=\"5905588299097, 5905588516859, 5905588372554, 5905588399360\" prop-view=\"slider\"><\/shortcode>        <div\r\n            class=\"eob-pf-shortcode\"\r\n            id=\"eobpf69f1cafa5eabe\"\r\n        >\r\n            <shortcode prop-category=\"Lodi\u010dky\" prop-gender=\"female\" prop-load-num=\"8\" prop-display-num=\"4\" prop-sku=\"5905588299097, 5905588516859, 5905588372554, 5905588399360\" prop-view=\"slider\"><\/shortcode>        <\/div>\r\n\t\t<script>\r\n\t\t\tjQuery(document).ready(() => {\r\n\t\t\t    const root = document.getElementById('eobpf69f1cafa5eabe');\r\n                Vue.createApp({\r\n\t                components: {\r\n\t                    shortcode\r\n\t                }\r\n                }).mount(root);\r\n\t\t\t});\r\n\t\t<\/script>\r\n\t\t\r\n\t\t\n\n\n\n<p><\/p>\n\n\n\n<p>A nesmieme zabudn\u00fa\u0165 na doplnky. Ak by ste sa chceli obliec\u0165 v \u0161t\u00fdle rokov 2010-tych, nesmiete vyjs\u0165 von bez extravagantn\u00e9ho n\u00e1hrdeln\u00edka, ktor\u00fd bude kri\u010da\u0165: \u201cPozri sa na m\u0148a!\u201d<\/p>\n\n\n\n<p><\/p>\n","protected":false},"excerpt":{"rendered":"<p>Rok 2010 nie je tak d\u00e1vno, ve\u010f iba 14 rokov dozadu. Napriek tomu sa m\u00f3da diametr\u00e1lne zmenila a hoci sa trendy rokov 2010-tych ur\u010dite vr\u00e1tia (ako trendy ka\u017edej doby), dnes z nich ve\u013ea v m\u00f3de nem\u00e1me. Mimochodom, s\u00fa to presne tie roky, kedy sme sa za\u010dali oblieka\u0165 najm\u00e4 kv\u00f4li Instagramu. Je to tak. Najv\u00e4\u010d\u0161\u00ed vplyv [&hellip;]<\/p>\n","protected":false},"author":22,"featured_media":7966,"comment_status":"open","ping_status":"open","sticky":false,"template":"","format":"standard","meta":{"_acf_changed":false,"footnotes":""},"categories":[4,6],"tags":[1013,1014,574,659],"class_list":["post-8558","post","type-post","status-publish","format-standard","has-post-thumbnail","hentry","category-modne-tipy","category-trendy","tag-1013","tag-2010s-fashion","tag-kabelky","tag-topanky"],"acf":[],"yoast_head":"<!-- This site is optimized with the Yoast SEO plugin v26.9 - https:\/\/yoast.com\/product\/yoast-seo-wordpress\/ -->\n<title>Ach, tie roky 2010! A tak sme sa za\u010dali oblieka\u0165 na Instagram - blog.ccc.eu\/sk<\/title>\n<meta name=\"description\" content=\"Rok 2010 nie je d\u00e1vno, 14 rokov dozadu... Napriek tomu sa m\u00f3da diametr\u00e1lne zmenila! Spomeniete si na najv\u00e4\u010d\u0161ie trendy minul\u00e9ho desa\u0165ro\u010dia? \u26a1 2026\" \/>\n<meta name=\"robots\" content=\"index, follow, max-snippet:-1, max-image-preview:large, max-video-preview:-1\" \/>\n<link rel=\"canonical\" href=\"https:\/\/blog.ccc.eu\/sk\/ach-tie-roky-2010-a-tak-sme-sa-zacali-obliekat-na-instagram\/\" \/>\n<meta property=\"og:locale\" content=\"sk_SK\" \/>\n<meta property=\"og:type\" content=\"article\" \/>\n<meta property=\"og:title\" content=\"Ach, tie roky 2010! A tak sme sa za\u010dali oblieka\u0165 na Instagram - blog.ccc.eu\/sk\" \/>\n<meta property=\"og:description\" content=\"Rok 2010 nie je d\u00e1vno, 14 rokov dozadu... Napriek tomu sa m\u00f3da diametr\u00e1lne zmenila! Spomeniete si na najv\u00e4\u010d\u0161ie trendy minul\u00e9ho desa\u0165ro\u010dia? \u26a1\" \/>\n<meta property=\"og:url\" content=\"https:\/\/blog.ccc.eu\/sk\/ach-tie-roky-2010-a-tak-sme-sa-zacali-obliekat-na-instagram\/\" \/>\n<meta property=\"og:site_name\" content=\"blog.ccc.eu\/sk\" \/>\n<meta property=\"article:published_time\" content=\"2024-07-11T11:42:15+00:00\" \/>\n<meta property=\"article:modified_time\" content=\"2024-07-26T11:21:16+00:00\" \/>\n<meta property=\"og:image\" content=\"https:\/\/blog.ccc.eu\/sk\/wp-content\/uploads\/2024\/03\/PL_Listing_-_HD_-_1300x340_Spring_Edit_240318.jpg\" \/>\n\t<meta property=\"og:image:width\" content=\"434\" \/>\n\t<meta property=\"og:image:height\" content=\"340\" \/>\n\t<meta property=\"og:image:type\" content=\"image\/jpeg\" \/>\n<meta name=\"author\" content=\"Kaja\" \/>\n<meta name=\"twitter:card\" content=\"summary_large_image\" \/>\n<meta name=\"twitter:label1\" content=\"Autor\" \/>\n\t<meta name=\"twitter:data1\" content=\"Kaja\" \/>\n\t<meta name=\"twitter:label2\" content=\"Predpokladan\u00fd \u010das \u010d\u00edtania\" \/>\n\t<meta name=\"twitter:data2\" content=\"6 min\u00fat\" \/>\n<script type=\"application\/ld+json\" class=\"yoast-schema-graph\">{\"@context\":\"https:\/\/schema.org\",\"@graph\":[{\"@type\":\"Article\",\"@id\":\"https:\/\/blog.ccc.eu\/sk\/ach-tie-roky-2010-a-tak-sme-sa-zacali-obliekat-na-instagram\/#article\",\"isPartOf\":{\"@id\":\"https:\/\/blog.ccc.eu\/sk\/ach-tie-roky-2010-a-tak-sme-sa-zacali-obliekat-na-instagram\/\"},\"author\":{\"name\":\"Kaja\",\"@id\":\"https:\/\/blog.ccc.eu\/sk\/#\/schema\/person\/399beb3452b4976df83fb9268601a994\"},\"headline\":\"Ach, tie roky 2010! A tak sme sa za\u010dali oblieka\u0165 na Instagram\",\"datePublished\":\"2024-07-11T11:42:15+00:00\",\"dateModified\":\"2024-07-26T11:21:16+00:00\",\"mainEntityOfPage\":{\"@id\":\"https:\/\/blog.ccc.eu\/sk\/ach-tie-roky-2010-a-tak-sme-sa-zacali-obliekat-na-instagram\/\"},\"wordCount\":1324,\"commentCount\":0,\"publisher\":{\"@id\":\"https:\/\/blog.ccc.eu\/sk\/#organization\"},\"image\":{\"@id\":\"https:\/\/blog.ccc.eu\/sk\/ach-tie-roky-2010-a-tak-sme-sa-zacali-obliekat-na-instagram\/#primaryimage\"},\"thumbnailUrl\":\"https:\/\/blog.ccc.eu\/sk\/wp-content\/uploads\/2024\/03\/PL_Listing_-_HD_-_1300x340_Spring_Edit_240318.jpg\",\"keywords\":[\"2010\",\"2010s fashion\",\"kabelky\",\"top\u00e1nky\"],\"articleSection\":[\"M\u00d3DNE TIPY\",\"trendy\"],\"inLanguage\":\"sk-SK\",\"potentialAction\":[{\"@type\":\"CommentAction\",\"name\":\"Comment\",\"target\":[\"https:\/\/blog.ccc.eu\/sk\/ach-tie-roky-2010-a-tak-sme-sa-zacali-obliekat-na-instagram\/#respond\"]}]},{\"@type\":\"WebPage\",\"@id\":\"https:\/\/blog.ccc.eu\/sk\/ach-tie-roky-2010-a-tak-sme-sa-zacali-obliekat-na-instagram\/\",\"url\":\"https:\/\/blog.ccc.eu\/sk\/ach-tie-roky-2010-a-tak-sme-sa-zacali-obliekat-na-instagram\/\",\"name\":\"Ach, tie roky 2010! A tak sme sa za\u010dali oblieka\u0165 na Instagram - blog.ccc.eu\/sk\",\"isPartOf\":{\"@id\":\"https:\/\/blog.ccc.eu\/sk\/#website\"},\"primaryImageOfPage\":{\"@id\":\"https:\/\/blog.ccc.eu\/sk\/ach-tie-roky-2010-a-tak-sme-sa-zacali-obliekat-na-instagram\/#primaryimage\"},\"image\":{\"@id\":\"https:\/\/blog.ccc.eu\/sk\/ach-tie-roky-2010-a-tak-sme-sa-zacali-obliekat-na-instagram\/#primaryimage\"},\"thumbnailUrl\":\"https:\/\/blog.ccc.eu\/sk\/wp-content\/uploads\/2024\/03\/PL_Listing_-_HD_-_1300x340_Spring_Edit_240318.jpg\",\"datePublished\":\"2024-07-11T11:42:15+00:00\",\"dateModified\":\"2024-07-26T11:21:16+00:00\",\"description\":\"Rok 2010 nie je d\u00e1vno, 14 rokov dozadu... Napriek tomu sa m\u00f3da diametr\u00e1lne zmenila! Spomeniete si na najv\u00e4\u010d\u0161ie trendy minul\u00e9ho desa\u0165ro\u010dia? \u26a1\",\"breadcrumb\":{\"@id\":\"https:\/\/blog.ccc.eu\/sk\/ach-tie-roky-2010-a-tak-sme-sa-zacali-obliekat-na-instagram\/#breadcrumb\"},\"inLanguage\":\"sk-SK\",\"potentialAction\":[{\"@type\":\"ReadAction\",\"target\":[\"https:\/\/blog.ccc.eu\/sk\/ach-tie-roky-2010-a-tak-sme-sa-zacali-obliekat-na-instagram\/\"]}]},{\"@type\":\"ImageObject\",\"inLanguage\":\"sk-SK\",\"@id\":\"https:\/\/blog.ccc.eu\/sk\/ach-tie-roky-2010-a-tak-sme-sa-zacali-obliekat-na-instagram\/#primaryimage\",\"url\":\"https:\/\/blog.ccc.eu\/sk\/wp-content\/uploads\/2024\/03\/PL_Listing_-_HD_-_1300x340_Spring_Edit_240318.jpg\",\"contentUrl\":\"https:\/\/blog.ccc.eu\/sk\/wp-content\/uploads\/2024\/03\/PL_Listing_-_HD_-_1300x340_Spring_Edit_240318.jpg\",\"width\":434,\"height\":340,\"caption\":\"\u010dierna kabelka\"},{\"@type\":\"BreadcrumbList\",\"@id\":\"https:\/\/blog.ccc.eu\/sk\/ach-tie-roky-2010-a-tak-sme-sa-zacali-obliekat-na-instagram\/#breadcrumb\",\"itemListElement\":[{\"@type\":\"ListItem\",\"position\":1,\"name\":\"Strona g\u0142\u00f3wna\",\"item\":\"https:\/\/blog.ccc.eu\/sk\/\"},{\"@type\":\"ListItem\",\"position\":2,\"name\":\"Ach, tie roky 2010! A tak sme sa za\u010dali oblieka\u0165 na Instagram\"}]},{\"@type\":\"WebSite\",\"@id\":\"https:\/\/blog.ccc.eu\/sk\/#website\",\"url\":\"https:\/\/blog.ccc.eu\/sk\/\",\"name\":\"blog.ccc.eu\/sk\",\"description\":\"Va\u0161e miesto pln\u00e9 m\u00f3dnych in\u0161pir\u00e1ci\u00ed\",\"publisher\":{\"@id\":\"https:\/\/blog.ccc.eu\/sk\/#organization\"},\"potentialAction\":[{\"@type\":\"SearchAction\",\"target\":{\"@type\":\"EntryPoint\",\"urlTemplate\":\"https:\/\/blog.ccc.eu\/sk\/?s={search_term_string}\"},\"query-input\":{\"@type\":\"PropertyValueSpecification\",\"valueRequired\":true,\"valueName\":\"search_term_string\"}}],\"inLanguage\":\"sk-SK\"},{\"@type\":\"Organization\",\"@id\":\"https:\/\/blog.ccc.eu\/sk\/#organization\",\"name\":\"CCC S.A.\",\"url\":\"https:\/\/blog.ccc.eu\/sk\/\",\"logo\":{\"@type\":\"ImageObject\",\"inLanguage\":\"sk-SK\",\"@id\":\"https:\/\/blog.ccc.eu\/sk\/#\/schema\/logo\/image\/\",\"url\":\"https:\/\/blog.ccc.eu\/sk\/wp-content\/uploads\/2021\/11\/logo_ccc.png\",\"contentUrl\":\"https:\/\/blog.ccc.eu\/sk\/wp-content\/uploads\/2021\/11\/logo_ccc.png\",\"width\":730,\"height\":270,\"caption\":\"CCC S.A.\"},\"image\":{\"@id\":\"https:\/\/blog.ccc.eu\/sk\/#\/schema\/logo\/image\/\"}},{\"@type\":\"Person\",\"@id\":\"https:\/\/blog.ccc.eu\/sk\/#\/schema\/person\/399beb3452b4976df83fb9268601a994\",\"name\":\"Kaja\",\"image\":{\"@type\":\"ImageObject\",\"inLanguage\":\"sk-SK\",\"@id\":\"https:\/\/blog.ccc.eu\/sk\/#\/schema\/person\/image\/\",\"url\":\"https:\/\/blog.ccc.eu\/sk\/wp-content\/uploads\/2024\/06\/white-1-100x100.jpg\",\"contentUrl\":\"https:\/\/blog.ccc.eu\/sk\/wp-content\/uploads\/2024\/06\/white-1-100x100.jpg\",\"caption\":\"Kaja\"},\"description\":\"U\u017e od pubert\u00e1lnych \u010dias sa venuje pr\u00e1ci v m\u00e9di\u00e1ch a p\u00edsaniu. Z kon\u00ed\u010dka sa stalo \u017eivobytie, ktor\u00e9 jej z\u00e1rove\u0148 dalo dostatok slobody na to, aby mohla pomerne ve\u013ea cestova\u0165 a spozn\u00e1va\u0165 svet a rozli\u010dn\u00e9 kult\u00fary. Energiu jej dod\u00e1va \u010d\u00edtanie kn\u00edh, voda a hudba.\",\"url\":\"https:\/\/blog.ccc.eu\/sk\/author\/perlamakovienka-sk\/\"}]}<\/script>\n<!-- \/ Yoast SEO plugin. -->","yoast_head_json":{"title":"Ach, tie roky 2010! A tak sme sa za\u010dali oblieka\u0165 na Instagram - blog.ccc.eu\/sk","description":"Rok 2010 nie je d\u00e1vno, 14 rokov dozadu... Napriek tomu sa m\u00f3da diametr\u00e1lne zmenila! Spomeniete si na najv\u00e4\u010d\u0161ie trendy minul\u00e9ho desa\u0165ro\u010dia? \u26a1 2026","robots":{"index":"index","follow":"follow","max-snippet":"max-snippet:-1","max-image-preview":"max-image-preview:large","max-video-preview":"max-video-preview:-1"},"canonical":"https:\/\/blog.ccc.eu\/sk\/ach-tie-roky-2010-a-tak-sme-sa-zacali-obliekat-na-instagram\/","og_locale":"sk_SK","og_type":"article","og_title":"Ach, tie roky 2010! A tak sme sa za\u010dali oblieka\u0165 na Instagram - blog.ccc.eu\/sk","og_description":"Rok 2010 nie je d\u00e1vno, 14 rokov dozadu... Napriek tomu sa m\u00f3da diametr\u00e1lne zmenila! Spomeniete si na najv\u00e4\u010d\u0161ie trendy minul\u00e9ho desa\u0165ro\u010dia? \u26a1","og_url":"https:\/\/blog.ccc.eu\/sk\/ach-tie-roky-2010-a-tak-sme-sa-zacali-obliekat-na-instagram\/","og_site_name":"blog.ccc.eu\/sk","article_published_time":"2024-07-11T11:42:15+00:00","article_modified_time":"2024-07-26T11:21:16+00:00","og_image":[{"width":434,"height":340,"url":"https:\/\/blog.ccc.eu\/sk\/wp-content\/uploads\/2024\/03\/PL_Listing_-_HD_-_1300x340_Spring_Edit_240318.jpg","type":"image\/jpeg"}],"author":"Kaja","twitter_card":"summary_large_image","twitter_misc":{"Autor":"Kaja","Predpokladan\u00fd \u010das \u010d\u00edtania":"6 min\u00fat"},"schema":{"@context":"https:\/\/schema.org","@graph":[{"@type":"Article","@id":"https:\/\/blog.ccc.eu\/sk\/ach-tie-roky-2010-a-tak-sme-sa-zacali-obliekat-na-instagram\/#article","isPartOf":{"@id":"https:\/\/blog.ccc.eu\/sk\/ach-tie-roky-2010-a-tak-sme-sa-zacali-obliekat-na-instagram\/"},"author":{"name":"Kaja","@id":"https:\/\/blog.ccc.eu\/sk\/#\/schema\/person\/399beb3452b4976df83fb9268601a994"},"headline":"Ach, tie roky 2010! A tak sme sa za\u010dali oblieka\u0165 na Instagram","datePublished":"2024-07-11T11:42:15+00:00","dateModified":"2024-07-26T11:21:16+00:00","mainEntityOfPage":{"@id":"https:\/\/blog.ccc.eu\/sk\/ach-tie-roky-2010-a-tak-sme-sa-zacali-obliekat-na-instagram\/"},"wordCount":1324,"commentCount":0,"publisher":{"@id":"https:\/\/blog.ccc.eu\/sk\/#organization"},"image":{"@id":"https:\/\/blog.ccc.eu\/sk\/ach-tie-roky-2010-a-tak-sme-sa-zacali-obliekat-na-instagram\/#primaryimage"},"thumbnailUrl":"https:\/\/blog.ccc.eu\/sk\/wp-content\/uploads\/2024\/03\/PL_Listing_-_HD_-_1300x340_Spring_Edit_240318.jpg","keywords":["2010","2010s fashion","kabelky","top\u00e1nky"],"articleSection":["M\u00d3DNE TIPY","trendy"],"inLanguage":"sk-SK","potentialAction":[{"@type":"CommentAction","name":"Comment","target":["https:\/\/blog.ccc.eu\/sk\/ach-tie-roky-2010-a-tak-sme-sa-zacali-obliekat-na-instagram\/#respond"]}]},{"@type":"WebPage","@id":"https:\/\/blog.ccc.eu\/sk\/ach-tie-roky-2010-a-tak-sme-sa-zacali-obliekat-na-instagram\/","url":"https:\/\/blog.ccc.eu\/sk\/ach-tie-roky-2010-a-tak-sme-sa-zacali-obliekat-na-instagram\/","name":"Ach, tie roky 2010! A tak sme sa za\u010dali oblieka\u0165 na Instagram - blog.ccc.eu\/sk","isPartOf":{"@id":"https:\/\/blog.ccc.eu\/sk\/#website"},"primaryImageOfPage":{"@id":"https:\/\/blog.ccc.eu\/sk\/ach-tie-roky-2010-a-tak-sme-sa-zacali-obliekat-na-instagram\/#primaryimage"},"image":{"@id":"https:\/\/blog.ccc.eu\/sk\/ach-tie-roky-2010-a-tak-sme-sa-zacali-obliekat-na-instagram\/#primaryimage"},"thumbnailUrl":"https:\/\/blog.ccc.eu\/sk\/wp-content\/uploads\/2024\/03\/PL_Listing_-_HD_-_1300x340_Spring_Edit_240318.jpg","datePublished":"2024-07-11T11:42:15+00:00","dateModified":"2024-07-26T11:21:16+00:00","description":"Rok 2010 nie je d\u00e1vno, 14 rokov dozadu... Napriek tomu sa m\u00f3da diametr\u00e1lne zmenila! Spomeniete si na najv\u00e4\u010d\u0161ie trendy minul\u00e9ho desa\u0165ro\u010dia? \u26a1","breadcrumb":{"@id":"https:\/\/blog.ccc.eu\/sk\/ach-tie-roky-2010-a-tak-sme-sa-zacali-obliekat-na-instagram\/#breadcrumb"},"inLanguage":"sk-SK","potentialAction":[{"@type":"ReadAction","target":["https:\/\/blog.ccc.eu\/sk\/ach-tie-roky-2010-a-tak-sme-sa-zacali-obliekat-na-instagram\/"]}]},{"@type":"ImageObject","inLanguage":"sk-SK","@id":"https:\/\/blog.ccc.eu\/sk\/ach-tie-roky-2010-a-tak-sme-sa-zacali-obliekat-na-instagram\/#primaryimage","url":"https:\/\/blog.ccc.eu\/sk\/wp-content\/uploads\/2024\/03\/PL_Listing_-_HD_-_1300x340_Spring_Edit_240318.jpg","contentUrl":"https:\/\/blog.ccc.eu\/sk\/wp-content\/uploads\/2024\/03\/PL_Listing_-_HD_-_1300x340_Spring_Edit_240318.jpg","width":434,"height":340,"caption":"\u010dierna kabelka"},{"@type":"BreadcrumbList","@id":"https:\/\/blog.ccc.eu\/sk\/ach-tie-roky-2010-a-tak-sme-sa-zacali-obliekat-na-instagram\/#breadcrumb","itemListElement":[{"@type":"ListItem","position":1,"name":"Strona g\u0142\u00f3wna","item":"https:\/\/blog.ccc.eu\/sk\/"},{"@type":"ListItem","position":2,"name":"Ach, tie roky 2010! A tak sme sa za\u010dali oblieka\u0165 na Instagram"}]},{"@type":"WebSite","@id":"https:\/\/blog.ccc.eu\/sk\/#website","url":"https:\/\/blog.ccc.eu\/sk\/","name":"blog.ccc.eu\/sk","description":"Va\u0161e miesto pln\u00e9 m\u00f3dnych in\u0161pir\u00e1ci\u00ed","publisher":{"@id":"https:\/\/blog.ccc.eu\/sk\/#organization"},"potentialAction":[{"@type":"SearchAction","target":{"@type":"EntryPoint","urlTemplate":"https:\/\/blog.ccc.eu\/sk\/?s={search_term_string}"},"query-input":{"@type":"PropertyValueSpecification","valueRequired":true,"valueName":"search_term_string"}}],"inLanguage":"sk-SK"},{"@type":"Organization","@id":"https:\/\/blog.ccc.eu\/sk\/#organization","name":"CCC S.A.","url":"https:\/\/blog.ccc.eu\/sk\/","logo":{"@type":"ImageObject","inLanguage":"sk-SK","@id":"https:\/\/blog.ccc.eu\/sk\/#\/schema\/logo\/image\/","url":"https:\/\/blog.ccc.eu\/sk\/wp-content\/uploads\/2021\/11\/logo_ccc.png","contentUrl":"https:\/\/blog.ccc.eu\/sk\/wp-content\/uploads\/2021\/11\/logo_ccc.png","width":730,"height":270,"caption":"CCC S.A."},"image":{"@id":"https:\/\/blog.ccc.eu\/sk\/#\/schema\/logo\/image\/"}},{"@type":"Person","@id":"https:\/\/blog.ccc.eu\/sk\/#\/schema\/person\/399beb3452b4976df83fb9268601a994","name":"Kaja","image":{"@type":"ImageObject","inLanguage":"sk-SK","@id":"https:\/\/blog.ccc.eu\/sk\/#\/schema\/person\/image\/","url":"https:\/\/blog.ccc.eu\/sk\/wp-content\/uploads\/2024\/06\/white-1-100x100.jpg","contentUrl":"https:\/\/blog.ccc.eu\/sk\/wp-content\/uploads\/2024\/06\/white-1-100x100.jpg","caption":"Kaja"},"description":"U\u017e od pubert\u00e1lnych \u010dias sa venuje pr\u00e1ci v m\u00e9di\u00e1ch a p\u00edsaniu. Z kon\u00ed\u010dka sa stalo \u017eivobytie, ktor\u00e9 jej z\u00e1rove\u0148 dalo dostatok slobody na to, aby mohla pomerne ve\u013ea cestova\u0165 a spozn\u00e1va\u0165 svet a rozli\u010dn\u00e9 kult\u00fary. Energiu jej dod\u00e1va \u010d\u00edtanie kn\u00edh, voda a hudba.","url":"https:\/\/blog.ccc.eu\/sk\/author\/perlamakovienka-sk\/"}]}},"_links":{"self":[{"href":"https:\/\/blog.ccc.eu\/sk\/wp-json\/wp\/v2\/posts\/8558","targetHints":{"allow":["GET"]}}],"collection":[{"href":"https:\/\/blog.ccc.eu\/sk\/wp-json\/wp\/v2\/posts"}],"about":[{"href":"https:\/\/blog.ccc.eu\/sk\/wp-json\/wp\/v2\/types\/post"}],"author":[{"embeddable":true,"href":"https:\/\/blog.ccc.eu\/sk\/wp-json\/wp\/v2\/users\/22"}],"replies":[{"embeddable":true,"href":"https:\/\/blog.ccc.eu\/sk\/wp-json\/wp\/v2\/comments?post=8558"}],"version-history":[{"count":14,"href":"https:\/\/blog.ccc.eu\/sk\/wp-json\/wp\/v2\/posts\/8558\/revisions"}],"predecessor-version":[{"id":8615,"href":"https:\/\/blog.ccc.eu\/sk\/wp-json\/wp\/v2\/posts\/8558\/revisions\/8615"}],"wp:featuredmedia":[{"embeddable":true,"href":"https:\/\/blog.ccc.eu\/sk\/wp-json\/wp\/v2\/media\/7966"}],"wp:attachment":[{"href":"https:\/\/blog.ccc.eu\/sk\/wp-json\/wp\/v2\/media?parent=8558"}],"wp:term":[{"taxonomy":"category","embeddable":true,"href":"https:\/\/blog.ccc.eu\/sk\/wp-json\/wp\/v2\/categories?post=8558"},{"taxonomy":"post_tag","embeddable":true,"href":"https:\/\/blog.ccc.eu\/sk\/wp-json\/wp\/v2\/tags?post=8558"}],"curies":[{"name":"wp","href":"https:\/\/api.w.org\/{rel}","templated":true}]}}