{"id":8572,"date":"2024-07-17T09:27:19","date_gmt":"2024-07-17T07:27:19","guid":{"rendered":"https:\/\/blog.ccc.eu\/sk\/?p=8572"},"modified":"2024-07-26T14:53:48","modified_gmt":"2024-07-26T12:53:48","slug":"toto-su-farby-ktore-by-ste-mali-mat-na-sebe-v-sezone-jesen-zima-2024","status":"publish","type":"post","link":"https:\/\/blog.ccc.eu\/sk\/toto-su-farby-ktore-by-ste-mali-mat-na-sebe-v-sezone-jesen-zima-2024\/","title":{"rendered":"Toto s\u00fa farby, ktor\u00e9 by ste mali ma\u0165 na sebe, v sez\u00f3ne jese\u0148\/zima 2024"},"content":{"rendered":"\n<p><\/p>\n\n\n\n<p><em>\u00c1no, samozrejme. Plat\u00ed, \u017ee by ste mali preferova\u0165 najm\u00e4 tak\u00e9 farby, ktor\u00e9 sa hodia k va\u0161ej pleti, vlasom, o\u010diam a osobnosti. Ale s\u00fa ist\u00e9 trendy, ktor\u00e9 by ste mohli kop\u00edrova\u0165, aby ste boli st\u00e1le in. A to aj v r\u00e1mci farebn\u00fdch t\u00f3nov.<\/em><\/p>\n\n\n\n<figure class=\"wp-block-embed\"><div class=\"wp-block-embed__wrapper\">\n    <blockquote class=\"instagram-media\" data-instgrm-permalink=\"https:\/\/www.instagram.com\/p\/C9cHAbLtqwA\/\" data-instgrm-version=\"12\"\n                style=\" background:#FFF; border:0; border-radius:3px; box-shadow:0 0 1px 0 rgba(0,0,0,0.5),0 1px 10px 0 rgba(0,0,0,0.15); margin: 1px; max-width:540px; min-width:326px; padding:0; width:99.375%; width:-webkit-calc(100% - 2px); width:calc(100% - 2px);\">\n        <div style=\"padding:16px;\"><a href=\"https:\/\/www.instagram.com\/p\/C9cHAbLtqwA\/\"\n                                      style=\" background:#FFFFFF; line-height:0; padding:0 0; text-align:center; text-decoration:none; width:100%;\"\n                                      target=\"_blank\">\n                <div style=\" display: flex; flex-direction: row; align-items: center;\">\n                    <div\n                        style=\"background-color: #F4F4F4; border-radius: 50%; flex-grow: 0; height: 40px; margin-right: 14px; width: 40px;\"><\/div>\n                    <div style=\"display: flex; flex-direction: column; flex-grow: 1; justify-content: center;\">\n                        <div\n                            style=\" background-color: #F4F4F4; border-radius: 4px; flex-grow: 0; height: 14px; margin-bottom: 6px; width: 100px;\"><\/div>\n                        <div\n                            style=\" background-color: #F4F4F4; border-radius: 4px; flex-grow: 0; height: 14px; width: 60px;\"><\/div>\n                    <\/div>\n                <\/div>\n                <div style=\"padding: 19% 0;\"><\/div>\n                <div style=\"display:block; height:50px; margin:0 auto 12px; width:50px;\">\n                    <svg width=\"50px\" height=\"50px\" viewBox=\"0 0 60 60\" version=\"1.1\"\n                         xmlns=\"https:\/\/www.w3.org\/2000\/svg\">\n                        <g stroke=\"none\" stroke-width=\"1\" fill=\"none\" fill-rule=\"evenodd\">\n                            <g transform=\"translate(-511.000000, -20.000000)\" fill=\"#000000\">\n                                <g>\n                                    <path\n                                        d=\"M556.869,30.41 C554.814,30.41 553.148,32.076 553.148,34.131 C553.148,36.186 554.814,37.852 556.869,37.852 C558.924,37.852 560.59,36.186 560.59,34.131 C560.59,32.076 558.924,30.41 556.869,30.41 M541,60.657 C535.114,60.657 530.342,55.887 530.342,50 C530.342,44.114 535.114,39.342 541,39.342 C546.887,39.342 551.658,44.114 551.658,50 C551.658,55.887 546.887,60.657 541,60.657 M541,33.886 C532.1,33.886 524.886,41.1 524.886,50 C524.886,58.899 532.1,66.113 541,66.113 C549.9,66.113 557.115,58.899 557.115,50 C557.115,41.1 549.9,33.886 541,33.886 M565.378,62.101 C565.244,65.022 564.756,66.606 564.346,67.663 C563.803,69.06 563.154,70.057 562.106,71.106 C561.058,72.155 560.06,72.803 558.662,73.347 C557.607,73.757 556.021,74.244 553.102,74.378 C549.944,74.521 548.997,74.552 541,74.552 C533.003,74.552 532.056,74.521 528.898,74.378 C525.979,74.244 524.393,73.757 523.338,73.347 C521.94,72.803 520.942,72.155 519.894,71.106 C518.846,70.057 518.197,69.06 517.654,67.663 C517.244,66.606 516.755,65.022 516.623,62.101 C516.479,58.943 516.448,57.996 516.448,50 C516.448,42.003 516.479,41.056 516.623,37.899 C516.755,34.978 517.244,33.391 517.654,32.338 C518.197,30.938 518.846,29.942 519.894,28.894 C520.942,27.846 521.94,27.196 523.338,26.654 C524.393,26.244 525.979,25.756 528.898,25.623 C532.057,25.479 533.004,25.448 541,25.448 C548.997,25.448 549.943,25.479 553.102,25.623 C556.021,25.756 557.607,26.244 558.662,26.654 C560.06,27.196 561.058,27.846 562.106,28.894 C563.154,29.942 563.803,30.938 564.346,32.338 C564.756,33.391 565.244,34.978 565.378,37.899 C565.522,41.056 565.552,42.003 565.552,50 C565.552,57.996 565.522,58.943 565.378,62.101 M570.82,37.631 C570.674,34.438 570.167,32.258 569.425,30.349 C568.659,28.377 567.633,26.702 565.965,25.035 C564.297,23.368 562.623,22.342 560.652,21.575 C558.743,20.834 556.562,20.326 553.369,20.18 C550.169,20.033 549.148,20 541,20 C532.853,20 531.831,20.033 528.631,20.18 C525.438,20.326 523.257,20.834 521.349,21.575 C519.376,22.342 517.703,23.368 516.035,25.035 C514.368,26.702 513.342,28.377 512.574,30.349 C511.834,32.258 511.326,34.438 511.181,37.631 C511.035,40.831 511,41.851 511,50 C511,58.147 511.035,59.17 511.181,62.369 C511.326,65.562 511.834,67.743 512.574,69.651 C513.342,71.625 514.368,73.296 516.035,74.965 C517.703,76.634 519.376,77.658 521.349,78.425 C523.257,79.167 525.438,79.673 528.631,79.82 C531.831,79.965 532.853,80.001 541,80.001 C549.148,80.001 550.169,79.965 553.369,79.82 C556.562,79.673 558.743,79.167 560.652,78.425 C562.623,77.658 564.297,76.634 565.965,74.965 C567.633,73.296 568.659,71.625 569.425,69.651 C570.167,67.743 570.674,65.562 570.82,62.369 C570.966,59.17 571,58.147 571,50 C571,41.851 570.966,40.831 570.82,37.631\"><\/path>\n                                <\/g>\n                            <\/g>\n                        <\/g>\n                    <\/svg>\n                <\/div>\n                <div style=\"padding: 12.5% 0;\"><\/div>\n                <div style=\"display: flex; flex-direction: row; margin-bottom: 14px; align-items: center;\">\n                    <div>\n                        <div\n                            style=\"background-color: #F4F4F4; border-radius: 50%; height: 12.5px; width: 12.5px; transform: translateX(0px) translateY(7px);\"><\/div>\n                        <div\n                            style=\"background-color: #F4F4F4; height: 12.5px; transform: rotate(-45deg) translateX(3px) translateY(1px); width: 12.5px; flex-grow: 0; margin-right: 14px; margin-left: 2px;\"><\/div>\n                        <div\n                            style=\"background-color: #F4F4F4; border-radius: 50%; height: 12.5px; width: 12.5px; transform: translateX(9px) translateY(-18px);\"><\/div>\n                    <\/div>\n                    <div style=\"margin-left: 8px;\">\n                        <div\n                            style=\" background-color: #F4F4F4; border-radius: 50%; flex-grow: 0; height: 20px; width: 20px;\"><\/div>\n                        <div\n                            style=\" width: 0; height: 0; border-top: 2px solid transparent; border-left: 6px solid #f4f4f4; border-bottom: 2px solid transparent; transform: translateX(16px) translateY(-4px) rotate(30deg)\"><\/div>\n                    <\/div>\n                    <div style=\"margin-left: auto;\">\n                        <div\n                            style=\" width: 0; border-top: 8px solid #F4F4F4; border-right: 8px solid transparent; transform: translateY(16px);\"><\/div>\n                        <div\n                            style=\" background-color: #F4F4F4; flex-grow: 0; height: 12px; width: 16px; transform: translateY(-4px);\"><\/div>\n                        <div\n                            style=\" width: 0; height: 0; border-top: 8px solid #F4F4F4; border-left: 8px solid transparent; transform: translateY(-4px) translateX(8px);\"><\/div>\n                    <\/div>\n                <\/div>\n                <div\n                    style=\"display: flex; flex-direction: column; flex-grow: 1; justify-content: center; margin-bottom: 24px;\">\n                    <div\n                        style=\" background-color: #F4F4F4; border-radius: 4px; flex-grow: 0; height: 14px; margin-bottom: 6px; width: 224px;\"><\/div>\n                    <div\n                        style=\" background-color: #F4F4F4; border-radius: 4px; flex-grow: 0; height: 14px; width: 144px;\"><\/div>\n                <\/div>\n            <\/a><\/div>\n    <\/blockquote>\n    <script async=\"\" src=\"\/\/www.instagram.com\/embed.js\"><\/script>\n\n    \n<\/div><\/figure>\n\n\n\n<p>V tomto smere s\u00fa to najm\u00e4 newyorsk\u00fd a lond\u00fdnsky Fashion week, ktor\u00e9 u\u017e vo febru\u00e1ri ur\u010duj\u00fa, ak\u00e9 bud\u00fa farby jesene a zimy. Nebolo to inak ani toho roku, a tak milovn\u00edci m\u00f3dy u\u017e mo\u017eno aj dnes rozm\u00fd\u0161\u013eaj\u00fa, ktor\u00e9 m\u00f3dne k\u00fasky zo svojej skrine bud\u00fa s hrdos\u0165ou nosi\u0165 aj v tohoro\u010dn\u00fdch chladnej\u0161\u00edch d\u0148och.<\/p>\n\n\n\n<h2 class=\"wp-block-heading\">Smerujeme k natur\u00e1lnosti<\/h2>\n\n\n\n<p>\u00c1no, in\u0161pir\u00e1cia pr\u00edrodou vl\u00e1dla aj toto leto. Rastlinn\u00e9 a zvieracie mot\u00edvy kra\u013eovali na\u0161im \u0161at\u00e1m, sukniam a tri\u010dk\u00e1m \u010di bl\u00fazkam. Jese\u0148 a zima nebud\u00fa in\u00e9. Tie\u017e bud\u00fa siaha\u0165 po pr\u00edrodnom, natur\u00e1lnom, ale najm\u00e4 vo farebn\u00fdch odtie\u0148och, nie vo vzoroch. To, \u010do v\u00e1m pripom\u00edna na\u0161u mati\u010dku pr\u00edrodu, to bude in. Zemit\u00e9 t\u00f3ny, odtiene zelenej, sivej a hnedej, ale aj prekvapuj\u00face v\u00fdraznej\u0161ie t\u00f3ny. Ni\u010d extra v\u00fdrazn\u00e9, utiahneme sa s pr\u00edrodn\u00fdm cyklom do ticha a pokoja. Ni\u010d ru\u0161iv\u00e9, ale decentn\u00e9, elegantn\u00e9 a s pr\u00edrodn\u00fdm svetom symbiotick\u00e9.<\/p>\n\n\n\n<p>Mimochodom, odborn\u00edci hovoria, \u017ee siahanie po upokojuj\u00facich farb\u00e1ch, najm\u00e4 tej zelenej, s\u00favis\u00ed s celosvetovou atmosf\u00e9rou v z\u00e1padnom svete. Nepokoje, atent\u00e1ty, vojna\u2026 akosi prirodzene siahame po farbe, ktor\u00e1 je spojen\u00e1 s pr\u00edrodou a ktor\u00e1 n\u00e1m do du\u0161\u00ed vnesie pokoj.<\/p>\n\n\n\n<h2 class=\"wp-block-heading\">Dr\u017eme sa jednej farby<\/h2>\n\n\n\n<p>Z\u00e1kladom je nerobi\u0165 zo seba \u201cpapag\u00e1ja\u201d, ale dr\u017ea\u0165 sa jednej farby a zladi\u0165 sa v nej od hlavy a\u017e po p\u00e4ty. Ak si teda napr\u00edklad vyberiete zelen\u00fa, stavte na \u0148u v ka\u017edej \u010dasti svojho odevu \u2013 bunda, kab\u00e1tik \u010di trikot, nohavice alebo pan\u010duchy, suk\u0148a \u010di \u0161aty a tie\u017e top\u00e1nky a kabelka by mali by\u0165 v tomto farebnom rozhran\u00ed.<\/p>\n\n\n\n<figure class=\"wp-block-embed\"><div class=\"wp-block-embed__wrapper\">\n    <blockquote class=\"instagram-media\" data-instgrm-permalink=\"https:\/\/www.instagram.com\/p\/C9Ve8-PuYrL\/\" data-instgrm-version=\"12\"\n                style=\" background:#FFF; border:0; border-radius:3px; box-shadow:0 0 1px 0 rgba(0,0,0,0.5),0 1px 10px 0 rgba(0,0,0,0.15); margin: 1px; max-width:540px; min-width:326px; padding:0; width:99.375%; width:-webkit-calc(100% - 2px); width:calc(100% - 2px);\">\n        <div style=\"padding:16px;\"><a href=\"https:\/\/www.instagram.com\/p\/C9Ve8-PuYrL\/\"\n                                      style=\" background:#FFFFFF; line-height:0; padding:0 0; text-align:center; text-decoration:none; width:100%;\"\n                                      target=\"_blank\">\n                <div style=\" display: flex; flex-direction: row; align-items: center;\">\n                    <div\n                        style=\"background-color: #F4F4F4; border-radius: 50%; flex-grow: 0; height: 40px; margin-right: 14px; width: 40px;\"><\/div>\n                    <div style=\"display: flex; flex-direction: column; flex-grow: 1; justify-content: center;\">\n                        <div\n                            style=\" background-color: #F4F4F4; border-radius: 4px; flex-grow: 0; height: 14px; margin-bottom: 6px; width: 100px;\"><\/div>\n                        <div\n                            style=\" background-color: #F4F4F4; border-radius: 4px; flex-grow: 0; height: 14px; width: 60px;\"><\/div>\n                    <\/div>\n                <\/div>\n                <div style=\"padding: 19% 0;\"><\/div>\n                <div style=\"display:block; height:50px; margin:0 auto 12px; width:50px;\">\n                    <svg width=\"50px\" height=\"50px\" viewBox=\"0 0 60 60\" version=\"1.1\"\n                         xmlns=\"https:\/\/www.w3.org\/2000\/svg\">\n                        <g stroke=\"none\" stroke-width=\"1\" fill=\"none\" fill-rule=\"evenodd\">\n                            <g transform=\"translate(-511.000000, -20.000000)\" fill=\"#000000\">\n                                <g>\n                                    <path\n                                        d=\"M556.869,30.41 C554.814,30.41 553.148,32.076 553.148,34.131 C553.148,36.186 554.814,37.852 556.869,37.852 C558.924,37.852 560.59,36.186 560.59,34.131 C560.59,32.076 558.924,30.41 556.869,30.41 M541,60.657 C535.114,60.657 530.342,55.887 530.342,50 C530.342,44.114 535.114,39.342 541,39.342 C546.887,39.342 551.658,44.114 551.658,50 C551.658,55.887 546.887,60.657 541,60.657 M541,33.886 C532.1,33.886 524.886,41.1 524.886,50 C524.886,58.899 532.1,66.113 541,66.113 C549.9,66.113 557.115,58.899 557.115,50 C557.115,41.1 549.9,33.886 541,33.886 M565.378,62.101 C565.244,65.022 564.756,66.606 564.346,67.663 C563.803,69.06 563.154,70.057 562.106,71.106 C561.058,72.155 560.06,72.803 558.662,73.347 C557.607,73.757 556.021,74.244 553.102,74.378 C549.944,74.521 548.997,74.552 541,74.552 C533.003,74.552 532.056,74.521 528.898,74.378 C525.979,74.244 524.393,73.757 523.338,73.347 C521.94,72.803 520.942,72.155 519.894,71.106 C518.846,70.057 518.197,69.06 517.654,67.663 C517.244,66.606 516.755,65.022 516.623,62.101 C516.479,58.943 516.448,57.996 516.448,50 C516.448,42.003 516.479,41.056 516.623,37.899 C516.755,34.978 517.244,33.391 517.654,32.338 C518.197,30.938 518.846,29.942 519.894,28.894 C520.942,27.846 521.94,27.196 523.338,26.654 C524.393,26.244 525.979,25.756 528.898,25.623 C532.057,25.479 533.004,25.448 541,25.448 C548.997,25.448 549.943,25.479 553.102,25.623 C556.021,25.756 557.607,26.244 558.662,26.654 C560.06,27.196 561.058,27.846 562.106,28.894 C563.154,29.942 563.803,30.938 564.346,32.338 C564.756,33.391 565.244,34.978 565.378,37.899 C565.522,41.056 565.552,42.003 565.552,50 C565.552,57.996 565.522,58.943 565.378,62.101 M570.82,37.631 C570.674,34.438 570.167,32.258 569.425,30.349 C568.659,28.377 567.633,26.702 565.965,25.035 C564.297,23.368 562.623,22.342 560.652,21.575 C558.743,20.834 556.562,20.326 553.369,20.18 C550.169,20.033 549.148,20 541,20 C532.853,20 531.831,20.033 528.631,20.18 C525.438,20.326 523.257,20.834 521.349,21.575 C519.376,22.342 517.703,23.368 516.035,25.035 C514.368,26.702 513.342,28.377 512.574,30.349 C511.834,32.258 511.326,34.438 511.181,37.631 C511.035,40.831 511,41.851 511,50 C511,58.147 511.035,59.17 511.181,62.369 C511.326,65.562 511.834,67.743 512.574,69.651 C513.342,71.625 514.368,73.296 516.035,74.965 C517.703,76.634 519.376,77.658 521.349,78.425 C523.257,79.167 525.438,79.673 528.631,79.82 C531.831,79.965 532.853,80.001 541,80.001 C549.148,80.001 550.169,79.965 553.369,79.82 C556.562,79.673 558.743,79.167 560.652,78.425 C562.623,77.658 564.297,76.634 565.965,74.965 C567.633,73.296 568.659,71.625 569.425,69.651 C570.167,67.743 570.674,65.562 570.82,62.369 C570.966,59.17 571,58.147 571,50 C571,41.851 570.966,40.831 570.82,37.631\"><\/path>\n                                <\/g>\n                            <\/g>\n                        <\/g>\n                    <\/svg>\n                <\/div>\n                <div style=\"padding: 12.5% 0;\"><\/div>\n                <div style=\"display: flex; flex-direction: row; margin-bottom: 14px; align-items: center;\">\n                    <div>\n                        <div\n                            style=\"background-color: #F4F4F4; border-radius: 50%; height: 12.5px; width: 12.5px; transform: translateX(0px) translateY(7px);\"><\/div>\n                        <div\n                            style=\"background-color: #F4F4F4; height: 12.5px; transform: rotate(-45deg) translateX(3px) translateY(1px); width: 12.5px; flex-grow: 0; margin-right: 14px; margin-left: 2px;\"><\/div>\n                        <div\n                            style=\"background-color: #F4F4F4; border-radius: 50%; height: 12.5px; width: 12.5px; transform: translateX(9px) translateY(-18px);\"><\/div>\n                    <\/div>\n                    <div style=\"margin-left: 8px;\">\n                        <div\n                            style=\" background-color: #F4F4F4; border-radius: 50%; flex-grow: 0; height: 20px; width: 20px;\"><\/div>\n                        <div\n                            style=\" width: 0; height: 0; border-top: 2px solid transparent; border-left: 6px solid #f4f4f4; border-bottom: 2px solid transparent; transform: translateX(16px) translateY(-4px) rotate(30deg)\"><\/div>\n                    <\/div>\n                    <div style=\"margin-left: auto;\">\n                        <div\n                            style=\" width: 0; border-top: 8px solid #F4F4F4; border-right: 8px solid transparent; transform: translateY(16px);\"><\/div>\n                        <div\n                            style=\" background-color: #F4F4F4; flex-grow: 0; height: 12px; width: 16px; transform: translateY(-4px);\"><\/div>\n                        <div\n                            style=\" width: 0; height: 0; border-top: 8px solid #F4F4F4; border-left: 8px solid transparent; transform: translateY(-4px) translateX(8px);\"><\/div>\n                    <\/div>\n                <\/div>\n                <div\n                    style=\"display: flex; flex-direction: column; flex-grow: 1; justify-content: center; margin-bottom: 24px;\">\n                    <div\n                        style=\" background-color: #F4F4F4; border-radius: 4px; flex-grow: 0; height: 14px; margin-bottom: 6px; width: 224px;\"><\/div>\n                    <div\n                        style=\" background-color: #F4F4F4; border-radius: 4px; flex-grow: 0; height: 14px; width: 144px;\"><\/div>\n                <\/div>\n            <\/a><\/div>\n    <\/blockquote>\n    <script async=\"\" src=\"\/\/www.instagram.com\/embed.js\"><\/script>\n\n    \n<\/div><\/figure>\n\n\n\n<p>Farby jesene a zimy 2024 bud\u00fa naplnen\u00e9 prirodzenou bohatos\u0165ou a zemitos\u0165ou, ktor\u00e1 zd\u00f4raz\u0148uje na\u0161e hlb\u0161ie spojenie s pr\u00edrodou. Kompendium tepl\u00fdch t\u00f3nov poch\u00e1dzaj\u00facich z pr\u00edrodn\u00fdch pigmentov, opulentn\u00fdch stredn\u00fdch t\u00f3nov, pr\u00edstupn\u00fdch neutr\u00e1lnych a univerz\u00e1lnych zelen\u00fdch sa vyzna\u010duje kombin\u00e1ciou elegancie a praktickosti spojenej s vedomou spotrebou a spoma\u013euj\u00facimi sa trendov\u00fdmi cyklami.<\/p>\n\n\n\n<h2 class=\"wp-block-heading\">Rozoberme si to konkr\u00e9tne<\/h2>\n\n\n\n<p>Ak\u00e9 farby to teda konkr\u00e9tne s\u00fa? \u010c\u00edtajte \u010falej a rozm\u00fd\u0161\u013eajte, \u010di v \u0161atn\u00edku a botn\u00edku m\u00e1te niektor\u00e9 z t\u00fdchto farieb.<\/p>\n\n\n\n<h3 class=\"wp-block-heading\">Olivov\u00e1 zelen\u00e1<\/h3>\n\n\n\n<p>Je jednozna\u010dne najv\u00e4\u010d\u0161\u00edm trendom nast\u00e1vaj\u00facej sez\u00f3ny! Nemus\u00ed by\u0165 iba olivov\u00e1, svoj look m\u00f4\u017eete pokojne doplni\u0165 aj in\u00fdmi odtie\u0148mi zelenej, ale teda olivov\u00e1 je t\u00e1, ktor\u00e1 h\u00fdbe v\u0161etk\u00fdmi m\u00f3dnymi znalcami. V hre s\u00fa ale aj listov\u00e1 zelen\u00e1 \u010di aventur\u00ednov\u00e1 pripom\u00ednaj\u00faca kr\u00e1su miner\u00e1lov.<\/p>\n\n\n<shortcode prop-category=\"Top\u00e1nky\" prop-color=\"ZELEN\u00c1\" prop-load-num=\"12\" prop-display-num=\"4\" prop-sku=\"5905588621379, 5905588614425, 2230070287690, 5905588567851, 5905588576310\" prop-view=\"slider\"><\/shortcode>        <div\r\n            class=\"eob-pf-shortcode\"\r\n            id=\"eobpf69f1dff6d5798\"\r\n        >\r\n            <shortcode prop-category=\"Top\u00e1nky\" prop-color=\"ZELEN\u00c1\" prop-load-num=\"12\" prop-display-num=\"4\" prop-sku=\"5905588621379, 5905588614425, 2230070287690, 5905588567851, 5905588576310\" prop-view=\"slider\"><\/shortcode>        <\/div>\r\n\t\t<script>\r\n\t\t\tjQuery(document).ready(() => {\r\n\t\t\t    const root = document.getElementById('eobpf69f1dff6d5798');\r\n                Vue.createApp({\r\n\t                components: {\r\n\t                    shortcode\r\n\t                }\r\n                }).mount(root);\r\n\t\t\t});\r\n\t\t<\/script>\r\n\t\t\r\n\t\t\n\n\n\n<p><\/p>\n\n\n\n<h3 class=\"wp-block-heading\">Neutr\u00e1lna siv\u00e1 <\/h3>\n\n\n\n<p>Farba, ktor\u00e1 bola odjak\u017eiva z\u00e1kladom \u0161atn\u00edka. T\u00e1to neutr\u00e1lna farba o\u017eije v nasleduj\u00facej sez\u00f3ne \u00faplne nov\u00fdm \u017eivotom, ako svetl\u00e1 vresov\u00e1 siv\u00e1, tak tmav\u00e1 uh\u013eov\u00e1 dodaj\u00fa v\u00e1\u0161mu \u0161t\u00fdlu v chladnej\u0161om po\u010das\u00ed nad\u010dasov\u00fd a elegantn\u00fd vzh\u013ead. Odborn\u00edci hovoria o odtie\u0148och \u201cpav\u00fa\u010dej\u201d sivej, ktor\u00e9 sa skr\u00fdvaj\u00fa za mrakmi \u010di hutnej sivej, ktor\u00e1 je a bude nav\u017edy aktu\u00e1lna.<\/p>\n\n\n<shortcode prop-category=\"Top\u00e1nky\" prop-color=\"SVETLO \u0160ED\u00c1\" prop-load-num=\"12\" prop-display-num=\"4\" prop-sku=\"5905588856146, 2230060487178, 5905588350422, 5905588551447, 5905588623762\" prop-view=\"slider\"><\/shortcode>        <div\r\n            class=\"eob-pf-shortcode\"\r\n            id=\"eobpf69f1dff6d58a8\"\r\n        >\r\n            <shortcode prop-category=\"Top\u00e1nky\" prop-color=\"SVETLO \u0160ED\u00c1\" prop-load-num=\"12\" prop-display-num=\"4\" prop-sku=\"5905588856146, 2230060487178, 5905588350422, 5905588551447, 5905588623762\" prop-view=\"slider\"><\/shortcode>        <\/div>\r\n\t\t<script>\r\n\t\t\tjQuery(document).ready(() => {\r\n\t\t\t    const root = document.getElementById('eobpf69f1dff6d58a8');\r\n                Vue.createApp({\r\n\t                components: {\r\n\t                    shortcode\r\n\t                }\r\n                }).mount(root);\r\n\t\t\t});\r\n\t\t<\/script>\r\n\t\t\r\n\t\t\n\n\n\n<p><\/p>\n\n\n\n<h3 class=\"wp-block-heading\">50 odtie\u0148ov hnedej<\/h3>\n\n\n\n<p>A naozaj vo v\u0161etk\u00fdch mo\u017en\u00fdch odtie\u0148och, od tmavej \u010dokol\u00e1dovej cez karamelov\u00fa, a\u017e po jemn\u00fa bielu k\u00e1vu, priam do b\u00e9\u017eova. Hned\u00e1 je jednoducho z\u00e1kladom toho pr\u00edjemn\u00e9ho \u0161atn\u00edka a botn\u00edka, ktor\u00e1 sa \u013eahko dopasuje, vie by\u0165 ve\u013emi elegantn\u00e1 a sofistikovan\u00e1.<\/p>\n\n\n<shortcode prop-category=\"D\u00e1msk\u00e9 kabelky\" prop-color=\"HNED\u00c1\" prop-gender=\"female\" prop-load-num=\"12\" prop-display-num=\"4\" prop-sku=\"5905588140672, 5905588570158, 5905588651451, 5905588825524, 5905588540458\" prop-view=\"slider\"><\/shortcode>        <div\r\n            class=\"eob-pf-shortcode\"\r\n            id=\"eobpf69f1dff6d58e2\"\r\n        >\r\n            <shortcode prop-category=\"D\u00e1msk\u00e9 kabelky\" prop-color=\"HNED\u00c1\" prop-gender=\"female\" prop-load-num=\"12\" prop-display-num=\"4\" prop-sku=\"5905588140672, 5905588570158, 5905588651451, 5905588825524, 5905588540458\" prop-view=\"slider\"><\/shortcode>        <\/div>\r\n\t\t<script>\r\n\t\t\tjQuery(document).ready(() => {\r\n\t\t\t    const root = document.getElementById('eobpf69f1dff6d58e2');\r\n                Vue.createApp({\r\n\t                components: {\r\n\t                    shortcode\r\n\t                }\r\n                }).mount(root);\r\n\t\t\t});\r\n\t\t<\/script>\r\n\t\t\r\n\t\t\n\n\n\n<p><\/p>\n\n\n\n<h3 class=\"wp-block-heading\">Pieskov\u00e1 <\/h3>\n\n\n\n<p>\u010ci b\u00e9\u017eov\u00e1, rozli\u010dn\u00e9 odtiene p\u00fa\u0161t\u00ed cel\u00e9ho sveta. Ve\u013emi jemn\u00e9 a neutr\u00e1lne farby, ktor\u00e9 vytv\u00e1raj\u00fa a\u017e nude dojem, predstavuj\u00fa ku podivu \u0161irok\u00fa paletu farebn\u00fdch t\u00f3nov, ktor\u00e9 sa daj\u00fa navz\u00e1jom \u00fa\u017easne kombinova\u0165 a ladi\u0165. S\u00fa ide\u00e1lne na tvorbu modelov, ktor\u00e9 s\u00fa doslovne nesmrte\u013en\u00e9 a v\u017edy modern\u00e9.<\/p>\n\n\n<shortcode prop-category=\"D\u00e1msk\u00e9 kabelky\" prop-color=\"B\u00c9\u017dOV\u00c1\" prop-gender=\"female\" prop-load-num=\"12\" prop-display-num=\"4\" prop-sku=\"5905588392897, 5905588442165, 5905588621386, 5905588634959, 5905588627074\" prop-view=\"slider\"><\/shortcode>        <div\r\n            class=\"eob-pf-shortcode\"\r\n            id=\"eobpf69f1dff6d590d\"\r\n        >\r\n            <shortcode prop-category=\"D\u00e1msk\u00e9 kabelky\" prop-color=\"B\u00c9\u017dOV\u00c1\" prop-gender=\"female\" prop-load-num=\"12\" prop-display-num=\"4\" prop-sku=\"5905588392897, 5905588442165, 5905588621386, 5905588634959, 5905588627074\" prop-view=\"slider\"><\/shortcode>        <\/div>\r\n\t\t<script>\r\n\t\t\tjQuery(document).ready(() => {\r\n\t\t\t    const root = document.getElementById('eobpf69f1dff6d590d');\r\n                Vue.createApp({\r\n\t                components: {\r\n\t                    shortcode\r\n\t                }\r\n                }).mount(root);\r\n\t\t\t});\r\n\t\t<\/script>\r\n\t\t\r\n\t\t\n\n\n\n<p><\/p>\n\n\n\n<h3 class=\"wp-block-heading\">V\u00fdrazn\u00e1 \u010derven\u00e1<\/h3>\n\n\n\n<p>Ak by sa v\u00e1m predsa len za\u017eiadalo viac farieb a o nie\u010do menej neutr\u00e1lnej\u0161\u00edch, m\u00f4\u017eete siahnu\u0165 po hravej \u010dervenej. Od jemnej \u010dervenej cez \u010dere\u0161\u0148ov\u00fa \u010di paradajkov\u00fa, a\u017e po ostr\u00fa vibruj\u00facu \u010derven\u00fa. Svoj look <em>femme fatale<\/em> nezabudnite pod\u010diarknu\u0165 v\u00fdrazn\u00fdmi doplnkami a \u0161perkami.<\/p>\n\n\n<shortcode prop-category=\"D\u00e1msk\u00e9 kabelky\" prop-color=\"\u010cERVEN\u00c1\" prop-gender=\"female\" prop-load-num=\"12\" prop-display-num=\"4\" prop-sku=\"5905588728962, 5905588478881, 5905588607045, 5905588550426, 5905588551270\" prop-view=\"slider\"><\/shortcode>        <div\r\n            class=\"eob-pf-shortcode\"\r\n            id=\"eobpf69f1dff6d5933\"\r\n        >\r\n            <shortcode prop-category=\"D\u00e1msk\u00e9 kabelky\" prop-color=\"\u010cERVEN\u00c1\" prop-gender=\"female\" prop-load-num=\"12\" prop-display-num=\"4\" prop-sku=\"5905588728962, 5905588478881, 5905588607045, 5905588550426, 5905588551270\" prop-view=\"slider\"><\/shortcode>        <\/div>\r\n\t\t<script>\r\n\t\t\tjQuery(document).ready(() => {\r\n\t\t\t    const root = document.getElementById('eobpf69f1dff6d5933');\r\n                Vue.createApp({\r\n\t                components: {\r\n\t                    shortcode\r\n\t                }\r\n                }).mount(root);\r\n\t\t\t});\r\n\t\t<\/script>\r\n\t\t\r\n\t\t\n\n\n\n<p><\/p>\n\n\n\n<h3 class=\"wp-block-heading\">Bordov\u00e1 <\/h3>\n\n\n\n<p>Tak a pr\u00e1ve t\u00e1to farba nie je a\u017e tak\u00e1 samozrejm\u00e1, ale je tie\u017e hitom tejto jesenno-zimnej sez\u00f3ny. Rozli\u010dn\u00e9 odtiene bordovej nemusia tvori\u0165 \u00faplne cel\u00fd v\u00e1\u0161 outfit, i ke\u010f by to bolo ve\u013emi zmyseln\u00e9 a elegantn\u00e9. Ale ak to nie je \u00faplne v\u00e1\u0161 \u0161t\u00fdl, sk\u00faste siahnu\u0165 aspo\u0148 po kabelke \u010di top\u00e1nkach tejto nev\u0161ednej farby, ktor\u00e1 vyzdvihne va\u0161u rafinovanos\u0165 a pr\u00ed\u0165a\u017elivos\u0165.<\/p>\n\n\n<shortcode prop-category=\"D\u00e1msk\u00e9 kabelky\" prop-color=\"BORD\u00d3\" prop-gender=\"female\" prop-load-num=\"12\" prop-display-num=\"4\" prop-sku=\"5905588856023, 5905588051039, 5905588814054, 5905588159292, 5904862968940\" prop-view=\"slider\"><\/shortcode>        <div\r\n            class=\"eob-pf-shortcode\"\r\n            id=\"eobpf69f1dff6d5977\"\r\n        >\r\n            <shortcode prop-category=\"D\u00e1msk\u00e9 kabelky\" prop-color=\"BORD\u00d3\" prop-gender=\"female\" prop-load-num=\"12\" prop-display-num=\"4\" prop-sku=\"5905588856023, 5905588051039, 5905588814054, 5905588159292, 5904862968940\" prop-view=\"slider\"><\/shortcode>        <\/div>\r\n\t\t<script>\r\n\t\t\tjQuery(document).ready(() => {\r\n\t\t\t    const root = document.getElementById('eobpf69f1dff6d5977');\r\n                Vue.createApp({\r\n\t                components: {\r\n\t                    shortcode\r\n\t                }\r\n                }).mount(root);\r\n\t\t\t});\r\n\t\t<\/script>\r\n\t\t\r\n\t\t\n\n\n\n<p><\/p>\n\n\n\n<p>Nezabudnite, \u017ee d\u00f4le\u017eit\u00e9 je najm\u00e4 to, aby ste sa vo svojom oble\u010den\u00ed c\u00edtili samy sebou, dobre a pohodlne. Ne\u0161tylizujte sa do nie\u010doho, v \u010dom sa nec\u00edtite dobre, preto\u017ee ak sa nebudete c\u00edti\u0165 dobre, nebude vy\u017earova\u0165 ani va\u0161a energia. A t\u00e1 je mocn\u00e1.<\/p>\n","protected":false},"excerpt":{"rendered":"<p>\u00c1no, samozrejme. Plat\u00ed, \u017ee by ste mali preferova\u0165 najm\u00e4 tak\u00e9 farby, ktor\u00e9 sa hodia k va\u0161ej pleti, vlasom, o\u010diam a osobnosti. Ale s\u00fa ist\u00e9 trendy, ktor\u00e9 by ste mohli kop\u00edrova\u0165, aby ste boli st\u00e1le in. A to aj v r\u00e1mci farebn\u00fdch t\u00f3nov. V tomto smere s\u00fa to najm\u00e4 newyorsk\u00fd a lond\u00fdnsky Fashion week, ktor\u00e9 u\u017e [&hellip;]<\/p>\n","protected":false},"author":22,"featured_media":8430,"comment_status":"open","ping_status":"open","sticky":false,"template":"","format":"standard","meta":{"_acf_changed":false,"footnotes":""},"categories":[6],"tags":[798,574,659],"class_list":["post-8572","post","type-post","status-publish","format-standard","has-post-thumbnail","hentry","category-trendy","tag-farby","tag-kabelky","tag-topanky"],"acf":[],"yoast_head":"<!-- This site is optimized with the Yoast SEO plugin v26.9 - https:\/\/yoast.com\/product\/yoast-seo-wordpress\/ -->\n<title>Toto s\u00fa farby, ktor\u00e9 by ste mali ma\u0165 na sebe, v sez\u00f3ne jese\u0148\/zima 2024 - blog.ccc.eu\/sk<\/title>\n<meta name=\"description\" content=\"Plat\u00ed, \u017ee by ste mali preferova\u0165 farby, ktor\u00e9 sa hodia k va\u0161ej pleti, vlasom.... Ale s\u00fa ist\u00e9 trendy, a to aj v r\u00e1mci farebn\u00fdch t\u00f3nov. \ud83c\udfa8 2026\" \/>\n<meta name=\"robots\" content=\"index, follow, max-snippet:-1, max-image-preview:large, max-video-preview:-1\" \/>\n<link rel=\"canonical\" href=\"https:\/\/blog.ccc.eu\/sk\/toto-su-farby-ktore-by-ste-mali-mat-na-sebe-v-sezone-jesen-zima-2024\/\" \/>\n<meta property=\"og:locale\" content=\"sk_SK\" \/>\n<meta property=\"og:type\" content=\"article\" \/>\n<meta property=\"og:title\" content=\"Toto s\u00fa farby, ktor\u00e9 by ste mali ma\u0165 na sebe, v sez\u00f3ne jese\u0148\/zima 2024 - blog.ccc.eu\/sk\" \/>\n<meta property=\"og:description\" content=\"Plat\u00ed, \u017ee by ste mali preferova\u0165 farby, ktor\u00e9 sa hodia k va\u0161ej pleti, vlasom.... Ale s\u00fa ist\u00e9 trendy, a to aj v r\u00e1mci farebn\u00fdch t\u00f3nov. \ud83c\udfa8\" \/>\n<meta property=\"og:url\" content=\"https:\/\/blog.ccc.eu\/sk\/toto-su-farby-ktore-by-ste-mali-mat-na-sebe-v-sezone-jesen-zima-2024\/\" \/>\n<meta property=\"og:site_name\" content=\"blog.ccc.eu\/sk\" \/>\n<meta property=\"article:published_time\" content=\"2024-07-17T07:27:19+00:00\" \/>\n<meta property=\"article:modified_time\" content=\"2024-07-26T12:53:48+00:00\" \/>\n<meta property=\"og:image\" content=\"https:\/\/blog.ccc.eu\/sk\/wp-content\/uploads\/2024\/05\/CCC_5905588585664_02M_Copy-e1721998421832.jpg\" \/>\n\t<meta property=\"og:image:width\" content=\"533\" \/>\n\t<meta property=\"og:image:height\" content=\"757\" \/>\n\t<meta property=\"og:image:type\" content=\"image\/jpeg\" \/>\n<meta name=\"author\" content=\"Kaja\" \/>\n<meta name=\"twitter:card\" content=\"summary_large_image\" \/>\n<meta name=\"twitter:label1\" content=\"Autor\" \/>\n\t<meta name=\"twitter:data1\" content=\"Kaja\" \/>\n\t<meta name=\"twitter:label2\" content=\"Predpokladan\u00fd \u010das \u010d\u00edtania\" \/>\n\t<meta name=\"twitter:data2\" content=\"5 min\u00fat\" \/>\n<script type=\"application\/ld+json\" class=\"yoast-schema-graph\">{\"@context\":\"https:\/\/schema.org\",\"@graph\":[{\"@type\":\"Article\",\"@id\":\"https:\/\/blog.ccc.eu\/sk\/toto-su-farby-ktore-by-ste-mali-mat-na-sebe-v-sezone-jesen-zima-2024\/#article\",\"isPartOf\":{\"@id\":\"https:\/\/blog.ccc.eu\/sk\/toto-su-farby-ktore-by-ste-mali-mat-na-sebe-v-sezone-jesen-zima-2024\/\"},\"author\":{\"name\":\"Kaja\",\"@id\":\"https:\/\/blog.ccc.eu\/sk\/#\/schema\/person\/399beb3452b4976df83fb9268601a994\"},\"headline\":\"Toto s\u00fa farby, ktor\u00e9 by ste mali ma\u0165 na sebe, v sez\u00f3ne jese\u0148\/zima 2024\",\"datePublished\":\"2024-07-17T07:27:19+00:00\",\"dateModified\":\"2024-07-26T12:53:48+00:00\",\"mainEntityOfPage\":{\"@id\":\"https:\/\/blog.ccc.eu\/sk\/toto-su-farby-ktore-by-ste-mali-mat-na-sebe-v-sezone-jesen-zima-2024\/\"},\"wordCount\":1008,\"commentCount\":0,\"publisher\":{\"@id\":\"https:\/\/blog.ccc.eu\/sk\/#organization\"},\"image\":{\"@id\":\"https:\/\/blog.ccc.eu\/sk\/toto-su-farby-ktore-by-ste-mali-mat-na-sebe-v-sezone-jesen-zima-2024\/#primaryimage\"},\"thumbnailUrl\":\"https:\/\/blog.ccc.eu\/sk\/wp-content\/uploads\/2024\/05\/CCC_5905588585664_02M_Copy-e1721998421832.jpg\",\"keywords\":[\"farby\",\"kabelky\",\"top\u00e1nky\"],\"articleSection\":[\"trendy\"],\"inLanguage\":\"sk-SK\",\"potentialAction\":[{\"@type\":\"CommentAction\",\"name\":\"Comment\",\"target\":[\"https:\/\/blog.ccc.eu\/sk\/toto-su-farby-ktore-by-ste-mali-mat-na-sebe-v-sezone-jesen-zima-2024\/#respond\"]}]},{\"@type\":\"WebPage\",\"@id\":\"https:\/\/blog.ccc.eu\/sk\/toto-su-farby-ktore-by-ste-mali-mat-na-sebe-v-sezone-jesen-zima-2024\/\",\"url\":\"https:\/\/blog.ccc.eu\/sk\/toto-su-farby-ktore-by-ste-mali-mat-na-sebe-v-sezone-jesen-zima-2024\/\",\"name\":\"Toto s\u00fa farby, ktor\u00e9 by ste mali ma\u0165 na sebe, v sez\u00f3ne jese\u0148\/zima 2024 - blog.ccc.eu\/sk\",\"isPartOf\":{\"@id\":\"https:\/\/blog.ccc.eu\/sk\/#website\"},\"primaryImageOfPage\":{\"@id\":\"https:\/\/blog.ccc.eu\/sk\/toto-su-farby-ktore-by-ste-mali-mat-na-sebe-v-sezone-jesen-zima-2024\/#primaryimage\"},\"image\":{\"@id\":\"https:\/\/blog.ccc.eu\/sk\/toto-su-farby-ktore-by-ste-mali-mat-na-sebe-v-sezone-jesen-zima-2024\/#primaryimage\"},\"thumbnailUrl\":\"https:\/\/blog.ccc.eu\/sk\/wp-content\/uploads\/2024\/05\/CCC_5905588585664_02M_Copy-e1721998421832.jpg\",\"datePublished\":\"2024-07-17T07:27:19+00:00\",\"dateModified\":\"2024-07-26T12:53:48+00:00\",\"description\":\"Plat\u00ed, \u017ee by ste mali preferova\u0165 farby, ktor\u00e9 sa hodia k va\u0161ej pleti, vlasom.... Ale s\u00fa ist\u00e9 trendy, a to aj v r\u00e1mci farebn\u00fdch t\u00f3nov. \ud83c\udfa8\",\"breadcrumb\":{\"@id\":\"https:\/\/blog.ccc.eu\/sk\/toto-su-farby-ktore-by-ste-mali-mat-na-sebe-v-sezone-jesen-zima-2024\/#breadcrumb\"},\"inLanguage\":\"sk-SK\",\"potentialAction\":[{\"@type\":\"ReadAction\",\"target\":[\"https:\/\/blog.ccc.eu\/sk\/toto-su-farby-ktore-by-ste-mali-mat-na-sebe-v-sezone-jesen-zima-2024\/\"]}]},{\"@type\":\"ImageObject\",\"inLanguage\":\"sk-SK\",\"@id\":\"https:\/\/blog.ccc.eu\/sk\/toto-su-farby-ktore-by-ste-mali-mat-na-sebe-v-sezone-jesen-zima-2024\/#primaryimage\",\"url\":\"https:\/\/blog.ccc.eu\/sk\/wp-content\/uploads\/2024\/05\/CCC_5905588585664_02M_Copy-e1721998421832.jpg\",\"contentUrl\":\"https:\/\/blog.ccc.eu\/sk\/wp-content\/uploads\/2024\/05\/CCC_5905588585664_02M_Copy-e1721998421832.jpg\",\"width\":533,\"height\":757,\"caption\":\"\u010dierne sand\u00e1le\"},{\"@type\":\"BreadcrumbList\",\"@id\":\"https:\/\/blog.ccc.eu\/sk\/toto-su-farby-ktore-by-ste-mali-mat-na-sebe-v-sezone-jesen-zima-2024\/#breadcrumb\",\"itemListElement\":[{\"@type\":\"ListItem\",\"position\":1,\"name\":\"Strona g\u0142\u00f3wna\",\"item\":\"https:\/\/blog.ccc.eu\/sk\/\"},{\"@type\":\"ListItem\",\"position\":2,\"name\":\"Toto s\u00fa farby, ktor\u00e9 by ste mali ma\u0165 na sebe, v sez\u00f3ne jese\u0148\/zima 2024\"}]},{\"@type\":\"WebSite\",\"@id\":\"https:\/\/blog.ccc.eu\/sk\/#website\",\"url\":\"https:\/\/blog.ccc.eu\/sk\/\",\"name\":\"blog.ccc.eu\/sk\",\"description\":\"Va\u0161e miesto pln\u00e9 m\u00f3dnych in\u0161pir\u00e1ci\u00ed\",\"publisher\":{\"@id\":\"https:\/\/blog.ccc.eu\/sk\/#organization\"},\"potentialAction\":[{\"@type\":\"SearchAction\",\"target\":{\"@type\":\"EntryPoint\",\"urlTemplate\":\"https:\/\/blog.ccc.eu\/sk\/?s={search_term_string}\"},\"query-input\":{\"@type\":\"PropertyValueSpecification\",\"valueRequired\":true,\"valueName\":\"search_term_string\"}}],\"inLanguage\":\"sk-SK\"},{\"@type\":\"Organization\",\"@id\":\"https:\/\/blog.ccc.eu\/sk\/#organization\",\"name\":\"CCC S.A.\",\"url\":\"https:\/\/blog.ccc.eu\/sk\/\",\"logo\":{\"@type\":\"ImageObject\",\"inLanguage\":\"sk-SK\",\"@id\":\"https:\/\/blog.ccc.eu\/sk\/#\/schema\/logo\/image\/\",\"url\":\"https:\/\/blog.ccc.eu\/sk\/wp-content\/uploads\/2021\/11\/logo_ccc.png\",\"contentUrl\":\"https:\/\/blog.ccc.eu\/sk\/wp-content\/uploads\/2021\/11\/logo_ccc.png\",\"width\":730,\"height\":270,\"caption\":\"CCC S.A.\"},\"image\":{\"@id\":\"https:\/\/blog.ccc.eu\/sk\/#\/schema\/logo\/image\/\"}},{\"@type\":\"Person\",\"@id\":\"https:\/\/blog.ccc.eu\/sk\/#\/schema\/person\/399beb3452b4976df83fb9268601a994\",\"name\":\"Kaja\",\"image\":{\"@type\":\"ImageObject\",\"inLanguage\":\"sk-SK\",\"@id\":\"https:\/\/blog.ccc.eu\/sk\/#\/schema\/person\/image\/\",\"url\":\"https:\/\/blog.ccc.eu\/sk\/wp-content\/uploads\/2024\/06\/white-1-100x100.jpg\",\"contentUrl\":\"https:\/\/blog.ccc.eu\/sk\/wp-content\/uploads\/2024\/06\/white-1-100x100.jpg\",\"caption\":\"Kaja\"},\"description\":\"U\u017e od pubert\u00e1lnych \u010dias sa venuje pr\u00e1ci v m\u00e9di\u00e1ch a p\u00edsaniu. Z kon\u00ed\u010dka sa stalo \u017eivobytie, ktor\u00e9 jej z\u00e1rove\u0148 dalo dostatok slobody na to, aby mohla pomerne ve\u013ea cestova\u0165 a spozn\u00e1va\u0165 svet a rozli\u010dn\u00e9 kult\u00fary. Energiu jej dod\u00e1va \u010d\u00edtanie kn\u00edh, voda a hudba.\",\"url\":\"https:\/\/blog.ccc.eu\/sk\/author\/perlamakovienka-sk\/\"}]}<\/script>\n<!-- \/ Yoast SEO plugin. -->","yoast_head_json":{"title":"Toto s\u00fa farby, ktor\u00e9 by ste mali ma\u0165 na sebe, v sez\u00f3ne jese\u0148\/zima 2024 - blog.ccc.eu\/sk","description":"Plat\u00ed, \u017ee by ste mali preferova\u0165 farby, ktor\u00e9 sa hodia k va\u0161ej pleti, vlasom.... Ale s\u00fa ist\u00e9 trendy, a to aj v r\u00e1mci farebn\u00fdch t\u00f3nov. \ud83c\udfa8 2026","robots":{"index":"index","follow":"follow","max-snippet":"max-snippet:-1","max-image-preview":"max-image-preview:large","max-video-preview":"max-video-preview:-1"},"canonical":"https:\/\/blog.ccc.eu\/sk\/toto-su-farby-ktore-by-ste-mali-mat-na-sebe-v-sezone-jesen-zima-2024\/","og_locale":"sk_SK","og_type":"article","og_title":"Toto s\u00fa farby, ktor\u00e9 by ste mali ma\u0165 na sebe, v sez\u00f3ne jese\u0148\/zima 2024 - blog.ccc.eu\/sk","og_description":"Plat\u00ed, \u017ee by ste mali preferova\u0165 farby, ktor\u00e9 sa hodia k va\u0161ej pleti, vlasom.... Ale s\u00fa ist\u00e9 trendy, a to aj v r\u00e1mci farebn\u00fdch t\u00f3nov. \ud83c\udfa8","og_url":"https:\/\/blog.ccc.eu\/sk\/toto-su-farby-ktore-by-ste-mali-mat-na-sebe-v-sezone-jesen-zima-2024\/","og_site_name":"blog.ccc.eu\/sk","article_published_time":"2024-07-17T07:27:19+00:00","article_modified_time":"2024-07-26T12:53:48+00:00","og_image":[{"width":533,"height":757,"url":"https:\/\/blog.ccc.eu\/sk\/wp-content\/uploads\/2024\/05\/CCC_5905588585664_02M_Copy-e1721998421832.jpg","type":"image\/jpeg"}],"author":"Kaja","twitter_card":"summary_large_image","twitter_misc":{"Autor":"Kaja","Predpokladan\u00fd \u010das \u010d\u00edtania":"5 min\u00fat"},"schema":{"@context":"https:\/\/schema.org","@graph":[{"@type":"Article","@id":"https:\/\/blog.ccc.eu\/sk\/toto-su-farby-ktore-by-ste-mali-mat-na-sebe-v-sezone-jesen-zima-2024\/#article","isPartOf":{"@id":"https:\/\/blog.ccc.eu\/sk\/toto-su-farby-ktore-by-ste-mali-mat-na-sebe-v-sezone-jesen-zima-2024\/"},"author":{"name":"Kaja","@id":"https:\/\/blog.ccc.eu\/sk\/#\/schema\/person\/399beb3452b4976df83fb9268601a994"},"headline":"Toto s\u00fa farby, ktor\u00e9 by ste mali ma\u0165 na sebe, v sez\u00f3ne jese\u0148\/zima 2024","datePublished":"2024-07-17T07:27:19+00:00","dateModified":"2024-07-26T12:53:48+00:00","mainEntityOfPage":{"@id":"https:\/\/blog.ccc.eu\/sk\/toto-su-farby-ktore-by-ste-mali-mat-na-sebe-v-sezone-jesen-zima-2024\/"},"wordCount":1008,"commentCount":0,"publisher":{"@id":"https:\/\/blog.ccc.eu\/sk\/#organization"},"image":{"@id":"https:\/\/blog.ccc.eu\/sk\/toto-su-farby-ktore-by-ste-mali-mat-na-sebe-v-sezone-jesen-zima-2024\/#primaryimage"},"thumbnailUrl":"https:\/\/blog.ccc.eu\/sk\/wp-content\/uploads\/2024\/05\/CCC_5905588585664_02M_Copy-e1721998421832.jpg","keywords":["farby","kabelky","top\u00e1nky"],"articleSection":["trendy"],"inLanguage":"sk-SK","potentialAction":[{"@type":"CommentAction","name":"Comment","target":["https:\/\/blog.ccc.eu\/sk\/toto-su-farby-ktore-by-ste-mali-mat-na-sebe-v-sezone-jesen-zima-2024\/#respond"]}]},{"@type":"WebPage","@id":"https:\/\/blog.ccc.eu\/sk\/toto-su-farby-ktore-by-ste-mali-mat-na-sebe-v-sezone-jesen-zima-2024\/","url":"https:\/\/blog.ccc.eu\/sk\/toto-su-farby-ktore-by-ste-mali-mat-na-sebe-v-sezone-jesen-zima-2024\/","name":"Toto s\u00fa farby, ktor\u00e9 by ste mali ma\u0165 na sebe, v sez\u00f3ne jese\u0148\/zima 2024 - blog.ccc.eu\/sk","isPartOf":{"@id":"https:\/\/blog.ccc.eu\/sk\/#website"},"primaryImageOfPage":{"@id":"https:\/\/blog.ccc.eu\/sk\/toto-su-farby-ktore-by-ste-mali-mat-na-sebe-v-sezone-jesen-zima-2024\/#primaryimage"},"image":{"@id":"https:\/\/blog.ccc.eu\/sk\/toto-su-farby-ktore-by-ste-mali-mat-na-sebe-v-sezone-jesen-zima-2024\/#primaryimage"},"thumbnailUrl":"https:\/\/blog.ccc.eu\/sk\/wp-content\/uploads\/2024\/05\/CCC_5905588585664_02M_Copy-e1721998421832.jpg","datePublished":"2024-07-17T07:27:19+00:00","dateModified":"2024-07-26T12:53:48+00:00","description":"Plat\u00ed, \u017ee by ste mali preferova\u0165 farby, ktor\u00e9 sa hodia k va\u0161ej pleti, vlasom.... Ale s\u00fa ist\u00e9 trendy, a to aj v r\u00e1mci farebn\u00fdch t\u00f3nov. \ud83c\udfa8","breadcrumb":{"@id":"https:\/\/blog.ccc.eu\/sk\/toto-su-farby-ktore-by-ste-mali-mat-na-sebe-v-sezone-jesen-zima-2024\/#breadcrumb"},"inLanguage":"sk-SK","potentialAction":[{"@type":"ReadAction","target":["https:\/\/blog.ccc.eu\/sk\/toto-su-farby-ktore-by-ste-mali-mat-na-sebe-v-sezone-jesen-zima-2024\/"]}]},{"@type":"ImageObject","inLanguage":"sk-SK","@id":"https:\/\/blog.ccc.eu\/sk\/toto-su-farby-ktore-by-ste-mali-mat-na-sebe-v-sezone-jesen-zima-2024\/#primaryimage","url":"https:\/\/blog.ccc.eu\/sk\/wp-content\/uploads\/2024\/05\/CCC_5905588585664_02M_Copy-e1721998421832.jpg","contentUrl":"https:\/\/blog.ccc.eu\/sk\/wp-content\/uploads\/2024\/05\/CCC_5905588585664_02M_Copy-e1721998421832.jpg","width":533,"height":757,"caption":"\u010dierne sand\u00e1le"},{"@type":"BreadcrumbList","@id":"https:\/\/blog.ccc.eu\/sk\/toto-su-farby-ktore-by-ste-mali-mat-na-sebe-v-sezone-jesen-zima-2024\/#breadcrumb","itemListElement":[{"@type":"ListItem","position":1,"name":"Strona g\u0142\u00f3wna","item":"https:\/\/blog.ccc.eu\/sk\/"},{"@type":"ListItem","position":2,"name":"Toto s\u00fa farby, ktor\u00e9 by ste mali ma\u0165 na sebe, v sez\u00f3ne jese\u0148\/zima 2024"}]},{"@type":"WebSite","@id":"https:\/\/blog.ccc.eu\/sk\/#website","url":"https:\/\/blog.ccc.eu\/sk\/","name":"blog.ccc.eu\/sk","description":"Va\u0161e miesto pln\u00e9 m\u00f3dnych in\u0161pir\u00e1ci\u00ed","publisher":{"@id":"https:\/\/blog.ccc.eu\/sk\/#organization"},"potentialAction":[{"@type":"SearchAction","target":{"@type":"EntryPoint","urlTemplate":"https:\/\/blog.ccc.eu\/sk\/?s={search_term_string}"},"query-input":{"@type":"PropertyValueSpecification","valueRequired":true,"valueName":"search_term_string"}}],"inLanguage":"sk-SK"},{"@type":"Organization","@id":"https:\/\/blog.ccc.eu\/sk\/#organization","name":"CCC S.A.","url":"https:\/\/blog.ccc.eu\/sk\/","logo":{"@type":"ImageObject","inLanguage":"sk-SK","@id":"https:\/\/blog.ccc.eu\/sk\/#\/schema\/logo\/image\/","url":"https:\/\/blog.ccc.eu\/sk\/wp-content\/uploads\/2021\/11\/logo_ccc.png","contentUrl":"https:\/\/blog.ccc.eu\/sk\/wp-content\/uploads\/2021\/11\/logo_ccc.png","width":730,"height":270,"caption":"CCC S.A."},"image":{"@id":"https:\/\/blog.ccc.eu\/sk\/#\/schema\/logo\/image\/"}},{"@type":"Person","@id":"https:\/\/blog.ccc.eu\/sk\/#\/schema\/person\/399beb3452b4976df83fb9268601a994","name":"Kaja","image":{"@type":"ImageObject","inLanguage":"sk-SK","@id":"https:\/\/blog.ccc.eu\/sk\/#\/schema\/person\/image\/","url":"https:\/\/blog.ccc.eu\/sk\/wp-content\/uploads\/2024\/06\/white-1-100x100.jpg","contentUrl":"https:\/\/blog.ccc.eu\/sk\/wp-content\/uploads\/2024\/06\/white-1-100x100.jpg","caption":"Kaja"},"description":"U\u017e od pubert\u00e1lnych \u010dias sa venuje pr\u00e1ci v m\u00e9di\u00e1ch a p\u00edsaniu. Z kon\u00ed\u010dka sa stalo \u017eivobytie, ktor\u00e9 jej z\u00e1rove\u0148 dalo dostatok slobody na to, aby mohla pomerne ve\u013ea cestova\u0165 a spozn\u00e1va\u0165 svet a rozli\u010dn\u00e9 kult\u00fary. Energiu jej dod\u00e1va \u010d\u00edtanie kn\u00edh, voda a hudba.","url":"https:\/\/blog.ccc.eu\/sk\/author\/perlamakovienka-sk\/"}]}},"_links":{"self":[{"href":"https:\/\/blog.ccc.eu\/sk\/wp-json\/wp\/v2\/posts\/8572","targetHints":{"allow":["GET"]}}],"collection":[{"href":"https:\/\/blog.ccc.eu\/sk\/wp-json\/wp\/v2\/posts"}],"about":[{"href":"https:\/\/blog.ccc.eu\/sk\/wp-json\/wp\/v2\/types\/post"}],"author":[{"embeddable":true,"href":"https:\/\/blog.ccc.eu\/sk\/wp-json\/wp\/v2\/users\/22"}],"replies":[{"embeddable":true,"href":"https:\/\/blog.ccc.eu\/sk\/wp-json\/wp\/v2\/comments?post=8572"}],"version-history":[{"count":11,"href":"https:\/\/blog.ccc.eu\/sk\/wp-json\/wp\/v2\/posts\/8572\/revisions"}],"predecessor-version":[{"id":9025,"href":"https:\/\/blog.ccc.eu\/sk\/wp-json\/wp\/v2\/posts\/8572\/revisions\/9025"}],"wp:featuredmedia":[{"embeddable":true,"href":"https:\/\/blog.ccc.eu\/sk\/wp-json\/wp\/v2\/media\/8430"}],"wp:attachment":[{"href":"https:\/\/blog.ccc.eu\/sk\/wp-json\/wp\/v2\/media?parent=8572"}],"wp:term":[{"taxonomy":"category","embeddable":true,"href":"https:\/\/blog.ccc.eu\/sk\/wp-json\/wp\/v2\/categories?post=8572"},{"taxonomy":"post_tag","embeddable":true,"href":"https:\/\/blog.ccc.eu\/sk\/wp-json\/wp\/v2\/tags?post=8572"}],"curies":[{"name":"wp","href":"https:\/\/api.w.org\/{rel}","templated":true}]}}