{"id":8829,"date":"2024-11-23T21:25:00","date_gmt":"2024-11-23T20:25:00","guid":{"rendered":"https:\/\/blog.ccc.eu\/sk\/?p=8829"},"modified":"2025-02-04T23:22:13","modified_gmt":"2025-02-04T22:22:13","slug":"najkrajsi-adventny-kalendar-aky-ste-kedy-vytvorili","status":"publish","type":"post","link":"https:\/\/blog.ccc.eu\/sk\/najkrajsi-adventny-kalendar-aky-ste-kedy-vytvorili\/","title":{"rendered":"Najkraj\u0161\u00ed adventn\u00fd kalend\u00e1r, ak\u00fd ste kedy vytvorili!"},"content":{"rendered":"\n<p><em>Neviem, ako vy, ale ja milujem (pred)viano\u010dn\u00e9 obdobie. \u00c1no, rados\u0165 sa d\u00e1 robi\u0165 ka\u017ed\u00fd de\u0148, ale v tom viano\u010dnom obdob\u00ed je to predsa len tro\u0161ku in\u00e9. Pre deti je to magick\u00fd \u010darovn\u00fd \u010das, kedy priam prahn\u00fa po viano\u010dn\u00fdch z\u00e1zrakoch a radostiach. Adventn\u00fd kalend\u00e1r, ktor\u00fd je premyslen\u00fd a pln\u00fd nielen \u010dokol\u00e1dy, je jednou z vec\u00ed, na ktor\u00e9 ja osobne ka\u017ed\u00fd rok staviam.<\/em><\/p>\n\n\n\n<figure class=\"wp-block-gallery has-nested-images columns-default is-cropped wp-block-gallery-1 is-layout-flex wp-block-gallery-is-layout-flex\">\n<figure class=\"wp-block-image size-large\"><img loading=\"lazy\" decoding=\"async\" width=\"683\" height=\"1024\" data-id=\"8964\" src=\"https:\/\/blog.ccc.eu\/sk\/wp-content\/uploads\/2024\/11\/CCC_5905588991823_01-683x1024.jpg\" alt=\"\" class=\"wp-image-8964\" srcset=\"https:\/\/blog.ccc.eu\/sk\/wp-content\/uploads\/2024\/11\/CCC_5905588991823_01-683x1024.jpg 683w, https:\/\/blog.ccc.eu\/sk\/wp-content\/uploads\/2024\/11\/CCC_5905588991823_01-200x300.jpg 200w, https:\/\/blog.ccc.eu\/sk\/wp-content\/uploads\/2024\/11\/CCC_5905588991823_01-768x1152.jpg 768w, https:\/\/blog.ccc.eu\/sk\/wp-content\/uploads\/2024\/11\/CCC_5905588991823_01-100x150.jpg 100w, https:\/\/blog.ccc.eu\/sk\/wp-content\/uploads\/2024\/11\/CCC_5905588991823_01.jpg 876w\" sizes=\"auto, (max-width: 683px) 100vw, 683px\" \/><\/figure>\n\n\n\n<figure class=\"wp-block-image size-large\"><img loading=\"lazy\" decoding=\"async\" width=\"683\" height=\"1024\" data-id=\"8963\" src=\"https:\/\/blog.ccc.eu\/sk\/wp-content\/uploads\/2024\/11\/CCC_5905588991847_01-683x1024.jpg\" alt=\"\" class=\"wp-image-8963\" srcset=\"https:\/\/blog.ccc.eu\/sk\/wp-content\/uploads\/2024\/11\/CCC_5905588991847_01-683x1024.jpg 683w, https:\/\/blog.ccc.eu\/sk\/wp-content\/uploads\/2024\/11\/CCC_5905588991847_01-200x300.jpg 200w, https:\/\/blog.ccc.eu\/sk\/wp-content\/uploads\/2024\/11\/CCC_5905588991847_01-768x1152.jpg 768w, https:\/\/blog.ccc.eu\/sk\/wp-content\/uploads\/2024\/11\/CCC_5905588991847_01-100x150.jpg 100w, https:\/\/blog.ccc.eu\/sk\/wp-content\/uploads\/2024\/11\/CCC_5905588991847_01.jpg 876w\" sizes=\"auto, (max-width: 683px) 100vw, 683px\" \/><\/figure>\n<\/figure>\n\n\n\n<p><\/p>\n\n\n\n<h2 class=\"wp-block-heading\"><strong>A nechce to zas a\u017e tak ve\u013ea pe\u0148az\u00ed!<\/strong><\/h2>\n\n\n\n<p>Osobne nie som z\u00e1stancom \u010dokol\u00e1dov\u00fdch adventn\u00fdch kalend\u00e1rov, ak\u00e9 som aj ja ako die\u0165a dost\u00e1vala ka\u017ed\u00fd rok. Nechcem podporova\u0165 jedenie \u201csyntetick\u00fdch\u201d sladkost\u00ed, ako ich naz\u00fdvam a najm\u00e4 mi to pripad\u00e1 tak\u00e9 vcelku bez n\u00e1padu, tak\u00e9 odbitie det\u00ed, \u017ee: ve\u010f daj si \u010dokol\u00e1dku a bude\u0161 spokojn\u00e9. To nie je \u00faplne to, \u010d\u00edm vytvor\u00edme t\u00fa viano\u010dn\u00fa m\u00e1giu a posiln\u00edme o\u010dak\u00e1vanie, ktor\u00e9 by malo na Vianoce vyvrcholi\u0165.<\/p>\n\n\n\n<p>M\u00f4j adventn\u00fd kalend\u00e1r, ktor\u00fd ka\u017edoro\u010dne chyst\u00e1m, je pln\u00fd drobnost\u00ed. Nie drah\u00fdch, ale drobnost\u00ed, ktor\u00e9 jednoducho pote\u0161ia. Ke\u010f boli deti men\u0161ie, priam mal\u00e9, tak najv\u00e4\u010d\u0161iu rados\u0165 mali z leukoplastov s rozpr\u00e1vkovmi postavi\u010dkami, s ktor\u00fdmi sa potom hrali na lek\u00e1rov a lek\u00e1rky, ale nesk\u00f4r ich vyu\u017eili aj na re\u00e1lne ranky a boliestky. A, samozrejme, bal\u00f3ny! Sponky a gumi\u010dky. G\u00e9lov\u00e9 per\u00e1 a gumovacie per\u00e1. Gumy na gumovanie.<\/p>\n\n\n\n<h2 class=\"wp-block-heading\"><strong>Praktickej\u0161ie adventn\u00e9 dar\u010deky<\/strong><\/h2>\n\n\n\n<p>Iste, nem\u00f4\u017ee by\u0165 adventn\u00fd kalend\u00e1r pln\u00fd sponiek a gumi\u010diek, najm\u00e4, ak m\u00e1te doma chlapcov. Aj vy\u0161\u0161\u00ed vek si postupne \u017eiada o nie\u010do zauj\u00edmavej\u0161ie dar\u010deky. U n\u00e1s sa osved\u010dili napr\u00edklad aj men\u0161ie kni\u017e\u00f4\u010dky, pr\u00edpadne \u010dasopisy, ide\u00e1lne so zauj\u00edmav\u00fdmi pr\u00edbalmi. Tu som bola aj ja spokojn\u00e1, preto\u017ee ich to prim\u00e4lo \u010d\u00edta\u0165, ale spokojn\u00e9 boli aj deti, preto\u017ee ich to bavilo. Na druhej strane ale m\u00f4\u017eete bal\u00edky naplni\u0165 aj nie\u010d\u00edm, \u010d\u00edm urob\u00edte rados\u0165 de\u0165om, ale z\u00e1rove\u0148 by ste to kupovali tak \u010di onak, preto\u017ee je to u\u017eito\u010dn\u00e9 a jednoducho to potrebuj\u00fa. Napr\u00edklad pono\u017eky. Alebo \u0161kolsk\u00e9 vrecko na obuv. Alebo op\u00e4\u0165 pono\u017eky, preto\u017ee m\u00e1m pocit, \u017ee t\u00fdch deti nikdy nemaj\u00fa dos\u0165. Alebo \u010diapka, ktor\u00e1 sa v chladn\u00fdch d\u0148och z\u00edde v\u017edy. Alebo rukavice. Deti sa pote\u0161ia a z\u00e1rove\u0148 pre v\u00e1s to znamen\u00e1 finan\u010dn\u00fd v\u00fddavok, ktor\u00fd by ste urobili tak \u010di onak.<\/p>\n\n\n\n<figure class=\"wp-block-image size-large\"><img loading=\"lazy\" decoding=\"async\" width=\"683\" height=\"1024\" src=\"https:\/\/blog.ccc.eu\/sk\/wp-content\/uploads\/2024\/11\/CCC_5903419305108_03-683x1024.jpg\" alt=\"\" class=\"wp-image-8961\" srcset=\"https:\/\/blog.ccc.eu\/sk\/wp-content\/uploads\/2024\/11\/CCC_5903419305108_03-683x1024.jpg 683w, https:\/\/blog.ccc.eu\/sk\/wp-content\/uploads\/2024\/11\/CCC_5903419305108_03-200x300.jpg 200w, https:\/\/blog.ccc.eu\/sk\/wp-content\/uploads\/2024\/11\/CCC_5903419305108_03-768x1152.jpg 768w, https:\/\/blog.ccc.eu\/sk\/wp-content\/uploads\/2024\/11\/CCC_5903419305108_03-100x150.jpg 100w, https:\/\/blog.ccc.eu\/sk\/wp-content\/uploads\/2024\/11\/CCC_5903419305108_03.jpg 876w\" sizes=\"auto, (max-width: 683px) 100vw, 683px\" \/><\/figure>\n\n\n\n<p><\/p>\n\n\n\n<h2 class=\"wp-block-heading\"><strong>Mil\u00e9 odkazy<\/strong><\/h2>\n\n\n\n<p>Adventn\u00fd kalend\u00e1r pre deti\u010dky ale nemus\u00edte naplni\u0165 iba materi\u00e1lnymi vecami. U n\u00e1s maj\u00fa ve\u013ek\u00fd \u00faspech aj mil\u00e9 odkazy, ktor\u00e9 de\u0165om p\u00ed\u0161eme. Spom\u00edname v nich pekn\u00e9 z\u00e1\u017eitky z uplynul\u00e9ho roka, vyzdvihujeme, kedy sa ako pekne zachovali, kedy boli l\u00e1skav\u00e9 k in\u00fdm, urobili dobr\u00fd skutok\u2026 Ale p\u00ed\u0161eme si aj \u00falohy na dan\u00fd de\u0148, tak\u00e9, ktor\u00e9 deti pote\u0161ia. Napr\u00edklad: dnes budeme spolu piec\u0165 medovn\u00edky. Dnes si na ve\u010deru uvar\u00edme puding. Dnes sa spolu p\u00f4jdeme prejs\u0165 do lesa. Je to tro\u0161ku n\u00e1ro\u010dnej\u0161ie, chce to jemn\u00e9 pl\u00e1novanie logistiky, aby ste to dok\u00e1zali v dan\u00fd de\u0148 aj naplni\u0165. Ale deti to maj\u00fa rady.<\/p>\n\n\n\n<h2 class=\"wp-block-heading\"><strong>Pote\u0161enie aj pre dospel\u00fdch<\/strong><\/h2>\n\n\n\n<p>Takto naplnen\u00fd adventn\u00fd kalend\u00e1r je nesmierne mil\u00fd a deti naozaj dr\u017e\u00ed v o\u010dak\u00e1van\u00ed ka\u017ed\u00e9ho \u010fal\u0161ieho adventn\u00e9ho d\u0148a, sprev\u00e1dza ich a\u017e k \u0160tedr\u00e9mu d\u0148u. A opakujem &#8211; a ve\u013emi d\u00f4razne &#8211; \u017ee z\u010faleka nie iba materi\u00e1lne.<\/p>\n\n\n\n<p>A teraz ruku na srdce. Kto pri pl\u00e1novan\u00ed adventn\u00fdch kalend\u00e1rov mysl\u00edte aj na svojho partnera \u010di partnerku? Asi m\u00e1lokto, v\u00e4\u010d\u0161inou je to akoby z\u00e1le\u017eitos\u0165 det\u00ed. Av\u0161ak toho druh\u00e9ho, ktor\u00fd je s nami vo vz\u0165ahu, to m\u00f4\u017ee neskuto\u010dne pote\u0161i\u0165. Najm\u00e4, ak je to vz\u0165ah u\u017e naozaj dlhodob\u00fd a u\u017e si mysl\u00edme, \u017ee n\u00e1s azda ani ni\u010d nedok\u00e1\u017ee prekvapi\u0165. V t\u00fdchto pr\u00edpadoch \u201cdospel\u00e1ckych\u201d adventn\u00fdch drobnost\u00ed m\u00f4\u017eete tie\u017e siahnu\u0165 po u\u017eito\u010dn\u00fdch veciach, ktor\u00e9 urobia rados\u0165 a z\u00e1rove\u0148 sa z\u00eddu. Napr\u00edklad op\u00e4\u0165 pono\u017eky, pan\u010duchy, ale aj kozmetika na obuv, na ktor\u00fa si inokedy \u010dasto nevy\u010dlen\u00edme peniaze. \u010eal\u0161\u00edmi in\u0161pir\u00e1ciami m\u00f4\u017eu by\u0165 pe\u0148a\u017eenka, opasok. A pokojne to m\u00f4\u017ee by\u0165 tak, \u017ee adventn\u00fd kalend\u00e1r pre v\u00e1\u0161ho partnera \u010di partnerku bude pln\u00fd iba mil\u00fdch odkazov a vlo\u017e\u00edte do\u0148 iba jeden jedin\u00fd dar\u010dek, napr\u00edklad priamo na \u0160tedr\u00fd de\u0148, \u010d\u00edm od\u0161tartujete pr\u00edjemn\u00e9 obdarov\u00e1vanie tohto d\u0148a.<\/p>\n\n\n\n<p>Chcem n\u00e1s povzbudi\u0165, aby sme tento predviano\u010dn\u00fd \u010das vyu\u017eili na tvorbu dobra. Najm\u00e4 v dne\u0161nej dobe je to potrebn\u00e9 ako so\u013e. Atmosf\u00e9ra v spolo\u010dnosti je dlhodobo sk\u00f4r negat\u00edvna &#8211; tr\u00fabime na seba v aut\u00e1ch, \u010dasto bez v\u00e1\u017eneho d\u00f4vodu, pokrikujeme na seba na uliciach, v obchodoch, dv\u00edhame si stiera\u010de pri parkovan\u00ed\u2026 Akoby sa z na\u0161ej spolo\u010dnosti vytr\u00e1cala tak\u00e1 t\u00e1 prirodzen\u00e1 \u013eudskos\u0165, ktor\u00fa v sebe ur\u010dite m\u00e1me, len pod \u0165a\u017eobou dn\u00ed na \u0148u zab\u00fadame. (Pred)Viano\u010dn\u00fd \u010das je \u010dasom, kedy ju m\u00f4\u017eeme o\u017eivi\u0165, zdvihn\u00fa\u0165 ju, ak n\u00e1m padla a svojou milotou a dobrom posilni\u0165 milotu a dobro ostatn\u00fdch, aby sa \u0161\u00edrilo a n\u00e1sobilo. A tak budeme \u017ei\u0165 nielen v kr\u00e1snej krajine, akou Slovensko je, ale aj v kr\u00e1snej spolo\u010dnosti. To, \u017ee si na svojich bl\u00edzkych spomenieme po\u010das adventu &#8211; a pokojne nie materi\u00e1lnymi rados\u0165ami &#8211; je prv\u00fd krok, ktor\u00fd m\u00f4\u017eeme do nov\u00e9ho roka dobra a l\u00e1skavosti urobi\u0165.<\/p>\n","protected":false},"excerpt":{"rendered":"<p>Neviem, ako vy, ale ja milujem (pred)viano\u010dn\u00e9 obdobie. \u00c1no, rados\u0165 sa d\u00e1 robi\u0165 ka\u017ed\u00fd de\u0148, ale v tom viano\u010dnom obdob\u00ed je to predsa len tro\u0161ku in\u00e9. Pre deti je to magick\u00fd \u010darovn\u00fd \u010das, kedy priam prahn\u00fa po viano\u010dn\u00fdch z\u00e1zrakoch a radostiach. Adventn\u00fd kalend\u00e1r, ktor\u00fd je premyslen\u00fd a pln\u00fd nielen \u010dokol\u00e1dy, je jednou z vec\u00ed, na ktor\u00e9 ja osobne ka\u017ed\u00fd rok staviam.<\/p>\n","protected":false},"author":22,"featured_media":8960,"comment_status":"open","ping_status":"open","sticky":false,"template":"","format":"standard","meta":{"_acf_changed":false,"footnotes":""},"categories":[1041],"tags":[1046,1043,1030],"class_list":["post-8829","post","type-post","status-publish","format-standard","has-post-thumbnail","hentry","category-vianoce","tag-advent","tag-darceky-2","tag-tipy"],"acf":[],"yoast_head":"<!-- This site is optimized with the Yoast SEO plugin v26.9 - https:\/\/yoast.com\/product\/yoast-seo-wordpress\/ -->\n<title>Najkraj\u0161\u00ed adventn\u00fd kalend\u00e1r, ak\u00fd ste kedy vytvorili! - blog.ccc.eu\/sk<\/title>\n<meta name=\"description\" content=\"Rozm\u00fd\u0161lali ste nad netradi\u010dn\u00fdm adventn\u00fdm kalend\u00e1rom, ktor\u00fd by obsahoval u\u017eito\u010dn\u00e9 veci - drobnosti - hlavne nie \u010dokol\u00e1du. In\u0161pir\u00e1cia v CCC. 2026\" \/>\n<meta name=\"robots\" content=\"index, follow, max-snippet:-1, max-image-preview:large, max-video-preview:-1\" \/>\n<link rel=\"canonical\" href=\"https:\/\/blog.ccc.eu\/sk\/najkrajsi-adventny-kalendar-aky-ste-kedy-vytvorili\/\" \/>\n<meta property=\"og:locale\" content=\"sk_SK\" \/>\n<meta property=\"og:type\" content=\"article\" \/>\n<meta property=\"og:title\" content=\"Najkraj\u0161\u00ed adventn\u00fd kalend\u00e1r, ak\u00fd ste kedy vytvorili! - blog.ccc.eu\/sk\" \/>\n<meta property=\"og:description\" content=\"Rozm\u00fd\u0161lali ste nad netradi\u010dn\u00fdm adventn\u00fdm kalend\u00e1rom, ktor\u00fd by obsahoval u\u017eito\u010dn\u00e9 veci - drobnosti - hlavne nie \u010dokol\u00e1du. In\u0161pir\u00e1cia v CCC.\" \/>\n<meta property=\"og:url\" content=\"https:\/\/blog.ccc.eu\/sk\/najkrajsi-adventny-kalendar-aky-ste-kedy-vytvorili\/\" \/>\n<meta property=\"og:site_name\" content=\"blog.ccc.eu\/sk\" \/>\n<meta property=\"article:published_time\" content=\"2024-11-23T20:25:00+00:00\" \/>\n<meta property=\"article:modified_time\" content=\"2025-02-04T22:22:13+00:00\" \/>\n<meta property=\"og:image\" content=\"https:\/\/blog.ccc.eu\/sk\/wp-content\/uploads\/2024\/11\/622x933_PREZENT-NA-MIKOLAJKI.jpg\" \/>\n\t<meta property=\"og:image:width\" content=\"622\" \/>\n\t<meta property=\"og:image:height\" content=\"933\" \/>\n\t<meta property=\"og:image:type\" content=\"image\/jpeg\" \/>\n<meta name=\"author\" content=\"Kaja\" \/>\n<meta name=\"twitter:card\" content=\"summary_large_image\" \/>\n<meta name=\"twitter:label1\" content=\"Autor\" \/>\n\t<meta name=\"twitter:data1\" content=\"Kaja\" \/>\n\t<meta name=\"twitter:label2\" content=\"Predpokladan\u00fd \u010das \u010d\u00edtania\" \/>\n\t<meta name=\"twitter:data2\" content=\"5 min\u00fat\" \/>\n<script type=\"application\/ld+json\" class=\"yoast-schema-graph\">{\"@context\":\"https:\/\/schema.org\",\"@graph\":[{\"@type\":\"Article\",\"@id\":\"https:\/\/blog.ccc.eu\/sk\/najkrajsi-adventny-kalendar-aky-ste-kedy-vytvorili\/#article\",\"isPartOf\":{\"@id\":\"https:\/\/blog.ccc.eu\/sk\/najkrajsi-adventny-kalendar-aky-ste-kedy-vytvorili\/\"},\"author\":{\"name\":\"Kaja\",\"@id\":\"https:\/\/blog.ccc.eu\/sk\/#\/schema\/person\/399beb3452b4976df83fb9268601a994\"},\"headline\":\"Najkraj\u0161\u00ed adventn\u00fd kalend\u00e1r, ak\u00fd ste kedy vytvorili!\",\"datePublished\":\"2024-11-23T20:25:00+00:00\",\"dateModified\":\"2025-02-04T22:22:13+00:00\",\"mainEntityOfPage\":{\"@id\":\"https:\/\/blog.ccc.eu\/sk\/najkrajsi-adventny-kalendar-aky-ste-kedy-vytvorili\/\"},\"wordCount\":989,\"commentCount\":0,\"publisher\":{\"@id\":\"https:\/\/blog.ccc.eu\/sk\/#organization\"},\"image\":{\"@id\":\"https:\/\/blog.ccc.eu\/sk\/najkrajsi-adventny-kalendar-aky-ste-kedy-vytvorili\/#primaryimage\"},\"thumbnailUrl\":\"https:\/\/blog.ccc.eu\/sk\/wp-content\/uploads\/2024\/11\/622x933_PREZENT-NA-MIKOLAJKI.jpg\",\"keywords\":[\"advent\",\"darceky\",\"tipy\"],\"articleSection\":[\"VIANOCE\"],\"inLanguage\":\"sk-SK\",\"potentialAction\":[{\"@type\":\"CommentAction\",\"name\":\"Comment\",\"target\":[\"https:\/\/blog.ccc.eu\/sk\/najkrajsi-adventny-kalendar-aky-ste-kedy-vytvorili\/#respond\"]}]},{\"@type\":\"WebPage\",\"@id\":\"https:\/\/blog.ccc.eu\/sk\/najkrajsi-adventny-kalendar-aky-ste-kedy-vytvorili\/\",\"url\":\"https:\/\/blog.ccc.eu\/sk\/najkrajsi-adventny-kalendar-aky-ste-kedy-vytvorili\/\",\"name\":\"Najkraj\u0161\u00ed adventn\u00fd kalend\u00e1r, ak\u00fd ste kedy vytvorili! - blog.ccc.eu\/sk\",\"isPartOf\":{\"@id\":\"https:\/\/blog.ccc.eu\/sk\/#website\"},\"primaryImageOfPage\":{\"@id\":\"https:\/\/blog.ccc.eu\/sk\/najkrajsi-adventny-kalendar-aky-ste-kedy-vytvorili\/#primaryimage\"},\"image\":{\"@id\":\"https:\/\/blog.ccc.eu\/sk\/najkrajsi-adventny-kalendar-aky-ste-kedy-vytvorili\/#primaryimage\"},\"thumbnailUrl\":\"https:\/\/blog.ccc.eu\/sk\/wp-content\/uploads\/2024\/11\/622x933_PREZENT-NA-MIKOLAJKI.jpg\",\"datePublished\":\"2024-11-23T20:25:00+00:00\",\"dateModified\":\"2025-02-04T22:22:13+00:00\",\"description\":\"Rozm\u00fd\u0161lali ste nad netradi\u010dn\u00fdm adventn\u00fdm kalend\u00e1rom, ktor\u00fd by obsahoval u\u017eito\u010dn\u00e9 veci - drobnosti - hlavne nie \u010dokol\u00e1du. In\u0161pir\u00e1cia v CCC.\",\"breadcrumb\":{\"@id\":\"https:\/\/blog.ccc.eu\/sk\/najkrajsi-adventny-kalendar-aky-ste-kedy-vytvorili\/#breadcrumb\"},\"inLanguage\":\"sk-SK\",\"potentialAction\":[{\"@type\":\"ReadAction\",\"target\":[\"https:\/\/blog.ccc.eu\/sk\/najkrajsi-adventny-kalendar-aky-ste-kedy-vytvorili\/\"]}]},{\"@type\":\"ImageObject\",\"inLanguage\":\"sk-SK\",\"@id\":\"https:\/\/blog.ccc.eu\/sk\/najkrajsi-adventny-kalendar-aky-ste-kedy-vytvorili\/#primaryimage\",\"url\":\"https:\/\/blog.ccc.eu\/sk\/wp-content\/uploads\/2024\/11\/622x933_PREZENT-NA-MIKOLAJKI.jpg\",\"contentUrl\":\"https:\/\/blog.ccc.eu\/sk\/wp-content\/uploads\/2024\/11\/622x933_PREZENT-NA-MIKOLAJKI.jpg\",\"width\":622,\"height\":933,\"caption\":\"zimn\u00fd set od CCC\"},{\"@type\":\"BreadcrumbList\",\"@id\":\"https:\/\/blog.ccc.eu\/sk\/najkrajsi-adventny-kalendar-aky-ste-kedy-vytvorili\/#breadcrumb\",\"itemListElement\":[{\"@type\":\"ListItem\",\"position\":1,\"name\":\"Strona g\u0142\u00f3wna\",\"item\":\"https:\/\/blog.ccc.eu\/sk\/\"},{\"@type\":\"ListItem\",\"position\":2,\"name\":\"Najkraj\u0161\u00ed adventn\u00fd kalend\u00e1r, ak\u00fd ste kedy vytvorili!\"}]},{\"@type\":\"WebSite\",\"@id\":\"https:\/\/blog.ccc.eu\/sk\/#website\",\"url\":\"https:\/\/blog.ccc.eu\/sk\/\",\"name\":\"blog.ccc.eu\/sk\",\"description\":\"Va\u0161e miesto pln\u00e9 m\u00f3dnych in\u0161pir\u00e1ci\u00ed\",\"publisher\":{\"@id\":\"https:\/\/blog.ccc.eu\/sk\/#organization\"},\"potentialAction\":[{\"@type\":\"SearchAction\",\"target\":{\"@type\":\"EntryPoint\",\"urlTemplate\":\"https:\/\/blog.ccc.eu\/sk\/?s={search_term_string}\"},\"query-input\":{\"@type\":\"PropertyValueSpecification\",\"valueRequired\":true,\"valueName\":\"search_term_string\"}}],\"inLanguage\":\"sk-SK\"},{\"@type\":\"Organization\",\"@id\":\"https:\/\/blog.ccc.eu\/sk\/#organization\",\"name\":\"CCC S.A.\",\"url\":\"https:\/\/blog.ccc.eu\/sk\/\",\"logo\":{\"@type\":\"ImageObject\",\"inLanguage\":\"sk-SK\",\"@id\":\"https:\/\/blog.ccc.eu\/sk\/#\/schema\/logo\/image\/\",\"url\":\"https:\/\/blog.ccc.eu\/sk\/wp-content\/uploads\/2021\/11\/logo_ccc.png\",\"contentUrl\":\"https:\/\/blog.ccc.eu\/sk\/wp-content\/uploads\/2021\/11\/logo_ccc.png\",\"width\":730,\"height\":270,\"caption\":\"CCC S.A.\"},\"image\":{\"@id\":\"https:\/\/blog.ccc.eu\/sk\/#\/schema\/logo\/image\/\"}},{\"@type\":\"Person\",\"@id\":\"https:\/\/blog.ccc.eu\/sk\/#\/schema\/person\/399beb3452b4976df83fb9268601a994\",\"name\":\"Kaja\",\"image\":{\"@type\":\"ImageObject\",\"inLanguage\":\"sk-SK\",\"@id\":\"https:\/\/blog.ccc.eu\/sk\/#\/schema\/person\/image\/\",\"url\":\"https:\/\/blog.ccc.eu\/sk\/wp-content\/uploads\/2024\/06\/white-1-100x100.jpg\",\"contentUrl\":\"https:\/\/blog.ccc.eu\/sk\/wp-content\/uploads\/2024\/06\/white-1-100x100.jpg\",\"caption\":\"Kaja\"},\"description\":\"U\u017e od pubert\u00e1lnych \u010dias sa venuje pr\u00e1ci v m\u00e9di\u00e1ch a p\u00edsaniu. Z kon\u00ed\u010dka sa stalo \u017eivobytie, ktor\u00e9 jej z\u00e1rove\u0148 dalo dostatok slobody na to, aby mohla pomerne ve\u013ea cestova\u0165 a spozn\u00e1va\u0165 svet a rozli\u010dn\u00e9 kult\u00fary. Energiu jej dod\u00e1va \u010d\u00edtanie kn\u00edh, voda a hudba.\",\"url\":\"https:\/\/blog.ccc.eu\/sk\/author\/perlamakovienka-sk\/\"}]}<\/script>\n<!-- \/ Yoast SEO plugin. -->","yoast_head_json":{"title":"Najkraj\u0161\u00ed adventn\u00fd kalend\u00e1r, ak\u00fd ste kedy vytvorili! - blog.ccc.eu\/sk","description":"Rozm\u00fd\u0161lali ste nad netradi\u010dn\u00fdm adventn\u00fdm kalend\u00e1rom, ktor\u00fd by obsahoval u\u017eito\u010dn\u00e9 veci - drobnosti - hlavne nie \u010dokol\u00e1du. In\u0161pir\u00e1cia v CCC. 2026","robots":{"index":"index","follow":"follow","max-snippet":"max-snippet:-1","max-image-preview":"max-image-preview:large","max-video-preview":"max-video-preview:-1"},"canonical":"https:\/\/blog.ccc.eu\/sk\/najkrajsi-adventny-kalendar-aky-ste-kedy-vytvorili\/","og_locale":"sk_SK","og_type":"article","og_title":"Najkraj\u0161\u00ed adventn\u00fd kalend\u00e1r, ak\u00fd ste kedy vytvorili! - blog.ccc.eu\/sk","og_description":"Rozm\u00fd\u0161lali ste nad netradi\u010dn\u00fdm adventn\u00fdm kalend\u00e1rom, ktor\u00fd by obsahoval u\u017eito\u010dn\u00e9 veci - drobnosti - hlavne nie \u010dokol\u00e1du. In\u0161pir\u00e1cia v CCC.","og_url":"https:\/\/blog.ccc.eu\/sk\/najkrajsi-adventny-kalendar-aky-ste-kedy-vytvorili\/","og_site_name":"blog.ccc.eu\/sk","article_published_time":"2024-11-23T20:25:00+00:00","article_modified_time":"2025-02-04T22:22:13+00:00","og_image":[{"width":622,"height":933,"url":"https:\/\/blog.ccc.eu\/sk\/wp-content\/uploads\/2024\/11\/622x933_PREZENT-NA-MIKOLAJKI.jpg","type":"image\/jpeg"}],"author":"Kaja","twitter_card":"summary_large_image","twitter_misc":{"Autor":"Kaja","Predpokladan\u00fd \u010das \u010d\u00edtania":"5 min\u00fat"},"schema":{"@context":"https:\/\/schema.org","@graph":[{"@type":"Article","@id":"https:\/\/blog.ccc.eu\/sk\/najkrajsi-adventny-kalendar-aky-ste-kedy-vytvorili\/#article","isPartOf":{"@id":"https:\/\/blog.ccc.eu\/sk\/najkrajsi-adventny-kalendar-aky-ste-kedy-vytvorili\/"},"author":{"name":"Kaja","@id":"https:\/\/blog.ccc.eu\/sk\/#\/schema\/person\/399beb3452b4976df83fb9268601a994"},"headline":"Najkraj\u0161\u00ed adventn\u00fd kalend\u00e1r, ak\u00fd ste kedy vytvorili!","datePublished":"2024-11-23T20:25:00+00:00","dateModified":"2025-02-04T22:22:13+00:00","mainEntityOfPage":{"@id":"https:\/\/blog.ccc.eu\/sk\/najkrajsi-adventny-kalendar-aky-ste-kedy-vytvorili\/"},"wordCount":989,"commentCount":0,"publisher":{"@id":"https:\/\/blog.ccc.eu\/sk\/#organization"},"image":{"@id":"https:\/\/blog.ccc.eu\/sk\/najkrajsi-adventny-kalendar-aky-ste-kedy-vytvorili\/#primaryimage"},"thumbnailUrl":"https:\/\/blog.ccc.eu\/sk\/wp-content\/uploads\/2024\/11\/622x933_PREZENT-NA-MIKOLAJKI.jpg","keywords":["advent","darceky","tipy"],"articleSection":["VIANOCE"],"inLanguage":"sk-SK","potentialAction":[{"@type":"CommentAction","name":"Comment","target":["https:\/\/blog.ccc.eu\/sk\/najkrajsi-adventny-kalendar-aky-ste-kedy-vytvorili\/#respond"]}]},{"@type":"WebPage","@id":"https:\/\/blog.ccc.eu\/sk\/najkrajsi-adventny-kalendar-aky-ste-kedy-vytvorili\/","url":"https:\/\/blog.ccc.eu\/sk\/najkrajsi-adventny-kalendar-aky-ste-kedy-vytvorili\/","name":"Najkraj\u0161\u00ed adventn\u00fd kalend\u00e1r, ak\u00fd ste kedy vytvorili! - blog.ccc.eu\/sk","isPartOf":{"@id":"https:\/\/blog.ccc.eu\/sk\/#website"},"primaryImageOfPage":{"@id":"https:\/\/blog.ccc.eu\/sk\/najkrajsi-adventny-kalendar-aky-ste-kedy-vytvorili\/#primaryimage"},"image":{"@id":"https:\/\/blog.ccc.eu\/sk\/najkrajsi-adventny-kalendar-aky-ste-kedy-vytvorili\/#primaryimage"},"thumbnailUrl":"https:\/\/blog.ccc.eu\/sk\/wp-content\/uploads\/2024\/11\/622x933_PREZENT-NA-MIKOLAJKI.jpg","datePublished":"2024-11-23T20:25:00+00:00","dateModified":"2025-02-04T22:22:13+00:00","description":"Rozm\u00fd\u0161lali ste nad netradi\u010dn\u00fdm adventn\u00fdm kalend\u00e1rom, ktor\u00fd by obsahoval u\u017eito\u010dn\u00e9 veci - drobnosti - hlavne nie \u010dokol\u00e1du. In\u0161pir\u00e1cia v CCC.","breadcrumb":{"@id":"https:\/\/blog.ccc.eu\/sk\/najkrajsi-adventny-kalendar-aky-ste-kedy-vytvorili\/#breadcrumb"},"inLanguage":"sk-SK","potentialAction":[{"@type":"ReadAction","target":["https:\/\/blog.ccc.eu\/sk\/najkrajsi-adventny-kalendar-aky-ste-kedy-vytvorili\/"]}]},{"@type":"ImageObject","inLanguage":"sk-SK","@id":"https:\/\/blog.ccc.eu\/sk\/najkrajsi-adventny-kalendar-aky-ste-kedy-vytvorili\/#primaryimage","url":"https:\/\/blog.ccc.eu\/sk\/wp-content\/uploads\/2024\/11\/622x933_PREZENT-NA-MIKOLAJKI.jpg","contentUrl":"https:\/\/blog.ccc.eu\/sk\/wp-content\/uploads\/2024\/11\/622x933_PREZENT-NA-MIKOLAJKI.jpg","width":622,"height":933,"caption":"zimn\u00fd set od CCC"},{"@type":"BreadcrumbList","@id":"https:\/\/blog.ccc.eu\/sk\/najkrajsi-adventny-kalendar-aky-ste-kedy-vytvorili\/#breadcrumb","itemListElement":[{"@type":"ListItem","position":1,"name":"Strona g\u0142\u00f3wna","item":"https:\/\/blog.ccc.eu\/sk\/"},{"@type":"ListItem","position":2,"name":"Najkraj\u0161\u00ed adventn\u00fd kalend\u00e1r, ak\u00fd ste kedy vytvorili!"}]},{"@type":"WebSite","@id":"https:\/\/blog.ccc.eu\/sk\/#website","url":"https:\/\/blog.ccc.eu\/sk\/","name":"blog.ccc.eu\/sk","description":"Va\u0161e miesto pln\u00e9 m\u00f3dnych in\u0161pir\u00e1ci\u00ed","publisher":{"@id":"https:\/\/blog.ccc.eu\/sk\/#organization"},"potentialAction":[{"@type":"SearchAction","target":{"@type":"EntryPoint","urlTemplate":"https:\/\/blog.ccc.eu\/sk\/?s={search_term_string}"},"query-input":{"@type":"PropertyValueSpecification","valueRequired":true,"valueName":"search_term_string"}}],"inLanguage":"sk-SK"},{"@type":"Organization","@id":"https:\/\/blog.ccc.eu\/sk\/#organization","name":"CCC S.A.","url":"https:\/\/blog.ccc.eu\/sk\/","logo":{"@type":"ImageObject","inLanguage":"sk-SK","@id":"https:\/\/blog.ccc.eu\/sk\/#\/schema\/logo\/image\/","url":"https:\/\/blog.ccc.eu\/sk\/wp-content\/uploads\/2021\/11\/logo_ccc.png","contentUrl":"https:\/\/blog.ccc.eu\/sk\/wp-content\/uploads\/2021\/11\/logo_ccc.png","width":730,"height":270,"caption":"CCC S.A."},"image":{"@id":"https:\/\/blog.ccc.eu\/sk\/#\/schema\/logo\/image\/"}},{"@type":"Person","@id":"https:\/\/blog.ccc.eu\/sk\/#\/schema\/person\/399beb3452b4976df83fb9268601a994","name":"Kaja","image":{"@type":"ImageObject","inLanguage":"sk-SK","@id":"https:\/\/blog.ccc.eu\/sk\/#\/schema\/person\/image\/","url":"https:\/\/blog.ccc.eu\/sk\/wp-content\/uploads\/2024\/06\/white-1-100x100.jpg","contentUrl":"https:\/\/blog.ccc.eu\/sk\/wp-content\/uploads\/2024\/06\/white-1-100x100.jpg","caption":"Kaja"},"description":"U\u017e od pubert\u00e1lnych \u010dias sa venuje pr\u00e1ci v m\u00e9di\u00e1ch a p\u00edsaniu. Z kon\u00ed\u010dka sa stalo \u017eivobytie, ktor\u00e9 jej z\u00e1rove\u0148 dalo dostatok slobody na to, aby mohla pomerne ve\u013ea cestova\u0165 a spozn\u00e1va\u0165 svet a rozli\u010dn\u00e9 kult\u00fary. Energiu jej dod\u00e1va \u010d\u00edtanie kn\u00edh, voda a hudba.","url":"https:\/\/blog.ccc.eu\/sk\/author\/perlamakovienka-sk\/"}]}},"_links":{"self":[{"href":"https:\/\/blog.ccc.eu\/sk\/wp-json\/wp\/v2\/posts\/8829","targetHints":{"allow":["GET"]}}],"collection":[{"href":"https:\/\/blog.ccc.eu\/sk\/wp-json\/wp\/v2\/posts"}],"about":[{"href":"https:\/\/blog.ccc.eu\/sk\/wp-json\/wp\/v2\/types\/post"}],"author":[{"embeddable":true,"href":"https:\/\/blog.ccc.eu\/sk\/wp-json\/wp\/v2\/users\/22"}],"replies":[{"embeddable":true,"href":"https:\/\/blog.ccc.eu\/sk\/wp-json\/wp\/v2\/comments?post=8829"}],"version-history":[{"count":3,"href":"https:\/\/blog.ccc.eu\/sk\/wp-json\/wp\/v2\/posts\/8829\/revisions"}],"predecessor-version":[{"id":8965,"href":"https:\/\/blog.ccc.eu\/sk\/wp-json\/wp\/v2\/posts\/8829\/revisions\/8965"}],"wp:featuredmedia":[{"embeddable":true,"href":"https:\/\/blog.ccc.eu\/sk\/wp-json\/wp\/v2\/media\/8960"}],"wp:attachment":[{"href":"https:\/\/blog.ccc.eu\/sk\/wp-json\/wp\/v2\/media?parent=8829"}],"wp:term":[{"taxonomy":"category","embeddable":true,"href":"https:\/\/blog.ccc.eu\/sk\/wp-json\/wp\/v2\/categories?post=8829"},{"taxonomy":"post_tag","embeddable":true,"href":"https:\/\/blog.ccc.eu\/sk\/wp-json\/wp\/v2\/tags?post=8829"}],"curies":[{"name":"wp","href":"https:\/\/api.w.org\/{rel}","templated":true}]}}