{"id":8988,"date":"2025-02-10T00:33:46","date_gmt":"2025-02-09T23:33:46","guid":{"rendered":"https:\/\/blog.ccc.eu\/sk\/?p=8988"},"modified":"2025-02-12T07:59:29","modified_gmt":"2025-02-12T06:59:29","slug":"poteste-sa-na-svateho-valentina","status":"publish","type":"post","link":"https:\/\/blog.ccc.eu\/sk\/poteste-sa-na-svateho-valentina\/","title":{"rendered":"Pote\u0161te (sa) na sv\u00e4t\u00e9ho Valent\u00edna!"},"content":{"rendered":"\n<p><em>\u00c1no,&nbsp;\u00e1no, je to tak! Sv\u00e4t\u00fd&nbsp;Valent\u00edn je iba tak\u00e1 z\u00e1mienka. Ale na druhej strane &#8211; v\u00e4\u010d\u0161inou doprajeme v\u0161etk\u00fdm nav\u00f4kol, len nie n\u00e1m. K\u00fapime de\u0165om, s\u00farodencom, rodi\u010dom, priate\u013eom\u2026 a na seba sam\u00fdch zab\u00fadame. Tak\u017ee nemus\u00edte v\u00f4bec oslavova\u0165&nbsp;Valent\u00edna, ale je to skvel\u00e1 z\u00e1mienka na to, aby ste obdarovali toho, na koho zv\u00e4\u010d\u0161a nepr\u00edde. Alebo seba samu \/ sam\u00e9ho.<\/em><\/p>\n\n\n\n<p>Neviem, ako to je u v\u00e1s doma, ale u n\u00e1s je to absol\u00fatne a presne tak. De\u0165om k\u00fapim v\u0161etko, \u010do potrebuj\u00fa. Na sviatky nezab\u00fadam na kamar\u00e1tky a kamar\u00e1tov. Ke\u010f potrebuj\u00fa deti darova\u0165 u\u010dite\u013ek\u00e1m, spolu\u017eiakom, kamar\u00e1tom &#8211; zabezpe\u010d\u00edm. Mysl\u00edm na ka\u017ed\u00e9ho a sama na seba zab\u00fadam. Ak si nie\u010do doprajem, je to kniha, ale ke\u010f potom idem von na nejak\u00fa \u0161peci\u00e1lnej\u0161iu pr\u00edle\u017eitos\u0165, tak zist\u00edm, \u017ee nem\u00e1m kabelku alebo \u010do si obu\u0165. Ke\u010f vytiahnem pe\u0148a\u017eenku, r\u00fdchlo ju schov\u00e1vam, lebo je o\u0161\u00fachan\u00e1. Nevidite\u013en\u00e9&nbsp;pono\u017eky by sa mi zi\u0161li, ale ke\u010f som ich k\u00fapila, zistila som, \u017ee by sa zi\u0161li dc\u00e9re, a tak som jej ich dala\u2026 A tak teraz, na sviatok sv. Valent\u00edna, je naozaj ide\u00e1lny \u010das, kedy si m\u00f4\u017eeme poveda\u0165, \u017ee sa m\u00e1me naozaj dostato\u010dne rady na to, aby sme nie\u010do k\u00fapili aj samy sebe. Alebo \u017ee m\u00e1me naozaj dostato\u010dne radi a rady aj na\u0161e polovi\u010dky, aby sme dopriali nielen de\u0165om a&nbsp;\u201epovinn\u00fdm\u201f, ale aj im.<\/p>\n\n\n\n<p>Prin\u00e1\u0161am v\u00e1m zoznam toho, \u010do by naozaj mohlo pote\u0161i\u0165, \u010do by pre v\u00e1s mohlo by\u0165 pr\u00edjemnou in\u0161pir\u00e1ciou a mohlo by to by\u0165 presne t\u00fdm, \u010do pote\u0161\u00ed a z\u00e1rove\u0148 sa z\u00edde. Lebo ve\u010f my dospel\u00ed u\u017e v\u00e4\u010d\u0161inou t\u00fa\u017eime po tom, \u010do sa z\u00edde, hoci s\u00fa to napr\u00edklad tie spom\u00ednan\u00e9&nbsp;pono\u017eky. \ud83d\ude42<\/p>\n\n\n\n<h2 class=\"wp-block-heading\"><strong>F\u013ea\u0161a, termoska, prenosn\u00fd poh\u00e1r<\/strong><\/h2>\n\n\n\n<p>Tak schv\u00e1lne. Zr\u00e1tajte si, ko\u013eko m\u00e1te doma detsk\u00fdch flia\u0161. A ko\u013eko m\u00e1te pre seba? Iba na bicykel? A nezi\u0161la by sa v\u00e1m n\u00e1hodou nejak\u00e1 termoska na zimn\u00fd \u0161tadi\u00f3n, prenosn\u00fd poh\u00e1rik na k\u00e1vu, ke\u010f idete r\u00e1no so psom? Alebo f\u013ea\u0161a na v\u00fdlet, aby ste aj vy mali kone\u010dne pekn\u00fa a kvalitn\u00fa?&nbsp;\u010casto v tomto naozaj mysl\u00edme najm\u00e4 na deti, na\u0161tudujeme, si, ktor\u00e1 f\u013ea\u0161a je zdrav\u00e1, najmenej z\u00e1vadn\u00e1, e\u0161te aj pekn\u00e1. A ke\u010f&nbsp;ide o n\u00e1s, nevenujeme tomu a\u017e tak\u00fa pozornos\u0165. <\/p>\n\n\n\n<p>Ja osobne to m\u00e1m tak, \u017ee \u010d\u00edm som star\u0161ia, t\u00fdm viac som za kvalitnej\u0161ie produkty, ktor\u00e9&nbsp;vydr\u017eia dlho. A, samozrejme, za\u010dalo mi z\u00e1le\u017ea\u0165 na \u0161t\u00fdle. Ten m\u00f4j je absol\u00fatne minimalistick\u00fd, v \u010dom mi \u00faplne vyhovuje zna\u010dka HUNTER. T\u00e1 je od minul\u00e9ho roka v predaji CCC a okrem top\u00e1nok n\u00e1jdete v ponuke pr\u00e1ve aj f\u013ea\u0161e, termosky, prenosn\u00e9&nbsp;poh\u00e1re, ktor\u00e9&nbsp;s\u00fa minimalistick\u00e9, dizajnov\u00e9, \u010dist\u00e9, kr\u00e1sne, \u0161t\u00fdlov\u00e9&nbsp;a (!) &#8211; kvalitn\u00e9. S\u00fa bez BPA, maj\u00fa proti\u0161mykov\u00e9&nbsp;dno, tesniaci uz\u00e1ver (naozaj neprete\u010d\u00fa!) a n\u00e1poj udr\u017eia v chlade \u010di v teple (pod\u013ea potreby) a\u017e 6 hod\u00edn.<\/p>\n\n\n<shortcode prop-category=\"Doplnky\" prop-load-num=\"12\" prop-display-num=\"4\" prop-sku=\"5903698584102, 5903698583730, 5903698583792, 5903698583860, 5903698583952\" prop-view=\"slider\"><\/shortcode>        <div\r\n            class=\"eob-pf-shortcode\"\r\n            id=\"eobpf69f3fa6d3d335\"\r\n        >\r\n            <shortcode prop-category=\"Doplnky\" prop-load-num=\"12\" prop-display-num=\"4\" prop-sku=\"5903698584102, 5903698583730, 5903698583792, 5903698583860, 5903698583952\" prop-view=\"slider\"><\/shortcode>        <\/div>\r\n\t\t<script>\r\n\t\t\tjQuery(document).ready(() => {\r\n\t\t\t    const root = document.getElementById('eobpf69f3fa6d3d335');\r\n                Vue.createApp({\r\n\t                components: {\r\n\t                    shortcode\r\n\t                }\r\n                }).mount(root);\r\n\t\t\t});\r\n\t\t<\/script>\r\n\t\t\r\n\t\t\n\n\n\n<p><\/p>\n\n\n\n<h2 class=\"wp-block-heading\"><strong>Pe\u0148a\u017eenka<\/strong><\/h2>\n\n\n\n<p>Aby bolo jasn\u00e9&nbsp;&#8211; ja m\u00e1m pekn\u00fa pe\u0148a\u017eenku. \ud83d\ude42 Ale je u\u017e o\u0161\u00fachan\u00e1 a vidno, \u017ee si za\u017eila svoje. Som ale presne ten typ, \u017ee ju budem nosi\u0165, k\u00fdm sa nerozpadne, preto\u017ee si vrav\u00edm, \u017ee ve\u010f m\u00e1m, tak\u017ee nepotrebujem. Pozit\u00edvne ale je, \u017ee m\u00f4j partner to vn\u00edma inak a tu a tam mu napadne urobi\u0165 mi prekvapenie a k\u00fapi\u0165 mi (\u00e1no, aj mimo Valent\u00edna) dar\u010dek, ktor\u00fdm vymen\u00ed u\u017e o\u0161\u00fachan\u00fa vec za kraj\u0161iu, aby som sa nemusela hanbi\u0165, ke\u010f napr\u00edklad plat\u00edm v hotovosti.<\/p>\n\n\n\n<p>Pe\u0148a\u017eenka je ide\u00e1lny dar\u010dek, preto\u017ee sa z\u00edde v\u017edy. Naozaj v\u017edy, ka\u017ed\u00fd ju potrebuje. Sta\u010d\u00ed trochu pozna\u0165&nbsp;preferencie\u010do do ve\u013ekosti a mno\u017estva priehradok, preto\u017ee zas pe\u0148a\u017eenka, ktor\u00e1 nevyhovuje po\u017eiadavk\u00e1m, vie by\u0165 jedn\u00fdm z najhor\u0161\u00edch dar\u010dekov. \ud83d\ude42<\/p>\n\n\n\n<p>V CCC n\u00e1jdete mno\u017estvo pe\u0148a\u017eeniek rozli\u010dn\u00fdch ve\u013ekost\u00ed, dizajnov, cien, materi\u00e1lov &#8211; vyberie si naozaj ka\u017ed\u00fd a na ka\u017ed\u00fa pr\u00edle\u017eitos\u0165.<\/p>\n\n\n<shortcode prop-category=\"Pe\u0148a\u017eenky\" prop-load-num=\"12\" prop-display-num=\"4\" prop-sku=\"5903419775123, 5903419557750, 5905588970446, 5905588970828, 5903419557743, 5905588978084\" prop-view=\"slider\"><\/shortcode>        <div\r\n            class=\"eob-pf-shortcode\"\r\n            id=\"eobpf69f3fa6d3d4b0\"\r\n        >\r\n            <shortcode prop-category=\"Pe\u0148a\u017eenky\" prop-load-num=\"12\" prop-display-num=\"4\" prop-sku=\"5903419775123, 5903419557750, 5905588970446, 5905588970828, 5903419557743, 5905588978084\" prop-view=\"slider\"><\/shortcode>        <\/div>\r\n\t\t<script>\r\n\t\t\tjQuery(document).ready(() => {\r\n\t\t\t    const root = document.getElementById('eobpf69f3fa6d3d4b0');\r\n                Vue.createApp({\r\n\t                components: {\r\n\t                    shortcode\r\n\t                }\r\n                }).mount(root);\r\n\t\t\t});\r\n\t\t<\/script>\r\n\t\t\r\n\t\t\n\n\n\n<p><\/p>\n\n\n\n<h2 class=\"wp-block-heading\"><strong>Kozmetick\u00e1 ta\u0161ti\u010dka<\/strong><\/h2>\n\n\n\n<p>Slu\u017eobky, v\u00fdlety, ale aj \u0161koly v pr\u00edrode, ly\u017eova\u010dky, pred\u013a\u017een\u00e9&nbsp;v\u00edkendy. Jednoducho sa z\u00eddu v\u017edy a \u010d\u00edm viac je \u010dlenov rodiny, t\u00fdm viac sa ich z\u00edde, preto\u017ee zbali\u0165 2-3-4 \u013eud\u00ed do jednej kozmetickej ta\u0161ti\u010dky je priam nemo\u017en\u00e9. A teda hoci \u017eeny, ktor\u00e9&nbsp;balia cel\u00fa rodinu, niekedy zvo\u013e\u0148uj\u00fa zo svojich n\u00e1rokov a o\u010dak\u00e1van\u00ed, predsa len asi m\u00e1me najrad\u0161ej, ak m\u00e1me svoje osobn\u00e9&nbsp;kozmetick\u00e9&nbsp;veci na jednom mieste a neprehrab\u00e1va sa n\u00e1m nimi cel\u00e1 rodina.<\/p>\n\n\n\n<p> Kozmetick\u00e1 ta\u0161ti\u010dka ako dar\u010dek (nielen) na Valent\u00edna je kr\u00e1sna z\u00e1le\u017eitos\u0165, ktor\u00e1 je presne vyjadren\u00edm toho, \u017ee vieme, \u017ee my&nbsp;\u010di ten druh\u00fd potrebuje svoj vlastn\u00fd priestor a priestor na svoje osobn\u00e9&nbsp;veci. A ak m\u00e1 navy\u0161e \u0161t\u00fdl a je kr\u00e1sna, tak to pote\u0161\u00ed nielen potreby, ale aj du\u0161u.<\/p>\n\n\n<shortcode prop-category=\"Kozmetick\u00e9 ta\u0161ky\" prop-load-num=\"12\" prop-display-num=\"4\" prop-sku=\"5905588990406, 5903419557637, 5903419557644, 5903419557651, 5905588990413, 5905588990420\" prop-view=\"slider\"><\/shortcode>        <div\r\n            class=\"eob-pf-shortcode\"\r\n            id=\"eobpf69f3fa6d3d508\"\r\n        >\r\n            <shortcode prop-category=\"Kozmetick\u00e9 ta\u0161ky\" prop-load-num=\"12\" prop-display-num=\"4\" prop-sku=\"5905588990406, 5903419557637, 5903419557644, 5903419557651, 5905588990413, 5905588990420\" prop-view=\"slider\"><\/shortcode>        <\/div>\r\n\t\t<script>\r\n\t\t\tjQuery(document).ready(() => {\r\n\t\t\t    const root = document.getElementById('eobpf69f3fa6d3d508');\r\n                Vue.createApp({\r\n\t                components: {\r\n\t                    shortcode\r\n\t                }\r\n                }).mount(root);\r\n\t\t\t});\r\n\t\t<\/script>\r\n\t\t\r\n\t\t\n\n\n\n<p><\/p>\n\n\n\n<h2 class=\"wp-block-heading\"><strong>Slne\u010dn\u00e9&nbsp;okuliare<\/strong><\/h2>\n\n\n\n<p>Valent\u00edn je u\u017e takou predzves\u0165ou bl\u00ed\u017eiacich sa teplej\u0161\u00edch dn\u00ed, slne\u010dn\u00fdch dn\u00ed, kedy je potrebn\u00e9&nbsp;chr\u00e1ni\u0165 si zrak. Naozaj si chr\u00e1ni\u0165 zrak. Toto niekedy podce\u0148ujeme, faktom ale je, \u017ee ma\u0165 vhodn\u00e9&nbsp;slne\u010dn\u00e9&nbsp;okuliare je ve\u013emi d\u00f4le\u017eit\u00e9. Je potrebn\u00e9&nbsp;zoh\u013eadni\u0165, \u010di ich potrebujeme do mesta, na hory, k moru, ale ochrana zraku pred UV \u017eiaren\u00edm je jedna z najd\u00f4le\u017eitej\u0161\u00edch. <\/p>\n\n\n\n<p>\u0160tatistiky hovoria, \u017ee \u013eud\u00ed s rakovinou o\u010d\u00ed prib\u00fada, melan\u00f3m oka je v\u00e1\u017ena diagn\u00f3za, prevenciu ktorej predstavuj\u00fa pr\u00e1ve aj kvalitn\u00e9&nbsp;slne\u010dn\u00e9&nbsp;okuliare. V tomto smere by som rada apelovala na to, \u017ee je potrebn\u00e9&nbsp;kupova\u0165 slne\u010dn\u00e9&nbsp;okuliare, ktor\u00e9&nbsp;naozaj maj\u00fa potrebn\u00fa UV ochranu a nie s\u00fa iba tmav\u00fdmi skl\u00ed\u010dkami. Jednoducho nakupujte od overen\u00fdch predajcov. V ponuke CCC n\u00e1jdete slne\u010dn\u00e9&nbsp;okuliare pre rozli\u010dn\u00e9&nbsp;potreby, rozli\u010dn\u00e9ho dizajnu, farieb, \u0161t\u00fdlu a, samozrejme, zna\u010dky.<\/p>\n\n\n<shortcode prop-category=\"Kozmetick\u00e9 ta\u0161ky\" prop-load-num=\"12\" prop-display-num=\"3\" prop-sku=\"5905588944461, 5905588944492, 5905588944478\" prop-view=\"slider\"><\/shortcode>        <div\r\n            class=\"eob-pf-shortcode\"\r\n            id=\"eobpf69f3fa6d3d54e\"\r\n        >\r\n            <shortcode prop-category=\"Kozmetick\u00e9 ta\u0161ky\" prop-load-num=\"12\" prop-display-num=\"3\" prop-sku=\"5905588944461, 5905588944492, 5905588944478\" prop-view=\"slider\"><\/shortcode>        <\/div>\r\n\t\t<script>\r\n\t\t\tjQuery(document).ready(() => {\r\n\t\t\t    const root = document.getElementById('eobpf69f3fa6d3d54e');\r\n                Vue.createApp({\r\n\t                components: {\r\n\t                    shortcode\r\n\t                }\r\n                }).mount(root);\r\n\t\t\t});\r\n\t\t<\/script>\r\n\t\t\r\n\t\t\n\n\n\n<p><\/p>\n\n\n\n<h2 class=\"wp-block-heading\"><strong>Pan\u010duchy!<\/strong><\/h2>\n\n\n\n<p>Mo\u017eno je to trochu recesia, ale snom mnoh\u00fdch mu\u017eov je roztrha\u0165 ich. Mali ste u\u017e tak\u00e9, ktor\u00e9&nbsp;boli ur\u010den\u00e9&nbsp;len na tento \u00fa\u010del?&nbsp;\u010co tak si na Valent\u00edna dopria\u0165 romantick\u00fa divok\u00fa v\u00e1\u0161niv\u00fa hodinku a darova\u0165&nbsp;si pan\u010du\u0161ky, ktor\u00e9&nbsp;by mohli by\u0165 pokojne ur\u010den\u00e9&nbsp;na tento jeden jedin\u00fd \u00fa\u010del?&nbsp;\u00c1no, je ich \u0161koda, ale ak si to poviete v\u017edy, tak mu tento z\u00e1\u017eitok nedoprajete nikdy\u2026<\/p>\n\n\n<shortcode prop-category=\"Pan\u010duchy\" prop-load-num=\"12\" prop-display-num=\"4\" prop-sku=\"5904862506616, 5904862506630, 5904862506609\" prop-view=\"slider\"><\/shortcode>        <div\r\n            class=\"eob-pf-shortcode\"\r\n            id=\"eobpf69f3fa6d3d58f\"\r\n        >\r\n            <shortcode prop-category=\"Pan\u010duchy\" prop-load-num=\"12\" prop-display-num=\"4\" prop-sku=\"5904862506616, 5904862506630, 5904862506609\" prop-view=\"slider\"><\/shortcode>        <\/div>\r\n\t\t<script>\r\n\t\t\tjQuery(document).ready(() => {\r\n\t\t\t    const root = document.getElementById('eobpf69f3fa6d3d58f');\r\n                Vue.createApp({\r\n\t                components: {\r\n\t                    shortcode\r\n\t                }\r\n                }).mount(root);\r\n\t\t\t});\r\n\t\t<\/script>\r\n\t\t\r\n\t\t\n\n\n\n<p><\/p>\n\n\n\n<p>Najm\u00e4 si to u\u017e\u00edvajte. Hoci je to v r\u00fdchlych d\u0148och niekedy \u0165a\u017ek\u00e9, niekedy je priam nere\u00e1lne cez de\u0148 prehodi\u0165 \u010do i len jedno slovo o inom, ako o povinnostiach, be\u017enom chode dom\u00e1cnosti, o tom, kto kedy a kde vyzdvihne deti \u010di p\u00f4jde so psom a ma\u010dkou k veterin\u00e1rke\u2026 &#8211; sna\u017ete sa u\u017ei\u0165&nbsp;si to. U\u017ei\u0165 si v\u00e1\u0161 vz\u0165ah. Sna\u017ete sa u\u017ei\u0165 si to, \u017ee aj po rokoch sa m\u00e1te st\u00e1le o&nbsp;\u010dom porozpr\u00e1va\u0165. \u017de napriek v\u0161etk\u00fdm povinnostiam a nutnostiam ste si st\u00e1le bl\u00edzki. \u017de ke\u010f si ve\u010der \u013eahnete unaven\u00ed a zmohnut\u00ed, tak sa na\u010diahnete a telo toho druh\u00e9ho tam st\u00e1le tie\u017e oddychuje a t\u00e1 poko\u017eka je tak pr\u00edjemn\u00e1\u2026 Preto\u017ee o tom to v\u0161etko je. A v\u0161etko ostatn\u00e9&nbsp;je u\u017e iba pridan\u00e1 hodnota.<\/p>\n","protected":false},"excerpt":{"rendered":"<p>\u00c1no,\u00a0\u00e1no, je to tak! Sv\u00e4t\u00fd\u00a0Valent\u00edn je iba tak\u00e1 z\u00e1mienka. Ale na druhej strane &#8211; v\u00e4\u010d\u0161inou doprajeme v\u0161etk\u00fdm nav\u00f4kol, len nie n\u00e1m. K\u00fapime de\u0165om, s\u00farodencom, rodi\u010dom, priate\u013eom\u2026 a na seba sam\u00fdch zab\u00fadame. Tak\u017ee nemus\u00edte v\u00f4bec oslavova\u0165\u00a0Valent\u00edna, ale je to skvel\u00e1 z\u00e1mienka na to, aby ste obdarovali toho, na koho zv\u00e4\u010d\u0161a nepr\u00edde. Alebo seba samu \/ sam\u00e9ho.<\/p>\n","protected":false},"author":22,"featured_media":8989,"comment_status":"open","ping_status":"open","sticky":false,"template":"","format":"standard","meta":{"_acf_changed":false,"footnotes":""},"categories":[1042,1053],"tags":[957,1054],"class_list":["post-8988","post","type-post","status-publish","format-standard","has-post-thumbnail","hentry","category-darceky","category-valentin","tag-darceky","tag-laska"],"acf":[],"yoast_head":"<!-- This site is optimized with the Yoast SEO plugin v26.9 - https:\/\/yoast.com\/product\/yoast-seo-wordpress\/ -->\n<title>Pote\u0161te (sa) na sv\u00e4t\u00e9ho Valent\u00edna! - blog.ccc.eu\/sk<\/title>\n<meta name=\"description\" content=\"Nemus\u00edte v\u00f4bec oslavova\u0165\u00a0Valent\u00edna, ale je to skvel\u00e1 z\u00e1mienka na to, aby ste obdarovali toho, na koho zv\u00e4\u010d\u0161a nepr\u00edde. Alebo sam\u00fa seba. 2026\" \/>\n<meta name=\"robots\" content=\"index, follow, max-snippet:-1, max-image-preview:large, max-video-preview:-1\" \/>\n<link rel=\"canonical\" href=\"https:\/\/blog.ccc.eu\/sk\/poteste-sa-na-svateho-valentina\/\" \/>\n<meta property=\"og:locale\" content=\"sk_SK\" \/>\n<meta property=\"og:type\" content=\"article\" \/>\n<meta property=\"og:title\" content=\"Pote\u0161te (sa) na sv\u00e4t\u00e9ho Valent\u00edna! - blog.ccc.eu\/sk\" \/>\n<meta property=\"og:description\" content=\"Nemus\u00edte v\u00f4bec oslavova\u0165\u00a0Valent\u00edna, ale je to skvel\u00e1 z\u00e1mienka na to, aby ste obdarovali toho, na koho zv\u00e4\u010d\u0161a nepr\u00edde. Alebo sam\u00fa seba.\" \/>\n<meta property=\"og:url\" content=\"https:\/\/blog.ccc.eu\/sk\/poteste-sa-na-svateho-valentina\/\" \/>\n<meta property=\"og:site_name\" content=\"blog.ccc.eu\/sk\" \/>\n<meta property=\"article:published_time\" content=\"2025-02-09T23:33:46+00:00\" \/>\n<meta property=\"article:modified_time\" content=\"2025-02-12T06:59:29+00:00\" \/>\n<meta property=\"og:image\" content=\"https:\/\/blog.ccc.eu\/sk\/wp-content\/uploads\/2025\/02\/imgonline-com-ua-compressed-bvlPXiiJSlsT4.jpg\" \/>\n\t<meta property=\"og:image:width\" content=\"1731\" \/>\n\t<meta property=\"og:image:height\" content=\"1155\" \/>\n\t<meta property=\"og:image:type\" content=\"image\/jpeg\" \/>\n<meta name=\"author\" content=\"Kaja\" \/>\n<meta name=\"twitter:card\" content=\"summary_large_image\" \/>\n<meta name=\"twitter:label1\" content=\"Autor\" \/>\n\t<meta name=\"twitter:data1\" content=\"Kaja\" \/>\n\t<meta name=\"twitter:label2\" content=\"Predpokladan\u00fd \u010das \u010d\u00edtania\" \/>\n\t<meta name=\"twitter:data2\" content=\"6 min\u00fat\" \/>\n<script type=\"application\/ld+json\" class=\"yoast-schema-graph\">{\"@context\":\"https:\/\/schema.org\",\"@graph\":[{\"@type\":\"Article\",\"@id\":\"https:\/\/blog.ccc.eu\/sk\/poteste-sa-na-svateho-valentina\/#article\",\"isPartOf\":{\"@id\":\"https:\/\/blog.ccc.eu\/sk\/poteste-sa-na-svateho-valentina\/\"},\"author\":{\"name\":\"Kaja\",\"@id\":\"https:\/\/blog.ccc.eu\/sk\/#\/schema\/person\/399beb3452b4976df83fb9268601a994\"},\"headline\":\"Pote\u0161te (sa) na sv\u00e4t\u00e9ho Valent\u00edna!\",\"datePublished\":\"2025-02-09T23:33:46+00:00\",\"dateModified\":\"2025-02-12T06:59:29+00:00\",\"mainEntityOfPage\":{\"@id\":\"https:\/\/blog.ccc.eu\/sk\/poteste-sa-na-svateho-valentina\/\"},\"wordCount\":1431,\"commentCount\":0,\"publisher\":{\"@id\":\"https:\/\/blog.ccc.eu\/sk\/#organization\"},\"image\":{\"@id\":\"https:\/\/blog.ccc.eu\/sk\/poteste-sa-na-svateho-valentina\/#primaryimage\"},\"thumbnailUrl\":\"https:\/\/blog.ccc.eu\/sk\/wp-content\/uploads\/2025\/02\/imgonline-com-ua-compressed-bvlPXiiJSlsT4.jpg\",\"keywords\":[\"dar\u010deky\",\"laska\"],\"articleSection\":[\"dar\u010deky\",\"VALENTIN\"],\"inLanguage\":\"sk-SK\",\"potentialAction\":[{\"@type\":\"CommentAction\",\"name\":\"Comment\",\"target\":[\"https:\/\/blog.ccc.eu\/sk\/poteste-sa-na-svateho-valentina\/#respond\"]}]},{\"@type\":\"WebPage\",\"@id\":\"https:\/\/blog.ccc.eu\/sk\/poteste-sa-na-svateho-valentina\/\",\"url\":\"https:\/\/blog.ccc.eu\/sk\/poteste-sa-na-svateho-valentina\/\",\"name\":\"Pote\u0161te (sa) na sv\u00e4t\u00e9ho Valent\u00edna! - blog.ccc.eu\/sk\",\"isPartOf\":{\"@id\":\"https:\/\/blog.ccc.eu\/sk\/#website\"},\"primaryImageOfPage\":{\"@id\":\"https:\/\/blog.ccc.eu\/sk\/poteste-sa-na-svateho-valentina\/#primaryimage\"},\"image\":{\"@id\":\"https:\/\/blog.ccc.eu\/sk\/poteste-sa-na-svateho-valentina\/#primaryimage\"},\"thumbnailUrl\":\"https:\/\/blog.ccc.eu\/sk\/wp-content\/uploads\/2025\/02\/imgonline-com-ua-compressed-bvlPXiiJSlsT4.jpg\",\"datePublished\":\"2025-02-09T23:33:46+00:00\",\"dateModified\":\"2025-02-12T06:59:29+00:00\",\"description\":\"Nemus\u00edte v\u00f4bec oslavova\u0165\u00a0Valent\u00edna, ale je to skvel\u00e1 z\u00e1mienka na to, aby ste obdarovali toho, na koho zv\u00e4\u010d\u0161a nepr\u00edde. Alebo sam\u00fa seba.\",\"breadcrumb\":{\"@id\":\"https:\/\/blog.ccc.eu\/sk\/poteste-sa-na-svateho-valentina\/#breadcrumb\"},\"inLanguage\":\"sk-SK\",\"potentialAction\":[{\"@type\":\"ReadAction\",\"target\":[\"https:\/\/blog.ccc.eu\/sk\/poteste-sa-na-svateho-valentina\/\"]}]},{\"@type\":\"ImageObject\",\"inLanguage\":\"sk-SK\",\"@id\":\"https:\/\/blog.ccc.eu\/sk\/poteste-sa-na-svateho-valentina\/#primaryimage\",\"url\":\"https:\/\/blog.ccc.eu\/sk\/wp-content\/uploads\/2025\/02\/imgonline-com-ua-compressed-bvlPXiiJSlsT4.jpg\",\"contentUrl\":\"https:\/\/blog.ccc.eu\/sk\/wp-content\/uploads\/2025\/02\/imgonline-com-ua-compressed-bvlPXiiJSlsT4.jpg\",\"width\":1731,\"height\":1155,\"caption\":\"couple covering faces with bundle of balloons isolated on red\"},{\"@type\":\"BreadcrumbList\",\"@id\":\"https:\/\/blog.ccc.eu\/sk\/poteste-sa-na-svateho-valentina\/#breadcrumb\",\"itemListElement\":[{\"@type\":\"ListItem\",\"position\":1,\"name\":\"Strona g\u0142\u00f3wna\",\"item\":\"https:\/\/blog.ccc.eu\/sk\/\"},{\"@type\":\"ListItem\",\"position\":2,\"name\":\"Pote\u0161te (sa) na sv\u00e4t\u00e9ho Valent\u00edna!\"}]},{\"@type\":\"WebSite\",\"@id\":\"https:\/\/blog.ccc.eu\/sk\/#website\",\"url\":\"https:\/\/blog.ccc.eu\/sk\/\",\"name\":\"blog.ccc.eu\/sk\",\"description\":\"Va\u0161e miesto pln\u00e9 m\u00f3dnych in\u0161pir\u00e1ci\u00ed\",\"publisher\":{\"@id\":\"https:\/\/blog.ccc.eu\/sk\/#organization\"},\"potentialAction\":[{\"@type\":\"SearchAction\",\"target\":{\"@type\":\"EntryPoint\",\"urlTemplate\":\"https:\/\/blog.ccc.eu\/sk\/?s={search_term_string}\"},\"query-input\":{\"@type\":\"PropertyValueSpecification\",\"valueRequired\":true,\"valueName\":\"search_term_string\"}}],\"inLanguage\":\"sk-SK\"},{\"@type\":\"Organization\",\"@id\":\"https:\/\/blog.ccc.eu\/sk\/#organization\",\"name\":\"CCC S.A.\",\"url\":\"https:\/\/blog.ccc.eu\/sk\/\",\"logo\":{\"@type\":\"ImageObject\",\"inLanguage\":\"sk-SK\",\"@id\":\"https:\/\/blog.ccc.eu\/sk\/#\/schema\/logo\/image\/\",\"url\":\"https:\/\/blog.ccc.eu\/sk\/wp-content\/uploads\/2021\/11\/logo_ccc.png\",\"contentUrl\":\"https:\/\/blog.ccc.eu\/sk\/wp-content\/uploads\/2021\/11\/logo_ccc.png\",\"width\":730,\"height\":270,\"caption\":\"CCC S.A.\"},\"image\":{\"@id\":\"https:\/\/blog.ccc.eu\/sk\/#\/schema\/logo\/image\/\"}},{\"@type\":\"Person\",\"@id\":\"https:\/\/blog.ccc.eu\/sk\/#\/schema\/person\/399beb3452b4976df83fb9268601a994\",\"name\":\"Kaja\",\"image\":{\"@type\":\"ImageObject\",\"inLanguage\":\"sk-SK\",\"@id\":\"https:\/\/blog.ccc.eu\/sk\/#\/schema\/person\/image\/\",\"url\":\"https:\/\/blog.ccc.eu\/sk\/wp-content\/uploads\/2024\/06\/white-1-100x100.jpg\",\"contentUrl\":\"https:\/\/blog.ccc.eu\/sk\/wp-content\/uploads\/2024\/06\/white-1-100x100.jpg\",\"caption\":\"Kaja\"},\"description\":\"U\u017e od pubert\u00e1lnych \u010dias sa venuje pr\u00e1ci v m\u00e9di\u00e1ch a p\u00edsaniu. Z kon\u00ed\u010dka sa stalo \u017eivobytie, ktor\u00e9 jej z\u00e1rove\u0148 dalo dostatok slobody na to, aby mohla pomerne ve\u013ea cestova\u0165 a spozn\u00e1va\u0165 svet a rozli\u010dn\u00e9 kult\u00fary. Energiu jej dod\u00e1va \u010d\u00edtanie kn\u00edh, voda a hudba.\",\"url\":\"https:\/\/blog.ccc.eu\/sk\/author\/perlamakovienka-sk\/\"}]}<\/script>\n<!-- \/ Yoast SEO plugin. -->","yoast_head_json":{"title":"Pote\u0161te (sa) na sv\u00e4t\u00e9ho Valent\u00edna! - blog.ccc.eu\/sk","description":"Nemus\u00edte v\u00f4bec oslavova\u0165\u00a0Valent\u00edna, ale je to skvel\u00e1 z\u00e1mienka na to, aby ste obdarovali toho, na koho zv\u00e4\u010d\u0161a nepr\u00edde. Alebo sam\u00fa seba. 2026","robots":{"index":"index","follow":"follow","max-snippet":"max-snippet:-1","max-image-preview":"max-image-preview:large","max-video-preview":"max-video-preview:-1"},"canonical":"https:\/\/blog.ccc.eu\/sk\/poteste-sa-na-svateho-valentina\/","og_locale":"sk_SK","og_type":"article","og_title":"Pote\u0161te (sa) na sv\u00e4t\u00e9ho Valent\u00edna! - blog.ccc.eu\/sk","og_description":"Nemus\u00edte v\u00f4bec oslavova\u0165\u00a0Valent\u00edna, ale je to skvel\u00e1 z\u00e1mienka na to, aby ste obdarovali toho, na koho zv\u00e4\u010d\u0161a nepr\u00edde. Alebo sam\u00fa seba.","og_url":"https:\/\/blog.ccc.eu\/sk\/poteste-sa-na-svateho-valentina\/","og_site_name":"blog.ccc.eu\/sk","article_published_time":"2025-02-09T23:33:46+00:00","article_modified_time":"2025-02-12T06:59:29+00:00","og_image":[{"width":1731,"height":1155,"url":"https:\/\/blog.ccc.eu\/sk\/wp-content\/uploads\/2025\/02\/imgonline-com-ua-compressed-bvlPXiiJSlsT4.jpg","type":"image\/jpeg"}],"author":"Kaja","twitter_card":"summary_large_image","twitter_misc":{"Autor":"Kaja","Predpokladan\u00fd \u010das \u010d\u00edtania":"6 min\u00fat"},"schema":{"@context":"https:\/\/schema.org","@graph":[{"@type":"Article","@id":"https:\/\/blog.ccc.eu\/sk\/poteste-sa-na-svateho-valentina\/#article","isPartOf":{"@id":"https:\/\/blog.ccc.eu\/sk\/poteste-sa-na-svateho-valentina\/"},"author":{"name":"Kaja","@id":"https:\/\/blog.ccc.eu\/sk\/#\/schema\/person\/399beb3452b4976df83fb9268601a994"},"headline":"Pote\u0161te (sa) na sv\u00e4t\u00e9ho Valent\u00edna!","datePublished":"2025-02-09T23:33:46+00:00","dateModified":"2025-02-12T06:59:29+00:00","mainEntityOfPage":{"@id":"https:\/\/blog.ccc.eu\/sk\/poteste-sa-na-svateho-valentina\/"},"wordCount":1431,"commentCount":0,"publisher":{"@id":"https:\/\/blog.ccc.eu\/sk\/#organization"},"image":{"@id":"https:\/\/blog.ccc.eu\/sk\/poteste-sa-na-svateho-valentina\/#primaryimage"},"thumbnailUrl":"https:\/\/blog.ccc.eu\/sk\/wp-content\/uploads\/2025\/02\/imgonline-com-ua-compressed-bvlPXiiJSlsT4.jpg","keywords":["dar\u010deky","laska"],"articleSection":["dar\u010deky","VALENTIN"],"inLanguage":"sk-SK","potentialAction":[{"@type":"CommentAction","name":"Comment","target":["https:\/\/blog.ccc.eu\/sk\/poteste-sa-na-svateho-valentina\/#respond"]}]},{"@type":"WebPage","@id":"https:\/\/blog.ccc.eu\/sk\/poteste-sa-na-svateho-valentina\/","url":"https:\/\/blog.ccc.eu\/sk\/poteste-sa-na-svateho-valentina\/","name":"Pote\u0161te (sa) na sv\u00e4t\u00e9ho Valent\u00edna! - blog.ccc.eu\/sk","isPartOf":{"@id":"https:\/\/blog.ccc.eu\/sk\/#website"},"primaryImageOfPage":{"@id":"https:\/\/blog.ccc.eu\/sk\/poteste-sa-na-svateho-valentina\/#primaryimage"},"image":{"@id":"https:\/\/blog.ccc.eu\/sk\/poteste-sa-na-svateho-valentina\/#primaryimage"},"thumbnailUrl":"https:\/\/blog.ccc.eu\/sk\/wp-content\/uploads\/2025\/02\/imgonline-com-ua-compressed-bvlPXiiJSlsT4.jpg","datePublished":"2025-02-09T23:33:46+00:00","dateModified":"2025-02-12T06:59:29+00:00","description":"Nemus\u00edte v\u00f4bec oslavova\u0165\u00a0Valent\u00edna, ale je to skvel\u00e1 z\u00e1mienka na to, aby ste obdarovali toho, na koho zv\u00e4\u010d\u0161a nepr\u00edde. Alebo sam\u00fa seba.","breadcrumb":{"@id":"https:\/\/blog.ccc.eu\/sk\/poteste-sa-na-svateho-valentina\/#breadcrumb"},"inLanguage":"sk-SK","potentialAction":[{"@type":"ReadAction","target":["https:\/\/blog.ccc.eu\/sk\/poteste-sa-na-svateho-valentina\/"]}]},{"@type":"ImageObject","inLanguage":"sk-SK","@id":"https:\/\/blog.ccc.eu\/sk\/poteste-sa-na-svateho-valentina\/#primaryimage","url":"https:\/\/blog.ccc.eu\/sk\/wp-content\/uploads\/2025\/02\/imgonline-com-ua-compressed-bvlPXiiJSlsT4.jpg","contentUrl":"https:\/\/blog.ccc.eu\/sk\/wp-content\/uploads\/2025\/02\/imgonline-com-ua-compressed-bvlPXiiJSlsT4.jpg","width":1731,"height":1155,"caption":"couple covering faces with bundle of balloons isolated on red"},{"@type":"BreadcrumbList","@id":"https:\/\/blog.ccc.eu\/sk\/poteste-sa-na-svateho-valentina\/#breadcrumb","itemListElement":[{"@type":"ListItem","position":1,"name":"Strona g\u0142\u00f3wna","item":"https:\/\/blog.ccc.eu\/sk\/"},{"@type":"ListItem","position":2,"name":"Pote\u0161te (sa) na sv\u00e4t\u00e9ho Valent\u00edna!"}]},{"@type":"WebSite","@id":"https:\/\/blog.ccc.eu\/sk\/#website","url":"https:\/\/blog.ccc.eu\/sk\/","name":"blog.ccc.eu\/sk","description":"Va\u0161e miesto pln\u00e9 m\u00f3dnych in\u0161pir\u00e1ci\u00ed","publisher":{"@id":"https:\/\/blog.ccc.eu\/sk\/#organization"},"potentialAction":[{"@type":"SearchAction","target":{"@type":"EntryPoint","urlTemplate":"https:\/\/blog.ccc.eu\/sk\/?s={search_term_string}"},"query-input":{"@type":"PropertyValueSpecification","valueRequired":true,"valueName":"search_term_string"}}],"inLanguage":"sk-SK"},{"@type":"Organization","@id":"https:\/\/blog.ccc.eu\/sk\/#organization","name":"CCC S.A.","url":"https:\/\/blog.ccc.eu\/sk\/","logo":{"@type":"ImageObject","inLanguage":"sk-SK","@id":"https:\/\/blog.ccc.eu\/sk\/#\/schema\/logo\/image\/","url":"https:\/\/blog.ccc.eu\/sk\/wp-content\/uploads\/2021\/11\/logo_ccc.png","contentUrl":"https:\/\/blog.ccc.eu\/sk\/wp-content\/uploads\/2021\/11\/logo_ccc.png","width":730,"height":270,"caption":"CCC S.A."},"image":{"@id":"https:\/\/blog.ccc.eu\/sk\/#\/schema\/logo\/image\/"}},{"@type":"Person","@id":"https:\/\/blog.ccc.eu\/sk\/#\/schema\/person\/399beb3452b4976df83fb9268601a994","name":"Kaja","image":{"@type":"ImageObject","inLanguage":"sk-SK","@id":"https:\/\/blog.ccc.eu\/sk\/#\/schema\/person\/image\/","url":"https:\/\/blog.ccc.eu\/sk\/wp-content\/uploads\/2024\/06\/white-1-100x100.jpg","contentUrl":"https:\/\/blog.ccc.eu\/sk\/wp-content\/uploads\/2024\/06\/white-1-100x100.jpg","caption":"Kaja"},"description":"U\u017e od pubert\u00e1lnych \u010dias sa venuje pr\u00e1ci v m\u00e9di\u00e1ch a p\u00edsaniu. Z kon\u00ed\u010dka sa stalo \u017eivobytie, ktor\u00e9 jej z\u00e1rove\u0148 dalo dostatok slobody na to, aby mohla pomerne ve\u013ea cestova\u0165 a spozn\u00e1va\u0165 svet a rozli\u010dn\u00e9 kult\u00fary. Energiu jej dod\u00e1va \u010d\u00edtanie kn\u00edh, voda a hudba.","url":"https:\/\/blog.ccc.eu\/sk\/author\/perlamakovienka-sk\/"}]}},"_links":{"self":[{"href":"https:\/\/blog.ccc.eu\/sk\/wp-json\/wp\/v2\/posts\/8988","targetHints":{"allow":["GET"]}}],"collection":[{"href":"https:\/\/blog.ccc.eu\/sk\/wp-json\/wp\/v2\/posts"}],"about":[{"href":"https:\/\/blog.ccc.eu\/sk\/wp-json\/wp\/v2\/types\/post"}],"author":[{"embeddable":true,"href":"https:\/\/blog.ccc.eu\/sk\/wp-json\/wp\/v2\/users\/22"}],"replies":[{"embeddable":true,"href":"https:\/\/blog.ccc.eu\/sk\/wp-json\/wp\/v2\/comments?post=8988"}],"version-history":[{"count":4,"href":"https:\/\/blog.ccc.eu\/sk\/wp-json\/wp\/v2\/posts\/8988\/revisions"}],"predecessor-version":[{"id":8994,"href":"https:\/\/blog.ccc.eu\/sk\/wp-json\/wp\/v2\/posts\/8988\/revisions\/8994"}],"wp:featuredmedia":[{"embeddable":true,"href":"https:\/\/blog.ccc.eu\/sk\/wp-json\/wp\/v2\/media\/8989"}],"wp:attachment":[{"href":"https:\/\/blog.ccc.eu\/sk\/wp-json\/wp\/v2\/media?parent=8988"}],"wp:term":[{"taxonomy":"category","embeddable":true,"href":"https:\/\/blog.ccc.eu\/sk\/wp-json\/wp\/v2\/categories?post=8988"},{"taxonomy":"post_tag","embeddable":true,"href":"https:\/\/blog.ccc.eu\/sk\/wp-json\/wp\/v2\/tags?post=8988"}],"curies":[{"name":"wp","href":"https:\/\/api.w.org\/{rel}","templated":true}]}}