{"id":9125,"date":"2025-04-10T11:59:42","date_gmt":"2025-04-10T09:59:42","guid":{"rendered":"https:\/\/blog.ccc.eu\/sk\/?p=9125"},"modified":"2025-04-10T11:59:43","modified_gmt":"2025-04-10T09:59:43","slug":"kabelky-jarna-kolekcia","status":"publish","type":"post","link":"https:\/\/blog.ccc.eu\/sk\/kabelky-jarna-kolekcia\/","title":{"rendered":"Jarn\u00e1 kolekcia kabeliek: Ako \u0161t\u00fdlovo priv\u00edta\u0165 sez\u00f3nu"},"content":{"rendered":"\n<p>Jar je tu a s \u0148ou aj kabelky z jarnej kolekcie! Je \u010das na nov\u00e9 zmeny, nov\u00e9 za\u010diatky a, samozrejme, nov\u00fd \u0161atn\u00edk. Ako lep\u0161ie priv\u00edta\u0165 toto kr\u00e1sne ro\u010dn\u00e9 obdobie ako <a href=\"https:\/\/ccc.eu\/sk\/kabelky\/damske-kabelky\">nov\u00fdmi kabelkam<\/a>i, ktor\u00e9 <strong>dokonale ladia s jarnou atmosf\u00e9rou<\/strong>? V CCC m\u00e1me skvel\u00e9 k\u00fasky, v ktor\u00fdch sa sp\u00e1ja <strong>\u013eahkos\u0165 jari, elegantn\u00fd dizajn a praktick\u00e1 funk\u010dnos\u0165<\/strong>. Pozrime sa, ako m\u00f4\u017eete o\u017eivi\u0165 svoj outfit a pripravi\u0165 sa na tepl\u00e9 dni!<\/p>\n\n\n\n<div class=\"wp-block-columns is-layout-flex wp-container-core-columns-is-layout-9d6595d7 wp-block-columns-is-layout-flex\">\n<div class=\"wp-block-column is-layout-flow wp-block-column-is-layout-flow\">\n<figure class=\"wp-block-image size-large\"><img loading=\"lazy\" decoding=\"async\" width=\"683\" height=\"1024\" src=\"https:\/\/blog.ccc.eu\/sk\/wp-content\/uploads\/2025\/04\/CCC_5906751030431_02M02-683x1024.jpg\" alt=\"jarn\u00e1 kolekcia kabeliek\" class=\"wp-image-9126\" srcset=\"https:\/\/blog.ccc.eu\/sk\/wp-content\/uploads\/2025\/04\/CCC_5906751030431_02M02-683x1024.jpg 683w, https:\/\/blog.ccc.eu\/sk\/wp-content\/uploads\/2025\/04\/CCC_5906751030431_02M02-200x300.jpg 200w, https:\/\/blog.ccc.eu\/sk\/wp-content\/uploads\/2025\/04\/CCC_5906751030431_02M02-768x1152.jpg 768w, https:\/\/blog.ccc.eu\/sk\/wp-content\/uploads\/2025\/04\/CCC_5906751030431_02M02-1024x1536.jpg 1024w, https:\/\/blog.ccc.eu\/sk\/wp-content\/uploads\/2025\/04\/CCC_5906751030431_02M02-1365x2048.jpg 1365w, https:\/\/blog.ccc.eu\/sk\/wp-content\/uploads\/2025\/04\/CCC_5906751030431_02M02-100x150.jpg 100w, https:\/\/blog.ccc.eu\/sk\/wp-content\/uploads\/2025\/04\/CCC_5906751030431_02M02-scaled.jpg 1707w\" sizes=\"auto, (max-width: 683px) 100vw, 683px\" \/><\/figure>\n<\/div>\n\n\n\n<div class=\"wp-block-column is-layout-flow wp-block-column-is-layout-flow\">\n<figure class=\"wp-block-image size-large\"><img loading=\"lazy\" decoding=\"async\" width=\"683\" height=\"1024\" src=\"https:\/\/blog.ccc.eu\/sk\/wp-content\/uploads\/2025\/04\/CCC_5906751033326_02M_0631-683x1024.jpg\" alt=\"jarn\u00e1 kolekcia kabeliek\" class=\"wp-image-9127\" srcset=\"https:\/\/blog.ccc.eu\/sk\/wp-content\/uploads\/2025\/04\/CCC_5906751033326_02M_0631-683x1024.jpg 683w, https:\/\/blog.ccc.eu\/sk\/wp-content\/uploads\/2025\/04\/CCC_5906751033326_02M_0631-200x300.jpg 200w, https:\/\/blog.ccc.eu\/sk\/wp-content\/uploads\/2025\/04\/CCC_5906751033326_02M_0631-768x1152.jpg 768w, https:\/\/blog.ccc.eu\/sk\/wp-content\/uploads\/2025\/04\/CCC_5906751033326_02M_0631-1024x1536.jpg 1024w, https:\/\/blog.ccc.eu\/sk\/wp-content\/uploads\/2025\/04\/CCC_5906751033326_02M_0631-1365x2048.jpg 1365w, https:\/\/blog.ccc.eu\/sk\/wp-content\/uploads\/2025\/04\/CCC_5906751033326_02M_0631-100x150.jpg 100w, https:\/\/blog.ccc.eu\/sk\/wp-content\/uploads\/2025\/04\/CCC_5906751033326_02M_0631-scaled.jpg 1707w\" sizes=\"auto, (max-width: 683px) 100vw, 683px\" \/><\/figure>\n<\/div>\n<\/div>\n\n\n\n<h3 class=\"wp-block-heading\"><strong>Kabelky v pastelov\u00fdch farb\u00e1ch: Svie\u017eos\u0165 jari vo va\u0161ich ruk\u00e1ch<\/strong><\/h3>\n\n\n\n<p>Jar je obdob\u00edm jemn\u00fdch,<a href=\"https:\/\/ccc.eu\/sk\/kabelky\/damske-kabelky\/farba:modra\"> svie\u017eich farieb a pastelov\u00e9 t\u00f3ny<\/a> s\u00fa pre toto obdobie ide\u00e1lne. \u010ci u\u017e ide o <strong>jemn\u00fa ru\u017eov\u00fa, bledomodr\u00fa, m\u00e4tovo zelen\u00fa alebo kr\u00e9mov\u00fa<\/strong>, kabelky v t\u00fdchto farb\u00e1ch dokonale doplnia v\u00e1\u0161 jarn\u00fd outfit a dodaj\u00fa mu n\u00e1dych elegancie. Tieto kabelky s\u00fa ide\u00e1lne na ka\u017edodenn\u00e9 nosenie.<\/p>\n\n\n\n<p><\/p>\n\n\n<shortcode prop-load-num=\"8\" prop-display-num=\"4\" prop-sku=\"5906751030875, 5906751006900, 5904862908809, 5906751010853, 5906751092255, 5906751004838, 5906751092170, 5906751006924\" prop-view=\"slider\"><\/shortcode>        <div\r\n            class=\"eob-pf-shortcode\"\r\n            id=\"eobpf69f3d11ba9af4\"\r\n        >\r\n            <shortcode prop-load-num=\"8\" prop-display-num=\"4\" prop-sku=\"5906751030875, 5906751006900, 5904862908809, 5906751010853, 5906751092255, 5906751004838, 5906751092170, 5906751006924\" prop-view=\"slider\"><\/shortcode>        <\/div>\r\n\t\t<script>\r\n\t\t\tjQuery(document).ready(() => {\r\n\t\t\t    const root = document.getElementById('eobpf69f3d11ba9af4');\r\n                Vue.createApp({\r\n\t                components: {\r\n\t                    shortcode\r\n\t                }\r\n                }).mount(root);\r\n\t\t\t});\r\n\t\t<\/script>\r\n\t\t\r\n\t\t\n\n\n\n<p><\/p>\n\n\n\n<p><strong>Tip<\/strong>: Ak chcete kabelku, ktor\u00e1 sa hod\u00ed k mnoh\u00fdm r\u00f4znym kombin\u00e1ci\u00e1m, siahnite po pastelov\u00fdch farb\u00e1ch. S\u00fa univerz\u00e1lne a z\u00e1rove\u0148 dostato\u010dne trendy na ka\u017ed\u00fa pr\u00edle\u017eitos\u0165.<\/p>\n\n\n\n<p><\/p>\n\n\n\n<div class=\"wp-block-buttons is-content-justification-center is-layout-flex wp-container-core-buttons-is-layout-16018d1d wp-block-buttons-is-layout-flex\">\n<div class=\"wp-block-button has-custom-font-size is-style-outline is-style-outline--1\" style=\"font-size:15px\"><a class=\"wp-block-button__link wp-element-button\" href=\"https:\/\/ccc.eu\/sk\/kabelky\/damske-kabelky\" style=\"border-radius:0px\">Objavi\u0165 kolekciu jarn\u00fdch kabeliek<\/a><\/div>\n<\/div>\n\n\n\n<p><\/p>\n\n\n\n<h3 class=\"wp-block-heading\"><strong>\u013dahk\u00e9 a vhodn\u00e9 na ka\u017edodenn\u00e9 nosenie<\/strong><\/h3>\n\n\n\n<p>Na jar je po\u010dasie pr\u00edjemnej\u0161ie, \u010do znamen\u00e1, \u017ee m\u00f4\u017eeme odlo\u017ei\u0165 \u0165a\u017ek\u00e9 zimn\u00e9 kab\u00e1ty a siahnu\u0165 po \u013eah\u0161om oble\u010den\u00ed. A tak by to malo by\u0165 aj s va\u0161ou kabelkou. V CCC n\u00e1jdete <strong>jednoduch\u00e9 vzory a praktick\u00e9 detaily<\/strong>, ktor\u00e9 s\u00fa ide\u00e1lne na ka\u017edodenn\u00e9 nosenie. <a href=\"https:\/\/ccc.eu\/sk\/kabelky\/damske-kabelky\/kabelky-crossbody\">Crossbody kabelky<\/a> alebo <a href=\"https:\/\/ccc.eu\/sk\/kabelky\/damske-kabelky\/kabelky-crossbody\">ta\u0161ky cez rameno<\/a> s\u00fa skvel\u00e9 na jarn\u00e9 dni, ke\u010f ste na cest\u00e1ch. <strong>Textiln\u00fd materi\u00e1l <\/strong>alebo <strong>ko\u017ea<\/strong> s\u00fa tie\u017e ide\u00e1lnou vo\u013ebou na jar, preto\u017ee s\u00fa dostato\u010dne odoln\u00e9, \u013eahk\u00e9 a \u013eahko sa udr\u017eiavaj\u00fa.<\/p>\n\n\n\n<p><\/p>\n\n\n<shortcode prop-load-num=\"8\" prop-display-num=\"4\" prop-sku=\"5904862882888, 5903698178752, 5906751030820, 5906751044605, 5906751020272, 5906751030660, 5904862905426, 5904862311357\" prop-view=\"slider\"><\/shortcode>        <div\r\n            class=\"eob-pf-shortcode\"\r\n            id=\"eobpf69f3d11ba9c1e\"\r\n        >\r\n            <shortcode prop-load-num=\"8\" prop-display-num=\"4\" prop-sku=\"5904862882888, 5903698178752, 5906751030820, 5906751044605, 5906751020272, 5906751030660, 5904862905426, 5904862311357\" prop-view=\"slider\"><\/shortcode>        <\/div>\r\n\t\t<script>\r\n\t\t\tjQuery(document).ready(() => {\r\n\t\t\t    const root = document.getElementById('eobpf69f3d11ba9c1e');\r\n                Vue.createApp({\r\n\t                components: {\r\n\t                    shortcode\r\n\t                }\r\n                }).mount(root);\r\n\t\t\t});\r\n\t\t<\/script>\r\n\t\t\r\n\t\t\n\n\n\n<p><\/p>\n\n\n\n<p><strong>Tip<\/strong>: Vyberte kabelku s n\u011bkolika men\u0161\u00edmi kapsami pro lep\u0161\u00ed organizaci, abyste m\u011bli v\u0161e po ruce, ani\u017e byste museli hledat kl\u00ed\u010de nebo mobil.<\/p>\n\n\n\n<p><\/p>\n\n\n\n<div class=\"wp-block-buttons is-content-justification-center is-layout-flex wp-container-core-buttons-is-layout-16018d1d wp-block-buttons-is-layout-flex\">\n<div class=\"wp-block-button has-custom-font-size is-style-outline is-style-outline--2\" style=\"font-size:15px\"><a class=\"wp-block-button__link wp-element-button\" href=\"https:\/\/ccc.eu\/sk\/kabelky\/damske-kabelky\/kabelky-crossbody\" style=\"border-radius:0px\">Presk\u00fama\u0165 viac kabeliek<\/a><\/div>\n<\/div>\n\n\n\n<p><\/p>\n\n\n\n<h3 class=\"wp-block-heading\"><strong>Kabelky na v\u00edkendov\u00e9 v\u00fdlety: Praktick\u00e9 a \u0161t\u00fdlov\u00e9<\/strong><\/h3>\n\n\n\n<p>V\u00edkendy s\u00fa ide\u00e1lnym \u010dasom na oddych a objavovanie nov\u00fdch miest. \u010ci u\u017e pl\u00e1nujete kr\u00e1tky v\u00fdlet do pr\u00edrody, v\u00edkendov\u00fa n\u00e1v\u0161tevu priate\u013eov alebo n\u00e1kupy v meste, potrebujete kabelku, ktor\u00e1 v\u00e1m pom\u00f4\u017ee vzia\u0165 so sebou v\u0161etko potrebn\u00e9. <strong><a href=\"https:\/\/ccc.eu\/sk\/kabelky\/damske-kabelky\/velke-kabelky\">V\u00e4\u010d\u0161ie kabelky<\/a><\/strong> s\u00fa ide\u00e1lne na v\u00edkendov\u00e9 dobrodru\u017estv\u00e1, preto\u017ee pon\u00fakaj\u00fa dostatok priestoru na v\u0161etky va\u0161e nevyhnutnosti, od make-upu a\u017e po ob\u010derstvenie.<\/p>\n\n\n\n<p><\/p>\n\n\n<shortcode prop-load-num=\"8\" prop-display-num=\"4\" prop-sku=\"5904862336923, 5904862930046, 5904862927602, 5906751023181, 5906751044582, 5904862929934, 5906751023846, 5904862880785\" prop-view=\"slider\"><\/shortcode>        <div\r\n            class=\"eob-pf-shortcode\"\r\n            id=\"eobpf69f3d11ba9c56\"\r\n        >\r\n            <shortcode prop-load-num=\"8\" prop-display-num=\"4\" prop-sku=\"5904862336923, 5904862930046, 5904862927602, 5906751023181, 5906751044582, 5904862929934, 5906751023846, 5904862880785\" prop-view=\"slider\"><\/shortcode>        <\/div>\r\n\t\t<script>\r\n\t\t\tjQuery(document).ready(() => {\r\n\t\t\t    const root = document.getElementById('eobpf69f3d11ba9c56');\r\n                Vue.createApp({\r\n\t                components: {\r\n\t                    shortcode\r\n\t                }\r\n                }).mount(root);\r\n\t\t\t});\r\n\t\t<\/script>\r\n\t\t\r\n\t\t\n\n\n\n<p><strong>Tip<\/strong>: Vyberte si kabelky s odn\u00edmate\u013en\u00fdm popruhom, ktor\u00e9 m\u00f4\u017eete nosi\u0165 na ramene aj ako crossbody. Tento flexibiln\u00fd \u0161t\u00fdl je ide\u00e1lny na v\u00edkendov\u00e9 dobrodru\u017estv\u00e1, ke\u010f chcete ma\u0165 vo\u013en\u00e9 ruky.<\/p>\n\n\n\n<p><\/p>\n\n\n\n<div class=\"wp-block-buttons is-content-justification-center is-layout-flex wp-container-core-buttons-is-layout-16018d1d wp-block-buttons-is-layout-flex\">\n<div class=\"wp-block-button has-custom-font-size is-style-outline is-style-outline--3\" style=\"font-size:15px\"><a class=\"wp-block-button__link wp-element-button\" href=\"https:\/\/ccc.eu\/sk\/kabelky\/damske-kabelky\/velke-kabelky\" style=\"border-radius:0px\">Objavi\u0165 viac<\/a><\/div>\n<\/div>\n\n\n\n<p><\/p>\n\n\n\n<h3 class=\"wp-block-heading\"><strong>Ve\u010dern\u00e1 jarn\u00e1 udalos\u0165 &amp; elegancia pre ka\u017ed\u00fa pr\u00edle\u017eitos\u0165<\/strong><\/h3>\n\n\n\n<p>Na jar sa organizuje ve\u013ea ve\u010dern\u00fdch podujat\u00ed &#8211; od z\u00e1hradn\u00fdch p\u00e1rty a\u017e po romantick\u00e9 ve\u010dere. Pri t\u00fdchto pr\u00edle\u017eitostiach dodaj\u00fa v\u00e1\u0161mu outfitu \u0161mrnc<strong><a href=\"https:\/\/ccc.eu\/sk\/kabelky\/damske-kabelky\/vecerne-kabelky\"> elegantn\u00e9 kabelky<\/a><\/strong> alebo <strong><a href=\"https:\/\/ccc.eu\/sk\/kabelky\/damske-kabelky\/male-kabelky\">kabelky na retiazke<\/a><\/strong>. Tak\u00e1to kabelka dopln\u00ed nielen ve\u010dern\u00e9 \u0161aty, ale aj jarn\u00e9 koktailov\u00e9 \u0161aty alebo \u0161t\u00fdlov\u00fd top s nohavicami.<\/p>\n\n\n\n<p><\/p>\n\n\n<shortcode prop-load-num=\"8\" prop-display-num=\"4\" prop-sku=\"5906751046906, 5906751093245, 5906751006948, 5906751093320, 5906751062524, 5906751006962, 5905588955535, 2230083252104\" prop-view=\"slider\"><\/shortcode>        <div\r\n            class=\"eob-pf-shortcode\"\r\n            id=\"eobpf69f3d11ba9c7f\"\r\n        >\r\n            <shortcode prop-load-num=\"8\" prop-display-num=\"4\" prop-sku=\"5906751046906, 5906751093245, 5906751006948, 5906751093320, 5906751062524, 5906751006962, 5905588955535, 2230083252104\" prop-view=\"slider\"><\/shortcode>        <\/div>\r\n\t\t<script>\r\n\t\t\tjQuery(document).ready(() => {\r\n\t\t\t    const root = document.getElementById('eobpf69f3d11ba9c7f');\r\n                Vue.createApp({\r\n\t                components: {\r\n\t                    shortcode\r\n\t                }\r\n                }).mount(root);\r\n\t\t\t});\r\n\t\t<\/script>\r\n\t\t\r\n\t\t\n\n\n\n<p><\/p>\n\n\n\n<p><strong>Tip<\/strong>: Siahnite po k\u00faskoch s jemn\u00fdm leskom alebo kovov\u00fdmi akcentmi, ktor\u00e9 v\u00e1m dodaj\u00fa \u017eiariv\u00fd vzh\u013ead.<\/p>\n\n\n\n<p><\/p>\n\n\n\n<div class=\"wp-block-buttons is-content-justification-center is-layout-flex wp-container-core-buttons-is-layout-16018d1d wp-block-buttons-is-layout-flex\">\n<div class=\"wp-block-button has-custom-font-size is-style-outline is-style-outline--4\" style=\"font-size:15px\"><a class=\"wp-block-button__link wp-element-button\" href=\"https:\/\/ccc.eu\/sk\/kabelky\/damske-kabelky\/vecerne-kabelky\" style=\"border-radius:0px\">Objavi\u0165 elegantn\u00e9 kabelky<\/a><\/div>\n<\/div>\n\n\n\n<p><\/p>\n\n\n\n<h3 class=\"wp-block-heading\"><strong>Ide\u00e1lna vo\u013eba na v\u00edkendov\u00fd brunch<\/strong><\/h3>\n\n\n\n<p>Jarn\u00e9 v\u00edkendy s\u00fa ako stvoren\u00e9 na oddych, \u010di u\u017e s knihou v ruke alebo pri popolud\u0148aj\u0161ej k\u00e1ve s priate\u013emi. Na tieto chv\u00edle potrebujete kabelku, ktor\u00e1 je nielen pohodln\u00e1, ale aj \u0161t\u00fdlov\u00e1. <strong><a href=\"https:\/\/ccc.eu\/sk\/kabelky\/damske-kabelky\/male-kabelky\">Mal\u00e9 kabelky<\/a><\/strong> v\u00e1m umo\u017enia ma\u0165 v\u0161etky potrebn\u00e9 veci po ruke a z\u00e1rove\u0148 vyzera\u0165 moderne a pripravene na ak\u00fdko\u013evek spont\u00e1nny v\u00fdlet do mesta.<\/p>\n\n\n\n<p><\/p>\n\n\n<shortcode prop-load-num=\"8\" prop-display-num=\"4\" prop-sku=\"5906751062234, 5906751007600, 5904862992983, 5906751021477, 5903698050799, 5906751062425, 5903698721521, 5904862927664\" prop-view=\"slider\"><\/shortcode>        <div\r\n            class=\"eob-pf-shortcode\"\r\n            id=\"eobpf69f3d11ba9ca2\"\r\n        >\r\n            <shortcode prop-load-num=\"8\" prop-display-num=\"4\" prop-sku=\"5906751062234, 5906751007600, 5904862992983, 5906751021477, 5903698050799, 5906751062425, 5903698721521, 5904862927664\" prop-view=\"slider\"><\/shortcode>        <\/div>\r\n\t\t<script>\r\n\t\t\tjQuery(document).ready(() => {\r\n\t\t\t    const root = document.getElementById('eobpf69f3d11ba9ca2');\r\n                Vue.createApp({\r\n\t                components: {\r\n\t                    shortcode\r\n\t                }\r\n                }).mount(root);\r\n\t\t\t});\r\n\t\t<\/script>\r\n\t\t\r\n\t\t\n\n\n\n<p><\/p>\n\n\n\n<p><strong>Tip<\/strong>: Na tak\u00e9to pr\u00edle\u017eitosti s\u00fa vhodn\u00e9 kabelky v neutr\u00e1lnych farb\u00e1ch alebo s jemn\u00fdmi detailmi, ktor\u00e9 zabezpe\u010dia pohodlie a \u0161arm.<\/p>\n\n\n\n<p><\/p>\n\n\n\n<div class=\"wp-block-buttons is-content-justification-center is-layout-flex wp-container-core-buttons-is-layout-16018d1d wp-block-buttons-is-layout-flex\">\n<div class=\"wp-block-button has-custom-font-size is-style-outline is-style-outline--5\" style=\"font-size:15px\"><a class=\"wp-block-button__link wp-element-button\" href=\"https:\/\/ccc.eu\/sk\/kabelky\/damske-kabelky\/male-kabelky\" style=\"border-radius:0px\">Zobrazi\u0165 viac produktov<\/a><\/div>\n<\/div>\n\n\n\n<p><\/p>\n\n\n\n<p>\u010ci u\u017e sa chyst\u00e1te na prech\u00e1dzku do parku, na v\u00edkendov\u00fd v\u00fdlet alebo na ve\u010dern\u00fa udalos\u0165, spr\u00e1vna <a href=\"https:\/\/ccc.eu\/sk\/kabelky\/damske-kabelky\">kabelka <\/a>dok\u00e1\u017ee spr\u00edjemni\u0165 ka\u017ed\u00fd okamih a doda\u0165 v\u00e1m sebavedomie. Nev\u00e1hajte a vyberte si ten spr\u00e1vny k\u00fasok, ktor\u00fd sa bude skvele hodi\u0165 k v\u00e1\u0161mu jarn\u00e9mu outfitu. U\u017eite si ka\u017ed\u00fd okamih tohto \u00fa\u017easn\u00e9ho obdobia!<\/p>\n\n\n\n<p><\/p>\n\n\n\n<div class=\"wp-block-buttons is-content-justification-center is-layout-flex wp-container-core-buttons-is-layout-16018d1d wp-block-buttons-is-layout-flex\">\n<div class=\"wp-block-button has-custom-font-size is-style-fill\" style=\"font-size:15px\"><a class=\"wp-block-button__link wp-element-button\" href=\"https:\/\/ccc.eu\/sk\/kabelky\/damske-kabelky\" style=\"border-radius:0px\">Presk\u00fama\u0165 jarn\u00fa ponuku kabeliek v CCC<\/a><\/div>\n<\/div>\n\n\n\n<p><\/p>\n","protected":false},"excerpt":{"rendered":"<p>Jar je tu a s \u0148ou aj kabelky z jarnej kolekcie! Je \u010das na nov\u00e9 zmeny, nov\u00e9 za\u010diatky a, samozrejme, nov\u00fd \u0161atn\u00edk. Ako lep\u0161ie priv\u00edta\u0165 toto kr\u00e1sne ro\u010dn\u00e9 obdobie ako nov\u00fdmi kabelkami, ktor\u00e9 dokonale ladia s jarnou atmosf\u00e9rou? V CCC m\u00e1me skvel\u00e9 k\u00fasky, v ktor\u00fdch sa sp\u00e1ja \u013eahkos\u0165 jari, elegantn\u00fd dizajn a praktick\u00e1 funk\u010dnos\u0165. Pozrime [&hellip;]<\/p>\n","protected":false},"author":21,"featured_media":9128,"comment_status":"open","ping_status":"open","sticky":false,"template":"","format":"standard","meta":{"_acf_changed":false,"footnotes":""},"categories":[1028,1024,4,432],"tags":[824,574,9],"class_list":["post-9125","post","type-post","status-publish","format-standard","has-post-thumbnail","hentry","category-jar","category-kabelky","category-modne-tipy","category-novinky","tag-jar","tag-kabelky","tag-trendy"],"acf":[],"yoast_head":"<!-- This site is optimized with the Yoast SEO plugin v26.9 - https:\/\/yoast.com\/product\/yoast-seo-wordpress\/ -->\n<title>Jarn\u00e1 kolekcia kabeliek: Ako \u0161t\u00fdlovo priv\u00edta\u0165 sez\u00f3nu - blog.ccc.eu\/sk %<\/title>\n<meta name=\"description\" content=\"Objavte jarn\u00fa kolekciu kabeliek - od pastelov\u00fdch t\u00f3nov a\u017e po praktick\u00e9 kabelky na v\u00edkendov\u00e9 v\u00fdlety. Priv\u00edtajte jar s eleganciou a \u0161t\u00fdlom! 2026\" \/>\n<meta name=\"robots\" content=\"index, follow, max-snippet:-1, max-image-preview:large, max-video-preview:-1\" \/>\n<link rel=\"canonical\" href=\"https:\/\/blog.ccc.eu\/sk\/kabelky-jarna-kolekcia\/\" \/>\n<meta property=\"og:locale\" content=\"sk_SK\" \/>\n<meta property=\"og:type\" content=\"article\" \/>\n<meta property=\"og:title\" content=\"Jarn\u00e1 kolekcia kabeliek: Ako \u0161t\u00fdlovo priv\u00edta\u0165 sez\u00f3nu - blog.ccc.eu\/sk %\" \/>\n<meta property=\"og:description\" content=\"Objavte jarn\u00fa kolekciu kabeliek - od pastelov\u00fdch t\u00f3nov a\u017e po praktick\u00e9 kabelky na v\u00edkendov\u00e9 v\u00fdlety. Priv\u00edtajte jar s eleganciou a \u0161t\u00fdlom!\" \/>\n<meta property=\"og:url\" content=\"https:\/\/blog.ccc.eu\/sk\/kabelky-jarna-kolekcia\/\" \/>\n<meta property=\"og:site_name\" content=\"blog.ccc.eu\/sk\" \/>\n<meta property=\"article:published_time\" content=\"2025-04-10T09:59:42+00:00\" \/>\n<meta property=\"article:modified_time\" content=\"2025-04-10T09:59:43+00:00\" \/>\n<meta property=\"og:image\" content=\"https:\/\/blog.ccc.eu\/sk\/wp-content\/uploads\/2025\/04\/BLOG-1.png\" \/>\n\t<meta property=\"og:image:width\" content=\"1240\" \/>\n\t<meta property=\"og:image:height\" content=\"640\" \/>\n\t<meta property=\"og:image:type\" content=\"image\/png\" \/>\n<meta name=\"author\" content=\"Lenka Malenka\" \/>\n<meta name=\"twitter:card\" content=\"summary_large_image\" \/>\n<meta name=\"twitter:label1\" content=\"Autor\" \/>\n\t<meta name=\"twitter:data1\" content=\"Lenka Malenka\" \/>\n\t<meta name=\"twitter:label2\" content=\"Predpokladan\u00fd \u010das \u010d\u00edtania\" \/>\n\t<meta name=\"twitter:data2\" content=\"4 min\u00faty\" \/>\n<script type=\"application\/ld+json\" class=\"yoast-schema-graph\">{\"@context\":\"https:\/\/schema.org\",\"@graph\":[{\"@type\":\"Article\",\"@id\":\"https:\/\/blog.ccc.eu\/sk\/kabelky-jarna-kolekcia\/#article\",\"isPartOf\":{\"@id\":\"https:\/\/blog.ccc.eu\/sk\/kabelky-jarna-kolekcia\/\"},\"author\":{\"name\":\"Lenka Malenka\",\"@id\":\"https:\/\/blog.ccc.eu\/sk\/#\/schema\/person\/b6a4f8cecf35a678ec8908b32449a340\"},\"headline\":\"Jarn\u00e1 kolekcia kabeliek: Ako \u0161t\u00fdlovo priv\u00edta\u0165 sez\u00f3nu\",\"datePublished\":\"2025-04-10T09:59:42+00:00\",\"dateModified\":\"2025-04-10T09:59:43+00:00\",\"mainEntityOfPage\":{\"@id\":\"https:\/\/blog.ccc.eu\/sk\/kabelky-jarna-kolekcia\/\"},\"wordCount\":780,\"commentCount\":0,\"publisher\":{\"@id\":\"https:\/\/blog.ccc.eu\/sk\/#organization\"},\"image\":{\"@id\":\"https:\/\/blog.ccc.eu\/sk\/kabelky-jarna-kolekcia\/#primaryimage\"},\"thumbnailUrl\":\"https:\/\/blog.ccc.eu\/sk\/wp-content\/uploads\/2025\/04\/BLOG-1.png\",\"keywords\":[\"jar\",\"kabelky\",\"trendy\"],\"articleSection\":[\"JAR\",\"kabelky\",\"M\u00d3DNE TIPY\",\"NOVINKY\"],\"inLanguage\":\"sk-SK\",\"potentialAction\":[{\"@type\":\"CommentAction\",\"name\":\"Comment\",\"target\":[\"https:\/\/blog.ccc.eu\/sk\/kabelky-jarna-kolekcia\/#respond\"]}]},{\"@type\":\"WebPage\",\"@id\":\"https:\/\/blog.ccc.eu\/sk\/kabelky-jarna-kolekcia\/\",\"url\":\"https:\/\/blog.ccc.eu\/sk\/kabelky-jarna-kolekcia\/\",\"name\":\"Jarn\u00e1 kolekcia kabeliek: Ako \u0161t\u00fdlovo priv\u00edta\u0165 sez\u00f3nu - blog.ccc.eu\/sk %\",\"isPartOf\":{\"@id\":\"https:\/\/blog.ccc.eu\/sk\/#website\"},\"primaryImageOfPage\":{\"@id\":\"https:\/\/blog.ccc.eu\/sk\/kabelky-jarna-kolekcia\/#primaryimage\"},\"image\":{\"@id\":\"https:\/\/blog.ccc.eu\/sk\/kabelky-jarna-kolekcia\/#primaryimage\"},\"thumbnailUrl\":\"https:\/\/blog.ccc.eu\/sk\/wp-content\/uploads\/2025\/04\/BLOG-1.png\",\"datePublished\":\"2025-04-10T09:59:42+00:00\",\"dateModified\":\"2025-04-10T09:59:43+00:00\",\"description\":\"Objavte jarn\u00fa kolekciu kabeliek - od pastelov\u00fdch t\u00f3nov a\u017e po praktick\u00e9 kabelky na v\u00edkendov\u00e9 v\u00fdlety. Priv\u00edtajte jar s eleganciou a \u0161t\u00fdlom!\",\"breadcrumb\":{\"@id\":\"https:\/\/blog.ccc.eu\/sk\/kabelky-jarna-kolekcia\/#breadcrumb\"},\"inLanguage\":\"sk-SK\",\"potentialAction\":[{\"@type\":\"ReadAction\",\"target\":[\"https:\/\/blog.ccc.eu\/sk\/kabelky-jarna-kolekcia\/\"]}]},{\"@type\":\"ImageObject\",\"inLanguage\":\"sk-SK\",\"@id\":\"https:\/\/blog.ccc.eu\/sk\/kabelky-jarna-kolekcia\/#primaryimage\",\"url\":\"https:\/\/blog.ccc.eu\/sk\/wp-content\/uploads\/2025\/04\/BLOG-1.png\",\"contentUrl\":\"https:\/\/blog.ccc.eu\/sk\/wp-content\/uploads\/2025\/04\/BLOG-1.png\",\"width\":1240,\"height\":640,\"caption\":\"jarn\u00e9 kabelky\"},{\"@type\":\"BreadcrumbList\",\"@id\":\"https:\/\/blog.ccc.eu\/sk\/kabelky-jarna-kolekcia\/#breadcrumb\",\"itemListElement\":[{\"@type\":\"ListItem\",\"position\":1,\"name\":\"Strona g\u0142\u00f3wna\",\"item\":\"https:\/\/blog.ccc.eu\/sk\/\"},{\"@type\":\"ListItem\",\"position\":2,\"name\":\"Jarn\u00e1 kolekcia kabeliek: Ako \u0161t\u00fdlovo priv\u00edta\u0165 sez\u00f3nu\"}]},{\"@type\":\"WebSite\",\"@id\":\"https:\/\/blog.ccc.eu\/sk\/#website\",\"url\":\"https:\/\/blog.ccc.eu\/sk\/\",\"name\":\"blog.ccc.eu\/sk\",\"description\":\"Va\u0161e miesto pln\u00e9 m\u00f3dnych in\u0161pir\u00e1ci\u00ed\",\"publisher\":{\"@id\":\"https:\/\/blog.ccc.eu\/sk\/#organization\"},\"potentialAction\":[{\"@type\":\"SearchAction\",\"target\":{\"@type\":\"EntryPoint\",\"urlTemplate\":\"https:\/\/blog.ccc.eu\/sk\/?s={search_term_string}\"},\"query-input\":{\"@type\":\"PropertyValueSpecification\",\"valueRequired\":true,\"valueName\":\"search_term_string\"}}],\"inLanguage\":\"sk-SK\"},{\"@type\":\"Organization\",\"@id\":\"https:\/\/blog.ccc.eu\/sk\/#organization\",\"name\":\"CCC S.A.\",\"url\":\"https:\/\/blog.ccc.eu\/sk\/\",\"logo\":{\"@type\":\"ImageObject\",\"inLanguage\":\"sk-SK\",\"@id\":\"https:\/\/blog.ccc.eu\/sk\/#\/schema\/logo\/image\/\",\"url\":\"https:\/\/blog.ccc.eu\/sk\/wp-content\/uploads\/2021\/11\/logo_ccc.png\",\"contentUrl\":\"https:\/\/blog.ccc.eu\/sk\/wp-content\/uploads\/2021\/11\/logo_ccc.png\",\"width\":730,\"height\":270,\"caption\":\"CCC S.A.\"},\"image\":{\"@id\":\"https:\/\/blog.ccc.eu\/sk\/#\/schema\/logo\/image\/\"}},{\"@type\":\"Person\",\"@id\":\"https:\/\/blog.ccc.eu\/sk\/#\/schema\/person\/b6a4f8cecf35a678ec8908b32449a340\",\"name\":\"Lenka Malenka\",\"image\":{\"@type\":\"ImageObject\",\"inLanguage\":\"sk-SK\",\"@id\":\"https:\/\/blog.ccc.eu\/sk\/#\/schema\/person\/image\/\",\"url\":\"https:\/\/blog.ccc.eu\/sk\/wp-content\/uploads\/2022\/06\/MicrosoftTeams-image-2-100x100.jpg\",\"contentUrl\":\"https:\/\/blog.ccc.eu\/sk\/wp-content\/uploads\/2022\/06\/MicrosoftTeams-image-2-100x100.jpg\",\"caption\":\"Lenka Malenka\"},\"description\":\"Absolventka digit\u00e1lneho marketingu so sk\u00fasenos\u0165ami s content marketingom a (ve\u013emi prekvapivo) copywritingom. Vo vo\u013enom \u010dase rada nos\u00ed platformy a sna\u017e\u00ed sa n\u00e1kupy vo fast-fashion re\u0165azcoch vyva\u017eova\u0165 t\u00fdmi sek\u00e1\u010dov\u00fdmi a swapov\u00fdmi.\",\"url\":\"https:\/\/blog.ccc.eu\/sk\/author\/lenka-malenka\/\"}]}<\/script>\n<!-- \/ Yoast SEO plugin. -->","yoast_head_json":{"title":"Jarn\u00e1 kolekcia kabeliek: Ako \u0161t\u00fdlovo priv\u00edta\u0165 sez\u00f3nu - blog.ccc.eu\/sk %","description":"Objavte jarn\u00fa kolekciu kabeliek - od pastelov\u00fdch t\u00f3nov a\u017e po praktick\u00e9 kabelky na v\u00edkendov\u00e9 v\u00fdlety. Priv\u00edtajte jar s eleganciou a \u0161t\u00fdlom! 2026","robots":{"index":"index","follow":"follow","max-snippet":"max-snippet:-1","max-image-preview":"max-image-preview:large","max-video-preview":"max-video-preview:-1"},"canonical":"https:\/\/blog.ccc.eu\/sk\/kabelky-jarna-kolekcia\/","og_locale":"sk_SK","og_type":"article","og_title":"Jarn\u00e1 kolekcia kabeliek: Ako \u0161t\u00fdlovo priv\u00edta\u0165 sez\u00f3nu - blog.ccc.eu\/sk %","og_description":"Objavte jarn\u00fa kolekciu kabeliek - od pastelov\u00fdch t\u00f3nov a\u017e po praktick\u00e9 kabelky na v\u00edkendov\u00e9 v\u00fdlety. Priv\u00edtajte jar s eleganciou a \u0161t\u00fdlom!","og_url":"https:\/\/blog.ccc.eu\/sk\/kabelky-jarna-kolekcia\/","og_site_name":"blog.ccc.eu\/sk","article_published_time":"2025-04-10T09:59:42+00:00","article_modified_time":"2025-04-10T09:59:43+00:00","og_image":[{"width":1240,"height":640,"url":"https:\/\/blog.ccc.eu\/sk\/wp-content\/uploads\/2025\/04\/BLOG-1.png","type":"image\/png"}],"author":"Lenka Malenka","twitter_card":"summary_large_image","twitter_misc":{"Autor":"Lenka Malenka","Predpokladan\u00fd \u010das \u010d\u00edtania":"4 min\u00faty"},"schema":{"@context":"https:\/\/schema.org","@graph":[{"@type":"Article","@id":"https:\/\/blog.ccc.eu\/sk\/kabelky-jarna-kolekcia\/#article","isPartOf":{"@id":"https:\/\/blog.ccc.eu\/sk\/kabelky-jarna-kolekcia\/"},"author":{"name":"Lenka Malenka","@id":"https:\/\/blog.ccc.eu\/sk\/#\/schema\/person\/b6a4f8cecf35a678ec8908b32449a340"},"headline":"Jarn\u00e1 kolekcia kabeliek: Ako \u0161t\u00fdlovo priv\u00edta\u0165 sez\u00f3nu","datePublished":"2025-04-10T09:59:42+00:00","dateModified":"2025-04-10T09:59:43+00:00","mainEntityOfPage":{"@id":"https:\/\/blog.ccc.eu\/sk\/kabelky-jarna-kolekcia\/"},"wordCount":780,"commentCount":0,"publisher":{"@id":"https:\/\/blog.ccc.eu\/sk\/#organization"},"image":{"@id":"https:\/\/blog.ccc.eu\/sk\/kabelky-jarna-kolekcia\/#primaryimage"},"thumbnailUrl":"https:\/\/blog.ccc.eu\/sk\/wp-content\/uploads\/2025\/04\/BLOG-1.png","keywords":["jar","kabelky","trendy"],"articleSection":["JAR","kabelky","M\u00d3DNE TIPY","NOVINKY"],"inLanguage":"sk-SK","potentialAction":[{"@type":"CommentAction","name":"Comment","target":["https:\/\/blog.ccc.eu\/sk\/kabelky-jarna-kolekcia\/#respond"]}]},{"@type":"WebPage","@id":"https:\/\/blog.ccc.eu\/sk\/kabelky-jarna-kolekcia\/","url":"https:\/\/blog.ccc.eu\/sk\/kabelky-jarna-kolekcia\/","name":"Jarn\u00e1 kolekcia kabeliek: Ako \u0161t\u00fdlovo priv\u00edta\u0165 sez\u00f3nu - blog.ccc.eu\/sk %","isPartOf":{"@id":"https:\/\/blog.ccc.eu\/sk\/#website"},"primaryImageOfPage":{"@id":"https:\/\/blog.ccc.eu\/sk\/kabelky-jarna-kolekcia\/#primaryimage"},"image":{"@id":"https:\/\/blog.ccc.eu\/sk\/kabelky-jarna-kolekcia\/#primaryimage"},"thumbnailUrl":"https:\/\/blog.ccc.eu\/sk\/wp-content\/uploads\/2025\/04\/BLOG-1.png","datePublished":"2025-04-10T09:59:42+00:00","dateModified":"2025-04-10T09:59:43+00:00","description":"Objavte jarn\u00fa kolekciu kabeliek - od pastelov\u00fdch t\u00f3nov a\u017e po praktick\u00e9 kabelky na v\u00edkendov\u00e9 v\u00fdlety. Priv\u00edtajte jar s eleganciou a \u0161t\u00fdlom!","breadcrumb":{"@id":"https:\/\/blog.ccc.eu\/sk\/kabelky-jarna-kolekcia\/#breadcrumb"},"inLanguage":"sk-SK","potentialAction":[{"@type":"ReadAction","target":["https:\/\/blog.ccc.eu\/sk\/kabelky-jarna-kolekcia\/"]}]},{"@type":"ImageObject","inLanguage":"sk-SK","@id":"https:\/\/blog.ccc.eu\/sk\/kabelky-jarna-kolekcia\/#primaryimage","url":"https:\/\/blog.ccc.eu\/sk\/wp-content\/uploads\/2025\/04\/BLOG-1.png","contentUrl":"https:\/\/blog.ccc.eu\/sk\/wp-content\/uploads\/2025\/04\/BLOG-1.png","width":1240,"height":640,"caption":"jarn\u00e9 kabelky"},{"@type":"BreadcrumbList","@id":"https:\/\/blog.ccc.eu\/sk\/kabelky-jarna-kolekcia\/#breadcrumb","itemListElement":[{"@type":"ListItem","position":1,"name":"Strona g\u0142\u00f3wna","item":"https:\/\/blog.ccc.eu\/sk\/"},{"@type":"ListItem","position":2,"name":"Jarn\u00e1 kolekcia kabeliek: Ako \u0161t\u00fdlovo priv\u00edta\u0165 sez\u00f3nu"}]},{"@type":"WebSite","@id":"https:\/\/blog.ccc.eu\/sk\/#website","url":"https:\/\/blog.ccc.eu\/sk\/","name":"blog.ccc.eu\/sk","description":"Va\u0161e miesto pln\u00e9 m\u00f3dnych in\u0161pir\u00e1ci\u00ed","publisher":{"@id":"https:\/\/blog.ccc.eu\/sk\/#organization"},"potentialAction":[{"@type":"SearchAction","target":{"@type":"EntryPoint","urlTemplate":"https:\/\/blog.ccc.eu\/sk\/?s={search_term_string}"},"query-input":{"@type":"PropertyValueSpecification","valueRequired":true,"valueName":"search_term_string"}}],"inLanguage":"sk-SK"},{"@type":"Organization","@id":"https:\/\/blog.ccc.eu\/sk\/#organization","name":"CCC S.A.","url":"https:\/\/blog.ccc.eu\/sk\/","logo":{"@type":"ImageObject","inLanguage":"sk-SK","@id":"https:\/\/blog.ccc.eu\/sk\/#\/schema\/logo\/image\/","url":"https:\/\/blog.ccc.eu\/sk\/wp-content\/uploads\/2021\/11\/logo_ccc.png","contentUrl":"https:\/\/blog.ccc.eu\/sk\/wp-content\/uploads\/2021\/11\/logo_ccc.png","width":730,"height":270,"caption":"CCC S.A."},"image":{"@id":"https:\/\/blog.ccc.eu\/sk\/#\/schema\/logo\/image\/"}},{"@type":"Person","@id":"https:\/\/blog.ccc.eu\/sk\/#\/schema\/person\/b6a4f8cecf35a678ec8908b32449a340","name":"Lenka Malenka","image":{"@type":"ImageObject","inLanguage":"sk-SK","@id":"https:\/\/blog.ccc.eu\/sk\/#\/schema\/person\/image\/","url":"https:\/\/blog.ccc.eu\/sk\/wp-content\/uploads\/2022\/06\/MicrosoftTeams-image-2-100x100.jpg","contentUrl":"https:\/\/blog.ccc.eu\/sk\/wp-content\/uploads\/2022\/06\/MicrosoftTeams-image-2-100x100.jpg","caption":"Lenka Malenka"},"description":"Absolventka digit\u00e1lneho marketingu so sk\u00fasenos\u0165ami s content marketingom a (ve\u013emi prekvapivo) copywritingom. Vo vo\u013enom \u010dase rada nos\u00ed platformy a sna\u017e\u00ed sa n\u00e1kupy vo fast-fashion re\u0165azcoch vyva\u017eova\u0165 t\u00fdmi sek\u00e1\u010dov\u00fdmi a swapov\u00fdmi.","url":"https:\/\/blog.ccc.eu\/sk\/author\/lenka-malenka\/"}]}},"_links":{"self":[{"href":"https:\/\/blog.ccc.eu\/sk\/wp-json\/wp\/v2\/posts\/9125","targetHints":{"allow":["GET"]}}],"collection":[{"href":"https:\/\/blog.ccc.eu\/sk\/wp-json\/wp\/v2\/posts"}],"about":[{"href":"https:\/\/blog.ccc.eu\/sk\/wp-json\/wp\/v2\/types\/post"}],"author":[{"embeddable":true,"href":"https:\/\/blog.ccc.eu\/sk\/wp-json\/wp\/v2\/users\/21"}],"replies":[{"embeddable":true,"href":"https:\/\/blog.ccc.eu\/sk\/wp-json\/wp\/v2\/comments?post=9125"}],"version-history":[{"count":2,"href":"https:\/\/blog.ccc.eu\/sk\/wp-json\/wp\/v2\/posts\/9125\/revisions"}],"predecessor-version":[{"id":9130,"href":"https:\/\/blog.ccc.eu\/sk\/wp-json\/wp\/v2\/posts\/9125\/revisions\/9130"}],"wp:featuredmedia":[{"embeddable":true,"href":"https:\/\/blog.ccc.eu\/sk\/wp-json\/wp\/v2\/media\/9128"}],"wp:attachment":[{"href":"https:\/\/blog.ccc.eu\/sk\/wp-json\/wp\/v2\/media?parent=9125"}],"wp:term":[{"taxonomy":"category","embeddable":true,"href":"https:\/\/blog.ccc.eu\/sk\/wp-json\/wp\/v2\/categories?post=9125"},{"taxonomy":"post_tag","embeddable":true,"href":"https:\/\/blog.ccc.eu\/sk\/wp-json\/wp\/v2\/tags?post=9125"}],"curies":[{"name":"wp","href":"https:\/\/api.w.org\/{rel}","templated":true}]}}