{"id":9137,"date":"2025-04-22T09:22:56","date_gmt":"2025-04-22T07:22:56","guid":{"rendered":"https:\/\/blog.ccc.eu\/sk\/?p=9137"},"modified":"2025-04-22T09:55:09","modified_gmt":"2025-04-22T07:55:09","slug":"udrzatelna-obuv-moda-ktora-dava-zmysel","status":"publish","type":"post","link":"https:\/\/blog.ccc.eu\/sk\/udrzatelna-obuv-moda-ktora-dava-zmysel\/","title":{"rendered":"Udr\u017eate\u013en\u00e1 obuv: M\u00f3da, ktor\u00e1 d\u00e1va zmysel"},"content":{"rendered":"\n<p><strong>Osl\u00e1vte De\u0148 Zeme \u0161t\u00fdlovo!<\/strong> T\u00e1to sez\u00f3na je ide\u00e1lnou pr\u00edle\u017eitos\u0165ou spoji\u0165 m\u00f3du s udr\u017eate\u013enos\u0165ou a uk\u00e1za\u0165, \u017ee ka\u017ed\u00fd n\u00e1\u0161 krok m\u00f4\u017ee ma\u0165 pozit\u00edvny vplyv na na\u0161u plan\u00e9tu. V dne\u0161nej dobe si u\u017e nemus\u00edte vybera\u0165 medzi t\u00fdm, \u010do je kr\u00e1sne, pohodln\u00e9 a ekologick\u00e9 &#8211; s kolekciou udr\u017eate\u013enej obuvi CCC <a href=\"https:\/\/ccc.eu\/sk\/wecare\">weCare<\/a> m\u00f4\u017eete ma\u0165 v\u0161etko.<\/p>\n\n\n\n<p>Vst\u00fapte do jari s obuvou, ktor\u00e1 vypoved\u00e1 o va\u0161ich hodnot\u00e1ch a <strong>z\u00e1rove\u0148 poskytuje pohodlie a \u0161t\u00fdl<\/strong>, ktor\u00e9 si zasl\u00fa\u017eite. Osl\u00e1vte tento De\u0148 Zeme s m\u00f3dou, \u013eahkos\u0165ou a zodpovednos\u0165ou &#8211; \u010di u\u017e sa prech\u00e1dzate mestom, alebo si u\u017e\u00edvate kr\u00e1sy pr\u00edrody.<\/p>\n\n\n\n<div class=\"wp-block-columns is-layout-flex wp-container-core-columns-is-layout-9d6595d7 wp-block-columns-is-layout-flex\">\n<div class=\"wp-block-column is-layout-flow wp-block-column-is-layout-flow\">\n<figure class=\"wp-block-image size-large\"><img decoding=\"async\" src=\"https:\/\/blog.ccc.eu\/cz\/wp-content\/uploads\/2025\/04\/CCC_5903698599885_02M_0134_V1-edited-scaled.jpg\" alt=\"udr\u017eate\u013en\u00e1 obuv\" class=\"wp-image-7584\"\/><\/figure>\n<\/div>\n\n\n\n<div class=\"wp-block-column is-layout-flow wp-block-column-is-layout-flow\">\n<figure class=\"wp-block-image size-full\"><img decoding=\"async\" src=\"https:\/\/blog.ccc.eu\/cz\/wp-content\/uploads\/2025\/04\/NWNY-8-683x1024-1-edited.jpg\" alt=\"udr\u017eate\u013en\u00e1 obuv\" class=\"wp-image-7579\"\/><\/figure>\n<\/div>\n<\/div>\n\n\n\n<h3 class=\"wp-block-heading\"><strong>Baler\u00ednky a espadrilky: Na vlne \u013eahkosti a eko trendov<\/strong><\/h3>\n\n\n\n<p>\u010co in\u00e9 si obu\u0165 po\u010das slne\u010dn\u00fdch dn\u00ed ako <a href=\"https:\/\/ccc.eu\/sk\/damske\/odporucane\/we-care\/kategoria:balerinky-espadrilky?limit=100\">baler\u00ednky a espadrilky<\/a>, ktor\u00e9 s\u00fa tak\u00e9 <strong>\u013eahk\u00e9, \u017ee ich takmer nec\u00edtite?<\/strong> Udr\u017eate\u013en\u00e1 obuv z kolekcie weCare nielen skvele vyzer\u00e1, ale aj prospieva na\u0161ej plan\u00e9te. Baler\u00ednky a espadrilky z tejto kolekcie s\u00fa vyroben\u00e9 z recyklovan\u00fdch materi\u00e1lov a <strong>ko\u017ee s certifik\u00e1tom LWG<\/strong> &#8211; tak\u017ee m\u00f4\u017eete vykro\u010di\u0165 do slne\u010dn\u00e9ho d\u0148a s pocitom, \u017ee rob\u00edte nie\u010do dobr\u00e9. S\u00fa priedu\u0161n\u00e9, pohodln\u00e9 a \u010do je najd\u00f4le\u017eitej\u0161ie&#8230; kr\u00e1sne kombinovate\u013en\u00e9! K letn\u00fdm \u0161at\u00e1m? Elegantn\u00e9 baler\u00ednky. Na v\u00edkendov\u00fd brunch v parku? Espadrilky ako z \u010dasopisu. Do mesta alebo na v\u00fdlet? V\u017edy \u0161t\u00fdlovo a pohodlne.<\/p>\n\n\n<shortcode prop-load-num=\"8\" prop-display-num=\"4\" prop-sku=\"5906751118672, 5905588292005, 5906751009130, 5905588432357, 5903698764580, 5904862504452, 5903698721293, 5903698586250\" prop-view=\"slider\"><\/shortcode>        <div\r\n            class=\"eob-pf-shortcode\"\r\n            id=\"eobpf69f3e73642c68\"\r\n        >\r\n            <shortcode prop-load-num=\"8\" prop-display-num=\"4\" prop-sku=\"5906751118672, 5905588292005, 5906751009130, 5905588432357, 5903698764580, 5904862504452, 5903698721293, 5903698586250\" prop-view=\"slider\"><\/shortcode>        <\/div>\r\n\t\t<script>\r\n\t\t\tjQuery(document).ready(() => {\r\n\t\t\t    const root = document.getElementById('eobpf69f3e73642c68');\r\n                Vue.createApp({\r\n\t                components: {\r\n\t                    shortcode\r\n\t                }\r\n                }).mount(root);\r\n\t\t\t});\r\n\t\t<\/script>\r\n\t\t\r\n\t\t\n\n\n\n<p><\/p>\n\n\n\n<div class=\"wp-block-buttons is-content-justification-center is-layout-flex wp-container-core-buttons-is-layout-16018d1d wp-block-buttons-is-layout-flex\">\n<div class=\"wp-block-button is-style-outline is-style-outline--1\"><a class=\"wp-block-button__link has-custom-font-size wp-element-button\" href=\"https:\/\/ccc.eu\/sk\/damske\/odporucane\/we-care\/kategoria:balerinky-espadrilky?limit=100\" style=\"border-radius:0px;font-size:15px\">Zobrazi\u0165 viac produktov<\/a><\/div>\n<\/div>\n\n\n\n<p><\/p>\n\n\n\n<h3 class=\"wp-block-heading\"><strong>Mokas\u00edny: Klasika s ekologick\u00fdm n\u00e1dychom<\/strong><\/h3>\n\n\n\n<p>Ak h\u013ead\u00e1te obuv, ktor\u00e1 je <strong>pohodln\u00e1, nad\u010dasov\u00e1 a z\u00e1rove\u0148 \u0161etrn\u00e1 k na\u0161ej plan\u00e9te<\/strong>, m\u00e1me pre v\u00e1s ide\u00e1lny k\u00fasok! <a href=\"https:\/\/ccc.eu\/sk\/damske\/odporucane\/we-care\/kategoria:poltopanka?limit=100\">Mokas\u00edny <\/a>z kolekcie weCare s\u00fa tou spr\u00e1vnou vo\u013ebou, ktor\u00e1 sp\u00e1ja eleganciu s udr\u017eate\u013enos\u0165ou. \u010ci u\u017e sa chyst\u00e1te do kancel\u00e1rie, na stretnutie alebo na v\u00edkendov\u00fd v\u00fdlet, tieto top\u00e1nky v\u00e1s nesklam\u00fa. Klasick\u00fd dizajn nikdy nevyjde z m\u00f3dy a s t\u00fdmito top\u00e1nkami budete v\u017edy dr\u017ea\u0165 krok s dobou. Univerz\u00e1lny k\u00fasok, ktor\u00fd si zamilujete!<\/p>\n\n\n<shortcode prop-load-num=\"8\" prop-display-num=\"4\" prop-sku=\"5906751071281, 5906751018958, 5904862334035, 5904862302102, 5903698055435, 5903698005584, 5905588829027, 5905588134190\" prop-view=\"slider\"><\/shortcode>        <div\r\n            class=\"eob-pf-shortcode\"\r\n            id=\"eobpf69f3e73642d66\"\r\n        >\r\n            <shortcode prop-load-num=\"8\" prop-display-num=\"4\" prop-sku=\"5906751071281, 5906751018958, 5904862334035, 5904862302102, 5903698055435, 5903698005584, 5905588829027, 5905588134190\" prop-view=\"slider\"><\/shortcode>        <\/div>\r\n\t\t<script>\r\n\t\t\tjQuery(document).ready(() => {\r\n\t\t\t    const root = document.getElementById('eobpf69f3e73642d66');\r\n                Vue.createApp({\r\n\t                components: {\r\n\t                    shortcode\r\n\t                }\r\n                }).mount(root);\r\n\t\t\t});\r\n\t\t<\/script>\r\n\t\t\r\n\t\t\n\n\n\n<p><\/p>\n\n\n\n<div class=\"wp-block-buttons is-content-justification-center is-layout-flex wp-container-core-buttons-is-layout-16018d1d wp-block-buttons-is-layout-flex\">\n<div class=\"wp-block-button is-style-outline is-style-outline--2\"><a class=\"wp-block-button__link has-custom-font-size wp-element-button\" href=\"https:\/\/ccc.eu\/sk\/damske\/odporucane\/we-care\/kategoria:poltopanka?limit=100\" style=\"border-radius:0px;font-size:15px\">Objavi\u0165 viac produktov<\/a><\/div>\n<\/div>\n\n\n\n<p><\/p>\n\n\n\n<h3 class=\"wp-block-heading\"><strong>Tenisky: Udr\u017eate\u013en\u00e1 obuv v s\u00falade s pr\u00edrodou<\/strong><\/h3>\n\n\n\n<p>Skvel\u00e1 obuv, \u010di u\u017e sa chyst\u00e1te na prech\u00e1dzku do parku, beh okolo jazera alebo v\u00edkendov\u00fd v\u00fdlet. Pre\u010do si vybera\u0165 medzi <strong>pohodl\u00edm a \u0161t\u00fdlom<\/strong>, ke\u010f m\u00f4\u017eete ma\u0165 oboje? <a href=\"https:\/\/ccc.eu\/sk\/damske\/odporucane\/we-care\/kategoria:rekreacna_obuv-tenisky?limit=100\">Tenisky a \u0161portov\u00e1 obuv<\/a> z kolekcie weCare v\u00e1s preved\u00fa na ka\u017edom kroku. Od minimalistick\u00fdch bielych tenisiek a\u017e po dynamick\u00e9 \u0161portov\u00e9 modely, ka\u017ed\u00fd p\u00e1r je \u0161etrn\u00fd k \u017eivotn\u00e9mu prostrediu. Kvalita a \u0161t\u00fdl, ktor\u00e9 s\u00fa oh\u013eadupln\u00e9 k pr\u00edrode.<\/p>\n\n\n<shortcode prop-load-num=\"8\" prop-display-num=\"4\" prop-sku=\"5904248153359, 5905588291916, 5903698095899, 5905588556138, 5906751017135, 5905588512752, 5903698177717, 5906751116500\" prop-view=\"slider\"><\/shortcode>        <div\r\n            class=\"eob-pf-shortcode\"\r\n            id=\"eobpf69f3e73642d9d\"\r\n        >\r\n            <shortcode prop-load-num=\"8\" prop-display-num=\"4\" prop-sku=\"5904248153359, 5905588291916, 5903698095899, 5905588556138, 5906751017135, 5905588512752, 5903698177717, 5906751116500\" prop-view=\"slider\"><\/shortcode>        <\/div>\r\n\t\t<script>\r\n\t\t\tjQuery(document).ready(() => {\r\n\t\t\t    const root = document.getElementById('eobpf69f3e73642d9d');\r\n                Vue.createApp({\r\n\t                components: {\r\n\t                    shortcode\r\n\t                }\r\n                }).mount(root);\r\n\t\t\t});\r\n\t\t<\/script>\r\n\t\t\r\n\t\t\n\n\n\n<p><\/p>\n\n\n\n<div class=\"wp-block-buttons is-content-justification-center is-layout-flex wp-container-core-buttons-is-layout-16018d1d wp-block-buttons-is-layout-flex\">\n<div class=\"wp-block-button is-style-outline is-style-outline--3\"><a class=\"wp-block-button__link has-custom-font-size wp-element-button\" href=\"https:\/\/ccc.eu\/sk\/damske\/odporucane\/we-care\/kategoria:rekreacna_obuv-tenisky?limit=100\" style=\"border-radius:0px;font-size:15px\">Presk\u00fama\u0165 viac produktov<\/a><\/div>\n<\/div>\n\n\n\n<p><\/p>\n\n\n\n<h3 class=\"wp-block-heading\"><strong>Dajte svojim top\u00e1nkam druh\u00fd \u017eivot!<\/strong><\/h3>\n\n\n\n<p>CCC podporuje aj iniciat\u00edvu \u201e<strong>Daruj svojim top\u00e1nkam druh\u00fd \u017eivot<\/strong>\u201c. Pou\u017eit\u00fa, ale zachoval\u00fa obuv m\u00f4\u017eete odovzda\u0165 vo vybran\u00fdch predajniach, kde poputuje na charitat\u00edvne \u00fa\u010dely a z\u00edska nov\u00e9 vyu\u017eitie.<\/p>\n\n\n\n<div class=\"wp-block-buttons is-horizontal is-content-justification-center is-layout-flex wp-container-core-buttons-is-layout-499968f5 wp-block-buttons-is-layout-flex\">\n<div class=\"wp-block-button is-style-fill\"><a class=\"wp-block-button__link has-custom-font-size wp-element-button\" href=\"https:\/\/ccc.eu\/sk\/dajte-svojim-topankam-druhy-zivot\" style=\"border-radius:0px;font-size:15px\">Chcem sa zapoji\u0165!<\/a><\/div>\n<\/div>\n\n\n\n<p><\/p>\n\n\n\n<p>S kolekciou <a href=\"https:\/\/ccc.eu\/sk\/damske\/odporucane\/we-care?limit=100\">weCare <\/a>od CCC m\u00f4\u017eete spoji\u0165 \u0161t\u00fdl so zodpovednos\u0165ou a vykro\u010di\u0165 do jari v obuvi, ktor\u00e1 je \u0161etrn\u00e1 k na\u0161ej plan\u00e9te. \u010ci u\u017e si vyberiete baler\u00edny, espadrilky, mokas\u00edny alebo \u0161portov\u00e9 tenisky, ka\u017ed\u00fd p\u00e1r prin\u00e1\u0161a nielen pohodlie, ale aj pozit\u00edvny vplyv na na\u0161e \u017eivotn\u00e9 prostredie. V\u010faka udr\u017eate\u013enej obuvi z kolekcie <strong>weCare <\/strong>je ka\u017ed\u00fd krok e\u0161te zmysluplnej\u0161\u00ed.<\/p>\n\n\n\n<p><\/p>\n\n\n\n<p><\/p>\n","protected":false},"excerpt":{"rendered":"<p>Osl\u00e1vte De\u0148 Zeme \u0161t\u00fdlovo! T\u00e1to sez\u00f3na je ide\u00e1lnou pr\u00edle\u017eitos\u0165ou spoji\u0165 m\u00f3du s udr\u017eate\u013enos\u0165ou a uk\u00e1za\u0165, \u017ee ka\u017ed\u00fd n\u00e1\u0161 krok m\u00f4\u017ee ma\u0165 pozit\u00edvny vplyv na na\u0161u plan\u00e9tu. V dne\u0161nej dobe si u\u017e nemus\u00edte vybera\u0165 medzi t\u00fdm, \u010do je kr\u00e1sne, pohodln\u00e9 a ekologick\u00e9 &#8211; s kolekciou udr\u017eate\u013enej obuvi CCC weCare m\u00f4\u017eete ma\u0165 v\u0161etko. Vst\u00fapte do jari s [&hellip;]<\/p>\n","protected":false},"author":21,"featured_media":9139,"comment_status":"open","ping_status":"open","sticky":false,"template":"","format":"standard","meta":{"_acf_changed":false,"footnotes":""},"categories":[4],"tags":[852,557,824,595,597,9],"class_list":["post-9137","post","type-post","status-publish","format-standard","has-post-thumbnail","hentry","category-modne-tipy","tag-balerinky","tag-damske-topanky","tag-jar","tag-sportova-obuv","tag-tenisky","tag-trendy"],"acf":[],"yoast_head":"<!-- This site is optimized with the Yoast SEO plugin v26.9 - https:\/\/yoast.com\/product\/yoast-seo-wordpress\/ -->\n<title>Udr\u017eate\u013en\u00e1 obuv: M\u00f3da, ktor\u00e1 d\u00e1va zmysel - blog.ccc.eu\/sk<\/title>\n<meta name=\"description\" content=\"Osl\u00e1vte De\u0148 Zeme \u0161t\u00fdlovo s kolekciou weCare od CCC! Pohodln\u00e1 a udr\u017eate\u013en\u00e1 obuv ide\u00e1lna na jarn\u00e9 dni! Objavte t\u00fato kolekciu teraz. 2026\" \/>\n<meta name=\"robots\" content=\"index, follow, max-snippet:-1, max-image-preview:large, max-video-preview:-1\" \/>\n<link rel=\"canonical\" href=\"https:\/\/blog.ccc.eu\/sk\/udrzatelna-obuv-moda-ktora-dava-zmysel\/\" \/>\n<meta property=\"og:locale\" content=\"sk_SK\" \/>\n<meta property=\"og:type\" content=\"article\" \/>\n<meta property=\"og:title\" content=\"Udr\u017eate\u013en\u00e1 obuv: M\u00f3da, ktor\u00e1 d\u00e1va zmysel - blog.ccc.eu\/sk\" \/>\n<meta property=\"og:description\" content=\"Osl\u00e1vte De\u0148 Zeme \u0161t\u00fdlovo s kolekciou weCare od CCC! Pohodln\u00e1 a udr\u017eate\u013en\u00e1 obuv ide\u00e1lna na jarn\u00e9 dni! Objavte t\u00fato kolekciu teraz.\" \/>\n<meta property=\"og:url\" content=\"https:\/\/blog.ccc.eu\/sk\/udrzatelna-obuv-moda-ktora-dava-zmysel\/\" \/>\n<meta property=\"og:site_name\" content=\"blog.ccc.eu\/sk\" \/>\n<meta property=\"article:published_time\" content=\"2025-04-22T07:22:56+00:00\" \/>\n<meta property=\"article:modified_time\" content=\"2025-04-22T07:55:09+00:00\" \/>\n<meta property=\"og:image\" content=\"https:\/\/blog.ccc.eu\/sk\/wp-content\/uploads\/2025\/04\/BLOG-3.png\" \/>\n\t<meta property=\"og:image:width\" content=\"1240\" \/>\n\t<meta property=\"og:image:height\" content=\"640\" \/>\n\t<meta property=\"og:image:type\" content=\"image\/png\" \/>\n<meta name=\"author\" content=\"Lenka Malenka\" \/>\n<meta name=\"twitter:card\" content=\"summary_large_image\" \/>\n<meta name=\"twitter:label1\" content=\"Autor\" \/>\n\t<meta name=\"twitter:data1\" content=\"Lenka Malenka\" \/>\n\t<meta name=\"twitter:label2\" content=\"Predpokladan\u00fd \u010das \u010d\u00edtania\" \/>\n\t<meta name=\"twitter:data2\" content=\"3 min\u00faty\" \/>\n<script type=\"application\/ld+json\" class=\"yoast-schema-graph\">{\"@context\":\"https:\/\/schema.org\",\"@graph\":[{\"@type\":\"Article\",\"@id\":\"https:\/\/blog.ccc.eu\/sk\/udrzatelna-obuv-moda-ktora-dava-zmysel\/#article\",\"isPartOf\":{\"@id\":\"https:\/\/blog.ccc.eu\/sk\/udrzatelna-obuv-moda-ktora-dava-zmysel\/\"},\"author\":{\"name\":\"Lenka Malenka\",\"@id\":\"https:\/\/blog.ccc.eu\/sk\/#\/schema\/person\/b6a4f8cecf35a678ec8908b32449a340\"},\"headline\":\"Udr\u017eate\u013en\u00e1 obuv: M\u00f3da, ktor\u00e1 d\u00e1va zmysel\",\"datePublished\":\"2025-04-22T07:22:56+00:00\",\"dateModified\":\"2025-04-22T07:55:09+00:00\",\"mainEntityOfPage\":{\"@id\":\"https:\/\/blog.ccc.eu\/sk\/udrzatelna-obuv-moda-ktora-dava-zmysel\/\"},\"wordCount\":627,\"commentCount\":0,\"publisher\":{\"@id\":\"https:\/\/blog.ccc.eu\/sk\/#organization\"},\"image\":{\"@id\":\"https:\/\/blog.ccc.eu\/sk\/udrzatelna-obuv-moda-ktora-dava-zmysel\/#primaryimage\"},\"thumbnailUrl\":\"https:\/\/blog.ccc.eu\/sk\/wp-content\/uploads\/2025\/04\/BLOG-3.png\",\"keywords\":[\"baler\u00ednky\",\"d\u00e1mske top\u00e1nky\",\"jar\",\"\u0161portov\u00e1 obuv\",\"tenisky\",\"trendy\"],\"articleSection\":[\"M\u00d3DNE TIPY\"],\"inLanguage\":\"sk-SK\",\"potentialAction\":[{\"@type\":\"CommentAction\",\"name\":\"Comment\",\"target\":[\"https:\/\/blog.ccc.eu\/sk\/udrzatelna-obuv-moda-ktora-dava-zmysel\/#respond\"]}]},{\"@type\":\"WebPage\",\"@id\":\"https:\/\/blog.ccc.eu\/sk\/udrzatelna-obuv-moda-ktora-dava-zmysel\/\",\"url\":\"https:\/\/blog.ccc.eu\/sk\/udrzatelna-obuv-moda-ktora-dava-zmysel\/\",\"name\":\"Udr\u017eate\u013en\u00e1 obuv: M\u00f3da, ktor\u00e1 d\u00e1va zmysel - blog.ccc.eu\/sk\",\"isPartOf\":{\"@id\":\"https:\/\/blog.ccc.eu\/sk\/#website\"},\"primaryImageOfPage\":{\"@id\":\"https:\/\/blog.ccc.eu\/sk\/udrzatelna-obuv-moda-ktora-dava-zmysel\/#primaryimage\"},\"image\":{\"@id\":\"https:\/\/blog.ccc.eu\/sk\/udrzatelna-obuv-moda-ktora-dava-zmysel\/#primaryimage\"},\"thumbnailUrl\":\"https:\/\/blog.ccc.eu\/sk\/wp-content\/uploads\/2025\/04\/BLOG-3.png\",\"datePublished\":\"2025-04-22T07:22:56+00:00\",\"dateModified\":\"2025-04-22T07:55:09+00:00\",\"description\":\"Osl\u00e1vte De\u0148 Zeme \u0161t\u00fdlovo s kolekciou weCare od CCC! Pohodln\u00e1 a udr\u017eate\u013en\u00e1 obuv ide\u00e1lna na jarn\u00e9 dni! Objavte t\u00fato kolekciu teraz.\",\"breadcrumb\":{\"@id\":\"https:\/\/blog.ccc.eu\/sk\/udrzatelna-obuv-moda-ktora-dava-zmysel\/#breadcrumb\"},\"inLanguage\":\"sk-SK\",\"potentialAction\":[{\"@type\":\"ReadAction\",\"target\":[\"https:\/\/blog.ccc.eu\/sk\/udrzatelna-obuv-moda-ktora-dava-zmysel\/\"]}]},{\"@type\":\"ImageObject\",\"inLanguage\":\"sk-SK\",\"@id\":\"https:\/\/blog.ccc.eu\/sk\/udrzatelna-obuv-moda-ktora-dava-zmysel\/#primaryimage\",\"url\":\"https:\/\/blog.ccc.eu\/sk\/wp-content\/uploads\/2025\/04\/BLOG-3.png\",\"contentUrl\":\"https:\/\/blog.ccc.eu\/sk\/wp-content\/uploads\/2025\/04\/BLOG-3.png\",\"width\":1240,\"height\":640,\"caption\":\"udr\u017eate\u013en\u00e1 obuv\"},{\"@type\":\"BreadcrumbList\",\"@id\":\"https:\/\/blog.ccc.eu\/sk\/udrzatelna-obuv-moda-ktora-dava-zmysel\/#breadcrumb\",\"itemListElement\":[{\"@type\":\"ListItem\",\"position\":1,\"name\":\"Strona g\u0142\u00f3wna\",\"item\":\"https:\/\/blog.ccc.eu\/sk\/\"},{\"@type\":\"ListItem\",\"position\":2,\"name\":\"Udr\u017eate\u013en\u00e1 obuv: M\u00f3da, ktor\u00e1 d\u00e1va zmysel\"}]},{\"@type\":\"WebSite\",\"@id\":\"https:\/\/blog.ccc.eu\/sk\/#website\",\"url\":\"https:\/\/blog.ccc.eu\/sk\/\",\"name\":\"blog.ccc.eu\/sk\",\"description\":\"Va\u0161e miesto pln\u00e9 m\u00f3dnych in\u0161pir\u00e1ci\u00ed\",\"publisher\":{\"@id\":\"https:\/\/blog.ccc.eu\/sk\/#organization\"},\"potentialAction\":[{\"@type\":\"SearchAction\",\"target\":{\"@type\":\"EntryPoint\",\"urlTemplate\":\"https:\/\/blog.ccc.eu\/sk\/?s={search_term_string}\"},\"query-input\":{\"@type\":\"PropertyValueSpecification\",\"valueRequired\":true,\"valueName\":\"search_term_string\"}}],\"inLanguage\":\"sk-SK\"},{\"@type\":\"Organization\",\"@id\":\"https:\/\/blog.ccc.eu\/sk\/#organization\",\"name\":\"CCC S.A.\",\"url\":\"https:\/\/blog.ccc.eu\/sk\/\",\"logo\":{\"@type\":\"ImageObject\",\"inLanguage\":\"sk-SK\",\"@id\":\"https:\/\/blog.ccc.eu\/sk\/#\/schema\/logo\/image\/\",\"url\":\"https:\/\/blog.ccc.eu\/sk\/wp-content\/uploads\/2021\/11\/logo_ccc.png\",\"contentUrl\":\"https:\/\/blog.ccc.eu\/sk\/wp-content\/uploads\/2021\/11\/logo_ccc.png\",\"width\":730,\"height\":270,\"caption\":\"CCC S.A.\"},\"image\":{\"@id\":\"https:\/\/blog.ccc.eu\/sk\/#\/schema\/logo\/image\/\"}},{\"@type\":\"Person\",\"@id\":\"https:\/\/blog.ccc.eu\/sk\/#\/schema\/person\/b6a4f8cecf35a678ec8908b32449a340\",\"name\":\"Lenka Malenka\",\"image\":{\"@type\":\"ImageObject\",\"inLanguage\":\"sk-SK\",\"@id\":\"https:\/\/blog.ccc.eu\/sk\/#\/schema\/person\/image\/\",\"url\":\"https:\/\/blog.ccc.eu\/sk\/wp-content\/uploads\/2022\/06\/MicrosoftTeams-image-2-100x100.jpg\",\"contentUrl\":\"https:\/\/blog.ccc.eu\/sk\/wp-content\/uploads\/2022\/06\/MicrosoftTeams-image-2-100x100.jpg\",\"caption\":\"Lenka Malenka\"},\"description\":\"Absolventka digit\u00e1lneho marketingu so sk\u00fasenos\u0165ami s content marketingom a (ve\u013emi prekvapivo) copywritingom. Vo vo\u013enom \u010dase rada nos\u00ed platformy a sna\u017e\u00ed sa n\u00e1kupy vo fast-fashion re\u0165azcoch vyva\u017eova\u0165 t\u00fdmi sek\u00e1\u010dov\u00fdmi a swapov\u00fdmi.\",\"url\":\"https:\/\/blog.ccc.eu\/sk\/author\/lenka-malenka\/\"}]}<\/script>\n<!-- \/ Yoast SEO plugin. -->","yoast_head_json":{"title":"Udr\u017eate\u013en\u00e1 obuv: M\u00f3da, ktor\u00e1 d\u00e1va zmysel - blog.ccc.eu\/sk","description":"Osl\u00e1vte De\u0148 Zeme \u0161t\u00fdlovo s kolekciou weCare od CCC! Pohodln\u00e1 a udr\u017eate\u013en\u00e1 obuv ide\u00e1lna na jarn\u00e9 dni! Objavte t\u00fato kolekciu teraz. 2026","robots":{"index":"index","follow":"follow","max-snippet":"max-snippet:-1","max-image-preview":"max-image-preview:large","max-video-preview":"max-video-preview:-1"},"canonical":"https:\/\/blog.ccc.eu\/sk\/udrzatelna-obuv-moda-ktora-dava-zmysel\/","og_locale":"sk_SK","og_type":"article","og_title":"Udr\u017eate\u013en\u00e1 obuv: M\u00f3da, ktor\u00e1 d\u00e1va zmysel - blog.ccc.eu\/sk","og_description":"Osl\u00e1vte De\u0148 Zeme \u0161t\u00fdlovo s kolekciou weCare od CCC! Pohodln\u00e1 a udr\u017eate\u013en\u00e1 obuv ide\u00e1lna na jarn\u00e9 dni! Objavte t\u00fato kolekciu teraz.","og_url":"https:\/\/blog.ccc.eu\/sk\/udrzatelna-obuv-moda-ktora-dava-zmysel\/","og_site_name":"blog.ccc.eu\/sk","article_published_time":"2025-04-22T07:22:56+00:00","article_modified_time":"2025-04-22T07:55:09+00:00","og_image":[{"width":1240,"height":640,"url":"https:\/\/blog.ccc.eu\/sk\/wp-content\/uploads\/2025\/04\/BLOG-3.png","type":"image\/png"}],"author":"Lenka Malenka","twitter_card":"summary_large_image","twitter_misc":{"Autor":"Lenka Malenka","Predpokladan\u00fd \u010das \u010d\u00edtania":"3 min\u00faty"},"schema":{"@context":"https:\/\/schema.org","@graph":[{"@type":"Article","@id":"https:\/\/blog.ccc.eu\/sk\/udrzatelna-obuv-moda-ktora-dava-zmysel\/#article","isPartOf":{"@id":"https:\/\/blog.ccc.eu\/sk\/udrzatelna-obuv-moda-ktora-dava-zmysel\/"},"author":{"name":"Lenka Malenka","@id":"https:\/\/blog.ccc.eu\/sk\/#\/schema\/person\/b6a4f8cecf35a678ec8908b32449a340"},"headline":"Udr\u017eate\u013en\u00e1 obuv: M\u00f3da, ktor\u00e1 d\u00e1va zmysel","datePublished":"2025-04-22T07:22:56+00:00","dateModified":"2025-04-22T07:55:09+00:00","mainEntityOfPage":{"@id":"https:\/\/blog.ccc.eu\/sk\/udrzatelna-obuv-moda-ktora-dava-zmysel\/"},"wordCount":627,"commentCount":0,"publisher":{"@id":"https:\/\/blog.ccc.eu\/sk\/#organization"},"image":{"@id":"https:\/\/blog.ccc.eu\/sk\/udrzatelna-obuv-moda-ktora-dava-zmysel\/#primaryimage"},"thumbnailUrl":"https:\/\/blog.ccc.eu\/sk\/wp-content\/uploads\/2025\/04\/BLOG-3.png","keywords":["baler\u00ednky","d\u00e1mske top\u00e1nky","jar","\u0161portov\u00e1 obuv","tenisky","trendy"],"articleSection":["M\u00d3DNE TIPY"],"inLanguage":"sk-SK","potentialAction":[{"@type":"CommentAction","name":"Comment","target":["https:\/\/blog.ccc.eu\/sk\/udrzatelna-obuv-moda-ktora-dava-zmysel\/#respond"]}]},{"@type":"WebPage","@id":"https:\/\/blog.ccc.eu\/sk\/udrzatelna-obuv-moda-ktora-dava-zmysel\/","url":"https:\/\/blog.ccc.eu\/sk\/udrzatelna-obuv-moda-ktora-dava-zmysel\/","name":"Udr\u017eate\u013en\u00e1 obuv: M\u00f3da, ktor\u00e1 d\u00e1va zmysel - blog.ccc.eu\/sk","isPartOf":{"@id":"https:\/\/blog.ccc.eu\/sk\/#website"},"primaryImageOfPage":{"@id":"https:\/\/blog.ccc.eu\/sk\/udrzatelna-obuv-moda-ktora-dava-zmysel\/#primaryimage"},"image":{"@id":"https:\/\/blog.ccc.eu\/sk\/udrzatelna-obuv-moda-ktora-dava-zmysel\/#primaryimage"},"thumbnailUrl":"https:\/\/blog.ccc.eu\/sk\/wp-content\/uploads\/2025\/04\/BLOG-3.png","datePublished":"2025-04-22T07:22:56+00:00","dateModified":"2025-04-22T07:55:09+00:00","description":"Osl\u00e1vte De\u0148 Zeme \u0161t\u00fdlovo s kolekciou weCare od CCC! Pohodln\u00e1 a udr\u017eate\u013en\u00e1 obuv ide\u00e1lna na jarn\u00e9 dni! Objavte t\u00fato kolekciu teraz.","breadcrumb":{"@id":"https:\/\/blog.ccc.eu\/sk\/udrzatelna-obuv-moda-ktora-dava-zmysel\/#breadcrumb"},"inLanguage":"sk-SK","potentialAction":[{"@type":"ReadAction","target":["https:\/\/blog.ccc.eu\/sk\/udrzatelna-obuv-moda-ktora-dava-zmysel\/"]}]},{"@type":"ImageObject","inLanguage":"sk-SK","@id":"https:\/\/blog.ccc.eu\/sk\/udrzatelna-obuv-moda-ktora-dava-zmysel\/#primaryimage","url":"https:\/\/blog.ccc.eu\/sk\/wp-content\/uploads\/2025\/04\/BLOG-3.png","contentUrl":"https:\/\/blog.ccc.eu\/sk\/wp-content\/uploads\/2025\/04\/BLOG-3.png","width":1240,"height":640,"caption":"udr\u017eate\u013en\u00e1 obuv"},{"@type":"BreadcrumbList","@id":"https:\/\/blog.ccc.eu\/sk\/udrzatelna-obuv-moda-ktora-dava-zmysel\/#breadcrumb","itemListElement":[{"@type":"ListItem","position":1,"name":"Strona g\u0142\u00f3wna","item":"https:\/\/blog.ccc.eu\/sk\/"},{"@type":"ListItem","position":2,"name":"Udr\u017eate\u013en\u00e1 obuv: M\u00f3da, ktor\u00e1 d\u00e1va zmysel"}]},{"@type":"WebSite","@id":"https:\/\/blog.ccc.eu\/sk\/#website","url":"https:\/\/blog.ccc.eu\/sk\/","name":"blog.ccc.eu\/sk","description":"Va\u0161e miesto pln\u00e9 m\u00f3dnych in\u0161pir\u00e1ci\u00ed","publisher":{"@id":"https:\/\/blog.ccc.eu\/sk\/#organization"},"potentialAction":[{"@type":"SearchAction","target":{"@type":"EntryPoint","urlTemplate":"https:\/\/blog.ccc.eu\/sk\/?s={search_term_string}"},"query-input":{"@type":"PropertyValueSpecification","valueRequired":true,"valueName":"search_term_string"}}],"inLanguage":"sk-SK"},{"@type":"Organization","@id":"https:\/\/blog.ccc.eu\/sk\/#organization","name":"CCC S.A.","url":"https:\/\/blog.ccc.eu\/sk\/","logo":{"@type":"ImageObject","inLanguage":"sk-SK","@id":"https:\/\/blog.ccc.eu\/sk\/#\/schema\/logo\/image\/","url":"https:\/\/blog.ccc.eu\/sk\/wp-content\/uploads\/2021\/11\/logo_ccc.png","contentUrl":"https:\/\/blog.ccc.eu\/sk\/wp-content\/uploads\/2021\/11\/logo_ccc.png","width":730,"height":270,"caption":"CCC S.A."},"image":{"@id":"https:\/\/blog.ccc.eu\/sk\/#\/schema\/logo\/image\/"}},{"@type":"Person","@id":"https:\/\/blog.ccc.eu\/sk\/#\/schema\/person\/b6a4f8cecf35a678ec8908b32449a340","name":"Lenka Malenka","image":{"@type":"ImageObject","inLanguage":"sk-SK","@id":"https:\/\/blog.ccc.eu\/sk\/#\/schema\/person\/image\/","url":"https:\/\/blog.ccc.eu\/sk\/wp-content\/uploads\/2022\/06\/MicrosoftTeams-image-2-100x100.jpg","contentUrl":"https:\/\/blog.ccc.eu\/sk\/wp-content\/uploads\/2022\/06\/MicrosoftTeams-image-2-100x100.jpg","caption":"Lenka Malenka"},"description":"Absolventka digit\u00e1lneho marketingu so sk\u00fasenos\u0165ami s content marketingom a (ve\u013emi prekvapivo) copywritingom. Vo vo\u013enom \u010dase rada nos\u00ed platformy a sna\u017e\u00ed sa n\u00e1kupy vo fast-fashion re\u0165azcoch vyva\u017eova\u0165 t\u00fdmi sek\u00e1\u010dov\u00fdmi a swapov\u00fdmi.","url":"https:\/\/blog.ccc.eu\/sk\/author\/lenka-malenka\/"}]}},"_links":{"self":[{"href":"https:\/\/blog.ccc.eu\/sk\/wp-json\/wp\/v2\/posts\/9137","targetHints":{"allow":["GET"]}}],"collection":[{"href":"https:\/\/blog.ccc.eu\/sk\/wp-json\/wp\/v2\/posts"}],"about":[{"href":"https:\/\/blog.ccc.eu\/sk\/wp-json\/wp\/v2\/types\/post"}],"author":[{"embeddable":true,"href":"https:\/\/blog.ccc.eu\/sk\/wp-json\/wp\/v2\/users\/21"}],"replies":[{"embeddable":true,"href":"https:\/\/blog.ccc.eu\/sk\/wp-json\/wp\/v2\/comments?post=9137"}],"version-history":[{"count":3,"href":"https:\/\/blog.ccc.eu\/sk\/wp-json\/wp\/v2\/posts\/9137\/revisions"}],"predecessor-version":[{"id":9141,"href":"https:\/\/blog.ccc.eu\/sk\/wp-json\/wp\/v2\/posts\/9137\/revisions\/9141"}],"wp:featuredmedia":[{"embeddable":true,"href":"https:\/\/blog.ccc.eu\/sk\/wp-json\/wp\/v2\/media\/9139"}],"wp:attachment":[{"href":"https:\/\/blog.ccc.eu\/sk\/wp-json\/wp\/v2\/media?parent=9137"}],"wp:term":[{"taxonomy":"category","embeddable":true,"href":"https:\/\/blog.ccc.eu\/sk\/wp-json\/wp\/v2\/categories?post=9137"},{"taxonomy":"post_tag","embeddable":true,"href":"https:\/\/blog.ccc.eu\/sk\/wp-json\/wp\/v2\/tags?post=9137"}],"curies":[{"name":"wp","href":"https:\/\/api.w.org\/{rel}","templated":true}]}}