{"id":9300,"date":"2025-05-29T09:09:00","date_gmt":"2025-05-29T07:09:00","guid":{"rendered":"https:\/\/blog.ccc.eu\/sk\/?p=9300"},"modified":"2025-05-29T14:31:47","modified_gmt":"2025-05-29T12:31:47","slug":"najtrendovejsie-sandale-aktualnej-sezony-v-ccc-najdete-kazde-z-nich","status":"publish","type":"post","link":"https:\/\/blog.ccc.eu\/sk\/najtrendovejsie-sandale-aktualnej-sezony-v-ccc-najdete-kazde-z-nich\/","title":{"rendered":"Najtrendovej\u0161ie sand\u00e1le aktu\u00e1lnej sez\u00f3ny: V CCC n\u00e1jdete ka\u017ed\u00e9\u00a0z nich!"},"content":{"rendered":"\n<p>Nedominuj\u00fa iba m\u00f3dnym m\u00f3lam. Dominuj\u00fa najm\u00e4 uliciam. A kone\u010dne je tu to po\u010dasie a t\u00e1 pr\u00edle\u017eitos\u0165 na to, aby sme si ich obuli a chodili takmer bos\u00e9, slobodn\u00e9, aby na\u0161e nohy d\u00fdchali a aby sme sa te\u0161ili,&nbsp;\u017ee c\u00edtime z\u00e1van vetra, slne\u010dn\u00fd l\u00fa\u010d \u010di aj kvapku da\u017e\u010fa &#8211; na na\u0161ich chodidl\u00e1ch. Sand\u00e1lky tomu dodaj\u00fa najm\u00e4 trendy \u0161t\u00fdl. Po\u010fme sa pozrie\u0165 na trendov\u00e9 sand\u00e1le roku 2025.<\/p>\n\n\n\n<figure class=\"wp-block-gallery has-nested-images columns-default is-cropped wp-block-gallery-1 is-layout-flex wp-block-gallery-is-layout-flex\">\n<figure class=\"wp-block-image size-large\"><img loading=\"lazy\" decoding=\"async\" width=\"683\" height=\"1024\" data-id=\"9302\" src=\"https:\/\/blog.ccc.eu\/sk\/wp-content\/uploads\/2025\/05\/sandaly-683x1024.jpg\" alt=\"\" class=\"wp-image-9302\" srcset=\"https:\/\/blog.ccc.eu\/sk\/wp-content\/uploads\/2025\/05\/sandaly-683x1024.jpg 683w, https:\/\/blog.ccc.eu\/sk\/wp-content\/uploads\/2025\/05\/sandaly-200x300.jpg 200w, https:\/\/blog.ccc.eu\/sk\/wp-content\/uploads\/2025\/05\/sandaly-768x1152.jpg 768w, https:\/\/blog.ccc.eu\/sk\/wp-content\/uploads\/2025\/05\/sandaly-100x150.jpg 100w, https:\/\/blog.ccc.eu\/sk\/wp-content\/uploads\/2025\/05\/sandaly.jpg 876w\" sizes=\"auto, (max-width: 683px) 100vw, 683px\" \/><\/figure>\n\n\n\n<figure class=\"wp-block-image size-large\"><img loading=\"lazy\" decoding=\"async\" width=\"683\" height=\"1024\" data-id=\"9301\" src=\"https:\/\/blog.ccc.eu\/sk\/wp-content\/uploads\/2025\/05\/sandaly1-683x1024.jpg\" alt=\"\" class=\"wp-image-9301\" srcset=\"https:\/\/blog.ccc.eu\/sk\/wp-content\/uploads\/2025\/05\/sandaly1-683x1024.jpg 683w, https:\/\/blog.ccc.eu\/sk\/wp-content\/uploads\/2025\/05\/sandaly1-200x300.jpg 200w, https:\/\/blog.ccc.eu\/sk\/wp-content\/uploads\/2025\/05\/sandaly1-768x1152.jpg 768w, https:\/\/blog.ccc.eu\/sk\/wp-content\/uploads\/2025\/05\/sandaly1-100x150.jpg 100w, https:\/\/blog.ccc.eu\/sk\/wp-content\/uploads\/2025\/05\/sandaly1.jpg 876w\" sizes=\"auto, (max-width: 683px) 100vw, 683px\" \/><\/figure>\n<\/figure>\n\n\n\n<p><\/p>\n\n\n\n<p>Je ich 7. 7 typov sand\u00e1lok, ktor\u00e9&nbsp;sa na uliciach t\u00fato jar a leto objavuj\u00fa naj\u010dastej\u0161ie a ktor\u00e9&nbsp;bud\u00fa vl\u00e1dnu\u0165 outfitom tepl\u00fdch dn\u00ed. Ja osobne sand\u00e1le milujem a som presved\u010den\u00e1 o tom, \u017ee ich m\u00e1m vo svojom botn\u00edku m\u00e1lo.<\/p>\n\n\n\n<h2 class=\"wp-block-heading\"><strong>Minimalistick\u00e9&nbsp;remienkov\u00e9&nbsp;sand\u00e1le<\/strong><\/h2>\n\n\n\n<p>Elegantn\u00e9 a pohodln\u00e9 sand\u00e1le s tenk\u00fdmi remienkami v neutr\u00e1lnych farb\u00e1ch ako \u010dierna, b\u00e9\u017eov\u00e1 \u010di karamelov\u00e1 vynikn\u00fa pri ka\u017edodennom nosen\u00ed aj na form\u00e1lnej\u0161\u00edch pr\u00edle\u017eitostiach. Dokonale sa hodia aj k boho \u0161t\u00fdlu, ktor\u00fd&nbsp;sa&nbsp;\u010doraz viac dost\u00e1va do popredia medzi mnoh\u00fdmi \u017eenami. M\u00f4\u017eu by\u0165 na vysokom i n\u00edzkom podp\u00e4tku, tak\u017ee si ich m\u00f4\u017eete kombinova\u0165 doslovne k hoci\u010domu, ke\u010f chcete vy\u017earova\u0165 jemnos\u0165, \u017eenskos\u0165, vzletnos\u0165\u2026<\/p>\n\n\n<shortcode prop-load-num=\"12\" prop-display-num=\"4\" prop-sku=\"5906751126561, 5906751114575, 5906751112915, 5906751115930, 5906751103425, 5906751160299, 5906751083642, 5906751045923, 5906751050491, 5906751001684\" prop-view=\"slider\"><\/shortcode>        <div\r\n            class=\"eob-pf-shortcode\"\r\n            id=\"eobpf69f0b13b7b645\"\r\n        >\r\n            <shortcode prop-load-num=\"12\" prop-display-num=\"4\" prop-sku=\"5906751126561, 5906751114575, 5906751112915, 5906751115930, 5906751103425, 5906751160299, 5906751083642, 5906751045923, 5906751050491, 5906751001684\" prop-view=\"slider\"><\/shortcode>        <\/div>\r\n\t\t<script>\r\n\t\t\tjQuery(document).ready(() => {\r\n\t\t\t    const root = document.getElementById('eobpf69f0b13b7b645');\r\n                Vue.createApp({\r\n\t                components: {\r\n\t                    shortcode\r\n\t                }\r\n                }).mount(root);\r\n\t\t\t});\r\n\t\t<\/script>\r\n\t\t\r\n\t\t\n\n\n\n<p><\/p>\n\n\n\n<h2 class=\"wp-block-heading\"><strong>Trendov\u00e9 sand\u00e1le v \u017eiariv\u00fdch farb\u00e1ch<\/strong><\/h2>\n\n\n\n<p>O\u017eivte svoj letn\u00fd \u0161atn\u00edk sand\u00e1lami v odtie\u0148och ako fuchsiov\u00e1, tyrkysov\u00e1 \u010di citr\u00f3nov\u00e1. Tieto v\u00fdrazn\u00e9&nbsp;farby dodaj\u00fa va\u0161im outfitom energiu a \u0161t\u00fdl.&nbsp;Nielen tomuto, ale letu v\u0161eobecne patria farby, ale aj vzory. Zvo\u013ete v\u00fdrazn\u00e9 odtiene, ktor\u00e9 okam\u017eite up\u00fataj\u00fa a v ka\u017edom prebudia chu\u0165 tancova\u0165, \u017ei\u0165 naplno a u\u017e\u00edva\u0165 si vzru\u0161uj\u00face letn\u00e9 dni pln\u00e9 z\u00e1\u017eitkov, \u013eud\u00ed, ciest a z\u00e1bavy.<\/p>\n\n\n<shortcode prop-load-num=\"12\" prop-display-num=\"4\" prop-sku=\"5906751048658, 5906751006351, 5905588545002, 5906751085271, 5905588473473, 2230070288024, 5905588639169, 5905588639138, 5906751093818, 5903698600338\" prop-view=\"slider\"><\/shortcode>        <div\r\n            class=\"eob-pf-shortcode\"\r\n            id=\"eobpf69f0b13b7b760\"\r\n        >\r\n            <shortcode prop-load-num=\"12\" prop-display-num=\"4\" prop-sku=\"5906751048658, 5906751006351, 5905588545002, 5906751085271, 5905588473473, 2230070288024, 5905588639169, 5905588639138, 5906751093818, 5903698600338\" prop-view=\"slider\"><\/shortcode>        <\/div>\r\n\t\t<script>\r\n\t\t\tjQuery(document).ready(() => {\r\n\t\t\t    const root = document.getElementById('eobpf69f0b13b7b760');\r\n                Vue.createApp({\r\n\t                components: {\r\n\t                    shortcode\r\n\t                }\r\n                }).mount(root);\r\n\t\t\t});\r\n\t\t<\/script>\r\n\t\t\r\n\t\t\n\n\n\n<p><\/p>\n\n\n\n<h2 class=\"wp-block-heading\"><strong>Trendov\u00e9 sand\u00e1le s drevenou podr\u00e1\u017ekou<\/strong><\/h2>\n\n\n\n<p>Dreven\u00e9&nbsp;podr\u00e1\u017eky prid\u00e1vaj\u00fa sand\u00e1lam rustik\u00e1lny \u0161arm a s\u00fa ide\u00e1lne pre boho \u0161t\u00fdl. Kombinujte ich s \u013eanov\u00fdmi \u0161atami alebo d\u017e\u00ednsov\u00fdmi k\u00faskami pre uvo\u013enen\u00fd letn\u00fd vzh\u013ead. Ak si vyberiete kvalitn\u00e9, posl\u00fa\u017eia aj pri vode \u2013 hoci v nich nem\u00f4\u017eete rovno sko\u010di\u0165 do jazera \u010di v nej tr\u00e1vi\u0165 cel\u00fd de\u0148, mierne namo\u010denie ani mokr\u00e9 nohy im neprek\u00e1\u017eaj\u00fa a jednoducho vyschn\u00fa.<\/p>\n\n\n<shortcode prop-load-num=\"12\" prop-display-num=\"4\" prop-sku=\"5906751137130, 5906751104804, 5906751141311, 5906751133415, 5906751092637, 5904862332918, 5906751063897, 5906751006207, 2230083251046, 5905588986010\" prop-view=\"slider\"><\/shortcode>        <div\r\n            class=\"eob-pf-shortcode\"\r\n            id=\"eobpf69f0b13b7b798\"\r\n        >\r\n            <shortcode prop-load-num=\"12\" prop-display-num=\"4\" prop-sku=\"5906751137130, 5906751104804, 5906751141311, 5906751133415, 5906751092637, 5904862332918, 5906751063897, 5906751006207, 2230083251046, 5905588986010\" prop-view=\"slider\"><\/shortcode>        <\/div>\r\n\t\t<script>\r\n\t\t\tjQuery(document).ready(() => {\r\n\t\t\t    const root = document.getElementById('eobpf69f0b13b7b798');\r\n                Vue.createApp({\r\n\t                components: {\r\n\t                    shortcode\r\n\t                }\r\n                }).mount(root);\r\n\t\t\t});\r\n\t\t<\/script>\r\n\t\t\r\n\t\t\n\n\n\n<p><\/p>\n\n\n\n<h2 class=\"wp-block-heading\"><strong>Trendy trblietav\u00e9\u00a0a zdoben\u00e9\u00a0sand\u00e1le<\/strong><\/h2>\n\n\n\n<p>Sand\u00e1le s kamienkami, perli\u010dkami \u010di metalick\u00fdmi prvkami skvele doplnia ve\u010dern\u00e9 v\u00fdjazdy alebo \u0161peci\u00e1lne pr\u00edle\u017eitosti. Dodaj\u00fa v\u00e1\u0161mu outfitu n\u00e1dych luxusu a elegancie. S\u00fa skvel\u00e9&nbsp;ale nielen na ve\u010dern\u00e9&nbsp;z\u00e1\u017eitky, ale pokojne aj na de\u0148, kedy sa od nich slnko pekne odr\u00e1\u017ea a jeho l\u00fa\u010de m\u00f4\u017eu vytvori\u0165 ve\u013emi pekn\u00e9&nbsp;a farebn\u00e9&nbsp;vy\u017earovanie tak\u00fdchto top\u00e1no\u010diek.<\/p>\n\n\n<shortcode prop-load-num=\"12\" prop-display-num=\"4\" prop-sku=\"5903698620145, 5903698005508, 5903698191119, 5903698191089, 5904862335988, 5903698631745, 2230083250216, 5905588598817, 5904248776862\" prop-view=\"slider\"><\/shortcode>        <div\r\n            class=\"eob-pf-shortcode\"\r\n            id=\"eobpf69f0b13b7b7c1\"\r\n        >\r\n            <shortcode prop-load-num=\"12\" prop-display-num=\"4\" prop-sku=\"5903698620145, 5903698005508, 5903698191119, 5903698191089, 5904862335988, 5903698631745, 2230083250216, 5905588598817, 5904248776862\" prop-view=\"slider\"><\/shortcode>        <\/div>\r\n\t\t<script>\r\n\t\t\tjQuery(document).ready(() => {\r\n\t\t\t    const root = document.getElementById('eobpf69f0b13b7b7c1');\r\n                Vue.createApp({\r\n\t                components: {\r\n\t                    shortcode\r\n\t                }\r\n                }).mount(root);\r\n\t\t\t});\r\n\t\t<\/script>\r\n\t\t\r\n\t\t\n\n\n\n<p><\/p>\n\n\n\n<h2 class=\"wp-block-heading\"><strong>Ryb\u00e1rske sand\u00e1le (Fisherman sandals)<\/strong><\/h2>\n\n\n\n<p>In\u0161pirovan\u00e9&nbsp;klasick\u00fdm ryb\u00e1rskym dizajnom, tieto sand\u00e1le kombinuj\u00fa pohodlie s retro \u0161t\u00fdlom. S\u00fa ide\u00e1lne pre mestsk\u00e9&nbsp;prech\u00e1dzky, pokojne aj na dlh\u0161iu ch\u00f4dzu, kedy napr\u00edklad cestujete po mest\u00e1ch a viete, \u017ee sa vcelku nachod\u00edte. Ich obrovsk\u00e1 v\u00fdhoda ale spo\u010d\u00edva v ich univerz\u00e1lnosti, ktor\u00e1 predznamen\u00e1va, \u017ee si ich m\u00f4\u017eete obu\u0165 pokojne aj na prech\u00e1dzku do lesa \u010di jemne drsnej\u0161ieho ter\u00e9nu.<\/p>\n\n\n<shortcode prop-load-num=\"12\" prop-display-num=\"4\" prop-sku=\"5906751075876, 5906751156131, 5906751106501, 5906751059272, 5906751071519, 5906751071199, 5906751140529, 5906751064047, 5906751029343, 5906751028926\" prop-view=\"slider\"><\/shortcode>        <div\r\n            class=\"eob-pf-shortcode\"\r\n            id=\"eobpf69f0b13b7b7e5\"\r\n        >\r\n            <shortcode prop-load-num=\"12\" prop-display-num=\"4\" prop-sku=\"5906751075876, 5906751156131, 5906751106501, 5906751059272, 5906751071519, 5906751071199, 5906751140529, 5906751064047, 5906751029343, 5906751028926\" prop-view=\"slider\"><\/shortcode>        <\/div>\r\n\t\t<script>\r\n\t\t\tjQuery(document).ready(() => {\r\n\t\t\t    const root = document.getElementById('eobpf69f0b13b7b7e5');\r\n                Vue.createApp({\r\n\t                components: {\r\n\t                    shortcode\r\n\t                }\r\n                }).mount(root);\r\n\t\t\t});\r\n\t\t<\/script>\r\n\t\t\r\n\t\t\n\n\n\n<p><\/p>\n\n\n\n<h2 class=\"wp-block-heading\"><strong>Sand\u00e1le s n\u00edzkym podp\u00e4tkom (Kitten heels)<\/strong><\/h2>\n\n\n\n<p>Pre t\u00fdch, ktor\u00ed h\u013eadaj\u00fa kompromis medzi pohodl\u00edm a eleganciou, s\u00fa sand\u00e1le s n\u00edzkym podp\u00e4tkom ide\u00e1lnou vo\u013ebou. Dodaj\u00fa v\u00fd\u0161ku bez obetovania komfortu, dobre sa v nich chod\u00ed a vyzeraj\u00fa super elegantne. Celkom pohodlne sa v nich navy\u0161e chod\u00ed aj po mestskej dla\u017ebe a kame\u0148och, ktor\u00e9&nbsp;vedia da\u0165 inak poriadne zabra\u0165.<\/p>\n\n\n<shortcode prop-load-num=\"12\" prop-display-num=\"4\" prop-sku=\"5906751075876, 5906751156131, 5906751106501, 5906751059272, 5906751071519, 5906751071199, 5906751140529, 5906751064047, 5906751029343, 5906751028926\" prop-view=\"slider\"><\/shortcode>        <div\r\n            class=\"eob-pf-shortcode\"\r\n            id=\"eobpf69f0b13b7b807\"\r\n        >\r\n            <shortcode prop-load-num=\"12\" prop-display-num=\"4\" prop-sku=\"5906751075876, 5906751156131, 5906751106501, 5906751059272, 5906751071519, 5906751071199, 5906751140529, 5906751064047, 5906751029343, 5906751028926\" prop-view=\"slider\"><\/shortcode>        <\/div>\r\n\t\t<script>\r\n\t\t\tjQuery(document).ready(() => {\r\n\t\t\t    const root = document.getElementById('eobpf69f0b13b7b807');\r\n                Vue.createApp({\r\n\t                components: {\r\n\t                    shortcode\r\n\t                }\r\n                }).mount(root);\r\n\t\t\t});\r\n\t\t<\/script>\r\n\t\t\r\n\t\t\n\n\n\n<p><\/p>\n\n\n\n<h2 class=\"wp-block-heading\"><strong>Trendov\u00e9 sand\u00e1le s viazan\u00edm okolo \u010dlenku<\/strong><\/h2>\n\n\n\n<p>Viazanie okolo \u010dlenku prid\u00e1va sand\u00e1lam \u017eensk\u00fd a sofistikovan\u00fd vzh\u013ead. Tieto sand\u00e1le s\u00fa skvel\u00e9&nbsp;na kombinovanie s letn\u00fdmi \u0161atami alebo suk\u0148ami. Ide\u00e1lne vo\u013ete dlh\u0161ie&nbsp;\u0161aty a sukne, preto\u017ee tento typ sand\u00e1lkov tro\u0161ku opticky skracuje nohy, ale len v pr\u00edpade minisukn\u00ed a mini\u0161iat.<\/p>\n\n\n<shortcode prop-load-num=\"12\" prop-display-num=\"4\" prop-sku=\"5906751132647, 5906751133125, 5906751100806, 5906751133750, 5906751156810, 5906751082591, 5906751082515, 5906751132630, 5906751083758, 5906751045114\" prop-view=\"slider\"><\/shortcode>        <div\r\n            class=\"eob-pf-shortcode\"\r\n            id=\"eobpf69f0b13b7b827\"\r\n        >\r\n            <shortcode prop-load-num=\"12\" prop-display-num=\"4\" prop-sku=\"5906751132647, 5906751133125, 5906751100806, 5906751133750, 5906751156810, 5906751082591, 5906751082515, 5906751132630, 5906751083758, 5906751045114\" prop-view=\"slider\"><\/shortcode>        <\/div>\r\n\t\t<script>\r\n\t\t\tjQuery(document).ready(() => {\r\n\t\t\t    const root = document.getElementById('eobpf69f0b13b7b827');\r\n                Vue.createApp({\r\n\t                components: {\r\n\t                    shortcode\r\n\t                }\r\n                }).mount(root);\r\n\t\t\t});\r\n\t\t<\/script>\r\n\t\t\r\n\t\t\n\n\n\n<p><\/p>\n\n\n\n<p>U\u017eite si teplej\u0161ie dni a nechajte, aby sloboda a vo\u013enos\u0165 vyobj\u00edmali va\u0161e chodidl\u00e1 tak naplno, \u017ee sa toho naba\u017e\u00edte do z\u00e1sob. A\u017e do zimy, kedy si ich budeme op\u00e4\u0165 bali\u0165 do tepla. Popri pekn\u00fdch sand\u00e1lkoch tak nezabudnite ani na starostlivos\u0165&nbsp;o va\u0161e n\u00f4\u017eky, aby vyzerali dobre nielen top\u00e1nky, ale aj chodidl\u00e1 v nich.<\/p>\n","protected":false},"excerpt":{"rendered":"<p>7 typov sand\u00e1lok, ktor\u00e9\u00a0sa na uliciach t\u00fato jar a leto objavuj\u00fa naj\u010dastej\u0161ie a ktor\u00e9\u00a0bud\u00fa vl\u00e1dnu\u0165 outfitom tepl\u00fdch dn\u00ed. Ja osobne sand\u00e1le milujem a som presved\u010den\u00e1 o tom, \u017ee ich m\u00e1m vo svojom botn\u00edku m\u00e1lo.<\/p>\n","protected":false},"author":22,"featured_media":9301,"comment_status":"open","ping_status":"open","sticky":false,"template":"","format":"standard","meta":{"_acf_changed":false,"footnotes":""},"categories":[6],"tags":[687,9],"class_list":["post-9300","post","type-post","status-publish","format-standard","has-post-thumbnail","hentry","category-trendy","tag-sandale","tag-trendy"],"acf":[],"yoast_head":"<!-- This site is optimized with the Yoast SEO plugin v26.9 - https:\/\/yoast.com\/product\/yoast-seo-wordpress\/ -->\n<title>trendov\u00e9 sand\u00e1le blog.ccc.eu\/sk - trendy<\/title>\n<meta name=\"description\" content=\"Objavte trendov\u00e9 sand\u00e1le jar\/leto roku 2025 \u2013 od elegantn\u00fdch remienkov\u00fdch a\u017e po \u017eiariv\u00e9 k\u00fasky a boho \u0161t\u00fdl. In\u0161pirujte sa tipmi z CCC. 2026\" \/>\n<meta name=\"robots\" content=\"index, follow, max-snippet:-1, max-image-preview:large, max-video-preview:-1\" \/>\n<link rel=\"canonical\" href=\"https:\/\/blog.ccc.eu\/sk\/najtrendovejsie-sandale-aktualnej-sezony-v-ccc-najdete-kazde-z-nich\/\" \/>\n<meta property=\"og:locale\" content=\"sk_SK\" \/>\n<meta property=\"og:type\" content=\"article\" \/>\n<meta property=\"og:title\" content=\"trendov\u00e9 sand\u00e1le blog.ccc.eu\/sk - trendy\" \/>\n<meta property=\"og:description\" content=\"Objavte trendov\u00e9 sand\u00e1le jar\/leto roku 2025 \u2013 od elegantn\u00fdch remienkov\u00fdch a\u017e po \u017eiariv\u00e9 k\u00fasky a boho \u0161t\u00fdl. In\u0161pirujte sa tipmi z CCC.\" \/>\n<meta property=\"og:url\" content=\"https:\/\/blog.ccc.eu\/sk\/najtrendovejsie-sandale-aktualnej-sezony-v-ccc-najdete-kazde-z-nich\/\" \/>\n<meta property=\"og:site_name\" content=\"blog.ccc.eu\/sk\" \/>\n<meta property=\"article:published_time\" content=\"2025-05-29T07:09:00+00:00\" \/>\n<meta property=\"article:modified_time\" content=\"2025-05-29T12:31:47+00:00\" \/>\n<meta property=\"og:image\" content=\"https:\/\/blog.ccc.eu\/sk\/wp-content\/uploads\/2025\/05\/sandaly1.jpg\" \/>\n\t<meta property=\"og:image:width\" content=\"876\" \/>\n\t<meta property=\"og:image:height\" content=\"1314\" \/>\n\t<meta property=\"og:image:type\" content=\"image\/jpeg\" \/>\n<meta name=\"author\" content=\"Kaja\" \/>\n<meta name=\"twitter:card\" content=\"summary_large_image\" \/>\n<meta name=\"twitter:label1\" content=\"Autor\" \/>\n\t<meta name=\"twitter:data1\" content=\"Kaja\" \/>\n\t<meta name=\"twitter:label2\" content=\"Predpokladan\u00fd \u010das \u010d\u00edtania\" \/>\n\t<meta name=\"twitter:data2\" content=\"5 min\u00fat\" \/>\n<script type=\"application\/ld+json\" class=\"yoast-schema-graph\">{\"@context\":\"https:\/\/schema.org\",\"@graph\":[{\"@type\":\"Article\",\"@id\":\"https:\/\/blog.ccc.eu\/sk\/najtrendovejsie-sandale-aktualnej-sezony-v-ccc-najdete-kazde-z-nich\/#article\",\"isPartOf\":{\"@id\":\"https:\/\/blog.ccc.eu\/sk\/najtrendovejsie-sandale-aktualnej-sezony-v-ccc-najdete-kazde-z-nich\/\"},\"author\":{\"name\":\"Kaja\",\"@id\":\"https:\/\/blog.ccc.eu\/sk\/#\/schema\/person\/399beb3452b4976df83fb9268601a994\"},\"headline\":\"Najtrendovej\u0161ie sand\u00e1le aktu\u00e1lnej sez\u00f3ny: V CCC n\u00e1jdete ka\u017ed\u00e9\u00a0z nich!\",\"datePublished\":\"2025-05-29T07:09:00+00:00\",\"dateModified\":\"2025-05-29T12:31:47+00:00\",\"mainEntityOfPage\":{\"@id\":\"https:\/\/blog.ccc.eu\/sk\/najtrendovejsie-sandale-aktualnej-sezony-v-ccc-najdete-kazde-z-nich\/\"},\"wordCount\":832,\"commentCount\":0,\"publisher\":{\"@id\":\"https:\/\/blog.ccc.eu\/sk\/#organization\"},\"image\":{\"@id\":\"https:\/\/blog.ccc.eu\/sk\/najtrendovejsie-sandale-aktualnej-sezony-v-ccc-najdete-kazde-z-nich\/#primaryimage\"},\"thumbnailUrl\":\"https:\/\/blog.ccc.eu\/sk\/wp-content\/uploads\/2025\/05\/sandaly1.jpg\",\"keywords\":[\"sand\u00e1le\",\"trendy\"],\"articleSection\":[\"trendy\"],\"inLanguage\":\"sk-SK\",\"potentialAction\":[{\"@type\":\"CommentAction\",\"name\":\"Comment\",\"target\":[\"https:\/\/blog.ccc.eu\/sk\/najtrendovejsie-sandale-aktualnej-sezony-v-ccc-najdete-kazde-z-nich\/#respond\"]}]},{\"@type\":\"WebPage\",\"@id\":\"https:\/\/blog.ccc.eu\/sk\/najtrendovejsie-sandale-aktualnej-sezony-v-ccc-najdete-kazde-z-nich\/\",\"url\":\"https:\/\/blog.ccc.eu\/sk\/najtrendovejsie-sandale-aktualnej-sezony-v-ccc-najdete-kazde-z-nich\/\",\"name\":\"trendov\u00e9 sand\u00e1le blog.ccc.eu\/sk - trendy\",\"isPartOf\":{\"@id\":\"https:\/\/blog.ccc.eu\/sk\/#website\"},\"primaryImageOfPage\":{\"@id\":\"https:\/\/blog.ccc.eu\/sk\/najtrendovejsie-sandale-aktualnej-sezony-v-ccc-najdete-kazde-z-nich\/#primaryimage\"},\"image\":{\"@id\":\"https:\/\/blog.ccc.eu\/sk\/najtrendovejsie-sandale-aktualnej-sezony-v-ccc-najdete-kazde-z-nich\/#primaryimage\"},\"thumbnailUrl\":\"https:\/\/blog.ccc.eu\/sk\/wp-content\/uploads\/2025\/05\/sandaly1.jpg\",\"datePublished\":\"2025-05-29T07:09:00+00:00\",\"dateModified\":\"2025-05-29T12:31:47+00:00\",\"description\":\"Objavte trendov\u00e9 sand\u00e1le jar\/leto roku 2025 \u2013 od elegantn\u00fdch remienkov\u00fdch a\u017e po \u017eiariv\u00e9 k\u00fasky a boho \u0161t\u00fdl. In\u0161pirujte sa tipmi z CCC.\",\"breadcrumb\":{\"@id\":\"https:\/\/blog.ccc.eu\/sk\/najtrendovejsie-sandale-aktualnej-sezony-v-ccc-najdete-kazde-z-nich\/#breadcrumb\"},\"inLanguage\":\"sk-SK\",\"potentialAction\":[{\"@type\":\"ReadAction\",\"target\":[\"https:\/\/blog.ccc.eu\/sk\/najtrendovejsie-sandale-aktualnej-sezony-v-ccc-najdete-kazde-z-nich\/\"]}]},{\"@type\":\"ImageObject\",\"inLanguage\":\"sk-SK\",\"@id\":\"https:\/\/blog.ccc.eu\/sk\/najtrendovejsie-sandale-aktualnej-sezony-v-ccc-najdete-kazde-z-nich\/#primaryimage\",\"url\":\"https:\/\/blog.ccc.eu\/sk\/wp-content\/uploads\/2025\/05\/sandaly1.jpg\",\"contentUrl\":\"https:\/\/blog.ccc.eu\/sk\/wp-content\/uploads\/2025\/05\/sandaly1.jpg\",\"width\":876,\"height\":1314},{\"@type\":\"BreadcrumbList\",\"@id\":\"https:\/\/blog.ccc.eu\/sk\/najtrendovejsie-sandale-aktualnej-sezony-v-ccc-najdete-kazde-z-nich\/#breadcrumb\",\"itemListElement\":[{\"@type\":\"ListItem\",\"position\":1,\"name\":\"Strona g\u0142\u00f3wna\",\"item\":\"https:\/\/blog.ccc.eu\/sk\/\"},{\"@type\":\"ListItem\",\"position\":2,\"name\":\"Najtrendovej\u0161ie sand\u00e1le aktu\u00e1lnej sez\u00f3ny: V CCC n\u00e1jdete ka\u017ed\u00e9\u00a0z nich!\"}]},{\"@type\":\"WebSite\",\"@id\":\"https:\/\/blog.ccc.eu\/sk\/#website\",\"url\":\"https:\/\/blog.ccc.eu\/sk\/\",\"name\":\"blog.ccc.eu\/sk\",\"description\":\"Va\u0161e miesto pln\u00e9 m\u00f3dnych in\u0161pir\u00e1ci\u00ed\",\"publisher\":{\"@id\":\"https:\/\/blog.ccc.eu\/sk\/#organization\"},\"potentialAction\":[{\"@type\":\"SearchAction\",\"target\":{\"@type\":\"EntryPoint\",\"urlTemplate\":\"https:\/\/blog.ccc.eu\/sk\/?s={search_term_string}\"},\"query-input\":{\"@type\":\"PropertyValueSpecification\",\"valueRequired\":true,\"valueName\":\"search_term_string\"}}],\"inLanguage\":\"sk-SK\"},{\"@type\":\"Organization\",\"@id\":\"https:\/\/blog.ccc.eu\/sk\/#organization\",\"name\":\"CCC S.A.\",\"url\":\"https:\/\/blog.ccc.eu\/sk\/\",\"logo\":{\"@type\":\"ImageObject\",\"inLanguage\":\"sk-SK\",\"@id\":\"https:\/\/blog.ccc.eu\/sk\/#\/schema\/logo\/image\/\",\"url\":\"https:\/\/blog.ccc.eu\/sk\/wp-content\/uploads\/2021\/11\/logo_ccc.png\",\"contentUrl\":\"https:\/\/blog.ccc.eu\/sk\/wp-content\/uploads\/2021\/11\/logo_ccc.png\",\"width\":730,\"height\":270,\"caption\":\"CCC S.A.\"},\"image\":{\"@id\":\"https:\/\/blog.ccc.eu\/sk\/#\/schema\/logo\/image\/\"}},{\"@type\":\"Person\",\"@id\":\"https:\/\/blog.ccc.eu\/sk\/#\/schema\/person\/399beb3452b4976df83fb9268601a994\",\"name\":\"Kaja\",\"image\":{\"@type\":\"ImageObject\",\"inLanguage\":\"sk-SK\",\"@id\":\"https:\/\/blog.ccc.eu\/sk\/#\/schema\/person\/image\/\",\"url\":\"https:\/\/blog.ccc.eu\/sk\/wp-content\/uploads\/2024\/06\/white-1-100x100.jpg\",\"contentUrl\":\"https:\/\/blog.ccc.eu\/sk\/wp-content\/uploads\/2024\/06\/white-1-100x100.jpg\",\"caption\":\"Kaja\"},\"description\":\"U\u017e od pubert\u00e1lnych \u010dias sa venuje pr\u00e1ci v m\u00e9di\u00e1ch a p\u00edsaniu. Z kon\u00ed\u010dka sa stalo \u017eivobytie, ktor\u00e9 jej z\u00e1rove\u0148 dalo dostatok slobody na to, aby mohla pomerne ve\u013ea cestova\u0165 a spozn\u00e1va\u0165 svet a rozli\u010dn\u00e9 kult\u00fary. Energiu jej dod\u00e1va \u010d\u00edtanie kn\u00edh, voda a hudba.\",\"url\":\"https:\/\/blog.ccc.eu\/sk\/author\/perlamakovienka-sk\/\"}]}<\/script>\n<!-- \/ Yoast SEO plugin. -->","yoast_head_json":{"title":"trendov\u00e9 sand\u00e1le blog.ccc.eu\/sk - trendy","description":"Objavte trendov\u00e9 sand\u00e1le jar\/leto roku 2025 \u2013 od elegantn\u00fdch remienkov\u00fdch a\u017e po \u017eiariv\u00e9 k\u00fasky a boho \u0161t\u00fdl. In\u0161pirujte sa tipmi z CCC. 2026","robots":{"index":"index","follow":"follow","max-snippet":"max-snippet:-1","max-image-preview":"max-image-preview:large","max-video-preview":"max-video-preview:-1"},"canonical":"https:\/\/blog.ccc.eu\/sk\/najtrendovejsie-sandale-aktualnej-sezony-v-ccc-najdete-kazde-z-nich\/","og_locale":"sk_SK","og_type":"article","og_title":"trendov\u00e9 sand\u00e1le blog.ccc.eu\/sk - trendy","og_description":"Objavte trendov\u00e9 sand\u00e1le jar\/leto roku 2025 \u2013 od elegantn\u00fdch remienkov\u00fdch a\u017e po \u017eiariv\u00e9 k\u00fasky a boho \u0161t\u00fdl. In\u0161pirujte sa tipmi z CCC.","og_url":"https:\/\/blog.ccc.eu\/sk\/najtrendovejsie-sandale-aktualnej-sezony-v-ccc-najdete-kazde-z-nich\/","og_site_name":"blog.ccc.eu\/sk","article_published_time":"2025-05-29T07:09:00+00:00","article_modified_time":"2025-05-29T12:31:47+00:00","og_image":[{"width":876,"height":1314,"url":"https:\/\/blog.ccc.eu\/sk\/wp-content\/uploads\/2025\/05\/sandaly1.jpg","type":"image\/jpeg"}],"author":"Kaja","twitter_card":"summary_large_image","twitter_misc":{"Autor":"Kaja","Predpokladan\u00fd \u010das \u010d\u00edtania":"5 min\u00fat"},"schema":{"@context":"https:\/\/schema.org","@graph":[{"@type":"Article","@id":"https:\/\/blog.ccc.eu\/sk\/najtrendovejsie-sandale-aktualnej-sezony-v-ccc-najdete-kazde-z-nich\/#article","isPartOf":{"@id":"https:\/\/blog.ccc.eu\/sk\/najtrendovejsie-sandale-aktualnej-sezony-v-ccc-najdete-kazde-z-nich\/"},"author":{"name":"Kaja","@id":"https:\/\/blog.ccc.eu\/sk\/#\/schema\/person\/399beb3452b4976df83fb9268601a994"},"headline":"Najtrendovej\u0161ie sand\u00e1le aktu\u00e1lnej sez\u00f3ny: V CCC n\u00e1jdete ka\u017ed\u00e9\u00a0z nich!","datePublished":"2025-05-29T07:09:00+00:00","dateModified":"2025-05-29T12:31:47+00:00","mainEntityOfPage":{"@id":"https:\/\/blog.ccc.eu\/sk\/najtrendovejsie-sandale-aktualnej-sezony-v-ccc-najdete-kazde-z-nich\/"},"wordCount":832,"commentCount":0,"publisher":{"@id":"https:\/\/blog.ccc.eu\/sk\/#organization"},"image":{"@id":"https:\/\/blog.ccc.eu\/sk\/najtrendovejsie-sandale-aktualnej-sezony-v-ccc-najdete-kazde-z-nich\/#primaryimage"},"thumbnailUrl":"https:\/\/blog.ccc.eu\/sk\/wp-content\/uploads\/2025\/05\/sandaly1.jpg","keywords":["sand\u00e1le","trendy"],"articleSection":["trendy"],"inLanguage":"sk-SK","potentialAction":[{"@type":"CommentAction","name":"Comment","target":["https:\/\/blog.ccc.eu\/sk\/najtrendovejsie-sandale-aktualnej-sezony-v-ccc-najdete-kazde-z-nich\/#respond"]}]},{"@type":"WebPage","@id":"https:\/\/blog.ccc.eu\/sk\/najtrendovejsie-sandale-aktualnej-sezony-v-ccc-najdete-kazde-z-nich\/","url":"https:\/\/blog.ccc.eu\/sk\/najtrendovejsie-sandale-aktualnej-sezony-v-ccc-najdete-kazde-z-nich\/","name":"trendov\u00e9 sand\u00e1le blog.ccc.eu\/sk - trendy","isPartOf":{"@id":"https:\/\/blog.ccc.eu\/sk\/#website"},"primaryImageOfPage":{"@id":"https:\/\/blog.ccc.eu\/sk\/najtrendovejsie-sandale-aktualnej-sezony-v-ccc-najdete-kazde-z-nich\/#primaryimage"},"image":{"@id":"https:\/\/blog.ccc.eu\/sk\/najtrendovejsie-sandale-aktualnej-sezony-v-ccc-najdete-kazde-z-nich\/#primaryimage"},"thumbnailUrl":"https:\/\/blog.ccc.eu\/sk\/wp-content\/uploads\/2025\/05\/sandaly1.jpg","datePublished":"2025-05-29T07:09:00+00:00","dateModified":"2025-05-29T12:31:47+00:00","description":"Objavte trendov\u00e9 sand\u00e1le jar\/leto roku 2025 \u2013 od elegantn\u00fdch remienkov\u00fdch a\u017e po \u017eiariv\u00e9 k\u00fasky a boho \u0161t\u00fdl. In\u0161pirujte sa tipmi z CCC.","breadcrumb":{"@id":"https:\/\/blog.ccc.eu\/sk\/najtrendovejsie-sandale-aktualnej-sezony-v-ccc-najdete-kazde-z-nich\/#breadcrumb"},"inLanguage":"sk-SK","potentialAction":[{"@type":"ReadAction","target":["https:\/\/blog.ccc.eu\/sk\/najtrendovejsie-sandale-aktualnej-sezony-v-ccc-najdete-kazde-z-nich\/"]}]},{"@type":"ImageObject","inLanguage":"sk-SK","@id":"https:\/\/blog.ccc.eu\/sk\/najtrendovejsie-sandale-aktualnej-sezony-v-ccc-najdete-kazde-z-nich\/#primaryimage","url":"https:\/\/blog.ccc.eu\/sk\/wp-content\/uploads\/2025\/05\/sandaly1.jpg","contentUrl":"https:\/\/blog.ccc.eu\/sk\/wp-content\/uploads\/2025\/05\/sandaly1.jpg","width":876,"height":1314},{"@type":"BreadcrumbList","@id":"https:\/\/blog.ccc.eu\/sk\/najtrendovejsie-sandale-aktualnej-sezony-v-ccc-najdete-kazde-z-nich\/#breadcrumb","itemListElement":[{"@type":"ListItem","position":1,"name":"Strona g\u0142\u00f3wna","item":"https:\/\/blog.ccc.eu\/sk\/"},{"@type":"ListItem","position":2,"name":"Najtrendovej\u0161ie sand\u00e1le aktu\u00e1lnej sez\u00f3ny: V CCC n\u00e1jdete ka\u017ed\u00e9\u00a0z nich!"}]},{"@type":"WebSite","@id":"https:\/\/blog.ccc.eu\/sk\/#website","url":"https:\/\/blog.ccc.eu\/sk\/","name":"blog.ccc.eu\/sk","description":"Va\u0161e miesto pln\u00e9 m\u00f3dnych in\u0161pir\u00e1ci\u00ed","publisher":{"@id":"https:\/\/blog.ccc.eu\/sk\/#organization"},"potentialAction":[{"@type":"SearchAction","target":{"@type":"EntryPoint","urlTemplate":"https:\/\/blog.ccc.eu\/sk\/?s={search_term_string}"},"query-input":{"@type":"PropertyValueSpecification","valueRequired":true,"valueName":"search_term_string"}}],"inLanguage":"sk-SK"},{"@type":"Organization","@id":"https:\/\/blog.ccc.eu\/sk\/#organization","name":"CCC S.A.","url":"https:\/\/blog.ccc.eu\/sk\/","logo":{"@type":"ImageObject","inLanguage":"sk-SK","@id":"https:\/\/blog.ccc.eu\/sk\/#\/schema\/logo\/image\/","url":"https:\/\/blog.ccc.eu\/sk\/wp-content\/uploads\/2021\/11\/logo_ccc.png","contentUrl":"https:\/\/blog.ccc.eu\/sk\/wp-content\/uploads\/2021\/11\/logo_ccc.png","width":730,"height":270,"caption":"CCC S.A."},"image":{"@id":"https:\/\/blog.ccc.eu\/sk\/#\/schema\/logo\/image\/"}},{"@type":"Person","@id":"https:\/\/blog.ccc.eu\/sk\/#\/schema\/person\/399beb3452b4976df83fb9268601a994","name":"Kaja","image":{"@type":"ImageObject","inLanguage":"sk-SK","@id":"https:\/\/blog.ccc.eu\/sk\/#\/schema\/person\/image\/","url":"https:\/\/blog.ccc.eu\/sk\/wp-content\/uploads\/2024\/06\/white-1-100x100.jpg","contentUrl":"https:\/\/blog.ccc.eu\/sk\/wp-content\/uploads\/2024\/06\/white-1-100x100.jpg","caption":"Kaja"},"description":"U\u017e od pubert\u00e1lnych \u010dias sa venuje pr\u00e1ci v m\u00e9di\u00e1ch a p\u00edsaniu. Z kon\u00ed\u010dka sa stalo \u017eivobytie, ktor\u00e9 jej z\u00e1rove\u0148 dalo dostatok slobody na to, aby mohla pomerne ve\u013ea cestova\u0165 a spozn\u00e1va\u0165 svet a rozli\u010dn\u00e9 kult\u00fary. Energiu jej dod\u00e1va \u010d\u00edtanie kn\u00edh, voda a hudba.","url":"https:\/\/blog.ccc.eu\/sk\/author\/perlamakovienka-sk\/"}]}},"_links":{"self":[{"href":"https:\/\/blog.ccc.eu\/sk\/wp-json\/wp\/v2\/posts\/9300","targetHints":{"allow":["GET"]}}],"collection":[{"href":"https:\/\/blog.ccc.eu\/sk\/wp-json\/wp\/v2\/posts"}],"about":[{"href":"https:\/\/blog.ccc.eu\/sk\/wp-json\/wp\/v2\/types\/post"}],"author":[{"embeddable":true,"href":"https:\/\/blog.ccc.eu\/sk\/wp-json\/wp\/v2\/users\/22"}],"replies":[{"embeddable":true,"href":"https:\/\/blog.ccc.eu\/sk\/wp-json\/wp\/v2\/comments?post=9300"}],"version-history":[{"count":3,"href":"https:\/\/blog.ccc.eu\/sk\/wp-json\/wp\/v2\/posts\/9300\/revisions"}],"predecessor-version":[{"id":9306,"href":"https:\/\/blog.ccc.eu\/sk\/wp-json\/wp\/v2\/posts\/9300\/revisions\/9306"}],"wp:featuredmedia":[{"embeddable":true,"href":"https:\/\/blog.ccc.eu\/sk\/wp-json\/wp\/v2\/media\/9301"}],"wp:attachment":[{"href":"https:\/\/blog.ccc.eu\/sk\/wp-json\/wp\/v2\/media?parent=9300"}],"wp:term":[{"taxonomy":"category","embeddable":true,"href":"https:\/\/blog.ccc.eu\/sk\/wp-json\/wp\/v2\/categories?post=9300"},{"taxonomy":"post_tag","embeddable":true,"href":"https:\/\/blog.ccc.eu\/sk\/wp-json\/wp\/v2\/tags?post=9300"}],"curies":[{"name":"wp","href":"https:\/\/api.w.org\/{rel}","templated":true}]}}