{"id":9326,"date":"2025-06-12T16:53:00","date_gmt":"2025-06-12T14:53:00","guid":{"rendered":"https:\/\/blog.ccc.eu\/sk\/?p=9326"},"modified":"2025-07-13T00:36:21","modified_gmt":"2025-07-12T22:36:21","slug":"patrite-medzi-nizsie-zeny-tipy-na-topanky-ktore-opticky-zvysuju","status":"publish","type":"post","link":"https:\/\/blog.ccc.eu\/sk\/patrite-medzi-nizsie-zeny-tipy-na-topanky-ktore-opticky-zvysuju\/","title":{"rendered":"Patr\u00edte medzi ni\u017e\u0161ie\u00a0\u017eeny? Tipy na top\u00e1nky, ktor\u00e9\u00a0opticky zvy\u0161uj\u00fa"},"content":{"rendered":"\n<p><em>V\u00fdber spr\u00e1vnej obuvi m\u00f4\u017ee urobi\u0165 v\u00fdrazn\u00fd rozdiel v celkovom vzh\u013eade, najm\u00e4 u \u017eien ni\u017e\u0161ej postavy. Nemus\u00edte v\u017edy voli\u0165 extr\u00e9mne vysok\u00e9 podp\u00e4tky \u2013 postavu dok\u00e1\u017eete pred\u013a\u017ei\u0165 aj v\u010faka optick\u00fdm trikom, spr\u00e1vnym proporci\u00e1m a \u0161t\u00fdlu, a to elegantne a bez n\u00e1mahy.<\/em> Zvo\u013ete tie spr\u00e1vne top\u00e1nky.<\/p>\n\n\n\n<figure class=\"wp-block-gallery has-nested-images columns-default is-cropped wp-block-gallery-1 is-layout-flex wp-block-gallery-is-layout-flex\">\n<figure class=\"wp-block-image size-large\"><img loading=\"lazy\" decoding=\"async\" width=\"683\" height=\"1024\" data-id=\"9329\" src=\"https:\/\/blog.ccc.eu\/sk\/wp-content\/uploads\/2025\/06\/CCC_5905588228646_01K-683x1024.jpg\" alt=\"\" class=\"wp-image-9329\" srcset=\"https:\/\/blog.ccc.eu\/sk\/wp-content\/uploads\/2025\/06\/CCC_5905588228646_01K-683x1024.jpg 683w, https:\/\/blog.ccc.eu\/sk\/wp-content\/uploads\/2025\/06\/CCC_5905588228646_01K-200x300.jpg 200w, https:\/\/blog.ccc.eu\/sk\/wp-content\/uploads\/2025\/06\/CCC_5905588228646_01K-768x1152.jpg 768w, https:\/\/blog.ccc.eu\/sk\/wp-content\/uploads\/2025\/06\/CCC_5905588228646_01K-100x150.jpg 100w, https:\/\/blog.ccc.eu\/sk\/wp-content\/uploads\/2025\/06\/CCC_5905588228646_01K.jpg 876w\" sizes=\"auto, (max-width: 683px) 100vw, 683px\" \/><\/figure>\n\n\n\n<figure class=\"wp-block-image size-large\"><img loading=\"lazy\" decoding=\"async\" width=\"683\" height=\"1024\" data-id=\"9330\" src=\"https:\/\/blog.ccc.eu\/sk\/wp-content\/uploads\/2025\/06\/CCC_5905588228646_04-683x1024.jpg\" alt=\"\" class=\"wp-image-9330\" srcset=\"https:\/\/blog.ccc.eu\/sk\/wp-content\/uploads\/2025\/06\/CCC_5905588228646_04-683x1024.jpg 683w, https:\/\/blog.ccc.eu\/sk\/wp-content\/uploads\/2025\/06\/CCC_5905588228646_04-200x300.jpg 200w, https:\/\/blog.ccc.eu\/sk\/wp-content\/uploads\/2025\/06\/CCC_5905588228646_04-768x1152.jpg 768w, https:\/\/blog.ccc.eu\/sk\/wp-content\/uploads\/2025\/06\/CCC_5905588228646_04-100x150.jpg 100w, https:\/\/blog.ccc.eu\/sk\/wp-content\/uploads\/2025\/06\/CCC_5905588228646_04.jpg 876w\" sizes=\"auto, (max-width: 683px) 100vw, 683px\" \/><\/figure>\n<\/figure>\n\n\n\n<p><\/p>\n\n\n\n<p>Na\u0161\u0165astie, \u017eijeme v dobe, kedy sa drobn\u00e9 \u201egenetick\u00e9&nbsp;nedokonalosti\u201f daj\u00fa prekry\u0165, vylep\u0161i\u0165. A nemysl\u00edm t\u00fdm invaz\u00edvne (i ke\u010f aj to sa, samozrejme, d\u00e1), ale oby\u010dajn\u00fdm preh\u013eadom o spr\u00e1vnom stylingu. Mo\u017eno nie ste typom \u017eeny, ktor\u00e1 by sa vy\u017e\u00edvala v m\u00f3dnych tipoch a sledovala najnov\u0161ie trendy. <\/p>\n\n\n\n<p>S prib\u00fadaj\u00facim vekom si mo\u017eno uvedomujete, \u017ee pozna\u0165 niektor\u00e9 z\u00e1konitosti a tipy na jednoduch\u00e9 vylep\u0161enie vzh\u013eadu prin\u00e1\u0161a ve\u013ek\u00fd \u00fa\u017eitok. Ni\u017e\u0161ie napr\u00edklad n\u00e1jdete s\u00fahrn nieko\u013ek\u00fdch tipov na to, ako opticky upravi\u0165 svoju v\u00fd\u0161ku, ak patr\u00edte medzi tie \u017eeny, ktor\u00e9&nbsp;by si p\u00e1r centimetrov rady pridali. Darmo, nie ka\u017ed\u00e1 sme sa narodili ako modelka.&nbsp;\ud83d\ude42<\/p>\n\n\n\n<p>Ak si teda chcete opticky prida\u0165 p\u00e1r centimetrov v smere do v\u00fd\u0161ky, vysk\u00fa\u0161ajte to s pomocou top\u00e1nok. Je to azda najjednoduch\u0161\u00ed a ve\u013emi rafinovan\u00fd sp\u00f4sob. A nemus\u00edte v\u00f4bec siaha\u0165 po vysok\u00fdch podp\u00e4tkoch!<\/p>\n\n\n\n<p><\/p>\n\n\n\n<h2 class=\"wp-block-heading\"><strong>N\u00edzke podp\u00e4tky, vysok\u00fd efekt<\/strong><\/h2>\n\n\n\n<p>Vysok\u00e9&nbsp;podp\u00e4tky s\u00edce dok\u00e1\u017eu okam\u017eite prida\u0165 nieko\u013eko centimetrov, ale nie ka\u017ed\u00e1 \u017eena ich chce alebo m\u00f4\u017ee nosi\u0165 ka\u017ed\u00fd de\u0148. Prida\u0165 p\u00e1r centimetrov si ale opticky m\u00f4\u017eete aj vo\u013ebou ni\u017e\u0161\u00edch podp\u00e4tkov. Vyberajte si klinov\u00e9, ktor\u00e9&nbsp;p\u00f4sobia prirodzenej\u0161ie a pohodlnej\u0161ie ako klasick\u00e9&nbsp;ihli\u010dkov\u00e9&nbsp;podp\u00e4tky. Vo\u013ebou \u010d. 2 by mohli by\u0165 podp\u00e4tky blokov\u00e9, ktor\u00e9&nbsp;poskytuj\u00fa eleganciu a stabilitu z\u00e1rove\u0148 a napokon vo\u013ebou \u010d. 3 top\u00e1nky na platforme, ktor\u00e9&nbsp;pridaj\u00fa v\u00fd\u0161ku ve\u013emi prirodzene bez toho, aby vytv\u00e1rali neprirodzen\u00fd sklon nohy.&nbsp;<\/p>\n\n\n\n<p>V\u00fdber jedn\u00e9ho z menovan\u00fdch druhov podp\u00e4tkov alebo aj top\u00e1nky na platforme pred\u013a\u017eia va\u0161u v\u00fd\u0161ku, v tomto pr\u00edpade aj fyzicky, nielen opticky.<\/p>\n\n\n<shortcode prop-load-num=\"12\" prop-display-num=\"4\" prop-sku=\"5903698112336, 5903419919176, 5903698112398, 5903419651441, 5903419651427, 5903698005287, 5903698598956\" prop-view=\"slider\"><\/shortcode>        <div\r\n            class=\"eob-pf-shortcode\"\r\n            id=\"eobpf69f3e711544f6\"\r\n        >\r\n            <shortcode prop-load-num=\"12\" prop-display-num=\"4\" prop-sku=\"5903698112336, 5903419919176, 5903698112398, 5903419651441, 5903419651427, 5903698005287, 5903698598956\" prop-view=\"slider\"><\/shortcode>        <\/div>\r\n\t\t<script>\r\n\t\t\tjQuery(document).ready(() => {\r\n\t\t\t    const root = document.getElementById('eobpf69f3e711544f6');\r\n                Vue.createApp({\r\n\t                components: {\r\n\t                    shortcode\r\n\t                }\r\n                }).mount(root);\r\n\t\t\t});\r\n\t\t<\/script>\r\n\t\t\r\n\t\t\n\n\n\n<p><\/p>\n\n\n\n<h2 class=\"wp-block-heading\"><strong>Top\u00e1nky v telovej farbe predl\u017euj\u00fa nohy<\/strong><\/h2>\n\n\n\n<p>Tento typ top\u00e1nok sp\u00f4sobuje pred\u013a\u017eenie sk\u00f4r optick\u00e9ho charakteru. Top\u00e1nky v odtieni poko\u017eky vytv\u00e1raj\u00fa dojem dlh\u0161\u00edch n\u00f4h, najm\u00e4 ak ide o lodi\u010dky, sand\u00e1le alebo baler\u00edny s odhalen\u00fdm priehlavkom. Efekt sa zosiln\u00ed, ak sa telov\u00e1 farba \u010do najviac pribl\u00ed\u017ei t\u00f3nu poko\u017eky. V\u00e1\u0161 celkov\u00fd vzh\u013ead bude p\u00f4sobi\u0165 dlh\u0161ie, vy\u0161\u0161ie.<\/p>\n\n\n<shortcode prop-load-num=\"12\" prop-display-num=\"4\" prop-sku=\"5906751118665, 5903698297040, 5903698599113, 5905588344056, 5906751088746, 5906751025130, 5906751099490, 5906751116692, 5906751030073, 5906751009833\" prop-view=\"slider\"><\/shortcode>        <div\r\n            class=\"eob-pf-shortcode\"\r\n            id=\"eobpf69f3e711545f3\"\r\n        >\r\n            <shortcode prop-load-num=\"12\" prop-display-num=\"4\" prop-sku=\"5906751118665, 5903698297040, 5903698599113, 5905588344056, 5906751088746, 5906751025130, 5906751099490, 5906751116692, 5906751030073, 5906751009833\" prop-view=\"slider\"><\/shortcode>        <\/div>\r\n\t\t<script>\r\n\t\t\tjQuery(document).ready(() => {\r\n\t\t\t    const root = document.getElementById('eobpf69f3e711545f3');\r\n                Vue.createApp({\r\n\t                components: {\r\n\t                    shortcode\r\n\t                }\r\n                }).mount(root);\r\n\t\t\t});\r\n\t\t<\/script>\r\n\t\t\r\n\t\t\n\n\n\n<p><\/p>\n\n\n\n<h2 class=\"wp-block-heading\"><strong>Lodi\u010dky s ostrou \u0161pi\u010dkou<\/strong><\/h2>\n\n\n\n<p>Top\u00e1nky s \u00fazkou, \u0161picatou&nbsp;\u0161pi\u010dkou p\u00f4sobia pred\u013a\u017eene a elegantne. Tak\u00fdto tvar top\u00e1nky opticky pred\u013a\u017ei nielen chodidlo, ale aj cel\u00fa nohu. Ak si teda chcete prida\u0165&nbsp;aspo\u0148 centimeter-dva, siahnite po lodi\u010dk\u00e1ch s \u00fazkou \u0161pi\u010dkou, ktor\u00e9&nbsp;v\u00e1m tento efekt opticky zaru\u010dia.<\/p>\n\n\n<shortcode prop-load-num=\"12\" prop-display-num=\"4\" prop-sku=\"5906751084977, 5906751018224, 5904862306285, 5903698599250, 5903698173702, 5903698677989, 5903419784866\" prop-view=\"slider\"><\/shortcode>        <div\r\n            class=\"eob-pf-shortcode\"\r\n            id=\"eobpf69f3e7115462b\"\r\n        >\r\n            <shortcode prop-load-num=\"12\" prop-display-num=\"4\" prop-sku=\"5906751084977, 5906751018224, 5904862306285, 5903698599250, 5903698173702, 5903698677989, 5903419784866\" prop-view=\"slider\"><\/shortcode>        <\/div>\r\n\t\t<script>\r\n\t\t\tjQuery(document).ready(() => {\r\n\t\t\t    const root = document.getElementById('eobpf69f3e7115462b');\r\n                Vue.createApp({\r\n\t                components: {\r\n\t                    shortcode\r\n\t                }\r\n                }).mount(root);\r\n\t\t\t});\r\n\t\t<\/script>\r\n\t\t\r\n\t\t\n\n\n\n<p><\/p>\n\n\n\n<h2 class=\"wp-block-heading\"><strong>Jednofarebn\u00fd outfit a top\u00e1nky v rovnakom t\u00f3ne<\/strong><\/h2>\n\n\n\n<p>Ak s\u00fa top\u00e1nky zladen\u00e9&nbsp;s nohavicami alebo pan\u010duchami, vytv\u00e1ra sa jednoliata l\u00ednia, ktor\u00e1 postavu opticky natiahne. To plat\u00ed najm\u00e4 pri tmav\u00fdch odtie\u0148och ako \u010dierna, tmavomodr\u00e1 \u010di \u0161ed\u00e1. Sna\u017ete sa preto o outfit, ktor\u00fd je farebne zladen\u00fd a nie farebne \u201erozbit\u00fd\u201f, prid\u00e1te si tak opticky aspo\u0148 trochu do v\u00fd\u0161ky. A navy\u0161e to p\u00f4sob\u00ed naozaj elegantne a rafinovane.<\/p>\n\n\n\n<h2 class=\"wp-block-heading\"><strong>Nie&nbsp;horizont\u00e1lnym l\u00edni\u00e1m a remienkom okolo \u010dlenka<\/strong><\/h2>\n\n\n\n<p>Remienky, najm\u00e4 hrub\u00e9, ktor\u00e9&nbsp;obop\u00ednaj\u00fa \u010dlenok, skracuj\u00fa nohy a preru\u0161uj\u00fa l\u00edniu. O tomto type top\u00e1nok je zn\u00e1me, \u017ee opticky nohy sk\u00f4r skracuj\u00fa, a tak by mali by\u0165 vo\u013ebou sk\u00f4r vysok\u00fdch&nbsp;\u017eien. Niet sa \u010do \u010dudova\u0165, \u017ee na modelk\u00e1ch je ich vidie\u0165 pomerne \u010dasto. Ak ste teda, naopak, vysok\u00e1 a chcete si opticky p\u00e1r centimetrov ubra\u0165, pre v\u00e1s by tento typ obuvi mohol by\u0165 ten prav\u00fd. Pre tie ni\u017e\u0161ie ale sk\u00f4r nie, vo\u013ete rad\u0161ej lodi\u010dky s v\u00fdrezom na narte v tvare p\u00edsmena V a rozhodne bez remienkov okolo \u010dlenku.<\/p>\n\n\n<shortcode prop-load-num=\"12\" prop-display-num=\"4\" prop-sku=\"5904862303253, 2230083251282, 5903698117546, 5903698604251, 5903698678108, 5903698599250\" prop-view=\"slider\"><\/shortcode>        <div\r\n            class=\"eob-pf-shortcode\"\r\n            id=\"eobpf69f3e71154652\"\r\n        >\r\n            <shortcode prop-load-num=\"12\" prop-display-num=\"4\" prop-sku=\"5904862303253, 2230083251282, 5903698117546, 5903698604251, 5903698678108, 5903698599250\" prop-view=\"slider\"><\/shortcode>        <\/div>\r\n\t\t<script>\r\n\t\t\tjQuery(document).ready(() => {\r\n\t\t\t    const root = document.getElementById('eobpf69f3e71154652');\r\n                Vue.createApp({\r\n\t                components: {\r\n\t                    shortcode\r\n\t                }\r\n                }).mount(root);\r\n\t\t\t});\r\n\t\t<\/script>\r\n\t\t\r\n\t\t\n\n\n\n<p><\/p>\n\n\n\n<h2 class=\"wp-block-heading\"><strong>\u010ci\u017emy a \u010dlenkov\u00e9&nbsp;top\u00e1nky \u2013 pozor na v\u00fd\u0161ku<\/strong><\/h2>\n\n\n\n<p>Ideme s\u00edce do leta, a tak skoro zrejme po \u010di\u017em\u00e1ch a \u010dlenkov\u00fdch&nbsp;\u010di\u017emi\u010dk\u00e1ch nesiahnete, ale ak by ste napr\u00edklad na festival predsa len chceli \u010dlenkov\u00e9, tak pozor na spr\u00e1vny v\u00fdber! N\u00edzke \u017eeny by sa mali vyh\u00fdba\u0165 vysok\u00fdm \u010di\u017em\u00e1m do polovice l\u00fdtok, ktor\u00e9&nbsp;m\u00f4\u017eu skr\u00e1ti\u0165 postavu. Naopak, vo\u013ete \u010dlenkov\u00e9 \u010di\u017emy s \u00fazkym strohom alebo ak v\u00e1s ve\u013emi l\u00e1ka typ \u010di\u017eiem do polovice l\u00fdtok, oble\u010dte si k nim nadkolienky, ide\u00e1lne v rovnakej farbe.<\/p>\n\n\n<shortcode prop-load-num=\"12\" prop-display-num=\"4\" prop-sku=\"5905588988076, 5903419339653, 5905588985006, 5903419218927, 2230084389335, 5905588924630, 5905588925392, 5905588913740, 5905588881476\" prop-view=\"slider\"><\/shortcode>        <div\r\n            class=\"eob-pf-shortcode\"\r\n            id=\"eobpf69f3e71154675\"\r\n        >\r\n            <shortcode prop-load-num=\"12\" prop-display-num=\"4\" prop-sku=\"5905588988076, 5903419339653, 5905588985006, 5903419218927, 2230084389335, 5905588924630, 5905588925392, 5905588913740, 5905588881476\" prop-view=\"slider\"><\/shortcode>        <\/div>\r\n\t\t<script>\r\n\t\t\tjQuery(document).ready(() => {\r\n\t\t\t    const root = document.getElementById('eobpf69f3e71154675');\r\n                Vue.createApp({\r\n\t                components: {\r\n\t                    shortcode\r\n\t                }\r\n                }).mount(root);\r\n\t\t\t});\r\n\t\t<\/script>\r\n\t\t\r\n\t\t\n\n\n\n<p><\/p>\n\n\n\n<h2 class=\"wp-block-heading\"><strong>Minimalistick\u00fd dizajn bez mas\u00edvnych detailov<\/strong><\/h2>\n\n\n\n<p>Mas\u00edvne podr\u00e1\u017eky, objemn\u00e9 \u0161nurovanie, alebo ve\u013ek\u00e9&nbsp;ozdoby m\u00f4\u017eu p\u00f4sobi\u0165 \u0165a\u017ekop\u00e1dne. Pre ni\u017e\u0161iu postavu je lep\u0161ia jemn\u00e1, \u010dist\u00e1 silueta top\u00e1nky. Ono sa niekedy o ni\u017e\u0161\u00edch&nbsp;\u017een\u00e1ch aj hovor\u00ed, \u017ee s\u00fa \u201eskladn\u00e9\u201f, mu\u017ei to pou\u017e\u00edvaj\u00fa celkom milo na vyjadrenie toho, \u017ee ni\u017e\u0161ie&nbsp;\u017eeny sa im vedia pekne \u201eschova\u0165\u201f&nbsp;do n\u00e1ru\u010de. Preto to nekazte top\u00e1nkami, ktor\u00e9&nbsp;z va\u0161ej jemnej \u017eenskej siluety bud\u00fa ma\u0165 tendenciu robi\u0165 \u201etraktoristku\u201f. Vo\u013ete minimalistick\u00fd dizajn, ktor\u00fdm pod\u010diarknete svoju kr\u00e1snu \u017eensk\u00fa energiu.<\/p>\n\n\n\n<div class=\"wp-block-buttons is-content-justification-center is-layout-flex wp-container-core-buttons-is-layout-16018d1d wp-block-buttons-is-layout-flex\">\n<div class=\"wp-block-button is-style-fill\"><a class=\"wp-block-button__link has-custom-font-size wp-element-button\" href=\"https:\/\/ccc.eu\/sk\/\" style=\"border-radius:0px;font-size:15px\">Objavi\u0165 cel\u00fa ponuku CCC<\/a><\/div>\n<\/div>\n\n\n\n<p><\/p>\n\n\n\n<p>Ak ste sa do tohto pr\u00edspevku za\u010d\u00edtali, zrejme to znamen\u00e1, \u017ee m\u00e1te jemn\u00fd vn\u00fatorn\u00fd probl\u00e9m so svojou v\u00fd\u0161kou a chceli by ste ju nejak\u00fdm sp\u00f4sobom pred\u013a\u017ei\u0165. P\u00e1r tipov tu s\u00edce n\u00e1jdete, ale asi ni\u010d nie je d\u00f4le\u017eitej\u0161ie ako milova\u0165 sa tak\u00e9, ak\u00e9&nbsp;sme. Konkr\u00e9tne v\u00fd\u0161ka je nie\u010do,&nbsp;\u010do n\u00e1m je naozaj dan\u00e9&nbsp;do vienka a hoci opticky s t\u00fdm pracova\u0165 vieme, \u010do sa pri niektor\u00fdch pr\u00edle\u017eitostiach ur\u010dite vie z\u00eds\u0165, najlep\u0161ie bude ak budete so sebou samou spokojn\u00e1. Majme v sebe najm\u00e4 v\u010fa\u010dnos\u0165 za v\u0161etko to dobro, ktor\u00e9&nbsp;k n\u00e1m v \u017eivote prich\u00e1dza a ktor\u00e9&nbsp;pri\u0161lo ur\u010dite aj v podobe v\u00fd\u0161ky, ktor\u00e1 je presne tak\u00e1, ak\u00e1 m\u00e1 by\u0165&nbsp;&#8211; ide\u00e1lna pre n\u00e1s. A ak je to potrebn\u00e9&nbsp;pre nejak\u00fa pr\u00edle\u017eitos\u0165 alebo pre n\u00e1\u0161 lep\u0161\u00ed pocit, napr\u00edklad pri konkr\u00e9tnom stretnut\u00ed, siahnime napr\u00edklad po t\u00fdch spr\u00e1vnych top\u00e1nkach.<\/p>\n","protected":false},"excerpt":{"rendered":"<p>V\u00fdber spr\u00e1vnej obuvi m\u00f4\u017ee urobi\u0165 v\u00fdrazn\u00fd rozdiel v celkovom vzh\u013eade, najm\u00e4 u \u017eien ni\u017e\u0161ej postavy. Nemus\u00edte v\u017edy voli\u0165 extr\u00e9mne vysok\u00e9 podp\u00e4tky \u2013 postavu dok\u00e1\u017eete pred\u013a\u017ei\u0165 aj v\u010faka optick\u00fdm trikom, spr\u00e1vnym proporci\u00e1m a \u0161t\u00fdlu, a to elegantne a bez n\u00e1mahy. Zvo\u013ete tie spr\u00e1vne top\u00e1nky.<\/p>\n","protected":false},"author":22,"featured_media":9332,"comment_status":"open","ping_status":"open","sticky":false,"template":"","format":"standard","meta":{"_acf_changed":false,"footnotes":""},"categories":[4],"tags":[659],"class_list":["post-9326","post","type-post","status-publish","format-standard","has-post-thumbnail","hentry","category-modne-tipy","tag-topanky"],"acf":[],"yoast_head":"<!-- This site is optimized with the Yoast SEO plugin v26.9 - https:\/\/yoast.com\/product\/yoast-seo-wordpress\/ -->\n<title>Patr\u00edte medzi ni\u017e\u0161ie\u00a0\u017eeny? Tipy na top\u00e1nky, ktor\u00e9\u00a0opticky zvy\u0161uj\u00fa - blog.ccc.eu\/sk<\/title>\n<meta name=\"description\" content=\"Tipy na top\u00e1nky pre ni\u017e\u0161ie \u017eeny: ako si opticky pred\u013a\u017ei\u0165 postavu bez vysok\u00fdch podp\u00e4tkov \u2013 jednoduch\u00e9 triky, \u0161t\u00fdl a spr\u00e1vny v\u00fdber obuvi. 2026\" \/>\n<meta name=\"robots\" content=\"index, follow, max-snippet:-1, max-image-preview:large, max-video-preview:-1\" \/>\n<link rel=\"canonical\" href=\"https:\/\/blog.ccc.eu\/sk\/patrite-medzi-nizsie-zeny-tipy-na-topanky-ktore-opticky-zvysuju\/\" \/>\n<meta property=\"og:locale\" content=\"sk_SK\" \/>\n<meta property=\"og:type\" content=\"article\" \/>\n<meta property=\"og:title\" content=\"Patr\u00edte medzi ni\u017e\u0161ie\u00a0\u017eeny? Tipy na top\u00e1nky, ktor\u00e9\u00a0opticky zvy\u0161uj\u00fa - blog.ccc.eu\/sk\" \/>\n<meta property=\"og:description\" content=\"Tipy na top\u00e1nky pre ni\u017e\u0161ie \u017eeny: ako si opticky pred\u013a\u017ei\u0165 postavu bez vysok\u00fdch podp\u00e4tkov \u2013 jednoduch\u00e9 triky, \u0161t\u00fdl a spr\u00e1vny v\u00fdber obuvi.\" \/>\n<meta property=\"og:url\" content=\"https:\/\/blog.ccc.eu\/sk\/patrite-medzi-nizsie-zeny-tipy-na-topanky-ktore-opticky-zvysuju\/\" \/>\n<meta property=\"og:site_name\" content=\"blog.ccc.eu\/sk\" \/>\n<meta property=\"article:published_time\" content=\"2025-06-12T14:53:00+00:00\" \/>\n<meta property=\"article:modified_time\" content=\"2025-07-12T22:36:21+00:00\" \/>\n<meta property=\"og:image\" content=\"https:\/\/blog.ccc.eu\/sk\/wp-content\/uploads\/2025\/06\/CCC_590558887448503_02M-Copy.jpg\" \/>\n\t<meta property=\"og:image:width\" content=\"1024\" \/>\n\t<meta property=\"og:image:height\" content=\"683\" \/>\n\t<meta property=\"og:image:type\" content=\"image\/jpeg\" \/>\n<meta name=\"author\" content=\"Kaja\" \/>\n<meta name=\"twitter:card\" content=\"summary_large_image\" \/>\n<meta name=\"twitter:label1\" content=\"Autor\" \/>\n\t<meta name=\"twitter:data1\" content=\"Kaja\" \/>\n\t<meta name=\"twitter:label2\" content=\"Predpokladan\u00fd \u010das \u010d\u00edtania\" \/>\n\t<meta name=\"twitter:data2\" content=\"6 min\u00fat\" \/>\n<script type=\"application\/ld+json\" class=\"yoast-schema-graph\">{\"@context\":\"https:\/\/schema.org\",\"@graph\":[{\"@type\":\"Article\",\"@id\":\"https:\/\/blog.ccc.eu\/sk\/patrite-medzi-nizsie-zeny-tipy-na-topanky-ktore-opticky-zvysuju\/#article\",\"isPartOf\":{\"@id\":\"https:\/\/blog.ccc.eu\/sk\/patrite-medzi-nizsie-zeny-tipy-na-topanky-ktore-opticky-zvysuju\/\"},\"author\":{\"name\":\"Kaja\",\"@id\":\"https:\/\/blog.ccc.eu\/sk\/#\/schema\/person\/399beb3452b4976df83fb9268601a994\"},\"headline\":\"Patr\u00edte medzi ni\u017e\u0161ie\u00a0\u017eeny? Tipy na top\u00e1nky, ktor\u00e9\u00a0opticky zvy\u0161uj\u00fa\",\"datePublished\":\"2025-06-12T14:53:00+00:00\",\"dateModified\":\"2025-07-12T22:36:21+00:00\",\"mainEntityOfPage\":{\"@id\":\"https:\/\/blog.ccc.eu\/sk\/patrite-medzi-nizsie-zeny-tipy-na-topanky-ktore-opticky-zvysuju\/\"},\"wordCount\":1169,\"commentCount\":0,\"publisher\":{\"@id\":\"https:\/\/blog.ccc.eu\/sk\/#organization\"},\"image\":{\"@id\":\"https:\/\/blog.ccc.eu\/sk\/patrite-medzi-nizsie-zeny-tipy-na-topanky-ktore-opticky-zvysuju\/#primaryimage\"},\"thumbnailUrl\":\"https:\/\/blog.ccc.eu\/sk\/wp-content\/uploads\/2025\/06\/CCC_590558887448503_02M-Copy.jpg\",\"keywords\":[\"top\u00e1nky\"],\"articleSection\":[\"M\u00d3DNE TIPY\"],\"inLanguage\":\"sk-SK\",\"potentialAction\":[{\"@type\":\"CommentAction\",\"name\":\"Comment\",\"target\":[\"https:\/\/blog.ccc.eu\/sk\/patrite-medzi-nizsie-zeny-tipy-na-topanky-ktore-opticky-zvysuju\/#respond\"]}]},{\"@type\":\"WebPage\",\"@id\":\"https:\/\/blog.ccc.eu\/sk\/patrite-medzi-nizsie-zeny-tipy-na-topanky-ktore-opticky-zvysuju\/\",\"url\":\"https:\/\/blog.ccc.eu\/sk\/patrite-medzi-nizsie-zeny-tipy-na-topanky-ktore-opticky-zvysuju\/\",\"name\":\"Patr\u00edte medzi ni\u017e\u0161ie\u00a0\u017eeny? Tipy na top\u00e1nky, ktor\u00e9\u00a0opticky zvy\u0161uj\u00fa - blog.ccc.eu\/sk\",\"isPartOf\":{\"@id\":\"https:\/\/blog.ccc.eu\/sk\/#website\"},\"primaryImageOfPage\":{\"@id\":\"https:\/\/blog.ccc.eu\/sk\/patrite-medzi-nizsie-zeny-tipy-na-topanky-ktore-opticky-zvysuju\/#primaryimage\"},\"image\":{\"@id\":\"https:\/\/blog.ccc.eu\/sk\/patrite-medzi-nizsie-zeny-tipy-na-topanky-ktore-opticky-zvysuju\/#primaryimage\"},\"thumbnailUrl\":\"https:\/\/blog.ccc.eu\/sk\/wp-content\/uploads\/2025\/06\/CCC_590558887448503_02M-Copy.jpg\",\"datePublished\":\"2025-06-12T14:53:00+00:00\",\"dateModified\":\"2025-07-12T22:36:21+00:00\",\"description\":\"Tipy na top\u00e1nky pre ni\u017e\u0161ie \u017eeny: ako si opticky pred\u013a\u017ei\u0165 postavu bez vysok\u00fdch podp\u00e4tkov \u2013 jednoduch\u00e9 triky, \u0161t\u00fdl a spr\u00e1vny v\u00fdber obuvi.\",\"breadcrumb\":{\"@id\":\"https:\/\/blog.ccc.eu\/sk\/patrite-medzi-nizsie-zeny-tipy-na-topanky-ktore-opticky-zvysuju\/#breadcrumb\"},\"inLanguage\":\"sk-SK\",\"potentialAction\":[{\"@type\":\"ReadAction\",\"target\":[\"https:\/\/blog.ccc.eu\/sk\/patrite-medzi-nizsie-zeny-tipy-na-topanky-ktore-opticky-zvysuju\/\"]}]},{\"@type\":\"ImageObject\",\"inLanguage\":\"sk-SK\",\"@id\":\"https:\/\/blog.ccc.eu\/sk\/patrite-medzi-nizsie-zeny-tipy-na-topanky-ktore-opticky-zvysuju\/#primaryimage\",\"url\":\"https:\/\/blog.ccc.eu\/sk\/wp-content\/uploads\/2025\/06\/CCC_590558887448503_02M-Copy.jpg\",\"contentUrl\":\"https:\/\/blog.ccc.eu\/sk\/wp-content\/uploads\/2025\/06\/CCC_590558887448503_02M-Copy.jpg\",\"width\":1024,\"height\":683,\"caption\":\"top\u00e1nky\"},{\"@type\":\"BreadcrumbList\",\"@id\":\"https:\/\/blog.ccc.eu\/sk\/patrite-medzi-nizsie-zeny-tipy-na-topanky-ktore-opticky-zvysuju\/#breadcrumb\",\"itemListElement\":[{\"@type\":\"ListItem\",\"position\":1,\"name\":\"Strona g\u0142\u00f3wna\",\"item\":\"https:\/\/blog.ccc.eu\/sk\/\"},{\"@type\":\"ListItem\",\"position\":2,\"name\":\"Patr\u00edte medzi ni\u017e\u0161ie\u00a0\u017eeny? Tipy na top\u00e1nky, ktor\u00e9\u00a0opticky zvy\u0161uj\u00fa\"}]},{\"@type\":\"WebSite\",\"@id\":\"https:\/\/blog.ccc.eu\/sk\/#website\",\"url\":\"https:\/\/blog.ccc.eu\/sk\/\",\"name\":\"blog.ccc.eu\/sk\",\"description\":\"Va\u0161e miesto pln\u00e9 m\u00f3dnych in\u0161pir\u00e1ci\u00ed\",\"publisher\":{\"@id\":\"https:\/\/blog.ccc.eu\/sk\/#organization\"},\"potentialAction\":[{\"@type\":\"SearchAction\",\"target\":{\"@type\":\"EntryPoint\",\"urlTemplate\":\"https:\/\/blog.ccc.eu\/sk\/?s={search_term_string}\"},\"query-input\":{\"@type\":\"PropertyValueSpecification\",\"valueRequired\":true,\"valueName\":\"search_term_string\"}}],\"inLanguage\":\"sk-SK\"},{\"@type\":\"Organization\",\"@id\":\"https:\/\/blog.ccc.eu\/sk\/#organization\",\"name\":\"CCC S.A.\",\"url\":\"https:\/\/blog.ccc.eu\/sk\/\",\"logo\":{\"@type\":\"ImageObject\",\"inLanguage\":\"sk-SK\",\"@id\":\"https:\/\/blog.ccc.eu\/sk\/#\/schema\/logo\/image\/\",\"url\":\"https:\/\/blog.ccc.eu\/sk\/wp-content\/uploads\/2021\/11\/logo_ccc.png\",\"contentUrl\":\"https:\/\/blog.ccc.eu\/sk\/wp-content\/uploads\/2021\/11\/logo_ccc.png\",\"width\":730,\"height\":270,\"caption\":\"CCC S.A.\"},\"image\":{\"@id\":\"https:\/\/blog.ccc.eu\/sk\/#\/schema\/logo\/image\/\"}},{\"@type\":\"Person\",\"@id\":\"https:\/\/blog.ccc.eu\/sk\/#\/schema\/person\/399beb3452b4976df83fb9268601a994\",\"name\":\"Kaja\",\"image\":{\"@type\":\"ImageObject\",\"inLanguage\":\"sk-SK\",\"@id\":\"https:\/\/blog.ccc.eu\/sk\/#\/schema\/person\/image\/\",\"url\":\"https:\/\/blog.ccc.eu\/sk\/wp-content\/uploads\/2024\/06\/white-1-100x100.jpg\",\"contentUrl\":\"https:\/\/blog.ccc.eu\/sk\/wp-content\/uploads\/2024\/06\/white-1-100x100.jpg\",\"caption\":\"Kaja\"},\"description\":\"U\u017e od pubert\u00e1lnych \u010dias sa venuje pr\u00e1ci v m\u00e9di\u00e1ch a p\u00edsaniu. Z kon\u00ed\u010dka sa stalo \u017eivobytie, ktor\u00e9 jej z\u00e1rove\u0148 dalo dostatok slobody na to, aby mohla pomerne ve\u013ea cestova\u0165 a spozn\u00e1va\u0165 svet a rozli\u010dn\u00e9 kult\u00fary. Energiu jej dod\u00e1va \u010d\u00edtanie kn\u00edh, voda a hudba.\",\"url\":\"https:\/\/blog.ccc.eu\/sk\/author\/perlamakovienka-sk\/\"}]}<\/script>\n<!-- \/ Yoast SEO plugin. -->","yoast_head_json":{"title":"Patr\u00edte medzi ni\u017e\u0161ie\u00a0\u017eeny? Tipy na top\u00e1nky, ktor\u00e9\u00a0opticky zvy\u0161uj\u00fa - blog.ccc.eu\/sk","description":"Tipy na top\u00e1nky pre ni\u017e\u0161ie \u017eeny: ako si opticky pred\u013a\u017ei\u0165 postavu bez vysok\u00fdch podp\u00e4tkov \u2013 jednoduch\u00e9 triky, \u0161t\u00fdl a spr\u00e1vny v\u00fdber obuvi. 2026","robots":{"index":"index","follow":"follow","max-snippet":"max-snippet:-1","max-image-preview":"max-image-preview:large","max-video-preview":"max-video-preview:-1"},"canonical":"https:\/\/blog.ccc.eu\/sk\/patrite-medzi-nizsie-zeny-tipy-na-topanky-ktore-opticky-zvysuju\/","og_locale":"sk_SK","og_type":"article","og_title":"Patr\u00edte medzi ni\u017e\u0161ie\u00a0\u017eeny? Tipy na top\u00e1nky, ktor\u00e9\u00a0opticky zvy\u0161uj\u00fa - blog.ccc.eu\/sk","og_description":"Tipy na top\u00e1nky pre ni\u017e\u0161ie \u017eeny: ako si opticky pred\u013a\u017ei\u0165 postavu bez vysok\u00fdch podp\u00e4tkov \u2013 jednoduch\u00e9 triky, \u0161t\u00fdl a spr\u00e1vny v\u00fdber obuvi.","og_url":"https:\/\/blog.ccc.eu\/sk\/patrite-medzi-nizsie-zeny-tipy-na-topanky-ktore-opticky-zvysuju\/","og_site_name":"blog.ccc.eu\/sk","article_published_time":"2025-06-12T14:53:00+00:00","article_modified_time":"2025-07-12T22:36:21+00:00","og_image":[{"width":1024,"height":683,"url":"https:\/\/blog.ccc.eu\/sk\/wp-content\/uploads\/2025\/06\/CCC_590558887448503_02M-Copy.jpg","type":"image\/jpeg"}],"author":"Kaja","twitter_card":"summary_large_image","twitter_misc":{"Autor":"Kaja","Predpokladan\u00fd \u010das \u010d\u00edtania":"6 min\u00fat"},"schema":{"@context":"https:\/\/schema.org","@graph":[{"@type":"Article","@id":"https:\/\/blog.ccc.eu\/sk\/patrite-medzi-nizsie-zeny-tipy-na-topanky-ktore-opticky-zvysuju\/#article","isPartOf":{"@id":"https:\/\/blog.ccc.eu\/sk\/patrite-medzi-nizsie-zeny-tipy-na-topanky-ktore-opticky-zvysuju\/"},"author":{"name":"Kaja","@id":"https:\/\/blog.ccc.eu\/sk\/#\/schema\/person\/399beb3452b4976df83fb9268601a994"},"headline":"Patr\u00edte medzi ni\u017e\u0161ie\u00a0\u017eeny? Tipy na top\u00e1nky, ktor\u00e9\u00a0opticky zvy\u0161uj\u00fa","datePublished":"2025-06-12T14:53:00+00:00","dateModified":"2025-07-12T22:36:21+00:00","mainEntityOfPage":{"@id":"https:\/\/blog.ccc.eu\/sk\/patrite-medzi-nizsie-zeny-tipy-na-topanky-ktore-opticky-zvysuju\/"},"wordCount":1169,"commentCount":0,"publisher":{"@id":"https:\/\/blog.ccc.eu\/sk\/#organization"},"image":{"@id":"https:\/\/blog.ccc.eu\/sk\/patrite-medzi-nizsie-zeny-tipy-na-topanky-ktore-opticky-zvysuju\/#primaryimage"},"thumbnailUrl":"https:\/\/blog.ccc.eu\/sk\/wp-content\/uploads\/2025\/06\/CCC_590558887448503_02M-Copy.jpg","keywords":["top\u00e1nky"],"articleSection":["M\u00d3DNE TIPY"],"inLanguage":"sk-SK","potentialAction":[{"@type":"CommentAction","name":"Comment","target":["https:\/\/blog.ccc.eu\/sk\/patrite-medzi-nizsie-zeny-tipy-na-topanky-ktore-opticky-zvysuju\/#respond"]}]},{"@type":"WebPage","@id":"https:\/\/blog.ccc.eu\/sk\/patrite-medzi-nizsie-zeny-tipy-na-topanky-ktore-opticky-zvysuju\/","url":"https:\/\/blog.ccc.eu\/sk\/patrite-medzi-nizsie-zeny-tipy-na-topanky-ktore-opticky-zvysuju\/","name":"Patr\u00edte medzi ni\u017e\u0161ie\u00a0\u017eeny? Tipy na top\u00e1nky, ktor\u00e9\u00a0opticky zvy\u0161uj\u00fa - blog.ccc.eu\/sk","isPartOf":{"@id":"https:\/\/blog.ccc.eu\/sk\/#website"},"primaryImageOfPage":{"@id":"https:\/\/blog.ccc.eu\/sk\/patrite-medzi-nizsie-zeny-tipy-na-topanky-ktore-opticky-zvysuju\/#primaryimage"},"image":{"@id":"https:\/\/blog.ccc.eu\/sk\/patrite-medzi-nizsie-zeny-tipy-na-topanky-ktore-opticky-zvysuju\/#primaryimage"},"thumbnailUrl":"https:\/\/blog.ccc.eu\/sk\/wp-content\/uploads\/2025\/06\/CCC_590558887448503_02M-Copy.jpg","datePublished":"2025-06-12T14:53:00+00:00","dateModified":"2025-07-12T22:36:21+00:00","description":"Tipy na top\u00e1nky pre ni\u017e\u0161ie \u017eeny: ako si opticky pred\u013a\u017ei\u0165 postavu bez vysok\u00fdch podp\u00e4tkov \u2013 jednoduch\u00e9 triky, \u0161t\u00fdl a spr\u00e1vny v\u00fdber obuvi.","breadcrumb":{"@id":"https:\/\/blog.ccc.eu\/sk\/patrite-medzi-nizsie-zeny-tipy-na-topanky-ktore-opticky-zvysuju\/#breadcrumb"},"inLanguage":"sk-SK","potentialAction":[{"@type":"ReadAction","target":["https:\/\/blog.ccc.eu\/sk\/patrite-medzi-nizsie-zeny-tipy-na-topanky-ktore-opticky-zvysuju\/"]}]},{"@type":"ImageObject","inLanguage":"sk-SK","@id":"https:\/\/blog.ccc.eu\/sk\/patrite-medzi-nizsie-zeny-tipy-na-topanky-ktore-opticky-zvysuju\/#primaryimage","url":"https:\/\/blog.ccc.eu\/sk\/wp-content\/uploads\/2025\/06\/CCC_590558887448503_02M-Copy.jpg","contentUrl":"https:\/\/blog.ccc.eu\/sk\/wp-content\/uploads\/2025\/06\/CCC_590558887448503_02M-Copy.jpg","width":1024,"height":683,"caption":"top\u00e1nky"},{"@type":"BreadcrumbList","@id":"https:\/\/blog.ccc.eu\/sk\/patrite-medzi-nizsie-zeny-tipy-na-topanky-ktore-opticky-zvysuju\/#breadcrumb","itemListElement":[{"@type":"ListItem","position":1,"name":"Strona g\u0142\u00f3wna","item":"https:\/\/blog.ccc.eu\/sk\/"},{"@type":"ListItem","position":2,"name":"Patr\u00edte medzi ni\u017e\u0161ie\u00a0\u017eeny? Tipy na top\u00e1nky, ktor\u00e9\u00a0opticky zvy\u0161uj\u00fa"}]},{"@type":"WebSite","@id":"https:\/\/blog.ccc.eu\/sk\/#website","url":"https:\/\/blog.ccc.eu\/sk\/","name":"blog.ccc.eu\/sk","description":"Va\u0161e miesto pln\u00e9 m\u00f3dnych in\u0161pir\u00e1ci\u00ed","publisher":{"@id":"https:\/\/blog.ccc.eu\/sk\/#organization"},"potentialAction":[{"@type":"SearchAction","target":{"@type":"EntryPoint","urlTemplate":"https:\/\/blog.ccc.eu\/sk\/?s={search_term_string}"},"query-input":{"@type":"PropertyValueSpecification","valueRequired":true,"valueName":"search_term_string"}}],"inLanguage":"sk-SK"},{"@type":"Organization","@id":"https:\/\/blog.ccc.eu\/sk\/#organization","name":"CCC S.A.","url":"https:\/\/blog.ccc.eu\/sk\/","logo":{"@type":"ImageObject","inLanguage":"sk-SK","@id":"https:\/\/blog.ccc.eu\/sk\/#\/schema\/logo\/image\/","url":"https:\/\/blog.ccc.eu\/sk\/wp-content\/uploads\/2021\/11\/logo_ccc.png","contentUrl":"https:\/\/blog.ccc.eu\/sk\/wp-content\/uploads\/2021\/11\/logo_ccc.png","width":730,"height":270,"caption":"CCC S.A."},"image":{"@id":"https:\/\/blog.ccc.eu\/sk\/#\/schema\/logo\/image\/"}},{"@type":"Person","@id":"https:\/\/blog.ccc.eu\/sk\/#\/schema\/person\/399beb3452b4976df83fb9268601a994","name":"Kaja","image":{"@type":"ImageObject","inLanguage":"sk-SK","@id":"https:\/\/blog.ccc.eu\/sk\/#\/schema\/person\/image\/","url":"https:\/\/blog.ccc.eu\/sk\/wp-content\/uploads\/2024\/06\/white-1-100x100.jpg","contentUrl":"https:\/\/blog.ccc.eu\/sk\/wp-content\/uploads\/2024\/06\/white-1-100x100.jpg","caption":"Kaja"},"description":"U\u017e od pubert\u00e1lnych \u010dias sa venuje pr\u00e1ci v m\u00e9di\u00e1ch a p\u00edsaniu. Z kon\u00ed\u010dka sa stalo \u017eivobytie, ktor\u00e9 jej z\u00e1rove\u0148 dalo dostatok slobody na to, aby mohla pomerne ve\u013ea cestova\u0165 a spozn\u00e1va\u0165 svet a rozli\u010dn\u00e9 kult\u00fary. Energiu jej dod\u00e1va \u010d\u00edtanie kn\u00edh, voda a hudba.","url":"https:\/\/blog.ccc.eu\/sk\/author\/perlamakovienka-sk\/"}]}},"_links":{"self":[{"href":"https:\/\/blog.ccc.eu\/sk\/wp-json\/wp\/v2\/posts\/9326","targetHints":{"allow":["GET"]}}],"collection":[{"href":"https:\/\/blog.ccc.eu\/sk\/wp-json\/wp\/v2\/posts"}],"about":[{"href":"https:\/\/blog.ccc.eu\/sk\/wp-json\/wp\/v2\/types\/post"}],"author":[{"embeddable":true,"href":"https:\/\/blog.ccc.eu\/sk\/wp-json\/wp\/v2\/users\/22"}],"replies":[{"embeddable":true,"href":"https:\/\/blog.ccc.eu\/sk\/wp-json\/wp\/v2\/comments?post=9326"}],"version-history":[{"count":4,"href":"https:\/\/blog.ccc.eu\/sk\/wp-json\/wp\/v2\/posts\/9326\/revisions"}],"predecessor-version":[{"id":9398,"href":"https:\/\/blog.ccc.eu\/sk\/wp-json\/wp\/v2\/posts\/9326\/revisions\/9398"}],"wp:featuredmedia":[{"embeddable":true,"href":"https:\/\/blog.ccc.eu\/sk\/wp-json\/wp\/v2\/media\/9332"}],"wp:attachment":[{"href":"https:\/\/blog.ccc.eu\/sk\/wp-json\/wp\/v2\/media?parent=9326"}],"wp:term":[{"taxonomy":"category","embeddable":true,"href":"https:\/\/blog.ccc.eu\/sk\/wp-json\/wp\/v2\/categories?post=9326"},{"taxonomy":"post_tag","embeddable":true,"href":"https:\/\/blog.ccc.eu\/sk\/wp-json\/wp\/v2\/tags?post=9326"}],"curies":[{"name":"wp","href":"https:\/\/api.w.org\/{rel}","templated":true}]}}