{"id":9448,"date":"2025-07-26T08:10:19","date_gmt":"2025-07-26T06:10:19","guid":{"rendered":"https:\/\/blog.ccc.eu\/sk\/?p=9448"},"modified":"2025-09-16T23:44:01","modified_gmt":"2025-09-16T21:44:01","slug":"odolne-kabelky-na-festivaly-styl-ktory-zvladne-aj-blato-a-davy","status":"publish","type":"post","link":"https:\/\/blog.ccc.eu\/sk\/odolne-kabelky-na-festivaly-styl-ktory-zvladne-aj-blato-a-davy\/","title":{"rendered":"Odoln\u00e9\u00a0kabelky na festivaly: \u0160t\u00fdl, ktor\u00fd zvl\u00e1dne aj blato a davy"},"content":{"rendered":"\n<p><em>Letn\u00e9 hudobn\u00e9 festivaly, open-air podujatia a v\u00edkendov\u00e9 kult\u00farne akcie sp\u00e1jaj\u00fa vo\u013enos\u0165, pohyb a z\u00e1\u017eitky, no z\u00e1rove\u0148 klad\u00fa n\u00e1ro\u010dn\u00e9 po\u017eiadavky na v\u00fdbavu, ktor\u00fa si \u010dlovek so sebou berie. Medzi z\u00e1kladn\u00e9&nbsp;prvky patr\u00ed praktick\u00e1, \u013eahk\u00e1 a najm\u00e4 odoln\u00e1 kabelka. V ide\u00e1lnom pr\u00edpade by mala sp\u013a\u0148a\u0165 n\u00e1roky na pohodlie, organiz\u00e1ciu vec\u00ed, a z\u00e1rove\u0148 obst\u00e1\u0165 v prostred\u00ed plnom prachu, blata \u010di hust\u00fdch davov.<\/em><\/p>\n\n\n\n<figure class=\"wp-block-gallery has-nested-images columns-default is-cropped wp-block-gallery-1 is-layout-flex wp-block-gallery-is-layout-flex\">\n<figure class=\"wp-block-image size-large\"><img loading=\"lazy\" decoding=\"async\" width=\"1024\" height=\"768\" data-id=\"9451\" src=\"https:\/\/blog.ccc.eu\/sk\/wp-content\/uploads\/2025\/07\/CCC_JF_SS22_05-1-1024x768.jpg\" alt=\"labelky\" class=\"wp-image-9451\" srcset=\"https:\/\/blog.ccc.eu\/sk\/wp-content\/uploads\/2025\/07\/CCC_JF_SS22_05-1-1024x768.jpg 1024w, https:\/\/blog.ccc.eu\/sk\/wp-content\/uploads\/2025\/07\/CCC_JF_SS22_05-1-300x225.jpg 300w, https:\/\/blog.ccc.eu\/sk\/wp-content\/uploads\/2025\/07\/CCC_JF_SS22_05-1-768x576.jpg 768w, https:\/\/blog.ccc.eu\/sk\/wp-content\/uploads\/2025\/07\/CCC_JF_SS22_05-1-100x75.jpg 100w, https:\/\/blog.ccc.eu\/sk\/wp-content\/uploads\/2025\/07\/CCC_JF_SS22_05-1.jpg 1500w\" sizes=\"auto, (max-width: 1024px) 100vw, 1024px\" \/><\/figure>\n\n\n\n<figure class=\"wp-block-image size-large\"><img loading=\"lazy\" decoding=\"async\" width=\"768\" height=\"1024\" data-id=\"9450\" src=\"https:\/\/blog.ccc.eu\/sk\/wp-content\/uploads\/2025\/07\/CCC_JF_SS22_06-768x1024.jpg\" alt=\"\" class=\"wp-image-9450\" srcset=\"https:\/\/blog.ccc.eu\/sk\/wp-content\/uploads\/2025\/07\/CCC_JF_SS22_06-768x1024.jpg 768w, https:\/\/blog.ccc.eu\/sk\/wp-content\/uploads\/2025\/07\/CCC_JF_SS22_06-225x300.jpg 225w, https:\/\/blog.ccc.eu\/sk\/wp-content\/uploads\/2025\/07\/CCC_JF_SS22_06-100x133.jpg 100w, https:\/\/blog.ccc.eu\/sk\/wp-content\/uploads\/2025\/07\/CCC_JF_SS22_06.jpg 1125w\" sizes=\"auto, (max-width: 768px) 100vw, 768px\" \/><\/figure>\n<\/figure>\n\n\n\n<p>A&nbsp;\u00eds\u0165 niekam bez kabelky znamen\u00e1 ma\u0165 pln\u00e9&nbsp;ruky, \u010do nikto z n\u00e1s nechce. Tak\u017ee verzia,&nbsp;\u017ee nepotrebujeme ni\u010d &#8211; nie je ve\u013emi pravdiv\u00e1. Pri v\u00fdbere kabelky na letn\u00e9 akcie treba zoh\u013eadni\u0165 mno\u017estvo vec\u00ed, ktor\u00e9 potrebujete. Ve\u013ekos\u0165 a objem kabelky si preto ur\u010dite ka\u017ed\u00e1 zvol\u00ed pod\u013ea svojich potrieb a mno\u017estva vec\u00ed, ktor\u00e9 chce ma\u0165 so sebou. \u010co je d\u00f4le\u017eit\u00fdm faktorom, to je rozhodne kvalita kabelky. Po\u010fme si teda posvieti\u0165 na to, ako si vybra\u0165 kabelku, ktor\u00e1 pre\u017eije aj letn\u00fd festival a mo\u017eno dokonca aj ten bud\u00facoro\u010dn\u00fd.<\/p>\n\n\n\n<p><\/p>\n\n\n\n<p><strong>\u010co by mala sp\u013a\u0148a\u0165 festivalov\u00e1&nbsp;kabelka?<\/strong><\/p>\n\n\n\n<h2 class=\"wp-block-heading\"><strong>Odolnos\u0165 vo\u010di vode a \u0161pine<\/strong><\/h2>\n\n\n\n<p>Festivaly sa \u010dasto odohr\u00e1vaj\u00fa v pr\u00edrodnom prostred\u00ed, kde sa po\u010dasie m\u00f4\u017ee r\u00fdchlo zmeni\u0165. Kabelka by mala by\u0165 vyroben\u00e1 z nepremokav\u00e9ho alebo \u013eahko um\u00fdvate\u013en\u00e9ho materi\u00e1lu, ako s\u00fa polyester, nyl\u00f3n, technick\u00e1 ko\u017ea alebo voskovan\u00e9 pl\u00e1tno.<\/p>\n\n\n<shortcode prop-load-num=\"12\" prop-display-num=\"4\" prop-sku=\"5906751157121, 5906751038765, 5906751044599, 5906751043677\" prop-view=\"slider\"><\/shortcode>        <div\r\n            class=\"eob-pf-shortcode\"\r\n            id=\"eobpf69f4228100c8c\"\r\n        >\r\n            <shortcode prop-load-num=\"12\" prop-display-num=\"4\" prop-sku=\"5906751157121, 5906751038765, 5906751044599, 5906751043677\" prop-view=\"slider\"><\/shortcode>        <\/div>\r\n\t\t<script>\r\n\t\t\tjQuery(document).ready(() => {\r\n\t\t\t    const root = document.getElementById('eobpf69f4228100c8c');\r\n                Vue.createApp({\r\n\t                components: {\r\n\t                    shortcode\r\n\t                }\r\n                }).mount(root);\r\n\t\t\t});\r\n\t\t<\/script>\r\n\t\t\r\n\t\t\n\n\n\n<p><\/p>\n\n\n\n<h2 class=\"wp-block-heading\"><strong>Bezpe\u010dn\u00e9 uzatv\u00e1ran<\/strong>ie<\/h2>\n\n\n\n<p>Kv\u00f4li davu \u013eud\u00ed je d\u00f4le\u017eit\u00e9, aby kabelka mala zips alebo in\u00fd bezpe\u010dn\u00fd sp\u00f4sob uzatv\u00e1rania.&nbsp;Ale najlep\u0161ou vo\u013ebou je v t\u00fdchto pr\u00edpadoch jednozna\u010dne zips. Ide\u00e1lne s\u00fa aj vn\u00fatorn\u00e9 vreck\u00e1 na doklady a peniaze, ktor\u00e9 zni\u017euj\u00fa riziko kr\u00e1de\u017ee.Pozorne si zap\u00ednanie prezrite, \u010di sa zips neotv\u00e1ra s\u00e1m alebo nem\u00e1 nejak\u00e9&nbsp;po\u0161kodenie, ktor\u00e9&nbsp;by mohlo nazna\u010di\u0165, \u017ee by podobne n\u00e1ro\u010dn\u00fa akciu nemusel pre\u017ei\u0165. Tu absol\u00fatne plat\u00ed, \u017ee kvalita stoj\u00ed nad v\u0161etk\u00fdm.<\/p>\n\n\n<shortcode prop-load-num=\"12\" prop-display-num=\"4\" prop-sku=\"5904862908786, 5906751039212, 5906751039878, 5906751160824, 5906751030738\" prop-view=\"slider\"><\/shortcode>        <div\r\n            class=\"eob-pf-shortcode\"\r\n            id=\"eobpf69f4228100d9c\"\r\n        >\r\n            <shortcode prop-load-num=\"12\" prop-display-num=\"4\" prop-sku=\"5904862908786, 5906751039212, 5906751039878, 5906751160824, 5906751030738\" prop-view=\"slider\"><\/shortcode>        <\/div>\r\n\t\t<script>\r\n\t\t\tjQuery(document).ready(() => {\r\n\t\t\t    const root = document.getElementById('eobpf69f4228100d9c');\r\n                Vue.createApp({\r\n\t                components: {\r\n\t                    shortcode\r\n\t                }\r\n                }).mount(root);\r\n\t\t\t});\r\n\t\t<\/script>\r\n\t\t\r\n\t\t\n\n\n\n<p><\/p>\n\n\n\n<h2 class=\"wp-block-heading\"><strong>Kopaktnos\u0165 a \u013eahk<\/strong>os\u0165<\/h2>\n\n\n\n<p>Festivalov\u00e1 kabelka by nemala by\u0165 zbyto\u010dne \u0165a\u017ek\u00e1. Mala by pon\u00faka\u0165 dostatok priestoru na najnutnej\u0161ie veci \u2013 telef\u00f3n, powerbanku, hygienick\u00e9&nbsp;potreby, slne\u010dn\u00e9&nbsp;okuliare \u010di mal\u00fa f\u013ea\u0161u vody \u2013 no nemala by pre\u0165a\u017eova\u0165 plece ani chrbticu. Predstavte si predsa, \u017ee s \u0148ou chod\u00edte po stanoch a tr\u00e1ve cel\u00fd de\u0148. Myslite na zdravie svojej chrbtice a tie\u017e na to, \u017ee po celom dni na noh\u00e1ch v\u00e1s bude \u0165a\u017ei\u0165 dr\u017ea\u0165 v\u00f4bec v\u00e1hu svojho tela a nieto e\u0161te zbyto\u010dne \u0165a\u017ek\u00fa kabelku. Kabelka m\u00e1 by\u0165 \u013eahk\u00e1, aby ste mali priestor na jej obsah &#8211; to je z\u00e1kladn\u00fd postul\u00e1t.<\/p>\n\n\n<shortcode prop-load-num=\"12\" prop-display-num=\"4\" prop-sku=\"5906751016459, 5906751007099, 5904862929835, 5904862929736, 5904862927794\" prop-view=\"slider\"><\/shortcode>        <div\r\n            class=\"eob-pf-shortcode\"\r\n            id=\"eobpf69f4228100dd2\"\r\n        >\r\n            <shortcode prop-load-num=\"12\" prop-display-num=\"4\" prop-sku=\"5906751016459, 5906751007099, 5904862929835, 5904862929736, 5904862927794\" prop-view=\"slider\"><\/shortcode>        <\/div>\r\n\t\t<script>\r\n\t\t\tjQuery(document).ready(() => {\r\n\t\t\t    const root = document.getElementById('eobpf69f4228100dd2');\r\n                Vue.createApp({\r\n\t                components: {\r\n\t                    shortcode\r\n\t                }\r\n                }).mount(root);\r\n\t\t\t});\r\n\t\t<\/script>\r\n\t\t\r\n\t\t\n\n\n\n<p><\/p>\n\n\n\n<h2 class=\"wp-block-heading\"><strong>Pohodln\u00fd sp\u00f4sob nosenia<\/strong><\/h2>\n\n\n\n<p><a href=\"https:\/\/ccc.eu\/sk\/kabelky\/damske-kabelky\/kabelky-crossbody\">Crossbody<\/a> modely s nastavite\u013en\u00fdm popruhom prin\u00e1\u0161aj\u00fa praktickos\u0165 \u2013 umo\u017e\u0148uj\u00fa vo\u013en\u00e9 ruky a rovnomerne rozkladaj\u00fa v\u00e1hu. Pod\u013ea m\u00f4jho n\u00e1zoru tieto kabelky vyzeraj\u00fa skvele, p\u00f4sobia \u0161t\u00fdlovo a perfektne ladia so v\u0161etk\u00fdmi letn\u00fdmi outfitmi. Pri batohoch je vhodn\u00e9 zvoli\u0165 men\u0161iu ve\u013ekos\u0165 a zabezpe\u010di\u0165 ich proti kr\u00e1de\u017ei. Nejde len o to, \u017ee v\u00e1m z bat\u00f4\u017eteka m\u00f4\u017ee niekto nie\u010do \u201e\u010dmajzn\u00fa\u0165\u201f, ale aj o to, \u017ee n\u00edm m\u00f4\u017eete b\u00facha\u0165 druh\u00fdch\u00a0\u013eud\u00ed stojacich za vami a ani si to nemus\u00edte uvedomova\u0165.<\/p>\n\n\n<shortcode prop-load-num=\"12\" prop-display-num=\"4\" prop-sku=\"5906751146453, 5906751038864, 5906751016459, 5906751011393, 5904862337463, 5904862911168, 5905588940739\" prop-view=\"slider\"><\/shortcode>        <div\r\n            class=\"eob-pf-shortcode\"\r\n            id=\"eobpf69f4228100dfa\"\r\n        >\r\n            <shortcode prop-load-num=\"12\" prop-display-num=\"4\" prop-sku=\"5906751146453, 5906751038864, 5906751016459, 5906751011393, 5904862337463, 5904862911168, 5905588940739\" prop-view=\"slider\"><\/shortcode>        <\/div>\r\n\t\t<script>\r\n\t\t\tjQuery(document).ready(() => {\r\n\t\t\t    const root = document.getElementById('eobpf69f4228100dfa');\r\n                Vue.createApp({\r\n\t                components: {\r\n\t                    shortcode\r\n\t                }\r\n                }).mount(root);\r\n\t\t\t});\r\n\t\t<\/script>\r\n\t\t\r\n\t\t\n\n\n\n<p><\/p>\n\n\n\n<p><strong>Odpor\u00fa\u010dan\u00e9&nbsp;typy kabeliek na festivaly<\/strong><\/p>\n\n\n\n<h2 class=\"wp-block-heading\"><strong>Crossbody ta\u0161ky z technick\u00fdch materi\u00e1lov<\/strong><\/h2>\n\n\n\n<p><a href=\"https:\/\/ccc.eu\/sk\/kabelky\/damske-kabelky\/kabelky-crossbody\">Minimalistick\u00e9<\/a>\u00a0modely s viacero priehradkami a odolnou tkaninou, ide\u00e1lne s pogumovanou vrstvou alebo z vodeodoln\u00e9ho polyesteru. Vhodn\u00e9\u00a0s\u00fa tmav\u0161ie farby alebo mask\u00e1\u010dov\u00e9\u00a0vzory, na ktor\u00fdch nevidno \u0161pinu. Ale nie je to nevyhnutnos\u0165.<\/p>\n\n\n<shortcode prop-load-num=\"12\" prop-display-num=\"4\" prop-sku=\"5904862311166, 5904248136147, 5904248136154, 5903419783722, 5906751269626\" prop-view=\"slider\"><\/shortcode>        <div\r\n            class=\"eob-pf-shortcode\"\r\n            id=\"eobpf69f4228100e1c\"\r\n        >\r\n            <shortcode prop-load-num=\"12\" prop-display-num=\"4\" prop-sku=\"5904862311166, 5904248136147, 5904248136154, 5903419783722, 5906751269626\" prop-view=\"slider\"><\/shortcode>        <\/div>\r\n\t\t<script>\r\n\t\t\tjQuery(document).ready(() => {\r\n\t\t\t    const root = document.getElementById('eobpf69f4228100e1c');\r\n                Vue.createApp({\r\n\t                components: {\r\n\t                    shortcode\r\n\t                }\r\n                }).mount(root);\r\n\t\t\t});\r\n\t\t<\/script>\r\n\t\t\r\n\t\t\n\n\n\n<p><\/p>\n\n\n\n<h2 class=\"wp-block-heading\"><strong>\u013dadvinky a &#8222;belt bags&#8220;<\/strong><\/h2>\n\n\n\n<p>Ide\u00e1lne pre n\u00e1v\u0161tevn\u00edkov, ktor\u00ed nechc\u00fa nosi\u0165 ni\u010d&nbsp;na ramen\u00e1ch. Umo\u017e\u0148uj\u00fa ma\u0165 v\u0161etko pod doh\u013eadom a minimalizuj\u00fa riziko straty. Mnoh\u00e9&nbsp;modely dnes kombinuj\u00fa m\u00f3du a funk\u010dnos\u0165 \u2013 s vodeodoln\u00fdmi zipsami, reflexn\u00fdmi prvkami a dizajnom, ktor\u00fd lad\u00ed s festivalov\u00fdm outfitom.<\/p>\n\n\n<shortcode prop-load-num=\"12\" prop-display-num=\"4\" prop-sku=\"5903419918100, 5903698632346, 5905588622673, 2230083245588, 5906751225073\" prop-view=\"slider\"><\/shortcode>        <div\r\n            class=\"eob-pf-shortcode\"\r\n            id=\"eobpf69f4228100e3c\"\r\n        >\r\n            <shortcode prop-load-num=\"12\" prop-display-num=\"4\" prop-sku=\"5903419918100, 5903698632346, 5905588622673, 2230083245588, 5906751225073\" prop-view=\"slider\"><\/shortcode>        <\/div>\r\n\t\t<script>\r\n\t\t\tjQuery(document).ready(() => {\r\n\t\t\t    const root = document.getElementById('eobpf69f4228100e3c');\r\n                Vue.createApp({\r\n\t                components: {\r\n\t                    shortcode\r\n\t                }\r\n                }).mount(root);\r\n\t\t\t});\r\n\t\t<\/script>\r\n\t\t\r\n\t\t\n\n\n\n<p><\/p>\n\n\n\n<h2 class=\"wp-block-heading\"><strong>Mal\u00e9&nbsp;batohy s v\u00fdstuhou a bezpe\u010dnostn\u00fdmi prvkami<\/strong><\/h2>\n\n\n\n<p>Aj batohy m\u00f4\u017eu by\u0165 elegantn\u00e9&nbsp;a z\u00e1rove\u0148 vhodn\u00e9&nbsp;na festival. Treba dba\u0165 na kvalitn\u00e9 \u0161itie, spevnen\u00fd chrb\u00e1t a nepremokav\u00fd materi\u00e1l. D\u00f4le\u017eit\u00e9&nbsp;s\u00fa bezpe\u010dnostn\u00e9&nbsp;vreck\u00e1 na zadnej strane alebo z\u00e1mky na zipsoch.<\/p>\n\n\n<shortcode prop-load-num=\"12\" prop-display-num=\"4\" prop-sku=\"2230083245830, 5905588995036, 5905588950523, 5905588832256, 5905588567950\" prop-view=\"slider\"><\/shortcode>        <div\r\n            class=\"eob-pf-shortcode\"\r\n            id=\"eobpf69f4228100e5b\"\r\n        >\r\n            <shortcode prop-load-num=\"12\" prop-display-num=\"4\" prop-sku=\"2230083245830, 5905588995036, 5905588950523, 5905588832256, 5905588567950\" prop-view=\"slider\"><\/shortcode>        <\/div>\r\n\t\t<script>\r\n\t\t\tjQuery(document).ready(() => {\r\n\t\t\t    const root = document.getElementById('eobpf69f4228100e5b');\r\n                Vue.createApp({\r\n\t                components: {\r\n\t                    shortcode\r\n\t                }\r\n                }).mount(root);\r\n\t\t\t});\r\n\t\t<\/script>\r\n\t\t\r\n\t\t\n\n\n\n<p><\/p>\n\n\n\n<p><strong>\u010comu sa vyhn\u00fa\u0165<\/strong><strong>?<\/strong><strong><\/strong><\/p>\n\n\n\n<p><strong>Kabelky z pravej ko\u017ee<\/strong>&nbsp;\u2013 \u013eahko sa po\u0161kodia vlhkos\u0165ou a&nbsp;\u0161pinou. Hoci ich milujeme (!) na tieto pr\u00edle\u017eitosti jednoducho nie s\u00fa \u00faplne vhodn\u00e9.<\/p>\n\n\n\n<p><strong>Otvoren<\/strong><strong>\u00e9&nbsp;<\/strong><strong>ta\u0161ky bez zap\u00ednania&nbsp;<\/strong>\u2013 zvy\u0161uj\u00fa riziko kr\u00e1de\u017ee, ale aj toho, \u017ee v\u00e1m nie\u010do po ceste jednoducho vypadne. Preto\u017ee ste si pri tanci posko\u010dili, preto\u017ee ste kabelku polo\u017eili ved\u013ea seba a ona zmenila tvar a pri prvom posune na lavi\u010dke to jednoducho vypadlo a u\u017e o tom neviete.<\/p>\n\n\n\n<p><strong>Nadrozmern\u00e9&nbsp;modely<\/strong>&nbsp;\u2013 zavadzaj\u00fa v dave a pri tanci. Naozaj porozm\u00fd\u0161\u013eajte, \u010do pri sebe naozaj nutne potrebujete a nezahlcujte si kabelku ni\u010d\u00edm in\u00fdm. Tomu n\u00e1sledne prisp\u00f4sobte aj jej ve\u013ekos\u0165. Samozrejme, ako som spom\u00ednala v \u00favode, mus\u00edte zoh\u013eadni\u0165 individu\u00e1lne potreby. Ak do kabelky potrebujete zmesti\u0165 veci svojho partnera, det\u00ed a podobne, ur\u010dite sa do malej kabelky nezmest\u00edte.<\/p>\n\n\n\n<figure class=\"wp-block-gallery has-nested-images columns-default is-cropped wp-block-gallery-2 is-layout-flex wp-block-gallery-is-layout-flex\">\n<figure class=\"wp-block-image size-large\"><img loading=\"lazy\" decoding=\"async\" width=\"1024\" height=\"683\" data-id=\"9452\" src=\"https:\/\/blog.ccc.eu\/sk\/wp-content\/uploads\/2025\/07\/JF-SS22_20220112_DC_JF_SH02_014_24m-1024x683.jpg\" alt=\"\" class=\"wp-image-9452\" srcset=\"https:\/\/blog.ccc.eu\/sk\/wp-content\/uploads\/2025\/07\/JF-SS22_20220112_DC_JF_SH02_014_24m-1024x683.jpg 1024w, https:\/\/blog.ccc.eu\/sk\/wp-content\/uploads\/2025\/07\/JF-SS22_20220112_DC_JF_SH02_014_24m-300x200.jpg 300w, https:\/\/blog.ccc.eu\/sk\/wp-content\/uploads\/2025\/07\/JF-SS22_20220112_DC_JF_SH02_014_24m-768x512.jpg 768w, https:\/\/blog.ccc.eu\/sk\/wp-content\/uploads\/2025\/07\/JF-SS22_20220112_DC_JF_SH02_014_24m-100x67.jpg 100w, https:\/\/blog.ccc.eu\/sk\/wp-content\/uploads\/2025\/07\/JF-SS22_20220112_DC_JF_SH02_014_24m.jpg 1032w\" sizes=\"auto, (max-width: 1024px) 100vw, 1024px\" \/><\/figure>\n<\/figure>\n\n\n\n<p><\/p>\n\n\n\n<div class=\"wp-block-buttons is-content-justification-center is-layout-flex wp-container-core-buttons-is-layout-16018d1d wp-block-buttons-is-layout-flex\">\n<div class=\"wp-block-button is-style-fill\"><a class=\"wp-block-button__link has-custom-font-size wp-element-button\" href=\"https:\/\/ccc.eu\/sk\/\" style=\"border-radius:0px;font-size:15px\">Objavi\u0165 cel\u00fa ponuku CCC<\/a><\/div>\n<\/div>\n\n\n\n<p><\/p>\n\n\n\n<p>Po n\u00e1vrate z festivalu vy\u010distite kabelku ihne\u010f vlhkou handri\u010dkou alebo jemn\u00fdm mydlov\u00fdm roztokom. Modely z text\u00edli\u00ed sa daj\u00fa opatrne prepra\u0165 ru\u010dne. Vn\u00fatro je dobr\u00e9&nbsp;vydezinfikova\u0165 alebo vyvetra\u0165, najm\u00e4, ak sa pou\u017e\u00edvala v pra\u0161nom alebo blatistom prostred\u00ed. Myslite pri v\u00fdbere na to, ko\u013eko vec\u00ed sa do kabelky mus\u00ed zmesti\u0165&nbsp;a tie\u017e, \u017ee chcete naozaj kvalitn\u00fd k\u00fasok, ktor\u00fd letn\u00fd&nbsp;festival&nbsp;\u010di in\u00fa letn\u00fa akciu pre\u017eije. Ak jej n\u00e1sledne doprajete potrebn\u00fa starostlivos\u0165,. ur\u010dite m\u00f4\u017eete r\u00e1ta\u0165&nbsp;s t\u00fdm, \u017ee kabelka s vami vydr\u017e\u00ed dlh\u0161iu dobu a stane sa mo\u017eno va\u0161\u00edm letn\u00fdm \u201eevergreenom\u201f.<\/p>\n\n\n\n<p><\/p>\n","protected":false},"excerpt":{"rendered":"<p>Odoln\u00e9 kabelky na festivaly sp\u00e1jaj\u00fa \u0161t\u00fdl s funk\u010dnos\u0165ou, aby zvl\u00e1dli n\u00e1ro\u010dn\u00e9 podmienky ako blato, prach \u010di davy \u013eud\u00ed. Pri v\u00fdbere festivalovej kabelky dbajte na materi\u00e1l odoln\u00fd vo\u010di vode a \u0161pine, bezpe\u010dn\u00e9 zap\u00ednanie na zips, kompaktnos\u0165 a n\u00edzku hmotnos\u0165, ktor\u00e9 zaistia pohodlie po\u010das cel\u00e9ho d\u0148a. Praktick\u00e9 s\u00fa najm\u00e4 crossbody ta\u0161ky, \u013eadvinky alebo mal\u00e9 batohy s bezpe\u010dnostn\u00fdmi prvkami. Vyhnite sa ko\u017een\u00fdm kabelk\u00e1m, otvoren\u00fdm ta\u0161k\u00e1m bez zap\u00ednania \u010di nadrozmern\u00fdm modelom, ktor\u00e9 m\u00f4\u017eu by\u0165 nepraktick\u00e9 a n\u00e1chyln\u00e9 na po\u0161kodenie. S kvalitnou kabelkou si u\u017eijete festivalov\u00e9 dni naplno a z\u00e1rove\u0148 budete vyzera\u0165 \u0161t\u00fdlovo.<\/p>\n","protected":false},"author":22,"featured_media":9449,"comment_status":"open","ping_status":"open","sticky":false,"template":"","format":"standard","meta":{"_acf_changed":false,"footnotes":""},"categories":[1070,1055],"tags":[1002],"class_list":["post-9448","post","type-post","status-publish","format-standard","has-post-thumbnail","hentry","category-kabelky-2","category-leto","tag-kabelky-na-festival"],"acf":[],"yoast_head":"<!-- This site is optimized with the Yoast SEO plugin v26.9 - https:\/\/yoast.com\/product\/yoast-seo-wordpress\/ -->\n<title>Odoln\u00e9\u00a0kabelky na festivaly: \u0160t\u00fdl, ktor\u00fd zvl\u00e1dne aj blato a davy - blog.ccc.eu\/sk<\/title>\n<meta name=\"description\" content=\"Ide\u00e1lne kabelky na letn\u00e9 festivaly \u2013 odoln\u00e9, \u013eahk\u00e9 a \u0161t\u00fdlov\u00e9, ktor\u00e9 zvl\u00e1dnu blato, prach aj davy \u013eud\u00ed, poskytn\u00fa pohodlie a bezpe\u010die. 2026\" \/>\n<meta name=\"robots\" content=\"index, follow, max-snippet:-1, max-image-preview:large, max-video-preview:-1\" \/>\n<link rel=\"canonical\" href=\"https:\/\/blog.ccc.eu\/sk\/odolne-kabelky-na-festivaly-styl-ktory-zvladne-aj-blato-a-davy\/\" \/>\n<meta property=\"og:locale\" content=\"sk_SK\" \/>\n<meta property=\"og:type\" content=\"article\" \/>\n<meta property=\"og:title\" content=\"Odoln\u00e9\u00a0kabelky na festivaly: \u0160t\u00fdl, ktor\u00fd zvl\u00e1dne aj blato a davy - blog.ccc.eu\/sk\" \/>\n<meta property=\"og:description\" content=\"Ide\u00e1lne kabelky na letn\u00e9 festivaly \u2013 odoln\u00e9, \u013eahk\u00e9 a \u0161t\u00fdlov\u00e9, ktor\u00e9 zvl\u00e1dnu blato, prach aj davy \u013eud\u00ed, poskytn\u00fa pohodlie a bezpe\u010die.\" \/>\n<meta property=\"og:url\" content=\"https:\/\/blog.ccc.eu\/sk\/odolne-kabelky-na-festivaly-styl-ktory-zvladne-aj-blato-a-davy\/\" \/>\n<meta property=\"og:site_name\" content=\"blog.ccc.eu\/sk\" \/>\n<meta property=\"article:published_time\" content=\"2025-07-26T06:10:19+00:00\" \/>\n<meta property=\"article:modified_time\" content=\"2025-09-16T21:44:01+00:00\" \/>\n<meta property=\"og:image\" content=\"https:\/\/blog.ccc.eu\/sk\/wp-content\/uploads\/2025\/07\/CCC_JF_SS22_05.jpg\" \/>\n\t<meta property=\"og:image:width\" content=\"1500\" \/>\n\t<meta property=\"og:image:height\" content=\"1125\" \/>\n\t<meta property=\"og:image:type\" content=\"image\/jpeg\" \/>\n<meta name=\"author\" content=\"Kaja\" \/>\n<meta name=\"twitter:card\" content=\"summary_large_image\" \/>\n<meta name=\"twitter:label1\" content=\"Autor\" \/>\n\t<meta name=\"twitter:data1\" content=\"Kaja\" \/>\n\t<meta name=\"twitter:label2\" content=\"Predpokladan\u00fd \u010das \u010d\u00edtania\" \/>\n\t<meta name=\"twitter:data2\" content=\"6 min\u00fat\" \/>\n<script type=\"application\/ld+json\" class=\"yoast-schema-graph\">{\"@context\":\"https:\/\/schema.org\",\"@graph\":[{\"@type\":\"Article\",\"@id\":\"https:\/\/blog.ccc.eu\/sk\/odolne-kabelky-na-festivaly-styl-ktory-zvladne-aj-blato-a-davy\/#article\",\"isPartOf\":{\"@id\":\"https:\/\/blog.ccc.eu\/sk\/odolne-kabelky-na-festivaly-styl-ktory-zvladne-aj-blato-a-davy\/\"},\"author\":{\"name\":\"Kaja\",\"@id\":\"https:\/\/blog.ccc.eu\/sk\/#\/schema\/person\/399beb3452b4976df83fb9268601a994\"},\"headline\":\"Odoln\u00e9\u00a0kabelky na festivaly: \u0160t\u00fdl, ktor\u00fd zvl\u00e1dne aj blato a davy\",\"datePublished\":\"2025-07-26T06:10:19+00:00\",\"dateModified\":\"2025-09-16T21:44:01+00:00\",\"mainEntityOfPage\":{\"@id\":\"https:\/\/blog.ccc.eu\/sk\/odolne-kabelky-na-festivaly-styl-ktory-zvladne-aj-blato-a-davy\/\"},\"wordCount\":1084,\"commentCount\":0,\"publisher\":{\"@id\":\"https:\/\/blog.ccc.eu\/sk\/#organization\"},\"image\":{\"@id\":\"https:\/\/blog.ccc.eu\/sk\/odolne-kabelky-na-festivaly-styl-ktory-zvladne-aj-blato-a-davy\/#primaryimage\"},\"thumbnailUrl\":\"https:\/\/blog.ccc.eu\/sk\/wp-content\/uploads\/2025\/07\/CCC_JF_SS22_05.jpg\",\"keywords\":[\"kabelky na festival\"],\"articleSection\":[\"KABELKY\",\"LETO\"],\"inLanguage\":\"sk-SK\",\"potentialAction\":[{\"@type\":\"CommentAction\",\"name\":\"Comment\",\"target\":[\"https:\/\/blog.ccc.eu\/sk\/odolne-kabelky-na-festivaly-styl-ktory-zvladne-aj-blato-a-davy\/#respond\"]}]},{\"@type\":\"WebPage\",\"@id\":\"https:\/\/blog.ccc.eu\/sk\/odolne-kabelky-na-festivaly-styl-ktory-zvladne-aj-blato-a-davy\/\",\"url\":\"https:\/\/blog.ccc.eu\/sk\/odolne-kabelky-na-festivaly-styl-ktory-zvladne-aj-blato-a-davy\/\",\"name\":\"Odoln\u00e9\u00a0kabelky na festivaly: \u0160t\u00fdl, ktor\u00fd zvl\u00e1dne aj blato a davy - blog.ccc.eu\/sk\",\"isPartOf\":{\"@id\":\"https:\/\/blog.ccc.eu\/sk\/#website\"},\"primaryImageOfPage\":{\"@id\":\"https:\/\/blog.ccc.eu\/sk\/odolne-kabelky-na-festivaly-styl-ktory-zvladne-aj-blato-a-davy\/#primaryimage\"},\"image\":{\"@id\":\"https:\/\/blog.ccc.eu\/sk\/odolne-kabelky-na-festivaly-styl-ktory-zvladne-aj-blato-a-davy\/#primaryimage\"},\"thumbnailUrl\":\"https:\/\/blog.ccc.eu\/sk\/wp-content\/uploads\/2025\/07\/CCC_JF_SS22_05.jpg\",\"datePublished\":\"2025-07-26T06:10:19+00:00\",\"dateModified\":\"2025-09-16T21:44:01+00:00\",\"description\":\"Ide\u00e1lne kabelky na letn\u00e9 festivaly \u2013 odoln\u00e9, \u013eahk\u00e9 a \u0161t\u00fdlov\u00e9, ktor\u00e9 zvl\u00e1dnu blato, prach aj davy \u013eud\u00ed, poskytn\u00fa pohodlie a bezpe\u010die.\",\"breadcrumb\":{\"@id\":\"https:\/\/blog.ccc.eu\/sk\/odolne-kabelky-na-festivaly-styl-ktory-zvladne-aj-blato-a-davy\/#breadcrumb\"},\"inLanguage\":\"sk-SK\",\"potentialAction\":[{\"@type\":\"ReadAction\",\"target\":[\"https:\/\/blog.ccc.eu\/sk\/odolne-kabelky-na-festivaly-styl-ktory-zvladne-aj-blato-a-davy\/\"]}]},{\"@type\":\"ImageObject\",\"inLanguage\":\"sk-SK\",\"@id\":\"https:\/\/blog.ccc.eu\/sk\/odolne-kabelky-na-festivaly-styl-ktory-zvladne-aj-blato-a-davy\/#primaryimage\",\"url\":\"https:\/\/blog.ccc.eu\/sk\/wp-content\/uploads\/2025\/07\/CCC_JF_SS22_05.jpg\",\"contentUrl\":\"https:\/\/blog.ccc.eu\/sk\/wp-content\/uploads\/2025\/07\/CCC_JF_SS22_05.jpg\",\"width\":1500,\"height\":1125,\"caption\":\"kabelka\"},{\"@type\":\"BreadcrumbList\",\"@id\":\"https:\/\/blog.ccc.eu\/sk\/odolne-kabelky-na-festivaly-styl-ktory-zvladne-aj-blato-a-davy\/#breadcrumb\",\"itemListElement\":[{\"@type\":\"ListItem\",\"position\":1,\"name\":\"Strona g\u0142\u00f3wna\",\"item\":\"https:\/\/blog.ccc.eu\/sk\/\"},{\"@type\":\"ListItem\",\"position\":2,\"name\":\"Odoln\u00e9\u00a0kabelky na festivaly: \u0160t\u00fdl, ktor\u00fd zvl\u00e1dne aj blato a davy\"}]},{\"@type\":\"WebSite\",\"@id\":\"https:\/\/blog.ccc.eu\/sk\/#website\",\"url\":\"https:\/\/blog.ccc.eu\/sk\/\",\"name\":\"blog.ccc.eu\/sk\",\"description\":\"Va\u0161e miesto pln\u00e9 m\u00f3dnych in\u0161pir\u00e1ci\u00ed\",\"publisher\":{\"@id\":\"https:\/\/blog.ccc.eu\/sk\/#organization\"},\"potentialAction\":[{\"@type\":\"SearchAction\",\"target\":{\"@type\":\"EntryPoint\",\"urlTemplate\":\"https:\/\/blog.ccc.eu\/sk\/?s={search_term_string}\"},\"query-input\":{\"@type\":\"PropertyValueSpecification\",\"valueRequired\":true,\"valueName\":\"search_term_string\"}}],\"inLanguage\":\"sk-SK\"},{\"@type\":\"Organization\",\"@id\":\"https:\/\/blog.ccc.eu\/sk\/#organization\",\"name\":\"CCC S.A.\",\"url\":\"https:\/\/blog.ccc.eu\/sk\/\",\"logo\":{\"@type\":\"ImageObject\",\"inLanguage\":\"sk-SK\",\"@id\":\"https:\/\/blog.ccc.eu\/sk\/#\/schema\/logo\/image\/\",\"url\":\"https:\/\/blog.ccc.eu\/sk\/wp-content\/uploads\/2021\/11\/logo_ccc.png\",\"contentUrl\":\"https:\/\/blog.ccc.eu\/sk\/wp-content\/uploads\/2021\/11\/logo_ccc.png\",\"width\":730,\"height\":270,\"caption\":\"CCC S.A.\"},\"image\":{\"@id\":\"https:\/\/blog.ccc.eu\/sk\/#\/schema\/logo\/image\/\"}},{\"@type\":\"Person\",\"@id\":\"https:\/\/blog.ccc.eu\/sk\/#\/schema\/person\/399beb3452b4976df83fb9268601a994\",\"name\":\"Kaja\",\"image\":{\"@type\":\"ImageObject\",\"inLanguage\":\"sk-SK\",\"@id\":\"https:\/\/blog.ccc.eu\/sk\/#\/schema\/person\/image\/\",\"url\":\"https:\/\/blog.ccc.eu\/sk\/wp-content\/uploads\/2024\/06\/white-1-100x100.jpg\",\"contentUrl\":\"https:\/\/blog.ccc.eu\/sk\/wp-content\/uploads\/2024\/06\/white-1-100x100.jpg\",\"caption\":\"Kaja\"},\"description\":\"U\u017e od pubert\u00e1lnych \u010dias sa venuje pr\u00e1ci v m\u00e9di\u00e1ch a p\u00edsaniu. Z kon\u00ed\u010dka sa stalo \u017eivobytie, ktor\u00e9 jej z\u00e1rove\u0148 dalo dostatok slobody na to, aby mohla pomerne ve\u013ea cestova\u0165 a spozn\u00e1va\u0165 svet a rozli\u010dn\u00e9 kult\u00fary. Energiu jej dod\u00e1va \u010d\u00edtanie kn\u00edh, voda a hudba.\",\"url\":\"https:\/\/blog.ccc.eu\/sk\/author\/perlamakovienka-sk\/\"}]}<\/script>\n<!-- \/ Yoast SEO plugin. -->","yoast_head_json":{"title":"Odoln\u00e9\u00a0kabelky na festivaly: \u0160t\u00fdl, ktor\u00fd zvl\u00e1dne aj blato a davy - blog.ccc.eu\/sk","description":"Ide\u00e1lne kabelky na letn\u00e9 festivaly \u2013 odoln\u00e9, \u013eahk\u00e9 a \u0161t\u00fdlov\u00e9, ktor\u00e9 zvl\u00e1dnu blato, prach aj davy \u013eud\u00ed, poskytn\u00fa pohodlie a bezpe\u010die. 2026","robots":{"index":"index","follow":"follow","max-snippet":"max-snippet:-1","max-image-preview":"max-image-preview:large","max-video-preview":"max-video-preview:-1"},"canonical":"https:\/\/blog.ccc.eu\/sk\/odolne-kabelky-na-festivaly-styl-ktory-zvladne-aj-blato-a-davy\/","og_locale":"sk_SK","og_type":"article","og_title":"Odoln\u00e9\u00a0kabelky na festivaly: \u0160t\u00fdl, ktor\u00fd zvl\u00e1dne aj blato a davy - blog.ccc.eu\/sk","og_description":"Ide\u00e1lne kabelky na letn\u00e9 festivaly \u2013 odoln\u00e9, \u013eahk\u00e9 a \u0161t\u00fdlov\u00e9, ktor\u00e9 zvl\u00e1dnu blato, prach aj davy \u013eud\u00ed, poskytn\u00fa pohodlie a bezpe\u010die.","og_url":"https:\/\/blog.ccc.eu\/sk\/odolne-kabelky-na-festivaly-styl-ktory-zvladne-aj-blato-a-davy\/","og_site_name":"blog.ccc.eu\/sk","article_published_time":"2025-07-26T06:10:19+00:00","article_modified_time":"2025-09-16T21:44:01+00:00","og_image":[{"width":1500,"height":1125,"url":"https:\/\/blog.ccc.eu\/sk\/wp-content\/uploads\/2025\/07\/CCC_JF_SS22_05.jpg","type":"image\/jpeg"}],"author":"Kaja","twitter_card":"summary_large_image","twitter_misc":{"Autor":"Kaja","Predpokladan\u00fd \u010das \u010d\u00edtania":"6 min\u00fat"},"schema":{"@context":"https:\/\/schema.org","@graph":[{"@type":"Article","@id":"https:\/\/blog.ccc.eu\/sk\/odolne-kabelky-na-festivaly-styl-ktory-zvladne-aj-blato-a-davy\/#article","isPartOf":{"@id":"https:\/\/blog.ccc.eu\/sk\/odolne-kabelky-na-festivaly-styl-ktory-zvladne-aj-blato-a-davy\/"},"author":{"name":"Kaja","@id":"https:\/\/blog.ccc.eu\/sk\/#\/schema\/person\/399beb3452b4976df83fb9268601a994"},"headline":"Odoln\u00e9\u00a0kabelky na festivaly: \u0160t\u00fdl, ktor\u00fd zvl\u00e1dne aj blato a davy","datePublished":"2025-07-26T06:10:19+00:00","dateModified":"2025-09-16T21:44:01+00:00","mainEntityOfPage":{"@id":"https:\/\/blog.ccc.eu\/sk\/odolne-kabelky-na-festivaly-styl-ktory-zvladne-aj-blato-a-davy\/"},"wordCount":1084,"commentCount":0,"publisher":{"@id":"https:\/\/blog.ccc.eu\/sk\/#organization"},"image":{"@id":"https:\/\/blog.ccc.eu\/sk\/odolne-kabelky-na-festivaly-styl-ktory-zvladne-aj-blato-a-davy\/#primaryimage"},"thumbnailUrl":"https:\/\/blog.ccc.eu\/sk\/wp-content\/uploads\/2025\/07\/CCC_JF_SS22_05.jpg","keywords":["kabelky na festival"],"articleSection":["KABELKY","LETO"],"inLanguage":"sk-SK","potentialAction":[{"@type":"CommentAction","name":"Comment","target":["https:\/\/blog.ccc.eu\/sk\/odolne-kabelky-na-festivaly-styl-ktory-zvladne-aj-blato-a-davy\/#respond"]}]},{"@type":"WebPage","@id":"https:\/\/blog.ccc.eu\/sk\/odolne-kabelky-na-festivaly-styl-ktory-zvladne-aj-blato-a-davy\/","url":"https:\/\/blog.ccc.eu\/sk\/odolne-kabelky-na-festivaly-styl-ktory-zvladne-aj-blato-a-davy\/","name":"Odoln\u00e9\u00a0kabelky na festivaly: \u0160t\u00fdl, ktor\u00fd zvl\u00e1dne aj blato a davy - blog.ccc.eu\/sk","isPartOf":{"@id":"https:\/\/blog.ccc.eu\/sk\/#website"},"primaryImageOfPage":{"@id":"https:\/\/blog.ccc.eu\/sk\/odolne-kabelky-na-festivaly-styl-ktory-zvladne-aj-blato-a-davy\/#primaryimage"},"image":{"@id":"https:\/\/blog.ccc.eu\/sk\/odolne-kabelky-na-festivaly-styl-ktory-zvladne-aj-blato-a-davy\/#primaryimage"},"thumbnailUrl":"https:\/\/blog.ccc.eu\/sk\/wp-content\/uploads\/2025\/07\/CCC_JF_SS22_05.jpg","datePublished":"2025-07-26T06:10:19+00:00","dateModified":"2025-09-16T21:44:01+00:00","description":"Ide\u00e1lne kabelky na letn\u00e9 festivaly \u2013 odoln\u00e9, \u013eahk\u00e9 a \u0161t\u00fdlov\u00e9, ktor\u00e9 zvl\u00e1dnu blato, prach aj davy \u013eud\u00ed, poskytn\u00fa pohodlie a bezpe\u010die.","breadcrumb":{"@id":"https:\/\/blog.ccc.eu\/sk\/odolne-kabelky-na-festivaly-styl-ktory-zvladne-aj-blato-a-davy\/#breadcrumb"},"inLanguage":"sk-SK","potentialAction":[{"@type":"ReadAction","target":["https:\/\/blog.ccc.eu\/sk\/odolne-kabelky-na-festivaly-styl-ktory-zvladne-aj-blato-a-davy\/"]}]},{"@type":"ImageObject","inLanguage":"sk-SK","@id":"https:\/\/blog.ccc.eu\/sk\/odolne-kabelky-na-festivaly-styl-ktory-zvladne-aj-blato-a-davy\/#primaryimage","url":"https:\/\/blog.ccc.eu\/sk\/wp-content\/uploads\/2025\/07\/CCC_JF_SS22_05.jpg","contentUrl":"https:\/\/blog.ccc.eu\/sk\/wp-content\/uploads\/2025\/07\/CCC_JF_SS22_05.jpg","width":1500,"height":1125,"caption":"kabelka"},{"@type":"BreadcrumbList","@id":"https:\/\/blog.ccc.eu\/sk\/odolne-kabelky-na-festivaly-styl-ktory-zvladne-aj-blato-a-davy\/#breadcrumb","itemListElement":[{"@type":"ListItem","position":1,"name":"Strona g\u0142\u00f3wna","item":"https:\/\/blog.ccc.eu\/sk\/"},{"@type":"ListItem","position":2,"name":"Odoln\u00e9\u00a0kabelky na festivaly: \u0160t\u00fdl, ktor\u00fd zvl\u00e1dne aj blato a davy"}]},{"@type":"WebSite","@id":"https:\/\/blog.ccc.eu\/sk\/#website","url":"https:\/\/blog.ccc.eu\/sk\/","name":"blog.ccc.eu\/sk","description":"Va\u0161e miesto pln\u00e9 m\u00f3dnych in\u0161pir\u00e1ci\u00ed","publisher":{"@id":"https:\/\/blog.ccc.eu\/sk\/#organization"},"potentialAction":[{"@type":"SearchAction","target":{"@type":"EntryPoint","urlTemplate":"https:\/\/blog.ccc.eu\/sk\/?s={search_term_string}"},"query-input":{"@type":"PropertyValueSpecification","valueRequired":true,"valueName":"search_term_string"}}],"inLanguage":"sk-SK"},{"@type":"Organization","@id":"https:\/\/blog.ccc.eu\/sk\/#organization","name":"CCC S.A.","url":"https:\/\/blog.ccc.eu\/sk\/","logo":{"@type":"ImageObject","inLanguage":"sk-SK","@id":"https:\/\/blog.ccc.eu\/sk\/#\/schema\/logo\/image\/","url":"https:\/\/blog.ccc.eu\/sk\/wp-content\/uploads\/2021\/11\/logo_ccc.png","contentUrl":"https:\/\/blog.ccc.eu\/sk\/wp-content\/uploads\/2021\/11\/logo_ccc.png","width":730,"height":270,"caption":"CCC S.A."},"image":{"@id":"https:\/\/blog.ccc.eu\/sk\/#\/schema\/logo\/image\/"}},{"@type":"Person","@id":"https:\/\/blog.ccc.eu\/sk\/#\/schema\/person\/399beb3452b4976df83fb9268601a994","name":"Kaja","image":{"@type":"ImageObject","inLanguage":"sk-SK","@id":"https:\/\/blog.ccc.eu\/sk\/#\/schema\/person\/image\/","url":"https:\/\/blog.ccc.eu\/sk\/wp-content\/uploads\/2024\/06\/white-1-100x100.jpg","contentUrl":"https:\/\/blog.ccc.eu\/sk\/wp-content\/uploads\/2024\/06\/white-1-100x100.jpg","caption":"Kaja"},"description":"U\u017e od pubert\u00e1lnych \u010dias sa venuje pr\u00e1ci v m\u00e9di\u00e1ch a p\u00edsaniu. Z kon\u00ed\u010dka sa stalo \u017eivobytie, ktor\u00e9 jej z\u00e1rove\u0148 dalo dostatok slobody na to, aby mohla pomerne ve\u013ea cestova\u0165 a spozn\u00e1va\u0165 svet a rozli\u010dn\u00e9 kult\u00fary. Energiu jej dod\u00e1va \u010d\u00edtanie kn\u00edh, voda a hudba.","url":"https:\/\/blog.ccc.eu\/sk\/author\/perlamakovienka-sk\/"}]}},"_links":{"self":[{"href":"https:\/\/blog.ccc.eu\/sk\/wp-json\/wp\/v2\/posts\/9448","targetHints":{"allow":["GET"]}}],"collection":[{"href":"https:\/\/blog.ccc.eu\/sk\/wp-json\/wp\/v2\/posts"}],"about":[{"href":"https:\/\/blog.ccc.eu\/sk\/wp-json\/wp\/v2\/types\/post"}],"author":[{"embeddable":true,"href":"https:\/\/blog.ccc.eu\/sk\/wp-json\/wp\/v2\/users\/22"}],"replies":[{"embeddable":true,"href":"https:\/\/blog.ccc.eu\/sk\/wp-json\/wp\/v2\/comments?post=9448"}],"version-history":[{"count":3,"href":"https:\/\/blog.ccc.eu\/sk\/wp-json\/wp\/v2\/posts\/9448\/revisions"}],"predecessor-version":[{"id":9559,"href":"https:\/\/blog.ccc.eu\/sk\/wp-json\/wp\/v2\/posts\/9448\/revisions\/9559"}],"wp:featuredmedia":[{"embeddable":true,"href":"https:\/\/blog.ccc.eu\/sk\/wp-json\/wp\/v2\/media\/9449"}],"wp:attachment":[{"href":"https:\/\/blog.ccc.eu\/sk\/wp-json\/wp\/v2\/media?parent=9448"}],"wp:term":[{"taxonomy":"category","embeddable":true,"href":"https:\/\/blog.ccc.eu\/sk\/wp-json\/wp\/v2\/categories?post=9448"},{"taxonomy":"post_tag","embeddable":true,"href":"https:\/\/blog.ccc.eu\/sk\/wp-json\/wp\/v2\/tags?post=9448"}],"curies":[{"name":"wp","href":"https:\/\/api.w.org\/{rel}","templated":true}]}}