{"id":9604,"date":"2025-10-06T14:58:22","date_gmt":"2025-10-06T12:58:22","guid":{"rendered":"https:\/\/blog.ccc.eu\/sk\/?p=9604"},"modified":"2025-11-13T09:17:13","modified_gmt":"2025-11-13T08:17:13","slug":"zeny-ktore-si-z-topanok-vytvorili-uniformu","status":"publish","type":"post","link":"https:\/\/blog.ccc.eu\/sk\/zeny-ktore-si-z-topanok-vytvorili-uniformu\/","title":{"rendered":"\u017deny, ktor\u00e9\u00a0si z top\u00e1nok vytvorili uniformu"},"content":{"rendered":"\n<p><em>Zvyknete sa niekedy pozera\u0165 na top\u00e1nky \u013eud\u00ed vo va\u0161om okol\u00ed? Mnoh\u00ed z nich si ob\u00favaj\u00fa st\u00e1le nie\u010do in\u00e9, ale mnoh\u00ed si, naopak, vyhranili m\u00f3dny \u0161t\u00fdl tak, \u017ee preferuj\u00fa ak aj nie jeden \u0161t\u00fdl oble\u010denia, tak jeden \u0161t\u00fdl top\u00e1nok. Aj v hist\u00f3rii je tak\u00fdch\u00a0\u017eien viac, po\u010fme sa na ne spolo\u010dne pozrie\u0165.<\/em><\/p>\n\n\n\n<figure class=\"wp-block-gallery has-nested-images columns-default is-cropped wp-block-gallery-1 is-layout-flex wp-block-gallery-is-layout-flex\">\n<figure class=\"wp-block-image size-large\"><img loading=\"lazy\" decoding=\"async\" width=\"683\" height=\"1024\" data-id=\"9606\" src=\"https:\/\/blog.ccc.eu\/sk\/wp-content\/uploads\/2025\/10\/CCC_5905588565079_01-683x1024.jpg\" alt=\"\" class=\"wp-image-9606\"\/><\/figure>\n\n\n\n<figure class=\"wp-block-image size-large\"><img loading=\"lazy\" decoding=\"async\" width=\"683\" height=\"1024\" data-id=\"9607\" src=\"https:\/\/blog.ccc.eu\/sk\/wp-content\/uploads\/2025\/10\/CCC_5905588565079_04-683x1024.jpg\" alt=\"\" class=\"wp-image-9607\" srcset=\"https:\/\/blog.ccc.eu\/sk\/wp-content\/uploads\/2025\/10\/CCC_5905588565079_04-683x1024.jpg 683w, https:\/\/blog.ccc.eu\/sk\/wp-content\/uploads\/2025\/10\/CCC_5905588565079_04-200x300.jpg 200w, https:\/\/blog.ccc.eu\/sk\/wp-content\/uploads\/2025\/10\/CCC_5905588565079_04-768x1152.jpg 768w, https:\/\/blog.ccc.eu\/sk\/wp-content\/uploads\/2025\/10\/CCC_5905588565079_04-100x150.jpg 100w, https:\/\/blog.ccc.eu\/sk\/wp-content\/uploads\/2025\/10\/CCC_5905588565079_04.jpg 876w\" sizes=\"auto, (max-width: 683px) 100vw, 683px\" \/><\/figure>\n<\/figure>\n\n\n\n<p><\/p>\n\n\n\n<p>Top\u00e1nky s\u00fa na\u0161ou neoddelite\u013enou s\u00fa\u010das\u0165ou. Niektor\u00e9\u00a0ich prisp\u00f4sobujeme zvy\u0161ku outfitu, niektor\u00e9\u00a0po\u010dasiu, niektor\u00e9\u00a0n\u00e1lade\u2026 a niektor\u00e9\u00a0z n\u00e1s maj\u00fa jednoducho jeden \u0161t\u00fdl, ktor\u00e9mu s\u00fa\u00a0vern\u00e9\u00a0prakticky cel\u00fd \u017eivot. Pripravila som si pre v\u00e1s nieko\u013eko pr\u00edkladov \u017eien, ktor\u00e9\u00a0stavili na rovnak\u00fd \u0161t\u00fdl top\u00e1nok,\u00a0\u010dasto by ste si mohli dokonca myslie\u0165, \u017ee maj\u00fa iba jedny top\u00e1nky, ktor\u00e9\u00a0nosia, a\u017e k\u00fdm ich nezoder\u00fa. Teda, okrem jednej, ktor\u00e1 ich mala o \u201etro\u0161ku\u201f viac.<\/p>\n\n\n\n<h2 class=\"wp-block-heading\"><strong>Coco Chanel\u00a0\u2013 dvojfarebn\u00e9\u00a0lodi\u010dky<\/strong><\/h2>\n\n\n\n<p>Ikonick\u00e1 franc\u00fazska m\u00f3dna n\u00e1vrh\u00e1rka a podnikate\u013eka, zakladate\u013eka zna\u010dky Chanel. Zauj\u00edmavos\u0165ou je, \u017ee vlastn\u00fdm menom sa volala Gabrielle Chasnel, teda n\u00e1zov svojej zna\u010dky jemne upravila. Do d\u00e1mskej m\u00f3dy vniesla progres\u00edvne prvky jednoduch\u00e9ho kost\u00fdmu so suk\u0148ou alebo nohavicami a z nen\u00e1padnej d\u00e1my z chudobn\u00fdch pomerov sa vypracovala na dodnes v\u00fdznamn\u00fa \u017eenu v oblasti podnikania. <\/p>\n\n\n\n<p>Podnikanie v tej dobe nebolo pre \u017eeny naozaj pr\u00edzna\u010dn\u00e9. Okrem jedine\u010dn\u00e9ho \u0161t\u00fdlu obliekania s\u00fa\u00a0pre\u00a0\u0148u typick\u00e9\u00a0aj top\u00e1nky, ktor\u00e9\u00a0nosila prakticky na dennej b\u00e1ze. Ob\u00favala si predov\u0161etk\u00fdm ikonick\u00e9\u00a0b\u00e9\u017eovo-\u010dierne slingback top\u00e1nky s n\u00edzkym podp\u00e4tkom, ktor\u00e9\u00a0navrhla v 50. rokoch. Tento model sa stal synonymom franc\u00fazskej elegancie a Chanel ich pova\u017eovala za \u201etop\u00e1nky, ktor\u00e9\u00a0skracuj\u00fa nohu, ale predl\u017euj\u00fa postavu\u201c.<\/p>\n\n\n<shortcode prop-load-num=\"12\" prop-display-num=\"4\" prop-sku=\"5903698302041, 5903419782145, 5903419651427, 5903419927423, 5903698112282\" prop-view=\"slider\"><\/shortcode>        <div\r\n            class=\"eob-pf-shortcode\"\r\n            id=\"eobpf69f41003bac82\"\r\n        >\r\n            <shortcode prop-load-num=\"12\" prop-display-num=\"4\" prop-sku=\"5903698302041, 5903419782145, 5903419651427, 5903419927423, 5903698112282\" prop-view=\"slider\"><\/shortcode>        <\/div>\r\n\t\t<script>\r\n\t\t\tjQuery(document).ready(() => {\r\n\t\t\t    const root = document.getElementById('eobpf69f41003bac82');\r\n                Vue.createApp({\r\n\t                components: {\r\n\t                    shortcode\r\n\t                }\r\n                }).mount(root);\r\n\t\t\t});\r\n\t\t<\/script>\r\n\t\t\r\n\t\t\n\n\n\n<p><\/p>\n\n\n\n<h2 class=\"wp-block-heading\"><strong>Top\u00e1nky<\/strong> <strong>Audrey Hepburn? \u2013 baler\u00ednky<\/strong><\/h2>\n\n\n\n<p>Audrey Kathleen Hepburn bola britsk\u00e1\u00a0here\u010dka, m\u00f3dna ikona a filantropka, ktor\u00e1 navy\u0161e pracovala ako ve\u013evyslanky\u0148a dobrej v\u00f4le UNICEF. Ne\u00fanavne bojovala za pr\u00e1va det\u00ed a asi aj preto potrebovala ma\u0165 na noh\u00e1ch obuv, ktor\u00e1 jej umo\u017en\u00ed slobodn\u00fd pohyb. <\/p>\n\n\n\n<p>Ako UNICEF ve\u013evyslanky\u0148a toti\u017e nielen vystupovala pred m\u00e9diami, ale chodila aj priamo do ter\u00e9nu, nav\u0161t\u00edvila deti\u010dky v Eti\u00f3pii, vo Venezuele, Turecku, Ekv\u00e1dore, Guatemale, Hondurase, Indii, Vietname\u00a0\u010di v Thajsku. Hepburn presl\u00e1vila jednoduch\u00e9\u00a0ploch\u00e9\u00a0baler\u00ednky. Nosila ich v s\u00fakrom\u00ed, ale aj na pl\u00e1tne, \u010d\u00edm sa stali jej pozn\u00e1vac\u00edm znakom.<\/p>\n\n\n<shortcode prop-load-num=\"12\" prop-display-num=\"4\" prop-sku=\"5906751231012, 5906751231678, 5903419785238, 5904862330488\" prop-view=\"slider\"><\/shortcode>        <div\r\n            class=\"eob-pf-shortcode\"\r\n            id=\"eobpf69f41003bad94\"\r\n        >\r\n            <shortcode prop-load-num=\"12\" prop-display-num=\"4\" prop-sku=\"5906751231012, 5906751231678, 5903419785238, 5904862330488\" prop-view=\"slider\"><\/shortcode>        <\/div>\r\n\t\t<script>\r\n\t\t\tjQuery(document).ready(() => {\r\n\t\t\t    const root = document.getElementById('eobpf69f41003bad94');\r\n                Vue.createApp({\r\n\t                components: {\r\n\t                    shortcode\r\n\t                }\r\n                }).mount(root);\r\n\t\t\t});\r\n\t\t<\/script>\r\n\t\t\r\n\t\t\n\n\n\n<p><\/p>\n\n\n\n<h2 class=\"wp-block-heading\"><strong>Kr\u00e1\u013eovn\u00e1 Al\u017ebeta II.\u00a0\u2013 klasick\u00e9\u00a0n\u00edzke lodi\u010dky<\/strong><\/h2>\n\n\n\n<p>Anglick\u00e1 kr\u00e1\u013eovn\u00e1 Al\u017ebeta II. nosila cel\u00fd \u017eivot prakticky rovnak\u00fd\u00a0model\u00a0\u010diernych lodi\u010diek s n\u00edzkym podp\u00e4tkom. Pohodln\u00e9, elegantn\u00e9, ale nie vyz\u00fdvan\u00e9\u00a0a nie nejako pr\u00edli\u0161 extravagantn\u00e9. Presne tak\u00e9, ako je anglick\u00e1 kr\u00e1\u013eovsk\u00e1 rodina. Absol\u00fatne elegantn\u00e1\u00a0a ur\u010duj\u00faca trendy, ale nikdy nie nejako v\u00fdrazne \u201ekri\u010diaca\u201f. Ve\u013emi v\u00fdnimo\u010dne, pri \u0161peci\u00e1lnych pr\u00edle\u017eitostiach, si obula aj nie\u010do in\u00e9. Napr\u00edklad strieborn\u00e9\u00a0lodi\u010dky, \u010di\u017emy, jazdeck\u00e9\u00a0top\u00e1nky, poltop\u00e1nky\u2026<\/p>\n\n\n\n<p>Ale jej dominantn\u00fd \u0161t\u00fdl v oblasti top\u00e1nok predstavoval pohodln\u00e9&nbsp;lodi\u010dky na n\u00edzkych podp\u00e4tkoch, ktor\u00e9&nbsp;za&nbsp;\u0148u dokonca rozo\u0161liapavali asistentky, aby boli komfortn\u00e9&nbsp;od prv\u00e9ho obutia. To by sme prijali viacer\u00e9, \u010do poviete?<\/p>\n\n\n<shortcode prop-load-num=\"12\" prop-display-num=\"4\" prop-sku=\"5903419927447, 5903698678108, 5905588402992, 5905588561705, 5905588891321\" prop-view=\"slider\"><\/shortcode>        <div\r\n            class=\"eob-pf-shortcode\"\r\n            id=\"eobpf69f41003badcc\"\r\n        >\r\n            <shortcode prop-load-num=\"12\" prop-display-num=\"4\" prop-sku=\"5903419927447, 5903698678108, 5905588402992, 5905588561705, 5905588891321\" prop-view=\"slider\"><\/shortcode>        <\/div>\r\n\t\t<script>\r\n\t\t\tjQuery(document).ready(() => {\r\n\t\t\t    const root = document.getElementById('eobpf69f41003badcc');\r\n                Vue.createApp({\r\n\t                components: {\r\n\t                    shortcode\r\n\t                }\r\n                }).mount(root);\r\n\t\t\t});\r\n\t\t<\/script>\r\n\t\t\r\n\t\t\n\n\n\n<p><\/p>\n\n\n\n<h2 class=\"wp-block-heading\"><strong>\u010co tak top\u00e1nky<\/strong> <strong>Margaret Thatcher?\u00a0\u2013 \u010dierne lodi\u010dky<\/strong><\/h2>\n\n\n\n<p>\u017delezn\u00e1 lady, ako ju mnoh\u00ed\u00a0naz\u00fdvali, mala konzervat\u00edvny \u0161t\u00fdl. Zrejme to s\u00faviselo aj s t\u00fdm, \u017ee nechcela svoje okolie, ktor\u00e9\u00a0tvorili, samozrejme, najm\u00e4 p\u00e1ni, rozpty\u013eova\u0165 svojou \u017eenskos\u0165ou. To, \u017ee sa stala politi\u010dkou, predsedn\u00ed\u010dkou britskej vl\u00e1dy a tie\u017e Konzervat\u00edvnej strany, toti\u017e nebolo \u00faplnou samozrejmos\u0165ou a ur\u010dite od nej chcelo ve\u013ea, aby dok\u00e1zala \u010deli\u0165 v\u0161adepr\u00edtomnej mu\u017eskej energii. <\/p>\n\n\n\n<p>Mimochodom, za\u010d\u00ednala v komun\u00e1lnej politike, ale bola aj ministerkou \u0161kolstva. Presk\u00e1kala toho jednoducho naozaj dos\u0165, presadzovala konzervat\u00edvne hodnoty, obmedzenie imigr\u00e1cie a siln\u00fa a samostatn\u00fa zahrani\u010dn\u00fa politiku. Na to, samozrejme, potrebovala outfity, ktor\u00e9\u00a0jej neprek\u00e1\u017eaj\u00fa, ba sk\u00f4r naopak. <\/p>\n\n\n\n<p>Potrebovala v\u0161ak aj vizu\u00e1lne vyvola\u0165 dojem, \u017ee nie je \u201em\u00e4kk\u00e1\u201f a \u017ee si k nej m\u00f4\u017ee hocikto dovoli\u0165 hoci\u010do. Britsk\u00e1\u00a0premi\u00e9rka bola zn\u00e1ma nosen\u00edm jednoduch\u00fdch\u00a0v\u00e4\u010d\u0161inou \u010diernych lodi\u010diek so stredn\u00fdm podp\u00e4tkom.<\/p>\n\n\n<shortcode prop-load-num=\"12\" prop-display-num=\"4\" prop-sku=\"5906751250099, 2230083218100, 5903698599250, 5905588767299, 5905588739647\" prop-view=\"slider\"><\/shortcode>        <div\r\n            class=\"eob-pf-shortcode\"\r\n            id=\"eobpf69f41003badf6\"\r\n        >\r\n            <shortcode prop-load-num=\"12\" prop-display-num=\"4\" prop-sku=\"5906751250099, 2230083218100, 5903698599250, 5905588767299, 5905588739647\" prop-view=\"slider\"><\/shortcode>        <\/div>\r\n\t\t<script>\r\n\t\t\tjQuery(document).ready(() => {\r\n\t\t\t    const root = document.getElementById('eobpf69f41003badf6');\r\n                Vue.createApp({\r\n\t                components: {\r\n\t                    shortcode\r\n\t                }\r\n                }).mount(root);\r\n\t\t\t});\r\n\t\t<\/script>\r\n\t\t\r\n\t\t\n\n\n\n<p><\/p>\n\n\n\n<h2 class=\"wp-block-heading\"><strong>Imelda Marcos\u00a0\u2013 vysok\u00e9\u00a0lodi\u010dky<\/strong><\/h2>\n\n\n\n<p>B\u00fdval\u00e1 prv\u00e1 d\u00e1ma Filip\u00edn sa stala symbolom obses\u00edvneho vz\u0165ahu k top\u00e1nkam&nbsp;\u2013 vlastnila vy\u0161e 3 000 p\u00e1rov (!), preva\u017ene i\u0161lo o klasick\u00e9&nbsp;lodi\u010dky na podp\u00e4tku. Tu sa kone\u010dne stret\u00e1vame s v\u00e4\u010d\u0161ou farebnos\u0165ou, nie v\u0161ak nejakou ok\u00e1zalou. Preferovala biele, b\u00e9\u017eov\u00e9, strieborn\u00e9, \u010dierne a kde tu aj \u010derven\u00e9&nbsp;k\u00fasky. Variovala tie\u017e dizajny, niekedy stavila na uzavret\u00fa \u0161pi\u010dku, niekedy, naopak, otvoren\u00fa a rovnako tak to bolo aj s p\u00e4tou. Mo\u017eno to s\u00favis\u00ed aj s t\u00fdm, \u017ee p\u00f4vodne pracovala ako spev\u00e1\u010dka a modelka, a\u017e k\u00fdm sa jej man\u017eel nestal prezidentom a ona teda po jeho boku reprezentovala filip\u00ednsky \u013eud.<\/p>\n\n\n\n<p>Zauj\u00edmavos\u0165ou je, \u017ee to\u013eko top\u00e1nok si mohla ur\u010dite dovoli\u0165 aj preto, \u017ee boli ve\u013emi bohat\u00ed, kv\u00f4li \u010domu museli pre odpor \u013eud\u00ed z Filip\u00edn (ktor\u00ed tak\u00fd dostatok rozhodne nemali a nemaj\u00fa) dokonca utiec\u0165 a nejak\u00fa dobu sa skr\u00fdvali na Havaji, kde man\u017eel zomrel. Imelda sa vr\u00e1tila domov a mala politick\u00e9&nbsp;amb\u00edcie, ktor\u00e9&nbsp;sa jej podarilo &#8211; ale iba \u010diasto\u010dne a v malom &#8211; naplni\u0165. Jej imid\u017e bol neoddelite\u013ene spojen\u00fd s \u201elodi\u010dkov\u00fdm\u201f \u0161t\u00fdlom, dnes m\u00e1 u\u017e 96 rokov, tak\u017ee mo\u017eno sa to u\u017e jemne zmenilo.<\/p>\n\n\n<shortcode prop-load-num=\"12\" prop-display-num=\"4\" prop-sku=\"5906751250372, 5906751341063, 5906751065273, 5906751341193\" prop-view=\"slider\"><\/shortcode>        <div\r\n            class=\"eob-pf-shortcode\"\r\n            id=\"eobpf69f41003bae1a\"\r\n        >\r\n            <shortcode prop-load-num=\"12\" prop-display-num=\"4\" prop-sku=\"5906751250372, 5906751341063, 5906751065273, 5906751341193\" prop-view=\"slider\"><\/shortcode>        <\/div>\r\n\t\t<script>\r\n\t\t\tjQuery(document).ready(() => {\r\n\t\t\t    const root = document.getElementById('eobpf69f41003bae1a');\r\n                Vue.createApp({\r\n\t                components: {\r\n\t                    shortcode\r\n\t                }\r\n                }).mount(root);\r\n\t\t\t});\r\n\t\t<\/script>\r\n\t\t\r\n\t\t\n\n\n\n<p><\/p>\n\n\n\n<h2 class=\"wp-block-heading\"><strong>Anna Wintour\u00a0\u2013 sand\u00e1le<\/strong><\/h2>\n\n\n\n<p>Dnes u\u017e\u00a075-ro\u010dn\u00e1 legend\u00e1rna\u00a0\u0161\u00e9fredaktorka m\u00f3dneho magaz\u00ednu\u00a0Vogue nos\u00ed prakticky iba jeden model \u2013 b\u00e9\u017eovo-ru\u017eov\u00e9\u00a0sand\u00e1le s n\u00edzkym podp\u00e4tkom. Objavuj\u00fa sa na nej od 90. rokov a\u017e dodnes. Pani Wintour je \u010dasto ozna\u010dovan\u00e1 za najvplyvnej\u0161iu \u017eenu m\u00f3dneho priemyslu a takou aktu\u00e1lnou zauj\u00edmavos\u0165ou je, \u017ee toto leto ozn\u00e1mila, \u017ee u\u017e m\u00e1\u00a0chu\u0165 z postu \u0161\u00e9fredaktorky od\u00eds\u0165. V tomto veku jej to azda nemo\u017eno ani zazlieva\u0165. <\/p>\n\n\n\n<p>Sand\u00e1le na podp\u00e4tkoch v\u0161ak miluje dodnes a mne ned\u00e1 nepouk\u00e1za\u0165 na to, \u017ee ako absol\u00fatna znalky\u0148a \u017eenskej m\u00f3dy je vn\u00edman\u00e1 ako m\u00f3dna ikona a trendsetterka e\u0161te aj vo svojom aktu\u00e1lnom veku. Pr\u00e1ve aj top\u00e1nkami vie dokonale pod\u010diarknu\u0165 svoju \u017eenskos\u0165, jemnos\u0165, \u010diasto\u010dn\u00fa vyz\u00fdvavos\u0165, ale pritom st\u00e1le eleganciu. Aj tento \u0161t\u00fdl top\u00e1nok n\u00e1jdete v CCC kamenn\u00fdch predajniach i v e-shope.<\/p>\n\n\n<shortcode prop-load-num=\"12\" prop-display-num=\"4\" prop-sku=\"5903698711058, 5904862875200, 5906751037478, 5906751116692\" prop-view=\"slider\"><\/shortcode>        <div\r\n            class=\"eob-pf-shortcode\"\r\n            id=\"eobpf69f41003bae3c\"\r\n        >\r\n            <shortcode prop-load-num=\"12\" prop-display-num=\"4\" prop-sku=\"5903698711058, 5904862875200, 5906751037478, 5906751116692\" prop-view=\"slider\"><\/shortcode>        <\/div>\r\n\t\t<script>\r\n\t\t\tjQuery(document).ready(() => {\r\n\t\t\t    const root = document.getElementById('eobpf69f41003bae3c');\r\n                Vue.createApp({\r\n\t                components: {\r\n\t                    shortcode\r\n\t                }\r\n                }).mount(root);\r\n\t\t\t});\r\n\t\t<\/script>\r\n\t\t\r\n\t\t\n\n\n\n<p><\/p>\n\n\n\n<h2 class=\"wp-block-heading\"><strong>Angela Merkelov\u00e1 \u2013 klasick\u00e9\u00a0n\u00edzke \u010dierne poltop\u00e1nky<\/strong><\/h2>\n\n\n\n<p>A tu m\u00e1me op\u00e4\u0165 d\u00e1mu z in\u00e9ho ako m\u00f3dneho biznisu, ktor\u00e1 preferuje konzervat\u00edvny \u0161t\u00fdl. Magaz\u00ednom Forbes bola opakovane ozna\u010den\u00e1 ako najmocnej\u0161ia \u017eena sveta, ba v roku 2012 ako druh\u00fd najmocnej\u0161\u00ed \u010dlovek na plan\u00e9te, \u010do predstavovalo historicky najvy\u0161\u0161ie postavenie \u017eeny. P\u00f4vodne inak bola vedky\u0148ou, venovala sa kvantovej ch\u00e9mii, \u010do o nej nie ka\u017ed\u00fd vie.<\/p>\n\n\n\n<p>Jej m\u00f3dny \u0161t\u00fdl ur\u010dite s\u00favis\u00ed ako s politickou kari\u00e9rou, tak aj pr\u00e1ve s tr\u00e1ven\u00edm \u010dasu v laborat\u00f3ri\u00e1ch, kde priestor na nejak\u00e9&nbsp;ve\u013ek\u00e9&nbsp;m\u00f3dne v\u00fdstrelky ur\u010dite nebol. Nemeck\u00e1 kancel\u00e1rka je zn\u00e1ma konzistentn\u00fdm vkusom na top\u00e1nky \u2013 pr\u00edm u nej hraj\u00fa n\u00edzke poltop\u00e1nky. Ke\u010f\u017ee sa nikdy nesna\u017eila nijak\u00fdm sp\u00f4sobom tento imid\u017e meni\u0165, tak poltop\u00e1nky na n\u00edzkych podp\u00e4tkoch sa stali jej pozn\u00e1vac\u00edm znamen\u00edm.<\/p>\n\n\n<shortcode prop-load-num=\"12\" prop-display-num=\"4\" prop-sku=\"5906751326824, 5903698045955, 5903698104959, 5903698045955, 5905588366225\" prop-view=\"slider\"><\/shortcode>        <div\r\n            class=\"eob-pf-shortcode\"\r\n            id=\"eobpf69f41003bae5c\"\r\n        >\r\n            <shortcode prop-load-num=\"12\" prop-display-num=\"4\" prop-sku=\"5906751326824, 5903698045955, 5903698104959, 5903698045955, 5905588366225\" prop-view=\"slider\"><\/shortcode>        <\/div>\r\n\t\t<script>\r\n\t\t\tjQuery(document).ready(() => {\r\n\t\t\t    const root = document.getElementById('eobpf69f41003bae5c');\r\n                Vue.createApp({\r\n\t                components: {\r\n\t                    shortcode\r\n\t                }\r\n                }).mount(root);\r\n\t\t\t});\r\n\t\t<\/script>\r\n\t\t\r\n\t\t\n\n\n\n<p><\/p>\n\n\n\n<p>Ktor\u00fd z t\u00fdchto \u0161t\u00fdlov je v\u00e1m najbli\u017e\u0161\u00ed? Ja sa mus\u00edm prizna\u0165, \u017ee \u010d\u00edm som star\u0161ia, t\u00fdm viac tie\u017e inklinujem k jedn\u00e9mu \u0161t\u00fdlu, ale tak vyhranen\u00e1, ako vy\u0161\u0161ie menovan\u00e9\u00a0d\u00e1my, ur\u010dite nie som. V ak\u00fdchko\u013evek top\u00e1nkach &#8211; u\u017e\u00edvajte si tieto kr\u00e1sne jesenn\u00e9\u00a0dni!<\/p>\n\n\n\n<p><\/p>\n\n\n\n<div class=\"wp-block-buttons is-content-justification-center is-layout-flex wp-container-core-buttons-is-layout-16018d1d wp-block-buttons-is-layout-flex\">\n<div class=\"wp-block-button is-style-fill\"><a class=\"wp-block-button__link has-custom-font-size wp-element-button\" href=\"https:\/\/ccc.eu\/sk\/sk\/c\/damske\/topanky\/poltopanky\" style=\"border-radius:0px;font-size:15px\">Objavi\u0165 cel\u00fa ponuku d\u00e1mskch poltop\u00e1nok v  CCC<\/a><\/div>\n<\/div>\n\n\n\n<p><\/p>\n","protected":false},"excerpt":{"rendered":"<p>Blog sa venuje zn\u00e1mym \u017een\u00e1m, ktor\u00e9 si vytvorili svoj charakteristick\u00fd \u0161t\u00fdl top\u00e1nok. Od Coco Chanel a\u017e po Angelu Merkelov\u00fa ukazuje, ako obuv dok\u00e1\u017ee definova\u0165 osobnos\u0165, eleganciu aj sebavedomie.<\/p>\n","protected":false},"author":22,"featured_media":9608,"comment_status":"open","ping_status":"open","sticky":false,"template":"","format":"standard","meta":{"_acf_changed":false,"footnotes":""},"categories":[1057,1059],"tags":[33,1083],"class_list":["post-9604","post","type-post","status-publish","format-standard","has-post-thumbnail","hentry","category-balerinky","category-lodicky","tag-baleriny","tag-lodicky-2"],"acf":[],"yoast_head":"<!-- This site is optimized with the Yoast SEO plugin v26.9 - https:\/\/yoast.com\/product\/yoast-seo-wordpress\/ -->\n<title>Top\u00e1nky \u017eien, ktor\u00e9 si z nich vytvorili uniformu<\/title>\n<meta name=\"description\" content=\"Objavte \u017eeny, ktor\u00e9 si z top\u00e1nok vytvorili uniformu. Spoznajte ich ikonick\u00fd \u0161t\u00fdl, top\u00e1nky od Chanel po Merkelov\u00fa. 2026\" \/>\n<meta name=\"robots\" content=\"index, follow, max-snippet:-1, max-image-preview:large, max-video-preview:-1\" \/>\n<link rel=\"canonical\" href=\"https:\/\/blog.ccc.eu\/sk\/zeny-ktore-si-z-topanok-vytvorili-uniformu\/\" \/>\n<meta property=\"og:locale\" content=\"sk_SK\" \/>\n<meta property=\"og:type\" content=\"article\" \/>\n<meta property=\"og:title\" content=\"Top\u00e1nky \u017eien, ktor\u00e9 si z nich vytvorili uniformu\" \/>\n<meta property=\"og:description\" content=\"Objavte \u017eeny, ktor\u00e9 si z top\u00e1nok vytvorili uniformu. Spoznajte ich ikonick\u00fd \u0161t\u00fdl, top\u00e1nky od Chanel po Merkelov\u00fa.\" \/>\n<meta property=\"og:url\" content=\"https:\/\/blog.ccc.eu\/sk\/zeny-ktore-si-z-topanok-vytvorili-uniformu\/\" \/>\n<meta property=\"og:site_name\" content=\"blog.ccc.eu\/sk\" \/>\n<meta property=\"article:published_time\" content=\"2025-10-06T12:58:22+00:00\" \/>\n<meta property=\"article:modified_time\" content=\"2025-11-13T08:17:13+00:00\" \/>\n<meta property=\"og:image\" content=\"https:\/\/blog.ccc.eu\/sk\/wp-content\/uploads\/2025\/10\/CCC_5905588473015_04.jpg\" \/>\n\t<meta property=\"og:image:width\" content=\"876\" \/>\n\t<meta property=\"og:image:height\" content=\"1314\" \/>\n\t<meta property=\"og:image:type\" content=\"image\/jpeg\" \/>\n<meta name=\"author\" content=\"Kaja\" \/>\n<meta name=\"twitter:card\" content=\"summary_large_image\" \/>\n<meta name=\"twitter:label1\" content=\"Autor\" \/>\n\t<meta name=\"twitter:data1\" content=\"Kaja\" \/>\n\t<meta name=\"twitter:label2\" content=\"Predpokladan\u00fd \u010das \u010d\u00edtania\" \/>\n\t<meta name=\"twitter:data2\" content=\"7 min\u00fat\" \/>\n<script type=\"application\/ld+json\" class=\"yoast-schema-graph\">{\"@context\":\"https:\/\/schema.org\",\"@graph\":[{\"@type\":\"Article\",\"@id\":\"https:\/\/blog.ccc.eu\/sk\/zeny-ktore-si-z-topanok-vytvorili-uniformu\/#article\",\"isPartOf\":{\"@id\":\"https:\/\/blog.ccc.eu\/sk\/zeny-ktore-si-z-topanok-vytvorili-uniformu\/\"},\"author\":{\"name\":\"Kaja\",\"@id\":\"https:\/\/blog.ccc.eu\/sk\/#\/schema\/person\/399beb3452b4976df83fb9268601a994\"},\"headline\":\"\u017deny, ktor\u00e9\u00a0si z top\u00e1nok vytvorili uniformu\",\"datePublished\":\"2025-10-06T12:58:22+00:00\",\"dateModified\":\"2025-11-13T08:17:13+00:00\",\"mainEntityOfPage\":{\"@id\":\"https:\/\/blog.ccc.eu\/sk\/zeny-ktore-si-z-topanok-vytvorili-uniformu\/\"},\"wordCount\":1430,\"commentCount\":0,\"publisher\":{\"@id\":\"https:\/\/blog.ccc.eu\/sk\/#organization\"},\"image\":{\"@id\":\"https:\/\/blog.ccc.eu\/sk\/zeny-ktore-si-z-topanok-vytvorili-uniformu\/#primaryimage\"},\"thumbnailUrl\":\"https:\/\/blog.ccc.eu\/sk\/wp-content\/uploads\/2025\/10\/CCC_5905588473015_04.jpg\",\"keywords\":[\"baleriny\",\"lodicky\"],\"articleSection\":[\"baler\u00ednky\",\"LODI\u010cKY\"],\"inLanguage\":\"sk-SK\",\"potentialAction\":[{\"@type\":\"CommentAction\",\"name\":\"Comment\",\"target\":[\"https:\/\/blog.ccc.eu\/sk\/zeny-ktore-si-z-topanok-vytvorili-uniformu\/#respond\"]}]},{\"@type\":\"WebPage\",\"@id\":\"https:\/\/blog.ccc.eu\/sk\/zeny-ktore-si-z-topanok-vytvorili-uniformu\/\",\"url\":\"https:\/\/blog.ccc.eu\/sk\/zeny-ktore-si-z-topanok-vytvorili-uniformu\/\",\"name\":\"Top\u00e1nky \u017eien, ktor\u00e9 si z nich vytvorili uniformu\",\"isPartOf\":{\"@id\":\"https:\/\/blog.ccc.eu\/sk\/#website\"},\"primaryImageOfPage\":{\"@id\":\"https:\/\/blog.ccc.eu\/sk\/zeny-ktore-si-z-topanok-vytvorili-uniformu\/#primaryimage\"},\"image\":{\"@id\":\"https:\/\/blog.ccc.eu\/sk\/zeny-ktore-si-z-topanok-vytvorili-uniformu\/#primaryimage\"},\"thumbnailUrl\":\"https:\/\/blog.ccc.eu\/sk\/wp-content\/uploads\/2025\/10\/CCC_5905588473015_04.jpg\",\"datePublished\":\"2025-10-06T12:58:22+00:00\",\"dateModified\":\"2025-11-13T08:17:13+00:00\",\"description\":\"Objavte \u017eeny, ktor\u00e9 si z top\u00e1nok vytvorili uniformu. Spoznajte ich ikonick\u00fd \u0161t\u00fdl, top\u00e1nky od Chanel po Merkelov\u00fa.\",\"breadcrumb\":{\"@id\":\"https:\/\/blog.ccc.eu\/sk\/zeny-ktore-si-z-topanok-vytvorili-uniformu\/#breadcrumb\"},\"inLanguage\":\"sk-SK\",\"potentialAction\":[{\"@type\":\"ReadAction\",\"target\":[\"https:\/\/blog.ccc.eu\/sk\/zeny-ktore-si-z-topanok-vytvorili-uniformu\/\"]}]},{\"@type\":\"ImageObject\",\"inLanguage\":\"sk-SK\",\"@id\":\"https:\/\/blog.ccc.eu\/sk\/zeny-ktore-si-z-topanok-vytvorili-uniformu\/#primaryimage\",\"url\":\"https:\/\/blog.ccc.eu\/sk\/wp-content\/uploads\/2025\/10\/CCC_5905588473015_04.jpg\",\"contentUrl\":\"https:\/\/blog.ccc.eu\/sk\/wp-content\/uploads\/2025\/10\/CCC_5905588473015_04.jpg\",\"width\":876,\"height\":1314,\"caption\":\"top\u00e1nky\"},{\"@type\":\"BreadcrumbList\",\"@id\":\"https:\/\/blog.ccc.eu\/sk\/zeny-ktore-si-z-topanok-vytvorili-uniformu\/#breadcrumb\",\"itemListElement\":[{\"@type\":\"ListItem\",\"position\":1,\"name\":\"Strona g\u0142\u00f3wna\",\"item\":\"https:\/\/blog.ccc.eu\/sk\/\"},{\"@type\":\"ListItem\",\"position\":2,\"name\":\"\u017deny, ktor\u00e9\u00a0si z top\u00e1nok vytvorili uniformu\"}]},{\"@type\":\"WebSite\",\"@id\":\"https:\/\/blog.ccc.eu\/sk\/#website\",\"url\":\"https:\/\/blog.ccc.eu\/sk\/\",\"name\":\"blog.ccc.eu\/sk\",\"description\":\"Va\u0161e miesto pln\u00e9 m\u00f3dnych in\u0161pir\u00e1ci\u00ed\",\"publisher\":{\"@id\":\"https:\/\/blog.ccc.eu\/sk\/#organization\"},\"potentialAction\":[{\"@type\":\"SearchAction\",\"target\":{\"@type\":\"EntryPoint\",\"urlTemplate\":\"https:\/\/blog.ccc.eu\/sk\/?s={search_term_string}\"},\"query-input\":{\"@type\":\"PropertyValueSpecification\",\"valueRequired\":true,\"valueName\":\"search_term_string\"}}],\"inLanguage\":\"sk-SK\"},{\"@type\":\"Organization\",\"@id\":\"https:\/\/blog.ccc.eu\/sk\/#organization\",\"name\":\"CCC S.A.\",\"url\":\"https:\/\/blog.ccc.eu\/sk\/\",\"logo\":{\"@type\":\"ImageObject\",\"inLanguage\":\"sk-SK\",\"@id\":\"https:\/\/blog.ccc.eu\/sk\/#\/schema\/logo\/image\/\",\"url\":\"https:\/\/blog.ccc.eu\/sk\/wp-content\/uploads\/2021\/11\/logo_ccc.png\",\"contentUrl\":\"https:\/\/blog.ccc.eu\/sk\/wp-content\/uploads\/2021\/11\/logo_ccc.png\",\"width\":730,\"height\":270,\"caption\":\"CCC S.A.\"},\"image\":{\"@id\":\"https:\/\/blog.ccc.eu\/sk\/#\/schema\/logo\/image\/\"}},{\"@type\":\"Person\",\"@id\":\"https:\/\/blog.ccc.eu\/sk\/#\/schema\/person\/399beb3452b4976df83fb9268601a994\",\"name\":\"Kaja\",\"image\":{\"@type\":\"ImageObject\",\"inLanguage\":\"sk-SK\",\"@id\":\"https:\/\/blog.ccc.eu\/sk\/#\/schema\/person\/image\/\",\"url\":\"https:\/\/blog.ccc.eu\/sk\/wp-content\/uploads\/2024\/06\/white-1-100x100.jpg\",\"contentUrl\":\"https:\/\/blog.ccc.eu\/sk\/wp-content\/uploads\/2024\/06\/white-1-100x100.jpg\",\"caption\":\"Kaja\"},\"description\":\"U\u017e od pubert\u00e1lnych \u010dias sa venuje pr\u00e1ci v m\u00e9di\u00e1ch a p\u00edsaniu. Z kon\u00ed\u010dka sa stalo \u017eivobytie, ktor\u00e9 jej z\u00e1rove\u0148 dalo dostatok slobody na to, aby mohla pomerne ve\u013ea cestova\u0165 a spozn\u00e1va\u0165 svet a rozli\u010dn\u00e9 kult\u00fary. Energiu jej dod\u00e1va \u010d\u00edtanie kn\u00edh, voda a hudba.\",\"url\":\"https:\/\/blog.ccc.eu\/sk\/author\/perlamakovienka-sk\/\"}]}<\/script>\n<!-- \/ Yoast SEO plugin. -->","yoast_head_json":{"title":"Top\u00e1nky \u017eien, ktor\u00e9 si z nich vytvorili uniformu","description":"Objavte \u017eeny, ktor\u00e9 si z top\u00e1nok vytvorili uniformu. Spoznajte ich ikonick\u00fd \u0161t\u00fdl, top\u00e1nky od Chanel po Merkelov\u00fa. 2026","robots":{"index":"index","follow":"follow","max-snippet":"max-snippet:-1","max-image-preview":"max-image-preview:large","max-video-preview":"max-video-preview:-1"},"canonical":"https:\/\/blog.ccc.eu\/sk\/zeny-ktore-si-z-topanok-vytvorili-uniformu\/","og_locale":"sk_SK","og_type":"article","og_title":"Top\u00e1nky \u017eien, ktor\u00e9 si z nich vytvorili uniformu","og_description":"Objavte \u017eeny, ktor\u00e9 si z top\u00e1nok vytvorili uniformu. Spoznajte ich ikonick\u00fd \u0161t\u00fdl, top\u00e1nky od Chanel po Merkelov\u00fa.","og_url":"https:\/\/blog.ccc.eu\/sk\/zeny-ktore-si-z-topanok-vytvorili-uniformu\/","og_site_name":"blog.ccc.eu\/sk","article_published_time":"2025-10-06T12:58:22+00:00","article_modified_time":"2025-11-13T08:17:13+00:00","og_image":[{"width":876,"height":1314,"url":"https:\/\/blog.ccc.eu\/sk\/wp-content\/uploads\/2025\/10\/CCC_5905588473015_04.jpg","type":"image\/jpeg"}],"author":"Kaja","twitter_card":"summary_large_image","twitter_misc":{"Autor":"Kaja","Predpokladan\u00fd \u010das \u010d\u00edtania":"7 min\u00fat"},"schema":{"@context":"https:\/\/schema.org","@graph":[{"@type":"Article","@id":"https:\/\/blog.ccc.eu\/sk\/zeny-ktore-si-z-topanok-vytvorili-uniformu\/#article","isPartOf":{"@id":"https:\/\/blog.ccc.eu\/sk\/zeny-ktore-si-z-topanok-vytvorili-uniformu\/"},"author":{"name":"Kaja","@id":"https:\/\/blog.ccc.eu\/sk\/#\/schema\/person\/399beb3452b4976df83fb9268601a994"},"headline":"\u017deny, ktor\u00e9\u00a0si z top\u00e1nok vytvorili uniformu","datePublished":"2025-10-06T12:58:22+00:00","dateModified":"2025-11-13T08:17:13+00:00","mainEntityOfPage":{"@id":"https:\/\/blog.ccc.eu\/sk\/zeny-ktore-si-z-topanok-vytvorili-uniformu\/"},"wordCount":1430,"commentCount":0,"publisher":{"@id":"https:\/\/blog.ccc.eu\/sk\/#organization"},"image":{"@id":"https:\/\/blog.ccc.eu\/sk\/zeny-ktore-si-z-topanok-vytvorili-uniformu\/#primaryimage"},"thumbnailUrl":"https:\/\/blog.ccc.eu\/sk\/wp-content\/uploads\/2025\/10\/CCC_5905588473015_04.jpg","keywords":["baleriny","lodicky"],"articleSection":["baler\u00ednky","LODI\u010cKY"],"inLanguage":"sk-SK","potentialAction":[{"@type":"CommentAction","name":"Comment","target":["https:\/\/blog.ccc.eu\/sk\/zeny-ktore-si-z-topanok-vytvorili-uniformu\/#respond"]}]},{"@type":"WebPage","@id":"https:\/\/blog.ccc.eu\/sk\/zeny-ktore-si-z-topanok-vytvorili-uniformu\/","url":"https:\/\/blog.ccc.eu\/sk\/zeny-ktore-si-z-topanok-vytvorili-uniformu\/","name":"Top\u00e1nky \u017eien, ktor\u00e9 si z nich vytvorili uniformu","isPartOf":{"@id":"https:\/\/blog.ccc.eu\/sk\/#website"},"primaryImageOfPage":{"@id":"https:\/\/blog.ccc.eu\/sk\/zeny-ktore-si-z-topanok-vytvorili-uniformu\/#primaryimage"},"image":{"@id":"https:\/\/blog.ccc.eu\/sk\/zeny-ktore-si-z-topanok-vytvorili-uniformu\/#primaryimage"},"thumbnailUrl":"https:\/\/blog.ccc.eu\/sk\/wp-content\/uploads\/2025\/10\/CCC_5905588473015_04.jpg","datePublished":"2025-10-06T12:58:22+00:00","dateModified":"2025-11-13T08:17:13+00:00","description":"Objavte \u017eeny, ktor\u00e9 si z top\u00e1nok vytvorili uniformu. Spoznajte ich ikonick\u00fd \u0161t\u00fdl, top\u00e1nky od Chanel po Merkelov\u00fa.","breadcrumb":{"@id":"https:\/\/blog.ccc.eu\/sk\/zeny-ktore-si-z-topanok-vytvorili-uniformu\/#breadcrumb"},"inLanguage":"sk-SK","potentialAction":[{"@type":"ReadAction","target":["https:\/\/blog.ccc.eu\/sk\/zeny-ktore-si-z-topanok-vytvorili-uniformu\/"]}]},{"@type":"ImageObject","inLanguage":"sk-SK","@id":"https:\/\/blog.ccc.eu\/sk\/zeny-ktore-si-z-topanok-vytvorili-uniformu\/#primaryimage","url":"https:\/\/blog.ccc.eu\/sk\/wp-content\/uploads\/2025\/10\/CCC_5905588473015_04.jpg","contentUrl":"https:\/\/blog.ccc.eu\/sk\/wp-content\/uploads\/2025\/10\/CCC_5905588473015_04.jpg","width":876,"height":1314,"caption":"top\u00e1nky"},{"@type":"BreadcrumbList","@id":"https:\/\/blog.ccc.eu\/sk\/zeny-ktore-si-z-topanok-vytvorili-uniformu\/#breadcrumb","itemListElement":[{"@type":"ListItem","position":1,"name":"Strona g\u0142\u00f3wna","item":"https:\/\/blog.ccc.eu\/sk\/"},{"@type":"ListItem","position":2,"name":"\u017deny, ktor\u00e9\u00a0si z top\u00e1nok vytvorili uniformu"}]},{"@type":"WebSite","@id":"https:\/\/blog.ccc.eu\/sk\/#website","url":"https:\/\/blog.ccc.eu\/sk\/","name":"blog.ccc.eu\/sk","description":"Va\u0161e miesto pln\u00e9 m\u00f3dnych in\u0161pir\u00e1ci\u00ed","publisher":{"@id":"https:\/\/blog.ccc.eu\/sk\/#organization"},"potentialAction":[{"@type":"SearchAction","target":{"@type":"EntryPoint","urlTemplate":"https:\/\/blog.ccc.eu\/sk\/?s={search_term_string}"},"query-input":{"@type":"PropertyValueSpecification","valueRequired":true,"valueName":"search_term_string"}}],"inLanguage":"sk-SK"},{"@type":"Organization","@id":"https:\/\/blog.ccc.eu\/sk\/#organization","name":"CCC S.A.","url":"https:\/\/blog.ccc.eu\/sk\/","logo":{"@type":"ImageObject","inLanguage":"sk-SK","@id":"https:\/\/blog.ccc.eu\/sk\/#\/schema\/logo\/image\/","url":"https:\/\/blog.ccc.eu\/sk\/wp-content\/uploads\/2021\/11\/logo_ccc.png","contentUrl":"https:\/\/blog.ccc.eu\/sk\/wp-content\/uploads\/2021\/11\/logo_ccc.png","width":730,"height":270,"caption":"CCC S.A."},"image":{"@id":"https:\/\/blog.ccc.eu\/sk\/#\/schema\/logo\/image\/"}},{"@type":"Person","@id":"https:\/\/blog.ccc.eu\/sk\/#\/schema\/person\/399beb3452b4976df83fb9268601a994","name":"Kaja","image":{"@type":"ImageObject","inLanguage":"sk-SK","@id":"https:\/\/blog.ccc.eu\/sk\/#\/schema\/person\/image\/","url":"https:\/\/blog.ccc.eu\/sk\/wp-content\/uploads\/2024\/06\/white-1-100x100.jpg","contentUrl":"https:\/\/blog.ccc.eu\/sk\/wp-content\/uploads\/2024\/06\/white-1-100x100.jpg","caption":"Kaja"},"description":"U\u017e od pubert\u00e1lnych \u010dias sa venuje pr\u00e1ci v m\u00e9di\u00e1ch a p\u00edsaniu. Z kon\u00ed\u010dka sa stalo \u017eivobytie, ktor\u00e9 jej z\u00e1rove\u0148 dalo dostatok slobody na to, aby mohla pomerne ve\u013ea cestova\u0165 a spozn\u00e1va\u0165 svet a rozli\u010dn\u00e9 kult\u00fary. Energiu jej dod\u00e1va \u010d\u00edtanie kn\u00edh, voda a hudba.","url":"https:\/\/blog.ccc.eu\/sk\/author\/perlamakovienka-sk\/"}]}},"_links":{"self":[{"href":"https:\/\/blog.ccc.eu\/sk\/wp-json\/wp\/v2\/posts\/9604","targetHints":{"allow":["GET"]}}],"collection":[{"href":"https:\/\/blog.ccc.eu\/sk\/wp-json\/wp\/v2\/posts"}],"about":[{"href":"https:\/\/blog.ccc.eu\/sk\/wp-json\/wp\/v2\/types\/post"}],"author":[{"embeddable":true,"href":"https:\/\/blog.ccc.eu\/sk\/wp-json\/wp\/v2\/users\/22"}],"replies":[{"embeddable":true,"href":"https:\/\/blog.ccc.eu\/sk\/wp-json\/wp\/v2\/comments?post=9604"}],"version-history":[{"count":2,"href":"https:\/\/blog.ccc.eu\/sk\/wp-json\/wp\/v2\/posts\/9604\/revisions"}],"predecessor-version":[{"id":9611,"href":"https:\/\/blog.ccc.eu\/sk\/wp-json\/wp\/v2\/posts\/9604\/revisions\/9611"}],"wp:featuredmedia":[{"embeddable":true,"href":"https:\/\/blog.ccc.eu\/sk\/wp-json\/wp\/v2\/media\/9608"}],"wp:attachment":[{"href":"https:\/\/blog.ccc.eu\/sk\/wp-json\/wp\/v2\/media?parent=9604"}],"wp:term":[{"taxonomy":"category","embeddable":true,"href":"https:\/\/blog.ccc.eu\/sk\/wp-json\/wp\/v2\/categories?post=9604"},{"taxonomy":"post_tag","embeddable":true,"href":"https:\/\/blog.ccc.eu\/sk\/wp-json\/wp\/v2\/tags?post=9604"}],"curies":[{"name":"wp","href":"https:\/\/api.w.org\/{rel}","templated":true}]}}