{"id":9668,"date":"2025-10-13T17:05:54","date_gmt":"2025-10-13T15:05:54","guid":{"rendered":"https:\/\/blog.ccc.eu\/sk\/?p=9668"},"modified":"2025-11-12T22:41:41","modified_gmt":"2025-11-12T21:41:41","slug":"ako-si-zachovat-eleganciu-a-teplo-v-chladnych-mesiacoch","status":"publish","type":"post","link":"https:\/\/blog.ccc.eu\/sk\/ako-si-zachovat-eleganciu-a-teplo-v-chladnych-mesiacoch\/","title":{"rendered":"Ako si zachova\u0165 eleganciu (a teplo) v chladn\u00fdch mesiacoch"},"content":{"rendered":"\n<p><em>Zima nie je len o vrstven\u00ed a tepl\u00fdch kab\u00e1toch. Je aj o tom, ako si zachova\u0165 \u0161t\u00fdl a eleganciu, aj ke\u010f teplomer klesne na \u00farove\u0148&nbsp;nuly&nbsp;\u010di dokonca pod \u0148u. K\u00fdm letn\u00e9&nbsp;outfity hraj\u00fa farbami a \u013eahkos\u0165ou, zimn\u00e9&nbsp;obdobie si vy\u017eaduje kombin\u00e1ciu komfortu, kvality a nad\u010dasov\u00e9ho dizajnu. A pr\u00e1ve top\u00e1nky a kabelky s\u00fa&nbsp;tie k\u00fasky, ktor\u00e9&nbsp;dok\u00e1\u017eu cel\u00fd vzh\u013ead pozdvihn\u00fa\u0165 aj v najchladnej\u0161\u00edch d\u0148och.<\/em><\/p>\n\n\n\n<figure class=\"wp-block-gallery has-nested-images columns-default is-cropped wp-block-gallery-1 is-layout-flex wp-block-gallery-is-layout-flex\">\n<figure class=\"wp-block-image size-large\"><img loading=\"lazy\" decoding=\"async\" width=\"1024\" height=\"641\" data-id=\"9669\" src=\"https:\/\/blog.ccc.eu\/sk\/wp-content\/uploads\/2025\/10\/imgonline-com-ua-compressed-t0VF71DisMIx-edited-1-1024x641.jpg\" alt=\"\" class=\"wp-image-9669\" srcset=\"https:\/\/blog.ccc.eu\/sk\/wp-content\/uploads\/2025\/10\/imgonline-com-ua-compressed-t0VF71DisMIx-edited-1-1024x641.jpg 1024w, https:\/\/blog.ccc.eu\/sk\/wp-content\/uploads\/2025\/10\/imgonline-com-ua-compressed-t0VF71DisMIx-edited-1-300x188.jpg 300w, https:\/\/blog.ccc.eu\/sk\/wp-content\/uploads\/2025\/10\/imgonline-com-ua-compressed-t0VF71DisMIx-edited-1-768x480.jpg 768w, https:\/\/blog.ccc.eu\/sk\/wp-content\/uploads\/2025\/10\/imgonline-com-ua-compressed-t0VF71DisMIx-edited-1-1536x961.jpg 1536w, https:\/\/blog.ccc.eu\/sk\/wp-content\/uploads\/2025\/10\/imgonline-com-ua-compressed-t0VF71DisMIx-edited-1-100x63.jpg 100w, https:\/\/blog.ccc.eu\/sk\/wp-content\/uploads\/2025\/10\/imgonline-com-ua-compressed-t0VF71DisMIx-edited-1.jpg 1923w\" sizes=\"auto, (max-width: 1024px) 100vw, 1024px\" \/><\/figure>\n<\/figure>\n\n\n\n<p><\/p>\n\n\n\n<h1 class=\"wp-block-heading\"><strong>Elegantn\u00e1 zima sa za\u010d\u00edna pri top\u00e1nkach<\/strong><\/h1>\n\n\n\n<p>Top\u00e1nky s\u00fa z\u00e1kladom zimnej garder\u00f3by. Moja babi\u010dka mi u\u017e v detstve ve\u013emi kl\u00e1dla na srdce, \u017ee zima a choroby id\u00fa od n\u00f4h, a tak sa na v\u00fdber tepl\u00fdch top\u00e1nok u n\u00e1s kl\u00e1dol ve\u013ek\u00fd d\u00f4raz. Nepova\u017eovala som ich v\u017edy za najkraj\u0161ie, preto som ve\u013emi v\u010fa\u010dn\u00e1, \u017ee dnes vieme kr\u00e1sne spoji\u0165 teplo a pr\u00edjemn\u00fd dizajn do jedn\u00e9ho celku. V kamenn\u00fdch predajniach i v e-shope CCC n\u00e1jdete v\u00fdber toho, \u010do je dokonal\u00fdm sk\u013aben\u00edm tepla a elegancie, odpor\u00fa\u010dame najm\u00e4 tieto 3 typy top\u00e1nok, ktor\u00e9&nbsp;by mali dop\u013a\u0148a\u0165 v\u00e1\u0161 zimn\u00fd \u0161atn\u00edk.<\/p>\n\n\n\n<figure class=\"wp-block-gallery has-nested-images columns-default is-cropped wp-block-gallery-2 is-layout-flex wp-block-gallery-is-layout-flex\">\n<figure class=\"wp-block-image size-large\"><img loading=\"lazy\" decoding=\"async\" width=\"682\" height=\"1024\" data-id=\"9670\" src=\"https:\/\/blog.ccc.eu\/sk\/wp-content\/uploads\/2025\/10\/imgonline-com-ua-compressed-cW8nMagZ8Rqwz-scaled-1-682x1024.jpg\" alt=\"\" class=\"wp-image-9670\" srcset=\"https:\/\/blog.ccc.eu\/sk\/wp-content\/uploads\/2025\/10\/imgonline-com-ua-compressed-cW8nMagZ8Rqwz-scaled-1-682x1024.jpg 682w, https:\/\/blog.ccc.eu\/sk\/wp-content\/uploads\/2025\/10\/imgonline-com-ua-compressed-cW8nMagZ8Rqwz-scaled-1-200x300.jpg 200w, https:\/\/blog.ccc.eu\/sk\/wp-content\/uploads\/2025\/10\/imgonline-com-ua-compressed-cW8nMagZ8Rqwz-scaled-1-768x1152.jpg 768w, https:\/\/blog.ccc.eu\/sk\/wp-content\/uploads\/2025\/10\/imgonline-com-ua-compressed-cW8nMagZ8Rqwz-scaled-1-1024x1536.jpg 1024w, https:\/\/blog.ccc.eu\/sk\/wp-content\/uploads\/2025\/10\/imgonline-com-ua-compressed-cW8nMagZ8Rqwz-scaled-1-1365x2048.jpg 1365w, https:\/\/blog.ccc.eu\/sk\/wp-content\/uploads\/2025\/10\/imgonline-com-ua-compressed-cW8nMagZ8Rqwz-scaled-1-100x150.jpg 100w, https:\/\/blog.ccc.eu\/sk\/wp-content\/uploads\/2025\/10\/imgonline-com-ua-compressed-cW8nMagZ8Rqwz-scaled-1.jpg 1706w\" sizes=\"auto, (max-width: 682px) 100vw, 682px\" \/><\/figure>\n\n\n\n<figure class=\"wp-block-image size-large\"><img loading=\"lazy\" decoding=\"async\" width=\"682\" height=\"1024\" data-id=\"9671\" src=\"https:\/\/blog.ccc.eu\/sk\/wp-content\/uploads\/2025\/10\/imgonline-com-ua-compressed-Y6zRbz2dtSON-scaled-1-682x1024.jpg\" alt=\"\" class=\"wp-image-9671\" srcset=\"https:\/\/blog.ccc.eu\/sk\/wp-content\/uploads\/2025\/10\/imgonline-com-ua-compressed-Y6zRbz2dtSON-scaled-1-682x1024.jpg 682w, https:\/\/blog.ccc.eu\/sk\/wp-content\/uploads\/2025\/10\/imgonline-com-ua-compressed-Y6zRbz2dtSON-scaled-1-200x300.jpg 200w, https:\/\/blog.ccc.eu\/sk\/wp-content\/uploads\/2025\/10\/imgonline-com-ua-compressed-Y6zRbz2dtSON-scaled-1-768x1152.jpg 768w, https:\/\/blog.ccc.eu\/sk\/wp-content\/uploads\/2025\/10\/imgonline-com-ua-compressed-Y6zRbz2dtSON-scaled-1-1024x1536.jpg 1024w, https:\/\/blog.ccc.eu\/sk\/wp-content\/uploads\/2025\/10\/imgonline-com-ua-compressed-Y6zRbz2dtSON-scaled-1-1365x2048.jpg 1365w, https:\/\/blog.ccc.eu\/sk\/wp-content\/uploads\/2025\/10\/imgonline-com-ua-compressed-Y6zRbz2dtSON-scaled-1-100x150.jpg 100w, https:\/\/blog.ccc.eu\/sk\/wp-content\/uploads\/2025\/10\/imgonline-com-ua-compressed-Y6zRbz2dtSON-scaled-1.jpg 1706w\" sizes=\"auto, (max-width: 682px) 100vw, 682px\" \/><\/figure>\n<\/figure>\n\n\n\n<p><\/p>\n\n\n\n<h2 class=\"wp-block-heading\"><strong>Ko\u017een\u00e9 \u010di\u017emy s v\u00fdraznou podr\u00e1\u017ekou<\/strong><\/h2>\n\n\n\n<p>Klasick\u00e9\u00a0stredn\u00e9\u00a0alebo vysok\u00e9 <a href=\"https:\/\/ccc.eu\/sk\/sk\/c\/damske\/topanky\/cizmy\">\u010di\u017emy <\/a>z hladkej alebo semi\u0161ovej ko\u017ee sa t\u00fato zimu vracaj\u00fa v novom \u0161ate \u2013\u00a0s mas\u00edvnymi podr\u00e1\u017ekami, hranat\u00fdmi \u0161pi\u010dkami a kovov\u00fdmi detailmi. Tento trend sp\u00e1ja eleganciu s modernou odvahou. Ide\u00e1lne sa kombinuj\u00fa s vlnen\u00fdm kab\u00e1tom alebo pleten\u00fdmi \u0161atami.<\/p>\n\n\n\n<p>Ak stav\u00edte na vysok\u00e9, tak m\u00e1te istotu, \u017ee v teple bude v\u00e4\u010d\u0161ia \u010das\u0165 va\u0161ej nohy. Hrub\u00e1 podr\u00e1\u017eka zas vytv\u00e1ra prirodzen\u00fa bari\u00e9ru medzi chodidlom a studen\u00fdm povrchom chodn\u00edkov.<\/p>\n\n\n<shortcode prop-load-num=\"12\" prop-display-num=\"4\" prop-sku=\"5906751303733, 5906751274286, 5906751407622, 5906751423189\" prop-view=\"slider\"><\/shortcode>        <div\r\n            class=\"eob-pf-shortcode\"\r\n            id=\"eobpf69f3d11c5d934\"\r\n        >\r\n            <shortcode prop-load-num=\"12\" prop-display-num=\"4\" prop-sku=\"5906751303733, 5906751274286, 5906751407622, 5906751423189\" prop-view=\"slider\"><\/shortcode>        <\/div>\r\n\t\t<script>\r\n\t\t\tjQuery(document).ready(() => {\r\n\t\t\t    const root = document.getElementById('eobpf69f3d11c5d934');\r\n                Vue.createApp({\r\n\t                components: {\r\n\t                    shortcode\r\n\t                }\r\n                }).mount(root);\r\n\t\t\t});\r\n\t\t<\/script>\r\n\t\t\r\n\t\t\n\n\n\n<p><\/p>\n\n\n\n<h2 class=\"wp-block-heading\"><strong>\u010clenkov\u00e9&nbsp;top\u00e1nky s op\u00e4tkom<\/strong><\/h2>\n\n\n\n<p>Stredne vysok\u00fd blokov\u00fd op\u00e4tok zost\u00e1va hitom aj t\u00fato sez\u00f3nu. Je pohodln\u00fd, stabiln\u00fd a z\u00e1rove\u0148 dod\u00e1va siluetu, ktor\u00e1 opticky pred\u013a\u017ei nohy. Trendy prin\u00e1\u0161aj\u00fa tmavozelen\u00e9, v\u00ednov\u00e9 a b\u00e9\u017eov\u00e9 odtiene, ktor\u00e9 p\u00f4sobia luxusne a jednoducho sa kombinuj\u00fa s kab\u00e1tom aj d\u017e\u00ednsami. V tomto pr\u00edpade ja iba na v\u00e1s a na va\u0161om \u0161t\u00fdle, na ak\u00e9&nbsp;stav\u00edte. <\/p>\n\n\n\n<p>Samozrejme, teplej\u0161ie s\u00fa v\u017edy tie hrub\u0161ie a s hrub\u0161ou podr\u00e1\u017ekou, d\u00f4le\u017eit\u00e1 je vn\u00fatorn\u00e1 v\u00fdstelka, ktor\u00e1 by mala by\u0165 zateplen\u00e1. Ak ale napr\u00edklad do pr\u00e1ce potrebujete nutne \u010dlenkov\u00e9 \u010di\u017emi\u010dky na uzu\u010dk\u00fdch podp\u00e4tkoch, tu sa teplo h\u013ead\u00e1 u\u017e trochu \u0165a\u017e\u0161ie. Ide\u00e1lne je, ak m\u00e1te aspo\u0148 dva p\u00e1ry, aby ste si mohli vybra\u0165 r\u00e1no pod\u013ea n\u00e1lady a &#8211; po\u010dasia!<\/p>\n\n\n<shortcode prop-load-num=\"12\" prop-display-num=\"4\" prop-sku=\"5906751274880, 5906751282564, 5906751291825, 5906751330425, 5906751459102\" prop-view=\"slider\"><\/shortcode>        <div\r\n            class=\"eob-pf-shortcode\"\r\n            id=\"eobpf69f3d11c5da5b\"\r\n        >\r\n            <shortcode prop-load-num=\"12\" prop-display-num=\"4\" prop-sku=\"5906751274880, 5906751282564, 5906751291825, 5906751330425, 5906751459102\" prop-view=\"slider\"><\/shortcode>        <\/div>\r\n\t\t<script>\r\n\t\t\tjQuery(document).ready(() => {\r\n\t\t\t    const root = document.getElementById('eobpf69f3d11c5da5b');\r\n                Vue.createApp({\r\n\t                components: {\r\n\t                    shortcode\r\n\t                }\r\n                }).mount(root);\r\n\t\t\t});\r\n\t\t<\/script>\r\n\t\t\r\n\t\t\n\n\n\n<p><\/p>\n\n\n\n<h2 class=\"wp-block-heading\"><strong>\u0160nurovacie top\u00e1nky v \u0161t\u00fdle&nbsp;<\/strong>\u201c<strong>city trekking\u201d<\/strong><\/h2>\n\n\n\n<p>Ak h\u013ead\u00e1te nie\u010do medzi \u0161portov\u00fdm a mestsk\u00fdm \u0161t\u00fdlom, siahnite po \u0161t\u00fdlov\u00fdch&nbsp;\u0161nurova\u010dk\u00e1ch s fl\u00edsovou alebo ko\u017eu\u0161inovou v\u00fdstelkou. V kombin\u00e1cii s kab\u00e1tom p\u00f4sobia neform\u00e1lne, no st\u00e1le elegantne. Zauj\u00edmav\u00e9&nbsp;na tomto type top\u00e1nok je, \u017ee v\u017edy vzbudia pozornos\u0165 a niekedy p\u00f4sobia dojmom jemn\u00e9ho rebelstva. Napriek tomu nemus\u00edte by\u0165 rebelkou na to, aby ste si ich obuli, pokojne si ich obujte aj k \u201ebe\u017en\u00e9mu\u201f oble\u010deniu, v\u00e1\u0161 \u0161t\u00fdl pozdvihn\u00fa na \u00faplne nov\u00fd level.<\/p>\n\n\n<shortcode prop-load-num=\"12\" prop-display-num=\"4\" prop-sku=\"5906751227374, 5906751248348, 5906751275023, 5906751348864, 5906751350201\" prop-view=\"slider\"><\/shortcode>        <div\r\n            class=\"eob-pf-shortcode\"\r\n            id=\"eobpf69f3d11c5da95\"\r\n        >\r\n            <shortcode prop-load-num=\"12\" prop-display-num=\"4\" prop-sku=\"5906751227374, 5906751248348, 5906751275023, 5906751348864, 5906751350201\" prop-view=\"slider\"><\/shortcode>        <\/div>\r\n\t\t<script>\r\n\t\t\tjQuery(document).ready(() => {\r\n\t\t\t    const root = document.getElementById('eobpf69f3d11c5da95');\r\n                Vue.createApp({\r\n\t                components: {\r\n\t                    shortcode\r\n\t                }\r\n                }).mount(root);\r\n\t\t\t});\r\n\t\t<\/script>\r\n\t\t\r\n\t\t\n\n\n\n<p><\/p>\n\n\n\n<h1 class=\"wp-block-heading\"><strong>Kabelky \u2013 detail, ktor\u00fd ur\u010duje dojem<\/strong><\/h1>\n\n\n\n<p>Zatia\u013e \u010do top\u00e1nky zaru\u010dia stabilitu&nbsp;a teplo, kabelka dod\u00e1va outfitu charakter. T\u00fato sez\u00f3nu sa nesie&nbsp;v znamen\u00ed striedmosti a kvality \u2013 n\u00e1vrh\u00e1ri uprednost\u0148uj\u00fa \u010dist\u00e9&nbsp;l\u00ednie, jemn\u00e9&nbsp;kovania a pr\u00e9miov\u00e9&nbsp;materi\u00e1ly. Pre m\u0148a osobne je najd\u00f4le\u017eitej\u0161ie, aby som do nej pohodlne vlo\u017eila rukavice, \u0161\u00e1l \u010di \u0161atku a ide\u00e1lne aj ten\u0161\u00ed svetr\u00edk, ktor\u00fd \u013eahko navrstv\u00edm na ostatn\u00e9 oble\u010denie.<\/p>\n\n\n\n<p>Ur\u010dite to najlep\u0161ie pochopia mamy det\u00ed, ktor\u00e9 ob\u010das zachra\u0148uj\u00fa situ\u00e1ciu, ke\u010f je \u201emal\u00e9mu\u201c \u010di \u201emalej\u201c zima. Vtedy s\u00fa \u0161\u0165astn\u00e9, \u017ee maj\u00fa dostato\u010dne ve\u013ek\u00fa kabelku, z ktorej r\u00fdchlo vytiahnu potrebn\u00fa pomoc.<\/p>\n\n\n\n<h2 class=\"wp-block-heading\"><strong>Midi kabelky ako symbol rovnov\u00e1hy<\/strong><\/h2>\n\n\n\n<p>Ani mal\u00e9 \u201c<a href=\"https:\/\/ccc.eu\/sk\/sk\/c\/damske\/kabelky-kufre-ruksaky\/kabelky\/male\">mini bags<\/a>\u201d, ani objemn\u00e9 \u201cshoppery\u201d \u2013 jese\u0148 a zima 2025 patria stredne ve\u013ek\u00fdm kabelk\u00e1m, ktor\u00e9\u00a0s\u00fa praktick\u00e9, ale zachov\u00e1vaj\u00fa eleganciu. Ob\u013e\u00faben\u00e9\u00a0s\u00fa \u0161trukt\u00farovan\u00e9\u00a0modely z pravej ko\u017ee, ktor\u00e9\u00a0sa daj\u00fa nosi\u0165 na pleci alebo v ruke. Mne osobne sa na midi kabelk\u00e1ch p\u00e1\u010di, \u017ee prezentuj\u00fa naozaj ka\u017ed\u00fd \u0161t\u00fdl.\u00a0<\/p>\n\n\n\n<p>\u010ci u\u017e stav\u00edte na absol\u00fatne elegantn\u00e9, alebo \u0161portovej\u0161ie, viac freestyle, n\u00e1jdete ak\u00fdko\u013evek v\u00fdber. Ur\u010dite je ale d\u00f4le\u017eit\u00e1 kvalita, preto\u017ee kabelky s\u00fa v zime podrobovan\u00e9&nbsp;ve\u013ek\u00fdm sk\u00fa\u0161kam. Na jednej strane vrtochom po\u010dasia, ale tie\u017e zmen\u00e1m teploty, kedy prech\u00e1dzame z tepla do zimy a naopak. Hoci v\u00e1m to mo\u017eno&nbsp;nikdy nenapadlo, tieto zmeny a prechody s\u00fa naozaj n\u00e1ro\u010dn\u00e9&nbsp;aj pre na\u0161u ple\u0165.<\/p>\n\n\n<shortcode prop-load-num=\"12\" prop-display-num=\"4\" prop-sku=\"5906751210185, 5906751209882, 5906751210192, 5906751210284, 5906751212240\" prop-view=\"slider\"><\/shortcode>        <div\r\n            class=\"eob-pf-shortcode\"\r\n            id=\"eobpf69f3d11c5dabe\"\r\n        >\r\n            <shortcode prop-load-num=\"12\" prop-display-num=\"4\" prop-sku=\"5906751210185, 5906751209882, 5906751210192, 5906751210284, 5906751212240\" prop-view=\"slider\"><\/shortcode>        <\/div>\r\n\t\t<script>\r\n\t\t\tjQuery(document).ready(() => {\r\n\t\t\t    const root = document.getElementById('eobpf69f3d11c5dabe');\r\n                Vue.createApp({\r\n\t                components: {\r\n\t                    shortcode\r\n\t                }\r\n                }).mount(root);\r\n\t\t\t});\r\n\t\t<\/script>\r\n\t\t\r\n\t\t\n\n\n\n<p><\/p>\n\n\n\n<h2 class=\"wp-block-heading\"><strong>Ta\u0161ky cez rameno s re\u0165azov\u00fdm popruhom<\/strong><\/h2>\n\n\n\n<p>Toto je vo\u013eba pre tie z n\u00e1s, ktor\u00fdch&nbsp;\u0161t\u00fdl je najm\u00e4 elegantn\u00fd a ktor\u00e9&nbsp;chc\u00fa&nbsp;aspo\u0148 trochu roz\u017eiari\u0165 sychrav\u00e9&nbsp;jesenn\u00e9 \u010di tmav\u00e9&nbsp;zimn\u00e9&nbsp;dni.&nbsp;Metalick\u00e9&nbsp;detaily sa vr\u00e1tili vo ve\u013ekom \u0161t\u00fdle. Zlat\u00e9&nbsp;alebo strieborn\u00e9&nbsp;re\u0165aze dod\u00e1vaj\u00fa kabelke lesk a p\u00f4sobia ako \u0161perk. <\/p>\n\n\n\n<p>Tento typ kabelky dokonale lad\u00ed s elegantn\u00fdmi kab\u00e1tmi, suk\u0148ami a \u010di\u017emami s vysok\u00fdm op\u00e4tkom. Mimochodom, ak je na v\u00e1s cel\u00fd popruh a\u017e pr\u00edli\u0161, v ponuke CCC n\u00e1jdete mno\u017estvo kabeliek, ktor\u00e9&nbsp;retiazku s\u00edce maj\u00fa, ale sk\u00f4r ako elegantn\u00fd&nbsp;detail ne\u017e ako cel\u00fd popruh cez plece.<\/p>\n\n\n<shortcode prop-load-num=\"12\" prop-display-num=\"4\" prop-sku=\"5906751209899, 5906751212578, 5906751213315, 5906751220948, 5906751223710\" prop-view=\"slider\"><\/shortcode>        <div\r\n            class=\"eob-pf-shortcode\"\r\n            id=\"eobpf69f3d11c5dae2\"\r\n        >\r\n            <shortcode prop-load-num=\"12\" prop-display-num=\"4\" prop-sku=\"5906751209899, 5906751212578, 5906751213315, 5906751220948, 5906751223710\" prop-view=\"slider\"><\/shortcode>        <\/div>\r\n\t\t<script>\r\n\t\t\tjQuery(document).ready(() => {\r\n\t\t\t    const root = document.getElementById('eobpf69f3d11c5dae2');\r\n                Vue.createApp({\r\n\t                components: {\r\n\t                    shortcode\r\n\t                }\r\n                }).mount(root);\r\n\t\t\t});\r\n\t\t<\/script>\r\n\t\t\r\n\t\t\n\n\n\n<p><\/p>\n\n\n\n<p><strong>Ako kombinova\u0165 teplo a eleganciu<\/strong><\/p>\n\n\n\n<p>Zachova\u0165 eleganciu po\u010das zimy nie je o mno\u017estve vrstiev, ale o ich spr\u00e1vnom v\u00fdbere. Skombinujte vlnen\u00fd&nbsp;kab\u00e1t, ko\u017een\u00e9&nbsp;rukavice, kvalitn\u00fa obuv a \u0161t\u00fdlov\u00fa kabelku a z\u00edskate outfit, ktor\u00fd p\u00f4sob\u00ed sofistikovane, aj ke\u010f vonku sne\u017e\u00ed.<\/p>\n\n\n\n<p>V ponuke CCC n\u00e1jdete aj doplnky, \u010di u\u017e&nbsp;na vo\u013eno\u010dasov\u00fa alebo spolo\u010densk\u00fa udalos\u0165. Pozrite si ponuku rukav\u00edc, \u010diapok, \u0161\u00e1lov a \u010fal\u0161\u00edch doplnkov pre deti aj pre dospel\u00fdch, s ktor\u00fdmi si&nbsp;\u013eahko teplo udr\u017e\u00edte.<\/p>\n\n\n<shortcode prop-load-num=\"12\" prop-display-num=\"4\" prop-sku=\"5906751209899, 5906751212578, 5906751213315, 5906751220948, 5906751223710\" prop-view=\"slider\"><\/shortcode>        <div\r\n            class=\"eob-pf-shortcode\"\r\n            id=\"eobpf69f3d11c5db04\"\r\n        >\r\n            <shortcode prop-load-num=\"12\" prop-display-num=\"4\" prop-sku=\"5906751209899, 5906751212578, 5906751213315, 5906751220948, 5906751223710\" prop-view=\"slider\"><\/shortcode>        <\/div>\r\n\t\t<script>\r\n\t\t\tjQuery(document).ready(() => {\r\n\t\t\t    const root = document.getElementById('eobpf69f3d11c5db04');\r\n                Vue.createApp({\r\n\t                components: {\r\n\t                    shortcode\r\n\t                }\r\n                }).mount(root);\r\n\t\t\t});\r\n\t\t<\/script>\r\n\t\t\r\n\t\t\n\n\n\n<p><\/p>\n\n\n\n<p>Elegancia v chladn\u00fdch mesiacoch znamen\u00e1 spoji\u0165 estetiku s funk\u010dnos\u0165ou. Vyberajte si k\u00fasky, ktor\u00e9\u00a0v\u00e1m prines\u00fa komfort, ale z\u00e1rove\u0148 sa stan\u00fa \u0161t\u00fdlov\u00fdm doplnkom. \u010ci\u017emy z <a href=\"https:\/\/ccc.eu\/sk\/sk\/c\/damske\/topanky\/cizmy\/zvrsok:prirodna_koza\">kvalitnej ko\u017ee<\/a> a nad\u010dasov\u00e1 kabelka s\u00fa invest\u00edcie, ktor\u00e9\u00a0pre\u017eij\u00fa sez\u00f3ny \u2013 a vy budete p\u00f4sobi\u0165 upravene a sebavedomo, nech sa vonku deje \u010doko\u013evek. A nezabudnite na vrstvenie, ktor\u00e9\u00a0d\u00e1va vyznie\u0165 pr\u00e1ve v\u00e1\u0161mu vkusu. Nie ka\u017ed\u00fd toti\u017e vrstvi\u0165 vie, tak vyu\u017eite,\u00a0\u017ee vy \u00e1no.<\/p>\n\n\n\n<div class=\"wp-block-buttons is-content-justification-center is-layout-flex wp-container-core-buttons-is-layout-16018d1d wp-block-buttons-is-layout-flex\">\n<div class=\"wp-block-button is-style-fill\"><a class=\"wp-block-button__link has-custom-font-size wp-element-button\" href=\"https:\/\/ccc.eu\/sk\/sk\/c\/damske\/topanky\/clenkove-cizmy\/zateplenie:ano\" style=\"border-radius:0px;font-size:15px\">Cel\u00e1 ponuka zimn\u00fdch \u010dlenkov\u00fdch top\u00e1nok v CCC<\/a><\/div>\n<\/div>\n\n\n\n<p><\/p>\n","protected":false},"excerpt":{"rendered":"<p>Blog rad\u00ed, ako si po\u010das zimy zachova\u0165 eleganciu aj teplo. Predstavuje top 3 typy zimn\u00fdch top\u00e1nok a \u0161t\u00fdlov\u00e9 kabelky z CCC, ktor\u00e9 sp\u00e1jaj\u00fa komfort, kvalitu a nad\u010dasov\u00fd dizajn.<\/p>\n","protected":false},"author":22,"featured_media":9672,"comment_status":"open","ping_status":"open","sticky":false,"template":"","format":"standard","meta":{"_acf_changed":false,"footnotes":""},"categories":[1021,900,1024,4,1020,1036],"tags":[574,659],"class_list":["post-9668","post","type-post","status-publish","format-standard","has-post-thumbnail","hentry","category-back-to-school","category-jesen","category-kabelky","category-modne-tipy","category-tenisky","category-zima","tag-kabelky","tag-topanky"],"acf":[],"yoast_head":"<!-- This site is optimized with the Yoast SEO plugin v26.9 - https:\/\/yoast.com\/product\/yoast-seo-wordpress\/ -->\n<title>Ako si zachova\u0165 eleganciu (a teplo) v chladn\u00fdch mesiacoch - blog.ccc.eu\/sk<\/title>\n<meta name=\"description\" content=\"Zachovajte si eleganciu a \u0161t\u00fdl aj po\u010das zimy. Objavte top\u00e1nky a kabelky z CCC, ktor\u00e9 sp\u00e1jaj\u00fa teplo, komfort a nad\u010dasov\u00fd dizajn. 2026\" \/>\n<meta name=\"robots\" content=\"index, follow, max-snippet:-1, max-image-preview:large, max-video-preview:-1\" \/>\n<link rel=\"canonical\" href=\"https:\/\/blog.ccc.eu\/sk\/ako-si-zachovat-eleganciu-a-teplo-v-chladnych-mesiacoch\/\" \/>\n<meta property=\"og:locale\" content=\"sk_SK\" \/>\n<meta property=\"og:type\" content=\"article\" \/>\n<meta property=\"og:title\" content=\"Ako si zachova\u0165 eleganciu (a teplo) v chladn\u00fdch mesiacoch - blog.ccc.eu\/sk\" \/>\n<meta property=\"og:description\" content=\"Zachovajte si eleganciu a \u0161t\u00fdl aj po\u010das zimy. Objavte top\u00e1nky a kabelky z CCC, ktor\u00e9 sp\u00e1jaj\u00fa teplo, komfort a nad\u010dasov\u00fd dizajn.\" \/>\n<meta property=\"og:url\" content=\"https:\/\/blog.ccc.eu\/sk\/ako-si-zachovat-eleganciu-a-teplo-v-chladnych-mesiacoch\/\" \/>\n<meta property=\"og:site_name\" content=\"blog.ccc.eu\/sk\" \/>\n<meta property=\"article:published_time\" content=\"2025-10-13T15:05:54+00:00\" \/>\n<meta property=\"article:modified_time\" content=\"2025-11-12T21:41:41+00:00\" \/>\n<meta property=\"og:image\" content=\"https:\/\/blog.ccc.eu\/sk\/wp-content\/uploads\/2025\/10\/imgonline-com-ua-compressed-t0VF71DisMIx-edited-1-1.jpg\" \/>\n\t<meta property=\"og:image:width\" content=\"1923\" \/>\n\t<meta property=\"og:image:height\" content=\"1203\" \/>\n\t<meta property=\"og:image:type\" content=\"image\/jpeg\" \/>\n<meta name=\"author\" content=\"Kaja\" \/>\n<meta name=\"twitter:card\" content=\"summary_large_image\" \/>\n<meta name=\"twitter:label1\" content=\"Autor\" \/>\n\t<meta name=\"twitter:data1\" content=\"Kaja\" \/>\n\t<meta name=\"twitter:label2\" content=\"Predpokladan\u00fd \u010das \u010d\u00edtania\" \/>\n\t<meta name=\"twitter:data2\" content=\"6 min\u00fat\" \/>\n<script type=\"application\/ld+json\" class=\"yoast-schema-graph\">{\"@context\":\"https:\/\/schema.org\",\"@graph\":[{\"@type\":\"Article\",\"@id\":\"https:\/\/blog.ccc.eu\/sk\/ako-si-zachovat-eleganciu-a-teplo-v-chladnych-mesiacoch\/#article\",\"isPartOf\":{\"@id\":\"https:\/\/blog.ccc.eu\/sk\/ako-si-zachovat-eleganciu-a-teplo-v-chladnych-mesiacoch\/\"},\"author\":{\"name\":\"Kaja\",\"@id\":\"https:\/\/blog.ccc.eu\/sk\/#\/schema\/person\/399beb3452b4976df83fb9268601a994\"},\"headline\":\"Ako si zachova\u0165 eleganciu (a teplo) v chladn\u00fdch mesiacoch\",\"datePublished\":\"2025-10-13T15:05:54+00:00\",\"dateModified\":\"2025-11-12T21:41:41+00:00\",\"mainEntityOfPage\":{\"@id\":\"https:\/\/blog.ccc.eu\/sk\/ako-si-zachovat-eleganciu-a-teplo-v-chladnych-mesiacoch\/\"},\"wordCount\":1235,\"commentCount\":0,\"publisher\":{\"@id\":\"https:\/\/blog.ccc.eu\/sk\/#organization\"},\"image\":{\"@id\":\"https:\/\/blog.ccc.eu\/sk\/ako-si-zachovat-eleganciu-a-teplo-v-chladnych-mesiacoch\/#primaryimage\"},\"thumbnailUrl\":\"https:\/\/blog.ccc.eu\/sk\/wp-content\/uploads\/2025\/10\/imgonline-com-ua-compressed-t0VF71DisMIx-edited-1-1.jpg\",\"keywords\":[\"kabelky\",\"top\u00e1nky\"],\"articleSection\":[\"Back to School\",\"Jese\u0148 \ud83c\udf41\ud83c\udf42\",\"kabelky\",\"M\u00d3DNE TIPY\",\"tenisky\",\"ZIMA\"],\"inLanguage\":\"sk-SK\",\"potentialAction\":[{\"@type\":\"CommentAction\",\"name\":\"Comment\",\"target\":[\"https:\/\/blog.ccc.eu\/sk\/ako-si-zachovat-eleganciu-a-teplo-v-chladnych-mesiacoch\/#respond\"]}]},{\"@type\":\"WebPage\",\"@id\":\"https:\/\/blog.ccc.eu\/sk\/ako-si-zachovat-eleganciu-a-teplo-v-chladnych-mesiacoch\/\",\"url\":\"https:\/\/blog.ccc.eu\/sk\/ako-si-zachovat-eleganciu-a-teplo-v-chladnych-mesiacoch\/\",\"name\":\"Ako si zachova\u0165 eleganciu (a teplo) v chladn\u00fdch mesiacoch - blog.ccc.eu\/sk\",\"isPartOf\":{\"@id\":\"https:\/\/blog.ccc.eu\/sk\/#website\"},\"primaryImageOfPage\":{\"@id\":\"https:\/\/blog.ccc.eu\/sk\/ako-si-zachovat-eleganciu-a-teplo-v-chladnych-mesiacoch\/#primaryimage\"},\"image\":{\"@id\":\"https:\/\/blog.ccc.eu\/sk\/ako-si-zachovat-eleganciu-a-teplo-v-chladnych-mesiacoch\/#primaryimage\"},\"thumbnailUrl\":\"https:\/\/blog.ccc.eu\/sk\/wp-content\/uploads\/2025\/10\/imgonline-com-ua-compressed-t0VF71DisMIx-edited-1-1.jpg\",\"datePublished\":\"2025-10-13T15:05:54+00:00\",\"dateModified\":\"2025-11-12T21:41:41+00:00\",\"description\":\"Zachovajte si eleganciu a \u0161t\u00fdl aj po\u010das zimy. Objavte top\u00e1nky a kabelky z CCC, ktor\u00e9 sp\u00e1jaj\u00fa teplo, komfort a nad\u010dasov\u00fd dizajn.\",\"breadcrumb\":{\"@id\":\"https:\/\/blog.ccc.eu\/sk\/ako-si-zachovat-eleganciu-a-teplo-v-chladnych-mesiacoch\/#breadcrumb\"},\"inLanguage\":\"sk-SK\",\"potentialAction\":[{\"@type\":\"ReadAction\",\"target\":[\"https:\/\/blog.ccc.eu\/sk\/ako-si-zachovat-eleganciu-a-teplo-v-chladnych-mesiacoch\/\"]}]},{\"@type\":\"ImageObject\",\"inLanguage\":\"sk-SK\",\"@id\":\"https:\/\/blog.ccc.eu\/sk\/ako-si-zachovat-eleganciu-a-teplo-v-chladnych-mesiacoch\/#primaryimage\",\"url\":\"https:\/\/blog.ccc.eu\/sk\/wp-content\/uploads\/2025\/10\/imgonline-com-ua-compressed-t0VF71DisMIx-edited-1-1.jpg\",\"contentUrl\":\"https:\/\/blog.ccc.eu\/sk\/wp-content\/uploads\/2025\/10\/imgonline-com-ua-compressed-t0VF71DisMIx-edited-1-1.jpg\",\"width\":1923,\"height\":1203,\"caption\":\"elegancia\"},{\"@type\":\"BreadcrumbList\",\"@id\":\"https:\/\/blog.ccc.eu\/sk\/ako-si-zachovat-eleganciu-a-teplo-v-chladnych-mesiacoch\/#breadcrumb\",\"itemListElement\":[{\"@type\":\"ListItem\",\"position\":1,\"name\":\"Strona g\u0142\u00f3wna\",\"item\":\"https:\/\/blog.ccc.eu\/sk\/\"},{\"@type\":\"ListItem\",\"position\":2,\"name\":\"Ako si zachova\u0165 eleganciu (a teplo) v chladn\u00fdch mesiacoch\"}]},{\"@type\":\"WebSite\",\"@id\":\"https:\/\/blog.ccc.eu\/sk\/#website\",\"url\":\"https:\/\/blog.ccc.eu\/sk\/\",\"name\":\"blog.ccc.eu\/sk\",\"description\":\"Va\u0161e miesto pln\u00e9 m\u00f3dnych in\u0161pir\u00e1ci\u00ed\",\"publisher\":{\"@id\":\"https:\/\/blog.ccc.eu\/sk\/#organization\"},\"potentialAction\":[{\"@type\":\"SearchAction\",\"target\":{\"@type\":\"EntryPoint\",\"urlTemplate\":\"https:\/\/blog.ccc.eu\/sk\/?s={search_term_string}\"},\"query-input\":{\"@type\":\"PropertyValueSpecification\",\"valueRequired\":true,\"valueName\":\"search_term_string\"}}],\"inLanguage\":\"sk-SK\"},{\"@type\":\"Organization\",\"@id\":\"https:\/\/blog.ccc.eu\/sk\/#organization\",\"name\":\"CCC S.A.\",\"url\":\"https:\/\/blog.ccc.eu\/sk\/\",\"logo\":{\"@type\":\"ImageObject\",\"inLanguage\":\"sk-SK\",\"@id\":\"https:\/\/blog.ccc.eu\/sk\/#\/schema\/logo\/image\/\",\"url\":\"https:\/\/blog.ccc.eu\/sk\/wp-content\/uploads\/2021\/11\/logo_ccc.png\",\"contentUrl\":\"https:\/\/blog.ccc.eu\/sk\/wp-content\/uploads\/2021\/11\/logo_ccc.png\",\"width\":730,\"height\":270,\"caption\":\"CCC S.A.\"},\"image\":{\"@id\":\"https:\/\/blog.ccc.eu\/sk\/#\/schema\/logo\/image\/\"}},{\"@type\":\"Person\",\"@id\":\"https:\/\/blog.ccc.eu\/sk\/#\/schema\/person\/399beb3452b4976df83fb9268601a994\",\"name\":\"Kaja\",\"image\":{\"@type\":\"ImageObject\",\"inLanguage\":\"sk-SK\",\"@id\":\"https:\/\/blog.ccc.eu\/sk\/#\/schema\/person\/image\/\",\"url\":\"https:\/\/blog.ccc.eu\/sk\/wp-content\/uploads\/2024\/06\/white-1-100x100.jpg\",\"contentUrl\":\"https:\/\/blog.ccc.eu\/sk\/wp-content\/uploads\/2024\/06\/white-1-100x100.jpg\",\"caption\":\"Kaja\"},\"description\":\"U\u017e od pubert\u00e1lnych \u010dias sa venuje pr\u00e1ci v m\u00e9di\u00e1ch a p\u00edsaniu. Z kon\u00ed\u010dka sa stalo \u017eivobytie, ktor\u00e9 jej z\u00e1rove\u0148 dalo dostatok slobody na to, aby mohla pomerne ve\u013ea cestova\u0165 a spozn\u00e1va\u0165 svet a rozli\u010dn\u00e9 kult\u00fary. Energiu jej dod\u00e1va \u010d\u00edtanie kn\u00edh, voda a hudba.\",\"url\":\"https:\/\/blog.ccc.eu\/sk\/author\/perlamakovienka-sk\/\"}]}<\/script>\n<!-- \/ Yoast SEO plugin. -->","yoast_head_json":{"title":"Ako si zachova\u0165 eleganciu (a teplo) v chladn\u00fdch mesiacoch - blog.ccc.eu\/sk","description":"Zachovajte si eleganciu a \u0161t\u00fdl aj po\u010das zimy. Objavte top\u00e1nky a kabelky z CCC, ktor\u00e9 sp\u00e1jaj\u00fa teplo, komfort a nad\u010dasov\u00fd dizajn. 2026","robots":{"index":"index","follow":"follow","max-snippet":"max-snippet:-1","max-image-preview":"max-image-preview:large","max-video-preview":"max-video-preview:-1"},"canonical":"https:\/\/blog.ccc.eu\/sk\/ako-si-zachovat-eleganciu-a-teplo-v-chladnych-mesiacoch\/","og_locale":"sk_SK","og_type":"article","og_title":"Ako si zachova\u0165 eleganciu (a teplo) v chladn\u00fdch mesiacoch - blog.ccc.eu\/sk","og_description":"Zachovajte si eleganciu a \u0161t\u00fdl aj po\u010das zimy. Objavte top\u00e1nky a kabelky z CCC, ktor\u00e9 sp\u00e1jaj\u00fa teplo, komfort a nad\u010dasov\u00fd dizajn.","og_url":"https:\/\/blog.ccc.eu\/sk\/ako-si-zachovat-eleganciu-a-teplo-v-chladnych-mesiacoch\/","og_site_name":"blog.ccc.eu\/sk","article_published_time":"2025-10-13T15:05:54+00:00","article_modified_time":"2025-11-12T21:41:41+00:00","og_image":[{"width":1923,"height":1203,"url":"https:\/\/blog.ccc.eu\/sk\/wp-content\/uploads\/2025\/10\/imgonline-com-ua-compressed-t0VF71DisMIx-edited-1-1.jpg","type":"image\/jpeg"}],"author":"Kaja","twitter_card":"summary_large_image","twitter_misc":{"Autor":"Kaja","Predpokladan\u00fd \u010das \u010d\u00edtania":"6 min\u00fat"},"schema":{"@context":"https:\/\/schema.org","@graph":[{"@type":"Article","@id":"https:\/\/blog.ccc.eu\/sk\/ako-si-zachovat-eleganciu-a-teplo-v-chladnych-mesiacoch\/#article","isPartOf":{"@id":"https:\/\/blog.ccc.eu\/sk\/ako-si-zachovat-eleganciu-a-teplo-v-chladnych-mesiacoch\/"},"author":{"name":"Kaja","@id":"https:\/\/blog.ccc.eu\/sk\/#\/schema\/person\/399beb3452b4976df83fb9268601a994"},"headline":"Ako si zachova\u0165 eleganciu (a teplo) v chladn\u00fdch mesiacoch","datePublished":"2025-10-13T15:05:54+00:00","dateModified":"2025-11-12T21:41:41+00:00","mainEntityOfPage":{"@id":"https:\/\/blog.ccc.eu\/sk\/ako-si-zachovat-eleganciu-a-teplo-v-chladnych-mesiacoch\/"},"wordCount":1235,"commentCount":0,"publisher":{"@id":"https:\/\/blog.ccc.eu\/sk\/#organization"},"image":{"@id":"https:\/\/blog.ccc.eu\/sk\/ako-si-zachovat-eleganciu-a-teplo-v-chladnych-mesiacoch\/#primaryimage"},"thumbnailUrl":"https:\/\/blog.ccc.eu\/sk\/wp-content\/uploads\/2025\/10\/imgonline-com-ua-compressed-t0VF71DisMIx-edited-1-1.jpg","keywords":["kabelky","top\u00e1nky"],"articleSection":["Back to School","Jese\u0148 \ud83c\udf41\ud83c\udf42","kabelky","M\u00d3DNE TIPY","tenisky","ZIMA"],"inLanguage":"sk-SK","potentialAction":[{"@type":"CommentAction","name":"Comment","target":["https:\/\/blog.ccc.eu\/sk\/ako-si-zachovat-eleganciu-a-teplo-v-chladnych-mesiacoch\/#respond"]}]},{"@type":"WebPage","@id":"https:\/\/blog.ccc.eu\/sk\/ako-si-zachovat-eleganciu-a-teplo-v-chladnych-mesiacoch\/","url":"https:\/\/blog.ccc.eu\/sk\/ako-si-zachovat-eleganciu-a-teplo-v-chladnych-mesiacoch\/","name":"Ako si zachova\u0165 eleganciu (a teplo) v chladn\u00fdch mesiacoch - blog.ccc.eu\/sk","isPartOf":{"@id":"https:\/\/blog.ccc.eu\/sk\/#website"},"primaryImageOfPage":{"@id":"https:\/\/blog.ccc.eu\/sk\/ako-si-zachovat-eleganciu-a-teplo-v-chladnych-mesiacoch\/#primaryimage"},"image":{"@id":"https:\/\/blog.ccc.eu\/sk\/ako-si-zachovat-eleganciu-a-teplo-v-chladnych-mesiacoch\/#primaryimage"},"thumbnailUrl":"https:\/\/blog.ccc.eu\/sk\/wp-content\/uploads\/2025\/10\/imgonline-com-ua-compressed-t0VF71DisMIx-edited-1-1.jpg","datePublished":"2025-10-13T15:05:54+00:00","dateModified":"2025-11-12T21:41:41+00:00","description":"Zachovajte si eleganciu a \u0161t\u00fdl aj po\u010das zimy. Objavte top\u00e1nky a kabelky z CCC, ktor\u00e9 sp\u00e1jaj\u00fa teplo, komfort a nad\u010dasov\u00fd dizajn.","breadcrumb":{"@id":"https:\/\/blog.ccc.eu\/sk\/ako-si-zachovat-eleganciu-a-teplo-v-chladnych-mesiacoch\/#breadcrumb"},"inLanguage":"sk-SK","potentialAction":[{"@type":"ReadAction","target":["https:\/\/blog.ccc.eu\/sk\/ako-si-zachovat-eleganciu-a-teplo-v-chladnych-mesiacoch\/"]}]},{"@type":"ImageObject","inLanguage":"sk-SK","@id":"https:\/\/blog.ccc.eu\/sk\/ako-si-zachovat-eleganciu-a-teplo-v-chladnych-mesiacoch\/#primaryimage","url":"https:\/\/blog.ccc.eu\/sk\/wp-content\/uploads\/2025\/10\/imgonline-com-ua-compressed-t0VF71DisMIx-edited-1-1.jpg","contentUrl":"https:\/\/blog.ccc.eu\/sk\/wp-content\/uploads\/2025\/10\/imgonline-com-ua-compressed-t0VF71DisMIx-edited-1-1.jpg","width":1923,"height":1203,"caption":"elegancia"},{"@type":"BreadcrumbList","@id":"https:\/\/blog.ccc.eu\/sk\/ako-si-zachovat-eleganciu-a-teplo-v-chladnych-mesiacoch\/#breadcrumb","itemListElement":[{"@type":"ListItem","position":1,"name":"Strona g\u0142\u00f3wna","item":"https:\/\/blog.ccc.eu\/sk\/"},{"@type":"ListItem","position":2,"name":"Ako si zachova\u0165 eleganciu (a teplo) v chladn\u00fdch mesiacoch"}]},{"@type":"WebSite","@id":"https:\/\/blog.ccc.eu\/sk\/#website","url":"https:\/\/blog.ccc.eu\/sk\/","name":"blog.ccc.eu\/sk","description":"Va\u0161e miesto pln\u00e9 m\u00f3dnych in\u0161pir\u00e1ci\u00ed","publisher":{"@id":"https:\/\/blog.ccc.eu\/sk\/#organization"},"potentialAction":[{"@type":"SearchAction","target":{"@type":"EntryPoint","urlTemplate":"https:\/\/blog.ccc.eu\/sk\/?s={search_term_string}"},"query-input":{"@type":"PropertyValueSpecification","valueRequired":true,"valueName":"search_term_string"}}],"inLanguage":"sk-SK"},{"@type":"Organization","@id":"https:\/\/blog.ccc.eu\/sk\/#organization","name":"CCC S.A.","url":"https:\/\/blog.ccc.eu\/sk\/","logo":{"@type":"ImageObject","inLanguage":"sk-SK","@id":"https:\/\/blog.ccc.eu\/sk\/#\/schema\/logo\/image\/","url":"https:\/\/blog.ccc.eu\/sk\/wp-content\/uploads\/2021\/11\/logo_ccc.png","contentUrl":"https:\/\/blog.ccc.eu\/sk\/wp-content\/uploads\/2021\/11\/logo_ccc.png","width":730,"height":270,"caption":"CCC S.A."},"image":{"@id":"https:\/\/blog.ccc.eu\/sk\/#\/schema\/logo\/image\/"}},{"@type":"Person","@id":"https:\/\/blog.ccc.eu\/sk\/#\/schema\/person\/399beb3452b4976df83fb9268601a994","name":"Kaja","image":{"@type":"ImageObject","inLanguage":"sk-SK","@id":"https:\/\/blog.ccc.eu\/sk\/#\/schema\/person\/image\/","url":"https:\/\/blog.ccc.eu\/sk\/wp-content\/uploads\/2024\/06\/white-1-100x100.jpg","contentUrl":"https:\/\/blog.ccc.eu\/sk\/wp-content\/uploads\/2024\/06\/white-1-100x100.jpg","caption":"Kaja"},"description":"U\u017e od pubert\u00e1lnych \u010dias sa venuje pr\u00e1ci v m\u00e9di\u00e1ch a p\u00edsaniu. Z kon\u00ed\u010dka sa stalo \u017eivobytie, ktor\u00e9 jej z\u00e1rove\u0148 dalo dostatok slobody na to, aby mohla pomerne ve\u013ea cestova\u0165 a spozn\u00e1va\u0165 svet a rozli\u010dn\u00e9 kult\u00fary. Energiu jej dod\u00e1va \u010d\u00edtanie kn\u00edh, voda a hudba.","url":"https:\/\/blog.ccc.eu\/sk\/author\/perlamakovienka-sk\/"}]}},"_links":{"self":[{"href":"https:\/\/blog.ccc.eu\/sk\/wp-json\/wp\/v2\/posts\/9668","targetHints":{"allow":["GET"]}}],"collection":[{"href":"https:\/\/blog.ccc.eu\/sk\/wp-json\/wp\/v2\/posts"}],"about":[{"href":"https:\/\/blog.ccc.eu\/sk\/wp-json\/wp\/v2\/types\/post"}],"author":[{"embeddable":true,"href":"https:\/\/blog.ccc.eu\/sk\/wp-json\/wp\/v2\/users\/22"}],"replies":[{"embeddable":true,"href":"https:\/\/blog.ccc.eu\/sk\/wp-json\/wp\/v2\/comments?post=9668"}],"version-history":[{"count":5,"href":"https:\/\/blog.ccc.eu\/sk\/wp-json\/wp\/v2\/posts\/9668\/revisions"}],"predecessor-version":[{"id":9715,"href":"https:\/\/blog.ccc.eu\/sk\/wp-json\/wp\/v2\/posts\/9668\/revisions\/9715"}],"wp:featuredmedia":[{"embeddable":true,"href":"https:\/\/blog.ccc.eu\/sk\/wp-json\/wp\/v2\/media\/9672"}],"wp:attachment":[{"href":"https:\/\/blog.ccc.eu\/sk\/wp-json\/wp\/v2\/media?parent=9668"}],"wp:term":[{"taxonomy":"category","embeddable":true,"href":"https:\/\/blog.ccc.eu\/sk\/wp-json\/wp\/v2\/categories?post=9668"},{"taxonomy":"post_tag","embeddable":true,"href":"https:\/\/blog.ccc.eu\/sk\/wp-json\/wp\/v2\/tags?post=9668"}],"curies":[{"name":"wp","href":"https:\/\/api.w.org\/{rel}","templated":true}]}}