{"id":9680,"date":"2025-10-20T01:19:52","date_gmt":"2025-10-19T23:19:52","guid":{"rendered":"https:\/\/blog.ccc.eu\/sk\/?p=9680"},"modified":"2025-11-12T22:32:55","modified_gmt":"2025-11-12T21:32:55","slug":"hneda-kabelka-nadcasovy-doplnok-ktory-nikdy-nevyjde-z-mody","status":"publish","type":"post","link":"https:\/\/blog.ccc.eu\/sk\/hneda-kabelka-nadcasovy-doplnok-ktory-nikdy-nevyjde-z-mody\/","title":{"rendered":"Hned\u00e1 kabelka: Nad\u010dasov\u00fd doplnok, ktor\u00fd nikdy nevyjde z m\u00f3dy"},"content":{"rendered":"\n<p><em>Po\u010das aktu\u00e1lnej sez\u00f3ny je hned\u00e1&nbsp;kabelka op\u00e4\u0165 v centre pozornosti. Ak\u00e9&nbsp;odtiene hnedej s\u00fa trendy v roku 2025 a s \u010d\u00edm ich kombinova\u0165, aby v\u00e1\u0161 outfit p\u00f4sobil elegantne a moderne?<\/em><\/p>\n\n\n\n<figure class=\"wp-block-gallery has-nested-images columns-default is-cropped wp-block-gallery-1 is-layout-flex wp-block-gallery-is-layout-flex\">\n<figure class=\"wp-block-image size-large\"><img loading=\"lazy\" decoding=\"async\" width=\"622\" height=\"933\" data-id=\"9682\" src=\"https:\/\/blog.ccc.eu\/sk\/wp-content\/uploads\/2025\/10\/CCC_.jpg\" alt=\"\" class=\"wp-image-9682\" srcset=\"https:\/\/blog.ccc.eu\/sk\/wp-content\/uploads\/2025\/10\/CCC_.jpg 622w, https:\/\/blog.ccc.eu\/sk\/wp-content\/uploads\/2025\/10\/CCC_-200x300.jpg 200w, https:\/\/blog.ccc.eu\/sk\/wp-content\/uploads\/2025\/10\/CCC_-100x150.jpg 100w\" sizes=\"auto, (max-width: 622px) 100vw, 622px\" \/><\/figure>\n<\/figure>\n\n\n\n<p><\/p>\n\n\n\n<p>Ke\u010f som bola mlad\u0161ia, milovala som kadejak\u00e9\u00a0farby a dok\u00e1zala som skombinova\u0165 naozaj kade\u010do,\u00a0\u010do p\u00f4sobilo ve\u013emi v\u00fdstredne. Dnes je to trochu in\u00e9, \u010d\u00edm som star\u0161ia, t\u00fdm viac sa uzem\u0148ujem, a to aj vo vo\u013ebe farieb. M\u00e1m rada zemit\u00e9\u00a0t\u00f3ny a hoci v lete siahnem pokojne aj po farbe, v t\u00fdchto sychravej\u0161\u00edch d\u0148och sa milujem zahali\u0165 do farieb, ktor\u00e9\u00a0s\u00fa jesenn\u00e9. \u017dlt\u00e1, siv\u00e1, m\u00e1lokedy \u010dierna a, samozrejme, hned\u00e1! Farby si potom do celkov\u00e9ho vzh\u013eadu vn\u00e1\u0161am doplnkami &#8211; bro\u0161\u0148ami, \u0161atkami, sarognami, bi\u017eut\u00e9riou, top\u00e1nkami\u2026 A teda hned\u00e1 toho roku vl\u00e1dne nielen mne, ale celosvetovej m\u00f3de. A <a href=\"https:\/\/ccc.eu\/sk\/sk\/c\/damske\/kabelky-kufre-ruksaky\/kabelky\/farba:hneda\">hned\u00e1 kabelka<\/a> je doslovne naozaj TOP.<\/p>\n\n\n\n<h2 class=\"wp-block-heading\"><strong>Pre\u010do pr\u00e1ve hned\u00e1 kabelka?<\/strong><\/h2>\n\n\n\n<p>Hned\u00e1 je farbou istoty, prirodzenosti a elegancie. V m\u00f3dnom svete predstavuje teplo, stabilitu a univerz\u00e1lnos\u0165 \u2013 presne tie vlastnosti, ktor\u00e9&nbsp;h\u013ead\u00e1me v doplnkoch, ako s\u00fa kabelky.<\/p>\n\n\n\n<p>Ak by sme sa na to pozreli z poh\u013eadu spirituality, tak hned\u00e1 je farba stromov a najm\u00e4 zeminy. Symbolizuje na\u0161e korene a pevn\u00fa p\u00f4du pod nohami. K\u00fdm v malom mno\u017estve vyvol\u00e1va pocity istoty, stability a relaxu, ke\u010f jej je pr\u00edli\u0161, tak, naopak, p\u00f4sob\u00ed depres\u00edvne a m\u00f4\u017ee vyvol\u00e1va\u0165 psychicky n\u00e1ro\u010dnej\u0161ie stavy. Preto je super, \u017ee je ve\u013emi \u013eahko kombinovate\u013en\u00e1 a m\u00f4\u017eete si ju da\u0165 prakticky k hoci\u010domu.<\/p>\n\n\n\n<figure class=\"wp-block-gallery has-nested-images columns-default is-cropped wp-block-gallery-2 is-layout-flex wp-block-gallery-is-layout-flex\">\n<figure class=\"wp-block-image size-large\"><img loading=\"lazy\" decoding=\"async\" width=\"622\" height=\"933\" data-id=\"9683\" src=\"https:\/\/blog.ccc.eu\/sk\/wp-content\/uploads\/2025\/10\/240308_CCC_skora_D2_2543.jpg\" alt=\"\" class=\"wp-image-9683\" srcset=\"https:\/\/blog.ccc.eu\/sk\/wp-content\/uploads\/2025\/10\/240308_CCC_skora_D2_2543.jpg 622w, https:\/\/blog.ccc.eu\/sk\/wp-content\/uploads\/2025\/10\/240308_CCC_skora_D2_2543-200x300.jpg 200w, https:\/\/blog.ccc.eu\/sk\/wp-content\/uploads\/2025\/10\/240308_CCC_skora_D2_2543-100x150.jpg 100w\" sizes=\"auto, (max-width: 622px) 100vw, 622px\" \/><\/figure>\n\n\n\n<figure class=\"wp-block-image size-large\"><img loading=\"lazy\" decoding=\"async\" width=\"622\" height=\"933\" data-id=\"9684\" src=\"https:\/\/blog.ccc.eu\/sk\/wp-content\/uploads\/2025\/10\/240308_CCC_skora_D2_2591.jpg\" alt=\"\" class=\"wp-image-9684\" srcset=\"https:\/\/blog.ccc.eu\/sk\/wp-content\/uploads\/2025\/10\/240308_CCC_skora_D2_2591.jpg 622w, https:\/\/blog.ccc.eu\/sk\/wp-content\/uploads\/2025\/10\/240308_CCC_skora_D2_2591-200x300.jpg 200w, https:\/\/blog.ccc.eu\/sk\/wp-content\/uploads\/2025\/10\/240308_CCC_skora_D2_2591-100x150.jpg 100w\" sizes=\"auto, (max-width: 622px) 100vw, 622px\" \/><\/figure>\n<\/figure>\n\n\n\n<p><\/p>\n\n\n\n<p>Vo svete m\u00f3dy hned\u00e1 prin\u00e1\u0161a jemnej\u0161\u00ed, sofistikovan\u00fd kontrast, ktor\u00fd sa hod\u00ed do ka\u017ed\u00e9ho ro\u010dn\u00e9ho obdobia. Kabelka v hnedom odtieni nikdy nep\u00f4sob\u00ed pr\u00edli\u0161 v\u00fdrazne, no v\u017edy zanech\u00e1 dojem. Je ide\u00e1lna na ka\u017edodenn\u00e9&nbsp;nosenie, do pr\u00e1ce aj na v\u00edkendov\u00fd brunch. Ak si ju zaobstar\u00e1te, tak jednoducho neo\u013eutujete, preto\u017ee sa v\u00e1m bude hodi\u0165 takmer ku v\u0161etk\u00e9mu a na najr\u00f4znorodej\u0161ie pr\u00edle\u017eitosti.<\/p>\n\n\n\n<h2 class=\"wp-block-heading\"><strong>Trendov\u00e9&nbsp;odtiene hnedej pre rok 2025<\/strong><\/h2>\n\n\n\n<p>V roku 2025 sa do popredia dost\u00e1vaj\u00fa tepl\u00e9, zemit\u00e9&nbsp;t\u00f3ny, ktor\u00e9&nbsp;dokonale ladia s trendom udr\u017eate\u013enej m\u00f3dy a pr\u00edrodn\u00fdch materi\u00e1lov. A absol\u00fatne IN je farba v \u0161t\u00fdle n\u00e1\u0161ho milovan\u00e9ho espresso! Tu s\u00fa tie najob\u013e\u00fabenej\u0161ie odtiene:<br><br><strong>Karamelov\u00e1 hned\u00e1<\/strong><br>Sladk\u00fd, tepl\u00fd t\u00f3n, ktor\u00fd p\u00f4sob\u00ed luxusne a \u017eensky. Skvelo sa kombinuje s b\u00e9\u017eovou, bielou a pastelov\u00fdmi farbami. Je to jasnej\u0161\u00ed odtie\u0148, ktor\u00fd jemne roz\u017eiari tmav\u00e9&nbsp;dni a bude ladi\u0165 s rozli\u010dn\u00fdmi karamelov\u00fdmi k\u00e1vov\u00fdmi n\u00e1pojmi, ktor\u00fdmi si zvykneme otep\u013eova\u0165 chladn\u00e9&nbsp;dni.<\/p>\n\n\n<shortcode prop-load-num=\"12\" prop-display-num=\"4\" prop-sku=\"5906751210062, 5906751212349, 5906751213292, 5906751218846, 5906751221891\" prop-view=\"slider\"><\/shortcode>        <div\r\n            class=\"eob-pf-shortcode\"\r\n            id=\"eobpf69f3e6eadb8ae\"\r\n        >\r\n            <shortcode prop-load-num=\"12\" prop-display-num=\"4\" prop-sku=\"5906751210062, 5906751212349, 5906751213292, 5906751218846, 5906751221891\" prop-view=\"slider\"><\/shortcode>        <\/div>\r\n\t\t<script>\r\n\t\t\tjQuery(document).ready(() => {\r\n\t\t\t    const root = document.getElementById('eobpf69f3e6eadb8ae');\r\n                Vue.createApp({\r\n\t                components: {\r\n\t                    shortcode\r\n\t                }\r\n                }).mount(root);\r\n\t\t\t});\r\n\t\t<\/script>\r\n\t\t\r\n\t\t\n\n\n\n<p><\/p>\n\n\n\n<p><strong>\u010cokol\u00e1dov\u00e1 hned\u00e1 alebo espresso<\/strong><br>Hlbok\u00fd, tmav\u0161\u00ed odtie\u0148 ide\u00e1lny na jese\u0148 a zimu. Elegantn\u00fd doplnok k \u010diernemu kab\u00e1tu alebo svetl\u00e9mu vlnen\u00e9mu kab\u00e1tu. Toto je farba, ktor\u00e1 naozaj pozdvihuje eleganciu a prid\u00e1va ka\u017edej \u017eene na v\u00e1\u017enosti, ale aj \u017eenskosti. V\u0161imne si ju ka\u017ed\u00fd, tak\u017ee je ur\u010den\u00e1 pre odv\u00e1\u017ene \u017eeny!<\/p>\n\n\n<shortcode prop-load-num=\"12\" prop-display-num=\"4\" prop-sku=\"5906751210307, 5906751212271, 5906751215548, 5906751212431, 5906751215333, 5906751218853\" prop-view=\"slider\"><\/shortcode>        <div\r\n            class=\"eob-pf-shortcode\"\r\n            id=\"eobpf69f3e6eadb9be\"\r\n        >\r\n            <shortcode prop-load-num=\"12\" prop-display-num=\"4\" prop-sku=\"5906751210307, 5906751212271, 5906751215548, 5906751212431, 5906751215333, 5906751218853\" prop-view=\"slider\"><\/shortcode>        <\/div>\r\n\t\t<script>\r\n\t\t\tjQuery(document).ready(() => {\r\n\t\t\t    const root = document.getElementById('eobpf69f3e6eadb9be');\r\n                Vue.createApp({\r\n\t                components: {\r\n\t                    shortcode\r\n\t                }\r\n                }).mount(root);\r\n\t\t\t});\r\n\t\t<\/script>\r\n\t\t\r\n\t\t\n\n\n\n<p><\/p>\n\n\n\n<p><strong>Ko\u0148akov\u00e1<\/strong><br>Klasika medzi kabelkami. Tento odtie\u0148 je najuniverz\u00e1lnej\u0161\u00ed a aj naj\u010dastej\u0161\u00ed \u2013 hod\u00ed sa k rifliam aj k form\u00e1lnym outfitom. Je to odtie\u0148, ktor\u00fdm ni\u010d nepokaz\u00edte, av\u0161ak ak t\u00fa\u017eite po v\u00fdstrednej\u0161om outfite, nie je to t\u00e1&nbsp;spr\u00e1vna vo\u013eba. ide\u00e1lne je ma\u0165 model na extravaganciu, ale aj na univerz\u00e1lnos\u0165, aby ste si vedeli vybra\u0165 kabelku pod\u013ea aktu\u00e1lnej n\u00e1lady.<\/p>\n\n\n<shortcode prop-load-num=\"12\" prop-display-num=\"4\" prop-sku=\"5906751319611, 5906751210277, 5906751212707, 5906751218846, 5906751219973, 5906751223260\" prop-view=\"slider\"><\/shortcode>        <div\r\n            class=\"eob-pf-shortcode\"\r\n            id=\"eobpf69f3e6eadb9f5\"\r\n        >\r\n            <shortcode prop-load-num=\"12\" prop-display-num=\"4\" prop-sku=\"5906751319611, 5906751210277, 5906751212707, 5906751218846, 5906751219973, 5906751223260\" prop-view=\"slider\"><\/shortcode>        <\/div>\r\n\t\t<script>\r\n\t\t\tjQuery(document).ready(() => {\r\n\t\t\t    const root = document.getElementById('eobpf69f3e6eadb9f5');\r\n                Vue.createApp({\r\n\t                components: {\r\n\t                    shortcode\r\n\t                }\r\n                }).mount(root);\r\n\t\t\t});\r\n\t\t<\/script>\r\n\t\t\r\n\t\t\n\n\n\n<p><\/p>\n\n\n\n<p><strong>Hnedo-\u010derven\u00e9&nbsp;odtiene<\/strong><br>Bordov\u00e9&nbsp;a hnedo-\u010derven\u00e9&nbsp;odtiene za\u010dali m\u00f3de kra\u013eova\u0165 u\u017e po\u010das leta a jese\u0148 nie je v\u00fdnimkou, st\u00e1le hraj\u00fa pr\u00edm a vo svete kabeliek s\u00fa mimoriadne ob\u013e\u00faben\u00e9. Pozor &#8211; medzi odv\u00e1\u017enymi \u017eenami. Nejde o typ odtie\u0148a, ktor\u00fd si zvol\u00ed ka\u017ed\u00e1 \u017eena. Tento odtie\u0148 dod\u00e1 outfitu \u0161mrnc a teplo. Kr\u00e1sne lad\u00ed s jesenn\u00fdmi t\u00f3nmi ako okrov\u00e1, terakota \u010di khaki.<\/p>\n\n\n<shortcode prop-load-num=\"12\" prop-display-num=\"4\" prop-sku=\"5906751210024, 5906751210260, 5906751215487, 5906751212684, 5906751220948\" prop-view=\"slider\"><\/shortcode>        <div\r\n            class=\"eob-pf-shortcode\"\r\n            id=\"eobpf69f3e6eadba1c\"\r\n        >\r\n            <shortcode prop-load-num=\"12\" prop-display-num=\"4\" prop-sku=\"5906751210024, 5906751210260, 5906751215487, 5906751212684, 5906751220948\" prop-view=\"slider\"><\/shortcode>        <\/div>\r\n\t\t<script>\r\n\t\t\tjQuery(document).ready(() => {\r\n\t\t\t    const root = document.getElementById('eobpf69f3e6eadba1c');\r\n                Vue.createApp({\r\n\t                components: {\r\n\t                    shortcode\r\n\t                }\r\n                }).mount(root);\r\n\t\t\t});\r\n\t\t<\/script>\r\n\t\t\r\n\t\t\n\n\n\n<p><\/p>\n\n\n\n<h2 class=\"wp-block-heading\"><strong>S \u010d\u00edm kombinova\u0165 hned\u00e9&nbsp;kabelky?<\/strong><\/h2>\n\n\n\n<p>Hned\u00e9&nbsp;kabelky s\u00fa vo svete doplnkov t\u00fdm najv\u010fa\u010dnej\u0161\u00edm artiklom, ladia toti\u017e takmer so v\u0161etk\u00fdm. Tu je nieko\u013eko overen\u00fdch kombin\u00e1ci\u00ed:<\/p>\n\n\n\n<ul class=\"wp-block-list\">\n<li><strong>S neutr\u00e1lnymi farbami<\/strong><br>Biela, b\u00e9\u017eov\u00e1, siv\u00e1 a kr\u00e9mov\u00e1 \u2013 tieto farby zv\u00fdraznia prirodzen\u00fa eleganciu hnedej. Ide o perfektn\u00fa kombin\u00e1ciu pre minimalistky, ktor\u00e9&nbsp;miluj\u00fa \u010dist\u00e9&nbsp;l\u00ednie a jednoduchos\u0165.<\/li>\n\n\n\n<li><strong>S denimom<\/strong><br>D\u017e\u00ednsy a hned\u00e1 kabelka &#8211; to je nestarn\u00faca dvojica. Kombinujte s bielou ko\u0161e\u013eou a ko\u017een\u00fdmi loaferskami pre le\u017e\u00e9rny, no \u0161t\u00fdlov\u00fd&nbsp;look.<\/li>\n\n\n\n<li><strong>S pastelov\u00fdmi t\u00f3nmi<\/strong><br>Ru\u017eov\u00e1, levandu\u013eov\u00e1 alebo mentolov\u00e1 dodaj\u00fa hnedej svie\u017eos\u0165 a \u017eenskos\u0165. S\u00fa to tak trochu letn\u00e9&nbsp;a jarn\u00e9&nbsp;farby, ale netreba sa b\u00e1\u0165&nbsp;pou\u017ei\u0165 ich aj v jeseni \u010di v zime, tro\u0161ku rozjasni\u0165 dni nie je v\u00f4bec na \u0161kodu.<\/li>\n\n\n\n<li><strong>S tepl\u00fdmi jesenn\u00fdmi farbami<\/strong><br>Okrov\u00e1, hor\u010dicov\u00e1, v\u00ednov\u00e1 \u010di smaragdov\u00e1 kr\u00e1sne doplnia karamelov\u00e9&nbsp;a ko\u0148akov\u00e9&nbsp;odtiene kabeliek. Vysk\u00fa\u0161ajte to, d\u00f4le\u017eit\u00e9&nbsp;je u\u017e iba vybra\u0165 \u0161t\u00fdl kabelky, ktor\u00fd bude fitova\u0165 pr\u00e1ve v\u00e1m.<\/li>\n\n\n\n<li><strong>S \u010diernou? \u00c1no, ale opatrne<\/strong><br>Hned\u00e1 a \u010dierna m\u00f4\u017eu p\u00f4sobi\u0165 nejednotne, no ak zvol\u00edte (napr. hned\u00fd opasok alebo top\u00e1nky), v\u00fdsledok bude harmonick\u00fd a bude z neho zjavn\u00e9, \u017ee tomu rozumiete.<br><\/li>\n<\/ul>\n\n\n<shortcode prop-load-num=\"12\" prop-display-num=\"4\" prop-sku=\"5906751228548, 5906751228869, 5906751228982, 5906751245552, 5906751245644\" prop-view=\"slider\"><\/shortcode>        <div\r\n            class=\"eob-pf-shortcode\"\r\n            id=\"eobpf69f3e6eadba3e\"\r\n        >\r\n            <shortcode prop-load-num=\"12\" prop-display-num=\"4\" prop-sku=\"5906751228548, 5906751228869, 5906751228982, 5906751245552, 5906751245644\" prop-view=\"slider\"><\/shortcode>        <\/div>\r\n\t\t<script>\r\n\t\t\tjQuery(document).ready(() => {\r\n\t\t\t    const root = document.getElementById('eobpf69f3e6eadba3e');\r\n                Vue.createApp({\r\n\t                components: {\r\n\t                    shortcode\r\n\t                }\r\n                }).mount(root);\r\n\t\t\t});\r\n\t\t<\/script>\r\n\t\t\r\n\t\t\n\n\n\n<p><\/p>\n\n\n\n<h2 class=\"wp-block-heading\"><strong>Hned\u00e1 kabelka<\/strong> &#8211; <strong>ako si vybra\u0165 t\u00fa prav\u00fa?<\/strong><\/h2>\n\n\n\n<ul class=\"wp-block-list\">\n<li><strong>Na ka\u017ed\u00fd de\u0148<\/strong><br>vo\u013ete stredne ve\u013ek\u00fa kabelku s pevnou kon\u0161trukciou v odtieni ko\u0148akovej alebo karamelovej.<\/li>\n\n\n\n<li><strong>Na elegantn\u00e9&nbsp;pr\u00edle\u017eitosti<\/strong><br>siahnite po \u010dokol\u00e1dovom alebo tmavohnedom listovom modeli.<\/li>\n\n\n\n<li><strong>Na leto<\/strong><br>zvo\u013ete svetlej\u0161\u00ed taupe odtie\u0148 alebo kabelku zo svetlej ko\u017ee, pr\u00edpadne slamy.<\/li>\n\n\n\n<li><strong>Na zimu<\/strong><br>ni\u010d nepokaz\u00edte tmav\u0161\u00edm t\u00f3nom so zlat\u00fdmi detailmi.<\/li>\n<\/ul>\n\n\n\n<figure class=\"wp-block-gallery has-nested-images columns-default is-cropped wp-block-gallery-3 is-layout-flex wp-block-gallery-is-layout-flex\">\n<figure class=\"wp-block-image size-large\"><img loading=\"lazy\" decoding=\"async\" width=\"512\" height=\"768\" data-id=\"9685\" src=\"https:\/\/blog.ccc.eu\/sk\/wp-content\/uploads\/2025\/10\/CCC_5904862301006_02M_0619.jpg\" alt=\"\" class=\"wp-image-9685\" srcset=\"https:\/\/blog.ccc.eu\/sk\/wp-content\/uploads\/2025\/10\/CCC_5904862301006_02M_0619.jpg 512w, https:\/\/blog.ccc.eu\/sk\/wp-content\/uploads\/2025\/10\/CCC_5904862301006_02M_0619-200x300.jpg 200w, https:\/\/blog.ccc.eu\/sk\/wp-content\/uploads\/2025\/10\/CCC_5904862301006_02M_0619-100x150.jpg 100w\" sizes=\"auto, (max-width: 512px) 100vw, 512px\" \/><\/figure>\n<\/figure>\n\n\n\n<p><\/p>\n\n\n\n<p>Bez oh\u013eadu na odtie\u0148 hnedej, kabelka v tejto farbe patr\u00ed medzi najuniverz\u00e1lnej\u0161ie k\u00fasky v na\u0161om \u0161atn\u00edku. M\u00f4\u017eete si poveda\u0165, \u017ee aj \u010dierna je univerz\u00e1lna a nebudete sa m\u00fdli\u0165. Hned\u00e1 v sebe ale skr\u00fdva v\u00e4\u010d\u0161iu d\u00e1vku vynaliezavosti, n\u00e1paditosti a \u0161t\u00fdlovosti, ktor\u00e1 sa len tak nevid\u00ed a na ktor\u00fa u\u017e treba aj trochu m\u00f3dneho umu. Tak smelo do toho!<\/p>\n\n\n\n<div class=\"wp-block-buttons is-content-justification-center is-layout-flex wp-container-core-buttons-is-layout-16018d1d wp-block-buttons-is-layout-flex\">\n<div class=\"wp-block-button is-style-fill\"><a class=\"wp-block-button__link has-custom-font-size wp-element-button\" href=\"https:\/\/ccc.eu\/sk\/sk\/c\/damske\/kabelky-kufre-ruksaky\/kabelky\/farba:hneda\" style=\"border-radius:0px;font-size:15px\">Cel\u00e1 ponuka d\u00e1mskych hned\u00fdch kabeliek v CCC<\/a><\/div>\n<\/div>\n\n\n\n<p><\/p>\n","protected":false},"excerpt":{"rendered":"<p>Hned\u00e1 kabelka je nad\u010dasov\u00fd doplnok, ktor\u00fd sp\u00e1ja \u0161t\u00fdl, eleganciu a univerz\u00e1lnos\u0165. Blog vysvet\u013euje, pre\u010do je hned\u00e1 farba trendom roku 2025, ak\u00e9 odtiene s\u00fa najob\u013e\u00fabenej\u0161ie a ako ju kombinova\u0165 s r\u00f4znymi outfitmi po\u010das celej sez\u00f3ny.<\/p>\n","protected":false},"author":22,"featured_media":9684,"comment_status":"open","ping_status":"open","sticky":false,"template":"","format":"standard","meta":{"_acf_changed":false,"footnotes":""},"categories":[1070],"tags":[574],"class_list":["post-9680","post","type-post","status-publish","format-standard","has-post-thumbnail","hentry","category-kabelky-2","tag-kabelky"],"acf":[],"yoast_head":"<!-- This site is optimized with the Yoast SEO plugin v26.9 - https:\/\/yoast.com\/product\/yoast-seo-wordpress\/ -->\n<title>Hned\u00e1 kabelka \u2013 nad\u010dasov\u00fd trend roku 2025<\/title>\n<meta name=\"description\" content=\"Hned\u00e1 kabelka je ikonick\u00fd doplnok, ktor\u00fd nikdy nevyjde z m\u00f3dy. Objavte trendov\u00e9 odtiene roku 2025 a nau\u010dte sa ich \u0161t\u00fdlovo kombinova\u0165. 2026\" \/>\n<meta name=\"robots\" content=\"index, follow, max-snippet:-1, max-image-preview:large, max-video-preview:-1\" \/>\n<link rel=\"canonical\" href=\"https:\/\/blog.ccc.eu\/sk\/hneda-kabelka-nadcasovy-doplnok-ktory-nikdy-nevyjde-z-mody\/\" \/>\n<meta property=\"og:locale\" content=\"sk_SK\" \/>\n<meta property=\"og:type\" content=\"article\" \/>\n<meta property=\"og:title\" content=\"Hned\u00e1 kabelka \u2013 nad\u010dasov\u00fd trend roku 2025\" \/>\n<meta property=\"og:description\" content=\"Hned\u00e1 kabelka je ikonick\u00fd doplnok, ktor\u00fd nikdy nevyjde z m\u00f3dy. Objavte trendov\u00e9 odtiene roku 2025 a nau\u010dte sa ich \u0161t\u00fdlovo kombinova\u0165.\" \/>\n<meta property=\"og:url\" content=\"https:\/\/blog.ccc.eu\/sk\/hneda-kabelka-nadcasovy-doplnok-ktory-nikdy-nevyjde-z-mody\/\" \/>\n<meta property=\"og:site_name\" content=\"blog.ccc.eu\/sk\" \/>\n<meta property=\"article:published_time\" content=\"2025-10-19T23:19:52+00:00\" \/>\n<meta property=\"article:modified_time\" content=\"2025-11-12T21:32:55+00:00\" \/>\n<meta property=\"og:image\" content=\"https:\/\/blog.ccc.eu\/sk\/wp-content\/uploads\/2025\/10\/240308_CCC_skora_D2_2591.jpg\" \/>\n\t<meta property=\"og:image:width\" content=\"622\" \/>\n\t<meta property=\"og:image:height\" content=\"933\" \/>\n\t<meta property=\"og:image:type\" content=\"image\/jpeg\" \/>\n<meta name=\"author\" content=\"Kaja\" \/>\n<meta name=\"twitter:card\" content=\"summary_large_image\" \/>\n<meta name=\"twitter:label1\" content=\"Autor\" \/>\n\t<meta name=\"twitter:data1\" content=\"Kaja\" \/>\n\t<meta name=\"twitter:label2\" content=\"Predpokladan\u00fd \u010das \u010d\u00edtania\" \/>\n\t<meta name=\"twitter:data2\" content=\"6 min\u00fat\" \/>\n<script type=\"application\/ld+json\" class=\"yoast-schema-graph\">{\"@context\":\"https:\/\/schema.org\",\"@graph\":[{\"@type\":\"Article\",\"@id\":\"https:\/\/blog.ccc.eu\/sk\/hneda-kabelka-nadcasovy-doplnok-ktory-nikdy-nevyjde-z-mody\/#article\",\"isPartOf\":{\"@id\":\"https:\/\/blog.ccc.eu\/sk\/hneda-kabelka-nadcasovy-doplnok-ktory-nikdy-nevyjde-z-mody\/\"},\"author\":{\"name\":\"Kaja\",\"@id\":\"https:\/\/blog.ccc.eu\/sk\/#\/schema\/person\/399beb3452b4976df83fb9268601a994\"},\"headline\":\"Hned\u00e1 kabelka: Nad\u010dasov\u00fd doplnok, ktor\u00fd nikdy nevyjde z m\u00f3dy\",\"datePublished\":\"2025-10-19T23:19:52+00:00\",\"dateModified\":\"2025-11-12T21:32:55+00:00\",\"mainEntityOfPage\":{\"@id\":\"https:\/\/blog.ccc.eu\/sk\/hneda-kabelka-nadcasovy-doplnok-ktory-nikdy-nevyjde-z-mody\/\"},\"wordCount\":1122,\"commentCount\":0,\"publisher\":{\"@id\":\"https:\/\/blog.ccc.eu\/sk\/#organization\"},\"image\":{\"@id\":\"https:\/\/blog.ccc.eu\/sk\/hneda-kabelka-nadcasovy-doplnok-ktory-nikdy-nevyjde-z-mody\/#primaryimage\"},\"thumbnailUrl\":\"https:\/\/blog.ccc.eu\/sk\/wp-content\/uploads\/2025\/10\/240308_CCC_skora_D2_2591.jpg\",\"keywords\":[\"kabelky\"],\"articleSection\":[\"KABELKY\"],\"inLanguage\":\"sk-SK\",\"potentialAction\":[{\"@type\":\"CommentAction\",\"name\":\"Comment\",\"target\":[\"https:\/\/blog.ccc.eu\/sk\/hneda-kabelka-nadcasovy-doplnok-ktory-nikdy-nevyjde-z-mody\/#respond\"]}]},{\"@type\":\"WebPage\",\"@id\":\"https:\/\/blog.ccc.eu\/sk\/hneda-kabelka-nadcasovy-doplnok-ktory-nikdy-nevyjde-z-mody\/\",\"url\":\"https:\/\/blog.ccc.eu\/sk\/hneda-kabelka-nadcasovy-doplnok-ktory-nikdy-nevyjde-z-mody\/\",\"name\":\"Hned\u00e1 kabelka \u2013 nad\u010dasov\u00fd trend roku 2025\",\"isPartOf\":{\"@id\":\"https:\/\/blog.ccc.eu\/sk\/#website\"},\"primaryImageOfPage\":{\"@id\":\"https:\/\/blog.ccc.eu\/sk\/hneda-kabelka-nadcasovy-doplnok-ktory-nikdy-nevyjde-z-mody\/#primaryimage\"},\"image\":{\"@id\":\"https:\/\/blog.ccc.eu\/sk\/hneda-kabelka-nadcasovy-doplnok-ktory-nikdy-nevyjde-z-mody\/#primaryimage\"},\"thumbnailUrl\":\"https:\/\/blog.ccc.eu\/sk\/wp-content\/uploads\/2025\/10\/240308_CCC_skora_D2_2591.jpg\",\"datePublished\":\"2025-10-19T23:19:52+00:00\",\"dateModified\":\"2025-11-12T21:32:55+00:00\",\"description\":\"Hned\u00e1 kabelka je ikonick\u00fd doplnok, ktor\u00fd nikdy nevyjde z m\u00f3dy. Objavte trendov\u00e9 odtiene roku 2025 a nau\u010dte sa ich \u0161t\u00fdlovo kombinova\u0165.\",\"breadcrumb\":{\"@id\":\"https:\/\/blog.ccc.eu\/sk\/hneda-kabelka-nadcasovy-doplnok-ktory-nikdy-nevyjde-z-mody\/#breadcrumb\"},\"inLanguage\":\"sk-SK\",\"potentialAction\":[{\"@type\":\"ReadAction\",\"target\":[\"https:\/\/blog.ccc.eu\/sk\/hneda-kabelka-nadcasovy-doplnok-ktory-nikdy-nevyjde-z-mody\/\"]}]},{\"@type\":\"ImageObject\",\"inLanguage\":\"sk-SK\",\"@id\":\"https:\/\/blog.ccc.eu\/sk\/hneda-kabelka-nadcasovy-doplnok-ktory-nikdy-nevyjde-z-mody\/#primaryimage\",\"url\":\"https:\/\/blog.ccc.eu\/sk\/wp-content\/uploads\/2025\/10\/240308_CCC_skora_D2_2591.jpg\",\"contentUrl\":\"https:\/\/blog.ccc.eu\/sk\/wp-content\/uploads\/2025\/10\/240308_CCC_skora_D2_2591.jpg\",\"width\":622,\"height\":933,\"caption\":\"hned\u00e1 kabelka\"},{\"@type\":\"BreadcrumbList\",\"@id\":\"https:\/\/blog.ccc.eu\/sk\/hneda-kabelka-nadcasovy-doplnok-ktory-nikdy-nevyjde-z-mody\/#breadcrumb\",\"itemListElement\":[{\"@type\":\"ListItem\",\"position\":1,\"name\":\"Strona g\u0142\u00f3wna\",\"item\":\"https:\/\/blog.ccc.eu\/sk\/\"},{\"@type\":\"ListItem\",\"position\":2,\"name\":\"Hned\u00e1 kabelka: Nad\u010dasov\u00fd doplnok, ktor\u00fd nikdy nevyjde z m\u00f3dy\"}]},{\"@type\":\"WebSite\",\"@id\":\"https:\/\/blog.ccc.eu\/sk\/#website\",\"url\":\"https:\/\/blog.ccc.eu\/sk\/\",\"name\":\"blog.ccc.eu\/sk\",\"description\":\"Va\u0161e miesto pln\u00e9 m\u00f3dnych in\u0161pir\u00e1ci\u00ed\",\"publisher\":{\"@id\":\"https:\/\/blog.ccc.eu\/sk\/#organization\"},\"potentialAction\":[{\"@type\":\"SearchAction\",\"target\":{\"@type\":\"EntryPoint\",\"urlTemplate\":\"https:\/\/blog.ccc.eu\/sk\/?s={search_term_string}\"},\"query-input\":{\"@type\":\"PropertyValueSpecification\",\"valueRequired\":true,\"valueName\":\"search_term_string\"}}],\"inLanguage\":\"sk-SK\"},{\"@type\":\"Organization\",\"@id\":\"https:\/\/blog.ccc.eu\/sk\/#organization\",\"name\":\"CCC S.A.\",\"url\":\"https:\/\/blog.ccc.eu\/sk\/\",\"logo\":{\"@type\":\"ImageObject\",\"inLanguage\":\"sk-SK\",\"@id\":\"https:\/\/blog.ccc.eu\/sk\/#\/schema\/logo\/image\/\",\"url\":\"https:\/\/blog.ccc.eu\/sk\/wp-content\/uploads\/2021\/11\/logo_ccc.png\",\"contentUrl\":\"https:\/\/blog.ccc.eu\/sk\/wp-content\/uploads\/2021\/11\/logo_ccc.png\",\"width\":730,\"height\":270,\"caption\":\"CCC S.A.\"},\"image\":{\"@id\":\"https:\/\/blog.ccc.eu\/sk\/#\/schema\/logo\/image\/\"}},{\"@type\":\"Person\",\"@id\":\"https:\/\/blog.ccc.eu\/sk\/#\/schema\/person\/399beb3452b4976df83fb9268601a994\",\"name\":\"Kaja\",\"image\":{\"@type\":\"ImageObject\",\"inLanguage\":\"sk-SK\",\"@id\":\"https:\/\/blog.ccc.eu\/sk\/#\/schema\/person\/image\/\",\"url\":\"https:\/\/blog.ccc.eu\/sk\/wp-content\/uploads\/2024\/06\/white-1-100x100.jpg\",\"contentUrl\":\"https:\/\/blog.ccc.eu\/sk\/wp-content\/uploads\/2024\/06\/white-1-100x100.jpg\",\"caption\":\"Kaja\"},\"description\":\"U\u017e od pubert\u00e1lnych \u010dias sa venuje pr\u00e1ci v m\u00e9di\u00e1ch a p\u00edsaniu. Z kon\u00ed\u010dka sa stalo \u017eivobytie, ktor\u00e9 jej z\u00e1rove\u0148 dalo dostatok slobody na to, aby mohla pomerne ve\u013ea cestova\u0165 a spozn\u00e1va\u0165 svet a rozli\u010dn\u00e9 kult\u00fary. Energiu jej dod\u00e1va \u010d\u00edtanie kn\u00edh, voda a hudba.\",\"url\":\"https:\/\/blog.ccc.eu\/sk\/author\/perlamakovienka-sk\/\"}]}<\/script>\n<!-- \/ Yoast SEO plugin. -->","yoast_head_json":{"title":"Hned\u00e1 kabelka \u2013 nad\u010dasov\u00fd trend roku 2025","description":"Hned\u00e1 kabelka je ikonick\u00fd doplnok, ktor\u00fd nikdy nevyjde z m\u00f3dy. Objavte trendov\u00e9 odtiene roku 2025 a nau\u010dte sa ich \u0161t\u00fdlovo kombinova\u0165. 2026","robots":{"index":"index","follow":"follow","max-snippet":"max-snippet:-1","max-image-preview":"max-image-preview:large","max-video-preview":"max-video-preview:-1"},"canonical":"https:\/\/blog.ccc.eu\/sk\/hneda-kabelka-nadcasovy-doplnok-ktory-nikdy-nevyjde-z-mody\/","og_locale":"sk_SK","og_type":"article","og_title":"Hned\u00e1 kabelka \u2013 nad\u010dasov\u00fd trend roku 2025","og_description":"Hned\u00e1 kabelka je ikonick\u00fd doplnok, ktor\u00fd nikdy nevyjde z m\u00f3dy. Objavte trendov\u00e9 odtiene roku 2025 a nau\u010dte sa ich \u0161t\u00fdlovo kombinova\u0165.","og_url":"https:\/\/blog.ccc.eu\/sk\/hneda-kabelka-nadcasovy-doplnok-ktory-nikdy-nevyjde-z-mody\/","og_site_name":"blog.ccc.eu\/sk","article_published_time":"2025-10-19T23:19:52+00:00","article_modified_time":"2025-11-12T21:32:55+00:00","og_image":[{"width":622,"height":933,"url":"https:\/\/blog.ccc.eu\/sk\/wp-content\/uploads\/2025\/10\/240308_CCC_skora_D2_2591.jpg","type":"image\/jpeg"}],"author":"Kaja","twitter_card":"summary_large_image","twitter_misc":{"Autor":"Kaja","Predpokladan\u00fd \u010das \u010d\u00edtania":"6 min\u00fat"},"schema":{"@context":"https:\/\/schema.org","@graph":[{"@type":"Article","@id":"https:\/\/blog.ccc.eu\/sk\/hneda-kabelka-nadcasovy-doplnok-ktory-nikdy-nevyjde-z-mody\/#article","isPartOf":{"@id":"https:\/\/blog.ccc.eu\/sk\/hneda-kabelka-nadcasovy-doplnok-ktory-nikdy-nevyjde-z-mody\/"},"author":{"name":"Kaja","@id":"https:\/\/blog.ccc.eu\/sk\/#\/schema\/person\/399beb3452b4976df83fb9268601a994"},"headline":"Hned\u00e1 kabelka: Nad\u010dasov\u00fd doplnok, ktor\u00fd nikdy nevyjde z m\u00f3dy","datePublished":"2025-10-19T23:19:52+00:00","dateModified":"2025-11-12T21:32:55+00:00","mainEntityOfPage":{"@id":"https:\/\/blog.ccc.eu\/sk\/hneda-kabelka-nadcasovy-doplnok-ktory-nikdy-nevyjde-z-mody\/"},"wordCount":1122,"commentCount":0,"publisher":{"@id":"https:\/\/blog.ccc.eu\/sk\/#organization"},"image":{"@id":"https:\/\/blog.ccc.eu\/sk\/hneda-kabelka-nadcasovy-doplnok-ktory-nikdy-nevyjde-z-mody\/#primaryimage"},"thumbnailUrl":"https:\/\/blog.ccc.eu\/sk\/wp-content\/uploads\/2025\/10\/240308_CCC_skora_D2_2591.jpg","keywords":["kabelky"],"articleSection":["KABELKY"],"inLanguage":"sk-SK","potentialAction":[{"@type":"CommentAction","name":"Comment","target":["https:\/\/blog.ccc.eu\/sk\/hneda-kabelka-nadcasovy-doplnok-ktory-nikdy-nevyjde-z-mody\/#respond"]}]},{"@type":"WebPage","@id":"https:\/\/blog.ccc.eu\/sk\/hneda-kabelka-nadcasovy-doplnok-ktory-nikdy-nevyjde-z-mody\/","url":"https:\/\/blog.ccc.eu\/sk\/hneda-kabelka-nadcasovy-doplnok-ktory-nikdy-nevyjde-z-mody\/","name":"Hned\u00e1 kabelka \u2013 nad\u010dasov\u00fd trend roku 2025","isPartOf":{"@id":"https:\/\/blog.ccc.eu\/sk\/#website"},"primaryImageOfPage":{"@id":"https:\/\/blog.ccc.eu\/sk\/hneda-kabelka-nadcasovy-doplnok-ktory-nikdy-nevyjde-z-mody\/#primaryimage"},"image":{"@id":"https:\/\/blog.ccc.eu\/sk\/hneda-kabelka-nadcasovy-doplnok-ktory-nikdy-nevyjde-z-mody\/#primaryimage"},"thumbnailUrl":"https:\/\/blog.ccc.eu\/sk\/wp-content\/uploads\/2025\/10\/240308_CCC_skora_D2_2591.jpg","datePublished":"2025-10-19T23:19:52+00:00","dateModified":"2025-11-12T21:32:55+00:00","description":"Hned\u00e1 kabelka je ikonick\u00fd doplnok, ktor\u00fd nikdy nevyjde z m\u00f3dy. Objavte trendov\u00e9 odtiene roku 2025 a nau\u010dte sa ich \u0161t\u00fdlovo kombinova\u0165.","breadcrumb":{"@id":"https:\/\/blog.ccc.eu\/sk\/hneda-kabelka-nadcasovy-doplnok-ktory-nikdy-nevyjde-z-mody\/#breadcrumb"},"inLanguage":"sk-SK","potentialAction":[{"@type":"ReadAction","target":["https:\/\/blog.ccc.eu\/sk\/hneda-kabelka-nadcasovy-doplnok-ktory-nikdy-nevyjde-z-mody\/"]}]},{"@type":"ImageObject","inLanguage":"sk-SK","@id":"https:\/\/blog.ccc.eu\/sk\/hneda-kabelka-nadcasovy-doplnok-ktory-nikdy-nevyjde-z-mody\/#primaryimage","url":"https:\/\/blog.ccc.eu\/sk\/wp-content\/uploads\/2025\/10\/240308_CCC_skora_D2_2591.jpg","contentUrl":"https:\/\/blog.ccc.eu\/sk\/wp-content\/uploads\/2025\/10\/240308_CCC_skora_D2_2591.jpg","width":622,"height":933,"caption":"hned\u00e1 kabelka"},{"@type":"BreadcrumbList","@id":"https:\/\/blog.ccc.eu\/sk\/hneda-kabelka-nadcasovy-doplnok-ktory-nikdy-nevyjde-z-mody\/#breadcrumb","itemListElement":[{"@type":"ListItem","position":1,"name":"Strona g\u0142\u00f3wna","item":"https:\/\/blog.ccc.eu\/sk\/"},{"@type":"ListItem","position":2,"name":"Hned\u00e1 kabelka: Nad\u010dasov\u00fd doplnok, ktor\u00fd nikdy nevyjde z m\u00f3dy"}]},{"@type":"WebSite","@id":"https:\/\/blog.ccc.eu\/sk\/#website","url":"https:\/\/blog.ccc.eu\/sk\/","name":"blog.ccc.eu\/sk","description":"Va\u0161e miesto pln\u00e9 m\u00f3dnych in\u0161pir\u00e1ci\u00ed","publisher":{"@id":"https:\/\/blog.ccc.eu\/sk\/#organization"},"potentialAction":[{"@type":"SearchAction","target":{"@type":"EntryPoint","urlTemplate":"https:\/\/blog.ccc.eu\/sk\/?s={search_term_string}"},"query-input":{"@type":"PropertyValueSpecification","valueRequired":true,"valueName":"search_term_string"}}],"inLanguage":"sk-SK"},{"@type":"Organization","@id":"https:\/\/blog.ccc.eu\/sk\/#organization","name":"CCC S.A.","url":"https:\/\/blog.ccc.eu\/sk\/","logo":{"@type":"ImageObject","inLanguage":"sk-SK","@id":"https:\/\/blog.ccc.eu\/sk\/#\/schema\/logo\/image\/","url":"https:\/\/blog.ccc.eu\/sk\/wp-content\/uploads\/2021\/11\/logo_ccc.png","contentUrl":"https:\/\/blog.ccc.eu\/sk\/wp-content\/uploads\/2021\/11\/logo_ccc.png","width":730,"height":270,"caption":"CCC S.A."},"image":{"@id":"https:\/\/blog.ccc.eu\/sk\/#\/schema\/logo\/image\/"}},{"@type":"Person","@id":"https:\/\/blog.ccc.eu\/sk\/#\/schema\/person\/399beb3452b4976df83fb9268601a994","name":"Kaja","image":{"@type":"ImageObject","inLanguage":"sk-SK","@id":"https:\/\/blog.ccc.eu\/sk\/#\/schema\/person\/image\/","url":"https:\/\/blog.ccc.eu\/sk\/wp-content\/uploads\/2024\/06\/white-1-100x100.jpg","contentUrl":"https:\/\/blog.ccc.eu\/sk\/wp-content\/uploads\/2024\/06\/white-1-100x100.jpg","caption":"Kaja"},"description":"U\u017e od pubert\u00e1lnych \u010dias sa venuje pr\u00e1ci v m\u00e9di\u00e1ch a p\u00edsaniu. Z kon\u00ed\u010dka sa stalo \u017eivobytie, ktor\u00e9 jej z\u00e1rove\u0148 dalo dostatok slobody na to, aby mohla pomerne ve\u013ea cestova\u0165 a spozn\u00e1va\u0165 svet a rozli\u010dn\u00e9 kult\u00fary. Energiu jej dod\u00e1va \u010d\u00edtanie kn\u00edh, voda a hudba.","url":"https:\/\/blog.ccc.eu\/sk\/author\/perlamakovienka-sk\/"}]}},"_links":{"self":[{"href":"https:\/\/blog.ccc.eu\/sk\/wp-json\/wp\/v2\/posts\/9680","targetHints":{"allow":["GET"]}}],"collection":[{"href":"https:\/\/blog.ccc.eu\/sk\/wp-json\/wp\/v2\/posts"}],"about":[{"href":"https:\/\/blog.ccc.eu\/sk\/wp-json\/wp\/v2\/types\/post"}],"author":[{"embeddable":true,"href":"https:\/\/blog.ccc.eu\/sk\/wp-json\/wp\/v2\/users\/22"}],"replies":[{"embeddable":true,"href":"https:\/\/blog.ccc.eu\/sk\/wp-json\/wp\/v2\/comments?post=9680"}],"version-history":[{"count":5,"href":"https:\/\/blog.ccc.eu\/sk\/wp-json\/wp\/v2\/posts\/9680\/revisions"}],"predecessor-version":[{"id":9713,"href":"https:\/\/blog.ccc.eu\/sk\/wp-json\/wp\/v2\/posts\/9680\/revisions\/9713"}],"wp:featuredmedia":[{"embeddable":true,"href":"https:\/\/blog.ccc.eu\/sk\/wp-json\/wp\/v2\/media\/9684"}],"wp:attachment":[{"href":"https:\/\/blog.ccc.eu\/sk\/wp-json\/wp\/v2\/media?parent=9680"}],"wp:term":[{"taxonomy":"category","embeddable":true,"href":"https:\/\/blog.ccc.eu\/sk\/wp-json\/wp\/v2\/categories?post=9680"},{"taxonomy":"post_tag","embeddable":true,"href":"https:\/\/blog.ccc.eu\/sk\/wp-json\/wp\/v2\/tags?post=9680"}],"curies":[{"name":"wp","href":"https:\/\/api.w.org\/{rel}","templated":true}]}}