{"id":9770,"date":"2025-11-17T18:36:11","date_gmt":"2025-11-17T17:36:11","guid":{"rendered":"https:\/\/blog.ccc.eu\/sk\/?p=9770"},"modified":"2025-12-02T12:37:14","modified_gmt":"2025-12-02T11:37:14","slug":"10-tipov-co-vlozit-do-adventneho-kalendara","status":"publish","type":"post","link":"https:\/\/blog.ccc.eu\/sk\/10-tipov-co-vlozit-do-adventneho-kalendara\/","title":{"rendered":"10 tipov, \u010do vlo\u017ei\u0165 do adventn\u00e9ho kalend\u00e1ra"},"content":{"rendered":"\n<p><em>Kone\u010dne je to tu! Vo vzduchu za\u010d\u00edna by\u0165 c\u00edti\u0165 medovn\u00edky, v domoch a bytoch za\u010d\u00ednaj\u00fa blika\u0165 svetielka a \u010doskoro budeme odr\u00e1tava\u0165 dni do toho \u0160tedr\u00e9ho. Pozrite sa na tipy, \u010do m\u00f4\u017eete svojim najbli\u017e\u0161\u00edm vlo\u017ei\u0165 do adventn\u00e9ho kalend\u00e1ra.<\/em><\/p>\n\n\n\n<p>Neviem, ako vy, ale ja milujem plnenie adventn\u00e9ho kalend\u00e1ra! Hoci ako die\u0165a som dost\u00e1vala klasicky ten s \u010dokol\u00e1dkami, ako dospel\u00e1 som absol\u00fatne proti a sna\u017e\u00edm sa de\u0165om vytvori\u0165 trochu netradi\u010dnej\u0161\u00ed kalend\u00e1r, v ktorom si n\u00e1jdu drobnosti, niekedy odkazy, niekedy pl\u00e1ny na spolo\u010dn\u00e9&nbsp;rodinn\u00e9&nbsp;aktivity. A \u010dasto sa sna\u017e\u00edm spoji\u0165 pr\u00edjemn\u00e9&nbsp;a radostn\u00e9&nbsp;s u\u017eito\u010dn\u00fdm a vlo\u017ei\u0165 im tam aj nie\u010do,&nbsp;\u010do i tak mus\u00edm k\u00fapi\u0165 a z\u00e1rove\u0148 viem, \u017ee im to urob\u00ed&nbsp;rados\u0165.<\/p>\n\n\n\n<figure class=\"wp-block-image size-full\"><img loading=\"lazy\" decoding=\"async\" width=\"724\" height=\"483\" src=\"https:\/\/blog.ccc.eu\/sk\/wp-content\/uploads\/2025\/11\/GettyImages-1339421766-1.jpg\" alt=\"adventn\u00fd kalend\u00e1r\" class=\"wp-image-9773\" srcset=\"https:\/\/blog.ccc.eu\/sk\/wp-content\/uploads\/2025\/11\/GettyImages-1339421766-1.jpg 724w, https:\/\/blog.ccc.eu\/sk\/wp-content\/uploads\/2025\/11\/GettyImages-1339421766-1-300x200.jpg 300w, https:\/\/blog.ccc.eu\/sk\/wp-content\/uploads\/2025\/11\/GettyImages-1339421766-1-100x67.jpg 100w\" sizes=\"auto, (max-width: 724px) 100vw, 724px\" \/><\/figure>\n\n\n\n<p><\/p>\n\n\n\n<p>Pri tvorbe tohoro\u010dn\u00e9ho adventn\u00e9ho kalend\u00e1ra som pre v\u00e1s pripravila 10 tipov, \u010do do t\u00fdch svojich adventn\u00fdch kalend\u00e1rov m\u00f4\u017eete vlo\u017ei\u0165 aj vy pre svoje deti\u010dky a z\u00e1rove\u0148 vyu\u017ei\u0165&nbsp;to,&nbsp;\u017ee to m\u00f4\u017eete vlo\u017ei\u0165 do kalend\u00e1ra, pri\u010dom by ste to i tak potrebovali k\u00fapi\u0165.<\/p>\n\n\n\n<h2 class=\"wp-block-heading\"><strong>Rukavice<\/strong><\/h2>\n\n\n\n<p>Toto je u n\u00e1s ve\u013ek\u00e1 vec, ktor\u00fa rie\u0161ime takmer ka\u017ed\u00fd rok. Bu\u010f sa roztrhaj\u00fa, alebo jednu z p\u00e1ru stratia, alebo sa za\u0161pinia nato\u013eko, \u017ee s\u00fa nenosite\u013en\u00e9\u2026 A tak takmer ka\u017ed\u00fd rok kupujeme <a href=\"https:\/\/ccc.eu\/sk\/sk\/c\/damske\/dodatki-oblacila\/oblacila\/rukavice\">rukavice<\/a>, niektor\u00e9\u00a0naozaj oby\u010dajn\u00e9\u00a0l\u00e1tkov\u00e9, ale v pr\u00edpade potreby aj \u201ev\u00e1\u017enej\u0161ie\u201f\u00a0na re\u00e1lne snehov\u00e9\u00a0radov\u00e1nky.<\/p>\n\n\n<shortcode prop-load-num=\"12\" prop-display-num=\"2\" prop-sku=\"5905588993513, 5906751365281\" prop-view=\"slider\"><\/shortcode>        <div\r\n            class=\"eob-pf-shortcode\"\r\n            id=\"eobpf69f3fdc5c9f5f\"\r\n        >\r\n            <shortcode prop-load-num=\"12\" prop-display-num=\"2\" prop-sku=\"5905588993513, 5906751365281\" prop-view=\"slider\"><\/shortcode>        <\/div>\r\n\t\t<script>\r\n\t\t\tjQuery(document).ready(() => {\r\n\t\t\t    const root = document.getElementById('eobpf69f3fdc5c9f5f');\r\n                Vue.createApp({\r\n\t                components: {\r\n\t                    shortcode\r\n\t                }\r\n                }).mount(root);\r\n\t\t\t});\r\n\t\t<\/script>\r\n\t\t\r\n\t\t\n\n\n\n<p><\/p>\n\n\n\n<h2 class=\"wp-block-heading\"><strong>Pono\u017eky<\/strong><\/h2>\n\n\n\n<p>To je \u010fal\u0161ia vec o ktorej sa tak so smiechom hovor\u00ed, \u017ee \u201ezase <a href=\"https:\/\/ccc.eu\/sk\/sk\/c\/damske\/doplnky-oblecenie\/oblecenie\/ponozky\">pono\u017eky<\/a>\u201f. V skuto\u010dnosti pod\u013ea m\u0148a ale ide o jeden z najr\u00fdchlej\u0161ie sa spotreb\u00favaj\u00facich produktov dom\u00e1cnosti. Navy\u0161e, ur\u010dite v\u0161etci pozn\u00e1te pr\u00e1\u010dku, ktor\u00e1 sa pono\u017ekami \u017eiv\u00ed, deti tie\u017e dok\u00e1\u017eu niektor\u00e9\u00a0za\u0161pini\u0165 tak, \u017ee sa u\u017e nosi\u0165 nedaj\u00fa. A tie dierky, ktor\u00e9 \u010dasto vznikaj\u00fa a palce, ktor\u00e9\u00a0si potom p\u00fdtaj\u00fa jes\u0165\u2026<br><br>Jednoducho pono\u017eky s\u00fa ide\u00e1lne a vhodn\u00e9\u00a0v\u017edy a ak s\u00fa na nich navy\u0161e aj ob\u013e\u00faben\u00e9\u00a0rozpr\u00e1vkov\u00e9\u00a0postavi\u010dky, tak nie je o \u010dom, bude to najob\u013e\u00fabenej\u0161ie pol\u00ed\u010dko v adventnom kalend\u00e1ri.<\/p>\n\n\n<shortcode prop-load-num=\"12\" prop-display-num=\"4\" prop-sku=\"5906751426340, 5906751426357, 5906751434369, 5906751426364\" prop-view=\"slider\"><\/shortcode>        <div\r\n            class=\"eob-pf-shortcode\"\r\n            id=\"eobpf69f3fdc5ca06b\"\r\n        >\r\n            <shortcode prop-load-num=\"12\" prop-display-num=\"4\" prop-sku=\"5906751426340, 5906751426357, 5906751434369, 5906751426364\" prop-view=\"slider\"><\/shortcode>        <\/div>\r\n\t\t<script>\r\n\t\t\tjQuery(document).ready(() => {\r\n\t\t\t    const root = document.getElementById('eobpf69f3fdc5ca06b');\r\n                Vue.createApp({\r\n\t                components: {\r\n\t                    shortcode\r\n\t                }\r\n                }).mount(root);\r\n\t\t\t});\r\n\t\t<\/script>\r\n\t\t\r\n\t\t\n\n\n\n<p><\/p>\n\n\n\n<h2 class=\"wp-block-heading\"><strong>Sladkosti<\/strong><\/h2>\n\n\n\n<p>\u00c1no, s\u00fa\u010das\u0165ou adventn\u00e9ho kalend\u00e1ra by mali by\u0165 aj sladkosti, to by u\u017e deti naozaj nemali rados\u0165, ak by si tam ni\u010d tak\u00e9&nbsp;nena\u0161li. Tie moje napr\u00edklad miluj\u00fa hroznov\u00fd cukor, \u010do ma te\u0161\u00ed, lebo to nie je zas tak drah\u00e9. (smiech) Vo v\u0161eobecnosti sa sna\u017e\u00edm pod\u00e1va\u0165 im ak, tak zdrav\u0161ie sladkosti, ktor\u00e9&nbsp;pre ne nebud\u00fa v bud\u00facnosti predstavova\u0165 devasta\u010dn\u00e9&nbsp;p\u00f4sobenie na zdravie.<\/p>\n\n\n\n<h2 class=\"wp-block-heading\"><strong>\u010ciapka<\/strong><\/h2>\n\n\n\n<p>Neviem, ako va\u0161e deti, ale moje dok\u00e1\u017eu strati\u0165 <a href=\"https:\/\/ccc.eu\/sk\/sk\/c\/damske\/doplnky-oblecenie\/oblecenie\/zimne-ciapky\">\u010diapku<\/a> ka\u017ed\u00fa zimu. Ale nielen to je d\u00f4vod, pre\u010do takmer ka\u017ed\u00fd rok kupujeme nejak\u00fa nov\u00fa. D\u00f4vodom je aj zmena \u0161t\u00fdlu, die\u0165a rastie, dospieva, menia sa jeho preferencie. A tie\u017e bunda \u010di kab\u00e1tik, ku ktor\u00fdm sa sna\u017e\u00edme tie \u010diapky dopasova\u0165.<\/p>\n\n\n<shortcode prop-load-num=\"12\" prop-display-num=\"4\" prop-sku=\"5906751434529, 5906751434208, 5906751434253, 5906751434215\" prop-view=\"slider\"><\/shortcode>        <div\r\n            class=\"eob-pf-shortcode\"\r\n            id=\"eobpf69f3fdc5ca0a3\"\r\n        >\r\n            <shortcode prop-load-num=\"12\" prop-display-num=\"4\" prop-sku=\"5906751434529, 5906751434208, 5906751434253, 5906751434215\" prop-view=\"slider\"><\/shortcode>        <\/div>\r\n\t\t<script>\r\n\t\t\tjQuery(document).ready(() => {\r\n\t\t\t    const root = document.getElementById('eobpf69f3fdc5ca0a3');\r\n                Vue.createApp({\r\n\t                components: {\r\n\t                    shortcode\r\n\t                }\r\n                }).mount(root);\r\n\t\t\t});\r\n\t\t<\/script>\r\n\t\t\r\n\t\t\n\n\n\n<p><\/p>\n\n\n\n<h2 class=\"wp-block-heading\"><strong>Sada \u010diapka a n\u00e1kr\u010dn\u00edk<\/strong><\/h2>\n\n\n\n<p>Viete, v \u010dom spo\u010d\u00edva v\u00fdhoda setu? \u017de ho m\u00f4\u017eete v adventnom kalend\u00e1ri rozdeli\u0165 do dvoch dn\u00ed! V jeden de\u0148&nbsp;si die\u0165a n\u00e1jde \u010diapku a v druh\u00fd n\u00e1kr\u010dn\u00edk. Je to win-win situ\u00e1cia pre v\u00e1s oboch, op\u00e4\u0165 najm\u00e4 vtedy, ke\u010f si tam die\u0165a n\u00e1jde postavi\u010dky, ktor\u00e9&nbsp;miluje.<\/p>\n\n\n<shortcode prop-load-num=\"12\" prop-display-num=\"4\" prop-sku=\"5906751426777, 5906751426753, 5906751434239, 5906751434260\" prop-view=\"slider\"><\/shortcode>        <div\r\n            class=\"eob-pf-shortcode\"\r\n            id=\"eobpf69f3fdc5ca0cc\"\r\n        >\r\n            <shortcode prop-load-num=\"12\" prop-display-num=\"4\" prop-sku=\"5906751426777, 5906751426753, 5906751434239, 5906751434260\" prop-view=\"slider\"><\/shortcode>        <\/div>\r\n\t\t<script>\r\n\t\t\tjQuery(document).ready(() => {\r\n\t\t\t    const root = document.getElementById('eobpf69f3fdc5ca0cc');\r\n                Vue.createApp({\r\n\t                components: {\r\n\t                    shortcode\r\n\t                }\r\n                }).mount(root);\r\n\t\t\t});\r\n\t\t<\/script>\r\n\t\t\r\n\t\t\n\n\n\n<p><\/p>\n\n\n\n<h2 class=\"wp-block-heading\"><strong>L\u00edstky do kina<\/strong><\/h2>\n\n\n\n<p>Ja ve\u013emi odpor\u00fa\u010dam, aby adventn\u00e9&nbsp;kalend\u00e1re neboli iba o materi\u00e1lnych z\u00e1le\u017eitostiach. Pokojne do nich de\u0165om vlo\u017ete napr\u00edklad l\u00edstky do kina \u010di do divadla, ktor\u00e9&nbsp;tie\u017e viete rozdeli\u0165 na viac dn\u00ed (viac dn\u00ed po jednom l\u00edstku), aby sa kalend\u00e1r extr\u00e9mne nepredra\u017eoval.<\/p>\n\n\n\n<h2 class=\"wp-block-heading\"><strong>Pre milovn\u00edkov Crocsov<\/strong><\/h2>\n\n\n\n<p>T\u00ed, ktor\u00ed v lete radi nosia <a href=\"https:\/\/ccc.eu\/sk\/sk\/search?searchText=crocs\">Crocsy<\/a>, sa ur\u010dite pote\u0161ia, ak vo svojom adventnom kalend\u00e1ri n\u00e1jdu ozdoby na ne. A op\u00e4\u0165 plat\u00ed, \u017ee aj tieto sa daj\u00fa\u00a0s ist\u00fdm rozostupom rozdeli\u0165 do viacer\u00fdch dn\u00ed, \u010do rob\u00ed dar\u010dek ekonomickej\u0161\u00edm. Aspo\u0148 ja to tak robievam, \u017ee ak sa d\u00e1, tak rozdel\u00edm rovnak\u00fd\u00a0typ dar\u010deka do viacer\u00fdch pol\u00ed\u010dok s rozostupom, kedy sa mu deti po p\u00e1r d\u0148och op\u00e4\u0165\u00a0pote\u0161ia. Najm\u00e4, ak ho maj\u00fa naozaj radi.<\/p>\n\n\n<shortcode prop-load-num=\"12\" prop-display-num=\"4\" prop-sku=\"5906751067192, 5906751067352, 5906751067116, 5903419923722\" prop-view=\"slider\"><\/shortcode>        <div\r\n            class=\"eob-pf-shortcode\"\r\n            id=\"eobpf69f3fdc5ca0ef\"\r\n        >\r\n            <shortcode prop-load-num=\"12\" prop-display-num=\"4\" prop-sku=\"5906751067192, 5906751067352, 5906751067116, 5903419923722\" prop-view=\"slider\"><\/shortcode>        <\/div>\r\n\t\t<script>\r\n\t\t\tjQuery(document).ready(() => {\r\n\t\t\t    const root = document.getElementById('eobpf69f3fdc5ca0ef');\r\n                Vue.createApp({\r\n\t                components: {\r\n\t                    shortcode\r\n\t                }\r\n                }).mount(root);\r\n\t\t\t});\r\n\t\t<\/script>\r\n\t\t\r\n\t\t\n\n\n\n<p><\/p>\n\n\n\n<h2 class=\"wp-block-heading\"><strong>Kabelky, kabel\u00f4\u010dky, \u013eadvinky<\/strong><\/h2>\n\n\n\n<p>Uzn\u00e1vam,&nbsp;\u017ee toto je tro\u0161ku viac pre diev\u010dat\u00e1, ale ve\u013emi dobre sa m\u00f4\u017eu podobn\u00e9mu dar\u010deku pote\u0161i\u0165 aj chlapci, najm\u00e4, ak je tematick\u00fd a vhodn\u00fd pre ich z\u00e1ujmy. Z oby\u010dajnej ta\u0161ti\u010dky sa zrazu m\u00f4\u017ee sta\u0165 \u010darovn\u00e9&nbsp;miesto, do ktor\u00e9ho si bud\u00fa odklada\u0165 drobnosti z kalend\u00e1ra. Alebo \u010doko\u013evek in\u00e9, preto\u017ee v ponuke CCC n\u00e1jdete skvel\u00e9&nbsp;ta\u0161ky aj pre v\u00e4\u010d\u0161ie deti.<\/p>\n\n\n<shortcode prop-load-num=\"12\" prop-display-num=\"4\" prop-sku=\"5906751027226, 5906751027240, 5906751391785, 5906751390689\" prop-view=\"slider\"><\/shortcode>        <div\r\n            class=\"eob-pf-shortcode\"\r\n            id=\"eobpf69f3fdc5ca112\"\r\n        >\r\n            <shortcode prop-load-num=\"12\" prop-display-num=\"4\" prop-sku=\"5906751027226, 5906751027240, 5906751391785, 5906751390689\" prop-view=\"slider\"><\/shortcode>        <\/div>\r\n\t\t<script>\r\n\t\t\tjQuery(document).ready(() => {\r\n\t\t\t    const root = document.getElementById('eobpf69f3fdc5ca112');\r\n                Vue.createApp({\r\n\t                components: {\r\n\t                    shortcode\r\n\t                }\r\n                }).mount(root);\r\n\t\t\t});\r\n\t\t<\/script>\r\n\t\t\r\n\t\t\n\n\n\n<p><\/p>\n\n\n\n<h2 class=\"wp-block-heading\"><strong>Pe\u0148a\u017eenka<\/strong><\/h2>\n\n\n\n<p>S\u00edce <a href=\"https:\/\/ccc.eu\/sk\/sk\/c\/damske\/doplnky-oblecenie\/doplnky\/penazenky\">pe\u0148a\u017eenky<\/a> \u010dasto dost\u00e1vaj\u00fa aj men\u0161ie deti, osobne m\u00e1m pocit, \u017ee ide sk\u00f4r o dar\u010dek pre star\u0161ie deti. Preto m\u00f4\u017eete stavi\u0165 aj na \u201ev\u00e1\u017enej\u0161\u00ed\u201f dizajn, ktor\u00fd pr\u00e1ve tieto star\u0161ie deti u\u017e ocenia a nebud\u00fa\u00a0sa hanbi\u0165 vytiahnu\u0165 ich pred ostatn\u00fdmi. Z\u00e1rove\u0148 je dobr\u00e9\u00a0myslie\u0165 na to, \u017ee predsa len v tom veku ju m\u00f4\u017eu \u013eah\u0161ie strati\u0165, a tak ur\u010dite h\u013ea\u010fte aj na cenu!<\/p>\n\n\n<shortcode prop-load-num=\"12\" prop-display-num=\"2\" prop-sku=\"5906751366554, 5906751366608\" prop-view=\"slider\"><\/shortcode>        <div\r\n            class=\"eob-pf-shortcode\"\r\n            id=\"eobpf69f3fdc5ca133\"\r\n        >\r\n            <shortcode prop-load-num=\"12\" prop-display-num=\"2\" prop-sku=\"5906751366554, 5906751366608\" prop-view=\"slider\"><\/shortcode>        <\/div>\r\n\t\t<script>\r\n\t\t\tjQuery(document).ready(() => {\r\n\t\t\t    const root = document.getElementById('eobpf69f3fdc5ca133');\r\n                Vue.createApp({\r\n\t                components: {\r\n\t                    shortcode\r\n\t                }\r\n                }).mount(root);\r\n\t\t\t});\r\n\t\t<\/script>\r\n\t\t\r\n\t\t\n\n\n\n<p><\/p>\n\n\n\n<h2 class=\"wp-block-heading\"><strong>Spolo\u010dn\u00e1 aktivita<\/strong><\/h2>\n\n\n\n<p>Aj ke\u010f som u\u017e spomenula l\u00edstky do kina \u010di divadla, pri tvorbe kalend\u00e1ra myslite aj na spolo\u010dn\u00e9 aktivity. Tie nestoja ni\u010d, iba v\u00e1\u0161 \u010das. Do okienok m\u00f4\u017eete vlo\u017ei\u0165 odkaz na spolo\u010dn\u00fa hru v karty alebo \u010clove\u010de, nehnevaj sa. M\u00f4\u017eete sa \u00eds\u0165 spolu prejs\u0165 alebo si ve\u010der rozpusti\u0165 \u010dokol\u00e1du a porozpr\u00e1va\u0165 sa. Niekedy toti\u017e to najviac, \u010do m\u00f4\u017eeme da\u0165, je jednoducho spolo\u010dn\u00fd \u010das, ktor\u00fd n\u00e1s nestoj\u00ed ni\u010d.<\/p>\n\n\n\n<p>Ve\u013emi n\u00e1m v\u0161etk\u00fdm prajem, aby sa n\u00e1m podarilo vytvori\u0165 adventn\u00fd kalend\u00e1r, ktor\u00fd na\u0161im bl\u00edzkym urob\u00ed&nbsp;rados\u0165, ale z\u00e1rove\u0148 pr\u00edprava ktor\u00e9ho bude bavi\u0165 aj n\u00e1s.<\/p>\n\n\n\n<figure class=\"wp-block-image size-large\"><img loading=\"lazy\" decoding=\"async\" width=\"1024\" height=\"268\" src=\"https:\/\/blog.ccc.eu\/sk\/wp-content\/uploads\/2025\/11\/638978740376400000-Listing-HD-1300x340-K-SK-1024x268.jpg\" alt=\"\" class=\"wp-image-9779\" srcset=\"https:\/\/blog.ccc.eu\/sk\/wp-content\/uploads\/2025\/11\/638978740376400000-Listing-HD-1300x340-K-SK-1024x268.jpg 1024w, https:\/\/blog.ccc.eu\/sk\/wp-content\/uploads\/2025\/11\/638978740376400000-Listing-HD-1300x340-K-SK-300x78.jpg 300w, https:\/\/blog.ccc.eu\/sk\/wp-content\/uploads\/2025\/11\/638978740376400000-Listing-HD-1300x340-K-SK-768x201.jpg 768w, https:\/\/blog.ccc.eu\/sk\/wp-content\/uploads\/2025\/11\/638978740376400000-Listing-HD-1300x340-K-SK-100x26.jpg 100w, https:\/\/blog.ccc.eu\/sk\/wp-content\/uploads\/2025\/11\/638978740376400000-Listing-HD-1300x340-K-SK.jpg 1300w\" sizes=\"auto, (max-width: 1024px) 100vw, 1024px\" \/><\/figure>\n\n\n\n<div class=\"wp-block-buttons is-content-justification-center is-layout-flex wp-container-core-buttons-is-layout-16018d1d wp-block-buttons-is-layout-flex\">\n<div class=\"wp-block-button is-style-fill\"><a class=\"wp-block-button__link has-custom-font-size wp-element-button\" href=\"https:\/\/ccc.eu\/sk\/sk\/c\/all\/promotion-for-all-bags\" style=\"border-radius:0px;font-size:15px\">Z\u013eava na ta\u0161ky, batohy a kufre v CCC<\/a><\/div>\n<\/div>\n\n\n\n<p><\/p>\n","protected":false},"excerpt":{"rendered":"<p>\u010cl\u00e1nok prin\u00e1\u0161a 10 praktick\u00fdch a hrav\u00fdch tipov, \u010do vlo\u017ei\u0165 do adventn\u00e9ho kalend\u00e1ra pre deti \u2013 od zimn\u00fdch doplnkov cez drobn\u00e9 dar\u010deky a\u017e po spolo\u010dn\u00e9 z\u00e1\u017eitky, ktor\u00e9 pote\u0161ia viac ne\u017e samotn\u00e9 veci.<\/p>\n","protected":false},"author":22,"featured_media":9773,"comment_status":"open","ping_status":"open","sticky":false,"template":"","format":"standard","meta":{"_acf_changed":false,"footnotes":""},"categories":[1042,1041],"tags":[1046,1043],"class_list":["post-9770","post","type-post","status-publish","format-standard","has-post-thumbnail","hentry","category-darceky","category-vianoce","tag-advent","tag-darceky-2"],"acf":[],"yoast_head":"<!-- This site is optimized with the Yoast SEO plugin v26.9 - https:\/\/yoast.com\/product\/yoast-seo-wordpress\/ -->\n<title>10 tipov, \u010do vlo\u017ei\u0165 do adventn\u00e9ho kalend\u00e1ra - blog.ccc.eu\/sk<\/title>\n<meta name=\"description\" content=\"Objavte 10 tipov, \u010do vlo\u017ei\u0165 do adventn\u00e9ho kalend\u00e1ra pre deti \u2013 praktick\u00e9 drobnosti, sladkosti aj z\u00e1\u017eitky, ktor\u00e9 urobia rados\u0165 celej rodine. 2026\" \/>\n<meta name=\"robots\" content=\"index, follow, max-snippet:-1, max-image-preview:large, max-video-preview:-1\" \/>\n<link rel=\"canonical\" href=\"https:\/\/blog.ccc.eu\/sk\/10-tipov-co-vlozit-do-adventneho-kalendara\/\" \/>\n<meta property=\"og:locale\" content=\"sk_SK\" \/>\n<meta property=\"og:type\" content=\"article\" \/>\n<meta property=\"og:title\" content=\"10 tipov, \u010do vlo\u017ei\u0165 do adventn\u00e9ho kalend\u00e1ra - blog.ccc.eu\/sk\" \/>\n<meta property=\"og:description\" content=\"Objavte 10 tipov, \u010do vlo\u017ei\u0165 do adventn\u00e9ho kalend\u00e1ra pre deti \u2013 praktick\u00e9 drobnosti, sladkosti aj z\u00e1\u017eitky, ktor\u00e9 urobia rados\u0165 celej rodine.\" \/>\n<meta property=\"og:url\" content=\"https:\/\/blog.ccc.eu\/sk\/10-tipov-co-vlozit-do-adventneho-kalendara\/\" \/>\n<meta property=\"og:site_name\" content=\"blog.ccc.eu\/sk\" \/>\n<meta property=\"article:published_time\" content=\"2025-11-17T17:36:11+00:00\" \/>\n<meta property=\"article:modified_time\" content=\"2025-12-02T11:37:14+00:00\" \/>\n<meta property=\"og:image\" content=\"https:\/\/blog.ccc.eu\/sk\/wp-content\/uploads\/2025\/11\/GettyImages-1339421766-1.jpg\" \/>\n\t<meta property=\"og:image:width\" content=\"724\" \/>\n\t<meta property=\"og:image:height\" content=\"483\" \/>\n\t<meta property=\"og:image:type\" content=\"image\/jpeg\" \/>\n<meta name=\"author\" content=\"Kaja\" \/>\n<meta name=\"twitter:card\" content=\"summary_large_image\" \/>\n<meta name=\"twitter:label1\" content=\"Autor\" \/>\n\t<meta name=\"twitter:data1\" content=\"Kaja\" \/>\n\t<meta name=\"twitter:label2\" content=\"Predpokladan\u00fd \u010das \u010d\u00edtania\" \/>\n\t<meta name=\"twitter:data2\" content=\"6 min\u00fat\" \/>\n<script type=\"application\/ld+json\" class=\"yoast-schema-graph\">{\"@context\":\"https:\/\/schema.org\",\"@graph\":[{\"@type\":\"Article\",\"@id\":\"https:\/\/blog.ccc.eu\/sk\/10-tipov-co-vlozit-do-adventneho-kalendara\/#article\",\"isPartOf\":{\"@id\":\"https:\/\/blog.ccc.eu\/sk\/10-tipov-co-vlozit-do-adventneho-kalendara\/\"},\"author\":{\"name\":\"Kaja\",\"@id\":\"https:\/\/blog.ccc.eu\/sk\/#\/schema\/person\/399beb3452b4976df83fb9268601a994\"},\"headline\":\"10 tipov, \u010do vlo\u017ei\u0165 do adventn\u00e9ho kalend\u00e1ra\",\"datePublished\":\"2025-11-17T17:36:11+00:00\",\"dateModified\":\"2025-12-02T11:37:14+00:00\",\"mainEntityOfPage\":{\"@id\":\"https:\/\/blog.ccc.eu\/sk\/10-tipov-co-vlozit-do-adventneho-kalendara\/\"},\"wordCount\":1121,\"commentCount\":0,\"publisher\":{\"@id\":\"https:\/\/blog.ccc.eu\/sk\/#organization\"},\"image\":{\"@id\":\"https:\/\/blog.ccc.eu\/sk\/10-tipov-co-vlozit-do-adventneho-kalendara\/#primaryimage\"},\"thumbnailUrl\":\"https:\/\/blog.ccc.eu\/sk\/wp-content\/uploads\/2025\/11\/GettyImages-1339421766-1.jpg\",\"keywords\":[\"advent\",\"darceky\"],\"articleSection\":[\"dar\u010deky\",\"VIANOCE\"],\"inLanguage\":\"sk-SK\",\"potentialAction\":[{\"@type\":\"CommentAction\",\"name\":\"Comment\",\"target\":[\"https:\/\/blog.ccc.eu\/sk\/10-tipov-co-vlozit-do-adventneho-kalendara\/#respond\"]}]},{\"@type\":\"WebPage\",\"@id\":\"https:\/\/blog.ccc.eu\/sk\/10-tipov-co-vlozit-do-adventneho-kalendara\/\",\"url\":\"https:\/\/blog.ccc.eu\/sk\/10-tipov-co-vlozit-do-adventneho-kalendara\/\",\"name\":\"10 tipov, \u010do vlo\u017ei\u0165 do adventn\u00e9ho kalend\u00e1ra - blog.ccc.eu\/sk\",\"isPartOf\":{\"@id\":\"https:\/\/blog.ccc.eu\/sk\/#website\"},\"primaryImageOfPage\":{\"@id\":\"https:\/\/blog.ccc.eu\/sk\/10-tipov-co-vlozit-do-adventneho-kalendara\/#primaryimage\"},\"image\":{\"@id\":\"https:\/\/blog.ccc.eu\/sk\/10-tipov-co-vlozit-do-adventneho-kalendara\/#primaryimage\"},\"thumbnailUrl\":\"https:\/\/blog.ccc.eu\/sk\/wp-content\/uploads\/2025\/11\/GettyImages-1339421766-1.jpg\",\"datePublished\":\"2025-11-17T17:36:11+00:00\",\"dateModified\":\"2025-12-02T11:37:14+00:00\",\"description\":\"Objavte 10 tipov, \u010do vlo\u017ei\u0165 do adventn\u00e9ho kalend\u00e1ra pre deti \u2013 praktick\u00e9 drobnosti, sladkosti aj z\u00e1\u017eitky, ktor\u00e9 urobia rados\u0165 celej rodine.\",\"breadcrumb\":{\"@id\":\"https:\/\/blog.ccc.eu\/sk\/10-tipov-co-vlozit-do-adventneho-kalendara\/#breadcrumb\"},\"inLanguage\":\"sk-SK\",\"potentialAction\":[{\"@type\":\"ReadAction\",\"target\":[\"https:\/\/blog.ccc.eu\/sk\/10-tipov-co-vlozit-do-adventneho-kalendara\/\"]}]},{\"@type\":\"ImageObject\",\"inLanguage\":\"sk-SK\",\"@id\":\"https:\/\/blog.ccc.eu\/sk\/10-tipov-co-vlozit-do-adventneho-kalendara\/#primaryimage\",\"url\":\"https:\/\/blog.ccc.eu\/sk\/wp-content\/uploads\/2025\/11\/GettyImages-1339421766-1.jpg\",\"contentUrl\":\"https:\/\/blog.ccc.eu\/sk\/wp-content\/uploads\/2025\/11\/GettyImages-1339421766-1.jpg\",\"width\":724,\"height\":483,\"caption\":\"adventn\u00fd kalend\u00e1r\"},{\"@type\":\"BreadcrumbList\",\"@id\":\"https:\/\/blog.ccc.eu\/sk\/10-tipov-co-vlozit-do-adventneho-kalendara\/#breadcrumb\",\"itemListElement\":[{\"@type\":\"ListItem\",\"position\":1,\"name\":\"Strona g\u0142\u00f3wna\",\"item\":\"https:\/\/blog.ccc.eu\/sk\/\"},{\"@type\":\"ListItem\",\"position\":2,\"name\":\"10 tipov, \u010do vlo\u017ei\u0165 do adventn\u00e9ho kalend\u00e1ra\"}]},{\"@type\":\"WebSite\",\"@id\":\"https:\/\/blog.ccc.eu\/sk\/#website\",\"url\":\"https:\/\/blog.ccc.eu\/sk\/\",\"name\":\"blog.ccc.eu\/sk\",\"description\":\"Va\u0161e miesto pln\u00e9 m\u00f3dnych in\u0161pir\u00e1ci\u00ed\",\"publisher\":{\"@id\":\"https:\/\/blog.ccc.eu\/sk\/#organization\"},\"potentialAction\":[{\"@type\":\"SearchAction\",\"target\":{\"@type\":\"EntryPoint\",\"urlTemplate\":\"https:\/\/blog.ccc.eu\/sk\/?s={search_term_string}\"},\"query-input\":{\"@type\":\"PropertyValueSpecification\",\"valueRequired\":true,\"valueName\":\"search_term_string\"}}],\"inLanguage\":\"sk-SK\"},{\"@type\":\"Organization\",\"@id\":\"https:\/\/blog.ccc.eu\/sk\/#organization\",\"name\":\"CCC S.A.\",\"url\":\"https:\/\/blog.ccc.eu\/sk\/\",\"logo\":{\"@type\":\"ImageObject\",\"inLanguage\":\"sk-SK\",\"@id\":\"https:\/\/blog.ccc.eu\/sk\/#\/schema\/logo\/image\/\",\"url\":\"https:\/\/blog.ccc.eu\/sk\/wp-content\/uploads\/2021\/11\/logo_ccc.png\",\"contentUrl\":\"https:\/\/blog.ccc.eu\/sk\/wp-content\/uploads\/2021\/11\/logo_ccc.png\",\"width\":730,\"height\":270,\"caption\":\"CCC S.A.\"},\"image\":{\"@id\":\"https:\/\/blog.ccc.eu\/sk\/#\/schema\/logo\/image\/\"}},{\"@type\":\"Person\",\"@id\":\"https:\/\/blog.ccc.eu\/sk\/#\/schema\/person\/399beb3452b4976df83fb9268601a994\",\"name\":\"Kaja\",\"image\":{\"@type\":\"ImageObject\",\"inLanguage\":\"sk-SK\",\"@id\":\"https:\/\/blog.ccc.eu\/sk\/#\/schema\/person\/image\/\",\"url\":\"https:\/\/blog.ccc.eu\/sk\/wp-content\/uploads\/2024\/06\/white-1-100x100.jpg\",\"contentUrl\":\"https:\/\/blog.ccc.eu\/sk\/wp-content\/uploads\/2024\/06\/white-1-100x100.jpg\",\"caption\":\"Kaja\"},\"description\":\"U\u017e od pubert\u00e1lnych \u010dias sa venuje pr\u00e1ci v m\u00e9di\u00e1ch a p\u00edsaniu. Z kon\u00ed\u010dka sa stalo \u017eivobytie, ktor\u00e9 jej z\u00e1rove\u0148 dalo dostatok slobody na to, aby mohla pomerne ve\u013ea cestova\u0165 a spozn\u00e1va\u0165 svet a rozli\u010dn\u00e9 kult\u00fary. Energiu jej dod\u00e1va \u010d\u00edtanie kn\u00edh, voda a hudba.\",\"url\":\"https:\/\/blog.ccc.eu\/sk\/author\/perlamakovienka-sk\/\"}]}<\/script>\n<!-- \/ Yoast SEO plugin. -->","yoast_head_json":{"title":"10 tipov, \u010do vlo\u017ei\u0165 do adventn\u00e9ho kalend\u00e1ra - blog.ccc.eu\/sk","description":"Objavte 10 tipov, \u010do vlo\u017ei\u0165 do adventn\u00e9ho kalend\u00e1ra pre deti \u2013 praktick\u00e9 drobnosti, sladkosti aj z\u00e1\u017eitky, ktor\u00e9 urobia rados\u0165 celej rodine. 2026","robots":{"index":"index","follow":"follow","max-snippet":"max-snippet:-1","max-image-preview":"max-image-preview:large","max-video-preview":"max-video-preview:-1"},"canonical":"https:\/\/blog.ccc.eu\/sk\/10-tipov-co-vlozit-do-adventneho-kalendara\/","og_locale":"sk_SK","og_type":"article","og_title":"10 tipov, \u010do vlo\u017ei\u0165 do adventn\u00e9ho kalend\u00e1ra - blog.ccc.eu\/sk","og_description":"Objavte 10 tipov, \u010do vlo\u017ei\u0165 do adventn\u00e9ho kalend\u00e1ra pre deti \u2013 praktick\u00e9 drobnosti, sladkosti aj z\u00e1\u017eitky, ktor\u00e9 urobia rados\u0165 celej rodine.","og_url":"https:\/\/blog.ccc.eu\/sk\/10-tipov-co-vlozit-do-adventneho-kalendara\/","og_site_name":"blog.ccc.eu\/sk","article_published_time":"2025-11-17T17:36:11+00:00","article_modified_time":"2025-12-02T11:37:14+00:00","og_image":[{"width":724,"height":483,"url":"https:\/\/blog.ccc.eu\/sk\/wp-content\/uploads\/2025\/11\/GettyImages-1339421766-1.jpg","type":"image\/jpeg"}],"author":"Kaja","twitter_card":"summary_large_image","twitter_misc":{"Autor":"Kaja","Predpokladan\u00fd \u010das \u010d\u00edtania":"6 min\u00fat"},"schema":{"@context":"https:\/\/schema.org","@graph":[{"@type":"Article","@id":"https:\/\/blog.ccc.eu\/sk\/10-tipov-co-vlozit-do-adventneho-kalendara\/#article","isPartOf":{"@id":"https:\/\/blog.ccc.eu\/sk\/10-tipov-co-vlozit-do-adventneho-kalendara\/"},"author":{"name":"Kaja","@id":"https:\/\/blog.ccc.eu\/sk\/#\/schema\/person\/399beb3452b4976df83fb9268601a994"},"headline":"10 tipov, \u010do vlo\u017ei\u0165 do adventn\u00e9ho kalend\u00e1ra","datePublished":"2025-11-17T17:36:11+00:00","dateModified":"2025-12-02T11:37:14+00:00","mainEntityOfPage":{"@id":"https:\/\/blog.ccc.eu\/sk\/10-tipov-co-vlozit-do-adventneho-kalendara\/"},"wordCount":1121,"commentCount":0,"publisher":{"@id":"https:\/\/blog.ccc.eu\/sk\/#organization"},"image":{"@id":"https:\/\/blog.ccc.eu\/sk\/10-tipov-co-vlozit-do-adventneho-kalendara\/#primaryimage"},"thumbnailUrl":"https:\/\/blog.ccc.eu\/sk\/wp-content\/uploads\/2025\/11\/GettyImages-1339421766-1.jpg","keywords":["advent","darceky"],"articleSection":["dar\u010deky","VIANOCE"],"inLanguage":"sk-SK","potentialAction":[{"@type":"CommentAction","name":"Comment","target":["https:\/\/blog.ccc.eu\/sk\/10-tipov-co-vlozit-do-adventneho-kalendara\/#respond"]}]},{"@type":"WebPage","@id":"https:\/\/blog.ccc.eu\/sk\/10-tipov-co-vlozit-do-adventneho-kalendara\/","url":"https:\/\/blog.ccc.eu\/sk\/10-tipov-co-vlozit-do-adventneho-kalendara\/","name":"10 tipov, \u010do vlo\u017ei\u0165 do adventn\u00e9ho kalend\u00e1ra - blog.ccc.eu\/sk","isPartOf":{"@id":"https:\/\/blog.ccc.eu\/sk\/#website"},"primaryImageOfPage":{"@id":"https:\/\/blog.ccc.eu\/sk\/10-tipov-co-vlozit-do-adventneho-kalendara\/#primaryimage"},"image":{"@id":"https:\/\/blog.ccc.eu\/sk\/10-tipov-co-vlozit-do-adventneho-kalendara\/#primaryimage"},"thumbnailUrl":"https:\/\/blog.ccc.eu\/sk\/wp-content\/uploads\/2025\/11\/GettyImages-1339421766-1.jpg","datePublished":"2025-11-17T17:36:11+00:00","dateModified":"2025-12-02T11:37:14+00:00","description":"Objavte 10 tipov, \u010do vlo\u017ei\u0165 do adventn\u00e9ho kalend\u00e1ra pre deti \u2013 praktick\u00e9 drobnosti, sladkosti aj z\u00e1\u017eitky, ktor\u00e9 urobia rados\u0165 celej rodine.","breadcrumb":{"@id":"https:\/\/blog.ccc.eu\/sk\/10-tipov-co-vlozit-do-adventneho-kalendara\/#breadcrumb"},"inLanguage":"sk-SK","potentialAction":[{"@type":"ReadAction","target":["https:\/\/blog.ccc.eu\/sk\/10-tipov-co-vlozit-do-adventneho-kalendara\/"]}]},{"@type":"ImageObject","inLanguage":"sk-SK","@id":"https:\/\/blog.ccc.eu\/sk\/10-tipov-co-vlozit-do-adventneho-kalendara\/#primaryimage","url":"https:\/\/blog.ccc.eu\/sk\/wp-content\/uploads\/2025\/11\/GettyImages-1339421766-1.jpg","contentUrl":"https:\/\/blog.ccc.eu\/sk\/wp-content\/uploads\/2025\/11\/GettyImages-1339421766-1.jpg","width":724,"height":483,"caption":"adventn\u00fd kalend\u00e1r"},{"@type":"BreadcrumbList","@id":"https:\/\/blog.ccc.eu\/sk\/10-tipov-co-vlozit-do-adventneho-kalendara\/#breadcrumb","itemListElement":[{"@type":"ListItem","position":1,"name":"Strona g\u0142\u00f3wna","item":"https:\/\/blog.ccc.eu\/sk\/"},{"@type":"ListItem","position":2,"name":"10 tipov, \u010do vlo\u017ei\u0165 do adventn\u00e9ho kalend\u00e1ra"}]},{"@type":"WebSite","@id":"https:\/\/blog.ccc.eu\/sk\/#website","url":"https:\/\/blog.ccc.eu\/sk\/","name":"blog.ccc.eu\/sk","description":"Va\u0161e miesto pln\u00e9 m\u00f3dnych in\u0161pir\u00e1ci\u00ed","publisher":{"@id":"https:\/\/blog.ccc.eu\/sk\/#organization"},"potentialAction":[{"@type":"SearchAction","target":{"@type":"EntryPoint","urlTemplate":"https:\/\/blog.ccc.eu\/sk\/?s={search_term_string}"},"query-input":{"@type":"PropertyValueSpecification","valueRequired":true,"valueName":"search_term_string"}}],"inLanguage":"sk-SK"},{"@type":"Organization","@id":"https:\/\/blog.ccc.eu\/sk\/#organization","name":"CCC S.A.","url":"https:\/\/blog.ccc.eu\/sk\/","logo":{"@type":"ImageObject","inLanguage":"sk-SK","@id":"https:\/\/blog.ccc.eu\/sk\/#\/schema\/logo\/image\/","url":"https:\/\/blog.ccc.eu\/sk\/wp-content\/uploads\/2021\/11\/logo_ccc.png","contentUrl":"https:\/\/blog.ccc.eu\/sk\/wp-content\/uploads\/2021\/11\/logo_ccc.png","width":730,"height":270,"caption":"CCC S.A."},"image":{"@id":"https:\/\/blog.ccc.eu\/sk\/#\/schema\/logo\/image\/"}},{"@type":"Person","@id":"https:\/\/blog.ccc.eu\/sk\/#\/schema\/person\/399beb3452b4976df83fb9268601a994","name":"Kaja","image":{"@type":"ImageObject","inLanguage":"sk-SK","@id":"https:\/\/blog.ccc.eu\/sk\/#\/schema\/person\/image\/","url":"https:\/\/blog.ccc.eu\/sk\/wp-content\/uploads\/2024\/06\/white-1-100x100.jpg","contentUrl":"https:\/\/blog.ccc.eu\/sk\/wp-content\/uploads\/2024\/06\/white-1-100x100.jpg","caption":"Kaja"},"description":"U\u017e od pubert\u00e1lnych \u010dias sa venuje pr\u00e1ci v m\u00e9di\u00e1ch a p\u00edsaniu. Z kon\u00ed\u010dka sa stalo \u017eivobytie, ktor\u00e9 jej z\u00e1rove\u0148 dalo dostatok slobody na to, aby mohla pomerne ve\u013ea cestova\u0165 a spozn\u00e1va\u0165 svet a rozli\u010dn\u00e9 kult\u00fary. Energiu jej dod\u00e1va \u010d\u00edtanie kn\u00edh, voda a hudba.","url":"https:\/\/blog.ccc.eu\/sk\/author\/perlamakovienka-sk\/"}]}},"_links":{"self":[{"href":"https:\/\/blog.ccc.eu\/sk\/wp-json\/wp\/v2\/posts\/9770","targetHints":{"allow":["GET"]}}],"collection":[{"href":"https:\/\/blog.ccc.eu\/sk\/wp-json\/wp\/v2\/posts"}],"about":[{"href":"https:\/\/blog.ccc.eu\/sk\/wp-json\/wp\/v2\/types\/post"}],"author":[{"embeddable":true,"href":"https:\/\/blog.ccc.eu\/sk\/wp-json\/wp\/v2\/users\/22"}],"replies":[{"embeddable":true,"href":"https:\/\/blog.ccc.eu\/sk\/wp-json\/wp\/v2\/comments?post=9770"}],"version-history":[{"count":9,"href":"https:\/\/blog.ccc.eu\/sk\/wp-json\/wp\/v2\/posts\/9770\/revisions"}],"predecessor-version":[{"id":9785,"href":"https:\/\/blog.ccc.eu\/sk\/wp-json\/wp\/v2\/posts\/9770\/revisions\/9785"}],"wp:featuredmedia":[{"embeddable":true,"href":"https:\/\/blog.ccc.eu\/sk\/wp-json\/wp\/v2\/media\/9773"}],"wp:attachment":[{"href":"https:\/\/blog.ccc.eu\/sk\/wp-json\/wp\/v2\/media?parent=9770"}],"wp:term":[{"taxonomy":"category","embeddable":true,"href":"https:\/\/blog.ccc.eu\/sk\/wp-json\/wp\/v2\/categories?post=9770"},{"taxonomy":"post_tag","embeddable":true,"href":"https:\/\/blog.ccc.eu\/sk\/wp-json\/wp\/v2\/tags?post=9770"}],"curies":[{"name":"wp","href":"https:\/\/api.w.org\/{rel}","templated":true}]}}