{"id":9927,"date":"2026-03-02T22:37:36","date_gmt":"2026-03-02T21:37:36","guid":{"rendered":"https:\/\/blog.ccc.eu\/sk\/?p=9927"},"modified":"2026-03-05T23:25:16","modified_gmt":"2026-03-05T22:25:16","slug":"medzinarodny-den-zien-historia-topanky-emancipacia","status":"publish","type":"post","link":"https:\/\/blog.ccc.eu\/sk\/medzinarodny-den-zien-historia-topanky-emancipacia\/","title":{"rendered":"MD\u017d: Sviatok spojen\u00fd najm\u00e4 s emancip\u00e1ciou. Top\u00e1nky v\u0161ak v hist\u00f3rii zohr\u00e1vaj\u00fa prekvapivo d\u00f4le\u017eit\u00fa \u00falohu"},"content":{"rendered":"\n<p><em>Medzin\u00e1rodn\u00fd de\u0148 \u017eien (MD\u017d) je sviatok oslavy \u017eenskosti, sily a spolo\u010densk\u00e9ho postavenia \u017eien. Hoci sa sp\u00e1ja najm\u00e4 s pr\u00e1vami a emancip\u00e1ciou, m\u00f3da \u2013 a najm\u00e4 top\u00e1nky \u2013 zohrala v dejin\u00e1ch \u017eien prekvapivo v\u00fdznamn\u00fa \u00falohu. Obuv toti\u017e od nepam\u00e4ti symbolizovala status aj sebavedomie. A z\u00e1rove\u0148 posil\u0148ovala mo\u017enos\u0165 \u017eien vyu\u017ei\u0165 ich \u201e\u017eensk\u00e9 zbrane<\/em>\u201f<em>.<\/em><\/p>\n\n\n\n<h2 class=\"wp-block-heading\"><strong>Hist\u00f3ria MD\u017d: od protestu k oslave \u017eenskosti<\/strong><\/h2>\n\n\n\n<p>Sl\u00e1vime ho st\u00e1le, ale akosi historicky. Zamysleli ste sa niekedy, kde m\u00e1 tento sviatok svoje po\u010diatky? Pre\u010do vznikol a pre\u010do ho sl\u00e1vime dodnes? Mo\u017eno najm\u00e4 dnes je d\u00f4le\u017eit\u00e9 uvedomi\u0165 si jeho v\u00fdznam. V mnoh\u00fdch krajin\u00e1ch toti\u017e postavenie \u017eien st\u00e1le nie je bezpe\u010dn\u00e9. Na\u0161e predkyne n\u00e1m tento sviatok a jeho posolstvo vybojovali.<\/p>\n\n\n\n<p>Medzin\u00e1rodn\u00fd de\u0148 \u017eien vznikol za\u010diatkom 20. storo\u010dia. St\u00e1li za n\u00edm robotn\u00edcke a feministick\u00e9 hnutia v Eur\u00f3pe a USA. Prv\u00e9 demon\u0161tr\u00e1cie za lep\u0161ie podmienky sa konali roku 1908 v New Yorku. V roku 1910 navrhla Clara Zetkin zavedenie tohto d\u0148a. Od roku 1911 sa sviatok postupne roz\u0161\u00edril do cel\u00e9ho sveta.<\/p>\n\n\n\n<figure class=\"wp-block-gallery has-nested-images columns-default is-cropped wp-block-gallery-1 is-layout-flex wp-block-gallery-is-layout-flex\">\n<figure class=\"wp-block-image size-large\"><img loading=\"lazy\" decoding=\"async\" width=\"683\" height=\"1024\" data-id=\"9930\" src=\"https:\/\/blog.ccc.eu\/sk\/wp-content\/uploads\/2026\/03\/CCC_5906751542194_01_M-1-683x1024.jpg\" alt=\"\" class=\"wp-image-9930\"\/><\/figure>\n\n\n\n<figure class=\"wp-block-image size-large\"><img loading=\"lazy\" decoding=\"async\" width=\"683\" height=\"1024\" data-id=\"9929\" src=\"https:\/\/blog.ccc.eu\/sk\/wp-content\/uploads\/2026\/03\/CCC_5906751542248_02-683x1024.jpg\" alt=\"\" class=\"wp-image-9929\" srcset=\"https:\/\/blog.ccc.eu\/sk\/wp-content\/uploads\/2026\/03\/CCC_5906751542248_02-683x1024.jpg 683w, https:\/\/blog.ccc.eu\/sk\/wp-content\/uploads\/2026\/03\/CCC_5906751542248_02-200x300.jpg 200w, https:\/\/blog.ccc.eu\/sk\/wp-content\/uploads\/2026\/03\/CCC_5906751542248_02-768x1152.jpg 768w, https:\/\/blog.ccc.eu\/sk\/wp-content\/uploads\/2026\/03\/CCC_5906751542248_02-100x150.jpg 100w, https:\/\/blog.ccc.eu\/sk\/wp-content\/uploads\/2026\/03\/CCC_5906751542248_02.jpg 876w\" sizes=\"auto, (max-width: 683px) 100vw, 683px\" \/><\/figure>\n<\/figure>\n\n\n\n<p><\/p>\n\n\n\n<h2 class=\"wp-block-heading\"><strong>M\u00f3da a top\u00e1nky ako n\u00e1stroj emancip\u00e1cie<\/strong><\/h2>\n\n\n\n<p>U\u017e v tomto obdob\u00ed sa \u017eeny prezentovali aj prostredn\u00edctvom m\u00f3dy. Odev a obuv boli n\u00e1strojom vidite\u013enosti a soci\u00e1lneho postavenia. To pretrv\u00e1va dodnes a je to pochopite\u013en\u00e9. K\u00fdm mu\u017ei sa obliekali do pohodlia, \u017eensk\u00e1 m\u00f3da podliehala pr\u00edsnym pravidl\u00e1m.<\/p>\n\n\n\n<p>Napr\u00edklad slovensk\u00e9 zemanky sa a\u017e do polovice 19. storo\u010dia nevedeli obliec\u0165 samy. Potrebovali slu\u017eobn\u00e9, ktor\u00e9 im u\u0165ahovali korzety. Samy by to fyzicky nezvl\u00e1dli. \u0160aty na\u0161ich predk\u00fd\u0148 v\u00e1\u017eili ve\u013ea a top\u00e1nky ich tla\u010dili. M\u00f3da a emancip\u00e1cia id\u00fa ruka v ruke. \u017deny si museli presadi\u0165 pohodlie a mo\u017enos\u0165 nosi\u0165 to, \u010do je im prirodzen\u00e9.<\/p>\n\n\n<shortcode prop-load-num=\"12\" prop-display-num=\"1\" prop-sku=\"5906751871799\" prop-view=\"slider\"><\/shortcode>        <div\r\n            class=\"eob-pf-shortcode\"\r\n            id=\"eobpf69f3d11ba0b7b\"\r\n        >\r\n            <shortcode prop-load-num=\"12\" prop-display-num=\"1\" prop-sku=\"5906751871799\" prop-view=\"slider\"><\/shortcode>        <\/div>\r\n\t\t<script>\r\n\t\t\tjQuery(document).ready(() => {\r\n\t\t\t    const root = document.getElementById('eobpf69f3d11ba0b7b');\r\n                Vue.createApp({\r\n\t                components: {\r\n\t                    shortcode\r\n\t                }\r\n                }).mount(root);\r\n\t\t\t});\r\n\t\t<\/script>\r\n\t\t\r\n\t\t\n\n\n\n<p><\/p>\n\n\n\n<h2 class=\"wp-block-heading\"><strong>Top\u00e1nky ako symbol postavenia<\/strong><\/h2>\n\n\n\n<p>Aby to v\u0161ak nebolo iba politick\u00e9 \u010di spolo\u010densk\u00e9, top\u00e1nky vedeli u\u017e v minulosti (a vedia dodnes) niekedy a\u017e neuverite\u013ene vyzdvihn\u00fa\u0165 \u017eenskos\u0165 svojej nosite\u013eky. Vedia vyjadri\u0165 jej \u0161t\u00fdl, vkus, ale \u010dasto aj sveton\u00e1zor, ktor\u00fd zdie\u013ea a \u010dasto pod\u013ea top\u00e1nok vieme odhadn\u00fa\u0165 \u017eivotn\u00fd \u0161t\u00fdl, ktor\u00fd je pre nosite\u013eku typick\u00fd. Historicky mali tri hlavn\u00e9 v\u00fdznamy:<\/p>\n\n\n\n<p><strong>&#8211; zv\u00fdraznenie siluety a dr\u017eania tela<br>&#8211; signalizovanie spolo\u010densk\u00e9ho statusu<br>&#8211; estetick\u00e1 symbolika<\/strong><\/p>\n\n\n\n<p>V mnoh\u00fdch kult\u00farach sa obuv vyvinula z praktickej ochrany chodidla na luxusn\u00fd a dekorat\u00edvny predmet, ako ich pozn\u00e1me dnes. Historick\u00e9 modely ako platformy \u010di podp\u00e4tky boli priamo sp\u00e1jan\u00e9 s \u017eenskou pr\u00ed\u0165a\u017elivos\u0165ou a postaven\u00edm.<\/p>\n\n\n\n<p>U\u017e v stredoveku nosili \u017eeny vysok\u00e9 <a href=\"https:\/\/ccc.eu\/sk\/sk\/c\/damske\/topanky\/na-platforme?utm_source=google&amp;utm_medium=cpc&amp;utm_campaign=%5BCCC%5D_%5BSK%5D_%5BP%5D_%5BPMAX%5D_%5BW%5D_Marki_wlasne&amp;utm_id=20646265438&amp;is_retargeting=true&amp;pid=googleads_int&amp;af_sub1=cpc&amp;c=%5BCCC%5D_%5BSK%5D_%5BP%5D_%5BPMAX%5D_%5BW%5D_Marki_wlasne&amp;af_click_lookback=3h&amp;af_reengagement_window=1d&amp;af_c_id=20646265438&amp;gad_source=1&amp;gad_campaignid=20636697264&amp;gclid=Cj0KCQiA8KTNBhD_ARIsAOvp6DI2taJVAA6oh0KbWmt-o3GYu_QoqahyrpGyZshZygT8yXDXZNeAnUUaAnl5EALw_wcB\">platformov\u00e9 top\u00e1nky<\/a>, ktor\u00e9 mohli ma\u0165 desiatky centimetrov. \u010c\u00edm vy\u0161\u0161ie top\u00e1nky, t\u00fdm vy\u0161\u0161ie bolo postavenie nosite\u013eky. Tu mali top\u00e1nky teda jasn\u00fd spolo\u010densk\u00fd rozmer a ve\u013emi vidite\u013ene nazna\u010dovali, kam mo\u017eno ich nosite\u013eku zaradi\u0165. V \u010dasoch, ke\u010f \u017eeny e\u0161te st\u00e1le neboli dostato\u010dne \u201ehodnotn\u00e9\u201f, to malo ve\u013ek\u00fd v\u00fdznam pre okolie \u017eeny, ktor\u00e9 aj v\u010faka top\u00e1nkm jasne vedelo, ak\u00fd postoj a \u0161t\u00fdl komunik\u00e1cie k danej d\u00e1me m\u00f4\u017eu zauja\u0165, hoci ju napr. ani nepoznali.<\/p>\n\n\n\n<p>V 17. storo\u010d\u00ed sa podp\u00e4tky stali symbolom aristokracie a luxusu. Nesk\u00f4r sa vyvinuli do elegantnej\u0161\u00edch tvarov a v 20. storo\u010d\u00ed sa stali z\u00e1kladom modernej \u017eenskosti.<\/p>\n\n\n<shortcode prop-load-num=\"12\" prop-display-num=\"3\" prop-sku=\"5906751557549, 5906751886458, 5906751727737\" prop-view=\"slider\"><\/shortcode>        <div\r\n            class=\"eob-pf-shortcode\"\r\n            id=\"eobpf69f3d11ba0c88\"\r\n        >\r\n            <shortcode prop-load-num=\"12\" prop-display-num=\"3\" prop-sku=\"5906751557549, 5906751886458, 5906751727737\" prop-view=\"slider\"><\/shortcode>        <\/div>\r\n\t\t<script>\r\n\t\t\tjQuery(document).ready(() => {\r\n\t\t\t    const root = document.getElementById('eobpf69f3d11ba0c88');\r\n                Vue.createApp({\r\n\t                components: {\r\n\t                    shortcode\r\n\t                }\r\n                }).mount(root);\r\n\t\t\t});\r\n\t\t<\/script>\r\n\t\t\r\n\t\t\n\n\n\n<p><\/p>\n\n\n\n<h2 class=\"wp-block-heading\"><strong>20. storo\u010die: Top\u00e1nky ako symbol \u017eenskosti<\/strong><\/h2>\n\n\n\n<p>V\u00fdvoj \u017eensk\u00fdch top\u00e1nok v 20. storo\u010d\u00ed \u00fazko kop\u00edruje spolo\u010densk\u00e9 zmeny postavenia \u017eien. Je to storo\u010die najv\u00e4\u010d\u0161\u00edch zmien v postaven\u00ed \u017eien, ich najv\u00e4\u010d\u0161\u00edch bojov proti podhodnocovaniu a za rovnocennos\u0165 s mu\u017emi, ako mo\u017enos\u0165ami, tak napr\u00edklad platov\u00fdmi podmienkami.<\/p>\n\n\n\n<p><strong>1920te roky \u2013 modern\u00e1 \u00e9ra:<\/strong>&nbsp;top\u00e1nky sa prv\u00fdkr\u00e1t stali vidite\u013en\u00fdm m\u00f3dnym prvkom<br><strong>1940te roky \u2013 vojna:<\/strong>&nbsp;klinov\u00e9 podp\u00e4tky pre pracuj\u00face \u017eeny<br><strong>1950te roky \u2013 n\u00e1vrat glamouru:<\/strong>&nbsp;vznik ihli\u010diek pre podporu \u017eenskosti a zv\u00fd\u0161enia sebavedomia<br><strong>1960te roky \u2013 emancip\u00e1cia:<\/strong>&nbsp;\u010di\u017emy a n\u00edzke podp\u00e4tky<br><strong>1970te roky \u2013 sebavyjadrenie:<\/strong>&nbsp;platformy<br><strong>1990te roky \u2013 individualita:<\/strong>&nbsp;minimalistick\u00e9 sand\u00e1le a dizajn\u00e9rske lodi\u010dky<\/p>\n\n\n\n<p>Vzostup <a href=\"https:\/\/ccc.eu\/sk\/sk\/c\/damske\/topanky\/lodicky\/typy_podpatku:ihlickovy-ihlickovy_podpatok_s_platformou\">ihli\u010dkov\u00fdch podp\u00e4tkov<\/a> v 50. rokoch znamenal zlom: top\u00e1nky sa stali ikonick\u00fdm symbolom \u017eenskosti, elegancie a atraktivity. V povojnovej m\u00f3de sa top\u00e1nky ve\u013emi r\u00fdchlo za\u010dali rozv\u00edja\u0165 k individu\u00e1lnemu \u0161t\u00fdlu, k vyjadreniu vlastnej osobnosti a individuality, ale paradoxne aj postavenia \u017eeny &#8211; podnikate\u013eky, schopnej a cie\u013eavedomej, ktor\u00e1 \u010dasto u\u017e svoj\u00edm vzh\u013eadom, oby\u010dajn\u00fdm zjaven\u00edm sa, vyjadrovala svoju silu a postoj. Ne\u0161lo len o sign\u00e1l pre mu\u017ea, ale aj pre \u017eenu samu, ktor\u00e1 si svoj\u00edm \u0161t\u00fdlom posil\u0148ovala postavenie, sebavedomie a vy\u017earovanie.<\/p>\n\n\n\n<p>Dne\u0161n\u00e9 top\u00e1nky s\u00fa u\u017e r\u00f4znorod\u00e9, m\u00f4\u017eeme nimi vyjadri\u0165 naozaj \u0161irok\u00fa \u0161k\u00e1lu pocitov, postojov a individual\u00edt. Na druhej strane, vieme ich dokonale prisp\u00f4sobi\u0165 tej-ktorej udalosti, a tak v jednom momente z n\u00e1s vie by\u0165 pohodln\u00e1 \u201egau\u010da\u0148a\u201f&nbsp;a v druhom momente siln\u00e1, sebavedom\u00e1, jasn\u00fd postoj vy\u017earuj\u00faca \u017eena. Je to iba na n\u00e1s.<\/p>\n\n\n<shortcode prop-load-num=\"12\" prop-display-num=\"4\" prop-sku=\"5906751582336, 5906751555880, 5906751734803, 5906751610473\" prop-view=\"slider\"><\/shortcode>        <div\r\n            class=\"eob-pf-shortcode\"\r\n            id=\"eobpf69f3d11ba0cc0\"\r\n        >\r\n            <shortcode prop-load-num=\"12\" prop-display-num=\"4\" prop-sku=\"5906751582336, 5906751555880, 5906751734803, 5906751610473\" prop-view=\"slider\"><\/shortcode>        <\/div>\r\n\t\t<script>\r\n\t\t\tjQuery(document).ready(() => {\r\n\t\t\t    const root = document.getElementById('eobpf69f3d11ba0cc0');\r\n                Vue.createApp({\r\n\t                components: {\r\n\t                    shortcode\r\n\t                }\r\n                }).mount(root);\r\n\t\t\t});\r\n\t\t<\/script>\r\n\t\t\r\n\t\t\n\n\n\n<p><\/p>\n\n\n\n<p>Mil\u00e9 d\u00e1my, ak sa pri obdarovan\u00ed kvetmi \u010di in\u00fdmi darmi na MD\u017d iba pousmejete, \u017ee je to zastaran\u00fd sviatok, ktor\u00fd u\u017e v dne\u0161nom svete nem\u00e1 miesto &#8211; nie je to tak. Vn\u00edmajte MD\u017d ako vzdanie \u00facty nielen sebe samej, ale v\u0161etk\u00fdm t\u00fdm \u017een\u00e1m, ktor\u00fd n\u00e1m tento chodn\u00edk vy\u0161\u013eapali. Ktor\u00e9 ako prv\u00e9 za\u010dali tvori\u0165 a ob\u00fava\u0165 si top\u00e1nky symbolizuj\u00face \u017eensk\u00fa silu, jemnos\u0165 a hodnotu. <\/p>\n\n\n\n<p>Dnes to u\u017e pova\u017eujeme za samozrejmos\u0165, \u017ee m\u00f4\u017eeme robi\u0165, \u010do chceme, obliec\u0165 si, \u010do chceme a \u00eds\u0165 kam chceme. Pred p\u00e1r rokmi to u na\u0161ich prastar\u00fdch m\u00e1m nebola samozrejmos\u0165. Dodnes to neplat\u00ed pre \u017eeny v mnoh\u00fdch in\u00fdch kult\u00farach. MD\u017d sp\u00e1ja \u017eensk\u00fa energiu. Po\u0161lime v\u010faku na\u0161im predkyniam. Z\u00e1rove\u0148 podporme spolo\u010dnosti, kde \u017eeny tento d\u00f4le\u017eit\u00fd boj e\u0161te len \u010dak\u00e1. Kde ich \u010dak\u00e1 sloboda a mo\u017enos\u0165 vyjadri\u0165 svoju \u017eenskos\u0165 a silu &#8211; napr\u00edklad aj top\u00e1nkami. <\/p>\n\n\n\n<figure class=\"wp-block-gallery has-nested-images columns-default is-cropped wp-block-gallery-2 is-layout-flex wp-block-gallery-is-layout-flex\">\n<figure class=\"wp-block-image size-large\"><img loading=\"lazy\" decoding=\"async\" width=\"683\" height=\"1024\" data-id=\"9933\" src=\"https:\/\/blog.ccc.eu\/sk\/wp-content\/uploads\/2026\/03\/CCC_5904248138325_01-1-683x1024.jpg\" alt=\"\" class=\"wp-image-9933\" srcset=\"https:\/\/blog.ccc.eu\/sk\/wp-content\/uploads\/2026\/03\/CCC_5904248138325_01-1-683x1024.jpg 683w, https:\/\/blog.ccc.eu\/sk\/wp-content\/uploads\/2026\/03\/CCC_5904248138325_01-1-200x300.jpg 200w, https:\/\/blog.ccc.eu\/sk\/wp-content\/uploads\/2026\/03\/CCC_5904248138325_01-1-768x1152.jpg 768w, https:\/\/blog.ccc.eu\/sk\/wp-content\/uploads\/2026\/03\/CCC_5904248138325_01-1-100x150.jpg 100w, https:\/\/blog.ccc.eu\/sk\/wp-content\/uploads\/2026\/03\/CCC_5904248138325_01-1.jpg 876w\" sizes=\"auto, (max-width: 683px) 100vw, 683px\" \/><\/figure>\n\n\n\n<figure class=\"wp-block-image size-large\"><img loading=\"lazy\" decoding=\"async\" width=\"683\" height=\"1024\" data-id=\"9934\" src=\"https:\/\/blog.ccc.eu\/sk\/wp-content\/uploads\/2026\/03\/CCC_5904248138325_02_M-1-683x1024.jpg\" alt=\"\" class=\"wp-image-9934\" srcset=\"https:\/\/blog.ccc.eu\/sk\/wp-content\/uploads\/2026\/03\/CCC_5904248138325_02_M-1-683x1024.jpg 683w, https:\/\/blog.ccc.eu\/sk\/wp-content\/uploads\/2026\/03\/CCC_5904248138325_02_M-1-200x300.jpg 200w, https:\/\/blog.ccc.eu\/sk\/wp-content\/uploads\/2026\/03\/CCC_5904248138325_02_M-1-768x1152.jpg 768w, https:\/\/blog.ccc.eu\/sk\/wp-content\/uploads\/2026\/03\/CCC_5904248138325_02_M-1-100x150.jpg 100w, https:\/\/blog.ccc.eu\/sk\/wp-content\/uploads\/2026\/03\/CCC_5904248138325_02_M-1.jpg 876w\" sizes=\"auto, (max-width: 683px) 100vw, 683px\" \/><\/figure>\n<\/figure>\n\n\n\n<p><\/p>\n\n\n\n<p>Prajem v\u00e1m kr\u00e1sny Medzin\u00e1rodn\u00fd de\u0148 \u017eien a ak sa nec\u00edtite dostato\u010dne silne, \u017eensky, hodnotne, zamierte napr\u00edklad do predajn\u00ed CCC a presved\u010dte sa na vlastnej ko\u017ei, ako v\u00e1m tento pocit vedia prinies\u0165 aj &#8211; \u201eoby\u010dajn\u00e9 top\u00e1nky\u201f. A preto sme aj o ne v minulosti bojovali.&nbsp;\u261d\ufe0f\ud83d\ude0a<\/p>\n\n\n\n<div class=\"wp-block-buttons is-content-justification-center is-layout-flex wp-container-core-buttons-is-layout-16018d1d wp-block-buttons-is-layout-flex\">\n<div class=\"wp-block-button is-style-fill\"><a class=\"wp-block-button__link has-custom-font-size wp-element-button\" href=\"https:\/\/ccc.eu\/sk\/sk\/c\/damske\/topanky\/lodicky\/typy_podpatku:ihlickovy-ihlickovy_podpatok_s_platformou\" style=\"border-radius:0px;font-size:15px\">Cel\u00e1 ponuka top\u00e1nok s ihli\u010dkov\u00fdm podp\u00e4tkom v CCC<\/a><\/div>\n<\/div>\n\n\n\n<p><\/p>\n","protected":false},"excerpt":{"rendered":"<p>Tento \u010dl\u00e1nok pribli\u017euje Medzin\u00e1rodn\u00fd de\u0148 \u017eien nielen ako pripomienku boja za emancip\u00e1ciu, ale aj cez fascinuj\u00facu optiku dej\u00edn m\u00f3dy a obuvi. Top\u00e1nky v hist\u00f3rii sl\u00fa\u017eili ako d\u00f4le\u017eit\u00fd symbol spolo\u010densk\u00e9ho statusu, sebavedomia a postupn\u00e9ho oslobodzovania \u017eien od striktn\u00fdch pravidiel odievania. Od vysok\u00fdch platforiem v stredoveku a\u017e po ikonick\u00e9 ihli\u010dky 20. storo\u010dia, obuv dodnes pom\u00e1ha \u017een\u00e1m vyjadrova\u0165 ich individualitu, silu a hodnotu.<\/p>\n","protected":false},"author":22,"featured_media":9928,"comment_status":"open","ping_status":"open","sticky":false,"template":"","format":"standard","meta":{"_acf_changed":false,"footnotes":""},"categories":[1042],"tags":[956],"class_list":["post-9927","post","type-post","status-publish","format-standard","has-post-thumbnail","hentry","category-darceky","tag-mdz"],"acf":[],"yoast_head":"<!-- This site is optimized with the Yoast SEO plugin v26.9 - https:\/\/yoast.com\/product\/yoast-seo-wordpress\/ -->\n<title>Medzin\u00e1rodn\u00fd de\u0148 \u017eien: Ako top\u00e1nky p\u00edsali hist\u00f3riu emancip\u00e1cie<\/title>\n<meta name=\"description\" content=\"Osl\u00e1vte Medzin\u00e1rodn\u00fd de\u0148 \u017eien poh\u013eadom do hist\u00f3rie, kde m\u00f3da a top\u00e1nky zohrali k\u013e\u00fa\u010dov\u00fa rolu v boji za \u017eensk\u00e9 sebavedomie, status a slobodu vyjadrenia. 2026\" \/>\n<meta name=\"robots\" content=\"index, follow, max-snippet:-1, max-image-preview:large, max-video-preview:-1\" \/>\n<link rel=\"canonical\" href=\"https:\/\/blog.ccc.eu\/sk\/medzinarodny-den-zien-historia-topanky-emancipacia\/\" \/>\n<meta property=\"og:locale\" content=\"sk_SK\" \/>\n<meta property=\"og:type\" content=\"article\" \/>\n<meta property=\"og:title\" content=\"Medzin\u00e1rodn\u00fd de\u0148 \u017eien: Ako top\u00e1nky p\u00edsali hist\u00f3riu emancip\u00e1cie\" \/>\n<meta property=\"og:description\" content=\"Osl\u00e1vte Medzin\u00e1rodn\u00fd de\u0148 \u017eien poh\u013eadom do hist\u00f3rie, kde m\u00f3da a top\u00e1nky zohrali k\u013e\u00fa\u010dov\u00fa rolu v boji za \u017eensk\u00e9 sebavedomie, status a slobodu vyjadrenia.\" \/>\n<meta property=\"og:url\" content=\"https:\/\/blog.ccc.eu\/sk\/medzinarodny-den-zien-historia-topanky-emancipacia\/\" \/>\n<meta property=\"og:site_name\" content=\"blog.ccc.eu\/sk\" \/>\n<meta property=\"article:published_time\" content=\"2026-03-02T21:37:36+00:00\" \/>\n<meta property=\"article:modified_time\" content=\"2026-03-05T22:25:16+00:00\" \/>\n<meta property=\"og:image\" content=\"https:\/\/blog.ccc.eu\/sk\/wp-content\/uploads\/2026\/03\/CCC_5906751542194_01_M.jpg\" \/>\n\t<meta property=\"og:image:width\" content=\"876\" \/>\n\t<meta property=\"og:image:height\" content=\"1314\" \/>\n\t<meta property=\"og:image:type\" content=\"image\/jpeg\" \/>\n<meta name=\"author\" content=\"Kaja\" \/>\n<meta name=\"twitter:card\" content=\"summary_large_image\" \/>\n<meta name=\"twitter:label1\" content=\"Autor\" \/>\n\t<meta name=\"twitter:data1\" content=\"Kaja\" \/>\n\t<meta name=\"twitter:label2\" content=\"Predpokladan\u00fd \u010das \u010d\u00edtania\" \/>\n\t<meta name=\"twitter:data2\" content=\"6 min\u00fat\" \/>\n<script type=\"application\/ld+json\" class=\"yoast-schema-graph\">{\"@context\":\"https:\/\/schema.org\",\"@graph\":[{\"@type\":\"Article\",\"@id\":\"https:\/\/blog.ccc.eu\/sk\/medzinarodny-den-zien-historia-topanky-emancipacia\/#article\",\"isPartOf\":{\"@id\":\"https:\/\/blog.ccc.eu\/sk\/medzinarodny-den-zien-historia-topanky-emancipacia\/\"},\"author\":{\"name\":\"Kaja\",\"@id\":\"https:\/\/blog.ccc.eu\/sk\/#\/schema\/person\/399beb3452b4976df83fb9268601a994\"},\"headline\":\"MD\u017d: Sviatok spojen\u00fd najm\u00e4 s emancip\u00e1ciou. Top\u00e1nky v\u0161ak v hist\u00f3rii zohr\u00e1vaj\u00fa prekvapivo d\u00f4le\u017eit\u00fa \u00falohu\",\"datePublished\":\"2026-03-02T21:37:36+00:00\",\"dateModified\":\"2026-03-05T22:25:16+00:00\",\"mainEntityOfPage\":{\"@id\":\"https:\/\/blog.ccc.eu\/sk\/medzinarodny-den-zien-historia-topanky-emancipacia\/\"},\"wordCount\":1154,\"commentCount\":0,\"publisher\":{\"@id\":\"https:\/\/blog.ccc.eu\/sk\/#organization\"},\"image\":{\"@id\":\"https:\/\/blog.ccc.eu\/sk\/medzinarodny-den-zien-historia-topanky-emancipacia\/#primaryimage\"},\"thumbnailUrl\":\"https:\/\/blog.ccc.eu\/sk\/wp-content\/uploads\/2026\/03\/CCC_5906751542194_01_M.jpg\",\"keywords\":[\"MD\u017d\"],\"articleSection\":[\"dar\u010deky\"],\"inLanguage\":\"sk-SK\",\"potentialAction\":[{\"@type\":\"CommentAction\",\"name\":\"Comment\",\"target\":[\"https:\/\/blog.ccc.eu\/sk\/medzinarodny-den-zien-historia-topanky-emancipacia\/#respond\"]}]},{\"@type\":\"WebPage\",\"@id\":\"https:\/\/blog.ccc.eu\/sk\/medzinarodny-den-zien-historia-topanky-emancipacia\/\",\"url\":\"https:\/\/blog.ccc.eu\/sk\/medzinarodny-den-zien-historia-topanky-emancipacia\/\",\"name\":\"Medzin\u00e1rodn\u00fd de\u0148 \u017eien: Ako top\u00e1nky p\u00edsali hist\u00f3riu emancip\u00e1cie\",\"isPartOf\":{\"@id\":\"https:\/\/blog.ccc.eu\/sk\/#website\"},\"primaryImageOfPage\":{\"@id\":\"https:\/\/blog.ccc.eu\/sk\/medzinarodny-den-zien-historia-topanky-emancipacia\/#primaryimage\"},\"image\":{\"@id\":\"https:\/\/blog.ccc.eu\/sk\/medzinarodny-den-zien-historia-topanky-emancipacia\/#primaryimage\"},\"thumbnailUrl\":\"https:\/\/blog.ccc.eu\/sk\/wp-content\/uploads\/2026\/03\/CCC_5906751542194_01_M.jpg\",\"datePublished\":\"2026-03-02T21:37:36+00:00\",\"dateModified\":\"2026-03-05T22:25:16+00:00\",\"description\":\"Osl\u00e1vte Medzin\u00e1rodn\u00fd de\u0148 \u017eien poh\u013eadom do hist\u00f3rie, kde m\u00f3da a top\u00e1nky zohrali k\u013e\u00fa\u010dov\u00fa rolu v boji za \u017eensk\u00e9 sebavedomie, status a slobodu vyjadrenia.\",\"breadcrumb\":{\"@id\":\"https:\/\/blog.ccc.eu\/sk\/medzinarodny-den-zien-historia-topanky-emancipacia\/#breadcrumb\"},\"inLanguage\":\"sk-SK\",\"potentialAction\":[{\"@type\":\"ReadAction\",\"target\":[\"https:\/\/blog.ccc.eu\/sk\/medzinarodny-den-zien-historia-topanky-emancipacia\/\"]}]},{\"@type\":\"ImageObject\",\"inLanguage\":\"sk-SK\",\"@id\":\"https:\/\/blog.ccc.eu\/sk\/medzinarodny-den-zien-historia-topanky-emancipacia\/#primaryimage\",\"url\":\"https:\/\/blog.ccc.eu\/sk\/wp-content\/uploads\/2026\/03\/CCC_5906751542194_01_M.jpg\",\"contentUrl\":\"https:\/\/blog.ccc.eu\/sk\/wp-content\/uploads\/2026\/03\/CCC_5906751542194_01_M.jpg\",\"width\":876,\"height\":1314,\"caption\":\"Medzin\u00e1rodn\u00fd de\u0148 \u017eien\"},{\"@type\":\"BreadcrumbList\",\"@id\":\"https:\/\/blog.ccc.eu\/sk\/medzinarodny-den-zien-historia-topanky-emancipacia\/#breadcrumb\",\"itemListElement\":[{\"@type\":\"ListItem\",\"position\":1,\"name\":\"Strona g\u0142\u00f3wna\",\"item\":\"https:\/\/blog.ccc.eu\/sk\/\"},{\"@type\":\"ListItem\",\"position\":2,\"name\":\"MD\u017d: Sviatok spojen\u00fd najm\u00e4 s emancip\u00e1ciou. Top\u00e1nky v\u0161ak v hist\u00f3rii zohr\u00e1vaj\u00fa prekvapivo d\u00f4le\u017eit\u00fa \u00falohu\"}]},{\"@type\":\"WebSite\",\"@id\":\"https:\/\/blog.ccc.eu\/sk\/#website\",\"url\":\"https:\/\/blog.ccc.eu\/sk\/\",\"name\":\"blog.ccc.eu\/sk\",\"description\":\"Va\u0161e miesto pln\u00e9 m\u00f3dnych in\u0161pir\u00e1ci\u00ed\",\"publisher\":{\"@id\":\"https:\/\/blog.ccc.eu\/sk\/#organization\"},\"potentialAction\":[{\"@type\":\"SearchAction\",\"target\":{\"@type\":\"EntryPoint\",\"urlTemplate\":\"https:\/\/blog.ccc.eu\/sk\/?s={search_term_string}\"},\"query-input\":{\"@type\":\"PropertyValueSpecification\",\"valueRequired\":true,\"valueName\":\"search_term_string\"}}],\"inLanguage\":\"sk-SK\"},{\"@type\":\"Organization\",\"@id\":\"https:\/\/blog.ccc.eu\/sk\/#organization\",\"name\":\"CCC S.A.\",\"url\":\"https:\/\/blog.ccc.eu\/sk\/\",\"logo\":{\"@type\":\"ImageObject\",\"inLanguage\":\"sk-SK\",\"@id\":\"https:\/\/blog.ccc.eu\/sk\/#\/schema\/logo\/image\/\",\"url\":\"https:\/\/blog.ccc.eu\/sk\/wp-content\/uploads\/2021\/11\/logo_ccc.png\",\"contentUrl\":\"https:\/\/blog.ccc.eu\/sk\/wp-content\/uploads\/2021\/11\/logo_ccc.png\",\"width\":730,\"height\":270,\"caption\":\"CCC S.A.\"},\"image\":{\"@id\":\"https:\/\/blog.ccc.eu\/sk\/#\/schema\/logo\/image\/\"}},{\"@type\":\"Person\",\"@id\":\"https:\/\/blog.ccc.eu\/sk\/#\/schema\/person\/399beb3452b4976df83fb9268601a994\",\"name\":\"Kaja\",\"image\":{\"@type\":\"ImageObject\",\"inLanguage\":\"sk-SK\",\"@id\":\"https:\/\/blog.ccc.eu\/sk\/#\/schema\/person\/image\/\",\"url\":\"https:\/\/blog.ccc.eu\/sk\/wp-content\/uploads\/2024\/06\/white-1-100x100.jpg\",\"contentUrl\":\"https:\/\/blog.ccc.eu\/sk\/wp-content\/uploads\/2024\/06\/white-1-100x100.jpg\",\"caption\":\"Kaja\"},\"description\":\"U\u017e od pubert\u00e1lnych \u010dias sa venuje pr\u00e1ci v m\u00e9di\u00e1ch a p\u00edsaniu. Z kon\u00ed\u010dka sa stalo \u017eivobytie, ktor\u00e9 jej z\u00e1rove\u0148 dalo dostatok slobody na to, aby mohla pomerne ve\u013ea cestova\u0165 a spozn\u00e1va\u0165 svet a rozli\u010dn\u00e9 kult\u00fary. Energiu jej dod\u00e1va \u010d\u00edtanie kn\u00edh, voda a hudba.\",\"url\":\"https:\/\/blog.ccc.eu\/sk\/author\/perlamakovienka-sk\/\"}]}<\/script>\n<!-- \/ Yoast SEO plugin. -->","yoast_head_json":{"title":"Medzin\u00e1rodn\u00fd de\u0148 \u017eien: Ako top\u00e1nky p\u00edsali hist\u00f3riu emancip\u00e1cie","description":"Osl\u00e1vte Medzin\u00e1rodn\u00fd de\u0148 \u017eien poh\u013eadom do hist\u00f3rie, kde m\u00f3da a top\u00e1nky zohrali k\u013e\u00fa\u010dov\u00fa rolu v boji za \u017eensk\u00e9 sebavedomie, status a slobodu vyjadrenia. 2026","robots":{"index":"index","follow":"follow","max-snippet":"max-snippet:-1","max-image-preview":"max-image-preview:large","max-video-preview":"max-video-preview:-1"},"canonical":"https:\/\/blog.ccc.eu\/sk\/medzinarodny-den-zien-historia-topanky-emancipacia\/","og_locale":"sk_SK","og_type":"article","og_title":"Medzin\u00e1rodn\u00fd de\u0148 \u017eien: Ako top\u00e1nky p\u00edsali hist\u00f3riu emancip\u00e1cie","og_description":"Osl\u00e1vte Medzin\u00e1rodn\u00fd de\u0148 \u017eien poh\u013eadom do hist\u00f3rie, kde m\u00f3da a top\u00e1nky zohrali k\u013e\u00fa\u010dov\u00fa rolu v boji za \u017eensk\u00e9 sebavedomie, status a slobodu vyjadrenia.","og_url":"https:\/\/blog.ccc.eu\/sk\/medzinarodny-den-zien-historia-topanky-emancipacia\/","og_site_name":"blog.ccc.eu\/sk","article_published_time":"2026-03-02T21:37:36+00:00","article_modified_time":"2026-03-05T22:25:16+00:00","og_image":[{"width":876,"height":1314,"url":"https:\/\/blog.ccc.eu\/sk\/wp-content\/uploads\/2026\/03\/CCC_5906751542194_01_M.jpg","type":"image\/jpeg"}],"author":"Kaja","twitter_card":"summary_large_image","twitter_misc":{"Autor":"Kaja","Predpokladan\u00fd \u010das \u010d\u00edtania":"6 min\u00fat"},"schema":{"@context":"https:\/\/schema.org","@graph":[{"@type":"Article","@id":"https:\/\/blog.ccc.eu\/sk\/medzinarodny-den-zien-historia-topanky-emancipacia\/#article","isPartOf":{"@id":"https:\/\/blog.ccc.eu\/sk\/medzinarodny-den-zien-historia-topanky-emancipacia\/"},"author":{"name":"Kaja","@id":"https:\/\/blog.ccc.eu\/sk\/#\/schema\/person\/399beb3452b4976df83fb9268601a994"},"headline":"MD\u017d: Sviatok spojen\u00fd najm\u00e4 s emancip\u00e1ciou. Top\u00e1nky v\u0161ak v hist\u00f3rii zohr\u00e1vaj\u00fa prekvapivo d\u00f4le\u017eit\u00fa \u00falohu","datePublished":"2026-03-02T21:37:36+00:00","dateModified":"2026-03-05T22:25:16+00:00","mainEntityOfPage":{"@id":"https:\/\/blog.ccc.eu\/sk\/medzinarodny-den-zien-historia-topanky-emancipacia\/"},"wordCount":1154,"commentCount":0,"publisher":{"@id":"https:\/\/blog.ccc.eu\/sk\/#organization"},"image":{"@id":"https:\/\/blog.ccc.eu\/sk\/medzinarodny-den-zien-historia-topanky-emancipacia\/#primaryimage"},"thumbnailUrl":"https:\/\/blog.ccc.eu\/sk\/wp-content\/uploads\/2026\/03\/CCC_5906751542194_01_M.jpg","keywords":["MD\u017d"],"articleSection":["dar\u010deky"],"inLanguage":"sk-SK","potentialAction":[{"@type":"CommentAction","name":"Comment","target":["https:\/\/blog.ccc.eu\/sk\/medzinarodny-den-zien-historia-topanky-emancipacia\/#respond"]}]},{"@type":"WebPage","@id":"https:\/\/blog.ccc.eu\/sk\/medzinarodny-den-zien-historia-topanky-emancipacia\/","url":"https:\/\/blog.ccc.eu\/sk\/medzinarodny-den-zien-historia-topanky-emancipacia\/","name":"Medzin\u00e1rodn\u00fd de\u0148 \u017eien: Ako top\u00e1nky p\u00edsali hist\u00f3riu emancip\u00e1cie","isPartOf":{"@id":"https:\/\/blog.ccc.eu\/sk\/#website"},"primaryImageOfPage":{"@id":"https:\/\/blog.ccc.eu\/sk\/medzinarodny-den-zien-historia-topanky-emancipacia\/#primaryimage"},"image":{"@id":"https:\/\/blog.ccc.eu\/sk\/medzinarodny-den-zien-historia-topanky-emancipacia\/#primaryimage"},"thumbnailUrl":"https:\/\/blog.ccc.eu\/sk\/wp-content\/uploads\/2026\/03\/CCC_5906751542194_01_M.jpg","datePublished":"2026-03-02T21:37:36+00:00","dateModified":"2026-03-05T22:25:16+00:00","description":"Osl\u00e1vte Medzin\u00e1rodn\u00fd de\u0148 \u017eien poh\u013eadom do hist\u00f3rie, kde m\u00f3da a top\u00e1nky zohrali k\u013e\u00fa\u010dov\u00fa rolu v boji za \u017eensk\u00e9 sebavedomie, status a slobodu vyjadrenia.","breadcrumb":{"@id":"https:\/\/blog.ccc.eu\/sk\/medzinarodny-den-zien-historia-topanky-emancipacia\/#breadcrumb"},"inLanguage":"sk-SK","potentialAction":[{"@type":"ReadAction","target":["https:\/\/blog.ccc.eu\/sk\/medzinarodny-den-zien-historia-topanky-emancipacia\/"]}]},{"@type":"ImageObject","inLanguage":"sk-SK","@id":"https:\/\/blog.ccc.eu\/sk\/medzinarodny-den-zien-historia-topanky-emancipacia\/#primaryimage","url":"https:\/\/blog.ccc.eu\/sk\/wp-content\/uploads\/2026\/03\/CCC_5906751542194_01_M.jpg","contentUrl":"https:\/\/blog.ccc.eu\/sk\/wp-content\/uploads\/2026\/03\/CCC_5906751542194_01_M.jpg","width":876,"height":1314,"caption":"Medzin\u00e1rodn\u00fd de\u0148 \u017eien"},{"@type":"BreadcrumbList","@id":"https:\/\/blog.ccc.eu\/sk\/medzinarodny-den-zien-historia-topanky-emancipacia\/#breadcrumb","itemListElement":[{"@type":"ListItem","position":1,"name":"Strona g\u0142\u00f3wna","item":"https:\/\/blog.ccc.eu\/sk\/"},{"@type":"ListItem","position":2,"name":"MD\u017d: Sviatok spojen\u00fd najm\u00e4 s emancip\u00e1ciou. Top\u00e1nky v\u0161ak v hist\u00f3rii zohr\u00e1vaj\u00fa prekvapivo d\u00f4le\u017eit\u00fa \u00falohu"}]},{"@type":"WebSite","@id":"https:\/\/blog.ccc.eu\/sk\/#website","url":"https:\/\/blog.ccc.eu\/sk\/","name":"blog.ccc.eu\/sk","description":"Va\u0161e miesto pln\u00e9 m\u00f3dnych in\u0161pir\u00e1ci\u00ed","publisher":{"@id":"https:\/\/blog.ccc.eu\/sk\/#organization"},"potentialAction":[{"@type":"SearchAction","target":{"@type":"EntryPoint","urlTemplate":"https:\/\/blog.ccc.eu\/sk\/?s={search_term_string}"},"query-input":{"@type":"PropertyValueSpecification","valueRequired":true,"valueName":"search_term_string"}}],"inLanguage":"sk-SK"},{"@type":"Organization","@id":"https:\/\/blog.ccc.eu\/sk\/#organization","name":"CCC S.A.","url":"https:\/\/blog.ccc.eu\/sk\/","logo":{"@type":"ImageObject","inLanguage":"sk-SK","@id":"https:\/\/blog.ccc.eu\/sk\/#\/schema\/logo\/image\/","url":"https:\/\/blog.ccc.eu\/sk\/wp-content\/uploads\/2021\/11\/logo_ccc.png","contentUrl":"https:\/\/blog.ccc.eu\/sk\/wp-content\/uploads\/2021\/11\/logo_ccc.png","width":730,"height":270,"caption":"CCC S.A."},"image":{"@id":"https:\/\/blog.ccc.eu\/sk\/#\/schema\/logo\/image\/"}},{"@type":"Person","@id":"https:\/\/blog.ccc.eu\/sk\/#\/schema\/person\/399beb3452b4976df83fb9268601a994","name":"Kaja","image":{"@type":"ImageObject","inLanguage":"sk-SK","@id":"https:\/\/blog.ccc.eu\/sk\/#\/schema\/person\/image\/","url":"https:\/\/blog.ccc.eu\/sk\/wp-content\/uploads\/2024\/06\/white-1-100x100.jpg","contentUrl":"https:\/\/blog.ccc.eu\/sk\/wp-content\/uploads\/2024\/06\/white-1-100x100.jpg","caption":"Kaja"},"description":"U\u017e od pubert\u00e1lnych \u010dias sa venuje pr\u00e1ci v m\u00e9di\u00e1ch a p\u00edsaniu. Z kon\u00ed\u010dka sa stalo \u017eivobytie, ktor\u00e9 jej z\u00e1rove\u0148 dalo dostatok slobody na to, aby mohla pomerne ve\u013ea cestova\u0165 a spozn\u00e1va\u0165 svet a rozli\u010dn\u00e9 kult\u00fary. Energiu jej dod\u00e1va \u010d\u00edtanie kn\u00edh, voda a hudba.","url":"https:\/\/blog.ccc.eu\/sk\/author\/perlamakovienka-sk\/"}]}},"_links":{"self":[{"href":"https:\/\/blog.ccc.eu\/sk\/wp-json\/wp\/v2\/posts\/9927","targetHints":{"allow":["GET"]}}],"collection":[{"href":"https:\/\/blog.ccc.eu\/sk\/wp-json\/wp\/v2\/posts"}],"about":[{"href":"https:\/\/blog.ccc.eu\/sk\/wp-json\/wp\/v2\/types\/post"}],"author":[{"embeddable":true,"href":"https:\/\/blog.ccc.eu\/sk\/wp-json\/wp\/v2\/users\/22"}],"replies":[{"embeddable":true,"href":"https:\/\/blog.ccc.eu\/sk\/wp-json\/wp\/v2\/comments?post=9927"}],"version-history":[{"count":4,"href":"https:\/\/blog.ccc.eu\/sk\/wp-json\/wp\/v2\/posts\/9927\/revisions"}],"predecessor-version":[{"id":9939,"href":"https:\/\/blog.ccc.eu\/sk\/wp-json\/wp\/v2\/posts\/9927\/revisions\/9939"}],"wp:featuredmedia":[{"embeddable":true,"href":"https:\/\/blog.ccc.eu\/sk\/wp-json\/wp\/v2\/media\/9928"}],"wp:attachment":[{"href":"https:\/\/blog.ccc.eu\/sk\/wp-json\/wp\/v2\/media?parent=9927"}],"wp:term":[{"taxonomy":"category","embeddable":true,"href":"https:\/\/blog.ccc.eu\/sk\/wp-json\/wp\/v2\/categories?post=9927"},{"taxonomy":"post_tag","embeddable":true,"href":"https:\/\/blog.ccc.eu\/sk\/wp-json\/wp\/v2\/tags?post=9927"}],"curies":[{"name":"wp","href":"https:\/\/api.w.org\/{rel}","templated":true}]}}